{"id":77113,"date":"2020-06-30T18:50:00","date_gmt":"2020-06-30T18:50:00","guid":{"rendered":"https:\/\/novaorg.cofb.net\/2020\/06\/30\/cloenda-de-la-xv-edicio-del-master-de-gestio-de-loficina-de-farmacia-mgof-quan-sha-necessitat-a-tots-els-professionals-en-el-sistema-sanitari-durant-la-covid-19-els-farmaceutics-han-est-2\/"},"modified":"2020-06-30T18:50:00","modified_gmt":"2020-06-30T18:50:00","slug":"cloenda-de-la-xv-edicio-del-master-de-gestio-de-loficina-de-farmacia-mgof-quan-sha-necessitat-a-tots-els-professionals-en-el-sistema-sanitari-durant-la-covid-19-els-farmaceutics-han-est-2","status":"publish","type":"post","link":"https:\/\/www.cofb.org\/ca\/2020\/06\/30\/cloenda-de-la-xv-edicio-del-master-de-gestio-de-loficina-de-farmacia-mgof-quan-sha-necessitat-a-tots-els-professionals-en-el-sistema-sanitari-durant-la-covid-19-els-farmaceutics-han-est-2\/","title":{"rendered":"Cloenda de la XV edici\u00f3 del M\u00e0ster de Gesti\u00f3 de l&#8217;Oficina de Farm\u00e0cia (MGOF): \u201cQuan s&#8217;ha necessitat a tots els professionals en el sistema sanitari durant la COVID-19, els farmac\u00e8utics han estat clau\u201d"},"content":{"rendered":"<p>\u00a0<\/p>\n<ul>\n<li>S\u00f3n declaracions de <strong>Jordi de Dalmases<\/strong>, president del COFB, en la clausura de la XV edici\u00f3 del MGOF<\/li>\n<li>Durant el seu discurs, De Dalmases es va referir al <strong>paper dels farmac\u00e8utics durant la crisi sanit\u00e0ria <\/strong>i a l&#8217;esfor\u00e7 d&#8217;aquests professionals, implicats en nombroses iniciatives durant la pand\u00e8mia<\/li>\n<\/ul>\n<p><em>Barcelona, 30 de juny de 2020<\/em>. El passat <strong>18 de juny<\/strong> va tenir lloc la clausura de la <strong>XV edici\u00f3 del M\u00e0ster de Gesti\u00f3 de l&#8217;Oficina de Farm\u00e0cia (MGOF) <\/strong>que, a causa de la crisi sanit\u00e0ria provocada per la COVID-19, s&#8217;ha hagut de celebrar virtualment, de la mateixa manera que s&#8217;ha impartit el M\u00e0ster des de mitjans del mes de mar\u00e7. La <strong>clausura <\/strong>va comptar amb la pres\u00e8ncia de <strong>Jordi de Dalmases<\/strong>, president del COFB; <strong>Aina Surroca<\/strong>, vocal de la Junta i responsable de la Comissi\u00f3 Delegada de Formaci\u00f3 Continuada; <strong>Joan Carles Serra<\/strong>, director del MGOF i <strong>Cristina Rodr\u00edguez<\/strong> i <strong>M\u00f2nica Gallach<\/strong>, coordinadores del M\u00e0ster i membres del Departament de Formaci\u00f3 i Desenvolupament Professional COFB.<\/p>\n<p><strong><u>El paper dels farmac\u00e8utics en la crisi sanit\u00e0ria<\/u><\/strong><\/p>\n<p>Precisament, la <strong>crisi sanit\u00e0ria ocasionada per la COVID-19<\/strong> va centrar la intervenci\u00f3 de Jordi de Dalmases. El president del COFB va destacar el paper que han dut a terme els farmac\u00e8utics dels diferents \u00e0mbits d&#8217;exercici de la professi\u00f3 durant la <strong>pand\u00e8mia<\/strong>: \u201cAmb la <strong>COVID-19<\/strong>, tot ha adquirit una <strong>velocitat impressionant<\/strong> i, quan s&#8217;ha necessitat a tots els professionals en el sistema sanitari, <strong>els farmac\u00e8utics han estat clau<\/strong>\u201d. I va afegir: \u201cTenia la sensaci\u00f3 que portava molt de temps <strong>definint idees i valors que tenia el farmac\u00e8utic com a professional<\/strong> i que tots anaven a parar en un sac trencat. No obstant aix\u00f2, arran d&#8217;aquesta crisi sanit\u00e0ria, m&#8217;he adonat que <strong>no hem predicat al desert<\/strong>, que realment el discurs calava\u201d.<\/p>\n<p>El president del Col\u00b7legi de Farmac\u00e8utics de Barcelona tamb\u00e9 va posar en valor que <strong>els farmac\u00e8utics han estat clau per a evitar visites als Centres d&#8217;Atenci\u00f3 Prim\u00e0ria,<\/strong> en un moment en el qual calia tractar d&#8217;impedir contagis: \u201cQuin \u00e8xit podia tenir la <strong>telemedicina<\/strong> si no es basava en el fet que hi hauria un <strong>farmac\u00e8utic que lliuraria el pla de medicaci\u00f3 a l&#8217;usuari<\/strong> i podria contemplar els dubtes en refer\u00e8ncia a l&#8217;\u00fas dels medicaments prescrits?\u201d, va plantejar.<\/p>\n<p>Seguint amb el <strong>paper dels farmac\u00e8utics en la crisi sanit\u00e0ria<\/strong>, el president del COFB es va referir als <strong>Hotels\/Salut<\/strong>, impulsats a Catalunya per a acollir <strong>pacients lleus de coronavirus<\/strong> que necessitaven un espai on recuperar-se o <strong>personal sanitari<\/strong>. \u201cAquest projecte ha posat en evid\u00e8ncia una cosa molt important, que \u00e9s la <strong>integraci\u00f3 del farmac\u00e8utic en els equips assistencials<\/strong>. En aquest sentit, quan la farm\u00e0cia comunit\u00e0ria s&#8217;ha fet c\u00e0rrec de <strong>la prestaci\u00f3 farmac\u00e8utica dels Hotels\/Salut<\/strong>, en col\u00b7laboraci\u00f3 amb la resta de professionals sanitaris implicats, <strong>l&#8217;experi\u00e8ncia global ha estat molt bona<\/strong>\u201d.<\/p>\n<p><strong><u>La import\u00e0ncia d&#8217;una formaci\u00f3 com el MGOF<\/u><\/strong><\/p>\n<p>De Dalmases va destacar que el <strong>M\u00e0ster de Gesti\u00f3 de l&#8217;Oficina de Farm\u00e0cia<\/strong> resulta <strong>molt \u00fatil<\/strong> per adquirir <strong>coneixements que despr\u00e9s s\u00f3n totalment aplicables a l&#8217;oficina de farm\u00e0cia<\/strong>. En la que \u00a0va ser la seva \u00faltima clausura com a president del Col\u00b7legi de Farmac\u00e8utics de Barcelona, va agrair als assistents que haguessin volgut cursar aquesta formaci\u00f3 especialitzada que ja porta quinze edicions impartint-se a Barcelona.<\/p>\n<p>Al seu torn, els alumnes del MGOF fan una <strong>valoraci\u00f3 molt positiva d&#8217;aquesta edici\u00f3 <\/strong>sobretot \u201cper la <strong>gran quantitat i varietat de recursos pr\u00e0ctics <\/strong>que ens han proporcionat diferents professionals per a portar <strong>de forma m\u00e9s conscient i eficient la gesti\u00f3 i direcci\u00f3 de l&#8217;oficina de farm\u00e0cia<\/strong>, juntament amb l&#8217;equip que la integra\u201d, explica Mariona Llebaria, una de les alumnes d&#8217;enguany.<\/p>\n<p>D&#8217;altra banda, Irene Rodr\u00edguez, una altra estudiant que ha cursat la XV edici\u00f3 del MGOF, destaca que \u201cha estat <strong>un m\u00e0ster molt complet<\/strong> en el qual he apr\u00e8s <strong>com gestionar una farm\u00e0cia<\/strong>. A m\u00e9s, m&#8217;ha donat l&#8217;oportunitat de con\u00e8ixer a gent amb els mateixos interessos i amb m\u00e9s coneixements, de la que <strong>he apr\u00e8s molt\u00edssim<\/strong>\u201d.<\/p>\n<p><strong><u>Quins objectius t\u00e9 el MGOF?<\/u><\/strong><\/p>\n<p>El <strong>M\u00e0ster de Gesti\u00f3 de l&#8217;Oficina de Farm\u00e0cia<\/strong>, pensat especialment per a <strong>farmac\u00e8utics comunitaris<\/strong>, es compon de <strong>3 blocs: Finances i fiscalitat, Gesti\u00f3 de les persones i M\u00e0rqueting<\/strong>. Per a fer-ho m\u00e9s accessible, els alumnes tenen l&#8217;opci\u00f3 de cursar-los per separat en funci\u00f3 dels seus interessos i disponibilitat.<\/p>\n<p>El MGOF t\u00e9 <strong>tres grans objectius<\/strong>. En primer lloc, <strong>con\u00e8ixer les diferents \u00e0rees funcionals i els processos de negoci de la farm\u00e0cia<\/strong>, aix\u00ed com proporcionar una <strong>visi\u00f3 global, generalista i integradora de la direcci\u00f3 i gesti\u00f3 d&#8217;empreses<\/strong>. En segon lloc, <strong>desenvolupar les capacitats directives per a liderar l&#8217;equip de col\u00b7laboradors<\/strong>. Tot aix\u00f2 amb la finalitat que, <strong>quan l&#8217;alumne acabi el m\u00e0ster, s\u00e0piga actuar com a responsable d&#8217;una empresa<\/strong>, amb unes caracter\u00edstiques que la regulen i la fan diferent de la resta, de la qual coneixer\u00e0 totes les funcions amb suficient fermesa per tal de gestionar-la de manera eficient.<\/p>\n<p>\u00a0S\u00f3n declaracions de Jordi de Dalmases, president del COFB, en la clausura de la XV edici\u00f3 del MGOF<br \/>\n\tDurant el seu discurs, De Dalmases es va referir al paper dels farmac\u00e8utics durant la crisi sanit\u00e0ria i a l&#8217;esfor\u00e7 d&#8217;aquests professionals, implicats en nombroses iniciatives durant la pand\u00e8mia<\/p>\n<p>Barcelona, 30 de juny de 2020. El passat 18 de juny va tenir lloc la clausura de la XV edici\u00f3 del M\u00e0ster de Gesti\u00f3 de l&#8217;Oficina de Farm\u00e0cia (MGOF) que, a causa de la crisi sanit\u00e0ria provocada per la COVID-19, s&#8217;ha hagut de celebrar virtualment, de la mateixa manera que s&#8217;ha impartit el M\u00e0ster des de mitjans del mes de mar\u00e7. La clausura va comptar amb la pres\u00e8ncia de Jordi de Dalmases, president del COFB; Aina Surroca, vocal de la Junta i responsable de la Comissi\u00f3 Delegada de Formaci\u00f3 Continuada; Joan Carles Serra, director del MGOF i Cristina Rodr\u00edguez i M\u00f2nica Gallach, coordinadores del M\u00e0ster i membres del Departament de Formaci\u00f3 i Desenvolupament Professional COFB.<\/p>\n<p>El paper dels farmac\u00e8utics en la crisi sanit\u00e0ria<\/p>\n<p>Precisament, la crisi sanit\u00e0ria ocasionada per la COVID-19 va centrar la intervenci\u00f3 de Jordi de Dalmases. El president del COFB va destacar el paper que han dut a terme els farmac\u00e8utics dels diferents \u00e0mbits d&#8217;exercici de la professi\u00f3 durant la pand\u00e8mia: \u201cAmb la COVID-19, tot ha adquirit una velocitat impressionant i, quan s&#8217;ha necessitat a tots els professionals en el sistema sanitari, els farmac\u00e8utics han estat clau\u201d. I va afegir: \u201cTenia la sensaci\u00f3 que portava molt de temps definint idees i valors que tenia el farmac\u00e8utic com a professional i que tots anaven a parar en un sac trencat. No obstant aix\u00f2, arran d&#8217;aquesta crisi sanit\u00e0ria, m&#8217;he adonat que no hem predicat al desert, que realment el discurs calava\u201d.<\/p>\n<p>El president del Col\u00b7legi de Farmac\u00e8utics de Barcelona tamb\u00e9 va posar en valor que els farmac\u00e8utics han estat clau per a evitar visites als Centres d&#8217;Atenci\u00f3 Prim\u00e0ria, en un moment en el qual calia tractar d&#8217;impedir contagis: \u201cQuin \u00e8xit podia tenir la telemedicina si no es basava en el fet que hi hauria un farmac\u00e8utic que lliuraria el pla de medicaci\u00f3 a l&#8217;usuari i podria contemplar els dubtes en refer\u00e8ncia a l&#8217;\u00fas dels medicaments prescrits?\u201d, va plantejar.<\/p>\n<p>Seguint amb el paper dels farmac\u00e8utics en la crisi sanit\u00e0ria, el president del COFB es va referir als Hotels\/Salut, impulsats a Catalunya per a acollir pacients lleus de coronavirus que necessitaven un espai on recuperar-se o personal sanitari. \u201cAquest projecte ha posat en evid\u00e8ncia una cosa molt important, que \u00e9s la integraci\u00f3 del farmac\u00e8utic en els equips assistencials. En aquest sentit, quan la farm\u00e0cia comunit\u00e0ria s&#8217;ha fet c\u00e0rrec de la prestaci\u00f3 farmac\u00e8utica dels Hotels\/Salut, en col\u00b7laboraci\u00f3 amb la resta de professionals sanitaris implicats, l&#8217;experi\u00e8ncia global ha estat molt bona\u201d.<\/p>\n<p>La import\u00e0ncia d&#8217;una formaci\u00f3 com el MGOF<\/p>\n<p>De Dalmases va destacar que el M\u00e0ster de Gesti\u00f3 de l&#8217;Oficina de Farm\u00e0cia resulta molt \u00fatil per adquirir coneixements que despr\u00e9s s\u00f3n totalment aplicables a l&#8217;oficina de farm\u00e0cia. En la que \u00a0va ser la seva \u00faltima clausura com a president del Col\u00b7legi de Farmac\u00e8utics de Barcelona, va agrair als assistents que haguessin volgut cursar aquesta formaci\u00f3 especialitzada que ja porta quinze edicions impartint-se a Barcelona.<\/p>\n<p>Al seu torn, els alumnes del MGOF fan una valoraci\u00f3 molt positiva d&#8217;aquesta edici\u00f3 sobretot \u201cper la gran quantitat i varietat de recursos pr\u00e0ctics que ens han proporcionat diferents professionals per a portar de forma m\u00e9s conscient i eficient la gesti\u00f3 i direcci\u00f3 de l&#8217;oficina de farm\u00e0cia, juntament amb l&#8217;equip que la integra\u201d, explica Mariona Llebaria, una de les alumnes d&#8217;enguany.<\/p>\n<p>D&#8217;altra banda, Irene Rodr\u00edguez, una altra estudiant que ha cursat la XV edici\u00f3 del MGOF, destaca que \u201cha estat un m\u00e0ster molt complet en el qual he apr\u00e8s com gestionar una farm\u00e0cia. A m\u00e9s, m&#8217;ha donat l&#8217;oportunitat de con\u00e8ixer a gent amb els mateixos interessos i amb m\u00e9s coneixements, de la que he apr\u00e8s molt\u00edssim\u201d.<\/p>\n<p>Quins objectius t\u00e9 el MGOF?<\/p>\n<p>El M\u00e0ster de Gesti\u00f3 de l&#8217;Oficina de Farm\u00e0cia, pensat especialment per a farmac\u00e8utics comunitaris, es compon de 3 blocs: Finances i fiscalitat, Gesti\u00f3 de les persones i M\u00e0rqueting. Per a fer-ho m\u00e9s accessible, els alumnes tenen l&#8217;opci\u00f3 de cursar-los per separat en funci\u00f3 dels seus interessos i disponibilitat.<\/p>\n<p>El MGOF t\u00e9 tres grans objectius. En primer lloc, con\u00e8ixer les diferents \u00e0rees funcionals i els processos de negoci de la farm\u00e0cia, aix\u00ed com proporcionar una visi\u00f3 global, generalista i integradora de la direcci\u00f3 i gesti\u00f3 d&#8217;empreses. En segon lloc, desenvolupar les capacitats directives per a liderar l&#8217;equip de col\u00b7laboradors. Tot aix\u00f2 amb la finalitat que, quan l&#8217;alumne acabi el m\u00e0ster, s\u00e0piga actuar com a responsable d&#8217;una empresa, amb unes caracter\u00edstiques que la regulen i la fan diferent de la resta, de la qual coneixer\u00e0 totes les funcions amb suficient fermesa per tal de gestionar-la de manera eficient.\u00a0\u00a0COFB.ORG<\/p>\n","protected":false},"excerpt":{"rendered":"<p>\u00a0 S\u00f3n declaracions de Jordi de Dalmases, president del COFB, en la clausura de la XV edici\u00f3 del MGOF Durant el seu discurs, De Dalmases es va referir al paper dels farmac\u00e8utics durant la crisi sanit\u00e0ria i a l&#8217;esfor\u00e7 d&#8217;aquests professionals, implicats en nombroses iniciatives durant la pand\u00e8mia Barcelona, 30 [&hellip;]<\/p>\n","protected":false},"author":1,"featured_media":0,"comment_status":"","ping_status":"","sticky":false,"template":"","format":"standard","meta":{"_uag_custom_page_level_css":"","site-sidebar-layout":"default","site-content-layout":"","ast-site-content-layout":"default","site-content-style":"default","site-sidebar-style":"default","ast-global-header-display":"","ast-banner-title-visibility":"","ast-main-header-display":"","ast-hfb-above-header-display":"","ast-hfb-below-header-display":"","ast-hfb-mobile-header-display":"","site-post-title":"","ast-breadcrumbs-content":"","ast-featured-img":"disabled","footer-sml-layout":"","theme-transparent-header-meta":"","adv-header-id-meta":"","stick-header-meta":"","header-above-stick-meta":"","header-main-stick-meta":"","header-below-stick-meta":"","astra-migrate-meta-layouts":"default","ast-page-background-enabled":"default","ast-page-background-meta":{"desktop":{"background-color":"var(--ast-global-color-4)","background-image":"","background-repeat":"repeat","background-position":"center center","background-size":"auto","background-attachment":"scroll","background-type":"","background-media":"","overlay-type":"","overlay-color":"","overlay-opacity":"","overlay-gradient":""},"tablet":{"background-color":"","background-image":"","background-repeat":"repeat","background-position":"center center","background-size":"auto","background-attachment":"scroll","background-type":"","background-media":"","overlay-type":"","overlay-color":"","overlay-opacity":"","overlay-gradient":""},"mobile":{"background-color":"","background-image":"","background-repeat":"repeat","background-position":"center center","background-size":"auto","background-attachment":"scroll","background-type":"","background-media":"","overlay-type":"","overlay-color":"","overlay-opacity":"","overlay-gradient":""}},"ast-content-background-meta":{"desktop":{"background-color":"var(--ast-global-color-5)","background-image":"","background-repeat":"repeat","background-position":"center center","background-size":"auto","background-attachment":"scroll","background-type":"","background-media":"","overlay-type":"","overlay-color":"","overlay-opacity":"","overlay-gradient":""},"tablet":{"background-color":"var(--ast-global-color-5)","background-image":"","background-repeat":"repeat","background-position":"center center","background-size":"auto","background-attachment":"scroll","background-type":"","background-media":"","overlay-type":"","overlay-color":"","overlay-opacity":"","overlay-gradient":""},"mobile":{"background-color":"var(--ast-global-color-5)","background-image":"","background-repeat":"repeat","background-position":"center center","background-size":"auto","background-attachment":"scroll","background-type":"","background-media":"","overlay-type":"","overlay-color":"","overlay-opacity":"","overlay-gradient":""}},"footnotes":""},"categories":[1060,1066],"tags":[],"class_list":["post-77113","post","type-post","status-publish","format-standard","hentry","category-notes-premsa","category-sense-categoria-ca"],"yoast_head":"<!-- This site is optimized with the Yoast SEO plugin v22.4 - https:\/\/yoast.com\/wordpress\/plugins\/seo\/ -->\n<title>Cloenda de la XV edici\u00f3 del M\u00e0ster de Gesti\u00f3 de l&#039;Oficina de Farm\u00e0cia (MGOF): \u201cQuan s&#039;ha necessitat a tots els professionals en el sistema sanitari durant la COVID-19, els farmac\u00e8utics han estat clau\u201d - Col\u00b7legi de Farmac\u00e8utics de Barcelona<\/title>\n<meta name=\"robots\" content=\"index, follow, max-snippet:-1, max-image-preview:large, max-video-preview:-1\" \/>\n<link rel=\"canonical\" href=\"https:\/\/novaorg.cofb.net\/2020\/06\/30\/cloenda-de-la-xv-edicio-del-master-de-gestio-de-loficina-de-farmacia-mgof-quan-sha-necessitat-a-tots-els-professionals-en-el-sistema-sanitari-durant-la-covid-19-els-farmaceutics-han-est-2\/\" \/>\n<meta property=\"og:locale\" content=\"ca_ES\" \/>\n<meta property=\"og:type\" content=\"article\" \/>\n<meta property=\"og:title\" content=\"Cloenda de la XV edici\u00f3 del M\u00e0ster de Gesti\u00f3 de l&#039;Oficina de Farm\u00e0cia (MGOF): \u201cQuan s&#039;ha necessitat a tots els professionals en el sistema sanitari durant la COVID-19, els farmac\u00e8utics han estat clau\u201d - Col\u00b7legi de Farmac\u00e8utics de Barcelona\" \/>\n<meta property=\"og:description\" content=\"\u00a0 S\u00f3n declaracions de Jordi de Dalmases, president del COFB, en la clausura de la XV edici\u00f3 del MGOF Durant el seu discurs, De Dalmases es va referir al paper dels farmac\u00e8utics durant la crisi sanit\u00e0ria i a l&#8217;esfor\u00e7 d&#8217;aquests professionals, implicats en nombroses iniciatives durant la pand\u00e8mia Barcelona, 30 [&hellip;]\" \/>\n<meta property=\"og:url\" content=\"https:\/\/novaorg.cofb.net\/2020\/06\/30\/cloenda-de-la-xv-edicio-del-master-de-gestio-de-loficina-de-farmacia-mgof-quan-sha-necessitat-a-tots-els-professionals-en-el-sistema-sanitari-durant-la-covid-19-els-farmaceutics-han-est-2\/\" \/>\n<meta property=\"og:site_name\" content=\"Col\u00b7legi de Farmac\u00e8utics de Barcelona\" \/>\n<meta property=\"article:publisher\" content=\"https:\/\/www.facebook.com\/farmaceuticsbcn\/\" \/>\n<meta property=\"article:published_time\" content=\"2020-06-30T18:50:00+00:00\" \/>\n<meta name=\"author\" content=\"wpAdminCofbOrg\" \/>\n<meta name=\"twitter:card\" content=\"summary_large_image\" \/>\n<meta name=\"twitter:creator\" content=\"@farmaceuticsbcn\" \/>\n<meta name=\"twitter:site\" content=\"@farmaceuticsbcn\" \/>\n<meta name=\"twitter:label1\" content=\"Escrit per\" \/>\n\t<meta name=\"twitter:data1\" content=\"wpAdminCofbOrg\" \/>\n\t<meta name=\"twitter:label2\" content=\"Temps estimat de lectura\" \/>\n\t<meta name=\"twitter:data2\" content=\"9 minuts\" \/>\n<script type=\"application\/ld+json\" class=\"yoast-schema-graph\">{\"@context\":\"https:\/\/schema.org\",\"@graph\":[{\"@type\":\"Article\",\"@id\":\"https:\/\/novaorg.cofb.net\/2020\/06\/30\/cloenda-de-la-xv-edicio-del-master-de-gestio-de-loficina-de-farmacia-mgof-quan-sha-necessitat-a-tots-els-professionals-en-el-sistema-sanitari-durant-la-covid-19-els-farmaceutics-han-est-2\/#article\",\"isPartOf\":{\"@id\":\"https:\/\/novaorg.cofb.net\/2020\/06\/30\/cloenda-de-la-xv-edicio-del-master-de-gestio-de-loficina-de-farmacia-mgof-quan-sha-necessitat-a-tots-els-professionals-en-el-sistema-sanitari-durant-la-covid-19-els-farmaceutics-han-est-2\/\"},\"author\":{\"name\":\"wpAdminCofbOrg\",\"@id\":\"https:\/\/www.cofb.org\/#\/schema\/person\/22ed7eea88da74b0fa4d3154ad87ffcb\"},\"headline\":\"Cloenda de la XV edici\u00f3 del M\u00e0ster de Gesti\u00f3 de l&#8217;Oficina de Farm\u00e0cia (MGOF): \u201cQuan s&#8217;ha necessitat a tots els professionals en el sistema sanitari durant la COVID-19, els farmac\u00e8utics han estat clau\u201d\",\"datePublished\":\"2020-06-30T18:50:00+00:00\",\"dateModified\":\"2020-06-30T18:50:00+00:00\",\"mainEntityOfPage\":{\"@id\":\"https:\/\/novaorg.cofb.net\/2020\/06\/30\/cloenda-de-la-xv-edicio-del-master-de-gestio-de-loficina-de-farmacia-mgof-quan-sha-necessitat-a-tots-els-professionals-en-el-sistema-sanitari-durant-la-covid-19-els-farmaceutics-han-est-2\/\"},\"wordCount\":1820,\"publisher\":{\"@id\":\"https:\/\/www.cofb.org\/#organization\"},\"articleSection\":[\"Notes de premsa\"],\"inLanguage\":\"ca\"},{\"@type\":\"WebPage\",\"@id\":\"https:\/\/novaorg.cofb.net\/2020\/06\/30\/cloenda-de-la-xv-edicio-del-master-de-gestio-de-loficina-de-farmacia-mgof-quan-sha-necessitat-a-tots-els-professionals-en-el-sistema-sanitari-durant-la-covid-19-els-farmaceutics-han-est-2\/\",\"url\":\"https:\/\/novaorg.cofb.net\/2020\/06\/30\/cloenda-de-la-xv-edicio-del-master-de-gestio-de-loficina-de-farmacia-mgof-quan-sha-necessitat-a-tots-els-professionals-en-el-sistema-sanitari-durant-la-covid-19-els-farmaceutics-han-est-2\/\",\"name\":\"Cloenda de la XV edici\u00f3 del M\u00e0ster de Gesti\u00f3 de l'Oficina de Farm\u00e0cia (MGOF): \u201cQuan s'ha necessitat a tots els professionals en el sistema sanitari durant la COVID-19, els farmac\u00e8utics han estat clau\u201d - Col\u00b7legi de Farmac\u00e8utics de Barcelona\",\"isPartOf\":{\"@id\":\"https:\/\/www.cofb.org\/#website\"},\"datePublished\":\"2020-06-30T18:50:00+00:00\",\"dateModified\":\"2020-06-30T18:50:00+00:00\",\"breadcrumb\":{\"@id\":\"https:\/\/novaorg.cofb.net\/2020\/06\/30\/cloenda-de-la-xv-edicio-del-master-de-gestio-de-loficina-de-farmacia-mgof-quan-sha-necessitat-a-tots-els-professionals-en-el-sistema-sanitari-durant-la-covid-19-els-farmaceutics-han-est-2\/#breadcrumb\"},\"inLanguage\":\"ca\",\"potentialAction\":[{\"@type\":\"ReadAction\",\"target\":[\"https:\/\/novaorg.cofb.net\/2020\/06\/30\/cloenda-de-la-xv-edicio-del-master-de-gestio-de-loficina-de-farmacia-mgof-quan-sha-necessitat-a-tots-els-professionals-en-el-sistema-sanitari-durant-la-covid-19-els-farmaceutics-han-est-2\/\"]}]},{\"@type\":\"BreadcrumbList\",\"@id\":\"https:\/\/novaorg.cofb.net\/2020\/06\/30\/cloenda-de-la-xv-edicio-del-master-de-gestio-de-loficina-de-farmacia-mgof-quan-sha-necessitat-a-tots-els-professionals-en-el-sistema-sanitari-durant-la-covid-19-els-farmaceutics-han-est-2\/#breadcrumb\",\"itemListElement\":[{\"@type\":\"ListItem\",\"position\":1,\"name\":\"Inici\",\"item\":\"https:\/\/novaorg.cofb.net\/\"},{\"@type\":\"ListItem\",\"position\":2,\"name\":\"Cloenda de la XV edici\u00f3 del M\u00e0ster de Gesti\u00f3 de l&#8217;Oficina de Farm\u00e0cia (MGOF): \u201cQuan s&#8217;ha necessitat a tots els professionals en el sistema sanitari durant la COVID-19, els farmac\u00e8utics han estat clau\u201d\"}]},{\"@type\":\"WebSite\",\"@id\":\"https:\/\/www.cofb.org\/#website\",\"url\":\"https:\/\/www.cofb.org\/\",\"name\":\"Col\u00b7legi de Farmac\u00e8utics de Barcelona\",\"description\":\"\",\"publisher\":{\"@id\":\"https:\/\/www.cofb.org\/#organization\"},\"potentialAction\":[{\"@type\":\"SearchAction\",\"target\":{\"@type\":\"EntryPoint\",\"urlTemplate\":\"https:\/\/www.cofb.org\/?s={search_term_string}\"},\"query-input\":\"required name=search_term_string\"}],\"inLanguage\":\"ca\"},{\"@type\":\"Organization\",\"@id\":\"https:\/\/www.cofb.org\/#organization\",\"name\":\"Col\u00b7legi de Farmac\u00e8utics de Barcelona\",\"url\":\"https:\/\/www.cofb.org\/\",\"logo\":{\"@type\":\"ImageObject\",\"inLanguage\":\"ca\",\"@id\":\"https:\/\/www.cofb.org\/#\/schema\/logo\/image\/\",\"url\":\"https:\/\/www.cofb.org\/wp-content\/uploads\/2023\/11\/cropped-Logotip-COFB.png\",\"contentUrl\":\"https:\/\/www.cofb.org\/wp-content\/uploads\/2023\/11\/cropped-Logotip-COFB.png\",\"width\":500,\"height\":105,\"caption\":\"Col\u00b7legi de Farmac\u00e8utics de Barcelona\"},\"image\":{\"@id\":\"https:\/\/www.cofb.org\/#\/schema\/logo\/image\/\"},\"sameAs\":[\"https:\/\/www.facebook.com\/farmaceuticsbcn\/\",\"https:\/\/twitter.com\/farmaceuticsbcn\",\"https:\/\/www.instagram.com\/farmaceuticsbcn\/\",\"https:\/\/www.linkedin.com\/company\/farmaceuticsbcn\/\"]},{\"@type\":\"Person\",\"@id\":\"https:\/\/www.cofb.org\/#\/schema\/person\/22ed7eea88da74b0fa4d3154ad87ffcb\",\"name\":\"wpAdminCofbOrg\",\"image\":{\"@type\":\"ImageObject\",\"inLanguage\":\"ca\",\"@id\":\"https:\/\/www.cofb.org\/#\/schema\/person\/image\/\",\"url\":\"https:\/\/secure.gravatar.com\/avatar\/1721b20b3b8ca882c3b56ec6c978c594fff670e40c0718e9190eaeeb76aae7d8?s=96&d=mm&r=g\",\"contentUrl\":\"https:\/\/secure.gravatar.com\/avatar\/1721b20b3b8ca882c3b56ec6c978c594fff670e40c0718e9190eaeeb76aae7d8?s=96&d=mm&r=g\",\"caption\":\"wpAdminCofbOrg\"},\"sameAs\":[\"http:\/\/192.168.64.122\/wordpress\"],\"url\":\"https:\/\/www.cofb.org\/ca\/author\/wpadmincofborg\/\"}]}<\/script>\n<!-- \/ Yoast SEO plugin. -->","yoast_head_json":{"title":"Cloenda de la XV edici\u00f3 del M\u00e0ster de Gesti\u00f3 de l'Oficina de Farm\u00e0cia (MGOF): \u201cQuan s'ha necessitat a tots els professionals en el sistema sanitari durant la COVID-19, els farmac\u00e8utics han estat clau\u201d - Col\u00b7legi de Farmac\u00e8utics de Barcelona","robots":{"index":"index","follow":"follow","max-snippet":"max-snippet:-1","max-image-preview":"max-image-preview:large","max-video-preview":"max-video-preview:-1"},"canonical":"https:\/\/novaorg.cofb.net\/2020\/06\/30\/cloenda-de-la-xv-edicio-del-master-de-gestio-de-loficina-de-farmacia-mgof-quan-sha-necessitat-a-tots-els-professionals-en-el-sistema-sanitari-durant-la-covid-19-els-farmaceutics-han-est-2\/","og_locale":"ca_ES","og_type":"article","og_title":"Cloenda de la XV edici\u00f3 del M\u00e0ster de Gesti\u00f3 de l'Oficina de Farm\u00e0cia (MGOF): \u201cQuan s'ha necessitat a tots els professionals en el sistema sanitari durant la COVID-19, els farmac\u00e8utics han estat clau\u201d - Col\u00b7legi de Farmac\u00e8utics de Barcelona","og_description":"\u00a0 S\u00f3n declaracions de Jordi de Dalmases, president del COFB, en la clausura de la XV edici\u00f3 del MGOF Durant el seu discurs, De Dalmases es va referir al paper dels farmac\u00e8utics durant la crisi sanit\u00e0ria i a l&#8217;esfor\u00e7 d&#8217;aquests professionals, implicats en nombroses iniciatives durant la pand\u00e8mia Barcelona, 30 [&hellip;]","og_url":"https:\/\/novaorg.cofb.net\/2020\/06\/30\/cloenda-de-la-xv-edicio-del-master-de-gestio-de-loficina-de-farmacia-mgof-quan-sha-necessitat-a-tots-els-professionals-en-el-sistema-sanitari-durant-la-covid-19-els-farmaceutics-han-est-2\/","og_site_name":"Col\u00b7legi de Farmac\u00e8utics de Barcelona","article_publisher":"https:\/\/www.facebook.com\/farmaceuticsbcn\/","article_published_time":"2020-06-30T18:50:00+00:00","author":"wpAdminCofbOrg","twitter_card":"summary_large_image","twitter_creator":"@farmaceuticsbcn","twitter_site":"@farmaceuticsbcn","twitter_misc":{"Escrit per":"wpAdminCofbOrg","Temps estimat de lectura":"9 minuts"},"schema":{"@context":"https:\/\/schema.org","@graph":[{"@type":"Article","@id":"https:\/\/novaorg.cofb.net\/2020\/06\/30\/cloenda-de-la-xv-edicio-del-master-de-gestio-de-loficina-de-farmacia-mgof-quan-sha-necessitat-a-tots-els-professionals-en-el-sistema-sanitari-durant-la-covid-19-els-farmaceutics-han-est-2\/#article","isPartOf":{"@id":"https:\/\/novaorg.cofb.net\/2020\/06\/30\/cloenda-de-la-xv-edicio-del-master-de-gestio-de-loficina-de-farmacia-mgof-quan-sha-necessitat-a-tots-els-professionals-en-el-sistema-sanitari-durant-la-covid-19-els-farmaceutics-han-est-2\/"},"author":{"name":"wpAdminCofbOrg","@id":"https:\/\/www.cofb.org\/#\/schema\/person\/22ed7eea88da74b0fa4d3154ad87ffcb"},"headline":"Cloenda de la XV edici\u00f3 del M\u00e0ster de Gesti\u00f3 de l&#8217;Oficina de Farm\u00e0cia (MGOF): \u201cQuan s&#8217;ha necessitat a tots els professionals en el sistema sanitari durant la COVID-19, els farmac\u00e8utics han estat clau\u201d","datePublished":"2020-06-30T18:50:00+00:00","dateModified":"2020-06-30T18:50:00+00:00","mainEntityOfPage":{"@id":"https:\/\/novaorg.cofb.net\/2020\/06\/30\/cloenda-de-la-xv-edicio-del-master-de-gestio-de-loficina-de-farmacia-mgof-quan-sha-necessitat-a-tots-els-professionals-en-el-sistema-sanitari-durant-la-covid-19-els-farmaceutics-han-est-2\/"},"wordCount":1820,"publisher":{"@id":"https:\/\/www.cofb.org\/#organization"},"articleSection":["Notes de premsa"],"inLanguage":"ca"},{"@type":"WebPage","@id":"https:\/\/novaorg.cofb.net\/2020\/06\/30\/cloenda-de-la-xv-edicio-del-master-de-gestio-de-loficina-de-farmacia-mgof-quan-sha-necessitat-a-tots-els-professionals-en-el-sistema-sanitari-durant-la-covid-19-els-farmaceutics-han-est-2\/","url":"https:\/\/novaorg.cofb.net\/2020\/06\/30\/cloenda-de-la-xv-edicio-del-master-de-gestio-de-loficina-de-farmacia-mgof-quan-sha-necessitat-a-tots-els-professionals-en-el-sistema-sanitari-durant-la-covid-19-els-farmaceutics-han-est-2\/","name":"Cloenda de la XV edici\u00f3 del M\u00e0ster de Gesti\u00f3 de l'Oficina de Farm\u00e0cia (MGOF): \u201cQuan s'ha necessitat a tots els professionals en el sistema sanitari durant la COVID-19, els farmac\u00e8utics han estat clau\u201d - Col\u00b7legi de Farmac\u00e8utics de Barcelona","isPartOf":{"@id":"https:\/\/www.cofb.org\/#website"},"datePublished":"2020-06-30T18:50:00+00:00","dateModified":"2020-06-30T18:50:00+00:00","breadcrumb":{"@id":"https:\/\/novaorg.cofb.net\/2020\/06\/30\/cloenda-de-la-xv-edicio-del-master-de-gestio-de-loficina-de-farmacia-mgof-quan-sha-necessitat-a-tots-els-professionals-en-el-sistema-sanitari-durant-la-covid-19-els-farmaceutics-han-est-2\/#breadcrumb"},"inLanguage":"ca","potentialAction":[{"@type":"ReadAction","target":["https:\/\/novaorg.cofb.net\/2020\/06\/30\/cloenda-de-la-xv-edicio-del-master-de-gestio-de-loficina-de-farmacia-mgof-quan-sha-necessitat-a-tots-els-professionals-en-el-sistema-sanitari-durant-la-covid-19-els-farmaceutics-han-est-2\/"]}]},{"@type":"BreadcrumbList","@id":"https:\/\/novaorg.cofb.net\/2020\/06\/30\/cloenda-de-la-xv-edicio-del-master-de-gestio-de-loficina-de-farmacia-mgof-quan-sha-necessitat-a-tots-els-professionals-en-el-sistema-sanitari-durant-la-covid-19-els-farmaceutics-han-est-2\/#breadcrumb","itemListElement":[{"@type":"ListItem","position":1,"name":"Inici","item":"https:\/\/novaorg.cofb.net\/"},{"@type":"ListItem","position":2,"name":"Cloenda de la XV edici\u00f3 del M\u00e0ster de Gesti\u00f3 de l&#8217;Oficina de Farm\u00e0cia (MGOF): \u201cQuan s&#8217;ha necessitat a tots els professionals en el sistema sanitari durant la COVID-19, els farmac\u00e8utics han estat clau\u201d"}]},{"@type":"WebSite","@id":"https:\/\/www.cofb.org\/#website","url":"https:\/\/www.cofb.org\/","name":"Col\u00b7legi de Farmac\u00e8utics de Barcelona","description":"","publisher":{"@id":"https:\/\/www.cofb.org\/#organization"},"potentialAction":[{"@type":"SearchAction","target":{"@type":"EntryPoint","urlTemplate":"https:\/\/www.cofb.org\/?s={search_term_string}"},"query-input":"required name=search_term_string"}],"inLanguage":"ca"},{"@type":"Organization","@id":"https:\/\/www.cofb.org\/#organization","name":"Col\u00b7legi de Farmac\u00e8utics de Barcelona","url":"https:\/\/www.cofb.org\/","logo":{"@type":"ImageObject","inLanguage":"ca","@id":"https:\/\/www.cofb.org\/#\/schema\/logo\/image\/","url":"https:\/\/www.cofb.org\/wp-content\/uploads\/2023\/11\/cropped-Logotip-COFB.png","contentUrl":"https:\/\/www.cofb.org\/wp-content\/uploads\/2023\/11\/cropped-Logotip-COFB.png","width":500,"height":105,"caption":"Col\u00b7legi de Farmac\u00e8utics de Barcelona"},"image":{"@id":"https:\/\/www.cofb.org\/#\/schema\/logo\/image\/"},"sameAs":["https:\/\/www.facebook.com\/farmaceuticsbcn\/","https:\/\/twitter.com\/farmaceuticsbcn","https:\/\/www.instagram.com\/farmaceuticsbcn\/","https:\/\/www.linkedin.com\/company\/farmaceuticsbcn\/"]},{"@type":"Person","@id":"https:\/\/www.cofb.org\/#\/schema\/person\/22ed7eea88da74b0fa4d3154ad87ffcb","name":"wpAdminCofbOrg","image":{"@type":"ImageObject","inLanguage":"ca","@id":"https:\/\/www.cofb.org\/#\/schema\/person\/image\/","url":"https:\/\/secure.gravatar.com\/avatar\/1721b20b3b8ca882c3b56ec6c978c594fff670e40c0718e9190eaeeb76aae7d8?s=96&d=mm&r=g","contentUrl":"https:\/\/secure.gravatar.com\/avatar\/1721b20b3b8ca882c3b56ec6c978c594fff670e40c0718e9190eaeeb76aae7d8?s=96&d=mm&r=g","caption":"wpAdminCofbOrg"},"sameAs":["http:\/\/192.168.64.122\/wordpress"],"url":"https:\/\/www.cofb.org\/ca\/author\/wpadmincofborg\/"}]}},"uagb_featured_image_src":{"full":false,"thumbnail":false,"medium":false,"medium_large":false,"large":false,"1536x1536":false,"2048x2048":false,"trp-custom-language-flag":false},"uagb_author_info":{"display_name":"wpAdminCofbOrg","author_link":"https:\/\/www.cofb.org\/ca\/author\/wpadmincofborg\/"},"uagb_comment_info":0,"uagb_excerpt":"\u00a0 S\u00f3n declaracions de Jordi de Dalmases, president del COFB, en la clausura de la XV edici\u00f3 del MGOF Durant el seu discurs, De Dalmases es va referir al paper dels farmac\u00e8utics durant la crisi sanit\u00e0ria i a l&#8217;esfor\u00e7 d&#8217;aquests professionals, implicats en nombroses iniciatives durant la pand\u00e8mia Barcelona, 30 [&hellip;]","_links":{"self":[{"href":"https:\/\/www.cofb.org\/ca\/wp-json\/wp\/v2\/posts\/77113","targetHints":{"allow":["GET"]}}],"collection":[{"href":"https:\/\/www.cofb.org\/ca\/wp-json\/wp\/v2\/posts"}],"about":[{"href":"https:\/\/www.cofb.org\/ca\/wp-json\/wp\/v2\/types\/post"}],"author":[{"embeddable":true,"href":"https:\/\/www.cofb.org\/ca\/wp-json\/wp\/v2\/users\/1"}],"replies":[{"embeddable":true,"href":"https:\/\/www.cofb.org\/ca\/wp-json\/wp\/v2\/comments?post=77113"}],"version-history":[{"count":0,"href":"https:\/\/www.cofb.org\/ca\/wp-json\/wp\/v2\/posts\/77113\/revisions"}],"wp:attachment":[{"href":"https:\/\/www.cofb.org\/ca\/wp-json\/wp\/v2\/media?parent=77113"}],"wp:term":[{"taxonomy":"category","embeddable":true,"href":"https:\/\/www.cofb.org\/ca\/wp-json\/wp\/v2\/categories?post=77113"},{"taxonomy":"post_tag","embeddable":true,"href":"https:\/\/www.cofb.org\/ca\/wp-json\/wp\/v2\/tags?post=77113"}],"curies":[{"name":"wp","href":"https:\/\/api.w.org\/{rel}","templated":true}]}}