{"id":77110,"date":"2020-07-02T15:19:00","date_gmt":"2020-07-02T15:19:00","guid":{"rendered":"https:\/\/novaorg.cofb.net\/2020\/07\/02\/jordi-casas-sanchez-escollit-president-del-collegi-de-farmaceutics-de-barcelona-per-al-mandat-2020-2024\/"},"modified":"2020-07-02T15:19:00","modified_gmt":"2020-07-02T15:19:00","slug":"jordi-casas-sanchez-escollit-president-del-collegi-de-farmaceutics-de-barcelona-per-al-mandat-2020-2024","status":"publish","type":"post","link":"https:\/\/www.cofb.org\/ca\/2020\/07\/02\/jordi-casas-sanchez-escollit-president-del-collegi-de-farmaceutics-de-barcelona-per-al-mandat-2020-2024\/","title":{"rendered":"Jordi Casas S\u00e1nchez, escollit president del Col\u00b7legi de Farmac\u00e8utics de Barcelona per al mandat 2020-2024"},"content":{"rendered":"<p>\u00a0<\/p>\n<ul>\n<li>La instituci\u00f3 renovar\u00e0 la seva Junta de Govern amb 10 noves incorporacions provinents dels diferents \u00e0mbits d\u2019exercici de la professi\u00f3<\/li>\n<\/ul>\n<p><em>Barcelona, 2 de juliol de 2020. <\/em>El <strong>Col\u00b7legi de Farmac\u00e8utics de Barcelona (COFB)<\/strong> ha donat per tancat avui el seu proc\u00e9s electoral amb la proclamaci\u00f3 de la <strong>candidatura encap\u00e7alada per Jordi Casas S\u00e1nchez com a electa, <\/strong>despr\u00e9s que no es presentessin candidatures alternatives. La nova Junta de Govern, amb un total de<strong> 20 membres,<\/strong> comptar\u00e0 amb <strong>10 noves incorporacions <\/strong>provinents dels <strong>diferents \u00e0mbits d\u2019exercici de la professi\u00f3. N\u00faria Bosch <\/strong>es mant\u00e9 com a vicepresidenta i <strong>Aina Surroca,<\/strong> que en l\u2019anterior mandat va ser vocal de n\u00famero i responsable de la Comissi\u00f3 Delegada de Formaci\u00f3 Continuada, assumeix la <strong>Secretaria<\/strong>. L\u2019<strong>equip econ\u00f2mic <\/strong>de la nova Junta de Govern es completa amb les incorporacions de <strong>Miquel Recasens,<\/strong> a la tresoreria, i de <strong>Marta Gento<\/strong>, a la vicetresoreria.<\/p>\n<p><u><strong>\u201cEl prop\u00f2sit del COFB \u00e9s, i continuar\u00e0 sent, impulsar professionalment els farmac\u00e8utics i farmac\u00e8utiques de tots els \u00e0mbits d\u2019exercici com a agents de salut\u201d<\/strong><\/u><\/p>\n<p>Jordi de Dalmases, que ha estat 12 anys al capdavant del Col\u00b7legi de Farmac\u00e8utics de Barcelona,\u00a0 deixa el c\u00e0rrec \u201camb la <strong>m\u00e0xima confian\u00e7a<\/strong> dipositada en aquesta nova Junta, que seguir\u00e0\u00a0<strong> apostant per la professi\u00f3 i dotant-la de tot el contingut possible\u201d.<\/strong> De Dalmases es mostra \u201cmolt satisfet d\u2019haver aconseguit <strong>grans reptes al llarg d\u2019aquests tres mandats. <\/strong>Reptes que passen per la consolidaci\u00f3 i aplicaci\u00f3 de serveis professionals com el Programa de Detecci\u00f3 Preco\u00e7 del C\u00e0ncer de C\u00f2lon i Recte que, amb la incorporaci\u00f3 de la farm\u00e0cia, ha aconseguit incrementar la taxa de participaci\u00f3 de forma molt notable\u201d. I afegeix: \u201cEl prop\u00f2sit del COFB \u00e9s, i continuar\u00e0 sent,<strong> impulsar professionalment els farmac\u00e8utics i farmac\u00e8utiques de tots els \u00e0mbits d\u2019exercici com a agents de salut\u201d.<\/strong><\/p>\n<p><u><strong>\u201cCal seguir treballant per promoure el desenvolupament professional i aportar solucions, des de la farm\u00e0cia, a les necessitats que tindr\u00e0 la societat en les pr\u00f2ximes d\u00e8cades\u201d<\/strong><\/u><\/p>\n<p>D\u2019altra banda, Jordi Casas es mostra <strong>\u201cil\u00b7lusionat d\u2019encap\u00e7alar aquest nou repte, amb una Junta que representa un relleu generacional, i de continuar construint un Col\u00b7legi per a tots els farmac\u00e8utics i farmac\u00e8utiques\u201d<\/strong>. <strong>\u201cCal seguir treballant per promoure el desenvolupament professional i aportar solucions, des de la farm\u00e0cia, als problemes i necessitats que tindr\u00e0 la societat en les pr\u00f2ximes d\u00e8cades, com l\u2019envelliment de la poblaci\u00f3 i la depend\u00e8ncia\u201d, <\/strong>assenyala Casas.<\/p>\n<p>Jordi Casas, doctor en Farm\u00e0cia per la Universitat de Barcelona, ha estat secretari del COFB en els darrers quatre anys i, anteriorment, del 2012 al 2016, va ocupar el c\u00e0rrec de vicetresorer. Casas actualment \u00e9s titular d\u2019oficina de farm\u00e0cia (des del 2009), tamb\u00e9 \u00e9s professor associat de la Unitat de Coordinaci\u00f3 Docent d\u2019Estades en Pr\u00e0ctiques Tutelades a la Universitat de Barcelona (des del 2010) i, pr\u00e8viament, havia treballat com a cient\u00edfic investigador al Departament d\u2019I+D de P&amp;G d\u2019Alemanya (2004\u20142008), a m\u00e9s de realitzar un stage en Farm\u00e0cia Hospital\u00e0ria a l&#8217;H\u00f4pital Piti\u00e9- Salp\u00eatri\u00e8re de Fran\u00e7a (2002).<\/p>\n<p><u><strong>10 noves incorporacions provinents dels diferents \u00e0mbits d\u2019exercici de la professi\u00f3<\/strong><\/u><\/p>\n<p>La nova Junta, proclamada electa avui, <strong>2 de juliol,<\/strong> presenta <strong>10 noves incorporacions.<\/strong> A banda dels canvis en la <strong>tresoreria <\/strong>i la <strong>vicetresoreria<\/strong>, tamb\u00e9 n\u2019hi ha a la <strong>vocalia d\u2019An\u00e0lisi<\/strong>, que ocupar\u00e0 <strong>Xavier Tejedor<\/strong>; a la <strong>vocalia de Distribuci\u00f3,<\/strong> que encap\u00e7alar\u00e0 <strong>M\u00aa Vict\u00f2ria Mart\u00ednez<\/strong> o a la <strong>vocalia d\u2019Hospitals,<\/strong> que assumir\u00e0 <strong>David Conde. <\/strong>Aix\u00ed mateix, Meritxell Cort\u00e9s s\u2019incorpora com a vocal d\u2019Ind\u00fastria; M\u00aa Rosa Ballester, com a vocal d\u2019Investigaci\u00f3 i Doc\u00e8ncia; Elena Palau, com a vocal d\u2019Ortop\u00e8dia; i Marta Roig i Laura Gom\u00e0, com a vocals de n\u00famero.<\/p>\n<p>D\u2019altra banda, Anna Bach-Faig continuar\u00e0 sent vocal d\u2019Alimentaci\u00f3 i Nutrici\u00f3; Marta Alcalde seguir\u00e0 al capdavant de la vocalia de Dermofarm\u00e0cia i Productes Sanitaris; Josep Allu\u00e9 es mant\u00e9 com a vocal de Plantes Medicinals i Homeopatia; Roser Vall\u00e8s, com a vocal d\u2019Atenci\u00f3 Prim\u00e0ria, i N\u00faria Oliva, com a vocal de Salut P\u00fablica. Tamb\u00e9 segueixen formant part de la Junta Guillermo Bagar\u00eda, que passa de vicetresorer a vocal d\u2019Oficina de Farm\u00e0cia, i Montserrat Giron\u00e8s, que en l\u2019anterior Junta era vocal d\u2019Ortop\u00e8dia i en aquest nou mandat ser\u00e0 vocal de n\u00famero. La relaci\u00f3 completa dels c\u00e0rrecs dels membres de la nova Junta \u00e9s la seg\u00fcent: \u00a0<\/p>\n<p><strong>Junta de Govern del COFB 2020-2024<\/strong><\/p>\n<p>President: Jordi Casas S\u00e1nchez<\/p>\n<p>Vicepresidenta: N\u00faria Bosch Sagrera<\/p>\n<p>Secret\u00e0ria: Aina Surroca Reb\u00e9s<\/p>\n<p>Tresorer: Miquel Recasens Isart<\/p>\n<p>Vicetresorera: Marta Gento Senall\u00e9<\/p>\n<p>Vocal Alimentaci\u00f3 i Nutrici\u00f3: Anna Bach Faig<\/p>\n<p>Vocal An\u00e0lisi: Xavier Tejedor Gandux\u00e9<\/p>\n<p>Vocal Atenci\u00f3 Prim\u00e0ria: Roser Vall\u00e8s Fern\u00e1ndez<\/p>\n<p>Vocal Dermofarm\u00e0cia i Productes Sanitaris: Marta Alcalde Matarranz<\/p>\n<p>Vocal Distribuci\u00f3: M\u00aa Victoria Mart\u00ednez Abad<\/p>\n<p>Vocal Hospitals: David Conde Est\u00e9vez<\/p>\n<p>Vocal Ind\u00fastria: Meritxell Cort\u00e9s L\u00f3pez<\/p>\n<p>Vocal Investigaci\u00f3 i Doc\u00e8ncia: M\u00aa Rosa Ballester Verneda<\/p>\n<p>Vocal Oficina de Farm\u00e0cia: Guillermo Bagar\u00eda de Casanova<\/p>\n<p>Vocal Ortop\u00e8dia: Elena Palau Roig<\/p>\n<p>Vocal Plantes Medicinals i Homeopatia: Josep Allu\u00e9 Creus<\/p>\n<p>Vocal Salut P\u00fablica: N\u00faria Oliva Salart<\/p>\n<p>Vocal n\u00fam. 1: Montserrat Giron\u00e8s Saderra<\/p>\n<p>Vocal n\u00fam. 2: Marta Roig Mart\u00ednez<\/p>\n<p>Vocal n\u00fam. 3: Laura Gom\u00e0 Llair\u00f3<\/p>\n<p>\u00a0La instituci\u00f3 renovar\u00e0 la seva Junta de Govern amb 10 noves incorporacions provinents dels diferents \u00e0mbits d\u2019exercici de la professi\u00f3<\/p>\n<p>Barcelona, 2 de juliol de 2020. El Col\u00b7legi de Farmac\u00e8utics de Barcelona (COFB) ha donat per tancat avui el seu proc\u00e9s electoral amb la proclamaci\u00f3 de la candidatura encap\u00e7alada per Jordi Casas S\u00e1nchez com a electa, despr\u00e9s que no es presentessin candidatures alternatives. La nova Junta de Govern, amb un total de 20 membres, comptar\u00e0 amb 10 noves incorporacions provinents dels diferents \u00e0mbits d\u2019exercici de la professi\u00f3. N\u00faria Bosch es mant\u00e9 com a vicepresidenta i Aina Surroca, que en l\u2019anterior mandat va ser vocal de n\u00famero i responsable de la Comissi\u00f3 Delegada de Formaci\u00f3 Continuada, assumeix la Secretaria. L\u2019equip econ\u00f2mic de la nova Junta de Govern es completa amb les incorporacions de Miquel Recasens, a la tresoreria, i de Marta Gento, a la vicetresoreria.<\/p>\n<p>\u201cEl prop\u00f2sit del COFB \u00e9s, i continuar\u00e0 sent, impulsar professionalment els farmac\u00e8utics i farmac\u00e8utiques de tots els \u00e0mbits d\u2019exercici com a agents de salut\u201d<\/p>\n<p>Jordi de Dalmases, que ha estat 12 anys al capdavant del Col\u00b7legi de Farmac\u00e8utics de Barcelona,\u00a0 deixa el c\u00e0rrec \u201camb la m\u00e0xima confian\u00e7a dipositada en aquesta nova Junta, que seguir\u00e0\u00a0 apostant per la professi\u00f3 i dotant-la de tot el contingut possible\u201d. De Dalmases es mostra \u201cmolt satisfet d\u2019haver aconseguit grans reptes al llarg d\u2019aquests tres mandats. Reptes que passen per la consolidaci\u00f3 i aplicaci\u00f3 de serveis professionals com el Programa de Detecci\u00f3 Preco\u00e7 del C\u00e0ncer de C\u00f2lon i Recte que, amb la incorporaci\u00f3 de la farm\u00e0cia, ha aconseguit incrementar la taxa de participaci\u00f3 de forma molt notable\u201d. I afegeix: \u201cEl prop\u00f2sit del COFB \u00e9s, i continuar\u00e0 sent, impulsar professionalment els farmac\u00e8utics i farmac\u00e8utiques de tots els \u00e0mbits d\u2019exercici com a agents de salut\u201d.<\/p>\n<p>\u201cCal seguir treballant per promoure el desenvolupament professional i aportar solucions, des de la farm\u00e0cia, a les necessitats que tindr\u00e0 la societat en les pr\u00f2ximes d\u00e8cades\u201d<\/p>\n<p>D\u2019altra banda, Jordi Casas es mostra \u201cil\u00b7lusionat d\u2019encap\u00e7alar aquest nou repte, amb una Junta que representa un relleu generacional, i de continuar construint un Col\u00b7legi per a tots els farmac\u00e8utics i farmac\u00e8utiques\u201d. \u201cCal seguir treballant per promoure el desenvolupament professional i aportar solucions, des de la farm\u00e0cia, als problemes i necessitats que tindr\u00e0 la societat en les pr\u00f2ximes d\u00e8cades, com l\u2019envelliment de la poblaci\u00f3 i la depend\u00e8ncia\u201d, assenyala Casas.<\/p>\n<p>Jordi Casas, doctor en Farm\u00e0cia per la Universitat de Barcelona, ha estat secretari del COFB en els darrers quatre anys i, anteriorment, del 2012 al 2016, va ocupar el c\u00e0rrec de vicetresorer. Casas actualment \u00e9s titular d\u2019oficina de farm\u00e0cia (des del 2009), tamb\u00e9 \u00e9s professor associat de la Unitat de Coordinaci\u00f3 Docent d\u2019Estades en Pr\u00e0ctiques Tutelades a la Universitat de Barcelona (des del 2010) i, pr\u00e8viament, havia treballat com a cient\u00edfic investigador al Departament d\u2019I+D de P&amp;G d\u2019Alemanya (2004\u20142008), a m\u00e9s de realitzar un stage en Farm\u00e0cia Hospital\u00e0ria a l&#8217;H\u00f4pital Piti\u00e9- Salp\u00eatri\u00e8re de Fran\u00e7a (2002).<\/p>\n<p>10 noves incorporacions provinents dels diferents \u00e0mbits d\u2019exercici de la professi\u00f3<\/p>\n<p>La nova Junta, proclamada electa avui, 2 de juliol, presenta 10 noves incorporacions. A banda dels canvis en la tresoreria i la vicetresoreria, tamb\u00e9 n\u2019hi ha a la vocalia d\u2019An\u00e0lisi, que ocupar\u00e0 Xavier Tejedor; a la vocalia de Distribuci\u00f3, que encap\u00e7alar\u00e0 M\u00aa Vict\u00f2ria Mart\u00ednez o a la vocalia d\u2019Hospitals, que assumir\u00e0 David Conde. Aix\u00ed mateix, Meritxell Cort\u00e9s s\u2019incorpora com a vocal d\u2019Ind\u00fastria; M\u00aa Rosa Ballester, com a vocal d\u2019Investigaci\u00f3 i Doc\u00e8ncia; Elena Palau, com a vocal d\u2019Ortop\u00e8dia; i Marta Roig i Laura Gom\u00e0, com a vocals de n\u00famero.<\/p>\n<p>D\u2019altra banda, Anna Bach-Faig continuar\u00e0 sent vocal d\u2019Alimentaci\u00f3 i Nutrici\u00f3; Marta Alcalde seguir\u00e0 al capdavant de la vocalia de Dermofarm\u00e0cia i Productes Sanitaris; Josep Allu\u00e9 es mant\u00e9 com a vocal de Plantes Medicinals i Homeopatia; Roser Vall\u00e8s, com a vocal d\u2019Atenci\u00f3 Prim\u00e0ria, i N\u00faria Oliva, com a vocal de Salut P\u00fablica. Tamb\u00e9 segueixen formant part de la Junta Guillermo Bagar\u00eda, que passa de vicetresorer a vocal d\u2019Oficina de Farm\u00e0cia, i Montserrat Giron\u00e8s, que en l\u2019anterior Junta era vocal d\u2019Ortop\u00e8dia i en aquest nou mandat ser\u00e0 vocal de n\u00famero. La relaci\u00f3 completa dels c\u00e0rrecs dels membres de la nova Junta \u00e9s la seg\u00fcent: \u00a0<\/p>\n<p>Junta de Govern del COFB 2020-2024<\/p>\n<p>President: Jordi Casas S\u00e1nchez<\/p>\n<p>Vicepresidenta: N\u00faria Bosch Sagrera<\/p>\n<p>Secret\u00e0ria: Aina Surroca Reb\u00e9s<\/p>\n<p>Tresorer: Miquel Recasens Isart<\/p>\n<p>Vicetresorera: Marta Gento Senall\u00e9<\/p>\n<p>Vocal Alimentaci\u00f3 i Nutrici\u00f3: Anna Bach Faig<\/p>\n<p>Vocal An\u00e0lisi: Xavier Tejedor Gandux\u00e9<\/p>\n<p>Vocal Atenci\u00f3 Prim\u00e0ria: Roser Vall\u00e8s Fern\u00e1ndez<\/p>\n<p>Vocal Dermofarm\u00e0cia i Productes Sanitaris: Marta Alcalde Matarranz<\/p>\n<p>Vocal Distribuci\u00f3: M\u00aa Victoria Mart\u00ednez Abad<\/p>\n<p>Vocal Hospitals: David Conde Est\u00e9vez<\/p>\n<p>Vocal Ind\u00fastria: Meritxell Cort\u00e9s L\u00f3pez<\/p>\n<p>Vocal Investigaci\u00f3 i Doc\u00e8ncia: M\u00aa Rosa Ballester Verneda<\/p>\n<p>Vocal Oficina de Farm\u00e0cia: Guillermo Bagar\u00eda de Casanova<\/p>\n<p>Vocal Ortop\u00e8dia: Elena Palau Roig<\/p>\n<p>Vocal Plantes Medicinals i Homeopatia: Josep Allu\u00e9 Creus<\/p>\n<p>Vocal Salut P\u00fablica: N\u00faria Oliva Salart<\/p>\n<p>Vocal n\u00fam. 1: Montserrat Giron\u00e8s Saderra<\/p>\n<p>Vocal n\u00fam. 2: Marta Roig Mart\u00ednez<\/p>\n<p>Vocal n\u00fam. 3: Laura Gom\u00e0 Llair\u00f3\u00a0\u00a0COFB.ORG<\/p>\n","protected":false},"excerpt":{"rendered":"<p>\u00a0 La instituci\u00f3 renovar\u00e0 la seva Junta de Govern amb 10 noves incorporacions provinents dels diferents \u00e0mbits d\u2019exercici de la professi\u00f3 Barcelona, 2 de juliol de 2020. El Col\u00b7legi de Farmac\u00e8utics de Barcelona (COFB) ha donat per tancat avui el seu proc\u00e9s electoral amb la proclamaci\u00f3 de la candidatura encap\u00e7alada [&hellip;]<\/p>\n","protected":false},"author":1,"featured_media":0,"comment_status":"","ping_status":"","sticky":false,"template":"","format":"standard","meta":{"_uag_custom_page_level_css":"","site-sidebar-layout":"default","site-content-layout":"","ast-site-content-layout":"default","site-content-style":"default","site-sidebar-style":"default","ast-global-header-display":"","ast-banner-title-visibility":"","ast-main-header-display":"","ast-hfb-above-header-display":"","ast-hfb-below-header-display":"","ast-hfb-mobile-header-display":"","site-post-title":"","ast-breadcrumbs-content":"","ast-featured-img":"disabled","footer-sml-layout":"","theme-transparent-header-meta":"","adv-header-id-meta":"","stick-header-meta":"","header-above-stick-meta":"","header-main-stick-meta":"","header-below-stick-meta":"","astra-migrate-meta-layouts":"default","ast-page-background-enabled":"default","ast-page-background-meta":{"desktop":{"background-color":"var(--ast-global-color-4)","background-image":"","background-repeat":"repeat","background-position":"center center","background-size":"auto","background-attachment":"scroll","background-type":"","background-media":"","overlay-type":"","overlay-color":"","overlay-opacity":"","overlay-gradient":""},"tablet":{"background-color":"","background-image":"","background-repeat":"repeat","background-position":"center center","background-size":"auto","background-attachment":"scroll","background-type":"","background-media":"","overlay-type":"","overlay-color":"","overlay-opacity":"","overlay-gradient":""},"mobile":{"background-color":"","background-image":"","background-repeat":"repeat","background-position":"center center","background-size":"auto","background-attachment":"scroll","background-type":"","background-media":"","overlay-type":"","overlay-color":"","overlay-opacity":"","overlay-gradient":""}},"ast-content-background-meta":{"desktop":{"background-color":"var(--ast-global-color-5)","background-image":"","background-repeat":"repeat","background-position":"center center","background-size":"auto","background-attachment":"scroll","background-type":"","background-media":"","overlay-type":"","overlay-color":"","overlay-opacity":"","overlay-gradient":""},"tablet":{"background-color":"var(--ast-global-color-5)","background-image":"","background-repeat":"repeat","background-position":"center center","background-size":"auto","background-attachment":"scroll","background-type":"","background-media":"","overlay-type":"","overlay-color":"","overlay-opacity":"","overlay-gradient":""},"mobile":{"background-color":"var(--ast-global-color-5)","background-image":"","background-repeat":"repeat","background-position":"center center","background-size":"auto","background-attachment":"scroll","background-type":"","background-media":"","overlay-type":"","overlay-color":"","overlay-opacity":"","overlay-gradient":""}},"footnotes":""},"categories":[1060,1066],"tags":[],"class_list":["post-77110","post","type-post","status-publish","format-standard","hentry","category-notes-premsa","category-sense-categoria-ca"],"yoast_head":"<!-- This site is optimized with the Yoast SEO plugin v22.4 - https:\/\/yoast.com\/wordpress\/plugins\/seo\/ -->\n<title>Jordi Casas S\u00e1nchez, escollit president del Col\u00b7legi de Farmac\u00e8utics de Barcelona per al mandat 2020-2024 - Col\u00b7legi de Farmac\u00e8utics de Barcelona<\/title>\n<meta name=\"robots\" content=\"index, follow, max-snippet:-1, max-image-preview:large, max-video-preview:-1\" \/>\n<link rel=\"canonical\" href=\"https:\/\/novaorg.cofb.net\/2020\/07\/02\/jordi-casas-sanchez-escollit-president-del-collegi-de-farmaceutics-de-barcelona-per-al-mandat-2020-2024\/\" \/>\n<meta property=\"og:locale\" content=\"ca_ES\" \/>\n<meta property=\"og:type\" content=\"article\" \/>\n<meta property=\"og:title\" content=\"Jordi Casas S\u00e1nchez, escollit president del Col\u00b7legi de Farmac\u00e8utics de Barcelona per al mandat 2020-2024 - Col\u00b7legi de Farmac\u00e8utics de Barcelona\" \/>\n<meta property=\"og:description\" content=\"\u00a0 La instituci\u00f3 renovar\u00e0 la seva Junta de Govern amb 10 noves incorporacions provinents dels diferents \u00e0mbits d\u2019exercici de la professi\u00f3 Barcelona, 2 de juliol de 2020. El Col\u00b7legi de Farmac\u00e8utics de Barcelona (COFB) ha donat per tancat avui el seu proc\u00e9s electoral amb la proclamaci\u00f3 de la candidatura encap\u00e7alada [&hellip;]\" \/>\n<meta property=\"og:url\" content=\"https:\/\/novaorg.cofb.net\/2020\/07\/02\/jordi-casas-sanchez-escollit-president-del-collegi-de-farmaceutics-de-barcelona-per-al-mandat-2020-2024\/\" \/>\n<meta property=\"og:site_name\" content=\"Col\u00b7legi de Farmac\u00e8utics de Barcelona\" \/>\n<meta property=\"article:publisher\" content=\"https:\/\/www.facebook.com\/farmaceuticsbcn\/\" \/>\n<meta property=\"article:published_time\" content=\"2020-07-02T15:19:00+00:00\" \/>\n<meta name=\"author\" content=\"wpAdminCofbOrg\" \/>\n<meta name=\"twitter:card\" content=\"summary_large_image\" \/>\n<meta name=\"twitter:creator\" content=\"@farmaceuticsbcn\" \/>\n<meta name=\"twitter:site\" content=\"@farmaceuticsbcn\" \/>\n<meta name=\"twitter:label1\" content=\"Escrit per\" \/>\n\t<meta name=\"twitter:data1\" content=\"wpAdminCofbOrg\" \/>\n\t<meta name=\"twitter:label2\" content=\"Temps estimat de lectura\" \/>\n\t<meta name=\"twitter:data2\" content=\"9 minuts\" \/>\n<script type=\"application\/ld+json\" class=\"yoast-schema-graph\">{\"@context\":\"https:\/\/schema.org\",\"@graph\":[{\"@type\":\"Article\",\"@id\":\"https:\/\/novaorg.cofb.net\/2020\/07\/02\/jordi-casas-sanchez-escollit-president-del-collegi-de-farmaceutics-de-barcelona-per-al-mandat-2020-2024\/#article\",\"isPartOf\":{\"@id\":\"https:\/\/novaorg.cofb.net\/2020\/07\/02\/jordi-casas-sanchez-escollit-president-del-collegi-de-farmaceutics-de-barcelona-per-al-mandat-2020-2024\/\"},\"author\":{\"name\":\"wpAdminCofbOrg\",\"@id\":\"https:\/\/www.cofb.org\/#\/schema\/person\/22ed7eea88da74b0fa4d3154ad87ffcb\"},\"headline\":\"Jordi Casas S\u00e1nchez, escollit president del Col\u00b7legi de Farmac\u00e8utics de Barcelona per al mandat 2020-2024\",\"datePublished\":\"2020-07-02T15:19:00+00:00\",\"dateModified\":\"2020-07-02T15:19:00+00:00\",\"mainEntityOfPage\":{\"@id\":\"https:\/\/novaorg.cofb.net\/2020\/07\/02\/jordi-casas-sanchez-escollit-president-del-collegi-de-farmaceutics-de-barcelona-per-al-mandat-2020-2024\/\"},\"wordCount\":1846,\"publisher\":{\"@id\":\"https:\/\/www.cofb.org\/#organization\"},\"articleSection\":[\"Notes de premsa\"],\"inLanguage\":\"ca\"},{\"@type\":\"WebPage\",\"@id\":\"https:\/\/novaorg.cofb.net\/2020\/07\/02\/jordi-casas-sanchez-escollit-president-del-collegi-de-farmaceutics-de-barcelona-per-al-mandat-2020-2024\/\",\"url\":\"https:\/\/novaorg.cofb.net\/2020\/07\/02\/jordi-casas-sanchez-escollit-president-del-collegi-de-farmaceutics-de-barcelona-per-al-mandat-2020-2024\/\",\"name\":\"Jordi Casas S\u00e1nchez, escollit president del Col\u00b7legi de Farmac\u00e8utics de Barcelona per al mandat 2020-2024 - Col\u00b7legi de Farmac\u00e8utics de Barcelona\",\"isPartOf\":{\"@id\":\"https:\/\/www.cofb.org\/#website\"},\"datePublished\":\"2020-07-02T15:19:00+00:00\",\"dateModified\":\"2020-07-02T15:19:00+00:00\",\"breadcrumb\":{\"@id\":\"https:\/\/novaorg.cofb.net\/2020\/07\/02\/jordi-casas-sanchez-escollit-president-del-collegi-de-farmaceutics-de-barcelona-per-al-mandat-2020-2024\/#breadcrumb\"},\"inLanguage\":\"ca\",\"potentialAction\":[{\"@type\":\"ReadAction\",\"target\":[\"https:\/\/novaorg.cofb.net\/2020\/07\/02\/jordi-casas-sanchez-escollit-president-del-collegi-de-farmaceutics-de-barcelona-per-al-mandat-2020-2024\/\"]}]},{\"@type\":\"BreadcrumbList\",\"@id\":\"https:\/\/novaorg.cofb.net\/2020\/07\/02\/jordi-casas-sanchez-escollit-president-del-collegi-de-farmaceutics-de-barcelona-per-al-mandat-2020-2024\/#breadcrumb\",\"itemListElement\":[{\"@type\":\"ListItem\",\"position\":1,\"name\":\"Inici\",\"item\":\"https:\/\/novaorg.cofb.net\/\"},{\"@type\":\"ListItem\",\"position\":2,\"name\":\"Jordi Casas S\u00e1nchez, escollit president del Col\u00b7legi de Farmac\u00e8utics de Barcelona per al mandat 2020-2024\"}]},{\"@type\":\"WebSite\",\"@id\":\"https:\/\/www.cofb.org\/#website\",\"url\":\"https:\/\/www.cofb.org\/\",\"name\":\"Col\u00b7legi de Farmac\u00e8utics de Barcelona\",\"description\":\"\",\"publisher\":{\"@id\":\"https:\/\/www.cofb.org\/#organization\"},\"potentialAction\":[{\"@type\":\"SearchAction\",\"target\":{\"@type\":\"EntryPoint\",\"urlTemplate\":\"https:\/\/www.cofb.org\/?s={search_term_string}\"},\"query-input\":\"required name=search_term_string\"}],\"inLanguage\":\"ca\"},{\"@type\":\"Organization\",\"@id\":\"https:\/\/www.cofb.org\/#organization\",\"name\":\"Col\u00b7legi de Farmac\u00e8utics de Barcelona\",\"url\":\"https:\/\/www.cofb.org\/\",\"logo\":{\"@type\":\"ImageObject\",\"inLanguage\":\"ca\",\"@id\":\"https:\/\/www.cofb.org\/#\/schema\/logo\/image\/\",\"url\":\"https:\/\/www.cofb.org\/wp-content\/uploads\/2023\/11\/cropped-Logotip-COFB.png\",\"contentUrl\":\"https:\/\/www.cofb.org\/wp-content\/uploads\/2023\/11\/cropped-Logotip-COFB.png\",\"width\":500,\"height\":105,\"caption\":\"Col\u00b7legi de Farmac\u00e8utics de Barcelona\"},\"image\":{\"@id\":\"https:\/\/www.cofb.org\/#\/schema\/logo\/image\/\"},\"sameAs\":[\"https:\/\/www.facebook.com\/farmaceuticsbcn\/\",\"https:\/\/twitter.com\/farmaceuticsbcn\",\"https:\/\/www.instagram.com\/farmaceuticsbcn\/\",\"https:\/\/www.linkedin.com\/company\/farmaceuticsbcn\/\"]},{\"@type\":\"Person\",\"@id\":\"https:\/\/www.cofb.org\/#\/schema\/person\/22ed7eea88da74b0fa4d3154ad87ffcb\",\"name\":\"wpAdminCofbOrg\",\"image\":{\"@type\":\"ImageObject\",\"inLanguage\":\"ca\",\"@id\":\"https:\/\/www.cofb.org\/#\/schema\/person\/image\/\",\"url\":\"https:\/\/secure.gravatar.com\/avatar\/1721b20b3b8ca882c3b56ec6c978c594fff670e40c0718e9190eaeeb76aae7d8?s=96&d=mm&r=g\",\"contentUrl\":\"https:\/\/secure.gravatar.com\/avatar\/1721b20b3b8ca882c3b56ec6c978c594fff670e40c0718e9190eaeeb76aae7d8?s=96&d=mm&r=g\",\"caption\":\"wpAdminCofbOrg\"},\"sameAs\":[\"http:\/\/192.168.64.122\/wordpress\"],\"url\":\"https:\/\/www.cofb.org\/ca\/author\/wpadmincofborg\/\"}]}<\/script>\n<!-- \/ Yoast SEO plugin. -->","yoast_head_json":{"title":"Jordi Casas S\u00e1nchez, escollit president del Col\u00b7legi de Farmac\u00e8utics de Barcelona per al mandat 2020-2024 - Col\u00b7legi de Farmac\u00e8utics de Barcelona","robots":{"index":"index","follow":"follow","max-snippet":"max-snippet:-1","max-image-preview":"max-image-preview:large","max-video-preview":"max-video-preview:-1"},"canonical":"https:\/\/novaorg.cofb.net\/2020\/07\/02\/jordi-casas-sanchez-escollit-president-del-collegi-de-farmaceutics-de-barcelona-per-al-mandat-2020-2024\/","og_locale":"ca_ES","og_type":"article","og_title":"Jordi Casas S\u00e1nchez, escollit president del Col\u00b7legi de Farmac\u00e8utics de Barcelona per al mandat 2020-2024 - Col\u00b7legi de Farmac\u00e8utics de Barcelona","og_description":"\u00a0 La instituci\u00f3 renovar\u00e0 la seva Junta de Govern amb 10 noves incorporacions provinents dels diferents \u00e0mbits d\u2019exercici de la professi\u00f3 Barcelona, 2 de juliol de 2020. El Col\u00b7legi de Farmac\u00e8utics de Barcelona (COFB) ha donat per tancat avui el seu proc\u00e9s electoral amb la proclamaci\u00f3 de la candidatura encap\u00e7alada [&hellip;]","og_url":"https:\/\/novaorg.cofb.net\/2020\/07\/02\/jordi-casas-sanchez-escollit-president-del-collegi-de-farmaceutics-de-barcelona-per-al-mandat-2020-2024\/","og_site_name":"Col\u00b7legi de Farmac\u00e8utics de Barcelona","article_publisher":"https:\/\/www.facebook.com\/farmaceuticsbcn\/","article_published_time":"2020-07-02T15:19:00+00:00","author":"wpAdminCofbOrg","twitter_card":"summary_large_image","twitter_creator":"@farmaceuticsbcn","twitter_site":"@farmaceuticsbcn","twitter_misc":{"Escrit per":"wpAdminCofbOrg","Temps estimat de lectura":"9 minuts"},"schema":{"@context":"https:\/\/schema.org","@graph":[{"@type":"Article","@id":"https:\/\/novaorg.cofb.net\/2020\/07\/02\/jordi-casas-sanchez-escollit-president-del-collegi-de-farmaceutics-de-barcelona-per-al-mandat-2020-2024\/#article","isPartOf":{"@id":"https:\/\/novaorg.cofb.net\/2020\/07\/02\/jordi-casas-sanchez-escollit-president-del-collegi-de-farmaceutics-de-barcelona-per-al-mandat-2020-2024\/"},"author":{"name":"wpAdminCofbOrg","@id":"https:\/\/www.cofb.org\/#\/schema\/person\/22ed7eea88da74b0fa4d3154ad87ffcb"},"headline":"Jordi Casas S\u00e1nchez, escollit president del Col\u00b7legi de Farmac\u00e8utics de Barcelona per al mandat 2020-2024","datePublished":"2020-07-02T15:19:00+00:00","dateModified":"2020-07-02T15:19:00+00:00","mainEntityOfPage":{"@id":"https:\/\/novaorg.cofb.net\/2020\/07\/02\/jordi-casas-sanchez-escollit-president-del-collegi-de-farmaceutics-de-barcelona-per-al-mandat-2020-2024\/"},"wordCount":1846,"publisher":{"@id":"https:\/\/www.cofb.org\/#organization"},"articleSection":["Notes de premsa"],"inLanguage":"ca"},{"@type":"WebPage","@id":"https:\/\/novaorg.cofb.net\/2020\/07\/02\/jordi-casas-sanchez-escollit-president-del-collegi-de-farmaceutics-de-barcelona-per-al-mandat-2020-2024\/","url":"https:\/\/novaorg.cofb.net\/2020\/07\/02\/jordi-casas-sanchez-escollit-president-del-collegi-de-farmaceutics-de-barcelona-per-al-mandat-2020-2024\/","name":"Jordi Casas S\u00e1nchez, escollit president del Col\u00b7legi de Farmac\u00e8utics de Barcelona per al mandat 2020-2024 - Col\u00b7legi de Farmac\u00e8utics de Barcelona","isPartOf":{"@id":"https:\/\/www.cofb.org\/#website"},"datePublished":"2020-07-02T15:19:00+00:00","dateModified":"2020-07-02T15:19:00+00:00","breadcrumb":{"@id":"https:\/\/novaorg.cofb.net\/2020\/07\/02\/jordi-casas-sanchez-escollit-president-del-collegi-de-farmaceutics-de-barcelona-per-al-mandat-2020-2024\/#breadcrumb"},"inLanguage":"ca","potentialAction":[{"@type":"ReadAction","target":["https:\/\/novaorg.cofb.net\/2020\/07\/02\/jordi-casas-sanchez-escollit-president-del-collegi-de-farmaceutics-de-barcelona-per-al-mandat-2020-2024\/"]}]},{"@type":"BreadcrumbList","@id":"https:\/\/novaorg.cofb.net\/2020\/07\/02\/jordi-casas-sanchez-escollit-president-del-collegi-de-farmaceutics-de-barcelona-per-al-mandat-2020-2024\/#breadcrumb","itemListElement":[{"@type":"ListItem","position":1,"name":"Inici","item":"https:\/\/novaorg.cofb.net\/"},{"@type":"ListItem","position":2,"name":"Jordi Casas S\u00e1nchez, escollit president del Col\u00b7legi de Farmac\u00e8utics de Barcelona per al mandat 2020-2024"}]},{"@type":"WebSite","@id":"https:\/\/www.cofb.org\/#website","url":"https:\/\/www.cofb.org\/","name":"Col\u00b7legi de Farmac\u00e8utics de Barcelona","description":"","publisher":{"@id":"https:\/\/www.cofb.org\/#organization"},"potentialAction":[{"@type":"SearchAction","target":{"@type":"EntryPoint","urlTemplate":"https:\/\/www.cofb.org\/?s={search_term_string}"},"query-input":"required name=search_term_string"}],"inLanguage":"ca"},{"@type":"Organization","@id":"https:\/\/www.cofb.org\/#organization","name":"Col\u00b7legi de Farmac\u00e8utics de Barcelona","url":"https:\/\/www.cofb.org\/","logo":{"@type":"ImageObject","inLanguage":"ca","@id":"https:\/\/www.cofb.org\/#\/schema\/logo\/image\/","url":"https:\/\/www.cofb.org\/wp-content\/uploads\/2023\/11\/cropped-Logotip-COFB.png","contentUrl":"https:\/\/www.cofb.org\/wp-content\/uploads\/2023\/11\/cropped-Logotip-COFB.png","width":500,"height":105,"caption":"Col\u00b7legi de Farmac\u00e8utics de Barcelona"},"image":{"@id":"https:\/\/www.cofb.org\/#\/schema\/logo\/image\/"},"sameAs":["https:\/\/www.facebook.com\/farmaceuticsbcn\/","https:\/\/twitter.com\/farmaceuticsbcn","https:\/\/www.instagram.com\/farmaceuticsbcn\/","https:\/\/www.linkedin.com\/company\/farmaceuticsbcn\/"]},{"@type":"Person","@id":"https:\/\/www.cofb.org\/#\/schema\/person\/22ed7eea88da74b0fa4d3154ad87ffcb","name":"wpAdminCofbOrg","image":{"@type":"ImageObject","inLanguage":"ca","@id":"https:\/\/www.cofb.org\/#\/schema\/person\/image\/","url":"https:\/\/secure.gravatar.com\/avatar\/1721b20b3b8ca882c3b56ec6c978c594fff670e40c0718e9190eaeeb76aae7d8?s=96&d=mm&r=g","contentUrl":"https:\/\/secure.gravatar.com\/avatar\/1721b20b3b8ca882c3b56ec6c978c594fff670e40c0718e9190eaeeb76aae7d8?s=96&d=mm&r=g","caption":"wpAdminCofbOrg"},"sameAs":["http:\/\/192.168.64.122\/wordpress"],"url":"https:\/\/www.cofb.org\/ca\/author\/wpadmincofborg\/"}]}},"uagb_featured_image_src":{"full":false,"thumbnail":false,"medium":false,"medium_large":false,"large":false,"1536x1536":false,"2048x2048":false,"trp-custom-language-flag":false},"uagb_author_info":{"display_name":"wpAdminCofbOrg","author_link":"https:\/\/www.cofb.org\/ca\/author\/wpadmincofborg\/"},"uagb_comment_info":0,"uagb_excerpt":"\u00a0 La instituci\u00f3 renovar\u00e0 la seva Junta de Govern amb 10 noves incorporacions provinents dels diferents \u00e0mbits d\u2019exercici de la professi\u00f3 Barcelona, 2 de juliol de 2020. El Col\u00b7legi de Farmac\u00e8utics de Barcelona (COFB) ha donat per tancat avui el seu proc\u00e9s electoral amb la proclamaci\u00f3 de la candidatura encap\u00e7alada [&hellip;]","_links":{"self":[{"href":"https:\/\/www.cofb.org\/ca\/wp-json\/wp\/v2\/posts\/77110","targetHints":{"allow":["GET"]}}],"collection":[{"href":"https:\/\/www.cofb.org\/ca\/wp-json\/wp\/v2\/posts"}],"about":[{"href":"https:\/\/www.cofb.org\/ca\/wp-json\/wp\/v2\/types\/post"}],"author":[{"embeddable":true,"href":"https:\/\/www.cofb.org\/ca\/wp-json\/wp\/v2\/users\/1"}],"replies":[{"embeddable":true,"href":"https:\/\/www.cofb.org\/ca\/wp-json\/wp\/v2\/comments?post=77110"}],"version-history":[{"count":0,"href":"https:\/\/www.cofb.org\/ca\/wp-json\/wp\/v2\/posts\/77110\/revisions"}],"wp:attachment":[{"href":"https:\/\/www.cofb.org\/ca\/wp-json\/wp\/v2\/media?parent=77110"}],"wp:term":[{"taxonomy":"category","embeddable":true,"href":"https:\/\/www.cofb.org\/ca\/wp-json\/wp\/v2\/categories?post=77110"},{"taxonomy":"post_tag","embeddable":true,"href":"https:\/\/www.cofb.org\/ca\/wp-json\/wp\/v2\/tags?post=77110"}],"curies":[{"name":"wp","href":"https:\/\/api.w.org\/{rel}","templated":true}]}}