{"id":77100,"date":"2020-09-29T12:43:00","date_gmt":"2020-09-29T12:43:00","guid":{"rendered":"https:\/\/novaorg.cofb.net\/2020\/09\/29\/la-comunitat-cientifica-impulsa-el-debat-de-lus-medicinal-del-cannabis-a-causa-de-la-creixent-reclamacio-de-metges-farmaceutics-i-pacients\/"},"modified":"2020-09-29T12:43:00","modified_gmt":"2020-09-29T12:43:00","slug":"la-comunitat-cientifica-impulsa-el-debat-de-lus-medicinal-del-cannabis-a-causa-de-la-creixent-reclamacio-de-metges-farmaceutics-i-pacients","status":"publish","type":"post","link":"https:\/\/www.cofb.org\/ca\/2020\/09\/29\/la-comunitat-cientifica-impulsa-el-debat-de-lus-medicinal-del-cannabis-a-causa-de-la-creixent-reclamacio-de-metges-farmaceutics-i-pacients\/","title":{"rendered":"La comunitat cient\u00edfica impulsa el debat de l\u2019\u00fas medicinal del c\u00e0nnabis a causa de la creixent reclamaci\u00f3 de metges, farmac\u00e8utics i pacients"},"content":{"rendered":"<p>\u00a0<\/p>\n<div>La Fundaci\u00f3 ICEERS organitza, juntament amb el Col\u00b7legi de Farmac\u00e8utics de Barcelona (COFB) i la Uni\u00f3 de Pacients per la Regulaci\u00f3 del C\u00e0nnabis (UPRC), la tercera edici\u00f3 del congr\u00e9s de c\u00e0nnabis terap\u00e8utic m\u00e9s important d\u2019Espanya.<\/div>\n<div>\u00a0<\/div>\n<div>\u2022<span> <\/span>Les confer\u00e8ncies del primer dia (6 d\u2019octubre), adre\u00e7ades principalment a professionals sanitaris, es retransmetran des de la seu del Col\u00b7legi de Farmac\u00e8utics de Barcelona; i, les del segon dia (7 d\u2019octubre), dirigides a p\u00fablic en general, des de la seu de la Fundaci\u00f3 ICEERS<\/div>\n<div>\u2022<span> <\/span>La Uni\u00f3 de Pacients per la Regulaci\u00f3 del C\u00e0nnabis (UPCR) denuncia la precarietat i la vulnerabilitat dels pacients per accedir als tractaments<\/div>\n<div>\u2022<span> <\/span>Segons l\u2019\u00faltima enquesta del Centre d\u2019Investigacions Sociol\u00f2giques (CIS), el 84% de la poblaci\u00f3 est\u00e0 a favor de regular el c\u00e0nnabis medicinal\u00a0<\/div>\n<div>\u00a0<\/div>\n<div><img decoding=\"async\" alt=\"\" src=\"https:\/\/www.cofb.org\/documents\/10136\/1111458\/Cannabmed+2020.jpg\/d02c853d-1da1-4ce2-b7e2-ae0c6f505196?t=1601378464526\"><\/div>\n<div>\u00a0<\/div>\n<div><em>Barcelona, 29 de setembre de 2020.<\/em> Gratu\u00efta, oberta a tothom i online. Aix\u00ed ser\u00e0 la tercera edici\u00f3 de CANNABMED, que la Fundaci\u00f3 ICEERS coorganitza juntament amb el Col\u00b7legi de Farmac\u00e8utics de Barcelona (COFB) i la Uni\u00f3 de Pacients per la Regulaci\u00f3 del C\u00e0nnabis (UPRC) sota el lema \u201cCap a una farmacopea cann\u00e0bica\u201d. Les confer\u00e8ncies del primer dia (6 d\u2019octubre), adre\u00e7ades principalment a professionals sanitaris, es retransmetran des de la seu del COFB; i, les del segon dia (7 d\u2019octubre), dirigides a p\u00fablic en general, des de la seu de la Fundaci\u00f3 ICEERS. Les inscripcions a ambdues jornades es poden realitzar a trav\u00e9s de la web del Congr\u00e9s, cannabmedforum.com.\u00a0<\/div>\n<div>\u00a0<\/div>\n<div><strong>La ci\u00e8ncia marca el ritme de CANNABMED2020<\/strong><\/div>\n<div>Aquest any, com a novetat, CANNABMED ha incorporat la perspectiva cient\u00edfica dels professionals de la salut. Metges, farmac\u00e8utics i investigadors debatran i analitzaran la situaci\u00f3 actual d\u2019aquesta planta despr\u00e9s de m\u00e9s de 20 anys d\u2019estudis cient\u00edfics que evidencien que l\u2019\u00fas del c\u00e0nnabis com a complement terap\u00e8utic pot ser efectiu en pacients amb c\u00e0ncer, malalties neurodegeneratives, malalties inflamat\u00f2ries intestinals, ansietat i dolor nervi\u00f3s.\u00a0<\/div>\n<div>Des del punt de vista dels professionals sanitaris, tots aquells que participin durant la primera jornada podran obtenir cr\u00e8dits formatius acreditats pel Consell Catal\u00e0 de Formaci\u00f3 Continuada de les Professions Sanit\u00e0ries.\u00a0<\/div>\n<div>\u00a0<\/div>\n<div><strong>Taules rodones multidisciplin\u00e0ries amb intervencions d\u2019experts de cada mat\u00e8ria<\/strong><\/div>\n<div>Durant les dues jornades del Congr\u00e9s, es duran a terme diferents taules rodones multidisciplin\u00e0ries que comptaran amb experts de cada mat\u00e8ria.\u00a0<\/div>\n<div>A les confer\u00e8ncies del 6 d\u2019octubre, s\u2019abordar\u00e0 quina \u00e9s la situaci\u00f3 actual del c\u00e0nnabis medicinal, es repassaran els aven\u00e7os cient\u00edfics i el potencial terap\u00e8utic del c\u00e0nnabis, es donaran a con\u00e8ixer les dosis i les vies d\u2019administraci\u00f3 del c\u00e0nnabis medicinal, i tamb\u00e9 es revisaran els avantatges i els riscos de l\u2019autoconsum i de l\u2019autocultiu del c\u00e0nnabis. El 7 d\u2019octubre es comptar\u00e0 amb la participaci\u00f3 de Luc\u00eda Mu\u00f1oz, diputada de Unidas Podemos al Congr\u00e9s dels Diputats per les Illes Balears, que respondr\u00e0 a totes les preguntes de caire legal i jur\u00eddic que li formular\u00e0 Constanza S\u00e1nchez, directora de Lleis i Pol\u00edtica de la Fundaci\u00f3 ICEERS. Unidas Podemos, de fet, ultima una proposta de llei per a realitzar una regulaci\u00f3 integral del c\u00e0nnabis que espera consensuar amb el PSOE. Aix\u00ed mateix, es parlar\u00e0 de les dificultats d\u2019acc\u00e9s al c\u00e0nnabis en temps de COVID-19 i dels obstacles i oportunitats en el futur dels cannabinoides.\u00a0<\/div>\n<div>\u00a0<\/div>\n<div><strong>Necessitat d&#8217;una regulaci\u00f3 espec\u00edfica<\/strong><\/div>\n<div>La pand\u00e8mia de la COVID-19 posa novament de manifest la precarietat de les persones malaltes que utilitzen el c\u00e0nnabis com a complement terap\u00e8utic, que denuncien que cada vegada \u00e9s m\u00e9s dif\u00edcil accedir-hi. Des de la Fundaci\u00f3 ICEERS recorden que sense una regulaci\u00f3 espec\u00edfica, el pacient i tamb\u00e9 les seves fam\u00edlies i cuidadors estan desprotegits i es veuen obligats a buscar productes de pitjor qualitat i sense controls sanitaris al mercat negre. De fet, segons l\u2019\u00faltima enquesta del Centre d\u2019Investigacions Sociol\u00f2giques (CIS), el 84% de la poblaci\u00f3 est\u00e0 a favor de regular el c\u00e0nnabis medicinal.\u00a0<\/div>\n<div>\u00a0<\/div>\n<div><strong>Visi\u00f3 dels professionals sanitaris i testimonis de pacients que prenen c\u00e0nnabis terap\u00e8utic<\/strong><\/div>\n<div>CANNABMED posa a disposici\u00f3 de qui ho necessiti testimonis de professionals sanitaris, que aporten la seva visi\u00f3 sobre l\u2019\u00fas terap\u00e8utic del c\u00e0nnabis, i testimonis de persones que prenen c\u00e0nnabis per alleugerir el dolor produ\u00eft per malalties o accidents i els efectes secundaris de tractaments amb quimioter\u00e0pia i radioter\u00e0pia, entre d\u2019altres.\u00a0<\/div>\n<p>\u00a0La Fundaci\u00f3 ICEERS organitza, juntament amb el Col\u00b7legi de Farmac\u00e8utics de Barcelona (COFB) i la Uni\u00f3 de Pacients per la Regulaci\u00f3 del C\u00e0nnabis (UPRC), la tercera edici\u00f3 del congr\u00e9s de c\u00e0nnabis terap\u00e8utic m\u00e9s important d\u2019Espanya.<\/p>\n<p>\u00a0<\/p>\n<p>\u2022 Les confer\u00e8ncies del primer dia (6 d\u2019octubre), adre\u00e7ades principalment a professionals sanitaris, es retransmetran des de la seu del Col\u00b7legi de Farmac\u00e8utics de Barcelona; i, les del segon dia (7 d\u2019octubre), dirigides a p\u00fablic en general, des de la seu de la Fundaci\u00f3 ICEERS<\/p>\n<p>\u2022 La Uni\u00f3 de Pacients per la Regulaci\u00f3 del C\u00e0nnabis (UPCR) denuncia la precarietat i la vulnerabilitat dels pacients per accedir als tractaments<\/p>\n<p>\u2022 Segons l\u2019\u00faltima enquesta del Centre d\u2019Investigacions Sociol\u00f2giques (CIS), el 84% de la poblaci\u00f3 est\u00e0 a favor de regular el c\u00e0nnabis medicinal\u00a0<\/p>\n<p>\u00a0<\/p>\n<p>\u00a0<\/p>\n<p>Barcelona, 29 de setembre de 2020. Gratu\u00efta, oberta a tothom i online. Aix\u00ed ser\u00e0 la tercera edici\u00f3 de CANNABMED, que la Fundaci\u00f3 ICEERS coorganitza juntament amb el Col\u00b7legi de Farmac\u00e8utics de Barcelona (COFB) i la Uni\u00f3 de Pacients per la Regulaci\u00f3 del C\u00e0nnabis (UPRC) sota el lema \u201cCap a una farmacopea cann\u00e0bica\u201d. Les confer\u00e8ncies del primer dia (6 d\u2019octubre), adre\u00e7ades principalment a professionals sanitaris, es retransmetran des de la seu del COFB; i, les del segon dia (7 d\u2019octubre), dirigides a p\u00fablic en general, des de la seu de la Fundaci\u00f3 ICEERS. Les inscripcions a ambdues jornades es poden realitzar a trav\u00e9s de la web del Congr\u00e9s, cannabmedforum.com.\u00a0<\/p>\n<p>\u00a0<\/p>\n<p>La ci\u00e8ncia marca el ritme de CANNABMED2020<\/p>\n<p>Aquest any, com a novetat, CANNABMED ha incorporat la perspectiva cient\u00edfica dels professionals de la salut. Metges, farmac\u00e8utics i investigadors debatran i analitzaran la situaci\u00f3 actual d\u2019aquesta planta despr\u00e9s de m\u00e9s de 20 anys d\u2019estudis cient\u00edfics que evidencien que l\u2019\u00fas del c\u00e0nnabis com a complement terap\u00e8utic pot ser efectiu en pacients amb c\u00e0ncer, malalties neurodegeneratives, malalties inflamat\u00f2ries intestinals, ansietat i dolor nervi\u00f3s.\u00a0<\/p>\n<p>Des del punt de vista dels professionals sanitaris, tots aquells que participin durant la primera jornada podran obtenir cr\u00e8dits formatius acreditats pel Consell Catal\u00e0 de Formaci\u00f3 Continuada de les Professions Sanit\u00e0ries.\u00a0<\/p>\n<p>\u00a0<\/p>\n<p>Taules rodones multidisciplin\u00e0ries amb intervencions d\u2019experts de cada mat\u00e8ria<\/p>\n<p>Durant les dues jornades del Congr\u00e9s, es duran a terme diferents taules rodones multidisciplin\u00e0ries que comptaran amb experts de cada mat\u00e8ria.\u00a0<\/p>\n<p>A les confer\u00e8ncies del 6 d\u2019octubre, s\u2019abordar\u00e0 quina \u00e9s la situaci\u00f3 actual del c\u00e0nnabis medicinal, es repassaran els aven\u00e7os cient\u00edfics i el potencial terap\u00e8utic del c\u00e0nnabis, es donaran a con\u00e8ixer les dosis i les vies d\u2019administraci\u00f3 del c\u00e0nnabis medicinal, i tamb\u00e9 es revisaran els avantatges i els riscos de l\u2019autoconsum i de l\u2019autocultiu del c\u00e0nnabis. El 7 d\u2019octubre es comptar\u00e0 amb la participaci\u00f3 de Luc\u00eda Mu\u00f1oz, diputada de Unidas Podemos al Congr\u00e9s dels Diputats per les Illes Balears, que respondr\u00e0 a totes les preguntes de caire legal i jur\u00eddic que li formular\u00e0 Constanza S\u00e1nchez, directora de Lleis i Pol\u00edtica de la Fundaci\u00f3 ICEERS. Unidas Podemos, de fet, ultima una proposta de llei per a realitzar una regulaci\u00f3 integral del c\u00e0nnabis que espera consensuar amb el PSOE. Aix\u00ed mateix, es parlar\u00e0 de les dificultats d\u2019acc\u00e9s al c\u00e0nnabis en temps de COVID-19 i dels obstacles i oportunitats en el futur dels cannabinoides.\u00a0<\/p>\n<p>\u00a0<\/p>\n<p>Necessitat d&#8217;una regulaci\u00f3 espec\u00edfica<\/p>\n<p>La pand\u00e8mia de la COVID-19 posa novament de manifest la precarietat de les persones malaltes que utilitzen el c\u00e0nnabis com a complement terap\u00e8utic, que denuncien que cada vegada \u00e9s m\u00e9s dif\u00edcil accedir-hi. Des de la Fundaci\u00f3 ICEERS recorden que sense una regulaci\u00f3 espec\u00edfica, el pacient i tamb\u00e9 les seves fam\u00edlies i cuidadors estan desprotegits i es veuen obligats a buscar productes de pitjor qualitat i sense controls sanitaris al mercat negre. De fet, segons l\u2019\u00faltima enquesta del Centre d\u2019Investigacions Sociol\u00f2giques (CIS), el 84% de la poblaci\u00f3 est\u00e0 a favor de regular el c\u00e0nnabis medicinal.\u00a0<\/p>\n<p>\u00a0<\/p>\n<p>Visi\u00f3 dels professionals sanitaris i testimonis de pacients que prenen c\u00e0nnabis terap\u00e8utic<\/p>\n<p>CANNABMED posa a disposici\u00f3 de qui ho necessiti testimonis de professionals sanitaris, que aporten la seva visi\u00f3 sobre l\u2019\u00fas terap\u00e8utic del c\u00e0nnabis, i testimonis de persones que prenen c\u00e0nnabis per alleugerir el dolor produ\u00eft per malalties o accidents i els efectes secundaris de tractaments amb quimioter\u00e0pia i radioter\u00e0pia, entre d\u2019altres.\u00a0\u00a0\u00a0COFB.ORG<\/p>\n","protected":false},"excerpt":{"rendered":"<p>\u00a0 La Fundaci\u00f3 ICEERS organitza, juntament amb el Col\u00b7legi de Farmac\u00e8utics de Barcelona (COFB) i la Uni\u00f3 de Pacients per la Regulaci\u00f3 del C\u00e0nnabis (UPRC), la tercera edici\u00f3 del congr\u00e9s de c\u00e0nnabis terap\u00e8utic m\u00e9s important d\u2019Espanya. \u00a0 \u2022 Les confer\u00e8ncies del primer dia (6 d\u2019octubre), adre\u00e7ades principalment a professionals sanitaris, [&hellip;]<\/p>\n","protected":false},"author":1,"featured_media":77101,"comment_status":"","ping_status":"","sticky":false,"template":"","format":"standard","meta":{"_uag_custom_page_level_css":"","site-sidebar-layout":"default","site-content-layout":"","ast-site-content-layout":"default","site-content-style":"default","site-sidebar-style":"default","ast-global-header-display":"","ast-banner-title-visibility":"","ast-main-header-display":"","ast-hfb-above-header-display":"","ast-hfb-below-header-display":"","ast-hfb-mobile-header-display":"","site-post-title":"","ast-breadcrumbs-content":"","ast-featured-img":"disabled","footer-sml-layout":"","theme-transparent-header-meta":"","adv-header-id-meta":"","stick-header-meta":"","header-above-stick-meta":"","header-main-stick-meta":"","header-below-stick-meta":"","astra-migrate-meta-layouts":"default","ast-page-background-enabled":"default","ast-page-background-meta":{"desktop":{"background-color":"var(--ast-global-color-4)","background-image":"","background-repeat":"repeat","background-position":"center center","background-size":"auto","background-attachment":"scroll","background-type":"","background-media":"","overlay-type":"","overlay-color":"","overlay-opacity":"","overlay-gradient":""},"tablet":{"background-color":"","background-image":"","background-repeat":"repeat","background-position":"center center","background-size":"auto","background-attachment":"scroll","background-type":"","background-media":"","overlay-type":"","overlay-color":"","overlay-opacity":"","overlay-gradient":""},"mobile":{"background-color":"","background-image":"","background-repeat":"repeat","background-position":"center center","background-size":"auto","background-attachment":"scroll","background-type":"","background-media":"","overlay-type":"","overlay-color":"","overlay-opacity":"","overlay-gradient":""}},"ast-content-background-meta":{"desktop":{"background-color":"var(--ast-global-color-5)","background-image":"","background-repeat":"repeat","background-position":"center center","background-size":"auto","background-attachment":"scroll","background-type":"","background-media":"","overlay-type":"","overlay-color":"","overlay-opacity":"","overlay-gradient":""},"tablet":{"background-color":"var(--ast-global-color-5)","background-image":"","background-repeat":"repeat","background-position":"center center","background-size":"auto","background-attachment":"scroll","background-type":"","background-media":"","overlay-type":"","overlay-color":"","overlay-opacity":"","overlay-gradient":""},"mobile":{"background-color":"var(--ast-global-color-5)","background-image":"","background-repeat":"repeat","background-position":"center center","background-size":"auto","background-attachment":"scroll","background-type":"","background-media":"","overlay-type":"","overlay-color":"","overlay-opacity":"","overlay-gradient":""}},"footnotes":""},"categories":[1060,1066],"tags":[],"class_list":["post-77100","post","type-post","status-publish","format-standard","has-post-thumbnail","hentry","category-notes-premsa","category-sense-categoria-ca"],"yoast_head":"<!-- This site is optimized with the Yoast SEO plugin v22.4 - https:\/\/yoast.com\/wordpress\/plugins\/seo\/ -->\n<title>La comunitat cient\u00edfica impulsa el debat de l\u2019\u00fas medicinal del c\u00e0nnabis a causa de la creixent reclamaci\u00f3 de metges, farmac\u00e8utics i pacients - Col\u00b7legi de Farmac\u00e8utics de Barcelona<\/title>\n<meta name=\"robots\" content=\"index, follow, max-snippet:-1, max-image-preview:large, max-video-preview:-1\" \/>\n<link rel=\"canonical\" href=\"https:\/\/novaorg.cofb.net\/2020\/09\/29\/la-comunitat-cientifica-impulsa-el-debat-de-lus-medicinal-del-cannabis-a-causa-de-la-creixent-reclamacio-de-metges-farmaceutics-i-pacients\/\" \/>\n<meta property=\"og:locale\" content=\"ca_ES\" \/>\n<meta property=\"og:type\" content=\"article\" \/>\n<meta property=\"og:title\" content=\"La comunitat cient\u00edfica impulsa el debat de l\u2019\u00fas medicinal del c\u00e0nnabis a causa de la creixent reclamaci\u00f3 de metges, farmac\u00e8utics i pacients - Col\u00b7legi de Farmac\u00e8utics de Barcelona\" \/>\n<meta property=\"og:description\" content=\"\u00a0 La Fundaci\u00f3 ICEERS organitza, juntament amb el Col\u00b7legi de Farmac\u00e8utics de Barcelona (COFB) i la Uni\u00f3 de Pacients per la Regulaci\u00f3 del C\u00e0nnabis (UPRC), la tercera edici\u00f3 del congr\u00e9s de c\u00e0nnabis terap\u00e8utic m\u00e9s important d\u2019Espanya. \u00a0 \u2022 Les confer\u00e8ncies del primer dia (6 d\u2019octubre), adre\u00e7ades principalment a professionals sanitaris, [&hellip;]\" \/>\n<meta property=\"og:url\" content=\"https:\/\/novaorg.cofb.net\/2020\/09\/29\/la-comunitat-cientifica-impulsa-el-debat-de-lus-medicinal-del-cannabis-a-causa-de-la-creixent-reclamacio-de-metges-farmaceutics-i-pacients\/\" \/>\n<meta property=\"og:site_name\" content=\"Col\u00b7legi de Farmac\u00e8utics de Barcelona\" \/>\n<meta property=\"article:publisher\" content=\"https:\/\/www.facebook.com\/farmaceuticsbcn\/\" \/>\n<meta property=\"article:published_time\" content=\"2020-09-29T12:43:00+00:00\" \/>\n<meta property=\"og:image\" content=\"https:\/\/novaorg.cofb.net\/wp-content\/uploads\/2020\/09\/d02c853d-1da1-4ce2-b7e2-ae0c6f505196-nRPapJ.jpeg\" \/>\n\t<meta property=\"og:image:width\" content=\"500\" \/>\n\t<meta property=\"og:image:height\" content=\"262\" \/>\n\t<meta property=\"og:image:type\" content=\"image\/jpeg\" \/>\n<meta name=\"author\" content=\"wpAdminCofbOrg\" \/>\n<meta name=\"twitter:card\" content=\"summary_large_image\" \/>\n<meta name=\"twitter:creator\" content=\"@farmaceuticsbcn\" \/>\n<meta name=\"twitter:site\" content=\"@farmaceuticsbcn\" \/>\n<meta name=\"twitter:label1\" content=\"Escrit per\" \/>\n\t<meta name=\"twitter:data1\" content=\"wpAdminCofbOrg\" \/>\n\t<meta name=\"twitter:label2\" content=\"Temps estimat de lectura\" \/>\n\t<meta name=\"twitter:data2\" content=\"8 minuts\" \/>\n<script type=\"application\/ld+json\" class=\"yoast-schema-graph\">{\"@context\":\"https:\/\/schema.org\",\"@graph\":[{\"@type\":\"Article\",\"@id\":\"https:\/\/novaorg.cofb.net\/2020\/09\/29\/la-comunitat-cientifica-impulsa-el-debat-de-lus-medicinal-del-cannabis-a-causa-de-la-creixent-reclamacio-de-metges-farmaceutics-i-pacients\/#article\",\"isPartOf\":{\"@id\":\"https:\/\/novaorg.cofb.net\/2020\/09\/29\/la-comunitat-cientifica-impulsa-el-debat-de-lus-medicinal-del-cannabis-a-causa-de-la-creixent-reclamacio-de-metges-farmaceutics-i-pacients\/\"},\"author\":{\"name\":\"wpAdminCofbOrg\",\"@id\":\"https:\/\/www.cofb.org\/#\/schema\/person\/22ed7eea88da74b0fa4d3154ad87ffcb\"},\"headline\":\"La comunitat cient\u00edfica impulsa el debat de l\u2019\u00fas medicinal del c\u00e0nnabis a causa de la creixent reclamaci\u00f3 de metges, farmac\u00e8utics i pacients\",\"datePublished\":\"2020-09-29T12:43:00+00:00\",\"dateModified\":\"2020-09-29T12:43:00+00:00\",\"mainEntityOfPage\":{\"@id\":\"https:\/\/novaorg.cofb.net\/2020\/09\/29\/la-comunitat-cientifica-impulsa-el-debat-de-lus-medicinal-del-cannabis-a-causa-de-la-creixent-reclamacio-de-metges-farmaceutics-i-pacients\/\"},\"wordCount\":1552,\"publisher\":{\"@id\":\"https:\/\/www.cofb.org\/#organization\"},\"image\":{\"@id\":\"https:\/\/novaorg.cofb.net\/2020\/09\/29\/la-comunitat-cientifica-impulsa-el-debat-de-lus-medicinal-del-cannabis-a-causa-de-la-creixent-reclamacio-de-metges-farmaceutics-i-pacients\/#primaryimage\"},\"thumbnailUrl\":\"https:\/\/www.cofb.org\/wp-content\/uploads\/2020\/09\/d02c853d-1da1-4ce2-b7e2-ae0c6f505196-nRPapJ.jpeg\",\"articleSection\":[\"Notes de premsa\"],\"inLanguage\":\"ca\"},{\"@type\":\"WebPage\",\"@id\":\"https:\/\/novaorg.cofb.net\/2020\/09\/29\/la-comunitat-cientifica-impulsa-el-debat-de-lus-medicinal-del-cannabis-a-causa-de-la-creixent-reclamacio-de-metges-farmaceutics-i-pacients\/\",\"url\":\"https:\/\/novaorg.cofb.net\/2020\/09\/29\/la-comunitat-cientifica-impulsa-el-debat-de-lus-medicinal-del-cannabis-a-causa-de-la-creixent-reclamacio-de-metges-farmaceutics-i-pacients\/\",\"name\":\"La comunitat cient\u00edfica impulsa el debat de l\u2019\u00fas medicinal del c\u00e0nnabis a causa de la creixent reclamaci\u00f3 de metges, farmac\u00e8utics i pacients - Col\u00b7legi de Farmac\u00e8utics de Barcelona\",\"isPartOf\":{\"@id\":\"https:\/\/www.cofb.org\/#website\"},\"primaryImageOfPage\":{\"@id\":\"https:\/\/novaorg.cofb.net\/2020\/09\/29\/la-comunitat-cientifica-impulsa-el-debat-de-lus-medicinal-del-cannabis-a-causa-de-la-creixent-reclamacio-de-metges-farmaceutics-i-pacients\/#primaryimage\"},\"image\":{\"@id\":\"https:\/\/novaorg.cofb.net\/2020\/09\/29\/la-comunitat-cientifica-impulsa-el-debat-de-lus-medicinal-del-cannabis-a-causa-de-la-creixent-reclamacio-de-metges-farmaceutics-i-pacients\/#primaryimage\"},\"thumbnailUrl\":\"https:\/\/www.cofb.org\/wp-content\/uploads\/2020\/09\/d02c853d-1da1-4ce2-b7e2-ae0c6f505196-nRPapJ.jpeg\",\"datePublished\":\"2020-09-29T12:43:00+00:00\",\"dateModified\":\"2020-09-29T12:43:00+00:00\",\"breadcrumb\":{\"@id\":\"https:\/\/novaorg.cofb.net\/2020\/09\/29\/la-comunitat-cientifica-impulsa-el-debat-de-lus-medicinal-del-cannabis-a-causa-de-la-creixent-reclamacio-de-metges-farmaceutics-i-pacients\/#breadcrumb\"},\"inLanguage\":\"ca\",\"potentialAction\":[{\"@type\":\"ReadAction\",\"target\":[\"https:\/\/novaorg.cofb.net\/2020\/09\/29\/la-comunitat-cientifica-impulsa-el-debat-de-lus-medicinal-del-cannabis-a-causa-de-la-creixent-reclamacio-de-metges-farmaceutics-i-pacients\/\"]}]},{\"@type\":\"ImageObject\",\"inLanguage\":\"ca\",\"@id\":\"https:\/\/novaorg.cofb.net\/2020\/09\/29\/la-comunitat-cientifica-impulsa-el-debat-de-lus-medicinal-del-cannabis-a-causa-de-la-creixent-reclamacio-de-metges-farmaceutics-i-pacients\/#primaryimage\",\"url\":\"https:\/\/www.cofb.org\/wp-content\/uploads\/2020\/09\/d02c853d-1da1-4ce2-b7e2-ae0c6f505196-nRPapJ.jpeg\",\"contentUrl\":\"https:\/\/www.cofb.org\/wp-content\/uploads\/2020\/09\/d02c853d-1da1-4ce2-b7e2-ae0c6f505196-nRPapJ.jpeg\",\"width\":500,\"height\":262},{\"@type\":\"BreadcrumbList\",\"@id\":\"https:\/\/novaorg.cofb.net\/2020\/09\/29\/la-comunitat-cientifica-impulsa-el-debat-de-lus-medicinal-del-cannabis-a-causa-de-la-creixent-reclamacio-de-metges-farmaceutics-i-pacients\/#breadcrumb\",\"itemListElement\":[{\"@type\":\"ListItem\",\"position\":1,\"name\":\"Inici\",\"item\":\"https:\/\/novaorg.cofb.net\/\"},{\"@type\":\"ListItem\",\"position\":2,\"name\":\"La comunitat cient\u00edfica impulsa el debat de l\u2019\u00fas medicinal del c\u00e0nnabis a causa de la creixent reclamaci\u00f3 de metges, farmac\u00e8utics i pacients\"}]},{\"@type\":\"WebSite\",\"@id\":\"https:\/\/www.cofb.org\/#website\",\"url\":\"https:\/\/www.cofb.org\/\",\"name\":\"Col\u00b7legi de Farmac\u00e8utics de Barcelona\",\"description\":\"\",\"publisher\":{\"@id\":\"https:\/\/www.cofb.org\/#organization\"},\"potentialAction\":[{\"@type\":\"SearchAction\",\"target\":{\"@type\":\"EntryPoint\",\"urlTemplate\":\"https:\/\/www.cofb.org\/?s={search_term_string}\"},\"query-input\":\"required name=search_term_string\"}],\"inLanguage\":\"ca\"},{\"@type\":\"Organization\",\"@id\":\"https:\/\/www.cofb.org\/#organization\",\"name\":\"Col\u00b7legi de Farmac\u00e8utics de Barcelona\",\"url\":\"https:\/\/www.cofb.org\/\",\"logo\":{\"@type\":\"ImageObject\",\"inLanguage\":\"ca\",\"@id\":\"https:\/\/www.cofb.org\/#\/schema\/logo\/image\/\",\"url\":\"https:\/\/www.cofb.org\/wp-content\/uploads\/2023\/11\/cropped-Logotip-COFB.png\",\"contentUrl\":\"https:\/\/www.cofb.org\/wp-content\/uploads\/2023\/11\/cropped-Logotip-COFB.png\",\"width\":500,\"height\":105,\"caption\":\"Col\u00b7legi de Farmac\u00e8utics de Barcelona\"},\"image\":{\"@id\":\"https:\/\/www.cofb.org\/#\/schema\/logo\/image\/\"},\"sameAs\":[\"https:\/\/www.facebook.com\/farmaceuticsbcn\/\",\"https:\/\/twitter.com\/farmaceuticsbcn\",\"https:\/\/www.instagram.com\/farmaceuticsbcn\/\",\"https:\/\/www.linkedin.com\/company\/farmaceuticsbcn\/\"]},{\"@type\":\"Person\",\"@id\":\"https:\/\/www.cofb.org\/#\/schema\/person\/22ed7eea88da74b0fa4d3154ad87ffcb\",\"name\":\"wpAdminCofbOrg\",\"image\":{\"@type\":\"ImageObject\",\"inLanguage\":\"ca\",\"@id\":\"https:\/\/www.cofb.org\/#\/schema\/person\/image\/\",\"url\":\"https:\/\/secure.gravatar.com\/avatar\/1721b20b3b8ca882c3b56ec6c978c594fff670e40c0718e9190eaeeb76aae7d8?s=96&d=mm&r=g\",\"contentUrl\":\"https:\/\/secure.gravatar.com\/avatar\/1721b20b3b8ca882c3b56ec6c978c594fff670e40c0718e9190eaeeb76aae7d8?s=96&d=mm&r=g\",\"caption\":\"wpAdminCofbOrg\"},\"sameAs\":[\"http:\/\/192.168.64.122\/wordpress\"],\"url\":\"https:\/\/www.cofb.org\/ca\/author\/wpadmincofborg\/\"}]}<\/script>\n<!-- \/ Yoast SEO plugin. -->","yoast_head_json":{"title":"La comunitat cient\u00edfica impulsa el debat de l\u2019\u00fas medicinal del c\u00e0nnabis a causa de la creixent reclamaci\u00f3 de metges, farmac\u00e8utics i pacients - Col\u00b7legi de Farmac\u00e8utics de Barcelona","robots":{"index":"index","follow":"follow","max-snippet":"max-snippet:-1","max-image-preview":"max-image-preview:large","max-video-preview":"max-video-preview:-1"},"canonical":"https:\/\/novaorg.cofb.net\/2020\/09\/29\/la-comunitat-cientifica-impulsa-el-debat-de-lus-medicinal-del-cannabis-a-causa-de-la-creixent-reclamacio-de-metges-farmaceutics-i-pacients\/","og_locale":"ca_ES","og_type":"article","og_title":"La comunitat cient\u00edfica impulsa el debat de l\u2019\u00fas medicinal del c\u00e0nnabis a causa de la creixent reclamaci\u00f3 de metges, farmac\u00e8utics i pacients - Col\u00b7legi de Farmac\u00e8utics de Barcelona","og_description":"\u00a0 La Fundaci\u00f3 ICEERS organitza, juntament amb el Col\u00b7legi de Farmac\u00e8utics de Barcelona (COFB) i la Uni\u00f3 de Pacients per la Regulaci\u00f3 del C\u00e0nnabis (UPRC), la tercera edici\u00f3 del congr\u00e9s de c\u00e0nnabis terap\u00e8utic m\u00e9s important d\u2019Espanya. \u00a0 \u2022 Les confer\u00e8ncies del primer dia (6 d\u2019octubre), adre\u00e7ades principalment a professionals sanitaris, [&hellip;]","og_url":"https:\/\/novaorg.cofb.net\/2020\/09\/29\/la-comunitat-cientifica-impulsa-el-debat-de-lus-medicinal-del-cannabis-a-causa-de-la-creixent-reclamacio-de-metges-farmaceutics-i-pacients\/","og_site_name":"Col\u00b7legi de Farmac\u00e8utics de Barcelona","article_publisher":"https:\/\/www.facebook.com\/farmaceuticsbcn\/","article_published_time":"2020-09-29T12:43:00+00:00","og_image":[{"width":500,"height":262,"url":"https:\/\/novaorg.cofb.net\/wp-content\/uploads\/2020\/09\/d02c853d-1da1-4ce2-b7e2-ae0c6f505196-nRPapJ.jpeg","type":"image\/jpeg"}],"author":"wpAdminCofbOrg","twitter_card":"summary_large_image","twitter_creator":"@farmaceuticsbcn","twitter_site":"@farmaceuticsbcn","twitter_misc":{"Escrit per":"wpAdminCofbOrg","Temps estimat de lectura":"8 minuts"},"schema":{"@context":"https:\/\/schema.org","@graph":[{"@type":"Article","@id":"https:\/\/novaorg.cofb.net\/2020\/09\/29\/la-comunitat-cientifica-impulsa-el-debat-de-lus-medicinal-del-cannabis-a-causa-de-la-creixent-reclamacio-de-metges-farmaceutics-i-pacients\/#article","isPartOf":{"@id":"https:\/\/novaorg.cofb.net\/2020\/09\/29\/la-comunitat-cientifica-impulsa-el-debat-de-lus-medicinal-del-cannabis-a-causa-de-la-creixent-reclamacio-de-metges-farmaceutics-i-pacients\/"},"author":{"name":"wpAdminCofbOrg","@id":"https:\/\/www.cofb.org\/#\/schema\/person\/22ed7eea88da74b0fa4d3154ad87ffcb"},"headline":"La comunitat cient\u00edfica impulsa el debat de l\u2019\u00fas medicinal del c\u00e0nnabis a causa de la creixent reclamaci\u00f3 de metges, farmac\u00e8utics i pacients","datePublished":"2020-09-29T12:43:00+00:00","dateModified":"2020-09-29T12:43:00+00:00","mainEntityOfPage":{"@id":"https:\/\/novaorg.cofb.net\/2020\/09\/29\/la-comunitat-cientifica-impulsa-el-debat-de-lus-medicinal-del-cannabis-a-causa-de-la-creixent-reclamacio-de-metges-farmaceutics-i-pacients\/"},"wordCount":1552,"publisher":{"@id":"https:\/\/www.cofb.org\/#organization"},"image":{"@id":"https:\/\/novaorg.cofb.net\/2020\/09\/29\/la-comunitat-cientifica-impulsa-el-debat-de-lus-medicinal-del-cannabis-a-causa-de-la-creixent-reclamacio-de-metges-farmaceutics-i-pacients\/#primaryimage"},"thumbnailUrl":"https:\/\/www.cofb.org\/wp-content\/uploads\/2020\/09\/d02c853d-1da1-4ce2-b7e2-ae0c6f505196-nRPapJ.jpeg","articleSection":["Notes de premsa"],"inLanguage":"ca"},{"@type":"WebPage","@id":"https:\/\/novaorg.cofb.net\/2020\/09\/29\/la-comunitat-cientifica-impulsa-el-debat-de-lus-medicinal-del-cannabis-a-causa-de-la-creixent-reclamacio-de-metges-farmaceutics-i-pacients\/","url":"https:\/\/novaorg.cofb.net\/2020\/09\/29\/la-comunitat-cientifica-impulsa-el-debat-de-lus-medicinal-del-cannabis-a-causa-de-la-creixent-reclamacio-de-metges-farmaceutics-i-pacients\/","name":"La comunitat cient\u00edfica impulsa el debat de l\u2019\u00fas medicinal del c\u00e0nnabis a causa de la creixent reclamaci\u00f3 de metges, farmac\u00e8utics i pacients - Col\u00b7legi de Farmac\u00e8utics de Barcelona","isPartOf":{"@id":"https:\/\/www.cofb.org\/#website"},"primaryImageOfPage":{"@id":"https:\/\/novaorg.cofb.net\/2020\/09\/29\/la-comunitat-cientifica-impulsa-el-debat-de-lus-medicinal-del-cannabis-a-causa-de-la-creixent-reclamacio-de-metges-farmaceutics-i-pacients\/#primaryimage"},"image":{"@id":"https:\/\/novaorg.cofb.net\/2020\/09\/29\/la-comunitat-cientifica-impulsa-el-debat-de-lus-medicinal-del-cannabis-a-causa-de-la-creixent-reclamacio-de-metges-farmaceutics-i-pacients\/#primaryimage"},"thumbnailUrl":"https:\/\/www.cofb.org\/wp-content\/uploads\/2020\/09\/d02c853d-1da1-4ce2-b7e2-ae0c6f505196-nRPapJ.jpeg","datePublished":"2020-09-29T12:43:00+00:00","dateModified":"2020-09-29T12:43:00+00:00","breadcrumb":{"@id":"https:\/\/novaorg.cofb.net\/2020\/09\/29\/la-comunitat-cientifica-impulsa-el-debat-de-lus-medicinal-del-cannabis-a-causa-de-la-creixent-reclamacio-de-metges-farmaceutics-i-pacients\/#breadcrumb"},"inLanguage":"ca","potentialAction":[{"@type":"ReadAction","target":["https:\/\/novaorg.cofb.net\/2020\/09\/29\/la-comunitat-cientifica-impulsa-el-debat-de-lus-medicinal-del-cannabis-a-causa-de-la-creixent-reclamacio-de-metges-farmaceutics-i-pacients\/"]}]},{"@type":"ImageObject","inLanguage":"ca","@id":"https:\/\/novaorg.cofb.net\/2020\/09\/29\/la-comunitat-cientifica-impulsa-el-debat-de-lus-medicinal-del-cannabis-a-causa-de-la-creixent-reclamacio-de-metges-farmaceutics-i-pacients\/#primaryimage","url":"https:\/\/www.cofb.org\/wp-content\/uploads\/2020\/09\/d02c853d-1da1-4ce2-b7e2-ae0c6f505196-nRPapJ.jpeg","contentUrl":"https:\/\/www.cofb.org\/wp-content\/uploads\/2020\/09\/d02c853d-1da1-4ce2-b7e2-ae0c6f505196-nRPapJ.jpeg","width":500,"height":262},{"@type":"BreadcrumbList","@id":"https:\/\/novaorg.cofb.net\/2020\/09\/29\/la-comunitat-cientifica-impulsa-el-debat-de-lus-medicinal-del-cannabis-a-causa-de-la-creixent-reclamacio-de-metges-farmaceutics-i-pacients\/#breadcrumb","itemListElement":[{"@type":"ListItem","position":1,"name":"Inici","item":"https:\/\/novaorg.cofb.net\/"},{"@type":"ListItem","position":2,"name":"La comunitat cient\u00edfica impulsa el debat de l\u2019\u00fas medicinal del c\u00e0nnabis a causa de la creixent reclamaci\u00f3 de metges, farmac\u00e8utics i pacients"}]},{"@type":"WebSite","@id":"https:\/\/www.cofb.org\/#website","url":"https:\/\/www.cofb.org\/","name":"Col\u00b7legi de Farmac\u00e8utics de Barcelona","description":"","publisher":{"@id":"https:\/\/www.cofb.org\/#organization"},"potentialAction":[{"@type":"SearchAction","target":{"@type":"EntryPoint","urlTemplate":"https:\/\/www.cofb.org\/?s={search_term_string}"},"query-input":"required name=search_term_string"}],"inLanguage":"ca"},{"@type":"Organization","@id":"https:\/\/www.cofb.org\/#organization","name":"Col\u00b7legi de Farmac\u00e8utics de Barcelona","url":"https:\/\/www.cofb.org\/","logo":{"@type":"ImageObject","inLanguage":"ca","@id":"https:\/\/www.cofb.org\/#\/schema\/logo\/image\/","url":"https:\/\/www.cofb.org\/wp-content\/uploads\/2023\/11\/cropped-Logotip-COFB.png","contentUrl":"https:\/\/www.cofb.org\/wp-content\/uploads\/2023\/11\/cropped-Logotip-COFB.png","width":500,"height":105,"caption":"Col\u00b7legi de Farmac\u00e8utics de Barcelona"},"image":{"@id":"https:\/\/www.cofb.org\/#\/schema\/logo\/image\/"},"sameAs":["https:\/\/www.facebook.com\/farmaceuticsbcn\/","https:\/\/twitter.com\/farmaceuticsbcn","https:\/\/www.instagram.com\/farmaceuticsbcn\/","https:\/\/www.linkedin.com\/company\/farmaceuticsbcn\/"]},{"@type":"Person","@id":"https:\/\/www.cofb.org\/#\/schema\/person\/22ed7eea88da74b0fa4d3154ad87ffcb","name":"wpAdminCofbOrg","image":{"@type":"ImageObject","inLanguage":"ca","@id":"https:\/\/www.cofb.org\/#\/schema\/person\/image\/","url":"https:\/\/secure.gravatar.com\/avatar\/1721b20b3b8ca882c3b56ec6c978c594fff670e40c0718e9190eaeeb76aae7d8?s=96&d=mm&r=g","contentUrl":"https:\/\/secure.gravatar.com\/avatar\/1721b20b3b8ca882c3b56ec6c978c594fff670e40c0718e9190eaeeb76aae7d8?s=96&d=mm&r=g","caption":"wpAdminCofbOrg"},"sameAs":["http:\/\/192.168.64.122\/wordpress"],"url":"https:\/\/www.cofb.org\/ca\/author\/wpadmincofborg\/"}]}},"uagb_featured_image_src":{"full":["https:\/\/www.cofb.org\/wp-content\/uploads\/2020\/09\/d02c853d-1da1-4ce2-b7e2-ae0c6f505196-nRPapJ.jpeg",500,262,false],"thumbnail":["https:\/\/www.cofb.org\/wp-content\/uploads\/2020\/09\/d02c853d-1da1-4ce2-b7e2-ae0c6f505196-nRPapJ-150x150.jpeg",150,150,true],"medium":["https:\/\/www.cofb.org\/wp-content\/uploads\/2020\/09\/d02c853d-1da1-4ce2-b7e2-ae0c6f505196-nRPapJ-300x157.jpeg",300,157,true],"medium_large":["https:\/\/www.cofb.org\/wp-content\/uploads\/2020\/09\/d02c853d-1da1-4ce2-b7e2-ae0c6f505196-nRPapJ.jpeg",500,262,false],"large":["https:\/\/www.cofb.org\/wp-content\/uploads\/2020\/09\/d02c853d-1da1-4ce2-b7e2-ae0c6f505196-nRPapJ.jpeg",500,262,false],"1536x1536":["https:\/\/www.cofb.org\/wp-content\/uploads\/2020\/09\/d02c853d-1da1-4ce2-b7e2-ae0c6f505196-nRPapJ.jpeg",500,262,false],"2048x2048":["https:\/\/www.cofb.org\/wp-content\/uploads\/2020\/09\/d02c853d-1da1-4ce2-b7e2-ae0c6f505196-nRPapJ.jpeg",500,262,false],"trp-custom-language-flag":["https:\/\/www.cofb.org\/wp-content\/uploads\/2020\/09\/d02c853d-1da1-4ce2-b7e2-ae0c6f505196-nRPapJ-18x9.jpeg",18,9,true]},"uagb_author_info":{"display_name":"wpAdminCofbOrg","author_link":"https:\/\/www.cofb.org\/ca\/author\/wpadmincofborg\/"},"uagb_comment_info":0,"uagb_excerpt":"\u00a0 La Fundaci\u00f3 ICEERS organitza, juntament amb el Col\u00b7legi de Farmac\u00e8utics de Barcelona (COFB) i la Uni\u00f3 de Pacients per la Regulaci\u00f3 del C\u00e0nnabis (UPRC), la tercera edici\u00f3 del congr\u00e9s de c\u00e0nnabis terap\u00e8utic m\u00e9s important d\u2019Espanya. \u00a0 \u2022 Les confer\u00e8ncies del primer dia (6 d\u2019octubre), adre\u00e7ades principalment a professionals sanitaris, [&hellip;]","_links":{"self":[{"href":"https:\/\/www.cofb.org\/ca\/wp-json\/wp\/v2\/posts\/77100","targetHints":{"allow":["GET"]}}],"collection":[{"href":"https:\/\/www.cofb.org\/ca\/wp-json\/wp\/v2\/posts"}],"about":[{"href":"https:\/\/www.cofb.org\/ca\/wp-json\/wp\/v2\/types\/post"}],"author":[{"embeddable":true,"href":"https:\/\/www.cofb.org\/ca\/wp-json\/wp\/v2\/users\/1"}],"replies":[{"embeddable":true,"href":"https:\/\/www.cofb.org\/ca\/wp-json\/wp\/v2\/comments?post=77100"}],"version-history":[{"count":0,"href":"https:\/\/www.cofb.org\/ca\/wp-json\/wp\/v2\/posts\/77100\/revisions"}],"wp:featuredmedia":[{"embeddable":true,"href":"https:\/\/www.cofb.org\/ca\/wp-json\/wp\/v2\/media\/77101"}],"wp:attachment":[{"href":"https:\/\/www.cofb.org\/ca\/wp-json\/wp\/v2\/media?parent=77100"}],"wp:term":[{"taxonomy":"category","embeddable":true,"href":"https:\/\/www.cofb.org\/ca\/wp-json\/wp\/v2\/categories?post=77100"},{"taxonomy":"post_tag","embeddable":true,"href":"https:\/\/www.cofb.org\/ca\/wp-json\/wp\/v2\/tags?post=77100"}],"curies":[{"name":"wp","href":"https:\/\/api.w.org\/{rel}","templated":true}]}}