{"id":77098,"date":"2020-10-07T18:02:00","date_gmt":"2020-10-07T18:02:00","guid":{"rendered":"https:\/\/novaorg.cofb.net\/2020\/10\/07\/cannabmed2020-reclama-un-marc-de-treball-conjunt-dagents-i-entitats-per-reivindicar-la-regularitzacio-del-cannabis-medicinal\/"},"modified":"2020-10-07T18:02:00","modified_gmt":"2020-10-07T18:02:00","slug":"cannabmed2020-reclama-un-marc-de-treball-conjunt-dagents-i-entitats-per-reivindicar-la-regularitzacio-del-cannabis-medicinal","status":"publish","type":"post","link":"https:\/\/www.cofb.org\/ca\/2020\/10\/07\/cannabmed2020-reclama-un-marc-de-treball-conjunt-dagents-i-entitats-per-reivindicar-la-regularitzacio-del-cannabis-medicinal\/","title":{"rendered":"CANNABMED2020 reclama un marc de treball conjunt d\u2019agents i entitats per reivindicar la regularitzaci\u00f3 del c\u00e0nnabis medicinal"},"content":{"rendered":"<p>\u00a0<\/p>\n<div>\u2022<span> <\/span>Associacions de pacients, societats cient\u00edfiques, corporacions de professionals sanitaris i la ind\u00fastria farmac\u00e8utica debaten al voltant dels avantatges i les oportunitats del c\u00e0nnabis medicinal<\/div>\n<div>\u2022<span> <\/span>700 persones s\u2019inscriuen per seguir el congr\u00e9s online, de les quals m\u00e9s del 60% s\u00f3n professionals de la salut\u00a0<\/div>\n<div>\u00a0<\/div>\n<div><img decoding=\"async\" alt=\"\" src=\"https:\/\/www.cofb.org\/documents\/10136\/1091470\/Cannabmed+NP.jpg\/5cb261b8-f4c9-4d3a-b5e9-c547842fca3e?t=1602087600479\"><\/div>\n<div>\u00a0<\/div>\n<div><em>Barcelona, 7 d\u2019octubre de 2020<\/em>. El Col\u00b7legi de Farmac\u00e8utics de Barcelona (COFB) ha acollit la primera jornada de CANNABMED2020, celebrada ahir en format virtual, amb l\u2019objectiu de portar a debat l\u2019\u00fas sanitari del c\u00e0nnabis medicinal. \u00d2scar Par\u00e9s, subdirector de la Fundaci\u00f3 ICEERS, Guillermo Bagar\u00eda, vocal d\u2019Oficina de Farm\u00e0cia del COFB, i Queralt Prat, presidenta de la Uni\u00f3 de Pacients per la Regulaci\u00f3 del C\u00e0nnabis (UPRC) han coincidit a senyalar que en el futur l\u2019acc\u00e9s al c\u00e0nnabis medicinal hauria de realitzar-se sempre amb seguiment m\u00e8dic i garantint un producte de qualitat.<\/div>\n<div>La primera jornada de CANNABMED2020 va comptar amb la inscripci\u00f3 de m\u00e9s de 700 persones, de les quals 210 eren farmac\u00e8utics, 175 eren metges i 42 infermers.\u00a0\u00a0<\/div>\n<div>\u00a0<\/div>\n<div><strong>Situaci\u00f3 actual del c\u00e0nnabis medicinal<\/strong><\/div>\n<div><strong>Manel Rabanal<\/strong>, cap del servei d\u2019Ordenaci\u00f3 i Qualitat Farmac\u00e8utiques del Departament de Salut de la Generalitat de Catalunya, ha explicat les iniciatives del Departament de Salut en aquest \u00e0mbit, com una revisi\u00f3 sistem\u00e0tica de l\u2019evid\u00e8ncia cient\u00edfica i el desenvolupament de tres estudis: SEGUIVEX, SATEME i SEGUIVEX-SATEME amb pacients que no responien a cap tractament conegut. Rabanal considera que en el futur \u00e9s necessari potenciar l\u2019evid\u00e8ncia cient\u00edfica i aconseguir consensos amb les administracions i les ag\u00e8ncies reguladores.\u00a0<\/div>\n<div>\u00a0<\/div>\n<div>Per la seva part, <strong>Kenzi Riboulet<\/strong>, expert en processos de regulaci\u00f3 de l\u2019OMS i la ONU, ha recalcat la idea de que els productes relacionats amb el c\u00e0nnabis estan fiscalitzats de diferent manera depenent del pa\u00eds.\u00a0<\/div>\n<div>Janosch Kratz, metge a la Cl\u00ednica Kalapa de Barcelona, ha traslladat l\u2019experi\u00e8ncia viscuda a Alemanya, on tots els metges poden receptar medicaments amb cannabinoides, excepte els dentistes i els veterinaris.\u00a0<\/div>\n<div>\u00a0<\/div>\n<div>Finalment, <strong>Mireia Ventura<\/strong>, directora dels serveis d\u2019an\u00e0lisi d\u2019Energy Control, ha explicat que els seus an\u00e0lisis permeten con\u00e8ixer la composici\u00f3 dels cannabinoides i altres compostos. \u201cEn els \u00faltims anys hem vist un lleuger descens de la quantitat de THC. El CBD \u00e9s un valor que creix: des del 2011 s\u2019ha vist un augment de la seva pres\u00e8ncia\u201d.\u00a0<\/div>\n<div>\u00a0<\/div>\n<div><strong>Aven\u00e7os cient\u00edfics del potencial terap\u00e8utic del c\u00e0nnabis<\/strong><\/div>\n<div><strong>Carlos Goicoechea<\/strong>, catedr\u00e0tic de farmacologia de la Universitat Rey Juan Carlos, ha parlat de com interactua el sistema endocannabinoide hum\u00e0 amb el dolor, concloent que \u201cexisteix evid\u00e8ncia cient\u00edfica: els cannabinoides redueixen alguns tipus de dolor\u201d. Goicoechea afirma que el c\u00e0nnabis medicinal permet reduir dolors neurop\u00e0tics, quan existeix un dany en el teixit nervi\u00f3s.\u00a0<\/div>\n<div>\u00a0<\/div>\n<div><strong>Mariano Garc\u00eda de Palau<\/strong>, director m\u00e8dic a la Cl\u00ednica Kalapa, parlant de la relaci\u00f3 amb el c\u00e0ncer, considera que \u201cel c\u00e0nnabis medicinal ha de ser un complement al tractament oncol\u00f2gic\u201d. Entre els avantatges que veu Garc\u00eda de Palau, afirma que amb el c\u00e0nnabis terap\u00e8utic \u201cevitem la polimedicaci\u00f3, podem treballar amb altres f\u00e0rmacs, regulem la son i redu\u00efm costos de tractament\u201d.\u00a0<\/div>\n<div>\u00a0<\/div>\n<div><strong>Hari Bhathal<\/strong>, neur\u00f2leg especialista en epil\u00e8psia, va destacar que \u201cel CBD t\u00e9 dades precl\u00edniques que apunten a l\u2019efic\u00e0cia epil\u00e8ptica a trav\u00e9s de diferents mecanismes, mentre que dades cl\u00edniques controlades mostren una reducci\u00f3 estad\u00edsticament significativa de crisis en pacients amb epil\u00e8psia farmacorresistent\u201d.\u00a0\u00a0<\/div>\n<div>\u00a0<\/div>\n<div>Per acabar, <strong>Jos\u00e9 Carlos Bouso<\/strong>, director cient\u00edfic de la Fundaci\u00f3 ICEERS ha concl\u00f2s: \u201cEl c\u00e0nnabis porta m\u00e9s temps que la medicina basada en l\u2019evid\u00e8ncia, no s\u2019ajusta als seus est\u00e0ndards perqu\u00e8 t\u00e9 una farmacologia err\u00e0tica\u201d.\u00a0<\/div>\n<div>\u00a0<\/div>\n<div><strong>Dosificaci\u00f3, biodisponibilitat i vies d\u2019administraci\u00f3<\/strong><\/div>\n<div><strong>Maria Perell\u00f3<\/strong>, responsable del Centre d\u2019Informaci\u00f3 del Medicament del COFB, ha analitzat el sistema endocannabinoide, recordant que els cannabinoides end\u00f2gens s\u00f3n \u00e0cids grassos poliinsaturats de cadena llarga que s\u2019uneixen a receptors espec\u00edfics, actuant com a neuromoduladors de diferents processos fisiol\u00f2gics.<\/div>\n<div>\u00a0<\/div>\n<div><strong>Gen\u00eds O\u00f1a<\/strong>, investigador de la Fundaci\u00f3 ICEERS, ha definit el concepte d\u2019efecte s\u00e8quit i ha valorat la seva utilitat en la investigaci\u00f3 contempor\u00e0nia.\u00a0<\/div>\n<div>\u00a0<\/div>\n<div>Per la seva part, <strong>Ariadna Crusellas<\/strong>, presidenta d\u2019APROFARM (Associaci\u00f3 Professional Independent de Farmac\u00e8utics Formuladors) afirma que la formulaci\u00f3 individualitzada \u00e9s important quan parlem de c\u00e0nnabis medicinal perqu\u00e8 \u201cpodem ajustar les concentracions i determinar les seves proporcions segons les necessitats dels pacients, podem eliminar riscos i variabilitats i podem realitzar una elaboraci\u00f3 personalitzada i revisada per professionals sanitaris\u201d.\u00a0\u00a0<\/div>\n<div>\u00a0<\/div>\n<div><strong>Mag\u00ed Farr\u00e9,<\/strong> cap del servei de Farmacologia Cl\u00ednica de l\u2019Hospital Universitari Germans Trias i Pujol de Badalona ha tancat la taula recordant que \u201cel c\u00e0nnabis no \u00e9s homogeni: es una subst\u00e0ncia natural que pot ser que cadasc\u00fa planti per a que tingui unes propietats espec\u00edfiques. Existeix una gran varietat de contingut\u201d.\u00a0<\/div>\n<div>\u00a0<\/div>\n<div><strong>Autoconsum i auto cultiu: avantatges i riscos\u00a0<\/strong><\/div>\n<div><strong>Josep Allu\u00e9<\/strong>, vocal de Plantes Medicinals i Homeopatia del COFB, ha evidenciat una problem\u00e0tica clau de l\u2019auto cultiu: la pres\u00e8ncia de metalls pesats, pesticides, insectes i insecticides a les plantes canvien la seva composici\u00f3, convertint-se en un problema perqu\u00e8 \u201cles plantes cultivades no tenen l\u2019efecte desitjat\u201d.\u00a0<\/div>\n<div>\u00a0<\/div>\n<div><strong>I\u00f1aki Garc\u00eda<\/strong>, director t\u00e8cnic i cient\u00edfic del laboratori Fundaci\u00f3n Canna ha recordat que \u201cabastir un medicament a trav\u00e9s de l\u2019autocultiu \u00e9s pr\u00e0cticament impossible\u201d.<\/div>\n<div>\u00a0<\/div>\n<div><strong>Alberto Sainz<\/strong>, psic\u00f2leg i investigador cl\u00ednic de GH Medical, ha recordat que el cost de tenir un producte medicinal fet a casa \u00e9s molt m\u00e9s barat, mentre que la ind\u00fastria farmac\u00e8utica t\u00e9 uns costos afegits, com els permisos, l\u2019estandarditzaci\u00f3 dels processos i la seguretat. Com a soluci\u00f3 al problema de que el cultiu del c\u00e0nnabis medicinal no estigui estandarditzat ha proposat la utilitzaci\u00f3 de plantes mare: \u201ccultivar in vitro i sense micropigmentaci\u00f3 per obtenir sempre la mateixa planta amb els mateixos par\u00e0metres\u201d.\u00a0<\/div>\n<div>\u00a0<\/div>\n<div><strong>Reivindicant la regulaci\u00f3 de l\u2019\u00fas medicinal del c\u00e0nnabis\u00a0<\/strong><\/div>\n<div>Tot seguit, va tenir lloc un di\u00e0leg entre Guillermo Bagar\u00eda i Salvador Ca\u00f1igueral, vicepresident de la farmacopea europea, que va explicar en qu\u00e8 consistia la farmacopea Europea, ressaltant que \u00e9s \u201cd\u2019obligatori compliment\u201d pels pa\u00efsos membres de la Uni\u00f3 Europea un cop s\u2019aprovi.\u00a0<\/div>\n<div>\u00a0<\/div>\n<div>Finalment, es va donar pas a les conclusions de la primera jornada de CANNABMED2020 on, entre altres aspectes, es va remarcar de nou la necessitat de definir un marc de col\u00b7laboraci\u00f3 conjunt entre associacions de pacients, societats cient\u00edfiques, corporacions de professionals sanitaris i ind\u00fastria farmac\u00e8utica per avan\u00e7ar respecte a la situaci\u00f3 actual i reivindicar, dins del context sanitari, l\u2019\u00fas medicinal del c\u00e0nnabis.\u00a0\u00a0<\/div>\n<p>\u00a0\u2022 Associacions de pacients, societats cient\u00edfiques, corporacions de professionals sanitaris i la ind\u00fastria farmac\u00e8utica debaten al voltant dels avantatges i les oportunitats del c\u00e0nnabis medicinal<\/p>\n<p>\u2022 700 persones s\u2019inscriuen per seguir el congr\u00e9s online, de les quals m\u00e9s del 60% s\u00f3n professionals de la salut\u00a0<\/p>\n<p>\u00a0<\/p>\n<p>\u00a0<\/p>\n<p>Barcelona, 7 d\u2019octubre de 2020. El Col\u00b7legi de Farmac\u00e8utics de Barcelona (COFB) ha acollit la primera jornada de CANNABMED2020, celebrada ahir en format virtual, amb l\u2019objectiu de portar a debat l\u2019\u00fas sanitari del c\u00e0nnabis medicinal. \u00d2scar Par\u00e9s, subdirector de la Fundaci\u00f3 ICEERS, Guillermo Bagar\u00eda, vocal d\u2019Oficina de Farm\u00e0cia del COFB, i Queralt Prat, presidenta de la Uni\u00f3 de Pacients per la Regulaci\u00f3 del C\u00e0nnabis (UPRC) han coincidit a senyalar que en el futur l\u2019acc\u00e9s al c\u00e0nnabis medicinal hauria de realitzar-se sempre amb seguiment m\u00e8dic i garantint un producte de qualitat.<\/p>\n<p>La primera jornada de CANNABMED2020 va comptar amb la inscripci\u00f3 de m\u00e9s de 700 persones, de les quals 210 eren farmac\u00e8utics, 175 eren metges i 42 infermers.\u00a0\u00a0<\/p>\n<p>\u00a0<\/p>\n<p>Situaci\u00f3 actual del c\u00e0nnabis medicinal<\/p>\n<p>Manel Rabanal, cap del servei d\u2019Ordenaci\u00f3 i Qualitat Farmac\u00e8utiques del Departament de Salut de la Generalitat de Catalunya, ha explicat les iniciatives del Departament de Salut en aquest \u00e0mbit, com una revisi\u00f3 sistem\u00e0tica de l\u2019evid\u00e8ncia cient\u00edfica i el desenvolupament de tres estudis: SEGUIVEX, SATEME i SEGUIVEX-SATEME amb pacients que no responien a cap tractament conegut. Rabanal considera que en el futur \u00e9s necessari potenciar l\u2019evid\u00e8ncia cient\u00edfica i aconseguir consensos amb les administracions i les ag\u00e8ncies reguladores.\u00a0<\/p>\n<p>\u00a0<\/p>\n<p>Per la seva part, Kenzi Riboulet, expert en processos de regulaci\u00f3 de l\u2019OMS i la ONU, ha recalcat la idea de que els productes relacionats amb el c\u00e0nnabis estan fiscalitzats de diferent manera depenent del pa\u00eds.\u00a0<\/p>\n<p>Janosch Kratz, metge a la Cl\u00ednica Kalapa de Barcelona, ha traslladat l\u2019experi\u00e8ncia viscuda a Alemanya, on tots els metges poden receptar medicaments amb cannabinoides, excepte els dentistes i els veterinaris.\u00a0<\/p>\n<p>\u00a0<\/p>\n<p>Finalment, Mireia Ventura, directora dels serveis d\u2019an\u00e0lisi d\u2019Energy Control, ha explicat que els seus an\u00e0lisis permeten con\u00e8ixer la composici\u00f3 dels cannabinoides i altres compostos. \u201cEn els \u00faltims anys hem vist un lleuger descens de la quantitat de THC. El CBD \u00e9s un valor que creix: des del 2011 s\u2019ha vist un augment de la seva pres\u00e8ncia\u201d.\u00a0<\/p>\n<p>\u00a0<\/p>\n<p>Aven\u00e7os cient\u00edfics del potencial terap\u00e8utic del c\u00e0nnabis<\/p>\n<p>Carlos Goicoechea, catedr\u00e0tic de farmacologia de la Universitat Rey Juan Carlos, ha parlat de com interactua el sistema endocannabinoide hum\u00e0 amb el dolor, concloent que \u201cexisteix evid\u00e8ncia cient\u00edfica: els cannabinoides redueixen alguns tipus de dolor\u201d. Goicoechea afirma que el c\u00e0nnabis medicinal permet reduir dolors neurop\u00e0tics, quan existeix un dany en el teixit nervi\u00f3s.\u00a0<\/p>\n<p>\u00a0<\/p>\n<p>Mariano Garc\u00eda de Palau, director m\u00e8dic a la Cl\u00ednica Kalapa, parlant de la relaci\u00f3 amb el c\u00e0ncer, considera que \u201cel c\u00e0nnabis medicinal ha de ser un complement al tractament oncol\u00f2gic\u201d. Entre els avantatges que veu Garc\u00eda de Palau, afirma que amb el c\u00e0nnabis terap\u00e8utic \u201cevitem la polimedicaci\u00f3, podem treballar amb altres f\u00e0rmacs, regulem la son i redu\u00efm costos de tractament\u201d.\u00a0<\/p>\n<p>\u00a0<\/p>\n<p>Hari Bhathal, neur\u00f2leg especialista en epil\u00e8psia, va destacar que \u201cel CBD t\u00e9 dades precl\u00edniques que apunten a l\u2019efic\u00e0cia epil\u00e8ptica a trav\u00e9s de diferents mecanismes, mentre que dades cl\u00edniques controlades mostren una reducci\u00f3 estad\u00edsticament significativa de crisis en pacients amb epil\u00e8psia farmacorresistent\u201d.\u00a0\u00a0<\/p>\n<p>\u00a0<\/p>\n<p>Per acabar, Jos\u00e9 Carlos Bouso, director cient\u00edfic de la Fundaci\u00f3 ICEERS ha concl\u00f2s: \u201cEl c\u00e0nnabis porta m\u00e9s temps que la medicina basada en l\u2019evid\u00e8ncia, no s\u2019ajusta als seus est\u00e0ndards perqu\u00e8 t\u00e9 una farmacologia err\u00e0tica\u201d.\u00a0<\/p>\n<p>\u00a0<\/p>\n<p>Dosificaci\u00f3, biodisponibilitat i vies d\u2019administraci\u00f3<\/p>\n<p>Maria Perell\u00f3, responsable del Centre d\u2019Informaci\u00f3 del Medicament del COFB, ha analitzat el sistema endocannabinoide, recordant que els cannabinoides end\u00f2gens s\u00f3n \u00e0cids grassos poliinsaturats de cadena llarga que s\u2019uneixen a receptors espec\u00edfics, actuant com a neuromoduladors de diferents processos fisiol\u00f2gics.<\/p>\n<p>\u00a0<\/p>\n<p>Gen\u00eds O\u00f1a, investigador de la Fundaci\u00f3 ICEERS, ha definit el concepte d\u2019efecte s\u00e8quit i ha valorat la seva utilitat en la investigaci\u00f3 contempor\u00e0nia.\u00a0<\/p>\n<p>\u00a0<\/p>\n<p>Per la seva part, Ariadna Crusellas, presidenta d\u2019APROFARM (Associaci\u00f3 Professional Independent de Farmac\u00e8utics Formuladors) afirma que la formulaci\u00f3 individualitzada \u00e9s important quan parlem de c\u00e0nnabis medicinal perqu\u00e8 \u201cpodem ajustar les concentracions i determinar les seves proporcions segons les necessitats dels pacients, podem eliminar riscos i variabilitats i podem realitzar una elaboraci\u00f3 personalitzada i revisada per professionals sanitaris\u201d.\u00a0\u00a0<\/p>\n<p>\u00a0<\/p>\n<p>Mag\u00ed Farr\u00e9, cap del servei de Farmacologia Cl\u00ednica de l\u2019Hospital Universitari Germans Trias i Pujol de Badalona ha tancat la taula recordant que \u201cel c\u00e0nnabis no \u00e9s homogeni: es una subst\u00e0ncia natural que pot ser que cadasc\u00fa planti per a que tingui unes propietats espec\u00edfiques. Existeix una gran varietat de contingut\u201d.\u00a0<\/p>\n<p>\u00a0<\/p>\n<p>Autoconsum i auto cultiu: avantatges i riscos\u00a0<\/p>\n<p>Josep Allu\u00e9, vocal de Plantes Medicinals i Homeopatia del COFB, ha evidenciat una problem\u00e0tica clau de l\u2019auto cultiu: la pres\u00e8ncia de metalls pesats, pesticides, insectes i insecticides a les plantes canvien la seva composici\u00f3, convertint-se en un problema perqu\u00e8 \u201cles plantes cultivades no tenen l\u2019efecte desitjat\u201d.\u00a0<\/p>\n<p>\u00a0<\/p>\n<p>I\u00f1aki Garc\u00eda, director t\u00e8cnic i cient\u00edfic del laboratori Fundaci\u00f3n Canna ha recordat que \u201cabastir un medicament a trav\u00e9s de l\u2019autocultiu \u00e9s pr\u00e0cticament impossible\u201d.<\/p>\n<p>\u00a0<\/p>\n<p>Alberto Sainz, psic\u00f2leg i investigador cl\u00ednic de GH Medical, ha recordat que el cost de tenir un producte medicinal fet a casa \u00e9s molt m\u00e9s barat, mentre que la ind\u00fastria farmac\u00e8utica t\u00e9 uns costos afegits, com els permisos, l\u2019estandarditzaci\u00f3 dels processos i la seguretat. Com a soluci\u00f3 al problema de que el cultiu del c\u00e0nnabis medicinal no estigui estandarditzat ha proposat la utilitzaci\u00f3 de plantes mare: \u201ccultivar in vitro i sense micropigmentaci\u00f3 per obtenir sempre la mateixa planta amb els mateixos par\u00e0metres\u201d.\u00a0<\/p>\n<p>\u00a0<\/p>\n<p>Reivindicant la regulaci\u00f3 de l\u2019\u00fas medicinal del c\u00e0nnabis\u00a0<\/p>\n<p>Tot seguit, va tenir lloc un di\u00e0leg entre Guillermo Bagar\u00eda i Salvador Ca\u00f1igueral, vicepresident de la farmacopea europea, que va explicar en qu\u00e8 consistia la farmacopea Europea, ressaltant que \u00e9s \u201cd\u2019obligatori compliment\u201d pels pa\u00efsos membres de la Uni\u00f3 Europea un cop s\u2019aprovi.\u00a0<\/p>\n<p>\u00a0<\/p>\n<p>Finalment, es va donar pas a les conclusions de la primera jornada de CANNABMED2020 on, entre altres aspectes, es va remarcar de nou la necessitat de definir un marc de col\u00b7laboraci\u00f3 conjunt entre associacions de pacients, societats cient\u00edfiques, corporacions de professionals sanitaris i ind\u00fastria farmac\u00e8utica per avan\u00e7ar respecte a la situaci\u00f3 actual i reivindicar, dins del context sanitari, l\u2019\u00fas medicinal del c\u00e0nnabis.\u00a0\u00a0\u00a0\u00a0COFB.ORG<\/p>\n","protected":false},"excerpt":{"rendered":"<p>\u00a0 \u2022 Associacions de pacients, societats cient\u00edfiques, corporacions de professionals sanitaris i la ind\u00fastria farmac\u00e8utica debaten al voltant dels avantatges i les oportunitats del c\u00e0nnabis medicinal \u2022 700 persones s\u2019inscriuen per seguir el congr\u00e9s online, de les quals m\u00e9s del 60% s\u00f3n professionals de la salut\u00a0 \u00a0 \u00a0 Barcelona, 7 [&hellip;]<\/p>\n","protected":false},"author":1,"featured_media":77099,"comment_status":"","ping_status":"","sticky":false,"template":"","format":"standard","meta":{"_uag_custom_page_level_css":"","site-sidebar-layout":"default","site-content-layout":"","ast-site-content-layout":"default","site-content-style":"default","site-sidebar-style":"default","ast-global-header-display":"","ast-banner-title-visibility":"","ast-main-header-display":"","ast-hfb-above-header-display":"","ast-hfb-below-header-display":"","ast-hfb-mobile-header-display":"","site-post-title":"","ast-breadcrumbs-content":"","ast-featured-img":"disabled","footer-sml-layout":"","theme-transparent-header-meta":"","adv-header-id-meta":"","stick-header-meta":"","header-above-stick-meta":"","header-main-stick-meta":"","header-below-stick-meta":"","astra-migrate-meta-layouts":"default","ast-page-background-enabled":"default","ast-page-background-meta":{"desktop":{"background-color":"var(--ast-global-color-4)","background-image":"","background-repeat":"repeat","background-position":"center center","background-size":"auto","background-attachment":"scroll","background-type":"","background-media":"","overlay-type":"","overlay-color":"","overlay-opacity":"","overlay-gradient":""},"tablet":{"background-color":"","background-image":"","background-repeat":"repeat","background-position":"center center","background-size":"auto","background-attachment":"scroll","background-type":"","background-media":"","overlay-type":"","overlay-color":"","overlay-opacity":"","overlay-gradient":""},"mobile":{"background-color":"","background-image":"","background-repeat":"repeat","background-position":"center center","background-size":"auto","background-attachment":"scroll","background-type":"","background-media":"","overlay-type":"","overlay-color":"","overlay-opacity":"","overlay-gradient":""}},"ast-content-background-meta":{"desktop":{"background-color":"var(--ast-global-color-5)","background-image":"","background-repeat":"repeat","background-position":"center center","background-size":"auto","background-attachment":"scroll","background-type":"","background-media":"","overlay-type":"","overlay-color":"","overlay-opacity":"","overlay-gradient":""},"tablet":{"background-color":"var(--ast-global-color-5)","background-image":"","background-repeat":"repeat","background-position":"center center","background-size":"auto","background-attachment":"scroll","background-type":"","background-media":"","overlay-type":"","overlay-color":"","overlay-opacity":"","overlay-gradient":""},"mobile":{"background-color":"var(--ast-global-color-5)","background-image":"","background-repeat":"repeat","background-position":"center center","background-size":"auto","background-attachment":"scroll","background-type":"","background-media":"","overlay-type":"","overlay-color":"","overlay-opacity":"","overlay-gradient":""}},"footnotes":""},"categories":[1060,1066],"tags":[],"class_list":["post-77098","post","type-post","status-publish","format-standard","has-post-thumbnail","hentry","category-notes-premsa","category-sense-categoria-ca"],"yoast_head":"<!-- This site is optimized with the Yoast SEO plugin v22.4 - https:\/\/yoast.com\/wordpress\/plugins\/seo\/ -->\n<title>CANNABMED2020 reclama un marc de treball conjunt d\u2019agents i entitats per reivindicar la regularitzaci\u00f3 del c\u00e0nnabis medicinal - Col\u00b7legi de Farmac\u00e8utics de Barcelona<\/title>\n<meta name=\"robots\" content=\"index, follow, max-snippet:-1, max-image-preview:large, max-video-preview:-1\" \/>\n<link rel=\"canonical\" href=\"https:\/\/novaorg.cofb.net\/2020\/10\/07\/cannabmed2020-reclama-un-marc-de-treball-conjunt-dagents-i-entitats-per-reivindicar-la-regularitzacio-del-cannabis-medicinal\/\" \/>\n<meta property=\"og:locale\" content=\"ca_ES\" \/>\n<meta property=\"og:type\" content=\"article\" \/>\n<meta property=\"og:title\" content=\"CANNABMED2020 reclama un marc de treball conjunt d\u2019agents i entitats per reivindicar la regularitzaci\u00f3 del c\u00e0nnabis medicinal - Col\u00b7legi de Farmac\u00e8utics de Barcelona\" \/>\n<meta property=\"og:description\" content=\"\u00a0 \u2022 Associacions de pacients, societats cient\u00edfiques, corporacions de professionals sanitaris i la ind\u00fastria farmac\u00e8utica debaten al voltant dels avantatges i les oportunitats del c\u00e0nnabis medicinal \u2022 700 persones s\u2019inscriuen per seguir el congr\u00e9s online, de les quals m\u00e9s del 60% s\u00f3n professionals de la salut\u00a0 \u00a0 \u00a0 Barcelona, 7 [&hellip;]\" \/>\n<meta property=\"og:url\" content=\"https:\/\/novaorg.cofb.net\/2020\/10\/07\/cannabmed2020-reclama-un-marc-de-treball-conjunt-dagents-i-entitats-per-reivindicar-la-regularitzacio-del-cannabis-medicinal\/\" \/>\n<meta property=\"og:site_name\" content=\"Col\u00b7legi de Farmac\u00e8utics de Barcelona\" \/>\n<meta property=\"article:publisher\" content=\"https:\/\/www.facebook.com\/farmaceuticsbcn\/\" \/>\n<meta property=\"article:published_time\" content=\"2020-10-07T18:02:00+00:00\" \/>\n<meta property=\"og:image\" content=\"https:\/\/novaorg.cofb.net\/wp-content\/uploads\/2020\/10\/5cb261b8-f4c9-4d3a-b5e9-c547842fca3e-MpY9bW-scaled.jpeg\" \/>\n\t<meta property=\"og:image:width\" content=\"2560\" \/>\n\t<meta property=\"og:image:height\" content=\"1919\" \/>\n\t<meta property=\"og:image:type\" content=\"image\/jpeg\" \/>\n<meta name=\"author\" content=\"wpAdminCofbOrg\" \/>\n<meta name=\"twitter:card\" content=\"summary_large_image\" \/>\n<meta name=\"twitter:creator\" content=\"@farmaceuticsbcn\" \/>\n<meta name=\"twitter:site\" content=\"@farmaceuticsbcn\" \/>\n<meta name=\"twitter:label1\" content=\"Escrit per\" \/>\n\t<meta name=\"twitter:data1\" content=\"wpAdminCofbOrg\" \/>\n\t<meta name=\"twitter:label2\" content=\"Temps estimat de lectura\" \/>\n\t<meta name=\"twitter:data2\" content=\"11 minuts\" \/>\n<script type=\"application\/ld+json\" class=\"yoast-schema-graph\">{\"@context\":\"https:\/\/schema.org\",\"@graph\":[{\"@type\":\"Article\",\"@id\":\"https:\/\/novaorg.cofb.net\/2020\/10\/07\/cannabmed2020-reclama-un-marc-de-treball-conjunt-dagents-i-entitats-per-reivindicar-la-regularitzacio-del-cannabis-medicinal\/#article\",\"isPartOf\":{\"@id\":\"https:\/\/novaorg.cofb.net\/2020\/10\/07\/cannabmed2020-reclama-un-marc-de-treball-conjunt-dagents-i-entitats-per-reivindicar-la-regularitzacio-del-cannabis-medicinal\/\"},\"author\":{\"name\":\"wpAdminCofbOrg\",\"@id\":\"https:\/\/www.cofb.org\/#\/schema\/person\/22ed7eea88da74b0fa4d3154ad87ffcb\"},\"headline\":\"CANNABMED2020 reclama un marc de treball conjunt d\u2019agents i entitats per reivindicar la regularitzaci\u00f3 del c\u00e0nnabis medicinal\",\"datePublished\":\"2020-10-07T18:02:00+00:00\",\"dateModified\":\"2020-10-07T18:02:00+00:00\",\"mainEntityOfPage\":{\"@id\":\"https:\/\/novaorg.cofb.net\/2020\/10\/07\/cannabmed2020-reclama-un-marc-de-treball-conjunt-dagents-i-entitats-per-reivindicar-la-regularitzacio-del-cannabis-medicinal\/\"},\"wordCount\":2299,\"publisher\":{\"@id\":\"https:\/\/www.cofb.org\/#organization\"},\"image\":{\"@id\":\"https:\/\/novaorg.cofb.net\/2020\/10\/07\/cannabmed2020-reclama-un-marc-de-treball-conjunt-dagents-i-entitats-per-reivindicar-la-regularitzacio-del-cannabis-medicinal\/#primaryimage\"},\"thumbnailUrl\":\"https:\/\/www.cofb.org\/wp-content\/uploads\/2020\/10\/5cb261b8-f4c9-4d3a-b5e9-c547842fca3e-MpY9bW-scaled.jpeg\",\"articleSection\":[\"Notes de premsa\"],\"inLanguage\":\"ca\"},{\"@type\":\"WebPage\",\"@id\":\"https:\/\/novaorg.cofb.net\/2020\/10\/07\/cannabmed2020-reclama-un-marc-de-treball-conjunt-dagents-i-entitats-per-reivindicar-la-regularitzacio-del-cannabis-medicinal\/\",\"url\":\"https:\/\/novaorg.cofb.net\/2020\/10\/07\/cannabmed2020-reclama-un-marc-de-treball-conjunt-dagents-i-entitats-per-reivindicar-la-regularitzacio-del-cannabis-medicinal\/\",\"name\":\"CANNABMED2020 reclama un marc de treball conjunt d\u2019agents i entitats per reivindicar la regularitzaci\u00f3 del c\u00e0nnabis medicinal - Col\u00b7legi de Farmac\u00e8utics de Barcelona\",\"isPartOf\":{\"@id\":\"https:\/\/www.cofb.org\/#website\"},\"primaryImageOfPage\":{\"@id\":\"https:\/\/novaorg.cofb.net\/2020\/10\/07\/cannabmed2020-reclama-un-marc-de-treball-conjunt-dagents-i-entitats-per-reivindicar-la-regularitzacio-del-cannabis-medicinal\/#primaryimage\"},\"image\":{\"@id\":\"https:\/\/novaorg.cofb.net\/2020\/10\/07\/cannabmed2020-reclama-un-marc-de-treball-conjunt-dagents-i-entitats-per-reivindicar-la-regularitzacio-del-cannabis-medicinal\/#primaryimage\"},\"thumbnailUrl\":\"https:\/\/www.cofb.org\/wp-content\/uploads\/2020\/10\/5cb261b8-f4c9-4d3a-b5e9-c547842fca3e-MpY9bW-scaled.jpeg\",\"datePublished\":\"2020-10-07T18:02:00+00:00\",\"dateModified\":\"2020-10-07T18:02:00+00:00\",\"breadcrumb\":{\"@id\":\"https:\/\/novaorg.cofb.net\/2020\/10\/07\/cannabmed2020-reclama-un-marc-de-treball-conjunt-dagents-i-entitats-per-reivindicar-la-regularitzacio-del-cannabis-medicinal\/#breadcrumb\"},\"inLanguage\":\"ca\",\"potentialAction\":[{\"@type\":\"ReadAction\",\"target\":[\"https:\/\/novaorg.cofb.net\/2020\/10\/07\/cannabmed2020-reclama-un-marc-de-treball-conjunt-dagents-i-entitats-per-reivindicar-la-regularitzacio-del-cannabis-medicinal\/\"]}]},{\"@type\":\"ImageObject\",\"inLanguage\":\"ca\",\"@id\":\"https:\/\/novaorg.cofb.net\/2020\/10\/07\/cannabmed2020-reclama-un-marc-de-treball-conjunt-dagents-i-entitats-per-reivindicar-la-regularitzacio-del-cannabis-medicinal\/#primaryimage\",\"url\":\"https:\/\/www.cofb.org\/wp-content\/uploads\/2020\/10\/5cb261b8-f4c9-4d3a-b5e9-c547842fca3e-MpY9bW-scaled.jpeg\",\"contentUrl\":\"https:\/\/www.cofb.org\/wp-content\/uploads\/2020\/10\/5cb261b8-f4c9-4d3a-b5e9-c547842fca3e-MpY9bW-scaled.jpeg\",\"width\":2560,\"height\":1919},{\"@type\":\"BreadcrumbList\",\"@id\":\"https:\/\/novaorg.cofb.net\/2020\/10\/07\/cannabmed2020-reclama-un-marc-de-treball-conjunt-dagents-i-entitats-per-reivindicar-la-regularitzacio-del-cannabis-medicinal\/#breadcrumb\",\"itemListElement\":[{\"@type\":\"ListItem\",\"position\":1,\"name\":\"Inici\",\"item\":\"https:\/\/novaorg.cofb.net\/\"},{\"@type\":\"ListItem\",\"position\":2,\"name\":\"CANNABMED2020 reclama un marc de treball conjunt d\u2019agents i entitats per reivindicar la regularitzaci\u00f3 del c\u00e0nnabis medicinal\"}]},{\"@type\":\"WebSite\",\"@id\":\"https:\/\/www.cofb.org\/#website\",\"url\":\"https:\/\/www.cofb.org\/\",\"name\":\"Col\u00b7legi de Farmac\u00e8utics de Barcelona\",\"description\":\"\",\"publisher\":{\"@id\":\"https:\/\/www.cofb.org\/#organization\"},\"potentialAction\":[{\"@type\":\"SearchAction\",\"target\":{\"@type\":\"EntryPoint\",\"urlTemplate\":\"https:\/\/www.cofb.org\/?s={search_term_string}\"},\"query-input\":\"required name=search_term_string\"}],\"inLanguage\":\"ca\"},{\"@type\":\"Organization\",\"@id\":\"https:\/\/www.cofb.org\/#organization\",\"name\":\"Col\u00b7legi de Farmac\u00e8utics de Barcelona\",\"url\":\"https:\/\/www.cofb.org\/\",\"logo\":{\"@type\":\"ImageObject\",\"inLanguage\":\"ca\",\"@id\":\"https:\/\/www.cofb.org\/#\/schema\/logo\/image\/\",\"url\":\"https:\/\/www.cofb.org\/wp-content\/uploads\/2023\/11\/cropped-Logotip-COFB.png\",\"contentUrl\":\"https:\/\/www.cofb.org\/wp-content\/uploads\/2023\/11\/cropped-Logotip-COFB.png\",\"width\":500,\"height\":105,\"caption\":\"Col\u00b7legi de Farmac\u00e8utics de Barcelona\"},\"image\":{\"@id\":\"https:\/\/www.cofb.org\/#\/schema\/logo\/image\/\"},\"sameAs\":[\"https:\/\/www.facebook.com\/farmaceuticsbcn\/\",\"https:\/\/twitter.com\/farmaceuticsbcn\",\"https:\/\/www.instagram.com\/farmaceuticsbcn\/\",\"https:\/\/www.linkedin.com\/company\/farmaceuticsbcn\/\"]},{\"@type\":\"Person\",\"@id\":\"https:\/\/www.cofb.org\/#\/schema\/person\/22ed7eea88da74b0fa4d3154ad87ffcb\",\"name\":\"wpAdminCofbOrg\",\"image\":{\"@type\":\"ImageObject\",\"inLanguage\":\"ca\",\"@id\":\"https:\/\/www.cofb.org\/#\/schema\/person\/image\/\",\"url\":\"https:\/\/secure.gravatar.com\/avatar\/1721b20b3b8ca882c3b56ec6c978c594fff670e40c0718e9190eaeeb76aae7d8?s=96&d=mm&r=g\",\"contentUrl\":\"https:\/\/secure.gravatar.com\/avatar\/1721b20b3b8ca882c3b56ec6c978c594fff670e40c0718e9190eaeeb76aae7d8?s=96&d=mm&r=g\",\"caption\":\"wpAdminCofbOrg\"},\"sameAs\":[\"http:\/\/192.168.64.122\/wordpress\"],\"url\":\"https:\/\/www.cofb.org\/ca\/author\/wpadmincofborg\/\"}]}<\/script>\n<!-- \/ Yoast SEO plugin. -->","yoast_head_json":{"title":"CANNABMED2020 reclama un marc de treball conjunt d\u2019agents i entitats per reivindicar la regularitzaci\u00f3 del c\u00e0nnabis medicinal - Col\u00b7legi de Farmac\u00e8utics de Barcelona","robots":{"index":"index","follow":"follow","max-snippet":"max-snippet:-1","max-image-preview":"max-image-preview:large","max-video-preview":"max-video-preview:-1"},"canonical":"https:\/\/novaorg.cofb.net\/2020\/10\/07\/cannabmed2020-reclama-un-marc-de-treball-conjunt-dagents-i-entitats-per-reivindicar-la-regularitzacio-del-cannabis-medicinal\/","og_locale":"ca_ES","og_type":"article","og_title":"CANNABMED2020 reclama un marc de treball conjunt d\u2019agents i entitats per reivindicar la regularitzaci\u00f3 del c\u00e0nnabis medicinal - Col\u00b7legi de Farmac\u00e8utics de Barcelona","og_description":"\u00a0 \u2022 Associacions de pacients, societats cient\u00edfiques, corporacions de professionals sanitaris i la ind\u00fastria farmac\u00e8utica debaten al voltant dels avantatges i les oportunitats del c\u00e0nnabis medicinal \u2022 700 persones s\u2019inscriuen per seguir el congr\u00e9s online, de les quals m\u00e9s del 60% s\u00f3n professionals de la salut\u00a0 \u00a0 \u00a0 Barcelona, 7 [&hellip;]","og_url":"https:\/\/novaorg.cofb.net\/2020\/10\/07\/cannabmed2020-reclama-un-marc-de-treball-conjunt-dagents-i-entitats-per-reivindicar-la-regularitzacio-del-cannabis-medicinal\/","og_site_name":"Col\u00b7legi de Farmac\u00e8utics de Barcelona","article_publisher":"https:\/\/www.facebook.com\/farmaceuticsbcn\/","article_published_time":"2020-10-07T18:02:00+00:00","og_image":[{"width":2560,"height":1919,"url":"https:\/\/novaorg.cofb.net\/wp-content\/uploads\/2020\/10\/5cb261b8-f4c9-4d3a-b5e9-c547842fca3e-MpY9bW-scaled.jpeg","type":"image\/jpeg"}],"author":"wpAdminCofbOrg","twitter_card":"summary_large_image","twitter_creator":"@farmaceuticsbcn","twitter_site":"@farmaceuticsbcn","twitter_misc":{"Escrit per":"wpAdminCofbOrg","Temps estimat de lectura":"11 minuts"},"schema":{"@context":"https:\/\/schema.org","@graph":[{"@type":"Article","@id":"https:\/\/novaorg.cofb.net\/2020\/10\/07\/cannabmed2020-reclama-un-marc-de-treball-conjunt-dagents-i-entitats-per-reivindicar-la-regularitzacio-del-cannabis-medicinal\/#article","isPartOf":{"@id":"https:\/\/novaorg.cofb.net\/2020\/10\/07\/cannabmed2020-reclama-un-marc-de-treball-conjunt-dagents-i-entitats-per-reivindicar-la-regularitzacio-del-cannabis-medicinal\/"},"author":{"name":"wpAdminCofbOrg","@id":"https:\/\/www.cofb.org\/#\/schema\/person\/22ed7eea88da74b0fa4d3154ad87ffcb"},"headline":"CANNABMED2020 reclama un marc de treball conjunt d\u2019agents i entitats per reivindicar la regularitzaci\u00f3 del c\u00e0nnabis medicinal","datePublished":"2020-10-07T18:02:00+00:00","dateModified":"2020-10-07T18:02:00+00:00","mainEntityOfPage":{"@id":"https:\/\/novaorg.cofb.net\/2020\/10\/07\/cannabmed2020-reclama-un-marc-de-treball-conjunt-dagents-i-entitats-per-reivindicar-la-regularitzacio-del-cannabis-medicinal\/"},"wordCount":2299,"publisher":{"@id":"https:\/\/www.cofb.org\/#organization"},"image":{"@id":"https:\/\/novaorg.cofb.net\/2020\/10\/07\/cannabmed2020-reclama-un-marc-de-treball-conjunt-dagents-i-entitats-per-reivindicar-la-regularitzacio-del-cannabis-medicinal\/#primaryimage"},"thumbnailUrl":"https:\/\/www.cofb.org\/wp-content\/uploads\/2020\/10\/5cb261b8-f4c9-4d3a-b5e9-c547842fca3e-MpY9bW-scaled.jpeg","articleSection":["Notes de premsa"],"inLanguage":"ca"},{"@type":"WebPage","@id":"https:\/\/novaorg.cofb.net\/2020\/10\/07\/cannabmed2020-reclama-un-marc-de-treball-conjunt-dagents-i-entitats-per-reivindicar-la-regularitzacio-del-cannabis-medicinal\/","url":"https:\/\/novaorg.cofb.net\/2020\/10\/07\/cannabmed2020-reclama-un-marc-de-treball-conjunt-dagents-i-entitats-per-reivindicar-la-regularitzacio-del-cannabis-medicinal\/","name":"CANNABMED2020 reclama un marc de treball conjunt d\u2019agents i entitats per reivindicar la regularitzaci\u00f3 del c\u00e0nnabis medicinal - Col\u00b7legi de Farmac\u00e8utics de Barcelona","isPartOf":{"@id":"https:\/\/www.cofb.org\/#website"},"primaryImageOfPage":{"@id":"https:\/\/novaorg.cofb.net\/2020\/10\/07\/cannabmed2020-reclama-un-marc-de-treball-conjunt-dagents-i-entitats-per-reivindicar-la-regularitzacio-del-cannabis-medicinal\/#primaryimage"},"image":{"@id":"https:\/\/novaorg.cofb.net\/2020\/10\/07\/cannabmed2020-reclama-un-marc-de-treball-conjunt-dagents-i-entitats-per-reivindicar-la-regularitzacio-del-cannabis-medicinal\/#primaryimage"},"thumbnailUrl":"https:\/\/www.cofb.org\/wp-content\/uploads\/2020\/10\/5cb261b8-f4c9-4d3a-b5e9-c547842fca3e-MpY9bW-scaled.jpeg","datePublished":"2020-10-07T18:02:00+00:00","dateModified":"2020-10-07T18:02:00+00:00","breadcrumb":{"@id":"https:\/\/novaorg.cofb.net\/2020\/10\/07\/cannabmed2020-reclama-un-marc-de-treball-conjunt-dagents-i-entitats-per-reivindicar-la-regularitzacio-del-cannabis-medicinal\/#breadcrumb"},"inLanguage":"ca","potentialAction":[{"@type":"ReadAction","target":["https:\/\/novaorg.cofb.net\/2020\/10\/07\/cannabmed2020-reclama-un-marc-de-treball-conjunt-dagents-i-entitats-per-reivindicar-la-regularitzacio-del-cannabis-medicinal\/"]}]},{"@type":"ImageObject","inLanguage":"ca","@id":"https:\/\/novaorg.cofb.net\/2020\/10\/07\/cannabmed2020-reclama-un-marc-de-treball-conjunt-dagents-i-entitats-per-reivindicar-la-regularitzacio-del-cannabis-medicinal\/#primaryimage","url":"https:\/\/www.cofb.org\/wp-content\/uploads\/2020\/10\/5cb261b8-f4c9-4d3a-b5e9-c547842fca3e-MpY9bW-scaled.jpeg","contentUrl":"https:\/\/www.cofb.org\/wp-content\/uploads\/2020\/10\/5cb261b8-f4c9-4d3a-b5e9-c547842fca3e-MpY9bW-scaled.jpeg","width":2560,"height":1919},{"@type":"BreadcrumbList","@id":"https:\/\/novaorg.cofb.net\/2020\/10\/07\/cannabmed2020-reclama-un-marc-de-treball-conjunt-dagents-i-entitats-per-reivindicar-la-regularitzacio-del-cannabis-medicinal\/#breadcrumb","itemListElement":[{"@type":"ListItem","position":1,"name":"Inici","item":"https:\/\/novaorg.cofb.net\/"},{"@type":"ListItem","position":2,"name":"CANNABMED2020 reclama un marc de treball conjunt d\u2019agents i entitats per reivindicar la regularitzaci\u00f3 del c\u00e0nnabis medicinal"}]},{"@type":"WebSite","@id":"https:\/\/www.cofb.org\/#website","url":"https:\/\/www.cofb.org\/","name":"Col\u00b7legi de Farmac\u00e8utics de Barcelona","description":"","publisher":{"@id":"https:\/\/www.cofb.org\/#organization"},"potentialAction":[{"@type":"SearchAction","target":{"@type":"EntryPoint","urlTemplate":"https:\/\/www.cofb.org\/?s={search_term_string}"},"query-input":"required name=search_term_string"}],"inLanguage":"ca"},{"@type":"Organization","@id":"https:\/\/www.cofb.org\/#organization","name":"Col\u00b7legi de Farmac\u00e8utics de Barcelona","url":"https:\/\/www.cofb.org\/","logo":{"@type":"ImageObject","inLanguage":"ca","@id":"https:\/\/www.cofb.org\/#\/schema\/logo\/image\/","url":"https:\/\/www.cofb.org\/wp-content\/uploads\/2023\/11\/cropped-Logotip-COFB.png","contentUrl":"https:\/\/www.cofb.org\/wp-content\/uploads\/2023\/11\/cropped-Logotip-COFB.png","width":500,"height":105,"caption":"Col\u00b7legi de Farmac\u00e8utics de Barcelona"},"image":{"@id":"https:\/\/www.cofb.org\/#\/schema\/logo\/image\/"},"sameAs":["https:\/\/www.facebook.com\/farmaceuticsbcn\/","https:\/\/twitter.com\/farmaceuticsbcn","https:\/\/www.instagram.com\/farmaceuticsbcn\/","https:\/\/www.linkedin.com\/company\/farmaceuticsbcn\/"]},{"@type":"Person","@id":"https:\/\/www.cofb.org\/#\/schema\/person\/22ed7eea88da74b0fa4d3154ad87ffcb","name":"wpAdminCofbOrg","image":{"@type":"ImageObject","inLanguage":"ca","@id":"https:\/\/www.cofb.org\/#\/schema\/person\/image\/","url":"https:\/\/secure.gravatar.com\/avatar\/1721b20b3b8ca882c3b56ec6c978c594fff670e40c0718e9190eaeeb76aae7d8?s=96&d=mm&r=g","contentUrl":"https:\/\/secure.gravatar.com\/avatar\/1721b20b3b8ca882c3b56ec6c978c594fff670e40c0718e9190eaeeb76aae7d8?s=96&d=mm&r=g","caption":"wpAdminCofbOrg"},"sameAs":["http:\/\/192.168.64.122\/wordpress"],"url":"https:\/\/www.cofb.org\/ca\/author\/wpadmincofborg\/"}]}},"uagb_featured_image_src":{"full":["https:\/\/www.cofb.org\/wp-content\/uploads\/2020\/10\/5cb261b8-f4c9-4d3a-b5e9-c547842fca3e-MpY9bW-scaled.jpeg",2560,1919,false],"thumbnail":["https:\/\/www.cofb.org\/wp-content\/uploads\/2020\/10\/5cb261b8-f4c9-4d3a-b5e9-c547842fca3e-MpY9bW-150x150.jpeg",150,150,true],"medium":["https:\/\/www.cofb.org\/wp-content\/uploads\/2020\/10\/5cb261b8-f4c9-4d3a-b5e9-c547842fca3e-MpY9bW-300x225.jpeg",300,225,true],"medium_large":["https:\/\/www.cofb.org\/wp-content\/uploads\/2020\/10\/5cb261b8-f4c9-4d3a-b5e9-c547842fca3e-MpY9bW-768x576.jpeg",768,576,true],"large":["https:\/\/www.cofb.org\/wp-content\/uploads\/2020\/10\/5cb261b8-f4c9-4d3a-b5e9-c547842fca3e-MpY9bW-1024x768.jpeg",1024,768,true],"1536x1536":["https:\/\/www.cofb.org\/wp-content\/uploads\/2020\/10\/5cb261b8-f4c9-4d3a-b5e9-c547842fca3e-MpY9bW-1536x1152.jpeg",1536,1152,true],"2048x2048":["https:\/\/www.cofb.org\/wp-content\/uploads\/2020\/10\/5cb261b8-f4c9-4d3a-b5e9-c547842fca3e-MpY9bW-2048x1536.jpeg",2048,1536,true],"trp-custom-language-flag":["https:\/\/www.cofb.org\/wp-content\/uploads\/2020\/10\/5cb261b8-f4c9-4d3a-b5e9-c547842fca3e-MpY9bW-16x12.jpeg",16,12,true]},"uagb_author_info":{"display_name":"wpAdminCofbOrg","author_link":"https:\/\/www.cofb.org\/ca\/author\/wpadmincofborg\/"},"uagb_comment_info":0,"uagb_excerpt":"\u00a0 \u2022 Associacions de pacients, societats cient\u00edfiques, corporacions de professionals sanitaris i la ind\u00fastria farmac\u00e8utica debaten al voltant dels avantatges i les oportunitats del c\u00e0nnabis medicinal \u2022 700 persones s\u2019inscriuen per seguir el congr\u00e9s online, de les quals m\u00e9s del 60% s\u00f3n professionals de la salut\u00a0 \u00a0 \u00a0 Barcelona, 7 [&hellip;]","_links":{"self":[{"href":"https:\/\/www.cofb.org\/ca\/wp-json\/wp\/v2\/posts\/77098","targetHints":{"allow":["GET"]}}],"collection":[{"href":"https:\/\/www.cofb.org\/ca\/wp-json\/wp\/v2\/posts"}],"about":[{"href":"https:\/\/www.cofb.org\/ca\/wp-json\/wp\/v2\/types\/post"}],"author":[{"embeddable":true,"href":"https:\/\/www.cofb.org\/ca\/wp-json\/wp\/v2\/users\/1"}],"replies":[{"embeddable":true,"href":"https:\/\/www.cofb.org\/ca\/wp-json\/wp\/v2\/comments?post=77098"}],"version-history":[{"count":0,"href":"https:\/\/www.cofb.org\/ca\/wp-json\/wp\/v2\/posts\/77098\/revisions"}],"wp:featuredmedia":[{"embeddable":true,"href":"https:\/\/www.cofb.org\/ca\/wp-json\/wp\/v2\/media\/77099"}],"wp:attachment":[{"href":"https:\/\/www.cofb.org\/ca\/wp-json\/wp\/v2\/media?parent=77098"}],"wp:term":[{"taxonomy":"category","embeddable":true,"href":"https:\/\/www.cofb.org\/ca\/wp-json\/wp\/v2\/categories?post=77098"},{"taxonomy":"post_tag","embeddable":true,"href":"https:\/\/www.cofb.org\/ca\/wp-json\/wp\/v2\/tags?post=77098"}],"curies":[{"name":"wp","href":"https:\/\/api.w.org\/{rel}","templated":true}]}}