{"id":77095,"date":"2020-10-21T12:02:00","date_gmt":"2020-10-21T12:02:00","guid":{"rendered":"https:\/\/novaorg.cofb.net\/2020\/10\/21\/la-coordinacio-entre-latencio-primaria-i-els-professionals-que-treballen-a-centres-sociosanitaris-clau-en-latencio-residencial-en-temps-de-covid-19\/"},"modified":"2020-10-21T12:02:00","modified_gmt":"2020-10-21T12:02:00","slug":"la-coordinacio-entre-latencio-primaria-i-els-professionals-que-treballen-a-centres-sociosanitaris-clau-en-latencio-residencial-en-temps-de-covid-19","status":"publish","type":"post","link":"https:\/\/www.cofb.org\/ca\/2020\/10\/21\/la-coordinacio-entre-latencio-primaria-i-els-professionals-que-treballen-a-centres-sociosanitaris-clau-en-latencio-residencial-en-temps-de-covid-19\/","title":{"rendered":"La coordinaci\u00f3 entre l\u2019Atenci\u00f3 Prim\u00e0ria i els professionals que treballen a centres sociosanitaris, clau en l\u2019atenci\u00f3 residencial en temps de COVID-19"},"content":{"rendered":"<p>\u00a0<\/p>\n<ul>\n<li>Ha estat una de les conclusions del <strong>cicle de quatre sessions formatives<\/strong>, organitzades conjuntament pel <strong>Col\u00b7legi de Farmac\u00e8utics de Barcelona<\/strong> i la <strong>Sociedad Espa\u00f1ola de Farmac\u00e9uticos de Atenci\u00f3n Primaria<\/strong>, amb el patrocini de <strong>Menarini<\/strong><\/li>\n<\/ul>\n<ul>\n<li>La formaci\u00f3 ha girat al voltant de <strong>l\u2019atenci\u00f3 residencial<\/strong> i dels <strong>aprenentatges extrets per part dels professionals sanitaris<\/strong> despr\u00e9s de la primera onada de la pand\u00e8mia, que ha posat de manifest la import\u00e0ncia de <strong>replantejar-la<\/strong> i <strong>adaptar-la al nou context de la COVID-19 <\/strong><\/li>\n<\/ul>\n<ul>\n<li>El futur de l\u2019<strong>atenci\u00f3 farmac\u00e8utica de les resid\u00e8ncies <\/strong>-actualment centrada en el <strong>medicament<\/strong>&#8211; passar\u00e0 per un \u00a0<strong>model centrat en la persona<\/strong>, en qu\u00e8 els farmac\u00e8utics a banda de les activitats de gesti\u00f3 i control dels medicaments, desenvoluparan activitats cl\u00edniques i assistencials vinculades a la gesti\u00f3 del coneixement per donar suport als professionals<\/li>\n<\/ul>\n<p>\u00a0<\/p>\n<p><em>Barcelona, 21 d\u2019octubre de 2020<\/em>. <strong>Com ha de ser l\u2019atenci\u00f3 residencial en temps de pand\u00e8mia? Quin paper pot tenir l\u2019Atenci\u00f3 Prim\u00e0ria?<\/strong> S\u00f3n dues de les q\u00fcestions clau que s\u2019han abordat al llarg de <strong>quatre sessions formatives <\/strong>organitzades per la vocalia de Catalunya de la <strong>Sociedad Espa\u00f1ola de Farmac\u00e9uticos de Atenci\u00f3n Primaria<\/strong> <strong>(SEFAP)<\/strong>, conjuntament amb el <strong>Col\u00b7legi de Farmac\u00e8utics de Barcelona (COFB), <\/strong>\u00a0amb el patrocini de <strong>Menarini.<\/strong> La formaci\u00f3 ha girat al voltant de <strong>l\u2019abordatge de pacients en resid\u00e8ncies geri\u00e0triques<\/strong> en el context de la <strong>COVID-19<\/strong> i dels reptes que presenta el futur m\u00e9s immediat de les resid\u00e8ncies, des del punt de vista de l\u2019Atenci\u00f3 Prim\u00e0ria. Tot plegat, en un moment en qu\u00e8, <strong>a causa del fort impacte que hi ha provocat la pand\u00e8mia de la COVID-19, s\u2019ha posat de manifest que en l\u2019atenci\u00f3 <\/strong>dels <strong>centres sociosanitaris<\/strong> \u00e9s important donar una <strong>resposta integrada (social i sanit\u00e0ria) a les necessitats de les persones <\/strong>que viuen en centres residencials.<\/p>\n<p><strong><u>L\u2019Atenci\u00f3 Prim\u00e0ria en resid\u00e8ncies geri\u00e0triques en l\u2019era de la COVID-19<\/u><\/strong><\/p>\n<p>En la primera sessi\u00f3, que va tenir lloc el passat 15 de setembre, es va fer un rep\u00e0s de <strong>com s\u2019ha viscut l\u2019atenci\u00f3 a les resid\u00e8ncies geri\u00e0triques<\/strong> des del punt de vista dels professionals d\u2019Atenci\u00f3 Prim\u00e0ria, a trav\u00e9s de les aportacions de la metgessa de fam\u00edlia <strong>Anna Luque<\/strong> i de l\u2019infermer <strong>Jos\u00e9 Lu\u00eds Est\u00e9banez<\/strong>.<\/p>\n<p>Tots dos van transmetre que, al principi, tot estava per fer i que faltava experi\u00e8ncia a l\u2019hora d\u2019abordar la situaci\u00f3 que s\u2019estava vivint. Ara, amb molt esfor\u00e7 i inter\u00e8s per part dels professionals, <strong>hi ha molta m\u00e9s coordinaci\u00f3 entre l\u2019Atenci\u00f3 Prim\u00e0ria i els professionals que treballen a les resid\u00e8ncies geri\u00e0triques<\/strong>. Aquesta <strong>coordinaci\u00f3<\/strong> ha estat clau per <strong>anar millorant l\u2019atenci\u00f3 en aquests centres<\/strong>, malgrat que encara hi ha aspectes\u00a0 sanitaris i no tan sanitaris, com l\u2019aspecte social i de relacions que tenen els residents en situaci\u00f3 de pand\u00e8mia i confinament, que encara no estan ben resolts.<\/p>\n<p>\u00a0<\/p>\n<p><strong><u>Optimitzaci\u00f3 de l\u2019\u00fas d\u2019antibi\u00f2tics en resid\u00e8ncies geri\u00e0triques<\/u><\/strong><\/p>\n<p>El Dr. Carles Llor, metge de l\u2019especialitat de medicina familiar i comunit\u00e0ria, va exposar durant la segona sessi\u00f3 que a Espanya <strong>l\u2019elevat consum d\u2019antibi\u00f2tics<\/strong> (tercer pa\u00eds a nivell mundial) \u00e9s un problema perqu\u00e8 incrementa el <strong>risc de desenvolupar resist\u00e8ncies<\/strong>. El Dr. Llor tamb\u00e9 va afirmar que a les resid\u00e8ncies geri\u00e0triques la situaci\u00f3 tamb\u00e9 \u00e9s preocupant, ja que 10 de cada 100 residents tenen prescrit un antibi\u00f2tic, el doble de la mitjana europea, i d\u2019aquests antibi\u00f2tics es calcula que nom\u00e9s 20 de cada 100 estan ben indicats.<\/p>\n<p>\u00c9s en les infeccions d\u2019orina i en les infeccions de vies respirat\u00f2ries baixes on hi ha m\u00e9s <strong>marge de millora<\/strong> en la <strong>indicaci\u00f3 del tractament antibi\u00f2tic<\/strong>. El <strong>farmac\u00e8utic d\u2019Atenci\u00f3 Prim\u00e0ria<\/strong> pot ajudar a millorar l\u2019adequaci\u00f3 del tractament antibi\u00f2tic en les resid\u00e8ncies geri\u00e0triques, assessorant el metge i analitzant, en primer lloc, si l\u2019antibi\u00f2tic prescrit est\u00e0 ben indicat per despr\u00e9s valorar el tipus i la pauta prescrita.<\/p>\n<p>\u00a0<strong><u>Model d\u2019atenci\u00f3 a la complexitat<\/u><\/strong><\/p>\n<p>La tercera sessi\u00f3 va anar a c\u00e0rrec del Dr. Jordi Ambl\u00e0s, metge geriatre del Consorci Hospitalari de Vic. El Dr. Ambl\u00e0s va posar el focus en la definici\u00f3 de complexitat, que t\u00e9 tres dimensions a considerar: la <strong>cl\u00ednica<\/strong>, la <strong>social<\/strong> i la del <strong>propi sistema<\/strong>.<\/p>\n<p>\u00c9s a dir, des del seu punt de vista, les persones no nom\u00e9s poden tenir unes necessitats a partir de la seva <strong>complexitat cl\u00ednica<\/strong> (per exemple, la multimorbiditat), sin\u00f3 que hem de tenir en compte tamb\u00e9 si hi ha <strong>necessitats socials<\/strong> (per exemple el suport familiar, xarxa social, etc.) i si hi ha <strong>complexitat en el sistema<\/strong> que realitza la seva atenci\u00f3 sanit\u00e0ria (m\u00faltiples professionals i diferents nivells assistencials).<\/p>\n<p>El geriatre tamb\u00e9 va destacar que identificar correctament aquesta <strong>complexitat multidimensional<\/strong> \u00e9s clau per tal d\u2019establir els objectius adequats que volem assolir en l\u2019atenci\u00f3 a la persona mitjan\u00e7ant un <strong>pla d\u2019atenci\u00f3 individualitzat i multifuncional<\/strong> a partir de les necessitats detectades.<\/p>\n<p>Aix\u00ed doncs, la principal conclusi\u00f3 de la sessi\u00f3 va ser que <strong>les persones amb necessitats complexes necessiten \u201cvestits a mida\u201d<\/strong>, amb <strong>plans terap\u00e8utics individualitzats<\/strong> dins el marc del pla d\u2019atenci\u00f3 individualitzat, on els objectius a assolir estiguin alineats amb les necessitats detectades i les que percep el propi pacient.<\/p>\n<p><strong><u>El futur de l\u2019assist\u00e8ncia sanit\u00e0ria en les resid\u00e8ncies geri\u00e0triques<\/u><\/strong><\/p>\n<p>Finalment, la darrera sessi\u00f3 va anar a c\u00e0rrec del Dr. Sebasti\u00e0 Santaeug\u00e8nia, director del Programa de Prevenci\u00f3 i Atenci\u00f3 a la Cronicitat i del Pla Director Sociosanitari, del Departament de Salut de la Generalitat de Catalunya. Santaeug\u00e8nia va fer una mirada al futur, centrant la seva intervenci\u00f3 en el <strong>Model d\u2019atenci\u00f3 sanit\u00e0ria integrada a resid\u00e8ncies<\/strong> que es vol desenvolupar al nostre pa\u00eds.<\/p>\n<p>En aquesta proposta organitzativa, el model d\u2019atenci\u00f3 farmac\u00e8utica \u00e9s un element clau en l\u2019atenci\u00f3 a les resid\u00e8ncies,\u00a0 que ha de ser de proximitat, equitativa, amb cont\u00ednuum assistencial, de qualitat i segura. Aix\u00ed doncs, segons el model <em>d\u2019Atenci\u00f3 Farmac\u00e8utica per a les persones que viuen en resid\u00e8ncies de Catalunya<\/em>, presentat per Santaeug\u00e8nia, passarem <strong>de l\u2019actual model d\u2019atenci\u00f3 farmac\u00e8utica centrat en el medicament<\/strong> a un <strong>model centrat en la persona on el farmac\u00e8utic, <\/strong>a banda de les activitats de gesti\u00f3 i control dels medicaments, desenvolupar\u00e0 activitats cl\u00edniques i assistencials vinculades a la gesti\u00f3 del coneixement per donar suport als professionals\u00a0 <strong>tant en el moment de la prescripci\u00f3 en el centre de salut<\/strong> com en <strong>l\u2019administraci\u00f3 del medicament<\/strong> en la resid\u00e8ncia mitjan\u00e7ant el desplegament d\u2019activitats cl\u00edniques assistencials, activitats pr\u00f2pies de la seva cartera de serveis i de la gesti\u00f3 i control del medicament.<\/p>\n<p>Els <strong>serveis de farm\u00e0cia d\u2019atenci\u00f3 prim\u00e0ria, sociosanitaris o d\u2019hospitals i les oficines de farm\u00e0cia<\/strong> s\u00f3n les <strong>estructures que realitzaran les activitats vinculades a la cadena terap\u00e8utica i de suport als professionals dels Equips d\u2019Atenci\u00f3 Prim\u00e0ria i de les resid\u00e8ncies <\/strong>per fer aquesta correcta atenci\u00f3 farmac\u00e8utica centrada en la persona, a trav\u00e9s del farmac\u00e8utic de refer\u00e8ncia.<\/p>\n<p>Aquest model compta amb el <strong>suport dels diferents col\u00b7legis professionals (entre ells el dels col\u00b7legis de farmac\u00e8utics) i societats cient\u00edfiques<\/strong>, fet necessari per a la seva implementaci\u00f3. A m\u00e9s a m\u00e9s, caldr\u00e0 un <strong>pla de formaci\u00f3 i comunicaci\u00f3<\/strong> dirigit \u00a0als professionals assistencials i a la poblaci\u00f3, aix\u00ed com un <strong>an\u00e0lisi de resultats<\/strong> que permeti avaluar adequadament la qualitat, seguretat i efici\u00e8ncia d\u2019aquest model en les seves diverses variants, segons l\u2019organitzaci\u00f3 territorial i tipus de resid\u00e8ncia.<\/p>\n<p><strong>Amb el patrocini de:<\/strong><\/p>\n<p><strong><img decoding=\"async\" alt=\"\" src=\"https:\/\/www.cofb.org\/documents\/10136\/1111458\/Menari.JPG\/59345fd6-b658-422a-a3cb-2842c32d05f6?t=1603274677577\"><\/strong><\/p>\n<p>\u00a0Ha estat una de les conclusions del cicle de quatre sessions formatives, organitzades conjuntament pel Col\u00b7legi de Farmac\u00e8utics de Barcelona i la Sociedad Espa\u00f1ola de Farmac\u00e9uticos de Atenci\u00f3n Primaria, amb el patrocini de Menarini<\/p>\n<p>\tLa formaci\u00f3 ha girat al voltant de l\u2019atenci\u00f3 residencial i dels aprenentatges extrets per part dels professionals sanitaris despr\u00e9s de la primera onada de la pand\u00e8mia, que ha posat de manifest la import\u00e0ncia de replantejar-la i adaptar-la al nou context de la COVID-19 <\/p>\n<p>\tEl futur de l\u2019atenci\u00f3 farmac\u00e8utica de les resid\u00e8ncies -actualment centrada en el medicament- passar\u00e0 per un \u00a0model centrat en la persona, en qu\u00e8 els farmac\u00e8utics a banda de les activitats de gesti\u00f3 i control dels medicaments, desenvoluparan activitats cl\u00edniques i assistencials vinculades a la gesti\u00f3 del coneixement per donar suport als professionals<\/p>\n<p>\u00a0<\/p>\n<p>Barcelona, 21 d\u2019octubre de 2020. Com ha de ser l\u2019atenci\u00f3 residencial en temps de pand\u00e8mia? Quin paper pot tenir l\u2019Atenci\u00f3 Prim\u00e0ria? S\u00f3n dues de les q\u00fcestions clau que s\u2019han abordat al llarg de quatre sessions formatives organitzades per la vocalia de Catalunya de la Sociedad Espa\u00f1ola de Farmac\u00e9uticos de Atenci\u00f3n Primaria (SEFAP), conjuntament amb el Col\u00b7legi de Farmac\u00e8utics de Barcelona (COFB), \u00a0amb el patrocini de Menarini. La formaci\u00f3 ha girat al voltant de l\u2019abordatge de pacients en resid\u00e8ncies geri\u00e0triques en el context de la COVID-19 i dels reptes que presenta el futur m\u00e9s immediat de les resid\u00e8ncies, des del punt de vista de l\u2019Atenci\u00f3 Prim\u00e0ria. Tot plegat, en un moment en qu\u00e8, a causa del fort impacte que hi ha provocat la pand\u00e8mia de la COVID-19, s\u2019ha posat de manifest que en l\u2019atenci\u00f3 dels centres sociosanitaris \u00e9s important donar una resposta integrada (social i sanit\u00e0ria) a les necessitats de les persones que viuen en centres residencials.<\/p>\n<p>L\u2019Atenci\u00f3 Prim\u00e0ria en resid\u00e8ncies geri\u00e0triques en l\u2019era de la COVID-19<\/p>\n<p>En la primera sessi\u00f3, que va tenir lloc el passat 15 de setembre, es va fer un rep\u00e0s de com s\u2019ha viscut l\u2019atenci\u00f3 a les resid\u00e8ncies geri\u00e0triques des del punt de vista dels professionals d\u2019Atenci\u00f3 Prim\u00e0ria, a trav\u00e9s de les aportacions de la metgessa de fam\u00edlia Anna Luque i de l\u2019infermer Jos\u00e9 Lu\u00eds Est\u00e9banez.<\/p>\n<p>Tots dos van transmetre que, al principi, tot estava per fer i que faltava experi\u00e8ncia a l\u2019hora d\u2019abordar la situaci\u00f3 que s\u2019estava vivint. Ara, amb molt esfor\u00e7 i inter\u00e8s per part dels professionals, hi ha molta m\u00e9s coordinaci\u00f3 entre l\u2019Atenci\u00f3 Prim\u00e0ria i els professionals que treballen a les resid\u00e8ncies geri\u00e0triques. Aquesta coordinaci\u00f3 ha estat clau per anar millorant l\u2019atenci\u00f3 en aquests centres, malgrat que encara hi ha aspectes\u00a0 sanitaris i no tan sanitaris, com l\u2019aspecte social i de relacions que tenen els residents en situaci\u00f3 de pand\u00e8mia i confinament, que encara no estan ben resolts.<\/p>\n<p>\u00a0<\/p>\n<p>Optimitzaci\u00f3 de l\u2019\u00fas d\u2019antibi\u00f2tics en resid\u00e8ncies geri\u00e0triques<\/p>\n<p>El Dr. Carles Llor, metge de l\u2019especialitat de medicina familiar i comunit\u00e0ria, va exposar durant la segona sessi\u00f3 que a Espanya l\u2019elevat consum d\u2019antibi\u00f2tics (tercer pa\u00eds a nivell mundial) \u00e9s un problema perqu\u00e8 incrementa el risc de desenvolupar resist\u00e8ncies. El Dr. Llor tamb\u00e9 va afirmar que a les resid\u00e8ncies geri\u00e0triques la situaci\u00f3 tamb\u00e9 \u00e9s preocupant, ja que 10 de cada 100 residents tenen prescrit un antibi\u00f2tic, el doble de la mitjana europea, i d\u2019aquests antibi\u00f2tics es calcula que nom\u00e9s 20 de cada 100 estan ben indicats.<\/p>\n<p>\u00c9s en les infeccions d\u2019orina i en les infeccions de vies respirat\u00f2ries baixes on hi ha m\u00e9s marge de millora en la indicaci\u00f3 del tractament antibi\u00f2tic. El farmac\u00e8utic d\u2019Atenci\u00f3 Prim\u00e0ria pot ajudar a millorar l\u2019adequaci\u00f3 del tractament antibi\u00f2tic en les resid\u00e8ncies geri\u00e0triques, assessorant el metge i analitzant, en primer lloc, si l\u2019antibi\u00f2tic prescrit est\u00e0 ben indicat per despr\u00e9s valorar el tipus i la pauta prescrita.<\/p>\n<p>\u00a0Model d\u2019atenci\u00f3 a la complexitat<\/p>\n<p>La tercera sessi\u00f3 va anar a c\u00e0rrec del Dr. Jordi Ambl\u00e0s, metge geriatre del Consorci Hospitalari de Vic. El Dr. Ambl\u00e0s va posar el focus en la definici\u00f3 de complexitat, que t\u00e9 tres dimensions a considerar: la cl\u00ednica, la social i la del propi sistema.<\/p>\n<p>\u00c9s a dir, des del seu punt de vista, les persones no nom\u00e9s poden tenir unes necessitats a partir de la seva complexitat cl\u00ednica (per exemple, la multimorbiditat), sin\u00f3 que hem de tenir en compte tamb\u00e9 si hi ha necessitats socials (per exemple el suport familiar, xarxa social, etc.) i si hi ha complexitat en el sistema que realitza la seva atenci\u00f3 sanit\u00e0ria (m\u00faltiples professionals i diferents nivells assistencials).<\/p>\n<p>El geriatre tamb\u00e9 va destacar que identificar correctament aquesta complexitat multidimensional \u00e9s clau per tal d\u2019establir els objectius adequats que volem assolir en l\u2019atenci\u00f3 a la persona mitjan\u00e7ant un pla d\u2019atenci\u00f3 individualitzat i multifuncional a partir de les necessitats detectades.<\/p>\n<p>Aix\u00ed doncs, la principal conclusi\u00f3 de la sessi\u00f3 va ser que les persones amb necessitats complexes necessiten \u201cvestits a mida\u201d, amb plans terap\u00e8utics individualitzats dins el marc del pla d\u2019atenci\u00f3 individualitzat, on els objectius a assolir estiguin alineats amb les necessitats detectades i les que percep el propi pacient.<\/p>\n<p>El futur de l\u2019assist\u00e8ncia sanit\u00e0ria en les resid\u00e8ncies geri\u00e0triques<\/p>\n<p>Finalment, la darrera sessi\u00f3 va anar a c\u00e0rrec del Dr. Sebasti\u00e0 Santaeug\u00e8nia, director del Programa de Prevenci\u00f3 i Atenci\u00f3 a la Cronicitat i del Pla Director Sociosanitari, del Departament de Salut de la Generalitat de Catalunya. Santaeug\u00e8nia va fer una mirada al futur, centrant la seva intervenci\u00f3 en el Model d\u2019atenci\u00f3 sanit\u00e0ria integrada a resid\u00e8ncies que es vol desenvolupar al nostre pa\u00eds.<\/p>\n<p>En aquesta proposta organitzativa, el model d\u2019atenci\u00f3 farmac\u00e8utica \u00e9s un element clau en l\u2019atenci\u00f3 a les resid\u00e8ncies,\u00a0 que ha de ser de proximitat, equitativa, amb cont\u00ednuum assistencial, de qualitat i segura. Aix\u00ed doncs, segons el model d\u2019Atenci\u00f3 Farmac\u00e8utica per a les persones que viuen en resid\u00e8ncies de Catalunya, presentat per Santaeug\u00e8nia, passarem de l\u2019actual model d\u2019atenci\u00f3 farmac\u00e8utica centrat en el medicament a un model centrat en la persona on el farmac\u00e8utic, a banda de les activitats de gesti\u00f3 i control dels medicaments, desenvolupar\u00e0 activitats cl\u00edniques i assistencials vinculades a la gesti\u00f3 del coneixement per donar suport als professionals\u00a0 tant en el moment de la prescripci\u00f3 en el centre de salut com en l\u2019administraci\u00f3 del medicament en la resid\u00e8ncia mitjan\u00e7ant el desplegament d\u2019activitats cl\u00edniques assistencials, activitats pr\u00f2pies de la seva cartera de serveis i de la gesti\u00f3 i control del medicament.<\/p>\n<p>Els serveis de farm\u00e0cia d\u2019atenci\u00f3 prim\u00e0ria, sociosanitaris o d\u2019hospitals i les oficines de farm\u00e0cia s\u00f3n les estructures que realitzaran les activitats vinculades a la cadena terap\u00e8utica i de suport als professionals dels Equips d\u2019Atenci\u00f3 Prim\u00e0ria i de les resid\u00e8ncies per fer aquesta correcta atenci\u00f3 farmac\u00e8utica centrada en la persona, a trav\u00e9s del farmac\u00e8utic de refer\u00e8ncia.<\/p>\n<p>Aquest model compta amb el suport dels diferents col\u00b7legis professionals (entre ells el dels col\u00b7legis de farmac\u00e8utics) i societats cient\u00edfiques, fet necessari per a la seva implementaci\u00f3. A m\u00e9s a m\u00e9s, caldr\u00e0 un pla de formaci\u00f3 i comunicaci\u00f3 dirigit \u00a0als professionals assistencials i a la poblaci\u00f3, aix\u00ed com un an\u00e0lisi de resultats que permeti avaluar adequadament la qualitat, seguretat i efici\u00e8ncia d\u2019aquest model en les seves diverses variants, segons l\u2019organitzaci\u00f3 territorial i tipus de resid\u00e8ncia.<\/p>\n<p>Amb el patrocini de:\u00a0\u00a0COFB.ORG<\/p>\n","protected":false},"excerpt":{"rendered":"<p>\u00a0 Ha estat una de les conclusions del cicle de quatre sessions formatives, organitzades conjuntament pel Col\u00b7legi de Farmac\u00e8utics de Barcelona i la Sociedad Espa\u00f1ola de Farmac\u00e9uticos de Atenci\u00f3n Primaria, amb el patrocini de Menarini La formaci\u00f3 ha girat al voltant de l\u2019atenci\u00f3 residencial i dels aprenentatges extrets per part [&hellip;]<\/p>\n","protected":false},"author":1,"featured_media":77096,"comment_status":"","ping_status":"","sticky":false,"template":"","format":"standard","meta":{"_uag_custom_page_level_css":"","site-sidebar-layout":"default","site-content-layout":"","ast-site-content-layout":"default","site-content-style":"default","site-sidebar-style":"default","ast-global-header-display":"","ast-banner-title-visibility":"","ast-main-header-display":"","ast-hfb-above-header-display":"","ast-hfb-below-header-display":"","ast-hfb-mobile-header-display":"","site-post-title":"","ast-breadcrumbs-content":"","ast-featured-img":"disabled","footer-sml-layout":"","theme-transparent-header-meta":"","adv-header-id-meta":"","stick-header-meta":"","header-above-stick-meta":"","header-main-stick-meta":"","header-below-stick-meta":"","astra-migrate-meta-layouts":"default","ast-page-background-enabled":"default","ast-page-background-meta":{"desktop":{"background-color":"var(--ast-global-color-4)","background-image":"","background-repeat":"repeat","background-position":"center center","background-size":"auto","background-attachment":"scroll","background-type":"","background-media":"","overlay-type":"","overlay-color":"","overlay-opacity":"","overlay-gradient":""},"tablet":{"background-color":"","background-image":"","background-repeat":"repeat","background-position":"center center","background-size":"auto","background-attachment":"scroll","background-type":"","background-media":"","overlay-type":"","overlay-color":"","overlay-opacity":"","overlay-gradient":""},"mobile":{"background-color":"","background-image":"","background-repeat":"repeat","background-position":"center center","background-size":"auto","background-attachment":"scroll","background-type":"","background-media":"","overlay-type":"","overlay-color":"","overlay-opacity":"","overlay-gradient":""}},"ast-content-background-meta":{"desktop":{"background-color":"var(--ast-global-color-5)","background-image":"","background-repeat":"repeat","background-position":"center center","background-size":"auto","background-attachment":"scroll","background-type":"","background-media":"","overlay-type":"","overlay-color":"","overlay-opacity":"","overlay-gradient":""},"tablet":{"background-color":"var(--ast-global-color-5)","background-image":"","background-repeat":"repeat","background-position":"center center","background-size":"auto","background-attachment":"scroll","background-type":"","background-media":"","overlay-type":"","overlay-color":"","overlay-opacity":"","overlay-gradient":""},"mobile":{"background-color":"var(--ast-global-color-5)","background-image":"","background-repeat":"repeat","background-position":"center center","background-size":"auto","background-attachment":"scroll","background-type":"","background-media":"","overlay-type":"","overlay-color":"","overlay-opacity":"","overlay-gradient":""}},"footnotes":""},"categories":[1060,1066],"tags":[],"class_list":["post-77095","post","type-post","status-publish","format-standard","has-post-thumbnail","hentry","category-notes-premsa","category-sense-categoria-ca"],"yoast_head":"<!-- This site is optimized with the Yoast SEO plugin v22.4 - https:\/\/yoast.com\/wordpress\/plugins\/seo\/ -->\n<title>La coordinaci\u00f3 entre l\u2019Atenci\u00f3 Prim\u00e0ria i els professionals que treballen a centres sociosanitaris, clau en l\u2019atenci\u00f3 residencial en temps de COVID-19 - Col\u00b7legi de Farmac\u00e8utics de Barcelona<\/title>\n<meta name=\"robots\" content=\"index, follow, max-snippet:-1, max-image-preview:large, max-video-preview:-1\" \/>\n<link rel=\"canonical\" href=\"https:\/\/novaorg.cofb.net\/2020\/10\/21\/la-coordinacio-entre-latencio-primaria-i-els-professionals-que-treballen-a-centres-sociosanitaris-clau-en-latencio-residencial-en-temps-de-covid-19\/\" \/>\n<meta property=\"og:locale\" content=\"ca_ES\" \/>\n<meta property=\"og:type\" content=\"article\" \/>\n<meta property=\"og:title\" content=\"La coordinaci\u00f3 entre l\u2019Atenci\u00f3 Prim\u00e0ria i els professionals que treballen a centres sociosanitaris, clau en l\u2019atenci\u00f3 residencial en temps de COVID-19 - Col\u00b7legi de Farmac\u00e8utics de Barcelona\" \/>\n<meta property=\"og:description\" content=\"\u00a0 Ha estat una de les conclusions del cicle de quatre sessions formatives, organitzades conjuntament pel Col\u00b7legi de Farmac\u00e8utics de Barcelona i la Sociedad Espa\u00f1ola de Farmac\u00e9uticos de Atenci\u00f3n Primaria, amb el patrocini de Menarini La formaci\u00f3 ha girat al voltant de l\u2019atenci\u00f3 residencial i dels aprenentatges extrets per part [&hellip;]\" \/>\n<meta property=\"og:url\" content=\"https:\/\/novaorg.cofb.net\/2020\/10\/21\/la-coordinacio-entre-latencio-primaria-i-els-professionals-que-treballen-a-centres-sociosanitaris-clau-en-latencio-residencial-en-temps-de-covid-19\/\" \/>\n<meta property=\"og:site_name\" content=\"Col\u00b7legi de Farmac\u00e8utics de Barcelona\" \/>\n<meta property=\"article:publisher\" content=\"https:\/\/www.facebook.com\/farmaceuticsbcn\/\" \/>\n<meta property=\"article:published_time\" content=\"2020-10-21T12:02:00+00:00\" \/>\n<meta property=\"og:image\" content=\"https:\/\/novaorg.cofb.net\/wp-content\/uploads\/2020\/10\/59345fd6-b658-422a-a3cb-2842c32d05f6-7HYf5a.jpeg\" \/>\n\t<meta property=\"og:image:width\" content=\"85\" \/>\n\t<meta property=\"og:image:height\" content=\"100\" \/>\n\t<meta property=\"og:image:type\" content=\"image\/jpeg\" \/>\n<meta name=\"author\" content=\"wpAdminCofbOrg\" \/>\n<meta name=\"twitter:card\" content=\"summary_large_image\" \/>\n<meta name=\"twitter:creator\" content=\"@farmaceuticsbcn\" \/>\n<meta name=\"twitter:site\" content=\"@farmaceuticsbcn\" \/>\n<meta name=\"twitter:label1\" content=\"Escrit per\" \/>\n\t<meta name=\"twitter:data1\" content=\"wpAdminCofbOrg\" \/>\n\t<meta name=\"twitter:label2\" content=\"Temps estimat de lectura\" \/>\n\t<meta name=\"twitter:data2\" content=\"13 minuts\" \/>\n<script type=\"application\/ld+json\" class=\"yoast-schema-graph\">{\"@context\":\"https:\/\/schema.org\",\"@graph\":[{\"@type\":\"Article\",\"@id\":\"https:\/\/novaorg.cofb.net\/2020\/10\/21\/la-coordinacio-entre-latencio-primaria-i-els-professionals-que-treballen-a-centres-sociosanitaris-clau-en-latencio-residencial-en-temps-de-covid-19\/#article\",\"isPartOf\":{\"@id\":\"https:\/\/novaorg.cofb.net\/2020\/10\/21\/la-coordinacio-entre-latencio-primaria-i-els-professionals-que-treballen-a-centres-sociosanitaris-clau-en-latencio-residencial-en-temps-de-covid-19\/\"},\"author\":{\"name\":\"wpAdminCofbOrg\",\"@id\":\"https:\/\/www.cofb.org\/#\/schema\/person\/22ed7eea88da74b0fa4d3154ad87ffcb\"},\"headline\":\"La coordinaci\u00f3 entre l\u2019Atenci\u00f3 Prim\u00e0ria i els professionals que treballen a centres sociosanitaris, clau en l\u2019atenci\u00f3 residencial en temps de COVID-19\",\"datePublished\":\"2020-10-21T12:02:00+00:00\",\"dateModified\":\"2020-10-21T12:02:00+00:00\",\"mainEntityOfPage\":{\"@id\":\"https:\/\/novaorg.cofb.net\/2020\/10\/21\/la-coordinacio-entre-latencio-primaria-i-els-professionals-que-treballen-a-centres-sociosanitaris-clau-en-latencio-residencial-en-temps-de-covid-19\/\"},\"wordCount\":2666,\"publisher\":{\"@id\":\"https:\/\/www.cofb.org\/#organization\"},\"image\":{\"@id\":\"https:\/\/novaorg.cofb.net\/2020\/10\/21\/la-coordinacio-entre-latencio-primaria-i-els-professionals-que-treballen-a-centres-sociosanitaris-clau-en-latencio-residencial-en-temps-de-covid-19\/#primaryimage\"},\"thumbnailUrl\":\"https:\/\/www.cofb.org\/wp-content\/uploads\/2020\/10\/59345fd6-b658-422a-a3cb-2842c32d05f6-7HYf5a.jpeg\",\"articleSection\":[\"Notes de premsa\"],\"inLanguage\":\"ca\"},{\"@type\":\"WebPage\",\"@id\":\"https:\/\/novaorg.cofb.net\/2020\/10\/21\/la-coordinacio-entre-latencio-primaria-i-els-professionals-que-treballen-a-centres-sociosanitaris-clau-en-latencio-residencial-en-temps-de-covid-19\/\",\"url\":\"https:\/\/novaorg.cofb.net\/2020\/10\/21\/la-coordinacio-entre-latencio-primaria-i-els-professionals-que-treballen-a-centres-sociosanitaris-clau-en-latencio-residencial-en-temps-de-covid-19\/\",\"name\":\"La coordinaci\u00f3 entre l\u2019Atenci\u00f3 Prim\u00e0ria i els professionals que treballen a centres sociosanitaris, clau en l\u2019atenci\u00f3 residencial en temps de COVID-19 - Col\u00b7legi de Farmac\u00e8utics de Barcelona\",\"isPartOf\":{\"@id\":\"https:\/\/www.cofb.org\/#website\"},\"primaryImageOfPage\":{\"@id\":\"https:\/\/novaorg.cofb.net\/2020\/10\/21\/la-coordinacio-entre-latencio-primaria-i-els-professionals-que-treballen-a-centres-sociosanitaris-clau-en-latencio-residencial-en-temps-de-covid-19\/#primaryimage\"},\"image\":{\"@id\":\"https:\/\/novaorg.cofb.net\/2020\/10\/21\/la-coordinacio-entre-latencio-primaria-i-els-professionals-que-treballen-a-centres-sociosanitaris-clau-en-latencio-residencial-en-temps-de-covid-19\/#primaryimage\"},\"thumbnailUrl\":\"https:\/\/www.cofb.org\/wp-content\/uploads\/2020\/10\/59345fd6-b658-422a-a3cb-2842c32d05f6-7HYf5a.jpeg\",\"datePublished\":\"2020-10-21T12:02:00+00:00\",\"dateModified\":\"2020-10-21T12:02:00+00:00\",\"breadcrumb\":{\"@id\":\"https:\/\/novaorg.cofb.net\/2020\/10\/21\/la-coordinacio-entre-latencio-primaria-i-els-professionals-que-treballen-a-centres-sociosanitaris-clau-en-latencio-residencial-en-temps-de-covid-19\/#breadcrumb\"},\"inLanguage\":\"ca\",\"potentialAction\":[{\"@type\":\"ReadAction\",\"target\":[\"https:\/\/novaorg.cofb.net\/2020\/10\/21\/la-coordinacio-entre-latencio-primaria-i-els-professionals-que-treballen-a-centres-sociosanitaris-clau-en-latencio-residencial-en-temps-de-covid-19\/\"]}]},{\"@type\":\"ImageObject\",\"inLanguage\":\"ca\",\"@id\":\"https:\/\/novaorg.cofb.net\/2020\/10\/21\/la-coordinacio-entre-latencio-primaria-i-els-professionals-que-treballen-a-centres-sociosanitaris-clau-en-latencio-residencial-en-temps-de-covid-19\/#primaryimage\",\"url\":\"https:\/\/www.cofb.org\/wp-content\/uploads\/2020\/10\/59345fd6-b658-422a-a3cb-2842c32d05f6-7HYf5a.jpeg\",\"contentUrl\":\"https:\/\/www.cofb.org\/wp-content\/uploads\/2020\/10\/59345fd6-b658-422a-a3cb-2842c32d05f6-7HYf5a.jpeg\",\"width\":85,\"height\":100},{\"@type\":\"BreadcrumbList\",\"@id\":\"https:\/\/novaorg.cofb.net\/2020\/10\/21\/la-coordinacio-entre-latencio-primaria-i-els-professionals-que-treballen-a-centres-sociosanitaris-clau-en-latencio-residencial-en-temps-de-covid-19\/#breadcrumb\",\"itemListElement\":[{\"@type\":\"ListItem\",\"position\":1,\"name\":\"Inici\",\"item\":\"https:\/\/novaorg.cofb.net\/\"},{\"@type\":\"ListItem\",\"position\":2,\"name\":\"La coordinaci\u00f3 entre l\u2019Atenci\u00f3 Prim\u00e0ria i els professionals que treballen a centres sociosanitaris, clau en l\u2019atenci\u00f3 residencial en temps de COVID-19\"}]},{\"@type\":\"WebSite\",\"@id\":\"https:\/\/www.cofb.org\/#website\",\"url\":\"https:\/\/www.cofb.org\/\",\"name\":\"Col\u00b7legi de Farmac\u00e8utics de Barcelona\",\"description\":\"\",\"publisher\":{\"@id\":\"https:\/\/www.cofb.org\/#organization\"},\"potentialAction\":[{\"@type\":\"SearchAction\",\"target\":{\"@type\":\"EntryPoint\",\"urlTemplate\":\"https:\/\/www.cofb.org\/?s={search_term_string}\"},\"query-input\":\"required name=search_term_string\"}],\"inLanguage\":\"ca\"},{\"@type\":\"Organization\",\"@id\":\"https:\/\/www.cofb.org\/#organization\",\"name\":\"Col\u00b7legi de Farmac\u00e8utics de Barcelona\",\"url\":\"https:\/\/www.cofb.org\/\",\"logo\":{\"@type\":\"ImageObject\",\"inLanguage\":\"ca\",\"@id\":\"https:\/\/www.cofb.org\/#\/schema\/logo\/image\/\",\"url\":\"https:\/\/www.cofb.org\/wp-content\/uploads\/2023\/11\/cropped-Logotip-COFB.png\",\"contentUrl\":\"https:\/\/www.cofb.org\/wp-content\/uploads\/2023\/11\/cropped-Logotip-COFB.png\",\"width\":500,\"height\":105,\"caption\":\"Col\u00b7legi de Farmac\u00e8utics de Barcelona\"},\"image\":{\"@id\":\"https:\/\/www.cofb.org\/#\/schema\/logo\/image\/\"},\"sameAs\":[\"https:\/\/www.facebook.com\/farmaceuticsbcn\/\",\"https:\/\/twitter.com\/farmaceuticsbcn\",\"https:\/\/www.instagram.com\/farmaceuticsbcn\/\",\"https:\/\/www.linkedin.com\/company\/farmaceuticsbcn\/\"]},{\"@type\":\"Person\",\"@id\":\"https:\/\/www.cofb.org\/#\/schema\/person\/22ed7eea88da74b0fa4d3154ad87ffcb\",\"name\":\"wpAdminCofbOrg\",\"image\":{\"@type\":\"ImageObject\",\"inLanguage\":\"ca\",\"@id\":\"https:\/\/www.cofb.org\/#\/schema\/person\/image\/\",\"url\":\"https:\/\/secure.gravatar.com\/avatar\/1721b20b3b8ca882c3b56ec6c978c594fff670e40c0718e9190eaeeb76aae7d8?s=96&d=mm&r=g\",\"contentUrl\":\"https:\/\/secure.gravatar.com\/avatar\/1721b20b3b8ca882c3b56ec6c978c594fff670e40c0718e9190eaeeb76aae7d8?s=96&d=mm&r=g\",\"caption\":\"wpAdminCofbOrg\"},\"sameAs\":[\"http:\/\/192.168.64.122\/wordpress\"],\"url\":\"https:\/\/www.cofb.org\/ca\/author\/wpadmincofborg\/\"}]}<\/script>\n<!-- \/ Yoast SEO plugin. -->","yoast_head_json":{"title":"La coordinaci\u00f3 entre l\u2019Atenci\u00f3 Prim\u00e0ria i els professionals que treballen a centres sociosanitaris, clau en l\u2019atenci\u00f3 residencial en temps de COVID-19 - Col\u00b7legi de Farmac\u00e8utics de Barcelona","robots":{"index":"index","follow":"follow","max-snippet":"max-snippet:-1","max-image-preview":"max-image-preview:large","max-video-preview":"max-video-preview:-1"},"canonical":"https:\/\/novaorg.cofb.net\/2020\/10\/21\/la-coordinacio-entre-latencio-primaria-i-els-professionals-que-treballen-a-centres-sociosanitaris-clau-en-latencio-residencial-en-temps-de-covid-19\/","og_locale":"ca_ES","og_type":"article","og_title":"La coordinaci\u00f3 entre l\u2019Atenci\u00f3 Prim\u00e0ria i els professionals que treballen a centres sociosanitaris, clau en l\u2019atenci\u00f3 residencial en temps de COVID-19 - Col\u00b7legi de Farmac\u00e8utics de Barcelona","og_description":"\u00a0 Ha estat una de les conclusions del cicle de quatre sessions formatives, organitzades conjuntament pel Col\u00b7legi de Farmac\u00e8utics de Barcelona i la Sociedad Espa\u00f1ola de Farmac\u00e9uticos de Atenci\u00f3n Primaria, amb el patrocini de Menarini La formaci\u00f3 ha girat al voltant de l\u2019atenci\u00f3 residencial i dels aprenentatges extrets per part [&hellip;]","og_url":"https:\/\/novaorg.cofb.net\/2020\/10\/21\/la-coordinacio-entre-latencio-primaria-i-els-professionals-que-treballen-a-centres-sociosanitaris-clau-en-latencio-residencial-en-temps-de-covid-19\/","og_site_name":"Col\u00b7legi de Farmac\u00e8utics de Barcelona","article_publisher":"https:\/\/www.facebook.com\/farmaceuticsbcn\/","article_published_time":"2020-10-21T12:02:00+00:00","og_image":[{"width":85,"height":100,"url":"https:\/\/novaorg.cofb.net\/wp-content\/uploads\/2020\/10\/59345fd6-b658-422a-a3cb-2842c32d05f6-7HYf5a.jpeg","type":"image\/jpeg"}],"author":"wpAdminCofbOrg","twitter_card":"summary_large_image","twitter_creator":"@farmaceuticsbcn","twitter_site":"@farmaceuticsbcn","twitter_misc":{"Escrit per":"wpAdminCofbOrg","Temps estimat de lectura":"13 minuts"},"schema":{"@context":"https:\/\/schema.org","@graph":[{"@type":"Article","@id":"https:\/\/novaorg.cofb.net\/2020\/10\/21\/la-coordinacio-entre-latencio-primaria-i-els-professionals-que-treballen-a-centres-sociosanitaris-clau-en-latencio-residencial-en-temps-de-covid-19\/#article","isPartOf":{"@id":"https:\/\/novaorg.cofb.net\/2020\/10\/21\/la-coordinacio-entre-latencio-primaria-i-els-professionals-que-treballen-a-centres-sociosanitaris-clau-en-latencio-residencial-en-temps-de-covid-19\/"},"author":{"name":"wpAdminCofbOrg","@id":"https:\/\/www.cofb.org\/#\/schema\/person\/22ed7eea88da74b0fa4d3154ad87ffcb"},"headline":"La coordinaci\u00f3 entre l\u2019Atenci\u00f3 Prim\u00e0ria i els professionals que treballen a centres sociosanitaris, clau en l\u2019atenci\u00f3 residencial en temps de COVID-19","datePublished":"2020-10-21T12:02:00+00:00","dateModified":"2020-10-21T12:02:00+00:00","mainEntityOfPage":{"@id":"https:\/\/novaorg.cofb.net\/2020\/10\/21\/la-coordinacio-entre-latencio-primaria-i-els-professionals-que-treballen-a-centres-sociosanitaris-clau-en-latencio-residencial-en-temps-de-covid-19\/"},"wordCount":2666,"publisher":{"@id":"https:\/\/www.cofb.org\/#organization"},"image":{"@id":"https:\/\/novaorg.cofb.net\/2020\/10\/21\/la-coordinacio-entre-latencio-primaria-i-els-professionals-que-treballen-a-centres-sociosanitaris-clau-en-latencio-residencial-en-temps-de-covid-19\/#primaryimage"},"thumbnailUrl":"https:\/\/www.cofb.org\/wp-content\/uploads\/2020\/10\/59345fd6-b658-422a-a3cb-2842c32d05f6-7HYf5a.jpeg","articleSection":["Notes de premsa"],"inLanguage":"ca"},{"@type":"WebPage","@id":"https:\/\/novaorg.cofb.net\/2020\/10\/21\/la-coordinacio-entre-latencio-primaria-i-els-professionals-que-treballen-a-centres-sociosanitaris-clau-en-latencio-residencial-en-temps-de-covid-19\/","url":"https:\/\/novaorg.cofb.net\/2020\/10\/21\/la-coordinacio-entre-latencio-primaria-i-els-professionals-que-treballen-a-centres-sociosanitaris-clau-en-latencio-residencial-en-temps-de-covid-19\/","name":"La coordinaci\u00f3 entre l\u2019Atenci\u00f3 Prim\u00e0ria i els professionals que treballen a centres sociosanitaris, clau en l\u2019atenci\u00f3 residencial en temps de COVID-19 - Col\u00b7legi de Farmac\u00e8utics de Barcelona","isPartOf":{"@id":"https:\/\/www.cofb.org\/#website"},"primaryImageOfPage":{"@id":"https:\/\/novaorg.cofb.net\/2020\/10\/21\/la-coordinacio-entre-latencio-primaria-i-els-professionals-que-treballen-a-centres-sociosanitaris-clau-en-latencio-residencial-en-temps-de-covid-19\/#primaryimage"},"image":{"@id":"https:\/\/novaorg.cofb.net\/2020\/10\/21\/la-coordinacio-entre-latencio-primaria-i-els-professionals-que-treballen-a-centres-sociosanitaris-clau-en-latencio-residencial-en-temps-de-covid-19\/#primaryimage"},"thumbnailUrl":"https:\/\/www.cofb.org\/wp-content\/uploads\/2020\/10\/59345fd6-b658-422a-a3cb-2842c32d05f6-7HYf5a.jpeg","datePublished":"2020-10-21T12:02:00+00:00","dateModified":"2020-10-21T12:02:00+00:00","breadcrumb":{"@id":"https:\/\/novaorg.cofb.net\/2020\/10\/21\/la-coordinacio-entre-latencio-primaria-i-els-professionals-que-treballen-a-centres-sociosanitaris-clau-en-latencio-residencial-en-temps-de-covid-19\/#breadcrumb"},"inLanguage":"ca","potentialAction":[{"@type":"ReadAction","target":["https:\/\/novaorg.cofb.net\/2020\/10\/21\/la-coordinacio-entre-latencio-primaria-i-els-professionals-que-treballen-a-centres-sociosanitaris-clau-en-latencio-residencial-en-temps-de-covid-19\/"]}]},{"@type":"ImageObject","inLanguage":"ca","@id":"https:\/\/novaorg.cofb.net\/2020\/10\/21\/la-coordinacio-entre-latencio-primaria-i-els-professionals-que-treballen-a-centres-sociosanitaris-clau-en-latencio-residencial-en-temps-de-covid-19\/#primaryimage","url":"https:\/\/www.cofb.org\/wp-content\/uploads\/2020\/10\/59345fd6-b658-422a-a3cb-2842c32d05f6-7HYf5a.jpeg","contentUrl":"https:\/\/www.cofb.org\/wp-content\/uploads\/2020\/10\/59345fd6-b658-422a-a3cb-2842c32d05f6-7HYf5a.jpeg","width":85,"height":100},{"@type":"BreadcrumbList","@id":"https:\/\/novaorg.cofb.net\/2020\/10\/21\/la-coordinacio-entre-latencio-primaria-i-els-professionals-que-treballen-a-centres-sociosanitaris-clau-en-latencio-residencial-en-temps-de-covid-19\/#breadcrumb","itemListElement":[{"@type":"ListItem","position":1,"name":"Inici","item":"https:\/\/novaorg.cofb.net\/"},{"@type":"ListItem","position":2,"name":"La coordinaci\u00f3 entre l\u2019Atenci\u00f3 Prim\u00e0ria i els professionals que treballen a centres sociosanitaris, clau en l\u2019atenci\u00f3 residencial en temps de COVID-19"}]},{"@type":"WebSite","@id":"https:\/\/www.cofb.org\/#website","url":"https:\/\/www.cofb.org\/","name":"Col\u00b7legi de Farmac\u00e8utics de Barcelona","description":"","publisher":{"@id":"https:\/\/www.cofb.org\/#organization"},"potentialAction":[{"@type":"SearchAction","target":{"@type":"EntryPoint","urlTemplate":"https:\/\/www.cofb.org\/?s={search_term_string}"},"query-input":"required name=search_term_string"}],"inLanguage":"ca"},{"@type":"Organization","@id":"https:\/\/www.cofb.org\/#organization","name":"Col\u00b7legi de Farmac\u00e8utics de Barcelona","url":"https:\/\/www.cofb.org\/","logo":{"@type":"ImageObject","inLanguage":"ca","@id":"https:\/\/www.cofb.org\/#\/schema\/logo\/image\/","url":"https:\/\/www.cofb.org\/wp-content\/uploads\/2023\/11\/cropped-Logotip-COFB.png","contentUrl":"https:\/\/www.cofb.org\/wp-content\/uploads\/2023\/11\/cropped-Logotip-COFB.png","width":500,"height":105,"caption":"Col\u00b7legi de Farmac\u00e8utics de Barcelona"},"image":{"@id":"https:\/\/www.cofb.org\/#\/schema\/logo\/image\/"},"sameAs":["https:\/\/www.facebook.com\/farmaceuticsbcn\/","https:\/\/twitter.com\/farmaceuticsbcn","https:\/\/www.instagram.com\/farmaceuticsbcn\/","https:\/\/www.linkedin.com\/company\/farmaceuticsbcn\/"]},{"@type":"Person","@id":"https:\/\/www.cofb.org\/#\/schema\/person\/22ed7eea88da74b0fa4d3154ad87ffcb","name":"wpAdminCofbOrg","image":{"@type":"ImageObject","inLanguage":"ca","@id":"https:\/\/www.cofb.org\/#\/schema\/person\/image\/","url":"https:\/\/secure.gravatar.com\/avatar\/1721b20b3b8ca882c3b56ec6c978c594fff670e40c0718e9190eaeeb76aae7d8?s=96&d=mm&r=g","contentUrl":"https:\/\/secure.gravatar.com\/avatar\/1721b20b3b8ca882c3b56ec6c978c594fff670e40c0718e9190eaeeb76aae7d8?s=96&d=mm&r=g","caption":"wpAdminCofbOrg"},"sameAs":["http:\/\/192.168.64.122\/wordpress"],"url":"https:\/\/www.cofb.org\/ca\/author\/wpadmincofborg\/"}]}},"uagb_featured_image_src":{"full":["https:\/\/www.cofb.org\/wp-content\/uploads\/2020\/10\/59345fd6-b658-422a-a3cb-2842c32d05f6-7HYf5a.jpeg",85,100,false],"thumbnail":["https:\/\/www.cofb.org\/wp-content\/uploads\/2020\/10\/59345fd6-b658-422a-a3cb-2842c32d05f6-7HYf5a.jpeg",85,100,false],"medium":["https:\/\/www.cofb.org\/wp-content\/uploads\/2020\/10\/59345fd6-b658-422a-a3cb-2842c32d05f6-7HYf5a.jpeg",85,100,false],"medium_large":["https:\/\/www.cofb.org\/wp-content\/uploads\/2020\/10\/59345fd6-b658-422a-a3cb-2842c32d05f6-7HYf5a.jpeg",85,100,false],"large":["https:\/\/www.cofb.org\/wp-content\/uploads\/2020\/10\/59345fd6-b658-422a-a3cb-2842c32d05f6-7HYf5a.jpeg",85,100,false],"1536x1536":["https:\/\/www.cofb.org\/wp-content\/uploads\/2020\/10\/59345fd6-b658-422a-a3cb-2842c32d05f6-7HYf5a.jpeg",85,100,false],"2048x2048":["https:\/\/www.cofb.org\/wp-content\/uploads\/2020\/10\/59345fd6-b658-422a-a3cb-2842c32d05f6-7HYf5a.jpeg",85,100,false],"trp-custom-language-flag":["https:\/\/www.cofb.org\/wp-content\/uploads\/2020\/10\/59345fd6-b658-422a-a3cb-2842c32d05f6-7HYf5a-10x12.jpeg",10,12,true]},"uagb_author_info":{"display_name":"wpAdminCofbOrg","author_link":"https:\/\/www.cofb.org\/ca\/author\/wpadmincofborg\/"},"uagb_comment_info":0,"uagb_excerpt":"\u00a0 Ha estat una de les conclusions del cicle de quatre sessions formatives, organitzades conjuntament pel Col\u00b7legi de Farmac\u00e8utics de Barcelona i la Sociedad Espa\u00f1ola de Farmac\u00e9uticos de Atenci\u00f3n Primaria, amb el patrocini de Menarini La formaci\u00f3 ha girat al voltant de l\u2019atenci\u00f3 residencial i dels aprenentatges extrets per part [&hellip;]","_links":{"self":[{"href":"https:\/\/www.cofb.org\/ca\/wp-json\/wp\/v2\/posts\/77095","targetHints":{"allow":["GET"]}}],"collection":[{"href":"https:\/\/www.cofb.org\/ca\/wp-json\/wp\/v2\/posts"}],"about":[{"href":"https:\/\/www.cofb.org\/ca\/wp-json\/wp\/v2\/types\/post"}],"author":[{"embeddable":true,"href":"https:\/\/www.cofb.org\/ca\/wp-json\/wp\/v2\/users\/1"}],"replies":[{"embeddable":true,"href":"https:\/\/www.cofb.org\/ca\/wp-json\/wp\/v2\/comments?post=77095"}],"version-history":[{"count":0,"href":"https:\/\/www.cofb.org\/ca\/wp-json\/wp\/v2\/posts\/77095\/revisions"}],"wp:featuredmedia":[{"embeddable":true,"href":"https:\/\/www.cofb.org\/ca\/wp-json\/wp\/v2\/media\/77096"}],"wp:attachment":[{"href":"https:\/\/www.cofb.org\/ca\/wp-json\/wp\/v2\/media?parent=77095"}],"wp:term":[{"taxonomy":"category","embeddable":true,"href":"https:\/\/www.cofb.org\/ca\/wp-json\/wp\/v2\/categories?post=77095"},{"taxonomy":"post_tag","embeddable":true,"href":"https:\/\/www.cofb.org\/ca\/wp-json\/wp\/v2\/tags?post=77095"}],"curies":[{"name":"wp","href":"https:\/\/api.w.org\/{rel}","templated":true}]}}