{"id":77094,"date":"2020-11-02T13:08:00","date_gmt":"2020-11-02T13:08:00","guid":{"rendered":"https:\/\/novaorg.cofb.net\/2020\/11\/02\/jordi-casas-lequilibri-entre-la-vessant-assistencial-i-de-gestio-es-clau-a-les-oficines-de-farmacia\/"},"modified":"2020-11-02T13:08:00","modified_gmt":"2020-11-02T13:08:00","slug":"jordi-casas-lequilibri-entre-la-vessant-assistencial-i-de-gestio-es-clau-a-les-oficines-de-farmacia","status":"publish","type":"post","link":"https:\/\/www.cofb.org\/ca\/2020\/11\/02\/jordi-casas-lequilibri-entre-la-vessant-assistencial-i-de-gestio-es-clau-a-les-oficines-de-farmacia\/","title":{"rendered":"Jordi Casas: \u201cL\u2019equilibri entre la vessant assistencial i de gesti\u00f3 \u00e9s clau a les oficines de farm\u00e0cia\u201d"},"content":{"rendered":"<p>\u00a0<\/p>\n<ul>\n<li>Van ser paraules de Jordi Casas, president del Col\u00b7legi de Farmac\u00e8utics de Barcelona (COFB), a la <strong>inauguraci\u00f3 de la XVI edici\u00f3 del MGOF<\/strong><\/li>\n<\/ul>\n<ul>\n<li>A la inauguraci\u00f3 tamb\u00e9 van ser-hi presents Aina Surroca, secret\u00e0ria del COFB i responsable de la Comissi\u00f3 delegada de Formaci\u00f3 Continuada; <strong>Juan Carlos Serra<\/strong>, director del MGOF; <strong>Cristina Rodr\u00edguez<\/strong> i <strong>M\u00f3nica Gallach<\/strong>, coordinadores del M\u00e0ster i membres del Departament de Formaci\u00f3 i Desenvolupament Professional del COFB<\/li>\n<\/ul>\n<ul>\n<li>El Programa, <strong>adaptat a las demandes de l\u2019entorn i a les necessitats del col\u00b7lectiu, <\/strong>compr\u00e8n <strong>tres m\u00f2duls<\/strong>: <strong>finances i fiscalitat<\/strong>, <strong>gesti\u00f3 de persones<\/strong> i <strong>m\u00e0rqueting<\/strong><\/li>\n<li>\u00a0<\/li>\n<li><em>Barcelona, 2 de novembre de 2020<\/em>. El passat <strong>8 d&#8217;octubre<\/strong> el <strong>COFB va celebrar la inauguraci\u00f3 de la XVI edici\u00f3 del M\u00e0ster de Gesti\u00f3 de l&#8217;Oficina de Farm\u00e0cia<\/strong>, en format presencial i seguint totes les mesures sanit\u00e0ries per \u00a0prevenir els contagis per SARS-CoV-2. <strong>Jordi Casas<\/strong>, president del COFB, va donar la benvinguda als participants del M\u00e0ster i els va dedicar unes paraules centrades en la <strong>import\u00e0ncia de l&#8217;equilibri entre la vessant assistencial<\/strong> i de <strong>gesti\u00f3<\/strong>, clau per al dia a dia de les oficines de farm\u00e0cia. En la inauguraci\u00f3, tamb\u00e9 van ser-hi presents <strong>Aina Surroca<\/strong>, secret\u00e0ria del COFB i responsable de la Comissi\u00f3 delegada de Formaci\u00f3 Continuada; <strong>Juan<\/strong> <strong>Carlos Serra<\/strong>, director del MGOF; <strong>Cristina Rodr\u00edguez<\/strong> i <strong>M\u00f3nica Gallach<\/strong>, coordinadores del M\u00e0ster i membres del Departament de Formaci\u00f3 i Desenvolupament Professional del COFB.<\/li>\n<\/ul>\n<p><strong><u>Equilibri entre coneixements cient\u00edfics i gesti\u00f3 professional <\/u><\/strong><\/p>\n<p>Durant la inauguraci\u00f3, el president del COFB va afirmar: \u201cNo ens podem limitar a la <strong>part<\/strong> <strong>cient\u00edfica<\/strong>, ja que el model majoritari que tenim de desenvolupament de la nostra activitat professional -que s\u00f3n les oficines de farm\u00e0cia- implica tenir coneixements de <strong>gesti\u00f3 de l&#8217;activitat professional<\/strong>\u201d. En aquest sentit, Casas va reivindicar el model d&#8217;oficina de farm\u00e0cia que tenim actualment, basat en el <strong>binomi titularitat-propietat<\/strong>, que ofereix com a principal avantatge que, en l&#8217;exercici de la professi\u00f3, \u00e9s el mateix professional el gestor o empresari.<\/p>\n<p>Per tot aix\u00f2, va voler posar en relleu l&#8217;encert que va suposar que, 16 anys enrere, el COFB apost\u00e9s pel MGOF i, m\u00e9s concretament, el president del Col\u00b7legi va destacar la <strong>import\u00e0ncia de la formaci\u00f3<\/strong> en un moment ple d&#8217;incertesa: \u201cHi ha <strong>farm\u00e0cies de zones tur\u00edstiques<\/strong> o de pas que s&#8217;han vist afectades pel confinament i les <strong>conseq\u00fc\u00e8ncies de la COVID-19<\/strong>\u201d. Amb aix\u00f2, es va referir al fet que el MGOF pot <strong>proporcionar eines \u00fatils<\/strong> a les oficines de farm\u00e0cia i ser-los d&#8217;ajuda en un entorn de <strong>transici\u00f3<\/strong>, de <strong>canvi<\/strong> i tan <strong>vol\u00e0til<\/strong> com el que estem vivint actualment.<\/p>\n<p><strong><u>M\u00f2duls i metodologia<\/u><\/strong><\/p>\n<p>Dirigit a titulars de farm\u00e0cia comunit\u00e0ria o a graduats en Farm\u00e0cia que poden ser titulars aviat, el M\u00e0ster compr\u00e8n <strong>tres m\u00f2duls: finances i fiscalitat, gesti\u00f3 de persones i m\u00e0rqueting<\/strong>. Per a fer-ho m\u00e9s accessible, els alumnes tenen l&#8217;opci\u00f3 de cursar-los per separat en funci\u00f3 dels seus interessos i disponibilitat. Aix\u00ed mateix, es treballa amb exemples, exercicis, casos i altres recursos perqu\u00e8 l&#8217;aplicaci\u00f3 dels coneixements adquirits sigui immediata. En cada edici\u00f3 es fomenta la capacitat de reflexi\u00f3, el treball cooperatiu i la transmissi\u00f3 de coneixements.<\/p>\n<p>El M\u00e0ster, com en cada edici\u00f3, ha <strong>adaptat el programa a les demandes de l&#8217;entorn i a les necessitats del col\u00b7lectiu<\/strong> i ha realitzat <strong>noves incorporacions en el m\u00f2dul de finances i de m\u00e0rqueting com el taller d&#8217;habilitats directives sobre Programaci\u00f3 Neuroling\u00fc\u00edstica<\/strong>. D&#8217;altra banda, ha estat pioner a l&#8217;hora <strong>d&#8217;aplicar la tecnologia<\/strong> per a mantenir-nos m\u00e9s connectats i <strong>tenir els recursos per a continuar innovant<\/strong>. El M\u00e0ster est\u00e0 preparat per a <strong>canviar a la modalitat virtual<\/strong> en qualsevol moment, si les <strong>recomanacions sanit\u00e0ries<\/strong> aix\u00ed ho indiquen.<\/p>\n<p><strong><u>\u00bfQu\u00e8 destaquen els alumnes de l\u2019anterior edici\u00f3?<\/u><\/strong><\/p>\n<p>Participants d&#8217;anteriors edicions destaquen que el M\u00e0ster resulta <strong>molt \u00fatil<\/strong> per adquirir coneixements que despr\u00e9s s\u00f3n <strong>totalment aplicables a l&#8217;oficina de farm\u00e0cia<\/strong>. A m\u00e9s, consideren que la gran quantitat i varietat de recursos pr\u00e0ctics que proporciona a trav\u00e9s dels professionals que l\u2019imparteixen resulten molt \u00fatils per portar de forma m\u00e9s conscient i eficient la gesti\u00f3 i direcci\u00f3 de l&#8217;oficina de farm\u00e0cia, juntament amb l&#8217;equip que la integra.<\/p>\n<p>Com en d\u2019altres edicions, el MGOF inclou <strong>confer\u00e8ncies<\/strong> i <strong>casos d&#8217;\u00e8xit<\/strong> d&#8217;antics estudiants del M\u00e0ster, amb l&#8217;objectiu d&#8217;aportar les seves experi\u00e8ncies i impressions. A m\u00e9s, continuaran en marxa els <strong>F\u00f2rum MGOF<\/strong>, un cicle de confer\u00e8ncies de temes relacionats amb la gesti\u00f3 de la farm\u00e0cia i espai de reflexi\u00f3 conjunta.<\/p>\n<p>\u00a0Van ser paraules de Jordi Casas, president del Col\u00b7legi de Farmac\u00e8utics de Barcelona (COFB), a la inauguraci\u00f3 de la XVI edici\u00f3 del MGOF<\/p>\n<p>\tA la inauguraci\u00f3 tamb\u00e9 van ser-hi presents Aina Surroca, secret\u00e0ria del COFB i responsable de la Comissi\u00f3 delegada de Formaci\u00f3 Continuada; Juan Carlos Serra, director del MGOF; Cristina Rodr\u00edguez i M\u00f3nica Gallach, coordinadores del M\u00e0ster i membres del Departament de Formaci\u00f3 i Desenvolupament Professional del COFB<\/p>\n<p>\tEl Programa, adaptat a las demandes de l\u2019entorn i a les necessitats del col\u00b7lectiu, compr\u00e8n tres m\u00f2duls: finances i fiscalitat, gesti\u00f3 de persones i m\u00e0rqueting<br \/>\n\t\u00a0<br \/>\n\tBarcelona, 2 de novembre de 2020. El passat 8 d&#8217;octubre el COFB va celebrar la inauguraci\u00f3 de la XVI edici\u00f3 del M\u00e0ster de Gesti\u00f3 de l&#8217;Oficina de Farm\u00e0cia, en format presencial i seguint totes les mesures sanit\u00e0ries per \u00a0prevenir els contagis per SARS-CoV-2. Jordi Casas, president del COFB, va donar la benvinguda als participants del M\u00e0ster i els va dedicar unes paraules centrades en la import\u00e0ncia de l&#8217;equilibri entre la vessant assistencial i de gesti\u00f3, clau per al dia a dia de les oficines de farm\u00e0cia. En la inauguraci\u00f3, tamb\u00e9 van ser-hi presents Aina Surroca, secret\u00e0ria del COFB i responsable de la Comissi\u00f3 delegada de Formaci\u00f3 Continuada; Juan Carlos Serra, director del MGOF; Cristina Rodr\u00edguez i M\u00f3nica Gallach, coordinadores del M\u00e0ster i membres del Departament de Formaci\u00f3 i Desenvolupament Professional del COFB.<\/p>\n<p>Equilibri entre coneixements cient\u00edfics i gesti\u00f3 professional <\/p>\n<p>Durant la inauguraci\u00f3, el president del COFB va afirmar: \u201cNo ens podem limitar a la part cient\u00edfica, ja que el model majoritari que tenim de desenvolupament de la nostra activitat professional -que s\u00f3n les oficines de farm\u00e0cia- implica tenir coneixements de gesti\u00f3 de l&#8217;activitat professional\u201d. En aquest sentit, Casas va reivindicar el model d&#8217;oficina de farm\u00e0cia que tenim actualment, basat en el binomi titularitat-propietat, que ofereix com a principal avantatge que, en l&#8217;exercici de la professi\u00f3, \u00e9s el mateix professional el gestor o empresari.<\/p>\n<p>Per tot aix\u00f2, va voler posar en relleu l&#8217;encert que va suposar que, 16 anys enrere, el COFB apost\u00e9s pel MGOF i, m\u00e9s concretament, el president del Col\u00b7legi va destacar la import\u00e0ncia de la formaci\u00f3 en un moment ple d&#8217;incertesa: \u201cHi ha farm\u00e0cies de zones tur\u00edstiques o de pas que s&#8217;han vist afectades pel confinament i les conseq\u00fc\u00e8ncies de la COVID-19\u201d. Amb aix\u00f2, es va referir al fet que el MGOF pot proporcionar eines \u00fatils a les oficines de farm\u00e0cia i ser-los d&#8217;ajuda en un entorn de transici\u00f3, de canvi i tan vol\u00e0til com el que estem vivint actualment.<\/p>\n<p>M\u00f2duls i metodologia<\/p>\n<p>Dirigit a titulars de farm\u00e0cia comunit\u00e0ria o a graduats en Farm\u00e0cia que poden ser titulars aviat, el M\u00e0ster compr\u00e8n tres m\u00f2duls: finances i fiscalitat, gesti\u00f3 de persones i m\u00e0rqueting. Per a fer-ho m\u00e9s accessible, els alumnes tenen l&#8217;opci\u00f3 de cursar-los per separat en funci\u00f3 dels seus interessos i disponibilitat. Aix\u00ed mateix, es treballa amb exemples, exercicis, casos i altres recursos perqu\u00e8 l&#8217;aplicaci\u00f3 dels coneixements adquirits sigui immediata. En cada edici\u00f3 es fomenta la capacitat de reflexi\u00f3, el treball cooperatiu i la transmissi\u00f3 de coneixements.<\/p>\n<p>El M\u00e0ster, com en cada edici\u00f3, ha adaptat el programa a les demandes de l&#8217;entorn i a les necessitats del col\u00b7lectiu i ha realitzat noves incorporacions en el m\u00f2dul de finances i de m\u00e0rqueting com el taller d&#8217;habilitats directives sobre Programaci\u00f3 Neuroling\u00fc\u00edstica. D&#8217;altra banda, ha estat pioner a l&#8217;hora d&#8217;aplicar la tecnologia per a mantenir-nos m\u00e9s connectats i tenir els recursos per a continuar innovant. El M\u00e0ster est\u00e0 preparat per a canviar a la modalitat virtual en qualsevol moment, si les recomanacions sanit\u00e0ries aix\u00ed ho indiquen.<\/p>\n<p>\u00bfQu\u00e8 destaquen els alumnes de l\u2019anterior edici\u00f3?<\/p>\n<p>Participants d&#8217;anteriors edicions destaquen que el M\u00e0ster resulta molt \u00fatil per adquirir coneixements que despr\u00e9s s\u00f3n totalment aplicables a l&#8217;oficina de farm\u00e0cia. A m\u00e9s, consideren que la gran quantitat i varietat de recursos pr\u00e0ctics que proporciona a trav\u00e9s dels professionals que l\u2019imparteixen resulten molt \u00fatils per portar de forma m\u00e9s conscient i eficient la gesti\u00f3 i direcci\u00f3 de l&#8217;oficina de farm\u00e0cia, juntament amb l&#8217;equip que la integra.<\/p>\n<p>Com en d\u2019altres edicions, el MGOF inclou confer\u00e8ncies i casos d&#8217;\u00e8xit d&#8217;antics estudiants del M\u00e0ster, amb l&#8217;objectiu d&#8217;aportar les seves experi\u00e8ncies i impressions. A m\u00e9s, continuaran en marxa els F\u00f2rum MGOF, un cicle de confer\u00e8ncies de temes relacionats amb la gesti\u00f3 de la farm\u00e0cia i espai de reflexi\u00f3 conjunta.\u00a0\u00a0COFB.ORG<\/p>\n","protected":false},"excerpt":{"rendered":"<p>\u00a0 Van ser paraules de Jordi Casas, president del Col\u00b7legi de Farmac\u00e8utics de Barcelona (COFB), a la inauguraci\u00f3 de la XVI edici\u00f3 del MGOF A la inauguraci\u00f3 tamb\u00e9 van ser-hi presents Aina Surroca, secret\u00e0ria del COFB i responsable de la Comissi\u00f3 delegada de Formaci\u00f3 Continuada; Juan Carlos Serra, director del [&hellip;]<\/p>\n","protected":false},"author":1,"featured_media":0,"comment_status":"","ping_status":"","sticky":false,"template":"","format":"standard","meta":{"_uag_custom_page_level_css":"","site-sidebar-layout":"default","site-content-layout":"","ast-site-content-layout":"default","site-content-style":"default","site-sidebar-style":"default","ast-global-header-display":"","ast-banner-title-visibility":"","ast-main-header-display":"","ast-hfb-above-header-display":"","ast-hfb-below-header-display":"","ast-hfb-mobile-header-display":"","site-post-title":"","ast-breadcrumbs-content":"","ast-featured-img":"disabled","footer-sml-layout":"","theme-transparent-header-meta":"","adv-header-id-meta":"","stick-header-meta":"","header-above-stick-meta":"","header-main-stick-meta":"","header-below-stick-meta":"","astra-migrate-meta-layouts":"default","ast-page-background-enabled":"default","ast-page-background-meta":{"desktop":{"background-color":"var(--ast-global-color-4)","background-image":"","background-repeat":"repeat","background-position":"center center","background-size":"auto","background-attachment":"scroll","background-type":"","background-media":"","overlay-type":"","overlay-color":"","overlay-opacity":"","overlay-gradient":""},"tablet":{"background-color":"","background-image":"","background-repeat":"repeat","background-position":"center center","background-size":"auto","background-attachment":"scroll","background-type":"","background-media":"","overlay-type":"","overlay-color":"","overlay-opacity":"","overlay-gradient":""},"mobile":{"background-color":"","background-image":"","background-repeat":"repeat","background-position":"center center","background-size":"auto","background-attachment":"scroll","background-type":"","background-media":"","overlay-type":"","overlay-color":"","overlay-opacity":"","overlay-gradient":""}},"ast-content-background-meta":{"desktop":{"background-color":"var(--ast-global-color-5)","background-image":"","background-repeat":"repeat","background-position":"center center","background-size":"auto","background-attachment":"scroll","background-type":"","background-media":"","overlay-type":"","overlay-color":"","overlay-opacity":"","overlay-gradient":""},"tablet":{"background-color":"var(--ast-global-color-5)","background-image":"","background-repeat":"repeat","background-position":"center center","background-size":"auto","background-attachment":"scroll","background-type":"","background-media":"","overlay-type":"","overlay-color":"","overlay-opacity":"","overlay-gradient":""},"mobile":{"background-color":"var(--ast-global-color-5)","background-image":"","background-repeat":"repeat","background-position":"center center","background-size":"auto","background-attachment":"scroll","background-type":"","background-media":"","overlay-type":"","overlay-color":"","overlay-opacity":"","overlay-gradient":""}},"footnotes":""},"categories":[1060,1066],"tags":[],"class_list":["post-77094","post","type-post","status-publish","format-standard","hentry","category-notes-premsa","category-sense-categoria-ca"],"yoast_head":"<!-- This site is optimized with the Yoast SEO plugin v22.4 - https:\/\/yoast.com\/wordpress\/plugins\/seo\/ -->\n<title>Jordi Casas: \u201cL\u2019equilibri entre la vessant assistencial i de gesti\u00f3 \u00e9s clau a les oficines de farm\u00e0cia\u201d - Col\u00b7legi de Farmac\u00e8utics de Barcelona<\/title>\n<meta name=\"robots\" content=\"index, follow, max-snippet:-1, max-image-preview:large, max-video-preview:-1\" \/>\n<link rel=\"canonical\" href=\"https:\/\/novaorg.cofb.net\/2020\/11\/02\/jordi-casas-lequilibri-entre-la-vessant-assistencial-i-de-gestio-es-clau-a-les-oficines-de-farmacia\/\" \/>\n<meta property=\"og:locale\" content=\"ca_ES\" \/>\n<meta property=\"og:type\" content=\"article\" \/>\n<meta property=\"og:title\" content=\"Jordi Casas: \u201cL\u2019equilibri entre la vessant assistencial i de gesti\u00f3 \u00e9s clau a les oficines de farm\u00e0cia\u201d - Col\u00b7legi de Farmac\u00e8utics de Barcelona\" \/>\n<meta property=\"og:description\" content=\"\u00a0 Van ser paraules de Jordi Casas, president del Col\u00b7legi de Farmac\u00e8utics de Barcelona (COFB), a la inauguraci\u00f3 de la XVI edici\u00f3 del MGOF A la inauguraci\u00f3 tamb\u00e9 van ser-hi presents Aina Surroca, secret\u00e0ria del COFB i responsable de la Comissi\u00f3 delegada de Formaci\u00f3 Continuada; Juan Carlos Serra, director del [&hellip;]\" \/>\n<meta property=\"og:url\" content=\"https:\/\/novaorg.cofb.net\/2020\/11\/02\/jordi-casas-lequilibri-entre-la-vessant-assistencial-i-de-gestio-es-clau-a-les-oficines-de-farmacia\/\" \/>\n<meta property=\"og:site_name\" content=\"Col\u00b7legi de Farmac\u00e8utics de Barcelona\" \/>\n<meta property=\"article:publisher\" content=\"https:\/\/www.facebook.com\/farmaceuticsbcn\/\" \/>\n<meta property=\"article:published_time\" content=\"2020-11-02T13:08:00+00:00\" \/>\n<meta name=\"author\" content=\"wpAdminCofbOrg\" \/>\n<meta name=\"twitter:card\" content=\"summary_large_image\" \/>\n<meta name=\"twitter:creator\" content=\"@farmaceuticsbcn\" \/>\n<meta name=\"twitter:site\" content=\"@farmaceuticsbcn\" \/>\n<meta name=\"twitter:label1\" content=\"Escrit per\" \/>\n\t<meta name=\"twitter:data1\" content=\"wpAdminCofbOrg\" \/>\n\t<meta name=\"twitter:label2\" content=\"Temps estimat de lectura\" \/>\n\t<meta name=\"twitter:data2\" content=\"8 minuts\" \/>\n<script type=\"application\/ld+json\" class=\"yoast-schema-graph\">{\"@context\":\"https:\/\/schema.org\",\"@graph\":[{\"@type\":\"Article\",\"@id\":\"https:\/\/novaorg.cofb.net\/2020\/11\/02\/jordi-casas-lequilibri-entre-la-vessant-assistencial-i-de-gestio-es-clau-a-les-oficines-de-farmacia\/#article\",\"isPartOf\":{\"@id\":\"https:\/\/novaorg.cofb.net\/2020\/11\/02\/jordi-casas-lequilibri-entre-la-vessant-assistencial-i-de-gestio-es-clau-a-les-oficines-de-farmacia\/\"},\"author\":{\"name\":\"wpAdminCofbOrg\",\"@id\":\"https:\/\/www.cofb.org\/#\/schema\/person\/22ed7eea88da74b0fa4d3154ad87ffcb\"},\"headline\":\"Jordi Casas: \u201cL\u2019equilibri entre la vessant assistencial i de gesti\u00f3 \u00e9s clau a les oficines de farm\u00e0cia\u201d\",\"datePublished\":\"2020-11-02T13:08:00+00:00\",\"dateModified\":\"2020-11-02T13:08:00+00:00\",\"mainEntityOfPage\":{\"@id\":\"https:\/\/novaorg.cofb.net\/2020\/11\/02\/jordi-casas-lequilibri-entre-la-vessant-assistencial-i-de-gestio-es-clau-a-les-oficines-de-farmacia\/\"},\"wordCount\":1629,\"publisher\":{\"@id\":\"https:\/\/www.cofb.org\/#organization\"},\"articleSection\":[\"Notes de premsa\"],\"inLanguage\":\"ca\"},{\"@type\":\"WebPage\",\"@id\":\"https:\/\/novaorg.cofb.net\/2020\/11\/02\/jordi-casas-lequilibri-entre-la-vessant-assistencial-i-de-gestio-es-clau-a-les-oficines-de-farmacia\/\",\"url\":\"https:\/\/novaorg.cofb.net\/2020\/11\/02\/jordi-casas-lequilibri-entre-la-vessant-assistencial-i-de-gestio-es-clau-a-les-oficines-de-farmacia\/\",\"name\":\"Jordi Casas: \u201cL\u2019equilibri entre la vessant assistencial i de gesti\u00f3 \u00e9s clau a les oficines de farm\u00e0cia\u201d - Col\u00b7legi de Farmac\u00e8utics de Barcelona\",\"isPartOf\":{\"@id\":\"https:\/\/www.cofb.org\/#website\"},\"datePublished\":\"2020-11-02T13:08:00+00:00\",\"dateModified\":\"2020-11-02T13:08:00+00:00\",\"breadcrumb\":{\"@id\":\"https:\/\/novaorg.cofb.net\/2020\/11\/02\/jordi-casas-lequilibri-entre-la-vessant-assistencial-i-de-gestio-es-clau-a-les-oficines-de-farmacia\/#breadcrumb\"},\"inLanguage\":\"ca\",\"potentialAction\":[{\"@type\":\"ReadAction\",\"target\":[\"https:\/\/novaorg.cofb.net\/2020\/11\/02\/jordi-casas-lequilibri-entre-la-vessant-assistencial-i-de-gestio-es-clau-a-les-oficines-de-farmacia\/\"]}]},{\"@type\":\"BreadcrumbList\",\"@id\":\"https:\/\/novaorg.cofb.net\/2020\/11\/02\/jordi-casas-lequilibri-entre-la-vessant-assistencial-i-de-gestio-es-clau-a-les-oficines-de-farmacia\/#breadcrumb\",\"itemListElement\":[{\"@type\":\"ListItem\",\"position\":1,\"name\":\"Inici\",\"item\":\"https:\/\/novaorg.cofb.net\/\"},{\"@type\":\"ListItem\",\"position\":2,\"name\":\"Jordi Casas: \u201cL\u2019equilibri entre la vessant assistencial i de gesti\u00f3 \u00e9s clau a les oficines de farm\u00e0cia\u201d\"}]},{\"@type\":\"WebSite\",\"@id\":\"https:\/\/www.cofb.org\/#website\",\"url\":\"https:\/\/www.cofb.org\/\",\"name\":\"Col\u00b7legi de Farmac\u00e8utics de Barcelona\",\"description\":\"\",\"publisher\":{\"@id\":\"https:\/\/www.cofb.org\/#organization\"},\"potentialAction\":[{\"@type\":\"SearchAction\",\"target\":{\"@type\":\"EntryPoint\",\"urlTemplate\":\"https:\/\/www.cofb.org\/?s={search_term_string}\"},\"query-input\":\"required name=search_term_string\"}],\"inLanguage\":\"ca\"},{\"@type\":\"Organization\",\"@id\":\"https:\/\/www.cofb.org\/#organization\",\"name\":\"Col\u00b7legi de Farmac\u00e8utics de Barcelona\",\"url\":\"https:\/\/www.cofb.org\/\",\"logo\":{\"@type\":\"ImageObject\",\"inLanguage\":\"ca\",\"@id\":\"https:\/\/www.cofb.org\/#\/schema\/logo\/image\/\",\"url\":\"https:\/\/www.cofb.org\/wp-content\/uploads\/2023\/11\/cropped-Logotip-COFB.png\",\"contentUrl\":\"https:\/\/www.cofb.org\/wp-content\/uploads\/2023\/11\/cropped-Logotip-COFB.png\",\"width\":500,\"height\":105,\"caption\":\"Col\u00b7legi de Farmac\u00e8utics de Barcelona\"},\"image\":{\"@id\":\"https:\/\/www.cofb.org\/#\/schema\/logo\/image\/\"},\"sameAs\":[\"https:\/\/www.facebook.com\/farmaceuticsbcn\/\",\"https:\/\/twitter.com\/farmaceuticsbcn\",\"https:\/\/www.instagram.com\/farmaceuticsbcn\/\",\"https:\/\/www.linkedin.com\/company\/farmaceuticsbcn\/\"]},{\"@type\":\"Person\",\"@id\":\"https:\/\/www.cofb.org\/#\/schema\/person\/22ed7eea88da74b0fa4d3154ad87ffcb\",\"name\":\"wpAdminCofbOrg\",\"image\":{\"@type\":\"ImageObject\",\"inLanguage\":\"ca\",\"@id\":\"https:\/\/www.cofb.org\/#\/schema\/person\/image\/\",\"url\":\"https:\/\/secure.gravatar.com\/avatar\/1721b20b3b8ca882c3b56ec6c978c594fff670e40c0718e9190eaeeb76aae7d8?s=96&d=mm&r=g\",\"contentUrl\":\"https:\/\/secure.gravatar.com\/avatar\/1721b20b3b8ca882c3b56ec6c978c594fff670e40c0718e9190eaeeb76aae7d8?s=96&d=mm&r=g\",\"caption\":\"wpAdminCofbOrg\"},\"sameAs\":[\"http:\/\/192.168.64.122\/wordpress\"],\"url\":\"https:\/\/www.cofb.org\/ca\/author\/wpadmincofborg\/\"}]}<\/script>\n<!-- \/ Yoast SEO plugin. -->","yoast_head_json":{"title":"Jordi Casas: \u201cL\u2019equilibri entre la vessant assistencial i de gesti\u00f3 \u00e9s clau a les oficines de farm\u00e0cia\u201d - Col\u00b7legi de Farmac\u00e8utics de Barcelona","robots":{"index":"index","follow":"follow","max-snippet":"max-snippet:-1","max-image-preview":"max-image-preview:large","max-video-preview":"max-video-preview:-1"},"canonical":"https:\/\/novaorg.cofb.net\/2020\/11\/02\/jordi-casas-lequilibri-entre-la-vessant-assistencial-i-de-gestio-es-clau-a-les-oficines-de-farmacia\/","og_locale":"ca_ES","og_type":"article","og_title":"Jordi Casas: \u201cL\u2019equilibri entre la vessant assistencial i de gesti\u00f3 \u00e9s clau a les oficines de farm\u00e0cia\u201d - Col\u00b7legi de Farmac\u00e8utics de Barcelona","og_description":"\u00a0 Van ser paraules de Jordi Casas, president del Col\u00b7legi de Farmac\u00e8utics de Barcelona (COFB), a la inauguraci\u00f3 de la XVI edici\u00f3 del MGOF A la inauguraci\u00f3 tamb\u00e9 van ser-hi presents Aina Surroca, secret\u00e0ria del COFB i responsable de la Comissi\u00f3 delegada de Formaci\u00f3 Continuada; Juan Carlos Serra, director del [&hellip;]","og_url":"https:\/\/novaorg.cofb.net\/2020\/11\/02\/jordi-casas-lequilibri-entre-la-vessant-assistencial-i-de-gestio-es-clau-a-les-oficines-de-farmacia\/","og_site_name":"Col\u00b7legi de Farmac\u00e8utics de Barcelona","article_publisher":"https:\/\/www.facebook.com\/farmaceuticsbcn\/","article_published_time":"2020-11-02T13:08:00+00:00","author":"wpAdminCofbOrg","twitter_card":"summary_large_image","twitter_creator":"@farmaceuticsbcn","twitter_site":"@farmaceuticsbcn","twitter_misc":{"Escrit per":"wpAdminCofbOrg","Temps estimat de lectura":"8 minuts"},"schema":{"@context":"https:\/\/schema.org","@graph":[{"@type":"Article","@id":"https:\/\/novaorg.cofb.net\/2020\/11\/02\/jordi-casas-lequilibri-entre-la-vessant-assistencial-i-de-gestio-es-clau-a-les-oficines-de-farmacia\/#article","isPartOf":{"@id":"https:\/\/novaorg.cofb.net\/2020\/11\/02\/jordi-casas-lequilibri-entre-la-vessant-assistencial-i-de-gestio-es-clau-a-les-oficines-de-farmacia\/"},"author":{"name":"wpAdminCofbOrg","@id":"https:\/\/www.cofb.org\/#\/schema\/person\/22ed7eea88da74b0fa4d3154ad87ffcb"},"headline":"Jordi Casas: \u201cL\u2019equilibri entre la vessant assistencial i de gesti\u00f3 \u00e9s clau a les oficines de farm\u00e0cia\u201d","datePublished":"2020-11-02T13:08:00+00:00","dateModified":"2020-11-02T13:08:00+00:00","mainEntityOfPage":{"@id":"https:\/\/novaorg.cofb.net\/2020\/11\/02\/jordi-casas-lequilibri-entre-la-vessant-assistencial-i-de-gestio-es-clau-a-les-oficines-de-farmacia\/"},"wordCount":1629,"publisher":{"@id":"https:\/\/www.cofb.org\/#organization"},"articleSection":["Notes de premsa"],"inLanguage":"ca"},{"@type":"WebPage","@id":"https:\/\/novaorg.cofb.net\/2020\/11\/02\/jordi-casas-lequilibri-entre-la-vessant-assistencial-i-de-gestio-es-clau-a-les-oficines-de-farmacia\/","url":"https:\/\/novaorg.cofb.net\/2020\/11\/02\/jordi-casas-lequilibri-entre-la-vessant-assistencial-i-de-gestio-es-clau-a-les-oficines-de-farmacia\/","name":"Jordi Casas: \u201cL\u2019equilibri entre la vessant assistencial i de gesti\u00f3 \u00e9s clau a les oficines de farm\u00e0cia\u201d - Col\u00b7legi de Farmac\u00e8utics de Barcelona","isPartOf":{"@id":"https:\/\/www.cofb.org\/#website"},"datePublished":"2020-11-02T13:08:00+00:00","dateModified":"2020-11-02T13:08:00+00:00","breadcrumb":{"@id":"https:\/\/novaorg.cofb.net\/2020\/11\/02\/jordi-casas-lequilibri-entre-la-vessant-assistencial-i-de-gestio-es-clau-a-les-oficines-de-farmacia\/#breadcrumb"},"inLanguage":"ca","potentialAction":[{"@type":"ReadAction","target":["https:\/\/novaorg.cofb.net\/2020\/11\/02\/jordi-casas-lequilibri-entre-la-vessant-assistencial-i-de-gestio-es-clau-a-les-oficines-de-farmacia\/"]}]},{"@type":"BreadcrumbList","@id":"https:\/\/novaorg.cofb.net\/2020\/11\/02\/jordi-casas-lequilibri-entre-la-vessant-assistencial-i-de-gestio-es-clau-a-les-oficines-de-farmacia\/#breadcrumb","itemListElement":[{"@type":"ListItem","position":1,"name":"Inici","item":"https:\/\/novaorg.cofb.net\/"},{"@type":"ListItem","position":2,"name":"Jordi Casas: \u201cL\u2019equilibri entre la vessant assistencial i de gesti\u00f3 \u00e9s clau a les oficines de farm\u00e0cia\u201d"}]},{"@type":"WebSite","@id":"https:\/\/www.cofb.org\/#website","url":"https:\/\/www.cofb.org\/","name":"Col\u00b7legi de Farmac\u00e8utics de Barcelona","description":"","publisher":{"@id":"https:\/\/www.cofb.org\/#organization"},"potentialAction":[{"@type":"SearchAction","target":{"@type":"EntryPoint","urlTemplate":"https:\/\/www.cofb.org\/?s={search_term_string}"},"query-input":"required name=search_term_string"}],"inLanguage":"ca"},{"@type":"Organization","@id":"https:\/\/www.cofb.org\/#organization","name":"Col\u00b7legi de Farmac\u00e8utics de Barcelona","url":"https:\/\/www.cofb.org\/","logo":{"@type":"ImageObject","inLanguage":"ca","@id":"https:\/\/www.cofb.org\/#\/schema\/logo\/image\/","url":"https:\/\/www.cofb.org\/wp-content\/uploads\/2023\/11\/cropped-Logotip-COFB.png","contentUrl":"https:\/\/www.cofb.org\/wp-content\/uploads\/2023\/11\/cropped-Logotip-COFB.png","width":500,"height":105,"caption":"Col\u00b7legi de Farmac\u00e8utics de Barcelona"},"image":{"@id":"https:\/\/www.cofb.org\/#\/schema\/logo\/image\/"},"sameAs":["https:\/\/www.facebook.com\/farmaceuticsbcn\/","https:\/\/twitter.com\/farmaceuticsbcn","https:\/\/www.instagram.com\/farmaceuticsbcn\/","https:\/\/www.linkedin.com\/company\/farmaceuticsbcn\/"]},{"@type":"Person","@id":"https:\/\/www.cofb.org\/#\/schema\/person\/22ed7eea88da74b0fa4d3154ad87ffcb","name":"wpAdminCofbOrg","image":{"@type":"ImageObject","inLanguage":"ca","@id":"https:\/\/www.cofb.org\/#\/schema\/person\/image\/","url":"https:\/\/secure.gravatar.com\/avatar\/1721b20b3b8ca882c3b56ec6c978c594fff670e40c0718e9190eaeeb76aae7d8?s=96&d=mm&r=g","contentUrl":"https:\/\/secure.gravatar.com\/avatar\/1721b20b3b8ca882c3b56ec6c978c594fff670e40c0718e9190eaeeb76aae7d8?s=96&d=mm&r=g","caption":"wpAdminCofbOrg"},"sameAs":["http:\/\/192.168.64.122\/wordpress"],"url":"https:\/\/www.cofb.org\/ca\/author\/wpadmincofborg\/"}]}},"uagb_featured_image_src":{"full":false,"thumbnail":false,"medium":false,"medium_large":false,"large":false,"1536x1536":false,"2048x2048":false,"trp-custom-language-flag":false},"uagb_author_info":{"display_name":"wpAdminCofbOrg","author_link":"https:\/\/www.cofb.org\/ca\/author\/wpadmincofborg\/"},"uagb_comment_info":0,"uagb_excerpt":"\u00a0 Van ser paraules de Jordi Casas, president del Col\u00b7legi de Farmac\u00e8utics de Barcelona (COFB), a la inauguraci\u00f3 de la XVI edici\u00f3 del MGOF A la inauguraci\u00f3 tamb\u00e9 van ser-hi presents Aina Surroca, secret\u00e0ria del COFB i responsable de la Comissi\u00f3 delegada de Formaci\u00f3 Continuada; Juan Carlos Serra, director del [&hellip;]","_links":{"self":[{"href":"https:\/\/www.cofb.org\/ca\/wp-json\/wp\/v2\/posts\/77094","targetHints":{"allow":["GET"]}}],"collection":[{"href":"https:\/\/www.cofb.org\/ca\/wp-json\/wp\/v2\/posts"}],"about":[{"href":"https:\/\/www.cofb.org\/ca\/wp-json\/wp\/v2\/types\/post"}],"author":[{"embeddable":true,"href":"https:\/\/www.cofb.org\/ca\/wp-json\/wp\/v2\/users\/1"}],"replies":[{"embeddable":true,"href":"https:\/\/www.cofb.org\/ca\/wp-json\/wp\/v2\/comments?post=77094"}],"version-history":[{"count":0,"href":"https:\/\/www.cofb.org\/ca\/wp-json\/wp\/v2\/posts\/77094\/revisions"}],"wp:attachment":[{"href":"https:\/\/www.cofb.org\/ca\/wp-json\/wp\/v2\/media?parent=77094"}],"wp:term":[{"taxonomy":"category","embeddable":true,"href":"https:\/\/www.cofb.org\/ca\/wp-json\/wp\/v2\/categories?post=77094"},{"taxonomy":"post_tag","embeddable":true,"href":"https:\/\/www.cofb.org\/ca\/wp-json\/wp\/v2\/tags?post=77094"}],"curies":[{"name":"wp","href":"https:\/\/api.w.org\/{rel}","templated":true}]}}