{"id":77086,"date":"2020-12-16T13:18:00","date_gmt":"2020-12-16T13:18:00","guid":{"rendered":"https:\/\/novaorg.cofb.net\/2020\/12\/16\/infarma-2020-2021-se-celebrara-del-15-al-17-de-juny-a-ifemainfarma-2020-2021-se-celebrara-del-15-al-17-de-junio-en-ifema\/"},"modified":"2020-12-16T13:18:00","modified_gmt":"2020-12-16T13:18:00","slug":"infarma-2020-2021-se-celebrara-del-15-al-17-de-juny-a-ifemainfarma-2020-2021-se-celebrara-del-15-al-17-de-junio-en-ifema","status":"publish","type":"post","link":"https:\/\/www.cofb.org\/ca\/2020\/12\/16\/infarma-2020-2021-se-celebrara-del-15-al-17-de-juny-a-ifemainfarma-2020-2021-se-celebrara-del-15-al-17-de-junio-en-ifema\/","title":{"rendered":"Infarma 2020-2021 se celebrar\u00e0 del 15 al 17 de juny a IfemaInfarma 2020-2021 se celebrar\u00e1 del 15 al 17 de junio en Ifema"},"content":{"rendered":"<p>\u00a0<\/p>\n<ul>\n<li>El Comit\u00e8 Organitzador ja treballa en dos formats de Congr\u00e9s per fer realitat el 2021 la fira l\u00edder del sector farmac\u00e8utic a Espanya<\/li>\n<li>\u00a0<\/li>\n<\/ul>\n<p><em>Madrid, 15 de desembre<\/em>. El Congr\u00e9s i Sal\u00f3 farmac\u00e8utic organitzat pels col\u00b7legis oficials de farmac\u00e8utics de Madrid i Barcelona, \u200b\u200ben col\u00b7laboraci\u00f3 amb Interalia, tindr\u00e0 lloc el pr\u00f2xim 15 de juny, segons l&#8217;acord adoptat pel Comit\u00e8 Organitzador.<\/p>\n<p>Un cop traslladada la reserva d&#8217;aquestes noves dates als laboratoris, expositors i empreses que han fet possible que Infarma s&#8217;hagi convertit en la fira l\u00edder del sector farmac\u00e8utic a Espanya, l&#8217;organitzaci\u00f3 es complau d&#8217;anunciar, de manera oficial, el nou calendari previst despr\u00e9s de l&#8217;ajornament patit el 2020 com a conseq\u00fc\u00e8ncia de la pand\u00e8mia.<\/p>\n<p>El Comit\u00e8 Organitzador treballa ja en dos escenaris diferents per fer possible una nova edici\u00f3 que respongui a les expectatives professionals de congressistes, visitants i expositors. Respectant sempre les recomanacions de les autoritats sanit\u00e0ries, el recinte firal d&#8217;Ifema acollir\u00e0 la nova edici\u00f3 en format presencial si les condicions sanit\u00e0ries aix\u00ed ho permeten. En cas que aquesta possibilitat no sigui factible, Infarma se celebrar\u00e0 en un format virtual utilitzant una de les plataformes en l\u00ednia m\u00e9s punteres que hi ha al mercat d&#8217;aquest sector emergent.<\/p>\n<p>&#8220;Infarma tornar\u00e0 a convertir-se l&#8217;any que ve en el gran aparador professional i comercial d&#8217;un dels sectors m\u00e9s din\u00e0mics i innovador de l&#8217;economia. \u00c9s el comprom\u00eds que assumim amb els professionals i empresaris que no han parat durant la pand\u00e8mia i que han demostrat la seva enorme capacitat per adaptar-se a aquesta crisi sanit\u00e0ria i per llan\u00e7ar al mercat tot tipus de solucions. Estem treballant per retrobar-nos al juny a la nostra tradicional cita anual que ser\u00e0 de nou la gran refer\u00e8ncia de la Farm\u00e0cia &#8220;, assenyala el Comit\u00e8 Organitzador d&#8217;Infarma 2020-2021.<\/p>\n<p>\u00a0El Comit\u00e8 Organitzador ja treballa en dos formats de Congr\u00e9s per fer realitat el 2021 la fira l\u00edder del sector farmac\u00e8utic a Espanya<br \/>\n\t\u00a0<\/p>\n<p>Madrid, 15 de desembre. El Congr\u00e9s i Sal\u00f3 farmac\u00e8utic organitzat pels col\u00b7legis oficials de farmac\u00e8utics de Madrid i Barcelona, \u200b\u200ben col\u00b7laboraci\u00f3 amb Interalia, tindr\u00e0 lloc el pr\u00f2xim 15 de juny, segons l&#8217;acord adoptat pel Comit\u00e8 Organitzador.<\/p>\n<p>Un cop traslladada la reserva d&#8217;aquestes noves dates als laboratoris, expositors i empreses que han fet possible que Infarma s&#8217;hagi convertit en la fira l\u00edder del sector farmac\u00e8utic a Espanya, l&#8217;organitzaci\u00f3 es complau d&#8217;anunciar, de manera oficial, el nou calendari previst despr\u00e9s de l&#8217;ajornament patit el 2020 com a conseq\u00fc\u00e8ncia de la pand\u00e8mia.<\/p>\n<p>El Comit\u00e8 Organitzador treballa ja en dos escenaris diferents per fer possible una nova edici\u00f3 que respongui a les expectatives professionals de congressistes, visitants i expositors. Respectant sempre les recomanacions de les autoritats sanit\u00e0ries, el recinte firal d&#8217;Ifema acollir\u00e0 la nova edici\u00f3 en format presencial si les condicions sanit\u00e0ries aix\u00ed ho permeten. En cas que aquesta possibilitat no sigui factible, Infarma se celebrar\u00e0 en un format virtual utilitzant una de les plataformes en l\u00ednia m\u00e9s punteres que hi ha al mercat d&#8217;aquest sector emergent.<\/p>\n<p>&#8220;Infarma tornar\u00e0 a convertir-se l&#8217;any que ve en el gran aparador professional i comercial d&#8217;un dels sectors m\u00e9s din\u00e0mics i innovador de l&#8217;economia. \u00c9s el comprom\u00eds que assumim amb els professionals i empresaris que no han parat durant la pand\u00e8mia i que han demostrat la seva enorme capacitat per adaptar-se a aquesta crisi sanit\u00e0ria i per llan\u00e7ar al mercat tot tipus de solucions. Estem treballant per retrobar-nos al juny a la nostra tradicional cita anual que ser\u00e0 de nou la gran refer\u00e8ncia de la Farm\u00e0cia &#8220;, assenyala el Comit\u00e8 Organitzador d&#8217;Infarma 2020-2021.\u00a0\u00a0COFB.ORG<\/p>\n","protected":false},"excerpt":{"rendered":"<p>\u00a0 El Comit\u00e8 Organitzador ja treballa en dos formats de Congr\u00e9s per fer realitat el 2021 la fira l\u00edder del sector farmac\u00e8utic a Espanya \u00a0 Madrid, 15 de desembre. El Congr\u00e9s i Sal\u00f3 farmac\u00e8utic organitzat pels col\u00b7legis oficials de farmac\u00e8utics de Madrid i Barcelona, \u200b\u200ben col\u00b7laboraci\u00f3 amb Interalia, tindr\u00e0 lloc [&hellip;]<\/p>\n","protected":false},"author":1,"featured_media":0,"comment_status":"","ping_status":"","sticky":false,"template":"","format":"standard","meta":{"_uag_custom_page_level_css":"","site-sidebar-layout":"default","site-content-layout":"","ast-site-content-layout":"default","site-content-style":"default","site-sidebar-style":"default","ast-global-header-display":"","ast-banner-title-visibility":"","ast-main-header-display":"","ast-hfb-above-header-display":"","ast-hfb-below-header-display":"","ast-hfb-mobile-header-display":"","site-post-title":"","ast-breadcrumbs-content":"","ast-featured-img":"disabled","footer-sml-layout":"","theme-transparent-header-meta":"","adv-header-id-meta":"","stick-header-meta":"","header-above-stick-meta":"","header-main-stick-meta":"","header-below-stick-meta":"","astra-migrate-meta-layouts":"default","ast-page-background-enabled":"default","ast-page-background-meta":{"desktop":{"background-color":"var(--ast-global-color-4)","background-image":"","background-repeat":"repeat","background-position":"center center","background-size":"auto","background-attachment":"scroll","background-type":"","background-media":"","overlay-type":"","overlay-color":"","overlay-opacity":"","overlay-gradient":""},"tablet":{"background-color":"","background-image":"","background-repeat":"repeat","background-position":"center center","background-size":"auto","background-attachment":"scroll","background-type":"","background-media":"","overlay-type":"","overlay-color":"","overlay-opacity":"","overlay-gradient":""},"mobile":{"background-color":"","background-image":"","background-repeat":"repeat","background-position":"center center","background-size":"auto","background-attachment":"scroll","background-type":"","background-media":"","overlay-type":"","overlay-color":"","overlay-opacity":"","overlay-gradient":""}},"ast-content-background-meta":{"desktop":{"background-color":"var(--ast-global-color-5)","background-image":"","background-repeat":"repeat","background-position":"center center","background-size":"auto","background-attachment":"scroll","background-type":"","background-media":"","overlay-type":"","overlay-color":"","overlay-opacity":"","overlay-gradient":""},"tablet":{"background-color":"var(--ast-global-color-5)","background-image":"","background-repeat":"repeat","background-position":"center center","background-size":"auto","background-attachment":"scroll","background-type":"","background-media":"","overlay-type":"","overlay-color":"","overlay-opacity":"","overlay-gradient":""},"mobile":{"background-color":"var(--ast-global-color-5)","background-image":"","background-repeat":"repeat","background-position":"center center","background-size":"auto","background-attachment":"scroll","background-type":"","background-media":"","overlay-type":"","overlay-color":"","overlay-opacity":"","overlay-gradient":""}},"footnotes":""},"categories":[1060,1066],"tags":[],"class_list":["post-77086","post","type-post","status-publish","format-standard","hentry","category-notes-premsa","category-sense-categoria-ca"],"yoast_head":"<!-- This site is optimized with the Yoast SEO plugin v22.4 - https:\/\/yoast.com\/wordpress\/plugins\/seo\/ -->\n<title>Infarma 2020-2021 se celebrar\u00e0 del 15 al 17 de juny a IfemaInfarma 2020-2021 se celebrar\u00e1 del 15 al 17 de junio en Ifema - Col\u00b7legi de Farmac\u00e8utics de Barcelona<\/title>\n<meta name=\"robots\" content=\"index, follow, max-snippet:-1, max-image-preview:large, max-video-preview:-1\" \/>\n<link rel=\"canonical\" href=\"https:\/\/novaorg.cofb.net\/2020\/12\/16\/infarma-2020-2021-se-celebrara-del-15-al-17-de-juny-a-ifemainfarma-2020-2021-se-celebrara-del-15-al-17-de-junio-en-ifema\/\" \/>\n<meta property=\"og:locale\" content=\"ca_ES\" \/>\n<meta property=\"og:type\" content=\"article\" \/>\n<meta property=\"og:title\" content=\"Infarma 2020-2021 se celebrar\u00e0 del 15 al 17 de juny a IfemaInfarma 2020-2021 se celebrar\u00e1 del 15 al 17 de junio en Ifema - Col\u00b7legi de Farmac\u00e8utics de Barcelona\" \/>\n<meta property=\"og:description\" content=\"\u00a0 El Comit\u00e8 Organitzador ja treballa en dos formats de Congr\u00e9s per fer realitat el 2021 la fira l\u00edder del sector farmac\u00e8utic a Espanya \u00a0 Madrid, 15 de desembre. El Congr\u00e9s i Sal\u00f3 farmac\u00e8utic organitzat pels col\u00b7legis oficials de farmac\u00e8utics de Madrid i Barcelona, \u200b\u200ben col\u00b7laboraci\u00f3 amb Interalia, tindr\u00e0 lloc [&hellip;]\" \/>\n<meta property=\"og:url\" content=\"https:\/\/novaorg.cofb.net\/2020\/12\/16\/infarma-2020-2021-se-celebrara-del-15-al-17-de-juny-a-ifemainfarma-2020-2021-se-celebrara-del-15-al-17-de-junio-en-ifema\/\" \/>\n<meta property=\"og:site_name\" content=\"Col\u00b7legi de Farmac\u00e8utics de Barcelona\" \/>\n<meta property=\"article:publisher\" content=\"https:\/\/www.facebook.com\/farmaceuticsbcn\/\" \/>\n<meta property=\"article:published_time\" content=\"2020-12-16T13:18:00+00:00\" \/>\n<meta name=\"author\" content=\"wpAdminCofbOrg\" \/>\n<meta name=\"twitter:card\" content=\"summary_large_image\" \/>\n<meta name=\"twitter:creator\" content=\"@farmaceuticsbcn\" \/>\n<meta name=\"twitter:site\" content=\"@farmaceuticsbcn\" \/>\n<meta name=\"twitter:label1\" content=\"Escrit per\" \/>\n\t<meta name=\"twitter:data1\" content=\"wpAdminCofbOrg\" \/>\n\t<meta name=\"twitter:label2\" content=\"Temps estimat de lectura\" \/>\n\t<meta name=\"twitter:data2\" content=\"3 minuts\" \/>\n<script type=\"application\/ld+json\" class=\"yoast-schema-graph\">{\"@context\":\"https:\/\/schema.org\",\"@graph\":[{\"@type\":\"Article\",\"@id\":\"https:\/\/novaorg.cofb.net\/2020\/12\/16\/infarma-2020-2021-se-celebrara-del-15-al-17-de-juny-a-ifemainfarma-2020-2021-se-celebrara-del-15-al-17-de-junio-en-ifema\/#article\",\"isPartOf\":{\"@id\":\"https:\/\/novaorg.cofb.net\/2020\/12\/16\/infarma-2020-2021-se-celebrara-del-15-al-17-de-juny-a-ifemainfarma-2020-2021-se-celebrara-del-15-al-17-de-junio-en-ifema\/\"},\"author\":{\"name\":\"wpAdminCofbOrg\",\"@id\":\"https:\/\/www.cofb.org\/#\/schema\/person\/22ed7eea88da74b0fa4d3154ad87ffcb\"},\"headline\":\"Infarma 2020-2021 se celebrar\u00e0 del 15 al 17 de juny a IfemaInfarma 2020-2021 se celebrar\u00e1 del 15 al 17 de junio en Ifema\",\"datePublished\":\"2020-12-16T13:18:00+00:00\",\"dateModified\":\"2020-12-16T13:18:00+00:00\",\"mainEntityOfPage\":{\"@id\":\"https:\/\/novaorg.cofb.net\/2020\/12\/16\/infarma-2020-2021-se-celebrara-del-15-al-17-de-juny-a-ifemainfarma-2020-2021-se-celebrara-del-15-al-17-de-junio-en-ifema\/\"},\"wordCount\":663,\"publisher\":{\"@id\":\"https:\/\/www.cofb.org\/#organization\"},\"articleSection\":[\"Notes de premsa\"],\"inLanguage\":\"ca\"},{\"@type\":\"WebPage\",\"@id\":\"https:\/\/novaorg.cofb.net\/2020\/12\/16\/infarma-2020-2021-se-celebrara-del-15-al-17-de-juny-a-ifemainfarma-2020-2021-se-celebrara-del-15-al-17-de-junio-en-ifema\/\",\"url\":\"https:\/\/novaorg.cofb.net\/2020\/12\/16\/infarma-2020-2021-se-celebrara-del-15-al-17-de-juny-a-ifemainfarma-2020-2021-se-celebrara-del-15-al-17-de-junio-en-ifema\/\",\"name\":\"Infarma 2020-2021 se celebrar\u00e0 del 15 al 17 de juny a IfemaInfarma 2020-2021 se celebrar\u00e1 del 15 al 17 de junio en Ifema - Col\u00b7legi de Farmac\u00e8utics de Barcelona\",\"isPartOf\":{\"@id\":\"https:\/\/www.cofb.org\/#website\"},\"datePublished\":\"2020-12-16T13:18:00+00:00\",\"dateModified\":\"2020-12-16T13:18:00+00:00\",\"breadcrumb\":{\"@id\":\"https:\/\/novaorg.cofb.net\/2020\/12\/16\/infarma-2020-2021-se-celebrara-del-15-al-17-de-juny-a-ifemainfarma-2020-2021-se-celebrara-del-15-al-17-de-junio-en-ifema\/#breadcrumb\"},\"inLanguage\":\"ca\",\"potentialAction\":[{\"@type\":\"ReadAction\",\"target\":[\"https:\/\/novaorg.cofb.net\/2020\/12\/16\/infarma-2020-2021-se-celebrara-del-15-al-17-de-juny-a-ifemainfarma-2020-2021-se-celebrara-del-15-al-17-de-junio-en-ifema\/\"]}]},{\"@type\":\"BreadcrumbList\",\"@id\":\"https:\/\/novaorg.cofb.net\/2020\/12\/16\/infarma-2020-2021-se-celebrara-del-15-al-17-de-juny-a-ifemainfarma-2020-2021-se-celebrara-del-15-al-17-de-junio-en-ifema\/#breadcrumb\",\"itemListElement\":[{\"@type\":\"ListItem\",\"position\":1,\"name\":\"Inici\",\"item\":\"https:\/\/novaorg.cofb.net\/\"},{\"@type\":\"ListItem\",\"position\":2,\"name\":\"Infarma 2020-2021 se celebrar\u00e0 del 15 al 17 de juny a IfemaInfarma 2020-2021 se celebrar\u00e1 del 15 al 17 de junio en Ifema\"}]},{\"@type\":\"WebSite\",\"@id\":\"https:\/\/www.cofb.org\/#website\",\"url\":\"https:\/\/www.cofb.org\/\",\"name\":\"Col\u00b7legi de Farmac\u00e8utics de Barcelona\",\"description\":\"\",\"publisher\":{\"@id\":\"https:\/\/www.cofb.org\/#organization\"},\"potentialAction\":[{\"@type\":\"SearchAction\",\"target\":{\"@type\":\"EntryPoint\",\"urlTemplate\":\"https:\/\/www.cofb.org\/?s={search_term_string}\"},\"query-input\":\"required name=search_term_string\"}],\"inLanguage\":\"ca\"},{\"@type\":\"Organization\",\"@id\":\"https:\/\/www.cofb.org\/#organization\",\"name\":\"Col\u00b7legi de Farmac\u00e8utics de Barcelona\",\"url\":\"https:\/\/www.cofb.org\/\",\"logo\":{\"@type\":\"ImageObject\",\"inLanguage\":\"ca\",\"@id\":\"https:\/\/www.cofb.org\/#\/schema\/logo\/image\/\",\"url\":\"https:\/\/www.cofb.org\/wp-content\/uploads\/2023\/11\/cropped-Logotip-COFB.png\",\"contentUrl\":\"https:\/\/www.cofb.org\/wp-content\/uploads\/2023\/11\/cropped-Logotip-COFB.png\",\"width\":500,\"height\":105,\"caption\":\"Col\u00b7legi de Farmac\u00e8utics de Barcelona\"},\"image\":{\"@id\":\"https:\/\/www.cofb.org\/#\/schema\/logo\/image\/\"},\"sameAs\":[\"https:\/\/www.facebook.com\/farmaceuticsbcn\/\",\"https:\/\/twitter.com\/farmaceuticsbcn\",\"https:\/\/www.instagram.com\/farmaceuticsbcn\/\",\"https:\/\/www.linkedin.com\/company\/farmaceuticsbcn\/\"]},{\"@type\":\"Person\",\"@id\":\"https:\/\/www.cofb.org\/#\/schema\/person\/22ed7eea88da74b0fa4d3154ad87ffcb\",\"name\":\"wpAdminCofbOrg\",\"image\":{\"@type\":\"ImageObject\",\"inLanguage\":\"ca\",\"@id\":\"https:\/\/www.cofb.org\/#\/schema\/person\/image\/\",\"url\":\"https:\/\/secure.gravatar.com\/avatar\/1721b20b3b8ca882c3b56ec6c978c594fff670e40c0718e9190eaeeb76aae7d8?s=96&d=mm&r=g\",\"contentUrl\":\"https:\/\/secure.gravatar.com\/avatar\/1721b20b3b8ca882c3b56ec6c978c594fff670e40c0718e9190eaeeb76aae7d8?s=96&d=mm&r=g\",\"caption\":\"wpAdminCofbOrg\"},\"sameAs\":[\"http:\/\/192.168.64.122\/wordpress\"],\"url\":\"https:\/\/www.cofb.org\/ca\/author\/wpadmincofborg\/\"}]}<\/script>\n<!-- \/ Yoast SEO plugin. -->","yoast_head_json":{"title":"Infarma 2020-2021 se celebrar\u00e0 del 15 al 17 de juny a IfemaInfarma 2020-2021 se celebrar\u00e1 del 15 al 17 de junio en Ifema - Col\u00b7legi de Farmac\u00e8utics de Barcelona","robots":{"index":"index","follow":"follow","max-snippet":"max-snippet:-1","max-image-preview":"max-image-preview:large","max-video-preview":"max-video-preview:-1"},"canonical":"https:\/\/novaorg.cofb.net\/2020\/12\/16\/infarma-2020-2021-se-celebrara-del-15-al-17-de-juny-a-ifemainfarma-2020-2021-se-celebrara-del-15-al-17-de-junio-en-ifema\/","og_locale":"ca_ES","og_type":"article","og_title":"Infarma 2020-2021 se celebrar\u00e0 del 15 al 17 de juny a IfemaInfarma 2020-2021 se celebrar\u00e1 del 15 al 17 de junio en Ifema - Col\u00b7legi de Farmac\u00e8utics de Barcelona","og_description":"\u00a0 El Comit\u00e8 Organitzador ja treballa en dos formats de Congr\u00e9s per fer realitat el 2021 la fira l\u00edder del sector farmac\u00e8utic a Espanya \u00a0 Madrid, 15 de desembre. El Congr\u00e9s i Sal\u00f3 farmac\u00e8utic organitzat pels col\u00b7legis oficials de farmac\u00e8utics de Madrid i Barcelona, \u200b\u200ben col\u00b7laboraci\u00f3 amb Interalia, tindr\u00e0 lloc [&hellip;]","og_url":"https:\/\/novaorg.cofb.net\/2020\/12\/16\/infarma-2020-2021-se-celebrara-del-15-al-17-de-juny-a-ifemainfarma-2020-2021-se-celebrara-del-15-al-17-de-junio-en-ifema\/","og_site_name":"Col\u00b7legi de Farmac\u00e8utics de Barcelona","article_publisher":"https:\/\/www.facebook.com\/farmaceuticsbcn\/","article_published_time":"2020-12-16T13:18:00+00:00","author":"wpAdminCofbOrg","twitter_card":"summary_large_image","twitter_creator":"@farmaceuticsbcn","twitter_site":"@farmaceuticsbcn","twitter_misc":{"Escrit per":"wpAdminCofbOrg","Temps estimat de lectura":"3 minuts"},"schema":{"@context":"https:\/\/schema.org","@graph":[{"@type":"Article","@id":"https:\/\/novaorg.cofb.net\/2020\/12\/16\/infarma-2020-2021-se-celebrara-del-15-al-17-de-juny-a-ifemainfarma-2020-2021-se-celebrara-del-15-al-17-de-junio-en-ifema\/#article","isPartOf":{"@id":"https:\/\/novaorg.cofb.net\/2020\/12\/16\/infarma-2020-2021-se-celebrara-del-15-al-17-de-juny-a-ifemainfarma-2020-2021-se-celebrara-del-15-al-17-de-junio-en-ifema\/"},"author":{"name":"wpAdminCofbOrg","@id":"https:\/\/www.cofb.org\/#\/schema\/person\/22ed7eea88da74b0fa4d3154ad87ffcb"},"headline":"Infarma 2020-2021 se celebrar\u00e0 del 15 al 17 de juny a IfemaInfarma 2020-2021 se celebrar\u00e1 del 15 al 17 de junio en Ifema","datePublished":"2020-12-16T13:18:00+00:00","dateModified":"2020-12-16T13:18:00+00:00","mainEntityOfPage":{"@id":"https:\/\/novaorg.cofb.net\/2020\/12\/16\/infarma-2020-2021-se-celebrara-del-15-al-17-de-juny-a-ifemainfarma-2020-2021-se-celebrara-del-15-al-17-de-junio-en-ifema\/"},"wordCount":663,"publisher":{"@id":"https:\/\/www.cofb.org\/#organization"},"articleSection":["Notes de premsa"],"inLanguage":"ca"},{"@type":"WebPage","@id":"https:\/\/novaorg.cofb.net\/2020\/12\/16\/infarma-2020-2021-se-celebrara-del-15-al-17-de-juny-a-ifemainfarma-2020-2021-se-celebrara-del-15-al-17-de-junio-en-ifema\/","url":"https:\/\/novaorg.cofb.net\/2020\/12\/16\/infarma-2020-2021-se-celebrara-del-15-al-17-de-juny-a-ifemainfarma-2020-2021-se-celebrara-del-15-al-17-de-junio-en-ifema\/","name":"Infarma 2020-2021 se celebrar\u00e0 del 15 al 17 de juny a IfemaInfarma 2020-2021 se celebrar\u00e1 del 15 al 17 de junio en Ifema - Col\u00b7legi de Farmac\u00e8utics de Barcelona","isPartOf":{"@id":"https:\/\/www.cofb.org\/#website"},"datePublished":"2020-12-16T13:18:00+00:00","dateModified":"2020-12-16T13:18:00+00:00","breadcrumb":{"@id":"https:\/\/novaorg.cofb.net\/2020\/12\/16\/infarma-2020-2021-se-celebrara-del-15-al-17-de-juny-a-ifemainfarma-2020-2021-se-celebrara-del-15-al-17-de-junio-en-ifema\/#breadcrumb"},"inLanguage":"ca","potentialAction":[{"@type":"ReadAction","target":["https:\/\/novaorg.cofb.net\/2020\/12\/16\/infarma-2020-2021-se-celebrara-del-15-al-17-de-juny-a-ifemainfarma-2020-2021-se-celebrara-del-15-al-17-de-junio-en-ifema\/"]}]},{"@type":"BreadcrumbList","@id":"https:\/\/novaorg.cofb.net\/2020\/12\/16\/infarma-2020-2021-se-celebrara-del-15-al-17-de-juny-a-ifemainfarma-2020-2021-se-celebrara-del-15-al-17-de-junio-en-ifema\/#breadcrumb","itemListElement":[{"@type":"ListItem","position":1,"name":"Inici","item":"https:\/\/novaorg.cofb.net\/"},{"@type":"ListItem","position":2,"name":"Infarma 2020-2021 se celebrar\u00e0 del 15 al 17 de juny a IfemaInfarma 2020-2021 se celebrar\u00e1 del 15 al 17 de junio en Ifema"}]},{"@type":"WebSite","@id":"https:\/\/www.cofb.org\/#website","url":"https:\/\/www.cofb.org\/","name":"Col\u00b7legi de Farmac\u00e8utics de Barcelona","description":"","publisher":{"@id":"https:\/\/www.cofb.org\/#organization"},"potentialAction":[{"@type":"SearchAction","target":{"@type":"EntryPoint","urlTemplate":"https:\/\/www.cofb.org\/?s={search_term_string}"},"query-input":"required name=search_term_string"}],"inLanguage":"ca"},{"@type":"Organization","@id":"https:\/\/www.cofb.org\/#organization","name":"Col\u00b7legi de Farmac\u00e8utics de Barcelona","url":"https:\/\/www.cofb.org\/","logo":{"@type":"ImageObject","inLanguage":"ca","@id":"https:\/\/www.cofb.org\/#\/schema\/logo\/image\/","url":"https:\/\/www.cofb.org\/wp-content\/uploads\/2023\/11\/cropped-Logotip-COFB.png","contentUrl":"https:\/\/www.cofb.org\/wp-content\/uploads\/2023\/11\/cropped-Logotip-COFB.png","width":500,"height":105,"caption":"Col\u00b7legi de Farmac\u00e8utics de Barcelona"},"image":{"@id":"https:\/\/www.cofb.org\/#\/schema\/logo\/image\/"},"sameAs":["https:\/\/www.facebook.com\/farmaceuticsbcn\/","https:\/\/twitter.com\/farmaceuticsbcn","https:\/\/www.instagram.com\/farmaceuticsbcn\/","https:\/\/www.linkedin.com\/company\/farmaceuticsbcn\/"]},{"@type":"Person","@id":"https:\/\/www.cofb.org\/#\/schema\/person\/22ed7eea88da74b0fa4d3154ad87ffcb","name":"wpAdminCofbOrg","image":{"@type":"ImageObject","inLanguage":"ca","@id":"https:\/\/www.cofb.org\/#\/schema\/person\/image\/","url":"https:\/\/secure.gravatar.com\/avatar\/1721b20b3b8ca882c3b56ec6c978c594fff670e40c0718e9190eaeeb76aae7d8?s=96&d=mm&r=g","contentUrl":"https:\/\/secure.gravatar.com\/avatar\/1721b20b3b8ca882c3b56ec6c978c594fff670e40c0718e9190eaeeb76aae7d8?s=96&d=mm&r=g","caption":"wpAdminCofbOrg"},"sameAs":["http:\/\/192.168.64.122\/wordpress"],"url":"https:\/\/www.cofb.org\/ca\/author\/wpadmincofborg\/"}]}},"uagb_featured_image_src":{"full":false,"thumbnail":false,"medium":false,"medium_large":false,"large":false,"1536x1536":false,"2048x2048":false,"trp-custom-language-flag":false},"uagb_author_info":{"display_name":"wpAdminCofbOrg","author_link":"https:\/\/www.cofb.org\/ca\/author\/wpadmincofborg\/"},"uagb_comment_info":0,"uagb_excerpt":"\u00a0 El Comit\u00e8 Organitzador ja treballa en dos formats de Congr\u00e9s per fer realitat el 2021 la fira l\u00edder del sector farmac\u00e8utic a Espanya \u00a0 Madrid, 15 de desembre. El Congr\u00e9s i Sal\u00f3 farmac\u00e8utic organitzat pels col\u00b7legis oficials de farmac\u00e8utics de Madrid i Barcelona, \u200b\u200ben col\u00b7laboraci\u00f3 amb Interalia, tindr\u00e0 lloc [&hellip;]","_links":{"self":[{"href":"https:\/\/www.cofb.org\/ca\/wp-json\/wp\/v2\/posts\/77086","targetHints":{"allow":["GET"]}}],"collection":[{"href":"https:\/\/www.cofb.org\/ca\/wp-json\/wp\/v2\/posts"}],"about":[{"href":"https:\/\/www.cofb.org\/ca\/wp-json\/wp\/v2\/types\/post"}],"author":[{"embeddable":true,"href":"https:\/\/www.cofb.org\/ca\/wp-json\/wp\/v2\/users\/1"}],"replies":[{"embeddable":true,"href":"https:\/\/www.cofb.org\/ca\/wp-json\/wp\/v2\/comments?post=77086"}],"version-history":[{"count":0,"href":"https:\/\/www.cofb.org\/ca\/wp-json\/wp\/v2\/posts\/77086\/revisions"}],"wp:attachment":[{"href":"https:\/\/www.cofb.org\/ca\/wp-json\/wp\/v2\/media?parent=77086"}],"wp:term":[{"taxonomy":"category","embeddable":true,"href":"https:\/\/www.cofb.org\/ca\/wp-json\/wp\/v2\/categories?post=77086"},{"taxonomy":"post_tag","embeddable":true,"href":"https:\/\/www.cofb.org\/ca\/wp-json\/wp\/v2\/tags?post=77086"}],"curies":[{"name":"wp","href":"https:\/\/api.w.org\/{rel}","templated":true}]}}