{"id":77084,"date":"2021-01-22T13:09:00","date_gmt":"2021-01-22T13:09:00","guid":{"rendered":"https:\/\/novaorg.cofb.net\/2021\/01\/22\/els-collegis-professionals-de-lambit-de-la-salut-llancen-el-video-raonspervacunarme-amb-un-missatge-conjunt-enfront-de-la-covid-19los-colegios-profesionales-del-ambito-de-la-salud-lanzan-el-video-r\/"},"modified":"2021-01-22T13:09:00","modified_gmt":"2021-01-22T13:09:00","slug":"els-collegis-professionals-de-lambit-de-la-salut-llancen-el-video-raonspervacunarme-amb-un-missatge-conjunt-enfront-de-la-covid-19los-colegios-profesionales-del-ambito-de-la-salud-lanzan-el-video-r","status":"publish","type":"post","link":"https:\/\/www.cofb.org\/ca\/2021\/01\/22\/els-collegis-professionals-de-lambit-de-la-salut-llancen-el-video-raonspervacunarme-amb-un-missatge-conjunt-enfront-de-la-covid-19los-colegios-profesionales-del-ambito-de-la-salud-lanzan-el-video-r\/","title":{"rendered":"Els col\u00b7legis professionals de l&#8217;\u00e0mbit de la salut llancen el v\u00eddeo #RaonsperVacunarme amb un missatge conjunt enfront de la COVID-19Los colegios profesionales del \u00e1mbito de la salud lanzan el video #RaonsPerVacunarme con un mensaje conjunto frente a la COVID-19"},"content":{"rendered":"<p>\u00a0<\/p>\n<p><em><strong><span><span>Barcelona, 22\u00a0de gener de 2021.<\/span><\/span><\/strong><\/em><span><span><em> <\/em>Els col\u00b7legis professionals de l\u2019\u00e0mbit de la salut de Catalunya s\u2019han unit amb l\u2019objectiu com\u00fa de promoure la vacunaci\u00f3 entre els seus col\u00b7legiats i col\u00b7legiades enfront la COVID-19. Per aquest motiu, han llen\u00e7at el <a href=\"https:\/\/www.youtube.com\/watch?app=desktop&amp;v=qHnmB3auQuw&amp;feature=youtu.be\" target=\"_blank\" rel=\"noopener\">v\u00eddeo <strong>#RaonsperVacunarme<\/strong><\/a>, en el qual, a trav\u00e9s de les veus de 13 representants de nou professions (metges, infermeres, odont\u00f2legs, farmac\u00e8utics, veterinaris, psic\u00f2legs, fisioterapeutes, pod\u00f2legs i treballadores socials), fan una crida a tots els professionals de la salut perqu\u00e8 es vacunin, cadasc\u00fa en el moment que li arribi el torn, segons l\u2019estrat\u00e8gia de vacunaci\u00f3 dissenyada per les autoritats sanit\u00e0ries.<\/span><\/span><\/p>\n<p><span><span>La vacunaci\u00f3 contra la COVID-19 \u00e9s, juntament amb les mesures de prevenci\u00f3, la millor estrat\u00e8gia de qu\u00e8 disposem ara mateix per lluitar contra la pand\u00e8mia. Assolir la immunitat de grup a trav\u00e9s de la vacunaci\u00f3 \u00e9s el gran objectiu i els professionals de la salut hi juguen un paper clau, ja que, no tan sols s\u00f3n els principals prescriptors de la vacunaci\u00f3, sin\u00f3 que el seu comportament \u00e9s un exemple per als ciutadans i \u00e9s clau per consolidar la confian\u00e7a en les vacunes.<\/span><\/span><\/p>\n<p><span><span>Els professionals que apareixen al v\u00eddeo donen raons de pes per vacunar-se enfront la COVID-19: per comprom\u00eds \u00e8tic, per confian\u00e7a en la ci\u00e8ncia, pels pacients que tant han patit, pels companys, per la fam\u00edlia, per les persones grans, pels infants, per recuperar l\u2019economia, etc. Arguments que tots ells defensen des del seu rol professional, per\u00f2 tamb\u00e9 com a ciutadans i membres de la societat.<\/span><\/span><\/p>\n<p><span><span>El v\u00eddeo #RaonsperVacunarme \u00e9s una iniciativa conjunta del Consell de Col\u00b7legis de Metges de Catalunya, el Consell de Col\u00b7legis d\u2019Infermeres i Infermers de Catalunya, el Consell de Col\u00b7legis de Farmac\u00e8utics de Catalunya, el Consell de Col\u00b7legis Veterinaris de Catalunya, el Col\u00b7legi d\u2019Odont\u00f2legs i Estomat\u00f2legs de Catalunya, el Col\u00b7legi de Fisioterapeutes de Catalunya, el Col\u00b7legi de Psicologia de Catalunya, el Col\u00b7legi de Pod\u00f2legs de Catalunya i el Col\u00b7legi de Treball Social de Catalunya.<\/span><\/span><\/p>\n<p><span><span>Us adjuntem els enlla\u00e7os a les dues versions que hem produ\u00eft del v\u00eddeo (una de 3 minuts de durada i una de m\u00e9s breu, d\u2019un minut i mig aproximadament), amb subt\u00edtols en catal\u00e0 i en castell\u00e0, i us convidem a qu\u00e8, en la mesura del possible, el publiqueu a les p\u00e0gines web dels vostres mitjans.<\/span><\/span><\/p>\n<p><span><span>En el cas de les televisions, us podem facilitar un format de m\u00e9s qualitat per tal de poder emetre alguna de les versions o un fragment en algun dels vostres espais informatius o programes.<\/span><\/span><\/p>\n<p>\u00a0Barcelona, 22\u00a0de gener de 2021. Els col\u00b7legis professionals de l\u2019\u00e0mbit de la salut de Catalunya s\u2019han unit amb l\u2019objectiu com\u00fa de promoure la vacunaci\u00f3 entre els seus col\u00b7legiats i col\u00b7legiades enfront la COVID-19. Per aquest motiu, han llen\u00e7at el v\u00eddeo #RaonsperVacunarme, en el qual, a trav\u00e9s de les veus de 13 representants de nou professions (metges, infermeres, odont\u00f2legs, farmac\u00e8utics, veterinaris, psic\u00f2legs, fisioterapeutes, pod\u00f2legs i treballadores socials), fan una crida a tots els professionals de la salut perqu\u00e8 es vacunin, cadasc\u00fa en el moment que li arribi el torn, segons l\u2019estrat\u00e8gia de vacunaci\u00f3 dissenyada per les autoritats sanit\u00e0ries.<\/p>\n<p>La vacunaci\u00f3 contra la COVID-19 \u00e9s, juntament amb les mesures de prevenci\u00f3, la millor estrat\u00e8gia de qu\u00e8 disposem ara mateix per lluitar contra la pand\u00e8mia. Assolir la immunitat de grup a trav\u00e9s de la vacunaci\u00f3 \u00e9s el gran objectiu i els professionals de la salut hi juguen un paper clau, ja que, no tan sols s\u00f3n els principals prescriptors de la vacunaci\u00f3, sin\u00f3 que el seu comportament \u00e9s un exemple per als ciutadans i \u00e9s clau per consolidar la confian\u00e7a en les vacunes.<\/p>\n<p>Els professionals que apareixen al v\u00eddeo donen raons de pes per vacunar-se enfront la COVID-19: per comprom\u00eds \u00e8tic, per confian\u00e7a en la ci\u00e8ncia, pels pacients que tant han patit, pels companys, per la fam\u00edlia, per les persones grans, pels infants, per recuperar l\u2019economia, etc. Arguments que tots ells defensen des del seu rol professional, per\u00f2 tamb\u00e9 com a ciutadans i membres de la societat.<\/p>\n<p>El v\u00eddeo #RaonsperVacunarme \u00e9s una iniciativa conjunta del Consell de Col\u00b7legis de Metges de Catalunya, el Consell de Col\u00b7legis d\u2019Infermeres i Infermers de Catalunya, el Consell de Col\u00b7legis de Farmac\u00e8utics de Catalunya, el Consell de Col\u00b7legis Veterinaris de Catalunya, el Col\u00b7legi d\u2019Odont\u00f2legs i Estomat\u00f2legs de Catalunya, el Col\u00b7legi de Fisioterapeutes de Catalunya, el Col\u00b7legi de Psicologia de Catalunya, el Col\u00b7legi de Pod\u00f2legs de Catalunya i el Col\u00b7legi de Treball Social de Catalunya.<\/p>\n<p>Us adjuntem els enlla\u00e7os a les dues versions que hem produ\u00eft del v\u00eddeo (una de 3 minuts de durada i una de m\u00e9s breu, d\u2019un minut i mig aproximadament), amb subt\u00edtols en catal\u00e0 i en castell\u00e0, i us convidem a qu\u00e8, en la mesura del possible, el publiqueu a les p\u00e0gines web dels vostres mitjans.<\/p>\n<p>En el cas de les televisions, us podem facilitar un format de m\u00e9s qualitat per tal de poder emetre alguna de les versions o un fragment en algun dels vostres espais informatius o programes.\u00a0\u00a0COFB.ORG<\/p>\n","protected":false},"excerpt":{"rendered":"<p>\u00a0 Barcelona, 22\u00a0de gener de 2021. Els col\u00b7legis professionals de l\u2019\u00e0mbit de la salut de Catalunya s\u2019han unit amb l\u2019objectiu com\u00fa de promoure la vacunaci\u00f3 entre els seus col\u00b7legiats i col\u00b7legiades enfront la COVID-19. Per aquest motiu, han llen\u00e7at el v\u00eddeo #RaonsperVacunarme, en el qual, a trav\u00e9s de les veus [&hellip;]<\/p>\n","protected":false},"author":1,"featured_media":0,"comment_status":"","ping_status":"","sticky":false,"template":"","format":"standard","meta":{"_uag_custom_page_level_css":"","site-sidebar-layout":"default","site-content-layout":"","ast-site-content-layout":"default","site-content-style":"default","site-sidebar-style":"default","ast-global-header-display":"","ast-banner-title-visibility":"","ast-main-header-display":"","ast-hfb-above-header-display":"","ast-hfb-below-header-display":"","ast-hfb-mobile-header-display":"","site-post-title":"","ast-breadcrumbs-content":"","ast-featured-img":"disabled","footer-sml-layout":"","theme-transparent-header-meta":"","adv-header-id-meta":"","stick-header-meta":"","header-above-stick-meta":"","header-main-stick-meta":"","header-below-stick-meta":"","astra-migrate-meta-layouts":"default","ast-page-background-enabled":"default","ast-page-background-meta":{"desktop":{"background-color":"var(--ast-global-color-4)","background-image":"","background-repeat":"repeat","background-position":"center center","background-size":"auto","background-attachment":"scroll","background-type":"","background-media":"","overlay-type":"","overlay-color":"","overlay-opacity":"","overlay-gradient":""},"tablet":{"background-color":"","background-image":"","background-repeat":"repeat","background-position":"center center","background-size":"auto","background-attachment":"scroll","background-type":"","background-media":"","overlay-type":"","overlay-color":"","overlay-opacity":"","overlay-gradient":""},"mobile":{"background-color":"","background-image":"","background-repeat":"repeat","background-position":"center center","background-size":"auto","background-attachment":"scroll","background-type":"","background-media":"","overlay-type":"","overlay-color":"","overlay-opacity":"","overlay-gradient":""}},"ast-content-background-meta":{"desktop":{"background-color":"var(--ast-global-color-5)","background-image":"","background-repeat":"repeat","background-position":"center center","background-size":"auto","background-attachment":"scroll","background-type":"","background-media":"","overlay-type":"","overlay-color":"","overlay-opacity":"","overlay-gradient":""},"tablet":{"background-color":"var(--ast-global-color-5)","background-image":"","background-repeat":"repeat","background-position":"center center","background-size":"auto","background-attachment":"scroll","background-type":"","background-media":"","overlay-type":"","overlay-color":"","overlay-opacity":"","overlay-gradient":""},"mobile":{"background-color":"var(--ast-global-color-5)","background-image":"","background-repeat":"repeat","background-position":"center center","background-size":"auto","background-attachment":"scroll","background-type":"","background-media":"","overlay-type":"","overlay-color":"","overlay-opacity":"","overlay-gradient":""}},"footnotes":""},"categories":[1060,1066],"tags":[],"class_list":["post-77084","post","type-post","status-publish","format-standard","hentry","category-notes-premsa","category-sense-categoria-ca"],"yoast_head":"<!-- This site is optimized with the Yoast SEO plugin v22.4 - https:\/\/yoast.com\/wordpress\/plugins\/seo\/ -->\n<title>Els col\u00b7legis professionals de l&#039;\u00e0mbit de la salut llancen el v\u00eddeo #RaonsperVacunarme amb un missatge conjunt enfront de la COVID-19Los colegios profesionales del \u00e1mbito de la salud lanzan el video #RaonsPerVacunarme con un mensaje conjunto frente a la COVID-19 - Col\u00b7legi de Farmac\u00e8utics de Barcelona<\/title>\n<meta name=\"robots\" content=\"index, follow, max-snippet:-1, max-image-preview:large, max-video-preview:-1\" \/>\n<link rel=\"canonical\" href=\"https:\/\/novaorg.cofb.net\/2021\/01\/22\/els-collegis-professionals-de-lambit-de-la-salut-llancen-el-video-raonspervacunarme-amb-un-missatge-conjunt-enfront-de-la-covid-19los-colegios-profesionales-del-ambito-de-la-salud-lanzan-el-video-r\/\" \/>\n<meta property=\"og:locale\" content=\"ca_ES\" \/>\n<meta property=\"og:type\" content=\"article\" \/>\n<meta property=\"og:title\" content=\"Els col\u00b7legis professionals de l&#039;\u00e0mbit de la salut llancen el v\u00eddeo #RaonsperVacunarme amb un missatge conjunt enfront de la COVID-19Los colegios profesionales del \u00e1mbito de la salud lanzan el video #RaonsPerVacunarme con un mensaje conjunto frente a la COVID-19 - Col\u00b7legi de Farmac\u00e8utics de Barcelona\" \/>\n<meta property=\"og:description\" content=\"\u00a0 Barcelona, 22\u00a0de gener de 2021. Els col\u00b7legis professionals de l\u2019\u00e0mbit de la salut de Catalunya s\u2019han unit amb l\u2019objectiu com\u00fa de promoure la vacunaci\u00f3 entre els seus col\u00b7legiats i col\u00b7legiades enfront la COVID-19. Per aquest motiu, han llen\u00e7at el v\u00eddeo #RaonsperVacunarme, en el qual, a trav\u00e9s de les veus [&hellip;]\" \/>\n<meta property=\"og:url\" content=\"https:\/\/novaorg.cofb.net\/2021\/01\/22\/els-collegis-professionals-de-lambit-de-la-salut-llancen-el-video-raonspervacunarme-amb-un-missatge-conjunt-enfront-de-la-covid-19los-colegios-profesionales-del-ambito-de-la-salud-lanzan-el-video-r\/\" \/>\n<meta property=\"og:site_name\" content=\"Col\u00b7legi de Farmac\u00e8utics de Barcelona\" \/>\n<meta property=\"article:publisher\" content=\"https:\/\/www.facebook.com\/farmaceuticsbcn\/\" \/>\n<meta property=\"article:published_time\" content=\"2021-01-22T13:09:00+00:00\" \/>\n<meta name=\"author\" content=\"wpAdminCofbOrg\" \/>\n<meta name=\"twitter:card\" content=\"summary_large_image\" \/>\n<meta name=\"twitter:creator\" content=\"@farmaceuticsbcn\" \/>\n<meta name=\"twitter:site\" content=\"@farmaceuticsbcn\" \/>\n<meta name=\"twitter:label1\" content=\"Escrit per\" \/>\n\t<meta name=\"twitter:data1\" content=\"wpAdminCofbOrg\" \/>\n\t<meta name=\"twitter:label2\" content=\"Temps estimat de lectura\" \/>\n\t<meta name=\"twitter:data2\" content=\"5 minuts\" \/>\n<script type=\"application\/ld+json\" class=\"yoast-schema-graph\">{\"@context\":\"https:\/\/schema.org\",\"@graph\":[{\"@type\":\"Article\",\"@id\":\"https:\/\/novaorg.cofb.net\/2021\/01\/22\/els-collegis-professionals-de-lambit-de-la-salut-llancen-el-video-raonspervacunarme-amb-un-missatge-conjunt-enfront-de-la-covid-19los-colegios-profesionales-del-ambito-de-la-salud-lanzan-el-video-r\/#article\",\"isPartOf\":{\"@id\":\"https:\/\/novaorg.cofb.net\/2021\/01\/22\/els-collegis-professionals-de-lambit-de-la-salut-llancen-el-video-raonspervacunarme-amb-un-missatge-conjunt-enfront-de-la-covid-19los-colegios-profesionales-del-ambito-de-la-salud-lanzan-el-video-r\/\"},\"author\":{\"name\":\"wpAdminCofbOrg\",\"@id\":\"https:\/\/www.cofb.org\/#\/schema\/person\/22ed7eea88da74b0fa4d3154ad87ffcb\"},\"headline\":\"Els col\u00b7legis professionals de l&#8217;\u00e0mbit de la salut llancen el v\u00eddeo #RaonsperVacunarme amb un missatge conjunt enfront de la COVID-19Los colegios profesionales del \u00e1mbito de la salud lanzan el video #RaonsPerVacunarme con un mensaje conjunto frente a la COVID-19\",\"datePublished\":\"2021-01-22T13:09:00+00:00\",\"dateModified\":\"2021-01-22T13:09:00+00:00\",\"mainEntityOfPage\":{\"@id\":\"https:\/\/novaorg.cofb.net\/2021\/01\/22\/els-collegis-professionals-de-lambit-de-la-salut-llancen-el-video-raonspervacunarme-amb-un-missatge-conjunt-enfront-de-la-covid-19los-colegios-profesionales-del-ambito-de-la-salud-lanzan-el-video-r\/\"},\"wordCount\":951,\"publisher\":{\"@id\":\"https:\/\/www.cofb.org\/#organization\"},\"articleSection\":[\"Notes de premsa\"],\"inLanguage\":\"ca\"},{\"@type\":\"WebPage\",\"@id\":\"https:\/\/novaorg.cofb.net\/2021\/01\/22\/els-collegis-professionals-de-lambit-de-la-salut-llancen-el-video-raonspervacunarme-amb-un-missatge-conjunt-enfront-de-la-covid-19los-colegios-profesionales-del-ambito-de-la-salud-lanzan-el-video-r\/\",\"url\":\"https:\/\/novaorg.cofb.net\/2021\/01\/22\/els-collegis-professionals-de-lambit-de-la-salut-llancen-el-video-raonspervacunarme-amb-un-missatge-conjunt-enfront-de-la-covid-19los-colegios-profesionales-del-ambito-de-la-salud-lanzan-el-video-r\/\",\"name\":\"Els col\u00b7legis professionals de l'\u00e0mbit de la salut llancen el v\u00eddeo #RaonsperVacunarme amb un missatge conjunt enfront de la COVID-19Los colegios profesionales del \u00e1mbito de la salud lanzan el video #RaonsPerVacunarme con un mensaje conjunto frente a la COVID-19 - Col\u00b7legi de Farmac\u00e8utics de Barcelona\",\"isPartOf\":{\"@id\":\"https:\/\/www.cofb.org\/#website\"},\"datePublished\":\"2021-01-22T13:09:00+00:00\",\"dateModified\":\"2021-01-22T13:09:00+00:00\",\"breadcrumb\":{\"@id\":\"https:\/\/novaorg.cofb.net\/2021\/01\/22\/els-collegis-professionals-de-lambit-de-la-salut-llancen-el-video-raonspervacunarme-amb-un-missatge-conjunt-enfront-de-la-covid-19los-colegios-profesionales-del-ambito-de-la-salud-lanzan-el-video-r\/#breadcrumb\"},\"inLanguage\":\"ca\",\"potentialAction\":[{\"@type\":\"ReadAction\",\"target\":[\"https:\/\/novaorg.cofb.net\/2021\/01\/22\/els-collegis-professionals-de-lambit-de-la-salut-llancen-el-video-raonspervacunarme-amb-un-missatge-conjunt-enfront-de-la-covid-19los-colegios-profesionales-del-ambito-de-la-salud-lanzan-el-video-r\/\"]}]},{\"@type\":\"BreadcrumbList\",\"@id\":\"https:\/\/novaorg.cofb.net\/2021\/01\/22\/els-collegis-professionals-de-lambit-de-la-salut-llancen-el-video-raonspervacunarme-amb-un-missatge-conjunt-enfront-de-la-covid-19los-colegios-profesionales-del-ambito-de-la-salud-lanzan-el-video-r\/#breadcrumb\",\"itemListElement\":[{\"@type\":\"ListItem\",\"position\":1,\"name\":\"Inici\",\"item\":\"https:\/\/novaorg.cofb.net\/\"},{\"@type\":\"ListItem\",\"position\":2,\"name\":\"Els col\u00b7legis professionals de l&#8217;\u00e0mbit de la salut llancen el v\u00eddeo #RaonsperVacunarme amb un missatge conjunt enfront de la COVID-19Los colegios profesionales del \u00e1mbito de la salud lanzan el video #RaonsPerVacunarme con un mensaje conjunto frente a la COVID-19\"}]},{\"@type\":\"WebSite\",\"@id\":\"https:\/\/www.cofb.org\/#website\",\"url\":\"https:\/\/www.cofb.org\/\",\"name\":\"Col\u00b7legi de Farmac\u00e8utics de Barcelona\",\"description\":\"\",\"publisher\":{\"@id\":\"https:\/\/www.cofb.org\/#organization\"},\"potentialAction\":[{\"@type\":\"SearchAction\",\"target\":{\"@type\":\"EntryPoint\",\"urlTemplate\":\"https:\/\/www.cofb.org\/?s={search_term_string}\"},\"query-input\":\"required name=search_term_string\"}],\"inLanguage\":\"ca\"},{\"@type\":\"Organization\",\"@id\":\"https:\/\/www.cofb.org\/#organization\",\"name\":\"Col\u00b7legi de Farmac\u00e8utics de Barcelona\",\"url\":\"https:\/\/www.cofb.org\/\",\"logo\":{\"@type\":\"ImageObject\",\"inLanguage\":\"ca\",\"@id\":\"https:\/\/www.cofb.org\/#\/schema\/logo\/image\/\",\"url\":\"https:\/\/www.cofb.org\/wp-content\/uploads\/2023\/11\/cropped-Logotip-COFB.png\",\"contentUrl\":\"https:\/\/www.cofb.org\/wp-content\/uploads\/2023\/11\/cropped-Logotip-COFB.png\",\"width\":500,\"height\":105,\"caption\":\"Col\u00b7legi de Farmac\u00e8utics de Barcelona\"},\"image\":{\"@id\":\"https:\/\/www.cofb.org\/#\/schema\/logo\/image\/\"},\"sameAs\":[\"https:\/\/www.facebook.com\/farmaceuticsbcn\/\",\"https:\/\/twitter.com\/farmaceuticsbcn\",\"https:\/\/www.instagram.com\/farmaceuticsbcn\/\",\"https:\/\/www.linkedin.com\/company\/farmaceuticsbcn\/\"]},{\"@type\":\"Person\",\"@id\":\"https:\/\/www.cofb.org\/#\/schema\/person\/22ed7eea88da74b0fa4d3154ad87ffcb\",\"name\":\"wpAdminCofbOrg\",\"image\":{\"@type\":\"ImageObject\",\"inLanguage\":\"ca\",\"@id\":\"https:\/\/www.cofb.org\/#\/schema\/person\/image\/\",\"url\":\"https:\/\/secure.gravatar.com\/avatar\/1721b20b3b8ca882c3b56ec6c978c594fff670e40c0718e9190eaeeb76aae7d8?s=96&d=mm&r=g\",\"contentUrl\":\"https:\/\/secure.gravatar.com\/avatar\/1721b20b3b8ca882c3b56ec6c978c594fff670e40c0718e9190eaeeb76aae7d8?s=96&d=mm&r=g\",\"caption\":\"wpAdminCofbOrg\"},\"sameAs\":[\"http:\/\/192.168.64.122\/wordpress\"],\"url\":\"https:\/\/www.cofb.org\/ca\/author\/wpadmincofborg\/\"}]}<\/script>\n<!-- \/ Yoast SEO plugin. -->","yoast_head_json":{"title":"Els col\u00b7legis professionals de l'\u00e0mbit de la salut llancen el v\u00eddeo #RaonsperVacunarme amb un missatge conjunt enfront de la COVID-19Los colegios profesionales del \u00e1mbito de la salud lanzan el video #RaonsPerVacunarme con un mensaje conjunto frente a la COVID-19 - Col\u00b7legi de Farmac\u00e8utics de Barcelona","robots":{"index":"index","follow":"follow","max-snippet":"max-snippet:-1","max-image-preview":"max-image-preview:large","max-video-preview":"max-video-preview:-1"},"canonical":"https:\/\/novaorg.cofb.net\/2021\/01\/22\/els-collegis-professionals-de-lambit-de-la-salut-llancen-el-video-raonspervacunarme-amb-un-missatge-conjunt-enfront-de-la-covid-19los-colegios-profesionales-del-ambito-de-la-salud-lanzan-el-video-r\/","og_locale":"ca_ES","og_type":"article","og_title":"Els col\u00b7legis professionals de l'\u00e0mbit de la salut llancen el v\u00eddeo #RaonsperVacunarme amb un missatge conjunt enfront de la COVID-19Los colegios profesionales del \u00e1mbito de la salud lanzan el video #RaonsPerVacunarme con un mensaje conjunto frente a la COVID-19 - Col\u00b7legi de Farmac\u00e8utics de Barcelona","og_description":"\u00a0 Barcelona, 22\u00a0de gener de 2021. Els col\u00b7legis professionals de l\u2019\u00e0mbit de la salut de Catalunya s\u2019han unit amb l\u2019objectiu com\u00fa de promoure la vacunaci\u00f3 entre els seus col\u00b7legiats i col\u00b7legiades enfront la COVID-19. Per aquest motiu, han llen\u00e7at el v\u00eddeo #RaonsperVacunarme, en el qual, a trav\u00e9s de les veus [&hellip;]","og_url":"https:\/\/novaorg.cofb.net\/2021\/01\/22\/els-collegis-professionals-de-lambit-de-la-salut-llancen-el-video-raonspervacunarme-amb-un-missatge-conjunt-enfront-de-la-covid-19los-colegios-profesionales-del-ambito-de-la-salud-lanzan-el-video-r\/","og_site_name":"Col\u00b7legi de Farmac\u00e8utics de Barcelona","article_publisher":"https:\/\/www.facebook.com\/farmaceuticsbcn\/","article_published_time":"2021-01-22T13:09:00+00:00","author":"wpAdminCofbOrg","twitter_card":"summary_large_image","twitter_creator":"@farmaceuticsbcn","twitter_site":"@farmaceuticsbcn","twitter_misc":{"Escrit per":"wpAdminCofbOrg","Temps estimat de lectura":"5 minuts"},"schema":{"@context":"https:\/\/schema.org","@graph":[{"@type":"Article","@id":"https:\/\/novaorg.cofb.net\/2021\/01\/22\/els-collegis-professionals-de-lambit-de-la-salut-llancen-el-video-raonspervacunarme-amb-un-missatge-conjunt-enfront-de-la-covid-19los-colegios-profesionales-del-ambito-de-la-salud-lanzan-el-video-r\/#article","isPartOf":{"@id":"https:\/\/novaorg.cofb.net\/2021\/01\/22\/els-collegis-professionals-de-lambit-de-la-salut-llancen-el-video-raonspervacunarme-amb-un-missatge-conjunt-enfront-de-la-covid-19los-colegios-profesionales-del-ambito-de-la-salud-lanzan-el-video-r\/"},"author":{"name":"wpAdminCofbOrg","@id":"https:\/\/www.cofb.org\/#\/schema\/person\/22ed7eea88da74b0fa4d3154ad87ffcb"},"headline":"Els col\u00b7legis professionals de l&#8217;\u00e0mbit de la salut llancen el v\u00eddeo #RaonsperVacunarme amb un missatge conjunt enfront de la COVID-19Los colegios profesionales del \u00e1mbito de la salud lanzan el video #RaonsPerVacunarme con un mensaje conjunto frente a la COVID-19","datePublished":"2021-01-22T13:09:00+00:00","dateModified":"2021-01-22T13:09:00+00:00","mainEntityOfPage":{"@id":"https:\/\/novaorg.cofb.net\/2021\/01\/22\/els-collegis-professionals-de-lambit-de-la-salut-llancen-el-video-raonspervacunarme-amb-un-missatge-conjunt-enfront-de-la-covid-19los-colegios-profesionales-del-ambito-de-la-salud-lanzan-el-video-r\/"},"wordCount":951,"publisher":{"@id":"https:\/\/www.cofb.org\/#organization"},"articleSection":["Notes de premsa"],"inLanguage":"ca"},{"@type":"WebPage","@id":"https:\/\/novaorg.cofb.net\/2021\/01\/22\/els-collegis-professionals-de-lambit-de-la-salut-llancen-el-video-raonspervacunarme-amb-un-missatge-conjunt-enfront-de-la-covid-19los-colegios-profesionales-del-ambito-de-la-salud-lanzan-el-video-r\/","url":"https:\/\/novaorg.cofb.net\/2021\/01\/22\/els-collegis-professionals-de-lambit-de-la-salut-llancen-el-video-raonspervacunarme-amb-un-missatge-conjunt-enfront-de-la-covid-19los-colegios-profesionales-del-ambito-de-la-salud-lanzan-el-video-r\/","name":"Els col\u00b7legis professionals de l'\u00e0mbit de la salut llancen el v\u00eddeo #RaonsperVacunarme amb un missatge conjunt enfront de la COVID-19Los colegios profesionales del \u00e1mbito de la salud lanzan el video #RaonsPerVacunarme con un mensaje conjunto frente a la COVID-19 - Col\u00b7legi de Farmac\u00e8utics de Barcelona","isPartOf":{"@id":"https:\/\/www.cofb.org\/#website"},"datePublished":"2021-01-22T13:09:00+00:00","dateModified":"2021-01-22T13:09:00+00:00","breadcrumb":{"@id":"https:\/\/novaorg.cofb.net\/2021\/01\/22\/els-collegis-professionals-de-lambit-de-la-salut-llancen-el-video-raonspervacunarme-amb-un-missatge-conjunt-enfront-de-la-covid-19los-colegios-profesionales-del-ambito-de-la-salud-lanzan-el-video-r\/#breadcrumb"},"inLanguage":"ca","potentialAction":[{"@type":"ReadAction","target":["https:\/\/novaorg.cofb.net\/2021\/01\/22\/els-collegis-professionals-de-lambit-de-la-salut-llancen-el-video-raonspervacunarme-amb-un-missatge-conjunt-enfront-de-la-covid-19los-colegios-profesionales-del-ambito-de-la-salud-lanzan-el-video-r\/"]}]},{"@type":"BreadcrumbList","@id":"https:\/\/novaorg.cofb.net\/2021\/01\/22\/els-collegis-professionals-de-lambit-de-la-salut-llancen-el-video-raonspervacunarme-amb-un-missatge-conjunt-enfront-de-la-covid-19los-colegios-profesionales-del-ambito-de-la-salud-lanzan-el-video-r\/#breadcrumb","itemListElement":[{"@type":"ListItem","position":1,"name":"Inici","item":"https:\/\/novaorg.cofb.net\/"},{"@type":"ListItem","position":2,"name":"Els col\u00b7legis professionals de l&#8217;\u00e0mbit de la salut llancen el v\u00eddeo #RaonsperVacunarme amb un missatge conjunt enfront de la COVID-19Los colegios profesionales del \u00e1mbito de la salud lanzan el video #RaonsPerVacunarme con un mensaje conjunto frente a la COVID-19"}]},{"@type":"WebSite","@id":"https:\/\/www.cofb.org\/#website","url":"https:\/\/www.cofb.org\/","name":"Col\u00b7legi de Farmac\u00e8utics de Barcelona","description":"","publisher":{"@id":"https:\/\/www.cofb.org\/#organization"},"potentialAction":[{"@type":"SearchAction","target":{"@type":"EntryPoint","urlTemplate":"https:\/\/www.cofb.org\/?s={search_term_string}"},"query-input":"required name=search_term_string"}],"inLanguage":"ca"},{"@type":"Organization","@id":"https:\/\/www.cofb.org\/#organization","name":"Col\u00b7legi de Farmac\u00e8utics de Barcelona","url":"https:\/\/www.cofb.org\/","logo":{"@type":"ImageObject","inLanguage":"ca","@id":"https:\/\/www.cofb.org\/#\/schema\/logo\/image\/","url":"https:\/\/www.cofb.org\/wp-content\/uploads\/2023\/11\/cropped-Logotip-COFB.png","contentUrl":"https:\/\/www.cofb.org\/wp-content\/uploads\/2023\/11\/cropped-Logotip-COFB.png","width":500,"height":105,"caption":"Col\u00b7legi de Farmac\u00e8utics de Barcelona"},"image":{"@id":"https:\/\/www.cofb.org\/#\/schema\/logo\/image\/"},"sameAs":["https:\/\/www.facebook.com\/farmaceuticsbcn\/","https:\/\/twitter.com\/farmaceuticsbcn","https:\/\/www.instagram.com\/farmaceuticsbcn\/","https:\/\/www.linkedin.com\/company\/farmaceuticsbcn\/"]},{"@type":"Person","@id":"https:\/\/www.cofb.org\/#\/schema\/person\/22ed7eea88da74b0fa4d3154ad87ffcb","name":"wpAdminCofbOrg","image":{"@type":"ImageObject","inLanguage":"ca","@id":"https:\/\/www.cofb.org\/#\/schema\/person\/image\/","url":"https:\/\/secure.gravatar.com\/avatar\/1721b20b3b8ca882c3b56ec6c978c594fff670e40c0718e9190eaeeb76aae7d8?s=96&d=mm&r=g","contentUrl":"https:\/\/secure.gravatar.com\/avatar\/1721b20b3b8ca882c3b56ec6c978c594fff670e40c0718e9190eaeeb76aae7d8?s=96&d=mm&r=g","caption":"wpAdminCofbOrg"},"sameAs":["http:\/\/192.168.64.122\/wordpress"],"url":"https:\/\/www.cofb.org\/ca\/author\/wpadmincofborg\/"}]}},"uagb_featured_image_src":{"full":false,"thumbnail":false,"medium":false,"medium_large":false,"large":false,"1536x1536":false,"2048x2048":false,"trp-custom-language-flag":false},"uagb_author_info":{"display_name":"wpAdminCofbOrg","author_link":"https:\/\/www.cofb.org\/ca\/author\/wpadmincofborg\/"},"uagb_comment_info":0,"uagb_excerpt":"\u00a0 Barcelona, 22\u00a0de gener de 2021. Els col\u00b7legis professionals de l\u2019\u00e0mbit de la salut de Catalunya s\u2019han unit amb l\u2019objectiu com\u00fa de promoure la vacunaci\u00f3 entre els seus col\u00b7legiats i col\u00b7legiades enfront la COVID-19. Per aquest motiu, han llen\u00e7at el v\u00eddeo #RaonsperVacunarme, en el qual, a trav\u00e9s de les veus [&hellip;]","_links":{"self":[{"href":"https:\/\/www.cofb.org\/ca\/wp-json\/wp\/v2\/posts\/77084","targetHints":{"allow":["GET"]}}],"collection":[{"href":"https:\/\/www.cofb.org\/ca\/wp-json\/wp\/v2\/posts"}],"about":[{"href":"https:\/\/www.cofb.org\/ca\/wp-json\/wp\/v2\/types\/post"}],"author":[{"embeddable":true,"href":"https:\/\/www.cofb.org\/ca\/wp-json\/wp\/v2\/users\/1"}],"replies":[{"embeddable":true,"href":"https:\/\/www.cofb.org\/ca\/wp-json\/wp\/v2\/comments?post=77084"}],"version-history":[{"count":0,"href":"https:\/\/www.cofb.org\/ca\/wp-json\/wp\/v2\/posts\/77084\/revisions"}],"wp:attachment":[{"href":"https:\/\/www.cofb.org\/ca\/wp-json\/wp\/v2\/media?parent=77084"}],"wp:term":[{"taxonomy":"category","embeddable":true,"href":"https:\/\/www.cofb.org\/ca\/wp-json\/wp\/v2\/categories?post=77084"},{"taxonomy":"post_tag","embeddable":true,"href":"https:\/\/www.cofb.org\/ca\/wp-json\/wp\/v2\/tags?post=77084"}],"curies":[{"name":"wp","href":"https:\/\/api.w.org\/{rel}","templated":true}]}}