{"id":77083,"date":"2021-01-25T17:21:00","date_gmt":"2021-01-25T17:21:00","guid":{"rendered":"https:\/\/novaorg.cofb.net\/2021\/01\/25\/mes-del-90-dels-usuaris-que-shan-format-amb-agora-de-nutricio-i-salut-recomanarien-la-realitzacio-dels-seus-cursosmas-del-90-de-los-usuarios-que-se-han-formado-en-agora-de-nutricion-y-salud-r\/"},"modified":"2021-01-25T17:21:00","modified_gmt":"2021-01-25T17:21:00","slug":"mes-del-90-dels-usuaris-que-shan-format-amb-agora-de-nutricio-i-salut-recomanarien-la-realitzacio-dels-seus-cursosmas-del-90-de-los-usuarios-que-se-han-formado-en-agora-de-nutricion-y-salud-r","status":"publish","type":"post","link":"https:\/\/www.cofb.org\/ca\/2021\/01\/25\/mes-del-90-dels-usuaris-que-shan-format-amb-agora-de-nutricio-i-salut-recomanarien-la-realitzacio-dels-seus-cursosmas-del-90-de-los-usuarios-que-se-han-formado-en-agora-de-nutricion-y-salud-r\/","title":{"rendered":"M\u00e9s del 90% dels usuaris que s\u2019han format amb \u00c0gora de Nutrici\u00f3 i Salut recomanarien la realitzaci\u00f3 dels seus cursosM\u00e1s del 90% de los usuarios que se han formado en \u00c1gora de Nutrici\u00f3n y Salud recomendar\u00edan la realizaci\u00f3n de sus cursos"},"content":{"rendered":"<p>\u00a0<\/p>\n<ul>\n<li><span>Aquesta \u00e0rea formativa, impulsada pels Col\u00b7legis de Farmac\u00e8utics de Barcelona i Madrid\u2013 a trav\u00e9s d&#8217;\u00c0gora Sanit\u00e0ria- i Nestl\u00e9 Health Science, ha comptat amb una <strong>mitjana de m\u00e9s de 400 inscrits en cadascuna de les formacions<\/strong><\/span><\/li>\n<li><span>En el marc de la COVID-19, ha proporcionat als farmac\u00e8utics <strong>recursos lligats a requeriments nutricionals durant la pand\u00e8mia<\/strong>. Tamb\u00e9 s&#8217;han posat en marxa nous <strong>formats formatius<\/strong>, com el <strong>webinar<\/strong> i els <strong>casos pr\u00e0ctics de consell nutricional<\/strong><\/span><\/li>\n<li><span>La <strong>principal novetat del 2021<\/strong> ser\u00e0 la posada en marxa d&#8217;una <strong>campanya per a la detecci\u00f3 i prevenci\u00f3 de la deterioraci\u00f3 nutricional i funcional des de la farm\u00e0cia comunit\u00e0ria<\/strong><\/span><\/li>\n<\/ul>\n<p><em><span>Barcelona, 25 de gener de 2021<\/span><\/em><span>. L&#8217;\u00e0rea formativa \u00c0gora de Nutrici\u00f3 i Salut, impulsada pels Col\u00b7legis de Farmac\u00e8utics de Barcelona i Madrid -a trav\u00e9s d&#8217;\u00c0gora Sanit\u00e0ria- i Nestl\u00e9 Health Science, <strong>tanca el 2020 amb una valoraci\u00f3 molt positiva per part dels farmac\u00e8utics: puntuen amb una mitjana de 8,7 punts les formacions del portal i m\u00e9s del 90% recomanaria la realitzaci\u00f3 dels cursos.<\/strong><\/span><\/p>\n<p><span>Es tracta d&#8217;una de les xifres m\u00e9s destacades d&#8217;aquest \u00faltim any, un 2020 en qu\u00e8, malgrat la crisi sanit\u00e0ria provocada per la COVID-19, les formacions <strong>\u201cControl de pes en la farm\u00e0cia comunit\u00e0ria\u201d <\/strong>(novetat del 2020), <strong>\u201cAlimentaci\u00f3 en l&#8217;adult\u201d<\/strong> i <strong>\u201cDisf\u00e0gia, intervenci\u00f3 farmac\u00e8utica i solucions\u201d <\/strong>han comptat amb una <strong>mitjana de m\u00e9s de 400 inscrits<\/strong>. En totes elles, s&#8217;ha potenciat el paper de la farm\u00e0cia en el consell nutricional i en la valoraci\u00f3 de l&#8217;estat nutricional, la recomanaci\u00f3 d&#8217;exercici f\u00edsic i de productes basats en l&#8217;evid\u00e8ncia, aix\u00ed com la import\u00e0ncia del coaching nutricional.<\/span><\/p>\n<p><strong><u><span>Recursos per a la farm\u00e0cia sobre requeriments nutricionals durant la pand\u00e8mia<\/span><\/u><\/strong><\/p>\n<p><span>En el marc de la COVID-19, s&#8217;ha proporcionat als m\u00e9s de 2.500 usuaris d&#8217;\u00c0gora de Nutrici\u00f3 i Salut <strong>recursos lligats a requeriments nutricionals durant la pand\u00e8mia<\/strong>, enfocats tant a l&#8217;etapa del <strong>confinament<\/strong>, com a <strong>situacions concretes<\/strong>, com el <strong>sobrep\u00e8s<\/strong> o la <strong>disf\u00e0gia<\/strong>. Tamb\u00e9 s&#8217;han abordat espec\u00edficament els <strong>problemes de degluci\u00f3 derivats de persones que han passat la malaltia<\/strong>, aix\u00ed com la <strong>relaci\u00f3 entre<\/strong> <strong>alimentaci\u00f3 i salut cerebral.<\/strong><\/span><\/p>\n<p><strong><u><span>El webinar i els casos pr\u00e0ctics de consell nutricional, nous formats formatius del 2020<\/span><\/u><\/strong><\/p>\n<p><span>En aquest sentit, \u00c0gora Sanit\u00e0ria i Nestl\u00e9 Health Science han impulsat el <strong>webinar<\/strong> com a nou format formatiu, abordant temes com <strong>\u201cRequeriments nutricionals del pacient postcovid\u201d<\/strong>, amb m\u00e9s de 400 inscrits. En aquesta formaci\u00f3 es va partir de la premissa que el suport nutricional \u00e9s essencial durant l&#8217;hospitalitzaci\u00f3, per\u00f2 tamb\u00e9 en el proc\u00e9s de recuperaci\u00f3, clau per prevenir complicacions futures, una convalesc\u00e8ncia prolongada i aconseguir, per tant, la progressiva capacitaci\u00f3 del pacient.<\/span><\/p>\n<p><span>Un altre nou format introdu\u00eft l\u2019any 2020 han estat els <strong>casos pr\u00e0ctics de consell nutricional<\/strong>, on s&#8217;han tractat temes com la <strong>dieta restrictiva<\/strong> o la <strong>intoler\u00e0ncia a la lactosa<\/strong>. En aquest \u00faltim any, tamb\u00e9 s&#8217;ha col\u00b7laborat amb <strong>experts de l&#8217;entorn farmac\u00e8utic <\/strong>i amb<strong> institucions<\/strong>, com l&#8217;Hospital Cl\u00ednic de Barcelona o Barcelona Brain Health Initiative.<\/span><\/p>\n<p><strong><u><span>Campanya per a la promoci\u00f3 d\u2019un envelliment saludable a la farm\u00e0cia comunit\u00e0ria, la principal novetat del 2021<\/span><\/u><\/strong><\/p>\n<p><span>\u00c0gora de Nutrici\u00f3 i Salut presentar\u00e0 el <strong>2021<\/strong> una <strong>campanya d&#8217;intervenci\u00f3 farmac\u00e8utica per a la promoci\u00f3 d&#8217;un envelliment saludable a partir del consell nutricional i de l\u2019exercici f\u00edsic<\/strong>, que, tal com es va anunciar en el seu llan\u00e7ament l\u2019any 2019, ser\u00e0 l&#8217;eix central del tercer any de relaci\u00f3 entre els Col\u00b7legis de Farmac\u00e8utics de Barcelona i Madrid i Nestl\u00e9 Health Science. En el marc d&#8217;aquesta campanya, es persegueixen tres grans objectius:<\/span><\/p>\n<ul>\n<li><strong><span>Ajudar a millorar l&#8217;estat nutricional i de salut dels adults majors de 65 anys<\/span><\/strong><span>, a trav\u00e9s de la intervenci\u00f3 del farmac\u00e8utic.<\/span><\/li>\n<li><span>\u00a0Implementar un <strong>protocol de cribratge per a persones majors de 65 anys<\/strong>, a trav\u00e9s d\u2019eines de detecci\u00f3 preco\u00e7 de la desnutrici\u00f3 i risc de sarcop\u00e8nia en el context de la farm\u00e0cia comunit\u00e0ria que sigui factible i generalitzat <\/span><\/li>\n<li><strong><span>Formar el farmac\u00e8utic per a una correcta intervenci\u00f3<\/span><\/strong><span> mitjan\u00e7ant l&#8217;educaci\u00f3 sanit\u00e0ria, el consell alimentari, la recomanaci\u00f3 nutricional si es precisa, aix\u00ed com la realitzaci\u00f3 d&#8217;activitat f\u00edsica de forma personalitzada.<\/span><\/li>\n<\/ul>\n<p><span>La presentaci\u00f3 oficial d&#8217;aquesta campanya est\u00e0 prevista per al 4 de mar\u00e7 de la m\u00e0 de les vocalies d&#8217;Alimentaci\u00f3 i Nutrici\u00f3 dels Col\u00b7legis de Farmac\u00e8utics de Madrid i Barcelona i amb la intervenci\u00f3 conjunta del Dr. Marco Inzitari, metge especialista en geriatria, director d&#8217;Atenci\u00f3 Interm\u00e8dia, Recerca i Doc\u00e8ncia del Parc Sanitari Pere Virgili (Barcelona) i president de la Societat Catalana de Geriatria i Gerontologia, i Guillermo Bagar\u00eda, vocal d&#8217;Oficina de Farm\u00e0cia del Col\u00b7legi de Farmac\u00e8utics de Barcelona. Tots aquells farmac\u00e8utics interessats a assistir a la confer\u00e8ncia-presentaci\u00f3, que es retransmetr\u00e0 via webinar, poden inscriure&#8217;s des d\u2019avui a <a href=\"http:\/\/www.agorasanitaria.com\/\">www.agorasanitaria.com<\/a>.<\/span><\/p>\n<p><span>Aix\u00ed mateix, es continuar\u00e0 donant suport a la formaci\u00f3 en alimentaci\u00f3 i nutrici\u00f3 de l&#8217;adult mitjan\u00e7ant noves edicions dels cursos sobre disf\u00e0gia, control de pes i alimentaci\u00f3 saludable. Tal com s&#8217;ha fet durant tot aquest temps, aquests cursos es completaran amb bibliografies digerides, infografies sobre temes concrets, webinars i videoentrevistes amb experts i m\u00e9s casos pr\u00e0ctics de consell nutricional.<\/span><\/p>\n<p><strong><u><span>Sobre \u00c0gora de Nutrici\u00f3 i Salut<\/span><\/u><\/strong><\/p>\n<p><span>El 2019 es va posar en marxa l&#8217;\u00c0gora de Nutrici\u00f3 i Salut, impulsada pel COFB i COFM\u2013 a trav\u00e9s d&#8217;\u00c0gora Sanit\u00e0ria\u2013 i Nestl\u00e9 Health Science, amb m\u00e9s de 2.500 alumnes registrats fins al moment. Aquesta \u00e0rea formativa, a m\u00e9s d&#8217;aportar formaci\u00f3 en format de cursos, ofereix un conjunt de recursos en l\u00ednia per a millorar i professionalitzar el consell farmac\u00e8utic en l&#8217;\u00e0mbit de la nutrici\u00f3 en adults i persones grans.<\/span><\/p>\n<p><strong><u><span>Sobre Nestl\u00e9 Health Science<\/span><\/u><\/strong><\/p>\n<p><span>Nestl\u00e9 Health Science \u2013que t\u00e9 com a prop\u00f2sit desenvolupar projectes pioners per a impulsar el valor de la nutrici\u00f3 oferint solucions nutricionals personalitzades en l&#8217;abordatge de problemes de salut- pret\u00e9n donar resposta als reptes nutricionals del segle XXI, mantenint clarament la seva aposta per l\u2019I+D.<\/span><\/p>\n<p><span>Nestl\u00e9 Health Science est\u00e0 a l&#8217;avantguarda de la nutrici\u00f3 terap\u00e8utica i desenvolupa solucions adaptades a les necessitats nutricionals espec\u00edfiques de les persones, sempre emparada en la millor evid\u00e8ncia cient\u00edfica, i que posa a la disposici\u00f3 d&#8217;aquestes amb l&#8217;ajuda dels professionals sanitaris.<\/span><\/p>\n<p>\u00a0Aquesta \u00e0rea formativa, impulsada pels Col\u00b7legis de Farmac\u00e8utics de Barcelona i Madrid\u2013 a trav\u00e9s d&#8217;\u00c0gora Sanit\u00e0ria- i Nestl\u00e9 Health Science, ha comptat amb una mitjana de m\u00e9s de 400 inscrits en cadascuna de les formacions<br \/>\n\tEn el marc de la COVID-19, ha proporcionat als farmac\u00e8utics recursos lligats a requeriments nutricionals durant la pand\u00e8mia. Tamb\u00e9 s&#8217;han posat en marxa nous formats formatius, com el webinar i els casos pr\u00e0ctics de consell nutricional<br \/>\n\tLa principal novetat del 2021 ser\u00e0 la posada en marxa d&#8217;una campanya per a la detecci\u00f3 i prevenci\u00f3 de la deterioraci\u00f3 nutricional i funcional des de la farm\u00e0cia comunit\u00e0ria<\/p>\n<p>Barcelona, 25 de gener de 2021. L&#8217;\u00e0rea formativa \u00c0gora de Nutrici\u00f3 i Salut, impulsada pels Col\u00b7legis de Farmac\u00e8utics de Barcelona i Madrid -a trav\u00e9s d&#8217;\u00c0gora Sanit\u00e0ria- i Nestl\u00e9 Health Science, tanca el 2020 amb una valoraci\u00f3 molt positiva per part dels farmac\u00e8utics: puntuen amb una mitjana de 8,7 punts les formacions del portal i m\u00e9s del 90% recomanaria la realitzaci\u00f3 dels cursos.<\/p>\n<p>Es tracta d&#8217;una de les xifres m\u00e9s destacades d&#8217;aquest \u00faltim any, un 2020 en qu\u00e8, malgrat la crisi sanit\u00e0ria provocada per la COVID-19, les formacions \u201cControl de pes en la farm\u00e0cia comunit\u00e0ria\u201d (novetat del 2020), \u201cAlimentaci\u00f3 en l&#8217;adult\u201d i \u201cDisf\u00e0gia, intervenci\u00f3 farmac\u00e8utica i solucions\u201d han comptat amb una mitjana de m\u00e9s de 400 inscrits. En totes elles, s&#8217;ha potenciat el paper de la farm\u00e0cia en el consell nutricional i en la valoraci\u00f3 de l&#8217;estat nutricional, la recomanaci\u00f3 d&#8217;exercici f\u00edsic i de productes basats en l&#8217;evid\u00e8ncia, aix\u00ed com la import\u00e0ncia del coaching nutricional.<\/p>\n<p>Recursos per a la farm\u00e0cia sobre requeriments nutricionals durant la pand\u00e8mia<\/p>\n<p>En el marc de la COVID-19, s&#8217;ha proporcionat als m\u00e9s de 2.500 usuaris d&#8217;\u00c0gora de Nutrici\u00f3 i Salut recursos lligats a requeriments nutricionals durant la pand\u00e8mia, enfocats tant a l&#8217;etapa del confinament, com a situacions concretes, com el sobrep\u00e8s o la disf\u00e0gia. Tamb\u00e9 s&#8217;han abordat espec\u00edficament els problemes de degluci\u00f3 derivats de persones que han passat la malaltia, aix\u00ed com la relaci\u00f3 entre alimentaci\u00f3 i salut cerebral.<\/p>\n<p>El webinar i els casos pr\u00e0ctics de consell nutricional, nous formats formatius del 2020<\/p>\n<p>En aquest sentit, \u00c0gora Sanit\u00e0ria i Nestl\u00e9 Health Science han impulsat el webinar com a nou format formatiu, abordant temes com \u201cRequeriments nutricionals del pacient postcovid\u201d, amb m\u00e9s de 400 inscrits. En aquesta formaci\u00f3 es va partir de la premissa que el suport nutricional \u00e9s essencial durant l&#8217;hospitalitzaci\u00f3, per\u00f2 tamb\u00e9 en el proc\u00e9s de recuperaci\u00f3, clau per prevenir complicacions futures, una convalesc\u00e8ncia prolongada i aconseguir, per tant, la progressiva capacitaci\u00f3 del pacient.<\/p>\n<p>Un altre nou format introdu\u00eft l\u2019any 2020 han estat els casos pr\u00e0ctics de consell nutricional, on s&#8217;han tractat temes com la dieta restrictiva o la intoler\u00e0ncia a la lactosa. En aquest \u00faltim any, tamb\u00e9 s&#8217;ha col\u00b7laborat amb experts de l&#8217;entorn farmac\u00e8utic i amb institucions, com l&#8217;Hospital Cl\u00ednic de Barcelona o Barcelona Brain Health Initiative.<\/p>\n<p>Campanya per a la promoci\u00f3 d\u2019un envelliment saludable a la farm\u00e0cia comunit\u00e0ria, la principal novetat del 2021<\/p>\n<p>\u00c0gora de Nutrici\u00f3 i Salut presentar\u00e0 el 2021 una campanya d&#8217;intervenci\u00f3 farmac\u00e8utica per a la promoci\u00f3 d&#8217;un envelliment saludable a partir del consell nutricional i de l\u2019exercici f\u00edsic, que, tal com es va anunciar en el seu llan\u00e7ament l\u2019any 2019, ser\u00e0 l&#8217;eix central del tercer any de relaci\u00f3 entre els Col\u00b7legis de Farmac\u00e8utics de Barcelona i Madrid i Nestl\u00e9 Health Science. En el marc d&#8217;aquesta campanya, es persegueixen tres grans objectius:<\/p>\n<p>\tAjudar a millorar l&#8217;estat nutricional i de salut dels adults majors de 65 anys, a trav\u00e9s de la intervenci\u00f3 del farmac\u00e8utic.<br \/>\n\t\u00a0Implementar un protocol de cribratge per a persones majors de 65 anys, a trav\u00e9s d\u2019eines de detecci\u00f3 preco\u00e7 de la desnutrici\u00f3 i risc de sarcop\u00e8nia en el context de la farm\u00e0cia comunit\u00e0ria que sigui factible i generalitzat<br \/>\n\tFormar el farmac\u00e8utic per a una correcta intervenci\u00f3 mitjan\u00e7ant l&#8217;educaci\u00f3 sanit\u00e0ria, el consell alimentari, la recomanaci\u00f3 nutricional si es precisa, aix\u00ed com la realitzaci\u00f3 d&#8217;activitat f\u00edsica de forma personalitzada.<\/p>\n<p>La presentaci\u00f3 oficial d&#8217;aquesta campanya est\u00e0 prevista per al 4 de mar\u00e7 de la m\u00e0 de les vocalies d&#8217;Alimentaci\u00f3 i Nutrici\u00f3 dels Col\u00b7legis de Farmac\u00e8utics de Madrid i Barcelona i amb la intervenci\u00f3 conjunta del Dr. Marco Inzitari, metge especialista en geriatria, director d&#8217;Atenci\u00f3 Interm\u00e8dia, Recerca i Doc\u00e8ncia del Parc Sanitari Pere Virgili (Barcelona) i president de la Societat Catalana de Geriatria i Gerontologia, i Guillermo Bagar\u00eda, vocal d&#8217;Oficina de Farm\u00e0cia del Col\u00b7legi de Farmac\u00e8utics de Barcelona. Tots aquells farmac\u00e8utics interessats a assistir a la confer\u00e8ncia-presentaci\u00f3, que es retransmetr\u00e0 via webinar, poden inscriure&#8217;s des d\u2019avui a www.agorasanitaria.com.<\/p>\n<p>Aix\u00ed mateix, es continuar\u00e0 donant suport a la formaci\u00f3 en alimentaci\u00f3 i nutrici\u00f3 de l&#8217;adult mitjan\u00e7ant noves edicions dels cursos sobre disf\u00e0gia, control de pes i alimentaci\u00f3 saludable. Tal com s&#8217;ha fet durant tot aquest temps, aquests cursos es completaran amb bibliografies digerides, infografies sobre temes concrets, webinars i videoentrevistes amb experts i m\u00e9s casos pr\u00e0ctics de consell nutricional.<\/p>\n<p>Sobre \u00c0gora de Nutrici\u00f3 i Salut<\/p>\n<p>El 2019 es va posar en marxa l&#8217;\u00c0gora de Nutrici\u00f3 i Salut, impulsada pel COFB i COFM\u2013 a trav\u00e9s d&#8217;\u00c0gora Sanit\u00e0ria\u2013 i Nestl\u00e9 Health Science, amb m\u00e9s de 2.500 alumnes registrats fins al moment. Aquesta \u00e0rea formativa, a m\u00e9s d&#8217;aportar formaci\u00f3 en format de cursos, ofereix un conjunt de recursos en l\u00ednia per a millorar i professionalitzar el consell farmac\u00e8utic en l&#8217;\u00e0mbit de la nutrici\u00f3 en adults i persones grans.<\/p>\n<p>Sobre Nestl\u00e9 Health Science<\/p>\n<p>Nestl\u00e9 Health Science \u2013que t\u00e9 com a prop\u00f2sit desenvolupar projectes pioners per a impulsar el valor de la nutrici\u00f3 oferint solucions nutricionals personalitzades en l&#8217;abordatge de problemes de salut- pret\u00e9n donar resposta als reptes nutricionals del segle XXI, mantenint clarament la seva aposta per l\u2019I+D.<\/p>\n<p>Nestl\u00e9 Health Science est\u00e0 a l&#8217;avantguarda de la nutrici\u00f3 terap\u00e8utica i desenvolupa solucions adaptades a les necessitats nutricionals espec\u00edfiques de les persones, sempre emparada en la millor evid\u00e8ncia cient\u00edfica, i que posa a la disposici\u00f3 d&#8217;aquestes amb l&#8217;ajuda dels professionals sanitaris.\u00a0\u00a0COFB.ORG<\/p>\n","protected":false},"excerpt":{"rendered":"<p>\u00a0 Aquesta \u00e0rea formativa, impulsada pels Col\u00b7legis de Farmac\u00e8utics de Barcelona i Madrid\u2013 a trav\u00e9s d&#8217;\u00c0gora Sanit\u00e0ria- i Nestl\u00e9 Health Science, ha comptat amb una mitjana de m\u00e9s de 400 inscrits en cadascuna de les formacions En el marc de la COVID-19, ha proporcionat als farmac\u00e8utics recursos lligats a requeriments [&hellip;]<\/p>\n","protected":false},"author":1,"featured_media":0,"comment_status":"","ping_status":"","sticky":false,"template":"","format":"standard","meta":{"_uag_custom_page_level_css":"","site-sidebar-layout":"default","site-content-layout":"","ast-site-content-layout":"default","site-content-style":"default","site-sidebar-style":"default","ast-global-header-display":"","ast-banner-title-visibility":"","ast-main-header-display":"","ast-hfb-above-header-display":"","ast-hfb-below-header-display":"","ast-hfb-mobile-header-display":"","site-post-title":"","ast-breadcrumbs-content":"","ast-featured-img":"disabled","footer-sml-layout":"","theme-transparent-header-meta":"","adv-header-id-meta":"","stick-header-meta":"","header-above-stick-meta":"","header-main-stick-meta":"","header-below-stick-meta":"","astra-migrate-meta-layouts":"default","ast-page-background-enabled":"default","ast-page-background-meta":{"desktop":{"background-color":"var(--ast-global-color-4)","background-image":"","background-repeat":"repeat","background-position":"center center","background-size":"auto","background-attachment":"scroll","background-type":"","background-media":"","overlay-type":"","overlay-color":"","overlay-opacity":"","overlay-gradient":""},"tablet":{"background-color":"","background-image":"","background-repeat":"repeat","background-position":"center center","background-size":"auto","background-attachment":"scroll","background-type":"","background-media":"","overlay-type":"","overlay-color":"","overlay-opacity":"","overlay-gradient":""},"mobile":{"background-color":"","background-image":"","background-repeat":"repeat","background-position":"center center","background-size":"auto","background-attachment":"scroll","background-type":"","background-media":"","overlay-type":"","overlay-color":"","overlay-opacity":"","overlay-gradient":""}},"ast-content-background-meta":{"desktop":{"background-color":"var(--ast-global-color-5)","background-image":"","background-repeat":"repeat","background-position":"center center","background-size":"auto","background-attachment":"scroll","background-type":"","background-media":"","overlay-type":"","overlay-color":"","overlay-opacity":"","overlay-gradient":""},"tablet":{"background-color":"var(--ast-global-color-5)","background-image":"","background-repeat":"repeat","background-position":"center center","background-size":"auto","background-attachment":"scroll","background-type":"","background-media":"","overlay-type":"","overlay-color":"","overlay-opacity":"","overlay-gradient":""},"mobile":{"background-color":"var(--ast-global-color-5)","background-image":"","background-repeat":"repeat","background-position":"center center","background-size":"auto","background-attachment":"scroll","background-type":"","background-media":"","overlay-type":"","overlay-color":"","overlay-opacity":"","overlay-gradient":""}},"footnotes":""},"categories":[1060,1066],"tags":[],"class_list":["post-77083","post","type-post","status-publish","format-standard","hentry","category-notes-premsa","category-sense-categoria-ca"],"yoast_head":"<!-- This site is optimized with the Yoast SEO plugin v22.4 - https:\/\/yoast.com\/wordpress\/plugins\/seo\/ -->\n<title>M\u00e9s del 90% dels usuaris que s\u2019han format amb \u00c0gora de Nutrici\u00f3 i Salut recomanarien la realitzaci\u00f3 dels seus cursosM\u00e1s del 90% de los usuarios que se han formado en \u00c1gora de Nutrici\u00f3n y Salud recomendar\u00edan la realizaci\u00f3n de sus cursos - Col\u00b7legi de Farmac\u00e8utics de Barcelona<\/title>\n<meta name=\"robots\" content=\"index, follow, max-snippet:-1, max-image-preview:large, max-video-preview:-1\" \/>\n<link rel=\"canonical\" href=\"https:\/\/novaorg.cofb.net\/2021\/01\/25\/mes-del-90-dels-usuaris-que-shan-format-amb-agora-de-nutricio-i-salut-recomanarien-la-realitzacio-dels-seus-cursosmas-del-90-de-los-usuarios-que-se-han-formado-en-agora-de-nutricion-y-salud-r\/\" \/>\n<meta property=\"og:locale\" content=\"ca_ES\" \/>\n<meta property=\"og:type\" content=\"article\" \/>\n<meta property=\"og:title\" content=\"M\u00e9s del 90% dels usuaris que s\u2019han format amb \u00c0gora de Nutrici\u00f3 i Salut recomanarien la realitzaci\u00f3 dels seus cursosM\u00e1s del 90% de los usuarios que se han formado en \u00c1gora de Nutrici\u00f3n y Salud recomendar\u00edan la realizaci\u00f3n de sus cursos - Col\u00b7legi de Farmac\u00e8utics de Barcelona\" \/>\n<meta property=\"og:description\" content=\"\u00a0 Aquesta \u00e0rea formativa, impulsada pels Col\u00b7legis de Farmac\u00e8utics de Barcelona i Madrid\u2013 a trav\u00e9s d&#8217;\u00c0gora Sanit\u00e0ria- i Nestl\u00e9 Health Science, ha comptat amb una mitjana de m\u00e9s de 400 inscrits en cadascuna de les formacions En el marc de la COVID-19, ha proporcionat als farmac\u00e8utics recursos lligats a requeriments [&hellip;]\" \/>\n<meta property=\"og:url\" content=\"https:\/\/novaorg.cofb.net\/2021\/01\/25\/mes-del-90-dels-usuaris-que-shan-format-amb-agora-de-nutricio-i-salut-recomanarien-la-realitzacio-dels-seus-cursosmas-del-90-de-los-usuarios-que-se-han-formado-en-agora-de-nutricion-y-salud-r\/\" \/>\n<meta property=\"og:site_name\" content=\"Col\u00b7legi de Farmac\u00e8utics de Barcelona\" \/>\n<meta property=\"article:publisher\" content=\"https:\/\/www.facebook.com\/farmaceuticsbcn\/\" \/>\n<meta property=\"article:published_time\" content=\"2021-01-25T17:21:00+00:00\" \/>\n<meta name=\"author\" content=\"wpAdminCofbOrg\" \/>\n<meta name=\"twitter:card\" content=\"summary_large_image\" \/>\n<meta name=\"twitter:creator\" content=\"@farmaceuticsbcn\" \/>\n<meta name=\"twitter:site\" content=\"@farmaceuticsbcn\" \/>\n<meta name=\"twitter:label1\" content=\"Escrit per\" \/>\n\t<meta name=\"twitter:data1\" content=\"wpAdminCofbOrg\" \/>\n\t<meta name=\"twitter:label2\" content=\"Temps estimat de lectura\" \/>\n\t<meta name=\"twitter:data2\" content=\"11 minuts\" \/>\n<script type=\"application\/ld+json\" class=\"yoast-schema-graph\">{\"@context\":\"https:\/\/schema.org\",\"@graph\":[{\"@type\":\"Article\",\"@id\":\"https:\/\/novaorg.cofb.net\/2021\/01\/25\/mes-del-90-dels-usuaris-que-shan-format-amb-agora-de-nutricio-i-salut-recomanarien-la-realitzacio-dels-seus-cursosmas-del-90-de-los-usuarios-que-se-han-formado-en-agora-de-nutricion-y-salud-r\/#article\",\"isPartOf\":{\"@id\":\"https:\/\/novaorg.cofb.net\/2021\/01\/25\/mes-del-90-dels-usuaris-que-shan-format-amb-agora-de-nutricio-i-salut-recomanarien-la-realitzacio-dels-seus-cursosmas-del-90-de-los-usuarios-que-se-han-formado-en-agora-de-nutricion-y-salud-r\/\"},\"author\":{\"name\":\"wpAdminCofbOrg\",\"@id\":\"https:\/\/www.cofb.org\/#\/schema\/person\/22ed7eea88da74b0fa4d3154ad87ffcb\"},\"headline\":\"M\u00e9s del 90% dels usuaris que s\u2019han format amb \u00c0gora de Nutrici\u00f3 i Salut recomanarien la realitzaci\u00f3 dels seus cursosM\u00e1s del 90% de los usuarios que se han formado en \u00c1gora de Nutrici\u00f3n y Salud recomendar\u00edan la realizaci\u00f3n de sus cursos\",\"datePublished\":\"2021-01-25T17:21:00+00:00\",\"dateModified\":\"2021-01-25T17:21:00+00:00\",\"mainEntityOfPage\":{\"@id\":\"https:\/\/novaorg.cofb.net\/2021\/01\/25\/mes-del-90-dels-usuaris-que-shan-format-amb-agora-de-nutricio-i-salut-recomanarien-la-realitzacio-dels-seus-cursosmas-del-90-de-los-usuarios-que-se-han-formado-en-agora-de-nutricion-y-salud-r\/\"},\"wordCount\":2223,\"publisher\":{\"@id\":\"https:\/\/www.cofb.org\/#organization\"},\"articleSection\":[\"Notes de premsa\"],\"inLanguage\":\"ca\"},{\"@type\":\"WebPage\",\"@id\":\"https:\/\/novaorg.cofb.net\/2021\/01\/25\/mes-del-90-dels-usuaris-que-shan-format-amb-agora-de-nutricio-i-salut-recomanarien-la-realitzacio-dels-seus-cursosmas-del-90-de-los-usuarios-que-se-han-formado-en-agora-de-nutricion-y-salud-r\/\",\"url\":\"https:\/\/novaorg.cofb.net\/2021\/01\/25\/mes-del-90-dels-usuaris-que-shan-format-amb-agora-de-nutricio-i-salut-recomanarien-la-realitzacio-dels-seus-cursosmas-del-90-de-los-usuarios-que-se-han-formado-en-agora-de-nutricion-y-salud-r\/\",\"name\":\"M\u00e9s del 90% dels usuaris que s\u2019han format amb \u00c0gora de Nutrici\u00f3 i Salut recomanarien la realitzaci\u00f3 dels seus cursosM\u00e1s del 90% de los usuarios que se han formado en \u00c1gora de Nutrici\u00f3n y Salud recomendar\u00edan la realizaci\u00f3n de sus cursos - Col\u00b7legi de Farmac\u00e8utics de Barcelona\",\"isPartOf\":{\"@id\":\"https:\/\/www.cofb.org\/#website\"},\"datePublished\":\"2021-01-25T17:21:00+00:00\",\"dateModified\":\"2021-01-25T17:21:00+00:00\",\"breadcrumb\":{\"@id\":\"https:\/\/novaorg.cofb.net\/2021\/01\/25\/mes-del-90-dels-usuaris-que-shan-format-amb-agora-de-nutricio-i-salut-recomanarien-la-realitzacio-dels-seus-cursosmas-del-90-de-los-usuarios-que-se-han-formado-en-agora-de-nutricion-y-salud-r\/#breadcrumb\"},\"inLanguage\":\"ca\",\"potentialAction\":[{\"@type\":\"ReadAction\",\"target\":[\"https:\/\/novaorg.cofb.net\/2021\/01\/25\/mes-del-90-dels-usuaris-que-shan-format-amb-agora-de-nutricio-i-salut-recomanarien-la-realitzacio-dels-seus-cursosmas-del-90-de-los-usuarios-que-se-han-formado-en-agora-de-nutricion-y-salud-r\/\"]}]},{\"@type\":\"BreadcrumbList\",\"@id\":\"https:\/\/novaorg.cofb.net\/2021\/01\/25\/mes-del-90-dels-usuaris-que-shan-format-amb-agora-de-nutricio-i-salut-recomanarien-la-realitzacio-dels-seus-cursosmas-del-90-de-los-usuarios-que-se-han-formado-en-agora-de-nutricion-y-salud-r\/#breadcrumb\",\"itemListElement\":[{\"@type\":\"ListItem\",\"position\":1,\"name\":\"Inici\",\"item\":\"https:\/\/novaorg.cofb.net\/\"},{\"@type\":\"ListItem\",\"position\":2,\"name\":\"M\u00e9s del 90% dels usuaris que s\u2019han format amb \u00c0gora de Nutrici\u00f3 i Salut recomanarien la realitzaci\u00f3 dels seus cursosM\u00e1s del 90% de los usuarios que se han formado en \u00c1gora de Nutrici\u00f3n y Salud recomendar\u00edan la realizaci\u00f3n de sus cursos\"}]},{\"@type\":\"WebSite\",\"@id\":\"https:\/\/www.cofb.org\/#website\",\"url\":\"https:\/\/www.cofb.org\/\",\"name\":\"Col\u00b7legi de Farmac\u00e8utics de Barcelona\",\"description\":\"\",\"publisher\":{\"@id\":\"https:\/\/www.cofb.org\/#organization\"},\"potentialAction\":[{\"@type\":\"SearchAction\",\"target\":{\"@type\":\"EntryPoint\",\"urlTemplate\":\"https:\/\/www.cofb.org\/?s={search_term_string}\"},\"query-input\":\"required name=search_term_string\"}],\"inLanguage\":\"ca\"},{\"@type\":\"Organization\",\"@id\":\"https:\/\/www.cofb.org\/#organization\",\"name\":\"Col\u00b7legi de Farmac\u00e8utics de Barcelona\",\"url\":\"https:\/\/www.cofb.org\/\",\"logo\":{\"@type\":\"ImageObject\",\"inLanguage\":\"ca\",\"@id\":\"https:\/\/www.cofb.org\/#\/schema\/logo\/image\/\",\"url\":\"https:\/\/www.cofb.org\/wp-content\/uploads\/2023\/11\/cropped-Logotip-COFB.png\",\"contentUrl\":\"https:\/\/www.cofb.org\/wp-content\/uploads\/2023\/11\/cropped-Logotip-COFB.png\",\"width\":500,\"height\":105,\"caption\":\"Col\u00b7legi de Farmac\u00e8utics de Barcelona\"},\"image\":{\"@id\":\"https:\/\/www.cofb.org\/#\/schema\/logo\/image\/\"},\"sameAs\":[\"https:\/\/www.facebook.com\/farmaceuticsbcn\/\",\"https:\/\/twitter.com\/farmaceuticsbcn\",\"https:\/\/www.instagram.com\/farmaceuticsbcn\/\",\"https:\/\/www.linkedin.com\/company\/farmaceuticsbcn\/\"]},{\"@type\":\"Person\",\"@id\":\"https:\/\/www.cofb.org\/#\/schema\/person\/22ed7eea88da74b0fa4d3154ad87ffcb\",\"name\":\"wpAdminCofbOrg\",\"image\":{\"@type\":\"ImageObject\",\"inLanguage\":\"ca\",\"@id\":\"https:\/\/www.cofb.org\/#\/schema\/person\/image\/\",\"url\":\"https:\/\/secure.gravatar.com\/avatar\/1721b20b3b8ca882c3b56ec6c978c594fff670e40c0718e9190eaeeb76aae7d8?s=96&d=mm&r=g\",\"contentUrl\":\"https:\/\/secure.gravatar.com\/avatar\/1721b20b3b8ca882c3b56ec6c978c594fff670e40c0718e9190eaeeb76aae7d8?s=96&d=mm&r=g\",\"caption\":\"wpAdminCofbOrg\"},\"sameAs\":[\"http:\/\/192.168.64.122\/wordpress\"],\"url\":\"https:\/\/www.cofb.org\/ca\/author\/wpadmincofborg\/\"}]}<\/script>\n<!-- \/ Yoast SEO plugin. -->","yoast_head_json":{"title":"M\u00e9s del 90% dels usuaris que s\u2019han format amb \u00c0gora de Nutrici\u00f3 i Salut recomanarien la realitzaci\u00f3 dels seus cursosM\u00e1s del 90% de los usuarios que se han formado en \u00c1gora de Nutrici\u00f3n y Salud recomendar\u00edan la realizaci\u00f3n de sus cursos - Col\u00b7legi de Farmac\u00e8utics de Barcelona","robots":{"index":"index","follow":"follow","max-snippet":"max-snippet:-1","max-image-preview":"max-image-preview:large","max-video-preview":"max-video-preview:-1"},"canonical":"https:\/\/novaorg.cofb.net\/2021\/01\/25\/mes-del-90-dels-usuaris-que-shan-format-amb-agora-de-nutricio-i-salut-recomanarien-la-realitzacio-dels-seus-cursosmas-del-90-de-los-usuarios-que-se-han-formado-en-agora-de-nutricion-y-salud-r\/","og_locale":"ca_ES","og_type":"article","og_title":"M\u00e9s del 90% dels usuaris que s\u2019han format amb \u00c0gora de Nutrici\u00f3 i Salut recomanarien la realitzaci\u00f3 dels seus cursosM\u00e1s del 90% de los usuarios que se han formado en \u00c1gora de Nutrici\u00f3n y Salud recomendar\u00edan la realizaci\u00f3n de sus cursos - Col\u00b7legi de Farmac\u00e8utics de Barcelona","og_description":"\u00a0 Aquesta \u00e0rea formativa, impulsada pels Col\u00b7legis de Farmac\u00e8utics de Barcelona i Madrid\u2013 a trav\u00e9s d&#8217;\u00c0gora Sanit\u00e0ria- i Nestl\u00e9 Health Science, ha comptat amb una mitjana de m\u00e9s de 400 inscrits en cadascuna de les formacions En el marc de la COVID-19, ha proporcionat als farmac\u00e8utics recursos lligats a requeriments [&hellip;]","og_url":"https:\/\/novaorg.cofb.net\/2021\/01\/25\/mes-del-90-dels-usuaris-que-shan-format-amb-agora-de-nutricio-i-salut-recomanarien-la-realitzacio-dels-seus-cursosmas-del-90-de-los-usuarios-que-se-han-formado-en-agora-de-nutricion-y-salud-r\/","og_site_name":"Col\u00b7legi de Farmac\u00e8utics de Barcelona","article_publisher":"https:\/\/www.facebook.com\/farmaceuticsbcn\/","article_published_time":"2021-01-25T17:21:00+00:00","author":"wpAdminCofbOrg","twitter_card":"summary_large_image","twitter_creator":"@farmaceuticsbcn","twitter_site":"@farmaceuticsbcn","twitter_misc":{"Escrit per":"wpAdminCofbOrg","Temps estimat de lectura":"11 minuts"},"schema":{"@context":"https:\/\/schema.org","@graph":[{"@type":"Article","@id":"https:\/\/novaorg.cofb.net\/2021\/01\/25\/mes-del-90-dels-usuaris-que-shan-format-amb-agora-de-nutricio-i-salut-recomanarien-la-realitzacio-dels-seus-cursosmas-del-90-de-los-usuarios-que-se-han-formado-en-agora-de-nutricion-y-salud-r\/#article","isPartOf":{"@id":"https:\/\/novaorg.cofb.net\/2021\/01\/25\/mes-del-90-dels-usuaris-que-shan-format-amb-agora-de-nutricio-i-salut-recomanarien-la-realitzacio-dels-seus-cursosmas-del-90-de-los-usuarios-que-se-han-formado-en-agora-de-nutricion-y-salud-r\/"},"author":{"name":"wpAdminCofbOrg","@id":"https:\/\/www.cofb.org\/#\/schema\/person\/22ed7eea88da74b0fa4d3154ad87ffcb"},"headline":"M\u00e9s del 90% dels usuaris que s\u2019han format amb \u00c0gora de Nutrici\u00f3 i Salut recomanarien la realitzaci\u00f3 dels seus cursosM\u00e1s del 90% de los usuarios que se han formado en \u00c1gora de Nutrici\u00f3n y Salud recomendar\u00edan la realizaci\u00f3n de sus cursos","datePublished":"2021-01-25T17:21:00+00:00","dateModified":"2021-01-25T17:21:00+00:00","mainEntityOfPage":{"@id":"https:\/\/novaorg.cofb.net\/2021\/01\/25\/mes-del-90-dels-usuaris-que-shan-format-amb-agora-de-nutricio-i-salut-recomanarien-la-realitzacio-dels-seus-cursosmas-del-90-de-los-usuarios-que-se-han-formado-en-agora-de-nutricion-y-salud-r\/"},"wordCount":2223,"publisher":{"@id":"https:\/\/www.cofb.org\/#organization"},"articleSection":["Notes de premsa"],"inLanguage":"ca"},{"@type":"WebPage","@id":"https:\/\/novaorg.cofb.net\/2021\/01\/25\/mes-del-90-dels-usuaris-que-shan-format-amb-agora-de-nutricio-i-salut-recomanarien-la-realitzacio-dels-seus-cursosmas-del-90-de-los-usuarios-que-se-han-formado-en-agora-de-nutricion-y-salud-r\/","url":"https:\/\/novaorg.cofb.net\/2021\/01\/25\/mes-del-90-dels-usuaris-que-shan-format-amb-agora-de-nutricio-i-salut-recomanarien-la-realitzacio-dels-seus-cursosmas-del-90-de-los-usuarios-que-se-han-formado-en-agora-de-nutricion-y-salud-r\/","name":"M\u00e9s del 90% dels usuaris que s\u2019han format amb \u00c0gora de Nutrici\u00f3 i Salut recomanarien la realitzaci\u00f3 dels seus cursosM\u00e1s del 90% de los usuarios que se han formado en \u00c1gora de Nutrici\u00f3n y Salud recomendar\u00edan la realizaci\u00f3n de sus cursos - Col\u00b7legi de Farmac\u00e8utics de Barcelona","isPartOf":{"@id":"https:\/\/www.cofb.org\/#website"},"datePublished":"2021-01-25T17:21:00+00:00","dateModified":"2021-01-25T17:21:00+00:00","breadcrumb":{"@id":"https:\/\/novaorg.cofb.net\/2021\/01\/25\/mes-del-90-dels-usuaris-que-shan-format-amb-agora-de-nutricio-i-salut-recomanarien-la-realitzacio-dels-seus-cursosmas-del-90-de-los-usuarios-que-se-han-formado-en-agora-de-nutricion-y-salud-r\/#breadcrumb"},"inLanguage":"ca","potentialAction":[{"@type":"ReadAction","target":["https:\/\/novaorg.cofb.net\/2021\/01\/25\/mes-del-90-dels-usuaris-que-shan-format-amb-agora-de-nutricio-i-salut-recomanarien-la-realitzacio-dels-seus-cursosmas-del-90-de-los-usuarios-que-se-han-formado-en-agora-de-nutricion-y-salud-r\/"]}]},{"@type":"BreadcrumbList","@id":"https:\/\/novaorg.cofb.net\/2021\/01\/25\/mes-del-90-dels-usuaris-que-shan-format-amb-agora-de-nutricio-i-salut-recomanarien-la-realitzacio-dels-seus-cursosmas-del-90-de-los-usuarios-que-se-han-formado-en-agora-de-nutricion-y-salud-r\/#breadcrumb","itemListElement":[{"@type":"ListItem","position":1,"name":"Inici","item":"https:\/\/novaorg.cofb.net\/"},{"@type":"ListItem","position":2,"name":"M\u00e9s del 90% dels usuaris que s\u2019han format amb \u00c0gora de Nutrici\u00f3 i Salut recomanarien la realitzaci\u00f3 dels seus cursosM\u00e1s del 90% de los usuarios que se han formado en \u00c1gora de Nutrici\u00f3n y Salud recomendar\u00edan la realizaci\u00f3n de sus cursos"}]},{"@type":"WebSite","@id":"https:\/\/www.cofb.org\/#website","url":"https:\/\/www.cofb.org\/","name":"Col\u00b7legi de Farmac\u00e8utics de Barcelona","description":"","publisher":{"@id":"https:\/\/www.cofb.org\/#organization"},"potentialAction":[{"@type":"SearchAction","target":{"@type":"EntryPoint","urlTemplate":"https:\/\/www.cofb.org\/?s={search_term_string}"},"query-input":"required name=search_term_string"}],"inLanguage":"ca"},{"@type":"Organization","@id":"https:\/\/www.cofb.org\/#organization","name":"Col\u00b7legi de Farmac\u00e8utics de Barcelona","url":"https:\/\/www.cofb.org\/","logo":{"@type":"ImageObject","inLanguage":"ca","@id":"https:\/\/www.cofb.org\/#\/schema\/logo\/image\/","url":"https:\/\/www.cofb.org\/wp-content\/uploads\/2023\/11\/cropped-Logotip-COFB.png","contentUrl":"https:\/\/www.cofb.org\/wp-content\/uploads\/2023\/11\/cropped-Logotip-COFB.png","width":500,"height":105,"caption":"Col\u00b7legi de Farmac\u00e8utics de Barcelona"},"image":{"@id":"https:\/\/www.cofb.org\/#\/schema\/logo\/image\/"},"sameAs":["https:\/\/www.facebook.com\/farmaceuticsbcn\/","https:\/\/twitter.com\/farmaceuticsbcn","https:\/\/www.instagram.com\/farmaceuticsbcn\/","https:\/\/www.linkedin.com\/company\/farmaceuticsbcn\/"]},{"@type":"Person","@id":"https:\/\/www.cofb.org\/#\/schema\/person\/22ed7eea88da74b0fa4d3154ad87ffcb","name":"wpAdminCofbOrg","image":{"@type":"ImageObject","inLanguage":"ca","@id":"https:\/\/www.cofb.org\/#\/schema\/person\/image\/","url":"https:\/\/secure.gravatar.com\/avatar\/1721b20b3b8ca882c3b56ec6c978c594fff670e40c0718e9190eaeeb76aae7d8?s=96&d=mm&r=g","contentUrl":"https:\/\/secure.gravatar.com\/avatar\/1721b20b3b8ca882c3b56ec6c978c594fff670e40c0718e9190eaeeb76aae7d8?s=96&d=mm&r=g","caption":"wpAdminCofbOrg"},"sameAs":["http:\/\/192.168.64.122\/wordpress"],"url":"https:\/\/www.cofb.org\/ca\/author\/wpadmincofborg\/"}]}},"uagb_featured_image_src":{"full":false,"thumbnail":false,"medium":false,"medium_large":false,"large":false,"1536x1536":false,"2048x2048":false,"trp-custom-language-flag":false},"uagb_author_info":{"display_name":"wpAdminCofbOrg","author_link":"https:\/\/www.cofb.org\/ca\/author\/wpadmincofborg\/"},"uagb_comment_info":0,"uagb_excerpt":"\u00a0 Aquesta \u00e0rea formativa, impulsada pels Col\u00b7legis de Farmac\u00e8utics de Barcelona i Madrid\u2013 a trav\u00e9s d&#8217;\u00c0gora Sanit\u00e0ria- i Nestl\u00e9 Health Science, ha comptat amb una mitjana de m\u00e9s de 400 inscrits en cadascuna de les formacions En el marc de la COVID-19, ha proporcionat als farmac\u00e8utics recursos lligats a requeriments [&hellip;]","_links":{"self":[{"href":"https:\/\/www.cofb.org\/ca\/wp-json\/wp\/v2\/posts\/77083","targetHints":{"allow":["GET"]}}],"collection":[{"href":"https:\/\/www.cofb.org\/ca\/wp-json\/wp\/v2\/posts"}],"about":[{"href":"https:\/\/www.cofb.org\/ca\/wp-json\/wp\/v2\/types\/post"}],"author":[{"embeddable":true,"href":"https:\/\/www.cofb.org\/ca\/wp-json\/wp\/v2\/users\/1"}],"replies":[{"embeddable":true,"href":"https:\/\/www.cofb.org\/ca\/wp-json\/wp\/v2\/comments?post=77083"}],"version-history":[{"count":0,"href":"https:\/\/www.cofb.org\/ca\/wp-json\/wp\/v2\/posts\/77083\/revisions"}],"wp:attachment":[{"href":"https:\/\/www.cofb.org\/ca\/wp-json\/wp\/v2\/media?parent=77083"}],"wp:term":[{"taxonomy":"category","embeddable":true,"href":"https:\/\/www.cofb.org\/ca\/wp-json\/wp\/v2\/categories?post=77083"},{"taxonomy":"post_tag","embeddable":true,"href":"https:\/\/www.cofb.org\/ca\/wp-json\/wp\/v2\/tags?post=77083"}],"curies":[{"name":"wp","href":"https:\/\/api.w.org\/{rel}","templated":true}]}}