{"id":77065,"date":"2021-06-02T17:10:00","date_gmt":"2021-06-02T17:10:00","guid":{"rendered":"https:\/\/novaorg.cofb.net\/2021\/06\/02\/el-cof-de-barcelona-clausura-la-xvi-edicio-del-master-de-gestio-de-loficina-de-farmacia-i-anuncia-que-la-proxima-edicio-sera-en-modalitat-hibrida\/"},"modified":"2021-06-02T17:10:00","modified_gmt":"2021-06-02T17:10:00","slug":"el-cof-de-barcelona-clausura-la-xvi-edicio-del-master-de-gestio-de-loficina-de-farmacia-i-anuncia-que-la-proxima-edicio-sera-en-modalitat-hibrida","status":"publish","type":"post","link":"https:\/\/www.cofb.org\/ca\/2021\/06\/02\/el-cof-de-barcelona-clausura-la-xvi-edicio-del-master-de-gestio-de-loficina-de-farmacia-i-anuncia-que-la-proxima-edicio-sera-en-modalitat-hibrida\/","title":{"rendered":"El COF de Barcelona clausura la XVI edici\u00f3 del M\u00e0ster de Gesti\u00f3 de l&#8217;Oficina de Farm\u00e0cia i anuncia que la pr\u00f2xima edici\u00f3 ser\u00e0 en modalitat h\u00edbrida"},"content":{"rendered":"<p>\u00a0<\/p>\n<ul>\n<li>Els <strong>alumnes<\/strong> que l&#8217;han cursat fan una <strong>valoraci\u00f3 global positiva<\/strong>, destacant, entre altres aspectes, la import\u00e0ncia d&#8217;adquirir <strong>estrat\u00e8gies i eines<\/strong> per a poder implementar-les a l&#8217;equip de la farm\u00e0cia i <strong>adaptar-se al m\u00f3n actual<\/strong><\/li>\n<\/ul>\n<p>\u00a0<\/p>\n<ul>\n<li>La pr\u00f2xima edici\u00f3, corresponent al <strong>curs 2021-2022<\/strong>, s&#8217;impartir\u00e0 en <strong>format h\u00edbrid -presencial i en l\u00ednia-<\/strong>, per facilitar que es puguin inscriure farmac\u00e8utics de tot Espanya, garantint la mateixa <strong>formaci\u00f3 te\u00f2rica, participativa i din\u00e0mica<\/strong><\/li>\n<\/ul>\n<p>\u00a0<\/p>\n<ul>\n<li>El M\u00e0ster persegueix <strong>desenvolupar les compet\u00e8ncies necess\u00e0ries per \u00a0millorar la gesti\u00f3 de la farm\u00e0cia comunit\u00e0ria<\/strong> a trav\u00e9s de <strong>3 m\u00f2duls<\/strong>: Finances i fiscalitat, Gesti\u00f3 de persones i M\u00e0rqueting<\/li>\n<\/ul>\n<p>\u00a0<\/p>\n<p><em>Barcelona, 2 de juny de 2021<\/em>. \u201cEl nostre model d&#8217;oficina de farm\u00e0cia fa que haguem de trobar l&#8217;<strong>equilibri <\/strong>entre el <strong>vessant assistencial<\/strong> i el <strong>vessant empresarial o de gesti\u00f3<\/strong>. Per a aix\u00f2 \u00e9s important continuar formant-se en \u00e0rees com les novetats terap\u00e8utiques, assistencials i professionals, per\u00f2 tamb\u00e9 anar desenvolupant la part de m\u00e0rqueting o recursos humans\u201d. Durant la <strong>clausura de la XVI edici\u00f3 del M\u00e0ster en Gesti\u00f3 de l&#8217;Oficina de Farm\u00e0cia (MGOF), Jordi Casas<\/strong>, president del COFB, es va dirigir amb aquestes paraules als alumnes que han finalitzat el programa enguany.<\/p>\n<p>L&#8217;acte de clausura tamb\u00e9 van comptar amb la pres\u00e8ncia d\u2019<strong>Aina Surroca<\/strong>, secret\u00e0ria del COFB i responsable de la Comissi\u00f3 Delegada de Formaci\u00f3 Continuada; <strong>Juan Carlos Serra<\/strong>, director del MGOF; i <strong>Cristina Rodr\u00edguez<\/strong> i <strong>M\u00f3nica Gallach<\/strong>, coordinadores del M\u00e0ster i membres del Departament de Formaci\u00f3 i Desenvolupament Professional del COFB.<\/p>\n<p><strong><u>Qu\u00e8 opinen els alumnes d&#8217;aquesta edici\u00f3 del M\u00e0ster?<\/u><\/strong><\/p>\n<p>La farmac\u00e8utica <strong>Maria Gol<\/strong> explica que gr\u00e0cies al M\u00e0ster \u201che pogut adquirir molts coneixements, sobretot de finances\u201d. Considera que \u00e9s important \u201ctenir estrat\u00e8gies i eines per poder implementar i treballar amb l&#8217;equip de la farm\u00e0cia, i que permetin, al seu torn, <strong>adaptar-se al m\u00f3n actual<\/strong>\u201d.<\/p>\n<p><strong>Pedro Vidal<\/strong>, farmac\u00e8utic amb una farm\u00e0cia a Palma, \u00e9s un altre dels alumnes que ha cursat el MGOF enguany. Ja s\u00f3n diversos els alumnes de fora de Catalunya que han cursat el M\u00e0ster al llarg de les diverses edicions celebrades.<\/p>\n<p>Vidal afirma que \u201cla valoraci\u00f3 global del M\u00e0ster \u00e9s <strong>molt positiva<\/strong>, ja que v\u00e9nen professionals de tota mena, sobretot titulars d&#8217;oficina de farm\u00e0cia, que expliquen la seva manera de veure la farm\u00e0cia, la seva gesti\u00f3 i <strong>pots aprendre molt d&#8217;ells. \u00c9s com envoltar-te dels millors titulars a l&#8217;aula<\/strong>\u201d. I afegeix que aquest m\u00e0ster \u00e9s idoni per a tots aquells farmac\u00e8utics que tenen clar que volen treballar en l&#8217;\u00e0mbit de la farm\u00e0cia comunit\u00e0ria: <strong>\u201cFins i tot sense ser titular d&#8217;oficina de farm\u00e0cia, li permetr\u00e0 tenir molts m\u00e9s coneixements sobre finances, m\u00e0rqueting i recursos humans, que al final fan que siguis un professional molt m\u00e9s ben valorat pel sector i que en sentis millor fent la teva feina\u201d.<\/strong><\/p>\n<p><strong><u>Modalitat h\u00edbrida per al curs 2021-2022<\/u><\/strong><\/p>\n<p>Durant el curs <strong>2021-2022<\/strong>, en la que ser\u00e0 la XVII edici\u00f3 del M\u00e0ster, s&#8217;innovar\u00e0 en el <strong>format del MGOF<\/strong>. Per primera vegada, s&#8217;impartir\u00e0 amb <strong>metodologia h\u00edbrida -presencial i en l\u00ednia-,<\/strong> adaptant-se a les necessitats i prefer\u00e8ncies dels alumnes.<\/p>\n<p>Arran de la inauguraci\u00f3 d&#8217;una aula h\u00edbrida a la seu col\u00b7legial el mes de febrer passat, amb molt bona acollida, s&#8217;ha cregut convenient estendre aquesta modalitat al M\u00e0ster de Gesti\u00f3 de l&#8217;Oficina de Farm\u00e0cia. D&#8217;aquesta manera, en el MGOF <strong>es podran inscriure alumnes d&#8217;altres zones d&#8217;Espanya<\/strong>, ja que podran seguir virtualment la major part de les classes, si aix\u00ed ho desitgen. El motiu de mantenir la presencialitat en casos puntuals \u00e9s doble: d&#8217;una banda, hi ha continguts que es considera que \u00e9s m\u00e9s \u00f2ptim impartir-los presencialment i, de l\u2019altra, permetr\u00e0 fomentar el networking entre els alumnes. En tot cas, el repte \u00e9s que tant el format presencial com el <strong>virtual<\/strong> garanteixin la mateixa <strong>formaci\u00f3 te\u00f2rica, participativa i din\u00e0mica<\/strong>.<\/p>\n<p>Aquesta nova modalitat, els detalls de la qual es poden sol\u00b7licitar al <strong>Departament de Formaci\u00f3 del COFB<\/strong>, arriba despr\u00e9s que el M\u00e0ster de Gesti\u00f3 d&#8217;Oficina de Farm\u00e0cia del Col\u00b7legi de Farmac\u00e8utics de Barcelona s&#8217;hagi anat consolidant com un referent entre els professionals del sector per la seva elevada especialitzaci\u00f3.<\/p>\n<p><strong>Els tres m\u00f2duls del M\u00e0ster de Gesti\u00f3 de l&#8217;Oficina de Farm\u00e0cia<\/strong><br \/>\nEl <strong>MGOF<\/strong> -dirigit a titulars d&#8217;oficina de farm\u00e0cia o graduats en Farm\u00e0cia que ho seran a curt termini- consta de tres m\u00f2duls (Finances i Fiscalitat, Gesti\u00f3 de Persones i M\u00e0rqueting), a trav\u00e9s dels quals els alumnes poden adquirir totes les claus per una bona <strong>gesti\u00f3 de l&#8217;oficina de farm\u00e0cia<\/strong>, aix\u00ed com <strong>eines i recursos per innovar<\/strong>, en un moment de transici\u00f3 i canvis com el que estem vivint. Sens dubte, el M\u00e0ster proporciona una <strong>nova manera d&#8217;afrontar les decisions empresarials<\/strong>.<\/p>\n<p>\nDurant el programa, s&#8217;utilitzen <strong>exemples<\/strong>, <strong>exercicis<\/strong>, <strong>casos d&#8217;\u00e8xit<\/strong>, <strong>confer\u00e8ncies i altres recursos pr\u00e0ctics<\/strong> perqu\u00e8 l&#8217;aplicaci\u00f3 de coneixements adquirits sigui immediata. A m\u00e9s, al m\u00f2dul 3 els alumnes desenvolupen un <strong>pla de m\u00e0rqueting<\/strong> tutoritzat pel director del M\u00e0ster, que poden\u00a0contextualitzar i aplicar a la seva pr\u00f2pia farm\u00e0cia.<\/p>\n<p>\u00a0Els alumnes que l&#8217;han cursat fan una valoraci\u00f3 global positiva, destacant, entre altres aspectes, la import\u00e0ncia d&#8217;adquirir estrat\u00e8gies i eines per a poder implementar-les a l&#8217;equip de la farm\u00e0cia i adaptar-se al m\u00f3n actual<\/p>\n<p>\u00a0<\/p>\n<p>\tLa pr\u00f2xima edici\u00f3, corresponent al curs 2021-2022, s&#8217;impartir\u00e0 en format h\u00edbrid -presencial i en l\u00ednia-, per facilitar que es puguin inscriure farmac\u00e8utics de tot Espanya, garantint la mateixa formaci\u00f3 te\u00f2rica, participativa i din\u00e0mica<\/p>\n<p>\u00a0<\/p>\n<p>\tEl M\u00e0ster persegueix desenvolupar les compet\u00e8ncies necess\u00e0ries per \u00a0millorar la gesti\u00f3 de la farm\u00e0cia comunit\u00e0ria a trav\u00e9s de 3 m\u00f2duls: Finances i fiscalitat, Gesti\u00f3 de persones i M\u00e0rqueting<\/p>\n<p>\u00a0<\/p>\n<p>Barcelona, 2 de juny de 2021. \u201cEl nostre model d&#8217;oficina de farm\u00e0cia fa que haguem de trobar l&#8217;equilibri entre el vessant assistencial i el vessant empresarial o de gesti\u00f3. Per a aix\u00f2 \u00e9s important continuar formant-se en \u00e0rees com les novetats terap\u00e8utiques, assistencials i professionals, per\u00f2 tamb\u00e9 anar desenvolupant la part de m\u00e0rqueting o recursos humans\u201d. Durant la clausura de la XVI edici\u00f3 del M\u00e0ster en Gesti\u00f3 de l&#8217;Oficina de Farm\u00e0cia (MGOF), Jordi Casas, president del COFB, es va dirigir amb aquestes paraules als alumnes que han finalitzat el programa enguany.<\/p>\n<p>L&#8217;acte de clausura tamb\u00e9 van comptar amb la pres\u00e8ncia d\u2019Aina Surroca, secret\u00e0ria del COFB i responsable de la Comissi\u00f3 Delegada de Formaci\u00f3 Continuada; Juan Carlos Serra, director del MGOF; i Cristina Rodr\u00edguez i M\u00f3nica Gallach, coordinadores del M\u00e0ster i membres del Departament de Formaci\u00f3 i Desenvolupament Professional del COFB.<\/p>\n<p>Qu\u00e8 opinen els alumnes d&#8217;aquesta edici\u00f3 del M\u00e0ster?<\/p>\n<p>La farmac\u00e8utica Maria Gol explica que gr\u00e0cies al M\u00e0ster \u201che pogut adquirir molts coneixements, sobretot de finances\u201d. Considera que \u00e9s important \u201ctenir estrat\u00e8gies i eines per poder implementar i treballar amb l&#8217;equip de la farm\u00e0cia, i que permetin, al seu torn, adaptar-se al m\u00f3n actual\u201d.<\/p>\n<p>Pedro Vidal, farmac\u00e8utic amb una farm\u00e0cia a Palma, \u00e9s un altre dels alumnes que ha cursat el MGOF enguany. Ja s\u00f3n diversos els alumnes de fora de Catalunya que han cursat el M\u00e0ster al llarg de les diverses edicions celebrades.<\/p>\n<p>Vidal afirma que \u201cla valoraci\u00f3 global del M\u00e0ster \u00e9s molt positiva, ja que v\u00e9nen professionals de tota mena, sobretot titulars d&#8217;oficina de farm\u00e0cia, que expliquen la seva manera de veure la farm\u00e0cia, la seva gesti\u00f3 i pots aprendre molt d&#8217;ells. \u00c9s com envoltar-te dels millors titulars a l&#8217;aula\u201d. I afegeix que aquest m\u00e0ster \u00e9s idoni per a tots aquells farmac\u00e8utics que tenen clar que volen treballar en l&#8217;\u00e0mbit de la farm\u00e0cia comunit\u00e0ria: \u201cFins i tot sense ser titular d&#8217;oficina de farm\u00e0cia, li permetr\u00e0 tenir molts m\u00e9s coneixements sobre finances, m\u00e0rqueting i recursos humans, que al final fan que siguis un professional molt m\u00e9s ben valorat pel sector i que en sentis millor fent la teva feina\u201d.<\/p>\n<p>Modalitat h\u00edbrida per al curs 2021-2022<\/p>\n<p>Durant el curs 2021-2022, en la que ser\u00e0 la XVII edici\u00f3 del M\u00e0ster, s&#8217;innovar\u00e0 en el format del MGOF. Per primera vegada, s&#8217;impartir\u00e0 amb metodologia h\u00edbrida -presencial i en l\u00ednia-, adaptant-se a les necessitats i prefer\u00e8ncies dels alumnes.<\/p>\n<p>Arran de la inauguraci\u00f3 d&#8217;una aula h\u00edbrida a la seu col\u00b7legial el mes de febrer passat, amb molt bona acollida, s&#8217;ha cregut convenient estendre aquesta modalitat al M\u00e0ster de Gesti\u00f3 de l&#8217;Oficina de Farm\u00e0cia. D&#8217;aquesta manera, en el MGOF es podran inscriure alumnes d&#8217;altres zones d&#8217;Espanya, ja que podran seguir virtualment la major part de les classes, si aix\u00ed ho desitgen. El motiu de mantenir la presencialitat en casos puntuals \u00e9s doble: d&#8217;una banda, hi ha continguts que es considera que \u00e9s m\u00e9s \u00f2ptim impartir-los presencialment i, de l\u2019altra, permetr\u00e0 fomentar el networking entre els alumnes. En tot cas, el repte \u00e9s que tant el format presencial com el virtual garanteixin la mateixa formaci\u00f3 te\u00f2rica, participativa i din\u00e0mica.<\/p>\n<p>Aquesta nova modalitat, els detalls de la qual es poden sol\u00b7licitar al Departament de Formaci\u00f3 del COFB, arriba despr\u00e9s que el M\u00e0ster de Gesti\u00f3 d&#8217;Oficina de Farm\u00e0cia del Col\u00b7legi de Farmac\u00e8utics de Barcelona s&#8217;hagi anat consolidant com un referent entre els professionals del sector per la seva elevada especialitzaci\u00f3.<\/p>\n<p>Els tres m\u00f2duls del M\u00e0ster de Gesti\u00f3 de l&#8217;Oficina de Farm\u00e0cia<br \/>\nEl MGOF -dirigit a titulars d&#8217;oficina de farm\u00e0cia o graduats en Farm\u00e0cia que ho seran a curt termini- consta de tres m\u00f2duls (Finances i Fiscalitat, Gesti\u00f3 de Persones i M\u00e0rqueting), a trav\u00e9s dels quals els alumnes poden adquirir totes les claus per una bona gesti\u00f3 de l&#8217;oficina de farm\u00e0cia, aix\u00ed com eines i recursos per innovar, en un moment de transici\u00f3 i canvis com el que estem vivint. Sens dubte, el M\u00e0ster proporciona una nova manera d&#8217;afrontar les decisions empresarials.<\/p>\n<p>Durant el programa, s&#8217;utilitzen exemples, exercicis, casos d&#8217;\u00e8xit, confer\u00e8ncies i altres recursos pr\u00e0ctics perqu\u00e8 l&#8217;aplicaci\u00f3 de coneixements adquirits sigui immediata. A m\u00e9s, al m\u00f2dul 3 els alumnes desenvolupen un pla de m\u00e0rqueting tutoritzat pel director del M\u00e0ster, que poden\u00a0contextualitzar i aplicar a la seva pr\u00f2pia farm\u00e0cia.\u00a0\u00a0COFB.ORG<\/p>\n","protected":false},"excerpt":{"rendered":"<p>\u00a0 Els alumnes que l&#8217;han cursat fan una valoraci\u00f3 global positiva, destacant, entre altres aspectes, la import\u00e0ncia d&#8217;adquirir estrat\u00e8gies i eines per a poder implementar-les a l&#8217;equip de la farm\u00e0cia i adaptar-se al m\u00f3n actual \u00a0 La pr\u00f2xima edici\u00f3, corresponent al curs 2021-2022, s&#8217;impartir\u00e0 en format h\u00edbrid -presencial i en [&hellip;]<\/p>\n","protected":false},"author":1,"featured_media":0,"comment_status":"","ping_status":"","sticky":false,"template":"","format":"standard","meta":{"_uag_custom_page_level_css":"","site-sidebar-layout":"default","site-content-layout":"","ast-site-content-layout":"default","site-content-style":"default","site-sidebar-style":"default","ast-global-header-display":"","ast-banner-title-visibility":"","ast-main-header-display":"","ast-hfb-above-header-display":"","ast-hfb-below-header-display":"","ast-hfb-mobile-header-display":"","site-post-title":"","ast-breadcrumbs-content":"","ast-featured-img":"disabled","footer-sml-layout":"","theme-transparent-header-meta":"","adv-header-id-meta":"","stick-header-meta":"","header-above-stick-meta":"","header-main-stick-meta":"","header-below-stick-meta":"","astra-migrate-meta-layouts":"default","ast-page-background-enabled":"default","ast-page-background-meta":{"desktop":{"background-color":"var(--ast-global-color-4)","background-image":"","background-repeat":"repeat","background-position":"center center","background-size":"auto","background-attachment":"scroll","background-type":"","background-media":"","overlay-type":"","overlay-color":"","overlay-opacity":"","overlay-gradient":""},"tablet":{"background-color":"","background-image":"","background-repeat":"repeat","background-position":"center center","background-size":"auto","background-attachment":"scroll","background-type":"","background-media":"","overlay-type":"","overlay-color":"","overlay-opacity":"","overlay-gradient":""},"mobile":{"background-color":"","background-image":"","background-repeat":"repeat","background-position":"center center","background-size":"auto","background-attachment":"scroll","background-type":"","background-media":"","overlay-type":"","overlay-color":"","overlay-opacity":"","overlay-gradient":""}},"ast-content-background-meta":{"desktop":{"background-color":"var(--ast-global-color-5)","background-image":"","background-repeat":"repeat","background-position":"center center","background-size":"auto","background-attachment":"scroll","background-type":"","background-media":"","overlay-type":"","overlay-color":"","overlay-opacity":"","overlay-gradient":""},"tablet":{"background-color":"var(--ast-global-color-5)","background-image":"","background-repeat":"repeat","background-position":"center center","background-size":"auto","background-attachment":"scroll","background-type":"","background-media":"","overlay-type":"","overlay-color":"","overlay-opacity":"","overlay-gradient":""},"mobile":{"background-color":"var(--ast-global-color-5)","background-image":"","background-repeat":"repeat","background-position":"center center","background-size":"auto","background-attachment":"scroll","background-type":"","background-media":"","overlay-type":"","overlay-color":"","overlay-opacity":"","overlay-gradient":""}},"footnotes":""},"categories":[1060,1066],"tags":[],"class_list":["post-77065","post","type-post","status-publish","format-standard","hentry","category-notes-premsa","category-sense-categoria-ca"],"yoast_head":"<!-- This site is optimized with the Yoast SEO plugin v22.4 - https:\/\/yoast.com\/wordpress\/plugins\/seo\/ -->\n<title>El COF de Barcelona clausura la XVI edici\u00f3 del M\u00e0ster de Gesti\u00f3 de l&#039;Oficina de Farm\u00e0cia i anuncia que la pr\u00f2xima edici\u00f3 ser\u00e0 en modalitat h\u00edbrida - Col\u00b7legi de Farmac\u00e8utics de Barcelona<\/title>\n<meta name=\"robots\" content=\"index, follow, max-snippet:-1, max-image-preview:large, max-video-preview:-1\" \/>\n<link rel=\"canonical\" href=\"https:\/\/novaorg.cofb.net\/2021\/06\/02\/el-cof-de-barcelona-clausura-la-xvi-edicio-del-master-de-gestio-de-loficina-de-farmacia-i-anuncia-que-la-proxima-edicio-sera-en-modalitat-hibrida\/\" \/>\n<meta property=\"og:locale\" content=\"ca_ES\" \/>\n<meta property=\"og:type\" content=\"article\" \/>\n<meta property=\"og:title\" content=\"El COF de Barcelona clausura la XVI edici\u00f3 del M\u00e0ster de Gesti\u00f3 de l&#039;Oficina de Farm\u00e0cia i anuncia que la pr\u00f2xima edici\u00f3 ser\u00e0 en modalitat h\u00edbrida - Col\u00b7legi de Farmac\u00e8utics de Barcelona\" \/>\n<meta property=\"og:description\" content=\"\u00a0 Els alumnes que l&#8217;han cursat fan una valoraci\u00f3 global positiva, destacant, entre altres aspectes, la import\u00e0ncia d&#8217;adquirir estrat\u00e8gies i eines per a poder implementar-les a l&#8217;equip de la farm\u00e0cia i adaptar-se al m\u00f3n actual \u00a0 La pr\u00f2xima edici\u00f3, corresponent al curs 2021-2022, s&#8217;impartir\u00e0 en format h\u00edbrid -presencial i en [&hellip;]\" \/>\n<meta property=\"og:url\" content=\"https:\/\/novaorg.cofb.net\/2021\/06\/02\/el-cof-de-barcelona-clausura-la-xvi-edicio-del-master-de-gestio-de-loficina-de-farmacia-i-anuncia-que-la-proxima-edicio-sera-en-modalitat-hibrida\/\" \/>\n<meta property=\"og:site_name\" content=\"Col\u00b7legi de Farmac\u00e8utics de Barcelona\" \/>\n<meta property=\"article:publisher\" content=\"https:\/\/www.facebook.com\/farmaceuticsbcn\/\" \/>\n<meta property=\"article:published_time\" content=\"2021-06-02T17:10:00+00:00\" \/>\n<meta name=\"author\" content=\"wpAdminCofbOrg\" \/>\n<meta name=\"twitter:card\" content=\"summary_large_image\" \/>\n<meta name=\"twitter:creator\" content=\"@farmaceuticsbcn\" \/>\n<meta name=\"twitter:site\" content=\"@farmaceuticsbcn\" \/>\n<meta name=\"twitter:label1\" content=\"Escrit per\" \/>\n\t<meta name=\"twitter:data1\" content=\"wpAdminCofbOrg\" \/>\n\t<meta name=\"twitter:label2\" content=\"Temps estimat de lectura\" \/>\n\t<meta name=\"twitter:data2\" content=\"9 minuts\" \/>\n<script type=\"application\/ld+json\" class=\"yoast-schema-graph\">{\"@context\":\"https:\/\/schema.org\",\"@graph\":[{\"@type\":\"Article\",\"@id\":\"https:\/\/novaorg.cofb.net\/2021\/06\/02\/el-cof-de-barcelona-clausura-la-xvi-edicio-del-master-de-gestio-de-loficina-de-farmacia-i-anuncia-que-la-proxima-edicio-sera-en-modalitat-hibrida\/#article\",\"isPartOf\":{\"@id\":\"https:\/\/novaorg.cofb.net\/2021\/06\/02\/el-cof-de-barcelona-clausura-la-xvi-edicio-del-master-de-gestio-de-loficina-de-farmacia-i-anuncia-que-la-proxima-edicio-sera-en-modalitat-hibrida\/\"},\"author\":{\"name\":\"wpAdminCofbOrg\",\"@id\":\"https:\/\/www.cofb.org\/#\/schema\/person\/22ed7eea88da74b0fa4d3154ad87ffcb\"},\"headline\":\"El COF de Barcelona clausura la XVI edici\u00f3 del M\u00e0ster de Gesti\u00f3 de l&#8217;Oficina de Farm\u00e0cia i anuncia que la pr\u00f2xima edici\u00f3 ser\u00e0 en modalitat h\u00edbrida\",\"datePublished\":\"2021-06-02T17:10:00+00:00\",\"dateModified\":\"2021-06-02T17:10:00+00:00\",\"mainEntityOfPage\":{\"@id\":\"https:\/\/novaorg.cofb.net\/2021\/06\/02\/el-cof-de-barcelona-clausura-la-xvi-edicio-del-master-de-gestio-de-loficina-de-farmacia-i-anuncia-que-la-proxima-edicio-sera-en-modalitat-hibrida\/\"},\"wordCount\":1855,\"publisher\":{\"@id\":\"https:\/\/www.cofb.org\/#organization\"},\"articleSection\":[\"Notes de premsa\"],\"inLanguage\":\"ca\"},{\"@type\":\"WebPage\",\"@id\":\"https:\/\/novaorg.cofb.net\/2021\/06\/02\/el-cof-de-barcelona-clausura-la-xvi-edicio-del-master-de-gestio-de-loficina-de-farmacia-i-anuncia-que-la-proxima-edicio-sera-en-modalitat-hibrida\/\",\"url\":\"https:\/\/novaorg.cofb.net\/2021\/06\/02\/el-cof-de-barcelona-clausura-la-xvi-edicio-del-master-de-gestio-de-loficina-de-farmacia-i-anuncia-que-la-proxima-edicio-sera-en-modalitat-hibrida\/\",\"name\":\"El COF de Barcelona clausura la XVI edici\u00f3 del M\u00e0ster de Gesti\u00f3 de l'Oficina de Farm\u00e0cia i anuncia que la pr\u00f2xima edici\u00f3 ser\u00e0 en modalitat h\u00edbrida - Col\u00b7legi de Farmac\u00e8utics de Barcelona\",\"isPartOf\":{\"@id\":\"https:\/\/www.cofb.org\/#website\"},\"datePublished\":\"2021-06-02T17:10:00+00:00\",\"dateModified\":\"2021-06-02T17:10:00+00:00\",\"breadcrumb\":{\"@id\":\"https:\/\/novaorg.cofb.net\/2021\/06\/02\/el-cof-de-barcelona-clausura-la-xvi-edicio-del-master-de-gestio-de-loficina-de-farmacia-i-anuncia-que-la-proxima-edicio-sera-en-modalitat-hibrida\/#breadcrumb\"},\"inLanguage\":\"ca\",\"potentialAction\":[{\"@type\":\"ReadAction\",\"target\":[\"https:\/\/novaorg.cofb.net\/2021\/06\/02\/el-cof-de-barcelona-clausura-la-xvi-edicio-del-master-de-gestio-de-loficina-de-farmacia-i-anuncia-que-la-proxima-edicio-sera-en-modalitat-hibrida\/\"]}]},{\"@type\":\"BreadcrumbList\",\"@id\":\"https:\/\/novaorg.cofb.net\/2021\/06\/02\/el-cof-de-barcelona-clausura-la-xvi-edicio-del-master-de-gestio-de-loficina-de-farmacia-i-anuncia-que-la-proxima-edicio-sera-en-modalitat-hibrida\/#breadcrumb\",\"itemListElement\":[{\"@type\":\"ListItem\",\"position\":1,\"name\":\"Inici\",\"item\":\"https:\/\/novaorg.cofb.net\/\"},{\"@type\":\"ListItem\",\"position\":2,\"name\":\"El COF de Barcelona clausura la XVI edici\u00f3 del M\u00e0ster de Gesti\u00f3 de l&#8217;Oficina de Farm\u00e0cia i anuncia que la pr\u00f2xima edici\u00f3 ser\u00e0 en modalitat h\u00edbrida\"}]},{\"@type\":\"WebSite\",\"@id\":\"https:\/\/www.cofb.org\/#website\",\"url\":\"https:\/\/www.cofb.org\/\",\"name\":\"Col\u00b7legi de Farmac\u00e8utics de Barcelona\",\"description\":\"\",\"publisher\":{\"@id\":\"https:\/\/www.cofb.org\/#organization\"},\"potentialAction\":[{\"@type\":\"SearchAction\",\"target\":{\"@type\":\"EntryPoint\",\"urlTemplate\":\"https:\/\/www.cofb.org\/?s={search_term_string}\"},\"query-input\":\"required name=search_term_string\"}],\"inLanguage\":\"ca\"},{\"@type\":\"Organization\",\"@id\":\"https:\/\/www.cofb.org\/#organization\",\"name\":\"Col\u00b7legi de Farmac\u00e8utics de Barcelona\",\"url\":\"https:\/\/www.cofb.org\/\",\"logo\":{\"@type\":\"ImageObject\",\"inLanguage\":\"ca\",\"@id\":\"https:\/\/www.cofb.org\/#\/schema\/logo\/image\/\",\"url\":\"https:\/\/www.cofb.org\/wp-content\/uploads\/2023\/11\/cropped-Logotip-COFB.png\",\"contentUrl\":\"https:\/\/www.cofb.org\/wp-content\/uploads\/2023\/11\/cropped-Logotip-COFB.png\",\"width\":500,\"height\":105,\"caption\":\"Col\u00b7legi de Farmac\u00e8utics de Barcelona\"},\"image\":{\"@id\":\"https:\/\/www.cofb.org\/#\/schema\/logo\/image\/\"},\"sameAs\":[\"https:\/\/www.facebook.com\/farmaceuticsbcn\/\",\"https:\/\/twitter.com\/farmaceuticsbcn\",\"https:\/\/www.instagram.com\/farmaceuticsbcn\/\",\"https:\/\/www.linkedin.com\/company\/farmaceuticsbcn\/\"]},{\"@type\":\"Person\",\"@id\":\"https:\/\/www.cofb.org\/#\/schema\/person\/22ed7eea88da74b0fa4d3154ad87ffcb\",\"name\":\"wpAdminCofbOrg\",\"image\":{\"@type\":\"ImageObject\",\"inLanguage\":\"ca\",\"@id\":\"https:\/\/www.cofb.org\/#\/schema\/person\/image\/\",\"url\":\"https:\/\/secure.gravatar.com\/avatar\/1721b20b3b8ca882c3b56ec6c978c594fff670e40c0718e9190eaeeb76aae7d8?s=96&d=mm&r=g\",\"contentUrl\":\"https:\/\/secure.gravatar.com\/avatar\/1721b20b3b8ca882c3b56ec6c978c594fff670e40c0718e9190eaeeb76aae7d8?s=96&d=mm&r=g\",\"caption\":\"wpAdminCofbOrg\"},\"sameAs\":[\"http:\/\/192.168.64.122\/wordpress\"],\"url\":\"https:\/\/www.cofb.org\/ca\/author\/wpadmincofborg\/\"}]}<\/script>\n<!-- \/ Yoast SEO plugin. -->","yoast_head_json":{"title":"El COF de Barcelona clausura la XVI edici\u00f3 del M\u00e0ster de Gesti\u00f3 de l'Oficina de Farm\u00e0cia i anuncia que la pr\u00f2xima edici\u00f3 ser\u00e0 en modalitat h\u00edbrida - Col\u00b7legi de Farmac\u00e8utics de Barcelona","robots":{"index":"index","follow":"follow","max-snippet":"max-snippet:-1","max-image-preview":"max-image-preview:large","max-video-preview":"max-video-preview:-1"},"canonical":"https:\/\/novaorg.cofb.net\/2021\/06\/02\/el-cof-de-barcelona-clausura-la-xvi-edicio-del-master-de-gestio-de-loficina-de-farmacia-i-anuncia-que-la-proxima-edicio-sera-en-modalitat-hibrida\/","og_locale":"ca_ES","og_type":"article","og_title":"El COF de Barcelona clausura la XVI edici\u00f3 del M\u00e0ster de Gesti\u00f3 de l'Oficina de Farm\u00e0cia i anuncia que la pr\u00f2xima edici\u00f3 ser\u00e0 en modalitat h\u00edbrida - Col\u00b7legi de Farmac\u00e8utics de Barcelona","og_description":"\u00a0 Els alumnes que l&#8217;han cursat fan una valoraci\u00f3 global positiva, destacant, entre altres aspectes, la import\u00e0ncia d&#8217;adquirir estrat\u00e8gies i eines per a poder implementar-les a l&#8217;equip de la farm\u00e0cia i adaptar-se al m\u00f3n actual \u00a0 La pr\u00f2xima edici\u00f3, corresponent al curs 2021-2022, s&#8217;impartir\u00e0 en format h\u00edbrid -presencial i en [&hellip;]","og_url":"https:\/\/novaorg.cofb.net\/2021\/06\/02\/el-cof-de-barcelona-clausura-la-xvi-edicio-del-master-de-gestio-de-loficina-de-farmacia-i-anuncia-que-la-proxima-edicio-sera-en-modalitat-hibrida\/","og_site_name":"Col\u00b7legi de Farmac\u00e8utics de Barcelona","article_publisher":"https:\/\/www.facebook.com\/farmaceuticsbcn\/","article_published_time":"2021-06-02T17:10:00+00:00","author":"wpAdminCofbOrg","twitter_card":"summary_large_image","twitter_creator":"@farmaceuticsbcn","twitter_site":"@farmaceuticsbcn","twitter_misc":{"Escrit per":"wpAdminCofbOrg","Temps estimat de lectura":"9 minuts"},"schema":{"@context":"https:\/\/schema.org","@graph":[{"@type":"Article","@id":"https:\/\/novaorg.cofb.net\/2021\/06\/02\/el-cof-de-barcelona-clausura-la-xvi-edicio-del-master-de-gestio-de-loficina-de-farmacia-i-anuncia-que-la-proxima-edicio-sera-en-modalitat-hibrida\/#article","isPartOf":{"@id":"https:\/\/novaorg.cofb.net\/2021\/06\/02\/el-cof-de-barcelona-clausura-la-xvi-edicio-del-master-de-gestio-de-loficina-de-farmacia-i-anuncia-que-la-proxima-edicio-sera-en-modalitat-hibrida\/"},"author":{"name":"wpAdminCofbOrg","@id":"https:\/\/www.cofb.org\/#\/schema\/person\/22ed7eea88da74b0fa4d3154ad87ffcb"},"headline":"El COF de Barcelona clausura la XVI edici\u00f3 del M\u00e0ster de Gesti\u00f3 de l&#8217;Oficina de Farm\u00e0cia i anuncia que la pr\u00f2xima edici\u00f3 ser\u00e0 en modalitat h\u00edbrida","datePublished":"2021-06-02T17:10:00+00:00","dateModified":"2021-06-02T17:10:00+00:00","mainEntityOfPage":{"@id":"https:\/\/novaorg.cofb.net\/2021\/06\/02\/el-cof-de-barcelona-clausura-la-xvi-edicio-del-master-de-gestio-de-loficina-de-farmacia-i-anuncia-que-la-proxima-edicio-sera-en-modalitat-hibrida\/"},"wordCount":1855,"publisher":{"@id":"https:\/\/www.cofb.org\/#organization"},"articleSection":["Notes de premsa"],"inLanguage":"ca"},{"@type":"WebPage","@id":"https:\/\/novaorg.cofb.net\/2021\/06\/02\/el-cof-de-barcelona-clausura-la-xvi-edicio-del-master-de-gestio-de-loficina-de-farmacia-i-anuncia-que-la-proxima-edicio-sera-en-modalitat-hibrida\/","url":"https:\/\/novaorg.cofb.net\/2021\/06\/02\/el-cof-de-barcelona-clausura-la-xvi-edicio-del-master-de-gestio-de-loficina-de-farmacia-i-anuncia-que-la-proxima-edicio-sera-en-modalitat-hibrida\/","name":"El COF de Barcelona clausura la XVI edici\u00f3 del M\u00e0ster de Gesti\u00f3 de l'Oficina de Farm\u00e0cia i anuncia que la pr\u00f2xima edici\u00f3 ser\u00e0 en modalitat h\u00edbrida - Col\u00b7legi de Farmac\u00e8utics de Barcelona","isPartOf":{"@id":"https:\/\/www.cofb.org\/#website"},"datePublished":"2021-06-02T17:10:00+00:00","dateModified":"2021-06-02T17:10:00+00:00","breadcrumb":{"@id":"https:\/\/novaorg.cofb.net\/2021\/06\/02\/el-cof-de-barcelona-clausura-la-xvi-edicio-del-master-de-gestio-de-loficina-de-farmacia-i-anuncia-que-la-proxima-edicio-sera-en-modalitat-hibrida\/#breadcrumb"},"inLanguage":"ca","potentialAction":[{"@type":"ReadAction","target":["https:\/\/novaorg.cofb.net\/2021\/06\/02\/el-cof-de-barcelona-clausura-la-xvi-edicio-del-master-de-gestio-de-loficina-de-farmacia-i-anuncia-que-la-proxima-edicio-sera-en-modalitat-hibrida\/"]}]},{"@type":"BreadcrumbList","@id":"https:\/\/novaorg.cofb.net\/2021\/06\/02\/el-cof-de-barcelona-clausura-la-xvi-edicio-del-master-de-gestio-de-loficina-de-farmacia-i-anuncia-que-la-proxima-edicio-sera-en-modalitat-hibrida\/#breadcrumb","itemListElement":[{"@type":"ListItem","position":1,"name":"Inici","item":"https:\/\/novaorg.cofb.net\/"},{"@type":"ListItem","position":2,"name":"El COF de Barcelona clausura la XVI edici\u00f3 del M\u00e0ster de Gesti\u00f3 de l&#8217;Oficina de Farm\u00e0cia i anuncia que la pr\u00f2xima edici\u00f3 ser\u00e0 en modalitat h\u00edbrida"}]},{"@type":"WebSite","@id":"https:\/\/www.cofb.org\/#website","url":"https:\/\/www.cofb.org\/","name":"Col\u00b7legi de Farmac\u00e8utics de Barcelona","description":"","publisher":{"@id":"https:\/\/www.cofb.org\/#organization"},"potentialAction":[{"@type":"SearchAction","target":{"@type":"EntryPoint","urlTemplate":"https:\/\/www.cofb.org\/?s={search_term_string}"},"query-input":"required name=search_term_string"}],"inLanguage":"ca"},{"@type":"Organization","@id":"https:\/\/www.cofb.org\/#organization","name":"Col\u00b7legi de Farmac\u00e8utics de Barcelona","url":"https:\/\/www.cofb.org\/","logo":{"@type":"ImageObject","inLanguage":"ca","@id":"https:\/\/www.cofb.org\/#\/schema\/logo\/image\/","url":"https:\/\/www.cofb.org\/wp-content\/uploads\/2023\/11\/cropped-Logotip-COFB.png","contentUrl":"https:\/\/www.cofb.org\/wp-content\/uploads\/2023\/11\/cropped-Logotip-COFB.png","width":500,"height":105,"caption":"Col\u00b7legi de Farmac\u00e8utics de Barcelona"},"image":{"@id":"https:\/\/www.cofb.org\/#\/schema\/logo\/image\/"},"sameAs":["https:\/\/www.facebook.com\/farmaceuticsbcn\/","https:\/\/twitter.com\/farmaceuticsbcn","https:\/\/www.instagram.com\/farmaceuticsbcn\/","https:\/\/www.linkedin.com\/company\/farmaceuticsbcn\/"]},{"@type":"Person","@id":"https:\/\/www.cofb.org\/#\/schema\/person\/22ed7eea88da74b0fa4d3154ad87ffcb","name":"wpAdminCofbOrg","image":{"@type":"ImageObject","inLanguage":"ca","@id":"https:\/\/www.cofb.org\/#\/schema\/person\/image\/","url":"https:\/\/secure.gravatar.com\/avatar\/1721b20b3b8ca882c3b56ec6c978c594fff670e40c0718e9190eaeeb76aae7d8?s=96&d=mm&r=g","contentUrl":"https:\/\/secure.gravatar.com\/avatar\/1721b20b3b8ca882c3b56ec6c978c594fff670e40c0718e9190eaeeb76aae7d8?s=96&d=mm&r=g","caption":"wpAdminCofbOrg"},"sameAs":["http:\/\/192.168.64.122\/wordpress"],"url":"https:\/\/www.cofb.org\/ca\/author\/wpadmincofborg\/"}]}},"uagb_featured_image_src":{"full":false,"thumbnail":false,"medium":false,"medium_large":false,"large":false,"1536x1536":false,"2048x2048":false,"trp-custom-language-flag":false},"uagb_author_info":{"display_name":"wpAdminCofbOrg","author_link":"https:\/\/www.cofb.org\/ca\/author\/wpadmincofborg\/"},"uagb_comment_info":0,"uagb_excerpt":"\u00a0 Els alumnes que l&#8217;han cursat fan una valoraci\u00f3 global positiva, destacant, entre altres aspectes, la import\u00e0ncia d&#8217;adquirir estrat\u00e8gies i eines per a poder implementar-les a l&#8217;equip de la farm\u00e0cia i adaptar-se al m\u00f3n actual \u00a0 La pr\u00f2xima edici\u00f3, corresponent al curs 2021-2022, s&#8217;impartir\u00e0 en format h\u00edbrid -presencial i en [&hellip;]","_links":{"self":[{"href":"https:\/\/www.cofb.org\/ca\/wp-json\/wp\/v2\/posts\/77065","targetHints":{"allow":["GET"]}}],"collection":[{"href":"https:\/\/www.cofb.org\/ca\/wp-json\/wp\/v2\/posts"}],"about":[{"href":"https:\/\/www.cofb.org\/ca\/wp-json\/wp\/v2\/types\/post"}],"author":[{"embeddable":true,"href":"https:\/\/www.cofb.org\/ca\/wp-json\/wp\/v2\/users\/1"}],"replies":[{"embeddable":true,"href":"https:\/\/www.cofb.org\/ca\/wp-json\/wp\/v2\/comments?post=77065"}],"version-history":[{"count":0,"href":"https:\/\/www.cofb.org\/ca\/wp-json\/wp\/v2\/posts\/77065\/revisions"}],"wp:attachment":[{"href":"https:\/\/www.cofb.org\/ca\/wp-json\/wp\/v2\/media?parent=77065"}],"wp:term":[{"taxonomy":"category","embeddable":true,"href":"https:\/\/www.cofb.org\/ca\/wp-json\/wp\/v2\/categories?post=77065"},{"taxonomy":"post_tag","embeddable":true,"href":"https:\/\/www.cofb.org\/ca\/wp-json\/wp\/v2\/tags?post=77065"}],"curies":[{"name":"wp","href":"https:\/\/api.w.org\/{rel}","templated":true}]}}