{"id":77064,"date":"2021-06-09T16:57:00","date_gmt":"2021-06-09T16:57:00","guid":{"rendered":"https:\/\/novaorg.cofb.net\/2021\/06\/09\/es-presenta-farmaserveis-la-plataforma-de-registre-assistencial-i-laplicacio-mobil-que-impulsaran-la-transformacio-digital-de-les-farmacies-catalanes-i-la-seva-relacio-amb-el-pacient\/"},"modified":"2024-08-20T09:23:41","modified_gmt":"2024-08-20T09:23:41","slug":"es-presenta-farmaserveis-la-plataforma-de-registre-assistencial-i-laplicacio-mobil-que-impulsaran-la-transformacio-digital-de-les-farmacies-catalanes-i-la-seva-relacio-amb-el-pacient","status":"publish","type":"post","link":"https:\/\/www.cofb.org\/ca\/2021\/06\/09\/es-presenta-farmaserveis-la-plataforma-de-registre-assistencial-i-laplicacio-mobil-que-impulsaran-la-transformacio-digital-de-les-farmacies-catalanes-i-la-seva-relacio-amb-el-pacient\/","title":{"rendered":"Es presenta Farmaserveis, la plataforma de registre assistencial i l\u2019aplicaci\u00f3 m\u00f2bil que impulsaran la transformaci\u00f3 digital de les farm\u00e0cies catalanes i la seva relaci\u00f3 amb el pacient"},"content":{"rendered":"\n<ul class=\"wp-block-list\">\n<li>Aix\u00ed ho han anunciat els <strong>presidents dels quatre col\u00b7legis de farmac\u00e8utics catalans<\/strong>, en el marc d\u2019una <strong>sessi\u00f3 informativa virtual<\/strong> organitzada avui pel Consell de Col\u00b7legis Farmac\u00e8utics de Catalunya, amb <strong>m\u00e9s de 1.000 inscrits<\/strong><\/li>\n\n\n\n<li>Els serveis que actualment ofereix la plataforma Farmaserveis s\u00f3n el de <strong>control de la pressi\u00f3 arterial<\/strong> i el <strong>Programa de Cessaci\u00f3 Tab\u00e0quica<\/strong> i, pr\u00f2ximament, s\u2019incorporar\u00e0 el servei sobre <strong>consell alimentari. <\/strong>Tots ells faciliten el <strong>registre d\u2019indicadors de salut del pacient<\/strong> i fer-ne el <strong>seguiment de manera protocol\u00b7litzada, estandarditzada i en l\u00ednia<\/strong><\/li>\n\n\n\n<li>Tamb\u00e9 s\u2019ha presentat l\u2019aplicaci\u00f3 <strong>FarmaservisApp,<\/strong> pensada perqu\u00e8 els <strong>pacients puguin consultar les seves dades de salut <\/strong>\u2013pr\u00e8viament registrades pel farmac\u00e8utic a la plataforma Farmaserveis\u2013, a m\u00e9s de rebre les comunicacions del seu farmac\u00e8utic, extreure informes pel metge i cercar la farm\u00e0cia m\u00e9s pr\u00f2xima, entre altres funcionalitats<\/li>\n<\/ul>\n\n\n\n<figure class=\"wp-block-image size-large\"><a href=\"https:\/\/www.cofb.org\/wp-content\/uploads\/2023\/10\/Farmaserveis-1.jpg\" target=\"_blank\" rel=\"noreferrer noopener\"><img fetchpriority=\"high\" decoding=\"async\" width=\"1024\" height=\"700\" src=\"https:\/\/www.cofb.org\/wp-content\/uploads\/2023\/10\/Farmaserveis-1-1024x700.jpg\" alt=\"\" class=\"wp-image-69114\" srcset=\"https:\/\/www.cofb.org\/wp-content\/uploads\/2023\/10\/Farmaserveis-1-1024x700.jpg 1024w, https:\/\/www.cofb.org\/wp-content\/uploads\/2023\/10\/Farmaserveis-1-300x205.jpg 300w, https:\/\/www.cofb.org\/wp-content\/uploads\/2023\/10\/Farmaserveis-1-768x525.jpg 768w, https:\/\/www.cofb.org\/wp-content\/uploads\/2023\/10\/Farmaserveis-1-1536x1049.jpg 1536w, https:\/\/www.cofb.org\/wp-content\/uploads\/2023\/10\/Farmaserveis-1-18x12.jpg 18w, https:\/\/www.cofb.org\/wp-content\/uploads\/2023\/10\/Farmaserveis-1.jpg 1752w\" sizes=\"(max-width: 1024px) 100vw, 1024px\" \/><\/a><\/figure>\n\n\n\n<p><em>Barcelona, 9 de juny de 2021. <\/em><strong>Farmaserveis<\/strong>, la <strong>plataforma de registre assistencial de la xarxa de farm\u00e0cies<\/strong>, <strong>es posa en marxa a tot Catalunya<\/strong> amb l\u2019objectiu de transformar la relaci\u00f3 actual amb el pacient i connectar amb la seva salut digitalment. Aix\u00ed ho han anunciat els <strong>presidents dels quatre Col\u00b7legis de Farmac\u00e8utics catalans<\/strong>, en el marc d\u2019una <strong>sessi\u00f3 informativa virtual<\/strong> organitzada avui pel Consell de Col\u00b7legis Farmac\u00e8utics de Catalunya, amb <strong>m\u00e9s de 1.000 inscrits.<\/strong><\/p>\n\n\n\n<p>El projecte de <strong>Farmaserveis<\/strong> va comen\u00e7ar a la <strong>prov\u00edncia de Barcelona<\/strong> i, actualment, la plataforma ja compta amb <strong>m\u00e9s de 10.000 registres<\/strong> de la <strong>pressi\u00f3 arterial dels pacients<\/strong>, i <strong>m\u00e9s de 1.000 farmac\u00e8utics implicats<\/strong> nom\u00e9s a Barcelona. Amb <strong>l\u2019extensi\u00f3 a tot Catalunya<\/strong>, es far\u00e0 un pas endavant per <strong>donar resposta a la necessitat de transformaci\u00f3 digital de les farm\u00e0cies davant els canvis de tend\u00e8ncies de la societat.<\/strong><\/p>\n\n\n\n<p>Durant la sessi\u00f3, tamb\u00e9 s\u2019ha presentat <strong>FarmaserveisApp<\/strong>. Amb aquesta aplicaci\u00f3 m\u00f2bil, que est\u00e0 previst que estigui operativa properament, els pacients podran <strong>consultar les seves dades de salut<\/strong> -pr\u00e8viament registrades pel farmac\u00e8utic a la plataforma Farmaserveis\u2013, i tamb\u00e9 <strong>rebre les comunicacions del seu farmac\u00e8utic, extreure informes per al metge i cercar la farm\u00e0cia m\u00e9s pr\u00f2xima,<\/strong> entre altres funcionalitats.<\/p>\n\n\n\n<h2 class=\"wp-block-heading\"><strong>Qu\u00e8 aporta Farmaserveis al farmac\u00e8utic i al pacient?<\/strong><\/h2>\n\n\n\n<p>Farmaserveis, a m\u00e9s de permetre el <strong>registre d\u2019indicadors de salut del pacient<\/strong> i fer-ne el <strong>seguiment de manera protocol\u00b7litzada, estandarditzada i en l\u00ednia<\/strong>, posa a disposici\u00f3 del farmac\u00e8utic <strong>recursos audiovisuals<\/strong> (videotutorials, infografies, documents i consells) que faciliten la seva <strong>tasca di\u00e0ria d\u2019educaci\u00f3 sanit\u00e0ria<\/strong>. Concretament, aquests recursos apropen al pacient cadascun dels <strong>serveis assistencials<\/strong> i s\u2019aconsegueix establir-hi una <strong>relaci\u00f3 m\u00e9s pr\u00f2xima<\/strong>, que traspassa el taulell gr\u00e0cies a l\u2019\u00fas de dispositius m\u00f2bils.<\/p>\n\n\n\n<p>M\u00e9s enll\u00e0 d\u2019aix\u00f2, la plataforma tamb\u00e9 ofereix la possibilitat <strong>d\u2019emetre informes autom\u00e0tics de derivaci\u00f3 pel metge o pel mateix pacient en diferents formats<\/strong> (impr\u00e8s i digital), i comptar amb una <strong>agenda de cites dels diferents serveis de farm\u00e0cia assistencial.<\/strong><\/p>\n\n\n\n<p>Els serveis que actualment s\u2019ofereixen i que requereixen una formaci\u00f3 espec\u00edfica s\u00f3n el de <strong>control de la pressi\u00f3 arterial<\/strong> i el <strong>Programa de Cessaci\u00f3 Tab\u00e0quica<\/strong> i, pr\u00f2ximament, s\u2019incorporar\u00e0 el servei sobre <strong>consell alimentari<\/strong>. Aix\u00ed mateix, inclou els models de <strong>consentiments informats<\/strong> de l\u2019usuari en relaci\u00f3 amb les seves dades de salut, dades que estan custodiades en un <strong>repositori segur <\/strong>desenvolupat pel Consell de Col\u00b7legis Farmac\u00e8utics de Catalunya.<\/p>\n\n\n\n<p>En tot cas, es tracta d\u2019un <strong>projecte din\u00e0mic<\/strong>, que anir\u00e0 incorporant nous serveis i funcionalitats comuns a tot el territori, i tamb\u00e9 d\u2019altres espec\u00edfics per a activitats i campanyes en un territori concret.<\/p>\n\n\n\n<h2 class=\"wp-block-heading\"><strong>La import\u00e0ncia de les guies d\u2019intervenci\u00f3 farmac\u00e8utica i del registre en benefici dels pacients<\/strong><\/h2>\n\n\n\n<h3 class=\"wp-block-heading\"><strong>Pressi\u00f3 arterial<\/strong><\/h3>\n\n\n\n<p>Actualment, el <strong>m\u00f2dul de pressi\u00f3 arterial<\/strong> de Farmaserveis permet, d\u2019una manera \u00e0gil i senzilla, fer el <strong>seguiment del pols<\/strong> i dels valors de <strong>pressi\u00f3 arterial sist\u00f2lica<\/strong> i <strong>diast\u00f2lica<\/strong> en aquelles persones que presentin <strong>hipertensi\u00f3 arterial,<\/strong> o en aquelles<strong> persones sanes <\/strong>que necessiten <strong>monitoratge <\/strong>d\u2019aquests par\u00e0metres.<\/p>\n\n\n\n<p>L\u2019<strong>actuaci\u00f3 farmac\u00e8utica <\/strong>est\u00e0 <strong>descrita<\/strong> i <strong>protocol\u00b7litzada<\/strong> a la <strong>\u201cGuia d\u2019Abordatge de la Hipertensi\u00f3 Arterial des de la farm\u00e0cia comunit\u00e0ria\u201d<\/strong>, que compta amb la revisi\u00f3 del Pla Director de l\u2019Aparell Circulatori del Departament de Salut, de la Ger\u00e8ncia del medicament del Servei Catal\u00e0 de la Salut i de la Secci\u00f3 catalana de la Societat Espanyola de Farm\u00e0cia Familiar i Comunit\u00e0ria. A m\u00e9s, s\u2019hi defineixen <strong>criteris de derivaci\u00f3<\/strong> cap als centres d\u2019atenci\u00f3 prim\u00e0ria i a urg\u00e8ncies, segons la gravetat de la situaci\u00f3 cl\u00ednica del pacient. Tot plegat, permet afavorir la <strong>gesti\u00f3 compartida dels pacients<\/strong> per a la <strong>millora del seu estat de salut<\/strong>.&nbsp;<\/p>\n\n\n\n<h3 class=\"wp-block-heading\"><strong>Programa de Cessaci\u00f3 Tab\u00e0quica<\/strong><\/h3>\n\n\n\n<p>D\u2019altra banda, el m\u00f2dul de Farmaserveis sobre el <strong>Programa de Cessaci\u00f3 Tab\u00e0quica<\/strong> tamb\u00e9 va acompanyat de la \u201c<strong>Guia d\u2019intervenci\u00f3 farmac\u00e8utica per a l\u2019abordatge de la persona fumadora des de la farm\u00e0cia comunit\u00e0ria\u201d<\/strong>, que t\u00e9 per objectiu constituir un <strong>instrument actualitzat i \u00fatil<\/strong> que facilita <strong>actuacions homog\u00e8nies<\/strong> a tots els professionals farmac\u00e8utics que vulguin prestar el Servei de Cessaci\u00f3 Tab\u00e0quica des de la farm\u00e0cia comunit\u00e0ria, per tal de millorar la taxa d\u2019abandonament del tabaquisme de la poblaci\u00f3 general.<\/p>\n\n\n\n<p>Aquesta guia \u2013que compta amb la revisi\u00f3 i suport de l\u2019<strong>Ag\u00e8ncia de Salut P\u00fablica de Catalunya<\/strong>, el <strong>Programa d\u2019Atenci\u00f3 Prim\u00e0ria Sense Fum<\/strong>, la <strong>Societat Catalana d\u2019Atenci\u00f3 i Tractament de Consum del Tabac<\/strong> i la <strong>Societat Espanyola de Farm\u00e0cia Familiar i Comunit\u00e0ria de Catalunya<\/strong>&#8211; incorpora <strong>nous conceptes<\/strong> sorgits darrerament, com el <strong>fum de tercera<\/strong> i <strong>quarta m\u00e0<\/strong>, les interaccions del bupropi\u00f3 i la vareniclina o les noves formes de consum de tabac, entre altres.<\/p>\n\n\n\n<h3 class=\"wp-block-heading\"><strong>Farmaserveis, un projecte estrat\u00e8gic del Consell de Col\u00b7legis Farmac\u00e8utics de Catalunya<\/strong><\/h3>\n\n\n\n<p>La <strong>iniciativa<\/strong> de <strong>Farmaserveis<\/strong> forma part d\u2019una <strong>aposta estrat\u00e8gica del Consell de Col\u00b7legis Farmac\u00e8utics de Catalunya per la digitalitzaci\u00f3 de la farm\u00e0cia catalana, <\/strong>que permet aportar valor al pacient, al farmac\u00e8utic, a la xarxa de farm\u00e0cies i al sistema de salut.<\/p>\n\n\n\n<p>Tot plegat, demostra el <strong>potencial<\/strong> de la xarxa de farm\u00e0cies en un <strong>entorn digital<\/strong> i apropa els professionals farmac\u00e8utics de tot Catalunya als pacients, <strong>integrant el registre de l\u2019activitat farmac\u00e8utica i els serveis de salut<\/strong>.<\/p>\n","protected":false},"excerpt":{"rendered":"<p>Barcelona, 9 de juny de 2021. Farmaserveis, la plataforma de registre assistencial de la xarxa de farm\u00e0cies, es posa en marxa a tot Catalunya amb l\u2019objectiu de transformar la relaci\u00f3 actual amb el pacient i connectar amb la seva salut digitalment. Aix\u00ed ho han anunciat els presidents dels quatre Col\u00b7legis [&hellip;]<\/p>\n","protected":false},"author":1,"featured_media":69114,"comment_status":"closed","ping_status":"closed","sticky":false,"template":"","format":"aside","meta":{"_uag_custom_page_level_css":"","site-sidebar-layout":"default","site-content-layout":"","ast-site-content-layout":"default","site-content-style":"default","site-sidebar-style":"default","ast-global-header-display":"","ast-banner-title-visibility":"","ast-main-header-display":"","ast-hfb-above-header-display":"","ast-hfb-below-header-display":"","ast-hfb-mobile-header-display":"","site-post-title":"","ast-breadcrumbs-content":"","ast-featured-img":"disabled","footer-sml-layout":"","theme-transparent-header-meta":"","adv-header-id-meta":"","stick-header-meta":"","header-above-stick-meta":"","header-main-stick-meta":"","header-below-stick-meta":"","astra-migrate-meta-layouts":"set","ast-page-background-enabled":"default","ast-page-background-meta":{"desktop":{"background-color":"var(--ast-global-color-4)","background-image":"","background-repeat":"repeat","background-position":"center center","background-size":"auto","background-attachment":"scroll","background-type":"","background-media":"","overlay-type":"","overlay-color":"","overlay-opacity":"","overlay-gradient":""},"tablet":{"background-color":"","background-image":"","background-repeat":"repeat","background-position":"center center","background-size":"auto","background-attachment":"scroll","background-type":"","background-media":"","overlay-type":"","overlay-color":"","overlay-opacity":"","overlay-gradient":""},"mobile":{"background-color":"","background-image":"","background-repeat":"repeat","background-position":"center center","background-size":"auto","background-attachment":"scroll","background-type":"","background-media":"","overlay-type":"","overlay-color":"","overlay-opacity":"","overlay-gradient":""}},"ast-content-background-meta":{"desktop":{"background-color":"var(--ast-global-color-5)","background-image":"","background-repeat":"repeat","background-position":"center center","background-size":"auto","background-attachment":"scroll","background-type":"","background-media":"","overlay-type":"","overlay-color":"","overlay-opacity":"","overlay-gradient":""},"tablet":{"background-color":"var(--ast-global-color-5)","background-image":"","background-repeat":"repeat","background-position":"center center","background-size":"auto","background-attachment":"scroll","background-type":"","background-media":"","overlay-type":"","overlay-color":"","overlay-opacity":"","overlay-gradient":""},"mobile":{"background-color":"var(--ast-global-color-5)","background-image":"","background-repeat":"repeat","background-position":"center center","background-size":"auto","background-attachment":"scroll","background-type":"","background-media":"","overlay-type":"","overlay-color":"","overlay-opacity":"","overlay-gradient":""}},"footnotes":""},"categories":[23,1060],"tags":[],"class_list":["post-77064","post","type-post","status-publish","format-aside","has-post-thumbnail","hentry","category-destacats","category-notes-premsa","post_format-post-format-aside"],"yoast_head":"<!-- This site is optimized with the Yoast SEO plugin v22.4 - https:\/\/yoast.com\/wordpress\/plugins\/seo\/ -->\n<title>Es presenta Farmaserveis, la plataforma de registre assistencial i l\u2019aplicaci\u00f3 m\u00f2bil que impulsaran la transformaci\u00f3 digital de les farm\u00e0cies catalanes i la seva relaci\u00f3 amb el pacient - Col\u00b7legi de Farmac\u00e8utics de Barcelona<\/title>\n<meta name=\"robots\" content=\"index, follow, max-snippet:-1, max-image-preview:large, max-video-preview:-1\" \/>\n<link rel=\"canonical\" href=\"https:\/\/www.cofb.org\/ca\/2021\/06\/09\/es-presenta-farmaserveis-la-plataforma-de-registre-assistencial-i-laplicacio-mobil-que-impulsaran-la-transformacio-digital-de-les-farmacies-catalanes-i-la-seva-relacio-amb-el-pacient\/\" \/>\n<meta property=\"og:locale\" content=\"ca_ES\" \/>\n<meta property=\"og:type\" content=\"article\" \/>\n<meta property=\"og:title\" content=\"Es presenta Farmaserveis, la plataforma de registre assistencial i l\u2019aplicaci\u00f3 m\u00f2bil que impulsaran la transformaci\u00f3 digital de les farm\u00e0cies catalanes i la seva relaci\u00f3 amb el pacient - Col\u00b7legi de Farmac\u00e8utics de Barcelona\" \/>\n<meta property=\"og:description\" content=\"Barcelona, 9 de juny de 2021. Farmaserveis, la plataforma de registre assistencial de la xarxa de farm\u00e0cies, es posa en marxa a tot Catalunya amb l\u2019objectiu de transformar la relaci\u00f3 actual amb el pacient i connectar amb la seva salut digitalment. Aix\u00ed ho han anunciat els presidents dels quatre Col\u00b7legis [&hellip;]\" \/>\n<meta property=\"og:url\" content=\"https:\/\/www.cofb.org\/ca\/2021\/06\/09\/es-presenta-farmaserveis-la-plataforma-de-registre-assistencial-i-laplicacio-mobil-que-impulsaran-la-transformacio-digital-de-les-farmacies-catalanes-i-la-seva-relacio-amb-el-pacient\/\" \/>\n<meta property=\"og:site_name\" content=\"Col\u00b7legi de Farmac\u00e8utics de Barcelona\" \/>\n<meta property=\"article:publisher\" content=\"https:\/\/www.facebook.com\/farmaceuticsbcn\/\" \/>\n<meta property=\"article:published_time\" content=\"2021-06-09T16:57:00+00:00\" \/>\n<meta property=\"article:modified_time\" content=\"2024-08-20T09:23:41+00:00\" \/>\n<meta property=\"og:image\" content=\"https:\/\/www.cofb.org\/wp-content\/uploads\/2023\/10\/Farmaserveis-1.jpg\" \/>\n\t<meta property=\"og:image:width\" content=\"1752\" \/>\n\t<meta property=\"og:image:height\" content=\"1197\" \/>\n\t<meta property=\"og:image:type\" content=\"image\/jpeg\" \/>\n<meta name=\"author\" content=\"wpAdminCofbOrg\" \/>\n<meta name=\"twitter:card\" content=\"summary_large_image\" \/>\n<meta name=\"twitter:creator\" content=\"@farmaceuticsbcn\" \/>\n<meta name=\"twitter:site\" content=\"@farmaceuticsbcn\" \/>\n<meta name=\"twitter:label1\" content=\"Escrit per\" \/>\n\t<meta name=\"twitter:data1\" content=\"wpAdminCofbOrg\" \/>\n\t<meta name=\"twitter:label2\" content=\"Temps estimat de lectura\" \/>\n\t<meta name=\"twitter:data2\" content=\"6 minuts\" \/>\n<script type=\"application\/ld+json\" class=\"yoast-schema-graph\">{\"@context\":\"https:\/\/schema.org\",\"@graph\":[{\"@type\":\"Article\",\"@id\":\"https:\/\/www.cofb.org\/2021\/06\/09\/es-presenta-farmaserveis-la-plataforma-de-registre-assistencial-i-laplicacio-mobil-que-impulsaran-la-transformacio-digital-de-les-farmacies-catalanes-i-la-seva-relacio-amb-el-pacient\/#article\",\"isPartOf\":{\"@id\":\"https:\/\/www.cofb.org\/2021\/06\/09\/es-presenta-farmaserveis-la-plataforma-de-registre-assistencial-i-laplicacio-mobil-que-impulsaran-la-transformacio-digital-de-les-farmacies-catalanes-i-la-seva-relacio-amb-el-pacient\/\"},\"author\":{\"name\":\"wpAdminCofbOrg\",\"@id\":\"https:\/\/www.cofb.org\/#\/schema\/person\/22ed7eea88da74b0fa4d3154ad87ffcb\"},\"headline\":\"Es presenta Farmaserveis, la plataforma de registre assistencial i l\u2019aplicaci\u00f3 m\u00f2bil que impulsaran la transformaci\u00f3 digital de les farm\u00e0cies catalanes i la seva relaci\u00f3 amb el pacient\",\"datePublished\":\"2021-06-09T16:57:00+00:00\",\"dateModified\":\"2024-08-20T09:23:41+00:00\",\"mainEntityOfPage\":{\"@id\":\"https:\/\/www.cofb.org\/2021\/06\/09\/es-presenta-farmaserveis-la-plataforma-de-registre-assistencial-i-laplicacio-mobil-que-impulsaran-la-transformacio-digital-de-les-farmacies-catalanes-i-la-seva-relacio-amb-el-pacient\/\"},\"wordCount\":1116,\"publisher\":{\"@id\":\"https:\/\/www.cofb.org\/#organization\"},\"image\":{\"@id\":\"https:\/\/www.cofb.org\/2021\/06\/09\/es-presenta-farmaserveis-la-plataforma-de-registre-assistencial-i-laplicacio-mobil-que-impulsaran-la-transformacio-digital-de-les-farmacies-catalanes-i-la-seva-relacio-amb-el-pacient\/#primaryimage\"},\"thumbnailUrl\":\"https:\/\/www.cofb.org\/wp-content\/uploads\/2023\/10\/Farmaserveis-1.jpg\",\"articleSection\":[\"Destacats\",\"Notes de premsa\"],\"inLanguage\":\"ca\"},{\"@type\":\"WebPage\",\"@id\":\"https:\/\/www.cofb.org\/2021\/06\/09\/es-presenta-farmaserveis-la-plataforma-de-registre-assistencial-i-laplicacio-mobil-que-impulsaran-la-transformacio-digital-de-les-farmacies-catalanes-i-la-seva-relacio-amb-el-pacient\/\",\"url\":\"https:\/\/www.cofb.org\/2021\/06\/09\/es-presenta-farmaserveis-la-plataforma-de-registre-assistencial-i-laplicacio-mobil-que-impulsaran-la-transformacio-digital-de-les-farmacies-catalanes-i-la-seva-relacio-amb-el-pacient\/\",\"name\":\"Es presenta Farmaserveis, la plataforma de registre assistencial i l\u2019aplicaci\u00f3 m\u00f2bil que impulsaran la transformaci\u00f3 digital de les farm\u00e0cies catalanes i la seva relaci\u00f3 amb el pacient - Col\u00b7legi de Farmac\u00e8utics de Barcelona\",\"isPartOf\":{\"@id\":\"https:\/\/www.cofb.org\/#website\"},\"primaryImageOfPage\":{\"@id\":\"https:\/\/www.cofb.org\/2021\/06\/09\/es-presenta-farmaserveis-la-plataforma-de-registre-assistencial-i-laplicacio-mobil-que-impulsaran-la-transformacio-digital-de-les-farmacies-catalanes-i-la-seva-relacio-amb-el-pacient\/#primaryimage\"},\"image\":{\"@id\":\"https:\/\/www.cofb.org\/2021\/06\/09\/es-presenta-farmaserveis-la-plataforma-de-registre-assistencial-i-laplicacio-mobil-que-impulsaran-la-transformacio-digital-de-les-farmacies-catalanes-i-la-seva-relacio-amb-el-pacient\/#primaryimage\"},\"thumbnailUrl\":\"https:\/\/www.cofb.org\/wp-content\/uploads\/2023\/10\/Farmaserveis-1.jpg\",\"datePublished\":\"2021-06-09T16:57:00+00:00\",\"dateModified\":\"2024-08-20T09:23:41+00:00\",\"breadcrumb\":{\"@id\":\"https:\/\/www.cofb.org\/2021\/06\/09\/es-presenta-farmaserveis-la-plataforma-de-registre-assistencial-i-laplicacio-mobil-que-impulsaran-la-transformacio-digital-de-les-farmacies-catalanes-i-la-seva-relacio-amb-el-pacient\/#breadcrumb\"},\"inLanguage\":\"ca\",\"potentialAction\":[{\"@type\":\"ReadAction\",\"target\":[\"https:\/\/www.cofb.org\/2021\/06\/09\/es-presenta-farmaserveis-la-plataforma-de-registre-assistencial-i-laplicacio-mobil-que-impulsaran-la-transformacio-digital-de-les-farmacies-catalanes-i-la-seva-relacio-amb-el-pacient\/\"]}]},{\"@type\":\"ImageObject\",\"inLanguage\":\"ca\",\"@id\":\"https:\/\/www.cofb.org\/2021\/06\/09\/es-presenta-farmaserveis-la-plataforma-de-registre-assistencial-i-laplicacio-mobil-que-impulsaran-la-transformacio-digital-de-les-farmacies-catalanes-i-la-seva-relacio-amb-el-pacient\/#primaryimage\",\"url\":\"https:\/\/www.cofb.org\/wp-content\/uploads\/2023\/10\/Farmaserveis-1.jpg\",\"contentUrl\":\"https:\/\/www.cofb.org\/wp-content\/uploads\/2023\/10\/Farmaserveis-1.jpg\",\"width\":1752,\"height\":1197},{\"@type\":\"BreadcrumbList\",\"@id\":\"https:\/\/www.cofb.org\/2021\/06\/09\/es-presenta-farmaserveis-la-plataforma-de-registre-assistencial-i-laplicacio-mobil-que-impulsaran-la-transformacio-digital-de-les-farmacies-catalanes-i-la-seva-relacio-amb-el-pacient\/#breadcrumb\",\"itemListElement\":[{\"@type\":\"ListItem\",\"position\":1,\"name\":\"Inici\",\"item\":\"https:\/\/novaorg.cofb.net\/\"},{\"@type\":\"ListItem\",\"position\":2,\"name\":\"Es presenta Farmaserveis, la plataforma de registre assistencial i l\u2019aplicaci\u00f3 m\u00f2bil que impulsaran la transformaci\u00f3 digital de les farm\u00e0cies catalanes i la seva relaci\u00f3 amb el pacient\"}]},{\"@type\":\"WebSite\",\"@id\":\"https:\/\/www.cofb.org\/#website\",\"url\":\"https:\/\/www.cofb.org\/\",\"name\":\"Col\u00b7legi de Farmac\u00e8utics de Barcelona\",\"description\":\"\",\"publisher\":{\"@id\":\"https:\/\/www.cofb.org\/#organization\"},\"potentialAction\":[{\"@type\":\"SearchAction\",\"target\":{\"@type\":\"EntryPoint\",\"urlTemplate\":\"https:\/\/www.cofb.org\/?s={search_term_string}\"},\"query-input\":\"required name=search_term_string\"}],\"inLanguage\":\"ca\"},{\"@type\":\"Organization\",\"@id\":\"https:\/\/www.cofb.org\/#organization\",\"name\":\"Col\u00b7legi de Farmac\u00e8utics de Barcelona\",\"url\":\"https:\/\/www.cofb.org\/\",\"logo\":{\"@type\":\"ImageObject\",\"inLanguage\":\"ca\",\"@id\":\"https:\/\/www.cofb.org\/#\/schema\/logo\/image\/\",\"url\":\"https:\/\/www.cofb.org\/wp-content\/uploads\/2023\/11\/cropped-Logotip-COFB.png\",\"contentUrl\":\"https:\/\/www.cofb.org\/wp-content\/uploads\/2023\/11\/cropped-Logotip-COFB.png\",\"width\":500,\"height\":105,\"caption\":\"Col\u00b7legi de Farmac\u00e8utics de Barcelona\"},\"image\":{\"@id\":\"https:\/\/www.cofb.org\/#\/schema\/logo\/image\/\"},\"sameAs\":[\"https:\/\/www.facebook.com\/farmaceuticsbcn\/\",\"https:\/\/twitter.com\/farmaceuticsbcn\",\"https:\/\/www.instagram.com\/farmaceuticsbcn\/\",\"https:\/\/www.linkedin.com\/company\/farmaceuticsbcn\/\"]},{\"@type\":\"Person\",\"@id\":\"https:\/\/www.cofb.org\/#\/schema\/person\/22ed7eea88da74b0fa4d3154ad87ffcb\",\"name\":\"wpAdminCofbOrg\",\"image\":{\"@type\":\"ImageObject\",\"inLanguage\":\"ca\",\"@id\":\"https:\/\/www.cofb.org\/#\/schema\/person\/image\/\",\"url\":\"https:\/\/secure.gravatar.com\/avatar\/1721b20b3b8ca882c3b56ec6c978c594fff670e40c0718e9190eaeeb76aae7d8?s=96&d=mm&r=g\",\"contentUrl\":\"https:\/\/secure.gravatar.com\/avatar\/1721b20b3b8ca882c3b56ec6c978c594fff670e40c0718e9190eaeeb76aae7d8?s=96&d=mm&r=g\",\"caption\":\"wpAdminCofbOrg\"},\"sameAs\":[\"http:\/\/192.168.64.122\/wordpress\"],\"url\":\"https:\/\/www.cofb.org\/ca\/author\/wpadmincofborg\/\"}]}<\/script>\n<!-- \/ Yoast SEO plugin. -->","yoast_head_json":{"title":"Es presenta Farmaserveis, la plataforma de registre assistencial i l\u2019aplicaci\u00f3 m\u00f2bil que impulsaran la transformaci\u00f3 digital de les farm\u00e0cies catalanes i la seva relaci\u00f3 amb el pacient - Col\u00b7legi de Farmac\u00e8utics de Barcelona","robots":{"index":"index","follow":"follow","max-snippet":"max-snippet:-1","max-image-preview":"max-image-preview:large","max-video-preview":"max-video-preview:-1"},"canonical":"https:\/\/www.cofb.org\/ca\/2021\/06\/09\/es-presenta-farmaserveis-la-plataforma-de-registre-assistencial-i-laplicacio-mobil-que-impulsaran-la-transformacio-digital-de-les-farmacies-catalanes-i-la-seva-relacio-amb-el-pacient\/","og_locale":"ca_ES","og_type":"article","og_title":"Es presenta Farmaserveis, la plataforma de registre assistencial i l\u2019aplicaci\u00f3 m\u00f2bil que impulsaran la transformaci\u00f3 digital de les farm\u00e0cies catalanes i la seva relaci\u00f3 amb el pacient - Col\u00b7legi de Farmac\u00e8utics de Barcelona","og_description":"Barcelona, 9 de juny de 2021. Farmaserveis, la plataforma de registre assistencial de la xarxa de farm\u00e0cies, es posa en marxa a tot Catalunya amb l\u2019objectiu de transformar la relaci\u00f3 actual amb el pacient i connectar amb la seva salut digitalment. Aix\u00ed ho han anunciat els presidents dels quatre Col\u00b7legis [&hellip;]","og_url":"https:\/\/www.cofb.org\/ca\/2021\/06\/09\/es-presenta-farmaserveis-la-plataforma-de-registre-assistencial-i-laplicacio-mobil-que-impulsaran-la-transformacio-digital-de-les-farmacies-catalanes-i-la-seva-relacio-amb-el-pacient\/","og_site_name":"Col\u00b7legi de Farmac\u00e8utics de Barcelona","article_publisher":"https:\/\/www.facebook.com\/farmaceuticsbcn\/","article_published_time":"2021-06-09T16:57:00+00:00","article_modified_time":"2024-08-20T09:23:41+00:00","og_image":[{"width":1752,"height":1197,"url":"https:\/\/www.cofb.org\/wp-content\/uploads\/2023\/10\/Farmaserveis-1.jpg","type":"image\/jpeg"}],"author":"wpAdminCofbOrg","twitter_card":"summary_large_image","twitter_creator":"@farmaceuticsbcn","twitter_site":"@farmaceuticsbcn","twitter_misc":{"Escrit per":"wpAdminCofbOrg","Temps estimat de lectura":"6 minuts"},"schema":{"@context":"https:\/\/schema.org","@graph":[{"@type":"Article","@id":"https:\/\/www.cofb.org\/2021\/06\/09\/es-presenta-farmaserveis-la-plataforma-de-registre-assistencial-i-laplicacio-mobil-que-impulsaran-la-transformacio-digital-de-les-farmacies-catalanes-i-la-seva-relacio-amb-el-pacient\/#article","isPartOf":{"@id":"https:\/\/www.cofb.org\/2021\/06\/09\/es-presenta-farmaserveis-la-plataforma-de-registre-assistencial-i-laplicacio-mobil-que-impulsaran-la-transformacio-digital-de-les-farmacies-catalanes-i-la-seva-relacio-amb-el-pacient\/"},"author":{"name":"wpAdminCofbOrg","@id":"https:\/\/www.cofb.org\/#\/schema\/person\/22ed7eea88da74b0fa4d3154ad87ffcb"},"headline":"Es presenta Farmaserveis, la plataforma de registre assistencial i l\u2019aplicaci\u00f3 m\u00f2bil que impulsaran la transformaci\u00f3 digital de les farm\u00e0cies catalanes i la seva relaci\u00f3 amb el pacient","datePublished":"2021-06-09T16:57:00+00:00","dateModified":"2024-08-20T09:23:41+00:00","mainEntityOfPage":{"@id":"https:\/\/www.cofb.org\/2021\/06\/09\/es-presenta-farmaserveis-la-plataforma-de-registre-assistencial-i-laplicacio-mobil-que-impulsaran-la-transformacio-digital-de-les-farmacies-catalanes-i-la-seva-relacio-amb-el-pacient\/"},"wordCount":1116,"publisher":{"@id":"https:\/\/www.cofb.org\/#organization"},"image":{"@id":"https:\/\/www.cofb.org\/2021\/06\/09\/es-presenta-farmaserveis-la-plataforma-de-registre-assistencial-i-laplicacio-mobil-que-impulsaran-la-transformacio-digital-de-les-farmacies-catalanes-i-la-seva-relacio-amb-el-pacient\/#primaryimage"},"thumbnailUrl":"https:\/\/www.cofb.org\/wp-content\/uploads\/2023\/10\/Farmaserveis-1.jpg","articleSection":["Destacats","Notes de premsa"],"inLanguage":"ca"},{"@type":"WebPage","@id":"https:\/\/www.cofb.org\/2021\/06\/09\/es-presenta-farmaserveis-la-plataforma-de-registre-assistencial-i-laplicacio-mobil-que-impulsaran-la-transformacio-digital-de-les-farmacies-catalanes-i-la-seva-relacio-amb-el-pacient\/","url":"https:\/\/www.cofb.org\/2021\/06\/09\/es-presenta-farmaserveis-la-plataforma-de-registre-assistencial-i-laplicacio-mobil-que-impulsaran-la-transformacio-digital-de-les-farmacies-catalanes-i-la-seva-relacio-amb-el-pacient\/","name":"Es presenta Farmaserveis, la plataforma de registre assistencial i l\u2019aplicaci\u00f3 m\u00f2bil que impulsaran la transformaci\u00f3 digital de les farm\u00e0cies catalanes i la seva relaci\u00f3 amb el pacient - Col\u00b7legi de Farmac\u00e8utics de Barcelona","isPartOf":{"@id":"https:\/\/www.cofb.org\/#website"},"primaryImageOfPage":{"@id":"https:\/\/www.cofb.org\/2021\/06\/09\/es-presenta-farmaserveis-la-plataforma-de-registre-assistencial-i-laplicacio-mobil-que-impulsaran-la-transformacio-digital-de-les-farmacies-catalanes-i-la-seva-relacio-amb-el-pacient\/#primaryimage"},"image":{"@id":"https:\/\/www.cofb.org\/2021\/06\/09\/es-presenta-farmaserveis-la-plataforma-de-registre-assistencial-i-laplicacio-mobil-que-impulsaran-la-transformacio-digital-de-les-farmacies-catalanes-i-la-seva-relacio-amb-el-pacient\/#primaryimage"},"thumbnailUrl":"https:\/\/www.cofb.org\/wp-content\/uploads\/2023\/10\/Farmaserveis-1.jpg","datePublished":"2021-06-09T16:57:00+00:00","dateModified":"2024-08-20T09:23:41+00:00","breadcrumb":{"@id":"https:\/\/www.cofb.org\/2021\/06\/09\/es-presenta-farmaserveis-la-plataforma-de-registre-assistencial-i-laplicacio-mobil-que-impulsaran-la-transformacio-digital-de-les-farmacies-catalanes-i-la-seva-relacio-amb-el-pacient\/#breadcrumb"},"inLanguage":"ca","potentialAction":[{"@type":"ReadAction","target":["https:\/\/www.cofb.org\/2021\/06\/09\/es-presenta-farmaserveis-la-plataforma-de-registre-assistencial-i-laplicacio-mobil-que-impulsaran-la-transformacio-digital-de-les-farmacies-catalanes-i-la-seva-relacio-amb-el-pacient\/"]}]},{"@type":"ImageObject","inLanguage":"ca","@id":"https:\/\/www.cofb.org\/2021\/06\/09\/es-presenta-farmaserveis-la-plataforma-de-registre-assistencial-i-laplicacio-mobil-que-impulsaran-la-transformacio-digital-de-les-farmacies-catalanes-i-la-seva-relacio-amb-el-pacient\/#primaryimage","url":"https:\/\/www.cofb.org\/wp-content\/uploads\/2023\/10\/Farmaserveis-1.jpg","contentUrl":"https:\/\/www.cofb.org\/wp-content\/uploads\/2023\/10\/Farmaserveis-1.jpg","width":1752,"height":1197},{"@type":"BreadcrumbList","@id":"https:\/\/www.cofb.org\/2021\/06\/09\/es-presenta-farmaserveis-la-plataforma-de-registre-assistencial-i-laplicacio-mobil-que-impulsaran-la-transformacio-digital-de-les-farmacies-catalanes-i-la-seva-relacio-amb-el-pacient\/#breadcrumb","itemListElement":[{"@type":"ListItem","position":1,"name":"Inici","item":"https:\/\/novaorg.cofb.net\/"},{"@type":"ListItem","position":2,"name":"Es presenta Farmaserveis, la plataforma de registre assistencial i l\u2019aplicaci\u00f3 m\u00f2bil que impulsaran la transformaci\u00f3 digital de les farm\u00e0cies catalanes i la seva relaci\u00f3 amb el pacient"}]},{"@type":"WebSite","@id":"https:\/\/www.cofb.org\/#website","url":"https:\/\/www.cofb.org\/","name":"Col\u00b7legi de Farmac\u00e8utics de Barcelona","description":"","publisher":{"@id":"https:\/\/www.cofb.org\/#organization"},"potentialAction":[{"@type":"SearchAction","target":{"@type":"EntryPoint","urlTemplate":"https:\/\/www.cofb.org\/?s={search_term_string}"},"query-input":"required name=search_term_string"}],"inLanguage":"ca"},{"@type":"Organization","@id":"https:\/\/www.cofb.org\/#organization","name":"Col\u00b7legi de Farmac\u00e8utics de Barcelona","url":"https:\/\/www.cofb.org\/","logo":{"@type":"ImageObject","inLanguage":"ca","@id":"https:\/\/www.cofb.org\/#\/schema\/logo\/image\/","url":"https:\/\/www.cofb.org\/wp-content\/uploads\/2023\/11\/cropped-Logotip-COFB.png","contentUrl":"https:\/\/www.cofb.org\/wp-content\/uploads\/2023\/11\/cropped-Logotip-COFB.png","width":500,"height":105,"caption":"Col\u00b7legi de Farmac\u00e8utics de Barcelona"},"image":{"@id":"https:\/\/www.cofb.org\/#\/schema\/logo\/image\/"},"sameAs":["https:\/\/www.facebook.com\/farmaceuticsbcn\/","https:\/\/twitter.com\/farmaceuticsbcn","https:\/\/www.instagram.com\/farmaceuticsbcn\/","https:\/\/www.linkedin.com\/company\/farmaceuticsbcn\/"]},{"@type":"Person","@id":"https:\/\/www.cofb.org\/#\/schema\/person\/22ed7eea88da74b0fa4d3154ad87ffcb","name":"wpAdminCofbOrg","image":{"@type":"ImageObject","inLanguage":"ca","@id":"https:\/\/www.cofb.org\/#\/schema\/person\/image\/","url":"https:\/\/secure.gravatar.com\/avatar\/1721b20b3b8ca882c3b56ec6c978c594fff670e40c0718e9190eaeeb76aae7d8?s=96&d=mm&r=g","contentUrl":"https:\/\/secure.gravatar.com\/avatar\/1721b20b3b8ca882c3b56ec6c978c594fff670e40c0718e9190eaeeb76aae7d8?s=96&d=mm&r=g","caption":"wpAdminCofbOrg"},"sameAs":["http:\/\/192.168.64.122\/wordpress"],"url":"https:\/\/www.cofb.org\/ca\/author\/wpadmincofborg\/"}]}},"uagb_featured_image_src":{"full":["https:\/\/www.cofb.org\/wp-content\/uploads\/2023\/10\/Farmaserveis-1.jpg",1752,1197,false],"thumbnail":["https:\/\/www.cofb.org\/wp-content\/uploads\/2023\/10\/Farmaserveis-1-150x150.jpg",150,150,true],"medium":["https:\/\/www.cofb.org\/wp-content\/uploads\/2023\/10\/Farmaserveis-1-300x205.jpg",300,205,true],"medium_large":["https:\/\/www.cofb.org\/wp-content\/uploads\/2023\/10\/Farmaserveis-1-768x525.jpg",768,525,true],"large":["https:\/\/www.cofb.org\/wp-content\/uploads\/2023\/10\/Farmaserveis-1-1024x700.jpg",1024,700,true],"1536x1536":["https:\/\/www.cofb.org\/wp-content\/uploads\/2023\/10\/Farmaserveis-1-1536x1049.jpg",1536,1049,true],"2048x2048":["https:\/\/www.cofb.org\/wp-content\/uploads\/2023\/10\/Farmaserveis-1.jpg",1752,1197,false],"trp-custom-language-flag":["https:\/\/www.cofb.org\/wp-content\/uploads\/2023\/10\/Farmaserveis-1-18x12.jpg",18,12,true]},"uagb_author_info":{"display_name":"wpAdminCofbOrg","author_link":"https:\/\/www.cofb.org\/ca\/author\/wpadmincofborg\/"},"uagb_comment_info":0,"uagb_excerpt":"Barcelona, 9 de juny de 2021. Farmaserveis, la plataforma de registre assistencial de la xarxa de farm\u00e0cies, es posa en marxa a tot Catalunya amb l\u2019objectiu de transformar la relaci\u00f3 actual amb el pacient i connectar amb la seva salut digitalment. Aix\u00ed ho han anunciat els presidents dels quatre Col\u00b7legis [&hellip;]","_links":{"self":[{"href":"https:\/\/www.cofb.org\/ca\/wp-json\/wp\/v2\/posts\/77064","targetHints":{"allow":["GET"]}}],"collection":[{"href":"https:\/\/www.cofb.org\/ca\/wp-json\/wp\/v2\/posts"}],"about":[{"href":"https:\/\/www.cofb.org\/ca\/wp-json\/wp\/v2\/types\/post"}],"author":[{"embeddable":true,"href":"https:\/\/www.cofb.org\/ca\/wp-json\/wp\/v2\/users\/1"}],"replies":[{"embeddable":true,"href":"https:\/\/www.cofb.org\/ca\/wp-json\/wp\/v2\/comments?post=77064"}],"version-history":[{"count":3,"href":"https:\/\/www.cofb.org\/ca\/wp-json\/wp\/v2\/posts\/77064\/revisions"}],"predecessor-version":[{"id":79284,"href":"https:\/\/www.cofb.org\/ca\/wp-json\/wp\/v2\/posts\/77064\/revisions\/79284"}],"wp:featuredmedia":[{"embeddable":true,"href":"https:\/\/www.cofb.org\/ca\/wp-json\/wp\/v2\/media\/69114"}],"wp:attachment":[{"href":"https:\/\/www.cofb.org\/ca\/wp-json\/wp\/v2\/media?parent=77064"}],"wp:term":[{"taxonomy":"category","embeddable":true,"href":"https:\/\/www.cofb.org\/ca\/wp-json\/wp\/v2\/categories?post=77064"},{"taxonomy":"post_tag","embeddable":true,"href":"https:\/\/www.cofb.org\/ca\/wp-json\/wp\/v2\/tags?post=77064"}],"curies":[{"name":"wp","href":"https:\/\/api.w.org\/{rel}","templated":true}]}}