{"id":77061,"date":"2021-06-15T18:38:00","date_gmt":"2021-06-15T18:38:00","guid":{"rendered":"https:\/\/novaorg.cofb.net\/2021\/06\/15\/mas-comunicacion-y-coordinacion-entre-la-atencion-primaria-y-las-oficinas-de-farmacia-clave-para-el-abordaje-y-seguimiento-compartido-del-paciente-cronico\/"},"modified":"2021-06-15T18:38:00","modified_gmt":"2021-06-15T18:38:00","slug":"mas-comunicacion-y-coordinacion-entre-la-atencion-primaria-y-las-oficinas-de-farmacia-clave-para-el-abordaje-y-seguimiento-compartido-del-paciente-cronico","status":"publish","type":"post","link":"https:\/\/www.cofb.org\/ca\/2021\/06\/15\/mas-comunicacion-y-coordinacion-entre-la-atencion-primaria-y-las-oficinas-de-farmacia-clave-para-el-abordaje-y-seguimiento-compartido-del-paciente-cronico\/","title":{"rendered":"M\u00e1s comunicaci\u00f3n y coordinaci\u00f3n entre la Atenci\u00f3n Primaria y las oficinas de farmacia, clave para el abordaje y seguimiento compartido del paciente cr\u00f3nico"},"content":{"rendered":"<p>\u00a0<\/p>\n<div>\u2022<span> <\/span>La ponencia <strong>\u201cImpacto de la pandemia en el abordaje y seguimiento del paciente cr\u00f3nico: qu\u00e9 podemos aportar los farmac\u00e9uticos\u201d<\/strong>, celebrada hoy en el marco de Infarma Virtual 2021, ha analizado en profundidad el impacto de la pandemia en el abordaje del paciente cr\u00f3nico y c\u00f3mo se puede mejorar de cara al futuro<\/div>\n<div>\u00a0<\/div>\n<div>\u2022<span> <\/span>La comunicaci\u00f3n y la coordinaci\u00f3n entre Atenci\u00f3n Primaria y Oficinas de Farmacia es fundamental en este sentido, junto con la importancia de <strong>aportar valor<\/strong>, <strong>desburocratizar<\/strong>, <strong>dialogar entre profesionales sanitarios<\/strong> y <strong>globalizar aquellas actuaciones locales exitosas<\/strong><\/div>\n<div>\u00a0<\/div>\n<div><em>Madrid\/Barcelona, 15 de junio<\/em>. La <strong>dificultad de acceso a la Atenci\u00f3n Primaria<\/strong> durante la pandemia ha implicado una <strong>p\u00e9rdida en el buen control de los pacientes cr\u00f3nicos<\/strong>. A partir de esta reflexi\u00f3n, Guillermo Bagar\u00eda, vocal de Oficina de Farmacia del COF de Barcelona, ha ido desgranando, como moderador de la segunda mesa de Infarma Virtual 2021, los distintos aspectos del impacto provocado por la pandemia en el abordaje y seguimiento del paciente cr\u00f3nico.\u00a0<\/div>\n<div>La mesa redonda ha contado con las intervenciones de <strong>Laura Gom\u00e0<\/strong>, farmac\u00e9utica comunitaria y vocal de la Junta de Gobierno del COF de Barcelona; <strong>S\u00f2nia Mart\u00ednez<\/strong>, m\u00e9dica adjunta a la direcci\u00f3n del Servicio de Atenci\u00f3n Primaria Delta del Llobregat; <strong>Caridad Pontes<\/strong>, gerente del Medicamento del Servei Catal\u00e0 de la Salut, y <strong>Rafael Ruiz<\/strong>, director estrat\u00e9gico de Atenci\u00f3n Primaria del Departament de Salut de la Generalitat de Catalunya.\u00a0<\/div>\n<div>\u00a0<\/div>\n<div><u><strong>Potencial asistencial del farmac\u00e9utico durante la pandemia<\/strong><\/u><\/div>\n<div>\u00a0<\/div>\n<div>Para <strong>Rafael Ruiz<\/strong>, \u201cla pandemia ha sido un terremoto que lo ha sacudido todo y ha provocado cambios en la manera de relacionarnos y trabajar. La Atenci\u00f3n Primaria tuvo que centrarse en los enfermos agudos y posponer el seguimiento de patolog\u00edas cr\u00f3nicas. Si antes de la pandemia el buen control de los diab\u00e9ticos se situaba en torno al 75%, el porcentaje disminuy\u00f3 al 40% a ra\u00edz de la COVID-19. Por suerte, con la vacunaci\u00f3n masiva las cifras van aumentando, todav\u00eda lejos de los objetivos\u201d.\u00a0<\/div>\n<div>\u00a0<\/div>\n<div><strong>S\u00f2nia Mart\u00ednez<\/strong> ha coincidido con Ruiz: \u201cLa pandemia ha provocado una afectaci\u00f3n radical tanto a los pacientes como a los profesionales\u201d. Y ha defendido un <strong>enfoque hol\u00edstico de la salud<\/strong>, dando importancia a la orientaci\u00f3n al paciente y al bienestar emocional y social de este. Adem\u00e1s, ha destacado que la comunicaci\u00f3n entre Atenci\u00f3n Primaria y las oficinas de farmacia es crucial para dar respuesta a las enfermedades cr\u00f3nicas. \u201cHay que <strong>sumar recursos, trabajar con l\u00edneas y objetivos comunes<\/strong>, ver qu\u00e9 necesidades hay y conseguir que el paciente se sienta acompa\u00f1ado, que gane confianza\u201d, ha explicado.<\/div>\n<div>\u00a0<\/div>\n<div><strong>Laura Gom\u00e0<\/strong>, farmac\u00e9utica comunitaria en Santa Coloma de Gramenet y vocal de la Junta de Gobierno del COFB, ha expuesto su experiencia profesional desde el comienzo de la pandemia, trabajando en una ciudad del \u00e1rea metropolitana de Barcelona \u201ccon elevada densidad de poblaci\u00f3n, en un barrio econ\u00f3micamente desfavorecido y con mucha inmigraci\u00f3n\u201d. Al principio de la pandemia \u201ctuvimos que hacer una <strong>labor de contenci\u00f3n<\/strong> de estos pacientes, que acud\u00edan a la farmacia en busca de mascarillas, gel e informaci\u00f3n. Luego, en una segunda fase, nos centramos m\u00e1s en el<strong> paciente cr\u00f3nico<\/strong>, que ten\u00eda dificultades para acceder a su m\u00e9dico de cabecera, haciendo controles de glucemias, tensi\u00f3n, control de peso en pacientes diab\u00e9ticos\u2026\u201d. Para Gom\u00e0, fueron muy importantes iniciativas como la <strong>red de voluntarios para acercar la medicaci\u00f3n a personas vulnerables<\/strong>, dispensar los <strong>MHDA<\/strong> o <strong>poder alargar el tratamiento a pacientes cr\u00f3nicos<\/strong> que no pod\u00eda contactar con el m\u00e9dico de cabecera.<\/div>\n<div>\u00a0<\/div>\n<div><strong>Caridad Pontes<\/strong> ha explicado que desde el Servei Catal\u00e0 de la Salut \u201cen muy poco tiempo nos encontramos con necesidades que requer\u00edan atenci\u00f3n\u201d. Por suerte, \u201cel terreno estaba abonado, con iniciativas que ya se hab\u00edan ido trabajando y nos permitieron empezar a dar respuesta a esta necesidad\u201d. Adem\u00e1s, \u201cten\u00edamos una red de farmacias muy bien conectada y dispuesta a ayudar. El Consell de Col\u00b7legis Farmac\u00e8utics de Catalunya (CCFC)\u00a0 tuvo una capacidad de reacci\u00f3n muy grande y pudimos trabajar de manera colaborativa\u201d. Mirando al futuro ha destacado que \u201ctenemos la oportunidad de catalizar y cristalizar todo lo que hemos ido haciendo. Podemos darle solidez y seguridad normativa en cuanto decaigan los sistemas excepcionales que tenemos en un momento de crisis sanitaria\u201d.<\/div>\n<div>\u00a0<\/div>\n<div><u><strong>El papel de la oficina de farmacia en la cronicidad<\/strong><\/u><\/div>\n<div>\u00a0<\/div>\n<div><strong>Laura Gom\u00e0<\/strong> ha afirmado que \u201clos farmac\u00e9uticos tenemos muchos datos del paciente cr\u00f3nico que a la Atenci\u00f3n Primaria le interesan much\u00edsimo. Le podemos sacar m\u00e1s partido a la receta electr\u00f3nica, pero la mensajer\u00eda se tiene que mejorar, porque le faltan funcionalidades y se queda muy corta\u201d.\u00a0<\/div>\n<div>\u00a0<\/div>\n<div>Por otro lado, <strong>Caridad Pontes<\/strong> ha apuntado que desde la Administraci\u00f3n \u201c<strong>podemos colaborar m\u00e1s con las oficinas de farmacia<\/strong>. Pero sobre todo tenemos que<strong> potenciar todo aquello que<\/strong> <strong>hacemos porque tiene sentido hacerlo en proximidad<\/strong>, aumentando las fortalezas y garantizando que cada cual hace aquello que m\u00e1s valor aporta\u201d, ha afirmado.<\/div>\n<div>\u00a0<\/div>\n<div>Para <strong>S\u00f2nia Mart\u00ednez<\/strong>, una <strong>mejor comunicaci\u00f3n<\/strong> pasa por protocolizar y definir bien los objetivos de las distintas actuaciones que se lleven a cabo. \u201cDeterminar la eficiencia es clave. Debemos preguntarnos: \u00bfQu\u00e9 pueden ofrecer los farmac\u00e9uticos y qu\u00e9 les podemos ofrecer desde Atenci\u00f3n Primaria? Tenemos que dialogar entre personas implicadas, aportando datos, vivencias, ideas.\u201d<\/div>\n<div>\u00a0<\/div>\n<div>En este sentido, Rafael Ruiz ha defendido el papel de los farmac\u00e9uticos comunitarios \u201cen la prevenci\u00f3n de la enfermedad y promoci\u00f3n de la salud\u201d. Por ello, seg\u00fan Ruiz, \u201ces b\u00e1sica la coordinaci\u00f3n con Atenci\u00f3n Primaria. Seguro que le podemos sacar m\u00e1s partido a la red de farmacias. Si en la comunidad tenemos experiencias buenas y potentes debemos escalarlas. Es decir, actuar en local y pensar en global\u201d. Y ha a\u00f1adido: \u201cComo m\u00e9dico, tambi\u00e9n ve\u00eda claramente que no puede ser que cuando el paciente sale de la consulta dejemos de tener informaci\u00f3n. La informaci\u00f3n que recoge la oficina de farmacia es b\u00e1sica que podamos compartirla, discutir y, a partir de aqu\u00ed, tomar decisiones sobre los pacientes\u201d.<\/div>\n<div>\u00a0<\/div>\n<div>Hablando del futuro del seguimiento de los pacientes cr\u00f3nicos, <strong>Laura Gom\u00e0<\/strong> ha realizado la siguiente reflexi\u00f3n: <strong>\u201cIncorporar m\u00e1s servicios y hacer cogesti\u00f3n del paciente cr\u00f3nico lo veo indispensable y tengo muchas ganas<\/strong>. Pero tambi\u00e9n debemos tener en cuenta que ir hacia una gesti\u00f3n m\u00e1s tecnol\u00f3gica y progresar requiere una retribuci\u00f3n econ\u00f3mica\u201d.\u00a0<\/div>\n<div>\u00a0<\/div>\n<div>Como <strong>conclusiones principales<\/strong> de la ponencia, Guillermo Bagar\u00eda ha destacado que a la hora de hacer un seguimiento del paciente cr\u00f3nico hay que tener en cuenta la importancia de aportar valor, desburocratizar, dialogar entre profesionales sanitarios y globalizar aquellas actuaciones locales exitosas para poder pasar del debate de las ideas a los hechos.<\/div>\n<div>\u00a0<\/div>\n<div><em>El <strong>Congreso de Infarma Virtual 2021<\/strong> cuenta con el patrocinio de CarbonellFarma, Essity y FarmaQuatrium como <strong>patrocinadores oro<\/strong>; y Bancofar, Cinfa, Cofares, Farmanager y Kern Pharma como <strong>patrocinadores plata<\/strong>.<\/em><\/div>\n<p>\u00a0\u2022 La ponencia \u201cImpacto de la pandemia en el abordaje y seguimiento del paciente cr\u00f3nico: qu\u00e9 podemos aportar los farmac\u00e9uticos\u201d, celebrada hoy en el marco de Infarma Virtual 2021, ha analizado en profundidad el impacto de la pandemia en el abordaje del paciente cr\u00f3nico y c\u00f3mo se puede mejorar de cara al futuro<\/p>\n<p>\u00a0<\/p>\n<p>\u2022 La comunicaci\u00f3n y la coordinaci\u00f3n entre Atenci\u00f3n Primaria y Oficinas de Farmacia es fundamental en este sentido, junto con la importancia de aportar valor, desburocratizar, dialogar entre profesionales sanitarios y globalizar aquellas actuaciones locales exitosas<\/p>\n<p>\u00a0<\/p>\n<p>Madrid\/Barcelona, 15 de junio. La dificultad de acceso a la Atenci\u00f3n Primaria durante la pandemia ha implicado una p\u00e9rdida en el buen control de los pacientes cr\u00f3nicos. A partir de esta reflexi\u00f3n, Guillermo Bagar\u00eda, vocal de Oficina de Farmacia del COF de Barcelona, ha ido desgranando, como moderador de la segunda mesa de Infarma Virtual 2021, los distintos aspectos del impacto provocado por la pandemia en el abordaje y seguimiento del paciente cr\u00f3nico.\u00a0<\/p>\n<p>La mesa redonda ha contado con las intervenciones de Laura Gom\u00e0, farmac\u00e9utica comunitaria y vocal de la Junta de Gobierno del COF de Barcelona; S\u00f2nia Mart\u00ednez, m\u00e9dica adjunta a la direcci\u00f3n del Servicio de Atenci\u00f3n Primaria Delta del Llobregat; Caridad Pontes, gerente del Medicamento del Servei Catal\u00e0 de la Salut, y Rafael Ruiz, director estrat\u00e9gico de Atenci\u00f3n Primaria del Departament de Salut de la Generalitat de Catalunya.\u00a0<\/p>\n<p>\u00a0<\/p>\n<p>Potencial asistencial del farmac\u00e9utico durante la pandemia<\/p>\n<p>\u00a0<\/p>\n<p>Para Rafael Ruiz, \u201cla pandemia ha sido un terremoto que lo ha sacudido todo y ha provocado cambios en la manera de relacionarnos y trabajar. La Atenci\u00f3n Primaria tuvo que centrarse en los enfermos agudos y posponer el seguimiento de patolog\u00edas cr\u00f3nicas. Si antes de la pandemia el buen control de los diab\u00e9ticos se situaba en torno al 75%, el porcentaje disminuy\u00f3 al 40% a ra\u00edz de la COVID-19. Por suerte, con la vacunaci\u00f3n masiva las cifras van aumentando, todav\u00eda lejos de los objetivos\u201d.\u00a0<\/p>\n<p>\u00a0<\/p>\n<p>S\u00f2nia Mart\u00ednez ha coincidido con Ruiz: \u201cLa pandemia ha provocado una afectaci\u00f3n radical tanto a los pacientes como a los profesionales\u201d. Y ha defendido un enfoque hol\u00edstico de la salud, dando importancia a la orientaci\u00f3n al paciente y al bienestar emocional y social de este. Adem\u00e1s, ha destacado que la comunicaci\u00f3n entre Atenci\u00f3n Primaria y las oficinas de farmacia es crucial para dar respuesta a las enfermedades cr\u00f3nicas. \u201cHay que sumar recursos, trabajar con l\u00edneas y objetivos comunes, ver qu\u00e9 necesidades hay y conseguir que el paciente se sienta acompa\u00f1ado, que gane confianza\u201d, ha explicado.<\/p>\n<p>\u00a0<\/p>\n<p>Laura Gom\u00e0, farmac\u00e9utica comunitaria en Santa Coloma de Gramenet y vocal de la Junta de Gobierno del COFB, ha expuesto su experiencia profesional desde el comienzo de la pandemia, trabajando en una ciudad del \u00e1rea metropolitana de Barcelona \u201ccon elevada densidad de poblaci\u00f3n, en un barrio econ\u00f3micamente desfavorecido y con mucha inmigraci\u00f3n\u201d. Al principio de la pandemia \u201ctuvimos que hacer una labor de contenci\u00f3n de estos pacientes, que acud\u00edan a la farmacia en busca de mascarillas, gel e informaci\u00f3n. Luego, en una segunda fase, nos centramos m\u00e1s en el paciente cr\u00f3nico, que ten\u00eda dificultades para acceder a su m\u00e9dico de cabecera, haciendo controles de glucemias, tensi\u00f3n, control de peso en pacientes diab\u00e9ticos\u2026\u201d. Para Gom\u00e0, fueron muy importantes iniciativas como la red de voluntarios para acercar la medicaci\u00f3n a personas vulnerables, dispensar los MHDA o poder alargar el tratamiento a pacientes cr\u00f3nicos que no pod\u00eda contactar con el m\u00e9dico de cabecera.<\/p>\n<p>\u00a0<\/p>\n<p>Caridad Pontes ha explicado que desde el Servei Catal\u00e0 de la Salut \u201cen muy poco tiempo nos encontramos con necesidades que requer\u00edan atenci\u00f3n\u201d. Por suerte, \u201cel terreno estaba abonado, con iniciativas que ya se hab\u00edan ido trabajando y nos permitieron empezar a dar respuesta a esta necesidad\u201d. Adem\u00e1s, \u201cten\u00edamos una red de farmacias muy bien conectada y dispuesta a ayudar. El Consell de Col\u00b7legis Farmac\u00e8utics de Catalunya (CCFC)\u00a0 tuvo una capacidad de reacci\u00f3n muy grande y pudimos trabajar de manera colaborativa\u201d. Mirando al futuro ha destacado que \u201ctenemos la oportunidad de catalizar y cristalizar todo lo que hemos ido haciendo. Podemos darle solidez y seguridad normativa en cuanto decaigan los sistemas excepcionales que tenemos en un momento de crisis sanitaria\u201d.<\/p>\n<p>\u00a0<\/p>\n<p>El papel de la oficina de farmacia en la cronicidad<\/p>\n<p>\u00a0<\/p>\n<p>Laura Gom\u00e0 ha afirmado que \u201clos farmac\u00e9uticos tenemos muchos datos del paciente cr\u00f3nico que a la Atenci\u00f3n Primaria le interesan much\u00edsimo. Le podemos sacar m\u00e1s partido a la receta electr\u00f3nica, pero la mensajer\u00eda se tiene que mejorar, porque le faltan funcionalidades y se queda muy corta\u201d.\u00a0<\/p>\n<p>\u00a0<\/p>\n<p>Por otro lado, Caridad Pontes ha apuntado que desde la Administraci\u00f3n \u201cpodemos colaborar m\u00e1s con las oficinas de farmacia. Pero sobre todo tenemos que potenciar todo aquello que hacemos porque tiene sentido hacerlo en proximidad, aumentando las fortalezas y garantizando que cada cual hace aquello que m\u00e1s valor aporta\u201d, ha afirmado.<\/p>\n<p>\u00a0<\/p>\n<p>Para S\u00f2nia Mart\u00ednez, una mejor comunicaci\u00f3n pasa por protocolizar y definir bien los objetivos de las distintas actuaciones que se lleven a cabo. \u201cDeterminar la eficiencia es clave. Debemos preguntarnos: \u00bfQu\u00e9 pueden ofrecer los farmac\u00e9uticos y qu\u00e9 les podemos ofrecer desde Atenci\u00f3n Primaria? Tenemos que dialogar entre personas implicadas, aportando datos, vivencias, ideas.\u201d<\/p>\n<p>\u00a0<\/p>\n<p>En este sentido, Rafael Ruiz ha defendido el papel de los farmac\u00e9uticos comunitarios \u201cen la prevenci\u00f3n de la enfermedad y promoci\u00f3n de la salud\u201d. Por ello, seg\u00fan Ruiz, \u201ces b\u00e1sica la coordinaci\u00f3n con Atenci\u00f3n Primaria. Seguro que le podemos sacar m\u00e1s partido a la red de farmacias. Si en la comunidad tenemos experiencias buenas y potentes debemos escalarlas. Es decir, actuar en local y pensar en global\u201d. Y ha a\u00f1adido: \u201cComo m\u00e9dico, tambi\u00e9n ve\u00eda claramente que no puede ser que cuando el paciente sale de la consulta dejemos de tener informaci\u00f3n. La informaci\u00f3n que recoge la oficina de farmacia es b\u00e1sica que podamos compartirla, discutir y, a partir de aqu\u00ed, tomar decisiones sobre los pacientes\u201d.<\/p>\n<p>\u00a0<\/p>\n<p>Hablando del futuro del seguimiento de los pacientes cr\u00f3nicos, Laura Gom\u00e0 ha realizado la siguiente reflexi\u00f3n: \u201cIncorporar m\u00e1s servicios y hacer cogesti\u00f3n del paciente cr\u00f3nico lo veo indispensable y tengo muchas ganas. Pero tambi\u00e9n debemos tener en cuenta que ir hacia una gesti\u00f3n m\u00e1s tecnol\u00f3gica y progresar requiere una retribuci\u00f3n econ\u00f3mica\u201d.\u00a0<\/p>\n<p>\u00a0<\/p>\n<p>Como conclusiones principales de la ponencia, Guillermo Bagar\u00eda ha destacado que a la hora de hacer un seguimiento del paciente cr\u00f3nico hay que tener en cuenta la importancia de aportar valor, desburocratizar, dialogar entre profesionales sanitarios y globalizar aquellas actuaciones locales exitosas para poder pasar del debate de las ideas a los hechos.<\/p>\n<p>\u00a0<\/p>\n<p>El Congreso de Infarma Virtual 2021 cuenta con el patrocinio de CarbonellFarma, Essity y FarmaQuatrium como patrocinadores oro; y Bancofar, Cinfa, Cofares, Farmanager y Kern Pharma como patrocinadores plata.\u00a0\u00a0COFB.ORG<\/p>\n","protected":false},"excerpt":{"rendered":"<p>\u00a0 \u2022 La ponencia \u201cImpacto de la pandemia en el abordaje y seguimiento del paciente cr\u00f3nico: qu\u00e9 podemos aportar los farmac\u00e9uticos\u201d, celebrada hoy en el marco de Infarma Virtual 2021, ha analizado en profundidad el impacto de la pandemia en el abordaje del paciente cr\u00f3nico y c\u00f3mo se puede mejorar [&hellip;]<\/p>\n","protected":false},"author":1,"featured_media":0,"comment_status":"","ping_status":"","sticky":false,"template":"","format":"standard","meta":{"_uag_custom_page_level_css":"","site-sidebar-layout":"default","site-content-layout":"","ast-site-content-layout":"default","site-content-style":"default","site-sidebar-style":"default","ast-global-header-display":"","ast-banner-title-visibility":"","ast-main-header-display":"","ast-hfb-above-header-display":"","ast-hfb-below-header-display":"","ast-hfb-mobile-header-display":"","site-post-title":"","ast-breadcrumbs-content":"","ast-featured-img":"disabled","footer-sml-layout":"","theme-transparent-header-meta":"","adv-header-id-meta":"","stick-header-meta":"","header-above-stick-meta":"","header-main-stick-meta":"","header-below-stick-meta":"","astra-migrate-meta-layouts":"default","ast-page-background-enabled":"default","ast-page-background-meta":{"desktop":{"background-color":"var(--ast-global-color-4)","background-image":"","background-repeat":"repeat","background-position":"center center","background-size":"auto","background-attachment":"scroll","background-type":"","background-media":"","overlay-type":"","overlay-color":"","overlay-opacity":"","overlay-gradient":""},"tablet":{"background-color":"","background-image":"","background-repeat":"repeat","background-position":"center center","background-size":"auto","background-attachment":"scroll","background-type":"","background-media":"","overlay-type":"","overlay-color":"","overlay-opacity":"","overlay-gradient":""},"mobile":{"background-color":"","background-image":"","background-repeat":"repeat","background-position":"center center","background-size":"auto","background-attachment":"scroll","background-type":"","background-media":"","overlay-type":"","overlay-color":"","overlay-opacity":"","overlay-gradient":""}},"ast-content-background-meta":{"desktop":{"background-color":"var(--ast-global-color-5)","background-image":"","background-repeat":"repeat","background-position":"center center","background-size":"auto","background-attachment":"scroll","background-type":"","background-media":"","overlay-type":"","overlay-color":"","overlay-opacity":"","overlay-gradient":""},"tablet":{"background-color":"var(--ast-global-color-5)","background-image":"","background-repeat":"repeat","background-position":"center center","background-size":"auto","background-attachment":"scroll","background-type":"","background-media":"","overlay-type":"","overlay-color":"","overlay-opacity":"","overlay-gradient":""},"mobile":{"background-color":"var(--ast-global-color-5)","background-image":"","background-repeat":"repeat","background-position":"center center","background-size":"auto","background-attachment":"scroll","background-type":"","background-media":"","overlay-type":"","overlay-color":"","overlay-opacity":"","overlay-gradient":""}},"footnotes":""},"categories":[1060,1066],"tags":[],"class_list":["post-77061","post","type-post","status-publish","format-standard","hentry","category-notes-premsa","category-sense-categoria-ca"],"yoast_head":"<!-- This site is optimized with the Yoast SEO plugin v22.4 - https:\/\/yoast.com\/wordpress\/plugins\/seo\/ -->\n<title>M\u00e1s comunicaci\u00f3n y coordinaci\u00f3n entre la Atenci\u00f3n Primaria y las oficinas de farmacia, clave para el abordaje y seguimiento compartido del paciente cr\u00f3nico - Col\u00b7legi de Farmac\u00e8utics de Barcelona<\/title>\n<meta name=\"robots\" content=\"index, follow, max-snippet:-1, max-image-preview:large, max-video-preview:-1\" \/>\n<link rel=\"canonical\" href=\"https:\/\/novaorg.cofb.net\/2021\/06\/15\/mas-comunicacion-y-coordinacion-entre-la-atencion-primaria-y-las-oficinas-de-farmacia-clave-para-el-abordaje-y-seguimiento-compartido-del-paciente-cronico\/\" \/>\n<meta property=\"og:locale\" content=\"ca_ES\" \/>\n<meta property=\"og:type\" content=\"article\" \/>\n<meta property=\"og:title\" content=\"M\u00e1s comunicaci\u00f3n y coordinaci\u00f3n entre la Atenci\u00f3n Primaria y las oficinas de farmacia, clave para el abordaje y seguimiento compartido del paciente cr\u00f3nico - Col\u00b7legi de Farmac\u00e8utics de Barcelona\" \/>\n<meta property=\"og:description\" content=\"\u00a0 \u2022 La ponencia \u201cImpacto de la pandemia en el abordaje y seguimiento del paciente cr\u00f3nico: qu\u00e9 podemos aportar los farmac\u00e9uticos\u201d, celebrada hoy en el marco de Infarma Virtual 2021, ha analizado en profundidad el impacto de la pandemia en el abordaje del paciente cr\u00f3nico y c\u00f3mo se puede mejorar [&hellip;]\" \/>\n<meta property=\"og:url\" content=\"https:\/\/novaorg.cofb.net\/2021\/06\/15\/mas-comunicacion-y-coordinacion-entre-la-atencion-primaria-y-las-oficinas-de-farmacia-clave-para-el-abordaje-y-seguimiento-compartido-del-paciente-cronico\/\" \/>\n<meta property=\"og:site_name\" content=\"Col\u00b7legi de Farmac\u00e8utics de Barcelona\" \/>\n<meta property=\"article:publisher\" content=\"https:\/\/www.facebook.com\/farmaceuticsbcn\/\" \/>\n<meta property=\"article:published_time\" content=\"2021-06-15T18:38:00+00:00\" \/>\n<meta name=\"author\" content=\"wpAdminCofbOrg\" \/>\n<meta name=\"twitter:card\" content=\"summary_large_image\" \/>\n<meta name=\"twitter:creator\" content=\"@farmaceuticsbcn\" \/>\n<meta name=\"twitter:site\" content=\"@farmaceuticsbcn\" \/>\n<meta name=\"twitter:label1\" content=\"Escrit per\" \/>\n\t<meta name=\"twitter:data1\" content=\"wpAdminCofbOrg\" \/>\n\t<meta name=\"twitter:label2\" content=\"Temps estimat de lectura\" \/>\n\t<meta name=\"twitter:data2\" content=\"12 minuts\" \/>\n<script type=\"application\/ld+json\" class=\"yoast-schema-graph\">{\"@context\":\"https:\/\/schema.org\",\"@graph\":[{\"@type\":\"Article\",\"@id\":\"https:\/\/novaorg.cofb.net\/2021\/06\/15\/mas-comunicacion-y-coordinacion-entre-la-atencion-primaria-y-las-oficinas-de-farmacia-clave-para-el-abordaje-y-seguimiento-compartido-del-paciente-cronico\/#article\",\"isPartOf\":{\"@id\":\"https:\/\/novaorg.cofb.net\/2021\/06\/15\/mas-comunicacion-y-coordinacion-entre-la-atencion-primaria-y-las-oficinas-de-farmacia-clave-para-el-abordaje-y-seguimiento-compartido-del-paciente-cronico\/\"},\"author\":{\"name\":\"wpAdminCofbOrg\",\"@id\":\"https:\/\/www.cofb.org\/#\/schema\/person\/22ed7eea88da74b0fa4d3154ad87ffcb\"},\"headline\":\"M\u00e1s comunicaci\u00f3n y coordinaci\u00f3n entre la Atenci\u00f3n Primaria y las oficinas de farmacia, clave para el abordaje y seguimiento compartido del paciente cr\u00f3nico\",\"datePublished\":\"2021-06-15T18:38:00+00:00\",\"dateModified\":\"2021-06-15T18:38:00+00:00\",\"mainEntityOfPage\":{\"@id\":\"https:\/\/novaorg.cofb.net\/2021\/06\/15\/mas-comunicacion-y-coordinacion-entre-la-atencion-primaria-y-las-oficinas-de-farmacia-clave-para-el-abordaje-y-seguimiento-compartido-del-paciente-cronico\/\"},\"wordCount\":2418,\"publisher\":{\"@id\":\"https:\/\/www.cofb.org\/#organization\"},\"articleSection\":[\"Notes de premsa\"],\"inLanguage\":\"ca\"},{\"@type\":\"WebPage\",\"@id\":\"https:\/\/novaorg.cofb.net\/2021\/06\/15\/mas-comunicacion-y-coordinacion-entre-la-atencion-primaria-y-las-oficinas-de-farmacia-clave-para-el-abordaje-y-seguimiento-compartido-del-paciente-cronico\/\",\"url\":\"https:\/\/novaorg.cofb.net\/2021\/06\/15\/mas-comunicacion-y-coordinacion-entre-la-atencion-primaria-y-las-oficinas-de-farmacia-clave-para-el-abordaje-y-seguimiento-compartido-del-paciente-cronico\/\",\"name\":\"M\u00e1s comunicaci\u00f3n y coordinaci\u00f3n entre la Atenci\u00f3n Primaria y las oficinas de farmacia, clave para el abordaje y seguimiento compartido del paciente cr\u00f3nico - Col\u00b7legi de Farmac\u00e8utics de Barcelona\",\"isPartOf\":{\"@id\":\"https:\/\/www.cofb.org\/#website\"},\"datePublished\":\"2021-06-15T18:38:00+00:00\",\"dateModified\":\"2021-06-15T18:38:00+00:00\",\"breadcrumb\":{\"@id\":\"https:\/\/novaorg.cofb.net\/2021\/06\/15\/mas-comunicacion-y-coordinacion-entre-la-atencion-primaria-y-las-oficinas-de-farmacia-clave-para-el-abordaje-y-seguimiento-compartido-del-paciente-cronico\/#breadcrumb\"},\"inLanguage\":\"ca\",\"potentialAction\":[{\"@type\":\"ReadAction\",\"target\":[\"https:\/\/novaorg.cofb.net\/2021\/06\/15\/mas-comunicacion-y-coordinacion-entre-la-atencion-primaria-y-las-oficinas-de-farmacia-clave-para-el-abordaje-y-seguimiento-compartido-del-paciente-cronico\/\"]}]},{\"@type\":\"BreadcrumbList\",\"@id\":\"https:\/\/novaorg.cofb.net\/2021\/06\/15\/mas-comunicacion-y-coordinacion-entre-la-atencion-primaria-y-las-oficinas-de-farmacia-clave-para-el-abordaje-y-seguimiento-compartido-del-paciente-cronico\/#breadcrumb\",\"itemListElement\":[{\"@type\":\"ListItem\",\"position\":1,\"name\":\"Inici\",\"item\":\"https:\/\/novaorg.cofb.net\/\"},{\"@type\":\"ListItem\",\"position\":2,\"name\":\"M\u00e1s comunicaci\u00f3n y coordinaci\u00f3n entre la Atenci\u00f3n Primaria y las oficinas de farmacia, clave para el abordaje y seguimiento compartido del paciente cr\u00f3nico\"}]},{\"@type\":\"WebSite\",\"@id\":\"https:\/\/www.cofb.org\/#website\",\"url\":\"https:\/\/www.cofb.org\/\",\"name\":\"Col\u00b7legi de Farmac\u00e8utics de Barcelona\",\"description\":\"\",\"publisher\":{\"@id\":\"https:\/\/www.cofb.org\/#organization\"},\"potentialAction\":[{\"@type\":\"SearchAction\",\"target\":{\"@type\":\"EntryPoint\",\"urlTemplate\":\"https:\/\/www.cofb.org\/?s={search_term_string}\"},\"query-input\":\"required name=search_term_string\"}],\"inLanguage\":\"ca\"},{\"@type\":\"Organization\",\"@id\":\"https:\/\/www.cofb.org\/#organization\",\"name\":\"Col\u00b7legi de Farmac\u00e8utics de Barcelona\",\"url\":\"https:\/\/www.cofb.org\/\",\"logo\":{\"@type\":\"ImageObject\",\"inLanguage\":\"ca\",\"@id\":\"https:\/\/www.cofb.org\/#\/schema\/logo\/image\/\",\"url\":\"https:\/\/www.cofb.org\/wp-content\/uploads\/2023\/11\/cropped-Logotip-COFB.png\",\"contentUrl\":\"https:\/\/www.cofb.org\/wp-content\/uploads\/2023\/11\/cropped-Logotip-COFB.png\",\"width\":500,\"height\":105,\"caption\":\"Col\u00b7legi de Farmac\u00e8utics de Barcelona\"},\"image\":{\"@id\":\"https:\/\/www.cofb.org\/#\/schema\/logo\/image\/\"},\"sameAs\":[\"https:\/\/www.facebook.com\/farmaceuticsbcn\/\",\"https:\/\/twitter.com\/farmaceuticsbcn\",\"https:\/\/www.instagram.com\/farmaceuticsbcn\/\",\"https:\/\/www.linkedin.com\/company\/farmaceuticsbcn\/\"]},{\"@type\":\"Person\",\"@id\":\"https:\/\/www.cofb.org\/#\/schema\/person\/22ed7eea88da74b0fa4d3154ad87ffcb\",\"name\":\"wpAdminCofbOrg\",\"image\":{\"@type\":\"ImageObject\",\"inLanguage\":\"ca\",\"@id\":\"https:\/\/www.cofb.org\/#\/schema\/person\/image\/\",\"url\":\"https:\/\/secure.gravatar.com\/avatar\/1721b20b3b8ca882c3b56ec6c978c594fff670e40c0718e9190eaeeb76aae7d8?s=96&d=mm&r=g\",\"contentUrl\":\"https:\/\/secure.gravatar.com\/avatar\/1721b20b3b8ca882c3b56ec6c978c594fff670e40c0718e9190eaeeb76aae7d8?s=96&d=mm&r=g\",\"caption\":\"wpAdminCofbOrg\"},\"sameAs\":[\"http:\/\/192.168.64.122\/wordpress\"],\"url\":\"https:\/\/www.cofb.org\/ca\/author\/wpadmincofborg\/\"}]}<\/script>\n<!-- \/ Yoast SEO plugin. -->","yoast_head_json":{"title":"M\u00e1s comunicaci\u00f3n y coordinaci\u00f3n entre la Atenci\u00f3n Primaria y las oficinas de farmacia, clave para el abordaje y seguimiento compartido del paciente cr\u00f3nico - Col\u00b7legi de Farmac\u00e8utics de Barcelona","robots":{"index":"index","follow":"follow","max-snippet":"max-snippet:-1","max-image-preview":"max-image-preview:large","max-video-preview":"max-video-preview:-1"},"canonical":"https:\/\/novaorg.cofb.net\/2021\/06\/15\/mas-comunicacion-y-coordinacion-entre-la-atencion-primaria-y-las-oficinas-de-farmacia-clave-para-el-abordaje-y-seguimiento-compartido-del-paciente-cronico\/","og_locale":"ca_ES","og_type":"article","og_title":"M\u00e1s comunicaci\u00f3n y coordinaci\u00f3n entre la Atenci\u00f3n Primaria y las oficinas de farmacia, clave para el abordaje y seguimiento compartido del paciente cr\u00f3nico - Col\u00b7legi de Farmac\u00e8utics de Barcelona","og_description":"\u00a0 \u2022 La ponencia \u201cImpacto de la pandemia en el abordaje y seguimiento del paciente cr\u00f3nico: qu\u00e9 podemos aportar los farmac\u00e9uticos\u201d, celebrada hoy en el marco de Infarma Virtual 2021, ha analizado en profundidad el impacto de la pandemia en el abordaje del paciente cr\u00f3nico y c\u00f3mo se puede mejorar [&hellip;]","og_url":"https:\/\/novaorg.cofb.net\/2021\/06\/15\/mas-comunicacion-y-coordinacion-entre-la-atencion-primaria-y-las-oficinas-de-farmacia-clave-para-el-abordaje-y-seguimiento-compartido-del-paciente-cronico\/","og_site_name":"Col\u00b7legi de Farmac\u00e8utics de Barcelona","article_publisher":"https:\/\/www.facebook.com\/farmaceuticsbcn\/","article_published_time":"2021-06-15T18:38:00+00:00","author":"wpAdminCofbOrg","twitter_card":"summary_large_image","twitter_creator":"@farmaceuticsbcn","twitter_site":"@farmaceuticsbcn","twitter_misc":{"Escrit per":"wpAdminCofbOrg","Temps estimat de lectura":"12 minuts"},"schema":{"@context":"https:\/\/schema.org","@graph":[{"@type":"Article","@id":"https:\/\/novaorg.cofb.net\/2021\/06\/15\/mas-comunicacion-y-coordinacion-entre-la-atencion-primaria-y-las-oficinas-de-farmacia-clave-para-el-abordaje-y-seguimiento-compartido-del-paciente-cronico\/#article","isPartOf":{"@id":"https:\/\/novaorg.cofb.net\/2021\/06\/15\/mas-comunicacion-y-coordinacion-entre-la-atencion-primaria-y-las-oficinas-de-farmacia-clave-para-el-abordaje-y-seguimiento-compartido-del-paciente-cronico\/"},"author":{"name":"wpAdminCofbOrg","@id":"https:\/\/www.cofb.org\/#\/schema\/person\/22ed7eea88da74b0fa4d3154ad87ffcb"},"headline":"M\u00e1s comunicaci\u00f3n y coordinaci\u00f3n entre la Atenci\u00f3n Primaria y las oficinas de farmacia, clave para el abordaje y seguimiento compartido del paciente cr\u00f3nico","datePublished":"2021-06-15T18:38:00+00:00","dateModified":"2021-06-15T18:38:00+00:00","mainEntityOfPage":{"@id":"https:\/\/novaorg.cofb.net\/2021\/06\/15\/mas-comunicacion-y-coordinacion-entre-la-atencion-primaria-y-las-oficinas-de-farmacia-clave-para-el-abordaje-y-seguimiento-compartido-del-paciente-cronico\/"},"wordCount":2418,"publisher":{"@id":"https:\/\/www.cofb.org\/#organization"},"articleSection":["Notes de premsa"],"inLanguage":"ca"},{"@type":"WebPage","@id":"https:\/\/novaorg.cofb.net\/2021\/06\/15\/mas-comunicacion-y-coordinacion-entre-la-atencion-primaria-y-las-oficinas-de-farmacia-clave-para-el-abordaje-y-seguimiento-compartido-del-paciente-cronico\/","url":"https:\/\/novaorg.cofb.net\/2021\/06\/15\/mas-comunicacion-y-coordinacion-entre-la-atencion-primaria-y-las-oficinas-de-farmacia-clave-para-el-abordaje-y-seguimiento-compartido-del-paciente-cronico\/","name":"M\u00e1s comunicaci\u00f3n y coordinaci\u00f3n entre la Atenci\u00f3n Primaria y las oficinas de farmacia, clave para el abordaje y seguimiento compartido del paciente cr\u00f3nico - Col\u00b7legi de Farmac\u00e8utics de Barcelona","isPartOf":{"@id":"https:\/\/www.cofb.org\/#website"},"datePublished":"2021-06-15T18:38:00+00:00","dateModified":"2021-06-15T18:38:00+00:00","breadcrumb":{"@id":"https:\/\/novaorg.cofb.net\/2021\/06\/15\/mas-comunicacion-y-coordinacion-entre-la-atencion-primaria-y-las-oficinas-de-farmacia-clave-para-el-abordaje-y-seguimiento-compartido-del-paciente-cronico\/#breadcrumb"},"inLanguage":"ca","potentialAction":[{"@type":"ReadAction","target":["https:\/\/novaorg.cofb.net\/2021\/06\/15\/mas-comunicacion-y-coordinacion-entre-la-atencion-primaria-y-las-oficinas-de-farmacia-clave-para-el-abordaje-y-seguimiento-compartido-del-paciente-cronico\/"]}]},{"@type":"BreadcrumbList","@id":"https:\/\/novaorg.cofb.net\/2021\/06\/15\/mas-comunicacion-y-coordinacion-entre-la-atencion-primaria-y-las-oficinas-de-farmacia-clave-para-el-abordaje-y-seguimiento-compartido-del-paciente-cronico\/#breadcrumb","itemListElement":[{"@type":"ListItem","position":1,"name":"Inici","item":"https:\/\/novaorg.cofb.net\/"},{"@type":"ListItem","position":2,"name":"M\u00e1s comunicaci\u00f3n y coordinaci\u00f3n entre la Atenci\u00f3n Primaria y las oficinas de farmacia, clave para el abordaje y seguimiento compartido del paciente cr\u00f3nico"}]},{"@type":"WebSite","@id":"https:\/\/www.cofb.org\/#website","url":"https:\/\/www.cofb.org\/","name":"Col\u00b7legi de Farmac\u00e8utics de Barcelona","description":"","publisher":{"@id":"https:\/\/www.cofb.org\/#organization"},"potentialAction":[{"@type":"SearchAction","target":{"@type":"EntryPoint","urlTemplate":"https:\/\/www.cofb.org\/?s={search_term_string}"},"query-input":"required name=search_term_string"}],"inLanguage":"ca"},{"@type":"Organization","@id":"https:\/\/www.cofb.org\/#organization","name":"Col\u00b7legi de Farmac\u00e8utics de Barcelona","url":"https:\/\/www.cofb.org\/","logo":{"@type":"ImageObject","inLanguage":"ca","@id":"https:\/\/www.cofb.org\/#\/schema\/logo\/image\/","url":"https:\/\/www.cofb.org\/wp-content\/uploads\/2023\/11\/cropped-Logotip-COFB.png","contentUrl":"https:\/\/www.cofb.org\/wp-content\/uploads\/2023\/11\/cropped-Logotip-COFB.png","width":500,"height":105,"caption":"Col\u00b7legi de Farmac\u00e8utics de Barcelona"},"image":{"@id":"https:\/\/www.cofb.org\/#\/schema\/logo\/image\/"},"sameAs":["https:\/\/www.facebook.com\/farmaceuticsbcn\/","https:\/\/twitter.com\/farmaceuticsbcn","https:\/\/www.instagram.com\/farmaceuticsbcn\/","https:\/\/www.linkedin.com\/company\/farmaceuticsbcn\/"]},{"@type":"Person","@id":"https:\/\/www.cofb.org\/#\/schema\/person\/22ed7eea88da74b0fa4d3154ad87ffcb","name":"wpAdminCofbOrg","image":{"@type":"ImageObject","inLanguage":"ca","@id":"https:\/\/www.cofb.org\/#\/schema\/person\/image\/","url":"https:\/\/secure.gravatar.com\/avatar\/1721b20b3b8ca882c3b56ec6c978c594fff670e40c0718e9190eaeeb76aae7d8?s=96&d=mm&r=g","contentUrl":"https:\/\/secure.gravatar.com\/avatar\/1721b20b3b8ca882c3b56ec6c978c594fff670e40c0718e9190eaeeb76aae7d8?s=96&d=mm&r=g","caption":"wpAdminCofbOrg"},"sameAs":["http:\/\/192.168.64.122\/wordpress"],"url":"https:\/\/www.cofb.org\/ca\/author\/wpadmincofborg\/"}]}},"uagb_featured_image_src":{"full":false,"thumbnail":false,"medium":false,"medium_large":false,"large":false,"1536x1536":false,"2048x2048":false,"trp-custom-language-flag":false},"uagb_author_info":{"display_name":"wpAdminCofbOrg","author_link":"https:\/\/www.cofb.org\/ca\/author\/wpadmincofborg\/"},"uagb_comment_info":0,"uagb_excerpt":"\u00a0 \u2022 La ponencia \u201cImpacto de la pandemia en el abordaje y seguimiento del paciente cr\u00f3nico: qu\u00e9 podemos aportar los farmac\u00e9uticos\u201d, celebrada hoy en el marco de Infarma Virtual 2021, ha analizado en profundidad el impacto de la pandemia en el abordaje del paciente cr\u00f3nico y c\u00f3mo se puede mejorar [&hellip;]","_links":{"self":[{"href":"https:\/\/www.cofb.org\/ca\/wp-json\/wp\/v2\/posts\/77061","targetHints":{"allow":["GET"]}}],"collection":[{"href":"https:\/\/www.cofb.org\/ca\/wp-json\/wp\/v2\/posts"}],"about":[{"href":"https:\/\/www.cofb.org\/ca\/wp-json\/wp\/v2\/types\/post"}],"author":[{"embeddable":true,"href":"https:\/\/www.cofb.org\/ca\/wp-json\/wp\/v2\/users\/1"}],"replies":[{"embeddable":true,"href":"https:\/\/www.cofb.org\/ca\/wp-json\/wp\/v2\/comments?post=77061"}],"version-history":[{"count":0,"href":"https:\/\/www.cofb.org\/ca\/wp-json\/wp\/v2\/posts\/77061\/revisions"}],"wp:attachment":[{"href":"https:\/\/www.cofb.org\/ca\/wp-json\/wp\/v2\/media?parent=77061"}],"wp:term":[{"taxonomy":"category","embeddable":true,"href":"https:\/\/www.cofb.org\/ca\/wp-json\/wp\/v2\/categories?post=77061"},{"taxonomy":"post_tag","embeddable":true,"href":"https:\/\/www.cofb.org\/ca\/wp-json\/wp\/v2\/tags?post=77061"}],"curies":[{"name":"wp","href":"https:\/\/api.w.org\/{rel}","templated":true}]}}