{"id":77057,"date":"2021-06-17T16:41:00","date_gmt":"2021-06-17T16:41:00","guid":{"rendered":"https:\/\/novaorg.cofb.net\/2021\/06\/17\/el-farmaceutico-debe-ser-tambien-el-principal-prescriptor-de-salud-en-el-canal-digital\/"},"modified":"2021-06-17T16:41:00","modified_gmt":"2021-06-17T16:41:00","slug":"el-farmaceutico-debe-ser-tambien-el-principal-prescriptor-de-salud-en-el-canal-digital","status":"publish","type":"post","link":"https:\/\/www.cofb.org\/ca\/2021\/06\/17\/el-farmaceutico-debe-ser-tambien-el-principal-prescriptor-de-salud-en-el-canal-digital\/","title":{"rendered":"El farmac\u00e9utico debe ser tambi\u00e9n el principal prescriptor de salud en el canal digital"},"content":{"rendered":"<p>\u00a0<\/p>\n<div><strong>\u2022<span> <\/span>Infarma Virtual 2021 reivindica el consejo profesional y la cercan\u00eda al ciudadano como valores que gu\u00eden la adaptaci\u00f3n digital de la farmacia\u00a0<\/strong><\/div>\n<div>\u00a0<\/div>\n<div><strong>\u2022<span> <\/span>\u201cLa digitalizaci\u00f3n va m\u00e1s all\u00e1 de la venta a distancia, implica una mejora del modelo a trav\u00e9s de una tecnolog\u00eda que acerca al paciente\u201d, coinciden los expertos de la mesa redonda \u2018Plataformas de comercio electr\u00f3nico: su repercusi\u00f3n en el sector farmac\u00e9utico\u2019<\/strong><\/div>\n<div>\u00a0<\/div>\n<div><strong>Madrid\/Barcelona, 17 de junio<\/strong>. &#8220;Google es el principal medio de informaci\u00f3n sobre productos de consumer health, pero el farmac\u00e9utico es el principal prescriptor&#8221;. Con esta reflexi\u00f3n, el vicepresidente primero del Colegio Oficial de Farmac\u00e9uticos de Madrid, <strong>Manuel Mart\u00ednez del Peral<\/strong>, ha situado al farmac\u00e9utico en el centro del debate sobre la repercusi\u00f3n de las plataformas de comercio electr\u00f3nico en el sector farmac\u00e9utico.<\/div>\n<div>\u00a0<\/div>\n<div>Como moderador de la \u00faltima mesa redonda de Infarma Virtual 2021, Mart\u00ednez del Peral ha reivindicado la figura del farmac\u00e9utico y de la farmacia durante la pandemia, una imagen que, en su opini\u00f3n, \u201csale reforzada por su labor asistencial\u201d. \u201cAhora toca hacernos relevantes, mirar al futuro y luchar por la experiencia de compra del cliente en una perspectiva omnicanal\u201d, ha indicado.<\/div>\n<div>\u00a0<\/div>\n<div>La nueva realidad emergente que imponen las nuevas plataformas de comercio electr\u00f3nico o el imparable proceso de digitalizaci\u00f3n ha sido analizada desde distintos \u00e1ngulos por <strong>Luc\u00eda Arroyo<\/strong>, farmac\u00e9utica comunitaria en Oviedo; <strong>Ignacio De Pinedo Palomero<\/strong>, cofundador y CEO de Instituto Superior de Desarrollo de Internet (ISDI), y <strong>Jorge V\u00e1zquez Valcuende<\/strong>, vocal electo de Industria del Consejo General de Colegios Oficiales Farmac\u00e9uticos (CGCOF).<\/div>\n<div>\u00a0<\/div>\n<div>Para <strong>Jorge V\u00e1zquez<\/strong>, \u201cla digitalizaci\u00f3n ha venido para quedarse y se trata de agilizar y facilitar los procesos para obtener resultados en salud; esto hay que liderarlo desde la farmacia\u201d, ha remarcado.<\/div>\n<div>\u00a0<\/div>\n<div><strong>Ignacio De Pinedo <\/strong>considera que la farmacia debe avanzar en el terreno digital sin abandonar sus fortalezas: \u201cEl modelo de farmacia existente es tan bueno que nuestra obligaci\u00f3n es perpetuarlo, pero adapt\u00e1ndolo a los tiempos para mejorarlo\u201d. Este experto ha puntualizado que la transformaci\u00f3n digital \u201cno trata solo de tecnolog\u00eda, sino de competitividad y acercamiento al paciente; es tecnolog\u00eda que nos acerca\u201d, ha a\u00f1adido.<\/div>\n<div>\u00a0<\/div>\n<div><strong>Luc\u00eda Arroyo<\/strong> ha expuesto su experiencia en los market places, con la venta libre y parafarmacia. \u201cCuando te enfrentas a esas plataformas, los modelos de negocio son distintos al de la farmacia porque compiten con la variable precio y log\u00edstica\u201d, ha se\u00f1alado. Tambi\u00e9n ha reconocido una realidad que est\u00e1 marcando el d\u00eda a d\u00eda de muchos farmac\u00e9uticos en este canal: \u201cLa primera dispensaci\u00f3n es de la farmacia, pero las siguientes son del market place por precio\u201d.<\/div>\n<div>\u00a0<\/div>\n<div>Esta farmac\u00e9utica, cofundadora del blog \u201cQuemedaspara\u201d, ha subrayado el car\u00e1cter de servicio de la farmacia, si bien, tambi\u00e9n ha recordado, que son servicios que no se pagan: \u201cTodo va a cargo del margen sobre el precio del medicamento\u201d. Finalmente, ha reivindicado la alianza con la industria farmac\u00e9utica y la necesidad de prestar un servicio personalizado para garantizar un v\u00ednculo permanente con el paciente.<\/div>\n<div>\u00a0<\/div>\n<div>En opini\u00f3n de Jorge V\u00e1zquez, \u201cla variable precio no es fundamental en la farmacia, buscamos a\u00f1adir servicios y entre todos podemos colaborar para buscar soluciones m\u00e1s all\u00e1 de las subastas de precios, hay ejemplos de que la b\u00fasqueda de volumen no viene por el precio\u201d, ha asegurado.<\/div>\n<div>\u00a0<\/div>\n<div>Asimismo, ha coincidido al se\u00f1alar el reto de fidelizar al cliente y la ventaja profesional del farmac\u00e9utico al ofrecer una atenci\u00f3n personalizada al ciudadano.<\/div>\n<div>\u00a0<\/div>\n<div>La respuesta llega del conocimiento del ciudadano y paciente, como una de las grandes ventajas de la farmacia, seg\u00fan ha se\u00f1alado <strong>Mart\u00ednez del Peral<\/strong>.<\/div>\n<div>\u00a0<\/div>\n<div><strong><u>\u201cFricciones del modelo\u201d<\/u><\/strong><\/div>\n<div>\u00a0<\/div>\n<div><strong>Ignacio de Pinedo<\/strong> ha animado a los farmac\u00e9uticos a adaptarse y ofrecer servicios digitales identificando, en primer lugar, \u201clas fricciones del modelo\u201d, aquellas barreras o condiciones que molestan al consumidor y que son una oportunidad para entrar en el mercado a los agentes externos del sector. \u201cSi un sector no es capaz de eliminar estas restricciones, vendr\u00e1 alguien de fuera a hacerlo y le dar\u00e1 al consumidor algo mejor\u201d, ha advertido. En su opini\u00f3n, \u201cel precio ya no es lo m\u00e1s importante, es el servicio el que fideliza. Amazon crece porque elimina estas fricciones y te convierte en cautivo\u201d.<\/div>\n<div>\u00a0<\/div>\n<div>El fundador y CEO de ISDI, primera escuela de negocios digital nativa del mundo, ha hecho la siguiente precisi\u00f3n: \u201cPuedes estar pr\u00f3ximo, pero no cercano. Amazon est\u00e1 m\u00e1s cercano que muchos establecimientos de barrio. Si somos capaces de replicar este modelo y pasar de la \u00faltima milla al \u00faltimo metro para crear un sistema de proximidad que me permita pagar por distintos sistemas, hacer env\u00edos a domicilios, que me conozca como paciente, conservaremos y mejoraremos el modelo haciendo m\u00e1s grande la tarta e impidiendo que entren terceros en el sector porque no habr\u00e1 hueco de mercado\u201d.<\/div>\n<div>\u00a0<\/div>\n<div>En este reto de digitalizaci\u00f3n de la farmacia, con un consumidor cada vez m\u00e1s digital, Jorge V\u00e1zquez ha a\u00f1adido que \u201ctiene que haber un cambio de mentalidad para querer digitalizarse\u201d y que la industria farmac\u00e9utica \u201ces colaboradora de farmac\u00e9utico, ayuda a crear marca y facilita la experiencia de compra, acompa\u00f1a al farmac\u00e9utico en un proceso interno para que la poblaci\u00f3n se acerque m\u00e1s a la farmacia como establecimiento m\u00e1s seguro y cercano a la poblaci\u00f3n\u201d.<\/div>\n<div>\u00a0<\/div>\n<div>Para <strong>Luc\u00eda Arroyo<\/strong>, quien ha apuntado que el servicio telef\u00f3nico a la poblaci\u00f3n se ha consolidado durante la pandemia, \u201cla digitalizaci\u00f3n empieza por la gesti\u00f3n del paciente y es un cambio dr\u00e1stico que hay que hacer unidos como colectivo\u201d.<\/div>\n<div>\u00a0<\/div>\n<div>Por \u00faltimo, <strong>Ignacio De Pinedo<\/strong> se imagina una farmacia digital de futuro sin renunciar al servicio p\u00fablico, su capilaridad y cercan\u00eda a los ciudadanos que refuerce un modelo como el actual en una versi\u00f3n digitalizada onmicanal.<\/div>\n<div>\u00a0<\/div>\n<div><em>El Congreso de Infarma Virtual 2021 cuenta con el patrocinio de CarbonellFarma, Essity y FarmaQuatrium como <strong>patrocinadores oro<\/strong>; y Bancofar, Cinfa, Cofares, Farmanager y Kern Pharma como <strong>patrocinadores plata<\/strong>.<\/em><\/div>\n<div>\u00a0<\/div>\n<p>\u00a0\u2022 Infarma Virtual 2021 reivindica el consejo profesional y la cercan\u00eda al ciudadano como valores que gu\u00eden la adaptaci\u00f3n digital de la farmacia\u00a0<\/p>\n<p>\u00a0<\/p>\n<p>\u2022 \u201cLa digitalizaci\u00f3n va m\u00e1s all\u00e1 de la venta a distancia, implica una mejora del modelo a trav\u00e9s de una tecnolog\u00eda que acerca al paciente\u201d, coinciden los expertos de la mesa redonda \u2018Plataformas de comercio electr\u00f3nico: su repercusi\u00f3n en el sector farmac\u00e9utico\u2019<\/p>\n<p>\u00a0<\/p>\n<p>Madrid\/Barcelona, 17 de junio. &#8220;Google es el principal medio de informaci\u00f3n sobre productos de consumer health, pero el farmac\u00e9utico es el principal prescriptor&#8221;. Con esta reflexi\u00f3n, el vicepresidente primero del Colegio Oficial de Farmac\u00e9uticos de Madrid, Manuel Mart\u00ednez del Peral, ha situado al farmac\u00e9utico en el centro del debate sobre la repercusi\u00f3n de las plataformas de comercio electr\u00f3nico en el sector farmac\u00e9utico.<\/p>\n<p>\u00a0<\/p>\n<p>Como moderador de la \u00faltima mesa redonda de Infarma Virtual 2021, Mart\u00ednez del Peral ha reivindicado la figura del farmac\u00e9utico y de la farmacia durante la pandemia, una imagen que, en su opini\u00f3n, \u201csale reforzada por su labor asistencial\u201d. \u201cAhora toca hacernos relevantes, mirar al futuro y luchar por la experiencia de compra del cliente en una perspectiva omnicanal\u201d, ha indicado.<\/p>\n<p>\u00a0<\/p>\n<p>La nueva realidad emergente que imponen las nuevas plataformas de comercio electr\u00f3nico o el imparable proceso de digitalizaci\u00f3n ha sido analizada desde distintos \u00e1ngulos por Luc\u00eda Arroyo, farmac\u00e9utica comunitaria en Oviedo; Ignacio De Pinedo Palomero, cofundador y CEO de Instituto Superior de Desarrollo de Internet (ISDI), y Jorge V\u00e1zquez Valcuende, vocal electo de Industria del Consejo General de Colegios Oficiales Farmac\u00e9uticos (CGCOF).<\/p>\n<p>\u00a0<\/p>\n<p>Para Jorge V\u00e1zquez, \u201cla digitalizaci\u00f3n ha venido para quedarse y se trata de agilizar y facilitar los procesos para obtener resultados en salud; esto hay que liderarlo desde la farmacia\u201d, ha remarcado.<\/p>\n<p>\u00a0<\/p>\n<p>Ignacio De Pinedo considera que la farmacia debe avanzar en el terreno digital sin abandonar sus fortalezas: \u201cEl modelo de farmacia existente es tan bueno que nuestra obligaci\u00f3n es perpetuarlo, pero adapt\u00e1ndolo a los tiempos para mejorarlo\u201d. Este experto ha puntualizado que la transformaci\u00f3n digital \u201cno trata solo de tecnolog\u00eda, sino de competitividad y acercamiento al paciente; es tecnolog\u00eda que nos acerca\u201d, ha a\u00f1adido.<\/p>\n<p>\u00a0<\/p>\n<p>Luc\u00eda Arroyo ha expuesto su experiencia en los market places, con la venta libre y parafarmacia. \u201cCuando te enfrentas a esas plataformas, los modelos de negocio son distintos al de la farmacia porque compiten con la variable precio y log\u00edstica\u201d, ha se\u00f1alado. Tambi\u00e9n ha reconocido una realidad que est\u00e1 marcando el d\u00eda a d\u00eda de muchos farmac\u00e9uticos en este canal: \u201cLa primera dispensaci\u00f3n es de la farmacia, pero las siguientes son del market place por precio\u201d.<\/p>\n<p>\u00a0<\/p>\n<p>Esta farmac\u00e9utica, cofundadora del blog \u201cQuemedaspara\u201d, ha subrayado el car\u00e1cter de servicio de la farmacia, si bien, tambi\u00e9n ha recordado, que son servicios que no se pagan: \u201cTodo va a cargo del margen sobre el precio del medicamento\u201d. Finalmente, ha reivindicado la alianza con la industria farmac\u00e9utica y la necesidad de prestar un servicio personalizado para garantizar un v\u00ednculo permanente con el paciente.<\/p>\n<p>\u00a0<\/p>\n<p>En opini\u00f3n de Jorge V\u00e1zquez, \u201cla variable precio no es fundamental en la farmacia, buscamos a\u00f1adir servicios y entre todos podemos colaborar para buscar soluciones m\u00e1s all\u00e1 de las subastas de precios, hay ejemplos de que la b\u00fasqueda de volumen no viene por el precio\u201d, ha asegurado.<\/p>\n<p>\u00a0<\/p>\n<p>Asimismo, ha coincidido al se\u00f1alar el reto de fidelizar al cliente y la ventaja profesional del farmac\u00e9utico al ofrecer una atenci\u00f3n personalizada al ciudadano.<\/p>\n<p>\u00a0<\/p>\n<p>La respuesta llega del conocimiento del ciudadano y paciente, como una de las grandes ventajas de la farmacia, seg\u00fan ha se\u00f1alado Mart\u00ednez del Peral.<\/p>\n<p>\u00a0<\/p>\n<p>\u201cFricciones del modelo\u201d<\/p>\n<p>\u00a0<\/p>\n<p>Ignacio de Pinedo ha animado a los farmac\u00e9uticos a adaptarse y ofrecer servicios digitales identificando, en primer lugar, \u201clas fricciones del modelo\u201d, aquellas barreras o condiciones que molestan al consumidor y que son una oportunidad para entrar en el mercado a los agentes externos del sector. \u201cSi un sector no es capaz de eliminar estas restricciones, vendr\u00e1 alguien de fuera a hacerlo y le dar\u00e1 al consumidor algo mejor\u201d, ha advertido. En su opini\u00f3n, \u201cel precio ya no es lo m\u00e1s importante, es el servicio el que fideliza. Amazon crece porque elimina estas fricciones y te convierte en cautivo\u201d.<\/p>\n<p>\u00a0<\/p>\n<p>El fundador y CEO de ISDI, primera escuela de negocios digital nativa del mundo, ha hecho la siguiente precisi\u00f3n: \u201cPuedes estar pr\u00f3ximo, pero no cercano. Amazon est\u00e1 m\u00e1s cercano que muchos establecimientos de barrio. Si somos capaces de replicar este modelo y pasar de la \u00faltima milla al \u00faltimo metro para crear un sistema de proximidad que me permita pagar por distintos sistemas, hacer env\u00edos a domicilios, que me conozca como paciente, conservaremos y mejoraremos el modelo haciendo m\u00e1s grande la tarta e impidiendo que entren terceros en el sector porque no habr\u00e1 hueco de mercado\u201d.<\/p>\n<p>\u00a0<\/p>\n<p>En este reto de digitalizaci\u00f3n de la farmacia, con un consumidor cada vez m\u00e1s digital, Jorge V\u00e1zquez ha a\u00f1adido que \u201ctiene que haber un cambio de mentalidad para querer digitalizarse\u201d y que la industria farmac\u00e9utica \u201ces colaboradora de farmac\u00e9utico, ayuda a crear marca y facilita la experiencia de compra, acompa\u00f1a al farmac\u00e9utico en un proceso interno para que la poblaci\u00f3n se acerque m\u00e1s a la farmacia como establecimiento m\u00e1s seguro y cercano a la poblaci\u00f3n\u201d.<\/p>\n<p>\u00a0<\/p>\n<p>Para Luc\u00eda Arroyo, quien ha apuntado que el servicio telef\u00f3nico a la poblaci\u00f3n se ha consolidado durante la pandemia, \u201cla digitalizaci\u00f3n empieza por la gesti\u00f3n del paciente y es un cambio dr\u00e1stico que hay que hacer unidos como colectivo\u201d.<\/p>\n<p>\u00a0<\/p>\n<p>Por \u00faltimo, Ignacio De Pinedo se imagina una farmacia digital de futuro sin renunciar al servicio p\u00fablico, su capilaridad y cercan\u00eda a los ciudadanos que refuerce un modelo como el actual en una versi\u00f3n digitalizada onmicanal.<\/p>\n<p>\u00a0<\/p>\n<p>El Congreso de Infarma Virtual 2021 cuenta con el patrocinio de CarbonellFarma, Essity y FarmaQuatrium como patrocinadores oro; y Bancofar, Cinfa, Cofares, Farmanager y Kern Pharma como patrocinadores plata.<\/p>\n<p>\u00a0\u00a0\u00a0COFB.ORG<\/p>\n","protected":false},"excerpt":{"rendered":"<p>\u00a0 \u2022 Infarma Virtual 2021 reivindica el consejo profesional y la cercan\u00eda al ciudadano como valores que gu\u00eden la adaptaci\u00f3n digital de la farmacia\u00a0 \u00a0 \u2022 \u201cLa digitalizaci\u00f3n va m\u00e1s all\u00e1 de la venta a distancia, implica una mejora del modelo a trav\u00e9s de una tecnolog\u00eda que acerca al paciente\u201d, [&hellip;]<\/p>\n","protected":false},"author":1,"featured_media":0,"comment_status":"","ping_status":"","sticky":false,"template":"","format":"standard","meta":{"_uag_custom_page_level_css":"","site-sidebar-layout":"default","site-content-layout":"","ast-site-content-layout":"default","site-content-style":"default","site-sidebar-style":"default","ast-global-header-display":"","ast-banner-title-visibility":"","ast-main-header-display":"","ast-hfb-above-header-display":"","ast-hfb-below-header-display":"","ast-hfb-mobile-header-display":"","site-post-title":"","ast-breadcrumbs-content":"","ast-featured-img":"disabled","footer-sml-layout":"","theme-transparent-header-meta":"","adv-header-id-meta":"","stick-header-meta":"","header-above-stick-meta":"","header-main-stick-meta":"","header-below-stick-meta":"","astra-migrate-meta-layouts":"default","ast-page-background-enabled":"default","ast-page-background-meta":{"desktop":{"background-color":"var(--ast-global-color-4)","background-image":"","background-repeat":"repeat","background-position":"center center","background-size":"auto","background-attachment":"scroll","background-type":"","background-media":"","overlay-type":"","overlay-color":"","overlay-opacity":"","overlay-gradient":""},"tablet":{"background-color":"","background-image":"","background-repeat":"repeat","background-position":"center center","background-size":"auto","background-attachment":"scroll","background-type":"","background-media":"","overlay-type":"","overlay-color":"","overlay-opacity":"","overlay-gradient":""},"mobile":{"background-color":"","background-image":"","background-repeat":"repeat","background-position":"center center","background-size":"auto","background-attachment":"scroll","background-type":"","background-media":"","overlay-type":"","overlay-color":"","overlay-opacity":"","overlay-gradient":""}},"ast-content-background-meta":{"desktop":{"background-color":"var(--ast-global-color-5)","background-image":"","background-repeat":"repeat","background-position":"center center","background-size":"auto","background-attachment":"scroll","background-type":"","background-media":"","overlay-type":"","overlay-color":"","overlay-opacity":"","overlay-gradient":""},"tablet":{"background-color":"var(--ast-global-color-5)","background-image":"","background-repeat":"repeat","background-position":"center center","background-size":"auto","background-attachment":"scroll","background-type":"","background-media":"","overlay-type":"","overlay-color":"","overlay-opacity":"","overlay-gradient":""},"mobile":{"background-color":"var(--ast-global-color-5)","background-image":"","background-repeat":"repeat","background-position":"center center","background-size":"auto","background-attachment":"scroll","background-type":"","background-media":"","overlay-type":"","overlay-color":"","overlay-opacity":"","overlay-gradient":""}},"footnotes":""},"categories":[1060,1066],"tags":[],"class_list":["post-77057","post","type-post","status-publish","format-standard","hentry","category-notes-premsa","category-sense-categoria-ca"],"yoast_head":"<!-- This site is optimized with the Yoast SEO plugin v22.4 - https:\/\/yoast.com\/wordpress\/plugins\/seo\/ -->\n<title>El farmac\u00e9utico debe ser tambi\u00e9n el principal prescriptor de salud en el canal digital - Col\u00b7legi de Farmac\u00e8utics de Barcelona<\/title>\n<meta name=\"robots\" content=\"index, follow, max-snippet:-1, max-image-preview:large, max-video-preview:-1\" \/>\n<link rel=\"canonical\" href=\"https:\/\/novaorg.cofb.net\/2021\/06\/17\/el-farmaceutico-debe-ser-tambien-el-principal-prescriptor-de-salud-en-el-canal-digital\/\" \/>\n<meta property=\"og:locale\" content=\"ca_ES\" \/>\n<meta property=\"og:type\" content=\"article\" \/>\n<meta property=\"og:title\" content=\"El farmac\u00e9utico debe ser tambi\u00e9n el principal prescriptor de salud en el canal digital - Col\u00b7legi de Farmac\u00e8utics de Barcelona\" \/>\n<meta property=\"og:description\" content=\"\u00a0 \u2022 Infarma Virtual 2021 reivindica el consejo profesional y la cercan\u00eda al ciudadano como valores que gu\u00eden la adaptaci\u00f3n digital de la farmacia\u00a0 \u00a0 \u2022 \u201cLa digitalizaci\u00f3n va m\u00e1s all\u00e1 de la venta a distancia, implica una mejora del modelo a trav\u00e9s de una tecnolog\u00eda que acerca al paciente\u201d, [&hellip;]\" \/>\n<meta property=\"og:url\" content=\"https:\/\/novaorg.cofb.net\/2021\/06\/17\/el-farmaceutico-debe-ser-tambien-el-principal-prescriptor-de-salud-en-el-canal-digital\/\" \/>\n<meta property=\"og:site_name\" content=\"Col\u00b7legi de Farmac\u00e8utics de Barcelona\" \/>\n<meta property=\"article:publisher\" content=\"https:\/\/www.facebook.com\/farmaceuticsbcn\/\" \/>\n<meta property=\"article:published_time\" content=\"2021-06-17T16:41:00+00:00\" \/>\n<meta name=\"author\" content=\"wpAdminCofbOrg\" \/>\n<meta name=\"twitter:card\" content=\"summary_large_image\" \/>\n<meta name=\"twitter:creator\" content=\"@farmaceuticsbcn\" \/>\n<meta name=\"twitter:site\" content=\"@farmaceuticsbcn\" \/>\n<meta name=\"twitter:label1\" content=\"Escrit per\" \/>\n\t<meta name=\"twitter:data1\" content=\"wpAdminCofbOrg\" \/>\n\t<meta name=\"twitter:label2\" content=\"Temps estimat de lectura\" \/>\n\t<meta name=\"twitter:data2\" content=\"10 minuts\" \/>\n<script type=\"application\/ld+json\" class=\"yoast-schema-graph\">{\"@context\":\"https:\/\/schema.org\",\"@graph\":[{\"@type\":\"Article\",\"@id\":\"https:\/\/novaorg.cofb.net\/2021\/06\/17\/el-farmaceutico-debe-ser-tambien-el-principal-prescriptor-de-salud-en-el-canal-digital\/#article\",\"isPartOf\":{\"@id\":\"https:\/\/novaorg.cofb.net\/2021\/06\/17\/el-farmaceutico-debe-ser-tambien-el-principal-prescriptor-de-salud-en-el-canal-digital\/\"},\"author\":{\"name\":\"wpAdminCofbOrg\",\"@id\":\"https:\/\/www.cofb.org\/#\/schema\/person\/22ed7eea88da74b0fa4d3154ad87ffcb\"},\"headline\":\"El farmac\u00e9utico debe ser tambi\u00e9n el principal prescriptor de salud en el canal digital\",\"datePublished\":\"2021-06-17T16:41:00+00:00\",\"dateModified\":\"2021-06-17T16:41:00+00:00\",\"mainEntityOfPage\":{\"@id\":\"https:\/\/novaorg.cofb.net\/2021\/06\/17\/el-farmaceutico-debe-ser-tambien-el-principal-prescriptor-de-salud-en-el-canal-digital\/\"},\"wordCount\":2100,\"publisher\":{\"@id\":\"https:\/\/www.cofb.org\/#organization\"},\"articleSection\":[\"Notes de premsa\"],\"inLanguage\":\"ca\"},{\"@type\":\"WebPage\",\"@id\":\"https:\/\/novaorg.cofb.net\/2021\/06\/17\/el-farmaceutico-debe-ser-tambien-el-principal-prescriptor-de-salud-en-el-canal-digital\/\",\"url\":\"https:\/\/novaorg.cofb.net\/2021\/06\/17\/el-farmaceutico-debe-ser-tambien-el-principal-prescriptor-de-salud-en-el-canal-digital\/\",\"name\":\"El farmac\u00e9utico debe ser tambi\u00e9n el principal prescriptor de salud en el canal digital - Col\u00b7legi de Farmac\u00e8utics de Barcelona\",\"isPartOf\":{\"@id\":\"https:\/\/www.cofb.org\/#website\"},\"datePublished\":\"2021-06-17T16:41:00+00:00\",\"dateModified\":\"2021-06-17T16:41:00+00:00\",\"breadcrumb\":{\"@id\":\"https:\/\/novaorg.cofb.net\/2021\/06\/17\/el-farmaceutico-debe-ser-tambien-el-principal-prescriptor-de-salud-en-el-canal-digital\/#breadcrumb\"},\"inLanguage\":\"ca\",\"potentialAction\":[{\"@type\":\"ReadAction\",\"target\":[\"https:\/\/novaorg.cofb.net\/2021\/06\/17\/el-farmaceutico-debe-ser-tambien-el-principal-prescriptor-de-salud-en-el-canal-digital\/\"]}]},{\"@type\":\"BreadcrumbList\",\"@id\":\"https:\/\/novaorg.cofb.net\/2021\/06\/17\/el-farmaceutico-debe-ser-tambien-el-principal-prescriptor-de-salud-en-el-canal-digital\/#breadcrumb\",\"itemListElement\":[{\"@type\":\"ListItem\",\"position\":1,\"name\":\"Inici\",\"item\":\"https:\/\/novaorg.cofb.net\/\"},{\"@type\":\"ListItem\",\"position\":2,\"name\":\"El farmac\u00e9utico debe ser tambi\u00e9n el principal prescriptor de salud en el canal digital\"}]},{\"@type\":\"WebSite\",\"@id\":\"https:\/\/www.cofb.org\/#website\",\"url\":\"https:\/\/www.cofb.org\/\",\"name\":\"Col\u00b7legi de Farmac\u00e8utics de Barcelona\",\"description\":\"\",\"publisher\":{\"@id\":\"https:\/\/www.cofb.org\/#organization\"},\"potentialAction\":[{\"@type\":\"SearchAction\",\"target\":{\"@type\":\"EntryPoint\",\"urlTemplate\":\"https:\/\/www.cofb.org\/?s={search_term_string}\"},\"query-input\":\"required name=search_term_string\"}],\"inLanguage\":\"ca\"},{\"@type\":\"Organization\",\"@id\":\"https:\/\/www.cofb.org\/#organization\",\"name\":\"Col\u00b7legi de Farmac\u00e8utics de Barcelona\",\"url\":\"https:\/\/www.cofb.org\/\",\"logo\":{\"@type\":\"ImageObject\",\"inLanguage\":\"ca\",\"@id\":\"https:\/\/www.cofb.org\/#\/schema\/logo\/image\/\",\"url\":\"https:\/\/www.cofb.org\/wp-content\/uploads\/2023\/11\/cropped-Logotip-COFB.png\",\"contentUrl\":\"https:\/\/www.cofb.org\/wp-content\/uploads\/2023\/11\/cropped-Logotip-COFB.png\",\"width\":500,\"height\":105,\"caption\":\"Col\u00b7legi de Farmac\u00e8utics de Barcelona\"},\"image\":{\"@id\":\"https:\/\/www.cofb.org\/#\/schema\/logo\/image\/\"},\"sameAs\":[\"https:\/\/www.facebook.com\/farmaceuticsbcn\/\",\"https:\/\/twitter.com\/farmaceuticsbcn\",\"https:\/\/www.instagram.com\/farmaceuticsbcn\/\",\"https:\/\/www.linkedin.com\/company\/farmaceuticsbcn\/\"]},{\"@type\":\"Person\",\"@id\":\"https:\/\/www.cofb.org\/#\/schema\/person\/22ed7eea88da74b0fa4d3154ad87ffcb\",\"name\":\"wpAdminCofbOrg\",\"image\":{\"@type\":\"ImageObject\",\"inLanguage\":\"ca\",\"@id\":\"https:\/\/www.cofb.org\/#\/schema\/person\/image\/\",\"url\":\"https:\/\/secure.gravatar.com\/avatar\/1721b20b3b8ca882c3b56ec6c978c594fff670e40c0718e9190eaeeb76aae7d8?s=96&d=mm&r=g\",\"contentUrl\":\"https:\/\/secure.gravatar.com\/avatar\/1721b20b3b8ca882c3b56ec6c978c594fff670e40c0718e9190eaeeb76aae7d8?s=96&d=mm&r=g\",\"caption\":\"wpAdminCofbOrg\"},\"sameAs\":[\"http:\/\/192.168.64.122\/wordpress\"],\"url\":\"https:\/\/www.cofb.org\/ca\/author\/wpadmincofborg\/\"}]}<\/script>\n<!-- \/ Yoast SEO plugin. -->","yoast_head_json":{"title":"El farmac\u00e9utico debe ser tambi\u00e9n el principal prescriptor de salud en el canal digital - Col\u00b7legi de Farmac\u00e8utics de Barcelona","robots":{"index":"index","follow":"follow","max-snippet":"max-snippet:-1","max-image-preview":"max-image-preview:large","max-video-preview":"max-video-preview:-1"},"canonical":"https:\/\/novaorg.cofb.net\/2021\/06\/17\/el-farmaceutico-debe-ser-tambien-el-principal-prescriptor-de-salud-en-el-canal-digital\/","og_locale":"ca_ES","og_type":"article","og_title":"El farmac\u00e9utico debe ser tambi\u00e9n el principal prescriptor de salud en el canal digital - Col\u00b7legi de Farmac\u00e8utics de Barcelona","og_description":"\u00a0 \u2022 Infarma Virtual 2021 reivindica el consejo profesional y la cercan\u00eda al ciudadano como valores que gu\u00eden la adaptaci\u00f3n digital de la farmacia\u00a0 \u00a0 \u2022 \u201cLa digitalizaci\u00f3n va m\u00e1s all\u00e1 de la venta a distancia, implica una mejora del modelo a trav\u00e9s de una tecnolog\u00eda que acerca al paciente\u201d, [&hellip;]","og_url":"https:\/\/novaorg.cofb.net\/2021\/06\/17\/el-farmaceutico-debe-ser-tambien-el-principal-prescriptor-de-salud-en-el-canal-digital\/","og_site_name":"Col\u00b7legi de Farmac\u00e8utics de Barcelona","article_publisher":"https:\/\/www.facebook.com\/farmaceuticsbcn\/","article_published_time":"2021-06-17T16:41:00+00:00","author":"wpAdminCofbOrg","twitter_card":"summary_large_image","twitter_creator":"@farmaceuticsbcn","twitter_site":"@farmaceuticsbcn","twitter_misc":{"Escrit per":"wpAdminCofbOrg","Temps estimat de lectura":"10 minuts"},"schema":{"@context":"https:\/\/schema.org","@graph":[{"@type":"Article","@id":"https:\/\/novaorg.cofb.net\/2021\/06\/17\/el-farmaceutico-debe-ser-tambien-el-principal-prescriptor-de-salud-en-el-canal-digital\/#article","isPartOf":{"@id":"https:\/\/novaorg.cofb.net\/2021\/06\/17\/el-farmaceutico-debe-ser-tambien-el-principal-prescriptor-de-salud-en-el-canal-digital\/"},"author":{"name":"wpAdminCofbOrg","@id":"https:\/\/www.cofb.org\/#\/schema\/person\/22ed7eea88da74b0fa4d3154ad87ffcb"},"headline":"El farmac\u00e9utico debe ser tambi\u00e9n el principal prescriptor de salud en el canal digital","datePublished":"2021-06-17T16:41:00+00:00","dateModified":"2021-06-17T16:41:00+00:00","mainEntityOfPage":{"@id":"https:\/\/novaorg.cofb.net\/2021\/06\/17\/el-farmaceutico-debe-ser-tambien-el-principal-prescriptor-de-salud-en-el-canal-digital\/"},"wordCount":2100,"publisher":{"@id":"https:\/\/www.cofb.org\/#organization"},"articleSection":["Notes de premsa"],"inLanguage":"ca"},{"@type":"WebPage","@id":"https:\/\/novaorg.cofb.net\/2021\/06\/17\/el-farmaceutico-debe-ser-tambien-el-principal-prescriptor-de-salud-en-el-canal-digital\/","url":"https:\/\/novaorg.cofb.net\/2021\/06\/17\/el-farmaceutico-debe-ser-tambien-el-principal-prescriptor-de-salud-en-el-canal-digital\/","name":"El farmac\u00e9utico debe ser tambi\u00e9n el principal prescriptor de salud en el canal digital - Col\u00b7legi de Farmac\u00e8utics de Barcelona","isPartOf":{"@id":"https:\/\/www.cofb.org\/#website"},"datePublished":"2021-06-17T16:41:00+00:00","dateModified":"2021-06-17T16:41:00+00:00","breadcrumb":{"@id":"https:\/\/novaorg.cofb.net\/2021\/06\/17\/el-farmaceutico-debe-ser-tambien-el-principal-prescriptor-de-salud-en-el-canal-digital\/#breadcrumb"},"inLanguage":"ca","potentialAction":[{"@type":"ReadAction","target":["https:\/\/novaorg.cofb.net\/2021\/06\/17\/el-farmaceutico-debe-ser-tambien-el-principal-prescriptor-de-salud-en-el-canal-digital\/"]}]},{"@type":"BreadcrumbList","@id":"https:\/\/novaorg.cofb.net\/2021\/06\/17\/el-farmaceutico-debe-ser-tambien-el-principal-prescriptor-de-salud-en-el-canal-digital\/#breadcrumb","itemListElement":[{"@type":"ListItem","position":1,"name":"Inici","item":"https:\/\/novaorg.cofb.net\/"},{"@type":"ListItem","position":2,"name":"El farmac\u00e9utico debe ser tambi\u00e9n el principal prescriptor de salud en el canal digital"}]},{"@type":"WebSite","@id":"https:\/\/www.cofb.org\/#website","url":"https:\/\/www.cofb.org\/","name":"Col\u00b7legi de Farmac\u00e8utics de Barcelona","description":"","publisher":{"@id":"https:\/\/www.cofb.org\/#organization"},"potentialAction":[{"@type":"SearchAction","target":{"@type":"EntryPoint","urlTemplate":"https:\/\/www.cofb.org\/?s={search_term_string}"},"query-input":"required name=search_term_string"}],"inLanguage":"ca"},{"@type":"Organization","@id":"https:\/\/www.cofb.org\/#organization","name":"Col\u00b7legi de Farmac\u00e8utics de Barcelona","url":"https:\/\/www.cofb.org\/","logo":{"@type":"ImageObject","inLanguage":"ca","@id":"https:\/\/www.cofb.org\/#\/schema\/logo\/image\/","url":"https:\/\/www.cofb.org\/wp-content\/uploads\/2023\/11\/cropped-Logotip-COFB.png","contentUrl":"https:\/\/www.cofb.org\/wp-content\/uploads\/2023\/11\/cropped-Logotip-COFB.png","width":500,"height":105,"caption":"Col\u00b7legi de Farmac\u00e8utics de Barcelona"},"image":{"@id":"https:\/\/www.cofb.org\/#\/schema\/logo\/image\/"},"sameAs":["https:\/\/www.facebook.com\/farmaceuticsbcn\/","https:\/\/twitter.com\/farmaceuticsbcn","https:\/\/www.instagram.com\/farmaceuticsbcn\/","https:\/\/www.linkedin.com\/company\/farmaceuticsbcn\/"]},{"@type":"Person","@id":"https:\/\/www.cofb.org\/#\/schema\/person\/22ed7eea88da74b0fa4d3154ad87ffcb","name":"wpAdminCofbOrg","image":{"@type":"ImageObject","inLanguage":"ca","@id":"https:\/\/www.cofb.org\/#\/schema\/person\/image\/","url":"https:\/\/secure.gravatar.com\/avatar\/1721b20b3b8ca882c3b56ec6c978c594fff670e40c0718e9190eaeeb76aae7d8?s=96&d=mm&r=g","contentUrl":"https:\/\/secure.gravatar.com\/avatar\/1721b20b3b8ca882c3b56ec6c978c594fff670e40c0718e9190eaeeb76aae7d8?s=96&d=mm&r=g","caption":"wpAdminCofbOrg"},"sameAs":["http:\/\/192.168.64.122\/wordpress"],"url":"https:\/\/www.cofb.org\/ca\/author\/wpadmincofborg\/"}]}},"uagb_featured_image_src":{"full":false,"thumbnail":false,"medium":false,"medium_large":false,"large":false,"1536x1536":false,"2048x2048":false,"trp-custom-language-flag":false},"uagb_author_info":{"display_name":"wpAdminCofbOrg","author_link":"https:\/\/www.cofb.org\/ca\/author\/wpadmincofborg\/"},"uagb_comment_info":0,"uagb_excerpt":"\u00a0 \u2022 Infarma Virtual 2021 reivindica el consejo profesional y la cercan\u00eda al ciudadano como valores que gu\u00eden la adaptaci\u00f3n digital de la farmacia\u00a0 \u00a0 \u2022 \u201cLa digitalizaci\u00f3n va m\u00e1s all\u00e1 de la venta a distancia, implica una mejora del modelo a trav\u00e9s de una tecnolog\u00eda que acerca al paciente\u201d, [&hellip;]","_links":{"self":[{"href":"https:\/\/www.cofb.org\/ca\/wp-json\/wp\/v2\/posts\/77057","targetHints":{"allow":["GET"]}}],"collection":[{"href":"https:\/\/www.cofb.org\/ca\/wp-json\/wp\/v2\/posts"}],"about":[{"href":"https:\/\/www.cofb.org\/ca\/wp-json\/wp\/v2\/types\/post"}],"author":[{"embeddable":true,"href":"https:\/\/www.cofb.org\/ca\/wp-json\/wp\/v2\/users\/1"}],"replies":[{"embeddable":true,"href":"https:\/\/www.cofb.org\/ca\/wp-json\/wp\/v2\/comments?post=77057"}],"version-history":[{"count":0,"href":"https:\/\/www.cofb.org\/ca\/wp-json\/wp\/v2\/posts\/77057\/revisions"}],"wp:attachment":[{"href":"https:\/\/www.cofb.org\/ca\/wp-json\/wp\/v2\/media?parent=77057"}],"wp:term":[{"taxonomy":"category","embeddable":true,"href":"https:\/\/www.cofb.org\/ca\/wp-json\/wp\/v2\/categories?post=77057"},{"taxonomy":"post_tag","embeddable":true,"href":"https:\/\/www.cofb.org\/ca\/wp-json\/wp\/v2\/tags?post=77057"}],"curies":[{"name":"wp","href":"https:\/\/api.w.org\/{rel}","templated":true}]}}