{"id":77054,"date":"2021-06-30T17:15:00","date_gmt":"2021-06-30T17:15:00","guid":{"rendered":"https:\/\/novaorg.cofb.net\/2021\/06\/30\/el-cof-de-barcelona-i-la-universitat-de-barcelona-presenten-la-vii-edicio-del-master-dortopedia-per-a-farmaceutics-que-oferira-per-primer-cop-una-modalitat-hibrida-2\/"},"modified":"2021-06-30T17:15:00","modified_gmt":"2021-06-30T17:15:00","slug":"el-cof-de-barcelona-i-la-universitat-de-barcelona-presenten-la-vii-edicio-del-master-dortopedia-per-a-farmaceutics-que-oferira-per-primer-cop-una-modalitat-hibrida-2","status":"publish","type":"post","link":"https:\/\/www.cofb.org\/ca\/2021\/06\/30\/el-cof-de-barcelona-i-la-universitat-de-barcelona-presenten-la-vii-edicio-del-master-dortopedia-per-a-farmaceutics-que-oferira-per-primer-cop-una-modalitat-hibrida-2\/","title":{"rendered":"El COF de Barcelona i la Universitat de Barcelona presenten la VII edici\u00f3 del M\u00e0ster d\u2019Ortop\u00e8dia per a farmac\u00e8utics, que oferir\u00e0 per primer cop una modalitat h\u00edbrida"},"content":{"rendered":"<p>\u00a0<\/p>\n<ul>\n<li>En la <strong>modalitat h\u00edbrida<\/strong>, principal novetat d\u2019aquesta edici\u00f3, els alumnes podran seguir totes les <strong>sessions te\u00f2riques<\/strong> de manera <strong>virtual<\/strong><\/li>\n<li>\u00a0<\/li>\n<\/ul>\n<ul>\n<li>Un <strong>45% de les classes del M\u00e0ster<\/strong> s\u00f3n <strong>pr\u00e0ctiques<\/strong> i els continguts apresos es poden aplicar des del primer dia<\/li>\n<li>\u00a0<\/li>\n<\/ul>\n<ul>\n<li>La valoraci\u00f3 que en fan els exalumnes \u00e9s molt positiva, destacant <strong>l\u2019oportunitat de creixement professional<\/strong> que suposa per als farmac\u00e8utics<\/li>\n<\/ul>\n<p><img decoding=\"async\" alt=\"\" src=\"https:\/\/www.cofb.org\/documents\/10136\/1111458\/Master+Ortopedia+para+farmac%C3%A9uticos+VII+edici%C3%B3n.jpg\/5b303f36-b87c-4781-a157-f835f4bfded4?t=1625066129903\"><\/p>\n<p><em>Barcelona, 30 de juny de 2021<\/em><span>. El <\/span><strong>Col\u00b7legi de Farmac\u00e8utics de Barcelona (COFB)<\/strong><span> i la <\/span><strong>Universitat de Barcelona (UB) <\/strong><span>han presentat la <\/span><strong>VII edici\u00f3 del M\u00e0ster d\u2019Ortop\u00e8dia per a farmac\u00e8utics, <\/strong><span>que comen\u00e7ar\u00e0 el pr\u00f2xim 25 d\u2019octubre i capacitar\u00e0 novament al farmac\u00e8utic <\/span><strong>com a t\u00e8cnic responsable per a exercir l\u2019adaptaci\u00f3 i la fabricaci\u00f3 a mida de productes d\u2019Ortop\u00e8dia<\/strong><span>.<\/span><\/p>\n<p>El M\u00e0ster<strong> \u2013<\/strong>les <strong>inscripcions<\/strong> del qual estan <strong>obertes<\/strong> a trav\u00e9s d\u2019<strong><a href=\"https:\/\/www.cofb.org\/ca\/web\/guest\/que-oferim\/farmaceutics\/serveis\/formacio-i-projectes\/activitats?p_p_id=webportletLlistatActivitats_WAR_webportletLlistatActivitats_INSTANCE_RuQd0cQLInOb&amp;p_p_lifecycle=0&amp;p_p_state=normal&amp;p_p_mode=view&amp;p_p_col_id=column-3&amp;p_p_col_count=1&amp;_webportletLlistatActivitats_WAR_webportletLlistatActivitats_INSTANCE_RuQd0cQLInOb_strutsAction=%2Fview%2Fdetall&amp;_webportletLlistatActivitats_WAR_webportletLlistatActivitats_INSTANCE_RuQd0cQLInOb_id=3277\">aquest enlla\u00e7<\/a><\/strong><strong>\u2013<\/strong> est\u00e0 dissenyat espec\u00edficament per a farmac\u00e8utics i impartit per<strong> professionals<\/strong> <strong>experts en la mat\u00e8ria<\/strong> (professors de la Facultat de Medicina, Farm\u00e0cia, Podologia i T\u00e8cnics Ortop\u00e8dics) que ajuden als estudiants a <strong>diferenciar-se professionalment<\/strong> en una \u00e0rea de <strong>grans oportunitats<\/strong> com \u00e9s l\u2019Ortop\u00e8dia. El farmac\u00e8utic i t\u00e8cnic ortop\u00e8dic forma part d\u2019un servei professional de salut i <strong>ajuda a millorar la qualitat de vida en totes les etapes de la vida<\/strong> i condicions de salut de les persones.<\/p>\n<p><strong><u>La modalitat h\u00edbrida, principal novetat d\u2019aquesta edici\u00f3 <\/u><\/strong><\/p>\n<p><strong>Per primera vegada<\/strong>, i per tal de donar <strong>m\u00e9s flexibilitat als farmac\u00e8utics\/ques <\/strong>que decideixin cursar-lo, s\u2019ofereixen dos formats<strong>: presencial o h\u00edbrid<\/strong>. En totes dues <strong>modalitats<\/strong> les pr\u00e0ctiques s\u00f3n presencials, per\u00f2 el que canvia \u00e9s que la <strong>modalitat h\u00edbrida<\/strong> ofereix la possibilitat de poder cursar la <strong>part te\u00f2rica del M\u00e0ster de manera virtual<\/strong>. \u00c9s a dir, els estudiants que decideixin cursar el M\u00e0ster a trav\u00e9s d\u2019aquesta modalitat<strong>, <\/strong>podran seguir les <strong>sessions te\u00f2riques <\/strong>a trav\u00e9s de l\u2019<strong>aula h\u00edbrida del COFB, <\/strong>que permet que els estudiants que estan connectats virtualment puguin interactuar i seguir les classes en les mateixes condicions que si haguessin vingut presencialment al Col\u00b7legi.<\/p>\n<p><strong><u>Alt percentatge de classes pr\u00e0ctiques<\/u><\/strong><\/p>\n<p>El M\u00e0ster treballa <strong>continguts te\u00f2rics i pr\u00e0ctics<\/strong> que permeten dominar els coneixements <strong>anat\u00f2mics<\/strong>, <strong>fisiol\u00f2gics<\/strong> i <strong>patol\u00f2gics<\/strong> relacionats amb l\u2019Ortop\u00e8dia; <strong>dissenyar, elaborar i adaptar els aparells ortop\u00e8dics<\/strong>; obtenir la <strong>compet\u00e8ncia necess\u00e0ria per dispensar ortesis, pr\u00f2tesis i altres dispositius<\/strong>; <strong>assessorar el pacient en tot el proc\u00e9s<\/strong> (presa de mides, comprovaci\u00f3, adaptaci\u00f3 i seguiment); <strong>adquirir els coneixements necessaris per obtenir la llic\u00e8ncia de funcionament, tant si el centre est\u00e0 situat dins com fora de la farm\u00e0cia comunit\u00e0ria<\/strong>; comprendre i tenir esperit cr\u00edtic en relaci\u00f3 amb la <strong>literatura referida als productes d\u2019Ortop\u00e8dia<\/strong> i <strong>aplicar la legislaci\u00f3 sanit\u00e0ria<\/strong> que afecta el <strong>sector de l\u2019Ortop\u00e8dia<\/strong>.<\/p>\n<p>Les <strong>classes te\u00f2riques<\/strong> estan <strong>dinamitzades<\/strong> amb l\u2019\u00fas de mitjans inform\u00e0tics i audiovisuals que permeten visualitzar i comprendre els continguts i interaccionar amb el professorat, tant presencialment a l\u2019aula com en <em>webinar<\/em> en temps real.<\/p>\n<p>El M\u00e0ster, a difer\u00e8ncia d\u2019altres cursos online, t\u00e9 un <strong>45% de classes pr\u00e0ctiques<\/strong> respecte a la totalitat de les hores lectives. Un cop cursat i, despr\u00e9s d\u2019haver fet el treball final, el farmac\u00e8utic podr\u00e0 exercir amb seguretat i posar en pr\u00e0ctica, des del primer dia, tot el que ha apr\u00e8s. Aix\u00ed mateix, el <strong>treball de fi de M\u00e0ster<\/strong> que ha de presentar cada alumne, tutoritzat per professors experts, consisteix en un <strong>projecte per desenvolupar un centre d\u2019Ortop\u00e8dia<\/strong>.<\/p>\n<p><strong><u>\u201cL\u2019Ortop\u00e8dia suposa una oportunitat de creixement professional per als farmac\u00e8utics\u201d <\/u><\/strong><\/p>\n<p><strong>N\u00faria Barcel\u00f3<\/strong>, farmac\u00e8utica i t\u00e8cnica ortop\u00e8dica, que va realitzar el <strong>M\u00e0ster d\u2019Ortop\u00e8dia<\/strong> el curs 2017-2018, destaca que l\u2019Ortop\u00e8dia suposa \u201cuna <strong>oportunitat de creixement professional<\/strong> per als farmac\u00e8utics. Som <strong>professionals sanitaris altament accessibles<\/strong>, el primer punt on acudeixen els pacients quan tenen un problema de salut. I, a m\u00e9s, els pacients que poden requerir productes d\u2019Ortop\u00e8dia s\u00f3n pacients que es veuen en el dia a dia de la farm\u00e0cia: poblaci\u00f3 envellida, persones que han patit algun accident, persones amb malalties degeneratives, entre altres. Sense deixar de banda que qualsevol persona, en algun moment de la seva vida, pot requerir un producte d\u2019Ortop\u00e8dia\u201d.<\/p>\n<p>Barcel\u00f3 tamb\u00e9 exposa que \u201cla <strong>formaci\u00f3<\/strong> \u00e9s <strong>essencial<\/strong> per treballar la farm\u00e0cia com un <strong>espai de<\/strong> <strong>salut integral\u201d<\/strong>. Per tot plegat, ressalta que el M\u00e0ster d\u2019Ortop\u00e8dia del COFB i la UB \u201c\u00e9s un <strong>M\u00e0ster que ens capacita<\/strong> i un <strong>segell de qualitat<\/strong>, no \u00e9s nom\u00e9s un curs de formaci\u00f3. La <strong>part pr\u00e0ctica <\/strong>\u00e9s molt important i t\u00e9 molt pes en el M\u00e0ster, i les <strong>classes te\u00f2riques<\/strong> s\u00f3n necess\u00e0ries per entendre les solucions que li puguem donar a un pacient\u201d.<\/p>\n<p>En la mateixa l\u00ednia, <strong>Elena Palau<\/strong>, vocal d\u2019Ortop\u00e8dia del COFB i codirectora del M\u00e0ster, afirma que \u201cal llarg de la hist\u00f2ria del M\u00e0ster s\u2019han format <strong>227 farmac\u00e8utics<\/strong> -que han passat a tenir el t\u00edtol de t\u00e8cnic ortop\u00e8dic- i que la formaci\u00f3 ofereix <strong>seguretat a l\u2019hora de poder atendre els pacients<\/strong> i les seves consultes, que no nom\u00e9s estan relacionades amb l\u2019\u00e0mbit del medicament\u201d.<\/p>\n<p><span><span>\u00a0<\/span><\/span>Finalment, <strong>Raquel Mart\u00edn<\/strong>, professora de la Facultat de Farm\u00e0cia de la UB i codirectora del M\u00e0ster, remarca que \u201ctot i que bona part de les pr\u00e0ctiques es realitzen a la Facultat de Farm\u00e0cia de la UB, tamb\u00e9 n\u2019hi haur\u00e0 a l\u2019Escola de Podologia i l\u2019Hospital Podol\u00f2gic, a la Facultat de Medicina i a diferents tallers d\u2019Ortop\u00e8dia; sense deixar de banda l<strong>es visites a empreses del sector<\/strong>\u201d.\u00a0\u00a0En la modalitat h\u00edbrida, principal novetat d\u2019aquesta edici\u00f3, els alumnes podran seguir totes les sessions te\u00f2riques de manera virtual<br \/>\n\t\u00a0<\/p>\n<p>\tUn 45% de les classes del M\u00e0ster s\u00f3n pr\u00e0ctiques i els continguts apresos es poden aplicar des del primer dia<br \/>\n\t\u00a0<\/p>\n<p>\tLa valoraci\u00f3 que en fan els exalumnes \u00e9s molt positiva, destacant l\u2019oportunitat de creixement professional que suposa per als farmac\u00e8utics<\/p>\n<p>Barcelona, 30 de juny de 2021. El Col\u00b7legi de Farmac\u00e8utics de Barcelona (COFB) i la Universitat de Barcelona (UB) han presentat la VII edici\u00f3 del M\u00e0ster d\u2019Ortop\u00e8dia per a farmac\u00e8utics, que comen\u00e7ar\u00e0 el pr\u00f2xim 25 d\u2019octubre i capacitar\u00e0 novament al farmac\u00e8utic com a t\u00e8cnic responsable per a exercir l\u2019adaptaci\u00f3 i la fabricaci\u00f3 a mida de productes d\u2019Ortop\u00e8dia.<\/p>\n<p>El M\u00e0ster \u2013les inscripcions del qual estan obertes a trav\u00e9s d\u2019aquest enlla\u00e7\u2013 est\u00e0 dissenyat espec\u00edficament per a farmac\u00e8utics i impartit per professionals experts en la mat\u00e8ria (professors de la Facultat de Medicina, Farm\u00e0cia, Podologia i T\u00e8cnics Ortop\u00e8dics) que ajuden als estudiants a diferenciar-se professionalment en una \u00e0rea de grans oportunitats com \u00e9s l\u2019Ortop\u00e8dia. El farmac\u00e8utic i t\u00e8cnic ortop\u00e8dic forma part d\u2019un servei professional de salut i ajuda a millorar la qualitat de vida en totes les etapes de la vida i condicions de salut de les persones.<\/p>\n<p>La modalitat h\u00edbrida, principal novetat d\u2019aquesta edici\u00f3 <\/p>\n<p>Per primera vegada, i per tal de donar m\u00e9s flexibilitat als farmac\u00e8utics\/ques que decideixin cursar-lo, s\u2019ofereixen dos formats: presencial o h\u00edbrid. En totes dues modalitats les pr\u00e0ctiques s\u00f3n presencials, per\u00f2 el que canvia \u00e9s que la modalitat h\u00edbrida ofereix la possibilitat de poder cursar la part te\u00f2rica del M\u00e0ster de manera virtual. \u00c9s a dir, els estudiants que decideixin cursar el M\u00e0ster a trav\u00e9s d\u2019aquesta modalitat, podran seguir les sessions te\u00f2riques a trav\u00e9s de l\u2019aula h\u00edbrida del COFB, que permet que els estudiants que estan connectats virtualment puguin interactuar i seguir les classes en les mateixes condicions que si haguessin vingut presencialment al Col\u00b7legi.<\/p>\n<p>Alt percentatge de classes pr\u00e0ctiques<\/p>\n<p>El M\u00e0ster treballa continguts te\u00f2rics i pr\u00e0ctics que permeten dominar els coneixements anat\u00f2mics, fisiol\u00f2gics i patol\u00f2gics relacionats amb l\u2019Ortop\u00e8dia; dissenyar, elaborar i adaptar els aparells ortop\u00e8dics; obtenir la compet\u00e8ncia necess\u00e0ria per dispensar ortesis, pr\u00f2tesis i altres dispositius; assessorar el pacient en tot el proc\u00e9s (presa de mides, comprovaci\u00f3, adaptaci\u00f3 i seguiment); adquirir els coneixements necessaris per obtenir la llic\u00e8ncia de funcionament, tant si el centre est\u00e0 situat dins com fora de la farm\u00e0cia comunit\u00e0ria; comprendre i tenir esperit cr\u00edtic en relaci\u00f3 amb la literatura referida als productes d\u2019Ortop\u00e8dia i aplicar la legislaci\u00f3 sanit\u00e0ria que afecta el sector de l\u2019Ortop\u00e8dia.<\/p>\n<p>Les classes te\u00f2riques estan dinamitzades amb l\u2019\u00fas de mitjans inform\u00e0tics i audiovisuals que permeten visualitzar i comprendre els continguts i interaccionar amb el professorat, tant presencialment a l\u2019aula com en webinar en temps real.<\/p>\n<p>El M\u00e0ster, a difer\u00e8ncia d\u2019altres cursos online, t\u00e9 un 45% de classes pr\u00e0ctiques respecte a la totalitat de les hores lectives. Un cop cursat i, despr\u00e9s d\u2019haver fet el treball final, el farmac\u00e8utic podr\u00e0 exercir amb seguretat i posar en pr\u00e0ctica, des del primer dia, tot el que ha apr\u00e8s. Aix\u00ed mateix, el treball de fi de M\u00e0ster que ha de presentar cada alumne, tutoritzat per professors experts, consisteix en un projecte per desenvolupar un centre d\u2019Ortop\u00e8dia.<\/p>\n<p>\u201cL\u2019Ortop\u00e8dia suposa una oportunitat de creixement professional per als farmac\u00e8utics\u201d <\/p>\n<p>N\u00faria Barcel\u00f3, farmac\u00e8utica i t\u00e8cnica ortop\u00e8dica, que va realitzar el M\u00e0ster d\u2019Ortop\u00e8dia el curs 2017-2018, destaca que l\u2019Ortop\u00e8dia suposa \u201cuna oportunitat de creixement professional per als farmac\u00e8utics. Som professionals sanitaris altament accessibles, el primer punt on acudeixen els pacients quan tenen un problema de salut. I, a m\u00e9s, els pacients que poden requerir productes d\u2019Ortop\u00e8dia s\u00f3n pacients que es veuen en el dia a dia de la farm\u00e0cia: poblaci\u00f3 envellida, persones que han patit algun accident, persones amb malalties degeneratives, entre altres. Sense deixar de banda que qualsevol persona, en algun moment de la seva vida, pot requerir un producte d\u2019Ortop\u00e8dia\u201d.<\/p>\n<p>Barcel\u00f3 tamb\u00e9 exposa que \u201cla formaci\u00f3 \u00e9s essencial per treballar la farm\u00e0cia com un espai de salut integral\u201d. Per tot plegat, ressalta que el M\u00e0ster d\u2019Ortop\u00e8dia del COFB i la UB \u201c\u00e9s un M\u00e0ster que ens capacita i un segell de qualitat, no \u00e9s nom\u00e9s un curs de formaci\u00f3. La part pr\u00e0ctica \u00e9s molt important i t\u00e9 molt pes en el M\u00e0ster, i les classes te\u00f2riques s\u00f3n necess\u00e0ries per entendre les solucions que li puguem donar a un pacient\u201d.<\/p>\n<p>En la mateixa l\u00ednia, Elena Palau, vocal d\u2019Ortop\u00e8dia del COFB i codirectora del M\u00e0ster, afirma que \u201cal llarg de la hist\u00f2ria del M\u00e0ster s\u2019han format 227 farmac\u00e8utics -que han passat a tenir el t\u00edtol de t\u00e8cnic ortop\u00e8dic- i que la formaci\u00f3 ofereix seguretat a l\u2019hora de poder atendre els pacients i les seves consultes, que no nom\u00e9s estan relacionades amb l\u2019\u00e0mbit del medicament\u201d.<br \/>\n\u00a0Finalment, Raquel Mart\u00edn, professora de la Facultat de Farm\u00e0cia de la UB i codirectora del M\u00e0ster, remarca que \u201ctot i que bona part de les pr\u00e0ctiques es realitzen a la Facultat de Farm\u00e0cia de la UB, tamb\u00e9 n\u2019hi haur\u00e0 a l\u2019Escola de Podologia i l\u2019Hospital Podol\u00f2gic, a la Facultat de Medicina i a diferents tallers d\u2019Ortop\u00e8dia; sense deixar de banda les visites a empreses del sector\u201d.\u00a0\u00a0\u00a0COFB.ORG<\/p>\n","protected":false},"excerpt":{"rendered":"<p>\u00a0 En la modalitat h\u00edbrida, principal novetat d\u2019aquesta edici\u00f3, els alumnes podran seguir totes les sessions te\u00f2riques de manera virtual \u00a0 Un 45% de les classes del M\u00e0ster s\u00f3n pr\u00e0ctiques i els continguts apresos es poden aplicar des del primer dia \u00a0 La valoraci\u00f3 que en fan els exalumnes \u00e9s [&hellip;]<\/p>\n","protected":false},"author":1,"featured_media":77055,"comment_status":"","ping_status":"","sticky":false,"template":"","format":"standard","meta":{"_uag_custom_page_level_css":"","site-sidebar-layout":"default","site-content-layout":"","ast-site-content-layout":"default","site-content-style":"default","site-sidebar-style":"default","ast-global-header-display":"","ast-banner-title-visibility":"","ast-main-header-display":"","ast-hfb-above-header-display":"","ast-hfb-below-header-display":"","ast-hfb-mobile-header-display":"","site-post-title":"","ast-breadcrumbs-content":"","ast-featured-img":"disabled","footer-sml-layout":"","theme-transparent-header-meta":"","adv-header-id-meta":"","stick-header-meta":"","header-above-stick-meta":"","header-main-stick-meta":"","header-below-stick-meta":"","astra-migrate-meta-layouts":"default","ast-page-background-enabled":"default","ast-page-background-meta":{"desktop":{"background-color":"var(--ast-global-color-4)","background-image":"","background-repeat":"repeat","background-position":"center center","background-size":"auto","background-attachment":"scroll","background-type":"","background-media":"","overlay-type":"","overlay-color":"","overlay-opacity":"","overlay-gradient":""},"tablet":{"background-color":"","background-image":"","background-repeat":"repeat","background-position":"center center","background-size":"auto","background-attachment":"scroll","background-type":"","background-media":"","overlay-type":"","overlay-color":"","overlay-opacity":"","overlay-gradient":""},"mobile":{"background-color":"","background-image":"","background-repeat":"repeat","background-position":"center center","background-size":"auto","background-attachment":"scroll","background-type":"","background-media":"","overlay-type":"","overlay-color":"","overlay-opacity":"","overlay-gradient":""}},"ast-content-background-meta":{"desktop":{"background-color":"var(--ast-global-color-5)","background-image":"","background-repeat":"repeat","background-position":"center center","background-size":"auto","background-attachment":"scroll","background-type":"","background-media":"","overlay-type":"","overlay-color":"","overlay-opacity":"","overlay-gradient":""},"tablet":{"background-color":"var(--ast-global-color-5)","background-image":"","background-repeat":"repeat","background-position":"center center","background-size":"auto","background-attachment":"scroll","background-type":"","background-media":"","overlay-type":"","overlay-color":"","overlay-opacity":"","overlay-gradient":""},"mobile":{"background-color":"var(--ast-global-color-5)","background-image":"","background-repeat":"repeat","background-position":"center center","background-size":"auto","background-attachment":"scroll","background-type":"","background-media":"","overlay-type":"","overlay-color":"","overlay-opacity":"","overlay-gradient":""}},"footnotes":""},"categories":[1060,1066],"tags":[],"class_list":["post-77054","post","type-post","status-publish","format-standard","has-post-thumbnail","hentry","category-notes-premsa","category-sense-categoria-ca"],"yoast_head":"<!-- This site is optimized with the Yoast SEO plugin v22.4 - https:\/\/yoast.com\/wordpress\/plugins\/seo\/ -->\n<title>El COF de Barcelona i la Universitat de Barcelona presenten la VII edici\u00f3 del M\u00e0ster d\u2019Ortop\u00e8dia per a farmac\u00e8utics, que oferir\u00e0 per primer cop una modalitat h\u00edbrida - Col\u00b7legi de Farmac\u00e8utics de Barcelona<\/title>\n<meta name=\"robots\" content=\"index, follow, max-snippet:-1, max-image-preview:large, max-video-preview:-1\" \/>\n<link rel=\"canonical\" href=\"https:\/\/novaorg.cofb.net\/2021\/06\/30\/el-cof-de-barcelona-i-la-universitat-de-barcelona-presenten-la-vii-edicio-del-master-dortopedia-per-a-farmaceutics-que-oferira-per-primer-cop-una-modalitat-hibrida-2\/\" \/>\n<meta property=\"og:locale\" content=\"ca_ES\" \/>\n<meta property=\"og:type\" content=\"article\" \/>\n<meta property=\"og:title\" content=\"El COF de Barcelona i la Universitat de Barcelona presenten la VII edici\u00f3 del M\u00e0ster d\u2019Ortop\u00e8dia per a farmac\u00e8utics, que oferir\u00e0 per primer cop una modalitat h\u00edbrida - Col\u00b7legi de Farmac\u00e8utics de Barcelona\" \/>\n<meta property=\"og:description\" content=\"\u00a0 En la modalitat h\u00edbrida, principal novetat d\u2019aquesta edici\u00f3, els alumnes podran seguir totes les sessions te\u00f2riques de manera virtual \u00a0 Un 45% de les classes del M\u00e0ster s\u00f3n pr\u00e0ctiques i els continguts apresos es poden aplicar des del primer dia \u00a0 La valoraci\u00f3 que en fan els exalumnes \u00e9s [&hellip;]\" \/>\n<meta property=\"og:url\" content=\"https:\/\/novaorg.cofb.net\/2021\/06\/30\/el-cof-de-barcelona-i-la-universitat-de-barcelona-presenten-la-vii-edicio-del-master-dortopedia-per-a-farmaceutics-que-oferira-per-primer-cop-una-modalitat-hibrida-2\/\" \/>\n<meta property=\"og:site_name\" content=\"Col\u00b7legi de Farmac\u00e8utics de Barcelona\" \/>\n<meta property=\"article:publisher\" content=\"https:\/\/www.facebook.com\/farmaceuticsbcn\/\" \/>\n<meta property=\"article:published_time\" content=\"2021-06-30T17:15:00+00:00\" \/>\n<meta property=\"og:image\" content=\"https:\/\/novaorg.cofb.net\/wp-content\/uploads\/2021\/06\/5b303f36-b87c-4781-a157-f835f4bfded4-aUdW3q.jpeg\" \/>\n\t<meta property=\"og:image:width\" content=\"1616\" \/>\n\t<meta property=\"og:image:height\" content=\"932\" \/>\n\t<meta property=\"og:image:type\" content=\"image\/jpeg\" \/>\n<meta name=\"author\" content=\"wpAdminCofbOrg\" \/>\n<meta name=\"twitter:card\" content=\"summary_large_image\" \/>\n<meta name=\"twitter:creator\" content=\"@farmaceuticsbcn\" \/>\n<meta name=\"twitter:site\" content=\"@farmaceuticsbcn\" \/>\n<meta name=\"twitter:label1\" content=\"Escrit per\" \/>\n\t<meta name=\"twitter:data1\" content=\"wpAdminCofbOrg\" \/>\n\t<meta name=\"twitter:label2\" content=\"Temps estimat de lectura\" \/>\n\t<meta name=\"twitter:data2\" content=\"10 minuts\" \/>\n<script type=\"application\/ld+json\" class=\"yoast-schema-graph\">{\"@context\":\"https:\/\/schema.org\",\"@graph\":[{\"@type\":\"Article\",\"@id\":\"https:\/\/novaorg.cofb.net\/2021\/06\/30\/el-cof-de-barcelona-i-la-universitat-de-barcelona-presenten-la-vii-edicio-del-master-dortopedia-per-a-farmaceutics-que-oferira-per-primer-cop-una-modalitat-hibrida-2\/#article\",\"isPartOf\":{\"@id\":\"https:\/\/novaorg.cofb.net\/2021\/06\/30\/el-cof-de-barcelona-i-la-universitat-de-barcelona-presenten-la-vii-edicio-del-master-dortopedia-per-a-farmaceutics-que-oferira-per-primer-cop-una-modalitat-hibrida-2\/\"},\"author\":{\"name\":\"wpAdminCofbOrg\",\"@id\":\"https:\/\/www.cofb.org\/#\/schema\/person\/22ed7eea88da74b0fa4d3154ad87ffcb\"},\"headline\":\"El COF de Barcelona i la Universitat de Barcelona presenten la VII edici\u00f3 del M\u00e0ster d\u2019Ortop\u00e8dia per a farmac\u00e8utics, que oferir\u00e0 per primer cop una modalitat h\u00edbrida\",\"datePublished\":\"2021-06-30T17:15:00+00:00\",\"dateModified\":\"2021-06-30T17:15:00+00:00\",\"mainEntityOfPage\":{\"@id\":\"https:\/\/novaorg.cofb.net\/2021\/06\/30\/el-cof-de-barcelona-i-la-universitat-de-barcelona-presenten-la-vii-edicio-del-master-dortopedia-per-a-farmaceutics-que-oferira-per-primer-cop-una-modalitat-hibrida-2\/\"},\"wordCount\":2022,\"publisher\":{\"@id\":\"https:\/\/www.cofb.org\/#organization\"},\"image\":{\"@id\":\"https:\/\/novaorg.cofb.net\/2021\/06\/30\/el-cof-de-barcelona-i-la-universitat-de-barcelona-presenten-la-vii-edicio-del-master-dortopedia-per-a-farmaceutics-que-oferira-per-primer-cop-una-modalitat-hibrida-2\/#primaryimage\"},\"thumbnailUrl\":\"https:\/\/www.cofb.org\/wp-content\/uploads\/2021\/06\/5b303f36-b87c-4781-a157-f835f4bfded4-aUdW3q.jpeg\",\"articleSection\":[\"Notes de premsa\"],\"inLanguage\":\"ca\"},{\"@type\":\"WebPage\",\"@id\":\"https:\/\/novaorg.cofb.net\/2021\/06\/30\/el-cof-de-barcelona-i-la-universitat-de-barcelona-presenten-la-vii-edicio-del-master-dortopedia-per-a-farmaceutics-que-oferira-per-primer-cop-una-modalitat-hibrida-2\/\",\"url\":\"https:\/\/novaorg.cofb.net\/2021\/06\/30\/el-cof-de-barcelona-i-la-universitat-de-barcelona-presenten-la-vii-edicio-del-master-dortopedia-per-a-farmaceutics-que-oferira-per-primer-cop-una-modalitat-hibrida-2\/\",\"name\":\"El COF de Barcelona i la Universitat de Barcelona presenten la VII edici\u00f3 del M\u00e0ster d\u2019Ortop\u00e8dia per a farmac\u00e8utics, que oferir\u00e0 per primer cop una modalitat h\u00edbrida - Col\u00b7legi de Farmac\u00e8utics de Barcelona\",\"isPartOf\":{\"@id\":\"https:\/\/www.cofb.org\/#website\"},\"primaryImageOfPage\":{\"@id\":\"https:\/\/novaorg.cofb.net\/2021\/06\/30\/el-cof-de-barcelona-i-la-universitat-de-barcelona-presenten-la-vii-edicio-del-master-dortopedia-per-a-farmaceutics-que-oferira-per-primer-cop-una-modalitat-hibrida-2\/#primaryimage\"},\"image\":{\"@id\":\"https:\/\/novaorg.cofb.net\/2021\/06\/30\/el-cof-de-barcelona-i-la-universitat-de-barcelona-presenten-la-vii-edicio-del-master-dortopedia-per-a-farmaceutics-que-oferira-per-primer-cop-una-modalitat-hibrida-2\/#primaryimage\"},\"thumbnailUrl\":\"https:\/\/www.cofb.org\/wp-content\/uploads\/2021\/06\/5b303f36-b87c-4781-a157-f835f4bfded4-aUdW3q.jpeg\",\"datePublished\":\"2021-06-30T17:15:00+00:00\",\"dateModified\":\"2021-06-30T17:15:00+00:00\",\"breadcrumb\":{\"@id\":\"https:\/\/novaorg.cofb.net\/2021\/06\/30\/el-cof-de-barcelona-i-la-universitat-de-barcelona-presenten-la-vii-edicio-del-master-dortopedia-per-a-farmaceutics-que-oferira-per-primer-cop-una-modalitat-hibrida-2\/#breadcrumb\"},\"inLanguage\":\"ca\",\"potentialAction\":[{\"@type\":\"ReadAction\",\"target\":[\"https:\/\/novaorg.cofb.net\/2021\/06\/30\/el-cof-de-barcelona-i-la-universitat-de-barcelona-presenten-la-vii-edicio-del-master-dortopedia-per-a-farmaceutics-que-oferira-per-primer-cop-una-modalitat-hibrida-2\/\"]}]},{\"@type\":\"ImageObject\",\"inLanguage\":\"ca\",\"@id\":\"https:\/\/novaorg.cofb.net\/2021\/06\/30\/el-cof-de-barcelona-i-la-universitat-de-barcelona-presenten-la-vii-edicio-del-master-dortopedia-per-a-farmaceutics-que-oferira-per-primer-cop-una-modalitat-hibrida-2\/#primaryimage\",\"url\":\"https:\/\/www.cofb.org\/wp-content\/uploads\/2021\/06\/5b303f36-b87c-4781-a157-f835f4bfded4-aUdW3q.jpeg\",\"contentUrl\":\"https:\/\/www.cofb.org\/wp-content\/uploads\/2021\/06\/5b303f36-b87c-4781-a157-f835f4bfded4-aUdW3q.jpeg\",\"width\":1616,\"height\":932},{\"@type\":\"BreadcrumbList\",\"@id\":\"https:\/\/novaorg.cofb.net\/2021\/06\/30\/el-cof-de-barcelona-i-la-universitat-de-barcelona-presenten-la-vii-edicio-del-master-dortopedia-per-a-farmaceutics-que-oferira-per-primer-cop-una-modalitat-hibrida-2\/#breadcrumb\",\"itemListElement\":[{\"@type\":\"ListItem\",\"position\":1,\"name\":\"Inici\",\"item\":\"https:\/\/novaorg.cofb.net\/\"},{\"@type\":\"ListItem\",\"position\":2,\"name\":\"El COF de Barcelona i la Universitat de Barcelona presenten la VII edici\u00f3 del M\u00e0ster d\u2019Ortop\u00e8dia per a farmac\u00e8utics, que oferir\u00e0 per primer cop una modalitat h\u00edbrida\"}]},{\"@type\":\"WebSite\",\"@id\":\"https:\/\/www.cofb.org\/#website\",\"url\":\"https:\/\/www.cofb.org\/\",\"name\":\"Col\u00b7legi de Farmac\u00e8utics de Barcelona\",\"description\":\"\",\"publisher\":{\"@id\":\"https:\/\/www.cofb.org\/#organization\"},\"potentialAction\":[{\"@type\":\"SearchAction\",\"target\":{\"@type\":\"EntryPoint\",\"urlTemplate\":\"https:\/\/www.cofb.org\/?s={search_term_string}\"},\"query-input\":\"required name=search_term_string\"}],\"inLanguage\":\"ca\"},{\"@type\":\"Organization\",\"@id\":\"https:\/\/www.cofb.org\/#organization\",\"name\":\"Col\u00b7legi de Farmac\u00e8utics de Barcelona\",\"url\":\"https:\/\/www.cofb.org\/\",\"logo\":{\"@type\":\"ImageObject\",\"inLanguage\":\"ca\",\"@id\":\"https:\/\/www.cofb.org\/#\/schema\/logo\/image\/\",\"url\":\"https:\/\/www.cofb.org\/wp-content\/uploads\/2023\/11\/cropped-Logotip-COFB.png\",\"contentUrl\":\"https:\/\/www.cofb.org\/wp-content\/uploads\/2023\/11\/cropped-Logotip-COFB.png\",\"width\":500,\"height\":105,\"caption\":\"Col\u00b7legi de Farmac\u00e8utics de Barcelona\"},\"image\":{\"@id\":\"https:\/\/www.cofb.org\/#\/schema\/logo\/image\/\"},\"sameAs\":[\"https:\/\/www.facebook.com\/farmaceuticsbcn\/\",\"https:\/\/twitter.com\/farmaceuticsbcn\",\"https:\/\/www.instagram.com\/farmaceuticsbcn\/\",\"https:\/\/www.linkedin.com\/company\/farmaceuticsbcn\/\"]},{\"@type\":\"Person\",\"@id\":\"https:\/\/www.cofb.org\/#\/schema\/person\/22ed7eea88da74b0fa4d3154ad87ffcb\",\"name\":\"wpAdminCofbOrg\",\"image\":{\"@type\":\"ImageObject\",\"inLanguage\":\"ca\",\"@id\":\"https:\/\/www.cofb.org\/#\/schema\/person\/image\/\",\"url\":\"https:\/\/secure.gravatar.com\/avatar\/1721b20b3b8ca882c3b56ec6c978c594fff670e40c0718e9190eaeeb76aae7d8?s=96&d=mm&r=g\",\"contentUrl\":\"https:\/\/secure.gravatar.com\/avatar\/1721b20b3b8ca882c3b56ec6c978c594fff670e40c0718e9190eaeeb76aae7d8?s=96&d=mm&r=g\",\"caption\":\"wpAdminCofbOrg\"},\"sameAs\":[\"http:\/\/192.168.64.122\/wordpress\"],\"url\":\"https:\/\/www.cofb.org\/ca\/author\/wpadmincofborg\/\"}]}<\/script>\n<!-- \/ Yoast SEO plugin. -->","yoast_head_json":{"title":"El COF de Barcelona i la Universitat de Barcelona presenten la VII edici\u00f3 del M\u00e0ster d\u2019Ortop\u00e8dia per a farmac\u00e8utics, que oferir\u00e0 per primer cop una modalitat h\u00edbrida - Col\u00b7legi de Farmac\u00e8utics de Barcelona","robots":{"index":"index","follow":"follow","max-snippet":"max-snippet:-1","max-image-preview":"max-image-preview:large","max-video-preview":"max-video-preview:-1"},"canonical":"https:\/\/novaorg.cofb.net\/2021\/06\/30\/el-cof-de-barcelona-i-la-universitat-de-barcelona-presenten-la-vii-edicio-del-master-dortopedia-per-a-farmaceutics-que-oferira-per-primer-cop-una-modalitat-hibrida-2\/","og_locale":"ca_ES","og_type":"article","og_title":"El COF de Barcelona i la Universitat de Barcelona presenten la VII edici\u00f3 del M\u00e0ster d\u2019Ortop\u00e8dia per a farmac\u00e8utics, que oferir\u00e0 per primer cop una modalitat h\u00edbrida - Col\u00b7legi de Farmac\u00e8utics de Barcelona","og_description":"\u00a0 En la modalitat h\u00edbrida, principal novetat d\u2019aquesta edici\u00f3, els alumnes podran seguir totes les sessions te\u00f2riques de manera virtual \u00a0 Un 45% de les classes del M\u00e0ster s\u00f3n pr\u00e0ctiques i els continguts apresos es poden aplicar des del primer dia \u00a0 La valoraci\u00f3 que en fan els exalumnes \u00e9s [&hellip;]","og_url":"https:\/\/novaorg.cofb.net\/2021\/06\/30\/el-cof-de-barcelona-i-la-universitat-de-barcelona-presenten-la-vii-edicio-del-master-dortopedia-per-a-farmaceutics-que-oferira-per-primer-cop-una-modalitat-hibrida-2\/","og_site_name":"Col\u00b7legi de Farmac\u00e8utics de Barcelona","article_publisher":"https:\/\/www.facebook.com\/farmaceuticsbcn\/","article_published_time":"2021-06-30T17:15:00+00:00","og_image":[{"width":1616,"height":932,"url":"https:\/\/novaorg.cofb.net\/wp-content\/uploads\/2021\/06\/5b303f36-b87c-4781-a157-f835f4bfded4-aUdW3q.jpeg","type":"image\/jpeg"}],"author":"wpAdminCofbOrg","twitter_card":"summary_large_image","twitter_creator":"@farmaceuticsbcn","twitter_site":"@farmaceuticsbcn","twitter_misc":{"Escrit per":"wpAdminCofbOrg","Temps estimat de lectura":"10 minuts"},"schema":{"@context":"https:\/\/schema.org","@graph":[{"@type":"Article","@id":"https:\/\/novaorg.cofb.net\/2021\/06\/30\/el-cof-de-barcelona-i-la-universitat-de-barcelona-presenten-la-vii-edicio-del-master-dortopedia-per-a-farmaceutics-que-oferira-per-primer-cop-una-modalitat-hibrida-2\/#article","isPartOf":{"@id":"https:\/\/novaorg.cofb.net\/2021\/06\/30\/el-cof-de-barcelona-i-la-universitat-de-barcelona-presenten-la-vii-edicio-del-master-dortopedia-per-a-farmaceutics-que-oferira-per-primer-cop-una-modalitat-hibrida-2\/"},"author":{"name":"wpAdminCofbOrg","@id":"https:\/\/www.cofb.org\/#\/schema\/person\/22ed7eea88da74b0fa4d3154ad87ffcb"},"headline":"El COF de Barcelona i la Universitat de Barcelona presenten la VII edici\u00f3 del M\u00e0ster d\u2019Ortop\u00e8dia per a farmac\u00e8utics, que oferir\u00e0 per primer cop una modalitat h\u00edbrida","datePublished":"2021-06-30T17:15:00+00:00","dateModified":"2021-06-30T17:15:00+00:00","mainEntityOfPage":{"@id":"https:\/\/novaorg.cofb.net\/2021\/06\/30\/el-cof-de-barcelona-i-la-universitat-de-barcelona-presenten-la-vii-edicio-del-master-dortopedia-per-a-farmaceutics-que-oferira-per-primer-cop-una-modalitat-hibrida-2\/"},"wordCount":2022,"publisher":{"@id":"https:\/\/www.cofb.org\/#organization"},"image":{"@id":"https:\/\/novaorg.cofb.net\/2021\/06\/30\/el-cof-de-barcelona-i-la-universitat-de-barcelona-presenten-la-vii-edicio-del-master-dortopedia-per-a-farmaceutics-que-oferira-per-primer-cop-una-modalitat-hibrida-2\/#primaryimage"},"thumbnailUrl":"https:\/\/www.cofb.org\/wp-content\/uploads\/2021\/06\/5b303f36-b87c-4781-a157-f835f4bfded4-aUdW3q.jpeg","articleSection":["Notes de premsa"],"inLanguage":"ca"},{"@type":"WebPage","@id":"https:\/\/novaorg.cofb.net\/2021\/06\/30\/el-cof-de-barcelona-i-la-universitat-de-barcelona-presenten-la-vii-edicio-del-master-dortopedia-per-a-farmaceutics-que-oferira-per-primer-cop-una-modalitat-hibrida-2\/","url":"https:\/\/novaorg.cofb.net\/2021\/06\/30\/el-cof-de-barcelona-i-la-universitat-de-barcelona-presenten-la-vii-edicio-del-master-dortopedia-per-a-farmaceutics-que-oferira-per-primer-cop-una-modalitat-hibrida-2\/","name":"El COF de Barcelona i la Universitat de Barcelona presenten la VII edici\u00f3 del M\u00e0ster d\u2019Ortop\u00e8dia per a farmac\u00e8utics, que oferir\u00e0 per primer cop una modalitat h\u00edbrida - Col\u00b7legi de Farmac\u00e8utics de Barcelona","isPartOf":{"@id":"https:\/\/www.cofb.org\/#website"},"primaryImageOfPage":{"@id":"https:\/\/novaorg.cofb.net\/2021\/06\/30\/el-cof-de-barcelona-i-la-universitat-de-barcelona-presenten-la-vii-edicio-del-master-dortopedia-per-a-farmaceutics-que-oferira-per-primer-cop-una-modalitat-hibrida-2\/#primaryimage"},"image":{"@id":"https:\/\/novaorg.cofb.net\/2021\/06\/30\/el-cof-de-barcelona-i-la-universitat-de-barcelona-presenten-la-vii-edicio-del-master-dortopedia-per-a-farmaceutics-que-oferira-per-primer-cop-una-modalitat-hibrida-2\/#primaryimage"},"thumbnailUrl":"https:\/\/www.cofb.org\/wp-content\/uploads\/2021\/06\/5b303f36-b87c-4781-a157-f835f4bfded4-aUdW3q.jpeg","datePublished":"2021-06-30T17:15:00+00:00","dateModified":"2021-06-30T17:15:00+00:00","breadcrumb":{"@id":"https:\/\/novaorg.cofb.net\/2021\/06\/30\/el-cof-de-barcelona-i-la-universitat-de-barcelona-presenten-la-vii-edicio-del-master-dortopedia-per-a-farmaceutics-que-oferira-per-primer-cop-una-modalitat-hibrida-2\/#breadcrumb"},"inLanguage":"ca","potentialAction":[{"@type":"ReadAction","target":["https:\/\/novaorg.cofb.net\/2021\/06\/30\/el-cof-de-barcelona-i-la-universitat-de-barcelona-presenten-la-vii-edicio-del-master-dortopedia-per-a-farmaceutics-que-oferira-per-primer-cop-una-modalitat-hibrida-2\/"]}]},{"@type":"ImageObject","inLanguage":"ca","@id":"https:\/\/novaorg.cofb.net\/2021\/06\/30\/el-cof-de-barcelona-i-la-universitat-de-barcelona-presenten-la-vii-edicio-del-master-dortopedia-per-a-farmaceutics-que-oferira-per-primer-cop-una-modalitat-hibrida-2\/#primaryimage","url":"https:\/\/www.cofb.org\/wp-content\/uploads\/2021\/06\/5b303f36-b87c-4781-a157-f835f4bfded4-aUdW3q.jpeg","contentUrl":"https:\/\/www.cofb.org\/wp-content\/uploads\/2021\/06\/5b303f36-b87c-4781-a157-f835f4bfded4-aUdW3q.jpeg","width":1616,"height":932},{"@type":"BreadcrumbList","@id":"https:\/\/novaorg.cofb.net\/2021\/06\/30\/el-cof-de-barcelona-i-la-universitat-de-barcelona-presenten-la-vii-edicio-del-master-dortopedia-per-a-farmaceutics-que-oferira-per-primer-cop-una-modalitat-hibrida-2\/#breadcrumb","itemListElement":[{"@type":"ListItem","position":1,"name":"Inici","item":"https:\/\/novaorg.cofb.net\/"},{"@type":"ListItem","position":2,"name":"El COF de Barcelona i la Universitat de Barcelona presenten la VII edici\u00f3 del M\u00e0ster d\u2019Ortop\u00e8dia per a farmac\u00e8utics, que oferir\u00e0 per primer cop una modalitat h\u00edbrida"}]},{"@type":"WebSite","@id":"https:\/\/www.cofb.org\/#website","url":"https:\/\/www.cofb.org\/","name":"Col\u00b7legi de Farmac\u00e8utics de Barcelona","description":"","publisher":{"@id":"https:\/\/www.cofb.org\/#organization"},"potentialAction":[{"@type":"SearchAction","target":{"@type":"EntryPoint","urlTemplate":"https:\/\/www.cofb.org\/?s={search_term_string}"},"query-input":"required name=search_term_string"}],"inLanguage":"ca"},{"@type":"Organization","@id":"https:\/\/www.cofb.org\/#organization","name":"Col\u00b7legi de Farmac\u00e8utics de Barcelona","url":"https:\/\/www.cofb.org\/","logo":{"@type":"ImageObject","inLanguage":"ca","@id":"https:\/\/www.cofb.org\/#\/schema\/logo\/image\/","url":"https:\/\/www.cofb.org\/wp-content\/uploads\/2023\/11\/cropped-Logotip-COFB.png","contentUrl":"https:\/\/www.cofb.org\/wp-content\/uploads\/2023\/11\/cropped-Logotip-COFB.png","width":500,"height":105,"caption":"Col\u00b7legi de Farmac\u00e8utics de Barcelona"},"image":{"@id":"https:\/\/www.cofb.org\/#\/schema\/logo\/image\/"},"sameAs":["https:\/\/www.facebook.com\/farmaceuticsbcn\/","https:\/\/twitter.com\/farmaceuticsbcn","https:\/\/www.instagram.com\/farmaceuticsbcn\/","https:\/\/www.linkedin.com\/company\/farmaceuticsbcn\/"]},{"@type":"Person","@id":"https:\/\/www.cofb.org\/#\/schema\/person\/22ed7eea88da74b0fa4d3154ad87ffcb","name":"wpAdminCofbOrg","image":{"@type":"ImageObject","inLanguage":"ca","@id":"https:\/\/www.cofb.org\/#\/schema\/person\/image\/","url":"https:\/\/secure.gravatar.com\/avatar\/1721b20b3b8ca882c3b56ec6c978c594fff670e40c0718e9190eaeeb76aae7d8?s=96&d=mm&r=g","contentUrl":"https:\/\/secure.gravatar.com\/avatar\/1721b20b3b8ca882c3b56ec6c978c594fff670e40c0718e9190eaeeb76aae7d8?s=96&d=mm&r=g","caption":"wpAdminCofbOrg"},"sameAs":["http:\/\/192.168.64.122\/wordpress"],"url":"https:\/\/www.cofb.org\/ca\/author\/wpadmincofborg\/"}]}},"uagb_featured_image_src":{"full":["https:\/\/www.cofb.org\/wp-content\/uploads\/2021\/06\/5b303f36-b87c-4781-a157-f835f4bfded4-aUdW3q.jpeg",1616,932,false],"thumbnail":["https:\/\/www.cofb.org\/wp-content\/uploads\/2021\/06\/5b303f36-b87c-4781-a157-f835f4bfded4-aUdW3q-150x150.jpeg",150,150,true],"medium":["https:\/\/www.cofb.org\/wp-content\/uploads\/2021\/06\/5b303f36-b87c-4781-a157-f835f4bfded4-aUdW3q-300x173.jpeg",300,173,true],"medium_large":["https:\/\/www.cofb.org\/wp-content\/uploads\/2021\/06\/5b303f36-b87c-4781-a157-f835f4bfded4-aUdW3q-768x443.jpeg",768,443,true],"large":["https:\/\/www.cofb.org\/wp-content\/uploads\/2021\/06\/5b303f36-b87c-4781-a157-f835f4bfded4-aUdW3q-1024x591.jpeg",1024,591,true],"1536x1536":["https:\/\/www.cofb.org\/wp-content\/uploads\/2021\/06\/5b303f36-b87c-4781-a157-f835f4bfded4-aUdW3q-1536x886.jpeg",1536,886,true],"2048x2048":["https:\/\/www.cofb.org\/wp-content\/uploads\/2021\/06\/5b303f36-b87c-4781-a157-f835f4bfded4-aUdW3q.jpeg",1616,932,false],"trp-custom-language-flag":["https:\/\/www.cofb.org\/wp-content\/uploads\/2021\/06\/5b303f36-b87c-4781-a157-f835f4bfded4-aUdW3q-18x10.jpeg",18,10,true]},"uagb_author_info":{"display_name":"wpAdminCofbOrg","author_link":"https:\/\/www.cofb.org\/ca\/author\/wpadmincofborg\/"},"uagb_comment_info":0,"uagb_excerpt":"\u00a0 En la modalitat h\u00edbrida, principal novetat d\u2019aquesta edici\u00f3, els alumnes podran seguir totes les sessions te\u00f2riques de manera virtual \u00a0 Un 45% de les classes del M\u00e0ster s\u00f3n pr\u00e0ctiques i els continguts apresos es poden aplicar des del primer dia \u00a0 La valoraci\u00f3 que en fan els exalumnes \u00e9s [&hellip;]","_links":{"self":[{"href":"https:\/\/www.cofb.org\/ca\/wp-json\/wp\/v2\/posts\/77054","targetHints":{"allow":["GET"]}}],"collection":[{"href":"https:\/\/www.cofb.org\/ca\/wp-json\/wp\/v2\/posts"}],"about":[{"href":"https:\/\/www.cofb.org\/ca\/wp-json\/wp\/v2\/types\/post"}],"author":[{"embeddable":true,"href":"https:\/\/www.cofb.org\/ca\/wp-json\/wp\/v2\/users\/1"}],"replies":[{"embeddable":true,"href":"https:\/\/www.cofb.org\/ca\/wp-json\/wp\/v2\/comments?post=77054"}],"version-history":[{"count":0,"href":"https:\/\/www.cofb.org\/ca\/wp-json\/wp\/v2\/posts\/77054\/revisions"}],"wp:featuredmedia":[{"embeddable":true,"href":"https:\/\/www.cofb.org\/ca\/wp-json\/wp\/v2\/media\/77055"}],"wp:attachment":[{"href":"https:\/\/www.cofb.org\/ca\/wp-json\/wp\/v2\/media?parent=77054"}],"wp:term":[{"taxonomy":"category","embeddable":true,"href":"https:\/\/www.cofb.org\/ca\/wp-json\/wp\/v2\/categories?post=77054"},{"taxonomy":"post_tag","embeddable":true,"href":"https:\/\/www.cofb.org\/ca\/wp-json\/wp\/v2\/tags?post=77054"}],"curies":[{"name":"wp","href":"https:\/\/api.w.org\/{rel}","templated":true}]}}