{"id":77051,"date":"2021-07-21T11:07:00","date_gmt":"2021-07-21T11:07:00","guid":{"rendered":"https:\/\/novaorg.cofb.net\/2021\/07\/21\/a-partir-del-22-de-juliol-les-farmacies-ja-podran-dispensar-tests-dantigens-dautodiagnostic-sense-prescripcio-medicaa-partir-del-22-de-julio-las-farmacias-ya-podran-dispensar-test\/"},"modified":"2021-07-21T11:07:00","modified_gmt":"2021-07-21T11:07:00","slug":"a-partir-del-22-de-juliol-les-farmacies-ja-podran-dispensar-tests-dantigens-dautodiagnostic-sense-prescripcio-medicaa-partir-del-22-de-julio-las-farmacias-ya-podran-dispensar-test","status":"publish","type":"post","link":"https:\/\/www.cofb.org\/ca\/2021\/07\/21\/a-partir-del-22-de-juliol-les-farmacies-ja-podran-dispensar-tests-dantigens-dautodiagnostic-sense-prescripcio-medicaa-partir-del-22-de-julio-las-farmacias-ya-podran-dispensar-test\/","title":{"rendered":"A partir del 22 de juliol, les farm\u00e0cies ja podran dispensar tests d\u2019ant\u00edgens d\u2019autodiagn\u00f2stic sense prescripci\u00f3 m\u00e8dicaA partir del 22 de julio, las farmacias ya podr\u00e1n dispensar test de ant\u00edgenos de autodiagn\u00f3stico sin prescripci\u00f3n m\u00e9dica"},"content":{"rendered":"<p>\u00a0<\/p>\n<ul>\n<li>Aix\u00ed ho recull la modificaci\u00f3 del RD 1662\/2000 sobre productes sanitaris per al diagn\u00f2stic \u201cIn Vitro\u201d, que s\u2019ha publicat al BOE despr\u00e9s que s\u2019aprov\u00e9s ahir al Consell de Ministres<\/li>\n<\/ul>\n<div>\u00a0<\/div>\n<ul>\n<li>La tasca del farmac\u00e8utic \u00e9s fonamental per explicar a la poblaci\u00f3 com i quan han de realitzar els tests, ajudar-los a interpretar els resultats adequadament i promoure l\u2019autoresponsabilitat<\/li>\n<\/ul>\n<div>\u00a0<\/div>\n<ul>\n<li>Paral\u00b7lelament, des del passat dilluns 19 de juliol, m\u00e9s de 1.100 farm\u00e0cies de tot Catalunya estan realitzant tests d\u2019ant\u00edgens gratu\u00efts a monitors i infants de casals i col\u00f2nies d\u2019entre 10 i 40 anys<\/li>\n<li>\u00a0<\/li>\n<\/ul>\n<div><em>Barcelona, 21 de juliol de 2021. <\/em><strong>A partir de dijous, 22 juliol, les farm\u00e0cies ja podran dispensar tests d\u2019ant\u00edgens d\u2019autodiagn\u00f2stic sense prescripci\u00f3 m\u00e8dica<\/strong>. Aix\u00ed ho recull la modificaci\u00f3 del RD 1662\/2000 sobre productes sanitaris per al diagn\u00f2stic \u201cIn Vitro\u201d, que <a href=\"https:\/\/www.boe.es\/boe\/dias\/2021\/07\/21\/pdfs\/BOE-A-2021-12156.pdf\" target=\"_blank\" rel=\"noopener\">s\u2019ha publicat al BOE<\/a> despr\u00e9s que s\u2019aprov\u00e9s ahir al Consell de Ministres.\u00a0<\/div>\n<div>\u00a0<\/div>\n<div>Des de l\u2019inici de la pand\u00e8mia la xarxa de farm\u00e0cies s\u2019ha ofert a les autoritats sanit\u00e0ries per ajudar al control de la COVID-19 i, alhora, ha insistit en la necessitat de regular i promoure l\u2019\u00fas de tests d\u2019ant\u00edgens per tallar r\u00e0pidament les cadenes de contagi. Tenint aix\u00f2 en compte, el <strong>Consell de Col\u00b7legis Farmac\u00e8utics de Catalunya celebra que finalment la dispensaci\u00f3 de tests d\u2019ant\u00edgens sense recepta m\u00e8dica es pugui fer a trav\u00e9s d\u2019un entorn sanitari, segur i d\u2019assessorament professional com s\u00f3n les farm\u00e0cies<\/strong>, tot i que <strong>lamenta que aquesta mesura hagi trigat tant a entrar en vigor<\/strong>. Aix\u00ed mateix, <strong>el Consell continua posant-se a disposici\u00f3 de les autoritats sanit\u00e0ries per coordinar el registre i la comunicaci\u00f3 de resultats<\/strong>.\u00a0<\/div>\n<div>\u00a0<\/div>\n<div><u><strong>La tasca d\u2019educaci\u00f3 sanit\u00e0ria del farmac\u00e8utic, fonamental per explicar com realitzar el test i contextualitzar resultats<\/strong><\/u><\/div>\n<div>\u00a0<\/div>\n<div>Els farmac\u00e8utics, com a professionals sanitaris, <strong>disposen de formaci\u00f3 i coneixement suficient per contextualitzar els tests<\/strong>. M\u00e9s concretament, \u00e9s rellevant la <strong>tasca d\u2019educaci\u00f3 sanit\u00e0ria<\/strong> que poden desenvolupar a l\u2019hora <strong>d\u2019explicar a la poblaci\u00f3 com i quan han de realitzar els tests<\/strong> \u2013que actualment s\u00f3n d\u2019automostra nasal o de mostra de fluid oral-, <strong>ajudar-los a interpretar els resultats adequadament i promoure l\u2019autoresponsabilitat<\/strong>.\u00a0 Per exemple, d\u2019una banda, l\u2019usuari ha de tenir clar com actuar davant un resultat positiu; d\u2019altra banda, ha de ser conscient que un test amb resultat negatiu podria estar associat a poca c\u00e0rrega viral, per\u00f2 no es descarta el contagi, i en cap cas l\u2019eximeix de prendre les mesures de prevenci\u00f3 davant la COVID-19 (dist\u00e0ncia, mans, mascareta, ventilaci\u00f3 i quarantena en cas de ser contacte estret d\u2019un positiu).<\/div>\n<p>\n<u><strong>Cribratge de persones asimptom\u00e0tiques a les farm\u00e0cies\u00a0<\/strong><\/u><\/p>\n<p>Aix\u00ed mateix, <strong>conscients de la problem\u00e0tica actual<\/strong> \u2013amb els indicadors de contagi en augment i la pand\u00e8mia en expansi\u00f3-, <strong>de la urg\u00e8ncia de descongestionar els CAP<\/strong> i de la import\u00e0ncia de <strong>donar resposta a necessitats sanit\u00e0ries i socials, paral\u00b7lelament s\u2019ha posat en marxa un circuit de cribratge de persones asimptom\u00e0tiques a les farm\u00e0cies<\/strong>.<\/p>\n<p>Concretament, <strong>des del passat dilluns 19 de juliol, m\u00e9s de 1.100 farm\u00e0cies de tot Catalunya<\/strong> estan realitzant<strong> tests d\u2019ant\u00edgens gratu\u00efts a monitors i infants de casals i col\u00f2nies d\u2019entre 10 i 40 anys<\/strong> i, alhora, estan <strong>registrant els resultats a la plataforma TARCAT<\/strong> perqu\u00e8 l\u2019usuari pugui consultar-ho a La Meva Salut, a partir de l\u2019endem\u00e0. Es tracta d\u2019un cribratge impulsat pel <strong>Departament de Salut i el Departament de Drets Socials<\/strong>,\u00a0 juntament amb el <strong>Consell de Col\u00b7legis Farmac\u00e8utics de Catalunya<\/strong>.\u00a0<\/p>\n<p>Tal com s\u2019ha demostrat en anteriors ocasions, <strong>els farmac\u00e8utics tenen capacitat per participar en programes de cribratge i contribuir a ser part de la soluci\u00f3 de la detecci\u00f3 preco\u00e7 de la COVID-19<\/strong>. En s\u00f3n exemples la prova pilot que es va fer a les farm\u00e0cies de Les Corts amb PCRs d\u2019automostra, o l\u2019assaig cl\u00ednic \u201cObrir Girona\u201d, en el marc del qual les farm\u00e0cies de Girona van realitzar tests d\u2019ant\u00edgens, van registrar resultats i van derivar casos positius a l\u2019Atenci\u00f3 Prim\u00e0ria, a m\u00e9s de certificar les persones vacunades.<\/p>\n<p>\u00a0Aix\u00ed ho recull la modificaci\u00f3 del RD 1662\/2000 sobre productes sanitaris per al diagn\u00f2stic \u201cIn Vitro\u201d, que s\u2019ha publicat al BOE despr\u00e9s que s\u2019aprov\u00e9s ahir al Consell de Ministres<\/p>\n<p>\u00a0<\/p>\n<p>\tLa tasca del farmac\u00e8utic \u00e9s fonamental per explicar a la poblaci\u00f3 com i quan han de realitzar els tests, ajudar-los a interpretar els resultats adequadament i promoure l\u2019autoresponsabilitat<\/p>\n<p>\u00a0<\/p>\n<p>\tParal\u00b7lelament, des del passat dilluns 19 de juliol, m\u00e9s de 1.100 farm\u00e0cies de tot Catalunya estan realitzant tests d\u2019ant\u00edgens gratu\u00efts a monitors i infants de casals i col\u00f2nies d\u2019entre 10 i 40 anys<br \/>\n\t\u00a0<\/p>\n<p>Barcelona, 21 de juliol de 2021. A partir de dijous, 22 juliol, les farm\u00e0cies ja podran dispensar tests d\u2019ant\u00edgens d\u2019autodiagn\u00f2stic sense prescripci\u00f3 m\u00e8dica. Aix\u00ed ho recull la modificaci\u00f3 del RD 1662\/2000 sobre productes sanitaris per al diagn\u00f2stic \u201cIn Vitro\u201d, que s\u2019ha publicat al BOE despr\u00e9s que s\u2019aprov\u00e9s ahir al Consell de Ministres.\u00a0<\/p>\n<p>\u00a0<\/p>\n<p>Des de l\u2019inici de la pand\u00e8mia la xarxa de farm\u00e0cies s\u2019ha ofert a les autoritats sanit\u00e0ries per ajudar al control de la COVID-19 i, alhora, ha insistit en la necessitat de regular i promoure l\u2019\u00fas de tests d\u2019ant\u00edgens per tallar r\u00e0pidament les cadenes de contagi. Tenint aix\u00f2 en compte, el Consell de Col\u00b7legis Farmac\u00e8utics de Catalunya celebra que finalment la dispensaci\u00f3 de tests d\u2019ant\u00edgens sense recepta m\u00e8dica es pugui fer a trav\u00e9s d\u2019un entorn sanitari, segur i d\u2019assessorament professional com s\u00f3n les farm\u00e0cies, tot i que lamenta que aquesta mesura hagi trigat tant a entrar en vigor. Aix\u00ed mateix, el Consell continua posant-se a disposici\u00f3 de les autoritats sanit\u00e0ries per coordinar el registre i la comunicaci\u00f3 de resultats.\u00a0<\/p>\n<p>\u00a0<\/p>\n<p>La tasca d\u2019educaci\u00f3 sanit\u00e0ria del farmac\u00e8utic, fonamental per explicar com realitzar el test i contextualitzar resultats<\/p>\n<p>\u00a0<\/p>\n<p>Els farmac\u00e8utics, com a professionals sanitaris, disposen de formaci\u00f3 i coneixement suficient per contextualitzar els tests. M\u00e9s concretament, \u00e9s rellevant la tasca d\u2019educaci\u00f3 sanit\u00e0ria que poden desenvolupar a l\u2019hora d\u2019explicar a la poblaci\u00f3 com i quan han de realitzar els tests \u2013que actualment s\u00f3n d\u2019automostra nasal o de mostra de fluid oral-, ajudar-los a interpretar els resultats adequadament i promoure l\u2019autoresponsabilitat.\u00a0 Per exemple, d\u2019una banda, l\u2019usuari ha de tenir clar com actuar davant un resultat positiu; d\u2019altra banda, ha de ser conscient que un test amb resultat negatiu podria estar associat a poca c\u00e0rrega viral, per\u00f2 no es descarta el contagi, i en cap cas l\u2019eximeix de prendre les mesures de prevenci\u00f3 davant la COVID-19 (dist\u00e0ncia, mans, mascareta, ventilaci\u00f3 i quarantena en cas de ser contacte estret d\u2019un positiu).<\/p>\n<p>Cribratge de persones asimptom\u00e0tiques a les farm\u00e0cies\u00a0<\/p>\n<p>Aix\u00ed mateix, conscients de la problem\u00e0tica actual \u2013amb els indicadors de contagi en augment i la pand\u00e8mia en expansi\u00f3-, de la urg\u00e8ncia de descongestionar els CAP i de la import\u00e0ncia de donar resposta a necessitats sanit\u00e0ries i socials, paral\u00b7lelament s\u2019ha posat en marxa un circuit de cribratge de persones asimptom\u00e0tiques a les farm\u00e0cies.<\/p>\n<p>Concretament, des del passat dilluns 19 de juliol, m\u00e9s de 1.100 farm\u00e0cies de tot Catalunya estan realitzant tests d\u2019ant\u00edgens gratu\u00efts a monitors i infants de casals i col\u00f2nies d\u2019entre 10 i 40 anys i, alhora, estan registrant els resultats a la plataforma TARCAT perqu\u00e8 l\u2019usuari pugui consultar-ho a La Meva Salut, a partir de l\u2019endem\u00e0. Es tracta d\u2019un cribratge impulsat pel Departament de Salut i el Departament de Drets Socials,\u00a0 juntament amb el Consell de Col\u00b7legis Farmac\u00e8utics de Catalunya.\u00a0<\/p>\n<p>Tal com s\u2019ha demostrat en anteriors ocasions, els farmac\u00e8utics tenen capacitat per participar en programes de cribratge i contribuir a ser part de la soluci\u00f3 de la detecci\u00f3 preco\u00e7 de la COVID-19. En s\u00f3n exemples la prova pilot que es va fer a les farm\u00e0cies de Les Corts amb PCRs d\u2019automostra, o l\u2019assaig cl\u00ednic \u201cObrir Girona\u201d, en el marc del qual les farm\u00e0cies de Girona van realitzar tests d\u2019ant\u00edgens, van registrar resultats i van derivar casos positius a l\u2019Atenci\u00f3 Prim\u00e0ria, a m\u00e9s de certificar les persones vacunades.\u00a0\u00a0COFB.ORG<\/p>\n","protected":false},"excerpt":{"rendered":"<p>\u00a0 Aix\u00ed ho recull la modificaci\u00f3 del RD 1662\/2000 sobre productes sanitaris per al diagn\u00f2stic \u201cIn Vitro\u201d, que s\u2019ha publicat al BOE despr\u00e9s que s\u2019aprov\u00e9s ahir al Consell de Ministres \u00a0 La tasca del farmac\u00e8utic \u00e9s fonamental per explicar a la poblaci\u00f3 com i quan han de realitzar els tests, [&hellip;]<\/p>\n","protected":false},"author":1,"featured_media":0,"comment_status":"","ping_status":"","sticky":false,"template":"","format":"standard","meta":{"_uag_custom_page_level_css":"","site-sidebar-layout":"default","site-content-layout":"","ast-site-content-layout":"default","site-content-style":"default","site-sidebar-style":"default","ast-global-header-display":"","ast-banner-title-visibility":"","ast-main-header-display":"","ast-hfb-above-header-display":"","ast-hfb-below-header-display":"","ast-hfb-mobile-header-display":"","site-post-title":"","ast-breadcrumbs-content":"","ast-featured-img":"disabled","footer-sml-layout":"","theme-transparent-header-meta":"","adv-header-id-meta":"","stick-header-meta":"","header-above-stick-meta":"","header-main-stick-meta":"","header-below-stick-meta":"","astra-migrate-meta-layouts":"default","ast-page-background-enabled":"default","ast-page-background-meta":{"desktop":{"background-color":"var(--ast-global-color-4)","background-image":"","background-repeat":"repeat","background-position":"center center","background-size":"auto","background-attachment":"scroll","background-type":"","background-media":"","overlay-type":"","overlay-color":"","overlay-opacity":"","overlay-gradient":""},"tablet":{"background-color":"","background-image":"","background-repeat":"repeat","background-position":"center center","background-size":"auto","background-attachment":"scroll","background-type":"","background-media":"","overlay-type":"","overlay-color":"","overlay-opacity":"","overlay-gradient":""},"mobile":{"background-color":"","background-image":"","background-repeat":"repeat","background-position":"center center","background-size":"auto","background-attachment":"scroll","background-type":"","background-media":"","overlay-type":"","overlay-color":"","overlay-opacity":"","overlay-gradient":""}},"ast-content-background-meta":{"desktop":{"background-color":"var(--ast-global-color-5)","background-image":"","background-repeat":"repeat","background-position":"center center","background-size":"auto","background-attachment":"scroll","background-type":"","background-media":"","overlay-type":"","overlay-color":"","overlay-opacity":"","overlay-gradient":""},"tablet":{"background-color":"var(--ast-global-color-5)","background-image":"","background-repeat":"repeat","background-position":"center center","background-size":"auto","background-attachment":"scroll","background-type":"","background-media":"","overlay-type":"","overlay-color":"","overlay-opacity":"","overlay-gradient":""},"mobile":{"background-color":"var(--ast-global-color-5)","background-image":"","background-repeat":"repeat","background-position":"center center","background-size":"auto","background-attachment":"scroll","background-type":"","background-media":"","overlay-type":"","overlay-color":"","overlay-opacity":"","overlay-gradient":""}},"footnotes":""},"categories":[1060,1066],"tags":[],"class_list":["post-77051","post","type-post","status-publish","format-standard","hentry","category-notes-premsa","category-sense-categoria-ca"],"yoast_head":"<!-- This site is optimized with the Yoast SEO plugin v22.4 - https:\/\/yoast.com\/wordpress\/plugins\/seo\/ -->\n<title>A partir del 22 de juliol, les farm\u00e0cies ja podran dispensar tests d\u2019ant\u00edgens d\u2019autodiagn\u00f2stic sense prescripci\u00f3 m\u00e8dicaA partir del 22 de julio, las farmacias ya podr\u00e1n dispensar test de ant\u00edgenos de autodiagn\u00f3stico sin prescripci\u00f3n m\u00e9dica - Col\u00b7legi de Farmac\u00e8utics de Barcelona<\/title>\n<meta name=\"robots\" content=\"index, follow, max-snippet:-1, max-image-preview:large, max-video-preview:-1\" \/>\n<link rel=\"canonical\" href=\"https:\/\/novaorg.cofb.net\/2021\/07\/21\/a-partir-del-22-de-juliol-les-farmacies-ja-podran-dispensar-tests-dantigens-dautodiagnostic-sense-prescripcio-medicaa-partir-del-22-de-julio-las-farmacias-ya-podran-dispensar-test\/\" \/>\n<meta property=\"og:locale\" content=\"ca_ES\" \/>\n<meta property=\"og:type\" content=\"article\" \/>\n<meta property=\"og:title\" content=\"A partir del 22 de juliol, les farm\u00e0cies ja podran dispensar tests d\u2019ant\u00edgens d\u2019autodiagn\u00f2stic sense prescripci\u00f3 m\u00e8dicaA partir del 22 de julio, las farmacias ya podr\u00e1n dispensar test de ant\u00edgenos de autodiagn\u00f3stico sin prescripci\u00f3n m\u00e9dica - Col\u00b7legi de Farmac\u00e8utics de Barcelona\" \/>\n<meta property=\"og:description\" content=\"\u00a0 Aix\u00ed ho recull la modificaci\u00f3 del RD 1662\/2000 sobre productes sanitaris per al diagn\u00f2stic \u201cIn Vitro\u201d, que s\u2019ha publicat al BOE despr\u00e9s que s\u2019aprov\u00e9s ahir al Consell de Ministres \u00a0 La tasca del farmac\u00e8utic \u00e9s fonamental per explicar a la poblaci\u00f3 com i quan han de realitzar els tests, [&hellip;]\" \/>\n<meta property=\"og:url\" content=\"https:\/\/novaorg.cofb.net\/2021\/07\/21\/a-partir-del-22-de-juliol-les-farmacies-ja-podran-dispensar-tests-dantigens-dautodiagnostic-sense-prescripcio-medicaa-partir-del-22-de-julio-las-farmacias-ya-podran-dispensar-test\/\" \/>\n<meta property=\"og:site_name\" content=\"Col\u00b7legi de Farmac\u00e8utics de Barcelona\" \/>\n<meta property=\"article:publisher\" content=\"https:\/\/www.facebook.com\/farmaceuticsbcn\/\" \/>\n<meta property=\"article:published_time\" content=\"2021-07-21T11:07:00+00:00\" \/>\n<meta name=\"author\" content=\"wpAdminCofbOrg\" \/>\n<meta name=\"twitter:card\" content=\"summary_large_image\" \/>\n<meta name=\"twitter:creator\" content=\"@farmaceuticsbcn\" \/>\n<meta name=\"twitter:site\" content=\"@farmaceuticsbcn\" \/>\n<meta name=\"twitter:label1\" content=\"Escrit per\" \/>\n\t<meta name=\"twitter:data1\" content=\"wpAdminCofbOrg\" \/>\n\t<meta name=\"twitter:label2\" content=\"Temps estimat de lectura\" \/>\n\t<meta name=\"twitter:data2\" content=\"7 minuts\" \/>\n<script type=\"application\/ld+json\" class=\"yoast-schema-graph\">{\"@context\":\"https:\/\/schema.org\",\"@graph\":[{\"@type\":\"Article\",\"@id\":\"https:\/\/novaorg.cofb.net\/2021\/07\/21\/a-partir-del-22-de-juliol-les-farmacies-ja-podran-dispensar-tests-dantigens-dautodiagnostic-sense-prescripcio-medicaa-partir-del-22-de-julio-las-farmacias-ya-podran-dispensar-test\/#article\",\"isPartOf\":{\"@id\":\"https:\/\/novaorg.cofb.net\/2021\/07\/21\/a-partir-del-22-de-juliol-les-farmacies-ja-podran-dispensar-tests-dantigens-dautodiagnostic-sense-prescripcio-medicaa-partir-del-22-de-julio-las-farmacias-ya-podran-dispensar-test\/\"},\"author\":{\"name\":\"wpAdminCofbOrg\",\"@id\":\"https:\/\/www.cofb.org\/#\/schema\/person\/22ed7eea88da74b0fa4d3154ad87ffcb\"},\"headline\":\"A partir del 22 de juliol, les farm\u00e0cies ja podran dispensar tests d\u2019ant\u00edgens d\u2019autodiagn\u00f2stic sense prescripci\u00f3 m\u00e8dicaA partir del 22 de julio, las farmacias ya podr\u00e1n dispensar test de ant\u00edgenos de autodiagn\u00f3stico sin prescripci\u00f3n m\u00e9dica\",\"datePublished\":\"2021-07-21T11:07:00+00:00\",\"dateModified\":\"2021-07-21T11:07:00+00:00\",\"mainEntityOfPage\":{\"@id\":\"https:\/\/novaorg.cofb.net\/2021\/07\/21\/a-partir-del-22-de-juliol-les-farmacies-ja-podran-dispensar-tests-dantigens-dautodiagnostic-sense-prescripcio-medicaa-partir-del-22-de-julio-las-farmacias-ya-podran-dispensar-test\/\"},\"wordCount\":1486,\"publisher\":{\"@id\":\"https:\/\/www.cofb.org\/#organization\"},\"articleSection\":[\"Notes de premsa\"],\"inLanguage\":\"ca\"},{\"@type\":\"WebPage\",\"@id\":\"https:\/\/novaorg.cofb.net\/2021\/07\/21\/a-partir-del-22-de-juliol-les-farmacies-ja-podran-dispensar-tests-dantigens-dautodiagnostic-sense-prescripcio-medicaa-partir-del-22-de-julio-las-farmacias-ya-podran-dispensar-test\/\",\"url\":\"https:\/\/novaorg.cofb.net\/2021\/07\/21\/a-partir-del-22-de-juliol-les-farmacies-ja-podran-dispensar-tests-dantigens-dautodiagnostic-sense-prescripcio-medicaa-partir-del-22-de-julio-las-farmacias-ya-podran-dispensar-test\/\",\"name\":\"A partir del 22 de juliol, les farm\u00e0cies ja podran dispensar tests d\u2019ant\u00edgens d\u2019autodiagn\u00f2stic sense prescripci\u00f3 m\u00e8dicaA partir del 22 de julio, las farmacias ya podr\u00e1n dispensar test de ant\u00edgenos de autodiagn\u00f3stico sin prescripci\u00f3n m\u00e9dica - Col\u00b7legi de Farmac\u00e8utics de Barcelona\",\"isPartOf\":{\"@id\":\"https:\/\/www.cofb.org\/#website\"},\"datePublished\":\"2021-07-21T11:07:00+00:00\",\"dateModified\":\"2021-07-21T11:07:00+00:00\",\"breadcrumb\":{\"@id\":\"https:\/\/novaorg.cofb.net\/2021\/07\/21\/a-partir-del-22-de-juliol-les-farmacies-ja-podran-dispensar-tests-dantigens-dautodiagnostic-sense-prescripcio-medicaa-partir-del-22-de-julio-las-farmacias-ya-podran-dispensar-test\/#breadcrumb\"},\"inLanguage\":\"ca\",\"potentialAction\":[{\"@type\":\"ReadAction\",\"target\":[\"https:\/\/novaorg.cofb.net\/2021\/07\/21\/a-partir-del-22-de-juliol-les-farmacies-ja-podran-dispensar-tests-dantigens-dautodiagnostic-sense-prescripcio-medicaa-partir-del-22-de-julio-las-farmacias-ya-podran-dispensar-test\/\"]}]},{\"@type\":\"BreadcrumbList\",\"@id\":\"https:\/\/novaorg.cofb.net\/2021\/07\/21\/a-partir-del-22-de-juliol-les-farmacies-ja-podran-dispensar-tests-dantigens-dautodiagnostic-sense-prescripcio-medicaa-partir-del-22-de-julio-las-farmacias-ya-podran-dispensar-test\/#breadcrumb\",\"itemListElement\":[{\"@type\":\"ListItem\",\"position\":1,\"name\":\"Inici\",\"item\":\"https:\/\/novaorg.cofb.net\/\"},{\"@type\":\"ListItem\",\"position\":2,\"name\":\"A partir del 22 de juliol, les farm\u00e0cies ja podran dispensar tests d\u2019ant\u00edgens d\u2019autodiagn\u00f2stic sense prescripci\u00f3 m\u00e8dicaA partir del 22 de julio, las farmacias ya podr\u00e1n dispensar test de ant\u00edgenos de autodiagn\u00f3stico sin prescripci\u00f3n m\u00e9dica\"}]},{\"@type\":\"WebSite\",\"@id\":\"https:\/\/www.cofb.org\/#website\",\"url\":\"https:\/\/www.cofb.org\/\",\"name\":\"Col\u00b7legi de Farmac\u00e8utics de Barcelona\",\"description\":\"\",\"publisher\":{\"@id\":\"https:\/\/www.cofb.org\/#organization\"},\"potentialAction\":[{\"@type\":\"SearchAction\",\"target\":{\"@type\":\"EntryPoint\",\"urlTemplate\":\"https:\/\/www.cofb.org\/?s={search_term_string}\"},\"query-input\":\"required name=search_term_string\"}],\"inLanguage\":\"ca\"},{\"@type\":\"Organization\",\"@id\":\"https:\/\/www.cofb.org\/#organization\",\"name\":\"Col\u00b7legi de Farmac\u00e8utics de Barcelona\",\"url\":\"https:\/\/www.cofb.org\/\",\"logo\":{\"@type\":\"ImageObject\",\"inLanguage\":\"ca\",\"@id\":\"https:\/\/www.cofb.org\/#\/schema\/logo\/image\/\",\"url\":\"https:\/\/www.cofb.org\/wp-content\/uploads\/2023\/11\/cropped-Logotip-COFB.png\",\"contentUrl\":\"https:\/\/www.cofb.org\/wp-content\/uploads\/2023\/11\/cropped-Logotip-COFB.png\",\"width\":500,\"height\":105,\"caption\":\"Col\u00b7legi de Farmac\u00e8utics de Barcelona\"},\"image\":{\"@id\":\"https:\/\/www.cofb.org\/#\/schema\/logo\/image\/\"},\"sameAs\":[\"https:\/\/www.facebook.com\/farmaceuticsbcn\/\",\"https:\/\/twitter.com\/farmaceuticsbcn\",\"https:\/\/www.instagram.com\/farmaceuticsbcn\/\",\"https:\/\/www.linkedin.com\/company\/farmaceuticsbcn\/\"]},{\"@type\":\"Person\",\"@id\":\"https:\/\/www.cofb.org\/#\/schema\/person\/22ed7eea88da74b0fa4d3154ad87ffcb\",\"name\":\"wpAdminCofbOrg\",\"image\":{\"@type\":\"ImageObject\",\"inLanguage\":\"ca\",\"@id\":\"https:\/\/www.cofb.org\/#\/schema\/person\/image\/\",\"url\":\"https:\/\/secure.gravatar.com\/avatar\/1721b20b3b8ca882c3b56ec6c978c594fff670e40c0718e9190eaeeb76aae7d8?s=96&d=mm&r=g\",\"contentUrl\":\"https:\/\/secure.gravatar.com\/avatar\/1721b20b3b8ca882c3b56ec6c978c594fff670e40c0718e9190eaeeb76aae7d8?s=96&d=mm&r=g\",\"caption\":\"wpAdminCofbOrg\"},\"sameAs\":[\"http:\/\/192.168.64.122\/wordpress\"],\"url\":\"https:\/\/www.cofb.org\/ca\/author\/wpadmincofborg\/\"}]}<\/script>\n<!-- \/ Yoast SEO plugin. -->","yoast_head_json":{"title":"A partir del 22 de juliol, les farm\u00e0cies ja podran dispensar tests d\u2019ant\u00edgens d\u2019autodiagn\u00f2stic sense prescripci\u00f3 m\u00e8dicaA partir del 22 de julio, las farmacias ya podr\u00e1n dispensar test de ant\u00edgenos de autodiagn\u00f3stico sin prescripci\u00f3n m\u00e9dica - Col\u00b7legi de Farmac\u00e8utics de Barcelona","robots":{"index":"index","follow":"follow","max-snippet":"max-snippet:-1","max-image-preview":"max-image-preview:large","max-video-preview":"max-video-preview:-1"},"canonical":"https:\/\/novaorg.cofb.net\/2021\/07\/21\/a-partir-del-22-de-juliol-les-farmacies-ja-podran-dispensar-tests-dantigens-dautodiagnostic-sense-prescripcio-medicaa-partir-del-22-de-julio-las-farmacias-ya-podran-dispensar-test\/","og_locale":"ca_ES","og_type":"article","og_title":"A partir del 22 de juliol, les farm\u00e0cies ja podran dispensar tests d\u2019ant\u00edgens d\u2019autodiagn\u00f2stic sense prescripci\u00f3 m\u00e8dicaA partir del 22 de julio, las farmacias ya podr\u00e1n dispensar test de ant\u00edgenos de autodiagn\u00f3stico sin prescripci\u00f3n m\u00e9dica - Col\u00b7legi de Farmac\u00e8utics de Barcelona","og_description":"\u00a0 Aix\u00ed ho recull la modificaci\u00f3 del RD 1662\/2000 sobre productes sanitaris per al diagn\u00f2stic \u201cIn Vitro\u201d, que s\u2019ha publicat al BOE despr\u00e9s que s\u2019aprov\u00e9s ahir al Consell de Ministres \u00a0 La tasca del farmac\u00e8utic \u00e9s fonamental per explicar a la poblaci\u00f3 com i quan han de realitzar els tests, [&hellip;]","og_url":"https:\/\/novaorg.cofb.net\/2021\/07\/21\/a-partir-del-22-de-juliol-les-farmacies-ja-podran-dispensar-tests-dantigens-dautodiagnostic-sense-prescripcio-medicaa-partir-del-22-de-julio-las-farmacias-ya-podran-dispensar-test\/","og_site_name":"Col\u00b7legi de Farmac\u00e8utics de Barcelona","article_publisher":"https:\/\/www.facebook.com\/farmaceuticsbcn\/","article_published_time":"2021-07-21T11:07:00+00:00","author":"wpAdminCofbOrg","twitter_card":"summary_large_image","twitter_creator":"@farmaceuticsbcn","twitter_site":"@farmaceuticsbcn","twitter_misc":{"Escrit per":"wpAdminCofbOrg","Temps estimat de lectura":"7 minuts"},"schema":{"@context":"https:\/\/schema.org","@graph":[{"@type":"Article","@id":"https:\/\/novaorg.cofb.net\/2021\/07\/21\/a-partir-del-22-de-juliol-les-farmacies-ja-podran-dispensar-tests-dantigens-dautodiagnostic-sense-prescripcio-medicaa-partir-del-22-de-julio-las-farmacias-ya-podran-dispensar-test\/#article","isPartOf":{"@id":"https:\/\/novaorg.cofb.net\/2021\/07\/21\/a-partir-del-22-de-juliol-les-farmacies-ja-podran-dispensar-tests-dantigens-dautodiagnostic-sense-prescripcio-medicaa-partir-del-22-de-julio-las-farmacias-ya-podran-dispensar-test\/"},"author":{"name":"wpAdminCofbOrg","@id":"https:\/\/www.cofb.org\/#\/schema\/person\/22ed7eea88da74b0fa4d3154ad87ffcb"},"headline":"A partir del 22 de juliol, les farm\u00e0cies ja podran dispensar tests d\u2019ant\u00edgens d\u2019autodiagn\u00f2stic sense prescripci\u00f3 m\u00e8dicaA partir del 22 de julio, las farmacias ya podr\u00e1n dispensar test de ant\u00edgenos de autodiagn\u00f3stico sin prescripci\u00f3n m\u00e9dica","datePublished":"2021-07-21T11:07:00+00:00","dateModified":"2021-07-21T11:07:00+00:00","mainEntityOfPage":{"@id":"https:\/\/novaorg.cofb.net\/2021\/07\/21\/a-partir-del-22-de-juliol-les-farmacies-ja-podran-dispensar-tests-dantigens-dautodiagnostic-sense-prescripcio-medicaa-partir-del-22-de-julio-las-farmacias-ya-podran-dispensar-test\/"},"wordCount":1486,"publisher":{"@id":"https:\/\/www.cofb.org\/#organization"},"articleSection":["Notes de premsa"],"inLanguage":"ca"},{"@type":"WebPage","@id":"https:\/\/novaorg.cofb.net\/2021\/07\/21\/a-partir-del-22-de-juliol-les-farmacies-ja-podran-dispensar-tests-dantigens-dautodiagnostic-sense-prescripcio-medicaa-partir-del-22-de-julio-las-farmacias-ya-podran-dispensar-test\/","url":"https:\/\/novaorg.cofb.net\/2021\/07\/21\/a-partir-del-22-de-juliol-les-farmacies-ja-podran-dispensar-tests-dantigens-dautodiagnostic-sense-prescripcio-medicaa-partir-del-22-de-julio-las-farmacias-ya-podran-dispensar-test\/","name":"A partir del 22 de juliol, les farm\u00e0cies ja podran dispensar tests d\u2019ant\u00edgens d\u2019autodiagn\u00f2stic sense prescripci\u00f3 m\u00e8dicaA partir del 22 de julio, las farmacias ya podr\u00e1n dispensar test de ant\u00edgenos de autodiagn\u00f3stico sin prescripci\u00f3n m\u00e9dica - Col\u00b7legi de Farmac\u00e8utics de Barcelona","isPartOf":{"@id":"https:\/\/www.cofb.org\/#website"},"datePublished":"2021-07-21T11:07:00+00:00","dateModified":"2021-07-21T11:07:00+00:00","breadcrumb":{"@id":"https:\/\/novaorg.cofb.net\/2021\/07\/21\/a-partir-del-22-de-juliol-les-farmacies-ja-podran-dispensar-tests-dantigens-dautodiagnostic-sense-prescripcio-medicaa-partir-del-22-de-julio-las-farmacias-ya-podran-dispensar-test\/#breadcrumb"},"inLanguage":"ca","potentialAction":[{"@type":"ReadAction","target":["https:\/\/novaorg.cofb.net\/2021\/07\/21\/a-partir-del-22-de-juliol-les-farmacies-ja-podran-dispensar-tests-dantigens-dautodiagnostic-sense-prescripcio-medicaa-partir-del-22-de-julio-las-farmacias-ya-podran-dispensar-test\/"]}]},{"@type":"BreadcrumbList","@id":"https:\/\/novaorg.cofb.net\/2021\/07\/21\/a-partir-del-22-de-juliol-les-farmacies-ja-podran-dispensar-tests-dantigens-dautodiagnostic-sense-prescripcio-medicaa-partir-del-22-de-julio-las-farmacias-ya-podran-dispensar-test\/#breadcrumb","itemListElement":[{"@type":"ListItem","position":1,"name":"Inici","item":"https:\/\/novaorg.cofb.net\/"},{"@type":"ListItem","position":2,"name":"A partir del 22 de juliol, les farm\u00e0cies ja podran dispensar tests d\u2019ant\u00edgens d\u2019autodiagn\u00f2stic sense prescripci\u00f3 m\u00e8dicaA partir del 22 de julio, las farmacias ya podr\u00e1n dispensar test de ant\u00edgenos de autodiagn\u00f3stico sin prescripci\u00f3n m\u00e9dica"}]},{"@type":"WebSite","@id":"https:\/\/www.cofb.org\/#website","url":"https:\/\/www.cofb.org\/","name":"Col\u00b7legi de Farmac\u00e8utics de Barcelona","description":"","publisher":{"@id":"https:\/\/www.cofb.org\/#organization"},"potentialAction":[{"@type":"SearchAction","target":{"@type":"EntryPoint","urlTemplate":"https:\/\/www.cofb.org\/?s={search_term_string}"},"query-input":"required name=search_term_string"}],"inLanguage":"ca"},{"@type":"Organization","@id":"https:\/\/www.cofb.org\/#organization","name":"Col\u00b7legi de Farmac\u00e8utics de Barcelona","url":"https:\/\/www.cofb.org\/","logo":{"@type":"ImageObject","inLanguage":"ca","@id":"https:\/\/www.cofb.org\/#\/schema\/logo\/image\/","url":"https:\/\/www.cofb.org\/wp-content\/uploads\/2023\/11\/cropped-Logotip-COFB.png","contentUrl":"https:\/\/www.cofb.org\/wp-content\/uploads\/2023\/11\/cropped-Logotip-COFB.png","width":500,"height":105,"caption":"Col\u00b7legi de Farmac\u00e8utics de Barcelona"},"image":{"@id":"https:\/\/www.cofb.org\/#\/schema\/logo\/image\/"},"sameAs":["https:\/\/www.facebook.com\/farmaceuticsbcn\/","https:\/\/twitter.com\/farmaceuticsbcn","https:\/\/www.instagram.com\/farmaceuticsbcn\/","https:\/\/www.linkedin.com\/company\/farmaceuticsbcn\/"]},{"@type":"Person","@id":"https:\/\/www.cofb.org\/#\/schema\/person\/22ed7eea88da74b0fa4d3154ad87ffcb","name":"wpAdminCofbOrg","image":{"@type":"ImageObject","inLanguage":"ca","@id":"https:\/\/www.cofb.org\/#\/schema\/person\/image\/","url":"https:\/\/secure.gravatar.com\/avatar\/1721b20b3b8ca882c3b56ec6c978c594fff670e40c0718e9190eaeeb76aae7d8?s=96&d=mm&r=g","contentUrl":"https:\/\/secure.gravatar.com\/avatar\/1721b20b3b8ca882c3b56ec6c978c594fff670e40c0718e9190eaeeb76aae7d8?s=96&d=mm&r=g","caption":"wpAdminCofbOrg"},"sameAs":["http:\/\/192.168.64.122\/wordpress"],"url":"https:\/\/www.cofb.org\/ca\/author\/wpadmincofborg\/"}]}},"uagb_featured_image_src":{"full":false,"thumbnail":false,"medium":false,"medium_large":false,"large":false,"1536x1536":false,"2048x2048":false,"trp-custom-language-flag":false},"uagb_author_info":{"display_name":"wpAdminCofbOrg","author_link":"https:\/\/www.cofb.org\/ca\/author\/wpadmincofborg\/"},"uagb_comment_info":0,"uagb_excerpt":"\u00a0 Aix\u00ed ho recull la modificaci\u00f3 del RD 1662\/2000 sobre productes sanitaris per al diagn\u00f2stic \u201cIn Vitro\u201d, que s\u2019ha publicat al BOE despr\u00e9s que s\u2019aprov\u00e9s ahir al Consell de Ministres \u00a0 La tasca del farmac\u00e8utic \u00e9s fonamental per explicar a la poblaci\u00f3 com i quan han de realitzar els tests, [&hellip;]","_links":{"self":[{"href":"https:\/\/www.cofb.org\/ca\/wp-json\/wp\/v2\/posts\/77051","targetHints":{"allow":["GET"]}}],"collection":[{"href":"https:\/\/www.cofb.org\/ca\/wp-json\/wp\/v2\/posts"}],"about":[{"href":"https:\/\/www.cofb.org\/ca\/wp-json\/wp\/v2\/types\/post"}],"author":[{"embeddable":true,"href":"https:\/\/www.cofb.org\/ca\/wp-json\/wp\/v2\/users\/1"}],"replies":[{"embeddable":true,"href":"https:\/\/www.cofb.org\/ca\/wp-json\/wp\/v2\/comments?post=77051"}],"version-history":[{"count":0,"href":"https:\/\/www.cofb.org\/ca\/wp-json\/wp\/v2\/posts\/77051\/revisions"}],"wp:attachment":[{"href":"https:\/\/www.cofb.org\/ca\/wp-json\/wp\/v2\/media?parent=77051"}],"wp:term":[{"taxonomy":"category","embeddable":true,"href":"https:\/\/www.cofb.org\/ca\/wp-json\/wp\/v2\/categories?post=77051"},{"taxonomy":"post_tag","embeddable":true,"href":"https:\/\/www.cofb.org\/ca\/wp-json\/wp\/v2\/tags?post=77051"}],"curies":[{"name":"wp","href":"https:\/\/api.w.org\/{rel}","templated":true}]}}