{"id":77045,"date":"2021-10-08T11:33:00","date_gmt":"2021-10-08T11:33:00","guid":{"rendered":"https:\/\/novaorg.cofb.net\/2021\/10\/08\/el-cofb-inaugura-la-xvii-edicio-del-mgof-amb-la-nova-modalitat-hibrida-facilitant-la-formacio-en-larea-de-gestio-a-farmaceutics-es-daltres-comunitats-autonomes\/"},"modified":"2021-10-08T11:33:00","modified_gmt":"2021-10-08T11:33:00","slug":"el-cofb-inaugura-la-xvii-edicio-del-mgof-amb-la-nova-modalitat-hibrida-facilitant-la-formacio-en-larea-de-gestio-a-farmaceutics-es-daltres-comunitats-autonomes","status":"publish","type":"post","link":"https:\/\/www.cofb.org\/ca\/2021\/10\/08\/el-cofb-inaugura-la-xvii-edicio-del-mgof-amb-la-nova-modalitat-hibrida-facilitant-la-formacio-en-larea-de-gestio-a-farmaceutics-es-daltres-comunitats-autonomes\/","title":{"rendered":"El COFB inaugura la XVII edici\u00f3 del MGOF amb la nova modalitat h\u00edbrida, facilitant la formaci\u00f3 en l\u2019\u00e0rea de gesti\u00f3 a farmac\u00e8utics\/es d\u2019altres Comunitats Aut\u00f2nomes"},"content":{"rendered":"<p>\u00a0<\/p>\n<ul>\n<li>Aquest any el <strong>M\u00e0ster<\/strong> s\u2019imparteix per primera vegada en <strong>modalitat h\u00edbrida<\/strong>, amb l\u2019objectiu que tant el format <strong>presencial<\/strong> com el <strong>virtual <\/strong>garanteixin la mateixa <strong>formaci\u00f3 te\u00f2rica<\/strong>, <strong>participativa<\/strong> i <strong>din\u00e0mica<\/strong><\/li>\n<\/ul>\n<p>\u00a0<\/p>\n<ul>\n<li>Durant la inauguraci\u00f3 del M\u00e0ster, el president del COFB va destacar <strong>la tasca dels farmac\u00e8utics<\/strong>, <strong>especialment durant la pand\u00e8mia<\/strong>, aix\u00ed com la import\u00e0ncia de trobar l\u2019equilibri entre el vessant assistencial i la gesti\u00f3<\/li>\n<\/ul>\n<p>\u00a0<\/p>\n<p><em>Barcelona, 8 d&#8217;octubre de 2021<\/em>. El passat <strong>5 d&#8217;octubre<\/strong> va tenir lloc <strong>la inauguraci\u00f3<\/strong> de la <strong>XVII edici\u00f3 del M\u00e0ster de Gesti\u00f3 de l&#8217;Oficina de Farm\u00e0cia (MGOF)<\/strong>. Durant l&#8217;acte, el president del COFB, <strong>Jordi Casas<\/strong>, va ressaltar com la <strong>pand\u00e8mia<\/strong> provocada per la <strong>COVID-19<\/strong> ha canviat l&#8217;<strong>exercici de la professi\u00f3<\/strong>: \u201cLa nostra feina, com a <strong>farmac\u00e8utics<\/strong>, va <strong>evolucionant<\/strong> constantment. Ho hem pogut veure especialment en l&#8217;\u00faltim any i mig, durant la pand\u00e8mia, quan <strong>la Farm\u00e0cia ha demostrat estar preparada per a donar resposta a les necessitats de la societat des d&#8217;un vessant m\u00e9s assistencial\u201d<\/strong>.<\/p>\n<p><strong><u>\u201cEl desenvolupament professional no \u00e9s possible si no existeix darrere una estructura organitzativa o infraestructura a les farm\u00e0cies que ho permeti\u201d<\/u><\/strong><\/p>\n<p>En aquest sentit, Casas va remarcar que \u201calguns projectes que hem posat en marxa en l&#8217;\u00faltim any serien impensables fa deu anys\u201d. De fet, \u201cal febrer vam signar un conveni amb el CatSalut de desenvolupament de l&#8217;<strong>atenci\u00f3 farmac\u00e8utica comunit\u00e0ria <\/strong>en el <strong>sistema p\u00fablic de salut<\/strong>. A partir d&#8217;aqu\u00ed, han vingut molts projectes com el <strong>lliurament de proximitat dels medicaments hospitalaris de dispensaci\u00f3 ambulat\u00f2ria (MHDA)<\/strong> o els <strong>cribratges amb test d&#8217;ant\u00edgens<\/strong>, que formen part de l&#8217;<strong>estrat\u00e8gia de cribratge <\/strong>amb <strong>Salut P\u00fablica<\/strong>. \u00d2bviament, tot aquest desenvolupament professional no \u00e9s possible si no existeix darrere una <strong>estructura organitzativa<\/strong> o <strong>infraestructura a les farm\u00e0cies<\/strong> que ho permeti\u201d.<\/p>\n<p>En definitiva, segons va exposar el president del COFB, \u201cel <strong>vessant assistencial<\/strong> i la <strong>gesti\u00f3<\/strong> han d&#8217;estar compensades i \u00e9s necessari anar-se format en cadascuna d&#8217;elles. El Programa de Formaci\u00f3 Continuada del COFB intenta donar resposta a totes dues parts i el <strong>paradigma de la formaci\u00f3 en l&#8217;\u00e0mbit m\u00e9s empresarial i de gesti\u00f3 \u00e9s el M\u00e0ster de Gesti\u00f3 de l&#8217;Oficina de Farm\u00e0cia (MGOF)<\/strong>\u201d.<\/p>\n<p>Durant l&#8217;<strong>acte d&#8217;inauguraci\u00f3 <\/strong>tamb\u00e9 van ser presents <strong>Aina Surroca<\/strong>, secret\u00e0ria del COFB i responsable de la Comissi\u00f3 Delegada de Formaci\u00f3 Continuada; <strong>Juan Carlos Serra<\/strong>, director del MGOF; i <strong>Cristina Rodr\u00edguez<\/strong> i <strong>M\u00f3nica Gallach<\/strong>, coordinadores del M\u00e0ster i membres del Departament de Formaci\u00f3 i Desenvolupament Professional del COFB.<\/p>\n<p><strong><u>Modalitat h\u00edbrida per primera vegada<\/u><\/strong><\/p>\n<p>Tal com es va anunciar el mes de juny passat, aquesta edici\u00f3 del <strong>M\u00e0ster de Gesti\u00f3 de l&#8217;Oficina de Farm\u00e0cia<\/strong> s&#8217;impartir\u00e0 per <strong>primera vegada<\/strong> amb una <strong>modalitat h\u00edbrida<\/strong> \u2013presencial i virtual-, per a facilitar que farmac\u00e8utics d&#8217;altres Comunitats Aut\u00f2nomes puguin realitzar-lo i, d&#8217;aquesta manera, rebre una formaci\u00f3 d&#8217;\u00e8xit despr\u00e9s de 17 anys aconseguint-ho. En tot cas, <strong>tant en el format presencial<\/strong> com en el <strong>virtual<\/strong>, els participants obtindran la <strong>mateixa formaci\u00f3 te\u00f2rica, participativa i din\u00e0mica<\/strong>.<\/p>\n<p><strong><u>Els 3 m\u00f2duls del M\u00e0ster de Gesti\u00f3 de l&#8217;Oficina de Farm\u00e0cia<\/u><\/strong><\/p>\n<p>El <strong>M\u00e0ster<\/strong> persegueix que els alumnes desenvolupin les <strong>compet\u00e8ncies necess\u00e0ries<\/strong> per a millorar la <strong>gesti\u00f3 de l&#8217;oficina de farm\u00e0cia<\/strong>. Per a aix\u00f2, consta de <strong>3 blocs -Finances i Fiscalitat, Gesti\u00f3 de Persones i M\u00e0rqueting-<\/strong>, que els alumnes tenen l&#8217;opci\u00f3 de cursar per separat en funci\u00f3 dels seus interessos i disponibilitat. Aix\u00ed mateix, es treballa amb <strong>exemples, exercicis, casos<\/strong> i altres recursos perqu\u00e8 l&#8217;aplicaci\u00f3 dels <strong>coneixements adquirits<\/strong> sigui immediata. En cada edici\u00f3, es fomenta la <strong>capacitat de reflexi\u00f3<\/strong>, el <strong>treball cooperatiu<\/strong> i la <strong>transmissi\u00f3 de coneixements<\/strong>.<\/p>\n<p>Com en altres edicions, el MGOF comptar\u00e0 amb confer\u00e8ncies i casos d&#8217;\u00e8xit d&#8217;antics estudiants del M\u00e0ster, amb l&#8217;objectiu d&#8217;aportar les seves experi\u00e8ncies i impressions. A m\u00e9s, continuaran en marxa els F\u00f2rum MGOF, un cicle de confer\u00e8ncies de temes relacionats amb la gesti\u00f3 de la farm\u00e0cia i espai de reflexi\u00f3 conjunta.<\/p>\n<p><strong><u>Qu\u00e8 destaquen els alumnes de l&#8217;anterior edici\u00f3?<\/u><\/strong><\/p>\n<p>Participants d&#8217;anteriors edicions destaquen que el <strong>M\u00e0ster<\/strong> resulta <strong>molt \u00fatil<\/strong> per a adquirir coneixements que despr\u00e9s s\u00f3n totalment <strong>aplicables<\/strong> a l&#8217;<strong>oficina de farm\u00e0cia <\/strong>i que permeten adaptar-se al m\u00f3n actual. D&#8217;altra banda, tamb\u00e9 ressalten tots els <strong>coneixements<\/strong> que es poden adquirir a trav\u00e9s de l&#8217;<strong>experi\u00e8ncia de professors <\/strong>i <strong>ponents<\/strong> que imparteixen el <strong>MGOF<\/strong>.<\/p>\n<p>\u00a0Aquest any el M\u00e0ster s\u2019imparteix per primera vegada en modalitat h\u00edbrida, amb l\u2019objectiu que tant el format presencial com el virtual garanteixin la mateixa formaci\u00f3 te\u00f2rica, participativa i din\u00e0mica<\/p>\n<p>\u00a0<\/p>\n<p>\tDurant la inauguraci\u00f3 del M\u00e0ster, el president del COFB va destacar la tasca dels farmac\u00e8utics, especialment durant la pand\u00e8mia, aix\u00ed com la import\u00e0ncia de trobar l\u2019equilibri entre el vessant assistencial i la gesti\u00f3<\/p>\n<p>\u00a0<\/p>\n<p>Barcelona, 8 d&#8217;octubre de 2021. El passat 5 d&#8217;octubre va tenir lloc la inauguraci\u00f3 de la XVII edici\u00f3 del M\u00e0ster de Gesti\u00f3 de l&#8217;Oficina de Farm\u00e0cia (MGOF). Durant l&#8217;acte, el president del COFB, Jordi Casas, va ressaltar com la pand\u00e8mia provocada per la COVID-19 ha canviat l&#8217;exercici de la professi\u00f3: \u201cLa nostra feina, com a farmac\u00e8utics, va evolucionant constantment. Ho hem pogut veure especialment en l&#8217;\u00faltim any i mig, durant la pand\u00e8mia, quan la Farm\u00e0cia ha demostrat estar preparada per a donar resposta a les necessitats de la societat des d&#8217;un vessant m\u00e9s assistencial\u201d.<\/p>\n<p>\u201cEl desenvolupament professional no \u00e9s possible si no existeix darrere una estructura organitzativa o infraestructura a les farm\u00e0cies que ho permeti\u201d<\/p>\n<p>En aquest sentit, Casas va remarcar que \u201calguns projectes que hem posat en marxa en l&#8217;\u00faltim any serien impensables fa deu anys\u201d. De fet, \u201cal febrer vam signar un conveni amb el CatSalut de desenvolupament de l&#8217;atenci\u00f3 farmac\u00e8utica comunit\u00e0ria en el sistema p\u00fablic de salut. A partir d&#8217;aqu\u00ed, han vingut molts projectes com el lliurament de proximitat dels medicaments hospitalaris de dispensaci\u00f3 ambulat\u00f2ria (MHDA) o els cribratges amb test d&#8217;ant\u00edgens, que formen part de l&#8217;estrat\u00e8gia de cribratge amb Salut P\u00fablica. \u00d2bviament, tot aquest desenvolupament professional no \u00e9s possible si no existeix darrere una estructura organitzativa o infraestructura a les farm\u00e0cies que ho permeti\u201d.<\/p>\n<p>En definitiva, segons va exposar el president del COFB, \u201cel vessant assistencial i la gesti\u00f3 han d&#8217;estar compensades i \u00e9s necessari anar-se format en cadascuna d&#8217;elles. El Programa de Formaci\u00f3 Continuada del COFB intenta donar resposta a totes dues parts i el paradigma de la formaci\u00f3 en l&#8217;\u00e0mbit m\u00e9s empresarial i de gesti\u00f3 \u00e9s el M\u00e0ster de Gesti\u00f3 de l&#8217;Oficina de Farm\u00e0cia (MGOF)\u201d.<\/p>\n<p>Durant l&#8217;acte d&#8217;inauguraci\u00f3 tamb\u00e9 van ser presents Aina Surroca, secret\u00e0ria del COFB i responsable de la Comissi\u00f3 Delegada de Formaci\u00f3 Continuada; Juan Carlos Serra, director del MGOF; i Cristina Rodr\u00edguez i M\u00f3nica Gallach, coordinadores del M\u00e0ster i membres del Departament de Formaci\u00f3 i Desenvolupament Professional del COFB.<\/p>\n<p>Modalitat h\u00edbrida per primera vegada<\/p>\n<p>Tal com es va anunciar el mes de juny passat, aquesta edici\u00f3 del M\u00e0ster de Gesti\u00f3 de l&#8217;Oficina de Farm\u00e0cia s&#8217;impartir\u00e0 per primera vegada amb una modalitat h\u00edbrida \u2013presencial i virtual-, per a facilitar que farmac\u00e8utics d&#8217;altres Comunitats Aut\u00f2nomes puguin realitzar-lo i, d&#8217;aquesta manera, rebre una formaci\u00f3 d&#8217;\u00e8xit despr\u00e9s de 17 anys aconseguint-ho. En tot cas, tant en el format presencial com en el virtual, els participants obtindran la mateixa formaci\u00f3 te\u00f2rica, participativa i din\u00e0mica.<\/p>\n<p>Els 3 m\u00f2duls del M\u00e0ster de Gesti\u00f3 de l&#8217;Oficina de Farm\u00e0cia<\/p>\n<p>El M\u00e0ster persegueix que els alumnes desenvolupin les compet\u00e8ncies necess\u00e0ries per a millorar la gesti\u00f3 de l&#8217;oficina de farm\u00e0cia. Per a aix\u00f2, consta de 3 blocs -Finances i Fiscalitat, Gesti\u00f3 de Persones i M\u00e0rqueting-, que els alumnes tenen l&#8217;opci\u00f3 de cursar per separat en funci\u00f3 dels seus interessos i disponibilitat. Aix\u00ed mateix, es treballa amb exemples, exercicis, casos i altres recursos perqu\u00e8 l&#8217;aplicaci\u00f3 dels coneixements adquirits sigui immediata. En cada edici\u00f3, es fomenta la capacitat de reflexi\u00f3, el treball cooperatiu i la transmissi\u00f3 de coneixements.<\/p>\n<p>Com en altres edicions, el MGOF comptar\u00e0 amb confer\u00e8ncies i casos d&#8217;\u00e8xit d&#8217;antics estudiants del M\u00e0ster, amb l&#8217;objectiu d&#8217;aportar les seves experi\u00e8ncies i impressions. A m\u00e9s, continuaran en marxa els F\u00f2rum MGOF, un cicle de confer\u00e8ncies de temes relacionats amb la gesti\u00f3 de la farm\u00e0cia i espai de reflexi\u00f3 conjunta.<\/p>\n<p>Qu\u00e8 destaquen els alumnes de l&#8217;anterior edici\u00f3?<\/p>\n<p>Participants d&#8217;anteriors edicions destaquen que el M\u00e0ster resulta molt \u00fatil per a adquirir coneixements que despr\u00e9s s\u00f3n totalment aplicables a l&#8217;oficina de farm\u00e0cia i que permeten adaptar-se al m\u00f3n actual. D&#8217;altra banda, tamb\u00e9 ressalten tots els coneixements que es poden adquirir a trav\u00e9s de l&#8217;experi\u00e8ncia de professors i ponents que imparteixen el MGOF.\u00a0\u00a0COFB.ORG<\/p>\n","protected":false},"excerpt":{"rendered":"<p>\u00a0 Aquest any el M\u00e0ster s\u2019imparteix per primera vegada en modalitat h\u00edbrida, amb l\u2019objectiu que tant el format presencial com el virtual garanteixin la mateixa formaci\u00f3 te\u00f2rica, participativa i din\u00e0mica \u00a0 Durant la inauguraci\u00f3 del M\u00e0ster, el president del COFB va destacar la tasca dels farmac\u00e8utics, especialment durant la pand\u00e8mia, [&hellip;]<\/p>\n","protected":false},"author":1,"featured_media":0,"comment_status":"","ping_status":"","sticky":false,"template":"","format":"standard","meta":{"_uag_custom_page_level_css":"","site-sidebar-layout":"default","site-content-layout":"","ast-site-content-layout":"default","site-content-style":"default","site-sidebar-style":"default","ast-global-header-display":"","ast-banner-title-visibility":"","ast-main-header-display":"","ast-hfb-above-header-display":"","ast-hfb-below-header-display":"","ast-hfb-mobile-header-display":"","site-post-title":"","ast-breadcrumbs-content":"","ast-featured-img":"disabled","footer-sml-layout":"","theme-transparent-header-meta":"","adv-header-id-meta":"","stick-header-meta":"","header-above-stick-meta":"","header-main-stick-meta":"","header-below-stick-meta":"","astra-migrate-meta-layouts":"default","ast-page-background-enabled":"default","ast-page-background-meta":{"desktop":{"background-color":"var(--ast-global-color-4)","background-image":"","background-repeat":"repeat","background-position":"center center","background-size":"auto","background-attachment":"scroll","background-type":"","background-media":"","overlay-type":"","overlay-color":"","overlay-opacity":"","overlay-gradient":""},"tablet":{"background-color":"","background-image":"","background-repeat":"repeat","background-position":"center center","background-size":"auto","background-attachment":"scroll","background-type":"","background-media":"","overlay-type":"","overlay-color":"","overlay-opacity":"","overlay-gradient":""},"mobile":{"background-color":"","background-image":"","background-repeat":"repeat","background-position":"center center","background-size":"auto","background-attachment":"scroll","background-type":"","background-media":"","overlay-type":"","overlay-color":"","overlay-opacity":"","overlay-gradient":""}},"ast-content-background-meta":{"desktop":{"background-color":"var(--ast-global-color-5)","background-image":"","background-repeat":"repeat","background-position":"center center","background-size":"auto","background-attachment":"scroll","background-type":"","background-media":"","overlay-type":"","overlay-color":"","overlay-opacity":"","overlay-gradient":""},"tablet":{"background-color":"var(--ast-global-color-5)","background-image":"","background-repeat":"repeat","background-position":"center center","background-size":"auto","background-attachment":"scroll","background-type":"","background-media":"","overlay-type":"","overlay-color":"","overlay-opacity":"","overlay-gradient":""},"mobile":{"background-color":"var(--ast-global-color-5)","background-image":"","background-repeat":"repeat","background-position":"center center","background-size":"auto","background-attachment":"scroll","background-type":"","background-media":"","overlay-type":"","overlay-color":"","overlay-opacity":"","overlay-gradient":""}},"footnotes":""},"categories":[1060,1066],"tags":[],"class_list":["post-77045","post","type-post","status-publish","format-standard","hentry","category-notes-premsa","category-sense-categoria-ca"],"yoast_head":"<!-- This site is optimized with the Yoast SEO plugin v22.4 - https:\/\/yoast.com\/wordpress\/plugins\/seo\/ -->\n<title>El COFB inaugura la XVII edici\u00f3 del MGOF amb la nova modalitat h\u00edbrida, facilitant la formaci\u00f3 en l\u2019\u00e0rea de gesti\u00f3 a farmac\u00e8utics\/es d\u2019altres Comunitats Aut\u00f2nomes - Col\u00b7legi de Farmac\u00e8utics de Barcelona<\/title>\n<meta name=\"robots\" content=\"index, follow, max-snippet:-1, max-image-preview:large, max-video-preview:-1\" \/>\n<link rel=\"canonical\" href=\"https:\/\/novaorg.cofb.net\/2021\/10\/08\/el-cofb-inaugura-la-xvii-edicio-del-mgof-amb-la-nova-modalitat-hibrida-facilitant-la-formacio-en-larea-de-gestio-a-farmaceutics-es-daltres-comunitats-autonomes\/\" \/>\n<meta property=\"og:locale\" content=\"ca_ES\" \/>\n<meta property=\"og:type\" content=\"article\" \/>\n<meta property=\"og:title\" content=\"El COFB inaugura la XVII edici\u00f3 del MGOF amb la nova modalitat h\u00edbrida, facilitant la formaci\u00f3 en l\u2019\u00e0rea de gesti\u00f3 a farmac\u00e8utics\/es d\u2019altres Comunitats Aut\u00f2nomes - Col\u00b7legi de Farmac\u00e8utics de Barcelona\" \/>\n<meta property=\"og:description\" content=\"\u00a0 Aquest any el M\u00e0ster s\u2019imparteix per primera vegada en modalitat h\u00edbrida, amb l\u2019objectiu que tant el format presencial com el virtual garanteixin la mateixa formaci\u00f3 te\u00f2rica, participativa i din\u00e0mica \u00a0 Durant la inauguraci\u00f3 del M\u00e0ster, el president del COFB va destacar la tasca dels farmac\u00e8utics, especialment durant la pand\u00e8mia, [&hellip;]\" \/>\n<meta property=\"og:url\" content=\"https:\/\/novaorg.cofb.net\/2021\/10\/08\/el-cofb-inaugura-la-xvii-edicio-del-mgof-amb-la-nova-modalitat-hibrida-facilitant-la-formacio-en-larea-de-gestio-a-farmaceutics-es-daltres-comunitats-autonomes\/\" \/>\n<meta property=\"og:site_name\" content=\"Col\u00b7legi de Farmac\u00e8utics de Barcelona\" \/>\n<meta property=\"article:publisher\" content=\"https:\/\/www.facebook.com\/farmaceuticsbcn\/\" \/>\n<meta property=\"article:published_time\" content=\"2021-10-08T11:33:00+00:00\" \/>\n<meta name=\"author\" content=\"wpAdminCofbOrg\" \/>\n<meta name=\"twitter:card\" content=\"summary_large_image\" \/>\n<meta name=\"twitter:creator\" content=\"@farmaceuticsbcn\" \/>\n<meta name=\"twitter:site\" content=\"@farmaceuticsbcn\" \/>\n<meta name=\"twitter:label1\" content=\"Escrit per\" \/>\n\t<meta name=\"twitter:data1\" content=\"wpAdminCofbOrg\" \/>\n\t<meta name=\"twitter:label2\" content=\"Temps estimat de lectura\" \/>\n\t<meta name=\"twitter:data2\" content=\"7 minuts\" \/>\n<script type=\"application\/ld+json\" class=\"yoast-schema-graph\">{\"@context\":\"https:\/\/schema.org\",\"@graph\":[{\"@type\":\"Article\",\"@id\":\"https:\/\/novaorg.cofb.net\/2021\/10\/08\/el-cofb-inaugura-la-xvii-edicio-del-mgof-amb-la-nova-modalitat-hibrida-facilitant-la-formacio-en-larea-de-gestio-a-farmaceutics-es-daltres-comunitats-autonomes\/#article\",\"isPartOf\":{\"@id\":\"https:\/\/novaorg.cofb.net\/2021\/10\/08\/el-cofb-inaugura-la-xvii-edicio-del-mgof-amb-la-nova-modalitat-hibrida-facilitant-la-formacio-en-larea-de-gestio-a-farmaceutics-es-daltres-comunitats-autonomes\/\"},\"author\":{\"name\":\"wpAdminCofbOrg\",\"@id\":\"https:\/\/www.cofb.org\/#\/schema\/person\/22ed7eea88da74b0fa4d3154ad87ffcb\"},\"headline\":\"El COFB inaugura la XVII edici\u00f3 del MGOF amb la nova modalitat h\u00edbrida, facilitant la formaci\u00f3 en l\u2019\u00e0rea de gesti\u00f3 a farmac\u00e8utics\/es d\u2019altres Comunitats Aut\u00f2nomes\",\"datePublished\":\"2021-10-08T11:33:00+00:00\",\"dateModified\":\"2021-10-08T11:33:00+00:00\",\"mainEntityOfPage\":{\"@id\":\"https:\/\/novaorg.cofb.net\/2021\/10\/08\/el-cofb-inaugura-la-xvii-edicio-del-mgof-amb-la-nova-modalitat-hibrida-facilitant-la-formacio-en-larea-de-gestio-a-farmaceutics-es-daltres-comunitats-autonomes\/\"},\"wordCount\":1575,\"publisher\":{\"@id\":\"https:\/\/www.cofb.org\/#organization\"},\"articleSection\":[\"Notes de premsa\"],\"inLanguage\":\"ca\"},{\"@type\":\"WebPage\",\"@id\":\"https:\/\/novaorg.cofb.net\/2021\/10\/08\/el-cofb-inaugura-la-xvii-edicio-del-mgof-amb-la-nova-modalitat-hibrida-facilitant-la-formacio-en-larea-de-gestio-a-farmaceutics-es-daltres-comunitats-autonomes\/\",\"url\":\"https:\/\/novaorg.cofb.net\/2021\/10\/08\/el-cofb-inaugura-la-xvii-edicio-del-mgof-amb-la-nova-modalitat-hibrida-facilitant-la-formacio-en-larea-de-gestio-a-farmaceutics-es-daltres-comunitats-autonomes\/\",\"name\":\"El COFB inaugura la XVII edici\u00f3 del MGOF amb la nova modalitat h\u00edbrida, facilitant la formaci\u00f3 en l\u2019\u00e0rea de gesti\u00f3 a farmac\u00e8utics\/es d\u2019altres Comunitats Aut\u00f2nomes - Col\u00b7legi de Farmac\u00e8utics de Barcelona\",\"isPartOf\":{\"@id\":\"https:\/\/www.cofb.org\/#website\"},\"datePublished\":\"2021-10-08T11:33:00+00:00\",\"dateModified\":\"2021-10-08T11:33:00+00:00\",\"breadcrumb\":{\"@id\":\"https:\/\/novaorg.cofb.net\/2021\/10\/08\/el-cofb-inaugura-la-xvii-edicio-del-mgof-amb-la-nova-modalitat-hibrida-facilitant-la-formacio-en-larea-de-gestio-a-farmaceutics-es-daltres-comunitats-autonomes\/#breadcrumb\"},\"inLanguage\":\"ca\",\"potentialAction\":[{\"@type\":\"ReadAction\",\"target\":[\"https:\/\/novaorg.cofb.net\/2021\/10\/08\/el-cofb-inaugura-la-xvii-edicio-del-mgof-amb-la-nova-modalitat-hibrida-facilitant-la-formacio-en-larea-de-gestio-a-farmaceutics-es-daltres-comunitats-autonomes\/\"]}]},{\"@type\":\"BreadcrumbList\",\"@id\":\"https:\/\/novaorg.cofb.net\/2021\/10\/08\/el-cofb-inaugura-la-xvii-edicio-del-mgof-amb-la-nova-modalitat-hibrida-facilitant-la-formacio-en-larea-de-gestio-a-farmaceutics-es-daltres-comunitats-autonomes\/#breadcrumb\",\"itemListElement\":[{\"@type\":\"ListItem\",\"position\":1,\"name\":\"Inici\",\"item\":\"https:\/\/novaorg.cofb.net\/\"},{\"@type\":\"ListItem\",\"position\":2,\"name\":\"El COFB inaugura la XVII edici\u00f3 del MGOF amb la nova modalitat h\u00edbrida, facilitant la formaci\u00f3 en l\u2019\u00e0rea de gesti\u00f3 a farmac\u00e8utics\/es d\u2019altres Comunitats Aut\u00f2nomes\"}]},{\"@type\":\"WebSite\",\"@id\":\"https:\/\/www.cofb.org\/#website\",\"url\":\"https:\/\/www.cofb.org\/\",\"name\":\"Col\u00b7legi de Farmac\u00e8utics de Barcelona\",\"description\":\"\",\"publisher\":{\"@id\":\"https:\/\/www.cofb.org\/#organization\"},\"potentialAction\":[{\"@type\":\"SearchAction\",\"target\":{\"@type\":\"EntryPoint\",\"urlTemplate\":\"https:\/\/www.cofb.org\/?s={search_term_string}\"},\"query-input\":\"required name=search_term_string\"}],\"inLanguage\":\"ca\"},{\"@type\":\"Organization\",\"@id\":\"https:\/\/www.cofb.org\/#organization\",\"name\":\"Col\u00b7legi de Farmac\u00e8utics de Barcelona\",\"url\":\"https:\/\/www.cofb.org\/\",\"logo\":{\"@type\":\"ImageObject\",\"inLanguage\":\"ca\",\"@id\":\"https:\/\/www.cofb.org\/#\/schema\/logo\/image\/\",\"url\":\"https:\/\/www.cofb.org\/wp-content\/uploads\/2023\/11\/cropped-Logotip-COFB.png\",\"contentUrl\":\"https:\/\/www.cofb.org\/wp-content\/uploads\/2023\/11\/cropped-Logotip-COFB.png\",\"width\":500,\"height\":105,\"caption\":\"Col\u00b7legi de Farmac\u00e8utics de Barcelona\"},\"image\":{\"@id\":\"https:\/\/www.cofb.org\/#\/schema\/logo\/image\/\"},\"sameAs\":[\"https:\/\/www.facebook.com\/farmaceuticsbcn\/\",\"https:\/\/twitter.com\/farmaceuticsbcn\",\"https:\/\/www.instagram.com\/farmaceuticsbcn\/\",\"https:\/\/www.linkedin.com\/company\/farmaceuticsbcn\/\"]},{\"@type\":\"Person\",\"@id\":\"https:\/\/www.cofb.org\/#\/schema\/person\/22ed7eea88da74b0fa4d3154ad87ffcb\",\"name\":\"wpAdminCofbOrg\",\"image\":{\"@type\":\"ImageObject\",\"inLanguage\":\"ca\",\"@id\":\"https:\/\/www.cofb.org\/#\/schema\/person\/image\/\",\"url\":\"https:\/\/secure.gravatar.com\/avatar\/1721b20b3b8ca882c3b56ec6c978c594fff670e40c0718e9190eaeeb76aae7d8?s=96&d=mm&r=g\",\"contentUrl\":\"https:\/\/secure.gravatar.com\/avatar\/1721b20b3b8ca882c3b56ec6c978c594fff670e40c0718e9190eaeeb76aae7d8?s=96&d=mm&r=g\",\"caption\":\"wpAdminCofbOrg\"},\"sameAs\":[\"http:\/\/192.168.64.122\/wordpress\"],\"url\":\"https:\/\/www.cofb.org\/ca\/author\/wpadmincofborg\/\"}]}<\/script>\n<!-- \/ Yoast SEO plugin. -->","yoast_head_json":{"title":"El COFB inaugura la XVII edici\u00f3 del MGOF amb la nova modalitat h\u00edbrida, facilitant la formaci\u00f3 en l\u2019\u00e0rea de gesti\u00f3 a farmac\u00e8utics\/es d\u2019altres Comunitats Aut\u00f2nomes - Col\u00b7legi de Farmac\u00e8utics de Barcelona","robots":{"index":"index","follow":"follow","max-snippet":"max-snippet:-1","max-image-preview":"max-image-preview:large","max-video-preview":"max-video-preview:-1"},"canonical":"https:\/\/novaorg.cofb.net\/2021\/10\/08\/el-cofb-inaugura-la-xvii-edicio-del-mgof-amb-la-nova-modalitat-hibrida-facilitant-la-formacio-en-larea-de-gestio-a-farmaceutics-es-daltres-comunitats-autonomes\/","og_locale":"ca_ES","og_type":"article","og_title":"El COFB inaugura la XVII edici\u00f3 del MGOF amb la nova modalitat h\u00edbrida, facilitant la formaci\u00f3 en l\u2019\u00e0rea de gesti\u00f3 a farmac\u00e8utics\/es d\u2019altres Comunitats Aut\u00f2nomes - Col\u00b7legi de Farmac\u00e8utics de Barcelona","og_description":"\u00a0 Aquest any el M\u00e0ster s\u2019imparteix per primera vegada en modalitat h\u00edbrida, amb l\u2019objectiu que tant el format presencial com el virtual garanteixin la mateixa formaci\u00f3 te\u00f2rica, participativa i din\u00e0mica \u00a0 Durant la inauguraci\u00f3 del M\u00e0ster, el president del COFB va destacar la tasca dels farmac\u00e8utics, especialment durant la pand\u00e8mia, [&hellip;]","og_url":"https:\/\/novaorg.cofb.net\/2021\/10\/08\/el-cofb-inaugura-la-xvii-edicio-del-mgof-amb-la-nova-modalitat-hibrida-facilitant-la-formacio-en-larea-de-gestio-a-farmaceutics-es-daltres-comunitats-autonomes\/","og_site_name":"Col\u00b7legi de Farmac\u00e8utics de Barcelona","article_publisher":"https:\/\/www.facebook.com\/farmaceuticsbcn\/","article_published_time":"2021-10-08T11:33:00+00:00","author":"wpAdminCofbOrg","twitter_card":"summary_large_image","twitter_creator":"@farmaceuticsbcn","twitter_site":"@farmaceuticsbcn","twitter_misc":{"Escrit per":"wpAdminCofbOrg","Temps estimat de lectura":"7 minuts"},"schema":{"@context":"https:\/\/schema.org","@graph":[{"@type":"Article","@id":"https:\/\/novaorg.cofb.net\/2021\/10\/08\/el-cofb-inaugura-la-xvii-edicio-del-mgof-amb-la-nova-modalitat-hibrida-facilitant-la-formacio-en-larea-de-gestio-a-farmaceutics-es-daltres-comunitats-autonomes\/#article","isPartOf":{"@id":"https:\/\/novaorg.cofb.net\/2021\/10\/08\/el-cofb-inaugura-la-xvii-edicio-del-mgof-amb-la-nova-modalitat-hibrida-facilitant-la-formacio-en-larea-de-gestio-a-farmaceutics-es-daltres-comunitats-autonomes\/"},"author":{"name":"wpAdminCofbOrg","@id":"https:\/\/www.cofb.org\/#\/schema\/person\/22ed7eea88da74b0fa4d3154ad87ffcb"},"headline":"El COFB inaugura la XVII edici\u00f3 del MGOF amb la nova modalitat h\u00edbrida, facilitant la formaci\u00f3 en l\u2019\u00e0rea de gesti\u00f3 a farmac\u00e8utics\/es d\u2019altres Comunitats Aut\u00f2nomes","datePublished":"2021-10-08T11:33:00+00:00","dateModified":"2021-10-08T11:33:00+00:00","mainEntityOfPage":{"@id":"https:\/\/novaorg.cofb.net\/2021\/10\/08\/el-cofb-inaugura-la-xvii-edicio-del-mgof-amb-la-nova-modalitat-hibrida-facilitant-la-formacio-en-larea-de-gestio-a-farmaceutics-es-daltres-comunitats-autonomes\/"},"wordCount":1575,"publisher":{"@id":"https:\/\/www.cofb.org\/#organization"},"articleSection":["Notes de premsa"],"inLanguage":"ca"},{"@type":"WebPage","@id":"https:\/\/novaorg.cofb.net\/2021\/10\/08\/el-cofb-inaugura-la-xvii-edicio-del-mgof-amb-la-nova-modalitat-hibrida-facilitant-la-formacio-en-larea-de-gestio-a-farmaceutics-es-daltres-comunitats-autonomes\/","url":"https:\/\/novaorg.cofb.net\/2021\/10\/08\/el-cofb-inaugura-la-xvii-edicio-del-mgof-amb-la-nova-modalitat-hibrida-facilitant-la-formacio-en-larea-de-gestio-a-farmaceutics-es-daltres-comunitats-autonomes\/","name":"El COFB inaugura la XVII edici\u00f3 del MGOF amb la nova modalitat h\u00edbrida, facilitant la formaci\u00f3 en l\u2019\u00e0rea de gesti\u00f3 a farmac\u00e8utics\/es d\u2019altres Comunitats Aut\u00f2nomes - Col\u00b7legi de Farmac\u00e8utics de Barcelona","isPartOf":{"@id":"https:\/\/www.cofb.org\/#website"},"datePublished":"2021-10-08T11:33:00+00:00","dateModified":"2021-10-08T11:33:00+00:00","breadcrumb":{"@id":"https:\/\/novaorg.cofb.net\/2021\/10\/08\/el-cofb-inaugura-la-xvii-edicio-del-mgof-amb-la-nova-modalitat-hibrida-facilitant-la-formacio-en-larea-de-gestio-a-farmaceutics-es-daltres-comunitats-autonomes\/#breadcrumb"},"inLanguage":"ca","potentialAction":[{"@type":"ReadAction","target":["https:\/\/novaorg.cofb.net\/2021\/10\/08\/el-cofb-inaugura-la-xvii-edicio-del-mgof-amb-la-nova-modalitat-hibrida-facilitant-la-formacio-en-larea-de-gestio-a-farmaceutics-es-daltres-comunitats-autonomes\/"]}]},{"@type":"BreadcrumbList","@id":"https:\/\/novaorg.cofb.net\/2021\/10\/08\/el-cofb-inaugura-la-xvii-edicio-del-mgof-amb-la-nova-modalitat-hibrida-facilitant-la-formacio-en-larea-de-gestio-a-farmaceutics-es-daltres-comunitats-autonomes\/#breadcrumb","itemListElement":[{"@type":"ListItem","position":1,"name":"Inici","item":"https:\/\/novaorg.cofb.net\/"},{"@type":"ListItem","position":2,"name":"El COFB inaugura la XVII edici\u00f3 del MGOF amb la nova modalitat h\u00edbrida, facilitant la formaci\u00f3 en l\u2019\u00e0rea de gesti\u00f3 a farmac\u00e8utics\/es d\u2019altres Comunitats Aut\u00f2nomes"}]},{"@type":"WebSite","@id":"https:\/\/www.cofb.org\/#website","url":"https:\/\/www.cofb.org\/","name":"Col\u00b7legi de Farmac\u00e8utics de Barcelona","description":"","publisher":{"@id":"https:\/\/www.cofb.org\/#organization"},"potentialAction":[{"@type":"SearchAction","target":{"@type":"EntryPoint","urlTemplate":"https:\/\/www.cofb.org\/?s={search_term_string}"},"query-input":"required name=search_term_string"}],"inLanguage":"ca"},{"@type":"Organization","@id":"https:\/\/www.cofb.org\/#organization","name":"Col\u00b7legi de Farmac\u00e8utics de Barcelona","url":"https:\/\/www.cofb.org\/","logo":{"@type":"ImageObject","inLanguage":"ca","@id":"https:\/\/www.cofb.org\/#\/schema\/logo\/image\/","url":"https:\/\/www.cofb.org\/wp-content\/uploads\/2023\/11\/cropped-Logotip-COFB.png","contentUrl":"https:\/\/www.cofb.org\/wp-content\/uploads\/2023\/11\/cropped-Logotip-COFB.png","width":500,"height":105,"caption":"Col\u00b7legi de Farmac\u00e8utics de Barcelona"},"image":{"@id":"https:\/\/www.cofb.org\/#\/schema\/logo\/image\/"},"sameAs":["https:\/\/www.facebook.com\/farmaceuticsbcn\/","https:\/\/twitter.com\/farmaceuticsbcn","https:\/\/www.instagram.com\/farmaceuticsbcn\/","https:\/\/www.linkedin.com\/company\/farmaceuticsbcn\/"]},{"@type":"Person","@id":"https:\/\/www.cofb.org\/#\/schema\/person\/22ed7eea88da74b0fa4d3154ad87ffcb","name":"wpAdminCofbOrg","image":{"@type":"ImageObject","inLanguage":"ca","@id":"https:\/\/www.cofb.org\/#\/schema\/person\/image\/","url":"https:\/\/secure.gravatar.com\/avatar\/1721b20b3b8ca882c3b56ec6c978c594fff670e40c0718e9190eaeeb76aae7d8?s=96&d=mm&r=g","contentUrl":"https:\/\/secure.gravatar.com\/avatar\/1721b20b3b8ca882c3b56ec6c978c594fff670e40c0718e9190eaeeb76aae7d8?s=96&d=mm&r=g","caption":"wpAdminCofbOrg"},"sameAs":["http:\/\/192.168.64.122\/wordpress"],"url":"https:\/\/www.cofb.org\/ca\/author\/wpadmincofborg\/"}]}},"uagb_featured_image_src":{"full":false,"thumbnail":false,"medium":false,"medium_large":false,"large":false,"1536x1536":false,"2048x2048":false,"trp-custom-language-flag":false},"uagb_author_info":{"display_name":"wpAdminCofbOrg","author_link":"https:\/\/www.cofb.org\/ca\/author\/wpadmincofborg\/"},"uagb_comment_info":0,"uagb_excerpt":"\u00a0 Aquest any el M\u00e0ster s\u2019imparteix per primera vegada en modalitat h\u00edbrida, amb l\u2019objectiu que tant el format presencial com el virtual garanteixin la mateixa formaci\u00f3 te\u00f2rica, participativa i din\u00e0mica \u00a0 Durant la inauguraci\u00f3 del M\u00e0ster, el president del COFB va destacar la tasca dels farmac\u00e8utics, especialment durant la pand\u00e8mia, [&hellip;]","_links":{"self":[{"href":"https:\/\/www.cofb.org\/ca\/wp-json\/wp\/v2\/posts\/77045","targetHints":{"allow":["GET"]}}],"collection":[{"href":"https:\/\/www.cofb.org\/ca\/wp-json\/wp\/v2\/posts"}],"about":[{"href":"https:\/\/www.cofb.org\/ca\/wp-json\/wp\/v2\/types\/post"}],"author":[{"embeddable":true,"href":"https:\/\/www.cofb.org\/ca\/wp-json\/wp\/v2\/users\/1"}],"replies":[{"embeddable":true,"href":"https:\/\/www.cofb.org\/ca\/wp-json\/wp\/v2\/comments?post=77045"}],"version-history":[{"count":0,"href":"https:\/\/www.cofb.org\/ca\/wp-json\/wp\/v2\/posts\/77045\/revisions"}],"wp:attachment":[{"href":"https:\/\/www.cofb.org\/ca\/wp-json\/wp\/v2\/media?parent=77045"}],"wp:term":[{"taxonomy":"category","embeddable":true,"href":"https:\/\/www.cofb.org\/ca\/wp-json\/wp\/v2\/categories?post=77045"},{"taxonomy":"post_tag","embeddable":true,"href":"https:\/\/www.cofb.org\/ca\/wp-json\/wp\/v2\/tags?post=77045"}],"curies":[{"name":"wp","href":"https:\/\/api.w.org\/{rel}","templated":true}]}}