{"id":77042,"date":"2021-11-05T15:28:00","date_gmt":"2021-11-05T15:28:00","guid":{"rendered":"https:\/\/novaorg.cofb.net\/2021\/11\/05\/posicionament-sobre-el-manteniment-dels-fons-estatals-covid-per-al-2022posicionamiento-sobre-el-mantenimiento-de-los-fondos-estatales-covid-para-el-2022\/"},"modified":"2021-11-05T15:28:00","modified_gmt":"2021-11-05T15:28:00","slug":"posicionament-sobre-el-manteniment-dels-fons-estatals-covid-per-al-2022posicionamiento-sobre-el-mantenimiento-de-los-fondos-estatales-covid-para-el-2022","status":"publish","type":"post","link":"https:\/\/www.cofb.org\/ca\/2021\/11\/05\/posicionament-sobre-el-manteniment-dels-fons-estatals-covid-per-al-2022posicionamiento-sobre-el-mantenimiento-de-los-fondos-estatales-covid-para-el-2022\/","title":{"rendered":"Posicionament sobre el manteniment dels fons estatals COVID per al 2022Posicionamiento sobre el mantenimiento de los fondos estatales COVID para el 2022"},"content":{"rendered":"<p>\u00a0<\/p>\n<p>La Junta Directiva del Cercle de Salut recolza el <strong>posicionament sobre el manteniment dels fons estatals COVID<\/strong> per al 2022 em\u00e8s pel Consell de Direcci\u00f3 del Servei Catal\u00e0 de la Salut\u00a0\u00a0i que reproduim a continuaci\u00f3:<\/p>\n<p>Les entitats, agents socials i membres del Consell de Direcci\u00f3 del Servei Catal\u00e0 de la Salut (CatSalut) volen posar de manifest que:<\/p>\n<ul>\n<li>La pand\u00e8mia ha esdevingut un gran repte per al sistema sanitari catal\u00e0 i l\u2019ha dut a una situaci\u00f3 de tensi\u00f3 m\u00e0xima de forma continuada i sostinguda des del mar\u00e7 de 2020.<\/li>\n<li>Les necessitats derivades de la pand\u00e8mia continuaran existint aquest any vinent i caldr\u00e0 mantenir actes assistencials que continuaran sent necessaris: el pla de vacunaci\u00f3, les proves de detecci\u00f3 COVID i rastreig, l\u2019atenci\u00f3 a la COVID persistent, etc.<\/li>\n<li>\u00a0<\/li>\n<li>Cal consolidar tant les estructures posades en marxa durant els darrers mesos com les noves estructures hospital\u00e0ries, els nous annexos, els llits d\u2019UCI i el personal que s\u2019ha incorporat per respondre de l\u2019emerg\u00e8ncia sanit\u00e0ria.<\/li>\n<li>\u00a0<\/li>\n<li>Alhora, el sistema sanitari ha de recuperar l\u2019activitat diagn\u00f2stica i quir\u00fargica perduda a causa de la COVID durant les diferents onades.<\/li>\n<li>\u00a0<\/li>\n<li>Aquesta situaci\u00f3 no \u00e9s \u00fanica de Catalunya sin\u00f3 que tamb\u00e9 afecta altres territoris que es troben en una situaci\u00f3 l\u00edmit a la que cal donar-hi resposta.<\/li>\n<li>\u00a0<\/li>\n<\/ul>\n<p>Per tots aquests motius es fa imprescindible el manteniment dels fons extraordinaris COVID o l\u2019habilitaci\u00f3 de nous fons espec\u00edfics per part de l\u2019Estat per garantir els recursos necessaris contra la pand\u00e8mia i de recuperaci\u00f3 del sistema sanitari, com a m\u00ednim per a l\u2019any 2022.<\/p>\n<p>\u00a0La Junta Directiva del Cercle de Salut recolza el posicionament sobre el manteniment dels fons estatals COVID per al 2022 em\u00e8s pel Consell de Direcci\u00f3 del Servei Catal\u00e0 de la Salut\u00a0\u00a0i que reproduim a continuaci\u00f3:<\/p>\n<p>Les entitats, agents socials i membres del Consell de Direcci\u00f3 del Servei Catal\u00e0 de la Salut (CatSalut) volen posar de manifest que:<\/p>\n<p>\tLa pand\u00e8mia ha esdevingut un gran repte per al sistema sanitari catal\u00e0 i l\u2019ha dut a una situaci\u00f3 de tensi\u00f3 m\u00e0xima de forma continuada i sostinguda des del mar\u00e7 de 2020.<br \/>\n\tLes necessitats derivades de la pand\u00e8mia continuaran existint aquest any vinent i caldr\u00e0 mantenir actes assistencials que continuaran sent necessaris: el pla de vacunaci\u00f3, les proves de detecci\u00f3 COVID i rastreig, l\u2019atenci\u00f3 a la COVID persistent, etc.<br \/>\n\t\u00a0<br \/>\n\tCal consolidar tant les estructures posades en marxa durant els darrers mesos com les noves estructures hospital\u00e0ries, els nous annexos, els llits d\u2019UCI i el personal que s\u2019ha incorporat per respondre de l\u2019emerg\u00e8ncia sanit\u00e0ria.<br \/>\n\t\u00a0<br \/>\n\tAlhora, el sistema sanitari ha de recuperar l\u2019activitat diagn\u00f2stica i quir\u00fargica perduda a causa de la COVID durant les diferents onades.<br \/>\n\t\u00a0<br \/>\n\tAquesta situaci\u00f3 no \u00e9s \u00fanica de Catalunya sin\u00f3 que tamb\u00e9 afecta altres territoris que es troben en una situaci\u00f3 l\u00edmit a la que cal donar-hi resposta.<br \/>\n\t\u00a0<\/p>\n<p>Per tots aquests motius es fa imprescindible el manteniment dels fons extraordinaris COVID o l\u2019habilitaci\u00f3 de nous fons espec\u00edfics per part de l\u2019Estat per garantir els recursos necessaris contra la pand\u00e8mia i de recuperaci\u00f3 del sistema sanitari, com a m\u00ednim per a l\u2019any 2022.\u00a0\u00a0COFB.ORG<\/p>\n","protected":false},"excerpt":{"rendered":"<p>\u00a0 La Junta Directiva del Cercle de Salut recolza el posicionament sobre el manteniment dels fons estatals COVID per al 2022 em\u00e8s pel Consell de Direcci\u00f3 del Servei Catal\u00e0 de la Salut\u00a0\u00a0i que reproduim a continuaci\u00f3: Les entitats, agents socials i membres del Consell de Direcci\u00f3 del Servei Catal\u00e0 de [&hellip;]<\/p>\n","protected":false},"author":1,"featured_media":0,"comment_status":"","ping_status":"","sticky":false,"template":"","format":"standard","meta":{"_uag_custom_page_level_css":"","site-sidebar-layout":"default","site-content-layout":"","ast-site-content-layout":"default","site-content-style":"default","site-sidebar-style":"default","ast-global-header-display":"","ast-banner-title-visibility":"","ast-main-header-display":"","ast-hfb-above-header-display":"","ast-hfb-below-header-display":"","ast-hfb-mobile-header-display":"","site-post-title":"","ast-breadcrumbs-content":"","ast-featured-img":"disabled","footer-sml-layout":"","theme-transparent-header-meta":"","adv-header-id-meta":"","stick-header-meta":"","header-above-stick-meta":"","header-main-stick-meta":"","header-below-stick-meta":"","astra-migrate-meta-layouts":"default","ast-page-background-enabled":"default","ast-page-background-meta":{"desktop":{"background-color":"var(--ast-global-color-4)","background-image":"","background-repeat":"repeat","background-position":"center center","background-size":"auto","background-attachment":"scroll","background-type":"","background-media":"","overlay-type":"","overlay-color":"","overlay-opacity":"","overlay-gradient":""},"tablet":{"background-color":"","background-image":"","background-repeat":"repeat","background-position":"center center","background-size":"auto","background-attachment":"scroll","background-type":"","background-media":"","overlay-type":"","overlay-color":"","overlay-opacity":"","overlay-gradient":""},"mobile":{"background-color":"","background-image":"","background-repeat":"repeat","background-position":"center center","background-size":"auto","background-attachment":"scroll","background-type":"","background-media":"","overlay-type":"","overlay-color":"","overlay-opacity":"","overlay-gradient":""}},"ast-content-background-meta":{"desktop":{"background-color":"var(--ast-global-color-5)","background-image":"","background-repeat":"repeat","background-position":"center center","background-size":"auto","background-attachment":"scroll","background-type":"","background-media":"","overlay-type":"","overlay-color":"","overlay-opacity":"","overlay-gradient":""},"tablet":{"background-color":"var(--ast-global-color-5)","background-image":"","background-repeat":"repeat","background-position":"center center","background-size":"auto","background-attachment":"scroll","background-type":"","background-media":"","overlay-type":"","overlay-color":"","overlay-opacity":"","overlay-gradient":""},"mobile":{"background-color":"var(--ast-global-color-5)","background-image":"","background-repeat":"repeat","background-position":"center center","background-size":"auto","background-attachment":"scroll","background-type":"","background-media":"","overlay-type":"","overlay-color":"","overlay-opacity":"","overlay-gradient":""}},"footnotes":""},"categories":[1060,1066],"tags":[],"class_list":["post-77042","post","type-post","status-publish","format-standard","hentry","category-notes-premsa","category-sense-categoria-ca"],"yoast_head":"<!-- This site is optimized with the Yoast SEO plugin v22.4 - https:\/\/yoast.com\/wordpress\/plugins\/seo\/ -->\n<title>Posicionament sobre el manteniment dels fons estatals COVID per al 2022Posicionamiento sobre el mantenimiento de los fondos estatales COVID para el 2022 - Col\u00b7legi de Farmac\u00e8utics de Barcelona<\/title>\n<meta name=\"robots\" content=\"index, follow, max-snippet:-1, max-image-preview:large, max-video-preview:-1\" \/>\n<link rel=\"canonical\" href=\"https:\/\/novaorg.cofb.net\/2021\/11\/05\/posicionament-sobre-el-manteniment-dels-fons-estatals-covid-per-al-2022posicionamiento-sobre-el-mantenimiento-de-los-fondos-estatales-covid-para-el-2022\/\" \/>\n<meta property=\"og:locale\" content=\"ca_ES\" \/>\n<meta property=\"og:type\" content=\"article\" \/>\n<meta property=\"og:title\" content=\"Posicionament sobre el manteniment dels fons estatals COVID per al 2022Posicionamiento sobre el mantenimiento de los fondos estatales COVID para el 2022 - Col\u00b7legi de Farmac\u00e8utics de Barcelona\" \/>\n<meta property=\"og:description\" content=\"\u00a0 La Junta Directiva del Cercle de Salut recolza el posicionament sobre el manteniment dels fons estatals COVID per al 2022 em\u00e8s pel Consell de Direcci\u00f3 del Servei Catal\u00e0 de la Salut\u00a0\u00a0i que reproduim a continuaci\u00f3: Les entitats, agents socials i membres del Consell de Direcci\u00f3 del Servei Catal\u00e0 de [&hellip;]\" \/>\n<meta property=\"og:url\" content=\"https:\/\/novaorg.cofb.net\/2021\/11\/05\/posicionament-sobre-el-manteniment-dels-fons-estatals-covid-per-al-2022posicionamiento-sobre-el-mantenimiento-de-los-fondos-estatales-covid-para-el-2022\/\" \/>\n<meta property=\"og:site_name\" content=\"Col\u00b7legi de Farmac\u00e8utics de Barcelona\" \/>\n<meta property=\"article:publisher\" content=\"https:\/\/www.facebook.com\/farmaceuticsbcn\/\" \/>\n<meta property=\"article:published_time\" content=\"2021-11-05T15:28:00+00:00\" \/>\n<meta name=\"author\" content=\"wpAdminCofbOrg\" \/>\n<meta name=\"twitter:card\" content=\"summary_large_image\" \/>\n<meta name=\"twitter:creator\" content=\"@farmaceuticsbcn\" \/>\n<meta name=\"twitter:site\" content=\"@farmaceuticsbcn\" \/>\n<meta name=\"twitter:label1\" content=\"Escrit per\" \/>\n\t<meta name=\"twitter:data1\" content=\"wpAdminCofbOrg\" \/>\n\t<meta name=\"twitter:label2\" content=\"Temps estimat de lectura\" \/>\n\t<meta name=\"twitter:data2\" content=\"3 minuts\" \/>\n<script type=\"application\/ld+json\" class=\"yoast-schema-graph\">{\"@context\":\"https:\/\/schema.org\",\"@graph\":[{\"@type\":\"Article\",\"@id\":\"https:\/\/novaorg.cofb.net\/2021\/11\/05\/posicionament-sobre-el-manteniment-dels-fons-estatals-covid-per-al-2022posicionamiento-sobre-el-mantenimiento-de-los-fondos-estatales-covid-para-el-2022\/#article\",\"isPartOf\":{\"@id\":\"https:\/\/novaorg.cofb.net\/2021\/11\/05\/posicionament-sobre-el-manteniment-dels-fons-estatals-covid-per-al-2022posicionamiento-sobre-el-mantenimiento-de-los-fondos-estatales-covid-para-el-2022\/\"},\"author\":{\"name\":\"wpAdminCofbOrg\",\"@id\":\"https:\/\/www.cofb.org\/#\/schema\/person\/22ed7eea88da74b0fa4d3154ad87ffcb\"},\"headline\":\"Posicionament sobre el manteniment dels fons estatals COVID per al 2022Posicionamiento sobre el mantenimiento de los fondos estatales COVID para el 2022\",\"datePublished\":\"2021-11-05T15:28:00+00:00\",\"dateModified\":\"2021-11-05T15:28:00+00:00\",\"mainEntityOfPage\":{\"@id\":\"https:\/\/novaorg.cofb.net\/2021\/11\/05\/posicionament-sobre-el-manteniment-dels-fons-estatals-covid-per-al-2022posicionamiento-sobre-el-mantenimiento-de-los-fondos-estatales-covid-para-el-2022\/\"},\"wordCount\":563,\"publisher\":{\"@id\":\"https:\/\/www.cofb.org\/#organization\"},\"articleSection\":[\"Notes de premsa\"],\"inLanguage\":\"ca\"},{\"@type\":\"WebPage\",\"@id\":\"https:\/\/novaorg.cofb.net\/2021\/11\/05\/posicionament-sobre-el-manteniment-dels-fons-estatals-covid-per-al-2022posicionamiento-sobre-el-mantenimiento-de-los-fondos-estatales-covid-para-el-2022\/\",\"url\":\"https:\/\/novaorg.cofb.net\/2021\/11\/05\/posicionament-sobre-el-manteniment-dels-fons-estatals-covid-per-al-2022posicionamiento-sobre-el-mantenimiento-de-los-fondos-estatales-covid-para-el-2022\/\",\"name\":\"Posicionament sobre el manteniment dels fons estatals COVID per al 2022Posicionamiento sobre el mantenimiento de los fondos estatales COVID para el 2022 - Col\u00b7legi de Farmac\u00e8utics de Barcelona\",\"isPartOf\":{\"@id\":\"https:\/\/www.cofb.org\/#website\"},\"datePublished\":\"2021-11-05T15:28:00+00:00\",\"dateModified\":\"2021-11-05T15:28:00+00:00\",\"breadcrumb\":{\"@id\":\"https:\/\/novaorg.cofb.net\/2021\/11\/05\/posicionament-sobre-el-manteniment-dels-fons-estatals-covid-per-al-2022posicionamiento-sobre-el-mantenimiento-de-los-fondos-estatales-covid-para-el-2022\/#breadcrumb\"},\"inLanguage\":\"ca\",\"potentialAction\":[{\"@type\":\"ReadAction\",\"target\":[\"https:\/\/novaorg.cofb.net\/2021\/11\/05\/posicionament-sobre-el-manteniment-dels-fons-estatals-covid-per-al-2022posicionamiento-sobre-el-mantenimiento-de-los-fondos-estatales-covid-para-el-2022\/\"]}]},{\"@type\":\"BreadcrumbList\",\"@id\":\"https:\/\/novaorg.cofb.net\/2021\/11\/05\/posicionament-sobre-el-manteniment-dels-fons-estatals-covid-per-al-2022posicionamiento-sobre-el-mantenimiento-de-los-fondos-estatales-covid-para-el-2022\/#breadcrumb\",\"itemListElement\":[{\"@type\":\"ListItem\",\"position\":1,\"name\":\"Inici\",\"item\":\"https:\/\/novaorg.cofb.net\/\"},{\"@type\":\"ListItem\",\"position\":2,\"name\":\"Posicionament sobre el manteniment dels fons estatals COVID per al 2022Posicionamiento sobre el mantenimiento de los fondos estatales COVID para el 2022\"}]},{\"@type\":\"WebSite\",\"@id\":\"https:\/\/www.cofb.org\/#website\",\"url\":\"https:\/\/www.cofb.org\/\",\"name\":\"Col\u00b7legi de Farmac\u00e8utics de Barcelona\",\"description\":\"\",\"publisher\":{\"@id\":\"https:\/\/www.cofb.org\/#organization\"},\"potentialAction\":[{\"@type\":\"SearchAction\",\"target\":{\"@type\":\"EntryPoint\",\"urlTemplate\":\"https:\/\/www.cofb.org\/?s={search_term_string}\"},\"query-input\":\"required name=search_term_string\"}],\"inLanguage\":\"ca\"},{\"@type\":\"Organization\",\"@id\":\"https:\/\/www.cofb.org\/#organization\",\"name\":\"Col\u00b7legi de Farmac\u00e8utics de Barcelona\",\"url\":\"https:\/\/www.cofb.org\/\",\"logo\":{\"@type\":\"ImageObject\",\"inLanguage\":\"ca\",\"@id\":\"https:\/\/www.cofb.org\/#\/schema\/logo\/image\/\",\"url\":\"https:\/\/www.cofb.org\/wp-content\/uploads\/2023\/11\/cropped-Logotip-COFB.png\",\"contentUrl\":\"https:\/\/www.cofb.org\/wp-content\/uploads\/2023\/11\/cropped-Logotip-COFB.png\",\"width\":500,\"height\":105,\"caption\":\"Col\u00b7legi de Farmac\u00e8utics de Barcelona\"},\"image\":{\"@id\":\"https:\/\/www.cofb.org\/#\/schema\/logo\/image\/\"},\"sameAs\":[\"https:\/\/www.facebook.com\/farmaceuticsbcn\/\",\"https:\/\/twitter.com\/farmaceuticsbcn\",\"https:\/\/www.instagram.com\/farmaceuticsbcn\/\",\"https:\/\/www.linkedin.com\/company\/farmaceuticsbcn\/\"]},{\"@type\":\"Person\",\"@id\":\"https:\/\/www.cofb.org\/#\/schema\/person\/22ed7eea88da74b0fa4d3154ad87ffcb\",\"name\":\"wpAdminCofbOrg\",\"image\":{\"@type\":\"ImageObject\",\"inLanguage\":\"ca\",\"@id\":\"https:\/\/www.cofb.org\/#\/schema\/person\/image\/\",\"url\":\"https:\/\/secure.gravatar.com\/avatar\/1721b20b3b8ca882c3b56ec6c978c594fff670e40c0718e9190eaeeb76aae7d8?s=96&d=mm&r=g\",\"contentUrl\":\"https:\/\/secure.gravatar.com\/avatar\/1721b20b3b8ca882c3b56ec6c978c594fff670e40c0718e9190eaeeb76aae7d8?s=96&d=mm&r=g\",\"caption\":\"wpAdminCofbOrg\"},\"sameAs\":[\"http:\/\/192.168.64.122\/wordpress\"],\"url\":\"https:\/\/www.cofb.org\/ca\/author\/wpadmincofborg\/\"}]}<\/script>\n<!-- \/ Yoast SEO plugin. -->","yoast_head_json":{"title":"Posicionament sobre el manteniment dels fons estatals COVID per al 2022Posicionamiento sobre el mantenimiento de los fondos estatales COVID para el 2022 - Col\u00b7legi de Farmac\u00e8utics de Barcelona","robots":{"index":"index","follow":"follow","max-snippet":"max-snippet:-1","max-image-preview":"max-image-preview:large","max-video-preview":"max-video-preview:-1"},"canonical":"https:\/\/novaorg.cofb.net\/2021\/11\/05\/posicionament-sobre-el-manteniment-dels-fons-estatals-covid-per-al-2022posicionamiento-sobre-el-mantenimiento-de-los-fondos-estatales-covid-para-el-2022\/","og_locale":"ca_ES","og_type":"article","og_title":"Posicionament sobre el manteniment dels fons estatals COVID per al 2022Posicionamiento sobre el mantenimiento de los fondos estatales COVID para el 2022 - Col\u00b7legi de Farmac\u00e8utics de Barcelona","og_description":"\u00a0 La Junta Directiva del Cercle de Salut recolza el posicionament sobre el manteniment dels fons estatals COVID per al 2022 em\u00e8s pel Consell de Direcci\u00f3 del Servei Catal\u00e0 de la Salut\u00a0\u00a0i que reproduim a continuaci\u00f3: Les entitats, agents socials i membres del Consell de Direcci\u00f3 del Servei Catal\u00e0 de [&hellip;]","og_url":"https:\/\/novaorg.cofb.net\/2021\/11\/05\/posicionament-sobre-el-manteniment-dels-fons-estatals-covid-per-al-2022posicionamiento-sobre-el-mantenimiento-de-los-fondos-estatales-covid-para-el-2022\/","og_site_name":"Col\u00b7legi de Farmac\u00e8utics de Barcelona","article_publisher":"https:\/\/www.facebook.com\/farmaceuticsbcn\/","article_published_time":"2021-11-05T15:28:00+00:00","author":"wpAdminCofbOrg","twitter_card":"summary_large_image","twitter_creator":"@farmaceuticsbcn","twitter_site":"@farmaceuticsbcn","twitter_misc":{"Escrit per":"wpAdminCofbOrg","Temps estimat de lectura":"3 minuts"},"schema":{"@context":"https:\/\/schema.org","@graph":[{"@type":"Article","@id":"https:\/\/novaorg.cofb.net\/2021\/11\/05\/posicionament-sobre-el-manteniment-dels-fons-estatals-covid-per-al-2022posicionamiento-sobre-el-mantenimiento-de-los-fondos-estatales-covid-para-el-2022\/#article","isPartOf":{"@id":"https:\/\/novaorg.cofb.net\/2021\/11\/05\/posicionament-sobre-el-manteniment-dels-fons-estatals-covid-per-al-2022posicionamiento-sobre-el-mantenimiento-de-los-fondos-estatales-covid-para-el-2022\/"},"author":{"name":"wpAdminCofbOrg","@id":"https:\/\/www.cofb.org\/#\/schema\/person\/22ed7eea88da74b0fa4d3154ad87ffcb"},"headline":"Posicionament sobre el manteniment dels fons estatals COVID per al 2022Posicionamiento sobre el mantenimiento de los fondos estatales COVID para el 2022","datePublished":"2021-11-05T15:28:00+00:00","dateModified":"2021-11-05T15:28:00+00:00","mainEntityOfPage":{"@id":"https:\/\/novaorg.cofb.net\/2021\/11\/05\/posicionament-sobre-el-manteniment-dels-fons-estatals-covid-per-al-2022posicionamiento-sobre-el-mantenimiento-de-los-fondos-estatales-covid-para-el-2022\/"},"wordCount":563,"publisher":{"@id":"https:\/\/www.cofb.org\/#organization"},"articleSection":["Notes de premsa"],"inLanguage":"ca"},{"@type":"WebPage","@id":"https:\/\/novaorg.cofb.net\/2021\/11\/05\/posicionament-sobre-el-manteniment-dels-fons-estatals-covid-per-al-2022posicionamiento-sobre-el-mantenimiento-de-los-fondos-estatales-covid-para-el-2022\/","url":"https:\/\/novaorg.cofb.net\/2021\/11\/05\/posicionament-sobre-el-manteniment-dels-fons-estatals-covid-per-al-2022posicionamiento-sobre-el-mantenimiento-de-los-fondos-estatales-covid-para-el-2022\/","name":"Posicionament sobre el manteniment dels fons estatals COVID per al 2022Posicionamiento sobre el mantenimiento de los fondos estatales COVID para el 2022 - Col\u00b7legi de Farmac\u00e8utics de Barcelona","isPartOf":{"@id":"https:\/\/www.cofb.org\/#website"},"datePublished":"2021-11-05T15:28:00+00:00","dateModified":"2021-11-05T15:28:00+00:00","breadcrumb":{"@id":"https:\/\/novaorg.cofb.net\/2021\/11\/05\/posicionament-sobre-el-manteniment-dels-fons-estatals-covid-per-al-2022posicionamiento-sobre-el-mantenimiento-de-los-fondos-estatales-covid-para-el-2022\/#breadcrumb"},"inLanguage":"ca","potentialAction":[{"@type":"ReadAction","target":["https:\/\/novaorg.cofb.net\/2021\/11\/05\/posicionament-sobre-el-manteniment-dels-fons-estatals-covid-per-al-2022posicionamiento-sobre-el-mantenimiento-de-los-fondos-estatales-covid-para-el-2022\/"]}]},{"@type":"BreadcrumbList","@id":"https:\/\/novaorg.cofb.net\/2021\/11\/05\/posicionament-sobre-el-manteniment-dels-fons-estatals-covid-per-al-2022posicionamiento-sobre-el-mantenimiento-de-los-fondos-estatales-covid-para-el-2022\/#breadcrumb","itemListElement":[{"@type":"ListItem","position":1,"name":"Inici","item":"https:\/\/novaorg.cofb.net\/"},{"@type":"ListItem","position":2,"name":"Posicionament sobre el manteniment dels fons estatals COVID per al 2022Posicionamiento sobre el mantenimiento de los fondos estatales COVID para el 2022"}]},{"@type":"WebSite","@id":"https:\/\/www.cofb.org\/#website","url":"https:\/\/www.cofb.org\/","name":"Col\u00b7legi de Farmac\u00e8utics de Barcelona","description":"","publisher":{"@id":"https:\/\/www.cofb.org\/#organization"},"potentialAction":[{"@type":"SearchAction","target":{"@type":"EntryPoint","urlTemplate":"https:\/\/www.cofb.org\/?s={search_term_string}"},"query-input":"required name=search_term_string"}],"inLanguage":"ca"},{"@type":"Organization","@id":"https:\/\/www.cofb.org\/#organization","name":"Col\u00b7legi de Farmac\u00e8utics de Barcelona","url":"https:\/\/www.cofb.org\/","logo":{"@type":"ImageObject","inLanguage":"ca","@id":"https:\/\/www.cofb.org\/#\/schema\/logo\/image\/","url":"https:\/\/www.cofb.org\/wp-content\/uploads\/2023\/11\/cropped-Logotip-COFB.png","contentUrl":"https:\/\/www.cofb.org\/wp-content\/uploads\/2023\/11\/cropped-Logotip-COFB.png","width":500,"height":105,"caption":"Col\u00b7legi de Farmac\u00e8utics de Barcelona"},"image":{"@id":"https:\/\/www.cofb.org\/#\/schema\/logo\/image\/"},"sameAs":["https:\/\/www.facebook.com\/farmaceuticsbcn\/","https:\/\/twitter.com\/farmaceuticsbcn","https:\/\/www.instagram.com\/farmaceuticsbcn\/","https:\/\/www.linkedin.com\/company\/farmaceuticsbcn\/"]},{"@type":"Person","@id":"https:\/\/www.cofb.org\/#\/schema\/person\/22ed7eea88da74b0fa4d3154ad87ffcb","name":"wpAdminCofbOrg","image":{"@type":"ImageObject","inLanguage":"ca","@id":"https:\/\/www.cofb.org\/#\/schema\/person\/image\/","url":"https:\/\/secure.gravatar.com\/avatar\/1721b20b3b8ca882c3b56ec6c978c594fff670e40c0718e9190eaeeb76aae7d8?s=96&d=mm&r=g","contentUrl":"https:\/\/secure.gravatar.com\/avatar\/1721b20b3b8ca882c3b56ec6c978c594fff670e40c0718e9190eaeeb76aae7d8?s=96&d=mm&r=g","caption":"wpAdminCofbOrg"},"sameAs":["http:\/\/192.168.64.122\/wordpress"],"url":"https:\/\/www.cofb.org\/ca\/author\/wpadmincofborg\/"}]}},"uagb_featured_image_src":{"full":false,"thumbnail":false,"medium":false,"medium_large":false,"large":false,"1536x1536":false,"2048x2048":false,"trp-custom-language-flag":false},"uagb_author_info":{"display_name":"wpAdminCofbOrg","author_link":"https:\/\/www.cofb.org\/ca\/author\/wpadmincofborg\/"},"uagb_comment_info":0,"uagb_excerpt":"\u00a0 La Junta Directiva del Cercle de Salut recolza el posicionament sobre el manteniment dels fons estatals COVID per al 2022 em\u00e8s pel Consell de Direcci\u00f3 del Servei Catal\u00e0 de la Salut\u00a0\u00a0i que reproduim a continuaci\u00f3: Les entitats, agents socials i membres del Consell de Direcci\u00f3 del Servei Catal\u00e0 de [&hellip;]","_links":{"self":[{"href":"https:\/\/www.cofb.org\/ca\/wp-json\/wp\/v2\/posts\/77042","targetHints":{"allow":["GET"]}}],"collection":[{"href":"https:\/\/www.cofb.org\/ca\/wp-json\/wp\/v2\/posts"}],"about":[{"href":"https:\/\/www.cofb.org\/ca\/wp-json\/wp\/v2\/types\/post"}],"author":[{"embeddable":true,"href":"https:\/\/www.cofb.org\/ca\/wp-json\/wp\/v2\/users\/1"}],"replies":[{"embeddable":true,"href":"https:\/\/www.cofb.org\/ca\/wp-json\/wp\/v2\/comments?post=77042"}],"version-history":[{"count":0,"href":"https:\/\/www.cofb.org\/ca\/wp-json\/wp\/v2\/posts\/77042\/revisions"}],"wp:attachment":[{"href":"https:\/\/www.cofb.org\/ca\/wp-json\/wp\/v2\/media?parent=77042"}],"wp:term":[{"taxonomy":"category","embeddable":true,"href":"https:\/\/www.cofb.org\/ca\/wp-json\/wp\/v2\/categories?post=77042"},{"taxonomy":"post_tag","embeddable":true,"href":"https:\/\/www.cofb.org\/ca\/wp-json\/wp\/v2\/tags?post=77042"}],"curies":[{"name":"wp","href":"https:\/\/api.w.org\/{rel}","templated":true}]}}