{"id":77037,"date":"2021-12-22T13:53:00","date_gmt":"2021-12-22T13:53:00","guid":{"rendered":"https:\/\/novaorg.cofb.net\/2021\/12\/22\/el-cof-de-barcelona-posa-en-marxa-el-cicle-de-tertulies-covid-19-amb-una-conferencia-sobre-vacunes-impartida-per-la-dra-magda-campinsel-cof-de-barcelona-pone-en-marcha-el-ciclo-de-tertulias-covid-19-2\/"},"modified":"2021-12-22T13:53:00","modified_gmt":"2021-12-22T13:53:00","slug":"el-cof-de-barcelona-posa-en-marxa-el-cicle-de-tertulies-covid-19-amb-una-conferencia-sobre-vacunes-impartida-per-la-dra-magda-campinsel-cof-de-barcelona-pone-en-marcha-el-ciclo-de-tertulias-covid-19-2","status":"publish","type":"post","link":"https:\/\/www.cofb.org\/ca\/2021\/12\/22\/el-cof-de-barcelona-posa-en-marxa-el-cicle-de-tertulies-covid-19-amb-una-conferencia-sobre-vacunes-impartida-per-la-dra-magda-campinsel-cof-de-barcelona-pone-en-marcha-el-ciclo-de-tertulias-covid-19-2\/","title":{"rendered":"El COF de Barcelona posa en marxa el cicle de Tert\u00falies COVID-19 amb una confer\u00e8ncia sobre vacunes impartida per la Dra. Magda CampinsEl COF de Barcelona pone en marcha el ciclo de Tertulias COVID-19 con una conferencia sobre vacunas impartida por la Dra. Magda Campins"},"content":{"rendered":"<p>\u00a0<\/p>\n<ul>\n<li>\u201c<strong>Vacunes COVID-19: Qu\u00e8 hem fet fins ara i qu\u00e8 ens queda per fer?\u201d,<\/strong> va ser el t\u00edtol de la primera sessi\u00f3, a c\u00e0rrec de la <strong>Dra. Magda Campins<\/strong>, investigadora del grup de recerca d\u2019epidemiologia i Salut P\u00fablica del Vall d\u2019Hebron Institut de Recerca (VHIR)\u00a0 i presidenta del Comit\u00e8 Cient\u00edfic Assessor de la COVID-19<\/li>\n<\/ul>\n<p>\u00a0<\/p>\n<ul>\n<li>Despr\u00e9s de fer un <strong>rep\u00e0s<\/strong> de la <strong>situaci\u00f3 epidemiol\u00f2gica<\/strong>, la doctora va resoldre diverses preguntes que els col\u00b7legiats havien enviat pr\u00e8viament, classificades en quatre grans blocs:\u00a0 <strong>malaltia<\/strong>, <strong>epidemiologia<\/strong>, <strong>vacuna<\/strong> i <strong>restriccions<\/strong><\/li>\n<\/ul>\n<p>\u00a0<\/p>\n<ul>\n<li>La <strong>Dra. Campins<\/strong> va ressaltar el <strong>paper <\/strong>dels <strong>farmac\u00e8utics<\/strong> durant la <strong>pand\u00e8mia i la seva implicaci\u00f3 en iniciatives com el cribratge escolar <\/strong><\/li>\n<\/ul>\n<p>\u00a0<\/p>\n<p><em>Barcelona, 22 de desembre de 2021<\/em>. \u201c<strong>Vacunes COVID-19: Qu\u00e8 hem fet fins ara i qu\u00e8 ens queda per fer?\u201d. <\/strong>Aquest ha estat el t\u00edtol de la <strong>primera confer\u00e8ncia<\/strong> organitzada pel <strong>Col\u00b7legi de Farmac\u00e8utics de Barcelona (COFB)<\/strong>, amb el <strong>patrocini de <a href=\"https:\/\/www.sanofi.com\/\">Sanofi<\/a><\/strong>, dins el marc del cicle de <strong>Tert\u00falies COVID-19<\/strong> que ha posat en marxa aquest any. L\u2019acte, que es va celebrar en format <em>Webinar<\/em> el passat <strong>15 de desembre<\/strong>, va anar a c\u00e0rrec de la <strong>Dra. Magda Campins<\/strong>, investigadora <strong>del grup de recerca d\u2019epidemiologia i Salut P\u00fablica del Vall d\u2019Hebron Institut de Recerca (VHIR) <\/strong>i presidenta del <strong>Comit\u00e8 Cient\u00edfic Assessor de la COVID-19<\/strong>, i va comptar amb la moderaci\u00f3 d\u2019<strong>Aina Surroca<\/strong>, <strong>secret\u00e0ria<\/strong> i <strong>responsable<\/strong> de la Comissi\u00f3 Delgada de Formaci\u00f3 del COFB.<\/p>\n<p><strong><u>Situaci\u00f3 epidemiol\u00f2gica i impacte de la vacunaci\u00f3<\/u><\/strong><\/p>\n<p>Durant la primera part de la sessi\u00f3, la doctora va comen\u00e7ar fent un <strong>rep\u00e0s de la situaci\u00f3 epidemiol\u00f2gica<\/strong> a Catalunya i a Espanya. \u201cPortem gaireb\u00e9 <strong>2 anys de pand\u00e8mia<\/strong> i anem tenint onades, una rere l\u2019altra, encara que <strong>l\u2019impacte<\/strong>, com sabeu, <strong>\u00e9s menor<\/strong> pel que fa a hospitalitzacions i mortalitat gr\u00e0cies a les vacunes\u201d, va explicar. En aquest sentit, la Dra. Campins va exposar que \u201ca Espanya, des que es va comen\u00e7ar amb la <strong>vacunaci\u00f3<\/strong>, <strong>en la quarta i la cinquena onada es va veure clarament que, tot i que el nombre de casos va ser important, l\u2019impacte sobre la mortalitat va ser molt menor que en les anteriors<\/strong>\u201d. Pel que fa a la <strong>incid\u00e8ncia actual de COVID-19<\/strong>, la doctora va apuntar que \u201cestem en una <strong>tend\u00e8ncia clarament ascendent\u201d.<\/strong><\/p>\n<p>Segons va exposar la presidenta del Comit\u00e8 Cient\u00edfic Assessor de la COVID-19, actualment, \u201cs\u2019est\u00e0 veient un <strong>despla\u00e7ament de la infecci\u00f3 cap a l\u2019edat pedi\u00e0trica<\/strong> i, sobretot, cap als nens m\u00e9s petits d\u2019onze anys. D\u2019altra banda, \u201cl\u2019afectaci\u00f3 a les escoles \u00e9s sobretot a les de Prim\u00e0ria. Aix\u00f2 es deu al fet que els nens a partir de 12 anys es van vacunar a l\u2019estiu i aix\u00f2 fa que estiguin m\u00e9s protegits que els nens m\u00e9s petits\u201d. Precisament, \u201caquest \u00e9s un dels motius pels quals s\u2019ha <strong>recomanat la vacunaci\u00f3 dels nens de 5 a 11 anys<\/strong>. No tant per la gravetat de la malaltia, ja que en nens aquesta no \u00e9s greu, per\u00f2 s\u00ed per l\u2019<strong>impacte <\/strong>que est\u00e0 tenint a <strong>nivell escolar<\/strong> i en la <strong>normalitzaci\u00f3 de la vida dels nens m\u00e9s petits<\/strong>\u201d, va concretar. \u00a0<\/p>\n<p>Fent un rep\u00e0s de les <strong>vacunes administrades<\/strong>, la doctora va apuntar que \u201ca tot Espanya la vacuna que m\u00e9s s\u2019ha posat \u00e9s la de <strong>Pfizer\/BioNtech<\/strong>, seguida de <strong>Moderna<\/strong>, <strong>AstraZeneca\/Oxford<\/strong>\u00a0 i la de <strong>Janssen<\/strong>\u201d. La Dra. Campins tamb\u00e9 va destacar que \u201cEspanya \u00e9s un pa\u00eds amb unes <strong>cobertures vacunals excel\u00b7lents<\/strong> en <strong>comparaci\u00f3 amb altres pa\u00efsos<\/strong>\u201d. No obstant aix\u00f2, a nivell mundial, \u201cel <strong>55% de la poblaci\u00f3<\/strong> ha rebut almenys una dosi de vacuna, per\u00f2 si mirem els pa\u00efsos pobres, nom\u00e9s <strong>un 7%<\/strong> d\u2019aquests pa\u00efsos ha rebut alguna dosi [xifres en data del 15\/12\/2021]. Aqu\u00ed \u00e9s on tenim el gran problema i on haur\u00edem de lluitar tots per <strong>aconseguir que la cobertura vacunal augmenti<\/strong>. Per protegir-los a ells i a tota la poblaci\u00f3\u201d, va afegir.<\/p>\n<p><strong><u>Q\u00fcestions dels col\u00b7legiats davant la malaltia, l\u2019epidemiologia, la vacuna i les restriccions<\/u><\/strong><\/p>\n<p>La segona part de la sessi\u00f3 va constar de <strong>diverses preguntes<\/strong> que els col\u00b7legiats van traslladar, i que es van dividir en <strong>quatre blocs: malaltia, epidemiologia, vacuna i restriccions.<\/strong><\/p>\n<p><strong><span>Malaltia: conviv\u00e8ncia de la COVID-19 amb la grip <\/span><\/strong><\/p>\n<p>Dins del primer bloc, una de les preguntes va ser com s\u2019est\u00e0 produint la <strong>conviv\u00e8ncia de la COVID amb altres infeccions v\u00edriques com la grip<\/strong>. La Dra. Campins va respondre que \u201cl\u2019<strong>any passat <\/strong>va sorprendre que el <strong>SARS-CoV-2<\/strong> va ocupar tot el <strong>n\u00ednxol ecol\u00f2gic<\/strong> de tots els <strong>virus respiratoris<\/strong>. Aquest any les expectatives s\u00f3n que, probablement, hi haur\u00e0 <strong>epid\u00e8mia de grip<\/strong> i, de fet, ja s\u2019han comen\u00e7at a detectar casos de grip, tot i que no amb una freq\u00fc\u00e8ncia molt alta, ja que s\u00f3n molt pocs casos encara\u201d. Tot i aix\u00f2, encara no estem en l\u2019\u00e8poca en qu\u00e8 <strong>\u00e9s habitual<\/strong> l\u2019<strong>epid\u00e8mia de grip<\/strong>, ja que normalment tenim el <strong>pic m\u00e0xim<\/strong> al mes de febrer. Cal veure qu\u00e8 passar\u00e0\u201d. I va recordar que \u201ca Espanya, hi ha cada any entre <strong>2.000<\/strong> i <strong>3.000 <\/strong>casos de morts per grip\u201d.<\/p>\n<p><strong><span>Epidemiologia: variant \u00f2micron<\/span><\/strong><\/p>\n<p>Molts col\u00b7legiats van interessar-se per la <strong>variant \u00f2micron<\/strong>. La doctora va explicar que \u201cla seva transmissibilitat \u00e9s molt superior a la delta, \u00e9s molt m\u00e9s contagiosa\u201d i que \u201cal Regne Unit estan veient que <strong>el nombre de casos d\u2019\u00f2micron es doblen cada dos dies i mig<\/strong>, aix\u00f2 \u00e9s una transmissibilitat molt alta\u201d. I va afegir: \u201cLa <strong>simptomatologia<\/strong> \u00e9s la mateixa (febre, tos, refredat). En aquests moments, encara <strong>no tenim suficients dades<\/strong> per valorar si \u00e9s m\u00e9s greu o no\u201d.<\/p>\n<p><strong><span>Vacunaci\u00f3: efectivitat davant la variant \u00f2micron i c\u00e0rrega viral de les persones vacunades<\/span><\/strong><\/p>\n<p>Pel que fa a l\u2019<strong>efectivitat de la vacuna <\/strong>davant la <strong>variant \u00f2micron<\/strong>, la Dra. Campins va concretar que \u201c<strong>amb dues dosis d\u2019AstraZeneca<\/strong>, pr\u00e0cticament, s\u2019ha perdut \u00a0la protecci\u00f3, \u00e9s per aix\u00f2 que les persones de 60 a 69 anys que han rebut les dues dosis d\u2019AZ \u00e9s molt important que es posin una tercera dosi de Pfizer o de Moderna r\u00e0pidament\u201d. \u201cSegons un estudi, amb dues dosis de la vacuna de Pfizer hi ha una p\u00e8rdua de la protecci\u00f3, per\u00f2 sabem que amb una tercera dosi arriba a un nivell d\u2019anticossos neutralitzants que pr\u00e0cticament \u00a0torna a posar la protecci\u00f3 al mateix nivell que es tenia amb la delta\u201d, va detallar. \u00a0\u00a0<\/p>\n<p>Preguntada sobre si les persones vacunades poden tenir la mateixa <strong>c\u00e0rrega viral<\/strong> que les no vacunades, va respondre s\u00ed i que les persones vacunades poden ser igual de transmissores. I va afegir: \u201cEncara que <strong>les persones vacunades es poden infectar<\/strong> i la seva c\u00e0rrega viral pot ser igual a la de les no vacunades, <strong>la seva probabilitat \u00e9s un 50% inferior. <\/strong>I \u00e9s que<strong> l\u2019efectivitat de la vacuna per evitar la infecci\u00f3 \u00e9s d\u2019un 50%<\/strong>\u201d.<\/p>\n<p><strong><span>Restriccions: \u00fas del certificat COVID<\/span><\/strong><\/p>\n<p>En relaci\u00f3 amb <strong>les restriccions i les mesures<\/strong> que s\u2019estaven prenent fins al moment al nostre entorn, com el <strong>certificat COVID<\/strong>, la doctora va destacar que \u201cl\u2019\u00fas del <strong>certificat COVID<\/strong> est\u00e0 tenint un impacte en la <strong>vacunaci\u00f3<\/strong>. Per tant, ha estat \u00fatil i <strong>crec que l\u2019hem de mantenir<\/strong>. Tamb\u00e9 crec que s\u2019hauria d\u2019estendre a l\u2019<strong>\u00e0mbit dels professionals sanitaris <\/strong>d\u2019hospitals i resid\u00e8ncies. No soc partid\u00e0ria de la <strong>vacunaci\u00f3 obligat\u00f2ria<\/strong>, ja que crec que pot generar <strong>rebuig<\/strong>, com estem veient en altres pa\u00efsos. El <strong>certificat COVID<\/strong> no \u00e9s vacunaci\u00f3 obligat\u00f2ria, per\u00f2 s\u00ed que \u00e9s obligaci\u00f3 de presentar una s\u00e8rie de proves assegurant que no est\u00e0s infectat en aquell moment.\u201d<\/p>\n<p><strong><u>El paper dels farmac\u00e8utics en la detecci\u00f3 de la COVID-19<\/u><\/strong><\/p>\n<p>La secret\u00e0ria del COFB, <strong>Aina Surroca<\/strong>, va demanar a la Dra. Campins un <strong>balan\u00e7 del paper de les oficines de farm\u00e0cia en el control de la pand\u00e8mia<\/strong>. \u201cDes de les farm\u00e0cies comunit\u00e0ries estem participant en la supervisi\u00f3 dels tests d\u2019ant\u00edgens del cribratge escolar i tamb\u00e9 els dirigits a poblaci\u00f3 general. S\u2019han supervisat <strong>m\u00e9s de 150.000 tests<\/strong> i s\u2019han <strong>detectat m\u00e9s de 2.000 positius <\/strong>[en data del 15\/12\/2021]\u201d, va destacar.<\/p>\n<p>En aquest sentit, la doctora va exposar que \u201ctant de bo s\u2019hagu\u00e9s fet abans, <strong>com m\u00e9s mans siguem ajudant a combatre aquesta pand\u00e8mia, millor<\/strong>. I crec que els farmac\u00e8utics esteu en una <strong>situaci\u00f3 privilegiada<\/strong>, perqu\u00e8 teniu un <strong>contacte molt directe<\/strong> amb la poblaci\u00f3\u201d. I va afegir: \u201cLes <strong>oficines de farm\u00e0cia<\/strong> heu estat sempre obertes i la <strong>vostra implicaci\u00f3 ha estat fonamental<\/strong>.\u201d<\/p>\n<p>\u00a0\u201cVacunes COVID-19: Qu\u00e8 hem fet fins ara i qu\u00e8 ens queda per fer?\u201d, va ser el t\u00edtol de la primera sessi\u00f3, a c\u00e0rrec de la Dra. Magda Campins, investigadora del grup de recerca d\u2019epidemiologia i Salut P\u00fablica del Vall d\u2019Hebron Institut de Recerca (VHIR)\u00a0 i presidenta del Comit\u00e8 Cient\u00edfic Assessor de la COVID-19<\/p>\n<p>\u00a0<\/p>\n<p>\tDespr\u00e9s de fer un rep\u00e0s de la situaci\u00f3 epidemiol\u00f2gica, la doctora va resoldre diverses preguntes que els col\u00b7legiats havien enviat pr\u00e8viament, classificades en quatre grans blocs:\u00a0 malaltia, epidemiologia, vacuna i restriccions<\/p>\n<p>\u00a0<\/p>\n<p>\tLa Dra. Campins va ressaltar el paper dels farmac\u00e8utics durant la pand\u00e8mia i la seva implicaci\u00f3 en iniciatives com el cribratge escolar <\/p>\n<p>\u00a0<\/p>\n<p>Barcelona, 22 de desembre de 2021. \u201cVacunes COVID-19: Qu\u00e8 hem fet fins ara i qu\u00e8 ens queda per fer?\u201d. Aquest ha estat el t\u00edtol de la primera confer\u00e8ncia organitzada pel Col\u00b7legi de Farmac\u00e8utics de Barcelona (COFB), amb el patrocini de Sanofi, dins el marc del cicle de Tert\u00falies COVID-19 que ha posat en marxa aquest any. L\u2019acte, que es va celebrar en format Webinar el passat 15 de desembre, va anar a c\u00e0rrec de la Dra. Magda Campins, investigadora del grup de recerca d\u2019epidemiologia i Salut P\u00fablica del Vall d\u2019Hebron Institut de Recerca (VHIR) i presidenta del Comit\u00e8 Cient\u00edfic Assessor de la COVID-19, i va comptar amb la moderaci\u00f3 d\u2019Aina Surroca, secret\u00e0ria i responsable de la Comissi\u00f3 Delgada de Formaci\u00f3 del COFB.<\/p>\n<p>Situaci\u00f3 epidemiol\u00f2gica i impacte de la vacunaci\u00f3<\/p>\n<p>Durant la primera part de la sessi\u00f3, la doctora va comen\u00e7ar fent un rep\u00e0s de la situaci\u00f3 epidemiol\u00f2gica a Catalunya i a Espanya. \u201cPortem gaireb\u00e9 2 anys de pand\u00e8mia i anem tenint onades, una rere l\u2019altra, encara que l\u2019impacte, com sabeu, \u00e9s menor pel que fa a hospitalitzacions i mortalitat gr\u00e0cies a les vacunes\u201d, va explicar. En aquest sentit, la Dra. Campins va exposar que \u201ca Espanya, des que es va comen\u00e7ar amb la vacunaci\u00f3, en la quarta i la cinquena onada es va veure clarament que, tot i que el nombre de casos va ser important, l\u2019impacte sobre la mortalitat va ser molt menor que en les anteriors\u201d. Pel que fa a la incid\u00e8ncia actual de COVID-19, la doctora va apuntar que \u201cestem en una tend\u00e8ncia clarament ascendent\u201d.<\/p>\n<p>Segons va exposar la presidenta del Comit\u00e8 Cient\u00edfic Assessor de la COVID-19, actualment, \u201cs\u2019est\u00e0 veient un despla\u00e7ament de la infecci\u00f3 cap a l\u2019edat pedi\u00e0trica i, sobretot, cap als nens m\u00e9s petits d\u2019onze anys. D\u2019altra banda, \u201cl\u2019afectaci\u00f3 a les escoles \u00e9s sobretot a les de Prim\u00e0ria. Aix\u00f2 es deu al fet que els nens a partir de 12 anys es van vacunar a l\u2019estiu i aix\u00f2 fa que estiguin m\u00e9s protegits que els nens m\u00e9s petits\u201d. Precisament, \u201caquest \u00e9s un dels motius pels quals s\u2019ha recomanat la vacunaci\u00f3 dels nens de 5 a 11 anys. No tant per la gravetat de la malaltia, ja que en nens aquesta no \u00e9s greu, per\u00f2 s\u00ed per l\u2019impacte que est\u00e0 tenint a nivell escolar i en la normalitzaci\u00f3 de la vida dels nens m\u00e9s petits\u201d, va concretar. \u00a0<\/p>\n<p>Fent un rep\u00e0s de les vacunes administrades, la doctora va apuntar que \u201ca tot Espanya la vacuna que m\u00e9s s\u2019ha posat \u00e9s la de Pfizer\/BioNtech, seguida de Moderna, AstraZeneca\/Oxford\u00a0 i la de Janssen\u201d. La Dra. Campins tamb\u00e9 va destacar que \u201cEspanya \u00e9s un pa\u00eds amb unes cobertures vacunals excel\u00b7lents en comparaci\u00f3 amb altres pa\u00efsos\u201d. No obstant aix\u00f2, a nivell mundial, \u201cel 55% de la poblaci\u00f3 ha rebut almenys una dosi de vacuna, per\u00f2 si mirem els pa\u00efsos pobres, nom\u00e9s un 7% d\u2019aquests pa\u00efsos ha rebut alguna dosi [xifres en data del 15\/12\/2021]. Aqu\u00ed \u00e9s on tenim el gran problema i on haur\u00edem de lluitar tots per aconseguir que la cobertura vacunal augmenti. Per protegir-los a ells i a tota la poblaci\u00f3\u201d, va afegir.<\/p>\n<p>Q\u00fcestions dels col\u00b7legiats davant la malaltia, l\u2019epidemiologia, la vacuna i les restriccions<\/p>\n<p>La segona part de la sessi\u00f3 va constar de diverses preguntes que els col\u00b7legiats van traslladar, i que es van dividir en quatre blocs: malaltia, epidemiologia, vacuna i restriccions.<\/p>\n<p>Malaltia: conviv\u00e8ncia de la COVID-19 amb la grip <\/p>\n<p>Dins del primer bloc, una de les preguntes va ser com s\u2019est\u00e0 produint la conviv\u00e8ncia de la COVID amb altres infeccions v\u00edriques com la grip. La Dra. Campins va respondre que \u201cl\u2019any passat va sorprendre que el SARS-CoV-2 va ocupar tot el n\u00ednxol ecol\u00f2gic de tots els virus respiratoris. Aquest any les expectatives s\u00f3n que, probablement, hi haur\u00e0 epid\u00e8mia de grip i, de fet, ja s\u2019han comen\u00e7at a detectar casos de grip, tot i que no amb una freq\u00fc\u00e8ncia molt alta, ja que s\u00f3n molt pocs casos encara\u201d. Tot i aix\u00f2, encara no estem en l\u2019\u00e8poca en qu\u00e8 \u00e9s habitual l\u2019epid\u00e8mia de grip, ja que normalment tenim el pic m\u00e0xim al mes de febrer. Cal veure qu\u00e8 passar\u00e0\u201d. I va recordar que \u201ca Espanya, hi ha cada any entre 2.000 i 3.000 casos de morts per grip\u201d.<\/p>\n<p>Epidemiologia: variant \u00f2micron<\/p>\n<p>Molts col\u00b7legiats van interessar-se per la variant \u00f2micron. La doctora va explicar que \u201cla seva transmissibilitat \u00e9s molt superior a la delta, \u00e9s molt m\u00e9s contagiosa\u201d i que \u201cal Regne Unit estan veient que el nombre de casos d\u2019\u00f2micron es doblen cada dos dies i mig, aix\u00f2 \u00e9s una transmissibilitat molt alta\u201d. I va afegir: \u201cLa simptomatologia \u00e9s la mateixa (febre, tos, refredat). En aquests moments, encara no tenim suficients dades per valorar si \u00e9s m\u00e9s greu o no\u201d.<\/p>\n<p>Vacunaci\u00f3: efectivitat davant la variant \u00f2micron i c\u00e0rrega viral de les persones vacunades<\/p>\n<p>Pel que fa a l\u2019efectivitat de la vacuna davant la variant \u00f2micron, la Dra. Campins va concretar que \u201camb dues dosis d\u2019AstraZeneca, pr\u00e0cticament, s\u2019ha perdut \u00a0la protecci\u00f3, \u00e9s per aix\u00f2 que les persones de 60 a 69 anys que han rebut les dues dosis d\u2019AZ \u00e9s molt important que es posin una tercera dosi de Pfizer o de Moderna r\u00e0pidament\u201d. \u201cSegons un estudi, amb dues dosis de la vacuna de Pfizer hi ha una p\u00e8rdua de la protecci\u00f3, per\u00f2 sabem que amb una tercera dosi arriba a un nivell d\u2019anticossos neutralitzants que pr\u00e0cticament \u00a0torna a posar la protecci\u00f3 al mateix nivell que es tenia amb la delta\u201d, va detallar. \u00a0\u00a0<\/p>\n<p>Preguntada sobre si les persones vacunades poden tenir la mateixa c\u00e0rrega viral que les no vacunades, va respondre s\u00ed i que les persones vacunades poden ser igual de transmissores. I va afegir: \u201cEncara que les persones vacunades es poden infectar i la seva c\u00e0rrega viral pot ser igual a la de les no vacunades, la seva probabilitat \u00e9s un 50% inferior. I \u00e9s que l\u2019efectivitat de la vacuna per evitar la infecci\u00f3 \u00e9s d\u2019un 50%\u201d.<\/p>\n<p>Restriccions: \u00fas del certificat COVID<\/p>\n<p>En relaci\u00f3 amb les restriccions i les mesures que s\u2019estaven prenent fins al moment al nostre entorn, com el certificat COVID, la doctora va destacar que \u201cl\u2019\u00fas del certificat COVID est\u00e0 tenint un impacte en la vacunaci\u00f3. Per tant, ha estat \u00fatil i crec que l\u2019hem de mantenir. Tamb\u00e9 crec que s\u2019hauria d\u2019estendre a l\u2019\u00e0mbit dels professionals sanitaris d\u2019hospitals i resid\u00e8ncies. No soc partid\u00e0ria de la vacunaci\u00f3 obligat\u00f2ria, ja que crec que pot generar rebuig, com estem veient en altres pa\u00efsos. El certificat COVID no \u00e9s vacunaci\u00f3 obligat\u00f2ria, per\u00f2 s\u00ed que \u00e9s obligaci\u00f3 de presentar una s\u00e8rie de proves assegurant que no est\u00e0s infectat en aquell moment.\u201d<\/p>\n<p>El paper dels farmac\u00e8utics en la detecci\u00f3 de la COVID-19<\/p>\n<p>La secret\u00e0ria del COFB, Aina Surroca, va demanar a la Dra. Campins un balan\u00e7 del paper de les oficines de farm\u00e0cia en el control de la pand\u00e8mia. \u201cDes de les farm\u00e0cies comunit\u00e0ries estem participant en la supervisi\u00f3 dels tests d\u2019ant\u00edgens del cribratge escolar i tamb\u00e9 els dirigits a poblaci\u00f3 general. S\u2019han supervisat m\u00e9s de 150.000 tests i s\u2019han detectat m\u00e9s de 2.000 positius [en data del 15\/12\/2021]\u201d, va destacar.<\/p>\n<p>En aquest sentit, la doctora va exposar que \u201ctant de bo s\u2019hagu\u00e9s fet abans, com m\u00e9s mans siguem ajudant a combatre aquesta pand\u00e8mia, millor. I crec que els farmac\u00e8utics esteu en una situaci\u00f3 privilegiada, perqu\u00e8 teniu un contacte molt directe amb la poblaci\u00f3\u201d. I va afegir: \u201cLes oficines de farm\u00e0cia heu estat sempre obertes i la vostra implicaci\u00f3 ha estat fonamental.\u201d\u00a0\u00a0COFB.ORG<\/p>\n","protected":false},"excerpt":{"rendered":"<p>\u00a0 \u201cVacunes COVID-19: Qu\u00e8 hem fet fins ara i qu\u00e8 ens queda per fer?\u201d, va ser el t\u00edtol de la primera sessi\u00f3, a c\u00e0rrec de la Dra. Magda Campins, investigadora del grup de recerca d\u2019epidemiologia i Salut P\u00fablica del Vall d\u2019Hebron Institut de Recerca (VHIR)\u00a0 i presidenta del Comit\u00e8 Cient\u00edfic [&hellip;]<\/p>\n","protected":false},"author":1,"featured_media":0,"comment_status":"","ping_status":"","sticky":false,"template":"","format":"standard","meta":{"_uag_custom_page_level_css":"","site-sidebar-layout":"default","site-content-layout":"","ast-site-content-layout":"default","site-content-style":"default","site-sidebar-style":"default","ast-global-header-display":"","ast-banner-title-visibility":"","ast-main-header-display":"","ast-hfb-above-header-display":"","ast-hfb-below-header-display":"","ast-hfb-mobile-header-display":"","site-post-title":"","ast-breadcrumbs-content":"","ast-featured-img":"disabled","footer-sml-layout":"","theme-transparent-header-meta":"","adv-header-id-meta":"","stick-header-meta":"","header-above-stick-meta":"","header-main-stick-meta":"","header-below-stick-meta":"","astra-migrate-meta-layouts":"default","ast-page-background-enabled":"default","ast-page-background-meta":{"desktop":{"background-color":"var(--ast-global-color-4)","background-image":"","background-repeat":"repeat","background-position":"center center","background-size":"auto","background-attachment":"scroll","background-type":"","background-media":"","overlay-type":"","overlay-color":"","overlay-opacity":"","overlay-gradient":""},"tablet":{"background-color":"","background-image":"","background-repeat":"repeat","background-position":"center center","background-size":"auto","background-attachment":"scroll","background-type":"","background-media":"","overlay-type":"","overlay-color":"","overlay-opacity":"","overlay-gradient":""},"mobile":{"background-color":"","background-image":"","background-repeat":"repeat","background-position":"center center","background-size":"auto","background-attachment":"scroll","background-type":"","background-media":"","overlay-type":"","overlay-color":"","overlay-opacity":"","overlay-gradient":""}},"ast-content-background-meta":{"desktop":{"background-color":"var(--ast-global-color-5)","background-image":"","background-repeat":"repeat","background-position":"center center","background-size":"auto","background-attachment":"scroll","background-type":"","background-media":"","overlay-type":"","overlay-color":"","overlay-opacity":"","overlay-gradient":""},"tablet":{"background-color":"var(--ast-global-color-5)","background-image":"","background-repeat":"repeat","background-position":"center center","background-size":"auto","background-attachment":"scroll","background-type":"","background-media":"","overlay-type":"","overlay-color":"","overlay-opacity":"","overlay-gradient":""},"mobile":{"background-color":"var(--ast-global-color-5)","background-image":"","background-repeat":"repeat","background-position":"center center","background-size":"auto","background-attachment":"scroll","background-type":"","background-media":"","overlay-type":"","overlay-color":"","overlay-opacity":"","overlay-gradient":""}},"footnotes":""},"categories":[1060,1066],"tags":[],"class_list":["post-77037","post","type-post","status-publish","format-standard","hentry","category-notes-premsa","category-sense-categoria-ca"],"yoast_head":"<!-- This site is optimized with the Yoast SEO plugin v22.4 - https:\/\/yoast.com\/wordpress\/plugins\/seo\/ -->\n<title>El COF de Barcelona posa en marxa el cicle de Tert\u00falies COVID-19 amb una confer\u00e8ncia sobre vacunes impartida per la Dra. Magda CampinsEl COF de Barcelona pone en marcha el ciclo de Tertulias COVID-19 con una conferencia sobre vacunas impartida por la Dra. Magda Campins - Col\u00b7legi de Farmac\u00e8utics de Barcelona<\/title>\n<meta name=\"robots\" content=\"index, follow, max-snippet:-1, max-image-preview:large, max-video-preview:-1\" \/>\n<link rel=\"canonical\" href=\"https:\/\/novaorg.cofb.net\/2021\/12\/22\/el-cof-de-barcelona-posa-en-marxa-el-cicle-de-tertulies-covid-19-amb-una-conferencia-sobre-vacunes-impartida-per-la-dra-magda-campinsel-cof-de-barcelona-pone-en-marcha-el-ciclo-de-tertulias-covid-19-2\/\" \/>\n<meta property=\"og:locale\" content=\"ca_ES\" \/>\n<meta property=\"og:type\" content=\"article\" \/>\n<meta property=\"og:title\" content=\"El COF de Barcelona posa en marxa el cicle de Tert\u00falies COVID-19 amb una confer\u00e8ncia sobre vacunes impartida per la Dra. Magda CampinsEl COF de Barcelona pone en marcha el ciclo de Tertulias COVID-19 con una conferencia sobre vacunas impartida por la Dra. Magda Campins - Col\u00b7legi de Farmac\u00e8utics de Barcelona\" \/>\n<meta property=\"og:description\" content=\"\u00a0 \u201cVacunes COVID-19: Qu\u00e8 hem fet fins ara i qu\u00e8 ens queda per fer?\u201d, va ser el t\u00edtol de la primera sessi\u00f3, a c\u00e0rrec de la Dra. Magda Campins, investigadora del grup de recerca d\u2019epidemiologia i Salut P\u00fablica del Vall d\u2019Hebron Institut de Recerca (VHIR)\u00a0 i presidenta del Comit\u00e8 Cient\u00edfic [&hellip;]\" \/>\n<meta property=\"og:url\" content=\"https:\/\/novaorg.cofb.net\/2021\/12\/22\/el-cof-de-barcelona-posa-en-marxa-el-cicle-de-tertulies-covid-19-amb-una-conferencia-sobre-vacunes-impartida-per-la-dra-magda-campinsel-cof-de-barcelona-pone-en-marcha-el-ciclo-de-tertulias-covid-19-2\/\" \/>\n<meta property=\"og:site_name\" content=\"Col\u00b7legi de Farmac\u00e8utics de Barcelona\" \/>\n<meta property=\"article:publisher\" content=\"https:\/\/www.facebook.com\/farmaceuticsbcn\/\" \/>\n<meta property=\"article:published_time\" content=\"2021-12-22T13:53:00+00:00\" \/>\n<meta name=\"author\" content=\"wpAdminCofbOrg\" \/>\n<meta name=\"twitter:card\" content=\"summary_large_image\" \/>\n<meta name=\"twitter:creator\" content=\"@farmaceuticsbcn\" \/>\n<meta name=\"twitter:site\" content=\"@farmaceuticsbcn\" \/>\n<meta name=\"twitter:label1\" content=\"Escrit per\" \/>\n\t<meta name=\"twitter:data1\" content=\"wpAdminCofbOrg\" \/>\n\t<meta name=\"twitter:label2\" content=\"Temps estimat de lectura\" \/>\n\t<meta name=\"twitter:data2\" content=\"15 minuts\" \/>\n<script type=\"application\/ld+json\" class=\"yoast-schema-graph\">{\"@context\":\"https:\/\/schema.org\",\"@graph\":[{\"@type\":\"Article\",\"@id\":\"https:\/\/novaorg.cofb.net\/2021\/12\/22\/el-cof-de-barcelona-posa-en-marxa-el-cicle-de-tertulies-covid-19-amb-una-conferencia-sobre-vacunes-impartida-per-la-dra-magda-campinsel-cof-de-barcelona-pone-en-marcha-el-ciclo-de-tertulias-covid-19-2\/#article\",\"isPartOf\":{\"@id\":\"https:\/\/novaorg.cofb.net\/2021\/12\/22\/el-cof-de-barcelona-posa-en-marxa-el-cicle-de-tertulies-covid-19-amb-una-conferencia-sobre-vacunes-impartida-per-la-dra-magda-campinsel-cof-de-barcelona-pone-en-marcha-el-ciclo-de-tertulias-covid-19-2\/\"},\"author\":{\"name\":\"wpAdminCofbOrg\",\"@id\":\"https:\/\/www.cofb.org\/#\/schema\/person\/22ed7eea88da74b0fa4d3154ad87ffcb\"},\"headline\":\"El COF de Barcelona posa en marxa el cicle de Tert\u00falies COVID-19 amb una confer\u00e8ncia sobre vacunes impartida per la Dra. Magda CampinsEl COF de Barcelona pone en marcha el ciclo de Tertulias COVID-19 con una conferencia sobre vacunas impartida por la Dra. Magda Campins\",\"datePublished\":\"2021-12-22T13:53:00+00:00\",\"dateModified\":\"2021-12-22T13:53:00+00:00\",\"mainEntityOfPage\":{\"@id\":\"https:\/\/novaorg.cofb.net\/2021\/12\/22\/el-cof-de-barcelona-posa-en-marxa-el-cicle-de-tertulies-covid-19-amb-una-conferencia-sobre-vacunes-impartida-per-la-dra-magda-campinsel-cof-de-barcelona-pone-en-marcha-el-ciclo-de-tertulias-covid-19-2\/\"},\"wordCount\":2961,\"publisher\":{\"@id\":\"https:\/\/www.cofb.org\/#organization\"},\"articleSection\":[\"Notes de premsa\"],\"inLanguage\":\"ca\"},{\"@type\":\"WebPage\",\"@id\":\"https:\/\/novaorg.cofb.net\/2021\/12\/22\/el-cof-de-barcelona-posa-en-marxa-el-cicle-de-tertulies-covid-19-amb-una-conferencia-sobre-vacunes-impartida-per-la-dra-magda-campinsel-cof-de-barcelona-pone-en-marcha-el-ciclo-de-tertulias-covid-19-2\/\",\"url\":\"https:\/\/novaorg.cofb.net\/2021\/12\/22\/el-cof-de-barcelona-posa-en-marxa-el-cicle-de-tertulies-covid-19-amb-una-conferencia-sobre-vacunes-impartida-per-la-dra-magda-campinsel-cof-de-barcelona-pone-en-marcha-el-ciclo-de-tertulias-covid-19-2\/\",\"name\":\"El COF de Barcelona posa en marxa el cicle de Tert\u00falies COVID-19 amb una confer\u00e8ncia sobre vacunes impartida per la Dra. Magda CampinsEl COF de Barcelona pone en marcha el ciclo de Tertulias COVID-19 con una conferencia sobre vacunas impartida por la Dra. Magda Campins - Col\u00b7legi de Farmac\u00e8utics de Barcelona\",\"isPartOf\":{\"@id\":\"https:\/\/www.cofb.org\/#website\"},\"datePublished\":\"2021-12-22T13:53:00+00:00\",\"dateModified\":\"2021-12-22T13:53:00+00:00\",\"breadcrumb\":{\"@id\":\"https:\/\/novaorg.cofb.net\/2021\/12\/22\/el-cof-de-barcelona-posa-en-marxa-el-cicle-de-tertulies-covid-19-amb-una-conferencia-sobre-vacunes-impartida-per-la-dra-magda-campinsel-cof-de-barcelona-pone-en-marcha-el-ciclo-de-tertulias-covid-19-2\/#breadcrumb\"},\"inLanguage\":\"ca\",\"potentialAction\":[{\"@type\":\"ReadAction\",\"target\":[\"https:\/\/novaorg.cofb.net\/2021\/12\/22\/el-cof-de-barcelona-posa-en-marxa-el-cicle-de-tertulies-covid-19-amb-una-conferencia-sobre-vacunes-impartida-per-la-dra-magda-campinsel-cof-de-barcelona-pone-en-marcha-el-ciclo-de-tertulias-covid-19-2\/\"]}]},{\"@type\":\"BreadcrumbList\",\"@id\":\"https:\/\/novaorg.cofb.net\/2021\/12\/22\/el-cof-de-barcelona-posa-en-marxa-el-cicle-de-tertulies-covid-19-amb-una-conferencia-sobre-vacunes-impartida-per-la-dra-magda-campinsel-cof-de-barcelona-pone-en-marcha-el-ciclo-de-tertulias-covid-19-2\/#breadcrumb\",\"itemListElement\":[{\"@type\":\"ListItem\",\"position\":1,\"name\":\"Inici\",\"item\":\"https:\/\/novaorg.cofb.net\/\"},{\"@type\":\"ListItem\",\"position\":2,\"name\":\"El COF de Barcelona posa en marxa el cicle de Tert\u00falies COVID-19 amb una confer\u00e8ncia sobre vacunes impartida per la Dra. Magda CampinsEl COF de Barcelona pone en marcha el ciclo de Tertulias COVID-19 con una conferencia sobre vacunas impartida por la Dra. Magda Campins\"}]},{\"@type\":\"WebSite\",\"@id\":\"https:\/\/www.cofb.org\/#website\",\"url\":\"https:\/\/www.cofb.org\/\",\"name\":\"Col\u00b7legi de Farmac\u00e8utics de Barcelona\",\"description\":\"\",\"publisher\":{\"@id\":\"https:\/\/www.cofb.org\/#organization\"},\"potentialAction\":[{\"@type\":\"SearchAction\",\"target\":{\"@type\":\"EntryPoint\",\"urlTemplate\":\"https:\/\/www.cofb.org\/?s={search_term_string}\"},\"query-input\":\"required name=search_term_string\"}],\"inLanguage\":\"ca\"},{\"@type\":\"Organization\",\"@id\":\"https:\/\/www.cofb.org\/#organization\",\"name\":\"Col\u00b7legi de Farmac\u00e8utics de Barcelona\",\"url\":\"https:\/\/www.cofb.org\/\",\"logo\":{\"@type\":\"ImageObject\",\"inLanguage\":\"ca\",\"@id\":\"https:\/\/www.cofb.org\/#\/schema\/logo\/image\/\",\"url\":\"https:\/\/www.cofb.org\/wp-content\/uploads\/2023\/11\/cropped-Logotip-COFB.png\",\"contentUrl\":\"https:\/\/www.cofb.org\/wp-content\/uploads\/2023\/11\/cropped-Logotip-COFB.png\",\"width\":500,\"height\":105,\"caption\":\"Col\u00b7legi de Farmac\u00e8utics de Barcelona\"},\"image\":{\"@id\":\"https:\/\/www.cofb.org\/#\/schema\/logo\/image\/\"},\"sameAs\":[\"https:\/\/www.facebook.com\/farmaceuticsbcn\/\",\"https:\/\/twitter.com\/farmaceuticsbcn\",\"https:\/\/www.instagram.com\/farmaceuticsbcn\/\",\"https:\/\/www.linkedin.com\/company\/farmaceuticsbcn\/\"]},{\"@type\":\"Person\",\"@id\":\"https:\/\/www.cofb.org\/#\/schema\/person\/22ed7eea88da74b0fa4d3154ad87ffcb\",\"name\":\"wpAdminCofbOrg\",\"image\":{\"@type\":\"ImageObject\",\"inLanguage\":\"ca\",\"@id\":\"https:\/\/www.cofb.org\/#\/schema\/person\/image\/\",\"url\":\"https:\/\/secure.gravatar.com\/avatar\/1721b20b3b8ca882c3b56ec6c978c594fff670e40c0718e9190eaeeb76aae7d8?s=96&d=mm&r=g\",\"contentUrl\":\"https:\/\/secure.gravatar.com\/avatar\/1721b20b3b8ca882c3b56ec6c978c594fff670e40c0718e9190eaeeb76aae7d8?s=96&d=mm&r=g\",\"caption\":\"wpAdminCofbOrg\"},\"sameAs\":[\"http:\/\/192.168.64.122\/wordpress\"],\"url\":\"https:\/\/www.cofb.org\/ca\/author\/wpadmincofborg\/\"}]}<\/script>\n<!-- \/ Yoast SEO plugin. -->","yoast_head_json":{"title":"El COF de Barcelona posa en marxa el cicle de Tert\u00falies COVID-19 amb una confer\u00e8ncia sobre vacunes impartida per la Dra. Magda CampinsEl COF de Barcelona pone en marcha el ciclo de Tertulias COVID-19 con una conferencia sobre vacunas impartida por la Dra. Magda Campins - Col\u00b7legi de Farmac\u00e8utics de Barcelona","robots":{"index":"index","follow":"follow","max-snippet":"max-snippet:-1","max-image-preview":"max-image-preview:large","max-video-preview":"max-video-preview:-1"},"canonical":"https:\/\/novaorg.cofb.net\/2021\/12\/22\/el-cof-de-barcelona-posa-en-marxa-el-cicle-de-tertulies-covid-19-amb-una-conferencia-sobre-vacunes-impartida-per-la-dra-magda-campinsel-cof-de-barcelona-pone-en-marcha-el-ciclo-de-tertulias-covid-19-2\/","og_locale":"ca_ES","og_type":"article","og_title":"El COF de Barcelona posa en marxa el cicle de Tert\u00falies COVID-19 amb una confer\u00e8ncia sobre vacunes impartida per la Dra. Magda CampinsEl COF de Barcelona pone en marcha el ciclo de Tertulias COVID-19 con una conferencia sobre vacunas impartida por la Dra. Magda Campins - Col\u00b7legi de Farmac\u00e8utics de Barcelona","og_description":"\u00a0 \u201cVacunes COVID-19: Qu\u00e8 hem fet fins ara i qu\u00e8 ens queda per fer?\u201d, va ser el t\u00edtol de la primera sessi\u00f3, a c\u00e0rrec de la Dra. Magda Campins, investigadora del grup de recerca d\u2019epidemiologia i Salut P\u00fablica del Vall d\u2019Hebron Institut de Recerca (VHIR)\u00a0 i presidenta del Comit\u00e8 Cient\u00edfic [&hellip;]","og_url":"https:\/\/novaorg.cofb.net\/2021\/12\/22\/el-cof-de-barcelona-posa-en-marxa-el-cicle-de-tertulies-covid-19-amb-una-conferencia-sobre-vacunes-impartida-per-la-dra-magda-campinsel-cof-de-barcelona-pone-en-marcha-el-ciclo-de-tertulias-covid-19-2\/","og_site_name":"Col\u00b7legi de Farmac\u00e8utics de Barcelona","article_publisher":"https:\/\/www.facebook.com\/farmaceuticsbcn\/","article_published_time":"2021-12-22T13:53:00+00:00","author":"wpAdminCofbOrg","twitter_card":"summary_large_image","twitter_creator":"@farmaceuticsbcn","twitter_site":"@farmaceuticsbcn","twitter_misc":{"Escrit per":"wpAdminCofbOrg","Temps estimat de lectura":"15 minuts"},"schema":{"@context":"https:\/\/schema.org","@graph":[{"@type":"Article","@id":"https:\/\/novaorg.cofb.net\/2021\/12\/22\/el-cof-de-barcelona-posa-en-marxa-el-cicle-de-tertulies-covid-19-amb-una-conferencia-sobre-vacunes-impartida-per-la-dra-magda-campinsel-cof-de-barcelona-pone-en-marcha-el-ciclo-de-tertulias-covid-19-2\/#article","isPartOf":{"@id":"https:\/\/novaorg.cofb.net\/2021\/12\/22\/el-cof-de-barcelona-posa-en-marxa-el-cicle-de-tertulies-covid-19-amb-una-conferencia-sobre-vacunes-impartida-per-la-dra-magda-campinsel-cof-de-barcelona-pone-en-marcha-el-ciclo-de-tertulias-covid-19-2\/"},"author":{"name":"wpAdminCofbOrg","@id":"https:\/\/www.cofb.org\/#\/schema\/person\/22ed7eea88da74b0fa4d3154ad87ffcb"},"headline":"El COF de Barcelona posa en marxa el cicle de Tert\u00falies COVID-19 amb una confer\u00e8ncia sobre vacunes impartida per la Dra. Magda CampinsEl COF de Barcelona pone en marcha el ciclo de Tertulias COVID-19 con una conferencia sobre vacunas impartida por la Dra. Magda Campins","datePublished":"2021-12-22T13:53:00+00:00","dateModified":"2021-12-22T13:53:00+00:00","mainEntityOfPage":{"@id":"https:\/\/novaorg.cofb.net\/2021\/12\/22\/el-cof-de-barcelona-posa-en-marxa-el-cicle-de-tertulies-covid-19-amb-una-conferencia-sobre-vacunes-impartida-per-la-dra-magda-campinsel-cof-de-barcelona-pone-en-marcha-el-ciclo-de-tertulias-covid-19-2\/"},"wordCount":2961,"publisher":{"@id":"https:\/\/www.cofb.org\/#organization"},"articleSection":["Notes de premsa"],"inLanguage":"ca"},{"@type":"WebPage","@id":"https:\/\/novaorg.cofb.net\/2021\/12\/22\/el-cof-de-barcelona-posa-en-marxa-el-cicle-de-tertulies-covid-19-amb-una-conferencia-sobre-vacunes-impartida-per-la-dra-magda-campinsel-cof-de-barcelona-pone-en-marcha-el-ciclo-de-tertulias-covid-19-2\/","url":"https:\/\/novaorg.cofb.net\/2021\/12\/22\/el-cof-de-barcelona-posa-en-marxa-el-cicle-de-tertulies-covid-19-amb-una-conferencia-sobre-vacunes-impartida-per-la-dra-magda-campinsel-cof-de-barcelona-pone-en-marcha-el-ciclo-de-tertulias-covid-19-2\/","name":"El COF de Barcelona posa en marxa el cicle de Tert\u00falies COVID-19 amb una confer\u00e8ncia sobre vacunes impartida per la Dra. Magda CampinsEl COF de Barcelona pone en marcha el ciclo de Tertulias COVID-19 con una conferencia sobre vacunas impartida por la Dra. Magda Campins - Col\u00b7legi de Farmac\u00e8utics de Barcelona","isPartOf":{"@id":"https:\/\/www.cofb.org\/#website"},"datePublished":"2021-12-22T13:53:00+00:00","dateModified":"2021-12-22T13:53:00+00:00","breadcrumb":{"@id":"https:\/\/novaorg.cofb.net\/2021\/12\/22\/el-cof-de-barcelona-posa-en-marxa-el-cicle-de-tertulies-covid-19-amb-una-conferencia-sobre-vacunes-impartida-per-la-dra-magda-campinsel-cof-de-barcelona-pone-en-marcha-el-ciclo-de-tertulias-covid-19-2\/#breadcrumb"},"inLanguage":"ca","potentialAction":[{"@type":"ReadAction","target":["https:\/\/novaorg.cofb.net\/2021\/12\/22\/el-cof-de-barcelona-posa-en-marxa-el-cicle-de-tertulies-covid-19-amb-una-conferencia-sobre-vacunes-impartida-per-la-dra-magda-campinsel-cof-de-barcelona-pone-en-marcha-el-ciclo-de-tertulias-covid-19-2\/"]}]},{"@type":"BreadcrumbList","@id":"https:\/\/novaorg.cofb.net\/2021\/12\/22\/el-cof-de-barcelona-posa-en-marxa-el-cicle-de-tertulies-covid-19-amb-una-conferencia-sobre-vacunes-impartida-per-la-dra-magda-campinsel-cof-de-barcelona-pone-en-marcha-el-ciclo-de-tertulias-covid-19-2\/#breadcrumb","itemListElement":[{"@type":"ListItem","position":1,"name":"Inici","item":"https:\/\/novaorg.cofb.net\/"},{"@type":"ListItem","position":2,"name":"El COF de Barcelona posa en marxa el cicle de Tert\u00falies COVID-19 amb una confer\u00e8ncia sobre vacunes impartida per la Dra. Magda CampinsEl COF de Barcelona pone en marcha el ciclo de Tertulias COVID-19 con una conferencia sobre vacunas impartida por la Dra. Magda Campins"}]},{"@type":"WebSite","@id":"https:\/\/www.cofb.org\/#website","url":"https:\/\/www.cofb.org\/","name":"Col\u00b7legi de Farmac\u00e8utics de Barcelona","description":"","publisher":{"@id":"https:\/\/www.cofb.org\/#organization"},"potentialAction":[{"@type":"SearchAction","target":{"@type":"EntryPoint","urlTemplate":"https:\/\/www.cofb.org\/?s={search_term_string}"},"query-input":"required name=search_term_string"}],"inLanguage":"ca"},{"@type":"Organization","@id":"https:\/\/www.cofb.org\/#organization","name":"Col\u00b7legi de Farmac\u00e8utics de Barcelona","url":"https:\/\/www.cofb.org\/","logo":{"@type":"ImageObject","inLanguage":"ca","@id":"https:\/\/www.cofb.org\/#\/schema\/logo\/image\/","url":"https:\/\/www.cofb.org\/wp-content\/uploads\/2023\/11\/cropped-Logotip-COFB.png","contentUrl":"https:\/\/www.cofb.org\/wp-content\/uploads\/2023\/11\/cropped-Logotip-COFB.png","width":500,"height":105,"caption":"Col\u00b7legi de Farmac\u00e8utics de Barcelona"},"image":{"@id":"https:\/\/www.cofb.org\/#\/schema\/logo\/image\/"},"sameAs":["https:\/\/www.facebook.com\/farmaceuticsbcn\/","https:\/\/twitter.com\/farmaceuticsbcn","https:\/\/www.instagram.com\/farmaceuticsbcn\/","https:\/\/www.linkedin.com\/company\/farmaceuticsbcn\/"]},{"@type":"Person","@id":"https:\/\/www.cofb.org\/#\/schema\/person\/22ed7eea88da74b0fa4d3154ad87ffcb","name":"wpAdminCofbOrg","image":{"@type":"ImageObject","inLanguage":"ca","@id":"https:\/\/www.cofb.org\/#\/schema\/person\/image\/","url":"https:\/\/secure.gravatar.com\/avatar\/1721b20b3b8ca882c3b56ec6c978c594fff670e40c0718e9190eaeeb76aae7d8?s=96&d=mm&r=g","contentUrl":"https:\/\/secure.gravatar.com\/avatar\/1721b20b3b8ca882c3b56ec6c978c594fff670e40c0718e9190eaeeb76aae7d8?s=96&d=mm&r=g","caption":"wpAdminCofbOrg"},"sameAs":["http:\/\/192.168.64.122\/wordpress"],"url":"https:\/\/www.cofb.org\/ca\/author\/wpadmincofborg\/"}]}},"uagb_featured_image_src":{"full":false,"thumbnail":false,"medium":false,"medium_large":false,"large":false,"1536x1536":false,"2048x2048":false,"trp-custom-language-flag":false},"uagb_author_info":{"display_name":"wpAdminCofbOrg","author_link":"https:\/\/www.cofb.org\/ca\/author\/wpadmincofborg\/"},"uagb_comment_info":0,"uagb_excerpt":"\u00a0 \u201cVacunes COVID-19: Qu\u00e8 hem fet fins ara i qu\u00e8 ens queda per fer?\u201d, va ser el t\u00edtol de la primera sessi\u00f3, a c\u00e0rrec de la Dra. Magda Campins, investigadora del grup de recerca d\u2019epidemiologia i Salut P\u00fablica del Vall d\u2019Hebron Institut de Recerca (VHIR)\u00a0 i presidenta del Comit\u00e8 Cient\u00edfic [&hellip;]","_links":{"self":[{"href":"https:\/\/www.cofb.org\/ca\/wp-json\/wp\/v2\/posts\/77037","targetHints":{"allow":["GET"]}}],"collection":[{"href":"https:\/\/www.cofb.org\/ca\/wp-json\/wp\/v2\/posts"}],"about":[{"href":"https:\/\/www.cofb.org\/ca\/wp-json\/wp\/v2\/types\/post"}],"author":[{"embeddable":true,"href":"https:\/\/www.cofb.org\/ca\/wp-json\/wp\/v2\/users\/1"}],"replies":[{"embeddable":true,"href":"https:\/\/www.cofb.org\/ca\/wp-json\/wp\/v2\/comments?post=77037"}],"version-history":[{"count":0,"href":"https:\/\/www.cofb.org\/ca\/wp-json\/wp\/v2\/posts\/77037\/revisions"}],"wp:attachment":[{"href":"https:\/\/www.cofb.org\/ca\/wp-json\/wp\/v2\/media?parent=77037"}],"wp:term":[{"taxonomy":"category","embeddable":true,"href":"https:\/\/www.cofb.org\/ca\/wp-json\/wp\/v2\/categories?post=77037"},{"taxonomy":"post_tag","embeddable":true,"href":"https:\/\/www.cofb.org\/ca\/wp-json\/wp\/v2\/tags?post=77037"}],"curies":[{"name":"wp","href":"https:\/\/api.w.org\/{rel}","templated":true}]}}