{"id":77031,"date":"2022-01-25T12:16:00","date_gmt":"2022-01-25T12:16:00","guid":{"rendered":"https:\/\/novaorg.cofb.net\/2022\/01\/25\/la-salut-mental-en-temps-de-pandemia-tema-principal-duna-nova-tertulia-covid-19-al-cofbla-salud-mental-en-tiempos-de-pandemia-tema-principal-de-una-nueva-tertulia-covid-19-en-el-cof-de-barcelona\/"},"modified":"2022-01-25T12:16:00","modified_gmt":"2022-01-25T12:16:00","slug":"la-salut-mental-en-temps-de-pandemia-tema-principal-duna-nova-tertulia-covid-19-al-cofbla-salud-mental-en-tiempos-de-pandemia-tema-principal-de-una-nueva-tertulia-covid-19-en-el-cof-de-barcelona","status":"publish","type":"post","link":"https:\/\/www.cofb.org\/ca\/2022\/01\/25\/la-salut-mental-en-temps-de-pandemia-tema-principal-duna-nova-tertulia-covid-19-al-cofbla-salud-mental-en-tiempos-de-pandemia-tema-principal-de-una-nueva-tertulia-covid-19-en-el-cof-de-barcelona\/","title":{"rendered":"La salut mental en temps de pand\u00e8mia, tema principal d&#8217;una nova tert\u00falia COVID-19 al COFBLa salud mental en tiempos de pandemia, tema principal de una nueva tertulia COVID-19 en el COF de Barcelona"},"content":{"rendered":"<p>\u00a0<\/p>\n<ul>\n<li>La <strong>confer\u00e8ncia<\/strong> va comptar amb les intervencions del <strong>Dr. V\u00edctor P\u00e9rez<\/strong>, director de l&#8217;Institut de Neuropsiquiatria i Addiccions de l&#8217;Hospital de la Mar i vocal del patronat de la Fundaci\u00f3 Malalts Mentals de Catalunya, i <strong>Anna Mitjans<\/strong>, coordinadora de projectes de la Fundaci\u00f3 Galatea<\/li>\n<\/ul>\n<p>\u00a0<\/p>\n<ul>\n<li>El <strong>Dr. P\u00e9rez<\/strong> es va referir a un estudi per destacar que els <strong>professionals sanitaris<\/strong> amb <strong>m\u00e9s risc de patir algun trastorn mental<\/strong>, arran tota la situaci\u00f3 viscuda durant la pand\u00e8mia, eren les dones, el col\u00b7lectiu d&#8217;infermeria, els sanitaris que estaven en formaci\u00f3, els que havien tingut alguna p\u00e8rdua per COVID-19 i, especialment, aquells que estaven en primera l\u00ednia davant del coronavirus<\/li>\n<\/ul>\n<p>\u00a0<\/p>\n<ul>\n<li>El doctor tamb\u00e9 va fer un rep\u00e0s de com la COVID-19 ha afectat el <strong>dol <\/strong>i la <strong>salut mental de pacients i poblacions vulnerables<\/strong>, com \u00e9s el cas dels <strong>joves<\/strong> i <strong>malalts mentals<\/strong><\/li>\n<\/ul>\n<p>\u00a0<\/p>\n<p><em>Barcelona, 25 de gener de 2022<\/em>. El passat 19 de gener va tenir lloc al Col\u00b7legi de Farmac\u00e8utics de Barcelona (COFB) una nova <strong>tert\u00falia COVID-19 <\/strong>titulada <strong>\u201cSalut mental en temps de COVID\u201d<\/strong>. Patrocinada per <a href=\"https:\/\/www.neuraxpharm.com\/\" target=\"_blank\" rel=\"noopener\">Neuraxpharm<\/a>, va estar a c\u00e0rrec del Dr. V\u00edctor P\u00e9rez, director de l&#8217;Institut de Neuropsiquiatria i Addiccions de l&#8217;Hospital de la Mar i vocal del patronat de la Fundaci\u00f3 Malalts Mentals de Catalunya. A m\u00e9s, a la confer\u00e8ncia tamb\u00e9 va intervenir <strong>Anna Mitjans<\/strong>, coordinadora de projectes de la Fundaci\u00f3 Galatea.<\/p>\n<p><strong>Aina Surroca<\/strong>, secret\u00e0ria del COFB i responsable de la Comissi\u00f3 Delegada de Formaci\u00f3 Continuada, va ser l&#8217;encarregada d&#8217;<strong>introduir<\/strong> i <strong>moderar la sessi\u00f3<\/strong>. A l&#8217;inici d&#8217;aquesta, Surroca va destacar que \u201cles <strong>persones joves<\/strong>, les <strong>persones grans<\/strong> i les <strong>dones<\/strong> s\u00f3n grups amb m\u00e9s risc de patir aquest <strong>increment de trastorns mentals<\/strong> provocat per la <strong>pand\u00e8mia de COVID-19<\/strong>. I \u00e9s per aix\u00f2 que vol\u00edem fer aquesta confer\u00e8ncia, perqu\u00e8 veiem com creixen l&#8217;<strong>ansietat<\/strong> o la <strong>depressi\u00f3<\/strong>, que es descompensen trastorns greus com l&#8217;esquizofr\u00e8nia o els trastorns de conducta aliment\u00e0ria i les temptatives de su\u00efcidi\u201d. I va afegir que \u201ca l&#8217;Estat espanyol, <strong>la inversi\u00f3 en salut mental \u00e9s d&#8217;un 4%<\/strong>, mentre que la <strong>mitjana de la Uni\u00f3 Europea \u00e9s del 5,5%<\/strong> i, fins i tot, hi ha pa\u00efsos que <strong>arriben al 10%<\/strong>\u201d.<\/p>\n<p><strong><u>La pand\u00e8mia, un repte important per a la salut mental<\/u><\/strong><\/p>\n<p>El <strong>Dr. P\u00e9rez<\/strong> va comen\u00e7ar la seva intervenci\u00f3 recordant que \u201cdes de la Societat Espanyola de Psiquiatria, de seguida ens vam adonar que la pand\u00e8mia seria un <strong>repte molt important per la salut mental<\/strong> i, de fet, en aquests moments, est\u00e0 al <strong>centre de totes les mirades<\/strong>. Hem sentit el que \u00e9s la tristesa, l&#8217;ansietat, la depressi\u00f3, la desesperaci\u00f3, la sensaci\u00f3 que no hi havia\u00a0 res a fer i, probablement, aix\u00f2 ha fet que mirem a la salut mental com alguna cosa que hem de cuidar\u201d.<\/p>\n<p>Un altre <strong>motiu de preocupaci\u00f3<\/strong> en relaci\u00f3 amb la salut mental ha estat \u201cl&#8217;impacte de les mesures que s&#8217;han pres per tractar de disminuir la pand\u00e8mia\u201d. I, sobretot, durant la primera onada, \u201ccom fer front al dol en una situaci\u00f3 de confinament domiciliari, ajudar els companys d&#8217;altres especialitats a poder aguantar la pressi\u00f3 i, tamb\u00e9, com afectava la pand\u00e8mia als malalts mentals greus\u201d.<\/p>\n<p><strong><u>\u00c0rees m\u00e9s destacades i importants per a la salut mental<\/u><\/strong><\/p>\n<p><strong><span>Pacients<\/span><\/strong><\/p>\n<p>El Dr. P\u00e9rez va explicar que \u201cel <strong>coronavirus<\/strong> \u00e9s un <strong>virus neurotr\u00f2fic<\/strong>, que afecta <strong>directament al cervell<\/strong> i, com a tal, comporta una s\u00e8rie de simptomatologia. La m\u00e9s freq\u00fcent \u00e9s insomni, ansietat, d\u00e8ficits de concentraci\u00f3, problemes de mem\u00f2ria i, posteriorment, els s\u00edmptomes de salut mental que m\u00e9s pateixen els <strong>malalts COVID-19<\/strong> s\u00f3n la fatiga i els records traum\u00e0tics, sobretot, aquells que van patir situacions de crisis molt importants i aquells que van estar a l&#8217;UCI, que moltes vegades acaben amb una simptomatologia semblant a la de <strong>l&#8217;estr\u00e8s posttraum\u00e0tic<\/strong>\u201d. I va afegir: \u201cTamb\u00e9 hi ha altres tipus d&#8217;impactes del virus que estan relacionats amb la <strong>psicologia<\/strong>, com l&#8217;estigma que la COVID-19 va tenir en els primers mesos, l&#8217;<strong>a\u00efllament social<\/strong>, els <strong>problemes socioecon\u00f2mics<\/strong>, la <strong>fatiga<\/strong> o les <strong>seq\u00fceles funcionals<\/strong> despr\u00e9s de la infecci\u00f3, entre altres\u201d.<\/p>\n<p><strong><span>Dol<\/span><\/strong><\/p>\n<p>El Dr. P\u00e9rez va recordar que \u201cal principi, <strong>es van tancar les visites als hospitals<\/strong>, i s&#8217;ha tornat fer en altres onades\u201d. \u201cEls malalts arribaven sols \u2013despr\u00e9s d&#8217;acomiadar-se a casa de les fam\u00edlies- i es podien morir a l&#8217;hospital sense que ning\u00fa de la seva fam\u00edlia tingu\u00e9s acc\u00e9s a ells. Amb sort, personal d&#8217;infermeria o treballadors socials feien un comiat amb una tauleta o un tel\u00e8fon\u201d, va afirmar.<\/p>\n<p>Tot aix\u00f2 repercuteix en el concepte de dol de la cultura occidental. Segons va explicar el doctor, el <strong>dol <\/strong>en temps de <strong>COVID-19<\/strong>, sobretot al principi, va ser <strong>traum\u00e0tic<\/strong> per aquestes caracter\u00edstiques: rapidesa, falta de temps per assimilar, la sorpresa, la incertesa, la impot\u00e8ncia de no poder fer res per\u00a0 canviar-ho, el fet no poder entendre el que est\u00e0 passant o la solitud en el moment de la mort.<\/p>\n<p><strong><span>Professionals sanitaris<\/span><\/strong><\/p>\n<p>\u201cDes del principi ens vam adonar que els <strong>professionals sanitaris<\/strong> que estaven a primera l\u00ednia ho passarien malament\u201d, va apuntar el Dr. P\u00e9rez. Per aix\u00f2, en hospitals com l&#8217;Hospital de Mar \u201cvam oferir un servei d&#8217;atenci\u00f3 per a aquelles persones que, inicialment, eren treballadors, familiars i usuaris. Despr\u00e9s, es va anar centrant espec\u00edficament en els treballadors. Una de les coses que vam fer a la primera onada, que va funcionar molt b\u00e9, va ser posar en marxa una cafeteria amb psic\u00f2legs. La gent s&#8217;acostava i parlava amb els psic\u00f2legs i, sobretot, parlaven entre ells. La veritat que en aquells mesos va ser espectacular la gent que va venir\u201d.<\/p>\n<p>Dins d&#8217;aquest bloc, el Dr. V\u00edctor P\u00e9rez tamb\u00e9 va aportar dades de l&#8217;<strong>estudi MINDCOVID<\/strong>, liderat des de l&#8217;Hospital de la Mar pel Dr. Jordi Alonso, que t\u00e9 per objectiu estudiar la salut mental dels treballadors sanitaris i d&#8217;altres col\u00b7lectius vulnerables, aix\u00ed com els malalts de la COVID-19 i tamb\u00e9 en una mostra de la poblaci\u00f3 general adulta.<\/p>\n<p>En relaci\u00f3 amb el <strong>risc de malaltia<\/strong>, \u201c<strong>pr\u00e0cticament el 45% dels professionals<\/strong> que contestava l&#8217;enquesta -tant a l&#8217;Hospital de la Mar com en global-, estava en risc de malaltia mental. El m\u00e9s freq\u00fcent era la <strong>depressi\u00f3<\/strong> i els <strong>problemes d&#8217;ansietat<\/strong>\u201d. Concretament, \u201cels <strong>professionals sanitaris<\/strong> que tenien m\u00e9s risc de <strong>patir algun trastorn mental<\/strong> eren: les dones, formar part del col\u00b7lectiu d&#8217;infermeria, estar en formaci\u00f3, professionals sanitaris que havien tingut alguna p\u00e8rdua per COVID-19 i, especialment, aquells professionals sanitaris que estaven en primera l\u00ednia davant del coronavirus\u201d. En relaci\u00f3 amb els <strong>factors protectors<\/strong> d&#8217;<strong>impacte psicol\u00f2gic<\/strong>, es va veure que eren els universals: \u201ctenir bones relacions socials, poder explicar el que ens passa, tenir un bon equilibri entre la ra\u00f3 i les emocions i saber compartimentar el treball i la vida familiar i l&#8217;oci\u201d.<\/p>\n<p><strong><span>Poblacions vulnerables: els joves i malalts mentals<\/span><\/strong><\/p>\n<p>Segons va exposar el Dr. P\u00e9rez, \u201cuna de les coses que hem apr\u00e8s i que haur\u00edem d&#8217;intentar no tornar a fer \u00e9s <strong>a\u00efllar els adolescents<\/strong>. Tancar les escoles i els llocs de reuni\u00f3 de persones joves ens ha fet pagar un preu. Sobretot perqu\u00e8 sabem perfectament que, en gent jove, el coronavirus t\u00e9 molt pocs riscos. I, de fet, la demostraci\u00f3 m\u00e9s important que va ser un error \u00e9s que hi ha hagut un augment important de la conducta su\u00efcida en els adolescents\u201d.<\/p>\n<p>D&#8217;altra banda, \u201cinicialment, es pensava que els malalts mentals, per ser malalts especialment fr\u00e0gils, viurien molt malament la situaci\u00f3 de la pand\u00e8mia. Ens equivoc\u00e0vem. Les dades que vam obtenir eren molt semblants a les que ja ten\u00edem de la poblaci\u00f3 general\u201d.<\/p>\n<p><strong><u>Fundaci\u00f3 Galatea: millora de la salut i el benestar dels professionals sanitaris<\/u><\/strong><\/p>\n<p>La Fundaci\u00f3 Galatea es va crear el 2001 i es dedica a la millora de la salut i el benestar de metges i altres professionals sanitaris (farmac\u00e8utics, infermeres, psic\u00f2legs, odont\u00f2legs, veterinaris, treballadores socials i fisioterapeutes). El Consell de Col\u00b7legis Farmac\u00e8utics de Catalunya (CCFC) forma part del patronat de la Fundaci\u00f3 Galatea, que t\u00e9 3 eixos d&#8217;acci\u00f3: <strong>assistencial <\/strong>(atenci\u00f3 psicol\u00f2gica i suport emocional), <strong>promoci\u00f3 de la salut<\/strong> i <strong>recerca<\/strong>.<\/p>\n<p>Anna Mitjans va explicar que \u201cdes de l&#8217;inici de la <strong>pand\u00e8mia<\/strong>, hem posat en marxa <strong>les intervencions en equips i organitzacions<\/strong>, per a ajudar els equips a treballar de manera m\u00e9s saludable, identificant <strong>factors de dificultat<\/strong> per a l&#8217;exercici professional efica\u00e7 i saludable, i augmentar l&#8217;efic\u00e0cia col\u00b7lectiva per a millorar les situacions generadores de malestar professional\u201d.<\/p>\n<p>Tamb\u00e9 va presentar dades d&#8217;un estudi sobre l&#8217;<strong>impacte de la COVID-19 <\/strong>en la salut, els estils de vida i les condicions de treball dels professionals de la salut a Catalunya. I va recordar que tots els col\u00b7legiats tenen acc\u00e9s als serveis que ofereix la Fundaci\u00f3.<\/p>\n<p><strong>Amb el patrocini de:<\/strong><\/p>\n<p><img decoding=\"async\" alt=\"\" src=\"https:\/\/www.cofb.org\/documents\/10136\/1111458\/Neuraxpharm_OK.jpg\/d7ed0ba0-4a8e-4376-bd50-8cceb5885295?t=1643109553014\"><\/p>\n<p>\u00a0La confer\u00e8ncia va comptar amb les intervencions del Dr. V\u00edctor P\u00e9rez, director de l&#8217;Institut de Neuropsiquiatria i Addiccions de l&#8217;Hospital de la Mar i vocal del patronat de la Fundaci\u00f3 Malalts Mentals de Catalunya, i Anna Mitjans, coordinadora de projectes de la Fundaci\u00f3 Galatea<\/p>\n<p>\u00a0<\/p>\n<p>\tEl Dr. P\u00e9rez es va referir a un estudi per destacar que els professionals sanitaris amb m\u00e9s risc de patir algun trastorn mental, arran tota la situaci\u00f3 viscuda durant la pand\u00e8mia, eren les dones, el col\u00b7lectiu d&#8217;infermeria, els sanitaris que estaven en formaci\u00f3, els que havien tingut alguna p\u00e8rdua per COVID-19 i, especialment, aquells que estaven en primera l\u00ednia davant del coronavirus<\/p>\n<p>\u00a0<\/p>\n<p>\tEl doctor tamb\u00e9 va fer un rep\u00e0s de com la COVID-19 ha afectat el dol i la salut mental de pacients i poblacions vulnerables, com \u00e9s el cas dels joves i malalts mentals<\/p>\n<p>\u00a0<\/p>\n<p>Barcelona, 25 de gener de 2022. El passat 19 de gener va tenir lloc al Col\u00b7legi de Farmac\u00e8utics de Barcelona (COFB) una nova tert\u00falia COVID-19 titulada \u201cSalut mental en temps de COVID\u201d. Patrocinada per Neuraxpharm, va estar a c\u00e0rrec del Dr. V\u00edctor P\u00e9rez, director de l&#8217;Institut de Neuropsiquiatria i Addiccions de l&#8217;Hospital de la Mar i vocal del patronat de la Fundaci\u00f3 Malalts Mentals de Catalunya. A m\u00e9s, a la confer\u00e8ncia tamb\u00e9 va intervenir Anna Mitjans, coordinadora de projectes de la Fundaci\u00f3 Galatea.<\/p>\n<p>Aina Surroca, secret\u00e0ria del COFB i responsable de la Comissi\u00f3 Delegada de Formaci\u00f3 Continuada, va ser l&#8217;encarregada d&#8217;introduir i moderar la sessi\u00f3. A l&#8217;inici d&#8217;aquesta, Surroca va destacar que \u201cles persones joves, les persones grans i les dones s\u00f3n grups amb m\u00e9s risc de patir aquest increment de trastorns mentals provocat per la pand\u00e8mia de COVID-19. I \u00e9s per aix\u00f2 que vol\u00edem fer aquesta confer\u00e8ncia, perqu\u00e8 veiem com creixen l&#8217;ansietat o la depressi\u00f3, que es descompensen trastorns greus com l&#8217;esquizofr\u00e8nia o els trastorns de conducta aliment\u00e0ria i les temptatives de su\u00efcidi\u201d. I va afegir que \u201ca l&#8217;Estat espanyol, la inversi\u00f3 en salut mental \u00e9s d&#8217;un 4%, mentre que la mitjana de la Uni\u00f3 Europea \u00e9s del 5,5% i, fins i tot, hi ha pa\u00efsos que arriben al 10%\u201d.<\/p>\n<p>La pand\u00e8mia, un repte important per a la salut mental<\/p>\n<p>El Dr. P\u00e9rez va comen\u00e7ar la seva intervenci\u00f3 recordant que \u201cdes de la Societat Espanyola de Psiquiatria, de seguida ens vam adonar que la pand\u00e8mia seria un repte molt important per la salut mental i, de fet, en aquests moments, est\u00e0 al centre de totes les mirades. Hem sentit el que \u00e9s la tristesa, l&#8217;ansietat, la depressi\u00f3, la desesperaci\u00f3, la sensaci\u00f3 que no hi havia\u00a0 res a fer i, probablement, aix\u00f2 ha fet que mirem a la salut mental com alguna cosa que hem de cuidar\u201d.<\/p>\n<p>Un altre motiu de preocupaci\u00f3 en relaci\u00f3 amb la salut mental ha estat \u201cl&#8217;impacte de les mesures que s&#8217;han pres per tractar de disminuir la pand\u00e8mia\u201d. I, sobretot, durant la primera onada, \u201ccom fer front al dol en una situaci\u00f3 de confinament domiciliari, ajudar els companys d&#8217;altres especialitats a poder aguantar la pressi\u00f3 i, tamb\u00e9, com afectava la pand\u00e8mia als malalts mentals greus\u201d.<\/p>\n<p>\u00c0rees m\u00e9s destacades i importants per a la salut mental<\/p>\n<p>Pacients<\/p>\n<p>El Dr. P\u00e9rez va explicar que \u201cel coronavirus \u00e9s un virus neurotr\u00f2fic, que afecta directament al cervell i, com a tal, comporta una s\u00e8rie de simptomatologia. La m\u00e9s freq\u00fcent \u00e9s insomni, ansietat, d\u00e8ficits de concentraci\u00f3, problemes de mem\u00f2ria i, posteriorment, els s\u00edmptomes de salut mental que m\u00e9s pateixen els malalts COVID-19 s\u00f3n la fatiga i els records traum\u00e0tics, sobretot, aquells que van patir situacions de crisis molt importants i aquells que van estar a l&#8217;UCI, que moltes vegades acaben amb una simptomatologia semblant a la de l&#8217;estr\u00e8s posttraum\u00e0tic\u201d. I va afegir: \u201cTamb\u00e9 hi ha altres tipus d&#8217;impactes del virus que estan relacionats amb la psicologia, com l&#8217;estigma que la COVID-19 va tenir en els primers mesos, l&#8217;a\u00efllament social, els problemes socioecon\u00f2mics, la fatiga o les seq\u00fceles funcionals despr\u00e9s de la infecci\u00f3, entre altres\u201d.<\/p>\n<p>Dol<\/p>\n<p>El Dr. P\u00e9rez va recordar que \u201cal principi, es van tancar les visites als hospitals, i s&#8217;ha tornat fer en altres onades\u201d. \u201cEls malalts arribaven sols \u2013despr\u00e9s d&#8217;acomiadar-se a casa de les fam\u00edlies- i es podien morir a l&#8217;hospital sense que ning\u00fa de la seva fam\u00edlia tingu\u00e9s acc\u00e9s a ells. Amb sort, personal d&#8217;infermeria o treballadors socials feien un comiat amb una tauleta o un tel\u00e8fon\u201d, va afirmar.<\/p>\n<p>Tot aix\u00f2 repercuteix en el concepte de dol de la cultura occidental. Segons va explicar el doctor, el dol en temps de COVID-19, sobretot al principi, va ser traum\u00e0tic per aquestes caracter\u00edstiques: rapidesa, falta de temps per assimilar, la sorpresa, la incertesa, la impot\u00e8ncia de no poder fer res per\u00a0 canviar-ho, el fet no poder entendre el que est\u00e0 passant o la solitud en el moment de la mort.<\/p>\n<p>Professionals sanitaris<\/p>\n<p>\u201cDes del principi ens vam adonar que els professionals sanitaris que estaven a primera l\u00ednia ho passarien malament\u201d, va apuntar el Dr. P\u00e9rez. Per aix\u00f2, en hospitals com l&#8217;Hospital de Mar \u201cvam oferir un servei d&#8217;atenci\u00f3 per a aquelles persones que, inicialment, eren treballadors, familiars i usuaris. Despr\u00e9s, es va anar centrant espec\u00edficament en els treballadors. Una de les coses que vam fer a la primera onada, que va funcionar molt b\u00e9, va ser posar en marxa una cafeteria amb psic\u00f2legs. La gent s&#8217;acostava i parlava amb els psic\u00f2legs i, sobretot, parlaven entre ells. La veritat que en aquells mesos va ser espectacular la gent que va venir\u201d.<\/p>\n<p>Dins d&#8217;aquest bloc, el Dr. V\u00edctor P\u00e9rez tamb\u00e9 va aportar dades de l&#8217;estudi MINDCOVID, liderat des de l&#8217;Hospital de la Mar pel Dr. Jordi Alonso, que t\u00e9 per objectiu estudiar la salut mental dels treballadors sanitaris i d&#8217;altres col\u00b7lectius vulnerables, aix\u00ed com els malalts de la COVID-19 i tamb\u00e9 en una mostra de la poblaci\u00f3 general adulta.<\/p>\n<p>En relaci\u00f3 amb el risc de malaltia, \u201cpr\u00e0cticament el 45% dels professionals que contestava l&#8217;enquesta -tant a l&#8217;Hospital de la Mar com en global-, estava en risc de malaltia mental. El m\u00e9s freq\u00fcent era la depressi\u00f3 i els problemes d&#8217;ansietat\u201d. Concretament, \u201cels professionals sanitaris que tenien m\u00e9s risc de patir algun trastorn mental eren: les dones, formar part del col\u00b7lectiu d&#8217;infermeria, estar en formaci\u00f3, professionals sanitaris que havien tingut alguna p\u00e8rdua per COVID-19 i, especialment, aquells professionals sanitaris que estaven en primera l\u00ednia davant del coronavirus\u201d. En relaci\u00f3 amb els factors protectors d&#8217;impacte psicol\u00f2gic, es va veure que eren els universals: \u201ctenir bones relacions socials, poder explicar el que ens passa, tenir un bon equilibri entre la ra\u00f3 i les emocions i saber compartimentar el treball i la vida familiar i l&#8217;oci\u201d.<\/p>\n<p>Poblacions vulnerables: els joves i malalts mentals<\/p>\n<p>Segons va exposar el Dr. P\u00e9rez, \u201cuna de les coses que hem apr\u00e8s i que haur\u00edem d&#8217;intentar no tornar a fer \u00e9s a\u00efllar els adolescents. Tancar les escoles i els llocs de reuni\u00f3 de persones joves ens ha fet pagar un preu. Sobretot perqu\u00e8 sabem perfectament que, en gent jove, el coronavirus t\u00e9 molt pocs riscos. I, de fet, la demostraci\u00f3 m\u00e9s important que va ser un error \u00e9s que hi ha hagut un augment important de la conducta su\u00efcida en els adolescents\u201d.<\/p>\n<p>D&#8217;altra banda, \u201cinicialment, es pensava que els malalts mentals, per ser malalts especialment fr\u00e0gils, viurien molt malament la situaci\u00f3 de la pand\u00e8mia. Ens equivoc\u00e0vem. Les dades que vam obtenir eren molt semblants a les que ja ten\u00edem de la poblaci\u00f3 general\u201d.<\/p>\n<p>Fundaci\u00f3 Galatea: millora de la salut i el benestar dels professionals sanitaris<\/p>\n<p>La Fundaci\u00f3 Galatea es va crear el 2001 i es dedica a la millora de la salut i el benestar de metges i altres professionals sanitaris (farmac\u00e8utics, infermeres, psic\u00f2legs, odont\u00f2legs, veterinaris, treballadores socials i fisioterapeutes). El Consell de Col\u00b7legis Farmac\u00e8utics de Catalunya (CCFC) forma part del patronat de la Fundaci\u00f3 Galatea, que t\u00e9 3 eixos d&#8217;acci\u00f3: assistencial (atenci\u00f3 psicol\u00f2gica i suport emocional), promoci\u00f3 de la salut i recerca.<\/p>\n<p>Anna Mitjans va explicar que \u201cdes de l&#8217;inici de la pand\u00e8mia, hem posat en marxa les intervencions en equips i organitzacions, per a ajudar els equips a treballar de manera m\u00e9s saludable, identificant factors de dificultat per a l&#8217;exercici professional efica\u00e7 i saludable, i augmentar l&#8217;efic\u00e0cia col\u00b7lectiva per a millorar les situacions generadores de malestar professional\u201d.<\/p>\n<p>Tamb\u00e9 va presentar dades d&#8217;un estudi sobre l&#8217;impacte de la COVID-19 en la salut, els estils de vida i les condicions de treball dels professionals de la salut a Catalunya. I va recordar que tots els col\u00b7legiats tenen acc\u00e9s als serveis que ofereix la Fundaci\u00f3.<\/p>\n<p>Amb el patrocini de:\u00a0\u00a0COFB.ORG<\/p>\n","protected":false},"excerpt":{"rendered":"<p>\u00a0 La confer\u00e8ncia va comptar amb les intervencions del Dr. V\u00edctor P\u00e9rez, director de l&#8217;Institut de Neuropsiquiatria i Addiccions de l&#8217;Hospital de la Mar i vocal del patronat de la Fundaci\u00f3 Malalts Mentals de Catalunya, i Anna Mitjans, coordinadora de projectes de la Fundaci\u00f3 Galatea \u00a0 El Dr. P\u00e9rez es [&hellip;]<\/p>\n","protected":false},"author":1,"featured_media":77032,"comment_status":"","ping_status":"","sticky":false,"template":"","format":"standard","meta":{"_uag_custom_page_level_css":"","site-sidebar-layout":"default","site-content-layout":"","ast-site-content-layout":"default","site-content-style":"default","site-sidebar-style":"default","ast-global-header-display":"","ast-banner-title-visibility":"","ast-main-header-display":"","ast-hfb-above-header-display":"","ast-hfb-below-header-display":"","ast-hfb-mobile-header-display":"","site-post-title":"","ast-breadcrumbs-content":"","ast-featured-img":"disabled","footer-sml-layout":"","theme-transparent-header-meta":"","adv-header-id-meta":"","stick-header-meta":"","header-above-stick-meta":"","header-main-stick-meta":"","header-below-stick-meta":"","astra-migrate-meta-layouts":"default","ast-page-background-enabled":"default","ast-page-background-meta":{"desktop":{"background-color":"var(--ast-global-color-4)","background-image":"","background-repeat":"repeat","background-position":"center center","background-size":"auto","background-attachment":"scroll","background-type":"","background-media":"","overlay-type":"","overlay-color":"","overlay-opacity":"","overlay-gradient":""},"tablet":{"background-color":"","background-image":"","background-repeat":"repeat","background-position":"center center","background-size":"auto","background-attachment":"scroll","background-type":"","background-media":"","overlay-type":"","overlay-color":"","overlay-opacity":"","overlay-gradient":""},"mobile":{"background-color":"","background-image":"","background-repeat":"repeat","background-position":"center center","background-size":"auto","background-attachment":"scroll","background-type":"","background-media":"","overlay-type":"","overlay-color":"","overlay-opacity":"","overlay-gradient":""}},"ast-content-background-meta":{"desktop":{"background-color":"var(--ast-global-color-5)","background-image":"","background-repeat":"repeat","background-position":"center center","background-size":"auto","background-attachment":"scroll","background-type":"","background-media":"","overlay-type":"","overlay-color":"","overlay-opacity":"","overlay-gradient":""},"tablet":{"background-color":"var(--ast-global-color-5)","background-image":"","background-repeat":"repeat","background-position":"center center","background-size":"auto","background-attachment":"scroll","background-type":"","background-media":"","overlay-type":"","overlay-color":"","overlay-opacity":"","overlay-gradient":""},"mobile":{"background-color":"var(--ast-global-color-5)","background-image":"","background-repeat":"repeat","background-position":"center center","background-size":"auto","background-attachment":"scroll","background-type":"","background-media":"","overlay-type":"","overlay-color":"","overlay-opacity":"","overlay-gradient":""}},"footnotes":""},"categories":[1060,1066],"tags":[],"class_list":["post-77031","post","type-post","status-publish","format-standard","has-post-thumbnail","hentry","category-notes-premsa","category-sense-categoria-ca"],"yoast_head":"<!-- This site is optimized with the Yoast SEO plugin v22.4 - https:\/\/yoast.com\/wordpress\/plugins\/seo\/ -->\n<title>La salut mental en temps de pand\u00e8mia, tema principal d&#039;una nova tert\u00falia COVID-19 al COFBLa salud mental en tiempos de pandemia, tema principal de una nueva tertulia COVID-19 en el COF de Barcelona - Col\u00b7legi de Farmac\u00e8utics de Barcelona<\/title>\n<meta name=\"robots\" content=\"index, follow, max-snippet:-1, max-image-preview:large, max-video-preview:-1\" \/>\n<link rel=\"canonical\" href=\"https:\/\/novaorg.cofb.net\/2022\/01\/25\/la-salut-mental-en-temps-de-pandemia-tema-principal-duna-nova-tertulia-covid-19-al-cofbla-salud-mental-en-tiempos-de-pandemia-tema-principal-de-una-nueva-tertulia-covid-19-en-el-cof-de-barcelona\/\" \/>\n<meta property=\"og:locale\" content=\"ca_ES\" \/>\n<meta property=\"og:type\" content=\"article\" \/>\n<meta property=\"og:title\" content=\"La salut mental en temps de pand\u00e8mia, tema principal d&#039;una nova tert\u00falia COVID-19 al COFBLa salud mental en tiempos de pandemia, tema principal de una nueva tertulia COVID-19 en el COF de Barcelona - Col\u00b7legi de Farmac\u00e8utics de Barcelona\" \/>\n<meta property=\"og:description\" content=\"\u00a0 La confer\u00e8ncia va comptar amb les intervencions del Dr. V\u00edctor P\u00e9rez, director de l&#8217;Institut de Neuropsiquiatria i Addiccions de l&#8217;Hospital de la Mar i vocal del patronat de la Fundaci\u00f3 Malalts Mentals de Catalunya, i Anna Mitjans, coordinadora de projectes de la Fundaci\u00f3 Galatea \u00a0 El Dr. P\u00e9rez es [&hellip;]\" \/>\n<meta property=\"og:url\" content=\"https:\/\/novaorg.cofb.net\/2022\/01\/25\/la-salut-mental-en-temps-de-pandemia-tema-principal-duna-nova-tertulia-covid-19-al-cofbla-salud-mental-en-tiempos-de-pandemia-tema-principal-de-una-nueva-tertulia-covid-19-en-el-cof-de-barcelona\/\" \/>\n<meta property=\"og:site_name\" content=\"Col\u00b7legi de Farmac\u00e8utics de Barcelona\" \/>\n<meta property=\"article:publisher\" content=\"https:\/\/www.facebook.com\/farmaceuticsbcn\/\" \/>\n<meta property=\"article:published_time\" content=\"2022-01-25T12:16:00+00:00\" \/>\n<meta property=\"og:image\" content=\"https:\/\/novaorg.cofb.net\/wp-content\/uploads\/2022\/01\/d7ed0ba0-4a8e-4376-bd50-8cceb5885295-S97DGb.jpeg\" \/>\n\t<meta property=\"og:image:width\" content=\"300\" \/>\n\t<meta property=\"og:image:height\" content=\"95\" \/>\n\t<meta property=\"og:image:type\" content=\"image\/jpeg\" \/>\n<meta name=\"author\" content=\"wpAdminCofbOrg\" \/>\n<meta name=\"twitter:card\" content=\"summary_large_image\" \/>\n<meta name=\"twitter:creator\" content=\"@farmaceuticsbcn\" \/>\n<meta name=\"twitter:site\" content=\"@farmaceuticsbcn\" \/>\n<meta name=\"twitter:label1\" content=\"Escrit per\" \/>\n\t<meta name=\"twitter:data1\" content=\"wpAdminCofbOrg\" \/>\n\t<meta name=\"twitter:label2\" content=\"Temps estimat de lectura\" \/>\n\t<meta name=\"twitter:data2\" content=\"15 minuts\" \/>\n<script type=\"application\/ld+json\" class=\"yoast-schema-graph\">{\"@context\":\"https:\/\/schema.org\",\"@graph\":[{\"@type\":\"Article\",\"@id\":\"https:\/\/novaorg.cofb.net\/2022\/01\/25\/la-salut-mental-en-temps-de-pandemia-tema-principal-duna-nova-tertulia-covid-19-al-cofbla-salud-mental-en-tiempos-de-pandemia-tema-principal-de-una-nueva-tertulia-covid-19-en-el-cof-de-barcelona\/#article\",\"isPartOf\":{\"@id\":\"https:\/\/novaorg.cofb.net\/2022\/01\/25\/la-salut-mental-en-temps-de-pandemia-tema-principal-duna-nova-tertulia-covid-19-al-cofbla-salud-mental-en-tiempos-de-pandemia-tema-principal-de-una-nueva-tertulia-covid-19-en-el-cof-de-barcelona\/\"},\"author\":{\"name\":\"wpAdminCofbOrg\",\"@id\":\"https:\/\/www.cofb.org\/#\/schema\/person\/22ed7eea88da74b0fa4d3154ad87ffcb\"},\"headline\":\"La salut mental en temps de pand\u00e8mia, tema principal d&#8217;una nova tert\u00falia COVID-19 al COFBLa salud mental en tiempos de pandemia, tema principal de una nueva tertulia COVID-19 en el COF de Barcelona\",\"datePublished\":\"2022-01-25T12:16:00+00:00\",\"dateModified\":\"2022-01-25T12:16:00+00:00\",\"mainEntityOfPage\":{\"@id\":\"https:\/\/novaorg.cofb.net\/2022\/01\/25\/la-salut-mental-en-temps-de-pandemia-tema-principal-duna-nova-tertulia-covid-19-al-cofbla-salud-mental-en-tiempos-de-pandemia-tema-principal-de-una-nueva-tertulia-covid-19-en-el-cof-de-barcelona\/\"},\"wordCount\":3128,\"publisher\":{\"@id\":\"https:\/\/www.cofb.org\/#organization\"},\"image\":{\"@id\":\"https:\/\/novaorg.cofb.net\/2022\/01\/25\/la-salut-mental-en-temps-de-pandemia-tema-principal-duna-nova-tertulia-covid-19-al-cofbla-salud-mental-en-tiempos-de-pandemia-tema-principal-de-una-nueva-tertulia-covid-19-en-el-cof-de-barcelona\/#primaryimage\"},\"thumbnailUrl\":\"https:\/\/www.cofb.org\/wp-content\/uploads\/2022\/01\/d7ed0ba0-4a8e-4376-bd50-8cceb5885295-S97DGb.jpeg\",\"articleSection\":[\"Notes de premsa\"],\"inLanguage\":\"ca\"},{\"@type\":\"WebPage\",\"@id\":\"https:\/\/novaorg.cofb.net\/2022\/01\/25\/la-salut-mental-en-temps-de-pandemia-tema-principal-duna-nova-tertulia-covid-19-al-cofbla-salud-mental-en-tiempos-de-pandemia-tema-principal-de-una-nueva-tertulia-covid-19-en-el-cof-de-barcelona\/\",\"url\":\"https:\/\/novaorg.cofb.net\/2022\/01\/25\/la-salut-mental-en-temps-de-pandemia-tema-principal-duna-nova-tertulia-covid-19-al-cofbla-salud-mental-en-tiempos-de-pandemia-tema-principal-de-una-nueva-tertulia-covid-19-en-el-cof-de-barcelona\/\",\"name\":\"La salut mental en temps de pand\u00e8mia, tema principal d'una nova tert\u00falia COVID-19 al COFBLa salud mental en tiempos de pandemia, tema principal de una nueva tertulia COVID-19 en el COF de Barcelona - Col\u00b7legi de Farmac\u00e8utics de Barcelona\",\"isPartOf\":{\"@id\":\"https:\/\/www.cofb.org\/#website\"},\"primaryImageOfPage\":{\"@id\":\"https:\/\/novaorg.cofb.net\/2022\/01\/25\/la-salut-mental-en-temps-de-pandemia-tema-principal-duna-nova-tertulia-covid-19-al-cofbla-salud-mental-en-tiempos-de-pandemia-tema-principal-de-una-nueva-tertulia-covid-19-en-el-cof-de-barcelona\/#primaryimage\"},\"image\":{\"@id\":\"https:\/\/novaorg.cofb.net\/2022\/01\/25\/la-salut-mental-en-temps-de-pandemia-tema-principal-duna-nova-tertulia-covid-19-al-cofbla-salud-mental-en-tiempos-de-pandemia-tema-principal-de-una-nueva-tertulia-covid-19-en-el-cof-de-barcelona\/#primaryimage\"},\"thumbnailUrl\":\"https:\/\/www.cofb.org\/wp-content\/uploads\/2022\/01\/d7ed0ba0-4a8e-4376-bd50-8cceb5885295-S97DGb.jpeg\",\"datePublished\":\"2022-01-25T12:16:00+00:00\",\"dateModified\":\"2022-01-25T12:16:00+00:00\",\"breadcrumb\":{\"@id\":\"https:\/\/novaorg.cofb.net\/2022\/01\/25\/la-salut-mental-en-temps-de-pandemia-tema-principal-duna-nova-tertulia-covid-19-al-cofbla-salud-mental-en-tiempos-de-pandemia-tema-principal-de-una-nueva-tertulia-covid-19-en-el-cof-de-barcelona\/#breadcrumb\"},\"inLanguage\":\"ca\",\"potentialAction\":[{\"@type\":\"ReadAction\",\"target\":[\"https:\/\/novaorg.cofb.net\/2022\/01\/25\/la-salut-mental-en-temps-de-pandemia-tema-principal-duna-nova-tertulia-covid-19-al-cofbla-salud-mental-en-tiempos-de-pandemia-tema-principal-de-una-nueva-tertulia-covid-19-en-el-cof-de-barcelona\/\"]}]},{\"@type\":\"ImageObject\",\"inLanguage\":\"ca\",\"@id\":\"https:\/\/novaorg.cofb.net\/2022\/01\/25\/la-salut-mental-en-temps-de-pandemia-tema-principal-duna-nova-tertulia-covid-19-al-cofbla-salud-mental-en-tiempos-de-pandemia-tema-principal-de-una-nueva-tertulia-covid-19-en-el-cof-de-barcelona\/#primaryimage\",\"url\":\"https:\/\/www.cofb.org\/wp-content\/uploads\/2022\/01\/d7ed0ba0-4a8e-4376-bd50-8cceb5885295-S97DGb.jpeg\",\"contentUrl\":\"https:\/\/www.cofb.org\/wp-content\/uploads\/2022\/01\/d7ed0ba0-4a8e-4376-bd50-8cceb5885295-S97DGb.jpeg\",\"width\":300,\"height\":95},{\"@type\":\"BreadcrumbList\",\"@id\":\"https:\/\/novaorg.cofb.net\/2022\/01\/25\/la-salut-mental-en-temps-de-pandemia-tema-principal-duna-nova-tertulia-covid-19-al-cofbla-salud-mental-en-tiempos-de-pandemia-tema-principal-de-una-nueva-tertulia-covid-19-en-el-cof-de-barcelona\/#breadcrumb\",\"itemListElement\":[{\"@type\":\"ListItem\",\"position\":1,\"name\":\"Inici\",\"item\":\"https:\/\/novaorg.cofb.net\/\"},{\"@type\":\"ListItem\",\"position\":2,\"name\":\"La salut mental en temps de pand\u00e8mia, tema principal d&#8217;una nova tert\u00falia COVID-19 al COFBLa salud mental en tiempos de pandemia, tema principal de una nueva tertulia COVID-19 en el COF de Barcelona\"}]},{\"@type\":\"WebSite\",\"@id\":\"https:\/\/www.cofb.org\/#website\",\"url\":\"https:\/\/www.cofb.org\/\",\"name\":\"Col\u00b7legi de Farmac\u00e8utics de Barcelona\",\"description\":\"\",\"publisher\":{\"@id\":\"https:\/\/www.cofb.org\/#organization\"},\"potentialAction\":[{\"@type\":\"SearchAction\",\"target\":{\"@type\":\"EntryPoint\",\"urlTemplate\":\"https:\/\/www.cofb.org\/?s={search_term_string}\"},\"query-input\":\"required name=search_term_string\"}],\"inLanguage\":\"ca\"},{\"@type\":\"Organization\",\"@id\":\"https:\/\/www.cofb.org\/#organization\",\"name\":\"Col\u00b7legi de Farmac\u00e8utics de Barcelona\",\"url\":\"https:\/\/www.cofb.org\/\",\"logo\":{\"@type\":\"ImageObject\",\"inLanguage\":\"ca\",\"@id\":\"https:\/\/www.cofb.org\/#\/schema\/logo\/image\/\",\"url\":\"https:\/\/www.cofb.org\/wp-content\/uploads\/2023\/11\/cropped-Logotip-COFB.png\",\"contentUrl\":\"https:\/\/www.cofb.org\/wp-content\/uploads\/2023\/11\/cropped-Logotip-COFB.png\",\"width\":500,\"height\":105,\"caption\":\"Col\u00b7legi de Farmac\u00e8utics de Barcelona\"},\"image\":{\"@id\":\"https:\/\/www.cofb.org\/#\/schema\/logo\/image\/\"},\"sameAs\":[\"https:\/\/www.facebook.com\/farmaceuticsbcn\/\",\"https:\/\/twitter.com\/farmaceuticsbcn\",\"https:\/\/www.instagram.com\/farmaceuticsbcn\/\",\"https:\/\/www.linkedin.com\/company\/farmaceuticsbcn\/\"]},{\"@type\":\"Person\",\"@id\":\"https:\/\/www.cofb.org\/#\/schema\/person\/22ed7eea88da74b0fa4d3154ad87ffcb\",\"name\":\"wpAdminCofbOrg\",\"image\":{\"@type\":\"ImageObject\",\"inLanguage\":\"ca\",\"@id\":\"https:\/\/www.cofb.org\/#\/schema\/person\/image\/\",\"url\":\"https:\/\/secure.gravatar.com\/avatar\/1721b20b3b8ca882c3b56ec6c978c594fff670e40c0718e9190eaeeb76aae7d8?s=96&d=mm&r=g\",\"contentUrl\":\"https:\/\/secure.gravatar.com\/avatar\/1721b20b3b8ca882c3b56ec6c978c594fff670e40c0718e9190eaeeb76aae7d8?s=96&d=mm&r=g\",\"caption\":\"wpAdminCofbOrg\"},\"sameAs\":[\"http:\/\/192.168.64.122\/wordpress\"],\"url\":\"https:\/\/www.cofb.org\/ca\/author\/wpadmincofborg\/\"}]}<\/script>\n<!-- \/ Yoast SEO plugin. -->","yoast_head_json":{"title":"La salut mental en temps de pand\u00e8mia, tema principal d'una nova tert\u00falia COVID-19 al COFBLa salud mental en tiempos de pandemia, tema principal de una nueva tertulia COVID-19 en el COF de Barcelona - Col\u00b7legi de Farmac\u00e8utics de Barcelona","robots":{"index":"index","follow":"follow","max-snippet":"max-snippet:-1","max-image-preview":"max-image-preview:large","max-video-preview":"max-video-preview:-1"},"canonical":"https:\/\/novaorg.cofb.net\/2022\/01\/25\/la-salut-mental-en-temps-de-pandemia-tema-principal-duna-nova-tertulia-covid-19-al-cofbla-salud-mental-en-tiempos-de-pandemia-tema-principal-de-una-nueva-tertulia-covid-19-en-el-cof-de-barcelona\/","og_locale":"ca_ES","og_type":"article","og_title":"La salut mental en temps de pand\u00e8mia, tema principal d'una nova tert\u00falia COVID-19 al COFBLa salud mental en tiempos de pandemia, tema principal de una nueva tertulia COVID-19 en el COF de Barcelona - Col\u00b7legi de Farmac\u00e8utics de Barcelona","og_description":"\u00a0 La confer\u00e8ncia va comptar amb les intervencions del Dr. V\u00edctor P\u00e9rez, director de l&#8217;Institut de Neuropsiquiatria i Addiccions de l&#8217;Hospital de la Mar i vocal del patronat de la Fundaci\u00f3 Malalts Mentals de Catalunya, i Anna Mitjans, coordinadora de projectes de la Fundaci\u00f3 Galatea \u00a0 El Dr. P\u00e9rez es [&hellip;]","og_url":"https:\/\/novaorg.cofb.net\/2022\/01\/25\/la-salut-mental-en-temps-de-pandemia-tema-principal-duna-nova-tertulia-covid-19-al-cofbla-salud-mental-en-tiempos-de-pandemia-tema-principal-de-una-nueva-tertulia-covid-19-en-el-cof-de-barcelona\/","og_site_name":"Col\u00b7legi de Farmac\u00e8utics de Barcelona","article_publisher":"https:\/\/www.facebook.com\/farmaceuticsbcn\/","article_published_time":"2022-01-25T12:16:00+00:00","og_image":[{"width":300,"height":95,"url":"https:\/\/novaorg.cofb.net\/wp-content\/uploads\/2022\/01\/d7ed0ba0-4a8e-4376-bd50-8cceb5885295-S97DGb.jpeg","type":"image\/jpeg"}],"author":"wpAdminCofbOrg","twitter_card":"summary_large_image","twitter_creator":"@farmaceuticsbcn","twitter_site":"@farmaceuticsbcn","twitter_misc":{"Escrit per":"wpAdminCofbOrg","Temps estimat de lectura":"15 minuts"},"schema":{"@context":"https:\/\/schema.org","@graph":[{"@type":"Article","@id":"https:\/\/novaorg.cofb.net\/2022\/01\/25\/la-salut-mental-en-temps-de-pandemia-tema-principal-duna-nova-tertulia-covid-19-al-cofbla-salud-mental-en-tiempos-de-pandemia-tema-principal-de-una-nueva-tertulia-covid-19-en-el-cof-de-barcelona\/#article","isPartOf":{"@id":"https:\/\/novaorg.cofb.net\/2022\/01\/25\/la-salut-mental-en-temps-de-pandemia-tema-principal-duna-nova-tertulia-covid-19-al-cofbla-salud-mental-en-tiempos-de-pandemia-tema-principal-de-una-nueva-tertulia-covid-19-en-el-cof-de-barcelona\/"},"author":{"name":"wpAdminCofbOrg","@id":"https:\/\/www.cofb.org\/#\/schema\/person\/22ed7eea88da74b0fa4d3154ad87ffcb"},"headline":"La salut mental en temps de pand\u00e8mia, tema principal d&#8217;una nova tert\u00falia COVID-19 al COFBLa salud mental en tiempos de pandemia, tema principal de una nueva tertulia COVID-19 en el COF de Barcelona","datePublished":"2022-01-25T12:16:00+00:00","dateModified":"2022-01-25T12:16:00+00:00","mainEntityOfPage":{"@id":"https:\/\/novaorg.cofb.net\/2022\/01\/25\/la-salut-mental-en-temps-de-pandemia-tema-principal-duna-nova-tertulia-covid-19-al-cofbla-salud-mental-en-tiempos-de-pandemia-tema-principal-de-una-nueva-tertulia-covid-19-en-el-cof-de-barcelona\/"},"wordCount":3128,"publisher":{"@id":"https:\/\/www.cofb.org\/#organization"},"image":{"@id":"https:\/\/novaorg.cofb.net\/2022\/01\/25\/la-salut-mental-en-temps-de-pandemia-tema-principal-duna-nova-tertulia-covid-19-al-cofbla-salud-mental-en-tiempos-de-pandemia-tema-principal-de-una-nueva-tertulia-covid-19-en-el-cof-de-barcelona\/#primaryimage"},"thumbnailUrl":"https:\/\/www.cofb.org\/wp-content\/uploads\/2022\/01\/d7ed0ba0-4a8e-4376-bd50-8cceb5885295-S97DGb.jpeg","articleSection":["Notes de premsa"],"inLanguage":"ca"},{"@type":"WebPage","@id":"https:\/\/novaorg.cofb.net\/2022\/01\/25\/la-salut-mental-en-temps-de-pandemia-tema-principal-duna-nova-tertulia-covid-19-al-cofbla-salud-mental-en-tiempos-de-pandemia-tema-principal-de-una-nueva-tertulia-covid-19-en-el-cof-de-barcelona\/","url":"https:\/\/novaorg.cofb.net\/2022\/01\/25\/la-salut-mental-en-temps-de-pandemia-tema-principal-duna-nova-tertulia-covid-19-al-cofbla-salud-mental-en-tiempos-de-pandemia-tema-principal-de-una-nueva-tertulia-covid-19-en-el-cof-de-barcelona\/","name":"La salut mental en temps de pand\u00e8mia, tema principal d'una nova tert\u00falia COVID-19 al COFBLa salud mental en tiempos de pandemia, tema principal de una nueva tertulia COVID-19 en el COF de Barcelona - Col\u00b7legi de Farmac\u00e8utics de Barcelona","isPartOf":{"@id":"https:\/\/www.cofb.org\/#website"},"primaryImageOfPage":{"@id":"https:\/\/novaorg.cofb.net\/2022\/01\/25\/la-salut-mental-en-temps-de-pandemia-tema-principal-duna-nova-tertulia-covid-19-al-cofbla-salud-mental-en-tiempos-de-pandemia-tema-principal-de-una-nueva-tertulia-covid-19-en-el-cof-de-barcelona\/#primaryimage"},"image":{"@id":"https:\/\/novaorg.cofb.net\/2022\/01\/25\/la-salut-mental-en-temps-de-pandemia-tema-principal-duna-nova-tertulia-covid-19-al-cofbla-salud-mental-en-tiempos-de-pandemia-tema-principal-de-una-nueva-tertulia-covid-19-en-el-cof-de-barcelona\/#primaryimage"},"thumbnailUrl":"https:\/\/www.cofb.org\/wp-content\/uploads\/2022\/01\/d7ed0ba0-4a8e-4376-bd50-8cceb5885295-S97DGb.jpeg","datePublished":"2022-01-25T12:16:00+00:00","dateModified":"2022-01-25T12:16:00+00:00","breadcrumb":{"@id":"https:\/\/novaorg.cofb.net\/2022\/01\/25\/la-salut-mental-en-temps-de-pandemia-tema-principal-duna-nova-tertulia-covid-19-al-cofbla-salud-mental-en-tiempos-de-pandemia-tema-principal-de-una-nueva-tertulia-covid-19-en-el-cof-de-barcelona\/#breadcrumb"},"inLanguage":"ca","potentialAction":[{"@type":"ReadAction","target":["https:\/\/novaorg.cofb.net\/2022\/01\/25\/la-salut-mental-en-temps-de-pandemia-tema-principal-duna-nova-tertulia-covid-19-al-cofbla-salud-mental-en-tiempos-de-pandemia-tema-principal-de-una-nueva-tertulia-covid-19-en-el-cof-de-barcelona\/"]}]},{"@type":"ImageObject","inLanguage":"ca","@id":"https:\/\/novaorg.cofb.net\/2022\/01\/25\/la-salut-mental-en-temps-de-pandemia-tema-principal-duna-nova-tertulia-covid-19-al-cofbla-salud-mental-en-tiempos-de-pandemia-tema-principal-de-una-nueva-tertulia-covid-19-en-el-cof-de-barcelona\/#primaryimage","url":"https:\/\/www.cofb.org\/wp-content\/uploads\/2022\/01\/d7ed0ba0-4a8e-4376-bd50-8cceb5885295-S97DGb.jpeg","contentUrl":"https:\/\/www.cofb.org\/wp-content\/uploads\/2022\/01\/d7ed0ba0-4a8e-4376-bd50-8cceb5885295-S97DGb.jpeg","width":300,"height":95},{"@type":"BreadcrumbList","@id":"https:\/\/novaorg.cofb.net\/2022\/01\/25\/la-salut-mental-en-temps-de-pandemia-tema-principal-duna-nova-tertulia-covid-19-al-cofbla-salud-mental-en-tiempos-de-pandemia-tema-principal-de-una-nueva-tertulia-covid-19-en-el-cof-de-barcelona\/#breadcrumb","itemListElement":[{"@type":"ListItem","position":1,"name":"Inici","item":"https:\/\/novaorg.cofb.net\/"},{"@type":"ListItem","position":2,"name":"La salut mental en temps de pand\u00e8mia, tema principal d&#8217;una nova tert\u00falia COVID-19 al COFBLa salud mental en tiempos de pandemia, tema principal de una nueva tertulia COVID-19 en el COF de Barcelona"}]},{"@type":"WebSite","@id":"https:\/\/www.cofb.org\/#website","url":"https:\/\/www.cofb.org\/","name":"Col\u00b7legi de Farmac\u00e8utics de Barcelona","description":"","publisher":{"@id":"https:\/\/www.cofb.org\/#organization"},"potentialAction":[{"@type":"SearchAction","target":{"@type":"EntryPoint","urlTemplate":"https:\/\/www.cofb.org\/?s={search_term_string}"},"query-input":"required name=search_term_string"}],"inLanguage":"ca"},{"@type":"Organization","@id":"https:\/\/www.cofb.org\/#organization","name":"Col\u00b7legi de Farmac\u00e8utics de Barcelona","url":"https:\/\/www.cofb.org\/","logo":{"@type":"ImageObject","inLanguage":"ca","@id":"https:\/\/www.cofb.org\/#\/schema\/logo\/image\/","url":"https:\/\/www.cofb.org\/wp-content\/uploads\/2023\/11\/cropped-Logotip-COFB.png","contentUrl":"https:\/\/www.cofb.org\/wp-content\/uploads\/2023\/11\/cropped-Logotip-COFB.png","width":500,"height":105,"caption":"Col\u00b7legi de Farmac\u00e8utics de Barcelona"},"image":{"@id":"https:\/\/www.cofb.org\/#\/schema\/logo\/image\/"},"sameAs":["https:\/\/www.facebook.com\/farmaceuticsbcn\/","https:\/\/twitter.com\/farmaceuticsbcn","https:\/\/www.instagram.com\/farmaceuticsbcn\/","https:\/\/www.linkedin.com\/company\/farmaceuticsbcn\/"]},{"@type":"Person","@id":"https:\/\/www.cofb.org\/#\/schema\/person\/22ed7eea88da74b0fa4d3154ad87ffcb","name":"wpAdminCofbOrg","image":{"@type":"ImageObject","inLanguage":"ca","@id":"https:\/\/www.cofb.org\/#\/schema\/person\/image\/","url":"https:\/\/secure.gravatar.com\/avatar\/1721b20b3b8ca882c3b56ec6c978c594fff670e40c0718e9190eaeeb76aae7d8?s=96&d=mm&r=g","contentUrl":"https:\/\/secure.gravatar.com\/avatar\/1721b20b3b8ca882c3b56ec6c978c594fff670e40c0718e9190eaeeb76aae7d8?s=96&d=mm&r=g","caption":"wpAdminCofbOrg"},"sameAs":["http:\/\/192.168.64.122\/wordpress"],"url":"https:\/\/www.cofb.org\/ca\/author\/wpadmincofborg\/"}]}},"uagb_featured_image_src":{"full":["https:\/\/www.cofb.org\/wp-content\/uploads\/2022\/01\/d7ed0ba0-4a8e-4376-bd50-8cceb5885295-S97DGb.jpeg",300,95,false],"thumbnail":["https:\/\/www.cofb.org\/wp-content\/uploads\/2022\/01\/d7ed0ba0-4a8e-4376-bd50-8cceb5885295-S97DGb-150x95.jpeg",150,95,true],"medium":["https:\/\/www.cofb.org\/wp-content\/uploads\/2022\/01\/d7ed0ba0-4a8e-4376-bd50-8cceb5885295-S97DGb.jpeg",300,95,false],"medium_large":["https:\/\/www.cofb.org\/wp-content\/uploads\/2022\/01\/d7ed0ba0-4a8e-4376-bd50-8cceb5885295-S97DGb.jpeg",300,95,false],"large":["https:\/\/www.cofb.org\/wp-content\/uploads\/2022\/01\/d7ed0ba0-4a8e-4376-bd50-8cceb5885295-S97DGb.jpeg",300,95,false],"1536x1536":["https:\/\/www.cofb.org\/wp-content\/uploads\/2022\/01\/d7ed0ba0-4a8e-4376-bd50-8cceb5885295-S97DGb.jpeg",300,95,false],"2048x2048":["https:\/\/www.cofb.org\/wp-content\/uploads\/2022\/01\/d7ed0ba0-4a8e-4376-bd50-8cceb5885295-S97DGb.jpeg",300,95,false],"trp-custom-language-flag":["https:\/\/www.cofb.org\/wp-content\/uploads\/2022\/01\/d7ed0ba0-4a8e-4376-bd50-8cceb5885295-S97DGb-18x6.jpeg",18,6,true]},"uagb_author_info":{"display_name":"wpAdminCofbOrg","author_link":"https:\/\/www.cofb.org\/ca\/author\/wpadmincofborg\/"},"uagb_comment_info":0,"uagb_excerpt":"\u00a0 La confer\u00e8ncia va comptar amb les intervencions del Dr. V\u00edctor P\u00e9rez, director de l&#8217;Institut de Neuropsiquiatria i Addiccions de l&#8217;Hospital de la Mar i vocal del patronat de la Fundaci\u00f3 Malalts Mentals de Catalunya, i Anna Mitjans, coordinadora de projectes de la Fundaci\u00f3 Galatea \u00a0 El Dr. P\u00e9rez es [&hellip;]","_links":{"self":[{"href":"https:\/\/www.cofb.org\/ca\/wp-json\/wp\/v2\/posts\/77031","targetHints":{"allow":["GET"]}}],"collection":[{"href":"https:\/\/www.cofb.org\/ca\/wp-json\/wp\/v2\/posts"}],"about":[{"href":"https:\/\/www.cofb.org\/ca\/wp-json\/wp\/v2\/types\/post"}],"author":[{"embeddable":true,"href":"https:\/\/www.cofb.org\/ca\/wp-json\/wp\/v2\/users\/1"}],"replies":[{"embeddable":true,"href":"https:\/\/www.cofb.org\/ca\/wp-json\/wp\/v2\/comments?post=77031"}],"version-history":[{"count":0,"href":"https:\/\/www.cofb.org\/ca\/wp-json\/wp\/v2\/posts\/77031\/revisions"}],"wp:featuredmedia":[{"embeddable":true,"href":"https:\/\/www.cofb.org\/ca\/wp-json\/wp\/v2\/media\/77032"}],"wp:attachment":[{"href":"https:\/\/www.cofb.org\/ca\/wp-json\/wp\/v2\/media?parent=77031"}],"wp:term":[{"taxonomy":"category","embeddable":true,"href":"https:\/\/www.cofb.org\/ca\/wp-json\/wp\/v2\/categories?post=77031"},{"taxonomy":"post_tag","embeddable":true,"href":"https:\/\/www.cofb.org\/ca\/wp-json\/wp\/v2\/tags?post=77031"}],"curies":[{"name":"wp","href":"https:\/\/api.w.org\/{rel}","templated":true}]}}