{"id":77029,"date":"2022-01-28T11:38:00","date_gmt":"2022-01-28T11:38:00","guid":{"rendered":"https:\/\/novaorg.cofb.net\/2022\/01\/28\/el-doctor-victor-vidal-inaugurara-infarma-madrid-2022\/"},"modified":"2022-01-28T11:38:00","modified_gmt":"2022-01-28T11:38:00","slug":"el-doctor-victor-vidal-inaugurara-infarma-madrid-2022","status":"publish","type":"post","link":"https:\/\/www.cofb.org\/ca\/2022\/01\/28\/el-doctor-victor-vidal-inaugurara-infarma-madrid-2022\/","title":{"rendered":"El doctor V\u00edctor Vidal inaugurar\u00e1 \u2018Infarma Madrid 2022\u2019"},"content":{"rendered":"<p>\u00a0<\/p>\n<ul>\n<li>Congreso y Sal\u00f3n de la farmacia ultima un ambicioso\u00a0programa\u00a0cient\u00edfico que contar\u00e1 con una Sala COVID para analizar la experiencia y todas las novedades relacionadas con la pandemia<\/li>\n<\/ul>\n<p>El doctor\u00a0V\u00edctor Vidal Lacosta, m\u00e9dico de Trabajo e inspector de la Seguridad Social, impartir\u00e1, el pr\u00f3ximo 22 de marzo, la conferencia inaugural de\u00a0Infarma Madrid 2022, el Congreso y Sal\u00f3n organizado por los colegios oficiales de farmac\u00e9uticos de Madrid y Barcelona, en colaboraci\u00f3n con Interalia, que durante tres d\u00edas centrar\u00e1 la actualidad de la farmacia en Espa\u00f1a.<\/p>\n<p><img decoding=\"async\" alt=\"\" src=\"https:\/\/www.cofb.org\/documents\/10136\/1091470\/logo+infarma+2022.png\/ecc7f7d9-6118-4bc4-9648-408fafcb165c?t=1643366790252\"><\/p>\n<p>Experto en patolog\u00edas de estr\u00e9s, V\u00edctor Vidal abordar\u00e1 la prevenci\u00f3n del estr\u00e9s del farmac\u00e9utico en la oficina de farmacia e incidir\u00e1 en la importancia de reforzar el sistema autoinmune para poder luchar contra una de las peores consecuencias de la pandemia. Este especialista ofrecer\u00e1 claves para gestionar el impacto de la fatiga pand\u00e9mica y las repercusiones sobre la salud f\u00edsica, as\u00ed como las medidas necesarias para reducir o prevenir la aparici\u00f3n del temido estr\u00e9s cr\u00f3nico, una reacci\u00f3n fisiol\u00f3gica del cuerpo que cuando se prolonga durante un tiempo debilita el sistema autoinmune y es el origen de m\u00faltiples patolog\u00edas.<\/p>\n<p>Precisamente, la actual emergencia sanitaria centrar\u00e1 el contenido de la llamada\u00a0Sala COVID, un espacio dedicado en exclusiva a las novedades relacionadas con la pandemia y la experiencia profesional acumulada durante los dos a\u00f1os de lucha contra el virus SARS-CoV-2.<\/p>\n<p>Entre las ponencias y mesas redondas previstas en el\u00a0programa 2022\u00a0que est\u00e1n relacionadas con la pandemia, destacan la vacunaci\u00f3n en la oficina de farmacia y la investigaci\u00f3n de la prometedora vacuna inhalada que lleva a cabo el qu\u00edmico\u00a0y vir\u00f3logo espa\u00f1ol\u00a0Luis Enjuanes, director del laboratorio de coronavirus del Centro Nacional de Biotecnolog\u00eda (CNB-CSIC).<\/p>\n<p>Tambi\u00e9n se aportar\u00e1n resultados de\u00a0las distintas experiencias auton\u00f3micas e internacionales sobre la realizaci\u00f3n de test de ant\u00edgenos por parte de los farmac\u00e9uticos, el seguimiento del enfermo respiratorio cr\u00f3nico, los nuevos tratamientos virales, la evoluci\u00f3n de la variante \u00d3micron y se incidir\u00e1 en la percepci\u00f3n que los ciudadanos tienen del trabajo de los farmac\u00e9uticos. Adem\u00e1s, se abrir\u00e1 una mesa redonda bajo el t\u00edtulo\u00a0Humanizaci\u00f3n desde la farmacia. \u00bfQu\u00e9 demandan los pacientes?<\/p>\n<p>A lo largo de los tres d\u00edas de Congreso en el recinto ferial de Ifema, habr\u00e1 espacio para analizar el tr\u00e1fico il\u00edcito de medicamentos y productos farmac\u00e9uticos, una pr\u00e1ctica en auge que exige una especial vigilancia por parte de las autoridades sanitarias y la colaboraci\u00f3n del propio sector farmac\u00e9utico con las fuerzas y cuerpos de seguridad del Estado.<\/p>\n<p>Asimismo, se pondr\u00e1 el foco en la farmacia militar y su proyecci\u00f3n social, contando con la experiencia directa de farmac\u00e9uticos militares en emergencias y misiones de salud.<\/p>\n<p>Iniciativas de futuro como la primera recertificaci\u00f3n de farmac\u00e9uticos acometida en Espa\u00f1a de forma pionera por el Colegio Oficial de Farmac\u00e9uticos de Madrid ser\u00e1n tambi\u00e9n analizadas como modelo de desarrollo profesional continuado.<\/p>\n<p>Coaching\u00a0nutricional, farmacogen\u00e9tica, medicamentos de terapia g\u00e9nica, indicaci\u00f3n farmac\u00e9utica, uso terap\u00e9utico del cannabis, plantas medicinales salud animal o gesti\u00f3n de desabastecimientos ser\u00e1n otros contenidos que protagonizar\u00e1n la pr\u00f3xima edici\u00f3n de Infarma.<\/p>\n<p>Junto al programa oficial se desarrollar\u00e1 en paralelo una intensa actividad en las\u00a0Aulas de actualidad\u00a0y la zona de\u00a0Exponews, con contenidos centrados en la gesti\u00f3n de las oficinas de farmacia, el abordaje de distintas enfermedades y el lanzamiento de nuevos medicamentos, productos y servicios, que est\u00e1n patrocinados por los laboratorios y empresas presentes en el Sal\u00f3n comercial de la Feria.<\/p>\n<p>\u00a0Congreso y Sal\u00f3n de la farmacia ultima un ambicioso\u00a0programa\u00a0cient\u00edfico que contar\u00e1 con una Sala COVID para analizar la experiencia y todas las novedades relacionadas con la pandemia<\/p>\n<p>El doctor\u00a0V\u00edctor Vidal Lacosta, m\u00e9dico de Trabajo e inspector de la Seguridad Social, impartir\u00e1, el pr\u00f3ximo 22 de marzo, la conferencia inaugural de\u00a0Infarma Madrid 2022, el Congreso y Sal\u00f3n organizado por los colegios oficiales de farmac\u00e9uticos de Madrid y Barcelona, en colaboraci\u00f3n con Interalia, que durante tres d\u00edas centrar\u00e1 la actualidad de la farmacia en Espa\u00f1a.<\/p>\n<p>Experto en patolog\u00edas de estr\u00e9s, V\u00edctor Vidal abordar\u00e1 la prevenci\u00f3n del estr\u00e9s del farmac\u00e9utico en la oficina de farmacia e incidir\u00e1 en la importancia de reforzar el sistema autoinmune para poder luchar contra una de las peores consecuencias de la pandemia. Este especialista ofrecer\u00e1 claves para gestionar el impacto de la fatiga pand\u00e9mica y las repercusiones sobre la salud f\u00edsica, as\u00ed como las medidas necesarias para reducir o prevenir la aparici\u00f3n del temido estr\u00e9s cr\u00f3nico, una reacci\u00f3n fisiol\u00f3gica del cuerpo que cuando se prolonga durante un tiempo debilita el sistema autoinmune y es el origen de m\u00faltiples patolog\u00edas.<\/p>\n<p>Precisamente, la actual emergencia sanitaria centrar\u00e1 el contenido de la llamada\u00a0Sala COVID, un espacio dedicado en exclusiva a las novedades relacionadas con la pandemia y la experiencia profesional acumulada durante los dos a\u00f1os de lucha contra el virus SARS-CoV-2.<\/p>\n<p>Entre las ponencias y mesas redondas previstas en el\u00a0programa 2022\u00a0que est\u00e1n relacionadas con la pandemia, destacan la vacunaci\u00f3n en la oficina de farmacia y la investigaci\u00f3n de la prometedora vacuna inhalada que lleva a cabo el qu\u00edmico\u00a0y vir\u00f3logo espa\u00f1ol\u00a0Luis Enjuanes, director del laboratorio de coronavirus del Centro Nacional de Biotecnolog\u00eda (CNB-CSIC).<\/p>\n<p>Tambi\u00e9n se aportar\u00e1n resultados de\u00a0las distintas experiencias auton\u00f3micas e internacionales sobre la realizaci\u00f3n de test de ant\u00edgenos por parte de los farmac\u00e9uticos, el seguimiento del enfermo respiratorio cr\u00f3nico, los nuevos tratamientos virales, la evoluci\u00f3n de la variante \u00d3micron y se incidir\u00e1 en la percepci\u00f3n que los ciudadanos tienen del trabajo de los farmac\u00e9uticos. Adem\u00e1s, se abrir\u00e1 una mesa redonda bajo el t\u00edtulo\u00a0Humanizaci\u00f3n desde la farmacia. \u00bfQu\u00e9 demandan los pacientes?<\/p>\n<p>A lo largo de los tres d\u00edas de Congreso en el recinto ferial de Ifema, habr\u00e1 espacio para analizar el tr\u00e1fico il\u00edcito de medicamentos y productos farmac\u00e9uticos, una pr\u00e1ctica en auge que exige una especial vigilancia por parte de las autoridades sanitarias y la colaboraci\u00f3n del propio sector farmac\u00e9utico con las fuerzas y cuerpos de seguridad del Estado.<\/p>\n<p>Asimismo, se pondr\u00e1 el foco en la farmacia militar y su proyecci\u00f3n social, contando con la experiencia directa de farmac\u00e9uticos militares en emergencias y misiones de salud.<\/p>\n<p>Iniciativas de futuro como la primera recertificaci\u00f3n de farmac\u00e9uticos acometida en Espa\u00f1a de forma pionera por el Colegio Oficial de Farmac\u00e9uticos de Madrid ser\u00e1n tambi\u00e9n analizadas como modelo de desarrollo profesional continuado.<\/p>\n<p>Coaching\u00a0nutricional, farmacogen\u00e9tica, medicamentos de terapia g\u00e9nica, indicaci\u00f3n farmac\u00e9utica, uso terap\u00e9utico del cannabis, plantas medicinales salud animal o gesti\u00f3n de desabastecimientos ser\u00e1n otros contenidos que protagonizar\u00e1n la pr\u00f3xima edici\u00f3n de Infarma.<\/p>\n<p>Junto al programa oficial se desarrollar\u00e1 en paralelo una intensa actividad en las\u00a0Aulas de actualidad\u00a0y la zona de\u00a0Exponews, con contenidos centrados en la gesti\u00f3n de las oficinas de farmacia, el abordaje de distintas enfermedades y el lanzamiento de nuevos medicamentos, productos y servicios, que est\u00e1n patrocinados por los laboratorios y empresas presentes en el Sal\u00f3n comercial de la Feria.\u00a0\u00a0COFB.ORG<\/p>\n","protected":false},"excerpt":{"rendered":"<p>\u00a0 Congreso y Sal\u00f3n de la farmacia ultima un ambicioso\u00a0programa\u00a0cient\u00edfico que contar\u00e1 con una Sala COVID para analizar la experiencia y todas las novedades relacionadas con la pandemia El doctor\u00a0V\u00edctor Vidal Lacosta, m\u00e9dico de Trabajo e inspector de la Seguridad Social, impartir\u00e1, el pr\u00f3ximo 22 de marzo, la conferencia inaugural [&hellip;]<\/p>\n","protected":false},"author":1,"featured_media":77030,"comment_status":"","ping_status":"","sticky":false,"template":"","format":"standard","meta":{"_uag_custom_page_level_css":"","site-sidebar-layout":"default","site-content-layout":"","ast-site-content-layout":"default","site-content-style":"default","site-sidebar-style":"default","ast-global-header-display":"","ast-banner-title-visibility":"","ast-main-header-display":"","ast-hfb-above-header-display":"","ast-hfb-below-header-display":"","ast-hfb-mobile-header-display":"","site-post-title":"","ast-breadcrumbs-content":"","ast-featured-img":"disabled","footer-sml-layout":"","theme-transparent-header-meta":"","adv-header-id-meta":"","stick-header-meta":"","header-above-stick-meta":"","header-main-stick-meta":"","header-below-stick-meta":"","astra-migrate-meta-layouts":"default","ast-page-background-enabled":"default","ast-page-background-meta":{"desktop":{"background-color":"var(--ast-global-color-4)","background-image":"","background-repeat":"repeat","background-position":"center center","background-size":"auto","background-attachment":"scroll","background-type":"","background-media":"","overlay-type":"","overlay-color":"","overlay-opacity":"","overlay-gradient":""},"tablet":{"background-color":"","background-image":"","background-repeat":"repeat","background-position":"center center","background-size":"auto","background-attachment":"scroll","background-type":"","background-media":"","overlay-type":"","overlay-color":"","overlay-opacity":"","overlay-gradient":""},"mobile":{"background-color":"","background-image":"","background-repeat":"repeat","background-position":"center center","background-size":"auto","background-attachment":"scroll","background-type":"","background-media":"","overlay-type":"","overlay-color":"","overlay-opacity":"","overlay-gradient":""}},"ast-content-background-meta":{"desktop":{"background-color":"var(--ast-global-color-5)","background-image":"","background-repeat":"repeat","background-position":"center center","background-size":"auto","background-attachment":"scroll","background-type":"","background-media":"","overlay-type":"","overlay-color":"","overlay-opacity":"","overlay-gradient":""},"tablet":{"background-color":"var(--ast-global-color-5)","background-image":"","background-repeat":"repeat","background-position":"center center","background-size":"auto","background-attachment":"scroll","background-type":"","background-media":"","overlay-type":"","overlay-color":"","overlay-opacity":"","overlay-gradient":""},"mobile":{"background-color":"var(--ast-global-color-5)","background-image":"","background-repeat":"repeat","background-position":"center center","background-size":"auto","background-attachment":"scroll","background-type":"","background-media":"","overlay-type":"","overlay-color":"","overlay-opacity":"","overlay-gradient":""}},"footnotes":""},"categories":[1060,1066],"tags":[],"class_list":["post-77029","post","type-post","status-publish","format-standard","has-post-thumbnail","hentry","category-notes-premsa","category-sense-categoria-ca"],"yoast_head":"<!-- This site is optimized with the Yoast SEO plugin v22.4 - https:\/\/yoast.com\/wordpress\/plugins\/seo\/ -->\n<title>El doctor V\u00edctor Vidal inaugurar\u00e1 \u2018Infarma Madrid 2022\u2019 - Col\u00b7legi de Farmac\u00e8utics de Barcelona<\/title>\n<meta name=\"robots\" content=\"index, follow, max-snippet:-1, max-image-preview:large, max-video-preview:-1\" \/>\n<link rel=\"canonical\" href=\"https:\/\/novaorg.cofb.net\/2022\/01\/28\/el-doctor-victor-vidal-inaugurara-infarma-madrid-2022\/\" \/>\n<meta property=\"og:locale\" content=\"ca_ES\" \/>\n<meta property=\"og:type\" content=\"article\" \/>\n<meta property=\"og:title\" content=\"El doctor V\u00edctor Vidal inaugurar\u00e1 \u2018Infarma Madrid 2022\u2019 - Col\u00b7legi de Farmac\u00e8utics de Barcelona\" \/>\n<meta property=\"og:description\" content=\"\u00a0 Congreso y Sal\u00f3n de la farmacia ultima un ambicioso\u00a0programa\u00a0cient\u00edfico que contar\u00e1 con una Sala COVID para analizar la experiencia y todas las novedades relacionadas con la pandemia El doctor\u00a0V\u00edctor Vidal Lacosta, m\u00e9dico de Trabajo e inspector de la Seguridad Social, impartir\u00e1, el pr\u00f3ximo 22 de marzo, la conferencia inaugural [&hellip;]\" \/>\n<meta property=\"og:url\" content=\"https:\/\/novaorg.cofb.net\/2022\/01\/28\/el-doctor-victor-vidal-inaugurara-infarma-madrid-2022\/\" \/>\n<meta property=\"og:site_name\" content=\"Col\u00b7legi de Farmac\u00e8utics de Barcelona\" \/>\n<meta property=\"article:publisher\" content=\"https:\/\/www.facebook.com\/farmaceuticsbcn\/\" \/>\n<meta property=\"article:published_time\" content=\"2022-01-28T11:38:00+00:00\" \/>\n<meta property=\"og:image\" content=\"https:\/\/novaorg.cofb.net\/wp-content\/uploads\/2022\/01\/ecc7f7d9-6118-4bc4-9648-408fafcb165c-NuYA6f.png\" \/>\n\t<meta property=\"og:image:width\" content=\"762\" \/>\n\t<meta property=\"og:image:height\" content=\"327\" \/>\n\t<meta property=\"og:image:type\" content=\"image\/png\" \/>\n<meta name=\"author\" content=\"wpAdminCofbOrg\" \/>\n<meta name=\"twitter:card\" content=\"summary_large_image\" \/>\n<meta name=\"twitter:creator\" content=\"@farmaceuticsbcn\" \/>\n<meta name=\"twitter:site\" content=\"@farmaceuticsbcn\" \/>\n<meta name=\"twitter:label1\" content=\"Escrit per\" \/>\n\t<meta name=\"twitter:data1\" content=\"wpAdminCofbOrg\" \/>\n\t<meta name=\"twitter:label2\" content=\"Temps estimat de lectura\" \/>\n\t<meta name=\"twitter:data2\" content=\"6 minuts\" \/>\n<script type=\"application\/ld+json\" class=\"yoast-schema-graph\">{\"@context\":\"https:\/\/schema.org\",\"@graph\":[{\"@type\":\"Article\",\"@id\":\"https:\/\/novaorg.cofb.net\/2022\/01\/28\/el-doctor-victor-vidal-inaugurara-infarma-madrid-2022\/#article\",\"isPartOf\":{\"@id\":\"https:\/\/novaorg.cofb.net\/2022\/01\/28\/el-doctor-victor-vidal-inaugurara-infarma-madrid-2022\/\"},\"author\":{\"name\":\"wpAdminCofbOrg\",\"@id\":\"https:\/\/www.cofb.org\/#\/schema\/person\/22ed7eea88da74b0fa4d3154ad87ffcb\"},\"headline\":\"El doctor V\u00edctor Vidal inaugurar\u00e1 \u2018Infarma Madrid 2022\u2019\",\"datePublished\":\"2022-01-28T11:38:00+00:00\",\"dateModified\":\"2022-01-28T11:38:00+00:00\",\"mainEntityOfPage\":{\"@id\":\"https:\/\/novaorg.cofb.net\/2022\/01\/28\/el-doctor-victor-vidal-inaugurara-infarma-madrid-2022\/\"},\"wordCount\":1274,\"publisher\":{\"@id\":\"https:\/\/www.cofb.org\/#organization\"},\"image\":{\"@id\":\"https:\/\/novaorg.cofb.net\/2022\/01\/28\/el-doctor-victor-vidal-inaugurara-infarma-madrid-2022\/#primaryimage\"},\"thumbnailUrl\":\"https:\/\/www.cofb.org\/wp-content\/uploads\/2022\/01\/ecc7f7d9-6118-4bc4-9648-408fafcb165c-NuYA6f.png\",\"articleSection\":[\"Notes de premsa\"],\"inLanguage\":\"ca\"},{\"@type\":\"WebPage\",\"@id\":\"https:\/\/novaorg.cofb.net\/2022\/01\/28\/el-doctor-victor-vidal-inaugurara-infarma-madrid-2022\/\",\"url\":\"https:\/\/novaorg.cofb.net\/2022\/01\/28\/el-doctor-victor-vidal-inaugurara-infarma-madrid-2022\/\",\"name\":\"El doctor V\u00edctor Vidal inaugurar\u00e1 \u2018Infarma Madrid 2022\u2019 - Col\u00b7legi de Farmac\u00e8utics de Barcelona\",\"isPartOf\":{\"@id\":\"https:\/\/www.cofb.org\/#website\"},\"primaryImageOfPage\":{\"@id\":\"https:\/\/novaorg.cofb.net\/2022\/01\/28\/el-doctor-victor-vidal-inaugurara-infarma-madrid-2022\/#primaryimage\"},\"image\":{\"@id\":\"https:\/\/novaorg.cofb.net\/2022\/01\/28\/el-doctor-victor-vidal-inaugurara-infarma-madrid-2022\/#primaryimage\"},\"thumbnailUrl\":\"https:\/\/www.cofb.org\/wp-content\/uploads\/2022\/01\/ecc7f7d9-6118-4bc4-9648-408fafcb165c-NuYA6f.png\",\"datePublished\":\"2022-01-28T11:38:00+00:00\",\"dateModified\":\"2022-01-28T11:38:00+00:00\",\"breadcrumb\":{\"@id\":\"https:\/\/novaorg.cofb.net\/2022\/01\/28\/el-doctor-victor-vidal-inaugurara-infarma-madrid-2022\/#breadcrumb\"},\"inLanguage\":\"ca\",\"potentialAction\":[{\"@type\":\"ReadAction\",\"target\":[\"https:\/\/novaorg.cofb.net\/2022\/01\/28\/el-doctor-victor-vidal-inaugurara-infarma-madrid-2022\/\"]}]},{\"@type\":\"ImageObject\",\"inLanguage\":\"ca\",\"@id\":\"https:\/\/novaorg.cofb.net\/2022\/01\/28\/el-doctor-victor-vidal-inaugurara-infarma-madrid-2022\/#primaryimage\",\"url\":\"https:\/\/www.cofb.org\/wp-content\/uploads\/2022\/01\/ecc7f7d9-6118-4bc4-9648-408fafcb165c-NuYA6f.png\",\"contentUrl\":\"https:\/\/www.cofb.org\/wp-content\/uploads\/2022\/01\/ecc7f7d9-6118-4bc4-9648-408fafcb165c-NuYA6f.png\",\"width\":762,\"height\":327},{\"@type\":\"BreadcrumbList\",\"@id\":\"https:\/\/novaorg.cofb.net\/2022\/01\/28\/el-doctor-victor-vidal-inaugurara-infarma-madrid-2022\/#breadcrumb\",\"itemListElement\":[{\"@type\":\"ListItem\",\"position\":1,\"name\":\"Inici\",\"item\":\"https:\/\/novaorg.cofb.net\/\"},{\"@type\":\"ListItem\",\"position\":2,\"name\":\"El doctor V\u00edctor Vidal inaugurar\u00e1 \u2018Infarma Madrid 2022\u2019\"}]},{\"@type\":\"WebSite\",\"@id\":\"https:\/\/www.cofb.org\/#website\",\"url\":\"https:\/\/www.cofb.org\/\",\"name\":\"Col\u00b7legi de Farmac\u00e8utics de Barcelona\",\"description\":\"\",\"publisher\":{\"@id\":\"https:\/\/www.cofb.org\/#organization\"},\"potentialAction\":[{\"@type\":\"SearchAction\",\"target\":{\"@type\":\"EntryPoint\",\"urlTemplate\":\"https:\/\/www.cofb.org\/?s={search_term_string}\"},\"query-input\":\"required name=search_term_string\"}],\"inLanguage\":\"ca\"},{\"@type\":\"Organization\",\"@id\":\"https:\/\/www.cofb.org\/#organization\",\"name\":\"Col\u00b7legi de Farmac\u00e8utics de Barcelona\",\"url\":\"https:\/\/www.cofb.org\/\",\"logo\":{\"@type\":\"ImageObject\",\"inLanguage\":\"ca\",\"@id\":\"https:\/\/www.cofb.org\/#\/schema\/logo\/image\/\",\"url\":\"https:\/\/www.cofb.org\/wp-content\/uploads\/2023\/11\/cropped-Logotip-COFB.png\",\"contentUrl\":\"https:\/\/www.cofb.org\/wp-content\/uploads\/2023\/11\/cropped-Logotip-COFB.png\",\"width\":500,\"height\":105,\"caption\":\"Col\u00b7legi de Farmac\u00e8utics de Barcelona\"},\"image\":{\"@id\":\"https:\/\/www.cofb.org\/#\/schema\/logo\/image\/\"},\"sameAs\":[\"https:\/\/www.facebook.com\/farmaceuticsbcn\/\",\"https:\/\/twitter.com\/farmaceuticsbcn\",\"https:\/\/www.instagram.com\/farmaceuticsbcn\/\",\"https:\/\/www.linkedin.com\/company\/farmaceuticsbcn\/\"]},{\"@type\":\"Person\",\"@id\":\"https:\/\/www.cofb.org\/#\/schema\/person\/22ed7eea88da74b0fa4d3154ad87ffcb\",\"name\":\"wpAdminCofbOrg\",\"image\":{\"@type\":\"ImageObject\",\"inLanguage\":\"ca\",\"@id\":\"https:\/\/www.cofb.org\/#\/schema\/person\/image\/\",\"url\":\"https:\/\/secure.gravatar.com\/avatar\/1721b20b3b8ca882c3b56ec6c978c594fff670e40c0718e9190eaeeb76aae7d8?s=96&d=mm&r=g\",\"contentUrl\":\"https:\/\/secure.gravatar.com\/avatar\/1721b20b3b8ca882c3b56ec6c978c594fff670e40c0718e9190eaeeb76aae7d8?s=96&d=mm&r=g\",\"caption\":\"wpAdminCofbOrg\"},\"sameAs\":[\"http:\/\/192.168.64.122\/wordpress\"],\"url\":\"https:\/\/www.cofb.org\/ca\/author\/wpadmincofborg\/\"}]}<\/script>\n<!-- \/ Yoast SEO plugin. -->","yoast_head_json":{"title":"El doctor V\u00edctor Vidal inaugurar\u00e1 \u2018Infarma Madrid 2022\u2019 - Col\u00b7legi de Farmac\u00e8utics de Barcelona","robots":{"index":"index","follow":"follow","max-snippet":"max-snippet:-1","max-image-preview":"max-image-preview:large","max-video-preview":"max-video-preview:-1"},"canonical":"https:\/\/novaorg.cofb.net\/2022\/01\/28\/el-doctor-victor-vidal-inaugurara-infarma-madrid-2022\/","og_locale":"ca_ES","og_type":"article","og_title":"El doctor V\u00edctor Vidal inaugurar\u00e1 \u2018Infarma Madrid 2022\u2019 - Col\u00b7legi de Farmac\u00e8utics de Barcelona","og_description":"\u00a0 Congreso y Sal\u00f3n de la farmacia ultima un ambicioso\u00a0programa\u00a0cient\u00edfico que contar\u00e1 con una Sala COVID para analizar la experiencia y todas las novedades relacionadas con la pandemia El doctor\u00a0V\u00edctor Vidal Lacosta, m\u00e9dico de Trabajo e inspector de la Seguridad Social, impartir\u00e1, el pr\u00f3ximo 22 de marzo, la conferencia inaugural [&hellip;]","og_url":"https:\/\/novaorg.cofb.net\/2022\/01\/28\/el-doctor-victor-vidal-inaugurara-infarma-madrid-2022\/","og_site_name":"Col\u00b7legi de Farmac\u00e8utics de Barcelona","article_publisher":"https:\/\/www.facebook.com\/farmaceuticsbcn\/","article_published_time":"2022-01-28T11:38:00+00:00","og_image":[{"width":762,"height":327,"url":"https:\/\/novaorg.cofb.net\/wp-content\/uploads\/2022\/01\/ecc7f7d9-6118-4bc4-9648-408fafcb165c-NuYA6f.png","type":"image\/png"}],"author":"wpAdminCofbOrg","twitter_card":"summary_large_image","twitter_creator":"@farmaceuticsbcn","twitter_site":"@farmaceuticsbcn","twitter_misc":{"Escrit per":"wpAdminCofbOrg","Temps estimat de lectura":"6 minuts"},"schema":{"@context":"https:\/\/schema.org","@graph":[{"@type":"Article","@id":"https:\/\/novaorg.cofb.net\/2022\/01\/28\/el-doctor-victor-vidal-inaugurara-infarma-madrid-2022\/#article","isPartOf":{"@id":"https:\/\/novaorg.cofb.net\/2022\/01\/28\/el-doctor-victor-vidal-inaugurara-infarma-madrid-2022\/"},"author":{"name":"wpAdminCofbOrg","@id":"https:\/\/www.cofb.org\/#\/schema\/person\/22ed7eea88da74b0fa4d3154ad87ffcb"},"headline":"El doctor V\u00edctor Vidal inaugurar\u00e1 \u2018Infarma Madrid 2022\u2019","datePublished":"2022-01-28T11:38:00+00:00","dateModified":"2022-01-28T11:38:00+00:00","mainEntityOfPage":{"@id":"https:\/\/novaorg.cofb.net\/2022\/01\/28\/el-doctor-victor-vidal-inaugurara-infarma-madrid-2022\/"},"wordCount":1274,"publisher":{"@id":"https:\/\/www.cofb.org\/#organization"},"image":{"@id":"https:\/\/novaorg.cofb.net\/2022\/01\/28\/el-doctor-victor-vidal-inaugurara-infarma-madrid-2022\/#primaryimage"},"thumbnailUrl":"https:\/\/www.cofb.org\/wp-content\/uploads\/2022\/01\/ecc7f7d9-6118-4bc4-9648-408fafcb165c-NuYA6f.png","articleSection":["Notes de premsa"],"inLanguage":"ca"},{"@type":"WebPage","@id":"https:\/\/novaorg.cofb.net\/2022\/01\/28\/el-doctor-victor-vidal-inaugurara-infarma-madrid-2022\/","url":"https:\/\/novaorg.cofb.net\/2022\/01\/28\/el-doctor-victor-vidal-inaugurara-infarma-madrid-2022\/","name":"El doctor V\u00edctor Vidal inaugurar\u00e1 \u2018Infarma Madrid 2022\u2019 - Col\u00b7legi de Farmac\u00e8utics de Barcelona","isPartOf":{"@id":"https:\/\/www.cofb.org\/#website"},"primaryImageOfPage":{"@id":"https:\/\/novaorg.cofb.net\/2022\/01\/28\/el-doctor-victor-vidal-inaugurara-infarma-madrid-2022\/#primaryimage"},"image":{"@id":"https:\/\/novaorg.cofb.net\/2022\/01\/28\/el-doctor-victor-vidal-inaugurara-infarma-madrid-2022\/#primaryimage"},"thumbnailUrl":"https:\/\/www.cofb.org\/wp-content\/uploads\/2022\/01\/ecc7f7d9-6118-4bc4-9648-408fafcb165c-NuYA6f.png","datePublished":"2022-01-28T11:38:00+00:00","dateModified":"2022-01-28T11:38:00+00:00","breadcrumb":{"@id":"https:\/\/novaorg.cofb.net\/2022\/01\/28\/el-doctor-victor-vidal-inaugurara-infarma-madrid-2022\/#breadcrumb"},"inLanguage":"ca","potentialAction":[{"@type":"ReadAction","target":["https:\/\/novaorg.cofb.net\/2022\/01\/28\/el-doctor-victor-vidal-inaugurara-infarma-madrid-2022\/"]}]},{"@type":"ImageObject","inLanguage":"ca","@id":"https:\/\/novaorg.cofb.net\/2022\/01\/28\/el-doctor-victor-vidal-inaugurara-infarma-madrid-2022\/#primaryimage","url":"https:\/\/www.cofb.org\/wp-content\/uploads\/2022\/01\/ecc7f7d9-6118-4bc4-9648-408fafcb165c-NuYA6f.png","contentUrl":"https:\/\/www.cofb.org\/wp-content\/uploads\/2022\/01\/ecc7f7d9-6118-4bc4-9648-408fafcb165c-NuYA6f.png","width":762,"height":327},{"@type":"BreadcrumbList","@id":"https:\/\/novaorg.cofb.net\/2022\/01\/28\/el-doctor-victor-vidal-inaugurara-infarma-madrid-2022\/#breadcrumb","itemListElement":[{"@type":"ListItem","position":1,"name":"Inici","item":"https:\/\/novaorg.cofb.net\/"},{"@type":"ListItem","position":2,"name":"El doctor V\u00edctor Vidal inaugurar\u00e1 \u2018Infarma Madrid 2022\u2019"}]},{"@type":"WebSite","@id":"https:\/\/www.cofb.org\/#website","url":"https:\/\/www.cofb.org\/","name":"Col\u00b7legi de Farmac\u00e8utics de Barcelona","description":"","publisher":{"@id":"https:\/\/www.cofb.org\/#organization"},"potentialAction":[{"@type":"SearchAction","target":{"@type":"EntryPoint","urlTemplate":"https:\/\/www.cofb.org\/?s={search_term_string}"},"query-input":"required name=search_term_string"}],"inLanguage":"ca"},{"@type":"Organization","@id":"https:\/\/www.cofb.org\/#organization","name":"Col\u00b7legi de Farmac\u00e8utics de Barcelona","url":"https:\/\/www.cofb.org\/","logo":{"@type":"ImageObject","inLanguage":"ca","@id":"https:\/\/www.cofb.org\/#\/schema\/logo\/image\/","url":"https:\/\/www.cofb.org\/wp-content\/uploads\/2023\/11\/cropped-Logotip-COFB.png","contentUrl":"https:\/\/www.cofb.org\/wp-content\/uploads\/2023\/11\/cropped-Logotip-COFB.png","width":500,"height":105,"caption":"Col\u00b7legi de Farmac\u00e8utics de Barcelona"},"image":{"@id":"https:\/\/www.cofb.org\/#\/schema\/logo\/image\/"},"sameAs":["https:\/\/www.facebook.com\/farmaceuticsbcn\/","https:\/\/twitter.com\/farmaceuticsbcn","https:\/\/www.instagram.com\/farmaceuticsbcn\/","https:\/\/www.linkedin.com\/company\/farmaceuticsbcn\/"]},{"@type":"Person","@id":"https:\/\/www.cofb.org\/#\/schema\/person\/22ed7eea88da74b0fa4d3154ad87ffcb","name":"wpAdminCofbOrg","image":{"@type":"ImageObject","inLanguage":"ca","@id":"https:\/\/www.cofb.org\/#\/schema\/person\/image\/","url":"https:\/\/secure.gravatar.com\/avatar\/1721b20b3b8ca882c3b56ec6c978c594fff670e40c0718e9190eaeeb76aae7d8?s=96&d=mm&r=g","contentUrl":"https:\/\/secure.gravatar.com\/avatar\/1721b20b3b8ca882c3b56ec6c978c594fff670e40c0718e9190eaeeb76aae7d8?s=96&d=mm&r=g","caption":"wpAdminCofbOrg"},"sameAs":["http:\/\/192.168.64.122\/wordpress"],"url":"https:\/\/www.cofb.org\/ca\/author\/wpadmincofborg\/"}]}},"uagb_featured_image_src":{"full":["https:\/\/www.cofb.org\/wp-content\/uploads\/2022\/01\/ecc7f7d9-6118-4bc4-9648-408fafcb165c-NuYA6f.png",762,327,false],"thumbnail":["https:\/\/www.cofb.org\/wp-content\/uploads\/2022\/01\/ecc7f7d9-6118-4bc4-9648-408fafcb165c-NuYA6f-150x150.png",150,150,true],"medium":["https:\/\/www.cofb.org\/wp-content\/uploads\/2022\/01\/ecc7f7d9-6118-4bc4-9648-408fafcb165c-NuYA6f-300x129.png",300,129,true],"medium_large":["https:\/\/www.cofb.org\/wp-content\/uploads\/2022\/01\/ecc7f7d9-6118-4bc4-9648-408fafcb165c-NuYA6f.png",762,327,false],"large":["https:\/\/www.cofb.org\/wp-content\/uploads\/2022\/01\/ecc7f7d9-6118-4bc4-9648-408fafcb165c-NuYA6f.png",762,327,false],"1536x1536":["https:\/\/www.cofb.org\/wp-content\/uploads\/2022\/01\/ecc7f7d9-6118-4bc4-9648-408fafcb165c-NuYA6f.png",762,327,false],"2048x2048":["https:\/\/www.cofb.org\/wp-content\/uploads\/2022\/01\/ecc7f7d9-6118-4bc4-9648-408fafcb165c-NuYA6f.png",762,327,false],"trp-custom-language-flag":["https:\/\/www.cofb.org\/wp-content\/uploads\/2022\/01\/ecc7f7d9-6118-4bc4-9648-408fafcb165c-NuYA6f-18x8.png",18,8,true]},"uagb_author_info":{"display_name":"wpAdminCofbOrg","author_link":"https:\/\/www.cofb.org\/ca\/author\/wpadmincofborg\/"},"uagb_comment_info":0,"uagb_excerpt":"\u00a0 Congreso y Sal\u00f3n de la farmacia ultima un ambicioso\u00a0programa\u00a0cient\u00edfico que contar\u00e1 con una Sala COVID para analizar la experiencia y todas las novedades relacionadas con la pandemia El doctor\u00a0V\u00edctor Vidal Lacosta, m\u00e9dico de Trabajo e inspector de la Seguridad Social, impartir\u00e1, el pr\u00f3ximo 22 de marzo, la conferencia inaugural [&hellip;]","_links":{"self":[{"href":"https:\/\/www.cofb.org\/ca\/wp-json\/wp\/v2\/posts\/77029","targetHints":{"allow":["GET"]}}],"collection":[{"href":"https:\/\/www.cofb.org\/ca\/wp-json\/wp\/v2\/posts"}],"about":[{"href":"https:\/\/www.cofb.org\/ca\/wp-json\/wp\/v2\/types\/post"}],"author":[{"embeddable":true,"href":"https:\/\/www.cofb.org\/ca\/wp-json\/wp\/v2\/users\/1"}],"replies":[{"embeddable":true,"href":"https:\/\/www.cofb.org\/ca\/wp-json\/wp\/v2\/comments?post=77029"}],"version-history":[{"count":0,"href":"https:\/\/www.cofb.org\/ca\/wp-json\/wp\/v2\/posts\/77029\/revisions"}],"wp:featuredmedia":[{"embeddable":true,"href":"https:\/\/www.cofb.org\/ca\/wp-json\/wp\/v2\/media\/77030"}],"wp:attachment":[{"href":"https:\/\/www.cofb.org\/ca\/wp-json\/wp\/v2\/media?parent=77029"}],"wp:term":[{"taxonomy":"category","embeddable":true,"href":"https:\/\/www.cofb.org\/ca\/wp-json\/wp\/v2\/categories?post=77029"},{"taxonomy":"post_tag","embeddable":true,"href":"https:\/\/www.cofb.org\/ca\/wp-json\/wp\/v2\/tags?post=77029"}],"curies":[{"name":"wp","href":"https:\/\/api.w.org\/{rel}","templated":true}]}}