{"id":77027,"date":"2022-02-04T11:26:00","date_gmt":"2022-02-04T11:26:00","guid":{"rendered":"https:\/\/novaorg.cofb.net\/2022\/02\/04\/la-farmacia-a-primera-linia-lema-dinfarma-madrid-2022\/"},"modified":"2022-02-04T11:26:00","modified_gmt":"2022-02-04T11:26:00","slug":"la-farmacia-a-primera-linia-lema-dinfarma-madrid-2022","status":"publish","type":"post","link":"https:\/\/www.cofb.org\/ca\/2022\/02\/04\/la-farmacia-a-primera-linia-lema-dinfarma-madrid-2022\/","title":{"rendered":"&#8216;La farm\u00e0cia, a primera l\u00ednia&#8217;, lema d&#8217;Infarma Madrid 2022"},"content":{"rendered":"<p>\u00a0<\/p>\n<ul>\n<li>El Congr\u00e9s i el Sal\u00f3 de la farm\u00e0cia reivindicar\u00e0 l&#8217;actuaci\u00f3 i el comprom\u00eds sanitari assumit pels farmac\u00e8utics espanyols durant la pand\u00e8mia com una oportunitat de desenvolupament professional.<\/li>\n<\/ul>\n<p>&#8220;La farm\u00e0cia, a primera l\u00ednia&#8221; \u00e9s el lema triat per\u00a0Infarma\u00a0Madrid 2022 per celebrar la\u00a0pr\u00f2xima edici\u00f3\u00a0del Congr\u00e9s i Sal\u00f3 Europeu de l&#8217;Oficina de Farm\u00e0cia, que obrir\u00e0 les portes al recinte firal d&#8217;Ifema\u00a0entre els dies 22 i 24 de mar\u00e7.<\/p>\n<p><img decoding=\"async\" alt=\"\" src=\"https:\/\/www.cofb.org\/documents\/10136\/1091470\/infarma+madrid.jpg\/044eec71-4c8a-4b12-baec-e0c194fb0f54?t=1643970387782\"><\/p>\n<p>Organitzat pels col\u00b7legis oficials de farmac\u00e8utics de Madrid i Barcelona, \u200b\u200ben col\u00b7laboraci\u00f3 amb\u00a0Interalia,\u00a0Infarma\u00a0reivindicar\u00e0 l&#8217;actuaci\u00f3 sanit\u00e0ria i el comprom\u00eds personal assumit pels farmac\u00e8utics espanyols durant l&#8217;emerg\u00e8ncia sanit\u00e0ria actual.<\/p>\n<p>&#8220;Dos anys despr\u00e9s que es declar\u00e9s l&#8217;estat de pand\u00e8mia, que ens va portar a suspendre l&#8217;edici\u00f3 programada de 2020 a Madrid una setmana abans de la inauguraci\u00f3, tornem amb molta il\u00b7lusi\u00f3 i tamb\u00e9 amb l&#8217;orgull de saber que els farmac\u00e8utics hem estat a primera l\u00ednia des del primer moment, sempre al costat dels ciutadans. Aquest \u00e9s el sentiment que hem volgut plasmar al lema de la pr\u00f2xima edici\u00f3&#8221;, explica\u00a0<strong>Luis\u00a0Gonz\u00e1lez D\u00edez<\/strong>, president d&#8217;Infarma\u00a0i president en funcions del Col\u00b7legi Oficial de Farmac\u00e8utics de Madrid (COFM).<\/p>\n<p>La reflexi\u00f3 a les reunions de treball del Comit\u00e8 Organitzador d&#8217;Infarma\u00a0\u00e9s que A primera l\u00ednia ha estat un dels termes m\u00e9s repetits i que millor expressen el nivell de comprom\u00eds i de sacrifici personal que hem tingut com a professionals sanitaris durant aquesta lluita contra la pand\u00e8mia, treballant sempre al servei del sistema de salut i de la poblaci\u00f3.<\/p>\n<p>Els dos darrers anys no nom\u00e9s han marcat la traject\u00f2ria dels farmac\u00e8utics a Espanya, tamb\u00e9 han obert un cam\u00ed de desenvolupament professional que el Congr\u00e9s d&#8217;Infarma\u00a0es proposa analitzar. &#8220;Els farmac\u00e8utics hem marcat fites importants en la vacunaci\u00f3, en la detecci\u00f3 de contagis o en l&#8217;atenci\u00f3 de col\u00b7lectius vulnerables, per esmentar algunes de les actuacions m\u00e9s destacades en aquesta crisi, que han de tenir continu\u00eftat en el futur. S\u00f3n continguts que hem incorporat al programa cient\u00edfic d&#8217;Infarma, perqu\u00e8 la xarxa d&#8217;oficines de farm\u00e0cia representa una gran oportunitat per a la societat i el Sistema Nacional de Salut a l&#8217;hora d&#8217;afrontar reptes tan urgents com l&#8217;envelliment, la despoblaci\u00f3 o la prevenci\u00f3&#8221;, assenyala\u00a0<strong>Luis\u00a0Panadero\u00a0Carlavilla<\/strong>, coordinador del programa cient\u00edfic d&#8217;Infarma\u00a0Madrid 2022.<\/p>\n<p>El programa cient\u00edfic examinar\u00e0 aix\u00ed l&#8217;experi\u00e8ncia professional acumulada durant la pand\u00e8mia i dedicar\u00e0 un espai en exclusiva a con\u00e8ixer les novetats relacionades amb les noves vacunes, els tractaments antivirals o l&#8217;evoluci\u00f3 de la variant\u00a0\u00d2micron. Aix\u00ed mateix, s&#8217;oferiran resultats auton\u00f2mics i internacionals de les proves diagn\u00f2stiques realitzades pels farmac\u00e8utics d&#8217;oficina de farm\u00e0cia.<\/p>\n<p>&#8220;M\u00e9s enll\u00e0 de la pand\u00e8mia, el lema d&#8217;Infarma\u00a0defineix tamb\u00e9 una actitud del mateix col\u00b7lectiu farmac\u00e8utic de voler ser protagonistes en el futur a trav\u00e9s del desenvolupament professional continuat, la prestaci\u00f3 de nous serveis com l&#8217;assessorament nutricional, la indicaci\u00f3 farmac\u00e8utica, el seguiment farmacoterap\u00e8utic o l&#8217;atenci\u00f3 dels col\u00b7lectius m\u00e9s vulnerables, aspectes de la professi\u00f3 que tamb\u00e9 tindran cabuda al Congr\u00e9s&#8221;, conclou\u00a0<strong>Luis\u00a0Gonz\u00e1lez<\/strong>.<\/p>\n<p>\u00a0El Congr\u00e9s i el Sal\u00f3 de la farm\u00e0cia reivindicar\u00e0 l&#8217;actuaci\u00f3 i el comprom\u00eds sanitari assumit pels farmac\u00e8utics espanyols durant la pand\u00e8mia com una oportunitat de desenvolupament professional.<\/p>\n<p>&#8220;La farm\u00e0cia, a primera l\u00ednia&#8221; \u00e9s el lema triat per\u00a0Infarma\u00a0Madrid 2022 per celebrar la\u00a0pr\u00f2xima edici\u00f3\u00a0del Congr\u00e9s i Sal\u00f3 Europeu de l&#8217;Oficina de Farm\u00e0cia, que obrir\u00e0 les portes al recinte firal d&#8217;Ifema\u00a0entre els dies 22 i 24 de mar\u00e7.<\/p>\n<p>Organitzat pels col\u00b7legis oficials de farmac\u00e8utics de Madrid i Barcelona, \u200b\u200ben col\u00b7laboraci\u00f3 amb\u00a0Interalia,\u00a0Infarma\u00a0reivindicar\u00e0 l&#8217;actuaci\u00f3 sanit\u00e0ria i el comprom\u00eds personal assumit pels farmac\u00e8utics espanyols durant l&#8217;emerg\u00e8ncia sanit\u00e0ria actual.<\/p>\n<p>&#8220;Dos anys despr\u00e9s que es declar\u00e9s l&#8217;estat de pand\u00e8mia, que ens va portar a suspendre l&#8217;edici\u00f3 programada de 2020 a Madrid una setmana abans de la inauguraci\u00f3, tornem amb molta il\u00b7lusi\u00f3 i tamb\u00e9 amb l&#8217;orgull de saber que els farmac\u00e8utics hem estat a primera l\u00ednia des del primer moment, sempre al costat dels ciutadans. Aquest \u00e9s el sentiment que hem volgut plasmar al lema de la pr\u00f2xima edici\u00f3&#8221;, explica\u00a0Luis\u00a0Gonz\u00e1lez D\u00edez, president d&#8217;Infarma\u00a0i president en funcions del Col\u00b7legi Oficial de Farmac\u00e8utics de Madrid (COFM).<\/p>\n<p>La reflexi\u00f3 a les reunions de treball del Comit\u00e8 Organitzador d&#8217;Infarma\u00a0\u00e9s que A primera l\u00ednia ha estat un dels termes m\u00e9s repetits i que millor expressen el nivell de comprom\u00eds i de sacrifici personal que hem tingut com a professionals sanitaris durant aquesta lluita contra la pand\u00e8mia, treballant sempre al servei del sistema de salut i de la poblaci\u00f3.<\/p>\n<p>Els dos darrers anys no nom\u00e9s han marcat la traject\u00f2ria dels farmac\u00e8utics a Espanya, tamb\u00e9 han obert un cam\u00ed de desenvolupament professional que el Congr\u00e9s d&#8217;Infarma\u00a0es proposa analitzar. &#8220;Els farmac\u00e8utics hem marcat fites importants en la vacunaci\u00f3, en la detecci\u00f3 de contagis o en l&#8217;atenci\u00f3 de col\u00b7lectius vulnerables, per esmentar algunes de les actuacions m\u00e9s destacades en aquesta crisi, que han de tenir continu\u00eftat en el futur. S\u00f3n continguts que hem incorporat al programa cient\u00edfic d&#8217;Infarma, perqu\u00e8 la xarxa d&#8217;oficines de farm\u00e0cia representa una gran oportunitat per a la societat i el Sistema Nacional de Salut a l&#8217;hora d&#8217;afrontar reptes tan urgents com l&#8217;envelliment, la despoblaci\u00f3 o la prevenci\u00f3&#8221;, assenyala\u00a0Luis\u00a0Panadero\u00a0Carlavilla, coordinador del programa cient\u00edfic d&#8217;Infarma\u00a0Madrid 2022.<\/p>\n<p>El programa cient\u00edfic examinar\u00e0 aix\u00ed l&#8217;experi\u00e8ncia professional acumulada durant la pand\u00e8mia i dedicar\u00e0 un espai en exclusiva a con\u00e8ixer les novetats relacionades amb les noves vacunes, els tractaments antivirals o l&#8217;evoluci\u00f3 de la variant\u00a0\u00d2micron. Aix\u00ed mateix, s&#8217;oferiran resultats auton\u00f2mics i internacionals de les proves diagn\u00f2stiques realitzades pels farmac\u00e8utics d&#8217;oficina de farm\u00e0cia.<\/p>\n<p>&#8220;M\u00e9s enll\u00e0 de la pand\u00e8mia, el lema d&#8217;Infarma\u00a0defineix tamb\u00e9 una actitud del mateix col\u00b7lectiu farmac\u00e8utic de voler ser protagonistes en el futur a trav\u00e9s del desenvolupament professional continuat, la prestaci\u00f3 de nous serveis com l&#8217;assessorament nutricional, la indicaci\u00f3 farmac\u00e8utica, el seguiment farmacoterap\u00e8utic o l&#8217;atenci\u00f3 dels col\u00b7lectius m\u00e9s vulnerables, aspectes de la professi\u00f3 que tamb\u00e9 tindran cabuda al Congr\u00e9s&#8221;, conclou\u00a0Luis\u00a0Gonz\u00e1lez.\u00a0\u00a0COFB.ORG<\/p>\n","protected":false},"excerpt":{"rendered":"<p>\u00a0 El Congr\u00e9s i el Sal\u00f3 de la farm\u00e0cia reivindicar\u00e0 l&#8217;actuaci\u00f3 i el comprom\u00eds sanitari assumit pels farmac\u00e8utics espanyols durant la pand\u00e8mia com una oportunitat de desenvolupament professional. &#8220;La farm\u00e0cia, a primera l\u00ednia&#8221; \u00e9s el lema triat per\u00a0Infarma\u00a0Madrid 2022 per celebrar la\u00a0pr\u00f2xima edici\u00f3\u00a0del Congr\u00e9s i Sal\u00f3 Europeu de l&#8217;Oficina de [&hellip;]<\/p>\n","protected":false},"author":1,"featured_media":77028,"comment_status":"","ping_status":"","sticky":false,"template":"","format":"standard","meta":{"_uag_custom_page_level_css":"","site-sidebar-layout":"default","site-content-layout":"","ast-site-content-layout":"default","site-content-style":"default","site-sidebar-style":"default","ast-global-header-display":"","ast-banner-title-visibility":"","ast-main-header-display":"","ast-hfb-above-header-display":"","ast-hfb-below-header-display":"","ast-hfb-mobile-header-display":"","site-post-title":"","ast-breadcrumbs-content":"","ast-featured-img":"disabled","footer-sml-layout":"","theme-transparent-header-meta":"","adv-header-id-meta":"","stick-header-meta":"","header-above-stick-meta":"","header-main-stick-meta":"","header-below-stick-meta":"","astra-migrate-meta-layouts":"default","ast-page-background-enabled":"default","ast-page-background-meta":{"desktop":{"background-color":"var(--ast-global-color-4)","background-image":"","background-repeat":"repeat","background-position":"center center","background-size":"auto","background-attachment":"scroll","background-type":"","background-media":"","overlay-type":"","overlay-color":"","overlay-opacity":"","overlay-gradient":""},"tablet":{"background-color":"","background-image":"","background-repeat":"repeat","background-position":"center center","background-size":"auto","background-attachment":"scroll","background-type":"","background-media":"","overlay-type":"","overlay-color":"","overlay-opacity":"","overlay-gradient":""},"mobile":{"background-color":"","background-image":"","background-repeat":"repeat","background-position":"center center","background-size":"auto","background-attachment":"scroll","background-type":"","background-media":"","overlay-type":"","overlay-color":"","overlay-opacity":"","overlay-gradient":""}},"ast-content-background-meta":{"desktop":{"background-color":"var(--ast-global-color-5)","background-image":"","background-repeat":"repeat","background-position":"center center","background-size":"auto","background-attachment":"scroll","background-type":"","background-media":"","overlay-type":"","overlay-color":"","overlay-opacity":"","overlay-gradient":""},"tablet":{"background-color":"var(--ast-global-color-5)","background-image":"","background-repeat":"repeat","background-position":"center center","background-size":"auto","background-attachment":"scroll","background-type":"","background-media":"","overlay-type":"","overlay-color":"","overlay-opacity":"","overlay-gradient":""},"mobile":{"background-color":"var(--ast-global-color-5)","background-image":"","background-repeat":"repeat","background-position":"center center","background-size":"auto","background-attachment":"scroll","background-type":"","background-media":"","overlay-type":"","overlay-color":"","overlay-opacity":"","overlay-gradient":""}},"footnotes":""},"categories":[1060,1066],"tags":[],"class_list":["post-77027","post","type-post","status-publish","format-standard","has-post-thumbnail","hentry","category-notes-premsa","category-sense-categoria-ca"],"yoast_head":"<!-- This site is optimized with the Yoast SEO plugin v22.4 - https:\/\/yoast.com\/wordpress\/plugins\/seo\/ -->\n<title>&#039;La farm\u00e0cia, a primera l\u00ednia&#039;, lema d&#039;Infarma Madrid 2022 - Col\u00b7legi de Farmac\u00e8utics de Barcelona<\/title>\n<meta name=\"robots\" content=\"index, follow, max-snippet:-1, max-image-preview:large, max-video-preview:-1\" \/>\n<link rel=\"canonical\" href=\"https:\/\/novaorg.cofb.net\/2022\/02\/04\/la-farmacia-a-primera-linia-lema-dinfarma-madrid-2022\/\" \/>\n<meta property=\"og:locale\" content=\"ca_ES\" \/>\n<meta property=\"og:type\" content=\"article\" \/>\n<meta property=\"og:title\" content=\"&#039;La farm\u00e0cia, a primera l\u00ednia&#039;, lema d&#039;Infarma Madrid 2022 - Col\u00b7legi de Farmac\u00e8utics de Barcelona\" \/>\n<meta property=\"og:description\" content=\"\u00a0 El Congr\u00e9s i el Sal\u00f3 de la farm\u00e0cia reivindicar\u00e0 l&#8217;actuaci\u00f3 i el comprom\u00eds sanitari assumit pels farmac\u00e8utics espanyols durant la pand\u00e8mia com una oportunitat de desenvolupament professional. &#8220;La farm\u00e0cia, a primera l\u00ednia&#8221; \u00e9s el lema triat per\u00a0Infarma\u00a0Madrid 2022 per celebrar la\u00a0pr\u00f2xima edici\u00f3\u00a0del Congr\u00e9s i Sal\u00f3 Europeu de l&#8217;Oficina de [&hellip;]\" \/>\n<meta property=\"og:url\" content=\"https:\/\/novaorg.cofb.net\/2022\/02\/04\/la-farmacia-a-primera-linia-lema-dinfarma-madrid-2022\/\" \/>\n<meta property=\"og:site_name\" content=\"Col\u00b7legi de Farmac\u00e8utics de Barcelona\" \/>\n<meta property=\"article:publisher\" content=\"https:\/\/www.facebook.com\/farmaceuticsbcn\/\" \/>\n<meta property=\"article:published_time\" content=\"2022-02-04T11:26:00+00:00\" \/>\n<meta property=\"og:image\" content=\"https:\/\/novaorg.cofb.net\/wp-content\/uploads\/2022\/02\/044eec71-4c8a-4b12-baec-e0c194fb0f54-uzJSU7.jpeg\" \/>\n\t<meta property=\"og:image:width\" content=\"852\" \/>\n\t<meta property=\"og:image:height\" content=\"300\" \/>\n\t<meta property=\"og:image:type\" content=\"image\/jpeg\" \/>\n<meta name=\"author\" content=\"wpAdminCofbOrg\" \/>\n<meta name=\"twitter:card\" content=\"summary_large_image\" \/>\n<meta name=\"twitter:creator\" content=\"@farmaceuticsbcn\" \/>\n<meta name=\"twitter:site\" content=\"@farmaceuticsbcn\" \/>\n<meta name=\"twitter:label1\" content=\"Escrit per\" \/>\n\t<meta name=\"twitter:data1\" content=\"wpAdminCofbOrg\" \/>\n\t<meta name=\"twitter:label2\" content=\"Temps estimat de lectura\" \/>\n\t<meta name=\"twitter:data2\" content=\"5 minuts\" \/>\n<script type=\"application\/ld+json\" class=\"yoast-schema-graph\">{\"@context\":\"https:\/\/schema.org\",\"@graph\":[{\"@type\":\"Article\",\"@id\":\"https:\/\/novaorg.cofb.net\/2022\/02\/04\/la-farmacia-a-primera-linia-lema-dinfarma-madrid-2022\/#article\",\"isPartOf\":{\"@id\":\"https:\/\/novaorg.cofb.net\/2022\/02\/04\/la-farmacia-a-primera-linia-lema-dinfarma-madrid-2022\/\"},\"author\":{\"name\":\"wpAdminCofbOrg\",\"@id\":\"https:\/\/www.cofb.org\/#\/schema\/person\/22ed7eea88da74b0fa4d3154ad87ffcb\"},\"headline\":\"&#8216;La farm\u00e0cia, a primera l\u00ednia&#8217;, lema d&#8217;Infarma Madrid 2022\",\"datePublished\":\"2022-02-04T11:26:00+00:00\",\"dateModified\":\"2022-02-04T11:26:00+00:00\",\"mainEntityOfPage\":{\"@id\":\"https:\/\/novaorg.cofb.net\/2022\/02\/04\/la-farmacia-a-primera-linia-lema-dinfarma-madrid-2022\/\"},\"wordCount\":1143,\"publisher\":{\"@id\":\"https:\/\/www.cofb.org\/#organization\"},\"image\":{\"@id\":\"https:\/\/novaorg.cofb.net\/2022\/02\/04\/la-farmacia-a-primera-linia-lema-dinfarma-madrid-2022\/#primaryimage\"},\"thumbnailUrl\":\"https:\/\/www.cofb.org\/wp-content\/uploads\/2022\/02\/044eec71-4c8a-4b12-baec-e0c194fb0f54-uzJSU7.jpeg\",\"articleSection\":[\"Notes de premsa\"],\"inLanguage\":\"ca\"},{\"@type\":\"WebPage\",\"@id\":\"https:\/\/novaorg.cofb.net\/2022\/02\/04\/la-farmacia-a-primera-linia-lema-dinfarma-madrid-2022\/\",\"url\":\"https:\/\/novaorg.cofb.net\/2022\/02\/04\/la-farmacia-a-primera-linia-lema-dinfarma-madrid-2022\/\",\"name\":\"'La farm\u00e0cia, a primera l\u00ednia', lema d'Infarma Madrid 2022 - Col\u00b7legi de Farmac\u00e8utics de Barcelona\",\"isPartOf\":{\"@id\":\"https:\/\/www.cofb.org\/#website\"},\"primaryImageOfPage\":{\"@id\":\"https:\/\/novaorg.cofb.net\/2022\/02\/04\/la-farmacia-a-primera-linia-lema-dinfarma-madrid-2022\/#primaryimage\"},\"image\":{\"@id\":\"https:\/\/novaorg.cofb.net\/2022\/02\/04\/la-farmacia-a-primera-linia-lema-dinfarma-madrid-2022\/#primaryimage\"},\"thumbnailUrl\":\"https:\/\/www.cofb.org\/wp-content\/uploads\/2022\/02\/044eec71-4c8a-4b12-baec-e0c194fb0f54-uzJSU7.jpeg\",\"datePublished\":\"2022-02-04T11:26:00+00:00\",\"dateModified\":\"2022-02-04T11:26:00+00:00\",\"breadcrumb\":{\"@id\":\"https:\/\/novaorg.cofb.net\/2022\/02\/04\/la-farmacia-a-primera-linia-lema-dinfarma-madrid-2022\/#breadcrumb\"},\"inLanguage\":\"ca\",\"potentialAction\":[{\"@type\":\"ReadAction\",\"target\":[\"https:\/\/novaorg.cofb.net\/2022\/02\/04\/la-farmacia-a-primera-linia-lema-dinfarma-madrid-2022\/\"]}]},{\"@type\":\"ImageObject\",\"inLanguage\":\"ca\",\"@id\":\"https:\/\/novaorg.cofb.net\/2022\/02\/04\/la-farmacia-a-primera-linia-lema-dinfarma-madrid-2022\/#primaryimage\",\"url\":\"https:\/\/www.cofb.org\/wp-content\/uploads\/2022\/02\/044eec71-4c8a-4b12-baec-e0c194fb0f54-uzJSU7.jpeg\",\"contentUrl\":\"https:\/\/www.cofb.org\/wp-content\/uploads\/2022\/02\/044eec71-4c8a-4b12-baec-e0c194fb0f54-uzJSU7.jpeg\",\"width\":852,\"height\":300},{\"@type\":\"BreadcrumbList\",\"@id\":\"https:\/\/novaorg.cofb.net\/2022\/02\/04\/la-farmacia-a-primera-linia-lema-dinfarma-madrid-2022\/#breadcrumb\",\"itemListElement\":[{\"@type\":\"ListItem\",\"position\":1,\"name\":\"Inici\",\"item\":\"https:\/\/novaorg.cofb.net\/\"},{\"@type\":\"ListItem\",\"position\":2,\"name\":\"&#8216;La farm\u00e0cia, a primera l\u00ednia&#8217;, lema d&#8217;Infarma Madrid 2022\"}]},{\"@type\":\"WebSite\",\"@id\":\"https:\/\/www.cofb.org\/#website\",\"url\":\"https:\/\/www.cofb.org\/\",\"name\":\"Col\u00b7legi de Farmac\u00e8utics de Barcelona\",\"description\":\"\",\"publisher\":{\"@id\":\"https:\/\/www.cofb.org\/#organization\"},\"potentialAction\":[{\"@type\":\"SearchAction\",\"target\":{\"@type\":\"EntryPoint\",\"urlTemplate\":\"https:\/\/www.cofb.org\/?s={search_term_string}\"},\"query-input\":\"required name=search_term_string\"}],\"inLanguage\":\"ca\"},{\"@type\":\"Organization\",\"@id\":\"https:\/\/www.cofb.org\/#organization\",\"name\":\"Col\u00b7legi de Farmac\u00e8utics de Barcelona\",\"url\":\"https:\/\/www.cofb.org\/\",\"logo\":{\"@type\":\"ImageObject\",\"inLanguage\":\"ca\",\"@id\":\"https:\/\/www.cofb.org\/#\/schema\/logo\/image\/\",\"url\":\"https:\/\/www.cofb.org\/wp-content\/uploads\/2023\/11\/cropped-Logotip-COFB.png\",\"contentUrl\":\"https:\/\/www.cofb.org\/wp-content\/uploads\/2023\/11\/cropped-Logotip-COFB.png\",\"width\":500,\"height\":105,\"caption\":\"Col\u00b7legi de Farmac\u00e8utics de Barcelona\"},\"image\":{\"@id\":\"https:\/\/www.cofb.org\/#\/schema\/logo\/image\/\"},\"sameAs\":[\"https:\/\/www.facebook.com\/farmaceuticsbcn\/\",\"https:\/\/twitter.com\/farmaceuticsbcn\",\"https:\/\/www.instagram.com\/farmaceuticsbcn\/\",\"https:\/\/www.linkedin.com\/company\/farmaceuticsbcn\/\"]},{\"@type\":\"Person\",\"@id\":\"https:\/\/www.cofb.org\/#\/schema\/person\/22ed7eea88da74b0fa4d3154ad87ffcb\",\"name\":\"wpAdminCofbOrg\",\"image\":{\"@type\":\"ImageObject\",\"inLanguage\":\"ca\",\"@id\":\"https:\/\/www.cofb.org\/#\/schema\/person\/image\/\",\"url\":\"https:\/\/secure.gravatar.com\/avatar\/1721b20b3b8ca882c3b56ec6c978c594fff670e40c0718e9190eaeeb76aae7d8?s=96&d=mm&r=g\",\"contentUrl\":\"https:\/\/secure.gravatar.com\/avatar\/1721b20b3b8ca882c3b56ec6c978c594fff670e40c0718e9190eaeeb76aae7d8?s=96&d=mm&r=g\",\"caption\":\"wpAdminCofbOrg\"},\"sameAs\":[\"http:\/\/192.168.64.122\/wordpress\"],\"url\":\"https:\/\/www.cofb.org\/ca\/author\/wpadmincofborg\/\"}]}<\/script>\n<!-- \/ Yoast SEO plugin. -->","yoast_head_json":{"title":"'La farm\u00e0cia, a primera l\u00ednia', lema d'Infarma Madrid 2022 - Col\u00b7legi de Farmac\u00e8utics de Barcelona","robots":{"index":"index","follow":"follow","max-snippet":"max-snippet:-1","max-image-preview":"max-image-preview:large","max-video-preview":"max-video-preview:-1"},"canonical":"https:\/\/novaorg.cofb.net\/2022\/02\/04\/la-farmacia-a-primera-linia-lema-dinfarma-madrid-2022\/","og_locale":"ca_ES","og_type":"article","og_title":"'La farm\u00e0cia, a primera l\u00ednia', lema d'Infarma Madrid 2022 - Col\u00b7legi de Farmac\u00e8utics de Barcelona","og_description":"\u00a0 El Congr\u00e9s i el Sal\u00f3 de la farm\u00e0cia reivindicar\u00e0 l&#8217;actuaci\u00f3 i el comprom\u00eds sanitari assumit pels farmac\u00e8utics espanyols durant la pand\u00e8mia com una oportunitat de desenvolupament professional. &#8220;La farm\u00e0cia, a primera l\u00ednia&#8221; \u00e9s el lema triat per\u00a0Infarma\u00a0Madrid 2022 per celebrar la\u00a0pr\u00f2xima edici\u00f3\u00a0del Congr\u00e9s i Sal\u00f3 Europeu de l&#8217;Oficina de [&hellip;]","og_url":"https:\/\/novaorg.cofb.net\/2022\/02\/04\/la-farmacia-a-primera-linia-lema-dinfarma-madrid-2022\/","og_site_name":"Col\u00b7legi de Farmac\u00e8utics de Barcelona","article_publisher":"https:\/\/www.facebook.com\/farmaceuticsbcn\/","article_published_time":"2022-02-04T11:26:00+00:00","og_image":[{"width":852,"height":300,"url":"https:\/\/novaorg.cofb.net\/wp-content\/uploads\/2022\/02\/044eec71-4c8a-4b12-baec-e0c194fb0f54-uzJSU7.jpeg","type":"image\/jpeg"}],"author":"wpAdminCofbOrg","twitter_card":"summary_large_image","twitter_creator":"@farmaceuticsbcn","twitter_site":"@farmaceuticsbcn","twitter_misc":{"Escrit per":"wpAdminCofbOrg","Temps estimat de lectura":"5 minuts"},"schema":{"@context":"https:\/\/schema.org","@graph":[{"@type":"Article","@id":"https:\/\/novaorg.cofb.net\/2022\/02\/04\/la-farmacia-a-primera-linia-lema-dinfarma-madrid-2022\/#article","isPartOf":{"@id":"https:\/\/novaorg.cofb.net\/2022\/02\/04\/la-farmacia-a-primera-linia-lema-dinfarma-madrid-2022\/"},"author":{"name":"wpAdminCofbOrg","@id":"https:\/\/www.cofb.org\/#\/schema\/person\/22ed7eea88da74b0fa4d3154ad87ffcb"},"headline":"&#8216;La farm\u00e0cia, a primera l\u00ednia&#8217;, lema d&#8217;Infarma Madrid 2022","datePublished":"2022-02-04T11:26:00+00:00","dateModified":"2022-02-04T11:26:00+00:00","mainEntityOfPage":{"@id":"https:\/\/novaorg.cofb.net\/2022\/02\/04\/la-farmacia-a-primera-linia-lema-dinfarma-madrid-2022\/"},"wordCount":1143,"publisher":{"@id":"https:\/\/www.cofb.org\/#organization"},"image":{"@id":"https:\/\/novaorg.cofb.net\/2022\/02\/04\/la-farmacia-a-primera-linia-lema-dinfarma-madrid-2022\/#primaryimage"},"thumbnailUrl":"https:\/\/www.cofb.org\/wp-content\/uploads\/2022\/02\/044eec71-4c8a-4b12-baec-e0c194fb0f54-uzJSU7.jpeg","articleSection":["Notes de premsa"],"inLanguage":"ca"},{"@type":"WebPage","@id":"https:\/\/novaorg.cofb.net\/2022\/02\/04\/la-farmacia-a-primera-linia-lema-dinfarma-madrid-2022\/","url":"https:\/\/novaorg.cofb.net\/2022\/02\/04\/la-farmacia-a-primera-linia-lema-dinfarma-madrid-2022\/","name":"'La farm\u00e0cia, a primera l\u00ednia', lema d'Infarma Madrid 2022 - Col\u00b7legi de Farmac\u00e8utics de Barcelona","isPartOf":{"@id":"https:\/\/www.cofb.org\/#website"},"primaryImageOfPage":{"@id":"https:\/\/novaorg.cofb.net\/2022\/02\/04\/la-farmacia-a-primera-linia-lema-dinfarma-madrid-2022\/#primaryimage"},"image":{"@id":"https:\/\/novaorg.cofb.net\/2022\/02\/04\/la-farmacia-a-primera-linia-lema-dinfarma-madrid-2022\/#primaryimage"},"thumbnailUrl":"https:\/\/www.cofb.org\/wp-content\/uploads\/2022\/02\/044eec71-4c8a-4b12-baec-e0c194fb0f54-uzJSU7.jpeg","datePublished":"2022-02-04T11:26:00+00:00","dateModified":"2022-02-04T11:26:00+00:00","breadcrumb":{"@id":"https:\/\/novaorg.cofb.net\/2022\/02\/04\/la-farmacia-a-primera-linia-lema-dinfarma-madrid-2022\/#breadcrumb"},"inLanguage":"ca","potentialAction":[{"@type":"ReadAction","target":["https:\/\/novaorg.cofb.net\/2022\/02\/04\/la-farmacia-a-primera-linia-lema-dinfarma-madrid-2022\/"]}]},{"@type":"ImageObject","inLanguage":"ca","@id":"https:\/\/novaorg.cofb.net\/2022\/02\/04\/la-farmacia-a-primera-linia-lema-dinfarma-madrid-2022\/#primaryimage","url":"https:\/\/www.cofb.org\/wp-content\/uploads\/2022\/02\/044eec71-4c8a-4b12-baec-e0c194fb0f54-uzJSU7.jpeg","contentUrl":"https:\/\/www.cofb.org\/wp-content\/uploads\/2022\/02\/044eec71-4c8a-4b12-baec-e0c194fb0f54-uzJSU7.jpeg","width":852,"height":300},{"@type":"BreadcrumbList","@id":"https:\/\/novaorg.cofb.net\/2022\/02\/04\/la-farmacia-a-primera-linia-lema-dinfarma-madrid-2022\/#breadcrumb","itemListElement":[{"@type":"ListItem","position":1,"name":"Inici","item":"https:\/\/novaorg.cofb.net\/"},{"@type":"ListItem","position":2,"name":"&#8216;La farm\u00e0cia, a primera l\u00ednia&#8217;, lema d&#8217;Infarma Madrid 2022"}]},{"@type":"WebSite","@id":"https:\/\/www.cofb.org\/#website","url":"https:\/\/www.cofb.org\/","name":"Col\u00b7legi de Farmac\u00e8utics de Barcelona","description":"","publisher":{"@id":"https:\/\/www.cofb.org\/#organization"},"potentialAction":[{"@type":"SearchAction","target":{"@type":"EntryPoint","urlTemplate":"https:\/\/www.cofb.org\/?s={search_term_string}"},"query-input":"required name=search_term_string"}],"inLanguage":"ca"},{"@type":"Organization","@id":"https:\/\/www.cofb.org\/#organization","name":"Col\u00b7legi de Farmac\u00e8utics de Barcelona","url":"https:\/\/www.cofb.org\/","logo":{"@type":"ImageObject","inLanguage":"ca","@id":"https:\/\/www.cofb.org\/#\/schema\/logo\/image\/","url":"https:\/\/www.cofb.org\/wp-content\/uploads\/2023\/11\/cropped-Logotip-COFB.png","contentUrl":"https:\/\/www.cofb.org\/wp-content\/uploads\/2023\/11\/cropped-Logotip-COFB.png","width":500,"height":105,"caption":"Col\u00b7legi de Farmac\u00e8utics de Barcelona"},"image":{"@id":"https:\/\/www.cofb.org\/#\/schema\/logo\/image\/"},"sameAs":["https:\/\/www.facebook.com\/farmaceuticsbcn\/","https:\/\/twitter.com\/farmaceuticsbcn","https:\/\/www.instagram.com\/farmaceuticsbcn\/","https:\/\/www.linkedin.com\/company\/farmaceuticsbcn\/"]},{"@type":"Person","@id":"https:\/\/www.cofb.org\/#\/schema\/person\/22ed7eea88da74b0fa4d3154ad87ffcb","name":"wpAdminCofbOrg","image":{"@type":"ImageObject","inLanguage":"ca","@id":"https:\/\/www.cofb.org\/#\/schema\/person\/image\/","url":"https:\/\/secure.gravatar.com\/avatar\/1721b20b3b8ca882c3b56ec6c978c594fff670e40c0718e9190eaeeb76aae7d8?s=96&d=mm&r=g","contentUrl":"https:\/\/secure.gravatar.com\/avatar\/1721b20b3b8ca882c3b56ec6c978c594fff670e40c0718e9190eaeeb76aae7d8?s=96&d=mm&r=g","caption":"wpAdminCofbOrg"},"sameAs":["http:\/\/192.168.64.122\/wordpress"],"url":"https:\/\/www.cofb.org\/ca\/author\/wpadmincofborg\/"}]}},"uagb_featured_image_src":{"full":["https:\/\/www.cofb.org\/wp-content\/uploads\/2022\/02\/044eec71-4c8a-4b12-baec-e0c194fb0f54-uzJSU7.jpeg",852,300,false],"thumbnail":["https:\/\/www.cofb.org\/wp-content\/uploads\/2022\/02\/044eec71-4c8a-4b12-baec-e0c194fb0f54-uzJSU7-150x150.jpeg",150,150,true],"medium":["https:\/\/www.cofb.org\/wp-content\/uploads\/2022\/02\/044eec71-4c8a-4b12-baec-e0c194fb0f54-uzJSU7-300x106.jpeg",300,106,true],"medium_large":["https:\/\/www.cofb.org\/wp-content\/uploads\/2022\/02\/044eec71-4c8a-4b12-baec-e0c194fb0f54-uzJSU7-768x270.jpeg",768,270,true],"large":["https:\/\/www.cofb.org\/wp-content\/uploads\/2022\/02\/044eec71-4c8a-4b12-baec-e0c194fb0f54-uzJSU7.jpeg",852,300,false],"1536x1536":["https:\/\/www.cofb.org\/wp-content\/uploads\/2022\/02\/044eec71-4c8a-4b12-baec-e0c194fb0f54-uzJSU7.jpeg",852,300,false],"2048x2048":["https:\/\/www.cofb.org\/wp-content\/uploads\/2022\/02\/044eec71-4c8a-4b12-baec-e0c194fb0f54-uzJSU7.jpeg",852,300,false],"trp-custom-language-flag":["https:\/\/www.cofb.org\/wp-content\/uploads\/2022\/02\/044eec71-4c8a-4b12-baec-e0c194fb0f54-uzJSU7-18x6.jpeg",18,6,true]},"uagb_author_info":{"display_name":"wpAdminCofbOrg","author_link":"https:\/\/www.cofb.org\/ca\/author\/wpadmincofborg\/"},"uagb_comment_info":0,"uagb_excerpt":"\u00a0 El Congr\u00e9s i el Sal\u00f3 de la farm\u00e0cia reivindicar\u00e0 l&#8217;actuaci\u00f3 i el comprom\u00eds sanitari assumit pels farmac\u00e8utics espanyols durant la pand\u00e8mia com una oportunitat de desenvolupament professional. &#8220;La farm\u00e0cia, a primera l\u00ednia&#8221; \u00e9s el lema triat per\u00a0Infarma\u00a0Madrid 2022 per celebrar la\u00a0pr\u00f2xima edici\u00f3\u00a0del Congr\u00e9s i Sal\u00f3 Europeu de l&#8217;Oficina de [&hellip;]","_links":{"self":[{"href":"https:\/\/www.cofb.org\/ca\/wp-json\/wp\/v2\/posts\/77027","targetHints":{"allow":["GET"]}}],"collection":[{"href":"https:\/\/www.cofb.org\/ca\/wp-json\/wp\/v2\/posts"}],"about":[{"href":"https:\/\/www.cofb.org\/ca\/wp-json\/wp\/v2\/types\/post"}],"author":[{"embeddable":true,"href":"https:\/\/www.cofb.org\/ca\/wp-json\/wp\/v2\/users\/1"}],"replies":[{"embeddable":true,"href":"https:\/\/www.cofb.org\/ca\/wp-json\/wp\/v2\/comments?post=77027"}],"version-history":[{"count":0,"href":"https:\/\/www.cofb.org\/ca\/wp-json\/wp\/v2\/posts\/77027\/revisions"}],"wp:featuredmedia":[{"embeddable":true,"href":"https:\/\/www.cofb.org\/ca\/wp-json\/wp\/v2\/media\/77028"}],"wp:attachment":[{"href":"https:\/\/www.cofb.org\/ca\/wp-json\/wp\/v2\/media?parent=77027"}],"wp:term":[{"taxonomy":"category","embeddable":true,"href":"https:\/\/www.cofb.org\/ca\/wp-json\/wp\/v2\/categories?post=77027"},{"taxonomy":"post_tag","embeddable":true,"href":"https:\/\/www.cofb.org\/ca\/wp-json\/wp\/v2\/tags?post=77027"}],"curies":[{"name":"wp","href":"https:\/\/api.w.org\/{rel}","templated":true}]}}