{"id":77026,"date":"2022-02-07T14:42:00","date_gmt":"2022-02-07T14:42:00","guid":{"rendered":"https:\/\/novaorg.cofb.net\/2022\/02\/07\/laccio-conjunta-entre-el-departament-de-salut-i-les-farmacies-ha-permes-realitzar-476-330-test-dantigens-financats-des-de-linici-del-segon-trimestre-escolar-adrecats-a-la-co\/"},"modified":"2022-02-07T14:42:00","modified_gmt":"2022-02-07T14:42:00","slug":"laccio-conjunta-entre-el-departament-de-salut-i-les-farmacies-ha-permes-realitzar-476-330-test-dantigens-financats-des-de-linici-del-segon-trimestre-escolar-adrecats-a-la-co","status":"publish","type":"post","link":"https:\/\/www.cofb.org\/ca\/2022\/02\/07\/laccio-conjunta-entre-el-departament-de-salut-i-les-farmacies-ha-permes-realitzar-476-330-test-dantigens-financats-des-de-linici-del-segon-trimestre-escolar-adrecats-a-la-co\/","title":{"rendered":"L\u2019acci\u00f3 conjunta entre el Departament de Salut i les farm\u00e0cies ha perm\u00e8s realitzar 476.330 test d\u2019ant\u00edgens finan\u00e7ats des de l\u2019inici del segon trimestre escolar adre\u00e7ats a la comunitat educativa"},"content":{"rendered":"<p>\u00a0<\/p>\n<ul>\n<li>Des del 7 de febrer, el Departament de Salut replanteja els criteris per a la realitzaci\u00f3 de TAR a les escoles: s\u2019adre\u00e7ar\u00e0 a l\u2019alumnat de centres d\u2019Educaci\u00f3 especial i al professorat d\u2019Educaci\u00f3 Infantil, Educaci\u00f3 Prim\u00e0ria i centres d\u2019Educaci\u00f3 especial<\/li>\n<\/ul>\n<p>\u00a0<\/p>\n<p><em>Barcelona, 7 de febrer de 2022.<\/em> En tan sols un mes, del 10 de gener al 6 de febrer, les farm\u00e0cies catalanes han supervisat una mitjana di\u00e0ria de gaireb\u00e9 20.000 tests d\u2019ant\u00edgens finan\u00e7ats adre\u00e7ats a membres de la comunitat educativa, havent arribat a pics m\u00e0xims de m\u00e9s de 35.000 proves al dia. Aquest \u00e9s el balan\u00e7 inicial del 2022 en relaci\u00f3 al cribratge escolar impulsat pel Departament de Salut, amb la col\u00b7laboraci\u00f3 del Consell de Col\u00b7legis de Farmac\u00e8utics de Catalunya.<\/p>\n<p>En el marc d\u2019aquest cribratge, posat en marxa el mes de juliol en l\u2019\u00e0mbit del lleure educatiu d\u2019estiu, m\u00e9s de 1.600 farm\u00e0cies adherides al programa TAR han supervisat tests d\u2019ant\u00edgens a alumnat i professorat, finan\u00e7ats pel Servei Catal\u00e0 de la Salut i sense cap cost per l\u2019usuari. Concretament, durant el 1r trimestre escolar, les farm\u00e0cies catalanes van supervisar 71.515 TAR i van detectar 879 positius (\u00edndex de positivitat de l\u20191,17%). Aquestes xifres han augmentat exponencialment a l\u2019inici del 2n trimestre (un 560% m\u00e9s de testos realitzats), coincidint amb el pic de la sisena onada i la incorporaci\u00f3 de l\u2019alumnat d\u2019educaci\u00f3 prim\u00e0ria al programa: del 10 de gener al 6 de febrer, les farm\u00e0cies han supervisat 476.330 TAR i han detectat 34.593 positius (\u00edndex de positivitat de 7.26%).<\/p>\n<p>Aix\u00ed doncs, les farm\u00e0cies han col\u00b7laborat activament en l\u2019estrat\u00e8gia de Salut P\u00fablica, integrant-se en la xarxa de vigil\u00e0ncia epidemiol\u00f2gica. Els farmac\u00e8utics, com a professionals sanitaris, han assumit un ferm comprom\u00eds amb la salut de les persones, realitzant un esfor\u00e7 addicional sense precedents m\u00e9s enll\u00e0 de la seva tasca di\u00e0ria. \u00a0<\/p>\n<p><u><strong>Canvis en els criteris per a la realitzaci\u00f3 de TAR a les escoles<\/strong><\/u><\/p>\n<p>Des del 7 de febrer, atesa la situaci\u00f3 epidemiol\u00f2gica actual i a la decisi\u00f3 de retirar progressivament les mesures de control, el Departament de Salut ha replantejat els criteris per a la realitzaci\u00f3 de TAR finan\u00e7ats a les escoles i, ara, el Programa s\u2019adre\u00e7ar\u00e0 a:<\/p>\n<p>Alumnes d\u2019educaci\u00f3 especial (a partir de 6 anys immunitzats i asimptom\u00e0tics), que hagin tingut un cas positiu dins el seu grup de conviv\u00e8ncia estable (GCE) al centre educatiu o que hagin estat designats com a contactes estrets pels Serveis de vigil\u00e0ncia epidemiol\u00f2gica.<\/p>\n<p>Professionals docents dels centres d\u2019educaci\u00f3 especial, educaci\u00f3 infantil i educaci\u00f3 prim\u00e0ria immunitzats, que siguin contactes estrets d\u2019un cas positiu, sempre que siguin asimptom\u00e0tics i formin part d\u2019un GCE o altres professionals que hagin estat designats com a contactes estrets pels Serveis de vigil\u00e0ncia epidemiol\u00f2gica.<\/p>\n<p>Les prescripcions electr\u00f2niques de TAR emeses per als alumnes de prim\u00e0ria, ESO, batxillerat, FP, i altres ensenyaments que encara estiguin actives es podran seguir realitzant fins a la data de la seva vig\u00e8ncia. De manera puntual, tamb\u00e9 es podran generar prescripcions manuals seguint les indicacions dels Serveis de vigil\u00e0ncia epidemiol\u00f2gica per a qualsevol alumne\/a (a partir de 6 anys i asimptom\u00e0tic) que sigui contacte estret.<\/p>\n<p><u><strong>Continuen en marxa els TAR no finan\u00e7ats per poblaci\u00f3 general i la notificaci\u00f3 d\u2019auto test positius realitzats al domicili<\/strong><\/u><\/p>\n<p>A banda d\u2019aquest cribratge, les farm\u00e0cies tamb\u00e9 realitzen tests d\u2019ant\u00edgens supervisats, no finan\u00e7ats, adre\u00e7ats a la poblaci\u00f3 general. En total, comptant les dues modalitats de TAR, des del juliol la xarxa de farm\u00e0cies de Catalunya ha realitzat m\u00e9s de 821.492 tests d\u2019ant\u00edgens supervisats i ha detectat m\u00e9s de 61.454 positius.<\/p>\n<p>Aix\u00ed mateix, el passat 3 de gener les farm\u00e0cies adherides al programa TAR van comen\u00e7ar a notificar positius dels auto tests realitzats al domicili. Ja s\u00f3n m\u00e9s de 311.304 els positius comunicats al Departament de Salut des de les farm\u00e0cies, que es tradueixen en trucades i consultes evitades als Centres d\u2019Atenci\u00f3 Prim\u00e0ria. En el moment de registrar el positiu, els farmac\u00e8utics realitzen una important tasca d\u2019educaci\u00f3 sanit\u00e0ria resolent dubtes de la poblaci\u00f3 i, per tant, la farm\u00e0cia catalana contribueix a la descongesti\u00f3 del sistema sanitari.<\/p>\n<p>\u00a0Des del 7 de febrer, el Departament de Salut replanteja els criteris per a la realitzaci\u00f3 de TAR a les escoles: s\u2019adre\u00e7ar\u00e0 a l\u2019alumnat de centres d\u2019Educaci\u00f3 especial i al professorat d\u2019Educaci\u00f3 Infantil, Educaci\u00f3 Prim\u00e0ria i centres d\u2019Educaci\u00f3 especial<\/p>\n<p>\u00a0<\/p>\n<p>Barcelona, 7 de febrer de 2022. En tan sols un mes, del 10 de gener al 6 de febrer, les farm\u00e0cies catalanes han supervisat una mitjana di\u00e0ria de gaireb\u00e9 20.000 tests d\u2019ant\u00edgens finan\u00e7ats adre\u00e7ats a membres de la comunitat educativa, havent arribat a pics m\u00e0xims de m\u00e9s de 35.000 proves al dia. Aquest \u00e9s el balan\u00e7 inicial del 2022 en relaci\u00f3 al cribratge escolar impulsat pel Departament de Salut, amb la col\u00b7laboraci\u00f3 del Consell de Col\u00b7legis de Farmac\u00e8utics de Catalunya.<\/p>\n<p>En el marc d\u2019aquest cribratge, posat en marxa el mes de juliol en l\u2019\u00e0mbit del lleure educatiu d\u2019estiu, m\u00e9s de 1.600 farm\u00e0cies adherides al programa TAR han supervisat tests d\u2019ant\u00edgens a alumnat i professorat, finan\u00e7ats pel Servei Catal\u00e0 de la Salut i sense cap cost per l\u2019usuari. Concretament, durant el 1r trimestre escolar, les farm\u00e0cies catalanes van supervisar 71.515 TAR i van detectar 879 positius (\u00edndex de positivitat de l\u20191,17%). Aquestes xifres han augmentat exponencialment a l\u2019inici del 2n trimestre (un 560% m\u00e9s de testos realitzats), coincidint amb el pic de la sisena onada i la incorporaci\u00f3 de l\u2019alumnat d\u2019educaci\u00f3 prim\u00e0ria al programa: del 10 de gener al 6 de febrer, les farm\u00e0cies han supervisat 476.330 TAR i han detectat 34.593 positius (\u00edndex de positivitat de 7.26%).<\/p>\n<p>Aix\u00ed doncs, les farm\u00e0cies han col\u00b7laborat activament en l\u2019estrat\u00e8gia de Salut P\u00fablica, integrant-se en la xarxa de vigil\u00e0ncia epidemiol\u00f2gica. Els farmac\u00e8utics, com a professionals sanitaris, han assumit un ferm comprom\u00eds amb la salut de les persones, realitzant un esfor\u00e7 addicional sense precedents m\u00e9s enll\u00e0 de la seva tasca di\u00e0ria. \u00a0<\/p>\n<p>Canvis en els criteris per a la realitzaci\u00f3 de TAR a les escoles<\/p>\n<p>Des del 7 de febrer, atesa la situaci\u00f3 epidemiol\u00f2gica actual i a la decisi\u00f3 de retirar progressivament les mesures de control, el Departament de Salut ha replantejat els criteris per a la realitzaci\u00f3 de TAR finan\u00e7ats a les escoles i, ara, el Programa s\u2019adre\u00e7ar\u00e0 a:<\/p>\n<p>Alumnes d\u2019educaci\u00f3 especial (a partir de 6 anys immunitzats i asimptom\u00e0tics), que hagin tingut un cas positiu dins el seu grup de conviv\u00e8ncia estable (GCE) al centre educatiu o que hagin estat designats com a contactes estrets pels Serveis de vigil\u00e0ncia epidemiol\u00f2gica.<\/p>\n<p>Professionals docents dels centres d\u2019educaci\u00f3 especial, educaci\u00f3 infantil i educaci\u00f3 prim\u00e0ria immunitzats, que siguin contactes estrets d\u2019un cas positiu, sempre que siguin asimptom\u00e0tics i formin part d\u2019un GCE o altres professionals que hagin estat designats com a contactes estrets pels Serveis de vigil\u00e0ncia epidemiol\u00f2gica.<\/p>\n<p>Les prescripcions electr\u00f2niques de TAR emeses per als alumnes de prim\u00e0ria, ESO, batxillerat, FP, i altres ensenyaments que encara estiguin actives es podran seguir realitzant fins a la data de la seva vig\u00e8ncia. De manera puntual, tamb\u00e9 es podran generar prescripcions manuals seguint les indicacions dels Serveis de vigil\u00e0ncia epidemiol\u00f2gica per a qualsevol alumne\/a (a partir de 6 anys i asimptom\u00e0tic) que sigui contacte estret.<\/p>\n<p>Continuen en marxa els TAR no finan\u00e7ats per poblaci\u00f3 general i la notificaci\u00f3 d\u2019auto test positius realitzats al domicili<\/p>\n<p>A banda d\u2019aquest cribratge, les farm\u00e0cies tamb\u00e9 realitzen tests d\u2019ant\u00edgens supervisats, no finan\u00e7ats, adre\u00e7ats a la poblaci\u00f3 general. En total, comptant les dues modalitats de TAR, des del juliol la xarxa de farm\u00e0cies de Catalunya ha realitzat m\u00e9s de 821.492 tests d\u2019ant\u00edgens supervisats i ha detectat m\u00e9s de 61.454 positius.<\/p>\n<p>Aix\u00ed mateix, el passat 3 de gener les farm\u00e0cies adherides al programa TAR van comen\u00e7ar a notificar positius dels auto tests realitzats al domicili. Ja s\u00f3n m\u00e9s de 311.304 els positius comunicats al Departament de Salut des de les farm\u00e0cies, que es tradueixen en trucades i consultes evitades als Centres d\u2019Atenci\u00f3 Prim\u00e0ria. En el moment de registrar el positiu, els farmac\u00e8utics realitzen una important tasca d\u2019educaci\u00f3 sanit\u00e0ria resolent dubtes de la poblaci\u00f3 i, per tant, la farm\u00e0cia catalana contribueix a la descongesti\u00f3 del sistema sanitari.\u00a0\u00a0COFB.ORG<\/p>\n","protected":false},"excerpt":{"rendered":"<p>\u00a0 Des del 7 de febrer, el Departament de Salut replanteja els criteris per a la realitzaci\u00f3 de TAR a les escoles: s\u2019adre\u00e7ar\u00e0 a l\u2019alumnat de centres d\u2019Educaci\u00f3 especial i al professorat d\u2019Educaci\u00f3 Infantil, Educaci\u00f3 Prim\u00e0ria i centres d\u2019Educaci\u00f3 especial \u00a0 Barcelona, 7 de febrer de 2022. En tan sols [&hellip;]<\/p>\n","protected":false},"author":1,"featured_media":0,"comment_status":"","ping_status":"","sticky":false,"template":"","format":"standard","meta":{"_uag_custom_page_level_css":"","site-sidebar-layout":"default","site-content-layout":"","ast-site-content-layout":"default","site-content-style":"default","site-sidebar-style":"default","ast-global-header-display":"","ast-banner-title-visibility":"","ast-main-header-display":"","ast-hfb-above-header-display":"","ast-hfb-below-header-display":"","ast-hfb-mobile-header-display":"","site-post-title":"","ast-breadcrumbs-content":"","ast-featured-img":"disabled","footer-sml-layout":"","theme-transparent-header-meta":"","adv-header-id-meta":"","stick-header-meta":"","header-above-stick-meta":"","header-main-stick-meta":"","header-below-stick-meta":"","astra-migrate-meta-layouts":"default","ast-page-background-enabled":"default","ast-page-background-meta":{"desktop":{"background-color":"var(--ast-global-color-4)","background-image":"","background-repeat":"repeat","background-position":"center center","background-size":"auto","background-attachment":"scroll","background-type":"","background-media":"","overlay-type":"","overlay-color":"","overlay-opacity":"","overlay-gradient":""},"tablet":{"background-color":"","background-image":"","background-repeat":"repeat","background-position":"center center","background-size":"auto","background-attachment":"scroll","background-type":"","background-media":"","overlay-type":"","overlay-color":"","overlay-opacity":"","overlay-gradient":""},"mobile":{"background-color":"","background-image":"","background-repeat":"repeat","background-position":"center center","background-size":"auto","background-attachment":"scroll","background-type":"","background-media":"","overlay-type":"","overlay-color":"","overlay-opacity":"","overlay-gradient":""}},"ast-content-background-meta":{"desktop":{"background-color":"var(--ast-global-color-5)","background-image":"","background-repeat":"repeat","background-position":"center center","background-size":"auto","background-attachment":"scroll","background-type":"","background-media":"","overlay-type":"","overlay-color":"","overlay-opacity":"","overlay-gradient":""},"tablet":{"background-color":"var(--ast-global-color-5)","background-image":"","background-repeat":"repeat","background-position":"center center","background-size":"auto","background-attachment":"scroll","background-type":"","background-media":"","overlay-type":"","overlay-color":"","overlay-opacity":"","overlay-gradient":""},"mobile":{"background-color":"var(--ast-global-color-5)","background-image":"","background-repeat":"repeat","background-position":"center center","background-size":"auto","background-attachment":"scroll","background-type":"","background-media":"","overlay-type":"","overlay-color":"","overlay-opacity":"","overlay-gradient":""}},"footnotes":""},"categories":[1060,1066],"tags":[],"class_list":["post-77026","post","type-post","status-publish","format-standard","hentry","category-notes-premsa","category-sense-categoria-ca"],"yoast_head":"<!-- This site is optimized with the Yoast SEO plugin v22.4 - https:\/\/yoast.com\/wordpress\/plugins\/seo\/ -->\n<title>L\u2019acci\u00f3 conjunta entre el Departament de Salut i les farm\u00e0cies ha perm\u00e8s realitzar 476.330 test d\u2019ant\u00edgens finan\u00e7ats des de l\u2019inici del segon trimestre escolar adre\u00e7ats a la comunitat educativa - Col\u00b7legi de Farmac\u00e8utics de Barcelona<\/title>\n<meta name=\"robots\" content=\"index, follow, max-snippet:-1, max-image-preview:large, max-video-preview:-1\" \/>\n<link rel=\"canonical\" href=\"https:\/\/novaorg.cofb.net\/2022\/02\/07\/laccio-conjunta-entre-el-departament-de-salut-i-les-farmacies-ha-permes-realitzar-476-330-test-dantigens-financats-des-de-linici-del-segon-trimestre-escolar-adrecats-a-la-co\/\" \/>\n<meta property=\"og:locale\" content=\"ca_ES\" \/>\n<meta property=\"og:type\" content=\"article\" \/>\n<meta property=\"og:title\" content=\"L\u2019acci\u00f3 conjunta entre el Departament de Salut i les farm\u00e0cies ha perm\u00e8s realitzar 476.330 test d\u2019ant\u00edgens finan\u00e7ats des de l\u2019inici del segon trimestre escolar adre\u00e7ats a la comunitat educativa - Col\u00b7legi de Farmac\u00e8utics de Barcelona\" \/>\n<meta property=\"og:description\" content=\"\u00a0 Des del 7 de febrer, el Departament de Salut replanteja els criteris per a la realitzaci\u00f3 de TAR a les escoles: s\u2019adre\u00e7ar\u00e0 a l\u2019alumnat de centres d\u2019Educaci\u00f3 especial i al professorat d\u2019Educaci\u00f3 Infantil, Educaci\u00f3 Prim\u00e0ria i centres d\u2019Educaci\u00f3 especial \u00a0 Barcelona, 7 de febrer de 2022. En tan sols [&hellip;]\" \/>\n<meta property=\"og:url\" content=\"https:\/\/novaorg.cofb.net\/2022\/02\/07\/laccio-conjunta-entre-el-departament-de-salut-i-les-farmacies-ha-permes-realitzar-476-330-test-dantigens-financats-des-de-linici-del-segon-trimestre-escolar-adrecats-a-la-co\/\" \/>\n<meta property=\"og:site_name\" content=\"Col\u00b7legi de Farmac\u00e8utics de Barcelona\" \/>\n<meta property=\"article:publisher\" content=\"https:\/\/www.facebook.com\/farmaceuticsbcn\/\" \/>\n<meta property=\"article:published_time\" content=\"2022-02-07T14:42:00+00:00\" \/>\n<meta name=\"author\" content=\"wpAdminCofbOrg\" \/>\n<meta name=\"twitter:card\" content=\"summary_large_image\" \/>\n<meta name=\"twitter:creator\" content=\"@farmaceuticsbcn\" \/>\n<meta name=\"twitter:site\" content=\"@farmaceuticsbcn\" \/>\n<meta name=\"twitter:label1\" content=\"Escrit per\" \/>\n\t<meta name=\"twitter:data1\" content=\"wpAdminCofbOrg\" \/>\n\t<meta name=\"twitter:label2\" content=\"Temps estimat de lectura\" \/>\n\t<meta name=\"twitter:data2\" content=\"7 minuts\" \/>\n<script type=\"application\/ld+json\" class=\"yoast-schema-graph\">{\"@context\":\"https:\/\/schema.org\",\"@graph\":[{\"@type\":\"Article\",\"@id\":\"https:\/\/novaorg.cofb.net\/2022\/02\/07\/laccio-conjunta-entre-el-departament-de-salut-i-les-farmacies-ha-permes-realitzar-476-330-test-dantigens-financats-des-de-linici-del-segon-trimestre-escolar-adrecats-a-la-co\/#article\",\"isPartOf\":{\"@id\":\"https:\/\/novaorg.cofb.net\/2022\/02\/07\/laccio-conjunta-entre-el-departament-de-salut-i-les-farmacies-ha-permes-realitzar-476-330-test-dantigens-financats-des-de-linici-del-segon-trimestre-escolar-adrecats-a-la-co\/\"},\"author\":{\"name\":\"wpAdminCofbOrg\",\"@id\":\"https:\/\/www.cofb.org\/#\/schema\/person\/22ed7eea88da74b0fa4d3154ad87ffcb\"},\"headline\":\"L\u2019acci\u00f3 conjunta entre el Departament de Salut i les farm\u00e0cies ha perm\u00e8s realitzar 476.330 test d\u2019ant\u00edgens finan\u00e7ats des de l\u2019inici del segon trimestre escolar adre\u00e7ats a la comunitat educativa\",\"datePublished\":\"2022-02-07T14:42:00+00:00\",\"dateModified\":\"2022-02-07T14:42:00+00:00\",\"mainEntityOfPage\":{\"@id\":\"https:\/\/novaorg.cofb.net\/2022\/02\/07\/laccio-conjunta-entre-el-departament-de-salut-i-les-farmacies-ha-permes-realitzar-476-330-test-dantigens-financats-des-de-linici-del-segon-trimestre-escolar-adrecats-a-la-co\/\"},\"wordCount\":1490,\"publisher\":{\"@id\":\"https:\/\/www.cofb.org\/#organization\"},\"articleSection\":[\"Notes de premsa\"],\"inLanguage\":\"ca\"},{\"@type\":\"WebPage\",\"@id\":\"https:\/\/novaorg.cofb.net\/2022\/02\/07\/laccio-conjunta-entre-el-departament-de-salut-i-les-farmacies-ha-permes-realitzar-476-330-test-dantigens-financats-des-de-linici-del-segon-trimestre-escolar-adrecats-a-la-co\/\",\"url\":\"https:\/\/novaorg.cofb.net\/2022\/02\/07\/laccio-conjunta-entre-el-departament-de-salut-i-les-farmacies-ha-permes-realitzar-476-330-test-dantigens-financats-des-de-linici-del-segon-trimestre-escolar-adrecats-a-la-co\/\",\"name\":\"L\u2019acci\u00f3 conjunta entre el Departament de Salut i les farm\u00e0cies ha perm\u00e8s realitzar 476.330 test d\u2019ant\u00edgens finan\u00e7ats des de l\u2019inici del segon trimestre escolar adre\u00e7ats a la comunitat educativa - Col\u00b7legi de Farmac\u00e8utics de Barcelona\",\"isPartOf\":{\"@id\":\"https:\/\/www.cofb.org\/#website\"},\"datePublished\":\"2022-02-07T14:42:00+00:00\",\"dateModified\":\"2022-02-07T14:42:00+00:00\",\"breadcrumb\":{\"@id\":\"https:\/\/novaorg.cofb.net\/2022\/02\/07\/laccio-conjunta-entre-el-departament-de-salut-i-les-farmacies-ha-permes-realitzar-476-330-test-dantigens-financats-des-de-linici-del-segon-trimestre-escolar-adrecats-a-la-co\/#breadcrumb\"},\"inLanguage\":\"ca\",\"potentialAction\":[{\"@type\":\"ReadAction\",\"target\":[\"https:\/\/novaorg.cofb.net\/2022\/02\/07\/laccio-conjunta-entre-el-departament-de-salut-i-les-farmacies-ha-permes-realitzar-476-330-test-dantigens-financats-des-de-linici-del-segon-trimestre-escolar-adrecats-a-la-co\/\"]}]},{\"@type\":\"BreadcrumbList\",\"@id\":\"https:\/\/novaorg.cofb.net\/2022\/02\/07\/laccio-conjunta-entre-el-departament-de-salut-i-les-farmacies-ha-permes-realitzar-476-330-test-dantigens-financats-des-de-linici-del-segon-trimestre-escolar-adrecats-a-la-co\/#breadcrumb\",\"itemListElement\":[{\"@type\":\"ListItem\",\"position\":1,\"name\":\"Inici\",\"item\":\"https:\/\/novaorg.cofb.net\/\"},{\"@type\":\"ListItem\",\"position\":2,\"name\":\"L\u2019acci\u00f3 conjunta entre el Departament de Salut i les farm\u00e0cies ha perm\u00e8s realitzar 476.330 test d\u2019ant\u00edgens finan\u00e7ats des de l\u2019inici del segon trimestre escolar adre\u00e7ats a la comunitat educativa\"}]},{\"@type\":\"WebSite\",\"@id\":\"https:\/\/www.cofb.org\/#website\",\"url\":\"https:\/\/www.cofb.org\/\",\"name\":\"Col\u00b7legi de Farmac\u00e8utics de Barcelona\",\"description\":\"\",\"publisher\":{\"@id\":\"https:\/\/www.cofb.org\/#organization\"},\"potentialAction\":[{\"@type\":\"SearchAction\",\"target\":{\"@type\":\"EntryPoint\",\"urlTemplate\":\"https:\/\/www.cofb.org\/?s={search_term_string}\"},\"query-input\":\"required name=search_term_string\"}],\"inLanguage\":\"ca\"},{\"@type\":\"Organization\",\"@id\":\"https:\/\/www.cofb.org\/#organization\",\"name\":\"Col\u00b7legi de Farmac\u00e8utics de Barcelona\",\"url\":\"https:\/\/www.cofb.org\/\",\"logo\":{\"@type\":\"ImageObject\",\"inLanguage\":\"ca\",\"@id\":\"https:\/\/www.cofb.org\/#\/schema\/logo\/image\/\",\"url\":\"https:\/\/www.cofb.org\/wp-content\/uploads\/2023\/11\/cropped-Logotip-COFB.png\",\"contentUrl\":\"https:\/\/www.cofb.org\/wp-content\/uploads\/2023\/11\/cropped-Logotip-COFB.png\",\"width\":500,\"height\":105,\"caption\":\"Col\u00b7legi de Farmac\u00e8utics de Barcelona\"},\"image\":{\"@id\":\"https:\/\/www.cofb.org\/#\/schema\/logo\/image\/\"},\"sameAs\":[\"https:\/\/www.facebook.com\/farmaceuticsbcn\/\",\"https:\/\/twitter.com\/farmaceuticsbcn\",\"https:\/\/www.instagram.com\/farmaceuticsbcn\/\",\"https:\/\/www.linkedin.com\/company\/farmaceuticsbcn\/\"]},{\"@type\":\"Person\",\"@id\":\"https:\/\/www.cofb.org\/#\/schema\/person\/22ed7eea88da74b0fa4d3154ad87ffcb\",\"name\":\"wpAdminCofbOrg\",\"image\":{\"@type\":\"ImageObject\",\"inLanguage\":\"ca\",\"@id\":\"https:\/\/www.cofb.org\/#\/schema\/person\/image\/\",\"url\":\"https:\/\/secure.gravatar.com\/avatar\/1721b20b3b8ca882c3b56ec6c978c594fff670e40c0718e9190eaeeb76aae7d8?s=96&d=mm&r=g\",\"contentUrl\":\"https:\/\/secure.gravatar.com\/avatar\/1721b20b3b8ca882c3b56ec6c978c594fff670e40c0718e9190eaeeb76aae7d8?s=96&d=mm&r=g\",\"caption\":\"wpAdminCofbOrg\"},\"sameAs\":[\"http:\/\/192.168.64.122\/wordpress\"],\"url\":\"https:\/\/www.cofb.org\/ca\/author\/wpadmincofborg\/\"}]}<\/script>\n<!-- \/ Yoast SEO plugin. -->","yoast_head_json":{"title":"L\u2019acci\u00f3 conjunta entre el Departament de Salut i les farm\u00e0cies ha perm\u00e8s realitzar 476.330 test d\u2019ant\u00edgens finan\u00e7ats des de l\u2019inici del segon trimestre escolar adre\u00e7ats a la comunitat educativa - Col\u00b7legi de Farmac\u00e8utics de Barcelona","robots":{"index":"index","follow":"follow","max-snippet":"max-snippet:-1","max-image-preview":"max-image-preview:large","max-video-preview":"max-video-preview:-1"},"canonical":"https:\/\/novaorg.cofb.net\/2022\/02\/07\/laccio-conjunta-entre-el-departament-de-salut-i-les-farmacies-ha-permes-realitzar-476-330-test-dantigens-financats-des-de-linici-del-segon-trimestre-escolar-adrecats-a-la-co\/","og_locale":"ca_ES","og_type":"article","og_title":"L\u2019acci\u00f3 conjunta entre el Departament de Salut i les farm\u00e0cies ha perm\u00e8s realitzar 476.330 test d\u2019ant\u00edgens finan\u00e7ats des de l\u2019inici del segon trimestre escolar adre\u00e7ats a la comunitat educativa - Col\u00b7legi de Farmac\u00e8utics de Barcelona","og_description":"\u00a0 Des del 7 de febrer, el Departament de Salut replanteja els criteris per a la realitzaci\u00f3 de TAR a les escoles: s\u2019adre\u00e7ar\u00e0 a l\u2019alumnat de centres d\u2019Educaci\u00f3 especial i al professorat d\u2019Educaci\u00f3 Infantil, Educaci\u00f3 Prim\u00e0ria i centres d\u2019Educaci\u00f3 especial \u00a0 Barcelona, 7 de febrer de 2022. En tan sols [&hellip;]","og_url":"https:\/\/novaorg.cofb.net\/2022\/02\/07\/laccio-conjunta-entre-el-departament-de-salut-i-les-farmacies-ha-permes-realitzar-476-330-test-dantigens-financats-des-de-linici-del-segon-trimestre-escolar-adrecats-a-la-co\/","og_site_name":"Col\u00b7legi de Farmac\u00e8utics de Barcelona","article_publisher":"https:\/\/www.facebook.com\/farmaceuticsbcn\/","article_published_time":"2022-02-07T14:42:00+00:00","author":"wpAdminCofbOrg","twitter_card":"summary_large_image","twitter_creator":"@farmaceuticsbcn","twitter_site":"@farmaceuticsbcn","twitter_misc":{"Escrit per":"wpAdminCofbOrg","Temps estimat de lectura":"7 minuts"},"schema":{"@context":"https:\/\/schema.org","@graph":[{"@type":"Article","@id":"https:\/\/novaorg.cofb.net\/2022\/02\/07\/laccio-conjunta-entre-el-departament-de-salut-i-les-farmacies-ha-permes-realitzar-476-330-test-dantigens-financats-des-de-linici-del-segon-trimestre-escolar-adrecats-a-la-co\/#article","isPartOf":{"@id":"https:\/\/novaorg.cofb.net\/2022\/02\/07\/laccio-conjunta-entre-el-departament-de-salut-i-les-farmacies-ha-permes-realitzar-476-330-test-dantigens-financats-des-de-linici-del-segon-trimestre-escolar-adrecats-a-la-co\/"},"author":{"name":"wpAdminCofbOrg","@id":"https:\/\/www.cofb.org\/#\/schema\/person\/22ed7eea88da74b0fa4d3154ad87ffcb"},"headline":"L\u2019acci\u00f3 conjunta entre el Departament de Salut i les farm\u00e0cies ha perm\u00e8s realitzar 476.330 test d\u2019ant\u00edgens finan\u00e7ats des de l\u2019inici del segon trimestre escolar adre\u00e7ats a la comunitat educativa","datePublished":"2022-02-07T14:42:00+00:00","dateModified":"2022-02-07T14:42:00+00:00","mainEntityOfPage":{"@id":"https:\/\/novaorg.cofb.net\/2022\/02\/07\/laccio-conjunta-entre-el-departament-de-salut-i-les-farmacies-ha-permes-realitzar-476-330-test-dantigens-financats-des-de-linici-del-segon-trimestre-escolar-adrecats-a-la-co\/"},"wordCount":1490,"publisher":{"@id":"https:\/\/www.cofb.org\/#organization"},"articleSection":["Notes de premsa"],"inLanguage":"ca"},{"@type":"WebPage","@id":"https:\/\/novaorg.cofb.net\/2022\/02\/07\/laccio-conjunta-entre-el-departament-de-salut-i-les-farmacies-ha-permes-realitzar-476-330-test-dantigens-financats-des-de-linici-del-segon-trimestre-escolar-adrecats-a-la-co\/","url":"https:\/\/novaorg.cofb.net\/2022\/02\/07\/laccio-conjunta-entre-el-departament-de-salut-i-les-farmacies-ha-permes-realitzar-476-330-test-dantigens-financats-des-de-linici-del-segon-trimestre-escolar-adrecats-a-la-co\/","name":"L\u2019acci\u00f3 conjunta entre el Departament de Salut i les farm\u00e0cies ha perm\u00e8s realitzar 476.330 test d\u2019ant\u00edgens finan\u00e7ats des de l\u2019inici del segon trimestre escolar adre\u00e7ats a la comunitat educativa - Col\u00b7legi de Farmac\u00e8utics de Barcelona","isPartOf":{"@id":"https:\/\/www.cofb.org\/#website"},"datePublished":"2022-02-07T14:42:00+00:00","dateModified":"2022-02-07T14:42:00+00:00","breadcrumb":{"@id":"https:\/\/novaorg.cofb.net\/2022\/02\/07\/laccio-conjunta-entre-el-departament-de-salut-i-les-farmacies-ha-permes-realitzar-476-330-test-dantigens-financats-des-de-linici-del-segon-trimestre-escolar-adrecats-a-la-co\/#breadcrumb"},"inLanguage":"ca","potentialAction":[{"@type":"ReadAction","target":["https:\/\/novaorg.cofb.net\/2022\/02\/07\/laccio-conjunta-entre-el-departament-de-salut-i-les-farmacies-ha-permes-realitzar-476-330-test-dantigens-financats-des-de-linici-del-segon-trimestre-escolar-adrecats-a-la-co\/"]}]},{"@type":"BreadcrumbList","@id":"https:\/\/novaorg.cofb.net\/2022\/02\/07\/laccio-conjunta-entre-el-departament-de-salut-i-les-farmacies-ha-permes-realitzar-476-330-test-dantigens-financats-des-de-linici-del-segon-trimestre-escolar-adrecats-a-la-co\/#breadcrumb","itemListElement":[{"@type":"ListItem","position":1,"name":"Inici","item":"https:\/\/novaorg.cofb.net\/"},{"@type":"ListItem","position":2,"name":"L\u2019acci\u00f3 conjunta entre el Departament de Salut i les farm\u00e0cies ha perm\u00e8s realitzar 476.330 test d\u2019ant\u00edgens finan\u00e7ats des de l\u2019inici del segon trimestre escolar adre\u00e7ats a la comunitat educativa"}]},{"@type":"WebSite","@id":"https:\/\/www.cofb.org\/#website","url":"https:\/\/www.cofb.org\/","name":"Col\u00b7legi de Farmac\u00e8utics de Barcelona","description":"","publisher":{"@id":"https:\/\/www.cofb.org\/#organization"},"potentialAction":[{"@type":"SearchAction","target":{"@type":"EntryPoint","urlTemplate":"https:\/\/www.cofb.org\/?s={search_term_string}"},"query-input":"required name=search_term_string"}],"inLanguage":"ca"},{"@type":"Organization","@id":"https:\/\/www.cofb.org\/#organization","name":"Col\u00b7legi de Farmac\u00e8utics de Barcelona","url":"https:\/\/www.cofb.org\/","logo":{"@type":"ImageObject","inLanguage":"ca","@id":"https:\/\/www.cofb.org\/#\/schema\/logo\/image\/","url":"https:\/\/www.cofb.org\/wp-content\/uploads\/2023\/11\/cropped-Logotip-COFB.png","contentUrl":"https:\/\/www.cofb.org\/wp-content\/uploads\/2023\/11\/cropped-Logotip-COFB.png","width":500,"height":105,"caption":"Col\u00b7legi de Farmac\u00e8utics de Barcelona"},"image":{"@id":"https:\/\/www.cofb.org\/#\/schema\/logo\/image\/"},"sameAs":["https:\/\/www.facebook.com\/farmaceuticsbcn\/","https:\/\/twitter.com\/farmaceuticsbcn","https:\/\/www.instagram.com\/farmaceuticsbcn\/","https:\/\/www.linkedin.com\/company\/farmaceuticsbcn\/"]},{"@type":"Person","@id":"https:\/\/www.cofb.org\/#\/schema\/person\/22ed7eea88da74b0fa4d3154ad87ffcb","name":"wpAdminCofbOrg","image":{"@type":"ImageObject","inLanguage":"ca","@id":"https:\/\/www.cofb.org\/#\/schema\/person\/image\/","url":"https:\/\/secure.gravatar.com\/avatar\/1721b20b3b8ca882c3b56ec6c978c594fff670e40c0718e9190eaeeb76aae7d8?s=96&d=mm&r=g","contentUrl":"https:\/\/secure.gravatar.com\/avatar\/1721b20b3b8ca882c3b56ec6c978c594fff670e40c0718e9190eaeeb76aae7d8?s=96&d=mm&r=g","caption":"wpAdminCofbOrg"},"sameAs":["http:\/\/192.168.64.122\/wordpress"],"url":"https:\/\/www.cofb.org\/ca\/author\/wpadmincofborg\/"}]}},"uagb_featured_image_src":{"full":false,"thumbnail":false,"medium":false,"medium_large":false,"large":false,"1536x1536":false,"2048x2048":false,"trp-custom-language-flag":false},"uagb_author_info":{"display_name":"wpAdminCofbOrg","author_link":"https:\/\/www.cofb.org\/ca\/author\/wpadmincofborg\/"},"uagb_comment_info":0,"uagb_excerpt":"\u00a0 Des del 7 de febrer, el Departament de Salut replanteja els criteris per a la realitzaci\u00f3 de TAR a les escoles: s\u2019adre\u00e7ar\u00e0 a l\u2019alumnat de centres d\u2019Educaci\u00f3 especial i al professorat d\u2019Educaci\u00f3 Infantil, Educaci\u00f3 Prim\u00e0ria i centres d\u2019Educaci\u00f3 especial \u00a0 Barcelona, 7 de febrer de 2022. En tan sols [&hellip;]","_links":{"self":[{"href":"https:\/\/www.cofb.org\/ca\/wp-json\/wp\/v2\/posts\/77026","targetHints":{"allow":["GET"]}}],"collection":[{"href":"https:\/\/www.cofb.org\/ca\/wp-json\/wp\/v2\/posts"}],"about":[{"href":"https:\/\/www.cofb.org\/ca\/wp-json\/wp\/v2\/types\/post"}],"author":[{"embeddable":true,"href":"https:\/\/www.cofb.org\/ca\/wp-json\/wp\/v2\/users\/1"}],"replies":[{"embeddable":true,"href":"https:\/\/www.cofb.org\/ca\/wp-json\/wp\/v2\/comments?post=77026"}],"version-history":[{"count":0,"href":"https:\/\/www.cofb.org\/ca\/wp-json\/wp\/v2\/posts\/77026\/revisions"}],"wp:attachment":[{"href":"https:\/\/www.cofb.org\/ca\/wp-json\/wp\/v2\/media?parent=77026"}],"wp:term":[{"taxonomy":"category","embeddable":true,"href":"https:\/\/www.cofb.org\/ca\/wp-json\/wp\/v2\/categories?post=77026"},{"taxonomy":"post_tag","embeddable":true,"href":"https:\/\/www.cofb.org\/ca\/wp-json\/wp\/v2\/tags?post=77026"}],"curies":[{"name":"wp","href":"https:\/\/api.w.org\/{rel}","templated":true}]}}