{"id":77024,"date":"2022-02-11T11:40:00","date_gmt":"2022-02-11T11:40:00","guid":{"rendered":"https:\/\/novaorg.cofb.net\/2022\/02\/11\/mes-de-400-laboratoris-i-empreses-es-donaran-cita-a-infarma-madrid-2022\/"},"modified":"2022-02-11T11:40:00","modified_gmt":"2022-02-11T11:40:00","slug":"mes-de-400-laboratoris-i-empreses-es-donaran-cita-a-infarma-madrid-2022","status":"publish","type":"post","link":"https:\/\/www.cofb.org\/ca\/2022\/02\/11\/mes-de-400-laboratoris-i-empreses-es-donaran-cita-a-infarma-madrid-2022\/","title":{"rendered":"M\u00e9s de 400 laboratoris i empreses es donaran cita a &#8216;Infarma Madrid 2022&#8217;"},"content":{"rendered":"<p>\u00a0<\/p>\n<ul>\n<li>El Congr\u00e9s i Sal\u00f3 de la farm\u00e0cia ultima una edici\u00f3 que recupera els nivells de convocat\u00f2ria i participaci\u00f3 anteriors a la pand\u00e8mia.<\/li>\n<li>Tres pavellons d&#8217;Ifema acolliran la zona comercial i congressual d&#8217;un esdeveniment convertit en el gran aparador del sector d&#8217;oficina de farm\u00e0cia a Espanya.<\/li>\n<\/ul>\n<p>\u00a0<\/p>\n<p>A 40 dies que Infarma Madrid 2022 obri les portes el pr\u00f2xim 22 de mar\u00e7, els organitzadors es troben molt satisfets del nivell de resposta obtingut del sector. Al voltant de 420 laboratoris i empreses vinculades a la farm\u00e0cia i m\u00e9s d&#8217;un miler de marques comercials estaran representats a una fira consolidada com la cita empresarial de refer\u00e8ncia del sector a Espanya.<\/p>\n<p><img decoding=\"async\" alt=\"\" src=\"https:\/\/www.cofb.org\/documents\/10136\/1091470\/infarma+%2B+400....jpg\/e40322ff-a1a4-49a2-bc52-19f73954f3a6?t=1644576026984\"><\/p>\n<p>Organitzat pels col\u00b7legis oficials de farmac\u00e8utics de Madrid i Barcelona, \u200b\u200ben col\u00b7laboraci\u00f3 amb Interalia, la superf\u00edcie neta contractada d&#8217;estands directes a Infarma supera, per primera vegada, els 10.000 metres quadrats, que es corresponen amb 265 estands expositors directes oberts al Sal\u00f3.<\/p>\n<p>Els segments de dermofarm\u00e0cia, complements alimentaris i nutrici\u00f3, comercialitzaci\u00f3 i distribuci\u00f3 o parafarm\u00e0cia seran els m\u00e9s representats a la fira comercial.<\/p>\n<p>Tot i que encara \u00e9s aviat per avan\u00e7ar una xifra de congressistes i visitants professionals, el director del Sal\u00f3, Ramon Llunell, es mostra molt satisfet, perqu\u00e8 les inscripcions es troben als nivells anteriors a la pand\u00e8mia i \u00e9s optimista de cara a Infarma Madrid 2022. &#8220;Detectem que hi ha moltes ganes de recuperar la normalitat i de participar en aquesta pr\u00f2xima edici\u00f3 que marca el retrobament entre els professionals del sector&#8221;, assenyala.<\/p>\n<p>Ram\u00f3n Llunel destaca tamb\u00e9 la participaci\u00f3 i la fidelitzaci\u00f3 dels expositors, que atribueix a &#8220;la gran resili\u00e8ncia del sector d&#8217;oficina de farm\u00e0cia, que ha demostrat sempre la seva fortalesa davant de situacions d&#8217;estr\u00e8s econ\u00f2mic&#8221;, aix\u00ed com a la &#8220;consolidaci\u00f3 d&#8217;un esdeveniment que torna a ser la refer\u00e8ncia anual dins del calendari de sector&#8221;.<\/p>\n<p>Infarma ocupar\u00e0 una superf\u00edcie total d&#8217;exposici\u00f3 que s&#8217;ha ampliat fins als 35.000 metres quadrats, dins d&#8217;un espai disponible adjudicat en un 95%, que es repartir\u00e0 als pavellons 1, 3 i 5 del recinte firal. Cada pavell\u00f3 es reservar\u00e0 per a una finalitat concreta: congr\u00e9s i zona comercial d&#8217;exposici\u00f3 de productes de venda i de serveis prestats a oficina de farm\u00e0cia.<\/p>\n<p>Durant els tres dies de celebraci\u00f3 del Congr\u00e9s i Sal\u00f3, es complir\u00e0, de forma estricta, amb totes les mesures de protecci\u00f3 que marquin les autoritats sanit\u00e0ries i Ifema Madrid per a expositors, visitants, organitzadors externs i prove\u00efdors, com l&#8217;\u00fas obligatori de mascareta, disposici\u00f3 de dispensadors de gel per a la correcta higiene de mans, la separaci\u00f3 de taula al c\u00e0tering o la ventilaci\u00f3 adequada dels espais interiors que, gr\u00e0cies al sistema de renovaci\u00f3 d&#8217;aire i la gran al\u00e7ada dels pavellons, garanteix el recinte firal.<\/p>\n<p>\u00a0El Congr\u00e9s i Sal\u00f3 de la farm\u00e0cia ultima una edici\u00f3 que recupera els nivells de convocat\u00f2ria i participaci\u00f3 anteriors a la pand\u00e8mia.<br \/>\n\tTres pavellons d&#8217;Ifema acolliran la zona comercial i congressual d&#8217;un esdeveniment convertit en el gran aparador del sector d&#8217;oficina de farm\u00e0cia a Espanya.<\/p>\n<p>\u00a0<\/p>\n<p>A 40 dies que Infarma Madrid 2022 obri les portes el pr\u00f2xim 22 de mar\u00e7, els organitzadors es troben molt satisfets del nivell de resposta obtingut del sector. Al voltant de 420 laboratoris i empreses vinculades a la farm\u00e0cia i m\u00e9s d&#8217;un miler de marques comercials estaran representats a una fira consolidada com la cita empresarial de refer\u00e8ncia del sector a Espanya.<\/p>\n<p>Organitzat pels col\u00b7legis oficials de farmac\u00e8utics de Madrid i Barcelona, \u200b\u200ben col\u00b7laboraci\u00f3 amb Interalia, la superf\u00edcie neta contractada d&#8217;estands directes a Infarma supera, per primera vegada, els 10.000 metres quadrats, que es corresponen amb 265 estands expositors directes oberts al Sal\u00f3.<\/p>\n<p>Els segments de dermofarm\u00e0cia, complements alimentaris i nutrici\u00f3, comercialitzaci\u00f3 i distribuci\u00f3 o parafarm\u00e0cia seran els m\u00e9s representats a la fira comercial.<\/p>\n<p>Tot i que encara \u00e9s aviat per avan\u00e7ar una xifra de congressistes i visitants professionals, el director del Sal\u00f3, Ramon Llunell, es mostra molt satisfet, perqu\u00e8 les inscripcions es troben als nivells anteriors a la pand\u00e8mia i \u00e9s optimista de cara a Infarma Madrid 2022. &#8220;Detectem que hi ha moltes ganes de recuperar la normalitat i de participar en aquesta pr\u00f2xima edici\u00f3 que marca el retrobament entre els professionals del sector&#8221;, assenyala.<\/p>\n<p>Ram\u00f3n Llunel destaca tamb\u00e9 la participaci\u00f3 i la fidelitzaci\u00f3 dels expositors, que atribueix a &#8220;la gran resili\u00e8ncia del sector d&#8217;oficina de farm\u00e0cia, que ha demostrat sempre la seva fortalesa davant de situacions d&#8217;estr\u00e8s econ\u00f2mic&#8221;, aix\u00ed com a la &#8220;consolidaci\u00f3 d&#8217;un esdeveniment que torna a ser la refer\u00e8ncia anual dins del calendari de sector&#8221;.<\/p>\n<p>Infarma ocupar\u00e0 una superf\u00edcie total d&#8217;exposici\u00f3 que s&#8217;ha ampliat fins als 35.000 metres quadrats, dins d&#8217;un espai disponible adjudicat en un 95%, que es repartir\u00e0 als pavellons 1, 3 i 5 del recinte firal. Cada pavell\u00f3 es reservar\u00e0 per a una finalitat concreta: congr\u00e9s i zona comercial d&#8217;exposici\u00f3 de productes de venda i de serveis prestats a oficina de farm\u00e0cia.<\/p>\n<p>Durant els tres dies de celebraci\u00f3 del Congr\u00e9s i Sal\u00f3, es complir\u00e0, de forma estricta, amb totes les mesures de protecci\u00f3 que marquin les autoritats sanit\u00e0ries i Ifema Madrid per a expositors, visitants, organitzadors externs i prove\u00efdors, com l&#8217;\u00fas obligatori de mascareta, disposici\u00f3 de dispensadors de gel per a la correcta higiene de mans, la separaci\u00f3 de taula al c\u00e0tering o la ventilaci\u00f3 adequada dels espais interiors que, gr\u00e0cies al sistema de renovaci\u00f3 d&#8217;aire i la gran al\u00e7ada dels pavellons, garanteix el recinte firal.\u00a0\u00a0COFB.ORG<\/p>\n","protected":false},"excerpt":{"rendered":"<p>\u00a0 El Congr\u00e9s i Sal\u00f3 de la farm\u00e0cia ultima una edici\u00f3 que recupera els nivells de convocat\u00f2ria i participaci\u00f3 anteriors a la pand\u00e8mia. Tres pavellons d&#8217;Ifema acolliran la zona comercial i congressual d&#8217;un esdeveniment convertit en el gran aparador del sector d&#8217;oficina de farm\u00e0cia a Espanya. \u00a0 A 40 dies [&hellip;]<\/p>\n","protected":false},"author":1,"featured_media":77025,"comment_status":"","ping_status":"","sticky":false,"template":"","format":"standard","meta":{"_uag_custom_page_level_css":"","site-sidebar-layout":"default","site-content-layout":"","ast-site-content-layout":"default","site-content-style":"default","site-sidebar-style":"default","ast-global-header-display":"","ast-banner-title-visibility":"","ast-main-header-display":"","ast-hfb-above-header-display":"","ast-hfb-below-header-display":"","ast-hfb-mobile-header-display":"","site-post-title":"","ast-breadcrumbs-content":"","ast-featured-img":"disabled","footer-sml-layout":"","theme-transparent-header-meta":"","adv-header-id-meta":"","stick-header-meta":"","header-above-stick-meta":"","header-main-stick-meta":"","header-below-stick-meta":"","astra-migrate-meta-layouts":"default","ast-page-background-enabled":"default","ast-page-background-meta":{"desktop":{"background-color":"var(--ast-global-color-4)","background-image":"","background-repeat":"repeat","background-position":"center center","background-size":"auto","background-attachment":"scroll","background-type":"","background-media":"","overlay-type":"","overlay-color":"","overlay-opacity":"","overlay-gradient":""},"tablet":{"background-color":"","background-image":"","background-repeat":"repeat","background-position":"center center","background-size":"auto","background-attachment":"scroll","background-type":"","background-media":"","overlay-type":"","overlay-color":"","overlay-opacity":"","overlay-gradient":""},"mobile":{"background-color":"","background-image":"","background-repeat":"repeat","background-position":"center center","background-size":"auto","background-attachment":"scroll","background-type":"","background-media":"","overlay-type":"","overlay-color":"","overlay-opacity":"","overlay-gradient":""}},"ast-content-background-meta":{"desktop":{"background-color":"var(--ast-global-color-5)","background-image":"","background-repeat":"repeat","background-position":"center center","background-size":"auto","background-attachment":"scroll","background-type":"","background-media":"","overlay-type":"","overlay-color":"","overlay-opacity":"","overlay-gradient":""},"tablet":{"background-color":"var(--ast-global-color-5)","background-image":"","background-repeat":"repeat","background-position":"center center","background-size":"auto","background-attachment":"scroll","background-type":"","background-media":"","overlay-type":"","overlay-color":"","overlay-opacity":"","overlay-gradient":""},"mobile":{"background-color":"var(--ast-global-color-5)","background-image":"","background-repeat":"repeat","background-position":"center center","background-size":"auto","background-attachment":"scroll","background-type":"","background-media":"","overlay-type":"","overlay-color":"","overlay-opacity":"","overlay-gradient":""}},"footnotes":""},"categories":[1060,1066],"tags":[],"class_list":["post-77024","post","type-post","status-publish","format-standard","has-post-thumbnail","hentry","category-notes-premsa","category-sense-categoria-ca"],"yoast_head":"<!-- This site is optimized with the Yoast SEO plugin v22.4 - https:\/\/yoast.com\/wordpress\/plugins\/seo\/ -->\n<title>M\u00e9s de 400 laboratoris i empreses es donaran cita a &#039;Infarma Madrid 2022&#039; - Col\u00b7legi de Farmac\u00e8utics de Barcelona<\/title>\n<meta name=\"robots\" content=\"index, follow, max-snippet:-1, max-image-preview:large, max-video-preview:-1\" \/>\n<link rel=\"canonical\" href=\"https:\/\/novaorg.cofb.net\/2022\/02\/11\/mes-de-400-laboratoris-i-empreses-es-donaran-cita-a-infarma-madrid-2022\/\" \/>\n<meta property=\"og:locale\" content=\"ca_ES\" \/>\n<meta property=\"og:type\" content=\"article\" \/>\n<meta property=\"og:title\" content=\"M\u00e9s de 400 laboratoris i empreses es donaran cita a &#039;Infarma Madrid 2022&#039; - Col\u00b7legi de Farmac\u00e8utics de Barcelona\" \/>\n<meta property=\"og:description\" content=\"\u00a0 El Congr\u00e9s i Sal\u00f3 de la farm\u00e0cia ultima una edici\u00f3 que recupera els nivells de convocat\u00f2ria i participaci\u00f3 anteriors a la pand\u00e8mia. Tres pavellons d&#8217;Ifema acolliran la zona comercial i congressual d&#8217;un esdeveniment convertit en el gran aparador del sector d&#8217;oficina de farm\u00e0cia a Espanya. \u00a0 A 40 dies [&hellip;]\" \/>\n<meta property=\"og:url\" content=\"https:\/\/novaorg.cofb.net\/2022\/02\/11\/mes-de-400-laboratoris-i-empreses-es-donaran-cita-a-infarma-madrid-2022\/\" \/>\n<meta property=\"og:site_name\" content=\"Col\u00b7legi de Farmac\u00e8utics de Barcelona\" \/>\n<meta property=\"article:publisher\" content=\"https:\/\/www.facebook.com\/farmaceuticsbcn\/\" \/>\n<meta property=\"article:published_time\" content=\"2022-02-11T11:40:00+00:00\" \/>\n<meta property=\"og:image\" content=\"https:\/\/novaorg.cofb.net\/wp-content\/uploads\/2022\/02\/e40322ff-a1a4-49a2-bc52-19f73954f3a6-P1ktKO.jpeg\" \/>\n\t<meta property=\"og:image:width\" content=\"852\" \/>\n\t<meta property=\"og:image:height\" content=\"300\" \/>\n\t<meta property=\"og:image:type\" content=\"image\/jpeg\" \/>\n<meta name=\"author\" content=\"wpAdminCofbOrg\" \/>\n<meta name=\"twitter:card\" content=\"summary_large_image\" \/>\n<meta name=\"twitter:creator\" content=\"@farmaceuticsbcn\" \/>\n<meta name=\"twitter:site\" content=\"@farmaceuticsbcn\" \/>\n<meta name=\"twitter:label1\" content=\"Escrit per\" \/>\n\t<meta name=\"twitter:data1\" content=\"wpAdminCofbOrg\" \/>\n\t<meta name=\"twitter:label2\" content=\"Temps estimat de lectura\" \/>\n\t<meta name=\"twitter:data2\" content=\"5 minuts\" \/>\n<script type=\"application\/ld+json\" class=\"yoast-schema-graph\">{\"@context\":\"https:\/\/schema.org\",\"@graph\":[{\"@type\":\"Article\",\"@id\":\"https:\/\/novaorg.cofb.net\/2022\/02\/11\/mes-de-400-laboratoris-i-empreses-es-donaran-cita-a-infarma-madrid-2022\/#article\",\"isPartOf\":{\"@id\":\"https:\/\/novaorg.cofb.net\/2022\/02\/11\/mes-de-400-laboratoris-i-empreses-es-donaran-cita-a-infarma-madrid-2022\/\"},\"author\":{\"name\":\"wpAdminCofbOrg\",\"@id\":\"https:\/\/www.cofb.org\/#\/schema\/person\/22ed7eea88da74b0fa4d3154ad87ffcb\"},\"headline\":\"M\u00e9s de 400 laboratoris i empreses es donaran cita a &#8216;Infarma Madrid 2022&#8217;\",\"datePublished\":\"2022-02-11T11:40:00+00:00\",\"dateModified\":\"2022-02-11T11:40:00+00:00\",\"mainEntityOfPage\":{\"@id\":\"https:\/\/novaorg.cofb.net\/2022\/02\/11\/mes-de-400-laboratoris-i-empreses-es-donaran-cita-a-infarma-madrid-2022\/\"},\"wordCount\":962,\"publisher\":{\"@id\":\"https:\/\/www.cofb.org\/#organization\"},\"image\":{\"@id\":\"https:\/\/novaorg.cofb.net\/2022\/02\/11\/mes-de-400-laboratoris-i-empreses-es-donaran-cita-a-infarma-madrid-2022\/#primaryimage\"},\"thumbnailUrl\":\"https:\/\/www.cofb.org\/wp-content\/uploads\/2022\/02\/e40322ff-a1a4-49a2-bc52-19f73954f3a6-P1ktKO.jpeg\",\"articleSection\":[\"Notes de premsa\"],\"inLanguage\":\"ca\"},{\"@type\":\"WebPage\",\"@id\":\"https:\/\/novaorg.cofb.net\/2022\/02\/11\/mes-de-400-laboratoris-i-empreses-es-donaran-cita-a-infarma-madrid-2022\/\",\"url\":\"https:\/\/novaorg.cofb.net\/2022\/02\/11\/mes-de-400-laboratoris-i-empreses-es-donaran-cita-a-infarma-madrid-2022\/\",\"name\":\"M\u00e9s de 400 laboratoris i empreses es donaran cita a 'Infarma Madrid 2022' - Col\u00b7legi de Farmac\u00e8utics de Barcelona\",\"isPartOf\":{\"@id\":\"https:\/\/www.cofb.org\/#website\"},\"primaryImageOfPage\":{\"@id\":\"https:\/\/novaorg.cofb.net\/2022\/02\/11\/mes-de-400-laboratoris-i-empreses-es-donaran-cita-a-infarma-madrid-2022\/#primaryimage\"},\"image\":{\"@id\":\"https:\/\/novaorg.cofb.net\/2022\/02\/11\/mes-de-400-laboratoris-i-empreses-es-donaran-cita-a-infarma-madrid-2022\/#primaryimage\"},\"thumbnailUrl\":\"https:\/\/www.cofb.org\/wp-content\/uploads\/2022\/02\/e40322ff-a1a4-49a2-bc52-19f73954f3a6-P1ktKO.jpeg\",\"datePublished\":\"2022-02-11T11:40:00+00:00\",\"dateModified\":\"2022-02-11T11:40:00+00:00\",\"breadcrumb\":{\"@id\":\"https:\/\/novaorg.cofb.net\/2022\/02\/11\/mes-de-400-laboratoris-i-empreses-es-donaran-cita-a-infarma-madrid-2022\/#breadcrumb\"},\"inLanguage\":\"ca\",\"potentialAction\":[{\"@type\":\"ReadAction\",\"target\":[\"https:\/\/novaorg.cofb.net\/2022\/02\/11\/mes-de-400-laboratoris-i-empreses-es-donaran-cita-a-infarma-madrid-2022\/\"]}]},{\"@type\":\"ImageObject\",\"inLanguage\":\"ca\",\"@id\":\"https:\/\/novaorg.cofb.net\/2022\/02\/11\/mes-de-400-laboratoris-i-empreses-es-donaran-cita-a-infarma-madrid-2022\/#primaryimage\",\"url\":\"https:\/\/www.cofb.org\/wp-content\/uploads\/2022\/02\/e40322ff-a1a4-49a2-bc52-19f73954f3a6-P1ktKO.jpeg\",\"contentUrl\":\"https:\/\/www.cofb.org\/wp-content\/uploads\/2022\/02\/e40322ff-a1a4-49a2-bc52-19f73954f3a6-P1ktKO.jpeg\",\"width\":852,\"height\":300},{\"@type\":\"BreadcrumbList\",\"@id\":\"https:\/\/novaorg.cofb.net\/2022\/02\/11\/mes-de-400-laboratoris-i-empreses-es-donaran-cita-a-infarma-madrid-2022\/#breadcrumb\",\"itemListElement\":[{\"@type\":\"ListItem\",\"position\":1,\"name\":\"Inici\",\"item\":\"https:\/\/novaorg.cofb.net\/\"},{\"@type\":\"ListItem\",\"position\":2,\"name\":\"M\u00e9s de 400 laboratoris i empreses es donaran cita a &#8216;Infarma Madrid 2022&#8217;\"}]},{\"@type\":\"WebSite\",\"@id\":\"https:\/\/www.cofb.org\/#website\",\"url\":\"https:\/\/www.cofb.org\/\",\"name\":\"Col\u00b7legi de Farmac\u00e8utics de Barcelona\",\"description\":\"\",\"publisher\":{\"@id\":\"https:\/\/www.cofb.org\/#organization\"},\"potentialAction\":[{\"@type\":\"SearchAction\",\"target\":{\"@type\":\"EntryPoint\",\"urlTemplate\":\"https:\/\/www.cofb.org\/?s={search_term_string}\"},\"query-input\":\"required name=search_term_string\"}],\"inLanguage\":\"ca\"},{\"@type\":\"Organization\",\"@id\":\"https:\/\/www.cofb.org\/#organization\",\"name\":\"Col\u00b7legi de Farmac\u00e8utics de Barcelona\",\"url\":\"https:\/\/www.cofb.org\/\",\"logo\":{\"@type\":\"ImageObject\",\"inLanguage\":\"ca\",\"@id\":\"https:\/\/www.cofb.org\/#\/schema\/logo\/image\/\",\"url\":\"https:\/\/www.cofb.org\/wp-content\/uploads\/2023\/11\/cropped-Logotip-COFB.png\",\"contentUrl\":\"https:\/\/www.cofb.org\/wp-content\/uploads\/2023\/11\/cropped-Logotip-COFB.png\",\"width\":500,\"height\":105,\"caption\":\"Col\u00b7legi de Farmac\u00e8utics de Barcelona\"},\"image\":{\"@id\":\"https:\/\/www.cofb.org\/#\/schema\/logo\/image\/\"},\"sameAs\":[\"https:\/\/www.facebook.com\/farmaceuticsbcn\/\",\"https:\/\/twitter.com\/farmaceuticsbcn\",\"https:\/\/www.instagram.com\/farmaceuticsbcn\/\",\"https:\/\/www.linkedin.com\/company\/farmaceuticsbcn\/\"]},{\"@type\":\"Person\",\"@id\":\"https:\/\/www.cofb.org\/#\/schema\/person\/22ed7eea88da74b0fa4d3154ad87ffcb\",\"name\":\"wpAdminCofbOrg\",\"image\":{\"@type\":\"ImageObject\",\"inLanguage\":\"ca\",\"@id\":\"https:\/\/www.cofb.org\/#\/schema\/person\/image\/\",\"url\":\"https:\/\/secure.gravatar.com\/avatar\/1721b20b3b8ca882c3b56ec6c978c594fff670e40c0718e9190eaeeb76aae7d8?s=96&d=mm&r=g\",\"contentUrl\":\"https:\/\/secure.gravatar.com\/avatar\/1721b20b3b8ca882c3b56ec6c978c594fff670e40c0718e9190eaeeb76aae7d8?s=96&d=mm&r=g\",\"caption\":\"wpAdminCofbOrg\"},\"sameAs\":[\"http:\/\/192.168.64.122\/wordpress\"],\"url\":\"https:\/\/www.cofb.org\/ca\/author\/wpadmincofborg\/\"}]}<\/script>\n<!-- \/ Yoast SEO plugin. -->","yoast_head_json":{"title":"M\u00e9s de 400 laboratoris i empreses es donaran cita a 'Infarma Madrid 2022' - Col\u00b7legi de Farmac\u00e8utics de Barcelona","robots":{"index":"index","follow":"follow","max-snippet":"max-snippet:-1","max-image-preview":"max-image-preview:large","max-video-preview":"max-video-preview:-1"},"canonical":"https:\/\/novaorg.cofb.net\/2022\/02\/11\/mes-de-400-laboratoris-i-empreses-es-donaran-cita-a-infarma-madrid-2022\/","og_locale":"ca_ES","og_type":"article","og_title":"M\u00e9s de 400 laboratoris i empreses es donaran cita a 'Infarma Madrid 2022' - Col\u00b7legi de Farmac\u00e8utics de Barcelona","og_description":"\u00a0 El Congr\u00e9s i Sal\u00f3 de la farm\u00e0cia ultima una edici\u00f3 que recupera els nivells de convocat\u00f2ria i participaci\u00f3 anteriors a la pand\u00e8mia. Tres pavellons d&#8217;Ifema acolliran la zona comercial i congressual d&#8217;un esdeveniment convertit en el gran aparador del sector d&#8217;oficina de farm\u00e0cia a Espanya. \u00a0 A 40 dies [&hellip;]","og_url":"https:\/\/novaorg.cofb.net\/2022\/02\/11\/mes-de-400-laboratoris-i-empreses-es-donaran-cita-a-infarma-madrid-2022\/","og_site_name":"Col\u00b7legi de Farmac\u00e8utics de Barcelona","article_publisher":"https:\/\/www.facebook.com\/farmaceuticsbcn\/","article_published_time":"2022-02-11T11:40:00+00:00","og_image":[{"width":852,"height":300,"url":"https:\/\/novaorg.cofb.net\/wp-content\/uploads\/2022\/02\/e40322ff-a1a4-49a2-bc52-19f73954f3a6-P1ktKO.jpeg","type":"image\/jpeg"}],"author":"wpAdminCofbOrg","twitter_card":"summary_large_image","twitter_creator":"@farmaceuticsbcn","twitter_site":"@farmaceuticsbcn","twitter_misc":{"Escrit per":"wpAdminCofbOrg","Temps estimat de lectura":"5 minuts"},"schema":{"@context":"https:\/\/schema.org","@graph":[{"@type":"Article","@id":"https:\/\/novaorg.cofb.net\/2022\/02\/11\/mes-de-400-laboratoris-i-empreses-es-donaran-cita-a-infarma-madrid-2022\/#article","isPartOf":{"@id":"https:\/\/novaorg.cofb.net\/2022\/02\/11\/mes-de-400-laboratoris-i-empreses-es-donaran-cita-a-infarma-madrid-2022\/"},"author":{"name":"wpAdminCofbOrg","@id":"https:\/\/www.cofb.org\/#\/schema\/person\/22ed7eea88da74b0fa4d3154ad87ffcb"},"headline":"M\u00e9s de 400 laboratoris i empreses es donaran cita a &#8216;Infarma Madrid 2022&#8217;","datePublished":"2022-02-11T11:40:00+00:00","dateModified":"2022-02-11T11:40:00+00:00","mainEntityOfPage":{"@id":"https:\/\/novaorg.cofb.net\/2022\/02\/11\/mes-de-400-laboratoris-i-empreses-es-donaran-cita-a-infarma-madrid-2022\/"},"wordCount":962,"publisher":{"@id":"https:\/\/www.cofb.org\/#organization"},"image":{"@id":"https:\/\/novaorg.cofb.net\/2022\/02\/11\/mes-de-400-laboratoris-i-empreses-es-donaran-cita-a-infarma-madrid-2022\/#primaryimage"},"thumbnailUrl":"https:\/\/www.cofb.org\/wp-content\/uploads\/2022\/02\/e40322ff-a1a4-49a2-bc52-19f73954f3a6-P1ktKO.jpeg","articleSection":["Notes de premsa"],"inLanguage":"ca"},{"@type":"WebPage","@id":"https:\/\/novaorg.cofb.net\/2022\/02\/11\/mes-de-400-laboratoris-i-empreses-es-donaran-cita-a-infarma-madrid-2022\/","url":"https:\/\/novaorg.cofb.net\/2022\/02\/11\/mes-de-400-laboratoris-i-empreses-es-donaran-cita-a-infarma-madrid-2022\/","name":"M\u00e9s de 400 laboratoris i empreses es donaran cita a 'Infarma Madrid 2022' - Col\u00b7legi de Farmac\u00e8utics de Barcelona","isPartOf":{"@id":"https:\/\/www.cofb.org\/#website"},"primaryImageOfPage":{"@id":"https:\/\/novaorg.cofb.net\/2022\/02\/11\/mes-de-400-laboratoris-i-empreses-es-donaran-cita-a-infarma-madrid-2022\/#primaryimage"},"image":{"@id":"https:\/\/novaorg.cofb.net\/2022\/02\/11\/mes-de-400-laboratoris-i-empreses-es-donaran-cita-a-infarma-madrid-2022\/#primaryimage"},"thumbnailUrl":"https:\/\/www.cofb.org\/wp-content\/uploads\/2022\/02\/e40322ff-a1a4-49a2-bc52-19f73954f3a6-P1ktKO.jpeg","datePublished":"2022-02-11T11:40:00+00:00","dateModified":"2022-02-11T11:40:00+00:00","breadcrumb":{"@id":"https:\/\/novaorg.cofb.net\/2022\/02\/11\/mes-de-400-laboratoris-i-empreses-es-donaran-cita-a-infarma-madrid-2022\/#breadcrumb"},"inLanguage":"ca","potentialAction":[{"@type":"ReadAction","target":["https:\/\/novaorg.cofb.net\/2022\/02\/11\/mes-de-400-laboratoris-i-empreses-es-donaran-cita-a-infarma-madrid-2022\/"]}]},{"@type":"ImageObject","inLanguage":"ca","@id":"https:\/\/novaorg.cofb.net\/2022\/02\/11\/mes-de-400-laboratoris-i-empreses-es-donaran-cita-a-infarma-madrid-2022\/#primaryimage","url":"https:\/\/www.cofb.org\/wp-content\/uploads\/2022\/02\/e40322ff-a1a4-49a2-bc52-19f73954f3a6-P1ktKO.jpeg","contentUrl":"https:\/\/www.cofb.org\/wp-content\/uploads\/2022\/02\/e40322ff-a1a4-49a2-bc52-19f73954f3a6-P1ktKO.jpeg","width":852,"height":300},{"@type":"BreadcrumbList","@id":"https:\/\/novaorg.cofb.net\/2022\/02\/11\/mes-de-400-laboratoris-i-empreses-es-donaran-cita-a-infarma-madrid-2022\/#breadcrumb","itemListElement":[{"@type":"ListItem","position":1,"name":"Inici","item":"https:\/\/novaorg.cofb.net\/"},{"@type":"ListItem","position":2,"name":"M\u00e9s de 400 laboratoris i empreses es donaran cita a &#8216;Infarma Madrid 2022&#8217;"}]},{"@type":"WebSite","@id":"https:\/\/www.cofb.org\/#website","url":"https:\/\/www.cofb.org\/","name":"Col\u00b7legi de Farmac\u00e8utics de Barcelona","description":"","publisher":{"@id":"https:\/\/www.cofb.org\/#organization"},"potentialAction":[{"@type":"SearchAction","target":{"@type":"EntryPoint","urlTemplate":"https:\/\/www.cofb.org\/?s={search_term_string}"},"query-input":"required name=search_term_string"}],"inLanguage":"ca"},{"@type":"Organization","@id":"https:\/\/www.cofb.org\/#organization","name":"Col\u00b7legi de Farmac\u00e8utics de Barcelona","url":"https:\/\/www.cofb.org\/","logo":{"@type":"ImageObject","inLanguage":"ca","@id":"https:\/\/www.cofb.org\/#\/schema\/logo\/image\/","url":"https:\/\/www.cofb.org\/wp-content\/uploads\/2023\/11\/cropped-Logotip-COFB.png","contentUrl":"https:\/\/www.cofb.org\/wp-content\/uploads\/2023\/11\/cropped-Logotip-COFB.png","width":500,"height":105,"caption":"Col\u00b7legi de Farmac\u00e8utics de Barcelona"},"image":{"@id":"https:\/\/www.cofb.org\/#\/schema\/logo\/image\/"},"sameAs":["https:\/\/www.facebook.com\/farmaceuticsbcn\/","https:\/\/twitter.com\/farmaceuticsbcn","https:\/\/www.instagram.com\/farmaceuticsbcn\/","https:\/\/www.linkedin.com\/company\/farmaceuticsbcn\/"]},{"@type":"Person","@id":"https:\/\/www.cofb.org\/#\/schema\/person\/22ed7eea88da74b0fa4d3154ad87ffcb","name":"wpAdminCofbOrg","image":{"@type":"ImageObject","inLanguage":"ca","@id":"https:\/\/www.cofb.org\/#\/schema\/person\/image\/","url":"https:\/\/secure.gravatar.com\/avatar\/1721b20b3b8ca882c3b56ec6c978c594fff670e40c0718e9190eaeeb76aae7d8?s=96&d=mm&r=g","contentUrl":"https:\/\/secure.gravatar.com\/avatar\/1721b20b3b8ca882c3b56ec6c978c594fff670e40c0718e9190eaeeb76aae7d8?s=96&d=mm&r=g","caption":"wpAdminCofbOrg"},"sameAs":["http:\/\/192.168.64.122\/wordpress"],"url":"https:\/\/www.cofb.org\/ca\/author\/wpadmincofborg\/"}]}},"uagb_featured_image_src":{"full":["https:\/\/www.cofb.org\/wp-content\/uploads\/2022\/02\/e40322ff-a1a4-49a2-bc52-19f73954f3a6-P1ktKO.jpeg",852,300,false],"thumbnail":["https:\/\/www.cofb.org\/wp-content\/uploads\/2022\/02\/e40322ff-a1a4-49a2-bc52-19f73954f3a6-P1ktKO-150x150.jpeg",150,150,true],"medium":["https:\/\/www.cofb.org\/wp-content\/uploads\/2022\/02\/e40322ff-a1a4-49a2-bc52-19f73954f3a6-P1ktKO-300x106.jpeg",300,106,true],"medium_large":["https:\/\/www.cofb.org\/wp-content\/uploads\/2022\/02\/e40322ff-a1a4-49a2-bc52-19f73954f3a6-P1ktKO-768x270.jpeg",768,270,true],"large":["https:\/\/www.cofb.org\/wp-content\/uploads\/2022\/02\/e40322ff-a1a4-49a2-bc52-19f73954f3a6-P1ktKO.jpeg",852,300,false],"1536x1536":["https:\/\/www.cofb.org\/wp-content\/uploads\/2022\/02\/e40322ff-a1a4-49a2-bc52-19f73954f3a6-P1ktKO.jpeg",852,300,false],"2048x2048":["https:\/\/www.cofb.org\/wp-content\/uploads\/2022\/02\/e40322ff-a1a4-49a2-bc52-19f73954f3a6-P1ktKO.jpeg",852,300,false],"trp-custom-language-flag":["https:\/\/www.cofb.org\/wp-content\/uploads\/2022\/02\/e40322ff-a1a4-49a2-bc52-19f73954f3a6-P1ktKO-18x6.jpeg",18,6,true]},"uagb_author_info":{"display_name":"wpAdminCofbOrg","author_link":"https:\/\/www.cofb.org\/ca\/author\/wpadmincofborg\/"},"uagb_comment_info":0,"uagb_excerpt":"\u00a0 El Congr\u00e9s i Sal\u00f3 de la farm\u00e0cia ultima una edici\u00f3 que recupera els nivells de convocat\u00f2ria i participaci\u00f3 anteriors a la pand\u00e8mia. Tres pavellons d&#8217;Ifema acolliran la zona comercial i congressual d&#8217;un esdeveniment convertit en el gran aparador del sector d&#8217;oficina de farm\u00e0cia a Espanya. \u00a0 A 40 dies [&hellip;]","_links":{"self":[{"href":"https:\/\/www.cofb.org\/ca\/wp-json\/wp\/v2\/posts\/77024","targetHints":{"allow":["GET"]}}],"collection":[{"href":"https:\/\/www.cofb.org\/ca\/wp-json\/wp\/v2\/posts"}],"about":[{"href":"https:\/\/www.cofb.org\/ca\/wp-json\/wp\/v2\/types\/post"}],"author":[{"embeddable":true,"href":"https:\/\/www.cofb.org\/ca\/wp-json\/wp\/v2\/users\/1"}],"replies":[{"embeddable":true,"href":"https:\/\/www.cofb.org\/ca\/wp-json\/wp\/v2\/comments?post=77024"}],"version-history":[{"count":0,"href":"https:\/\/www.cofb.org\/ca\/wp-json\/wp\/v2\/posts\/77024\/revisions"}],"wp:featuredmedia":[{"embeddable":true,"href":"https:\/\/www.cofb.org\/ca\/wp-json\/wp\/v2\/media\/77025"}],"wp:attachment":[{"href":"https:\/\/www.cofb.org\/ca\/wp-json\/wp\/v2\/media?parent=77024"}],"wp:term":[{"taxonomy":"category","embeddable":true,"href":"https:\/\/www.cofb.org\/ca\/wp-json\/wp\/v2\/categories?post=77024"},{"taxonomy":"post_tag","embeddable":true,"href":"https:\/\/www.cofb.org\/ca\/wp-json\/wp\/v2\/tags?post=77024"}],"curies":[{"name":"wp","href":"https:\/\/api.w.org\/{rel}","templated":true}]}}