{"id":77021,"date":"2022-02-21T12:51:00","date_gmt":"2022-02-21T12:51:00","guid":{"rendered":"https:\/\/novaorg.cofb.net\/2022\/02\/21\/infarma-solidari-centrara-la-seva-ajuda-en-latencio-farmaceutica-de-les-mares-i-nens-detiopia\/"},"modified":"2022-02-21T12:51:00","modified_gmt":"2022-02-21T12:51:00","slug":"infarma-solidari-centrara-la-seva-ajuda-en-latencio-farmaceutica-de-les-mares-i-nens-detiopia","status":"publish","type":"post","link":"https:\/\/www.cofb.org\/ca\/2022\/02\/21\/infarma-solidari-centrara-la-seva-ajuda-en-latencio-farmaceutica-de-les-mares-i-nens-detiopia\/","title":{"rendered":"&#8216;Infarma Solidari&#8217; centrar\u00e0 la seva ajuda en l&#8217;atenci\u00f3 farmac\u00e8utica de les mares i nens d&#8217;Eti\u00f2pia"},"content":{"rendered":"<p>\u00a0<\/p>\n<ul>\n<li>La Cl\u00ednica\u00a0Materno-Infantil que gestiona la Fundaci\u00f3 Pablo\u00a0Horstmann\u00a0al pa\u00eds afric\u00e0 rebr\u00e0 el suport econ\u00f2mic del Congr\u00e9s i Sal\u00f3 farmac\u00e8utic.<\/li>\n<\/ul>\n<p>\n<em>Madrid, 22 de febrer<\/em>.\u00a0Infarma\u00a0Solidari abra\u00e7ar\u00e0 per cinquena edici\u00f3 una nova <strong>causa humanit\u00e0ria<\/strong> al proper Congr\u00e9s i Sal\u00f3 farmac\u00e8utic que organitzen els Col\u00b7legis Oficials de Farmac\u00e8utics de Madrid i Barcelona, \u200b\u200ben col\u00b7laboraci\u00f3 amb\u00a0Interalia.<\/p>\n<p>El projecte escollit per bolcar tot el suport i solidaritat dels professionals, empreses i organitzacions que estaran presents entre el 22 i el 24 de mar\u00e7 a\u00a0Ifema\u00a0\u00e9s la Cl\u00ednica\u00a0Materno-Infantil <em>Let\u00a0Children\u00a0Have\u00a0Health\u00a0de\u00a0Meki<\/em>, a Eti\u00f2pia. Aquest centre, gestionat per la <strong>Fundaci\u00f3 Pablo\u00a0Horstmann<\/strong>, ofereix assist\u00e8ncia m\u00e8dica gratu\u00efta a tota la poblaci\u00f3 infantil\u00a0i a\u00a0les dones de la localitat et\u00edop des del 2012, atenent m\u00e9s de 15.600 nens i m\u00e9s de 7.000 dones embarassades a l&#8217;any.<\/p>\n<p>L&#8217;objectiu del projecte que impulsar\u00e0\u00a0Infarma\u00a0ser\u00e0 <strong>afavorir l&#8217;acc\u00e9s a la medicaci\u00f3 i al tractament dels pacients<\/strong> d&#8217;aquesta Cl\u00ednica\u00a0Materno-Infantil, el terreny i la titularitat legal de la qual s\u00f3n del Vicariat Cat\u00f2lic de\u00a0Meki. Els fons demanats serviran per finan\u00e7ar la compra de medicines, els salaris de dos farmac\u00e8utics i un encarregat del magatzem durant un any o la compra d&#8217;equips que permetin diagnosticar patologies complexes. Aix\u00ed mateix, es formar\u00e0 i acompanyar\u00e0 el personal sanitari et\u00edop de la farm\u00e0cia i el laboratori amb la pres\u00e8ncia de dos farmac\u00e8utics i dos t\u00e8cnics de laboratori.<\/p>\n<p>Eti\u00f2pia \u00e9s considerada un dels pa\u00efsos m\u00e9s pobres del m\u00f3n. El 2020 ocupava el lloc 173 de l&#8217;\u00cdndex de Desenvolupament Hum\u00e0, d&#8217;un total de 189 pa\u00efsos analitzats. Desnutrici\u00f3, \u00fas d&#8217;aigua no potable, sanejament deficient, nivells d&#8217;educaci\u00f3 materna baixos i una sanitat prec\u00e0ria s\u00f3n alguns dels factors que han elevat la taxa de mortalitat infantil en menors d&#8217;un any fins a l&#8217;11,8%, disparant-se fins al 17,9% entre els nens menors de cinc anys.<\/p>\n<p>Infarma, com ja va fer en edicions anteriors, ha obert una convocat\u00f2ria p\u00fablica, seguint la l\u00ednia de transpar\u00e8ncia i de comprom\u00eds social del Congr\u00e9s i Sal\u00f3, per seleccionar el projecte solidari. L&#8217;elecci\u00f3 de la Fundaci\u00f3 Pablo\u00a0Horstmann\u00a0s&#8217;ha fet de manera rigorosa, atenent els diferents projectes humanitaris presentats en convocat\u00f2ria p\u00fablica i dins un proc\u00e9s que ha comptat amb la participaci\u00f3 d&#8217;un auditor extern.<\/p>\n<p>El coordinador d&#8217;Infarma\u00a0Solidari i vicepresident primer en funcions del\u00a0COFM, <strong>Manuel Mart\u00ednez del\u00a0Peral<\/strong>, explica que &#8220;tan important \u00e9s col\u00b7laborar i ser solidaris com garantir que aquest esfor\u00e7 arriba als seus principals beneficiaris, que s\u00f3n els nens atesos per la Fundaci\u00f3 Pablo\u00a0Horstmann\u00a0en una \u00e0rea molt desatesa, aquest \u00e9s el nostre comprom\u00eds i el repte que volem compartir amb tot el sector&#8221;.<\/p>\n<p>Una altra de les novetats incloses en aquesta edici\u00f3 \u00e9s que totes les donacions que es recaptin a\u00a0Infarma\u00a0aniran directament al projecte elegit, amb el comprom\u00eds expr\u00e9s que els fons s&#8217;inverteixin en el projecte d&#8217;atenci\u00f3 dels nens i dones objecte de la solidaritat d&#8217;Infarma.\u00a0Les partides de viatges, beques i despeses indirectes les assumeix la Fundaci\u00f3 Pablo\u00a0Horstmann.<\/p>\n<p><strong>Reduir la taxa de morbimortalitat infantil i els casos de malnutrici\u00f3 severa<\/strong> s\u00f3n prioritats de la Fundaci\u00f3 Pablo\u00a0Horstmann, que treballa de manera conjunta amb les autoritats locals de\u00a0Meki\u00a0i compta des del 2008 amb un altre Hospital Pedi\u00e0tric a\u00a0Lamu\u00a0(Kenya).<\/p>\n<p>\u00a0La Cl\u00ednica\u00a0Materno-Infantil que gestiona la Fundaci\u00f3 Pablo\u00a0Horstmann\u00a0al pa\u00eds afric\u00e0 rebr\u00e0 el suport econ\u00f2mic del Congr\u00e9s i Sal\u00f3 farmac\u00e8utic.<\/p>\n<p>Madrid, 22 de febrer.\u00a0Infarma\u00a0Solidari abra\u00e7ar\u00e0 per cinquena edici\u00f3 una nova causa humanit\u00e0ria al proper Congr\u00e9s i Sal\u00f3 farmac\u00e8utic que organitzen els Col\u00b7legis Oficials de Farmac\u00e8utics de Madrid i Barcelona, \u200b\u200ben col\u00b7laboraci\u00f3 amb\u00a0Interalia.<\/p>\n<p>El projecte escollit per bolcar tot el suport i solidaritat dels professionals, empreses i organitzacions que estaran presents entre el 22 i el 24 de mar\u00e7 a\u00a0Ifema\u00a0\u00e9s la Cl\u00ednica\u00a0Materno-Infantil Let\u00a0Children\u00a0Have\u00a0Health\u00a0de\u00a0Meki, a Eti\u00f2pia. Aquest centre, gestionat per la Fundaci\u00f3 Pablo\u00a0Horstmann, ofereix assist\u00e8ncia m\u00e8dica gratu\u00efta a tota la poblaci\u00f3 infantil\u00a0i a\u00a0les dones de la localitat et\u00edop des del 2012, atenent m\u00e9s de 15.600 nens i m\u00e9s de 7.000 dones embarassades a l&#8217;any.<\/p>\n<p>L&#8217;objectiu del projecte que impulsar\u00e0\u00a0Infarma\u00a0ser\u00e0 afavorir l&#8217;acc\u00e9s a la medicaci\u00f3 i al tractament dels pacients d&#8217;aquesta Cl\u00ednica\u00a0Materno-Infantil, el terreny i la titularitat legal de la qual s\u00f3n del Vicariat Cat\u00f2lic de\u00a0Meki. Els fons demanats serviran per finan\u00e7ar la compra de medicines, els salaris de dos farmac\u00e8utics i un encarregat del magatzem durant un any o la compra d&#8217;equips que permetin diagnosticar patologies complexes. Aix\u00ed mateix, es formar\u00e0 i acompanyar\u00e0 el personal sanitari et\u00edop de la farm\u00e0cia i el laboratori amb la pres\u00e8ncia de dos farmac\u00e8utics i dos t\u00e8cnics de laboratori.<\/p>\n<p>Eti\u00f2pia \u00e9s considerada un dels pa\u00efsos m\u00e9s pobres del m\u00f3n. El 2020 ocupava el lloc 173 de l&#8217;\u00cdndex de Desenvolupament Hum\u00e0, d&#8217;un total de 189 pa\u00efsos analitzats. Desnutrici\u00f3, \u00fas d&#8217;aigua no potable, sanejament deficient, nivells d&#8217;educaci\u00f3 materna baixos i una sanitat prec\u00e0ria s\u00f3n alguns dels factors que han elevat la taxa de mortalitat infantil en menors d&#8217;un any fins a l&#8217;11,8%, disparant-se fins al 17,9% entre els nens menors de cinc anys.<\/p>\n<p>Infarma, com ja va fer en edicions anteriors, ha obert una convocat\u00f2ria p\u00fablica, seguint la l\u00ednia de transpar\u00e8ncia i de comprom\u00eds social del Congr\u00e9s i Sal\u00f3, per seleccionar el projecte solidari. L&#8217;elecci\u00f3 de la Fundaci\u00f3 Pablo\u00a0Horstmann\u00a0s&#8217;ha fet de manera rigorosa, atenent els diferents projectes humanitaris presentats en convocat\u00f2ria p\u00fablica i dins un proc\u00e9s que ha comptat amb la participaci\u00f3 d&#8217;un auditor extern.<\/p>\n<p>El coordinador d&#8217;Infarma\u00a0Solidari i vicepresident primer en funcions del\u00a0COFM, Manuel Mart\u00ednez del\u00a0Peral, explica que &#8220;tan important \u00e9s col\u00b7laborar i ser solidaris com garantir que aquest esfor\u00e7 arriba als seus principals beneficiaris, que s\u00f3n els nens atesos per la Fundaci\u00f3 Pablo\u00a0Horstmann\u00a0en una \u00e0rea molt desatesa, aquest \u00e9s el nostre comprom\u00eds i el repte que volem compartir amb tot el sector&#8221;.<\/p>\n<p>Una altra de les novetats incloses en aquesta edici\u00f3 \u00e9s que totes les donacions que es recaptin a\u00a0Infarma\u00a0aniran directament al projecte elegit, amb el comprom\u00eds expr\u00e9s que els fons s&#8217;inverteixin en el projecte d&#8217;atenci\u00f3 dels nens i dones objecte de la solidaritat d&#8217;Infarma.\u00a0Les partides de viatges, beques i despeses indirectes les assumeix la Fundaci\u00f3 Pablo\u00a0Horstmann.<\/p>\n<p>Reduir la taxa de morbimortalitat infantil i els casos de malnutrici\u00f3 severa s\u00f3n prioritats de la Fundaci\u00f3 Pablo\u00a0Horstmann, que treballa de manera conjunta amb les autoritats locals de\u00a0Meki\u00a0i compta des del 2008 amb un altre Hospital Pedi\u00e0tric a\u00a0Lamu\u00a0(Kenya).\u00a0\u00a0COFB.ORG<\/p>\n","protected":false},"excerpt":{"rendered":"<p>\u00a0 La Cl\u00ednica\u00a0Materno-Infantil que gestiona la Fundaci\u00f3 Pablo\u00a0Horstmann\u00a0al pa\u00eds afric\u00e0 rebr\u00e0 el suport econ\u00f2mic del Congr\u00e9s i Sal\u00f3 farmac\u00e8utic. Madrid, 22 de febrer.\u00a0Infarma\u00a0Solidari abra\u00e7ar\u00e0 per cinquena edici\u00f3 una nova causa humanit\u00e0ria al proper Congr\u00e9s i Sal\u00f3 farmac\u00e8utic que organitzen els Col\u00b7legis Oficials de Farmac\u00e8utics de Madrid i Barcelona, \u200b\u200ben col\u00b7laboraci\u00f3 [&hellip;]<\/p>\n","protected":false},"author":1,"featured_media":0,"comment_status":"","ping_status":"","sticky":false,"template":"","format":"standard","meta":{"_uag_custom_page_level_css":"","site-sidebar-layout":"default","site-content-layout":"","ast-site-content-layout":"default","site-content-style":"default","site-sidebar-style":"default","ast-global-header-display":"","ast-banner-title-visibility":"","ast-main-header-display":"","ast-hfb-above-header-display":"","ast-hfb-below-header-display":"","ast-hfb-mobile-header-display":"","site-post-title":"","ast-breadcrumbs-content":"","ast-featured-img":"disabled","footer-sml-layout":"","theme-transparent-header-meta":"","adv-header-id-meta":"","stick-header-meta":"","header-above-stick-meta":"","header-main-stick-meta":"","header-below-stick-meta":"","astra-migrate-meta-layouts":"default","ast-page-background-enabled":"default","ast-page-background-meta":{"desktop":{"background-color":"var(--ast-global-color-4)","background-image":"","background-repeat":"repeat","background-position":"center center","background-size":"auto","background-attachment":"scroll","background-type":"","background-media":"","overlay-type":"","overlay-color":"","overlay-opacity":"","overlay-gradient":""},"tablet":{"background-color":"","background-image":"","background-repeat":"repeat","background-position":"center center","background-size":"auto","background-attachment":"scroll","background-type":"","background-media":"","overlay-type":"","overlay-color":"","overlay-opacity":"","overlay-gradient":""},"mobile":{"background-color":"","background-image":"","background-repeat":"repeat","background-position":"center center","background-size":"auto","background-attachment":"scroll","background-type":"","background-media":"","overlay-type":"","overlay-color":"","overlay-opacity":"","overlay-gradient":""}},"ast-content-background-meta":{"desktop":{"background-color":"var(--ast-global-color-5)","background-image":"","background-repeat":"repeat","background-position":"center center","background-size":"auto","background-attachment":"scroll","background-type":"","background-media":"","overlay-type":"","overlay-color":"","overlay-opacity":"","overlay-gradient":""},"tablet":{"background-color":"var(--ast-global-color-5)","background-image":"","background-repeat":"repeat","background-position":"center center","background-size":"auto","background-attachment":"scroll","background-type":"","background-media":"","overlay-type":"","overlay-color":"","overlay-opacity":"","overlay-gradient":""},"mobile":{"background-color":"var(--ast-global-color-5)","background-image":"","background-repeat":"repeat","background-position":"center center","background-size":"auto","background-attachment":"scroll","background-type":"","background-media":"","overlay-type":"","overlay-color":"","overlay-opacity":"","overlay-gradient":""}},"footnotes":""},"categories":[1060,1066],"tags":[],"class_list":["post-77021","post","type-post","status-publish","format-standard","hentry","category-notes-premsa","category-sense-categoria-ca"],"yoast_head":"<!-- This site is optimized with the Yoast SEO plugin v22.4 - https:\/\/yoast.com\/wordpress\/plugins\/seo\/ -->\n<title>&#039;Infarma Solidari&#039; centrar\u00e0 la seva ajuda en l&#039;atenci\u00f3 farmac\u00e8utica de les mares i nens d&#039;Eti\u00f2pia - Col\u00b7legi de Farmac\u00e8utics de Barcelona<\/title>\n<meta name=\"robots\" content=\"index, follow, max-snippet:-1, max-image-preview:large, max-video-preview:-1\" \/>\n<link rel=\"canonical\" href=\"https:\/\/novaorg.cofb.net\/2022\/02\/21\/infarma-solidari-centrara-la-seva-ajuda-en-latencio-farmaceutica-de-les-mares-i-nens-detiopia\/\" \/>\n<meta property=\"og:locale\" content=\"ca_ES\" \/>\n<meta property=\"og:type\" content=\"article\" \/>\n<meta property=\"og:title\" content=\"&#039;Infarma Solidari&#039; centrar\u00e0 la seva ajuda en l&#039;atenci\u00f3 farmac\u00e8utica de les mares i nens d&#039;Eti\u00f2pia - Col\u00b7legi de Farmac\u00e8utics de Barcelona\" \/>\n<meta property=\"og:description\" content=\"\u00a0 La Cl\u00ednica\u00a0Materno-Infantil que gestiona la Fundaci\u00f3 Pablo\u00a0Horstmann\u00a0al pa\u00eds afric\u00e0 rebr\u00e0 el suport econ\u00f2mic del Congr\u00e9s i Sal\u00f3 farmac\u00e8utic. Madrid, 22 de febrer.\u00a0Infarma\u00a0Solidari abra\u00e7ar\u00e0 per cinquena edici\u00f3 una nova causa humanit\u00e0ria al proper Congr\u00e9s i Sal\u00f3 farmac\u00e8utic que organitzen els Col\u00b7legis Oficials de Farmac\u00e8utics de Madrid i Barcelona, \u200b\u200ben col\u00b7laboraci\u00f3 [&hellip;]\" \/>\n<meta property=\"og:url\" content=\"https:\/\/novaorg.cofb.net\/2022\/02\/21\/infarma-solidari-centrara-la-seva-ajuda-en-latencio-farmaceutica-de-les-mares-i-nens-detiopia\/\" \/>\n<meta property=\"og:site_name\" content=\"Col\u00b7legi de Farmac\u00e8utics de Barcelona\" \/>\n<meta property=\"article:publisher\" content=\"https:\/\/www.facebook.com\/farmaceuticsbcn\/\" \/>\n<meta property=\"article:published_time\" content=\"2022-02-21T12:51:00+00:00\" \/>\n<meta name=\"author\" content=\"wpAdminCofbOrg\" \/>\n<meta name=\"twitter:card\" content=\"summary_large_image\" \/>\n<meta name=\"twitter:creator\" content=\"@farmaceuticsbcn\" \/>\n<meta name=\"twitter:site\" content=\"@farmaceuticsbcn\" \/>\n<meta name=\"twitter:label1\" content=\"Escrit per\" \/>\n\t<meta name=\"twitter:data1\" content=\"wpAdminCofbOrg\" \/>\n\t<meta name=\"twitter:label2\" content=\"Temps estimat de lectura\" \/>\n\t<meta name=\"twitter:data2\" content=\"6 minuts\" \/>\n<script type=\"application\/ld+json\" class=\"yoast-schema-graph\">{\"@context\":\"https:\/\/schema.org\",\"@graph\":[{\"@type\":\"Article\",\"@id\":\"https:\/\/novaorg.cofb.net\/2022\/02\/21\/infarma-solidari-centrara-la-seva-ajuda-en-latencio-farmaceutica-de-les-mares-i-nens-detiopia\/#article\",\"isPartOf\":{\"@id\":\"https:\/\/novaorg.cofb.net\/2022\/02\/21\/infarma-solidari-centrara-la-seva-ajuda-en-latencio-farmaceutica-de-les-mares-i-nens-detiopia\/\"},\"author\":{\"name\":\"wpAdminCofbOrg\",\"@id\":\"https:\/\/www.cofb.org\/#\/schema\/person\/22ed7eea88da74b0fa4d3154ad87ffcb\"},\"headline\":\"&#8216;Infarma Solidari&#8217; centrar\u00e0 la seva ajuda en l&#8217;atenci\u00f3 farmac\u00e8utica de les mares i nens d&#8217;Eti\u00f2pia\",\"datePublished\":\"2022-02-21T12:51:00+00:00\",\"dateModified\":\"2022-02-21T12:51:00+00:00\",\"mainEntityOfPage\":{\"@id\":\"https:\/\/novaorg.cofb.net\/2022\/02\/21\/infarma-solidari-centrara-la-seva-ajuda-en-latencio-farmaceutica-de-les-mares-i-nens-detiopia\/\"},\"wordCount\":1209,\"publisher\":{\"@id\":\"https:\/\/www.cofb.org\/#organization\"},\"articleSection\":[\"Notes de premsa\"],\"inLanguage\":\"ca\"},{\"@type\":\"WebPage\",\"@id\":\"https:\/\/novaorg.cofb.net\/2022\/02\/21\/infarma-solidari-centrara-la-seva-ajuda-en-latencio-farmaceutica-de-les-mares-i-nens-detiopia\/\",\"url\":\"https:\/\/novaorg.cofb.net\/2022\/02\/21\/infarma-solidari-centrara-la-seva-ajuda-en-latencio-farmaceutica-de-les-mares-i-nens-detiopia\/\",\"name\":\"'Infarma Solidari' centrar\u00e0 la seva ajuda en l'atenci\u00f3 farmac\u00e8utica de les mares i nens d'Eti\u00f2pia - Col\u00b7legi de Farmac\u00e8utics de Barcelona\",\"isPartOf\":{\"@id\":\"https:\/\/www.cofb.org\/#website\"},\"datePublished\":\"2022-02-21T12:51:00+00:00\",\"dateModified\":\"2022-02-21T12:51:00+00:00\",\"breadcrumb\":{\"@id\":\"https:\/\/novaorg.cofb.net\/2022\/02\/21\/infarma-solidari-centrara-la-seva-ajuda-en-latencio-farmaceutica-de-les-mares-i-nens-detiopia\/#breadcrumb\"},\"inLanguage\":\"ca\",\"potentialAction\":[{\"@type\":\"ReadAction\",\"target\":[\"https:\/\/novaorg.cofb.net\/2022\/02\/21\/infarma-solidari-centrara-la-seva-ajuda-en-latencio-farmaceutica-de-les-mares-i-nens-detiopia\/\"]}]},{\"@type\":\"BreadcrumbList\",\"@id\":\"https:\/\/novaorg.cofb.net\/2022\/02\/21\/infarma-solidari-centrara-la-seva-ajuda-en-latencio-farmaceutica-de-les-mares-i-nens-detiopia\/#breadcrumb\",\"itemListElement\":[{\"@type\":\"ListItem\",\"position\":1,\"name\":\"Inici\",\"item\":\"https:\/\/novaorg.cofb.net\/\"},{\"@type\":\"ListItem\",\"position\":2,\"name\":\"&#8216;Infarma Solidari&#8217; centrar\u00e0 la seva ajuda en l&#8217;atenci\u00f3 farmac\u00e8utica de les mares i nens d&#8217;Eti\u00f2pia\"}]},{\"@type\":\"WebSite\",\"@id\":\"https:\/\/www.cofb.org\/#website\",\"url\":\"https:\/\/www.cofb.org\/\",\"name\":\"Col\u00b7legi de Farmac\u00e8utics de Barcelona\",\"description\":\"\",\"publisher\":{\"@id\":\"https:\/\/www.cofb.org\/#organization\"},\"potentialAction\":[{\"@type\":\"SearchAction\",\"target\":{\"@type\":\"EntryPoint\",\"urlTemplate\":\"https:\/\/www.cofb.org\/?s={search_term_string}\"},\"query-input\":\"required name=search_term_string\"}],\"inLanguage\":\"ca\"},{\"@type\":\"Organization\",\"@id\":\"https:\/\/www.cofb.org\/#organization\",\"name\":\"Col\u00b7legi de Farmac\u00e8utics de Barcelona\",\"url\":\"https:\/\/www.cofb.org\/\",\"logo\":{\"@type\":\"ImageObject\",\"inLanguage\":\"ca\",\"@id\":\"https:\/\/www.cofb.org\/#\/schema\/logo\/image\/\",\"url\":\"https:\/\/www.cofb.org\/wp-content\/uploads\/2023\/11\/cropped-Logotip-COFB.png\",\"contentUrl\":\"https:\/\/www.cofb.org\/wp-content\/uploads\/2023\/11\/cropped-Logotip-COFB.png\",\"width\":500,\"height\":105,\"caption\":\"Col\u00b7legi de Farmac\u00e8utics de Barcelona\"},\"image\":{\"@id\":\"https:\/\/www.cofb.org\/#\/schema\/logo\/image\/\"},\"sameAs\":[\"https:\/\/www.facebook.com\/farmaceuticsbcn\/\",\"https:\/\/twitter.com\/farmaceuticsbcn\",\"https:\/\/www.instagram.com\/farmaceuticsbcn\/\",\"https:\/\/www.linkedin.com\/company\/farmaceuticsbcn\/\"]},{\"@type\":\"Person\",\"@id\":\"https:\/\/www.cofb.org\/#\/schema\/person\/22ed7eea88da74b0fa4d3154ad87ffcb\",\"name\":\"wpAdminCofbOrg\",\"image\":{\"@type\":\"ImageObject\",\"inLanguage\":\"ca\",\"@id\":\"https:\/\/www.cofb.org\/#\/schema\/person\/image\/\",\"url\":\"https:\/\/secure.gravatar.com\/avatar\/1721b20b3b8ca882c3b56ec6c978c594fff670e40c0718e9190eaeeb76aae7d8?s=96&d=mm&r=g\",\"contentUrl\":\"https:\/\/secure.gravatar.com\/avatar\/1721b20b3b8ca882c3b56ec6c978c594fff670e40c0718e9190eaeeb76aae7d8?s=96&d=mm&r=g\",\"caption\":\"wpAdminCofbOrg\"},\"sameAs\":[\"http:\/\/192.168.64.122\/wordpress\"],\"url\":\"https:\/\/www.cofb.org\/ca\/author\/wpadmincofborg\/\"}]}<\/script>\n<!-- \/ Yoast SEO plugin. -->","yoast_head_json":{"title":"'Infarma Solidari' centrar\u00e0 la seva ajuda en l'atenci\u00f3 farmac\u00e8utica de les mares i nens d'Eti\u00f2pia - Col\u00b7legi de Farmac\u00e8utics de Barcelona","robots":{"index":"index","follow":"follow","max-snippet":"max-snippet:-1","max-image-preview":"max-image-preview:large","max-video-preview":"max-video-preview:-1"},"canonical":"https:\/\/novaorg.cofb.net\/2022\/02\/21\/infarma-solidari-centrara-la-seva-ajuda-en-latencio-farmaceutica-de-les-mares-i-nens-detiopia\/","og_locale":"ca_ES","og_type":"article","og_title":"'Infarma Solidari' centrar\u00e0 la seva ajuda en l'atenci\u00f3 farmac\u00e8utica de les mares i nens d'Eti\u00f2pia - Col\u00b7legi de Farmac\u00e8utics de Barcelona","og_description":"\u00a0 La Cl\u00ednica\u00a0Materno-Infantil que gestiona la Fundaci\u00f3 Pablo\u00a0Horstmann\u00a0al pa\u00eds afric\u00e0 rebr\u00e0 el suport econ\u00f2mic del Congr\u00e9s i Sal\u00f3 farmac\u00e8utic. Madrid, 22 de febrer.\u00a0Infarma\u00a0Solidari abra\u00e7ar\u00e0 per cinquena edici\u00f3 una nova causa humanit\u00e0ria al proper Congr\u00e9s i Sal\u00f3 farmac\u00e8utic que organitzen els Col\u00b7legis Oficials de Farmac\u00e8utics de Madrid i Barcelona, \u200b\u200ben col\u00b7laboraci\u00f3 [&hellip;]","og_url":"https:\/\/novaorg.cofb.net\/2022\/02\/21\/infarma-solidari-centrara-la-seva-ajuda-en-latencio-farmaceutica-de-les-mares-i-nens-detiopia\/","og_site_name":"Col\u00b7legi de Farmac\u00e8utics de Barcelona","article_publisher":"https:\/\/www.facebook.com\/farmaceuticsbcn\/","article_published_time":"2022-02-21T12:51:00+00:00","author":"wpAdminCofbOrg","twitter_card":"summary_large_image","twitter_creator":"@farmaceuticsbcn","twitter_site":"@farmaceuticsbcn","twitter_misc":{"Escrit per":"wpAdminCofbOrg","Temps estimat de lectura":"6 minuts"},"schema":{"@context":"https:\/\/schema.org","@graph":[{"@type":"Article","@id":"https:\/\/novaorg.cofb.net\/2022\/02\/21\/infarma-solidari-centrara-la-seva-ajuda-en-latencio-farmaceutica-de-les-mares-i-nens-detiopia\/#article","isPartOf":{"@id":"https:\/\/novaorg.cofb.net\/2022\/02\/21\/infarma-solidari-centrara-la-seva-ajuda-en-latencio-farmaceutica-de-les-mares-i-nens-detiopia\/"},"author":{"name":"wpAdminCofbOrg","@id":"https:\/\/www.cofb.org\/#\/schema\/person\/22ed7eea88da74b0fa4d3154ad87ffcb"},"headline":"&#8216;Infarma Solidari&#8217; centrar\u00e0 la seva ajuda en l&#8217;atenci\u00f3 farmac\u00e8utica de les mares i nens d&#8217;Eti\u00f2pia","datePublished":"2022-02-21T12:51:00+00:00","dateModified":"2022-02-21T12:51:00+00:00","mainEntityOfPage":{"@id":"https:\/\/novaorg.cofb.net\/2022\/02\/21\/infarma-solidari-centrara-la-seva-ajuda-en-latencio-farmaceutica-de-les-mares-i-nens-detiopia\/"},"wordCount":1209,"publisher":{"@id":"https:\/\/www.cofb.org\/#organization"},"articleSection":["Notes de premsa"],"inLanguage":"ca"},{"@type":"WebPage","@id":"https:\/\/novaorg.cofb.net\/2022\/02\/21\/infarma-solidari-centrara-la-seva-ajuda-en-latencio-farmaceutica-de-les-mares-i-nens-detiopia\/","url":"https:\/\/novaorg.cofb.net\/2022\/02\/21\/infarma-solidari-centrara-la-seva-ajuda-en-latencio-farmaceutica-de-les-mares-i-nens-detiopia\/","name":"'Infarma Solidari' centrar\u00e0 la seva ajuda en l'atenci\u00f3 farmac\u00e8utica de les mares i nens d'Eti\u00f2pia - Col\u00b7legi de Farmac\u00e8utics de Barcelona","isPartOf":{"@id":"https:\/\/www.cofb.org\/#website"},"datePublished":"2022-02-21T12:51:00+00:00","dateModified":"2022-02-21T12:51:00+00:00","breadcrumb":{"@id":"https:\/\/novaorg.cofb.net\/2022\/02\/21\/infarma-solidari-centrara-la-seva-ajuda-en-latencio-farmaceutica-de-les-mares-i-nens-detiopia\/#breadcrumb"},"inLanguage":"ca","potentialAction":[{"@type":"ReadAction","target":["https:\/\/novaorg.cofb.net\/2022\/02\/21\/infarma-solidari-centrara-la-seva-ajuda-en-latencio-farmaceutica-de-les-mares-i-nens-detiopia\/"]}]},{"@type":"BreadcrumbList","@id":"https:\/\/novaorg.cofb.net\/2022\/02\/21\/infarma-solidari-centrara-la-seva-ajuda-en-latencio-farmaceutica-de-les-mares-i-nens-detiopia\/#breadcrumb","itemListElement":[{"@type":"ListItem","position":1,"name":"Inici","item":"https:\/\/novaorg.cofb.net\/"},{"@type":"ListItem","position":2,"name":"&#8216;Infarma Solidari&#8217; centrar\u00e0 la seva ajuda en l&#8217;atenci\u00f3 farmac\u00e8utica de les mares i nens d&#8217;Eti\u00f2pia"}]},{"@type":"WebSite","@id":"https:\/\/www.cofb.org\/#website","url":"https:\/\/www.cofb.org\/","name":"Col\u00b7legi de Farmac\u00e8utics de Barcelona","description":"","publisher":{"@id":"https:\/\/www.cofb.org\/#organization"},"potentialAction":[{"@type":"SearchAction","target":{"@type":"EntryPoint","urlTemplate":"https:\/\/www.cofb.org\/?s={search_term_string}"},"query-input":"required name=search_term_string"}],"inLanguage":"ca"},{"@type":"Organization","@id":"https:\/\/www.cofb.org\/#organization","name":"Col\u00b7legi de Farmac\u00e8utics de Barcelona","url":"https:\/\/www.cofb.org\/","logo":{"@type":"ImageObject","inLanguage":"ca","@id":"https:\/\/www.cofb.org\/#\/schema\/logo\/image\/","url":"https:\/\/www.cofb.org\/wp-content\/uploads\/2023\/11\/cropped-Logotip-COFB.png","contentUrl":"https:\/\/www.cofb.org\/wp-content\/uploads\/2023\/11\/cropped-Logotip-COFB.png","width":500,"height":105,"caption":"Col\u00b7legi de Farmac\u00e8utics de Barcelona"},"image":{"@id":"https:\/\/www.cofb.org\/#\/schema\/logo\/image\/"},"sameAs":["https:\/\/www.facebook.com\/farmaceuticsbcn\/","https:\/\/twitter.com\/farmaceuticsbcn","https:\/\/www.instagram.com\/farmaceuticsbcn\/","https:\/\/www.linkedin.com\/company\/farmaceuticsbcn\/"]},{"@type":"Person","@id":"https:\/\/www.cofb.org\/#\/schema\/person\/22ed7eea88da74b0fa4d3154ad87ffcb","name":"wpAdminCofbOrg","image":{"@type":"ImageObject","inLanguage":"ca","@id":"https:\/\/www.cofb.org\/#\/schema\/person\/image\/","url":"https:\/\/secure.gravatar.com\/avatar\/1721b20b3b8ca882c3b56ec6c978c594fff670e40c0718e9190eaeeb76aae7d8?s=96&d=mm&r=g","contentUrl":"https:\/\/secure.gravatar.com\/avatar\/1721b20b3b8ca882c3b56ec6c978c594fff670e40c0718e9190eaeeb76aae7d8?s=96&d=mm&r=g","caption":"wpAdminCofbOrg"},"sameAs":["http:\/\/192.168.64.122\/wordpress"],"url":"https:\/\/www.cofb.org\/ca\/author\/wpadmincofborg\/"}]}},"uagb_featured_image_src":{"full":false,"thumbnail":false,"medium":false,"medium_large":false,"large":false,"1536x1536":false,"2048x2048":false,"trp-custom-language-flag":false},"uagb_author_info":{"display_name":"wpAdminCofbOrg","author_link":"https:\/\/www.cofb.org\/ca\/author\/wpadmincofborg\/"},"uagb_comment_info":0,"uagb_excerpt":"\u00a0 La Cl\u00ednica\u00a0Materno-Infantil que gestiona la Fundaci\u00f3 Pablo\u00a0Horstmann\u00a0al pa\u00eds afric\u00e0 rebr\u00e0 el suport econ\u00f2mic del Congr\u00e9s i Sal\u00f3 farmac\u00e8utic. Madrid, 22 de febrer.\u00a0Infarma\u00a0Solidari abra\u00e7ar\u00e0 per cinquena edici\u00f3 una nova causa humanit\u00e0ria al proper Congr\u00e9s i Sal\u00f3 farmac\u00e8utic que organitzen els Col\u00b7legis Oficials de Farmac\u00e8utics de Madrid i Barcelona, \u200b\u200ben col\u00b7laboraci\u00f3 [&hellip;]","_links":{"self":[{"href":"https:\/\/www.cofb.org\/ca\/wp-json\/wp\/v2\/posts\/77021","targetHints":{"allow":["GET"]}}],"collection":[{"href":"https:\/\/www.cofb.org\/ca\/wp-json\/wp\/v2\/posts"}],"about":[{"href":"https:\/\/www.cofb.org\/ca\/wp-json\/wp\/v2\/types\/post"}],"author":[{"embeddable":true,"href":"https:\/\/www.cofb.org\/ca\/wp-json\/wp\/v2\/users\/1"}],"replies":[{"embeddable":true,"href":"https:\/\/www.cofb.org\/ca\/wp-json\/wp\/v2\/comments?post=77021"}],"version-history":[{"count":0,"href":"https:\/\/www.cofb.org\/ca\/wp-json\/wp\/v2\/posts\/77021\/revisions"}],"wp:attachment":[{"href":"https:\/\/www.cofb.org\/ca\/wp-json\/wp\/v2\/media?parent=77021"}],"wp:term":[{"taxonomy":"category","embeddable":true,"href":"https:\/\/www.cofb.org\/ca\/wp-json\/wp\/v2\/categories?post=77021"},{"taxonomy":"post_tag","embeddable":true,"href":"https:\/\/www.cofb.org\/ca\/wp-json\/wp\/v2\/tags?post=77021"}],"curies":[{"name":"wp","href":"https:\/\/api.w.org\/{rel}","templated":true}]}}