{"id":77016,"date":"2022-03-09T14:05:00","date_gmt":"2022-03-09T14:05:00","guid":{"rendered":"https:\/\/novaorg.cofb.net\/2022\/03\/09\/agora-de-nutricio-i-salut-actualitza-el-seu-disseny-amb-nous-continguts-i-formats-per-abordar-el-consell-nutricional-en-adults-i-persones-grans-des-de-la-farmaciaagora-de-nutricion-y-salud-actualiza-s\/"},"modified":"2022-03-09T14:05:00","modified_gmt":"2022-03-09T14:05:00","slug":"agora-de-nutricio-i-salut-actualitza-el-seu-disseny-amb-nous-continguts-i-formats-per-abordar-el-consell-nutricional-en-adults-i-persones-grans-des-de-la-farmaciaagora-de-nutricion-y-salud-actualiza-s","status":"publish","type":"post","link":"https:\/\/www.cofb.org\/ca\/2022\/03\/09\/agora-de-nutricio-i-salut-actualitza-el-seu-disseny-amb-nous-continguts-i-formats-per-abordar-el-consell-nutricional-en-adults-i-persones-grans-des-de-la-farmaciaagora-de-nutricion-y-salud-actualiza-s\/","title":{"rendered":"\u00c0gora de Nutrici\u00f3 i Salut actualitza el seu disseny amb nous continguts i formats per abordar el consell nutricional en adults i persones grans des de la farm\u00e0cia\u00c1gora de Nutrici\u00f3n y Salud actualiza su dise\u00f1o con nuevos contenidos y formatos para abordar el consejo nutricional en adultos y mayores desde la farmacia"},"content":{"rendered":"<p>\u00a0<\/p>\n<ul>\n<li>Aquesta actualitzaci\u00f3 \u00e9s fruit de la renovaci\u00f3 del conveni entre els Col\u00b7legis de Farmac\u00e8utics de Madrid i Barcelona \u2013a trav\u00e9s d&#8217;\u00c0gora Sanit\u00e0ria\u2013 i Nestl\u00e9 Health Science, la col\u00b7laboraci\u00f3 dels quals es va iniciar a finals del 2018, amb l&#8217;objectiu de treballar conjuntament en la divulgaci\u00f3 de la import\u00e0ncia d&#8217;una correcta alimentaci\u00f3 i nutrici\u00f3 en persones adultes i grans<\/li>\n<\/ul>\n<div>\u00a0<\/div>\n<ul>\n<li>Entre les principals novetats del 2022, hi ha una nova categoria formativa sobre nutrici\u00f3 i estat de salut, v\u00eddeos divulgatius que les farm\u00e0cies podran utilitzar a les seves campanyes d&#8217;educaci\u00f3 sanit\u00e0ria, i un nou impuls a la campanya per a la promoci\u00f3 d&#8217;un envelliment saludable<\/li>\n<\/ul>\n<div>\u00a0<\/div>\n<ul>\n<li>Des que es va posar en marxa \u00c0gora de Nutrici\u00f3 i Salut, ja s\u00f3n 35 recursos formatius generats i m\u00e9s de 3.500 les inscripcions a formacions, amb una valoraci\u00f3 mitjana de 8,7 i una aplicaci\u00f3 pr\u00e0ctica del 96%<\/li>\n<li>\u00a0<\/li>\n<\/ul>\n<div><em>Barcelona\/Madrid, 9 de mar\u00e7 de 2022<\/em>. L&#8217;\u00e0rea formativa \u00c0gora de Nutrici\u00f3 i Salut ha renovat el seu disseny, oferint m\u00e9s recursos formatius, amb nous continguts i formats innovadors. Aquesta actualitzaci\u00f3 \u00e9s fruit de la renovaci\u00f3 del conveni entre els Col\u00b7legis de Farmac\u00e8utics de Madrid i Barcelona \u2013a trav\u00e9s d&#8217;\u00c0gora Sanit\u00e0ria\u2013 i Nestl\u00e9 Health Science, la col\u00b7laboraci\u00f3 dels quals es va iniciar a finals de 2018, amb l&#8217;objectiu de treballar conjuntament en la divulgaci\u00f3 de la import\u00e0ncia d&#8217;una correcta alimentaci\u00f3 i nutrici\u00f3 en persones adultes i grans.<\/div>\n<div>\u00a0<\/div>\n<div>M\u00e9s concretament, aquest acord \u00e9s una aposta per la formaci\u00f3 del farmac\u00e8utic en l&#8217;alimentaci\u00f3 d&#8217;adults i persones grans i, d\u2019aquesta manera, refor\u00e7ar no nom\u00e9s el consell nutricional, sin\u00f3 tamb\u00e9 la import\u00e0ncia de la modificaci\u00f3 d&#8217;h\u00e0bits i de fer exercici f\u00edsic. Amb tot aix\u00f2, es pret\u00e9n ajudar-los a aconseguir una dieta m\u00e9s equilibrada i un envelliment actiu i saludable.<\/div>\n<div>\u00a0<\/div>\n<div><u><strong>Principals novetats del 2022<\/strong><\/u><\/div>\n<div>En aquesta fase de renovaci\u00f3 es mantenen els formats que han caracteritzat fins ara \u00c0gora de Nutrici\u00f3 i Salut (casos pr\u00e0ctics, bibliografies rellevants, formaci\u00f3 acreditada, webinars\u2026), i se n\u2019afegeixen de nous per\u00a0 facilitar m\u00e9s recursos als farmac\u00e8utics.<\/div>\n<div>\u00a0<\/div>\n<div><span><strong>Categoria formativa sobre nutrici\u00f3 i estat de salut<\/strong><\/span><\/div>\n<div>Es posa en marxa una nova categoria formativa amb l&#8217;objectiu d&#8217;aprofundir en l&#8217;alimentaci\u00f3 en diferents situacions i en l&#8217;\u00fas de determinats medicaments. En aquest sentit, s&#8217;impartiran diferents webinars amb el t\u00edtol \u201cCom la nutrici\u00f3 et pot ajudar en\u2026?\u201d, on experts referents parlaran dels requeriments nutricionals i l&#8217;adaptaci\u00f3 de l&#8217;alimentaci\u00f3. Aquest 2022 hi ha quatre webinars programats, que se centraran, respectivament, en l&#8217;envelliment saludable i la mobilitat, el control de pes, la salut de les articulacions i la menopausa.<\/div>\n<div>\u00a0<\/div>\n<div>Aix\u00ed mateix, tamb\u00e9 s&#8217;impartir\u00e0 un curs sobre medicaments i nutrients, en el qual es parlar\u00e0 de la depleci\u00f3 de nutrients deguda a la presa de medicaments i les diferents interaccions. L&#8217;evid\u00e8ncia de la influ\u00e8ncia dels tractaments farmacol\u00f2gics sobre l&#8217;aprofitament de nutrients est\u00e0 poc estudiada i, com a conseq\u00fc\u00e8ncia, el professional t\u00e9 escassa informaci\u00f3 i poc documentada.<\/div>\n<div>\u00a0<\/div>\n<div><span><strong>V\u00eddeos educatius i casos pr\u00e0ctics<\/strong><\/span><\/div>\n<div>Es tracta de petites p\u00edndoles divulgatives audiovisuals en les quals s&#8217;explica de manera concisa i pr\u00e0ctica diferents aspectes relacionats amb l&#8217;alimentaci\u00f3 i nutrici\u00f3 en adults i persones grans, que les farm\u00e0cies podran utilitzar, al seu torn, en les seves campanyes d&#8217;educaci\u00f3 sanit\u00e0ria. Algunes de les tem\u00e0tiques que s&#8217;abordaran seran els conceptes b\u00e0sics de Nutriscore, l&#8217;alimentaci\u00f3 sostenible, les noves prote\u00efnes i prote\u00efnes alternatives, els aliments ultra processats i el dejuni intermitent.<\/div>\n<div>\u00a0<\/div>\n<div>El format de casos pr\u00e0ctics ja existent s&#8217;amplia amb quatre nous temes: control de pes i diabetis, menopausa, salut articular i dificultats a l\u2019hora de mastegar. D&#8217;altra banda, s&#8217;habilitar\u00e0 una col\u00b7lecci\u00f3 de consells per als usuaris, que estaran classificats per tem\u00e0tiques i situacions.<\/div>\n<div>\u00a0<\/div>\n<div><strong><span>Impuls de la campanya per a la promoci\u00f3 d&#8217;un envelliment saludable<\/span><\/strong><\/div>\n<div>Al llarg del 2022, es donar\u00e0 un nou impuls a la campanya d&#8217;intervenci\u00f3 farmac\u00e8utica per a la promoci\u00f3 d&#8217;un envelliment saludable a la farm\u00e0cia comunit\u00e0ria, que es va posar en marxa a l&#8217;abril de l&#8217;any passat i ja compta amb m\u00e9s de 1.300 farm\u00e0cies adherides. Sota el lema \u201cFes-te gran, viu millor\u201d, l&#8217;objectiu \u00e9s contribuir -a trav\u00e9s del consell nutricional, la recomanaci\u00f3 d&#8217;activitat f\u00edsica i el seguiment farmac\u00e8utic- a millorar l&#8217;estat nutricional i de salut de la poblaci\u00f3, aix\u00ed com detectar situacions de risc nutricional i sarcopenia en persones de m\u00e9s de 65 anys.<\/div>\n<div>\u00a0<\/div>\n<div><span><strong>Seminari: gesti\u00f3 per categories<\/strong><\/span><\/div>\n<div>Aquest 2022 ampliem l&#8217;oferta formativa al format de classes virtuals, que iniciarem amb un seminari en qu\u00e8 analitzarem les possibilitats de la categoria d&#8217;Alimentaci\u00f3 i Nutrici\u00f3 i el paper clau de la farm\u00e0cia en la recomanaci\u00f3 i el consell nutricional.<\/div>\n<div>\u00a0<\/div>\n<div><u><strong>Valoracions dels presidents de COFB i COFM, i del Business Executive Officer de NHS<\/strong><\/u><\/div>\n<div>\u00a0<\/div>\n<div><strong>Jordi Casas<\/strong>, president del Col\u00b7legi de Farmac\u00e8utics de Barcelona (COFB), explica que \u201cal llarg d&#8217;aquests tres anys, hem integrat les iniciatives formatives amb l&#8217;activitat professional amb l&#8217;objectiu que els farmac\u00e8utics col\u00b7laborin de manera activa, des de les farm\u00e0cies, en la consecuci\u00f3 de bons h\u00e0bits nutricionals i de vida per aconseguir un envelliment saludable. Renovem aix\u00ed el nostre comprom\u00eds amb l&#8217;actualitzaci\u00f3 permanent del farmac\u00e8utic en el consell nutricional, incorporant nous continguts i formats m\u00e9s accessibles.<\/div>\n<div>\u00a0<\/div>\n<div>\u201cEl paper de la farm\u00e0cia en la prevenci\u00f3 i el manteniment de la salut a trav\u00e9s de l&#8217;alimentaci\u00f3 i la nutrici\u00f3 en totes les etapes de la vida, per\u00f2 especialment en l&#8217;etapa pr\u00e8via a l&#8217;envelliment, \u00e9s cada vegada m\u00e9s important, amb especial rellev\u00e0ncia en la detecci\u00f3 de mancances nutricionals o de mals h\u00e0bits. D&#8217;aqu\u00ed la import\u00e0ncia de convenis i projectes com a \u00c0gora de Nutrici\u00f3 i Salut, que contribueixen de manera rigorosa a la formaci\u00f3 del col\u00b7lectiu\u201d, afirma <strong>Luis Gonz\u00e1lez<\/strong>, president en funcions del COFM.<\/div>\n<div>\u00a0<\/div>\n<div><strong>Walter Molhoek<\/strong>, Business Executive Officer de Nestl\u00e9 Health Science Iberia destaca \u201cla necessitat de la prevenci\u00f3 i d&#8217;una detecci\u00f3 de risc nutricional preco\u00e7, aix\u00ed com la personalitzaci\u00f3 del consell nutricional, en qu\u00e8 la farm\u00e0cia t\u00e9 un rol molt important per la seva proximitat i coneixement de la poblaci\u00f3\u201d.<\/div>\n<div>\u00a0<\/div>\n<div><u><strong>Pres\u00e8ncia a Infarma Madrid 2022<\/strong><\/u><\/div>\n<div>\u00c0gora de Nutrici\u00f3 i Salut ser\u00e0 present enguany a\u00a0 Infarma Madrid 2022 a trav\u00e9s de la confer\u00e8ncia que tindr\u00e0 lloc el 22 de mar\u00e7: \u201cCom la nutrici\u00f3 et pot ajudar en l&#8217;envelliment saludable i la mobilitat?\u201d. Patrocinada per Nestl\u00e9 Health Science, aquesta pon\u00e8ncia estar\u00e0 moderada per Anna Bach-Faig, vocal d&#8217;Alimentaci\u00f3 i Nutrici\u00f3 del COFB, i tindr\u00e0 com a ponents a Maria Luisa Mart\u00ednez Rodr\u00edguez, titular de farm\u00e0cia a Coslada (Madrid) i Laura M\u00f3nica P\u00e9rez Baz\u00e1n, responsable cl\u00ednic de Geriatria al Parc Sanitari Pere Virgili (Barcelona) i membre del grup de recerca en envelliment, fragilitat i transicions.<\/div>\n<div>\u00a0<\/div>\n<div><u><strong>3 anys d&#8217;experi\u00e8ncia formant professionals de la salut<\/strong><\/u><\/div>\n<div>\u00c0gora de Nutrici\u00f3 i Salut \u00e9s una \u00e0rea formativa posada en marxa el 2019 per \u00c0gora Sanit\u00e0ria i Nestl\u00e9 Health Science. L&#8217;objectiu d&#8217;aquest portal \u00e9s posar a l&#8217;abast dels farmac\u00e8utics i de la resta de professionals de l&#8217;oficina de farm\u00e0cia un conjunt de recursos online que contribueixin a la millora i professionalitzaci\u00f3 del consell farmac\u00e8utic, en un \u00e0mbit de tanta rellev\u00e0ncia com \u00e9s la nutrici\u00f3 en adults i persones grans. Des dels seus inicis, ja s\u00f3n 35 els recursos formatius generats i m\u00e9s de 3.500 les inscripcions a formacions, amb una valoraci\u00f3 mitjana de 8,7 i una aplicaci\u00f3 pr\u00e0ctica del 96%.<\/div>\n<p>\u00a0Aquesta actualitzaci\u00f3 \u00e9s fruit de la renovaci\u00f3 del conveni entre els Col\u00b7legis de Farmac\u00e8utics de Madrid i Barcelona \u2013a trav\u00e9s d&#8217;\u00c0gora Sanit\u00e0ria\u2013 i Nestl\u00e9 Health Science, la col\u00b7laboraci\u00f3 dels quals es va iniciar a finals del 2018, amb l&#8217;objectiu de treballar conjuntament en la divulgaci\u00f3 de la import\u00e0ncia d&#8217;una correcta alimentaci\u00f3 i nutrici\u00f3 en persones adultes i grans<\/p>\n<p>\u00a0<\/p>\n<p>\tEntre les principals novetats del 2022, hi ha una nova categoria formativa sobre nutrici\u00f3 i estat de salut, v\u00eddeos divulgatius que les farm\u00e0cies podran utilitzar a les seves campanyes d&#8217;educaci\u00f3 sanit\u00e0ria, i un nou impuls a la campanya per a la promoci\u00f3 d&#8217;un envelliment saludable<\/p>\n<p>\u00a0<\/p>\n<p>\tDes que es va posar en marxa \u00c0gora de Nutrici\u00f3 i Salut, ja s\u00f3n 35 recursos formatius generats i m\u00e9s de 3.500 les inscripcions a formacions, amb una valoraci\u00f3 mitjana de 8,7 i una aplicaci\u00f3 pr\u00e0ctica del 96%<br \/>\n\t\u00a0<\/p>\n<p>Barcelona\/Madrid, 9 de mar\u00e7 de 2022. L&#8217;\u00e0rea formativa \u00c0gora de Nutrici\u00f3 i Salut ha renovat el seu disseny, oferint m\u00e9s recursos formatius, amb nous continguts i formats innovadors. Aquesta actualitzaci\u00f3 \u00e9s fruit de la renovaci\u00f3 del conveni entre els Col\u00b7legis de Farmac\u00e8utics de Madrid i Barcelona \u2013a trav\u00e9s d&#8217;\u00c0gora Sanit\u00e0ria\u2013 i Nestl\u00e9 Health Science, la col\u00b7laboraci\u00f3 dels quals es va iniciar a finals de 2018, amb l&#8217;objectiu de treballar conjuntament en la divulgaci\u00f3 de la import\u00e0ncia d&#8217;una correcta alimentaci\u00f3 i nutrici\u00f3 en persones adultes i grans.<\/p>\n<p>\u00a0<\/p>\n<p>M\u00e9s concretament, aquest acord \u00e9s una aposta per la formaci\u00f3 del farmac\u00e8utic en l&#8217;alimentaci\u00f3 d&#8217;adults i persones grans i, d\u2019aquesta manera, refor\u00e7ar no nom\u00e9s el consell nutricional, sin\u00f3 tamb\u00e9 la import\u00e0ncia de la modificaci\u00f3 d&#8217;h\u00e0bits i de fer exercici f\u00edsic. Amb tot aix\u00f2, es pret\u00e9n ajudar-los a aconseguir una dieta m\u00e9s equilibrada i un envelliment actiu i saludable.<\/p>\n<p>\u00a0<\/p>\n<p>Principals novetats del 2022<\/p>\n<p>En aquesta fase de renovaci\u00f3 es mantenen els formats que han caracteritzat fins ara \u00c0gora de Nutrici\u00f3 i Salut (casos pr\u00e0ctics, bibliografies rellevants, formaci\u00f3 acreditada, webinars\u2026), i se n\u2019afegeixen de nous per\u00a0 facilitar m\u00e9s recursos als farmac\u00e8utics.<\/p>\n<p>\u00a0<\/p>\n<p>Categoria formativa sobre nutrici\u00f3 i estat de salut<\/p>\n<p>Es posa en marxa una nova categoria formativa amb l&#8217;objectiu d&#8217;aprofundir en l&#8217;alimentaci\u00f3 en diferents situacions i en l&#8217;\u00fas de determinats medicaments. En aquest sentit, s&#8217;impartiran diferents webinars amb el t\u00edtol \u201cCom la nutrici\u00f3 et pot ajudar en\u2026?\u201d, on experts referents parlaran dels requeriments nutricionals i l&#8217;adaptaci\u00f3 de l&#8217;alimentaci\u00f3. Aquest 2022 hi ha quatre webinars programats, que se centraran, respectivament, en l&#8217;envelliment saludable i la mobilitat, el control de pes, la salut de les articulacions i la menopausa.<\/p>\n<p>\u00a0<\/p>\n<p>Aix\u00ed mateix, tamb\u00e9 s&#8217;impartir\u00e0 un curs sobre medicaments i nutrients, en el qual es parlar\u00e0 de la depleci\u00f3 de nutrients deguda a la presa de medicaments i les diferents interaccions. L&#8217;evid\u00e8ncia de la influ\u00e8ncia dels tractaments farmacol\u00f2gics sobre l&#8217;aprofitament de nutrients est\u00e0 poc estudiada i, com a conseq\u00fc\u00e8ncia, el professional t\u00e9 escassa informaci\u00f3 i poc documentada.<\/p>\n<p>\u00a0<\/p>\n<p>V\u00eddeos educatius i casos pr\u00e0ctics<\/p>\n<p>Es tracta de petites p\u00edndoles divulgatives audiovisuals en les quals s&#8217;explica de manera concisa i pr\u00e0ctica diferents aspectes relacionats amb l&#8217;alimentaci\u00f3 i nutrici\u00f3 en adults i persones grans, que les farm\u00e0cies podran utilitzar, al seu torn, en les seves campanyes d&#8217;educaci\u00f3 sanit\u00e0ria. Algunes de les tem\u00e0tiques que s&#8217;abordaran seran els conceptes b\u00e0sics de Nutriscore, l&#8217;alimentaci\u00f3 sostenible, les noves prote\u00efnes i prote\u00efnes alternatives, els aliments ultra processats i el dejuni intermitent.<\/p>\n<p>\u00a0<\/p>\n<p>El format de casos pr\u00e0ctics ja existent s&#8217;amplia amb quatre nous temes: control de pes i diabetis, menopausa, salut articular i dificultats a l\u2019hora de mastegar. D&#8217;altra banda, s&#8217;habilitar\u00e0 una col\u00b7lecci\u00f3 de consells per als usuaris, que estaran classificats per tem\u00e0tiques i situacions.<\/p>\n<p>\u00a0<\/p>\n<p>Impuls de la campanya per a la promoci\u00f3 d&#8217;un envelliment saludable<\/p>\n<p>Al llarg del 2022, es donar\u00e0 un nou impuls a la campanya d&#8217;intervenci\u00f3 farmac\u00e8utica per a la promoci\u00f3 d&#8217;un envelliment saludable a la farm\u00e0cia comunit\u00e0ria, que es va posar en marxa a l&#8217;abril de l&#8217;any passat i ja compta amb m\u00e9s de 1.300 farm\u00e0cies adherides. Sota el lema \u201cFes-te gran, viu millor\u201d, l&#8217;objectiu \u00e9s contribuir -a trav\u00e9s del consell nutricional, la recomanaci\u00f3 d&#8217;activitat f\u00edsica i el seguiment farmac\u00e8utic- a millorar l&#8217;estat nutricional i de salut de la poblaci\u00f3, aix\u00ed com detectar situacions de risc nutricional i sarcopenia en persones de m\u00e9s de 65 anys.<\/p>\n<p>\u00a0<\/p>\n<p>Seminari: gesti\u00f3 per categories<\/p>\n<p>Aquest 2022 ampliem l&#8217;oferta formativa al format de classes virtuals, que iniciarem amb un seminari en qu\u00e8 analitzarem les possibilitats de la categoria d&#8217;Alimentaci\u00f3 i Nutrici\u00f3 i el paper clau de la farm\u00e0cia en la recomanaci\u00f3 i el consell nutricional.<\/p>\n<p>\u00a0<\/p>\n<p>Valoracions dels presidents de COFB i COFM, i del Business Executive Officer de NHS<\/p>\n<p>\u00a0<\/p>\n<p>Jordi Casas, president del Col\u00b7legi de Farmac\u00e8utics de Barcelona (COFB), explica que \u201cal llarg d&#8217;aquests tres anys, hem integrat les iniciatives formatives amb l&#8217;activitat professional amb l&#8217;objectiu que els farmac\u00e8utics col\u00b7laborin de manera activa, des de les farm\u00e0cies, en la consecuci\u00f3 de bons h\u00e0bits nutricionals i de vida per aconseguir un envelliment saludable. Renovem aix\u00ed el nostre comprom\u00eds amb l&#8217;actualitzaci\u00f3 permanent del farmac\u00e8utic en el consell nutricional, incorporant nous continguts i formats m\u00e9s accessibles.<\/p>\n<p>\u00a0<\/p>\n<p>\u201cEl paper de la farm\u00e0cia en la prevenci\u00f3 i el manteniment de la salut a trav\u00e9s de l&#8217;alimentaci\u00f3 i la nutrici\u00f3 en totes les etapes de la vida, per\u00f2 especialment en l&#8217;etapa pr\u00e8via a l&#8217;envelliment, \u00e9s cada vegada m\u00e9s important, amb especial rellev\u00e0ncia en la detecci\u00f3 de mancances nutricionals o de mals h\u00e0bits. D&#8217;aqu\u00ed la import\u00e0ncia de convenis i projectes com a \u00c0gora de Nutrici\u00f3 i Salut, que contribueixen de manera rigorosa a la formaci\u00f3 del col\u00b7lectiu\u201d, afirma Luis Gonz\u00e1lez, president en funcions del COFM.<\/p>\n<p>\u00a0<\/p>\n<p>Walter Molhoek, Business Executive Officer de Nestl\u00e9 Health Science Iberia destaca \u201cla necessitat de la prevenci\u00f3 i d&#8217;una detecci\u00f3 de risc nutricional preco\u00e7, aix\u00ed com la personalitzaci\u00f3 del consell nutricional, en qu\u00e8 la farm\u00e0cia t\u00e9 un rol molt important per la seva proximitat i coneixement de la poblaci\u00f3\u201d.<\/p>\n<p>\u00a0<\/p>\n<p>Pres\u00e8ncia a Infarma Madrid 2022<\/p>\n<p>\u00c0gora de Nutrici\u00f3 i Salut ser\u00e0 present enguany a\u00a0 Infarma Madrid 2022 a trav\u00e9s de la confer\u00e8ncia que tindr\u00e0 lloc el 22 de mar\u00e7: \u201cCom la nutrici\u00f3 et pot ajudar en l&#8217;envelliment saludable i la mobilitat?\u201d. Patrocinada per Nestl\u00e9 Health Science, aquesta pon\u00e8ncia estar\u00e0 moderada per Anna Bach-Faig, vocal d&#8217;Alimentaci\u00f3 i Nutrici\u00f3 del COFB, i tindr\u00e0 com a ponents a Maria Luisa Mart\u00ednez Rodr\u00edguez, titular de farm\u00e0cia a Coslada (Madrid) i Laura M\u00f3nica P\u00e9rez Baz\u00e1n, responsable cl\u00ednic de Geriatria al Parc Sanitari Pere Virgili (Barcelona) i membre del grup de recerca en envelliment, fragilitat i transicions.<\/p>\n<p>\u00a0<\/p>\n<p>3 anys d&#8217;experi\u00e8ncia formant professionals de la salut<\/p>\n<p>\u00c0gora de Nutrici\u00f3 i Salut \u00e9s una \u00e0rea formativa posada en marxa el 2019 per \u00c0gora Sanit\u00e0ria i Nestl\u00e9 Health Science. L&#8217;objectiu d&#8217;aquest portal \u00e9s posar a l&#8217;abast dels farmac\u00e8utics i de la resta de professionals de l&#8217;oficina de farm\u00e0cia un conjunt de recursos online que contribueixin a la millora i professionalitzaci\u00f3 del consell farmac\u00e8utic, en un \u00e0mbit de tanta rellev\u00e0ncia com \u00e9s la nutrici\u00f3 en adults i persones grans. Des dels seus inicis, ja s\u00f3n 35 els recursos formatius generats i m\u00e9s de 3.500 les inscripcions a formacions, amb una valoraci\u00f3 mitjana de 8,7 i una aplicaci\u00f3 pr\u00e0ctica del 96%.\u00a0\u00a0COFB.ORG<\/p>\n","protected":false},"excerpt":{"rendered":"<p>\u00a0 Aquesta actualitzaci\u00f3 \u00e9s fruit de la renovaci\u00f3 del conveni entre els Col\u00b7legis de Farmac\u00e8utics de Madrid i Barcelona \u2013a trav\u00e9s d&#8217;\u00c0gora Sanit\u00e0ria\u2013 i Nestl\u00e9 Health Science, la col\u00b7laboraci\u00f3 dels quals es va iniciar a finals del 2018, amb l&#8217;objectiu de treballar conjuntament en la divulgaci\u00f3 de la import\u00e0ncia d&#8217;una [&hellip;]<\/p>\n","protected":false},"author":1,"featured_media":0,"comment_status":"","ping_status":"","sticky":false,"template":"","format":"standard","meta":{"_uag_custom_page_level_css":"","site-sidebar-layout":"default","site-content-layout":"","ast-site-content-layout":"default","site-content-style":"default","site-sidebar-style":"default","ast-global-header-display":"","ast-banner-title-visibility":"","ast-main-header-display":"","ast-hfb-above-header-display":"","ast-hfb-below-header-display":"","ast-hfb-mobile-header-display":"","site-post-title":"","ast-breadcrumbs-content":"","ast-featured-img":"disabled","footer-sml-layout":"","theme-transparent-header-meta":"","adv-header-id-meta":"","stick-header-meta":"","header-above-stick-meta":"","header-main-stick-meta":"","header-below-stick-meta":"","astra-migrate-meta-layouts":"default","ast-page-background-enabled":"default","ast-page-background-meta":{"desktop":{"background-color":"var(--ast-global-color-4)","background-image":"","background-repeat":"repeat","background-position":"center center","background-size":"auto","background-attachment":"scroll","background-type":"","background-media":"","overlay-type":"","overlay-color":"","overlay-opacity":"","overlay-gradient":""},"tablet":{"background-color":"","background-image":"","background-repeat":"repeat","background-position":"center center","background-size":"auto","background-attachment":"scroll","background-type":"","background-media":"","overlay-type":"","overlay-color":"","overlay-opacity":"","overlay-gradient":""},"mobile":{"background-color":"","background-image":"","background-repeat":"repeat","background-position":"center center","background-size":"auto","background-attachment":"scroll","background-type":"","background-media":"","overlay-type":"","overlay-color":"","overlay-opacity":"","overlay-gradient":""}},"ast-content-background-meta":{"desktop":{"background-color":"var(--ast-global-color-5)","background-image":"","background-repeat":"repeat","background-position":"center center","background-size":"auto","background-attachment":"scroll","background-type":"","background-media":"","overlay-type":"","overlay-color":"","overlay-opacity":"","overlay-gradient":""},"tablet":{"background-color":"var(--ast-global-color-5)","background-image":"","background-repeat":"repeat","background-position":"center center","background-size":"auto","background-attachment":"scroll","background-type":"","background-media":"","overlay-type":"","overlay-color":"","overlay-opacity":"","overlay-gradient":""},"mobile":{"background-color":"var(--ast-global-color-5)","background-image":"","background-repeat":"repeat","background-position":"center center","background-size":"auto","background-attachment":"scroll","background-type":"","background-media":"","overlay-type":"","overlay-color":"","overlay-opacity":"","overlay-gradient":""}},"footnotes":""},"categories":[1060,1066],"tags":[],"class_list":["post-77016","post","type-post","status-publish","format-standard","hentry","category-notes-premsa","category-sense-categoria-ca"],"yoast_head":"<!-- This site is optimized with the Yoast SEO plugin v22.4 - https:\/\/yoast.com\/wordpress\/plugins\/seo\/ -->\n<title>\u00c0gora de Nutrici\u00f3 i Salut actualitza el seu disseny amb nous continguts i formats per abordar el consell nutricional en adults i persones grans des de la farm\u00e0cia\u00c1gora de Nutrici\u00f3n y Salud actualiza su dise\u00f1o con nuevos contenidos y formatos para abordar el consejo nutricional en adultos y mayores desde la farmacia - Col\u00b7legi de Farmac\u00e8utics de Barcelona<\/title>\n<meta name=\"robots\" content=\"index, follow, max-snippet:-1, max-image-preview:large, max-video-preview:-1\" \/>\n<link rel=\"canonical\" href=\"https:\/\/novaorg.cofb.net\/2022\/03\/09\/agora-de-nutricio-i-salut-actualitza-el-seu-disseny-amb-nous-continguts-i-formats-per-abordar-el-consell-nutricional-en-adults-i-persones-grans-des-de-la-farmaciaagora-de-nutricion-y-salud-actualiza-s\/\" \/>\n<meta property=\"og:locale\" content=\"ca_ES\" \/>\n<meta property=\"og:type\" content=\"article\" \/>\n<meta property=\"og:title\" content=\"\u00c0gora de Nutrici\u00f3 i Salut actualitza el seu disseny amb nous continguts i formats per abordar el consell nutricional en adults i persones grans des de la farm\u00e0cia\u00c1gora de Nutrici\u00f3n y Salud actualiza su dise\u00f1o con nuevos contenidos y formatos para abordar el consejo nutricional en adultos y mayores desde la farmacia - Col\u00b7legi de Farmac\u00e8utics de Barcelona\" \/>\n<meta property=\"og:description\" content=\"\u00a0 Aquesta actualitzaci\u00f3 \u00e9s fruit de la renovaci\u00f3 del conveni entre els Col\u00b7legis de Farmac\u00e8utics de Madrid i Barcelona \u2013a trav\u00e9s d&#8217;\u00c0gora Sanit\u00e0ria\u2013 i Nestl\u00e9 Health Science, la col\u00b7laboraci\u00f3 dels quals es va iniciar a finals del 2018, amb l&#8217;objectiu de treballar conjuntament en la divulgaci\u00f3 de la import\u00e0ncia d&#8217;una [&hellip;]\" \/>\n<meta property=\"og:url\" content=\"https:\/\/novaorg.cofb.net\/2022\/03\/09\/agora-de-nutricio-i-salut-actualitza-el-seu-disseny-amb-nous-continguts-i-formats-per-abordar-el-consell-nutricional-en-adults-i-persones-grans-des-de-la-farmaciaagora-de-nutricion-y-salud-actualiza-s\/\" \/>\n<meta property=\"og:site_name\" content=\"Col\u00b7legi de Farmac\u00e8utics de Barcelona\" \/>\n<meta property=\"article:publisher\" content=\"https:\/\/www.facebook.com\/farmaceuticsbcn\/\" \/>\n<meta property=\"article:published_time\" content=\"2022-03-09T14:05:00+00:00\" \/>\n<meta name=\"author\" content=\"wpAdminCofbOrg\" \/>\n<meta name=\"twitter:card\" content=\"summary_large_image\" \/>\n<meta name=\"twitter:creator\" content=\"@farmaceuticsbcn\" \/>\n<meta name=\"twitter:site\" content=\"@farmaceuticsbcn\" \/>\n<meta name=\"twitter:label1\" content=\"Escrit per\" \/>\n\t<meta name=\"twitter:data1\" content=\"wpAdminCofbOrg\" \/>\n\t<meta name=\"twitter:label2\" content=\"Temps estimat de lectura\" \/>\n\t<meta name=\"twitter:data2\" content=\"12 minuts\" \/>\n<script type=\"application\/ld+json\" class=\"yoast-schema-graph\">{\"@context\":\"https:\/\/schema.org\",\"@graph\":[{\"@type\":\"Article\",\"@id\":\"https:\/\/novaorg.cofb.net\/2022\/03\/09\/agora-de-nutricio-i-salut-actualitza-el-seu-disseny-amb-nous-continguts-i-formats-per-abordar-el-consell-nutricional-en-adults-i-persones-grans-des-de-la-farmaciaagora-de-nutricion-y-salud-actualiza-s\/#article\",\"isPartOf\":{\"@id\":\"https:\/\/novaorg.cofb.net\/2022\/03\/09\/agora-de-nutricio-i-salut-actualitza-el-seu-disseny-amb-nous-continguts-i-formats-per-abordar-el-consell-nutricional-en-adults-i-persones-grans-des-de-la-farmaciaagora-de-nutricion-y-salud-actualiza-s\/\"},\"author\":{\"name\":\"wpAdminCofbOrg\",\"@id\":\"https:\/\/www.cofb.org\/#\/schema\/person\/22ed7eea88da74b0fa4d3154ad87ffcb\"},\"headline\":\"\u00c0gora de Nutrici\u00f3 i Salut actualitza el seu disseny amb nous continguts i formats per abordar el consell nutricional en adults i persones grans des de la farm\u00e0cia\u00c1gora de Nutrici\u00f3n y Salud actualiza su dise\u00f1o con nuevos contenidos y formatos para abordar el consejo nutricional en adultos y mayores desde la farmacia\",\"datePublished\":\"2022-03-09T14:05:00+00:00\",\"dateModified\":\"2022-03-09T14:05:00+00:00\",\"mainEntityOfPage\":{\"@id\":\"https:\/\/novaorg.cofb.net\/2022\/03\/09\/agora-de-nutricio-i-salut-actualitza-el-seu-disseny-amb-nous-continguts-i-formats-per-abordar-el-consell-nutricional-en-adults-i-persones-grans-des-de-la-farmaciaagora-de-nutricion-y-salud-actualiza-s\/\"},\"wordCount\":2660,\"publisher\":{\"@id\":\"https:\/\/www.cofb.org\/#organization\"},\"articleSection\":[\"Notes de premsa\"],\"inLanguage\":\"ca\"},{\"@type\":\"WebPage\",\"@id\":\"https:\/\/novaorg.cofb.net\/2022\/03\/09\/agora-de-nutricio-i-salut-actualitza-el-seu-disseny-amb-nous-continguts-i-formats-per-abordar-el-consell-nutricional-en-adults-i-persones-grans-des-de-la-farmaciaagora-de-nutricion-y-salud-actualiza-s\/\",\"url\":\"https:\/\/novaorg.cofb.net\/2022\/03\/09\/agora-de-nutricio-i-salut-actualitza-el-seu-disseny-amb-nous-continguts-i-formats-per-abordar-el-consell-nutricional-en-adults-i-persones-grans-des-de-la-farmaciaagora-de-nutricion-y-salud-actualiza-s\/\",\"name\":\"\u00c0gora de Nutrici\u00f3 i Salut actualitza el seu disseny amb nous continguts i formats per abordar el consell nutricional en adults i persones grans des de la farm\u00e0cia\u00c1gora de Nutrici\u00f3n y Salud actualiza su dise\u00f1o con nuevos contenidos y formatos para abordar el consejo nutricional en adultos y mayores desde la farmacia - Col\u00b7legi de Farmac\u00e8utics de Barcelona\",\"isPartOf\":{\"@id\":\"https:\/\/www.cofb.org\/#website\"},\"datePublished\":\"2022-03-09T14:05:00+00:00\",\"dateModified\":\"2022-03-09T14:05:00+00:00\",\"breadcrumb\":{\"@id\":\"https:\/\/novaorg.cofb.net\/2022\/03\/09\/agora-de-nutricio-i-salut-actualitza-el-seu-disseny-amb-nous-continguts-i-formats-per-abordar-el-consell-nutricional-en-adults-i-persones-grans-des-de-la-farmaciaagora-de-nutricion-y-salud-actualiza-s\/#breadcrumb\"},\"inLanguage\":\"ca\",\"potentialAction\":[{\"@type\":\"ReadAction\",\"target\":[\"https:\/\/novaorg.cofb.net\/2022\/03\/09\/agora-de-nutricio-i-salut-actualitza-el-seu-disseny-amb-nous-continguts-i-formats-per-abordar-el-consell-nutricional-en-adults-i-persones-grans-des-de-la-farmaciaagora-de-nutricion-y-salud-actualiza-s\/\"]}]},{\"@type\":\"BreadcrumbList\",\"@id\":\"https:\/\/novaorg.cofb.net\/2022\/03\/09\/agora-de-nutricio-i-salut-actualitza-el-seu-disseny-amb-nous-continguts-i-formats-per-abordar-el-consell-nutricional-en-adults-i-persones-grans-des-de-la-farmaciaagora-de-nutricion-y-salud-actualiza-s\/#breadcrumb\",\"itemListElement\":[{\"@type\":\"ListItem\",\"position\":1,\"name\":\"Inici\",\"item\":\"https:\/\/novaorg.cofb.net\/\"},{\"@type\":\"ListItem\",\"position\":2,\"name\":\"\u00c0gora de Nutrici\u00f3 i Salut actualitza el seu disseny amb nous continguts i formats per abordar el consell nutricional en adults i persones grans des de la farm\u00e0cia\u00c1gora de Nutrici\u00f3n y Salud actualiza su dise\u00f1o con nuevos contenidos y formatos para abordar el consejo nutricional en adultos y mayores desde la farmacia\"}]},{\"@type\":\"WebSite\",\"@id\":\"https:\/\/www.cofb.org\/#website\",\"url\":\"https:\/\/www.cofb.org\/\",\"name\":\"Col\u00b7legi de Farmac\u00e8utics de Barcelona\",\"description\":\"\",\"publisher\":{\"@id\":\"https:\/\/www.cofb.org\/#organization\"},\"potentialAction\":[{\"@type\":\"SearchAction\",\"target\":{\"@type\":\"EntryPoint\",\"urlTemplate\":\"https:\/\/www.cofb.org\/?s={search_term_string}\"},\"query-input\":\"required name=search_term_string\"}],\"inLanguage\":\"ca\"},{\"@type\":\"Organization\",\"@id\":\"https:\/\/www.cofb.org\/#organization\",\"name\":\"Col\u00b7legi de Farmac\u00e8utics de Barcelona\",\"url\":\"https:\/\/www.cofb.org\/\",\"logo\":{\"@type\":\"ImageObject\",\"inLanguage\":\"ca\",\"@id\":\"https:\/\/www.cofb.org\/#\/schema\/logo\/image\/\",\"url\":\"https:\/\/www.cofb.org\/wp-content\/uploads\/2023\/11\/cropped-Logotip-COFB.png\",\"contentUrl\":\"https:\/\/www.cofb.org\/wp-content\/uploads\/2023\/11\/cropped-Logotip-COFB.png\",\"width\":500,\"height\":105,\"caption\":\"Col\u00b7legi de Farmac\u00e8utics de Barcelona\"},\"image\":{\"@id\":\"https:\/\/www.cofb.org\/#\/schema\/logo\/image\/\"},\"sameAs\":[\"https:\/\/www.facebook.com\/farmaceuticsbcn\/\",\"https:\/\/twitter.com\/farmaceuticsbcn\",\"https:\/\/www.instagram.com\/farmaceuticsbcn\/\",\"https:\/\/www.linkedin.com\/company\/farmaceuticsbcn\/\"]},{\"@type\":\"Person\",\"@id\":\"https:\/\/www.cofb.org\/#\/schema\/person\/22ed7eea88da74b0fa4d3154ad87ffcb\",\"name\":\"wpAdminCofbOrg\",\"image\":{\"@type\":\"ImageObject\",\"inLanguage\":\"ca\",\"@id\":\"https:\/\/www.cofb.org\/#\/schema\/person\/image\/\",\"url\":\"https:\/\/secure.gravatar.com\/avatar\/1721b20b3b8ca882c3b56ec6c978c594fff670e40c0718e9190eaeeb76aae7d8?s=96&d=mm&r=g\",\"contentUrl\":\"https:\/\/secure.gravatar.com\/avatar\/1721b20b3b8ca882c3b56ec6c978c594fff670e40c0718e9190eaeeb76aae7d8?s=96&d=mm&r=g\",\"caption\":\"wpAdminCofbOrg\"},\"sameAs\":[\"http:\/\/192.168.64.122\/wordpress\"],\"url\":\"https:\/\/www.cofb.org\/ca\/author\/wpadmincofborg\/\"}]}<\/script>\n<!-- \/ Yoast SEO plugin. -->","yoast_head_json":{"title":"\u00c0gora de Nutrici\u00f3 i Salut actualitza el seu disseny amb nous continguts i formats per abordar el consell nutricional en adults i persones grans des de la farm\u00e0cia\u00c1gora de Nutrici\u00f3n y Salud actualiza su dise\u00f1o con nuevos contenidos y formatos para abordar el consejo nutricional en adultos y mayores desde la farmacia - Col\u00b7legi de Farmac\u00e8utics de Barcelona","robots":{"index":"index","follow":"follow","max-snippet":"max-snippet:-1","max-image-preview":"max-image-preview:large","max-video-preview":"max-video-preview:-1"},"canonical":"https:\/\/novaorg.cofb.net\/2022\/03\/09\/agora-de-nutricio-i-salut-actualitza-el-seu-disseny-amb-nous-continguts-i-formats-per-abordar-el-consell-nutricional-en-adults-i-persones-grans-des-de-la-farmaciaagora-de-nutricion-y-salud-actualiza-s\/","og_locale":"ca_ES","og_type":"article","og_title":"\u00c0gora de Nutrici\u00f3 i Salut actualitza el seu disseny amb nous continguts i formats per abordar el consell nutricional en adults i persones grans des de la farm\u00e0cia\u00c1gora de Nutrici\u00f3n y Salud actualiza su dise\u00f1o con nuevos contenidos y formatos para abordar el consejo nutricional en adultos y mayores desde la farmacia - Col\u00b7legi de Farmac\u00e8utics de Barcelona","og_description":"\u00a0 Aquesta actualitzaci\u00f3 \u00e9s fruit de la renovaci\u00f3 del conveni entre els Col\u00b7legis de Farmac\u00e8utics de Madrid i Barcelona \u2013a trav\u00e9s d&#8217;\u00c0gora Sanit\u00e0ria\u2013 i Nestl\u00e9 Health Science, la col\u00b7laboraci\u00f3 dels quals es va iniciar a finals del 2018, amb l&#8217;objectiu de treballar conjuntament en la divulgaci\u00f3 de la import\u00e0ncia d&#8217;una [&hellip;]","og_url":"https:\/\/novaorg.cofb.net\/2022\/03\/09\/agora-de-nutricio-i-salut-actualitza-el-seu-disseny-amb-nous-continguts-i-formats-per-abordar-el-consell-nutricional-en-adults-i-persones-grans-des-de-la-farmaciaagora-de-nutricion-y-salud-actualiza-s\/","og_site_name":"Col\u00b7legi de Farmac\u00e8utics de Barcelona","article_publisher":"https:\/\/www.facebook.com\/farmaceuticsbcn\/","article_published_time":"2022-03-09T14:05:00+00:00","author":"wpAdminCofbOrg","twitter_card":"summary_large_image","twitter_creator":"@farmaceuticsbcn","twitter_site":"@farmaceuticsbcn","twitter_misc":{"Escrit per":"wpAdminCofbOrg","Temps estimat de lectura":"12 minuts"},"schema":{"@context":"https:\/\/schema.org","@graph":[{"@type":"Article","@id":"https:\/\/novaorg.cofb.net\/2022\/03\/09\/agora-de-nutricio-i-salut-actualitza-el-seu-disseny-amb-nous-continguts-i-formats-per-abordar-el-consell-nutricional-en-adults-i-persones-grans-des-de-la-farmaciaagora-de-nutricion-y-salud-actualiza-s\/#article","isPartOf":{"@id":"https:\/\/novaorg.cofb.net\/2022\/03\/09\/agora-de-nutricio-i-salut-actualitza-el-seu-disseny-amb-nous-continguts-i-formats-per-abordar-el-consell-nutricional-en-adults-i-persones-grans-des-de-la-farmaciaagora-de-nutricion-y-salud-actualiza-s\/"},"author":{"name":"wpAdminCofbOrg","@id":"https:\/\/www.cofb.org\/#\/schema\/person\/22ed7eea88da74b0fa4d3154ad87ffcb"},"headline":"\u00c0gora de Nutrici\u00f3 i Salut actualitza el seu disseny amb nous continguts i formats per abordar el consell nutricional en adults i persones grans des de la farm\u00e0cia\u00c1gora de Nutrici\u00f3n y Salud actualiza su dise\u00f1o con nuevos contenidos y formatos para abordar el consejo nutricional en adultos y mayores desde la farmacia","datePublished":"2022-03-09T14:05:00+00:00","dateModified":"2022-03-09T14:05:00+00:00","mainEntityOfPage":{"@id":"https:\/\/novaorg.cofb.net\/2022\/03\/09\/agora-de-nutricio-i-salut-actualitza-el-seu-disseny-amb-nous-continguts-i-formats-per-abordar-el-consell-nutricional-en-adults-i-persones-grans-des-de-la-farmaciaagora-de-nutricion-y-salud-actualiza-s\/"},"wordCount":2660,"publisher":{"@id":"https:\/\/www.cofb.org\/#organization"},"articleSection":["Notes de premsa"],"inLanguage":"ca"},{"@type":"WebPage","@id":"https:\/\/novaorg.cofb.net\/2022\/03\/09\/agora-de-nutricio-i-salut-actualitza-el-seu-disseny-amb-nous-continguts-i-formats-per-abordar-el-consell-nutricional-en-adults-i-persones-grans-des-de-la-farmaciaagora-de-nutricion-y-salud-actualiza-s\/","url":"https:\/\/novaorg.cofb.net\/2022\/03\/09\/agora-de-nutricio-i-salut-actualitza-el-seu-disseny-amb-nous-continguts-i-formats-per-abordar-el-consell-nutricional-en-adults-i-persones-grans-des-de-la-farmaciaagora-de-nutricion-y-salud-actualiza-s\/","name":"\u00c0gora de Nutrici\u00f3 i Salut actualitza el seu disseny amb nous continguts i formats per abordar el consell nutricional en adults i persones grans des de la farm\u00e0cia\u00c1gora de Nutrici\u00f3n y Salud actualiza su dise\u00f1o con nuevos contenidos y formatos para abordar el consejo nutricional en adultos y mayores desde la farmacia - Col\u00b7legi de Farmac\u00e8utics de Barcelona","isPartOf":{"@id":"https:\/\/www.cofb.org\/#website"},"datePublished":"2022-03-09T14:05:00+00:00","dateModified":"2022-03-09T14:05:00+00:00","breadcrumb":{"@id":"https:\/\/novaorg.cofb.net\/2022\/03\/09\/agora-de-nutricio-i-salut-actualitza-el-seu-disseny-amb-nous-continguts-i-formats-per-abordar-el-consell-nutricional-en-adults-i-persones-grans-des-de-la-farmaciaagora-de-nutricion-y-salud-actualiza-s\/#breadcrumb"},"inLanguage":"ca","potentialAction":[{"@type":"ReadAction","target":["https:\/\/novaorg.cofb.net\/2022\/03\/09\/agora-de-nutricio-i-salut-actualitza-el-seu-disseny-amb-nous-continguts-i-formats-per-abordar-el-consell-nutricional-en-adults-i-persones-grans-des-de-la-farmaciaagora-de-nutricion-y-salud-actualiza-s\/"]}]},{"@type":"BreadcrumbList","@id":"https:\/\/novaorg.cofb.net\/2022\/03\/09\/agora-de-nutricio-i-salut-actualitza-el-seu-disseny-amb-nous-continguts-i-formats-per-abordar-el-consell-nutricional-en-adults-i-persones-grans-des-de-la-farmaciaagora-de-nutricion-y-salud-actualiza-s\/#breadcrumb","itemListElement":[{"@type":"ListItem","position":1,"name":"Inici","item":"https:\/\/novaorg.cofb.net\/"},{"@type":"ListItem","position":2,"name":"\u00c0gora de Nutrici\u00f3 i Salut actualitza el seu disseny amb nous continguts i formats per abordar el consell nutricional en adults i persones grans des de la farm\u00e0cia\u00c1gora de Nutrici\u00f3n y Salud actualiza su dise\u00f1o con nuevos contenidos y formatos para abordar el consejo nutricional en adultos y mayores desde la farmacia"}]},{"@type":"WebSite","@id":"https:\/\/www.cofb.org\/#website","url":"https:\/\/www.cofb.org\/","name":"Col\u00b7legi de Farmac\u00e8utics de Barcelona","description":"","publisher":{"@id":"https:\/\/www.cofb.org\/#organization"},"potentialAction":[{"@type":"SearchAction","target":{"@type":"EntryPoint","urlTemplate":"https:\/\/www.cofb.org\/?s={search_term_string}"},"query-input":"required name=search_term_string"}],"inLanguage":"ca"},{"@type":"Organization","@id":"https:\/\/www.cofb.org\/#organization","name":"Col\u00b7legi de Farmac\u00e8utics de Barcelona","url":"https:\/\/www.cofb.org\/","logo":{"@type":"ImageObject","inLanguage":"ca","@id":"https:\/\/www.cofb.org\/#\/schema\/logo\/image\/","url":"https:\/\/www.cofb.org\/wp-content\/uploads\/2023\/11\/cropped-Logotip-COFB.png","contentUrl":"https:\/\/www.cofb.org\/wp-content\/uploads\/2023\/11\/cropped-Logotip-COFB.png","width":500,"height":105,"caption":"Col\u00b7legi de Farmac\u00e8utics de Barcelona"},"image":{"@id":"https:\/\/www.cofb.org\/#\/schema\/logo\/image\/"},"sameAs":["https:\/\/www.facebook.com\/farmaceuticsbcn\/","https:\/\/twitter.com\/farmaceuticsbcn","https:\/\/www.instagram.com\/farmaceuticsbcn\/","https:\/\/www.linkedin.com\/company\/farmaceuticsbcn\/"]},{"@type":"Person","@id":"https:\/\/www.cofb.org\/#\/schema\/person\/22ed7eea88da74b0fa4d3154ad87ffcb","name":"wpAdminCofbOrg","image":{"@type":"ImageObject","inLanguage":"ca","@id":"https:\/\/www.cofb.org\/#\/schema\/person\/image\/","url":"https:\/\/secure.gravatar.com\/avatar\/1721b20b3b8ca882c3b56ec6c978c594fff670e40c0718e9190eaeeb76aae7d8?s=96&d=mm&r=g","contentUrl":"https:\/\/secure.gravatar.com\/avatar\/1721b20b3b8ca882c3b56ec6c978c594fff670e40c0718e9190eaeeb76aae7d8?s=96&d=mm&r=g","caption":"wpAdminCofbOrg"},"sameAs":["http:\/\/192.168.64.122\/wordpress"],"url":"https:\/\/www.cofb.org\/ca\/author\/wpadmincofborg\/"}]}},"uagb_featured_image_src":{"full":false,"thumbnail":false,"medium":false,"medium_large":false,"large":false,"1536x1536":false,"2048x2048":false,"trp-custom-language-flag":false},"uagb_author_info":{"display_name":"wpAdminCofbOrg","author_link":"https:\/\/www.cofb.org\/ca\/author\/wpadmincofborg\/"},"uagb_comment_info":0,"uagb_excerpt":"\u00a0 Aquesta actualitzaci\u00f3 \u00e9s fruit de la renovaci\u00f3 del conveni entre els Col\u00b7legis de Farmac\u00e8utics de Madrid i Barcelona \u2013a trav\u00e9s d&#8217;\u00c0gora Sanit\u00e0ria\u2013 i Nestl\u00e9 Health Science, la col\u00b7laboraci\u00f3 dels quals es va iniciar a finals del 2018, amb l&#8217;objectiu de treballar conjuntament en la divulgaci\u00f3 de la import\u00e0ncia d&#8217;una [&hellip;]","_links":{"self":[{"href":"https:\/\/www.cofb.org\/ca\/wp-json\/wp\/v2\/posts\/77016","targetHints":{"allow":["GET"]}}],"collection":[{"href":"https:\/\/www.cofb.org\/ca\/wp-json\/wp\/v2\/posts"}],"about":[{"href":"https:\/\/www.cofb.org\/ca\/wp-json\/wp\/v2\/types\/post"}],"author":[{"embeddable":true,"href":"https:\/\/www.cofb.org\/ca\/wp-json\/wp\/v2\/users\/1"}],"replies":[{"embeddable":true,"href":"https:\/\/www.cofb.org\/ca\/wp-json\/wp\/v2\/comments?post=77016"}],"version-history":[{"count":0,"href":"https:\/\/www.cofb.org\/ca\/wp-json\/wp\/v2\/posts\/77016\/revisions"}],"wp:attachment":[{"href":"https:\/\/www.cofb.org\/ca\/wp-json\/wp\/v2\/media?parent=77016"}],"wp:term":[{"taxonomy":"category","embeddable":true,"href":"https:\/\/www.cofb.org\/ca\/wp-json\/wp\/v2\/categories?post=77016"},{"taxonomy":"post_tag","embeddable":true,"href":"https:\/\/www.cofb.org\/ca\/wp-json\/wp\/v2\/tags?post=77016"}],"curies":[{"name":"wp","href":"https:\/\/api.w.org\/{rel}","templated":true}]}}