{"id":77015,"date":"2022-03-10T14:21:00","date_gmt":"2022-03-10T14:21:00","guid":{"rendered":"https:\/\/novaorg.cofb.net\/2022\/03\/10\/agora-sanitaria-celebrara-a-infarma-madrid-2022-12-anys-com-a-referent-en-formacio-amb-dotze-tallers-i-concursosagora-sanitaria-celebrara-en-infarma-madrid-2022-12-anos-como-referente-en-formacion-co\/"},"modified":"2022-03-10T14:21:00","modified_gmt":"2022-03-10T14:21:00","slug":"agora-sanitaria-celebrara-a-infarma-madrid-2022-12-anys-com-a-referent-en-formacio-amb-dotze-tallers-i-concursosagora-sanitaria-celebrara-en-infarma-madrid-2022-12-anos-como-referente-en-formacion-co","status":"publish","type":"post","link":"https:\/\/www.cofb.org\/ca\/2022\/03\/10\/agora-sanitaria-celebrara-a-infarma-madrid-2022-12-anys-com-a-referent-en-formacio-amb-dotze-tallers-i-concursosagora-sanitaria-celebrara-en-infarma-madrid-2022-12-anos-como-referente-en-formacion-co\/","title":{"rendered":"\u00c0gora Sanit\u00e0ria celebrar\u00e0 a Infarma Madrid 2022 12 anys com a referent en formaci\u00f3, amb dotze tallers i concursos\u00c1gora Sanitaria celebrar\u00e1 en Infarma Madrid 2022 12 a\u00f1os como referente en formaci\u00f3n con doce talleres y concursos"},"content":{"rendered":"<p>\u00a0<\/p>\n<ul>\n<li>Farmac\u00e8utics experts en diferents \u00e0rees de la salut fomentaran a l&#8217;Aula \u00c0gora l&#8217;aprenentatge pr\u00e0ctic i actiu que permeti el desenvolupament professional dels farmac\u00e8utics. Concursos i premis esperen els visitants que visitin el Congr\u00e9s<\/li>\n<\/ul>\n<p>\u00a0<\/p>\n<p><em>Madrid, 10 de mar\u00e7<\/em>. Ja fa 12 anys que <a href=\"https:\/\/www.agorasanitaria.com\/\" target=\"_blank\" rel=\"noopener\">\u00c0gora Sanit\u00e0ria<\/a>, el portal de formaci\u00f3 online dels Col\u00b7legis de Farmac\u00e8utics de Madrid i Barcelona, \u200b\u200baposta per la formaci\u00f3 continuada dels professionals sanitaris farmac\u00e8utics, orientada a la pr\u00e0ctica di\u00e0ria i liderant la qualitat i la innovaci\u00f3. Tot aix\u00f2, ho celebrar\u00e0 a Infarma Madrid 2022 amb una programaci\u00f3 molt especial, plena de sorpreses pels visitants.<\/p>\n<p><u><strong>12 anys, 12 tallers<\/strong><\/u><\/p>\n<p>Durant tres dies, a l\u2019Aula \u00c0gora, ubicada entre el pavell\u00f3 1 i 3 del recinte firal Ifema, els assistents podran participar en 12 tallers formatius amb contingut cient\u00edfic, que es combinaran amb experi\u00e8ncies pr\u00e0ctiques a trav\u00e9s de formats interactius. \u201cMitjan\u00e7ant diferents metodologies, fomentem al mateix temps l&#8217;aprenentatge pr\u00e0ctic, din\u00e0mic i motivador per aconseguir el m\u00e0xim desenvolupament del farmac\u00e8utic com a professional sanitari\u201d, explica <strong>Marisa Jadraque<\/strong>, coordinadora d&#8217;\u00c0gora Sanit\u00e0ria.<\/p>\n<p>Entre l&#8217;ampli programa creat especialment per aquesta esperada edici\u00f3, destaca \u201cDesafiament Animal\u201d, un espai on <strong>Raquel Casado<\/strong>, vocal en funcions de Titulars de Farm\u00e0cia Rural del COFM i directora acad\u00e8mica dels cursos de l&#8217;\u00c0rea Veterin\u00e0ria d&#8217;\u00c0gora Sanit\u00e0ria, impartir\u00e0 un taller pr\u00e0ctic sobre la dispensaci\u00f3 de medicaments d&#8217;\u00fas animal i, com el t\u00edtol indica, es desafiar\u00e0 els farmac\u00e8utics a participar en un concurs el guanyador del qual rebr\u00e0 un sorprenent premi.<\/p>\n<p>Un altre dels temes que genera moltes consultes a la farm\u00e0cia i que s&#8217;abordar\u00e0 a Aula \u00c0gora ser\u00e0 l&#8217; \u201cAlimentaci\u00f3 en l&#8217;envelliment\u201d, de la m\u00e0 de la farmac\u00e8utica <strong>Eva Hortas<\/strong>, tutora dels cursos de l&#8217;\u00e0rea d&#8217;alimentaci\u00f3 i nutrici\u00f3 \u00a0d\u2019\u00c0gora Sanit\u00e0ria, i \u201cComunicaci\u00f3 amb pacients amb depressi\u00f3 a l&#8217;OF\u201d, impartit per la farmac\u00e8utica <strong>Puy Heredia<\/strong>, tutora del curs \u201cPacients amb trastorns afectius i psic\u00f2tics\u201d de la plataforma virtual.<\/p>\n<p>Aix\u00ed mateix, destacar\u00e0 un dels tallers de gran \u00e8xit al sector, \u201cPricing, gesti\u00f3 de preus a la farm\u00e0cia\u201d, de la m\u00e0 de <strong>Juan Carlos Serra<\/strong>, director del M\u00e0ster de Gesti\u00f3 d&#8217;OF del COFB i coordinador de Programes de Gesti\u00f3 d&#8217;\u00c0gora Sanit\u00e0ria.<\/p>\n<p><u><strong>\u201cSuper\u00c0gora Game\u201d<\/strong><\/u><\/p>\n<p>Per\u00f2 si hi ha alguna cosa que marcar\u00e0 la difer\u00e8ncia ser\u00e0 el Super\u00c0gora Game, un concurs dinamitzat i condu\u00eft pel presentador i comunicador<strong> Manuel Feijoo Arag\u00f3n<\/strong>, en qu\u00e8 nom\u00e9s els assistents m\u00e9s h\u00e0bils i r\u00e0pids a l\u2019hora de resoldre preguntes sobre les diferents tem\u00e0tiques dels cursos d&#8217;\u00c0gora podran guanyar un premi tecnol\u00f2gic, entre d&#8217;altres.<\/p>\n<p><strong>Cristina Rodr\u00edguez<\/strong>, responsable del Departament de Formaci\u00f3 del COF de Barcelona, \u200b\u200banima tots els farmac\u00e8utics a participar a Infarma Madrid 2022: \u201cVolem convertir, una vegada m\u00e9s, l&#8217;aprenentatge en una experi\u00e8ncia diferent per motivar i aportar coneixements pr\u00e0ctics per al dia a dia dels farmac\u00e8utics\u201d.<\/p>\n<p>\u00a0Farmac\u00e8utics experts en diferents \u00e0rees de la salut fomentaran a l&#8217;Aula \u00c0gora l&#8217;aprenentatge pr\u00e0ctic i actiu que permeti el desenvolupament professional dels farmac\u00e8utics. Concursos i premis esperen els visitants que visitin el Congr\u00e9s<\/p>\n<p>\u00a0<\/p>\n<p>Madrid, 10 de mar\u00e7. Ja fa 12 anys que \u00c0gora Sanit\u00e0ria, el portal de formaci\u00f3 online dels Col\u00b7legis de Farmac\u00e8utics de Madrid i Barcelona, \u200b\u200baposta per la formaci\u00f3 continuada dels professionals sanitaris farmac\u00e8utics, orientada a la pr\u00e0ctica di\u00e0ria i liderant la qualitat i la innovaci\u00f3. Tot aix\u00f2, ho celebrar\u00e0 a Infarma Madrid 2022 amb una programaci\u00f3 molt especial, plena de sorpreses pels visitants.<\/p>\n<p>12 anys, 12 tallers<\/p>\n<p>Durant tres dies, a l\u2019Aula \u00c0gora, ubicada entre el pavell\u00f3 1 i 3 del recinte firal Ifema, els assistents podran participar en 12 tallers formatius amb contingut cient\u00edfic, que es combinaran amb experi\u00e8ncies pr\u00e0ctiques a trav\u00e9s de formats interactius. \u201cMitjan\u00e7ant diferents metodologies, fomentem al mateix temps l&#8217;aprenentatge pr\u00e0ctic, din\u00e0mic i motivador per aconseguir el m\u00e0xim desenvolupament del farmac\u00e8utic com a professional sanitari\u201d, explica Marisa Jadraque, coordinadora d&#8217;\u00c0gora Sanit\u00e0ria.<\/p>\n<p>Entre l&#8217;ampli programa creat especialment per aquesta esperada edici\u00f3, destaca \u201cDesafiament Animal\u201d, un espai on Raquel Casado, vocal en funcions de Titulars de Farm\u00e0cia Rural del COFM i directora acad\u00e8mica dels cursos de l&#8217;\u00c0rea Veterin\u00e0ria d&#8217;\u00c0gora Sanit\u00e0ria, impartir\u00e0 un taller pr\u00e0ctic sobre la dispensaci\u00f3 de medicaments d&#8217;\u00fas animal i, com el t\u00edtol indica, es desafiar\u00e0 els farmac\u00e8utics a participar en un concurs el guanyador del qual rebr\u00e0 un sorprenent premi.<\/p>\n<p>Un altre dels temes que genera moltes consultes a la farm\u00e0cia i que s&#8217;abordar\u00e0 a Aula \u00c0gora ser\u00e0 l&#8217; \u201cAlimentaci\u00f3 en l&#8217;envelliment\u201d, de la m\u00e0 de la farmac\u00e8utica Eva Hortas, tutora dels cursos de l&#8217;\u00e0rea d&#8217;alimentaci\u00f3 i nutrici\u00f3 \u00a0d\u2019\u00c0gora Sanit\u00e0ria, i \u201cComunicaci\u00f3 amb pacients amb depressi\u00f3 a l&#8217;OF\u201d, impartit per la farmac\u00e8utica Puy Heredia, tutora del curs \u201cPacients amb trastorns afectius i psic\u00f2tics\u201d de la plataforma virtual.<\/p>\n<p>Aix\u00ed mateix, destacar\u00e0 un dels tallers de gran \u00e8xit al sector, \u201cPricing, gesti\u00f3 de preus a la farm\u00e0cia\u201d, de la m\u00e0 de Juan Carlos Serra, director del M\u00e0ster de Gesti\u00f3 d&#8217;OF del COFB i coordinador de Programes de Gesti\u00f3 d&#8217;\u00c0gora Sanit\u00e0ria.<\/p>\n<p>\u201cSuper\u00c0gora Game\u201d<\/p>\n<p>Per\u00f2 si hi ha alguna cosa que marcar\u00e0 la difer\u00e8ncia ser\u00e0 el Super\u00c0gora Game, un concurs dinamitzat i condu\u00eft pel presentador i comunicador Manuel Feijoo Arag\u00f3n, en qu\u00e8 nom\u00e9s els assistents m\u00e9s h\u00e0bils i r\u00e0pids a l\u2019hora de resoldre preguntes sobre les diferents tem\u00e0tiques dels cursos d&#8217;\u00c0gora podran guanyar un premi tecnol\u00f2gic, entre d&#8217;altres.<\/p>\n<p>Cristina Rodr\u00edguez, responsable del Departament de Formaci\u00f3 del COF de Barcelona, \u200b\u200banima tots els farmac\u00e8utics a participar a Infarma Madrid 2022: \u201cVolem convertir, una vegada m\u00e9s, l&#8217;aprenentatge en una experi\u00e8ncia diferent per motivar i aportar coneixements pr\u00e0ctics per al dia a dia dels farmac\u00e8utics\u201d.\u00a0\u00a0COFB.ORG<\/p>\n","protected":false},"excerpt":{"rendered":"<p>\u00a0 Farmac\u00e8utics experts en diferents \u00e0rees de la salut fomentaran a l&#8217;Aula \u00c0gora l&#8217;aprenentatge pr\u00e0ctic i actiu que permeti el desenvolupament professional dels farmac\u00e8utics. Concursos i premis esperen els visitants que visitin el Congr\u00e9s \u00a0 Madrid, 10 de mar\u00e7. Ja fa 12 anys que \u00c0gora Sanit\u00e0ria, el portal de formaci\u00f3 [&hellip;]<\/p>\n","protected":false},"author":1,"featured_media":0,"comment_status":"","ping_status":"","sticky":false,"template":"","format":"standard","meta":{"_uag_custom_page_level_css":"","site-sidebar-layout":"default","site-content-layout":"","ast-site-content-layout":"default","site-content-style":"default","site-sidebar-style":"default","ast-global-header-display":"","ast-banner-title-visibility":"","ast-main-header-display":"","ast-hfb-above-header-display":"","ast-hfb-below-header-display":"","ast-hfb-mobile-header-display":"","site-post-title":"","ast-breadcrumbs-content":"","ast-featured-img":"disabled","footer-sml-layout":"","theme-transparent-header-meta":"","adv-header-id-meta":"","stick-header-meta":"","header-above-stick-meta":"","header-main-stick-meta":"","header-below-stick-meta":"","astra-migrate-meta-layouts":"default","ast-page-background-enabled":"default","ast-page-background-meta":{"desktop":{"background-color":"var(--ast-global-color-4)","background-image":"","background-repeat":"repeat","background-position":"center center","background-size":"auto","background-attachment":"scroll","background-type":"","background-media":"","overlay-type":"","overlay-color":"","overlay-opacity":"","overlay-gradient":""},"tablet":{"background-color":"","background-image":"","background-repeat":"repeat","background-position":"center center","background-size":"auto","background-attachment":"scroll","background-type":"","background-media":"","overlay-type":"","overlay-color":"","overlay-opacity":"","overlay-gradient":""},"mobile":{"background-color":"","background-image":"","background-repeat":"repeat","background-position":"center center","background-size":"auto","background-attachment":"scroll","background-type":"","background-media":"","overlay-type":"","overlay-color":"","overlay-opacity":"","overlay-gradient":""}},"ast-content-background-meta":{"desktop":{"background-color":"var(--ast-global-color-5)","background-image":"","background-repeat":"repeat","background-position":"center center","background-size":"auto","background-attachment":"scroll","background-type":"","background-media":"","overlay-type":"","overlay-color":"","overlay-opacity":"","overlay-gradient":""},"tablet":{"background-color":"var(--ast-global-color-5)","background-image":"","background-repeat":"repeat","background-position":"center center","background-size":"auto","background-attachment":"scroll","background-type":"","background-media":"","overlay-type":"","overlay-color":"","overlay-opacity":"","overlay-gradient":""},"mobile":{"background-color":"var(--ast-global-color-5)","background-image":"","background-repeat":"repeat","background-position":"center center","background-size":"auto","background-attachment":"scroll","background-type":"","background-media":"","overlay-type":"","overlay-color":"","overlay-opacity":"","overlay-gradient":""}},"footnotes":""},"categories":[1060,1066],"tags":[],"class_list":["post-77015","post","type-post","status-publish","format-standard","hentry","category-notes-premsa","category-sense-categoria-ca"],"yoast_head":"<!-- This site is optimized with the Yoast SEO plugin v22.4 - https:\/\/yoast.com\/wordpress\/plugins\/seo\/ -->\n<title>\u00c0gora Sanit\u00e0ria celebrar\u00e0 a Infarma Madrid 2022 12 anys com a referent en formaci\u00f3, amb dotze tallers i concursos\u00c1gora Sanitaria celebrar\u00e1 en Infarma Madrid 2022 12 a\u00f1os como referente en formaci\u00f3n con doce talleres y concursos - Col\u00b7legi de Farmac\u00e8utics de Barcelona<\/title>\n<meta name=\"robots\" content=\"index, follow, max-snippet:-1, max-image-preview:large, max-video-preview:-1\" \/>\n<link rel=\"canonical\" href=\"https:\/\/novaorg.cofb.net\/2022\/03\/10\/agora-sanitaria-celebrara-a-infarma-madrid-2022-12-anys-com-a-referent-en-formacio-amb-dotze-tallers-i-concursosagora-sanitaria-celebrara-en-infarma-madrid-2022-12-anos-como-referente-en-formacion-co\/\" \/>\n<meta property=\"og:locale\" content=\"ca_ES\" \/>\n<meta property=\"og:type\" content=\"article\" \/>\n<meta property=\"og:title\" content=\"\u00c0gora Sanit\u00e0ria celebrar\u00e0 a Infarma Madrid 2022 12 anys com a referent en formaci\u00f3, amb dotze tallers i concursos\u00c1gora Sanitaria celebrar\u00e1 en Infarma Madrid 2022 12 a\u00f1os como referente en formaci\u00f3n con doce talleres y concursos - Col\u00b7legi de Farmac\u00e8utics de Barcelona\" \/>\n<meta property=\"og:description\" content=\"\u00a0 Farmac\u00e8utics experts en diferents \u00e0rees de la salut fomentaran a l&#8217;Aula \u00c0gora l&#8217;aprenentatge pr\u00e0ctic i actiu que permeti el desenvolupament professional dels farmac\u00e8utics. Concursos i premis esperen els visitants que visitin el Congr\u00e9s \u00a0 Madrid, 10 de mar\u00e7. Ja fa 12 anys que \u00c0gora Sanit\u00e0ria, el portal de formaci\u00f3 [&hellip;]\" \/>\n<meta property=\"og:url\" content=\"https:\/\/novaorg.cofb.net\/2022\/03\/10\/agora-sanitaria-celebrara-a-infarma-madrid-2022-12-anys-com-a-referent-en-formacio-amb-dotze-tallers-i-concursosagora-sanitaria-celebrara-en-infarma-madrid-2022-12-anos-como-referente-en-formacion-co\/\" \/>\n<meta property=\"og:site_name\" content=\"Col\u00b7legi de Farmac\u00e8utics de Barcelona\" \/>\n<meta property=\"article:publisher\" content=\"https:\/\/www.facebook.com\/farmaceuticsbcn\/\" \/>\n<meta property=\"article:published_time\" content=\"2022-03-10T14:21:00+00:00\" \/>\n<meta name=\"author\" content=\"wpAdminCofbOrg\" \/>\n<meta name=\"twitter:card\" content=\"summary_large_image\" \/>\n<meta name=\"twitter:creator\" content=\"@farmaceuticsbcn\" \/>\n<meta name=\"twitter:site\" content=\"@farmaceuticsbcn\" \/>\n<meta name=\"twitter:label1\" content=\"Escrit per\" \/>\n\t<meta name=\"twitter:data1\" content=\"wpAdminCofbOrg\" \/>\n\t<meta name=\"twitter:label2\" content=\"Temps estimat de lectura\" \/>\n\t<meta name=\"twitter:data2\" content=\"5 minuts\" \/>\n<script type=\"application\/ld+json\" class=\"yoast-schema-graph\">{\"@context\":\"https:\/\/schema.org\",\"@graph\":[{\"@type\":\"Article\",\"@id\":\"https:\/\/novaorg.cofb.net\/2022\/03\/10\/agora-sanitaria-celebrara-a-infarma-madrid-2022-12-anys-com-a-referent-en-formacio-amb-dotze-tallers-i-concursosagora-sanitaria-celebrara-en-infarma-madrid-2022-12-anos-como-referente-en-formacion-co\/#article\",\"isPartOf\":{\"@id\":\"https:\/\/novaorg.cofb.net\/2022\/03\/10\/agora-sanitaria-celebrara-a-infarma-madrid-2022-12-anys-com-a-referent-en-formacio-amb-dotze-tallers-i-concursosagora-sanitaria-celebrara-en-infarma-madrid-2022-12-anos-como-referente-en-formacion-co\/\"},\"author\":{\"name\":\"wpAdminCofbOrg\",\"@id\":\"https:\/\/www.cofb.org\/#\/schema\/person\/22ed7eea88da74b0fa4d3154ad87ffcb\"},\"headline\":\"\u00c0gora Sanit\u00e0ria celebrar\u00e0 a Infarma Madrid 2022 12 anys com a referent en formaci\u00f3, amb dotze tallers i concursos\u00c1gora Sanitaria celebrar\u00e1 en Infarma Madrid 2022 12 a\u00f1os como referente en formaci\u00f3n con doce talleres y concursos\",\"datePublished\":\"2022-03-10T14:21:00+00:00\",\"dateModified\":\"2022-03-10T14:21:00+00:00\",\"mainEntityOfPage\":{\"@id\":\"https:\/\/novaorg.cofb.net\/2022\/03\/10\/agora-sanitaria-celebrara-a-infarma-madrid-2022-12-anys-com-a-referent-en-formacio-amb-dotze-tallers-i-concursosagora-sanitaria-celebrara-en-infarma-madrid-2022-12-anos-como-referente-en-formacion-co\/\"},\"wordCount\":1058,\"publisher\":{\"@id\":\"https:\/\/www.cofb.org\/#organization\"},\"articleSection\":[\"Notes de premsa\"],\"inLanguage\":\"ca\"},{\"@type\":\"WebPage\",\"@id\":\"https:\/\/novaorg.cofb.net\/2022\/03\/10\/agora-sanitaria-celebrara-a-infarma-madrid-2022-12-anys-com-a-referent-en-formacio-amb-dotze-tallers-i-concursosagora-sanitaria-celebrara-en-infarma-madrid-2022-12-anos-como-referente-en-formacion-co\/\",\"url\":\"https:\/\/novaorg.cofb.net\/2022\/03\/10\/agora-sanitaria-celebrara-a-infarma-madrid-2022-12-anys-com-a-referent-en-formacio-amb-dotze-tallers-i-concursosagora-sanitaria-celebrara-en-infarma-madrid-2022-12-anos-como-referente-en-formacion-co\/\",\"name\":\"\u00c0gora Sanit\u00e0ria celebrar\u00e0 a Infarma Madrid 2022 12 anys com a referent en formaci\u00f3, amb dotze tallers i concursos\u00c1gora Sanitaria celebrar\u00e1 en Infarma Madrid 2022 12 a\u00f1os como referente en formaci\u00f3n con doce talleres y concursos - Col\u00b7legi de Farmac\u00e8utics de Barcelona\",\"isPartOf\":{\"@id\":\"https:\/\/www.cofb.org\/#website\"},\"datePublished\":\"2022-03-10T14:21:00+00:00\",\"dateModified\":\"2022-03-10T14:21:00+00:00\",\"breadcrumb\":{\"@id\":\"https:\/\/novaorg.cofb.net\/2022\/03\/10\/agora-sanitaria-celebrara-a-infarma-madrid-2022-12-anys-com-a-referent-en-formacio-amb-dotze-tallers-i-concursosagora-sanitaria-celebrara-en-infarma-madrid-2022-12-anos-como-referente-en-formacion-co\/#breadcrumb\"},\"inLanguage\":\"ca\",\"potentialAction\":[{\"@type\":\"ReadAction\",\"target\":[\"https:\/\/novaorg.cofb.net\/2022\/03\/10\/agora-sanitaria-celebrara-a-infarma-madrid-2022-12-anys-com-a-referent-en-formacio-amb-dotze-tallers-i-concursosagora-sanitaria-celebrara-en-infarma-madrid-2022-12-anos-como-referente-en-formacion-co\/\"]}]},{\"@type\":\"BreadcrumbList\",\"@id\":\"https:\/\/novaorg.cofb.net\/2022\/03\/10\/agora-sanitaria-celebrara-a-infarma-madrid-2022-12-anys-com-a-referent-en-formacio-amb-dotze-tallers-i-concursosagora-sanitaria-celebrara-en-infarma-madrid-2022-12-anos-como-referente-en-formacion-co\/#breadcrumb\",\"itemListElement\":[{\"@type\":\"ListItem\",\"position\":1,\"name\":\"Inici\",\"item\":\"https:\/\/novaorg.cofb.net\/\"},{\"@type\":\"ListItem\",\"position\":2,\"name\":\"\u00c0gora Sanit\u00e0ria celebrar\u00e0 a Infarma Madrid 2022 12 anys com a referent en formaci\u00f3, amb dotze tallers i concursos\u00c1gora Sanitaria celebrar\u00e1 en Infarma Madrid 2022 12 a\u00f1os como referente en formaci\u00f3n con doce talleres y concursos\"}]},{\"@type\":\"WebSite\",\"@id\":\"https:\/\/www.cofb.org\/#website\",\"url\":\"https:\/\/www.cofb.org\/\",\"name\":\"Col\u00b7legi de Farmac\u00e8utics de Barcelona\",\"description\":\"\",\"publisher\":{\"@id\":\"https:\/\/www.cofb.org\/#organization\"},\"potentialAction\":[{\"@type\":\"SearchAction\",\"target\":{\"@type\":\"EntryPoint\",\"urlTemplate\":\"https:\/\/www.cofb.org\/?s={search_term_string}\"},\"query-input\":\"required name=search_term_string\"}],\"inLanguage\":\"ca\"},{\"@type\":\"Organization\",\"@id\":\"https:\/\/www.cofb.org\/#organization\",\"name\":\"Col\u00b7legi de Farmac\u00e8utics de Barcelona\",\"url\":\"https:\/\/www.cofb.org\/\",\"logo\":{\"@type\":\"ImageObject\",\"inLanguage\":\"ca\",\"@id\":\"https:\/\/www.cofb.org\/#\/schema\/logo\/image\/\",\"url\":\"https:\/\/www.cofb.org\/wp-content\/uploads\/2023\/11\/cropped-Logotip-COFB.png\",\"contentUrl\":\"https:\/\/www.cofb.org\/wp-content\/uploads\/2023\/11\/cropped-Logotip-COFB.png\",\"width\":500,\"height\":105,\"caption\":\"Col\u00b7legi de Farmac\u00e8utics de Barcelona\"},\"image\":{\"@id\":\"https:\/\/www.cofb.org\/#\/schema\/logo\/image\/\"},\"sameAs\":[\"https:\/\/www.facebook.com\/farmaceuticsbcn\/\",\"https:\/\/twitter.com\/farmaceuticsbcn\",\"https:\/\/www.instagram.com\/farmaceuticsbcn\/\",\"https:\/\/www.linkedin.com\/company\/farmaceuticsbcn\/\"]},{\"@type\":\"Person\",\"@id\":\"https:\/\/www.cofb.org\/#\/schema\/person\/22ed7eea88da74b0fa4d3154ad87ffcb\",\"name\":\"wpAdminCofbOrg\",\"image\":{\"@type\":\"ImageObject\",\"inLanguage\":\"ca\",\"@id\":\"https:\/\/www.cofb.org\/#\/schema\/person\/image\/\",\"url\":\"https:\/\/secure.gravatar.com\/avatar\/1721b20b3b8ca882c3b56ec6c978c594fff670e40c0718e9190eaeeb76aae7d8?s=96&d=mm&r=g\",\"contentUrl\":\"https:\/\/secure.gravatar.com\/avatar\/1721b20b3b8ca882c3b56ec6c978c594fff670e40c0718e9190eaeeb76aae7d8?s=96&d=mm&r=g\",\"caption\":\"wpAdminCofbOrg\"},\"sameAs\":[\"http:\/\/192.168.64.122\/wordpress\"],\"url\":\"https:\/\/www.cofb.org\/ca\/author\/wpadmincofborg\/\"}]}<\/script>\n<!-- \/ Yoast SEO plugin. -->","yoast_head_json":{"title":"\u00c0gora Sanit\u00e0ria celebrar\u00e0 a Infarma Madrid 2022 12 anys com a referent en formaci\u00f3, amb dotze tallers i concursos\u00c1gora Sanitaria celebrar\u00e1 en Infarma Madrid 2022 12 a\u00f1os como referente en formaci\u00f3n con doce talleres y concursos - Col\u00b7legi de Farmac\u00e8utics de Barcelona","robots":{"index":"index","follow":"follow","max-snippet":"max-snippet:-1","max-image-preview":"max-image-preview:large","max-video-preview":"max-video-preview:-1"},"canonical":"https:\/\/novaorg.cofb.net\/2022\/03\/10\/agora-sanitaria-celebrara-a-infarma-madrid-2022-12-anys-com-a-referent-en-formacio-amb-dotze-tallers-i-concursosagora-sanitaria-celebrara-en-infarma-madrid-2022-12-anos-como-referente-en-formacion-co\/","og_locale":"ca_ES","og_type":"article","og_title":"\u00c0gora Sanit\u00e0ria celebrar\u00e0 a Infarma Madrid 2022 12 anys com a referent en formaci\u00f3, amb dotze tallers i concursos\u00c1gora Sanitaria celebrar\u00e1 en Infarma Madrid 2022 12 a\u00f1os como referente en formaci\u00f3n con doce talleres y concursos - Col\u00b7legi de Farmac\u00e8utics de Barcelona","og_description":"\u00a0 Farmac\u00e8utics experts en diferents \u00e0rees de la salut fomentaran a l&#8217;Aula \u00c0gora l&#8217;aprenentatge pr\u00e0ctic i actiu que permeti el desenvolupament professional dels farmac\u00e8utics. Concursos i premis esperen els visitants que visitin el Congr\u00e9s \u00a0 Madrid, 10 de mar\u00e7. Ja fa 12 anys que \u00c0gora Sanit\u00e0ria, el portal de formaci\u00f3 [&hellip;]","og_url":"https:\/\/novaorg.cofb.net\/2022\/03\/10\/agora-sanitaria-celebrara-a-infarma-madrid-2022-12-anys-com-a-referent-en-formacio-amb-dotze-tallers-i-concursosagora-sanitaria-celebrara-en-infarma-madrid-2022-12-anos-como-referente-en-formacion-co\/","og_site_name":"Col\u00b7legi de Farmac\u00e8utics de Barcelona","article_publisher":"https:\/\/www.facebook.com\/farmaceuticsbcn\/","article_published_time":"2022-03-10T14:21:00+00:00","author":"wpAdminCofbOrg","twitter_card":"summary_large_image","twitter_creator":"@farmaceuticsbcn","twitter_site":"@farmaceuticsbcn","twitter_misc":{"Escrit per":"wpAdminCofbOrg","Temps estimat de lectura":"5 minuts"},"schema":{"@context":"https:\/\/schema.org","@graph":[{"@type":"Article","@id":"https:\/\/novaorg.cofb.net\/2022\/03\/10\/agora-sanitaria-celebrara-a-infarma-madrid-2022-12-anys-com-a-referent-en-formacio-amb-dotze-tallers-i-concursosagora-sanitaria-celebrara-en-infarma-madrid-2022-12-anos-como-referente-en-formacion-co\/#article","isPartOf":{"@id":"https:\/\/novaorg.cofb.net\/2022\/03\/10\/agora-sanitaria-celebrara-a-infarma-madrid-2022-12-anys-com-a-referent-en-formacio-amb-dotze-tallers-i-concursosagora-sanitaria-celebrara-en-infarma-madrid-2022-12-anos-como-referente-en-formacion-co\/"},"author":{"name":"wpAdminCofbOrg","@id":"https:\/\/www.cofb.org\/#\/schema\/person\/22ed7eea88da74b0fa4d3154ad87ffcb"},"headline":"\u00c0gora Sanit\u00e0ria celebrar\u00e0 a Infarma Madrid 2022 12 anys com a referent en formaci\u00f3, amb dotze tallers i concursos\u00c1gora Sanitaria celebrar\u00e1 en Infarma Madrid 2022 12 a\u00f1os como referente en formaci\u00f3n con doce talleres y concursos","datePublished":"2022-03-10T14:21:00+00:00","dateModified":"2022-03-10T14:21:00+00:00","mainEntityOfPage":{"@id":"https:\/\/novaorg.cofb.net\/2022\/03\/10\/agora-sanitaria-celebrara-a-infarma-madrid-2022-12-anys-com-a-referent-en-formacio-amb-dotze-tallers-i-concursosagora-sanitaria-celebrara-en-infarma-madrid-2022-12-anos-como-referente-en-formacion-co\/"},"wordCount":1058,"publisher":{"@id":"https:\/\/www.cofb.org\/#organization"},"articleSection":["Notes de premsa"],"inLanguage":"ca"},{"@type":"WebPage","@id":"https:\/\/novaorg.cofb.net\/2022\/03\/10\/agora-sanitaria-celebrara-a-infarma-madrid-2022-12-anys-com-a-referent-en-formacio-amb-dotze-tallers-i-concursosagora-sanitaria-celebrara-en-infarma-madrid-2022-12-anos-como-referente-en-formacion-co\/","url":"https:\/\/novaorg.cofb.net\/2022\/03\/10\/agora-sanitaria-celebrara-a-infarma-madrid-2022-12-anys-com-a-referent-en-formacio-amb-dotze-tallers-i-concursosagora-sanitaria-celebrara-en-infarma-madrid-2022-12-anos-como-referente-en-formacion-co\/","name":"\u00c0gora Sanit\u00e0ria celebrar\u00e0 a Infarma Madrid 2022 12 anys com a referent en formaci\u00f3, amb dotze tallers i concursos\u00c1gora Sanitaria celebrar\u00e1 en Infarma Madrid 2022 12 a\u00f1os como referente en formaci\u00f3n con doce talleres y concursos - Col\u00b7legi de Farmac\u00e8utics de Barcelona","isPartOf":{"@id":"https:\/\/www.cofb.org\/#website"},"datePublished":"2022-03-10T14:21:00+00:00","dateModified":"2022-03-10T14:21:00+00:00","breadcrumb":{"@id":"https:\/\/novaorg.cofb.net\/2022\/03\/10\/agora-sanitaria-celebrara-a-infarma-madrid-2022-12-anys-com-a-referent-en-formacio-amb-dotze-tallers-i-concursosagora-sanitaria-celebrara-en-infarma-madrid-2022-12-anos-como-referente-en-formacion-co\/#breadcrumb"},"inLanguage":"ca","potentialAction":[{"@type":"ReadAction","target":["https:\/\/novaorg.cofb.net\/2022\/03\/10\/agora-sanitaria-celebrara-a-infarma-madrid-2022-12-anys-com-a-referent-en-formacio-amb-dotze-tallers-i-concursosagora-sanitaria-celebrara-en-infarma-madrid-2022-12-anos-como-referente-en-formacion-co\/"]}]},{"@type":"BreadcrumbList","@id":"https:\/\/novaorg.cofb.net\/2022\/03\/10\/agora-sanitaria-celebrara-a-infarma-madrid-2022-12-anys-com-a-referent-en-formacio-amb-dotze-tallers-i-concursosagora-sanitaria-celebrara-en-infarma-madrid-2022-12-anos-como-referente-en-formacion-co\/#breadcrumb","itemListElement":[{"@type":"ListItem","position":1,"name":"Inici","item":"https:\/\/novaorg.cofb.net\/"},{"@type":"ListItem","position":2,"name":"\u00c0gora Sanit\u00e0ria celebrar\u00e0 a Infarma Madrid 2022 12 anys com a referent en formaci\u00f3, amb dotze tallers i concursos\u00c1gora Sanitaria celebrar\u00e1 en Infarma Madrid 2022 12 a\u00f1os como referente en formaci\u00f3n con doce talleres y concursos"}]},{"@type":"WebSite","@id":"https:\/\/www.cofb.org\/#website","url":"https:\/\/www.cofb.org\/","name":"Col\u00b7legi de Farmac\u00e8utics de Barcelona","description":"","publisher":{"@id":"https:\/\/www.cofb.org\/#organization"},"potentialAction":[{"@type":"SearchAction","target":{"@type":"EntryPoint","urlTemplate":"https:\/\/www.cofb.org\/?s={search_term_string}"},"query-input":"required name=search_term_string"}],"inLanguage":"ca"},{"@type":"Organization","@id":"https:\/\/www.cofb.org\/#organization","name":"Col\u00b7legi de Farmac\u00e8utics de Barcelona","url":"https:\/\/www.cofb.org\/","logo":{"@type":"ImageObject","inLanguage":"ca","@id":"https:\/\/www.cofb.org\/#\/schema\/logo\/image\/","url":"https:\/\/www.cofb.org\/wp-content\/uploads\/2023\/11\/cropped-Logotip-COFB.png","contentUrl":"https:\/\/www.cofb.org\/wp-content\/uploads\/2023\/11\/cropped-Logotip-COFB.png","width":500,"height":105,"caption":"Col\u00b7legi de Farmac\u00e8utics de Barcelona"},"image":{"@id":"https:\/\/www.cofb.org\/#\/schema\/logo\/image\/"},"sameAs":["https:\/\/www.facebook.com\/farmaceuticsbcn\/","https:\/\/twitter.com\/farmaceuticsbcn","https:\/\/www.instagram.com\/farmaceuticsbcn\/","https:\/\/www.linkedin.com\/company\/farmaceuticsbcn\/"]},{"@type":"Person","@id":"https:\/\/www.cofb.org\/#\/schema\/person\/22ed7eea88da74b0fa4d3154ad87ffcb","name":"wpAdminCofbOrg","image":{"@type":"ImageObject","inLanguage":"ca","@id":"https:\/\/www.cofb.org\/#\/schema\/person\/image\/","url":"https:\/\/secure.gravatar.com\/avatar\/1721b20b3b8ca882c3b56ec6c978c594fff670e40c0718e9190eaeeb76aae7d8?s=96&d=mm&r=g","contentUrl":"https:\/\/secure.gravatar.com\/avatar\/1721b20b3b8ca882c3b56ec6c978c594fff670e40c0718e9190eaeeb76aae7d8?s=96&d=mm&r=g","caption":"wpAdminCofbOrg"},"sameAs":["http:\/\/192.168.64.122\/wordpress"],"url":"https:\/\/www.cofb.org\/ca\/author\/wpadmincofborg\/"}]}},"uagb_featured_image_src":{"full":false,"thumbnail":false,"medium":false,"medium_large":false,"large":false,"1536x1536":false,"2048x2048":false,"trp-custom-language-flag":false},"uagb_author_info":{"display_name":"wpAdminCofbOrg","author_link":"https:\/\/www.cofb.org\/ca\/author\/wpadmincofborg\/"},"uagb_comment_info":0,"uagb_excerpt":"\u00a0 Farmac\u00e8utics experts en diferents \u00e0rees de la salut fomentaran a l&#8217;Aula \u00c0gora l&#8217;aprenentatge pr\u00e0ctic i actiu que permeti el desenvolupament professional dels farmac\u00e8utics. Concursos i premis esperen els visitants que visitin el Congr\u00e9s \u00a0 Madrid, 10 de mar\u00e7. Ja fa 12 anys que \u00c0gora Sanit\u00e0ria, el portal de formaci\u00f3 [&hellip;]","_links":{"self":[{"href":"https:\/\/www.cofb.org\/ca\/wp-json\/wp\/v2\/posts\/77015","targetHints":{"allow":["GET"]}}],"collection":[{"href":"https:\/\/www.cofb.org\/ca\/wp-json\/wp\/v2\/posts"}],"about":[{"href":"https:\/\/www.cofb.org\/ca\/wp-json\/wp\/v2\/types\/post"}],"author":[{"embeddable":true,"href":"https:\/\/www.cofb.org\/ca\/wp-json\/wp\/v2\/users\/1"}],"replies":[{"embeddable":true,"href":"https:\/\/www.cofb.org\/ca\/wp-json\/wp\/v2\/comments?post=77015"}],"version-history":[{"count":0,"href":"https:\/\/www.cofb.org\/ca\/wp-json\/wp\/v2\/posts\/77015\/revisions"}],"wp:attachment":[{"href":"https:\/\/www.cofb.org\/ca\/wp-json\/wp\/v2\/media?parent=77015"}],"wp:term":[{"taxonomy":"category","embeddable":true,"href":"https:\/\/www.cofb.org\/ca\/wp-json\/wp\/v2\/categories?post=77015"},{"taxonomy":"post_tag","embeddable":true,"href":"https:\/\/www.cofb.org\/ca\/wp-json\/wp\/v2\/tags?post=77015"}],"curies":[{"name":"wp","href":"https:\/\/api.w.org\/{rel}","templated":true}]}}