{"id":77014,"date":"2022-03-10T18:21:00","date_gmt":"2022-03-10T18:21:00","guid":{"rendered":"https:\/\/novaorg.cofb.net\/2022\/03\/10\/els-farmaceutics-podran-viure-lexperiencia-de-recertificar-les-seves-competencies-a-infarmalos-farmaceuticos-podran-vivir-la-experiencia-de-recertificar-sus-competencias-en-infarma\/"},"modified":"2022-03-10T18:21:00","modified_gmt":"2022-03-10T18:21:00","slug":"els-farmaceutics-podran-viure-lexperiencia-de-recertificar-les-seves-competencies-a-infarmalos-farmaceuticos-podran-vivir-la-experiencia-de-recertificar-sus-competencias-en-infarma","status":"publish","type":"post","link":"https:\/\/www.cofb.org\/ca\/2022\/03\/10\/els-farmaceutics-podran-viure-lexperiencia-de-recertificar-les-seves-competencies-a-infarmalos-farmaceuticos-podran-vivir-la-experiencia-de-recertificar-sus-competencias-en-infarma\/","title":{"rendered":"Els farmac\u00e8utics podran viure l&#8217;experi\u00e8ncia de recertificar les seves compet\u00e8ncies a InfarmaLos farmac\u00e9uticos podr\u00e1n vivir la experiencia de recertificar sus competencias en Infarma"},"content":{"rendered":"<p>\u00a0<\/p>\n<ul>\n<li>Els professionals inscrits tindran l&#8217;oportunitat d&#8217;avaluar la seva actuaci\u00f3 professional en dos sup\u00f2sits pr\u00e0ctics d&#8217;atenci\u00f3 farmac\u00e8utica desenvolupats a l&#8217;estand del COFM<\/li>\n<li>\u00a0<\/li>\n<li>El Col\u00b7legi de Madrid presentar\u00e0 la plataforma inform\u00e0tica de formaci\u00f3 tutoritzada que permet l&#8217;autoavaluaci\u00f3 de compet\u00e8ncies i el seguiment per refor\u00e7ar les \u00e0rees de millora<\/li>\n<li>\u00a0<\/li>\n<\/ul>\n<p><em>Madrid, 10 de mar\u00e7<\/em>. Infarma Madrid 2022 obrir\u00e0 un espai de recertificaci\u00f3 de compet\u00e8ncies, on els farmac\u00e8utics inscrits podran con\u00e8ixer i sotmetre&#8217;s al proc\u00e9s d&#8217;avaluaci\u00f3 desenvolupat pel Col\u00b7legi Oficial de Farmac\u00e8utics de Madrid (COFM) que garanteix el desenvolupament professional continu.<\/p>\n<p>Per primera vegada, el Congr\u00e9s i Sal\u00f3 de la Farm\u00e0cia organitzat pels col\u00b7legis farmac\u00e8utics de Madrid i Barcelona, en col\u00b7laboraci\u00f3 amb Interalia, dedicar\u00e0 un estand a l&#8217;avaluaci\u00f3 de les compet\u00e8ncies professionals. Dissenyat com una farm\u00e0cia virtual, els farmac\u00e8utics inscrits podran comprovar quin \u00e9s el seu nivell de compet\u00e8ncies en dos sup\u00f2sits pr\u00e0ctics d&#8217;actuaci\u00f3 professional: consell farmac\u00e8utic en ull sec i gastroenteritis.<\/p>\n<p>\nL&#8217;estand estar\u00e0 integrat a l&#8217;espai que ocupar\u00e0 el COFM al pavell\u00f3 1 del recinte firal d\u2019Ifema. Els professionals interessats podran inscriure&#8217;s al propi estand de recertificaci\u00f3 en diferents horaris durant els tres dies de Congr\u00e9s.<\/p>\n<p>\n\u201cVolem convidar a tots els professionals a entrar a la nostra farm\u00e0cia virtual per con\u00e8ixer de primera m\u00e0 en qu\u00e8 consisteix la recertificaci\u00f3 de compet\u00e8ncies. Tots els companys que s&#8217;animin podran sotmetre&#8217;s a una simulaci\u00f3 del test per comprovar aix\u00ed quin \u00e9s el seu nivell de compet\u00e8ncies. \u00c9s un repte que no decebr\u00e0 ning\u00fa\u201d, explica Pilar Varela Gallego, vocal de Doc\u00e8ncia i Recerca del COFM en funcions.<\/p>\n<p>\n<strong><u>Plataforma inform\u00e0tica de recertificaci\u00f3 de compet\u00e8ncies<\/u><\/strong><\/p>\n<p>Infarma aprofundir\u00e0 en el model de recertificaci\u00f3 de compet\u00e8ncies impulsat pel COFM a trav\u00e9s d&#8217;una taula rodona que comptar\u00e0 amb les intervencions de <strong>Pilar Varela<\/strong> i <strong>Julio Zarco Rodr\u00edguez<\/strong>, subdirector gerent de l&#8217;Hospital Cl\u00ednico San Carlos de Madrid, i la moderaci\u00f3 d&#8217;<strong>Irene Iglesias Peinado<\/strong>, degana de la Universitat Complutense de Madrid (UCM).<\/p>\n<p>En el transcurs de la taula rodona, es presentar\u00e0 la plataforma inform\u00e0tica de formaci\u00f3 tutoritzada que permet el desenvolupament professional continu en fer un seguiment individualitzat del farmac\u00e8utic per a refor\u00e7ar les \u00e0rees de millora de cada professional.<\/p>\n<p>Tots els professionals que ho desitgin podran accedir al model acreditat de recertificaci\u00f3 i al primer Mapa Competencial de l&#8217;Oficina de Farm\u00e0cia desenvolupat pel COFM, que ha estat actualitzat de nou pel grup de treball de Recertificaci\u00f3, que determina els coneixements que ha de tenir un farmac\u00e8utic d&#8217;oficina de farm\u00e0cia, les habilitats que ha de manejar per aplicar aquests coneixements a la pr\u00e0ctica di\u00e0ria de la farm\u00e0cia, les actituds que han d&#8217;impulsar el seu exercici professional i els acompliments que configuren la seva compet\u00e8ncia, aix\u00ed com el seu nivell de responsabilitat i les seves necessitats d&#8217;actualitzaci\u00f3 cont\u00ednua.<\/p>\n<p>Per <strong>Pilar Gallego<\/strong>, el proc\u00e9s d&#8217;avaluar de manera peri\u00f2dica el nivell competencial de cada professional \u201c\u00e9s una q\u00fcesti\u00f3 de qualitat assistencial, de motivaci\u00f3 fins i tot per als propis farmac\u00e8utics que accepten sotmetre&#8217;s a aquesta prova i, per descomptat, una demostraci\u00f3 a la ciutadania del comprom\u00eds i la voluntat de millorar dia a dia\u201d.<\/p>\n<p>El Col\u00b7legi Oficial de Farmac\u00e8utics de Madrid va organitzar, el 26 d&#8217;octubre de 2019, la primera Avaluaci\u00f3 de Compet\u00e8ncies Objectiva i Estructurada (ECOE, per les seves sigles en castell\u00e0) de la farm\u00e0cia espanyola, convertint-se aix\u00ed en la primera corporaci\u00f3 professional sanit\u00e0ria a Espanya preparada per a avaluar i certificar de manera peri\u00f2dica, \u00e9s a dir, recertificar les compet\u00e8ncies professionals d&#8217;oficina de farm\u00e0cia dels seus col\u00b7legiats, dins d&#8217;un desenvolupament avalat per la Facultat de Farm\u00e0cia de la UCM i la Societat Espanyola de Farm\u00e0cia Cl\u00ednica, Familiar i Comunit\u00e0ria.<\/p>\n<p>\u00a0Els professionals inscrits tindran l&#8217;oportunitat d&#8217;avaluar la seva actuaci\u00f3 professional en dos sup\u00f2sits pr\u00e0ctics d&#8217;atenci\u00f3 farmac\u00e8utica desenvolupats a l&#8217;estand del COFM<br \/>\n\t\u00a0<br \/>\n\tEl Col\u00b7legi de Madrid presentar\u00e0 la plataforma inform\u00e0tica de formaci\u00f3 tutoritzada que permet l&#8217;autoavaluaci\u00f3 de compet\u00e8ncies i el seguiment per refor\u00e7ar les \u00e0rees de millora<br \/>\n\t\u00a0<\/p>\n<p>Madrid, 10 de mar\u00e7. Infarma Madrid 2022 obrir\u00e0 un espai de recertificaci\u00f3 de compet\u00e8ncies, on els farmac\u00e8utics inscrits podran con\u00e8ixer i sotmetre&#8217;s al proc\u00e9s d&#8217;avaluaci\u00f3 desenvolupat pel Col\u00b7legi Oficial de Farmac\u00e8utics de Madrid (COFM) que garanteix el desenvolupament professional continu.<\/p>\n<p>Per primera vegada, el Congr\u00e9s i Sal\u00f3 de la Farm\u00e0cia organitzat pels col\u00b7legis farmac\u00e8utics de Madrid i Barcelona, en col\u00b7laboraci\u00f3 amb Interalia, dedicar\u00e0 un estand a l&#8217;avaluaci\u00f3 de les compet\u00e8ncies professionals. Dissenyat com una farm\u00e0cia virtual, els farmac\u00e8utics inscrits podran comprovar quin \u00e9s el seu nivell de compet\u00e8ncies en dos sup\u00f2sits pr\u00e0ctics d&#8217;actuaci\u00f3 professional: consell farmac\u00e8utic en ull sec i gastroenteritis.<\/p>\n<p>L&#8217;estand estar\u00e0 integrat a l&#8217;espai que ocupar\u00e0 el COFM al pavell\u00f3 1 del recinte firal d\u2019Ifema. Els professionals interessats podran inscriure&#8217;s al propi estand de recertificaci\u00f3 en diferents horaris durant els tres dies de Congr\u00e9s.<\/p>\n<p>\u201cVolem convidar a tots els professionals a entrar a la nostra farm\u00e0cia virtual per con\u00e8ixer de primera m\u00e0 en qu\u00e8 consisteix la recertificaci\u00f3 de compet\u00e8ncies. Tots els companys que s&#8217;animin podran sotmetre&#8217;s a una simulaci\u00f3 del test per comprovar aix\u00ed quin \u00e9s el seu nivell de compet\u00e8ncies. \u00c9s un repte que no decebr\u00e0 ning\u00fa\u201d, explica Pilar Varela Gallego, vocal de Doc\u00e8ncia i Recerca del COFM en funcions.<\/p>\n<p>Plataforma inform\u00e0tica de recertificaci\u00f3 de compet\u00e8ncies<\/p>\n<p>Infarma aprofundir\u00e0 en el model de recertificaci\u00f3 de compet\u00e8ncies impulsat pel COFM a trav\u00e9s d&#8217;una taula rodona que comptar\u00e0 amb les intervencions de Pilar Varela i Julio Zarco Rodr\u00edguez, subdirector gerent de l&#8217;Hospital Cl\u00ednico San Carlos de Madrid, i la moderaci\u00f3 d&#8217;Irene Iglesias Peinado, degana de la Universitat Complutense de Madrid (UCM).<\/p>\n<p>En el transcurs de la taula rodona, es presentar\u00e0 la plataforma inform\u00e0tica de formaci\u00f3 tutoritzada que permet el desenvolupament professional continu en fer un seguiment individualitzat del farmac\u00e8utic per a refor\u00e7ar les \u00e0rees de millora de cada professional.<\/p>\n<p>Tots els professionals que ho desitgin podran accedir al model acreditat de recertificaci\u00f3 i al primer Mapa Competencial de l&#8217;Oficina de Farm\u00e0cia desenvolupat pel COFM, que ha estat actualitzat de nou pel grup de treball de Recertificaci\u00f3, que determina els coneixements que ha de tenir un farmac\u00e8utic d&#8217;oficina de farm\u00e0cia, les habilitats que ha de manejar per aplicar aquests coneixements a la pr\u00e0ctica di\u00e0ria de la farm\u00e0cia, les actituds que han d&#8217;impulsar el seu exercici professional i els acompliments que configuren la seva compet\u00e8ncia, aix\u00ed com el seu nivell de responsabilitat i les seves necessitats d&#8217;actualitzaci\u00f3 cont\u00ednua.<\/p>\n<p>Per Pilar Gallego, el proc\u00e9s d&#8217;avaluar de manera peri\u00f2dica el nivell competencial de cada professional \u201c\u00e9s una q\u00fcesti\u00f3 de qualitat assistencial, de motivaci\u00f3 fins i tot per als propis farmac\u00e8utics que accepten sotmetre&#8217;s a aquesta prova i, per descomptat, una demostraci\u00f3 a la ciutadania del comprom\u00eds i la voluntat de millorar dia a dia\u201d.<\/p>\n<p>El Col\u00b7legi Oficial de Farmac\u00e8utics de Madrid va organitzar, el 26 d&#8217;octubre de 2019, la primera Avaluaci\u00f3 de Compet\u00e8ncies Objectiva i Estructurada (ECOE, per les seves sigles en castell\u00e0) de la farm\u00e0cia espanyola, convertint-se aix\u00ed en la primera corporaci\u00f3 professional sanit\u00e0ria a Espanya preparada per a avaluar i certificar de manera peri\u00f2dica, \u00e9s a dir, recertificar les compet\u00e8ncies professionals d&#8217;oficina de farm\u00e0cia dels seus col\u00b7legiats, dins d&#8217;un desenvolupament avalat per la Facultat de Farm\u00e0cia de la UCM i la Societat Espanyola de Farm\u00e0cia Cl\u00ednica, Familiar i Comunit\u00e0ria.\u00a0\u00a0COFB.ORG<\/p>\n","protected":false},"excerpt":{"rendered":"<p>\u00a0 Els professionals inscrits tindran l&#8217;oportunitat d&#8217;avaluar la seva actuaci\u00f3 professional en dos sup\u00f2sits pr\u00e0ctics d&#8217;atenci\u00f3 farmac\u00e8utica desenvolupats a l&#8217;estand del COFM \u00a0 El Col\u00b7legi de Madrid presentar\u00e0 la plataforma inform\u00e0tica de formaci\u00f3 tutoritzada que permet l&#8217;autoavaluaci\u00f3 de compet\u00e8ncies i el seguiment per refor\u00e7ar les \u00e0rees de millora \u00a0 Madrid, [&hellip;]<\/p>\n","protected":false},"author":1,"featured_media":0,"comment_status":"","ping_status":"","sticky":false,"template":"","format":"standard","meta":{"_uag_custom_page_level_css":"","site-sidebar-layout":"default","site-content-layout":"","ast-site-content-layout":"default","site-content-style":"default","site-sidebar-style":"default","ast-global-header-display":"","ast-banner-title-visibility":"","ast-main-header-display":"","ast-hfb-above-header-display":"","ast-hfb-below-header-display":"","ast-hfb-mobile-header-display":"","site-post-title":"","ast-breadcrumbs-content":"","ast-featured-img":"disabled","footer-sml-layout":"","theme-transparent-header-meta":"","adv-header-id-meta":"","stick-header-meta":"","header-above-stick-meta":"","header-main-stick-meta":"","header-below-stick-meta":"","astra-migrate-meta-layouts":"default","ast-page-background-enabled":"default","ast-page-background-meta":{"desktop":{"background-color":"var(--ast-global-color-4)","background-image":"","background-repeat":"repeat","background-position":"center center","background-size":"auto","background-attachment":"scroll","background-type":"","background-media":"","overlay-type":"","overlay-color":"","overlay-opacity":"","overlay-gradient":""},"tablet":{"background-color":"","background-image":"","background-repeat":"repeat","background-position":"center center","background-size":"auto","background-attachment":"scroll","background-type":"","background-media":"","overlay-type":"","overlay-color":"","overlay-opacity":"","overlay-gradient":""},"mobile":{"background-color":"","background-image":"","background-repeat":"repeat","background-position":"center center","background-size":"auto","background-attachment":"scroll","background-type":"","background-media":"","overlay-type":"","overlay-color":"","overlay-opacity":"","overlay-gradient":""}},"ast-content-background-meta":{"desktop":{"background-color":"var(--ast-global-color-5)","background-image":"","background-repeat":"repeat","background-position":"center center","background-size":"auto","background-attachment":"scroll","background-type":"","background-media":"","overlay-type":"","overlay-color":"","overlay-opacity":"","overlay-gradient":""},"tablet":{"background-color":"var(--ast-global-color-5)","background-image":"","background-repeat":"repeat","background-position":"center center","background-size":"auto","background-attachment":"scroll","background-type":"","background-media":"","overlay-type":"","overlay-color":"","overlay-opacity":"","overlay-gradient":""},"mobile":{"background-color":"var(--ast-global-color-5)","background-image":"","background-repeat":"repeat","background-position":"center center","background-size":"auto","background-attachment":"scroll","background-type":"","background-media":"","overlay-type":"","overlay-color":"","overlay-opacity":"","overlay-gradient":""}},"footnotes":""},"categories":[1060,1066],"tags":[],"class_list":["post-77014","post","type-post","status-publish","format-standard","hentry","category-notes-premsa","category-sense-categoria-ca"],"yoast_head":"<!-- This site is optimized with the Yoast SEO plugin v22.4 - https:\/\/yoast.com\/wordpress\/plugins\/seo\/ -->\n<title>Els farmac\u00e8utics podran viure l&#039;experi\u00e8ncia de recertificar les seves compet\u00e8ncies a InfarmaLos farmac\u00e9uticos podr\u00e1n vivir la experiencia de recertificar sus competencias en Infarma - Col\u00b7legi de Farmac\u00e8utics de Barcelona<\/title>\n<meta name=\"robots\" content=\"index, follow, max-snippet:-1, max-image-preview:large, max-video-preview:-1\" \/>\n<link rel=\"canonical\" href=\"https:\/\/novaorg.cofb.net\/2022\/03\/10\/els-farmaceutics-podran-viure-lexperiencia-de-recertificar-les-seves-competencies-a-infarmalos-farmaceuticos-podran-vivir-la-experiencia-de-recertificar-sus-competencias-en-infarma\/\" \/>\n<meta property=\"og:locale\" content=\"ca_ES\" \/>\n<meta property=\"og:type\" content=\"article\" \/>\n<meta property=\"og:title\" content=\"Els farmac\u00e8utics podran viure l&#039;experi\u00e8ncia de recertificar les seves compet\u00e8ncies a InfarmaLos farmac\u00e9uticos podr\u00e1n vivir la experiencia de recertificar sus competencias en Infarma - Col\u00b7legi de Farmac\u00e8utics de Barcelona\" \/>\n<meta property=\"og:description\" content=\"\u00a0 Els professionals inscrits tindran l&#8217;oportunitat d&#8217;avaluar la seva actuaci\u00f3 professional en dos sup\u00f2sits pr\u00e0ctics d&#8217;atenci\u00f3 farmac\u00e8utica desenvolupats a l&#8217;estand del COFM \u00a0 El Col\u00b7legi de Madrid presentar\u00e0 la plataforma inform\u00e0tica de formaci\u00f3 tutoritzada que permet l&#8217;autoavaluaci\u00f3 de compet\u00e8ncies i el seguiment per refor\u00e7ar les \u00e0rees de millora \u00a0 Madrid, [&hellip;]\" \/>\n<meta property=\"og:url\" content=\"https:\/\/novaorg.cofb.net\/2022\/03\/10\/els-farmaceutics-podran-viure-lexperiencia-de-recertificar-les-seves-competencies-a-infarmalos-farmaceuticos-podran-vivir-la-experiencia-de-recertificar-sus-competencias-en-infarma\/\" \/>\n<meta property=\"og:site_name\" content=\"Col\u00b7legi de Farmac\u00e8utics de Barcelona\" \/>\n<meta property=\"article:publisher\" content=\"https:\/\/www.facebook.com\/farmaceuticsbcn\/\" \/>\n<meta property=\"article:published_time\" content=\"2022-03-10T18:21:00+00:00\" \/>\n<meta name=\"author\" content=\"wpAdminCofbOrg\" \/>\n<meta name=\"twitter:card\" content=\"summary_large_image\" \/>\n<meta name=\"twitter:creator\" content=\"@farmaceuticsbcn\" \/>\n<meta name=\"twitter:site\" content=\"@farmaceuticsbcn\" \/>\n<meta name=\"twitter:label1\" content=\"Escrit per\" \/>\n\t<meta name=\"twitter:data1\" content=\"wpAdminCofbOrg\" \/>\n\t<meta name=\"twitter:label2\" content=\"Temps estimat de lectura\" \/>\n\t<meta name=\"twitter:data2\" content=\"6 minuts\" \/>\n<script type=\"application\/ld+json\" class=\"yoast-schema-graph\">{\"@context\":\"https:\/\/schema.org\",\"@graph\":[{\"@type\":\"Article\",\"@id\":\"https:\/\/novaorg.cofb.net\/2022\/03\/10\/els-farmaceutics-podran-viure-lexperiencia-de-recertificar-les-seves-competencies-a-infarmalos-farmaceuticos-podran-vivir-la-experiencia-de-recertificar-sus-competencias-en-infarma\/#article\",\"isPartOf\":{\"@id\":\"https:\/\/novaorg.cofb.net\/2022\/03\/10\/els-farmaceutics-podran-viure-lexperiencia-de-recertificar-les-seves-competencies-a-infarmalos-farmaceuticos-podran-vivir-la-experiencia-de-recertificar-sus-competencias-en-infarma\/\"},\"author\":{\"name\":\"wpAdminCofbOrg\",\"@id\":\"https:\/\/www.cofb.org\/#\/schema\/person\/22ed7eea88da74b0fa4d3154ad87ffcb\"},\"headline\":\"Els farmac\u00e8utics podran viure l&#8217;experi\u00e8ncia de recertificar les seves compet\u00e8ncies a InfarmaLos farmac\u00e9uticos podr\u00e1n vivir la experiencia de recertificar sus competencias en Infarma\",\"datePublished\":\"2022-03-10T18:21:00+00:00\",\"dateModified\":\"2022-03-10T18:21:00+00:00\",\"mainEntityOfPage\":{\"@id\":\"https:\/\/novaorg.cofb.net\/2022\/03\/10\/els-farmaceutics-podran-viure-lexperiencia-de-recertificar-les-seves-competencies-a-infarmalos-farmaceuticos-podran-vivir-la-experiencia-de-recertificar-sus-competencias-en-infarma\/\"},\"wordCount\":1373,\"publisher\":{\"@id\":\"https:\/\/www.cofb.org\/#organization\"},\"articleSection\":[\"Notes de premsa\"],\"inLanguage\":\"ca\"},{\"@type\":\"WebPage\",\"@id\":\"https:\/\/novaorg.cofb.net\/2022\/03\/10\/els-farmaceutics-podran-viure-lexperiencia-de-recertificar-les-seves-competencies-a-infarmalos-farmaceuticos-podran-vivir-la-experiencia-de-recertificar-sus-competencias-en-infarma\/\",\"url\":\"https:\/\/novaorg.cofb.net\/2022\/03\/10\/els-farmaceutics-podran-viure-lexperiencia-de-recertificar-les-seves-competencies-a-infarmalos-farmaceuticos-podran-vivir-la-experiencia-de-recertificar-sus-competencias-en-infarma\/\",\"name\":\"Els farmac\u00e8utics podran viure l'experi\u00e8ncia de recertificar les seves compet\u00e8ncies a InfarmaLos farmac\u00e9uticos podr\u00e1n vivir la experiencia de recertificar sus competencias en Infarma - Col\u00b7legi de Farmac\u00e8utics de Barcelona\",\"isPartOf\":{\"@id\":\"https:\/\/www.cofb.org\/#website\"},\"datePublished\":\"2022-03-10T18:21:00+00:00\",\"dateModified\":\"2022-03-10T18:21:00+00:00\",\"breadcrumb\":{\"@id\":\"https:\/\/novaorg.cofb.net\/2022\/03\/10\/els-farmaceutics-podran-viure-lexperiencia-de-recertificar-les-seves-competencies-a-infarmalos-farmaceuticos-podran-vivir-la-experiencia-de-recertificar-sus-competencias-en-infarma\/#breadcrumb\"},\"inLanguage\":\"ca\",\"potentialAction\":[{\"@type\":\"ReadAction\",\"target\":[\"https:\/\/novaorg.cofb.net\/2022\/03\/10\/els-farmaceutics-podran-viure-lexperiencia-de-recertificar-les-seves-competencies-a-infarmalos-farmaceuticos-podran-vivir-la-experiencia-de-recertificar-sus-competencias-en-infarma\/\"]}]},{\"@type\":\"BreadcrumbList\",\"@id\":\"https:\/\/novaorg.cofb.net\/2022\/03\/10\/els-farmaceutics-podran-viure-lexperiencia-de-recertificar-les-seves-competencies-a-infarmalos-farmaceuticos-podran-vivir-la-experiencia-de-recertificar-sus-competencias-en-infarma\/#breadcrumb\",\"itemListElement\":[{\"@type\":\"ListItem\",\"position\":1,\"name\":\"Inici\",\"item\":\"https:\/\/novaorg.cofb.net\/\"},{\"@type\":\"ListItem\",\"position\":2,\"name\":\"Els farmac\u00e8utics podran viure l&#8217;experi\u00e8ncia de recertificar les seves compet\u00e8ncies a InfarmaLos farmac\u00e9uticos podr\u00e1n vivir la experiencia de recertificar sus competencias en Infarma\"}]},{\"@type\":\"WebSite\",\"@id\":\"https:\/\/www.cofb.org\/#website\",\"url\":\"https:\/\/www.cofb.org\/\",\"name\":\"Col\u00b7legi de Farmac\u00e8utics de Barcelona\",\"description\":\"\",\"publisher\":{\"@id\":\"https:\/\/www.cofb.org\/#organization\"},\"potentialAction\":[{\"@type\":\"SearchAction\",\"target\":{\"@type\":\"EntryPoint\",\"urlTemplate\":\"https:\/\/www.cofb.org\/?s={search_term_string}\"},\"query-input\":\"required name=search_term_string\"}],\"inLanguage\":\"ca\"},{\"@type\":\"Organization\",\"@id\":\"https:\/\/www.cofb.org\/#organization\",\"name\":\"Col\u00b7legi de Farmac\u00e8utics de Barcelona\",\"url\":\"https:\/\/www.cofb.org\/\",\"logo\":{\"@type\":\"ImageObject\",\"inLanguage\":\"ca\",\"@id\":\"https:\/\/www.cofb.org\/#\/schema\/logo\/image\/\",\"url\":\"https:\/\/www.cofb.org\/wp-content\/uploads\/2023\/11\/cropped-Logotip-COFB.png\",\"contentUrl\":\"https:\/\/www.cofb.org\/wp-content\/uploads\/2023\/11\/cropped-Logotip-COFB.png\",\"width\":500,\"height\":105,\"caption\":\"Col\u00b7legi de Farmac\u00e8utics de Barcelona\"},\"image\":{\"@id\":\"https:\/\/www.cofb.org\/#\/schema\/logo\/image\/\"},\"sameAs\":[\"https:\/\/www.facebook.com\/farmaceuticsbcn\/\",\"https:\/\/twitter.com\/farmaceuticsbcn\",\"https:\/\/www.instagram.com\/farmaceuticsbcn\/\",\"https:\/\/www.linkedin.com\/company\/farmaceuticsbcn\/\"]},{\"@type\":\"Person\",\"@id\":\"https:\/\/www.cofb.org\/#\/schema\/person\/22ed7eea88da74b0fa4d3154ad87ffcb\",\"name\":\"wpAdminCofbOrg\",\"image\":{\"@type\":\"ImageObject\",\"inLanguage\":\"ca\",\"@id\":\"https:\/\/www.cofb.org\/#\/schema\/person\/image\/\",\"url\":\"https:\/\/secure.gravatar.com\/avatar\/1721b20b3b8ca882c3b56ec6c978c594fff670e40c0718e9190eaeeb76aae7d8?s=96&d=mm&r=g\",\"contentUrl\":\"https:\/\/secure.gravatar.com\/avatar\/1721b20b3b8ca882c3b56ec6c978c594fff670e40c0718e9190eaeeb76aae7d8?s=96&d=mm&r=g\",\"caption\":\"wpAdminCofbOrg\"},\"sameAs\":[\"http:\/\/192.168.64.122\/wordpress\"],\"url\":\"https:\/\/www.cofb.org\/ca\/author\/wpadmincofborg\/\"}]}<\/script>\n<!-- \/ Yoast SEO plugin. -->","yoast_head_json":{"title":"Els farmac\u00e8utics podran viure l'experi\u00e8ncia de recertificar les seves compet\u00e8ncies a InfarmaLos farmac\u00e9uticos podr\u00e1n vivir la experiencia de recertificar sus competencias en Infarma - Col\u00b7legi de Farmac\u00e8utics de Barcelona","robots":{"index":"index","follow":"follow","max-snippet":"max-snippet:-1","max-image-preview":"max-image-preview:large","max-video-preview":"max-video-preview:-1"},"canonical":"https:\/\/novaorg.cofb.net\/2022\/03\/10\/els-farmaceutics-podran-viure-lexperiencia-de-recertificar-les-seves-competencies-a-infarmalos-farmaceuticos-podran-vivir-la-experiencia-de-recertificar-sus-competencias-en-infarma\/","og_locale":"ca_ES","og_type":"article","og_title":"Els farmac\u00e8utics podran viure l'experi\u00e8ncia de recertificar les seves compet\u00e8ncies a InfarmaLos farmac\u00e9uticos podr\u00e1n vivir la experiencia de recertificar sus competencias en Infarma - Col\u00b7legi de Farmac\u00e8utics de Barcelona","og_description":"\u00a0 Els professionals inscrits tindran l&#8217;oportunitat d&#8217;avaluar la seva actuaci\u00f3 professional en dos sup\u00f2sits pr\u00e0ctics d&#8217;atenci\u00f3 farmac\u00e8utica desenvolupats a l&#8217;estand del COFM \u00a0 El Col\u00b7legi de Madrid presentar\u00e0 la plataforma inform\u00e0tica de formaci\u00f3 tutoritzada que permet l&#8217;autoavaluaci\u00f3 de compet\u00e8ncies i el seguiment per refor\u00e7ar les \u00e0rees de millora \u00a0 Madrid, [&hellip;]","og_url":"https:\/\/novaorg.cofb.net\/2022\/03\/10\/els-farmaceutics-podran-viure-lexperiencia-de-recertificar-les-seves-competencies-a-infarmalos-farmaceuticos-podran-vivir-la-experiencia-de-recertificar-sus-competencias-en-infarma\/","og_site_name":"Col\u00b7legi de Farmac\u00e8utics de Barcelona","article_publisher":"https:\/\/www.facebook.com\/farmaceuticsbcn\/","article_published_time":"2022-03-10T18:21:00+00:00","author":"wpAdminCofbOrg","twitter_card":"summary_large_image","twitter_creator":"@farmaceuticsbcn","twitter_site":"@farmaceuticsbcn","twitter_misc":{"Escrit per":"wpAdminCofbOrg","Temps estimat de lectura":"6 minuts"},"schema":{"@context":"https:\/\/schema.org","@graph":[{"@type":"Article","@id":"https:\/\/novaorg.cofb.net\/2022\/03\/10\/els-farmaceutics-podran-viure-lexperiencia-de-recertificar-les-seves-competencies-a-infarmalos-farmaceuticos-podran-vivir-la-experiencia-de-recertificar-sus-competencias-en-infarma\/#article","isPartOf":{"@id":"https:\/\/novaorg.cofb.net\/2022\/03\/10\/els-farmaceutics-podran-viure-lexperiencia-de-recertificar-les-seves-competencies-a-infarmalos-farmaceuticos-podran-vivir-la-experiencia-de-recertificar-sus-competencias-en-infarma\/"},"author":{"name":"wpAdminCofbOrg","@id":"https:\/\/www.cofb.org\/#\/schema\/person\/22ed7eea88da74b0fa4d3154ad87ffcb"},"headline":"Els farmac\u00e8utics podran viure l&#8217;experi\u00e8ncia de recertificar les seves compet\u00e8ncies a InfarmaLos farmac\u00e9uticos podr\u00e1n vivir la experiencia de recertificar sus competencias en Infarma","datePublished":"2022-03-10T18:21:00+00:00","dateModified":"2022-03-10T18:21:00+00:00","mainEntityOfPage":{"@id":"https:\/\/novaorg.cofb.net\/2022\/03\/10\/els-farmaceutics-podran-viure-lexperiencia-de-recertificar-les-seves-competencies-a-infarmalos-farmaceuticos-podran-vivir-la-experiencia-de-recertificar-sus-competencias-en-infarma\/"},"wordCount":1373,"publisher":{"@id":"https:\/\/www.cofb.org\/#organization"},"articleSection":["Notes de premsa"],"inLanguage":"ca"},{"@type":"WebPage","@id":"https:\/\/novaorg.cofb.net\/2022\/03\/10\/els-farmaceutics-podran-viure-lexperiencia-de-recertificar-les-seves-competencies-a-infarmalos-farmaceuticos-podran-vivir-la-experiencia-de-recertificar-sus-competencias-en-infarma\/","url":"https:\/\/novaorg.cofb.net\/2022\/03\/10\/els-farmaceutics-podran-viure-lexperiencia-de-recertificar-les-seves-competencies-a-infarmalos-farmaceuticos-podran-vivir-la-experiencia-de-recertificar-sus-competencias-en-infarma\/","name":"Els farmac\u00e8utics podran viure l'experi\u00e8ncia de recertificar les seves compet\u00e8ncies a InfarmaLos farmac\u00e9uticos podr\u00e1n vivir la experiencia de recertificar sus competencias en Infarma - Col\u00b7legi de Farmac\u00e8utics de Barcelona","isPartOf":{"@id":"https:\/\/www.cofb.org\/#website"},"datePublished":"2022-03-10T18:21:00+00:00","dateModified":"2022-03-10T18:21:00+00:00","breadcrumb":{"@id":"https:\/\/novaorg.cofb.net\/2022\/03\/10\/els-farmaceutics-podran-viure-lexperiencia-de-recertificar-les-seves-competencies-a-infarmalos-farmaceuticos-podran-vivir-la-experiencia-de-recertificar-sus-competencias-en-infarma\/#breadcrumb"},"inLanguage":"ca","potentialAction":[{"@type":"ReadAction","target":["https:\/\/novaorg.cofb.net\/2022\/03\/10\/els-farmaceutics-podran-viure-lexperiencia-de-recertificar-les-seves-competencies-a-infarmalos-farmaceuticos-podran-vivir-la-experiencia-de-recertificar-sus-competencias-en-infarma\/"]}]},{"@type":"BreadcrumbList","@id":"https:\/\/novaorg.cofb.net\/2022\/03\/10\/els-farmaceutics-podran-viure-lexperiencia-de-recertificar-les-seves-competencies-a-infarmalos-farmaceuticos-podran-vivir-la-experiencia-de-recertificar-sus-competencias-en-infarma\/#breadcrumb","itemListElement":[{"@type":"ListItem","position":1,"name":"Inici","item":"https:\/\/novaorg.cofb.net\/"},{"@type":"ListItem","position":2,"name":"Els farmac\u00e8utics podran viure l&#8217;experi\u00e8ncia de recertificar les seves compet\u00e8ncies a InfarmaLos farmac\u00e9uticos podr\u00e1n vivir la experiencia de recertificar sus competencias en Infarma"}]},{"@type":"WebSite","@id":"https:\/\/www.cofb.org\/#website","url":"https:\/\/www.cofb.org\/","name":"Col\u00b7legi de Farmac\u00e8utics de Barcelona","description":"","publisher":{"@id":"https:\/\/www.cofb.org\/#organization"},"potentialAction":[{"@type":"SearchAction","target":{"@type":"EntryPoint","urlTemplate":"https:\/\/www.cofb.org\/?s={search_term_string}"},"query-input":"required name=search_term_string"}],"inLanguage":"ca"},{"@type":"Organization","@id":"https:\/\/www.cofb.org\/#organization","name":"Col\u00b7legi de Farmac\u00e8utics de Barcelona","url":"https:\/\/www.cofb.org\/","logo":{"@type":"ImageObject","inLanguage":"ca","@id":"https:\/\/www.cofb.org\/#\/schema\/logo\/image\/","url":"https:\/\/www.cofb.org\/wp-content\/uploads\/2023\/11\/cropped-Logotip-COFB.png","contentUrl":"https:\/\/www.cofb.org\/wp-content\/uploads\/2023\/11\/cropped-Logotip-COFB.png","width":500,"height":105,"caption":"Col\u00b7legi de Farmac\u00e8utics de Barcelona"},"image":{"@id":"https:\/\/www.cofb.org\/#\/schema\/logo\/image\/"},"sameAs":["https:\/\/www.facebook.com\/farmaceuticsbcn\/","https:\/\/twitter.com\/farmaceuticsbcn","https:\/\/www.instagram.com\/farmaceuticsbcn\/","https:\/\/www.linkedin.com\/company\/farmaceuticsbcn\/"]},{"@type":"Person","@id":"https:\/\/www.cofb.org\/#\/schema\/person\/22ed7eea88da74b0fa4d3154ad87ffcb","name":"wpAdminCofbOrg","image":{"@type":"ImageObject","inLanguage":"ca","@id":"https:\/\/www.cofb.org\/#\/schema\/person\/image\/","url":"https:\/\/secure.gravatar.com\/avatar\/1721b20b3b8ca882c3b56ec6c978c594fff670e40c0718e9190eaeeb76aae7d8?s=96&d=mm&r=g","contentUrl":"https:\/\/secure.gravatar.com\/avatar\/1721b20b3b8ca882c3b56ec6c978c594fff670e40c0718e9190eaeeb76aae7d8?s=96&d=mm&r=g","caption":"wpAdminCofbOrg"},"sameAs":["http:\/\/192.168.64.122\/wordpress"],"url":"https:\/\/www.cofb.org\/ca\/author\/wpadmincofborg\/"}]}},"uagb_featured_image_src":{"full":false,"thumbnail":false,"medium":false,"medium_large":false,"large":false,"1536x1536":false,"2048x2048":false,"trp-custom-language-flag":false},"uagb_author_info":{"display_name":"wpAdminCofbOrg","author_link":"https:\/\/www.cofb.org\/ca\/author\/wpadmincofborg\/"},"uagb_comment_info":0,"uagb_excerpt":"\u00a0 Els professionals inscrits tindran l&#8217;oportunitat d&#8217;avaluar la seva actuaci\u00f3 professional en dos sup\u00f2sits pr\u00e0ctics d&#8217;atenci\u00f3 farmac\u00e8utica desenvolupats a l&#8217;estand del COFM \u00a0 El Col\u00b7legi de Madrid presentar\u00e0 la plataforma inform\u00e0tica de formaci\u00f3 tutoritzada que permet l&#8217;autoavaluaci\u00f3 de compet\u00e8ncies i el seguiment per refor\u00e7ar les \u00e0rees de millora \u00a0 Madrid, [&hellip;]","_links":{"self":[{"href":"https:\/\/www.cofb.org\/ca\/wp-json\/wp\/v2\/posts\/77014","targetHints":{"allow":["GET"]}}],"collection":[{"href":"https:\/\/www.cofb.org\/ca\/wp-json\/wp\/v2\/posts"}],"about":[{"href":"https:\/\/www.cofb.org\/ca\/wp-json\/wp\/v2\/types\/post"}],"author":[{"embeddable":true,"href":"https:\/\/www.cofb.org\/ca\/wp-json\/wp\/v2\/users\/1"}],"replies":[{"embeddable":true,"href":"https:\/\/www.cofb.org\/ca\/wp-json\/wp\/v2\/comments?post=77014"}],"version-history":[{"count":0,"href":"https:\/\/www.cofb.org\/ca\/wp-json\/wp\/v2\/posts\/77014\/revisions"}],"wp:attachment":[{"href":"https:\/\/www.cofb.org\/ca\/wp-json\/wp\/v2\/media?parent=77014"}],"wp:term":[{"taxonomy":"category","embeddable":true,"href":"https:\/\/www.cofb.org\/ca\/wp-json\/wp\/v2\/categories?post=77014"},{"taxonomy":"post_tag","embeddable":true,"href":"https:\/\/www.cofb.org\/ca\/wp-json\/wp\/v2\/tags?post=77014"}],"curies":[{"name":"wp","href":"https:\/\/api.w.org\/{rel}","templated":true}]}}