{"id":77013,"date":"2022-03-14T14:12:00","date_gmt":"2022-03-14T14:12:00","guid":{"rendered":"https:\/\/novaorg.cofb.net\/2022\/03\/14\/infarma-madrid-2022-integrara-la-participacio-presencial-i-digital-al-congres-i-saloinfarma-madrid-2022-integrara-la-participacion-presencial-y-digital-en-el-congre\/"},"modified":"2022-03-14T14:12:00","modified_gmt":"2022-03-14T14:12:00","slug":"infarma-madrid-2022-integrara-la-participacio-presencial-i-digital-al-congres-i-saloinfarma-madrid-2022-integrara-la-participacion-presencial-y-digital-en-el-congre","status":"publish","type":"post","link":"https:\/\/www.cofb.org\/ca\/2022\/03\/14\/infarma-madrid-2022-integrara-la-participacio-presencial-i-digital-al-congres-i-saloinfarma-madrid-2022-integrara-la-participacion-presencial-y-digital-en-el-congre\/","title":{"rendered":"\u2018Infarma Madrid 2022\u2019 integrar\u00e0 la participaci\u00f3 presencial i digital al Congr\u00e9s i Sal\u00f3\u2018Infarma Madrid 2022\u2019 integrar\u00e1 la participaci\u00f3n presencial y digital en el Congreso y Sal\u00f3n"},"content":{"rendered":"<p>\u00a0<\/p>\n<p><strong>\u2022 La trobada europea de la farm\u00e0cia llan\u00e7ar\u00e0 una plataforma \u2018online\u2019 amb una \u00e0rea privada de <em>networking<\/em> per als seus participants i transmetr\u00e0 en directe nou confer\u00e8ncies i taules rodones del programa cient\u00edfic<\/strong><\/p>\n<p><em>Madrid, 14 de mar\u00e7<\/em>. Infarma Madrid 2022 ser\u00e0 l&#8217;edici\u00f3 del retrobament presencial del sector al recinte firal d\u2019Ifema i tamb\u00e9 la cita que integrar\u00e0, per primera vegada, l&#8217;experi\u00e8ncia de les dues trobades digitals celebrades des del 2020 a trav\u00e9s d&#8217;una plataforma online.<\/p>\n<p>La trobada europea de la farm\u00e0cia, que organitzen els col\u00b7legis oficials de farmac\u00e8utics de Madrid i Barcelona, en col\u00b7laboraci\u00f3 amb Interalia, obrir\u00e0 les\u00a0portes el pr\u00f2xim 22 de mar\u00e7 amb una aposta tecnol\u00f2gica clara. Els congressistes, expositors i visitants d\u2019Infarma disposaran d&#8217;una \u00e0rea privada online de <em>networking<\/em> en la qual podran preparar i planificar la seva participaci\u00f3.<\/p>\n<p>Amb aquesta eina digital, Infarma aportar\u00e0 valor a tots els assistents del Congr\u00e9s i Sal\u00f3, que podran treure el m\u00e0xim profit de la seva participaci\u00f3 a la trobada.<\/p>\n<p>Aquest entorn privat estar\u00e0 disponible en versi\u00f3 web per accedir-hi des de l&#8217;ordinador i tamb\u00e9 com a App per a dispositius Android i Apple.<\/p>\n<p>Entre altres funcionalitats online, els assistents podran descarregar la seva acreditaci\u00f3, concertar reunions amb les empreses expositores a trav\u00e9s d&#8217;una senzilla interf\u00edcie, gestionar la seva agenda i afegir sessions del programa oficial o trobar, a m\u00e9s, eines per fer contactes i iniciar converses amb la resta de participants.<\/p>\n<p>Igualment, la plataforma permetr\u00e0 gestionar i optimitzar la visita a Infarma a l\u2019agendar les sessions del programa oficial i accedir al contingut del programa oficial d\u2019Infarma, amb tota la informaci\u00f3 de cada pon\u00e8ncia: dia, hora, sala, descripci\u00f3, ponents, etc\u00e8tera.<\/p>\n<p>Una altra de les novetats del Congr\u00e9s ser\u00e0 la transmissi\u00f3 en directe de nou confer\u00e8ncies i taules rodones del programa cient\u00edfic, incl\u00f2s l&#8217;acte d&#8217;inauguraci\u00f3.<\/p>\n<p>El president del Comit\u00e8 Organitzador d\u2019Infarma, Luis Gonz\u00e1lez D\u00edez, assenyala que \u201cInfarma \u00e9s la hist\u00f2ria d&#8217;un Congr\u00e9s i Sal\u00f3 que avan\u00e7a al mateix ritme que el sector i que incorpora tot el que s\u2019ha apr\u00e8s en les edicions digitals dels dos \u00faltims anys per continuar aportant valor als participants. La plataforma online \u00e9s un clar exemple d&#8217;una eina digital que ens ajudar\u00e0 a organitzar la nostra pr\u00f2pia agenda de Congr\u00e9s i a contactar amb les persones i empreses que m\u00e9s ens interessin, sense perdre l&#8217;oportunitat del contacte personal que ens brinda sempre l&#8217;experi\u00e8ncia d\u2019Infarma\u201d.<\/p>\n<p>\u00a0\u2022 La trobada europea de la farm\u00e0cia llan\u00e7ar\u00e0 una plataforma \u2018online\u2019 amb una \u00e0rea privada de networking per als seus participants i transmetr\u00e0 en directe nou confer\u00e8ncies i taules rodones del programa cient\u00edfic<\/p>\n<p>Madrid, 14 de mar\u00e7. Infarma Madrid 2022 ser\u00e0 l&#8217;edici\u00f3 del retrobament presencial del sector al recinte firal d\u2019Ifema i tamb\u00e9 la cita que integrar\u00e0, per primera vegada, l&#8217;experi\u00e8ncia de les dues trobades digitals celebrades des del 2020 a trav\u00e9s d&#8217;una plataforma online.<\/p>\n<p>La trobada europea de la farm\u00e0cia, que organitzen els col\u00b7legis oficials de farmac\u00e8utics de Madrid i Barcelona, en col\u00b7laboraci\u00f3 amb Interalia, obrir\u00e0 les\u00a0portes el pr\u00f2xim 22 de mar\u00e7 amb una aposta tecnol\u00f2gica clara. Els congressistes, expositors i visitants d\u2019Infarma disposaran d&#8217;una \u00e0rea privada online de networking en la qual podran preparar i planificar la seva participaci\u00f3.<\/p>\n<p>Amb aquesta eina digital, Infarma aportar\u00e0 valor a tots els assistents del Congr\u00e9s i Sal\u00f3, que podran treure el m\u00e0xim profit de la seva participaci\u00f3 a la trobada.<\/p>\n<p>Aquest entorn privat estar\u00e0 disponible en versi\u00f3 web per accedir-hi des de l&#8217;ordinador i tamb\u00e9 com a App per a dispositius Android i Apple.<\/p>\n<p>Entre altres funcionalitats online, els assistents podran descarregar la seva acreditaci\u00f3, concertar reunions amb les empreses expositores a trav\u00e9s d&#8217;una senzilla interf\u00edcie, gestionar la seva agenda i afegir sessions del programa oficial o trobar, a m\u00e9s, eines per fer contactes i iniciar converses amb la resta de participants.<\/p>\n<p>Igualment, la plataforma permetr\u00e0 gestionar i optimitzar la visita a Infarma a l\u2019agendar les sessions del programa oficial i accedir al contingut del programa oficial d\u2019Infarma, amb tota la informaci\u00f3 de cada pon\u00e8ncia: dia, hora, sala, descripci\u00f3, ponents, etc\u00e8tera.<\/p>\n<p>Una altra de les novetats del Congr\u00e9s ser\u00e0 la transmissi\u00f3 en directe de nou confer\u00e8ncies i taules rodones del programa cient\u00edfic, incl\u00f2s l&#8217;acte d&#8217;inauguraci\u00f3.<\/p>\n<p>El president del Comit\u00e8 Organitzador d\u2019Infarma, Luis Gonz\u00e1lez D\u00edez, assenyala que \u201cInfarma \u00e9s la hist\u00f2ria d&#8217;un Congr\u00e9s i Sal\u00f3 que avan\u00e7a al mateix ritme que el sector i que incorpora tot el que s\u2019ha apr\u00e8s en les edicions digitals dels dos \u00faltims anys per continuar aportant valor als participants. La plataforma online \u00e9s un clar exemple d&#8217;una eina digital que ens ajudar\u00e0 a organitzar la nostra pr\u00f2pia agenda de Congr\u00e9s i a contactar amb les persones i empreses que m\u00e9s ens interessin, sense perdre l&#8217;oportunitat del contacte personal que ens brinda sempre l&#8217;experi\u00e8ncia d\u2019Infarma\u201d.\u00a0\u00a0COFB.ORG<\/p>\n","protected":false},"excerpt":{"rendered":"<p>\u00a0 \u2022 La trobada europea de la farm\u00e0cia llan\u00e7ar\u00e0 una plataforma \u2018online\u2019 amb una \u00e0rea privada de networking per als seus participants i transmetr\u00e0 en directe nou confer\u00e8ncies i taules rodones del programa cient\u00edfic Madrid, 14 de mar\u00e7. Infarma Madrid 2022 ser\u00e0 l&#8217;edici\u00f3 del retrobament presencial del sector al recinte [&hellip;]<\/p>\n","protected":false},"author":1,"featured_media":0,"comment_status":"","ping_status":"","sticky":false,"template":"","format":"standard","meta":{"_uag_custom_page_level_css":"","site-sidebar-layout":"default","site-content-layout":"","ast-site-content-layout":"default","site-content-style":"default","site-sidebar-style":"default","ast-global-header-display":"","ast-banner-title-visibility":"","ast-main-header-display":"","ast-hfb-above-header-display":"","ast-hfb-below-header-display":"","ast-hfb-mobile-header-display":"","site-post-title":"","ast-breadcrumbs-content":"","ast-featured-img":"disabled","footer-sml-layout":"","theme-transparent-header-meta":"","adv-header-id-meta":"","stick-header-meta":"","header-above-stick-meta":"","header-main-stick-meta":"","header-below-stick-meta":"","astra-migrate-meta-layouts":"default","ast-page-background-enabled":"default","ast-page-background-meta":{"desktop":{"background-color":"var(--ast-global-color-4)","background-image":"","background-repeat":"repeat","background-position":"center center","background-size":"auto","background-attachment":"scroll","background-type":"","background-media":"","overlay-type":"","overlay-color":"","overlay-opacity":"","overlay-gradient":""},"tablet":{"background-color":"","background-image":"","background-repeat":"repeat","background-position":"center center","background-size":"auto","background-attachment":"scroll","background-type":"","background-media":"","overlay-type":"","overlay-color":"","overlay-opacity":"","overlay-gradient":""},"mobile":{"background-color":"","background-image":"","background-repeat":"repeat","background-position":"center center","background-size":"auto","background-attachment":"scroll","background-type":"","background-media":"","overlay-type":"","overlay-color":"","overlay-opacity":"","overlay-gradient":""}},"ast-content-background-meta":{"desktop":{"background-color":"var(--ast-global-color-5)","background-image":"","background-repeat":"repeat","background-position":"center center","background-size":"auto","background-attachment":"scroll","background-type":"","background-media":"","overlay-type":"","overlay-color":"","overlay-opacity":"","overlay-gradient":""},"tablet":{"background-color":"var(--ast-global-color-5)","background-image":"","background-repeat":"repeat","background-position":"center center","background-size":"auto","background-attachment":"scroll","background-type":"","background-media":"","overlay-type":"","overlay-color":"","overlay-opacity":"","overlay-gradient":""},"mobile":{"background-color":"var(--ast-global-color-5)","background-image":"","background-repeat":"repeat","background-position":"center center","background-size":"auto","background-attachment":"scroll","background-type":"","background-media":"","overlay-type":"","overlay-color":"","overlay-opacity":"","overlay-gradient":""}},"footnotes":""},"categories":[1060,1066],"tags":[],"class_list":["post-77013","post","type-post","status-publish","format-standard","hentry","category-notes-premsa","category-sense-categoria-ca"],"yoast_head":"<!-- This site is optimized with the Yoast SEO plugin v22.4 - https:\/\/yoast.com\/wordpress\/plugins\/seo\/ -->\n<title>\u2018Infarma Madrid 2022\u2019 integrar\u00e0 la participaci\u00f3 presencial i digital al Congr\u00e9s i Sal\u00f3\u2018Infarma Madrid 2022\u2019 integrar\u00e1 la participaci\u00f3n presencial y digital en el Congreso y Sal\u00f3n - Col\u00b7legi de Farmac\u00e8utics de Barcelona<\/title>\n<meta name=\"robots\" content=\"index, follow, max-snippet:-1, max-image-preview:large, max-video-preview:-1\" \/>\n<link rel=\"canonical\" href=\"https:\/\/novaorg.cofb.net\/2022\/03\/14\/infarma-madrid-2022-integrara-la-participacio-presencial-i-digital-al-congres-i-saloinfarma-madrid-2022-integrara-la-participacion-presencial-y-digital-en-el-congre\/\" \/>\n<meta property=\"og:locale\" content=\"ca_ES\" \/>\n<meta property=\"og:type\" content=\"article\" \/>\n<meta property=\"og:title\" content=\"\u2018Infarma Madrid 2022\u2019 integrar\u00e0 la participaci\u00f3 presencial i digital al Congr\u00e9s i Sal\u00f3\u2018Infarma Madrid 2022\u2019 integrar\u00e1 la participaci\u00f3n presencial y digital en el Congreso y Sal\u00f3n - Col\u00b7legi de Farmac\u00e8utics de Barcelona\" \/>\n<meta property=\"og:description\" content=\"\u00a0 \u2022 La trobada europea de la farm\u00e0cia llan\u00e7ar\u00e0 una plataforma \u2018online\u2019 amb una \u00e0rea privada de networking per als seus participants i transmetr\u00e0 en directe nou confer\u00e8ncies i taules rodones del programa cient\u00edfic Madrid, 14 de mar\u00e7. Infarma Madrid 2022 ser\u00e0 l&#8217;edici\u00f3 del retrobament presencial del sector al recinte [&hellip;]\" \/>\n<meta property=\"og:url\" content=\"https:\/\/novaorg.cofb.net\/2022\/03\/14\/infarma-madrid-2022-integrara-la-participacio-presencial-i-digital-al-congres-i-saloinfarma-madrid-2022-integrara-la-participacion-presencial-y-digital-en-el-congre\/\" \/>\n<meta property=\"og:site_name\" content=\"Col\u00b7legi de Farmac\u00e8utics de Barcelona\" \/>\n<meta property=\"article:publisher\" content=\"https:\/\/www.facebook.com\/farmaceuticsbcn\/\" \/>\n<meta property=\"article:published_time\" content=\"2022-03-14T14:12:00+00:00\" \/>\n<meta name=\"author\" content=\"wpAdminCofbOrg\" \/>\n<meta name=\"twitter:card\" content=\"summary_large_image\" \/>\n<meta name=\"twitter:creator\" content=\"@farmaceuticsbcn\" \/>\n<meta name=\"twitter:site\" content=\"@farmaceuticsbcn\" \/>\n<meta name=\"twitter:label1\" content=\"Escrit per\" \/>\n\t<meta name=\"twitter:data1\" content=\"wpAdminCofbOrg\" \/>\n\t<meta name=\"twitter:label2\" content=\"Temps estimat de lectura\" \/>\n\t<meta name=\"twitter:data2\" content=\"4 minuts\" \/>\n<script type=\"application\/ld+json\" class=\"yoast-schema-graph\">{\"@context\":\"https:\/\/schema.org\",\"@graph\":[{\"@type\":\"Article\",\"@id\":\"https:\/\/novaorg.cofb.net\/2022\/03\/14\/infarma-madrid-2022-integrara-la-participacio-presencial-i-digital-al-congres-i-saloinfarma-madrid-2022-integrara-la-participacion-presencial-y-digital-en-el-congre\/#article\",\"isPartOf\":{\"@id\":\"https:\/\/novaorg.cofb.net\/2022\/03\/14\/infarma-madrid-2022-integrara-la-participacio-presencial-i-digital-al-congres-i-saloinfarma-madrid-2022-integrara-la-participacion-presencial-y-digital-en-el-congre\/\"},\"author\":{\"name\":\"wpAdminCofbOrg\",\"@id\":\"https:\/\/www.cofb.org\/#\/schema\/person\/22ed7eea88da74b0fa4d3154ad87ffcb\"},\"headline\":\"\u2018Infarma Madrid 2022\u2019 integrar\u00e0 la participaci\u00f3 presencial i digital al Congr\u00e9s i Sal\u00f3\u2018Infarma Madrid 2022\u2019 integrar\u00e1 la participaci\u00f3n presencial y digital en el Congreso y Sal\u00f3n\",\"datePublished\":\"2022-03-14T14:12:00+00:00\",\"dateModified\":\"2022-03-14T14:12:00+00:00\",\"mainEntityOfPage\":{\"@id\":\"https:\/\/novaorg.cofb.net\/2022\/03\/14\/infarma-madrid-2022-integrara-la-participacio-presencial-i-digital-al-congres-i-saloinfarma-madrid-2022-integrara-la-participacion-presencial-y-digital-en-el-congre\/\"},\"wordCount\":902,\"publisher\":{\"@id\":\"https:\/\/www.cofb.org\/#organization\"},\"articleSection\":[\"Notes de premsa\"],\"inLanguage\":\"ca\"},{\"@type\":\"WebPage\",\"@id\":\"https:\/\/novaorg.cofb.net\/2022\/03\/14\/infarma-madrid-2022-integrara-la-participacio-presencial-i-digital-al-congres-i-saloinfarma-madrid-2022-integrara-la-participacion-presencial-y-digital-en-el-congre\/\",\"url\":\"https:\/\/novaorg.cofb.net\/2022\/03\/14\/infarma-madrid-2022-integrara-la-participacio-presencial-i-digital-al-congres-i-saloinfarma-madrid-2022-integrara-la-participacion-presencial-y-digital-en-el-congre\/\",\"name\":\"\u2018Infarma Madrid 2022\u2019 integrar\u00e0 la participaci\u00f3 presencial i digital al Congr\u00e9s i Sal\u00f3\u2018Infarma Madrid 2022\u2019 integrar\u00e1 la participaci\u00f3n presencial y digital en el Congreso y Sal\u00f3n - Col\u00b7legi de Farmac\u00e8utics de Barcelona\",\"isPartOf\":{\"@id\":\"https:\/\/www.cofb.org\/#website\"},\"datePublished\":\"2022-03-14T14:12:00+00:00\",\"dateModified\":\"2022-03-14T14:12:00+00:00\",\"breadcrumb\":{\"@id\":\"https:\/\/novaorg.cofb.net\/2022\/03\/14\/infarma-madrid-2022-integrara-la-participacio-presencial-i-digital-al-congres-i-saloinfarma-madrid-2022-integrara-la-participacion-presencial-y-digital-en-el-congre\/#breadcrumb\"},\"inLanguage\":\"ca\",\"potentialAction\":[{\"@type\":\"ReadAction\",\"target\":[\"https:\/\/novaorg.cofb.net\/2022\/03\/14\/infarma-madrid-2022-integrara-la-participacio-presencial-i-digital-al-congres-i-saloinfarma-madrid-2022-integrara-la-participacion-presencial-y-digital-en-el-congre\/\"]}]},{\"@type\":\"BreadcrumbList\",\"@id\":\"https:\/\/novaorg.cofb.net\/2022\/03\/14\/infarma-madrid-2022-integrara-la-participacio-presencial-i-digital-al-congres-i-saloinfarma-madrid-2022-integrara-la-participacion-presencial-y-digital-en-el-congre\/#breadcrumb\",\"itemListElement\":[{\"@type\":\"ListItem\",\"position\":1,\"name\":\"Inici\",\"item\":\"https:\/\/novaorg.cofb.net\/\"},{\"@type\":\"ListItem\",\"position\":2,\"name\":\"\u2018Infarma Madrid 2022\u2019 integrar\u00e0 la participaci\u00f3 presencial i digital al Congr\u00e9s i Sal\u00f3\u2018Infarma Madrid 2022\u2019 integrar\u00e1 la participaci\u00f3n presencial y digital en el Congreso y Sal\u00f3n\"}]},{\"@type\":\"WebSite\",\"@id\":\"https:\/\/www.cofb.org\/#website\",\"url\":\"https:\/\/www.cofb.org\/\",\"name\":\"Col\u00b7legi de Farmac\u00e8utics de Barcelona\",\"description\":\"\",\"publisher\":{\"@id\":\"https:\/\/www.cofb.org\/#organization\"},\"potentialAction\":[{\"@type\":\"SearchAction\",\"target\":{\"@type\":\"EntryPoint\",\"urlTemplate\":\"https:\/\/www.cofb.org\/?s={search_term_string}\"},\"query-input\":\"required name=search_term_string\"}],\"inLanguage\":\"ca\"},{\"@type\":\"Organization\",\"@id\":\"https:\/\/www.cofb.org\/#organization\",\"name\":\"Col\u00b7legi de Farmac\u00e8utics de Barcelona\",\"url\":\"https:\/\/www.cofb.org\/\",\"logo\":{\"@type\":\"ImageObject\",\"inLanguage\":\"ca\",\"@id\":\"https:\/\/www.cofb.org\/#\/schema\/logo\/image\/\",\"url\":\"https:\/\/www.cofb.org\/wp-content\/uploads\/2023\/11\/cropped-Logotip-COFB.png\",\"contentUrl\":\"https:\/\/www.cofb.org\/wp-content\/uploads\/2023\/11\/cropped-Logotip-COFB.png\",\"width\":500,\"height\":105,\"caption\":\"Col\u00b7legi de Farmac\u00e8utics de Barcelona\"},\"image\":{\"@id\":\"https:\/\/www.cofb.org\/#\/schema\/logo\/image\/\"},\"sameAs\":[\"https:\/\/www.facebook.com\/farmaceuticsbcn\/\",\"https:\/\/twitter.com\/farmaceuticsbcn\",\"https:\/\/www.instagram.com\/farmaceuticsbcn\/\",\"https:\/\/www.linkedin.com\/company\/farmaceuticsbcn\/\"]},{\"@type\":\"Person\",\"@id\":\"https:\/\/www.cofb.org\/#\/schema\/person\/22ed7eea88da74b0fa4d3154ad87ffcb\",\"name\":\"wpAdminCofbOrg\",\"image\":{\"@type\":\"ImageObject\",\"inLanguage\":\"ca\",\"@id\":\"https:\/\/www.cofb.org\/#\/schema\/person\/image\/\",\"url\":\"https:\/\/secure.gravatar.com\/avatar\/1721b20b3b8ca882c3b56ec6c978c594fff670e40c0718e9190eaeeb76aae7d8?s=96&d=mm&r=g\",\"contentUrl\":\"https:\/\/secure.gravatar.com\/avatar\/1721b20b3b8ca882c3b56ec6c978c594fff670e40c0718e9190eaeeb76aae7d8?s=96&d=mm&r=g\",\"caption\":\"wpAdminCofbOrg\"},\"sameAs\":[\"http:\/\/192.168.64.122\/wordpress\"],\"url\":\"https:\/\/www.cofb.org\/ca\/author\/wpadmincofborg\/\"}]}<\/script>\n<!-- \/ Yoast SEO plugin. -->","yoast_head_json":{"title":"\u2018Infarma Madrid 2022\u2019 integrar\u00e0 la participaci\u00f3 presencial i digital al Congr\u00e9s i Sal\u00f3\u2018Infarma Madrid 2022\u2019 integrar\u00e1 la participaci\u00f3n presencial y digital en el Congreso y Sal\u00f3n - Col\u00b7legi de Farmac\u00e8utics de Barcelona","robots":{"index":"index","follow":"follow","max-snippet":"max-snippet:-1","max-image-preview":"max-image-preview:large","max-video-preview":"max-video-preview:-1"},"canonical":"https:\/\/novaorg.cofb.net\/2022\/03\/14\/infarma-madrid-2022-integrara-la-participacio-presencial-i-digital-al-congres-i-saloinfarma-madrid-2022-integrara-la-participacion-presencial-y-digital-en-el-congre\/","og_locale":"ca_ES","og_type":"article","og_title":"\u2018Infarma Madrid 2022\u2019 integrar\u00e0 la participaci\u00f3 presencial i digital al Congr\u00e9s i Sal\u00f3\u2018Infarma Madrid 2022\u2019 integrar\u00e1 la participaci\u00f3n presencial y digital en el Congreso y Sal\u00f3n - Col\u00b7legi de Farmac\u00e8utics de Barcelona","og_description":"\u00a0 \u2022 La trobada europea de la farm\u00e0cia llan\u00e7ar\u00e0 una plataforma \u2018online\u2019 amb una \u00e0rea privada de networking per als seus participants i transmetr\u00e0 en directe nou confer\u00e8ncies i taules rodones del programa cient\u00edfic Madrid, 14 de mar\u00e7. Infarma Madrid 2022 ser\u00e0 l&#8217;edici\u00f3 del retrobament presencial del sector al recinte [&hellip;]","og_url":"https:\/\/novaorg.cofb.net\/2022\/03\/14\/infarma-madrid-2022-integrara-la-participacio-presencial-i-digital-al-congres-i-saloinfarma-madrid-2022-integrara-la-participacion-presencial-y-digital-en-el-congre\/","og_site_name":"Col\u00b7legi de Farmac\u00e8utics de Barcelona","article_publisher":"https:\/\/www.facebook.com\/farmaceuticsbcn\/","article_published_time":"2022-03-14T14:12:00+00:00","author":"wpAdminCofbOrg","twitter_card":"summary_large_image","twitter_creator":"@farmaceuticsbcn","twitter_site":"@farmaceuticsbcn","twitter_misc":{"Escrit per":"wpAdminCofbOrg","Temps estimat de lectura":"4 minuts"},"schema":{"@context":"https:\/\/schema.org","@graph":[{"@type":"Article","@id":"https:\/\/novaorg.cofb.net\/2022\/03\/14\/infarma-madrid-2022-integrara-la-participacio-presencial-i-digital-al-congres-i-saloinfarma-madrid-2022-integrara-la-participacion-presencial-y-digital-en-el-congre\/#article","isPartOf":{"@id":"https:\/\/novaorg.cofb.net\/2022\/03\/14\/infarma-madrid-2022-integrara-la-participacio-presencial-i-digital-al-congres-i-saloinfarma-madrid-2022-integrara-la-participacion-presencial-y-digital-en-el-congre\/"},"author":{"name":"wpAdminCofbOrg","@id":"https:\/\/www.cofb.org\/#\/schema\/person\/22ed7eea88da74b0fa4d3154ad87ffcb"},"headline":"\u2018Infarma Madrid 2022\u2019 integrar\u00e0 la participaci\u00f3 presencial i digital al Congr\u00e9s i Sal\u00f3\u2018Infarma Madrid 2022\u2019 integrar\u00e1 la participaci\u00f3n presencial y digital en el Congreso y Sal\u00f3n","datePublished":"2022-03-14T14:12:00+00:00","dateModified":"2022-03-14T14:12:00+00:00","mainEntityOfPage":{"@id":"https:\/\/novaorg.cofb.net\/2022\/03\/14\/infarma-madrid-2022-integrara-la-participacio-presencial-i-digital-al-congres-i-saloinfarma-madrid-2022-integrara-la-participacion-presencial-y-digital-en-el-congre\/"},"wordCount":902,"publisher":{"@id":"https:\/\/www.cofb.org\/#organization"},"articleSection":["Notes de premsa"],"inLanguage":"ca"},{"@type":"WebPage","@id":"https:\/\/novaorg.cofb.net\/2022\/03\/14\/infarma-madrid-2022-integrara-la-participacio-presencial-i-digital-al-congres-i-saloinfarma-madrid-2022-integrara-la-participacion-presencial-y-digital-en-el-congre\/","url":"https:\/\/novaorg.cofb.net\/2022\/03\/14\/infarma-madrid-2022-integrara-la-participacio-presencial-i-digital-al-congres-i-saloinfarma-madrid-2022-integrara-la-participacion-presencial-y-digital-en-el-congre\/","name":"\u2018Infarma Madrid 2022\u2019 integrar\u00e0 la participaci\u00f3 presencial i digital al Congr\u00e9s i Sal\u00f3\u2018Infarma Madrid 2022\u2019 integrar\u00e1 la participaci\u00f3n presencial y digital en el Congreso y Sal\u00f3n - Col\u00b7legi de Farmac\u00e8utics de Barcelona","isPartOf":{"@id":"https:\/\/www.cofb.org\/#website"},"datePublished":"2022-03-14T14:12:00+00:00","dateModified":"2022-03-14T14:12:00+00:00","breadcrumb":{"@id":"https:\/\/novaorg.cofb.net\/2022\/03\/14\/infarma-madrid-2022-integrara-la-participacio-presencial-i-digital-al-congres-i-saloinfarma-madrid-2022-integrara-la-participacion-presencial-y-digital-en-el-congre\/#breadcrumb"},"inLanguage":"ca","potentialAction":[{"@type":"ReadAction","target":["https:\/\/novaorg.cofb.net\/2022\/03\/14\/infarma-madrid-2022-integrara-la-participacio-presencial-i-digital-al-congres-i-saloinfarma-madrid-2022-integrara-la-participacion-presencial-y-digital-en-el-congre\/"]}]},{"@type":"BreadcrumbList","@id":"https:\/\/novaorg.cofb.net\/2022\/03\/14\/infarma-madrid-2022-integrara-la-participacio-presencial-i-digital-al-congres-i-saloinfarma-madrid-2022-integrara-la-participacion-presencial-y-digital-en-el-congre\/#breadcrumb","itemListElement":[{"@type":"ListItem","position":1,"name":"Inici","item":"https:\/\/novaorg.cofb.net\/"},{"@type":"ListItem","position":2,"name":"\u2018Infarma Madrid 2022\u2019 integrar\u00e0 la participaci\u00f3 presencial i digital al Congr\u00e9s i Sal\u00f3\u2018Infarma Madrid 2022\u2019 integrar\u00e1 la participaci\u00f3n presencial y digital en el Congreso y Sal\u00f3n"}]},{"@type":"WebSite","@id":"https:\/\/www.cofb.org\/#website","url":"https:\/\/www.cofb.org\/","name":"Col\u00b7legi de Farmac\u00e8utics de Barcelona","description":"","publisher":{"@id":"https:\/\/www.cofb.org\/#organization"},"potentialAction":[{"@type":"SearchAction","target":{"@type":"EntryPoint","urlTemplate":"https:\/\/www.cofb.org\/?s={search_term_string}"},"query-input":"required name=search_term_string"}],"inLanguage":"ca"},{"@type":"Organization","@id":"https:\/\/www.cofb.org\/#organization","name":"Col\u00b7legi de Farmac\u00e8utics de Barcelona","url":"https:\/\/www.cofb.org\/","logo":{"@type":"ImageObject","inLanguage":"ca","@id":"https:\/\/www.cofb.org\/#\/schema\/logo\/image\/","url":"https:\/\/www.cofb.org\/wp-content\/uploads\/2023\/11\/cropped-Logotip-COFB.png","contentUrl":"https:\/\/www.cofb.org\/wp-content\/uploads\/2023\/11\/cropped-Logotip-COFB.png","width":500,"height":105,"caption":"Col\u00b7legi de Farmac\u00e8utics de Barcelona"},"image":{"@id":"https:\/\/www.cofb.org\/#\/schema\/logo\/image\/"},"sameAs":["https:\/\/www.facebook.com\/farmaceuticsbcn\/","https:\/\/twitter.com\/farmaceuticsbcn","https:\/\/www.instagram.com\/farmaceuticsbcn\/","https:\/\/www.linkedin.com\/company\/farmaceuticsbcn\/"]},{"@type":"Person","@id":"https:\/\/www.cofb.org\/#\/schema\/person\/22ed7eea88da74b0fa4d3154ad87ffcb","name":"wpAdminCofbOrg","image":{"@type":"ImageObject","inLanguage":"ca","@id":"https:\/\/www.cofb.org\/#\/schema\/person\/image\/","url":"https:\/\/secure.gravatar.com\/avatar\/1721b20b3b8ca882c3b56ec6c978c594fff670e40c0718e9190eaeeb76aae7d8?s=96&d=mm&r=g","contentUrl":"https:\/\/secure.gravatar.com\/avatar\/1721b20b3b8ca882c3b56ec6c978c594fff670e40c0718e9190eaeeb76aae7d8?s=96&d=mm&r=g","caption":"wpAdminCofbOrg"},"sameAs":["http:\/\/192.168.64.122\/wordpress"],"url":"https:\/\/www.cofb.org\/ca\/author\/wpadmincofborg\/"}]}},"uagb_featured_image_src":{"full":false,"thumbnail":false,"medium":false,"medium_large":false,"large":false,"1536x1536":false,"2048x2048":false,"trp-custom-language-flag":false},"uagb_author_info":{"display_name":"wpAdminCofbOrg","author_link":"https:\/\/www.cofb.org\/ca\/author\/wpadmincofborg\/"},"uagb_comment_info":0,"uagb_excerpt":"\u00a0 \u2022 La trobada europea de la farm\u00e0cia llan\u00e7ar\u00e0 una plataforma \u2018online\u2019 amb una \u00e0rea privada de networking per als seus participants i transmetr\u00e0 en directe nou confer\u00e8ncies i taules rodones del programa cient\u00edfic Madrid, 14 de mar\u00e7. Infarma Madrid 2022 ser\u00e0 l&#8217;edici\u00f3 del retrobament presencial del sector al recinte [&hellip;]","_links":{"self":[{"href":"https:\/\/www.cofb.org\/ca\/wp-json\/wp\/v2\/posts\/77013","targetHints":{"allow":["GET"]}}],"collection":[{"href":"https:\/\/www.cofb.org\/ca\/wp-json\/wp\/v2\/posts"}],"about":[{"href":"https:\/\/www.cofb.org\/ca\/wp-json\/wp\/v2\/types\/post"}],"author":[{"embeddable":true,"href":"https:\/\/www.cofb.org\/ca\/wp-json\/wp\/v2\/users\/1"}],"replies":[{"embeddable":true,"href":"https:\/\/www.cofb.org\/ca\/wp-json\/wp\/v2\/comments?post=77013"}],"version-history":[{"count":0,"href":"https:\/\/www.cofb.org\/ca\/wp-json\/wp\/v2\/posts\/77013\/revisions"}],"wp:attachment":[{"href":"https:\/\/www.cofb.org\/ca\/wp-json\/wp\/v2\/media?parent=77013"}],"wp:term":[{"taxonomy":"category","embeddable":true,"href":"https:\/\/www.cofb.org\/ca\/wp-json\/wp\/v2\/categories?post=77013"},{"taxonomy":"post_tag","embeddable":true,"href":"https:\/\/www.cofb.org\/ca\/wp-json\/wp\/v2\/tags?post=77013"}],"curies":[{"name":"wp","href":"https:\/\/api.w.org\/{rel}","templated":true}]}}