{"id":76990,"date":"2022-04-11T16:09:00","date_gmt":"2022-04-11T16:09:00","guid":{"rendered":"https:\/\/novaorg.cofb.net\/2022\/04\/11\/fitoterapia-lesglao-entre-loficina-de-farmacia-i-atencio-primaria-per-mantenir-la-salut-i-prevenir-el-collapse-sanitarifitoterapia-el-eslabon-entre-la-oficina-de-farmacia-y-atencion-primaria-para\/"},"modified":"2022-04-11T16:09:00","modified_gmt":"2022-04-11T16:09:00","slug":"fitoterapia-lesglao-entre-loficina-de-farmacia-i-atencio-primaria-per-mantenir-la-salut-i-prevenir-el-collapse-sanitarifitoterapia-el-eslabon-entre-la-oficina-de-farmacia-y-atencion-primaria-para","status":"publish","type":"post","link":"https:\/\/www.cofb.org\/ca\/2022\/04\/11\/fitoterapia-lesglao-entre-loficina-de-farmacia-i-atencio-primaria-per-mantenir-la-salut-i-prevenir-el-collapse-sanitarifitoterapia-el-eslabon-entre-la-oficina-de-farmacia-y-atencion-primaria-para\/","title":{"rendered":"Fitoter\u00e0pia, l&#8217;esgla\u00f3 entre l&#8217;oficina de farm\u00e0cia i Atenci\u00f3 Prim\u00e0ria per mantenir la salut i prevenir el col\u00b7lapse sanitariFitoterapia, el eslab\u00f3n entre la oficina de farmacia y Atenci\u00f3n Primaria para mantener la salud y prevenir el colapso sanitario"},"content":{"rendered":"<p>\u00a0<\/p>\n<p><strong>\u2022 \u00abLa fitoter\u00e0pia ajuda en aquells pacients per als quals no hi ha opci\u00f3 terap\u00e8utica amb medicaci\u00f3 de s\u00edntesi i els s\u00edmptomes de la qual persisteixen\u201d, exposen metges i farmac\u00e8utics reunits a Infarma Madrid 2022<\/strong><\/p>\n<p><em>Madrid, 11 d&#8217;abril<\/em>. Sabem quina \u00e9s la f\u00f3rmula de l&#8217;\u00e8xit del sector sanitari: el benestar del pacient. Per\u00f2 com s&#8217;aconsegueix aquest benestar optimitzant els recursos? Amb aquesta pregunta va comen\u00e7ar Montse Parada, directora t\u00e8cnica de A. Vogel Espa\u00f1a i doctora en Fitoter\u00e0pia,\u00a0la taula de debat celebrada en el marc d\u2019Infarma Madrid 2022 i en la qual es van posar sobre la taula la import\u00e0ncia de la col\u00b7laboraci\u00f3 entre farmac\u00e8utics i metges d&#8217;Atenci\u00f3 Prim\u00e0ria com a gestors fonamentals del sistema sanitari, aix\u00ed com les \u00faltimes dades sobre fitoter\u00e0pia a farm\u00e0cia i la seva import\u00e0ncia per mantenir la salut de la poblaci\u00f3 al nostre pa\u00eds. \u201cHem d&#8217;aconseguir la col\u00b7laboraci\u00f3 de tots els professionals sanitaris, cadascun en el seu \u00e0mbit. No estem descobrint res nou, per\u00f2 encara estem en un estat molt embrionari pel que fa a la relaci\u00f3 farm\u00e0cia i Atenci\u00f3 Prim\u00e0ria. Sabem que el metge \u00e9s expert a diagnosticar malalties i el farmac\u00e8utic en els seus medicaments per tractar-les. Aquesta interacci\u00f3 \u00e9s beneficiosa i necess\u00e0ria en la fitoter\u00e0pia\u201d, va argumentar Parada.<\/p>\n<p>C\u00e9sar Valera, farmac\u00e8utic i vocal en funcions de Plantes Medicinals del COFM, va destacar l&#8217;experi\u00e8ncia pilot \u201cque porta anys a Madrid i lamentablement no s&#8217;ha implantat en tota la regi\u00f3. L&#8217;Administraci\u00f3 no ha posat tota la carn a la graella. Com per exemple, el centre de salut Daroca, que mant\u00e9 una comunicaci\u00f3 fluida i constant amb totes les farm\u00e0cies (per correu electr\u00f2nic, tel\u00e8fon, WhatsApp\u2026) i gr\u00e0cies a aix\u00f2 solucionem problemes de prescripci\u00f3 i errors en la medicaci\u00f3. Cosa que ha estat fonamental en aquest per\u00edode que ens ha tocat viure de pand\u00e8mia. Aquesta col\u00b7laboraci\u00f3 ha anat creixent i, des del punt de vista de la fitoter\u00e0pia, \u00e9s fonamental perqu\u00e8 sempre recomanem que aquests productes i complements s&#8217;adquireixin al canal farm\u00e0cia, per\u00f2 a vegades al metge no li ho expliquen, per la qual cosa aquesta comunicaci\u00f3 ajuda a evitar les esmentades interaccions o errors\u201d.<\/p>\n<p>Un altre dels punts forts en fitoter\u00e0pia que va destacar Valera \u00e9s la import\u00e0ncia de la divulgaci\u00f3 i la formaci\u00f3 continuada tant de farmac\u00e8utics com dels metges. \u201cFa quatre anys es va fer des del COFM una campanya de divulgaci\u00f3 d&#8217;\u00fas adequat de les plantes medicinals i un dels pilars fonamentals era formar els metges. \u00c9s trist que a les facultats no els ensenyin l&#8217;\u00fas terap\u00e8utic de les plantes medicinals. Amb aquest objectiu, vam iniciar la campanya al costat de professorat de la Universitat Complutense de Madrid (UCM) i personal del COFM. La formaci\u00f3 \u00e9s un pilar fonamental. Cal aprendre sobre farmacologia vegetal, qu\u00edmica farmac\u00e8utica, composici\u00f3 qu\u00edmica, quines s\u00f3n les plantes m\u00e9s utilitzades, les possibles interaccions\u2026 Per aix\u00f2, aquesta col\u00b7laboraci\u00f3 ha crescut en els \u00faltims anys des dels Col\u00b7legis i les societats cient\u00edfiques. Als metges cal formar-los perqu\u00e8 els farmac\u00e8utics, com a especialistes en el medicament i experts en fitoter\u00e0pia, sabem que en patologies menors podem aconsellar plantes medicinals, per\u00f2 si el metge ho coneix tamb\u00e9 ho prescriur\u00e0 i \u00e9s important que les plantes es quedin a la farm\u00e0cia, sota el consell i seguiment del professional sanitari\u201d.<\/p>\n<p>La qual cosa va corroborar Antonio Miguel Mart\u00edn Almendros, metge pediatre i secretari del Grup de Fitoter\u00e0pia Cl\u00ednica de la Societat Espanyola de Metges d&#8217;Atenci\u00f3 Prim\u00e0ria (SEFIT-SEMERGEN): \u201cLa formaci\u00f3 \u00e9s fonamental i hauria d&#8217;institucionalitzar una educaci\u00f3 bidireccional, que es traduir\u00e0 en flu\u00efdesa i estalvi en el sistema sanitari. Hem tingut un dels millors sistemes d&#8217;Europa i s&#8217;est\u00e0 ensorrant. Hem de reestructurar-lo ara que s&#8217;han vist les necessitats reals i la funci\u00f3 del farmac\u00e8utic com a primer contacte amb el pacient. Fa falta implicaci\u00f3 institucional per canalitzar aquesta comunicaci\u00f3\u201d.<\/p>\n<p><strong><u>Protecci\u00f3 del sistema immunitari<\/u><\/strong><\/p>\n<p>Durant la pand\u00e8mia ha estat rellevant preservar la salut del sistema immunol\u00f2gic i la fitoter\u00e0pia juga un paper fonamental en aquest sentit. \u201cCal emprar tractaments efectius que tinguin la menor interacci\u00f3 farmacol\u00f2gica i els menors efectes secundaris. I, per aix\u00f2, podem rec\u00f3rrer a la fitoter\u00e0pia, cada vegada m\u00e9s establerta com reflecteixen estudis cient\u00edfics i assajos cl\u00ednics. Cada vegada m\u00e9s investigacions avalen un \u00fas racional de la fitoter\u00e0pia i hem de tenir-lo en compte a l&#8217;hora de treballar amb els nostres pacients. La fitoter\u00e0pia ajuda en aquells casos per als quals no hi ha opci\u00f3 terap\u00e8utica amb medicaci\u00f3 de s\u00edntesi i els s\u00edmptomes de la qual persisteixen. Amb el compost farmacol\u00f2gic de fitoter\u00e0pia normalment hi ha un abans i un despr\u00e9s en el sistema immunitari i una resoluci\u00f3 de la simptomatologia\u201d, va afirmar Mart\u00edn Almendros.<\/p>\n<p>Per part seva, Valera va afegir que \u201cdurant la pand\u00e8mia s&#8217;ha vist un augment del consum i prescripci\u00f3 de plantes medicinals. Una de les m\u00e9s efectives \u00e9s l\u2019equin\u00e0ncia purp\u00faria, perqu\u00e8 modula el sistema immunitari, i com que les farm\u00e0cies s\u00f3n establiments sanitaris compten amb totes les garanties gal\u00e8niques, legals i t\u00e8cniques que qualsevol medicament\u201d, i va afegir que \u201cel 30% del mercat de les plantes est\u00e0 a la farm\u00e0cia, mentre que a Fran\u00e7a \u00e9s un 80%. Hem crescut molt, per\u00f2 hem de continuar recorrent el cam\u00ed. Juntament amb la formulaci\u00f3 magistral, les plantes medicinals \u00e9s el m\u00e9s genu\u00ed de la farm\u00e0cia\u201d.<\/p>\n<p>\u201cCada vegada hi ha m\u00e9s demanda social per la fitoter\u00e0pia i els complements, per\u00f2 aquest \u00fas ha d&#8217;anar canalitzat per la farm\u00e0cia, perqu\u00e8 si no la gent anir\u00e0 a comprar-la a llocs no fiables ni segurs. Per aix\u00f2 \u00e9s important que hi hagi un professional sanitari, com el farmac\u00e8utic, que el pugui canalitzar\u201d, va concloure Mart\u00edn Almendros.<\/p>\n<p>\u00a0\u2022 \u00abLa fitoter\u00e0pia ajuda en aquells pacients per als quals no hi ha opci\u00f3 terap\u00e8utica amb medicaci\u00f3 de s\u00edntesi i els s\u00edmptomes de la qual persisteixen\u201d, exposen metges i farmac\u00e8utics reunits a Infarma Madrid 2022<\/p>\n<p>Madrid, 11 d&#8217;abril. Sabem quina \u00e9s la f\u00f3rmula de l&#8217;\u00e8xit del sector sanitari: el benestar del pacient. Per\u00f2 com s&#8217;aconsegueix aquest benestar optimitzant els recursos? Amb aquesta pregunta va comen\u00e7ar Montse Parada, directora t\u00e8cnica de A. Vogel Espa\u00f1a i doctora en Fitoter\u00e0pia,\u00a0la taula de debat celebrada en el marc d\u2019Infarma Madrid 2022 i en la qual es van posar sobre la taula la import\u00e0ncia de la col\u00b7laboraci\u00f3 entre farmac\u00e8utics i metges d&#8217;Atenci\u00f3 Prim\u00e0ria com a gestors fonamentals del sistema sanitari, aix\u00ed com les \u00faltimes dades sobre fitoter\u00e0pia a farm\u00e0cia i la seva import\u00e0ncia per mantenir la salut de la poblaci\u00f3 al nostre pa\u00eds. \u201cHem d&#8217;aconseguir la col\u00b7laboraci\u00f3 de tots els professionals sanitaris, cadascun en el seu \u00e0mbit. No estem descobrint res nou, per\u00f2 encara estem en un estat molt embrionari pel que fa a la relaci\u00f3 farm\u00e0cia i Atenci\u00f3 Prim\u00e0ria. Sabem que el metge \u00e9s expert a diagnosticar malalties i el farmac\u00e8utic en els seus medicaments per tractar-les. Aquesta interacci\u00f3 \u00e9s beneficiosa i necess\u00e0ria en la fitoter\u00e0pia\u201d, va argumentar Parada.<\/p>\n<p>C\u00e9sar Valera, farmac\u00e8utic i vocal en funcions de Plantes Medicinals del COFM, va destacar l&#8217;experi\u00e8ncia pilot \u201cque porta anys a Madrid i lamentablement no s&#8217;ha implantat en tota la regi\u00f3. L&#8217;Administraci\u00f3 no ha posat tota la carn a la graella. Com per exemple, el centre de salut Daroca, que mant\u00e9 una comunicaci\u00f3 fluida i constant amb totes les farm\u00e0cies (per correu electr\u00f2nic, tel\u00e8fon, WhatsApp\u2026) i gr\u00e0cies a aix\u00f2 solucionem problemes de prescripci\u00f3 i errors en la medicaci\u00f3. Cosa que ha estat fonamental en aquest per\u00edode que ens ha tocat viure de pand\u00e8mia. Aquesta col\u00b7laboraci\u00f3 ha anat creixent i, des del punt de vista de la fitoter\u00e0pia, \u00e9s fonamental perqu\u00e8 sempre recomanem que aquests productes i complements s&#8217;adquireixin al canal farm\u00e0cia, per\u00f2 a vegades al metge no li ho expliquen, per la qual cosa aquesta comunicaci\u00f3 ajuda a evitar les esmentades interaccions o errors\u201d.<\/p>\n<p>Un altre dels punts forts en fitoter\u00e0pia que va destacar Valera \u00e9s la import\u00e0ncia de la divulgaci\u00f3 i la formaci\u00f3 continuada tant de farmac\u00e8utics com dels metges. \u201cFa quatre anys es va fer des del COFM una campanya de divulgaci\u00f3 d&#8217;\u00fas adequat de les plantes medicinals i un dels pilars fonamentals era formar els metges. \u00c9s trist que a les facultats no els ensenyin l&#8217;\u00fas terap\u00e8utic de les plantes medicinals. Amb aquest objectiu, vam iniciar la campanya al costat de professorat de la Universitat Complutense de Madrid (UCM) i personal del COFM. La formaci\u00f3 \u00e9s un pilar fonamental. Cal aprendre sobre farmacologia vegetal, qu\u00edmica farmac\u00e8utica, composici\u00f3 qu\u00edmica, quines s\u00f3n les plantes m\u00e9s utilitzades, les possibles interaccions\u2026 Per aix\u00f2, aquesta col\u00b7laboraci\u00f3 ha crescut en els \u00faltims anys des dels Col\u00b7legis i les societats cient\u00edfiques. Als metges cal formar-los perqu\u00e8 els farmac\u00e8utics, com a especialistes en el medicament i experts en fitoter\u00e0pia, sabem que en patologies menors podem aconsellar plantes medicinals, per\u00f2 si el metge ho coneix tamb\u00e9 ho prescriur\u00e0 i \u00e9s important que les plantes es quedin a la farm\u00e0cia, sota el consell i seguiment del professional sanitari\u201d.<\/p>\n<p>La qual cosa va corroborar Antonio Miguel Mart\u00edn Almendros, metge pediatre i secretari del Grup de Fitoter\u00e0pia Cl\u00ednica de la Societat Espanyola de Metges d&#8217;Atenci\u00f3 Prim\u00e0ria (SEFIT-SEMERGEN): \u201cLa formaci\u00f3 \u00e9s fonamental i hauria d&#8217;institucionalitzar una educaci\u00f3 bidireccional, que es traduir\u00e0 en flu\u00efdesa i estalvi en el sistema sanitari. Hem tingut un dels millors sistemes d&#8217;Europa i s&#8217;est\u00e0 ensorrant. Hem de reestructurar-lo ara que s&#8217;han vist les necessitats reals i la funci\u00f3 del farmac\u00e8utic com a primer contacte amb el pacient. Fa falta implicaci\u00f3 institucional per canalitzar aquesta comunicaci\u00f3\u201d.<\/p>\n<p>Protecci\u00f3 del sistema immunitari<\/p>\n<p>Durant la pand\u00e8mia ha estat rellevant preservar la salut del sistema immunol\u00f2gic i la fitoter\u00e0pia juga un paper fonamental en aquest sentit. \u201cCal emprar tractaments efectius que tinguin la menor interacci\u00f3 farmacol\u00f2gica i els menors efectes secundaris. I, per aix\u00f2, podem rec\u00f3rrer a la fitoter\u00e0pia, cada vegada m\u00e9s establerta com reflecteixen estudis cient\u00edfics i assajos cl\u00ednics. Cada vegada m\u00e9s investigacions avalen un \u00fas racional de la fitoter\u00e0pia i hem de tenir-lo en compte a l&#8217;hora de treballar amb els nostres pacients. La fitoter\u00e0pia ajuda en aquells casos per als quals no hi ha opci\u00f3 terap\u00e8utica amb medicaci\u00f3 de s\u00edntesi i els s\u00edmptomes de la qual persisteixen. Amb el compost farmacol\u00f2gic de fitoter\u00e0pia normalment hi ha un abans i un despr\u00e9s en el sistema immunitari i una resoluci\u00f3 de la simptomatologia\u201d, va afirmar Mart\u00edn Almendros.<\/p>\n<p>Per part seva, Valera va afegir que \u201cdurant la pand\u00e8mia s&#8217;ha vist un augment del consum i prescripci\u00f3 de plantes medicinals. Una de les m\u00e9s efectives \u00e9s l\u2019equin\u00e0ncia purp\u00faria, perqu\u00e8 modula el sistema immunitari, i com que les farm\u00e0cies s\u00f3n establiments sanitaris compten amb totes les garanties gal\u00e8niques, legals i t\u00e8cniques que qualsevol medicament\u201d, i va afegir que \u201cel 30% del mercat de les plantes est\u00e0 a la farm\u00e0cia, mentre que a Fran\u00e7a \u00e9s un 80%. Hem crescut molt, per\u00f2 hem de continuar recorrent el cam\u00ed. Juntament amb la formulaci\u00f3 magistral, les plantes medicinals \u00e9s el m\u00e9s genu\u00ed de la farm\u00e0cia\u201d.<\/p>\n<p>\u201cCada vegada hi ha m\u00e9s demanda social per la fitoter\u00e0pia i els complements, per\u00f2 aquest \u00fas ha d&#8217;anar canalitzat per la farm\u00e0cia, perqu\u00e8 si no la gent anir\u00e0 a comprar-la a llocs no fiables ni segurs. Per aix\u00f2 \u00e9s important que hi hagi un professional sanitari, com el farmac\u00e8utic, que el pugui canalitzar\u201d, va concloure Mart\u00edn Almendros.\u00a0\u00a0COFB.ORG<\/p>\n","protected":false},"excerpt":{"rendered":"<p>\u00a0 \u2022 \u00abLa fitoter\u00e0pia ajuda en aquells pacients per als quals no hi ha opci\u00f3 terap\u00e8utica amb medicaci\u00f3 de s\u00edntesi i els s\u00edmptomes de la qual persisteixen\u201d, exposen metges i farmac\u00e8utics reunits a Infarma Madrid 2022 Madrid, 11 d&#8217;abril. Sabem quina \u00e9s la f\u00f3rmula de l&#8217;\u00e8xit del sector sanitari: el [&hellip;]<\/p>\n","protected":false},"author":1,"featured_media":0,"comment_status":"","ping_status":"","sticky":false,"template":"","format":"standard","meta":{"_uag_custom_page_level_css":"","site-sidebar-layout":"default","site-content-layout":"","ast-site-content-layout":"default","site-content-style":"default","site-sidebar-style":"default","ast-global-header-display":"","ast-banner-title-visibility":"","ast-main-header-display":"","ast-hfb-above-header-display":"","ast-hfb-below-header-display":"","ast-hfb-mobile-header-display":"","site-post-title":"","ast-breadcrumbs-content":"","ast-featured-img":"disabled","footer-sml-layout":"","theme-transparent-header-meta":"","adv-header-id-meta":"","stick-header-meta":"","header-above-stick-meta":"","header-main-stick-meta":"","header-below-stick-meta":"","astra-migrate-meta-layouts":"default","ast-page-background-enabled":"default","ast-page-background-meta":{"desktop":{"background-color":"var(--ast-global-color-4)","background-image":"","background-repeat":"repeat","background-position":"center center","background-size":"auto","background-attachment":"scroll","background-type":"","background-media":"","overlay-type":"","overlay-color":"","overlay-opacity":"","overlay-gradient":""},"tablet":{"background-color":"","background-image":"","background-repeat":"repeat","background-position":"center center","background-size":"auto","background-attachment":"scroll","background-type":"","background-media":"","overlay-type":"","overlay-color":"","overlay-opacity":"","overlay-gradient":""},"mobile":{"background-color":"","background-image":"","background-repeat":"repeat","background-position":"center center","background-size":"auto","background-attachment":"scroll","background-type":"","background-media":"","overlay-type":"","overlay-color":"","overlay-opacity":"","overlay-gradient":""}},"ast-content-background-meta":{"desktop":{"background-color":"var(--ast-global-color-5)","background-image":"","background-repeat":"repeat","background-position":"center center","background-size":"auto","background-attachment":"scroll","background-type":"","background-media":"","overlay-type":"","overlay-color":"","overlay-opacity":"","overlay-gradient":""},"tablet":{"background-color":"var(--ast-global-color-5)","background-image":"","background-repeat":"repeat","background-position":"center center","background-size":"auto","background-attachment":"scroll","background-type":"","background-media":"","overlay-type":"","overlay-color":"","overlay-opacity":"","overlay-gradient":""},"mobile":{"background-color":"var(--ast-global-color-5)","background-image":"","background-repeat":"repeat","background-position":"center center","background-size":"auto","background-attachment":"scroll","background-type":"","background-media":"","overlay-type":"","overlay-color":"","overlay-opacity":"","overlay-gradient":""}},"footnotes":""},"categories":[1060,1066],"tags":[],"class_list":["post-76990","post","type-post","status-publish","format-standard","hentry","category-notes-premsa","category-sense-categoria-ca"],"yoast_head":"<!-- This site is optimized with the Yoast SEO plugin v22.4 - https:\/\/yoast.com\/wordpress\/plugins\/seo\/ -->\n<title>Fitoter\u00e0pia, l&#039;esgla\u00f3 entre l&#039;oficina de farm\u00e0cia i Atenci\u00f3 Prim\u00e0ria per mantenir la salut i prevenir el col\u00b7lapse sanitariFitoterapia, el eslab\u00f3n entre la oficina de farmacia y Atenci\u00f3n Primaria para mantener la salud y prevenir el colapso sanitario - Col\u00b7legi de Farmac\u00e8utics de Barcelona<\/title>\n<meta name=\"robots\" content=\"index, follow, max-snippet:-1, max-image-preview:large, max-video-preview:-1\" \/>\n<link rel=\"canonical\" href=\"https:\/\/novaorg.cofb.net\/2022\/04\/11\/fitoterapia-lesglao-entre-loficina-de-farmacia-i-atencio-primaria-per-mantenir-la-salut-i-prevenir-el-collapse-sanitarifitoterapia-el-eslabon-entre-la-oficina-de-farmacia-y-atencion-primaria-para\/\" \/>\n<meta property=\"og:locale\" content=\"ca_ES\" \/>\n<meta property=\"og:type\" content=\"article\" \/>\n<meta property=\"og:title\" content=\"Fitoter\u00e0pia, l&#039;esgla\u00f3 entre l&#039;oficina de farm\u00e0cia i Atenci\u00f3 Prim\u00e0ria per mantenir la salut i prevenir el col\u00b7lapse sanitariFitoterapia, el eslab\u00f3n entre la oficina de farmacia y Atenci\u00f3n Primaria para mantener la salud y prevenir el colapso sanitario - Col\u00b7legi de Farmac\u00e8utics de Barcelona\" \/>\n<meta property=\"og:description\" content=\"\u00a0 \u2022 \u00abLa fitoter\u00e0pia ajuda en aquells pacients per als quals no hi ha opci\u00f3 terap\u00e8utica amb medicaci\u00f3 de s\u00edntesi i els s\u00edmptomes de la qual persisteixen\u201d, exposen metges i farmac\u00e8utics reunits a Infarma Madrid 2022 Madrid, 11 d&#8217;abril. Sabem quina \u00e9s la f\u00f3rmula de l&#8217;\u00e8xit del sector sanitari: el [&hellip;]\" \/>\n<meta property=\"og:url\" content=\"https:\/\/novaorg.cofb.net\/2022\/04\/11\/fitoterapia-lesglao-entre-loficina-de-farmacia-i-atencio-primaria-per-mantenir-la-salut-i-prevenir-el-collapse-sanitarifitoterapia-el-eslabon-entre-la-oficina-de-farmacia-y-atencion-primaria-para\/\" \/>\n<meta property=\"og:site_name\" content=\"Col\u00b7legi de Farmac\u00e8utics de Barcelona\" \/>\n<meta property=\"article:publisher\" content=\"https:\/\/www.facebook.com\/farmaceuticsbcn\/\" \/>\n<meta property=\"article:published_time\" content=\"2022-04-11T16:09:00+00:00\" \/>\n<meta name=\"author\" content=\"wpAdminCofbOrg\" \/>\n<meta name=\"twitter:card\" content=\"summary_large_image\" \/>\n<meta name=\"twitter:creator\" content=\"@farmaceuticsbcn\" \/>\n<meta name=\"twitter:site\" content=\"@farmaceuticsbcn\" \/>\n<meta name=\"twitter:label1\" content=\"Escrit per\" \/>\n\t<meta name=\"twitter:data1\" content=\"wpAdminCofbOrg\" \/>\n\t<meta name=\"twitter:label2\" content=\"Temps estimat de lectura\" \/>\n\t<meta name=\"twitter:data2\" content=\"10 minuts\" \/>\n<script type=\"application\/ld+json\" class=\"yoast-schema-graph\">{\"@context\":\"https:\/\/schema.org\",\"@graph\":[{\"@type\":\"Article\",\"@id\":\"https:\/\/novaorg.cofb.net\/2022\/04\/11\/fitoterapia-lesglao-entre-loficina-de-farmacia-i-atencio-primaria-per-mantenir-la-salut-i-prevenir-el-collapse-sanitarifitoterapia-el-eslabon-entre-la-oficina-de-farmacia-y-atencion-primaria-para\/#article\",\"isPartOf\":{\"@id\":\"https:\/\/novaorg.cofb.net\/2022\/04\/11\/fitoterapia-lesglao-entre-loficina-de-farmacia-i-atencio-primaria-per-mantenir-la-salut-i-prevenir-el-collapse-sanitarifitoterapia-el-eslabon-entre-la-oficina-de-farmacia-y-atencion-primaria-para\/\"},\"author\":{\"name\":\"wpAdminCofbOrg\",\"@id\":\"https:\/\/www.cofb.org\/#\/schema\/person\/22ed7eea88da74b0fa4d3154ad87ffcb\"},\"headline\":\"Fitoter\u00e0pia, l&#8217;esgla\u00f3 entre l&#8217;oficina de farm\u00e0cia i Atenci\u00f3 Prim\u00e0ria per mantenir la salut i prevenir el col\u00b7lapse sanitariFitoterapia, el eslab\u00f3n entre la oficina de farmacia y Atenci\u00f3n Primaria para mantener la salud y prevenir el colapso sanitario\",\"datePublished\":\"2022-04-11T16:09:00+00:00\",\"dateModified\":\"2022-04-11T16:09:00+00:00\",\"mainEntityOfPage\":{\"@id\":\"https:\/\/novaorg.cofb.net\/2022\/04\/11\/fitoterapia-lesglao-entre-loficina-de-farmacia-i-atencio-primaria-per-mantenir-la-salut-i-prevenir-el-collapse-sanitarifitoterapia-el-eslabon-entre-la-oficina-de-farmacia-y-atencion-primaria-para\/\"},\"wordCount\":2103,\"publisher\":{\"@id\":\"https:\/\/www.cofb.org\/#organization\"},\"articleSection\":[\"Notes de premsa\"],\"inLanguage\":\"ca\"},{\"@type\":\"WebPage\",\"@id\":\"https:\/\/novaorg.cofb.net\/2022\/04\/11\/fitoterapia-lesglao-entre-loficina-de-farmacia-i-atencio-primaria-per-mantenir-la-salut-i-prevenir-el-collapse-sanitarifitoterapia-el-eslabon-entre-la-oficina-de-farmacia-y-atencion-primaria-para\/\",\"url\":\"https:\/\/novaorg.cofb.net\/2022\/04\/11\/fitoterapia-lesglao-entre-loficina-de-farmacia-i-atencio-primaria-per-mantenir-la-salut-i-prevenir-el-collapse-sanitarifitoterapia-el-eslabon-entre-la-oficina-de-farmacia-y-atencion-primaria-para\/\",\"name\":\"Fitoter\u00e0pia, l'esgla\u00f3 entre l'oficina de farm\u00e0cia i Atenci\u00f3 Prim\u00e0ria per mantenir la salut i prevenir el col\u00b7lapse sanitariFitoterapia, el eslab\u00f3n entre la oficina de farmacia y Atenci\u00f3n Primaria para mantener la salud y prevenir el colapso sanitario - Col\u00b7legi de Farmac\u00e8utics de Barcelona\",\"isPartOf\":{\"@id\":\"https:\/\/www.cofb.org\/#website\"},\"datePublished\":\"2022-04-11T16:09:00+00:00\",\"dateModified\":\"2022-04-11T16:09:00+00:00\",\"breadcrumb\":{\"@id\":\"https:\/\/novaorg.cofb.net\/2022\/04\/11\/fitoterapia-lesglao-entre-loficina-de-farmacia-i-atencio-primaria-per-mantenir-la-salut-i-prevenir-el-collapse-sanitarifitoterapia-el-eslabon-entre-la-oficina-de-farmacia-y-atencion-primaria-para\/#breadcrumb\"},\"inLanguage\":\"ca\",\"potentialAction\":[{\"@type\":\"ReadAction\",\"target\":[\"https:\/\/novaorg.cofb.net\/2022\/04\/11\/fitoterapia-lesglao-entre-loficina-de-farmacia-i-atencio-primaria-per-mantenir-la-salut-i-prevenir-el-collapse-sanitarifitoterapia-el-eslabon-entre-la-oficina-de-farmacia-y-atencion-primaria-para\/\"]}]},{\"@type\":\"BreadcrumbList\",\"@id\":\"https:\/\/novaorg.cofb.net\/2022\/04\/11\/fitoterapia-lesglao-entre-loficina-de-farmacia-i-atencio-primaria-per-mantenir-la-salut-i-prevenir-el-collapse-sanitarifitoterapia-el-eslabon-entre-la-oficina-de-farmacia-y-atencion-primaria-para\/#breadcrumb\",\"itemListElement\":[{\"@type\":\"ListItem\",\"position\":1,\"name\":\"Inici\",\"item\":\"https:\/\/novaorg.cofb.net\/\"},{\"@type\":\"ListItem\",\"position\":2,\"name\":\"Fitoter\u00e0pia, l&#8217;esgla\u00f3 entre l&#8217;oficina de farm\u00e0cia i Atenci\u00f3 Prim\u00e0ria per mantenir la salut i prevenir el col\u00b7lapse sanitariFitoterapia, el eslab\u00f3n entre la oficina de farmacia y Atenci\u00f3n Primaria para mantener la salud y prevenir el colapso sanitario\"}]},{\"@type\":\"WebSite\",\"@id\":\"https:\/\/www.cofb.org\/#website\",\"url\":\"https:\/\/www.cofb.org\/\",\"name\":\"Col\u00b7legi de Farmac\u00e8utics de Barcelona\",\"description\":\"\",\"publisher\":{\"@id\":\"https:\/\/www.cofb.org\/#organization\"},\"potentialAction\":[{\"@type\":\"SearchAction\",\"target\":{\"@type\":\"EntryPoint\",\"urlTemplate\":\"https:\/\/www.cofb.org\/?s={search_term_string}\"},\"query-input\":\"required name=search_term_string\"}],\"inLanguage\":\"ca\"},{\"@type\":\"Organization\",\"@id\":\"https:\/\/www.cofb.org\/#organization\",\"name\":\"Col\u00b7legi de Farmac\u00e8utics de Barcelona\",\"url\":\"https:\/\/www.cofb.org\/\",\"logo\":{\"@type\":\"ImageObject\",\"inLanguage\":\"ca\",\"@id\":\"https:\/\/www.cofb.org\/#\/schema\/logo\/image\/\",\"url\":\"https:\/\/www.cofb.org\/wp-content\/uploads\/2023\/11\/cropped-Logotip-COFB.png\",\"contentUrl\":\"https:\/\/www.cofb.org\/wp-content\/uploads\/2023\/11\/cropped-Logotip-COFB.png\",\"width\":500,\"height\":105,\"caption\":\"Col\u00b7legi de Farmac\u00e8utics de Barcelona\"},\"image\":{\"@id\":\"https:\/\/www.cofb.org\/#\/schema\/logo\/image\/\"},\"sameAs\":[\"https:\/\/www.facebook.com\/farmaceuticsbcn\/\",\"https:\/\/twitter.com\/farmaceuticsbcn\",\"https:\/\/www.instagram.com\/farmaceuticsbcn\/\",\"https:\/\/www.linkedin.com\/company\/farmaceuticsbcn\/\"]},{\"@type\":\"Person\",\"@id\":\"https:\/\/www.cofb.org\/#\/schema\/person\/22ed7eea88da74b0fa4d3154ad87ffcb\",\"name\":\"wpAdminCofbOrg\",\"image\":{\"@type\":\"ImageObject\",\"inLanguage\":\"ca\",\"@id\":\"https:\/\/www.cofb.org\/#\/schema\/person\/image\/\",\"url\":\"https:\/\/secure.gravatar.com\/avatar\/1721b20b3b8ca882c3b56ec6c978c594fff670e40c0718e9190eaeeb76aae7d8?s=96&d=mm&r=g\",\"contentUrl\":\"https:\/\/secure.gravatar.com\/avatar\/1721b20b3b8ca882c3b56ec6c978c594fff670e40c0718e9190eaeeb76aae7d8?s=96&d=mm&r=g\",\"caption\":\"wpAdminCofbOrg\"},\"sameAs\":[\"http:\/\/192.168.64.122\/wordpress\"],\"url\":\"https:\/\/www.cofb.org\/ca\/author\/wpadmincofborg\/\"}]}<\/script>\n<!-- \/ Yoast SEO plugin. -->","yoast_head_json":{"title":"Fitoter\u00e0pia, l'esgla\u00f3 entre l'oficina de farm\u00e0cia i Atenci\u00f3 Prim\u00e0ria per mantenir la salut i prevenir el col\u00b7lapse sanitariFitoterapia, el eslab\u00f3n entre la oficina de farmacia y Atenci\u00f3n Primaria para mantener la salud y prevenir el colapso sanitario - Col\u00b7legi de Farmac\u00e8utics de Barcelona","robots":{"index":"index","follow":"follow","max-snippet":"max-snippet:-1","max-image-preview":"max-image-preview:large","max-video-preview":"max-video-preview:-1"},"canonical":"https:\/\/novaorg.cofb.net\/2022\/04\/11\/fitoterapia-lesglao-entre-loficina-de-farmacia-i-atencio-primaria-per-mantenir-la-salut-i-prevenir-el-collapse-sanitarifitoterapia-el-eslabon-entre-la-oficina-de-farmacia-y-atencion-primaria-para\/","og_locale":"ca_ES","og_type":"article","og_title":"Fitoter\u00e0pia, l'esgla\u00f3 entre l'oficina de farm\u00e0cia i Atenci\u00f3 Prim\u00e0ria per mantenir la salut i prevenir el col\u00b7lapse sanitariFitoterapia, el eslab\u00f3n entre la oficina de farmacia y Atenci\u00f3n Primaria para mantener la salud y prevenir el colapso sanitario - Col\u00b7legi de Farmac\u00e8utics de Barcelona","og_description":"\u00a0 \u2022 \u00abLa fitoter\u00e0pia ajuda en aquells pacients per als quals no hi ha opci\u00f3 terap\u00e8utica amb medicaci\u00f3 de s\u00edntesi i els s\u00edmptomes de la qual persisteixen\u201d, exposen metges i farmac\u00e8utics reunits a Infarma Madrid 2022 Madrid, 11 d&#8217;abril. Sabem quina \u00e9s la f\u00f3rmula de l&#8217;\u00e8xit del sector sanitari: el [&hellip;]","og_url":"https:\/\/novaorg.cofb.net\/2022\/04\/11\/fitoterapia-lesglao-entre-loficina-de-farmacia-i-atencio-primaria-per-mantenir-la-salut-i-prevenir-el-collapse-sanitarifitoterapia-el-eslabon-entre-la-oficina-de-farmacia-y-atencion-primaria-para\/","og_site_name":"Col\u00b7legi de Farmac\u00e8utics de Barcelona","article_publisher":"https:\/\/www.facebook.com\/farmaceuticsbcn\/","article_published_time":"2022-04-11T16:09:00+00:00","author":"wpAdminCofbOrg","twitter_card":"summary_large_image","twitter_creator":"@farmaceuticsbcn","twitter_site":"@farmaceuticsbcn","twitter_misc":{"Escrit per":"wpAdminCofbOrg","Temps estimat de lectura":"10 minuts"},"schema":{"@context":"https:\/\/schema.org","@graph":[{"@type":"Article","@id":"https:\/\/novaorg.cofb.net\/2022\/04\/11\/fitoterapia-lesglao-entre-loficina-de-farmacia-i-atencio-primaria-per-mantenir-la-salut-i-prevenir-el-collapse-sanitarifitoterapia-el-eslabon-entre-la-oficina-de-farmacia-y-atencion-primaria-para\/#article","isPartOf":{"@id":"https:\/\/novaorg.cofb.net\/2022\/04\/11\/fitoterapia-lesglao-entre-loficina-de-farmacia-i-atencio-primaria-per-mantenir-la-salut-i-prevenir-el-collapse-sanitarifitoterapia-el-eslabon-entre-la-oficina-de-farmacia-y-atencion-primaria-para\/"},"author":{"name":"wpAdminCofbOrg","@id":"https:\/\/www.cofb.org\/#\/schema\/person\/22ed7eea88da74b0fa4d3154ad87ffcb"},"headline":"Fitoter\u00e0pia, l&#8217;esgla\u00f3 entre l&#8217;oficina de farm\u00e0cia i Atenci\u00f3 Prim\u00e0ria per mantenir la salut i prevenir el col\u00b7lapse sanitariFitoterapia, el eslab\u00f3n entre la oficina de farmacia y Atenci\u00f3n Primaria para mantener la salud y prevenir el colapso sanitario","datePublished":"2022-04-11T16:09:00+00:00","dateModified":"2022-04-11T16:09:00+00:00","mainEntityOfPage":{"@id":"https:\/\/novaorg.cofb.net\/2022\/04\/11\/fitoterapia-lesglao-entre-loficina-de-farmacia-i-atencio-primaria-per-mantenir-la-salut-i-prevenir-el-collapse-sanitarifitoterapia-el-eslabon-entre-la-oficina-de-farmacia-y-atencion-primaria-para\/"},"wordCount":2103,"publisher":{"@id":"https:\/\/www.cofb.org\/#organization"},"articleSection":["Notes de premsa"],"inLanguage":"ca"},{"@type":"WebPage","@id":"https:\/\/novaorg.cofb.net\/2022\/04\/11\/fitoterapia-lesglao-entre-loficina-de-farmacia-i-atencio-primaria-per-mantenir-la-salut-i-prevenir-el-collapse-sanitarifitoterapia-el-eslabon-entre-la-oficina-de-farmacia-y-atencion-primaria-para\/","url":"https:\/\/novaorg.cofb.net\/2022\/04\/11\/fitoterapia-lesglao-entre-loficina-de-farmacia-i-atencio-primaria-per-mantenir-la-salut-i-prevenir-el-collapse-sanitarifitoterapia-el-eslabon-entre-la-oficina-de-farmacia-y-atencion-primaria-para\/","name":"Fitoter\u00e0pia, l'esgla\u00f3 entre l'oficina de farm\u00e0cia i Atenci\u00f3 Prim\u00e0ria per mantenir la salut i prevenir el col\u00b7lapse sanitariFitoterapia, el eslab\u00f3n entre la oficina de farmacia y Atenci\u00f3n Primaria para mantener la salud y prevenir el colapso sanitario - Col\u00b7legi de Farmac\u00e8utics de Barcelona","isPartOf":{"@id":"https:\/\/www.cofb.org\/#website"},"datePublished":"2022-04-11T16:09:00+00:00","dateModified":"2022-04-11T16:09:00+00:00","breadcrumb":{"@id":"https:\/\/novaorg.cofb.net\/2022\/04\/11\/fitoterapia-lesglao-entre-loficina-de-farmacia-i-atencio-primaria-per-mantenir-la-salut-i-prevenir-el-collapse-sanitarifitoterapia-el-eslabon-entre-la-oficina-de-farmacia-y-atencion-primaria-para\/#breadcrumb"},"inLanguage":"ca","potentialAction":[{"@type":"ReadAction","target":["https:\/\/novaorg.cofb.net\/2022\/04\/11\/fitoterapia-lesglao-entre-loficina-de-farmacia-i-atencio-primaria-per-mantenir-la-salut-i-prevenir-el-collapse-sanitarifitoterapia-el-eslabon-entre-la-oficina-de-farmacia-y-atencion-primaria-para\/"]}]},{"@type":"BreadcrumbList","@id":"https:\/\/novaorg.cofb.net\/2022\/04\/11\/fitoterapia-lesglao-entre-loficina-de-farmacia-i-atencio-primaria-per-mantenir-la-salut-i-prevenir-el-collapse-sanitarifitoterapia-el-eslabon-entre-la-oficina-de-farmacia-y-atencion-primaria-para\/#breadcrumb","itemListElement":[{"@type":"ListItem","position":1,"name":"Inici","item":"https:\/\/novaorg.cofb.net\/"},{"@type":"ListItem","position":2,"name":"Fitoter\u00e0pia, l&#8217;esgla\u00f3 entre l&#8217;oficina de farm\u00e0cia i Atenci\u00f3 Prim\u00e0ria per mantenir la salut i prevenir el col\u00b7lapse sanitariFitoterapia, el eslab\u00f3n entre la oficina de farmacia y Atenci\u00f3n Primaria para mantener la salud y prevenir el colapso sanitario"}]},{"@type":"WebSite","@id":"https:\/\/www.cofb.org\/#website","url":"https:\/\/www.cofb.org\/","name":"Col\u00b7legi de Farmac\u00e8utics de Barcelona","description":"","publisher":{"@id":"https:\/\/www.cofb.org\/#organization"},"potentialAction":[{"@type":"SearchAction","target":{"@type":"EntryPoint","urlTemplate":"https:\/\/www.cofb.org\/?s={search_term_string}"},"query-input":"required name=search_term_string"}],"inLanguage":"ca"},{"@type":"Organization","@id":"https:\/\/www.cofb.org\/#organization","name":"Col\u00b7legi de Farmac\u00e8utics de Barcelona","url":"https:\/\/www.cofb.org\/","logo":{"@type":"ImageObject","inLanguage":"ca","@id":"https:\/\/www.cofb.org\/#\/schema\/logo\/image\/","url":"https:\/\/www.cofb.org\/wp-content\/uploads\/2023\/11\/cropped-Logotip-COFB.png","contentUrl":"https:\/\/www.cofb.org\/wp-content\/uploads\/2023\/11\/cropped-Logotip-COFB.png","width":500,"height":105,"caption":"Col\u00b7legi de Farmac\u00e8utics de Barcelona"},"image":{"@id":"https:\/\/www.cofb.org\/#\/schema\/logo\/image\/"},"sameAs":["https:\/\/www.facebook.com\/farmaceuticsbcn\/","https:\/\/twitter.com\/farmaceuticsbcn","https:\/\/www.instagram.com\/farmaceuticsbcn\/","https:\/\/www.linkedin.com\/company\/farmaceuticsbcn\/"]},{"@type":"Person","@id":"https:\/\/www.cofb.org\/#\/schema\/person\/22ed7eea88da74b0fa4d3154ad87ffcb","name":"wpAdminCofbOrg","image":{"@type":"ImageObject","inLanguage":"ca","@id":"https:\/\/www.cofb.org\/#\/schema\/person\/image\/","url":"https:\/\/secure.gravatar.com\/avatar\/1721b20b3b8ca882c3b56ec6c978c594fff670e40c0718e9190eaeeb76aae7d8?s=96&d=mm&r=g","contentUrl":"https:\/\/secure.gravatar.com\/avatar\/1721b20b3b8ca882c3b56ec6c978c594fff670e40c0718e9190eaeeb76aae7d8?s=96&d=mm&r=g","caption":"wpAdminCofbOrg"},"sameAs":["http:\/\/192.168.64.122\/wordpress"],"url":"https:\/\/www.cofb.org\/ca\/author\/wpadmincofborg\/"}]}},"uagb_featured_image_src":{"full":false,"thumbnail":false,"medium":false,"medium_large":false,"large":false,"1536x1536":false,"2048x2048":false,"trp-custom-language-flag":false},"uagb_author_info":{"display_name":"wpAdminCofbOrg","author_link":"https:\/\/www.cofb.org\/ca\/author\/wpadmincofborg\/"},"uagb_comment_info":0,"uagb_excerpt":"\u00a0 \u2022 \u00abLa fitoter\u00e0pia ajuda en aquells pacients per als quals no hi ha opci\u00f3 terap\u00e8utica amb medicaci\u00f3 de s\u00edntesi i els s\u00edmptomes de la qual persisteixen\u201d, exposen metges i farmac\u00e8utics reunits a Infarma Madrid 2022 Madrid, 11 d&#8217;abril. Sabem quina \u00e9s la f\u00f3rmula de l&#8217;\u00e8xit del sector sanitari: el [&hellip;]","_links":{"self":[{"href":"https:\/\/www.cofb.org\/ca\/wp-json\/wp\/v2\/posts\/76990","targetHints":{"allow":["GET"]}}],"collection":[{"href":"https:\/\/www.cofb.org\/ca\/wp-json\/wp\/v2\/posts"}],"about":[{"href":"https:\/\/www.cofb.org\/ca\/wp-json\/wp\/v2\/types\/post"}],"author":[{"embeddable":true,"href":"https:\/\/www.cofb.org\/ca\/wp-json\/wp\/v2\/users\/1"}],"replies":[{"embeddable":true,"href":"https:\/\/www.cofb.org\/ca\/wp-json\/wp\/v2\/comments?post=76990"}],"version-history":[{"count":0,"href":"https:\/\/www.cofb.org\/ca\/wp-json\/wp\/v2\/posts\/76990\/revisions"}],"wp:attachment":[{"href":"https:\/\/www.cofb.org\/ca\/wp-json\/wp\/v2\/media?parent=76990"}],"wp:term":[{"taxonomy":"category","embeddable":true,"href":"https:\/\/www.cofb.org\/ca\/wp-json\/wp\/v2\/categories?post=76990"},{"taxonomy":"post_tag","embeddable":true,"href":"https:\/\/www.cofb.org\/ca\/wp-json\/wp\/v2\/tags?post=76990"}],"curies":[{"name":"wp","href":"https:\/\/api.w.org\/{rel}","templated":true}]}}