{"id":76964,"date":"2023-02-09T13:29:00","date_gmt":"2023-02-09T13:29:00","guid":{"rendered":"https:\/\/novaorg.cofb.net\/2023\/02\/09\/infarma-barcelona-2023-programa-prop-de-80-sessions-per-donar-resposta-als-desafiaments-de-la-salut-2\/"},"modified":"2024-08-19T12:10:28","modified_gmt":"2024-08-19T12:10:28","slug":"infarma-barcelona-2023-programa-prop-de-80-sessions-per-donar-resposta-als-desafiaments-de-la-salut-2","status":"publish","type":"post","link":"https:\/\/www.cofb.org\/ca\/2023\/02\/09\/infarma-barcelona-2023-programa-prop-de-80-sessions-per-donar-resposta-als-desafiaments-de-la-salut-2\/","title":{"rendered":"Infarma Barcelona 2023 programa prop de 80 sessions per donar resposta als desafiaments de la salut"},"content":{"rendered":"<ul>\n<li>Tant els visitants com els congressistes ja es poden <strong>registrar a la web d&#8217;Infarma<\/strong> per <strong>obtenir l&#8217;acreditaci\u00f3 professional<\/strong>. Aquest any, com a novetat, s&#8217;obrir\u00e0 properament la modalitat <strong>\u201ccongressista virtual\u201d<\/strong> per seguir per streaming les taules d&#8217;actualitat<\/li>\n<li>Durant els tres dies de congr\u00e9s es duran a terme <strong>sis taules d\u2019actualitat<\/strong>, on s\u2019abordaran <strong>diferents temes relacionats amb la farm\u00e0cia<\/strong>, com <strong>l\u2019atenci\u00f3 domicili\u00e0ria, els models retributius en la dispensaci\u00f3 de nous f\u00e0rmacs i serveis i la gesti\u00f3 del medicament entre professionals sanitaris<\/strong><\/li>\n<li>El Comit\u00e8 Cient\u00edfic d&#8217;Infarma Barcelona 2023 ha obert la <strong>convocat\u00f2ria per presentar els p\u00f2sters cient\u00edfics <\/strong>que, <strong>per primer cop<\/strong>, seran en <strong>format digital<\/strong>. Les bases es poden consultar a la web d&#8217;Infarma i el termini finalitza el <strong>19 de febrer<img decoding=\"async\" src=\"https:\/\/www.cofb.org\/documents\/10136\/1120223\/0.COFB_Infarma+2023+pre-programa_09022023_slider.png\/ae50baa7-49f8-477a-b483-dc5ef962588f?t=1675945672981\" alt=\"\" \/><\/strong><\/li>\n<\/ul>\n<p>Ja est\u00e0 <strong>disponible a la web d&#8217;Infarma Barcelona 2023<\/strong> el <a href=\"https:\/\/networking.infarma.es\/es\/schedule\" target=\"_blank\" rel=\"noopener\"><strong>pre-programa <\/strong><\/a>del Congr\u00e9s, que tindr\u00e0 lloc els dies <strong>14, 15 i 16 de mar\u00e7 <\/strong>al recinte <strong>Gran Via de Fira de Barcelona<\/strong> sota el lema <strong>\u201cLa resposta als desafiaments de la salut\u201d<\/strong>. En total, ja hi ha prop de <strong>80 sessions programades<\/strong>, amb <strong>experts de traject\u00f2ria reconeguda<\/strong>, amb l&#8217;objectiu de dotar el Congr\u00e9s de contingut cient\u00edfic per debatre i intercanviar experi\u00e8ncies sobre els grans temes d&#8217;actualitat de la farm\u00e0cia.<\/p>\n<p>Es far\u00e0 a trav\u00e9s de <strong>diferents formats<\/strong>, on es combinaran <strong>taules d&#8217;actualitat, aules professionals, iniciatives d&#8217;\u00e8xit <\/strong>dels Col\u00b7legis de Farmac\u00e8utics espanyols, confer\u00e8ncies sobre <strong>claus de gesti\u00f3<\/strong>, tallers a l&#8217;<strong>Aula \u00c0gora<\/strong> i exposicions sobre les principals novetats del sector les trucades <strong>ExpoNews<\/strong>.<\/p>\n<p>Aix\u00ed mateix, tant els <strong>visitants<\/strong> com els <strong>congressistes <\/strong>ja es poden <a href=\"https:\/\/www.infarma.es\/visitar\/\" target=\"_blank\" rel=\"noopener\"><strong>registrar <\/strong><\/a>a la <strong>web d&#8217;Infarma <\/strong>per obtenir <strong>l&#8217;acreditaci\u00f3 professional <\/strong>del <strong>Congr\u00e9s Europeu d&#8217;Oficina de Farm\u00e0cia<\/strong> i del <strong>Sal\u00f3 de Medicaments i Parafarm\u00e0cia<\/strong>, organitzat pel <strong>Col\u00b7legi de Farmac\u00e8utics de Barcelona (COFB)<\/strong>, el <strong>Col\u00b7legi Oficial de Farmac\u00e8utics de Madrid (COFM)<\/strong> i <strong>Interalia<\/strong>. Aquest any, com a novetat, s&#8217;obrir\u00e0 properament la modalitat <strong>\u201ccongressista virtual\u201d<\/strong> per seguir per <em>streaming <\/em>les taules d&#8217;actualitat.<\/p>\n<p><u><strong>Quins temes es tractaran a les taules d&#8217;actualitat?<\/strong><\/u><\/p>\n<p>Durant els tres dies del Congr\u00e9s es duran a terme <strong>sis taules d\u2019actualitat<\/strong> per intercanviar punts de vista i reflexionar sobre diferents q\u00fcestions relacionades amb la farm\u00e0cia. M\u00e9s concretament, sobre la <strong>digitalitzaci\u00f3, el rol assistencial del farmac\u00e8utic i la coordinaci\u00f3 entre diferents nivells assistencials<\/strong>, s&#8217;organitzaran tres taules: la primera, <strong>\u201cLa digitalitzaci\u00f3 i la seva influ\u00e8ncia en els processos de l&#8217;oficina de farm\u00e0cia\u201d<\/strong>; la segona,<strong> \u201cPlataformes de registre de serveis assistencials: On hem arribat i on ens dirigim?\u201d<\/strong>; i una tercera, titulada <strong>\u201cGesti\u00f3 del medicament entre professionals sanitaris: recepta electr\u00f2nica i sistemes de comunicaci\u00f3\u201d<\/strong>.<\/p>\n<p>Una altra taula d&#8217;actualitat destacada ser\u00e0 <strong>\u201cAtenci\u00f3 domicili\u00e0ria i farm\u00e0cia comunit\u00e0ria Qu\u00e8, qui, com i per qu\u00e8?\u201d<\/strong>, que representa un dels grans reptes del sector per cobrir les necessitats dels pacients que no es poden despla\u00e7ar a la farm\u00e0cia. D&#8217;altra banda, es debatr\u00e0 sobre el model de prestaci\u00f3 de serveis farmac\u00e8utics a <strong>\u201cModels retributius en la dispensaci\u00f3 de nous f\u00e0rmacs i serveis\u201d<\/strong>, i en relaci\u00f3 amb els serveis, tamb\u00e9 s&#8217;abordar\u00e0 la <strong>\u201cPrestaci\u00f3 de serveis professionals. Costos i beneficis\u201d<\/strong>.<\/p>\n<p><u><strong>Oberta la convocat\u00f2ria per presentar els e-p\u00f2sters cient\u00edfics<\/strong><\/u><\/p>\n<p>El <strong>Comit\u00e8 Cient\u00edfic d&#8217;Infarma Barcelona 2023<\/strong> ha obert la convocat\u00f2ria per presentar els <strong>p\u00f2sters cient\u00edfics<\/strong> que, per <strong>primer cop<\/strong>, seran en <strong>format digital<\/strong>, mitjan\u00e7ant pantalles interactives, prescindint aix\u00ed de l&#8217;\u00fas del paper. Per participar en la nova edici\u00f3 dels p\u00f2sters cient\u00edfics, els farmac\u00e8utics poden presentar els <strong>resums dels p\u00f2sters<\/strong> fins al <strong>19 de febrer<\/strong>, segons les <a href=\"https:\/\/www.infarma.es\/posteres-normativa\/\" target=\"_blank\" rel=\"noopener\"><strong>bases de participaci\u00f3<\/strong><\/a> que es poden consultar a la web d&#8217;Infarma. Posteriorment, el Comit\u00e8 Cient\u00edfic seleccionar\u00e0 aquells resums que seran defensats a Infarma, entre els quals <strong>es premiaran els tres millors<\/strong> amb una dotaci\u00f3 econ\u00f2mica de 2.000 euros, 1.500 euros i 1.000 euros.<\/p>\n<p>Amb la pres\u00e8ncia d&#8217;aquests treballs al Congr\u00e9s, un any m\u00e9s Infarma promou un <strong>espai d&#8217;intercanvi d&#8217;informaci\u00f3<\/strong> i, alhora, pret\u00e9n <strong>incentivar i estimular la recerca<\/strong> convidant els professionals farmac\u00e8utics, en grups de treball o amb iniciatives particulars, participar i compartir amb els assistents els seus <strong>treballs i experi\u00e8ncies cient\u00edfiques i professionals<\/strong>.<\/p>\n","protected":false},"excerpt":{"rendered":"<p>Tant els visitants com els congressistes ja es poden registrar a la web d&#8217;Infarma per obtenir l&#8217;acreditaci\u00f3 professional. Aquest any, com a novetat, s&#8217;obrir\u00e0 properament la modalitat \u201ccongressista virtual\u201d per seguir per streaming les taules d&#8217;actualitat Durant els tres dies de congr\u00e9s es duran a terme sis taules d\u2019actualitat, on [&hellip;]<\/p>\n","protected":false},"author":1,"featured_media":67749,"comment_status":"closed","ping_status":"closed","sticky":false,"template":"","format":"aside","meta":{"_uag_custom_page_level_css":"","site-sidebar-layout":"default","site-content-layout":"","ast-site-content-layout":"default","site-content-style":"default","site-sidebar-style":"default","ast-global-header-display":"","ast-banner-title-visibility":"","ast-main-header-display":"","ast-hfb-above-header-display":"","ast-hfb-below-header-display":"","ast-hfb-mobile-header-display":"","site-post-title":"","ast-breadcrumbs-content":"","ast-featured-img":"disabled","footer-sml-layout":"","theme-transparent-header-meta":"","adv-header-id-meta":"","stick-header-meta":"","header-above-stick-meta":"","header-main-stick-meta":"","header-below-stick-meta":"","astra-migrate-meta-layouts":"set","ast-page-background-enabled":"default","ast-page-background-meta":{"desktop":{"background-color":"var(--ast-global-color-4)","background-image":"","background-repeat":"repeat","background-position":"center center","background-size":"auto","background-attachment":"scroll","background-type":"","background-media":"","overlay-type":"","overlay-color":"","overlay-opacity":"","overlay-gradient":""},"tablet":{"background-color":"","background-image":"","background-repeat":"repeat","background-position":"center center","background-size":"auto","background-attachment":"scroll","background-type":"","background-media":"","overlay-type":"","overlay-color":"","overlay-opacity":"","overlay-gradient":""},"mobile":{"background-color":"","background-image":"","background-repeat":"repeat","background-position":"center center","background-size":"auto","background-attachment":"scroll","background-type":"","background-media":"","overlay-type":"","overlay-color":"","overlay-opacity":"","overlay-gradient":""}},"ast-content-background-meta":{"desktop":{"background-color":"var(--ast-global-color-5)","background-image":"","background-repeat":"repeat","background-position":"center center","background-size":"auto","background-attachment":"scroll","background-type":"","background-media":"","overlay-type":"","overlay-color":"","overlay-opacity":"","overlay-gradient":""},"tablet":{"background-color":"var(--ast-global-color-5)","background-image":"","background-repeat":"repeat","background-position":"center center","background-size":"auto","background-attachment":"scroll","background-type":"","background-media":"","overlay-type":"","overlay-color":"","overlay-opacity":"","overlay-gradient":""},"mobile":{"background-color":"var(--ast-global-color-5)","background-image":"","background-repeat":"repeat","background-position":"center center","background-size":"auto","background-attachment":"scroll","background-type":"","background-media":"","overlay-type":"","overlay-color":"","overlay-opacity":"","overlay-gradient":""}},"footnotes":""},"categories":[1060],"tags":[],"class_list":["post-76964","post","type-post","status-publish","format-aside","has-post-thumbnail","hentry","category-notes-premsa","post_format-post-format-aside"],"yoast_head":"<!-- This site is optimized with the Yoast SEO plugin v22.4 - https:\/\/yoast.com\/wordpress\/plugins\/seo\/ -->\n<title>Infarma Barcelona 2023 programa prop de 80 sessions per donar resposta als desafiaments de la salut - Col\u00b7legi de Farmac\u00e8utics de Barcelona<\/title>\n<meta name=\"robots\" content=\"index, follow, max-snippet:-1, max-image-preview:large, max-video-preview:-1\" \/>\n<link rel=\"canonical\" href=\"https:\/\/www.cofb.org\/ca\/2023\/02\/09\/infarma-barcelona-2023-programa-prop-de-80-sessions-per-donar-resposta-als-desafiaments-de-la-salut-2\/\" \/>\n<meta property=\"og:locale\" content=\"ca_ES\" \/>\n<meta property=\"og:type\" content=\"article\" \/>\n<meta property=\"og:title\" content=\"Infarma Barcelona 2023 programa prop de 80 sessions per donar resposta als desafiaments de la salut - Col\u00b7legi de Farmac\u00e8utics de Barcelona\" \/>\n<meta property=\"og:description\" content=\"Tant els visitants com els congressistes ja es poden registrar a la web d&#8217;Infarma per obtenir l&#8217;acreditaci\u00f3 professional. Aquest any, com a novetat, s&#8217;obrir\u00e0 properament la modalitat \u201ccongressista virtual\u201d per seguir per streaming les taules d&#8217;actualitat Durant els tres dies de congr\u00e9s es duran a terme sis taules d\u2019actualitat, on [&hellip;]\" \/>\n<meta property=\"og:url\" content=\"https:\/\/www.cofb.org\/ca\/2023\/02\/09\/infarma-barcelona-2023-programa-prop-de-80-sessions-per-donar-resposta-als-desafiaments-de-la-salut-2\/\" \/>\n<meta property=\"og:site_name\" content=\"Col\u00b7legi de Farmac\u00e8utics de Barcelona\" \/>\n<meta property=\"article:publisher\" content=\"https:\/\/www.facebook.com\/farmaceuticsbcn\/\" \/>\n<meta property=\"article:published_time\" content=\"2023-02-09T13:29:00+00:00\" \/>\n<meta property=\"article:modified_time\" content=\"2024-08-19T12:10:28+00:00\" \/>\n<meta property=\"og:image\" content=\"https:\/\/www.cofb.org\/wp-content\/uploads\/2023\/07\/INFARMA-2023-1024x576-1.png\" \/>\n\t<meta property=\"og:image:width\" content=\"1024\" \/>\n\t<meta property=\"og:image:height\" content=\"576\" \/>\n\t<meta property=\"og:image:type\" content=\"image\/png\" \/>\n<meta name=\"author\" content=\"wpAdminCofbOrg\" \/>\n<meta name=\"twitter:card\" content=\"summary_large_image\" \/>\n<meta name=\"twitter:creator\" content=\"@farmaceuticsbcn\" \/>\n<meta name=\"twitter:site\" content=\"@farmaceuticsbcn\" \/>\n<meta name=\"twitter:label1\" content=\"Escrit per\" \/>\n\t<meta name=\"twitter:data1\" content=\"wpAdminCofbOrg\" \/>\n\t<meta name=\"twitter:label2\" content=\"Temps estimat de lectura\" \/>\n\t<meta name=\"twitter:data2\" content=\"4 minuts\" \/>\n<script type=\"application\/ld+json\" class=\"yoast-schema-graph\">{\"@context\":\"https:\/\/schema.org\",\"@graph\":[{\"@type\":\"Article\",\"@id\":\"https:\/\/www.cofb.org\/2023\/02\/09\/infarma-barcelona-2023-programa-prop-de-80-sessions-per-donar-resposta-als-desafiaments-de-la-salut-2\/#article\",\"isPartOf\":{\"@id\":\"https:\/\/www.cofb.org\/2023\/02\/09\/infarma-barcelona-2023-programa-prop-de-80-sessions-per-donar-resposta-als-desafiaments-de-la-salut-2\/\"},\"author\":{\"name\":\"wpAdminCofbOrg\",\"@id\":\"https:\/\/www.cofb.org\/#\/schema\/person\/22ed7eea88da74b0fa4d3154ad87ffcb\"},\"headline\":\"Infarma Barcelona 2023 programa prop de 80 sessions per donar resposta als desafiaments de la salut\",\"datePublished\":\"2023-02-09T13:29:00+00:00\",\"dateModified\":\"2024-08-19T12:10:28+00:00\",\"mainEntityOfPage\":{\"@id\":\"https:\/\/www.cofb.org\/2023\/02\/09\/infarma-barcelona-2023-programa-prop-de-80-sessions-per-donar-resposta-als-desafiaments-de-la-salut-2\/\"},\"wordCount\":740,\"publisher\":{\"@id\":\"https:\/\/www.cofb.org\/#organization\"},\"image\":{\"@id\":\"https:\/\/www.cofb.org\/2023\/02\/09\/infarma-barcelona-2023-programa-prop-de-80-sessions-per-donar-resposta-als-desafiaments-de-la-salut-2\/#primaryimage\"},\"thumbnailUrl\":\"https:\/\/www.cofb.org\/wp-content\/uploads\/2023\/07\/INFARMA-2023-1024x576-1.png\",\"articleSection\":[\"Notes de premsa\"],\"inLanguage\":\"ca\"},{\"@type\":\"WebPage\",\"@id\":\"https:\/\/www.cofb.org\/2023\/02\/09\/infarma-barcelona-2023-programa-prop-de-80-sessions-per-donar-resposta-als-desafiaments-de-la-salut-2\/\",\"url\":\"https:\/\/www.cofb.org\/2023\/02\/09\/infarma-barcelona-2023-programa-prop-de-80-sessions-per-donar-resposta-als-desafiaments-de-la-salut-2\/\",\"name\":\"Infarma Barcelona 2023 programa prop de 80 sessions per donar resposta als desafiaments de la salut - Col\u00b7legi de Farmac\u00e8utics de Barcelona\",\"isPartOf\":{\"@id\":\"https:\/\/www.cofb.org\/#website\"},\"primaryImageOfPage\":{\"@id\":\"https:\/\/www.cofb.org\/2023\/02\/09\/infarma-barcelona-2023-programa-prop-de-80-sessions-per-donar-resposta-als-desafiaments-de-la-salut-2\/#primaryimage\"},\"image\":{\"@id\":\"https:\/\/www.cofb.org\/2023\/02\/09\/infarma-barcelona-2023-programa-prop-de-80-sessions-per-donar-resposta-als-desafiaments-de-la-salut-2\/#primaryimage\"},\"thumbnailUrl\":\"https:\/\/www.cofb.org\/wp-content\/uploads\/2023\/07\/INFARMA-2023-1024x576-1.png\",\"datePublished\":\"2023-02-09T13:29:00+00:00\",\"dateModified\":\"2024-08-19T12:10:28+00:00\",\"breadcrumb\":{\"@id\":\"https:\/\/www.cofb.org\/2023\/02\/09\/infarma-barcelona-2023-programa-prop-de-80-sessions-per-donar-resposta-als-desafiaments-de-la-salut-2\/#breadcrumb\"},\"inLanguage\":\"ca\",\"potentialAction\":[{\"@type\":\"ReadAction\",\"target\":[\"https:\/\/www.cofb.org\/2023\/02\/09\/infarma-barcelona-2023-programa-prop-de-80-sessions-per-donar-resposta-als-desafiaments-de-la-salut-2\/\"]}]},{\"@type\":\"ImageObject\",\"inLanguage\":\"ca\",\"@id\":\"https:\/\/www.cofb.org\/2023\/02\/09\/infarma-barcelona-2023-programa-prop-de-80-sessions-per-donar-resposta-als-desafiaments-de-la-salut-2\/#primaryimage\",\"url\":\"https:\/\/www.cofb.org\/wp-content\/uploads\/2023\/07\/INFARMA-2023-1024x576-1.png\",\"contentUrl\":\"https:\/\/www.cofb.org\/wp-content\/uploads\/2023\/07\/INFARMA-2023-1024x576-1.png\",\"width\":1024,\"height\":576},{\"@type\":\"BreadcrumbList\",\"@id\":\"https:\/\/www.cofb.org\/2023\/02\/09\/infarma-barcelona-2023-programa-prop-de-80-sessions-per-donar-resposta-als-desafiaments-de-la-salut-2\/#breadcrumb\",\"itemListElement\":[{\"@type\":\"ListItem\",\"position\":1,\"name\":\"Inici\",\"item\":\"https:\/\/novaorg.cofb.net\/\"},{\"@type\":\"ListItem\",\"position\":2,\"name\":\"Infarma Barcelona 2023 programa prop de 80 sessions per donar resposta als desafiaments de la salut\"}]},{\"@type\":\"WebSite\",\"@id\":\"https:\/\/www.cofb.org\/#website\",\"url\":\"https:\/\/www.cofb.org\/\",\"name\":\"Col\u00b7legi de Farmac\u00e8utics de Barcelona\",\"description\":\"\",\"publisher\":{\"@id\":\"https:\/\/www.cofb.org\/#organization\"},\"potentialAction\":[{\"@type\":\"SearchAction\",\"target\":{\"@type\":\"EntryPoint\",\"urlTemplate\":\"https:\/\/www.cofb.org\/?s={search_term_string}\"},\"query-input\":\"required name=search_term_string\"}],\"inLanguage\":\"ca\"},{\"@type\":\"Organization\",\"@id\":\"https:\/\/www.cofb.org\/#organization\",\"name\":\"Col\u00b7legi de Farmac\u00e8utics de Barcelona\",\"url\":\"https:\/\/www.cofb.org\/\",\"logo\":{\"@type\":\"ImageObject\",\"inLanguage\":\"ca\",\"@id\":\"https:\/\/www.cofb.org\/#\/schema\/logo\/image\/\",\"url\":\"https:\/\/www.cofb.org\/wp-content\/uploads\/2023\/11\/cropped-Logotip-COFB.png\",\"contentUrl\":\"https:\/\/www.cofb.org\/wp-content\/uploads\/2023\/11\/cropped-Logotip-COFB.png\",\"width\":500,\"height\":105,\"caption\":\"Col\u00b7legi de Farmac\u00e8utics de Barcelona\"},\"image\":{\"@id\":\"https:\/\/www.cofb.org\/#\/schema\/logo\/image\/\"},\"sameAs\":[\"https:\/\/www.facebook.com\/farmaceuticsbcn\/\",\"https:\/\/twitter.com\/farmaceuticsbcn\",\"https:\/\/www.instagram.com\/farmaceuticsbcn\/\",\"https:\/\/www.linkedin.com\/company\/farmaceuticsbcn\/\"]},{\"@type\":\"Person\",\"@id\":\"https:\/\/www.cofb.org\/#\/schema\/person\/22ed7eea88da74b0fa4d3154ad87ffcb\",\"name\":\"wpAdminCofbOrg\",\"image\":{\"@type\":\"ImageObject\",\"inLanguage\":\"ca\",\"@id\":\"https:\/\/www.cofb.org\/#\/schema\/person\/image\/\",\"url\":\"https:\/\/secure.gravatar.com\/avatar\/1721b20b3b8ca882c3b56ec6c978c594fff670e40c0718e9190eaeeb76aae7d8?s=96&d=mm&r=g\",\"contentUrl\":\"https:\/\/secure.gravatar.com\/avatar\/1721b20b3b8ca882c3b56ec6c978c594fff670e40c0718e9190eaeeb76aae7d8?s=96&d=mm&r=g\",\"caption\":\"wpAdminCofbOrg\"},\"sameAs\":[\"http:\/\/192.168.64.122\/wordpress\"],\"url\":\"https:\/\/www.cofb.org\/ca\/author\/wpadmincofborg\/\"}]}<\/script>\n<!-- \/ Yoast SEO plugin. -->","yoast_head_json":{"title":"Infarma Barcelona 2023 programa prop de 80 sessions per donar resposta als desafiaments de la salut - Col\u00b7legi de Farmac\u00e8utics de Barcelona","robots":{"index":"index","follow":"follow","max-snippet":"max-snippet:-1","max-image-preview":"max-image-preview:large","max-video-preview":"max-video-preview:-1"},"canonical":"https:\/\/www.cofb.org\/ca\/2023\/02\/09\/infarma-barcelona-2023-programa-prop-de-80-sessions-per-donar-resposta-als-desafiaments-de-la-salut-2\/","og_locale":"ca_ES","og_type":"article","og_title":"Infarma Barcelona 2023 programa prop de 80 sessions per donar resposta als desafiaments de la salut - Col\u00b7legi de Farmac\u00e8utics de Barcelona","og_description":"Tant els visitants com els congressistes ja es poden registrar a la web d&#8217;Infarma per obtenir l&#8217;acreditaci\u00f3 professional. Aquest any, com a novetat, s&#8217;obrir\u00e0 properament la modalitat \u201ccongressista virtual\u201d per seguir per streaming les taules d&#8217;actualitat Durant els tres dies de congr\u00e9s es duran a terme sis taules d\u2019actualitat, on [&hellip;]","og_url":"https:\/\/www.cofb.org\/ca\/2023\/02\/09\/infarma-barcelona-2023-programa-prop-de-80-sessions-per-donar-resposta-als-desafiaments-de-la-salut-2\/","og_site_name":"Col\u00b7legi de Farmac\u00e8utics de Barcelona","article_publisher":"https:\/\/www.facebook.com\/farmaceuticsbcn\/","article_published_time":"2023-02-09T13:29:00+00:00","article_modified_time":"2024-08-19T12:10:28+00:00","og_image":[{"width":1024,"height":576,"url":"https:\/\/www.cofb.org\/wp-content\/uploads\/2023\/07\/INFARMA-2023-1024x576-1.png","type":"image\/png"}],"author":"wpAdminCofbOrg","twitter_card":"summary_large_image","twitter_creator":"@farmaceuticsbcn","twitter_site":"@farmaceuticsbcn","twitter_misc":{"Escrit per":"wpAdminCofbOrg","Temps estimat de lectura":"4 minuts"},"schema":{"@context":"https:\/\/schema.org","@graph":[{"@type":"Article","@id":"https:\/\/www.cofb.org\/2023\/02\/09\/infarma-barcelona-2023-programa-prop-de-80-sessions-per-donar-resposta-als-desafiaments-de-la-salut-2\/#article","isPartOf":{"@id":"https:\/\/www.cofb.org\/2023\/02\/09\/infarma-barcelona-2023-programa-prop-de-80-sessions-per-donar-resposta-als-desafiaments-de-la-salut-2\/"},"author":{"name":"wpAdminCofbOrg","@id":"https:\/\/www.cofb.org\/#\/schema\/person\/22ed7eea88da74b0fa4d3154ad87ffcb"},"headline":"Infarma Barcelona 2023 programa prop de 80 sessions per donar resposta als desafiaments de la salut","datePublished":"2023-02-09T13:29:00+00:00","dateModified":"2024-08-19T12:10:28+00:00","mainEntityOfPage":{"@id":"https:\/\/www.cofb.org\/2023\/02\/09\/infarma-barcelona-2023-programa-prop-de-80-sessions-per-donar-resposta-als-desafiaments-de-la-salut-2\/"},"wordCount":740,"publisher":{"@id":"https:\/\/www.cofb.org\/#organization"},"image":{"@id":"https:\/\/www.cofb.org\/2023\/02\/09\/infarma-barcelona-2023-programa-prop-de-80-sessions-per-donar-resposta-als-desafiaments-de-la-salut-2\/#primaryimage"},"thumbnailUrl":"https:\/\/www.cofb.org\/wp-content\/uploads\/2023\/07\/INFARMA-2023-1024x576-1.png","articleSection":["Notes de premsa"],"inLanguage":"ca"},{"@type":"WebPage","@id":"https:\/\/www.cofb.org\/2023\/02\/09\/infarma-barcelona-2023-programa-prop-de-80-sessions-per-donar-resposta-als-desafiaments-de-la-salut-2\/","url":"https:\/\/www.cofb.org\/2023\/02\/09\/infarma-barcelona-2023-programa-prop-de-80-sessions-per-donar-resposta-als-desafiaments-de-la-salut-2\/","name":"Infarma Barcelona 2023 programa prop de 80 sessions per donar resposta als desafiaments de la salut - Col\u00b7legi de Farmac\u00e8utics de Barcelona","isPartOf":{"@id":"https:\/\/www.cofb.org\/#website"},"primaryImageOfPage":{"@id":"https:\/\/www.cofb.org\/2023\/02\/09\/infarma-barcelona-2023-programa-prop-de-80-sessions-per-donar-resposta-als-desafiaments-de-la-salut-2\/#primaryimage"},"image":{"@id":"https:\/\/www.cofb.org\/2023\/02\/09\/infarma-barcelona-2023-programa-prop-de-80-sessions-per-donar-resposta-als-desafiaments-de-la-salut-2\/#primaryimage"},"thumbnailUrl":"https:\/\/www.cofb.org\/wp-content\/uploads\/2023\/07\/INFARMA-2023-1024x576-1.png","datePublished":"2023-02-09T13:29:00+00:00","dateModified":"2024-08-19T12:10:28+00:00","breadcrumb":{"@id":"https:\/\/www.cofb.org\/2023\/02\/09\/infarma-barcelona-2023-programa-prop-de-80-sessions-per-donar-resposta-als-desafiaments-de-la-salut-2\/#breadcrumb"},"inLanguage":"ca","potentialAction":[{"@type":"ReadAction","target":["https:\/\/www.cofb.org\/2023\/02\/09\/infarma-barcelona-2023-programa-prop-de-80-sessions-per-donar-resposta-als-desafiaments-de-la-salut-2\/"]}]},{"@type":"ImageObject","inLanguage":"ca","@id":"https:\/\/www.cofb.org\/2023\/02\/09\/infarma-barcelona-2023-programa-prop-de-80-sessions-per-donar-resposta-als-desafiaments-de-la-salut-2\/#primaryimage","url":"https:\/\/www.cofb.org\/wp-content\/uploads\/2023\/07\/INFARMA-2023-1024x576-1.png","contentUrl":"https:\/\/www.cofb.org\/wp-content\/uploads\/2023\/07\/INFARMA-2023-1024x576-1.png","width":1024,"height":576},{"@type":"BreadcrumbList","@id":"https:\/\/www.cofb.org\/2023\/02\/09\/infarma-barcelona-2023-programa-prop-de-80-sessions-per-donar-resposta-als-desafiaments-de-la-salut-2\/#breadcrumb","itemListElement":[{"@type":"ListItem","position":1,"name":"Inici","item":"https:\/\/novaorg.cofb.net\/"},{"@type":"ListItem","position":2,"name":"Infarma Barcelona 2023 programa prop de 80 sessions per donar resposta als desafiaments de la salut"}]},{"@type":"WebSite","@id":"https:\/\/www.cofb.org\/#website","url":"https:\/\/www.cofb.org\/","name":"Col\u00b7legi de Farmac\u00e8utics de Barcelona","description":"","publisher":{"@id":"https:\/\/www.cofb.org\/#organization"},"potentialAction":[{"@type":"SearchAction","target":{"@type":"EntryPoint","urlTemplate":"https:\/\/www.cofb.org\/?s={search_term_string}"},"query-input":"required name=search_term_string"}],"inLanguage":"ca"},{"@type":"Organization","@id":"https:\/\/www.cofb.org\/#organization","name":"Col\u00b7legi de Farmac\u00e8utics de Barcelona","url":"https:\/\/www.cofb.org\/","logo":{"@type":"ImageObject","inLanguage":"ca","@id":"https:\/\/www.cofb.org\/#\/schema\/logo\/image\/","url":"https:\/\/www.cofb.org\/wp-content\/uploads\/2023\/11\/cropped-Logotip-COFB.png","contentUrl":"https:\/\/www.cofb.org\/wp-content\/uploads\/2023\/11\/cropped-Logotip-COFB.png","width":500,"height":105,"caption":"Col\u00b7legi de Farmac\u00e8utics de Barcelona"},"image":{"@id":"https:\/\/www.cofb.org\/#\/schema\/logo\/image\/"},"sameAs":["https:\/\/www.facebook.com\/farmaceuticsbcn\/","https:\/\/twitter.com\/farmaceuticsbcn","https:\/\/www.instagram.com\/farmaceuticsbcn\/","https:\/\/www.linkedin.com\/company\/farmaceuticsbcn\/"]},{"@type":"Person","@id":"https:\/\/www.cofb.org\/#\/schema\/person\/22ed7eea88da74b0fa4d3154ad87ffcb","name":"wpAdminCofbOrg","image":{"@type":"ImageObject","inLanguage":"ca","@id":"https:\/\/www.cofb.org\/#\/schema\/person\/image\/","url":"https:\/\/secure.gravatar.com\/avatar\/1721b20b3b8ca882c3b56ec6c978c594fff670e40c0718e9190eaeeb76aae7d8?s=96&d=mm&r=g","contentUrl":"https:\/\/secure.gravatar.com\/avatar\/1721b20b3b8ca882c3b56ec6c978c594fff670e40c0718e9190eaeeb76aae7d8?s=96&d=mm&r=g","caption":"wpAdminCofbOrg"},"sameAs":["http:\/\/192.168.64.122\/wordpress"],"url":"https:\/\/www.cofb.org\/ca\/author\/wpadmincofborg\/"}]}},"uagb_featured_image_src":{"full":["https:\/\/www.cofb.org\/wp-content\/uploads\/2023\/07\/INFARMA-2023-1024x576-1.png",1024,576,false],"thumbnail":["https:\/\/www.cofb.org\/wp-content\/uploads\/2023\/07\/INFARMA-2023-1024x576-1-150x150.png",150,150,true],"medium":["https:\/\/www.cofb.org\/wp-content\/uploads\/2023\/07\/INFARMA-2023-1024x576-1-300x169.png",300,169,true],"medium_large":["https:\/\/www.cofb.org\/wp-content\/uploads\/2023\/07\/INFARMA-2023-1024x576-1-768x432.png",768,432,true],"large":["https:\/\/www.cofb.org\/wp-content\/uploads\/2023\/07\/INFARMA-2023-1024x576-1.png",1024,576,false],"1536x1536":["https:\/\/www.cofb.org\/wp-content\/uploads\/2023\/07\/INFARMA-2023-1024x576-1.png",1024,576,false],"2048x2048":["https:\/\/www.cofb.org\/wp-content\/uploads\/2023\/07\/INFARMA-2023-1024x576-1.png",1024,576,false],"trp-custom-language-flag":["https:\/\/www.cofb.org\/wp-content\/uploads\/2023\/07\/INFARMA-2023-1024x576-1.png",18,10,false]},"uagb_author_info":{"display_name":"wpAdminCofbOrg","author_link":"https:\/\/www.cofb.org\/ca\/author\/wpadmincofborg\/"},"uagb_comment_info":0,"uagb_excerpt":"Tant els visitants com els congressistes ja es poden registrar a la web d&#8217;Infarma per obtenir l&#8217;acreditaci\u00f3 professional. Aquest any, com a novetat, s&#8217;obrir\u00e0 properament la modalitat \u201ccongressista virtual\u201d per seguir per streaming les taules d&#8217;actualitat Durant els tres dies de congr\u00e9s es duran a terme sis taules d\u2019actualitat, on [&hellip;]","_links":{"self":[{"href":"https:\/\/www.cofb.org\/ca\/wp-json\/wp\/v2\/posts\/76964","targetHints":{"allow":["GET"]}}],"collection":[{"href":"https:\/\/www.cofb.org\/ca\/wp-json\/wp\/v2\/posts"}],"about":[{"href":"https:\/\/www.cofb.org\/ca\/wp-json\/wp\/v2\/types\/post"}],"author":[{"embeddable":true,"href":"https:\/\/www.cofb.org\/ca\/wp-json\/wp\/v2\/users\/1"}],"replies":[{"embeddable":true,"href":"https:\/\/www.cofb.org\/ca\/wp-json\/wp\/v2\/comments?post=76964"}],"version-history":[{"count":2,"href":"https:\/\/www.cofb.org\/ca\/wp-json\/wp\/v2\/posts\/76964\/revisions"}],"predecessor-version":[{"id":79269,"href":"https:\/\/www.cofb.org\/ca\/wp-json\/wp\/v2\/posts\/76964\/revisions\/79269"}],"wp:featuredmedia":[{"embeddable":true,"href":"https:\/\/www.cofb.org\/ca\/wp-json\/wp\/v2\/media\/67749"}],"wp:attachment":[{"href":"https:\/\/www.cofb.org\/ca\/wp-json\/wp\/v2\/media?parent=76964"}],"wp:term":[{"taxonomy":"category","embeddable":true,"href":"https:\/\/www.cofb.org\/ca\/wp-json\/wp\/v2\/categories?post=76964"},{"taxonomy":"post_tag","embeddable":true,"href":"https:\/\/www.cofb.org\/ca\/wp-json\/wp\/v2\/tags?post=76964"}],"curies":[{"name":"wp","href":"https:\/\/api.w.org\/{rel}","templated":true}]}}