{"id":76940,"date":"2023-03-20T10:45:00","date_gmt":"2023-03-20T10:45:00","guid":{"rendered":"https:\/\/novaorg.cofb.net\/2023\/03\/20\/la-obesidad-y-el-sobrepeso-una-pandemia-mundial-que-se-ha-convertido-en-uno-de-los-principales-problemas-de-salud-publica\/"},"modified":"2024-04-05T11:18:07","modified_gmt":"2024-04-05T11:18:07","slug":"la-obesidad-y-el-sobrepeso-una-pandemia-mundial-que-se-ha-convertido-en-uno-de-los-principales-problemas-de-salud-publica","status":"publish","type":"post","link":"https:\/\/www.cofb.org\/ca\/2023\/03\/20\/la-obesidad-y-el-sobrepeso-una-pandemia-mundial-que-se-ha-convertido-en-uno-de-los-principales-problemas-de-salud-publica\/","title":{"rendered":"La obesidad y el sobrepeso, una pandemia mundial que se ha convertido en uno de los principales problemas de salud p\u00fablica"},"content":{"rendered":"<p>\u00a0<\/p>\n<ul>\n<li>Seg\u00fan datos del estudio PASOS 2022, uno de cada tres ni\u00f1os en Espa\u00f1a de entre 8 y 16 a\u00f1os vive con obesidad o sobrepeso<\/li>\n<li>Ha habido un deterioro en los h\u00e1bitos de salud de la poblaci\u00f3n infantil, as\u00ed como en su bienestar psicol\u00f3gico; un 32,2% de ni\u00f1os y ni\u00f1as han declarado sentirse tristes o infelices<\/li>\n<li>Los expertos han impulsado diferentes estrategias desde el gobierno y otras instituciones para abordar la problem\u00e1tica, como el Plan integral para la promoci\u00f3n de la salud mediante la actividad f\u00edsica y la alimentaci\u00f3n saludable (PAAS) en Catalu\u00f1a<\/li>\n<\/ul>\n<p><img decoding=\"async\" alt=\"\" src=\"https:\/\/www.cofb.org\/documents\/10136\/1091470\/COFB_INFARMA_OBESITAT_20032023.jpg\/867ba040-f20c-46ec-9c98-e106438e6c62?t=1679305649572\"><\/p>\n<p>\u201cSeg\u00fan la Uni\u00f3n Europea, la <strong>obesidad <\/strong>es una pandemia mundial. <strong>No ha sido tan de golpe ni agresiva como la COVID-19, pero lleva a\u00f1os produci\u00e9ndose, y hemos llegado a unos niveles preocupantes, por lo que se ha convertido en uno de los principales problemas de salud p\u00fablica actuales\u201d. <\/strong>Con estas palabras defini\u00f3 <strong>Anna Bocio<\/strong>, subdirectora General de Promoci\u00f3 de la Salut de la Generalitat de Catalunya, el impacto de la obesidad y el sobrepeso en la poblaci\u00f3n. Fue en el marco del aula profesional de <strong>Infarma Barcelona 2023 \u201cH\u00e1bitos saludables, el problema de la obesidad\u201d<\/strong>, celebrada el pasado 15 de marzo y moderada por <strong>Anna Bach<\/strong>, vocal de Alimentaci\u00f3n y Nutrici\u00f3n del Col\u00b7legi de Farmac\u00e8utics de Barcelona (COFB).<\/p>\n<p>Uno de cada tres ni\u00f1os en Espa\u00f1a de entre 8 y 16 a\u00f1os vive con obesidad o sobrepeso; es decir, un 33,4%. De estos, el 21,6% presenta sobrepeso y el 11,8% obesidad, tal como muestran los datos del estudio PASOS 2022, coordinado por la Gasol Foundation. <strong>\u201cLo que m\u00e1s nos alarma es que de este porcentaje de obesidad, un 1,5% es obesidad severa\u201d<\/strong>, explic\u00f3 Paula Berruezo, coordinadora t\u00e9cnica de investigaci\u00f3n y programas de Gasol Foundation.<\/p>\n<p><u><strong>Deterioro en los h\u00e1bitos de salud de la poblaci\u00f3n infantil<\/strong><\/u><\/p>\n<p>El estudio muestra tambi\u00e9n que desde el 2019 al 2022, ha habido un deterioro en los h\u00e1bitos de salud de la poblaci\u00f3n infantil, tanto en alimentaci\u00f3n, horas de sue\u00f1o, y cumplimiento de la actividad f\u00edsica, as\u00ed como se ha incrementado el uso de pantallas.<strong> \u201cHay un valor que nos alarma, especialmente, que es el del bienestar psicol\u00f3gico. En el 2019, un 19,9% de ni\u00f1os de entre 8 y 16 a\u00f1os declaraban sentirse tristes o infelices, y ahora en el 2022 este porcentaje ha subido a un 32,2%\u201d<\/strong>, declar\u00f3 Berruezo.\u00a0<\/p>\n<p>Anna Bocio quiso resaltar que dos de cada tres adultos y uno de cada tres ni\u00f1os presenta problemas de sobrepeso u obesidad en Europa, \u201cy no existe ning\u00fan pa\u00eds de la UE ni a nivel mundial que haya conseguido bajar estos niveles, lo cual es muy preocupante\u201d. Seg\u00fan Bocio<strong> \u201cnos encontramos lejos de revertir la situaci\u00f3n, al contrario, estamos incrementando el problema y tenemos que actuar de manera global\u201d<\/strong>. La experta tambi\u00e9n se\u00f1al\u00f3 que la obesidad viene determinada por m\u00faltiples factores que est\u00e1n fuera del sistema sanitario. \u201cPor ejemplo, los datos que tenemos en Catalu\u00f1a indican que en aquellas \u00e1reas donde el nivel socioecon\u00f3mico es m\u00e1s alto, la prevalencia de obesidad infantil es 9 veces inferior que en aquellos barrios o zonas en las que el nivel socioecon\u00f3mico es m\u00e1s bajo\u201d.\u00a0<\/p>\n<p><u><strong>El papel de la farmacia comunitaria<\/strong><\/u><\/p>\n<p>Desde el punto de vista de la farmacia comunitaria,<strong> Felipe Monzo<\/strong>, vocal auton\u00f3mico de Alimentaci\u00f3n de Andaluc\u00eda, explic\u00f3 que <strong>en el 2016, desde la provincia de C\u00e1diz, se impuls\u00f3 una iniciativa a trav\u00e9s de 150 farmacias para hacer un diagn\u00f3stico de la situaci\u00f3n y promover h\u00e1bitos saludables.<\/strong> Los resultados concordaban con los estudios mencionados, y 1 de cada 3 ni\u00f1os mostr\u00f3 padecer un exceso de peso, especialmente en la franja de 5 a 9 a\u00f1os. \u201cUn dato curioso es que el 90% de padres con hijos que padec\u00edan sobrepeso opinaban que el ni\u00f1o presentaba un peso normal; mientras que el 40% de padres con hijos que padec\u00edan obesidad, tambi\u00e9n cre\u00edan que su ni\u00f1o se encontraba en un peso est\u00e1ndar\u201d.\u00a0<\/p>\n<p>\u201cLa obesidad es una enfermedad cr\u00f3nica, no se cura, se controla; y desde la farmacia tenemos que estar encima de este problema de salud\u201d, indic\u00f3 Monzo.<strong> \u201cTenemos un establecimiento sanitario muy pr\u00f3ximo, y por eso desde la vocal\u00eda estamos intentando sensibilizar a los farmac\u00e9uticos comunitarios\u201d.<\/strong><\/p>\n<p><u><strong>Iniciativas y estrategias coordinadas para combatir el sobrepeso y la obesidad<\/strong><\/u><\/p>\n<p>Tras realizar un exhaustivo an\u00e1lisis de la situaci\u00f3n, los expertos abordaron diferentes medidas estructurales que est\u00e1n llevando a cabo desde sus \u00e1reas para combatir la problem\u00e1tica. Los ponentes coincidieron en que <strong>existen determinantes sociales y econ\u00f3micos, as\u00ed como entornos obesog\u00e9nicos, que facilitan los malos h\u00e1bitos alimenticios, convirtiendo la obesidad en un problema colectivo y no individual.\u00a0<\/strong><\/p>\n<p>Paula Berruezo, inici\u00f3 explicando el trabajo que ejecutan desde Gasol Fundation, con el objetivo de reducir las cifras de obesidad infantil a trav\u00e9s de la realizaci\u00f3n de estudios observacionales, como el mencionado PASOS 2022, y la intervenci\u00f3n directa con los ni\u00f1os y sus familias, a trav\u00e9s de la educaci\u00f3n. <strong>\u201cEs importante para nosotros despertar la ilusi\u00f3n y motivaci\u00f3n de los ni\u00f1os y ni\u00f1as, a trav\u00e9s del trabajo en red con sectores clave de la comunidad, como entidades sociales o deportivas\u201d<\/strong>, afirm\u00f3 la experta.<\/p>\n<p>Anna Bocio, por su parte, explic\u00f3 que <strong>desde la salud p\u00fablica han desarrollado el Plan integral para la promoci\u00f3n de la salud mediante la actividad f\u00edsica y la alimentaci\u00f3n saludable (PAAS)<\/strong>, alineado con los objetivos de la OMS. Esta estrategia forma a la ciudadan\u00eda para corresponsabilizarse de manera informada de su propia salud, y facilita los entornos saludables. En este contexto, han elaborado la <strong>gu\u00eda \u201cPeque\u00f1os cambios para comer mejor\u201d<\/strong>; han impulsado un <strong>programa de revisi\u00f3n de men\u00fas escolares<\/strong>; y junto a otros departamentos, han puesto en marcha el <strong>impuesto a las bebidas azucaradas<\/strong> para promover el consumo de productos m\u00e1s saludables.<\/p>\n<p>\u00a0Seg\u00fan datos del estudio PASOS 2022, uno de cada tres ni\u00f1os en Espa\u00f1a de entre 8 y 16 a\u00f1os vive con obesidad o sobrepeso<br \/>\n\tHa habido un deterioro en los h\u00e1bitos de salud de la poblaci\u00f3n infantil, as\u00ed como en su bienestar psicol\u00f3gico; un 32,2% de ni\u00f1os y ni\u00f1as han declarado sentirse tristes o infelices<br \/>\n\tLos expertos han impulsado diferentes estrategias desde el gobierno y otras instituciones para abordar la problem\u00e1tica, como el Plan integral para la promoci\u00f3n de la salud mediante la actividad f\u00edsica y la alimentaci\u00f3n saludable (PAAS) en Catalu\u00f1a<\/p>\n<p>\u201cSeg\u00fan la Uni\u00f3n Europea, la obesidad es una pandemia mundial. No ha sido tan de golpe ni agresiva como la COVID-19, pero lleva a\u00f1os produci\u00e9ndose, y hemos llegado a unos niveles preocupantes, por lo que se ha convertido en uno de los principales problemas de salud p\u00fablica actuales\u201d. Con estas palabras defini\u00f3 Anna Bocio, subdirectora General de Promoci\u00f3 de la Salut de la Generalitat de Catalunya, el impacto de la obesidad y el sobrepeso en la poblaci\u00f3n. Fue en el marco del aula profesional de Infarma Barcelona 2023 \u201cH\u00e1bitos saludables, el problema de la obesidad\u201d, celebrada el pasado 15 de marzo y moderada por Anna Bach, vocal de Alimentaci\u00f3n y Nutrici\u00f3n del Col\u00b7legi de Farmac\u00e8utics de Barcelona (COFB).<\/p>\n<p>Uno de cada tres ni\u00f1os en Espa\u00f1a de entre 8 y 16 a\u00f1os vive con obesidad o sobrepeso; es decir, un 33,4%. De estos, el 21,6% presenta sobrepeso y el 11,8% obesidad, tal como muestran los datos del estudio PASOS 2022, coordinado por la Gasol Foundation. \u201cLo que m\u00e1s nos alarma es que de este porcentaje de obesidad, un 1,5% es obesidad severa\u201d, explic\u00f3 Paula Berruezo, coordinadora t\u00e9cnica de investigaci\u00f3n y programas de Gasol Foundation.<\/p>\n<p>Deterioro en los h\u00e1bitos de salud de la poblaci\u00f3n infantil<\/p>\n<p>El estudio muestra tambi\u00e9n que desde el 2019 al 2022, ha habido un deterioro en los h\u00e1bitos de salud de la poblaci\u00f3n infantil, tanto en alimentaci\u00f3n, horas de sue\u00f1o, y cumplimiento de la actividad f\u00edsica, as\u00ed como se ha incrementado el uso de pantallas. \u201cHay un valor que nos alarma, especialmente, que es el del bienestar psicol\u00f3gico. En el 2019, un 19,9% de ni\u00f1os de entre 8 y 16 a\u00f1os declaraban sentirse tristes o infelices, y ahora en el 2022 este porcentaje ha subido a un 32,2%\u201d, declar\u00f3 Berruezo.\u00a0<\/p>\n<p>Anna Bocio quiso resaltar que dos de cada tres adultos y uno de cada tres ni\u00f1os presenta problemas de sobrepeso u obesidad en Europa, \u201cy no existe ning\u00fan pa\u00eds de la UE ni a nivel mundial que haya conseguido bajar estos niveles, lo cual es muy preocupante\u201d. Seg\u00fan Bocio \u201cnos encontramos lejos de revertir la situaci\u00f3n, al contrario, estamos incrementando el problema y tenemos que actuar de manera global\u201d. La experta tambi\u00e9n se\u00f1al\u00f3 que la obesidad viene determinada por m\u00faltiples factores que est\u00e1n fuera del sistema sanitario. \u201cPor ejemplo, los datos que tenemos en Catalu\u00f1a indican que en aquellas \u00e1reas donde el nivel socioecon\u00f3mico es m\u00e1s alto, la prevalencia de obesidad infantil es 9 veces inferior que en aquellos barrios o zonas en las que el nivel socioecon\u00f3mico es m\u00e1s bajo\u201d.\u00a0<\/p>\n<p>El papel de la farmacia comunitaria<\/p>\n<p>Desde el punto de vista de la farmacia comunitaria, Felipe Monzo, vocal auton\u00f3mico de Alimentaci\u00f3n de Andaluc\u00eda, explic\u00f3 que en el 2016, desde la provincia de C\u00e1diz, se impuls\u00f3 una iniciativa a trav\u00e9s de 150 farmacias para hacer un diagn\u00f3stico de la situaci\u00f3n y promover h\u00e1bitos saludables. Los resultados concordaban con los estudios mencionados, y 1 de cada 3 ni\u00f1os mostr\u00f3 padecer un exceso de peso, especialmente en la franja de 5 a 9 a\u00f1os. \u201cUn dato curioso es que el 90% de padres con hijos que padec\u00edan sobrepeso opinaban que el ni\u00f1o presentaba un peso normal; mientras que el 40% de padres con hijos que padec\u00edan obesidad, tambi\u00e9n cre\u00edan que su ni\u00f1o se encontraba en un peso est\u00e1ndar\u201d.\u00a0<\/p>\n<p>\u201cLa obesidad es una enfermedad cr\u00f3nica, no se cura, se controla; y desde la farmacia tenemos que estar encima de este problema de salud\u201d, indic\u00f3 Monzo. \u201cTenemos un establecimiento sanitario muy pr\u00f3ximo, y por eso desde la vocal\u00eda estamos intentando sensibilizar a los farmac\u00e9uticos comunitarios\u201d.<\/p>\n<p>Iniciativas y estrategias coordinadas para combatir el sobrepeso y la obesidad<\/p>\n<p>Tras realizar un exhaustivo an\u00e1lisis de la situaci\u00f3n, los expertos abordaron diferentes medidas estructurales que est\u00e1n llevando a cabo desde sus \u00e1reas para combatir la problem\u00e1tica. Los ponentes coincidieron en que existen determinantes sociales y econ\u00f3micos, as\u00ed como entornos obesog\u00e9nicos, que facilitan los malos h\u00e1bitos alimenticios, convirtiendo la obesidad en un problema colectivo y no individual.\u00a0<\/p>\n<p>Paula Berruezo, inici\u00f3 explicando el trabajo que ejecutan desde Gasol Fundation, con el objetivo de reducir las cifras de obesidad infantil a trav\u00e9s de la realizaci\u00f3n de estudios observacionales, como el mencionado PASOS 2022, y la intervenci\u00f3n directa con los ni\u00f1os y sus familias, a trav\u00e9s de la educaci\u00f3n. \u201cEs importante para nosotros despertar la ilusi\u00f3n y motivaci\u00f3n de los ni\u00f1os y ni\u00f1as, a trav\u00e9s del trabajo en red con sectores clave de la comunidad, como entidades sociales o deportivas\u201d, afirm\u00f3 la experta.<\/p>\n<p>Anna Bocio, por su parte, explic\u00f3 que desde la salud p\u00fablica han desarrollado el Plan integral para la promoci\u00f3n de la salud mediante la actividad f\u00edsica y la alimentaci\u00f3n saludable (PAAS), alineado con los objetivos de la OMS. Esta estrategia forma a la ciudadan\u00eda para corresponsabilizarse de manera informada de su propia salud, y facilita los entornos saludables. En este contexto, han elaborado la gu\u00eda \u201cPeque\u00f1os cambios para comer mejor\u201d; han impulsado un programa de revisi\u00f3n de men\u00fas escolares; y junto a otros departamentos, han puesto en marcha el impuesto a las bebidas azucaradas para promover el consumo de productos m\u00e1s saludables.\u00a0\u00a0COFB.ORG<\/p>\n","protected":false},"excerpt":{"rendered":"<p>\u00a0 Seg\u00fan datos del estudio PASOS 2022, uno de cada tres ni\u00f1os en Espa\u00f1a de entre 8 y 16 a\u00f1os vive con obesidad o sobrepeso Ha habido un deterioro en los h\u00e1bitos de salud de la poblaci\u00f3n infantil, as\u00ed como en su bienestar psicol\u00f3gico; un 32,2% de ni\u00f1os y ni\u00f1as [&hellip;]<\/p>\n","protected":false},"author":1,"featured_media":76941,"comment_status":"closed","ping_status":"closed","sticky":false,"template":"","format":"aside","meta":{"_uag_custom_page_level_css":"","site-sidebar-layout":"default","site-content-layout":"","ast-site-content-layout":"default","site-content-style":"default","site-sidebar-style":"default","ast-global-header-display":"","ast-banner-title-visibility":"","ast-main-header-display":"","ast-hfb-above-header-display":"","ast-hfb-below-header-display":"","ast-hfb-mobile-header-display":"","site-post-title":"","ast-breadcrumbs-content":"","ast-featured-img":"disabled","footer-sml-layout":"","theme-transparent-header-meta":"","adv-header-id-meta":"","stick-header-meta":"","header-above-stick-meta":"","header-main-stick-meta":"","header-below-stick-meta":"","astra-migrate-meta-layouts":"set","ast-page-background-enabled":"default","ast-page-background-meta":{"desktop":{"background-color":"var(--ast-global-color-4)","background-image":"","background-repeat":"repeat","background-position":"center center","background-size":"auto","background-attachment":"scroll","background-type":"","background-media":"","overlay-type":"","overlay-color":"","overlay-opacity":"","overlay-gradient":""},"tablet":{"background-color":"","background-image":"","background-repeat":"repeat","background-position":"center center","background-size":"auto","background-attachment":"scroll","background-type":"","background-media":"","overlay-type":"","overlay-color":"","overlay-opacity":"","overlay-gradient":""},"mobile":{"background-color":"","background-image":"","background-repeat":"repeat","background-position":"center center","background-size":"auto","background-attachment":"scroll","background-type":"","background-media":"","overlay-type":"","overlay-color":"","overlay-opacity":"","overlay-gradient":""}},"ast-content-background-meta":{"desktop":{"background-color":"var(--ast-global-color-5)","background-image":"","background-repeat":"repeat","background-position":"center center","background-size":"auto","background-attachment":"scroll","background-type":"","background-media":"","overlay-type":"","overlay-color":"","overlay-opacity":"","overlay-gradient":""},"tablet":{"background-color":"var(--ast-global-color-5)","background-image":"","background-repeat":"repeat","background-position":"center center","background-size":"auto","background-attachment":"scroll","background-type":"","background-media":"","overlay-type":"","overlay-color":"","overlay-opacity":"","overlay-gradient":""},"mobile":{"background-color":"var(--ast-global-color-5)","background-image":"","background-repeat":"repeat","background-position":"center center","background-size":"auto","background-attachment":"scroll","background-type":"","background-media":"","overlay-type":"","overlay-color":"","overlay-opacity":"","overlay-gradient":""}},"footnotes":""},"categories":[1060],"tags":[],"class_list":["post-76940","post","type-post","status-publish","format-aside","has-post-thumbnail","hentry","category-notes-premsa","post_format-post-format-aside"],"yoast_head":"<!-- This site is optimized with the Yoast SEO plugin v22.4 - https:\/\/yoast.com\/wordpress\/plugins\/seo\/ -->\n<title>La obesidad y el sobrepeso, una pandemia mundial que se ha convertido en uno de los principales problemas de salud p\u00fablica - Col\u00b7legi de Farmac\u00e8utics de Barcelona<\/title>\n<meta name=\"robots\" content=\"index, follow, max-snippet:-1, max-image-preview:large, max-video-preview:-1\" \/>\n<link rel=\"canonical\" href=\"https:\/\/novaorg.cofb.net\/2023\/03\/20\/la-obesidad-y-el-sobrepeso-una-pandemia-mundial-que-se-ha-convertido-en-uno-de-los-principales-problemas-de-salud-publica\/\" \/>\n<meta property=\"og:locale\" content=\"ca_ES\" \/>\n<meta property=\"og:type\" content=\"article\" \/>\n<meta property=\"og:title\" content=\"La obesidad y el sobrepeso, una pandemia mundial que se ha convertido en uno de los principales problemas de salud p\u00fablica - Col\u00b7legi de Farmac\u00e8utics de Barcelona\" \/>\n<meta property=\"og:description\" content=\"\u00a0 Seg\u00fan datos del estudio PASOS 2022, uno de cada tres ni\u00f1os en Espa\u00f1a de entre 8 y 16 a\u00f1os vive con obesidad o sobrepeso Ha habido un deterioro en los h\u00e1bitos de salud de la poblaci\u00f3n infantil, as\u00ed como en su bienestar psicol\u00f3gico; un 32,2% de ni\u00f1os y ni\u00f1as [&hellip;]\" \/>\n<meta property=\"og:url\" content=\"https:\/\/novaorg.cofb.net\/2023\/03\/20\/la-obesidad-y-el-sobrepeso-una-pandemia-mundial-que-se-ha-convertido-en-uno-de-los-principales-problemas-de-salud-publica\/\" \/>\n<meta property=\"og:site_name\" content=\"Col\u00b7legi de Farmac\u00e8utics de Barcelona\" \/>\n<meta property=\"article:publisher\" content=\"https:\/\/www.facebook.com\/farmaceuticsbcn\/\" \/>\n<meta property=\"article:published_time\" content=\"2023-03-20T10:45:00+00:00\" \/>\n<meta property=\"article:modified_time\" content=\"2024-04-05T11:18:07+00:00\" \/>\n<meta property=\"og:image\" content=\"https:\/\/novaorg.cofb.net\/wp-content\/uploads\/2023\/03\/867ba040-f20c-46ec-9c98-e106438e6c62-OsJjBK.jpeg\" \/>\n\t<meta property=\"og:image:width\" content=\"1181\" \/>\n\t<meta property=\"og:image:height\" content=\"788\" \/>\n\t<meta property=\"og:image:type\" content=\"image\/jpeg\" \/>\n<meta name=\"author\" content=\"wpAdminCofbOrg\" \/>\n<meta name=\"twitter:card\" content=\"summary_large_image\" \/>\n<meta name=\"twitter:creator\" content=\"@farmaceuticsbcn\" \/>\n<meta name=\"twitter:site\" content=\"@farmaceuticsbcn\" \/>\n<meta name=\"twitter:label1\" content=\"Escrit per\" \/>\n\t<meta name=\"twitter:data1\" content=\"wpAdminCofbOrg\" \/>\n\t<meta name=\"twitter:label2\" content=\"Temps estimat de lectura\" \/>\n\t<meta name=\"twitter:data2\" content=\"11 minuts\" \/>\n<script type=\"application\/ld+json\" class=\"yoast-schema-graph\">{\"@context\":\"https:\/\/schema.org\",\"@graph\":[{\"@type\":\"Article\",\"@id\":\"https:\/\/novaorg.cofb.net\/2023\/03\/20\/la-obesidad-y-el-sobrepeso-una-pandemia-mundial-que-se-ha-convertido-en-uno-de-los-principales-problemas-de-salud-publica\/#article\",\"isPartOf\":{\"@id\":\"https:\/\/novaorg.cofb.net\/2023\/03\/20\/la-obesidad-y-el-sobrepeso-una-pandemia-mundial-que-se-ha-convertido-en-uno-de-los-principales-problemas-de-salud-publica\/\"},\"author\":{\"name\":\"wpAdminCofbOrg\",\"@id\":\"https:\/\/www.cofb.org\/#\/schema\/person\/22ed7eea88da74b0fa4d3154ad87ffcb\"},\"headline\":\"La obesidad y el sobrepeso, una pandemia mundial que se ha convertido en uno de los principales problemas de salud p\u00fablica\",\"datePublished\":\"2023-03-20T10:45:00+00:00\",\"dateModified\":\"2024-04-05T11:18:07+00:00\",\"mainEntityOfPage\":{\"@id\":\"https:\/\/novaorg.cofb.net\/2023\/03\/20\/la-obesidad-y-el-sobrepeso-una-pandemia-mundial-que-se-ha-convertido-en-uno-de-los-principales-problemas-de-salud-publica\/\"},\"wordCount\":2046,\"publisher\":{\"@id\":\"https:\/\/www.cofb.org\/#organization\"},\"image\":{\"@id\":\"https:\/\/novaorg.cofb.net\/2023\/03\/20\/la-obesidad-y-el-sobrepeso-una-pandemia-mundial-que-se-ha-convertido-en-uno-de-los-principales-problemas-de-salud-publica\/#primaryimage\"},\"thumbnailUrl\":\"https:\/\/www.cofb.org\/wp-content\/uploads\/2023\/03\/867ba040-f20c-46ec-9c98-e106438e6c62-OsJjBK.jpeg\",\"articleSection\":[\"Notes de premsa\"],\"inLanguage\":\"ca\"},{\"@type\":\"WebPage\",\"@id\":\"https:\/\/novaorg.cofb.net\/2023\/03\/20\/la-obesidad-y-el-sobrepeso-una-pandemia-mundial-que-se-ha-convertido-en-uno-de-los-principales-problemas-de-salud-publica\/\",\"url\":\"https:\/\/novaorg.cofb.net\/2023\/03\/20\/la-obesidad-y-el-sobrepeso-una-pandemia-mundial-que-se-ha-convertido-en-uno-de-los-principales-problemas-de-salud-publica\/\",\"name\":\"La obesidad y el sobrepeso, una pandemia mundial que se ha convertido en uno de los principales problemas de salud p\u00fablica - Col\u00b7legi de Farmac\u00e8utics de Barcelona\",\"isPartOf\":{\"@id\":\"https:\/\/www.cofb.org\/#website\"},\"primaryImageOfPage\":{\"@id\":\"https:\/\/novaorg.cofb.net\/2023\/03\/20\/la-obesidad-y-el-sobrepeso-una-pandemia-mundial-que-se-ha-convertido-en-uno-de-los-principales-problemas-de-salud-publica\/#primaryimage\"},\"image\":{\"@id\":\"https:\/\/novaorg.cofb.net\/2023\/03\/20\/la-obesidad-y-el-sobrepeso-una-pandemia-mundial-que-se-ha-convertido-en-uno-de-los-principales-problemas-de-salud-publica\/#primaryimage\"},\"thumbnailUrl\":\"https:\/\/www.cofb.org\/wp-content\/uploads\/2023\/03\/867ba040-f20c-46ec-9c98-e106438e6c62-OsJjBK.jpeg\",\"datePublished\":\"2023-03-20T10:45:00+00:00\",\"dateModified\":\"2024-04-05T11:18:07+00:00\",\"breadcrumb\":{\"@id\":\"https:\/\/novaorg.cofb.net\/2023\/03\/20\/la-obesidad-y-el-sobrepeso-una-pandemia-mundial-que-se-ha-convertido-en-uno-de-los-principales-problemas-de-salud-publica\/#breadcrumb\"},\"inLanguage\":\"ca\",\"potentialAction\":[{\"@type\":\"ReadAction\",\"target\":[\"https:\/\/novaorg.cofb.net\/2023\/03\/20\/la-obesidad-y-el-sobrepeso-una-pandemia-mundial-que-se-ha-convertido-en-uno-de-los-principales-problemas-de-salud-publica\/\"]}]},{\"@type\":\"ImageObject\",\"inLanguage\":\"ca\",\"@id\":\"https:\/\/novaorg.cofb.net\/2023\/03\/20\/la-obesidad-y-el-sobrepeso-una-pandemia-mundial-que-se-ha-convertido-en-uno-de-los-principales-problemas-de-salud-publica\/#primaryimage\",\"url\":\"https:\/\/www.cofb.org\/wp-content\/uploads\/2023\/03\/867ba040-f20c-46ec-9c98-e106438e6c62-OsJjBK.jpeg\",\"contentUrl\":\"https:\/\/www.cofb.org\/wp-content\/uploads\/2023\/03\/867ba040-f20c-46ec-9c98-e106438e6c62-OsJjBK.jpeg\",\"width\":1181,\"height\":788},{\"@type\":\"BreadcrumbList\",\"@id\":\"https:\/\/novaorg.cofb.net\/2023\/03\/20\/la-obesidad-y-el-sobrepeso-una-pandemia-mundial-que-se-ha-convertido-en-uno-de-los-principales-problemas-de-salud-publica\/#breadcrumb\",\"itemListElement\":[{\"@type\":\"ListItem\",\"position\":1,\"name\":\"Inici\",\"item\":\"https:\/\/novaorg.cofb.net\/\"},{\"@type\":\"ListItem\",\"position\":2,\"name\":\"La obesidad y el sobrepeso, una pandemia mundial que se ha convertido en uno de los principales problemas de salud p\u00fablica\"}]},{\"@type\":\"WebSite\",\"@id\":\"https:\/\/www.cofb.org\/#website\",\"url\":\"https:\/\/www.cofb.org\/\",\"name\":\"Col\u00b7legi de Farmac\u00e8utics de Barcelona\",\"description\":\"\",\"publisher\":{\"@id\":\"https:\/\/www.cofb.org\/#organization\"},\"potentialAction\":[{\"@type\":\"SearchAction\",\"target\":{\"@type\":\"EntryPoint\",\"urlTemplate\":\"https:\/\/www.cofb.org\/?s={search_term_string}\"},\"query-input\":\"required name=search_term_string\"}],\"inLanguage\":\"ca\"},{\"@type\":\"Organization\",\"@id\":\"https:\/\/www.cofb.org\/#organization\",\"name\":\"Col\u00b7legi de Farmac\u00e8utics de Barcelona\",\"url\":\"https:\/\/www.cofb.org\/\",\"logo\":{\"@type\":\"ImageObject\",\"inLanguage\":\"ca\",\"@id\":\"https:\/\/www.cofb.org\/#\/schema\/logo\/image\/\",\"url\":\"https:\/\/www.cofb.org\/wp-content\/uploads\/2023\/11\/cropped-Logotip-COFB.png\",\"contentUrl\":\"https:\/\/www.cofb.org\/wp-content\/uploads\/2023\/11\/cropped-Logotip-COFB.png\",\"width\":500,\"height\":105,\"caption\":\"Col\u00b7legi de Farmac\u00e8utics de Barcelona\"},\"image\":{\"@id\":\"https:\/\/www.cofb.org\/#\/schema\/logo\/image\/\"},\"sameAs\":[\"https:\/\/www.facebook.com\/farmaceuticsbcn\/\",\"https:\/\/twitter.com\/farmaceuticsbcn\",\"https:\/\/www.instagram.com\/farmaceuticsbcn\/\",\"https:\/\/www.linkedin.com\/company\/farmaceuticsbcn\/\"]},{\"@type\":\"Person\",\"@id\":\"https:\/\/www.cofb.org\/#\/schema\/person\/22ed7eea88da74b0fa4d3154ad87ffcb\",\"name\":\"wpAdminCofbOrg\",\"image\":{\"@type\":\"ImageObject\",\"inLanguage\":\"ca\",\"@id\":\"https:\/\/www.cofb.org\/#\/schema\/person\/image\/\",\"url\":\"https:\/\/secure.gravatar.com\/avatar\/1721b20b3b8ca882c3b56ec6c978c594fff670e40c0718e9190eaeeb76aae7d8?s=96&d=mm&r=g\",\"contentUrl\":\"https:\/\/secure.gravatar.com\/avatar\/1721b20b3b8ca882c3b56ec6c978c594fff670e40c0718e9190eaeeb76aae7d8?s=96&d=mm&r=g\",\"caption\":\"wpAdminCofbOrg\"},\"sameAs\":[\"http:\/\/192.168.64.122\/wordpress\"],\"url\":\"https:\/\/www.cofb.org\/ca\/author\/wpadmincofborg\/\"}]}<\/script>\n<!-- \/ Yoast SEO plugin. -->","yoast_head_json":{"title":"La obesidad y el sobrepeso, una pandemia mundial que se ha convertido en uno de los principales problemas de salud p\u00fablica - Col\u00b7legi de Farmac\u00e8utics de Barcelona","robots":{"index":"index","follow":"follow","max-snippet":"max-snippet:-1","max-image-preview":"max-image-preview:large","max-video-preview":"max-video-preview:-1"},"canonical":"https:\/\/novaorg.cofb.net\/2023\/03\/20\/la-obesidad-y-el-sobrepeso-una-pandemia-mundial-que-se-ha-convertido-en-uno-de-los-principales-problemas-de-salud-publica\/","og_locale":"ca_ES","og_type":"article","og_title":"La obesidad y el sobrepeso, una pandemia mundial que se ha convertido en uno de los principales problemas de salud p\u00fablica - Col\u00b7legi de Farmac\u00e8utics de Barcelona","og_description":"\u00a0 Seg\u00fan datos del estudio PASOS 2022, uno de cada tres ni\u00f1os en Espa\u00f1a de entre 8 y 16 a\u00f1os vive con obesidad o sobrepeso Ha habido un deterioro en los h\u00e1bitos de salud de la poblaci\u00f3n infantil, as\u00ed como en su bienestar psicol\u00f3gico; un 32,2% de ni\u00f1os y ni\u00f1as [&hellip;]","og_url":"https:\/\/novaorg.cofb.net\/2023\/03\/20\/la-obesidad-y-el-sobrepeso-una-pandemia-mundial-que-se-ha-convertido-en-uno-de-los-principales-problemas-de-salud-publica\/","og_site_name":"Col\u00b7legi de Farmac\u00e8utics de Barcelona","article_publisher":"https:\/\/www.facebook.com\/farmaceuticsbcn\/","article_published_time":"2023-03-20T10:45:00+00:00","article_modified_time":"2024-04-05T11:18:07+00:00","og_image":[{"width":1181,"height":788,"url":"https:\/\/novaorg.cofb.net\/wp-content\/uploads\/2023\/03\/867ba040-f20c-46ec-9c98-e106438e6c62-OsJjBK.jpeg","type":"image\/jpeg"}],"author":"wpAdminCofbOrg","twitter_card":"summary_large_image","twitter_creator":"@farmaceuticsbcn","twitter_site":"@farmaceuticsbcn","twitter_misc":{"Escrit per":"wpAdminCofbOrg","Temps estimat de lectura":"11 minuts"},"schema":{"@context":"https:\/\/schema.org","@graph":[{"@type":"Article","@id":"https:\/\/novaorg.cofb.net\/2023\/03\/20\/la-obesidad-y-el-sobrepeso-una-pandemia-mundial-que-se-ha-convertido-en-uno-de-los-principales-problemas-de-salud-publica\/#article","isPartOf":{"@id":"https:\/\/novaorg.cofb.net\/2023\/03\/20\/la-obesidad-y-el-sobrepeso-una-pandemia-mundial-que-se-ha-convertido-en-uno-de-los-principales-problemas-de-salud-publica\/"},"author":{"name":"wpAdminCofbOrg","@id":"https:\/\/www.cofb.org\/#\/schema\/person\/22ed7eea88da74b0fa4d3154ad87ffcb"},"headline":"La obesidad y el sobrepeso, una pandemia mundial que se ha convertido en uno de los principales problemas de salud p\u00fablica","datePublished":"2023-03-20T10:45:00+00:00","dateModified":"2024-04-05T11:18:07+00:00","mainEntityOfPage":{"@id":"https:\/\/novaorg.cofb.net\/2023\/03\/20\/la-obesidad-y-el-sobrepeso-una-pandemia-mundial-que-se-ha-convertido-en-uno-de-los-principales-problemas-de-salud-publica\/"},"wordCount":2046,"publisher":{"@id":"https:\/\/www.cofb.org\/#organization"},"image":{"@id":"https:\/\/novaorg.cofb.net\/2023\/03\/20\/la-obesidad-y-el-sobrepeso-una-pandemia-mundial-que-se-ha-convertido-en-uno-de-los-principales-problemas-de-salud-publica\/#primaryimage"},"thumbnailUrl":"https:\/\/www.cofb.org\/wp-content\/uploads\/2023\/03\/867ba040-f20c-46ec-9c98-e106438e6c62-OsJjBK.jpeg","articleSection":["Notes de premsa"],"inLanguage":"ca"},{"@type":"WebPage","@id":"https:\/\/novaorg.cofb.net\/2023\/03\/20\/la-obesidad-y-el-sobrepeso-una-pandemia-mundial-que-se-ha-convertido-en-uno-de-los-principales-problemas-de-salud-publica\/","url":"https:\/\/novaorg.cofb.net\/2023\/03\/20\/la-obesidad-y-el-sobrepeso-una-pandemia-mundial-que-se-ha-convertido-en-uno-de-los-principales-problemas-de-salud-publica\/","name":"La obesidad y el sobrepeso, una pandemia mundial que se ha convertido en uno de los principales problemas de salud p\u00fablica - Col\u00b7legi de Farmac\u00e8utics de Barcelona","isPartOf":{"@id":"https:\/\/www.cofb.org\/#website"},"primaryImageOfPage":{"@id":"https:\/\/novaorg.cofb.net\/2023\/03\/20\/la-obesidad-y-el-sobrepeso-una-pandemia-mundial-que-se-ha-convertido-en-uno-de-los-principales-problemas-de-salud-publica\/#primaryimage"},"image":{"@id":"https:\/\/novaorg.cofb.net\/2023\/03\/20\/la-obesidad-y-el-sobrepeso-una-pandemia-mundial-que-se-ha-convertido-en-uno-de-los-principales-problemas-de-salud-publica\/#primaryimage"},"thumbnailUrl":"https:\/\/www.cofb.org\/wp-content\/uploads\/2023\/03\/867ba040-f20c-46ec-9c98-e106438e6c62-OsJjBK.jpeg","datePublished":"2023-03-20T10:45:00+00:00","dateModified":"2024-04-05T11:18:07+00:00","breadcrumb":{"@id":"https:\/\/novaorg.cofb.net\/2023\/03\/20\/la-obesidad-y-el-sobrepeso-una-pandemia-mundial-que-se-ha-convertido-en-uno-de-los-principales-problemas-de-salud-publica\/#breadcrumb"},"inLanguage":"ca","potentialAction":[{"@type":"ReadAction","target":["https:\/\/novaorg.cofb.net\/2023\/03\/20\/la-obesidad-y-el-sobrepeso-una-pandemia-mundial-que-se-ha-convertido-en-uno-de-los-principales-problemas-de-salud-publica\/"]}]},{"@type":"ImageObject","inLanguage":"ca","@id":"https:\/\/novaorg.cofb.net\/2023\/03\/20\/la-obesidad-y-el-sobrepeso-una-pandemia-mundial-que-se-ha-convertido-en-uno-de-los-principales-problemas-de-salud-publica\/#primaryimage","url":"https:\/\/www.cofb.org\/wp-content\/uploads\/2023\/03\/867ba040-f20c-46ec-9c98-e106438e6c62-OsJjBK.jpeg","contentUrl":"https:\/\/www.cofb.org\/wp-content\/uploads\/2023\/03\/867ba040-f20c-46ec-9c98-e106438e6c62-OsJjBK.jpeg","width":1181,"height":788},{"@type":"BreadcrumbList","@id":"https:\/\/novaorg.cofb.net\/2023\/03\/20\/la-obesidad-y-el-sobrepeso-una-pandemia-mundial-que-se-ha-convertido-en-uno-de-los-principales-problemas-de-salud-publica\/#breadcrumb","itemListElement":[{"@type":"ListItem","position":1,"name":"Inici","item":"https:\/\/novaorg.cofb.net\/"},{"@type":"ListItem","position":2,"name":"La obesidad y el sobrepeso, una pandemia mundial que se ha convertido en uno de los principales problemas de salud p\u00fablica"}]},{"@type":"WebSite","@id":"https:\/\/www.cofb.org\/#website","url":"https:\/\/www.cofb.org\/","name":"Col\u00b7legi de Farmac\u00e8utics de Barcelona","description":"","publisher":{"@id":"https:\/\/www.cofb.org\/#organization"},"potentialAction":[{"@type":"SearchAction","target":{"@type":"EntryPoint","urlTemplate":"https:\/\/www.cofb.org\/?s={search_term_string}"},"query-input":"required name=search_term_string"}],"inLanguage":"ca"},{"@type":"Organization","@id":"https:\/\/www.cofb.org\/#organization","name":"Col\u00b7legi de Farmac\u00e8utics de Barcelona","url":"https:\/\/www.cofb.org\/","logo":{"@type":"ImageObject","inLanguage":"ca","@id":"https:\/\/www.cofb.org\/#\/schema\/logo\/image\/","url":"https:\/\/www.cofb.org\/wp-content\/uploads\/2023\/11\/cropped-Logotip-COFB.png","contentUrl":"https:\/\/www.cofb.org\/wp-content\/uploads\/2023\/11\/cropped-Logotip-COFB.png","width":500,"height":105,"caption":"Col\u00b7legi de Farmac\u00e8utics de Barcelona"},"image":{"@id":"https:\/\/www.cofb.org\/#\/schema\/logo\/image\/"},"sameAs":["https:\/\/www.facebook.com\/farmaceuticsbcn\/","https:\/\/twitter.com\/farmaceuticsbcn","https:\/\/www.instagram.com\/farmaceuticsbcn\/","https:\/\/www.linkedin.com\/company\/farmaceuticsbcn\/"]},{"@type":"Person","@id":"https:\/\/www.cofb.org\/#\/schema\/person\/22ed7eea88da74b0fa4d3154ad87ffcb","name":"wpAdminCofbOrg","image":{"@type":"ImageObject","inLanguage":"ca","@id":"https:\/\/www.cofb.org\/#\/schema\/person\/image\/","url":"https:\/\/secure.gravatar.com\/avatar\/1721b20b3b8ca882c3b56ec6c978c594fff670e40c0718e9190eaeeb76aae7d8?s=96&d=mm&r=g","contentUrl":"https:\/\/secure.gravatar.com\/avatar\/1721b20b3b8ca882c3b56ec6c978c594fff670e40c0718e9190eaeeb76aae7d8?s=96&d=mm&r=g","caption":"wpAdminCofbOrg"},"sameAs":["http:\/\/192.168.64.122\/wordpress"],"url":"https:\/\/www.cofb.org\/ca\/author\/wpadmincofborg\/"}]}},"uagb_featured_image_src":{"full":["https:\/\/www.cofb.org\/wp-content\/uploads\/2023\/03\/867ba040-f20c-46ec-9c98-e106438e6c62-OsJjBK.jpeg",1181,788,false],"thumbnail":["https:\/\/www.cofb.org\/wp-content\/uploads\/2023\/03\/867ba040-f20c-46ec-9c98-e106438e6c62-OsJjBK-150x150.jpeg",150,150,true],"medium":["https:\/\/www.cofb.org\/wp-content\/uploads\/2023\/03\/867ba040-f20c-46ec-9c98-e106438e6c62-OsJjBK-300x200.jpeg",300,200,true],"medium_large":["https:\/\/www.cofb.org\/wp-content\/uploads\/2023\/03\/867ba040-f20c-46ec-9c98-e106438e6c62-OsJjBK-768x512.jpeg",768,512,true],"large":["https:\/\/www.cofb.org\/wp-content\/uploads\/2023\/03\/867ba040-f20c-46ec-9c98-e106438e6c62-OsJjBK-1024x683.jpeg",1024,683,true],"1536x1536":["https:\/\/www.cofb.org\/wp-content\/uploads\/2023\/03\/867ba040-f20c-46ec-9c98-e106438e6c62-OsJjBK.jpeg",1181,788,false],"2048x2048":["https:\/\/www.cofb.org\/wp-content\/uploads\/2023\/03\/867ba040-f20c-46ec-9c98-e106438e6c62-OsJjBK.jpeg",1181,788,false],"trp-custom-language-flag":["https:\/\/www.cofb.org\/wp-content\/uploads\/2023\/03\/867ba040-f20c-46ec-9c98-e106438e6c62-OsJjBK-18x12.jpeg",18,12,true]},"uagb_author_info":{"display_name":"wpAdminCofbOrg","author_link":"https:\/\/www.cofb.org\/ca\/author\/wpadmincofborg\/"},"uagb_comment_info":0,"uagb_excerpt":"\u00a0 Seg\u00fan datos del estudio PASOS 2022, uno de cada tres ni\u00f1os en Espa\u00f1a de entre 8 y 16 a\u00f1os vive con obesidad o sobrepeso Ha habido un deterioro en los h\u00e1bitos de salud de la poblaci\u00f3n infantil, as\u00ed como en su bienestar psicol\u00f3gico; un 32,2% de ni\u00f1os y ni\u00f1as [&hellip;]","_links":{"self":[{"href":"https:\/\/www.cofb.org\/ca\/wp-json\/wp\/v2\/posts\/76940","targetHints":{"allow":["GET"]}}],"collection":[{"href":"https:\/\/www.cofb.org\/ca\/wp-json\/wp\/v2\/posts"}],"about":[{"href":"https:\/\/www.cofb.org\/ca\/wp-json\/wp\/v2\/types\/post"}],"author":[{"embeddable":true,"href":"https:\/\/www.cofb.org\/ca\/wp-json\/wp\/v2\/users\/1"}],"replies":[{"embeddable":true,"href":"https:\/\/www.cofb.org\/ca\/wp-json\/wp\/v2\/comments?post=76940"}],"version-history":[{"count":1,"href":"https:\/\/www.cofb.org\/ca\/wp-json\/wp\/v2\/posts\/76940\/revisions"}],"predecessor-version":[{"id":78136,"href":"https:\/\/www.cofb.org\/ca\/wp-json\/wp\/v2\/posts\/76940\/revisions\/78136"}],"wp:featuredmedia":[{"embeddable":true,"href":"https:\/\/www.cofb.org\/ca\/wp-json\/wp\/v2\/media\/76941"}],"wp:attachment":[{"href":"https:\/\/www.cofb.org\/ca\/wp-json\/wp\/v2\/media?parent=76940"}],"wp:term":[{"taxonomy":"category","embeddable":true,"href":"https:\/\/www.cofb.org\/ca\/wp-json\/wp\/v2\/categories?post=76940"},{"taxonomy":"post_tag","embeddable":true,"href":"https:\/\/www.cofb.org\/ca\/wp-json\/wp\/v2\/tags?post=76940"}],"curies":[{"name":"wp","href":"https:\/\/api.w.org\/{rel}","templated":true}]}}