{"id":76928,"date":"2023-03-24T14:54:00","date_gmt":"2023-03-24T14:54:00","guid":{"rendered":"https:\/\/novaorg.cofb.net\/2023\/03\/24\/crear-un-canal-de-comunicacion-eficaz-entre-profesionales-sanitarios-una-herramienta-necesaria-para-mejorar-la-asistencia-al-paciente\/"},"modified":"2024-02-26T10:35:56","modified_gmt":"2024-02-26T10:35:56","slug":"crear-un-canal-de-comunicacion-eficaz-entre-profesionales-sanitarios-una-herramienta-necesaria-para-mejorar-la-asistencia-al-paciente","status":"publish","type":"post","link":"https:\/\/www.cofb.org\/ca\/2023\/03\/24\/crear-un-canal-de-comunicacion-eficaz-entre-profesionales-sanitarios-una-herramienta-necesaria-para-mejorar-la-asistencia-al-paciente\/","title":{"rendered":"Crear un canal de comunicaci\u00f3n eficaz entre profesionales sanitarios, una herramienta necesaria para mejorar la asistencia al paciente"},"content":{"rendered":"<p>\u00a0<\/p>\n<ul>\n<li>Representantes de diferentes profesiones sanitarias \u2013Farmacia, Odontolog\u00eda y Estomatolog\u00eda, Infermer\u00eda, Medicina y Veterinaria\u2013, coincidieron en la necesidad de establecer un canal de comunicaci\u00f3n bidireccional adaptado a las distintas necesidades de los agentes de salud<\/li>\n<li>En el marco de Infarma Barcelona 2023, tambi\u00e9n se presentaron tres proyectos de colaboraci\u00f3n multidisciplinar en la que los farmac\u00e9uticos comunitarios ejerc\u00edan un papel clave para conseguir los objetivos establecidos<\/li>\n<\/ul>\n<p><img decoding=\"async\" alt=\"\" src=\"https:\/\/www.cofb.org\/documents\/10136\/1091470\/COFB_INFARMA_GESTI%C3%93N+DEL+MEDICAMENTO_24032023.jpg\/3e39200a-363a-427d-99bf-76f867dabb2d?t=1679666237126\"><\/p>\n<p>La comunicaci\u00f3n entre profesionales sanitarios desde distintos \u00e1mbitos, la necesidad de buscar una soluci\u00f3n conjunta y los retos que a\u00fan se tienen que conseguir fueron algunos de los temas centrales de la mesa de actualidad <strong>\u201cGesti\u00f3n del medicamento entre profesionales sanitarios: receta electr\u00f3nica y sistemas de comunicaci\u00f3n\u201d<\/strong>, moderada por <strong>N\u00faria Bosch<\/strong>, vicepresidenta del Col\u00b7legi de Farmac\u00e8utics de Barcelona (COFB).<\/p>\n<p>La mesa, celebrada en <strong>Infarma Barcelona 2023 <\/strong>el pasado 16 de marzo, cont\u00f3 con la participaci\u00f3n de representantes de diferentes profesiones sanitarias \u2013Farmacia, Odontolog\u00eda y Estomatolog\u00eda, Infermer\u00eda, Medicina y Veterinaria\u2013, donde se destac\u00f3 la importancia que representa la receta electr\u00f3nica. \u201cQue hayamos sido capaces de pasar de la receta en papel a la receta electr\u00f3nica muestra que la digitalizaci\u00f3n a nivel de prestaci\u00f3n farmac\u00e9utica es pr\u00e1cticamente completa. Hemos sido capaces de conectar todos los sistemas de receta electr\u00f3nica de Espa\u00f1a y en este momento se est\u00e1 extendiendo un proyecto de interoperabilidad para conectarnos con toda Europa&#8221;, expuso <strong>Jordi Casas<\/strong>, presidente del COF de Barcelona y del Consell de Col\u00b7legis Farmac\u00e8utics de Catalunya.<\/p>\n<p><strong>Antoni G\u00f3mez<\/strong>, vicepresidente del Col\u00b7legi Oficial d\u2019Odont\u00f2legs i Estomat\u00f2legs de Catalunya. (COEC), destac\u00f3 que la apuesta por la receta electr\u00f3nica \u201ces absoluta\u201d e hizo un llamamiento a que los pacientes acudan a los profesionales y no se automediquen. \u201cNecesitamos la ayuda de las farmacias para educar a los pacientes y a los profesionales&#8221;, a\u00f1adi\u00f3. Por su parte, Gl\u00f2ria Jodar, decana del Consell de Col\u00b7legis d\u2019Infermeres i Infermers de Catalunya, traslad\u00f3 que desde la profesi\u00f3n enfermera, la propuesta \u201ces compartir la mirada cuidadora, y establecer una coordinaci\u00f3n indispensable entre todos los profesionales de los diversos niveles de salud, mejorando los sistemas de comunicaci\u00f3n&#8221;.<\/p>\n<p>En esta l\u00ednea, para <strong>Jaume Sellar\u00e8s<\/strong>, vicepresidente del Col\u00b7legi de Metges de Barcelona, sostuvo que los profesionales de la medicina deben ser conscientes de que su trabajo es cada vez m\u00e1s multidisciplinar. \u201cLos profesionales de la oficina de farmacia tambi\u00e9n son agentes de salud y debemos incorporarlos en la atenci\u00f3n asistencial\u201d, concret\u00f3. Y desde el \u00e1mbito veterinario, <strong>Ricard Par\u00e9s<\/strong>, presidente del Consell de Col\u00b7legis de Veterinaris de Catalunya, plante\u00f3 que algunos de los retos son \u201cfortalecer los colegios, romper con los t\u00f3picos entre profesiones y trabajar conjuntamente\u201d.<\/p>\n<p>En representaci\u00f3n del Departamento de Salut, <strong>Marc Soler<\/strong>, director de Professionals de la Salut de la Generalitat de Catalu\u00f1a, expuso que \u201caunque a veces nos encontramos con obst\u00e1culos, como la rigidez de las propias instituciones, cada vez nos tenemos que relacionar m\u00e1s con los servicios de farmacia, con la atenci\u00f3n primaria, y otros profesionales sanitarios&#8221;.<\/p>\n<p><u><strong>Tres proyectos colaborativos como prueba de que el trabajo multidisciplinar es posible<\/strong><\/u><\/p>\n<p>La colaboraci\u00f3n entre diferentes agentes de salud tambi\u00e9n se abord\u00f3 en el aula profesional del 15 de marzo<strong> \u201cProfesionales sanitarios trabajando juntos \u00bfQu\u00e9 lo impide?\u201d<\/strong>. Moderada por <strong>Laura Gom\u00e0<\/strong>, vocal del COF de Barcelona, se presentaron tres proyectos de colaboraci\u00f3n multidisciplinar en la que los farmac\u00e9uticos comunitarios ejerc\u00edan un papel clave para conseguir los objetivos establecidos.<\/p>\n<p><strong>Sonia Mart\u00ednez<\/strong>, m\u00e9dico de familia y comunitario, adjunta a direcci\u00f3n del SAP Delta de Llobregat del Institut Catal\u00e0 de la Salut, present\u00f3 el proyecto <strong>DERMARISC<\/strong>, cuyo objetivo es la detecci\u00f3n de c\u00e1ncer cut\u00e1neo con cuestionarios de factores de riesgo en la poblaci\u00f3n de Barcelona en Farmacia Comunitaria y Atenci\u00f3n Primaria. \u201cEl papel del farmac\u00e9utico es clave en la promoci\u00f3n y prevenci\u00f3n de la salud, gracias a su accesibilidad y su coordinaci\u00f3n asistencial\u201d afirm\u00f3. La doctora Mart\u00ednez tambi\u00e9n puso en valor que es un agente comunitario m\u00e1s del sistema sanitario y el modelo farmac\u00e9utico no puede ir separado del modelo asistencial, por lo que es necesaria su integraci\u00f3n en todos los niveles asistenciales\u201d.<\/p>\n<p>Por su parte, <strong>Francisco Criado<\/strong>, vicesecretario del COF de M\u00e1laga y vocal de Oficina de Farmacia del Consejo Andaluz de Colegios Oficiales de Farmac\u00e9uticos, habl\u00f3 del proyecto <strong>BENZOSTOP JUNTOS<\/strong>, que tiene por objetivo mejorar y prevenir la utilizaci\u00f3n de benzodiacepinas de uso cr\u00f3nico en Andaluc\u00eda. Francisco destac\u00f3 la necesidad y la importancia de poder juntar a todos los profesionales y mejorar la comunicaci\u00f3n entre m\u00e9dicos y farmac\u00e9uticos. \u201cNo nos ponen medios para que se haga mejor, aunque haya voluntad de las dos partes\u201d, asever\u00f3.<\/p>\n<p>El tercer proyecto presentado fue <strong>JO-DIC<\/strong>, explicado por <strong>Cati Serra<\/strong>, directora de gesti\u00f3n asistencial del \u00e1mbito m\u00e9dico en Mutua de Terrassa. JO-DIC se desarroll\u00f3 durante la pandemia y tuvo por objetivo aumentar el control de casos de COVID-19 y cortar cadenas de transmisi\u00f3n. Serra expuso que la implicaci\u00f3n de las personas y de los profesionales facilit\u00f3 la viabilidad del proyecto, e insisti\u00f3 en que \u201cse tiene que integrar al farmac\u00e9utico comunitario como un agente de salud, ya que tiene una elevada formaci\u00f3n y capilaridad a trav\u00e9s de las Oficinas de Farmacia\u201d.<\/p>\n<p>\u00a0Representantes de diferentes profesiones sanitarias \u2013Farmacia, Odontolog\u00eda y Estomatolog\u00eda, Infermer\u00eda, Medicina y Veterinaria\u2013, coincidieron en la necesidad de establecer un canal de comunicaci\u00f3n bidireccional adaptado a las distintas necesidades de los agentes de salud<br \/>\n\tEn el marco de Infarma Barcelona 2023, tambi\u00e9n se presentaron tres proyectos de colaboraci\u00f3n multidisciplinar en la que los farmac\u00e9uticos comunitarios ejerc\u00edan un papel clave para conseguir los objetivos establecidos<\/p>\n<p>La comunicaci\u00f3n entre profesionales sanitarios desde distintos \u00e1mbitos, la necesidad de buscar una soluci\u00f3n conjunta y los retos que a\u00fan se tienen que conseguir fueron algunos de los temas centrales de la mesa de actualidad \u201cGesti\u00f3n del medicamento entre profesionales sanitarios: receta electr\u00f3nica y sistemas de comunicaci\u00f3n\u201d, moderada por N\u00faria Bosch, vicepresidenta del Col\u00b7legi de Farmac\u00e8utics de Barcelona (COFB).<\/p>\n<p>La mesa, celebrada en Infarma Barcelona 2023 el pasado 16 de marzo, cont\u00f3 con la participaci\u00f3n de representantes de diferentes profesiones sanitarias \u2013Farmacia, Odontolog\u00eda y Estomatolog\u00eda, Infermer\u00eda, Medicina y Veterinaria\u2013, donde se destac\u00f3 la importancia que representa la receta electr\u00f3nica. \u201cQue hayamos sido capaces de pasar de la receta en papel a la receta electr\u00f3nica muestra que la digitalizaci\u00f3n a nivel de prestaci\u00f3n farmac\u00e9utica es pr\u00e1cticamente completa. Hemos sido capaces de conectar todos los sistemas de receta electr\u00f3nica de Espa\u00f1a y en este momento se est\u00e1 extendiendo un proyecto de interoperabilidad para conectarnos con toda Europa&#8221;, expuso Jordi Casas, presidente del COF de Barcelona y del Consell de Col\u00b7legis Farmac\u00e8utics de Catalunya.<\/p>\n<p>Antoni G\u00f3mez, vicepresidente del Col\u00b7legi Oficial d\u2019Odont\u00f2legs i Estomat\u00f2legs de Catalunya. (COEC), destac\u00f3 que la apuesta por la receta electr\u00f3nica \u201ces absoluta\u201d e hizo un llamamiento a que los pacientes acudan a los profesionales y no se automediquen. \u201cNecesitamos la ayuda de las farmacias para educar a los pacientes y a los profesionales&#8221;, a\u00f1adi\u00f3. Por su parte, Gl\u00f2ria Jodar, decana del Consell de Col\u00b7legis d\u2019Infermeres i Infermers de Catalunya, traslad\u00f3 que desde la profesi\u00f3n enfermera, la propuesta \u201ces compartir la mirada cuidadora, y establecer una coordinaci\u00f3n indispensable entre todos los profesionales de los diversos niveles de salud, mejorando los sistemas de comunicaci\u00f3n&#8221;.<\/p>\n<p>En esta l\u00ednea, para Jaume Sellar\u00e8s, vicepresidente del Col\u00b7legi de Metges de Barcelona, sostuvo que los profesionales de la medicina deben ser conscientes de que su trabajo es cada vez m\u00e1s multidisciplinar. \u201cLos profesionales de la oficina de farmacia tambi\u00e9n son agentes de salud y debemos incorporarlos en la atenci\u00f3n asistencial\u201d, concret\u00f3. Y desde el \u00e1mbito veterinario, Ricard Par\u00e9s, presidente del Consell de Col\u00b7legis de Veterinaris de Catalunya, plante\u00f3 que algunos de los retos son \u201cfortalecer los colegios, romper con los t\u00f3picos entre profesiones y trabajar conjuntamente\u201d.<\/p>\n<p>En representaci\u00f3n del Departamento de Salut, Marc Soler, director de Professionals de la Salut de la Generalitat de Catalu\u00f1a, expuso que \u201caunque a veces nos encontramos con obst\u00e1culos, como la rigidez de las propias instituciones, cada vez nos tenemos que relacionar m\u00e1s con los servicios de farmacia, con la atenci\u00f3n primaria, y otros profesionales sanitarios&#8221;.<\/p>\n<p>Tres proyectos colaborativos como prueba de que el trabajo multidisciplinar es posible<\/p>\n<p>La colaboraci\u00f3n entre diferentes agentes de salud tambi\u00e9n se abord\u00f3 en el aula profesional del 15 de marzo \u201cProfesionales sanitarios trabajando juntos \u00bfQu\u00e9 lo impide?\u201d. Moderada por Laura Gom\u00e0, vocal del COF de Barcelona, se presentaron tres proyectos de colaboraci\u00f3n multidisciplinar en la que los farmac\u00e9uticos comunitarios ejerc\u00edan un papel clave para conseguir los objetivos establecidos.<\/p>\n<p>Sonia Mart\u00ednez, m\u00e9dico de familia y comunitario, adjunta a direcci\u00f3n del SAP Delta de Llobregat del Institut Catal\u00e0 de la Salut, present\u00f3 el proyecto DERMARISC, cuyo objetivo es la detecci\u00f3n de c\u00e1ncer cut\u00e1neo con cuestionarios de factores de riesgo en la poblaci\u00f3n de Barcelona en Farmacia Comunitaria y Atenci\u00f3n Primaria. \u201cEl papel del farmac\u00e9utico es clave en la promoci\u00f3n y prevenci\u00f3n de la salud, gracias a su accesibilidad y su coordinaci\u00f3n asistencial\u201d afirm\u00f3. La doctora Mart\u00ednez tambi\u00e9n puso en valor que es un agente comunitario m\u00e1s del sistema sanitario y el modelo farmac\u00e9utico no puede ir separado del modelo asistencial, por lo que es necesaria su integraci\u00f3n en todos los niveles asistenciales\u201d.<\/p>\n<p>Por su parte, Francisco Criado, vicesecretario del COF de M\u00e1laga y vocal de Oficina de Farmacia del Consejo Andaluz de Colegios Oficiales de Farmac\u00e9uticos, habl\u00f3 del proyecto BENZOSTOP JUNTOS, que tiene por objetivo mejorar y prevenir la utilizaci\u00f3n de benzodiacepinas de uso cr\u00f3nico en Andaluc\u00eda. Francisco destac\u00f3 la necesidad y la importancia de poder juntar a todos los profesionales y mejorar la comunicaci\u00f3n entre m\u00e9dicos y farmac\u00e9uticos. \u201cNo nos ponen medios para que se haga mejor, aunque haya voluntad de las dos partes\u201d, asever\u00f3.<\/p>\n<p>El tercer proyecto presentado fue JO-DIC, explicado por Cati Serra, directora de gesti\u00f3n asistencial del \u00e1mbito m\u00e9dico en Mutua de Terrassa. JO-DIC se desarroll\u00f3 durante la pandemia y tuvo por objetivo aumentar el control de casos de COVID-19 y cortar cadenas de transmisi\u00f3n. Serra expuso que la implicaci\u00f3n de las personas y de los profesionales facilit\u00f3 la viabilidad del proyecto, e insisti\u00f3 en que \u201cse tiene que integrar al farmac\u00e9utico comunitario como un agente de salud, ya que tiene una elevada formaci\u00f3n y capilaridad a trav\u00e9s de las Oficinas de Farmacia\u201d.\u00a0\u00a0COFB.ORG<\/p>\n","protected":false},"excerpt":{"rendered":"<p>\u00a0 Representantes de diferentes profesiones sanitarias \u2013Farmacia, Odontolog\u00eda y Estomatolog\u00eda, Infermer\u00eda, Medicina y Veterinaria\u2013, coincidieron en la necesidad de establecer un canal de comunicaci\u00f3n bidireccional adaptado a las distintas necesidades de los agentes de salud En el marco de Infarma Barcelona 2023, tambi\u00e9n se presentaron tres proyectos de colaboraci\u00f3n multidisciplinar [&hellip;]<\/p>\n","protected":false},"author":1,"featured_media":76929,"comment_status":"closed","ping_status":"","sticky":false,"template":"","format":"aside","meta":{"_uag_custom_page_level_css":"","site-sidebar-layout":"default","site-content-layout":"","ast-site-content-layout":"default","site-content-style":"default","site-sidebar-style":"default","ast-global-header-display":"","ast-banner-title-visibility":"","ast-main-header-display":"","ast-hfb-above-header-display":"","ast-hfb-below-header-display":"","ast-hfb-mobile-header-display":"","site-post-title":"","ast-breadcrumbs-content":"","ast-featured-img":"disabled","footer-sml-layout":"","theme-transparent-header-meta":"","adv-header-id-meta":"","stick-header-meta":"","header-above-stick-meta":"","header-main-stick-meta":"","header-below-stick-meta":"","astra-migrate-meta-layouts":"set","ast-page-background-enabled":"default","ast-page-background-meta":{"desktop":{"background-color":"var(--ast-global-color-4)","background-image":"","background-repeat":"repeat","background-position":"center center","background-size":"auto","background-attachment":"scroll","background-type":"","background-media":"","overlay-type":"","overlay-color":"","overlay-opacity":"","overlay-gradient":""},"tablet":{"background-color":"","background-image":"","background-repeat":"repeat","background-position":"center center","background-size":"auto","background-attachment":"scroll","background-type":"","background-media":"","overlay-type":"","overlay-color":"","overlay-opacity":"","overlay-gradient":""},"mobile":{"background-color":"","background-image":"","background-repeat":"repeat","background-position":"center center","background-size":"auto","background-attachment":"scroll","background-type":"","background-media":"","overlay-type":"","overlay-color":"","overlay-opacity":"","overlay-gradient":""}},"ast-content-background-meta":{"desktop":{"background-color":"var(--ast-global-color-5)","background-image":"","background-repeat":"repeat","background-position":"center center","background-size":"auto","background-attachment":"scroll","background-type":"","background-media":"","overlay-type":"","overlay-color":"","overlay-opacity":"","overlay-gradient":""},"tablet":{"background-color":"var(--ast-global-color-5)","background-image":"","background-repeat":"repeat","background-position":"center center","background-size":"auto","background-attachment":"scroll","background-type":"","background-media":"","overlay-type":"","overlay-color":"","overlay-opacity":"","overlay-gradient":""},"mobile":{"background-color":"var(--ast-global-color-5)","background-image":"","background-repeat":"repeat","background-position":"center center","background-size":"auto","background-attachment":"scroll","background-type":"","background-media":"","overlay-type":"","overlay-color":"","overlay-opacity":"","overlay-gradient":""}},"footnotes":""},"categories":[1060],"tags":[],"class_list":["post-76928","post","type-post","status-publish","format-aside","has-post-thumbnail","hentry","category-notes-premsa","post_format-post-format-aside"],"yoast_head":"<!-- This site is optimized with the Yoast SEO plugin v22.4 - https:\/\/yoast.com\/wordpress\/plugins\/seo\/ -->\n<title>Crear un canal de comunicaci\u00f3n eficaz entre profesionales sanitarios, una herramienta necesaria para mejorar la asistencia al paciente - Col\u00b7legi de Farmac\u00e8utics de Barcelona<\/title>\n<meta name=\"robots\" content=\"index, follow, max-snippet:-1, max-image-preview:large, max-video-preview:-1\" \/>\n<link rel=\"canonical\" href=\"https:\/\/novaorg.cofb.net\/2023\/03\/24\/crear-un-canal-de-comunicacion-eficaz-entre-profesionales-sanitarios-una-herramienta-necesaria-para-mejorar-la-asistencia-al-paciente\/\" \/>\n<meta property=\"og:locale\" content=\"ca_ES\" \/>\n<meta property=\"og:type\" content=\"article\" \/>\n<meta property=\"og:title\" content=\"Crear un canal de comunicaci\u00f3n eficaz entre profesionales sanitarios, una herramienta necesaria para mejorar la asistencia al paciente - Col\u00b7legi de Farmac\u00e8utics de Barcelona\" \/>\n<meta property=\"og:description\" content=\"\u00a0 Representantes de diferentes profesiones sanitarias \u2013Farmacia, Odontolog\u00eda y Estomatolog\u00eda, Infermer\u00eda, Medicina y Veterinaria\u2013, coincidieron en la necesidad de establecer un canal de comunicaci\u00f3n bidireccional adaptado a las distintas necesidades de los agentes de salud En el marco de Infarma Barcelona 2023, tambi\u00e9n se presentaron tres proyectos de colaboraci\u00f3n multidisciplinar [&hellip;]\" \/>\n<meta property=\"og:url\" content=\"https:\/\/novaorg.cofb.net\/2023\/03\/24\/crear-un-canal-de-comunicacion-eficaz-entre-profesionales-sanitarios-una-herramienta-necesaria-para-mejorar-la-asistencia-al-paciente\/\" \/>\n<meta property=\"og:site_name\" content=\"Col\u00b7legi de Farmac\u00e8utics de Barcelona\" \/>\n<meta property=\"article:publisher\" content=\"https:\/\/www.facebook.com\/farmaceuticsbcn\/\" \/>\n<meta property=\"article:published_time\" content=\"2023-03-24T14:54:00+00:00\" \/>\n<meta property=\"article:modified_time\" content=\"2024-02-26T10:35:56+00:00\" \/>\n<meta property=\"og:image\" content=\"https:\/\/novaorg.cofb.net\/wp-content\/uploads\/2023\/03\/3e39200a-363a-427d-99bf-76f867dabb2d-9zjPSu.jpeg\" \/>\n\t<meta property=\"og:image:width\" content=\"945\" \/>\n\t<meta property=\"og:image:height\" content=\"630\" \/>\n\t<meta property=\"og:image:type\" content=\"image\/jpeg\" \/>\n<meta name=\"author\" content=\"wpAdminCofbOrg\" \/>\n<meta name=\"twitter:card\" content=\"summary_large_image\" \/>\n<meta name=\"twitter:creator\" content=\"@farmaceuticsbcn\" \/>\n<meta name=\"twitter:site\" content=\"@farmaceuticsbcn\" \/>\n<meta name=\"twitter:label1\" content=\"Escrit per\" \/>\n\t<meta name=\"twitter:data1\" content=\"wpAdminCofbOrg\" \/>\n\t<meta name=\"twitter:label2\" content=\"Temps estimat de lectura\" \/>\n\t<meta name=\"twitter:data2\" content=\"9 minuts\" \/>\n<script type=\"application\/ld+json\" class=\"yoast-schema-graph\">{\"@context\":\"https:\/\/schema.org\",\"@graph\":[{\"@type\":\"Article\",\"@id\":\"https:\/\/novaorg.cofb.net\/2023\/03\/24\/crear-un-canal-de-comunicacion-eficaz-entre-profesionales-sanitarios-una-herramienta-necesaria-para-mejorar-la-asistencia-al-paciente\/#article\",\"isPartOf\":{\"@id\":\"https:\/\/novaorg.cofb.net\/2023\/03\/24\/crear-un-canal-de-comunicacion-eficaz-entre-profesionales-sanitarios-una-herramienta-necesaria-para-mejorar-la-asistencia-al-paciente\/\"},\"author\":{\"name\":\"wpAdminCofbOrg\",\"@id\":\"https:\/\/www.cofb.org\/#\/schema\/person\/22ed7eea88da74b0fa4d3154ad87ffcb\"},\"headline\":\"Crear un canal de comunicaci\u00f3n eficaz entre profesionales sanitarios, una herramienta necesaria para mejorar la asistencia al paciente\",\"datePublished\":\"2023-03-24T14:54:00+00:00\",\"dateModified\":\"2024-02-26T10:35:56+00:00\",\"mainEntityOfPage\":{\"@id\":\"https:\/\/novaorg.cofb.net\/2023\/03\/24\/crear-un-canal-de-comunicacion-eficaz-entre-profesionales-sanitarios-una-herramienta-necesaria-para-mejorar-la-asistencia-al-paciente\/\"},\"wordCount\":1871,\"publisher\":{\"@id\":\"https:\/\/www.cofb.org\/#organization\"},\"image\":{\"@id\":\"https:\/\/novaorg.cofb.net\/2023\/03\/24\/crear-un-canal-de-comunicacion-eficaz-entre-profesionales-sanitarios-una-herramienta-necesaria-para-mejorar-la-asistencia-al-paciente\/#primaryimage\"},\"thumbnailUrl\":\"https:\/\/www.cofb.org\/wp-content\/uploads\/2023\/03\/3e39200a-363a-427d-99bf-76f867dabb2d-9zjPSu.jpeg\",\"articleSection\":[\"Notes de premsa\"],\"inLanguage\":\"ca\"},{\"@type\":\"WebPage\",\"@id\":\"https:\/\/novaorg.cofb.net\/2023\/03\/24\/crear-un-canal-de-comunicacion-eficaz-entre-profesionales-sanitarios-una-herramienta-necesaria-para-mejorar-la-asistencia-al-paciente\/\",\"url\":\"https:\/\/novaorg.cofb.net\/2023\/03\/24\/crear-un-canal-de-comunicacion-eficaz-entre-profesionales-sanitarios-una-herramienta-necesaria-para-mejorar-la-asistencia-al-paciente\/\",\"name\":\"Crear un canal de comunicaci\u00f3n eficaz entre profesionales sanitarios, una herramienta necesaria para mejorar la asistencia al paciente - Col\u00b7legi de Farmac\u00e8utics de Barcelona\",\"isPartOf\":{\"@id\":\"https:\/\/www.cofb.org\/#website\"},\"primaryImageOfPage\":{\"@id\":\"https:\/\/novaorg.cofb.net\/2023\/03\/24\/crear-un-canal-de-comunicacion-eficaz-entre-profesionales-sanitarios-una-herramienta-necesaria-para-mejorar-la-asistencia-al-paciente\/#primaryimage\"},\"image\":{\"@id\":\"https:\/\/novaorg.cofb.net\/2023\/03\/24\/crear-un-canal-de-comunicacion-eficaz-entre-profesionales-sanitarios-una-herramienta-necesaria-para-mejorar-la-asistencia-al-paciente\/#primaryimage\"},\"thumbnailUrl\":\"https:\/\/www.cofb.org\/wp-content\/uploads\/2023\/03\/3e39200a-363a-427d-99bf-76f867dabb2d-9zjPSu.jpeg\",\"datePublished\":\"2023-03-24T14:54:00+00:00\",\"dateModified\":\"2024-02-26T10:35:56+00:00\",\"breadcrumb\":{\"@id\":\"https:\/\/novaorg.cofb.net\/2023\/03\/24\/crear-un-canal-de-comunicacion-eficaz-entre-profesionales-sanitarios-una-herramienta-necesaria-para-mejorar-la-asistencia-al-paciente\/#breadcrumb\"},\"inLanguage\":\"ca\",\"potentialAction\":[{\"@type\":\"ReadAction\",\"target\":[\"https:\/\/novaorg.cofb.net\/2023\/03\/24\/crear-un-canal-de-comunicacion-eficaz-entre-profesionales-sanitarios-una-herramienta-necesaria-para-mejorar-la-asistencia-al-paciente\/\"]}]},{\"@type\":\"ImageObject\",\"inLanguage\":\"ca\",\"@id\":\"https:\/\/novaorg.cofb.net\/2023\/03\/24\/crear-un-canal-de-comunicacion-eficaz-entre-profesionales-sanitarios-una-herramienta-necesaria-para-mejorar-la-asistencia-al-paciente\/#primaryimage\",\"url\":\"https:\/\/www.cofb.org\/wp-content\/uploads\/2023\/03\/3e39200a-363a-427d-99bf-76f867dabb2d-9zjPSu.jpeg\",\"contentUrl\":\"https:\/\/www.cofb.org\/wp-content\/uploads\/2023\/03\/3e39200a-363a-427d-99bf-76f867dabb2d-9zjPSu.jpeg\",\"width\":945,\"height\":630},{\"@type\":\"BreadcrumbList\",\"@id\":\"https:\/\/novaorg.cofb.net\/2023\/03\/24\/crear-un-canal-de-comunicacion-eficaz-entre-profesionales-sanitarios-una-herramienta-necesaria-para-mejorar-la-asistencia-al-paciente\/#breadcrumb\",\"itemListElement\":[{\"@type\":\"ListItem\",\"position\":1,\"name\":\"Inici\",\"item\":\"https:\/\/novaorg.cofb.net\/\"},{\"@type\":\"ListItem\",\"position\":2,\"name\":\"Crear un canal de comunicaci\u00f3n eficaz entre profesionales sanitarios, una herramienta necesaria para mejorar la asistencia al paciente\"}]},{\"@type\":\"WebSite\",\"@id\":\"https:\/\/www.cofb.org\/#website\",\"url\":\"https:\/\/www.cofb.org\/\",\"name\":\"Col\u00b7legi de Farmac\u00e8utics de Barcelona\",\"description\":\"\",\"publisher\":{\"@id\":\"https:\/\/www.cofb.org\/#organization\"},\"potentialAction\":[{\"@type\":\"SearchAction\",\"target\":{\"@type\":\"EntryPoint\",\"urlTemplate\":\"https:\/\/www.cofb.org\/?s={search_term_string}\"},\"query-input\":\"required name=search_term_string\"}],\"inLanguage\":\"ca\"},{\"@type\":\"Organization\",\"@id\":\"https:\/\/www.cofb.org\/#organization\",\"name\":\"Col\u00b7legi de Farmac\u00e8utics de Barcelona\",\"url\":\"https:\/\/www.cofb.org\/\",\"logo\":{\"@type\":\"ImageObject\",\"inLanguage\":\"ca\",\"@id\":\"https:\/\/www.cofb.org\/#\/schema\/logo\/image\/\",\"url\":\"https:\/\/www.cofb.org\/wp-content\/uploads\/2023\/11\/cropped-Logotip-COFB.png\",\"contentUrl\":\"https:\/\/www.cofb.org\/wp-content\/uploads\/2023\/11\/cropped-Logotip-COFB.png\",\"width\":500,\"height\":105,\"caption\":\"Col\u00b7legi de Farmac\u00e8utics de Barcelona\"},\"image\":{\"@id\":\"https:\/\/www.cofb.org\/#\/schema\/logo\/image\/\"},\"sameAs\":[\"https:\/\/www.facebook.com\/farmaceuticsbcn\/\",\"https:\/\/twitter.com\/farmaceuticsbcn\",\"https:\/\/www.instagram.com\/farmaceuticsbcn\/\",\"https:\/\/www.linkedin.com\/company\/farmaceuticsbcn\/\"]},{\"@type\":\"Person\",\"@id\":\"https:\/\/www.cofb.org\/#\/schema\/person\/22ed7eea88da74b0fa4d3154ad87ffcb\",\"name\":\"wpAdminCofbOrg\",\"image\":{\"@type\":\"ImageObject\",\"inLanguage\":\"ca\",\"@id\":\"https:\/\/www.cofb.org\/#\/schema\/person\/image\/\",\"url\":\"https:\/\/secure.gravatar.com\/avatar\/1721b20b3b8ca882c3b56ec6c978c594fff670e40c0718e9190eaeeb76aae7d8?s=96&d=mm&r=g\",\"contentUrl\":\"https:\/\/secure.gravatar.com\/avatar\/1721b20b3b8ca882c3b56ec6c978c594fff670e40c0718e9190eaeeb76aae7d8?s=96&d=mm&r=g\",\"caption\":\"wpAdminCofbOrg\"},\"sameAs\":[\"http:\/\/192.168.64.122\/wordpress\"],\"url\":\"https:\/\/www.cofb.org\/ca\/author\/wpadmincofborg\/\"}]}<\/script>\n<!-- \/ Yoast SEO plugin. -->","yoast_head_json":{"title":"Crear un canal de comunicaci\u00f3n eficaz entre profesionales sanitarios, una herramienta necesaria para mejorar la asistencia al paciente - Col\u00b7legi de Farmac\u00e8utics de Barcelona","robots":{"index":"index","follow":"follow","max-snippet":"max-snippet:-1","max-image-preview":"max-image-preview:large","max-video-preview":"max-video-preview:-1"},"canonical":"https:\/\/novaorg.cofb.net\/2023\/03\/24\/crear-un-canal-de-comunicacion-eficaz-entre-profesionales-sanitarios-una-herramienta-necesaria-para-mejorar-la-asistencia-al-paciente\/","og_locale":"ca_ES","og_type":"article","og_title":"Crear un canal de comunicaci\u00f3n eficaz entre profesionales sanitarios, una herramienta necesaria para mejorar la asistencia al paciente - Col\u00b7legi de Farmac\u00e8utics de Barcelona","og_description":"\u00a0 Representantes de diferentes profesiones sanitarias \u2013Farmacia, Odontolog\u00eda y Estomatolog\u00eda, Infermer\u00eda, Medicina y Veterinaria\u2013, coincidieron en la necesidad de establecer un canal de comunicaci\u00f3n bidireccional adaptado a las distintas necesidades de los agentes de salud En el marco de Infarma Barcelona 2023, tambi\u00e9n se presentaron tres proyectos de colaboraci\u00f3n multidisciplinar [&hellip;]","og_url":"https:\/\/novaorg.cofb.net\/2023\/03\/24\/crear-un-canal-de-comunicacion-eficaz-entre-profesionales-sanitarios-una-herramienta-necesaria-para-mejorar-la-asistencia-al-paciente\/","og_site_name":"Col\u00b7legi de Farmac\u00e8utics de Barcelona","article_publisher":"https:\/\/www.facebook.com\/farmaceuticsbcn\/","article_published_time":"2023-03-24T14:54:00+00:00","article_modified_time":"2024-02-26T10:35:56+00:00","og_image":[{"width":945,"height":630,"url":"https:\/\/novaorg.cofb.net\/wp-content\/uploads\/2023\/03\/3e39200a-363a-427d-99bf-76f867dabb2d-9zjPSu.jpeg","type":"image\/jpeg"}],"author":"wpAdminCofbOrg","twitter_card":"summary_large_image","twitter_creator":"@farmaceuticsbcn","twitter_site":"@farmaceuticsbcn","twitter_misc":{"Escrit per":"wpAdminCofbOrg","Temps estimat de lectura":"9 minuts"},"schema":{"@context":"https:\/\/schema.org","@graph":[{"@type":"Article","@id":"https:\/\/novaorg.cofb.net\/2023\/03\/24\/crear-un-canal-de-comunicacion-eficaz-entre-profesionales-sanitarios-una-herramienta-necesaria-para-mejorar-la-asistencia-al-paciente\/#article","isPartOf":{"@id":"https:\/\/novaorg.cofb.net\/2023\/03\/24\/crear-un-canal-de-comunicacion-eficaz-entre-profesionales-sanitarios-una-herramienta-necesaria-para-mejorar-la-asistencia-al-paciente\/"},"author":{"name":"wpAdminCofbOrg","@id":"https:\/\/www.cofb.org\/#\/schema\/person\/22ed7eea88da74b0fa4d3154ad87ffcb"},"headline":"Crear un canal de comunicaci\u00f3n eficaz entre profesionales sanitarios, una herramienta necesaria para mejorar la asistencia al paciente","datePublished":"2023-03-24T14:54:00+00:00","dateModified":"2024-02-26T10:35:56+00:00","mainEntityOfPage":{"@id":"https:\/\/novaorg.cofb.net\/2023\/03\/24\/crear-un-canal-de-comunicacion-eficaz-entre-profesionales-sanitarios-una-herramienta-necesaria-para-mejorar-la-asistencia-al-paciente\/"},"wordCount":1871,"publisher":{"@id":"https:\/\/www.cofb.org\/#organization"},"image":{"@id":"https:\/\/novaorg.cofb.net\/2023\/03\/24\/crear-un-canal-de-comunicacion-eficaz-entre-profesionales-sanitarios-una-herramienta-necesaria-para-mejorar-la-asistencia-al-paciente\/#primaryimage"},"thumbnailUrl":"https:\/\/www.cofb.org\/wp-content\/uploads\/2023\/03\/3e39200a-363a-427d-99bf-76f867dabb2d-9zjPSu.jpeg","articleSection":["Notes de premsa"],"inLanguage":"ca"},{"@type":"WebPage","@id":"https:\/\/novaorg.cofb.net\/2023\/03\/24\/crear-un-canal-de-comunicacion-eficaz-entre-profesionales-sanitarios-una-herramienta-necesaria-para-mejorar-la-asistencia-al-paciente\/","url":"https:\/\/novaorg.cofb.net\/2023\/03\/24\/crear-un-canal-de-comunicacion-eficaz-entre-profesionales-sanitarios-una-herramienta-necesaria-para-mejorar-la-asistencia-al-paciente\/","name":"Crear un canal de comunicaci\u00f3n eficaz entre profesionales sanitarios, una herramienta necesaria para mejorar la asistencia al paciente - Col\u00b7legi de Farmac\u00e8utics de Barcelona","isPartOf":{"@id":"https:\/\/www.cofb.org\/#website"},"primaryImageOfPage":{"@id":"https:\/\/novaorg.cofb.net\/2023\/03\/24\/crear-un-canal-de-comunicacion-eficaz-entre-profesionales-sanitarios-una-herramienta-necesaria-para-mejorar-la-asistencia-al-paciente\/#primaryimage"},"image":{"@id":"https:\/\/novaorg.cofb.net\/2023\/03\/24\/crear-un-canal-de-comunicacion-eficaz-entre-profesionales-sanitarios-una-herramienta-necesaria-para-mejorar-la-asistencia-al-paciente\/#primaryimage"},"thumbnailUrl":"https:\/\/www.cofb.org\/wp-content\/uploads\/2023\/03\/3e39200a-363a-427d-99bf-76f867dabb2d-9zjPSu.jpeg","datePublished":"2023-03-24T14:54:00+00:00","dateModified":"2024-02-26T10:35:56+00:00","breadcrumb":{"@id":"https:\/\/novaorg.cofb.net\/2023\/03\/24\/crear-un-canal-de-comunicacion-eficaz-entre-profesionales-sanitarios-una-herramienta-necesaria-para-mejorar-la-asistencia-al-paciente\/#breadcrumb"},"inLanguage":"ca","potentialAction":[{"@type":"ReadAction","target":["https:\/\/novaorg.cofb.net\/2023\/03\/24\/crear-un-canal-de-comunicacion-eficaz-entre-profesionales-sanitarios-una-herramienta-necesaria-para-mejorar-la-asistencia-al-paciente\/"]}]},{"@type":"ImageObject","inLanguage":"ca","@id":"https:\/\/novaorg.cofb.net\/2023\/03\/24\/crear-un-canal-de-comunicacion-eficaz-entre-profesionales-sanitarios-una-herramienta-necesaria-para-mejorar-la-asistencia-al-paciente\/#primaryimage","url":"https:\/\/www.cofb.org\/wp-content\/uploads\/2023\/03\/3e39200a-363a-427d-99bf-76f867dabb2d-9zjPSu.jpeg","contentUrl":"https:\/\/www.cofb.org\/wp-content\/uploads\/2023\/03\/3e39200a-363a-427d-99bf-76f867dabb2d-9zjPSu.jpeg","width":945,"height":630},{"@type":"BreadcrumbList","@id":"https:\/\/novaorg.cofb.net\/2023\/03\/24\/crear-un-canal-de-comunicacion-eficaz-entre-profesionales-sanitarios-una-herramienta-necesaria-para-mejorar-la-asistencia-al-paciente\/#breadcrumb","itemListElement":[{"@type":"ListItem","position":1,"name":"Inici","item":"https:\/\/novaorg.cofb.net\/"},{"@type":"ListItem","position":2,"name":"Crear un canal de comunicaci\u00f3n eficaz entre profesionales sanitarios, una herramienta necesaria para mejorar la asistencia al paciente"}]},{"@type":"WebSite","@id":"https:\/\/www.cofb.org\/#website","url":"https:\/\/www.cofb.org\/","name":"Col\u00b7legi de Farmac\u00e8utics de Barcelona","description":"","publisher":{"@id":"https:\/\/www.cofb.org\/#organization"},"potentialAction":[{"@type":"SearchAction","target":{"@type":"EntryPoint","urlTemplate":"https:\/\/www.cofb.org\/?s={search_term_string}"},"query-input":"required name=search_term_string"}],"inLanguage":"ca"},{"@type":"Organization","@id":"https:\/\/www.cofb.org\/#organization","name":"Col\u00b7legi de Farmac\u00e8utics de Barcelona","url":"https:\/\/www.cofb.org\/","logo":{"@type":"ImageObject","inLanguage":"ca","@id":"https:\/\/www.cofb.org\/#\/schema\/logo\/image\/","url":"https:\/\/www.cofb.org\/wp-content\/uploads\/2023\/11\/cropped-Logotip-COFB.png","contentUrl":"https:\/\/www.cofb.org\/wp-content\/uploads\/2023\/11\/cropped-Logotip-COFB.png","width":500,"height":105,"caption":"Col\u00b7legi de Farmac\u00e8utics de Barcelona"},"image":{"@id":"https:\/\/www.cofb.org\/#\/schema\/logo\/image\/"},"sameAs":["https:\/\/www.facebook.com\/farmaceuticsbcn\/","https:\/\/twitter.com\/farmaceuticsbcn","https:\/\/www.instagram.com\/farmaceuticsbcn\/","https:\/\/www.linkedin.com\/company\/farmaceuticsbcn\/"]},{"@type":"Person","@id":"https:\/\/www.cofb.org\/#\/schema\/person\/22ed7eea88da74b0fa4d3154ad87ffcb","name":"wpAdminCofbOrg","image":{"@type":"ImageObject","inLanguage":"ca","@id":"https:\/\/www.cofb.org\/#\/schema\/person\/image\/","url":"https:\/\/secure.gravatar.com\/avatar\/1721b20b3b8ca882c3b56ec6c978c594fff670e40c0718e9190eaeeb76aae7d8?s=96&d=mm&r=g","contentUrl":"https:\/\/secure.gravatar.com\/avatar\/1721b20b3b8ca882c3b56ec6c978c594fff670e40c0718e9190eaeeb76aae7d8?s=96&d=mm&r=g","caption":"wpAdminCofbOrg"},"sameAs":["http:\/\/192.168.64.122\/wordpress"],"url":"https:\/\/www.cofb.org\/ca\/author\/wpadmincofborg\/"}]}},"uagb_featured_image_src":{"full":["https:\/\/www.cofb.org\/wp-content\/uploads\/2023\/03\/3e39200a-363a-427d-99bf-76f867dabb2d-9zjPSu.jpeg",945,630,false],"thumbnail":["https:\/\/www.cofb.org\/wp-content\/uploads\/2023\/03\/3e39200a-363a-427d-99bf-76f867dabb2d-9zjPSu-150x150.jpeg",150,150,true],"medium":["https:\/\/www.cofb.org\/wp-content\/uploads\/2023\/03\/3e39200a-363a-427d-99bf-76f867dabb2d-9zjPSu-300x200.jpeg",300,200,true],"medium_large":["https:\/\/www.cofb.org\/wp-content\/uploads\/2023\/03\/3e39200a-363a-427d-99bf-76f867dabb2d-9zjPSu-768x512.jpeg",768,512,true],"large":["https:\/\/www.cofb.org\/wp-content\/uploads\/2023\/03\/3e39200a-363a-427d-99bf-76f867dabb2d-9zjPSu.jpeg",945,630,false],"1536x1536":["https:\/\/www.cofb.org\/wp-content\/uploads\/2023\/03\/3e39200a-363a-427d-99bf-76f867dabb2d-9zjPSu.jpeg",945,630,false],"2048x2048":["https:\/\/www.cofb.org\/wp-content\/uploads\/2023\/03\/3e39200a-363a-427d-99bf-76f867dabb2d-9zjPSu.jpeg",945,630,false],"trp-custom-language-flag":["https:\/\/www.cofb.org\/wp-content\/uploads\/2023\/03\/3e39200a-363a-427d-99bf-76f867dabb2d-9zjPSu-18x12.jpeg",18,12,true]},"uagb_author_info":{"display_name":"wpAdminCofbOrg","author_link":"https:\/\/www.cofb.org\/ca\/author\/wpadmincofborg\/"},"uagb_comment_info":0,"uagb_excerpt":"\u00a0 Representantes de diferentes profesiones sanitarias \u2013Farmacia, Odontolog\u00eda y Estomatolog\u00eda, Infermer\u00eda, Medicina y Veterinaria\u2013, coincidieron en la necesidad de establecer un canal de comunicaci\u00f3n bidireccional adaptado a las distintas necesidades de los agentes de salud En el marco de Infarma Barcelona 2023, tambi\u00e9n se presentaron tres proyectos de colaboraci\u00f3n multidisciplinar [&hellip;]","_links":{"self":[{"href":"https:\/\/www.cofb.org\/ca\/wp-json\/wp\/v2\/posts\/76928","targetHints":{"allow":["GET"]}}],"collection":[{"href":"https:\/\/www.cofb.org\/ca\/wp-json\/wp\/v2\/posts"}],"about":[{"href":"https:\/\/www.cofb.org\/ca\/wp-json\/wp\/v2\/types\/post"}],"author":[{"embeddable":true,"href":"https:\/\/www.cofb.org\/ca\/wp-json\/wp\/v2\/users\/1"}],"replies":[{"embeddable":true,"href":"https:\/\/www.cofb.org\/ca\/wp-json\/wp\/v2\/comments?post=76928"}],"version-history":[{"count":1,"href":"https:\/\/www.cofb.org\/ca\/wp-json\/wp\/v2\/posts\/76928\/revisions"}],"predecessor-version":[{"id":77698,"href":"https:\/\/www.cofb.org\/ca\/wp-json\/wp\/v2\/posts\/76928\/revisions\/77698"}],"wp:featuredmedia":[{"embeddable":true,"href":"https:\/\/www.cofb.org\/ca\/wp-json\/wp\/v2\/media\/76929"}],"wp:attachment":[{"href":"https:\/\/www.cofb.org\/ca\/wp-json\/wp\/v2\/media?parent=76928"}],"wp:term":[{"taxonomy":"category","embeddable":true,"href":"https:\/\/www.cofb.org\/ca\/wp-json\/wp\/v2\/categories?post=76928"},{"taxonomy":"post_tag","embeddable":true,"href":"https:\/\/www.cofb.org\/ca\/wp-json\/wp\/v2\/tags?post=76928"}],"curies":[{"name":"wp","href":"https:\/\/api.w.org\/{rel}","templated":true}]}}