{"id":76924,"date":"2023-03-27T17:52:00","date_gmt":"2023-03-27T17:52:00","guid":{"rendered":"https:\/\/novaorg.cofb.net\/2023\/03\/27\/el-espacio-iniciativas-de-exito-de-infarma-barcelona-2023-da-a-conocer-doce-proyectos-innovadores-impulsados-por-colegios-de-farmaceuticos-de-espana\/"},"modified":"2024-02-26T10:35:20","modified_gmt":"2024-02-26T10:35:20","slug":"el-espacio-iniciativas-de-exito-de-infarma-barcelona-2023-da-a-conocer-doce-proyectos-innovadores-impulsados-por-colegios-de-farmaceuticos-de-espana","status":"publish","type":"post","link":"https:\/\/www.cofb.org\/ca\/2023\/03\/27\/el-espacio-iniciativas-de-exito-de-infarma-barcelona-2023-da-a-conocer-doce-proyectos-innovadores-impulsados-por-colegios-de-farmaceuticos-de-espana\/","title":{"rendered":"El espacio \u201cIniciativas de \u00e9xito\u201d de Infarma Barcelona 2023 da a conocer doce proyectos innovadores impulsados por Colegios de Farmac\u00e9uticos de Espa\u00f1a"},"content":{"rendered":"<p>\u00a0<\/p>\n<ul>\n<li><strong>Los Colegios Oficiales de Farmac\u00e9uticos de Alicante, Asturias, Andaluc\u00eda, Cantabria, Galicia, Guip\u00fazcoa, Lleida, Murcia, Palencia, Tarragona y Valencia <\/strong>presentaron sus iniciativas con el objetivo de contribuir a <strong>hacer crecer el valor de la oficina de farmacia<\/strong><\/li>\n<li>La<strong> adherencia a los tratamientos <\/strong>y promover un <strong>buen uso de los medicamentos<\/strong>, los <strong>servicios profesionales asistenciales<\/strong>, la <strong>comunicaci\u00f3n entre profesionales sanitarios<\/strong> y la<strong> farmacia rural<\/strong>, fueron los temas centrales de los proyectos que se presentaron<\/li>\n<\/ul>\n<p><img decoding=\"async\" alt=\"\" src=\"https:\/\/www.cofb.org\/documents\/10136\/1091470\/COFB_INFARMA_INICIATIVAS+DE+%C3%89XITO.JPG\/3059b4de-ad7e-4e50-a885-5a62ea3d84a1?t=1679932324311\"><\/p>\n<p>Diferentes Colegios de Farmac\u00e9uticos de Espa\u00f1a presentaron doce proyectos profesionales innovadores en Infarma Barcelona 2023. Lo hicieron en el marco del espacio \u201cIniciativas de \u00e9xito\u201d, que tuvo lugar el 16 de marzo y estuvo moderado por el director del Congreso y vocal de Oficina de Farmacia del Col\u00b7legi de Farmac\u00e8utics de Barcelona (COFB), <strong>Guillermo Bagar\u00eda<\/strong>, y el vocal de titulares de Oficinas de Farmacia del Colegio Oficial de Farmac\u00e9uticos de Madrid (COFM), <strong>Jos\u00e9 Manuel Becerra<\/strong>.<\/p>\n<p>Con el fin de dar a conocer <strong>ideas exitosas<\/strong> para hacer <strong>crecer el valor de la oficina de farmacia, representantes de los Colegios de Farmac\u00e9uticos<\/strong> compartieron sus proyectos. De esta forma, Infarma Barcelona 2023 se convirti\u00f3 en un altavoz de las iniciativas que han contribuido en la <strong>mejora de la profesi\u00f3n<\/strong>, dando <strong>continuidad a un formato<\/strong> realizado en anteriores ediciones de Infarma Madrid.<\/p>\n<p><u><strong>\u201cIniciativas de \u00e9xito\u201d de los Colegios de Farmac\u00e9uticos<\/strong><\/u><\/p>\n<p><strong>Experiencias para mejorar la adherencia a los tratamientos y promover un buen uso de los medicamentos<\/strong><\/p>\n<p>Tres colegios expusieron sus experiencias llevando a cabo programas de Sistemas Personalizados de Dosificaci\u00f3n (SPD) para mejorar la adherencia terap\u00e9utica y garantizar la efectividad y seguridad de los tratamientos establecidos. El Colegio Oficial de Farmac\u00e9uticos de <strong>Cantabria <\/strong>visibiliz\u00f3 el <strong>\u201cPrograma de optimizaci\u00f3n de la adherencia al tratamiento farmacoterap\u00e9utico mediante sistemas personalizados de dosificaci\u00f3n\u201d<\/strong>, que tiene por objetivo la optimizaci\u00f3n del uso de los medicamentos en personas dependientes o aut\u00f3nomas, seleccionadas por los Servicios Sociales municipales, contribuyendo as\u00ed a asegurar su seguridad y efectividad.<\/p>\n<p>Por su parte, los <strong>Colegios Oficiales de Farmac\u00e9uticos de Galicia<\/strong> presentaron el <strong>\u201cPrograma de Mejora de la adherencia terap\u00e9utica a trav\u00e9s de Preparaci\u00f3n y Entrega de SPD\u201d<\/strong>. Con este programa, las oficinas de farmacia facilitan sistemas personalizados de dosificaci\u00f3n a los pacientes que lo solicitan, con el fin de mejorar el cumplimiento terap\u00e9utico en los tratamientos con las condiciones y requisitos que se establezcan reglamentariamente.<\/p>\n<p>Por otro lado, el <strong>Colegio Oficial de Farmac\u00e9uticos de Alicante <\/strong>comparti\u00f3 el proyecto <strong>\u201cColaboraci\u00f3n de las oficinas de farmacia de la Comunidad Valenciana en la recepci\u00f3n en proximidad por el paciente no ingresado de medicamentos de dispensaci\u00f3n hospitalaria\u201d<\/strong>. Asimismo, el <strong>Colegio Oficial de Farmac\u00e9uticos de la Regi\u00f3n de Murcia<\/strong> expuso el programa comunitario <strong>\u201cYoNoMeBenzo\u201d<\/strong>, enfocado al control y al uso adecuado de benzodiacepinas.<\/p>\n<p><strong>Iniciativas para una farmacia m\u00e1s asistencial<\/strong><\/p>\n<p>Durante la sesi\u00f3n, tambi\u00e9n se compartieron proyectos entorno a los <strong>servicios farmac\u00e9uticos asistenciales <\/strong>que se prestan desde la farmacia comunitaria. Fue el caso del <strong>Colegio Oficial de Farmac\u00e9uticos de Guip\u00fazcoa<\/strong>, que habl\u00f3 de la <strong>\u201cAtenci\u00f3n farmac\u00e9utica domiciliaria a paciente fr\u00e1giles\u201d<\/strong>. En la presentaci\u00f3n se explic\u00f3 que, en colaboraci\u00f3n con la Fundaci\u00f3n Hurkoa, contribuyen a la asistencia farmac\u00e9utica domiciliaria a pacientes vulnerables que no pueden desplazarse a la farmacia comunitaria.<\/p>\n<p><strong>\u201cMAPAFarma\u201d<\/strong> fue otra de las iniciativas expuestas durante la jornada por el <strong>Consejo Andaluz de Colegios Oficiales de Farmac\u00e9uticos<\/strong>. Seg\u00fan se detall\u00f3, se trata de una prueba de la Monitorizaci\u00f3n Ambulatoria de la Presi\u00f3n Arterial (MAPA) que permite medir la presi\u00f3n arterial durante 24 horas, tanto durante el d\u00eda como durante la noche, mientras el paciente realiza su actividad normal.<\/p>\n<p>El <strong>Col\u00b7legi de Farmac\u00e8utics de Tarragona<\/strong> dio a conocer \u201c<strong>Alletafarma<\/strong>\u201d, que tiene como fin fomentar que los farmac\u00e9uticos se formen en lactancia materna, y que la farmacia se convierta en un apoyo para las madres y familiares. Ante la buena acogida del programa, pr\u00f3ximamente el servicio Alletafarma tambi\u00e9n se ofrecer\u00e1 desde la plataforma Farmaserveis. Otro de los proyectos seleccionados fue el <strong>\u201cCribado en enfermedad de Chagas\u201d<\/strong>, llevado a cabo por el <strong>Colegio Oficial de Farmac\u00e9uticos de la Regi\u00f3n de Murcia.<\/strong><\/p>\n<p><strong>Comunicaci\u00f3n entre profesionales sanitarios<\/strong><\/p>\n<p>El <strong>Colegio Oficial de Farmac\u00e9uticos de Asturias <\/strong>present\u00f3 el <strong>\u201cProyecto de comunicaci\u00f3n de la Oficina de Farmacia con los m\u00e9dicos de los Centros de Salud\u201d<\/strong>. Seg\u00fan explicaron, se trata de un proyecto piloto innovador que crear\u00e1 un canal de comunicaci\u00f3n entre los centros de salud y las farmacias de Asturias.<\/p>\n<p><strong>Proyectos en el entorno rural<\/strong><\/p>\n<p>Finalmente, tambi\u00e9n se presentaron proyectos relacionados con la<strong> farmacia rural<\/strong>. Uno de ellos fue el programa \u201c<strong>DOSICAT<\/strong>\u201d, del <strong>Col\u00b7legi Oficial de Farmac\u00e8utics de Lleida<\/strong>, con el que ofrecen servicios farmac\u00e9uticos en el entorno rural para la mejora de la salud y la calidad de vida de los pacientes, contribuir a la sostenibilidad de las farmacias rurales y frenar la despoblaci\u00f3n de las zonas rurales. Con un objetivo similar naci\u00f3 \u201c<strong>Mi dosis<\/strong>\u201d, del <strong>Colegio Oficial de Farmac\u00e9uticos de Palencia<\/strong>, que se trata de un servicio de adherencia terap\u00e9utica en el medio rural.<\/p>\n<p>Por otro lado, con los objetivos de mejorar el bienestar de las personas, dar visibilidad a las poblaciones y poner en valor la labor de los farmac\u00e9uticos, el <strong>Muy Ilustre Colegio de Farmac\u00e9uticos de Valencia<\/strong> detall\u00f3 en qu\u00e9 consiste el proyecto \u201c<strong>Sostenibilidad de la farmacia rural y VEC como base para la mejora de la vida en el medio rural y su despoblaci\u00f3n\u201d.<\/strong><\/p>\n<p>\u00a0Los Colegios Oficiales de Farmac\u00e9uticos de Alicante, Asturias, Andaluc\u00eda, Cantabria, Galicia, Guip\u00fazcoa, Lleida, Murcia, Palencia, Tarragona y Valencia presentaron sus iniciativas con el objetivo de contribuir a hacer crecer el valor de la oficina de farmacia<br \/>\n\tLa adherencia a los tratamientos y promover un buen uso de los medicamentos, los servicios profesionales asistenciales, la comunicaci\u00f3n entre profesionales sanitarios y la farmacia rural, fueron los temas centrales de los proyectos que se presentaron<\/p>\n<p>Diferentes Colegios de Farmac\u00e9uticos de Espa\u00f1a presentaron doce proyectos profesionales innovadores en Infarma Barcelona 2023. Lo hicieron en el marco del espacio \u201cIniciativas de \u00e9xito\u201d, que tuvo lugar el 16 de marzo y estuvo moderado por el director del Congreso y vocal de Oficina de Farmacia del Col\u00b7legi de Farmac\u00e8utics de Barcelona (COFB), Guillermo Bagar\u00eda, y el vocal de titulares de Oficinas de Farmacia del Colegio Oficial de Farmac\u00e9uticos de Madrid (COFM), Jos\u00e9 Manuel Becerra.<\/p>\n<p>Con el fin de dar a conocer ideas exitosas para hacer crecer el valor de la oficina de farmacia, representantes de los Colegios de Farmac\u00e9uticos compartieron sus proyectos. De esta forma, Infarma Barcelona 2023 se convirti\u00f3 en un altavoz de las iniciativas que han contribuido en la mejora de la profesi\u00f3n, dando continuidad a un formato realizado en anteriores ediciones de Infarma Madrid.<\/p>\n<p>\u201cIniciativas de \u00e9xito\u201d de los Colegios de Farmac\u00e9uticos<\/p>\n<p>Experiencias para mejorar la adherencia a los tratamientos y promover un buen uso de los medicamentos<\/p>\n<p>Tres colegios expusieron sus experiencias llevando a cabo programas de Sistemas Personalizados de Dosificaci\u00f3n (SPD) para mejorar la adherencia terap\u00e9utica y garantizar la efectividad y seguridad de los tratamientos establecidos. El Colegio Oficial de Farmac\u00e9uticos de Cantabria visibiliz\u00f3 el \u201cPrograma de optimizaci\u00f3n de la adherencia al tratamiento farmacoterap\u00e9utico mediante sistemas personalizados de dosificaci\u00f3n\u201d, que tiene por objetivo la optimizaci\u00f3n del uso de los medicamentos en personas dependientes o aut\u00f3nomas, seleccionadas por los Servicios Sociales municipales, contribuyendo as\u00ed a asegurar su seguridad y efectividad.<\/p>\n<p>Por su parte, los Colegios Oficiales de Farmac\u00e9uticos de Galicia presentaron el \u201cPrograma de Mejora de la adherencia terap\u00e9utica a trav\u00e9s de Preparaci\u00f3n y Entrega de SPD\u201d. Con este programa, las oficinas de farmacia facilitan sistemas personalizados de dosificaci\u00f3n a los pacientes que lo solicitan, con el fin de mejorar el cumplimiento terap\u00e9utico en los tratamientos con las condiciones y requisitos que se establezcan reglamentariamente.<\/p>\n<p>Por otro lado, el Colegio Oficial de Farmac\u00e9uticos de Alicante comparti\u00f3 el proyecto \u201cColaboraci\u00f3n de las oficinas de farmacia de la Comunidad Valenciana en la recepci\u00f3n en proximidad por el paciente no ingresado de medicamentos de dispensaci\u00f3n hospitalaria\u201d. Asimismo, el Colegio Oficial de Farmac\u00e9uticos de la Regi\u00f3n de Murcia expuso el programa comunitario \u201cYoNoMeBenzo\u201d, enfocado al control y al uso adecuado de benzodiacepinas.<\/p>\n<p>Iniciativas para una farmacia m\u00e1s asistencial<\/p>\n<p>Durante la sesi\u00f3n, tambi\u00e9n se compartieron proyectos entorno a los servicios farmac\u00e9uticos asistenciales que se prestan desde la farmacia comunitaria. Fue el caso del Colegio Oficial de Farmac\u00e9uticos de Guip\u00fazcoa, que habl\u00f3 de la \u201cAtenci\u00f3n farmac\u00e9utica domiciliaria a paciente fr\u00e1giles\u201d. En la presentaci\u00f3n se explic\u00f3 que, en colaboraci\u00f3n con la Fundaci\u00f3n Hurkoa, contribuyen a la asistencia farmac\u00e9utica domiciliaria a pacientes vulnerables que no pueden desplazarse a la farmacia comunitaria.<\/p>\n<p>\u201cMAPAFarma\u201d fue otra de las iniciativas expuestas durante la jornada por el Consejo Andaluz de Colegios Oficiales de Farmac\u00e9uticos. Seg\u00fan se detall\u00f3, se trata de una prueba de la Monitorizaci\u00f3n Ambulatoria de la Presi\u00f3n Arterial (MAPA) que permite medir la presi\u00f3n arterial durante 24 horas, tanto durante el d\u00eda como durante la noche, mientras el paciente realiza su actividad normal.<\/p>\n<p>El Col\u00b7legi de Farmac\u00e8utics de Tarragona dio a conocer \u201cAlletafarma\u201d, que tiene como fin fomentar que los farmac\u00e9uticos se formen en lactancia materna, y que la farmacia se convierta en un apoyo para las madres y familiares. Ante la buena acogida del programa, pr\u00f3ximamente el servicio Alletafarma tambi\u00e9n se ofrecer\u00e1 desde la plataforma Farmaserveis. Otro de los proyectos seleccionados fue el \u201cCribado en enfermedad de Chagas\u201d, llevado a cabo por el Colegio Oficial de Farmac\u00e9uticos de la Regi\u00f3n de Murcia.<\/p>\n<p>Comunicaci\u00f3n entre profesionales sanitarios<\/p>\n<p>El Colegio Oficial de Farmac\u00e9uticos de Asturias present\u00f3 el \u201cProyecto de comunicaci\u00f3n de la Oficina de Farmacia con los m\u00e9dicos de los Centros de Salud\u201d. Seg\u00fan explicaron, se trata de un proyecto piloto innovador que crear\u00e1 un canal de comunicaci\u00f3n entre los centros de salud y las farmacias de Asturias.<\/p>\n<p>Proyectos en el entorno rural<\/p>\n<p>Finalmente, tambi\u00e9n se presentaron proyectos relacionados con la farmacia rural. Uno de ellos fue el programa \u201cDOSICAT\u201d, del Col\u00b7legi Oficial de Farmac\u00e8utics de Lleida, con el que ofrecen servicios farmac\u00e9uticos en el entorno rural para la mejora de la salud y la calidad de vida de los pacientes, contribuir a la sostenibilidad de las farmacias rurales y frenar la despoblaci\u00f3n de las zonas rurales. Con un objetivo similar naci\u00f3 \u201cMi dosis\u201d, del Colegio Oficial de Farmac\u00e9uticos de Palencia, que se trata de un servicio de adherencia terap\u00e9utica en el medio rural.<\/p>\n<p>Por otro lado, con los objetivos de mejorar el bienestar de las personas, dar visibilidad a las poblaciones y poner en valor la labor de los farmac\u00e9uticos, el Muy Ilustre Colegio de Farmac\u00e9uticos de Valencia detall\u00f3 en qu\u00e9 consiste el proyecto \u201cSostenibilidad de la farmacia rural y VEC como base para la mejora de la vida en el medio rural y su despoblaci\u00f3n\u201d.\u00a0\u00a0COFB.ORG<\/p>\n","protected":false},"excerpt":{"rendered":"<p>\u00a0 Los Colegios Oficiales de Farmac\u00e9uticos de Alicante, Asturias, Andaluc\u00eda, Cantabria, Galicia, Guip\u00fazcoa, Lleida, Murcia, Palencia, Tarragona y Valencia presentaron sus iniciativas con el objetivo de contribuir a hacer crecer el valor de la oficina de farmacia La adherencia a los tratamientos y promover un buen uso de los medicamentos, [&hellip;]<\/p>\n","protected":false},"author":1,"featured_media":76925,"comment_status":"closed","ping_status":"","sticky":false,"template":"","format":"aside","meta":{"_uag_custom_page_level_css":"","site-sidebar-layout":"default","site-content-layout":"","ast-site-content-layout":"default","site-content-style":"default","site-sidebar-style":"default","ast-global-header-display":"","ast-banner-title-visibility":"","ast-main-header-display":"","ast-hfb-above-header-display":"","ast-hfb-below-header-display":"","ast-hfb-mobile-header-display":"","site-post-title":"","ast-breadcrumbs-content":"","ast-featured-img":"disabled","footer-sml-layout":"","theme-transparent-header-meta":"","adv-header-id-meta":"","stick-header-meta":"","header-above-stick-meta":"","header-main-stick-meta":"","header-below-stick-meta":"","astra-migrate-meta-layouts":"set","ast-page-background-enabled":"default","ast-page-background-meta":{"desktop":{"background-color":"var(--ast-global-color-4)","background-image":"","background-repeat":"repeat","background-position":"center center","background-size":"auto","background-attachment":"scroll","background-type":"","background-media":"","overlay-type":"","overlay-color":"","overlay-opacity":"","overlay-gradient":""},"tablet":{"background-color":"","background-image":"","background-repeat":"repeat","background-position":"center center","background-size":"auto","background-attachment":"scroll","background-type":"","background-media":"","overlay-type":"","overlay-color":"","overlay-opacity":"","overlay-gradient":""},"mobile":{"background-color":"","background-image":"","background-repeat":"repeat","background-position":"center center","background-size":"auto","background-attachment":"scroll","background-type":"","background-media":"","overlay-type":"","overlay-color":"","overlay-opacity":"","overlay-gradient":""}},"ast-content-background-meta":{"desktop":{"background-color":"var(--ast-global-color-5)","background-image":"","background-repeat":"repeat","background-position":"center center","background-size":"auto","background-attachment":"scroll","background-type":"","background-media":"","overlay-type":"","overlay-color":"","overlay-opacity":"","overlay-gradient":""},"tablet":{"background-color":"var(--ast-global-color-5)","background-image":"","background-repeat":"repeat","background-position":"center center","background-size":"auto","background-attachment":"scroll","background-type":"","background-media":"","overlay-type":"","overlay-color":"","overlay-opacity":"","overlay-gradient":""},"mobile":{"background-color":"var(--ast-global-color-5)","background-image":"","background-repeat":"repeat","background-position":"center center","background-size":"auto","background-attachment":"scroll","background-type":"","background-media":"","overlay-type":"","overlay-color":"","overlay-opacity":"","overlay-gradient":""}},"footnotes":""},"categories":[1060],"tags":[],"class_list":["post-76924","post","type-post","status-publish","format-aside","has-post-thumbnail","hentry","category-notes-premsa","post_format-post-format-aside"],"yoast_head":"<!-- This site is optimized with the Yoast SEO plugin v22.4 - https:\/\/yoast.com\/wordpress\/plugins\/seo\/ -->\n<title>El espacio \u201cIniciativas de \u00e9xito\u201d de Infarma Barcelona 2023 da a conocer doce proyectos innovadores impulsados por Colegios de Farmac\u00e9uticos de Espa\u00f1a - Col\u00b7legi de Farmac\u00e8utics de Barcelona<\/title>\n<meta name=\"robots\" content=\"index, follow, max-snippet:-1, max-image-preview:large, max-video-preview:-1\" \/>\n<link rel=\"canonical\" href=\"https:\/\/novaorg.cofb.net\/2023\/03\/27\/el-espacio-iniciativas-de-exito-de-infarma-barcelona-2023-da-a-conocer-doce-proyectos-innovadores-impulsados-por-colegios-de-farmaceuticos-de-espana\/\" \/>\n<meta property=\"og:locale\" content=\"ca_ES\" \/>\n<meta property=\"og:type\" content=\"article\" \/>\n<meta property=\"og:title\" content=\"El espacio \u201cIniciativas de \u00e9xito\u201d de Infarma Barcelona 2023 da a conocer doce proyectos innovadores impulsados por Colegios de Farmac\u00e9uticos de Espa\u00f1a - Col\u00b7legi de Farmac\u00e8utics de Barcelona\" \/>\n<meta property=\"og:description\" content=\"\u00a0 Los Colegios Oficiales de Farmac\u00e9uticos de Alicante, Asturias, Andaluc\u00eda, Cantabria, Galicia, Guip\u00fazcoa, Lleida, Murcia, Palencia, Tarragona y Valencia presentaron sus iniciativas con el objetivo de contribuir a hacer crecer el valor de la oficina de farmacia La adherencia a los tratamientos y promover un buen uso de los medicamentos, [&hellip;]\" \/>\n<meta property=\"og:url\" content=\"https:\/\/novaorg.cofb.net\/2023\/03\/27\/el-espacio-iniciativas-de-exito-de-infarma-barcelona-2023-da-a-conocer-doce-proyectos-innovadores-impulsados-por-colegios-de-farmaceuticos-de-espana\/\" \/>\n<meta property=\"og:site_name\" content=\"Col\u00b7legi de Farmac\u00e8utics de Barcelona\" \/>\n<meta property=\"article:publisher\" content=\"https:\/\/www.facebook.com\/farmaceuticsbcn\/\" \/>\n<meta property=\"article:published_time\" content=\"2023-03-27T17:52:00+00:00\" \/>\n<meta property=\"article:modified_time\" content=\"2024-02-26T10:35:20+00:00\" \/>\n<meta property=\"og:image\" content=\"https:\/\/novaorg.cofb.net\/wp-content\/uploads\/2023\/03\/3059b4de-ad7e-4e50-a885-5a62ea3d84a1-DYy2fX.jpeg\" \/>\n\t<meta property=\"og:image:width\" content=\"1919\" \/>\n\t<meta property=\"og:image:height\" content=\"991\" \/>\n\t<meta property=\"og:image:type\" content=\"image\/jpeg\" \/>\n<meta name=\"author\" content=\"wpAdminCofbOrg\" \/>\n<meta name=\"twitter:card\" content=\"summary_large_image\" \/>\n<meta name=\"twitter:creator\" content=\"@farmaceuticsbcn\" \/>\n<meta name=\"twitter:site\" content=\"@farmaceuticsbcn\" \/>\n<meta name=\"twitter:label1\" content=\"Escrit per\" \/>\n\t<meta name=\"twitter:data1\" content=\"wpAdminCofbOrg\" \/>\n\t<meta name=\"twitter:label2\" content=\"Temps estimat de lectura\" \/>\n\t<meta name=\"twitter:data2\" content=\"9 minuts\" \/>\n<script type=\"application\/ld+json\" class=\"yoast-schema-graph\">{\"@context\":\"https:\/\/schema.org\",\"@graph\":[{\"@type\":\"Article\",\"@id\":\"https:\/\/novaorg.cofb.net\/2023\/03\/27\/el-espacio-iniciativas-de-exito-de-infarma-barcelona-2023-da-a-conocer-doce-proyectos-innovadores-impulsados-por-colegios-de-farmaceuticos-de-espana\/#article\",\"isPartOf\":{\"@id\":\"https:\/\/novaorg.cofb.net\/2023\/03\/27\/el-espacio-iniciativas-de-exito-de-infarma-barcelona-2023-da-a-conocer-doce-proyectos-innovadores-impulsados-por-colegios-de-farmaceuticos-de-espana\/\"},\"author\":{\"name\":\"wpAdminCofbOrg\",\"@id\":\"https:\/\/www.cofb.org\/#\/schema\/person\/22ed7eea88da74b0fa4d3154ad87ffcb\"},\"headline\":\"El espacio \u201cIniciativas de \u00e9xito\u201d de Infarma Barcelona 2023 da a conocer doce proyectos innovadores impulsados por Colegios de Farmac\u00e9uticos de Espa\u00f1a\",\"datePublished\":\"2023-03-27T17:52:00+00:00\",\"dateModified\":\"2024-02-26T10:35:20+00:00\",\"mainEntityOfPage\":{\"@id\":\"https:\/\/novaorg.cofb.net\/2023\/03\/27\/el-espacio-iniciativas-de-exito-de-infarma-barcelona-2023-da-a-conocer-doce-proyectos-innovadores-impulsados-por-colegios-de-farmaceuticos-de-espana\/\"},\"wordCount\":1913,\"publisher\":{\"@id\":\"https:\/\/www.cofb.org\/#organization\"},\"image\":{\"@id\":\"https:\/\/novaorg.cofb.net\/2023\/03\/27\/el-espacio-iniciativas-de-exito-de-infarma-barcelona-2023-da-a-conocer-doce-proyectos-innovadores-impulsados-por-colegios-de-farmaceuticos-de-espana\/#primaryimage\"},\"thumbnailUrl\":\"https:\/\/www.cofb.org\/wp-content\/uploads\/2023\/03\/3059b4de-ad7e-4e50-a885-5a62ea3d84a1-DYy2fX.jpeg\",\"articleSection\":[\"Notes de premsa\"],\"inLanguage\":\"ca\"},{\"@type\":\"WebPage\",\"@id\":\"https:\/\/novaorg.cofb.net\/2023\/03\/27\/el-espacio-iniciativas-de-exito-de-infarma-barcelona-2023-da-a-conocer-doce-proyectos-innovadores-impulsados-por-colegios-de-farmaceuticos-de-espana\/\",\"url\":\"https:\/\/novaorg.cofb.net\/2023\/03\/27\/el-espacio-iniciativas-de-exito-de-infarma-barcelona-2023-da-a-conocer-doce-proyectos-innovadores-impulsados-por-colegios-de-farmaceuticos-de-espana\/\",\"name\":\"El espacio \u201cIniciativas de \u00e9xito\u201d de Infarma Barcelona 2023 da a conocer doce proyectos innovadores impulsados por Colegios de Farmac\u00e9uticos de Espa\u00f1a - Col\u00b7legi de Farmac\u00e8utics de Barcelona\",\"isPartOf\":{\"@id\":\"https:\/\/www.cofb.org\/#website\"},\"primaryImageOfPage\":{\"@id\":\"https:\/\/novaorg.cofb.net\/2023\/03\/27\/el-espacio-iniciativas-de-exito-de-infarma-barcelona-2023-da-a-conocer-doce-proyectos-innovadores-impulsados-por-colegios-de-farmaceuticos-de-espana\/#primaryimage\"},\"image\":{\"@id\":\"https:\/\/novaorg.cofb.net\/2023\/03\/27\/el-espacio-iniciativas-de-exito-de-infarma-barcelona-2023-da-a-conocer-doce-proyectos-innovadores-impulsados-por-colegios-de-farmaceuticos-de-espana\/#primaryimage\"},\"thumbnailUrl\":\"https:\/\/www.cofb.org\/wp-content\/uploads\/2023\/03\/3059b4de-ad7e-4e50-a885-5a62ea3d84a1-DYy2fX.jpeg\",\"datePublished\":\"2023-03-27T17:52:00+00:00\",\"dateModified\":\"2024-02-26T10:35:20+00:00\",\"breadcrumb\":{\"@id\":\"https:\/\/novaorg.cofb.net\/2023\/03\/27\/el-espacio-iniciativas-de-exito-de-infarma-barcelona-2023-da-a-conocer-doce-proyectos-innovadores-impulsados-por-colegios-de-farmaceuticos-de-espana\/#breadcrumb\"},\"inLanguage\":\"ca\",\"potentialAction\":[{\"@type\":\"ReadAction\",\"target\":[\"https:\/\/novaorg.cofb.net\/2023\/03\/27\/el-espacio-iniciativas-de-exito-de-infarma-barcelona-2023-da-a-conocer-doce-proyectos-innovadores-impulsados-por-colegios-de-farmaceuticos-de-espana\/\"]}]},{\"@type\":\"ImageObject\",\"inLanguage\":\"ca\",\"@id\":\"https:\/\/novaorg.cofb.net\/2023\/03\/27\/el-espacio-iniciativas-de-exito-de-infarma-barcelona-2023-da-a-conocer-doce-proyectos-innovadores-impulsados-por-colegios-de-farmaceuticos-de-espana\/#primaryimage\",\"url\":\"https:\/\/www.cofb.org\/wp-content\/uploads\/2023\/03\/3059b4de-ad7e-4e50-a885-5a62ea3d84a1-DYy2fX.jpeg\",\"contentUrl\":\"https:\/\/www.cofb.org\/wp-content\/uploads\/2023\/03\/3059b4de-ad7e-4e50-a885-5a62ea3d84a1-DYy2fX.jpeg\",\"width\":1919,\"height\":991},{\"@type\":\"BreadcrumbList\",\"@id\":\"https:\/\/novaorg.cofb.net\/2023\/03\/27\/el-espacio-iniciativas-de-exito-de-infarma-barcelona-2023-da-a-conocer-doce-proyectos-innovadores-impulsados-por-colegios-de-farmaceuticos-de-espana\/#breadcrumb\",\"itemListElement\":[{\"@type\":\"ListItem\",\"position\":1,\"name\":\"Inici\",\"item\":\"https:\/\/novaorg.cofb.net\/\"},{\"@type\":\"ListItem\",\"position\":2,\"name\":\"El espacio \u201cIniciativas de \u00e9xito\u201d de Infarma Barcelona 2023 da a conocer doce proyectos innovadores impulsados por Colegios de Farmac\u00e9uticos de Espa\u00f1a\"}]},{\"@type\":\"WebSite\",\"@id\":\"https:\/\/www.cofb.org\/#website\",\"url\":\"https:\/\/www.cofb.org\/\",\"name\":\"Col\u00b7legi de Farmac\u00e8utics de Barcelona\",\"description\":\"\",\"publisher\":{\"@id\":\"https:\/\/www.cofb.org\/#organization\"},\"potentialAction\":[{\"@type\":\"SearchAction\",\"target\":{\"@type\":\"EntryPoint\",\"urlTemplate\":\"https:\/\/www.cofb.org\/?s={search_term_string}\"},\"query-input\":\"required name=search_term_string\"}],\"inLanguage\":\"ca\"},{\"@type\":\"Organization\",\"@id\":\"https:\/\/www.cofb.org\/#organization\",\"name\":\"Col\u00b7legi de Farmac\u00e8utics de Barcelona\",\"url\":\"https:\/\/www.cofb.org\/\",\"logo\":{\"@type\":\"ImageObject\",\"inLanguage\":\"ca\",\"@id\":\"https:\/\/www.cofb.org\/#\/schema\/logo\/image\/\",\"url\":\"https:\/\/www.cofb.org\/wp-content\/uploads\/2023\/11\/cropped-Logotip-COFB.png\",\"contentUrl\":\"https:\/\/www.cofb.org\/wp-content\/uploads\/2023\/11\/cropped-Logotip-COFB.png\",\"width\":500,\"height\":105,\"caption\":\"Col\u00b7legi de Farmac\u00e8utics de Barcelona\"},\"image\":{\"@id\":\"https:\/\/www.cofb.org\/#\/schema\/logo\/image\/\"},\"sameAs\":[\"https:\/\/www.facebook.com\/farmaceuticsbcn\/\",\"https:\/\/twitter.com\/farmaceuticsbcn\",\"https:\/\/www.instagram.com\/farmaceuticsbcn\/\",\"https:\/\/www.linkedin.com\/company\/farmaceuticsbcn\/\"]},{\"@type\":\"Person\",\"@id\":\"https:\/\/www.cofb.org\/#\/schema\/person\/22ed7eea88da74b0fa4d3154ad87ffcb\",\"name\":\"wpAdminCofbOrg\",\"image\":{\"@type\":\"ImageObject\",\"inLanguage\":\"ca\",\"@id\":\"https:\/\/www.cofb.org\/#\/schema\/person\/image\/\",\"url\":\"https:\/\/secure.gravatar.com\/avatar\/1721b20b3b8ca882c3b56ec6c978c594fff670e40c0718e9190eaeeb76aae7d8?s=96&d=mm&r=g\",\"contentUrl\":\"https:\/\/secure.gravatar.com\/avatar\/1721b20b3b8ca882c3b56ec6c978c594fff670e40c0718e9190eaeeb76aae7d8?s=96&d=mm&r=g\",\"caption\":\"wpAdminCofbOrg\"},\"sameAs\":[\"http:\/\/192.168.64.122\/wordpress\"],\"url\":\"https:\/\/www.cofb.org\/ca\/author\/wpadmincofborg\/\"}]}<\/script>\n<!-- \/ Yoast SEO plugin. -->","yoast_head_json":{"title":"El espacio \u201cIniciativas de \u00e9xito\u201d de Infarma Barcelona 2023 da a conocer doce proyectos innovadores impulsados por Colegios de Farmac\u00e9uticos de Espa\u00f1a - Col\u00b7legi de Farmac\u00e8utics de Barcelona","robots":{"index":"index","follow":"follow","max-snippet":"max-snippet:-1","max-image-preview":"max-image-preview:large","max-video-preview":"max-video-preview:-1"},"canonical":"https:\/\/novaorg.cofb.net\/2023\/03\/27\/el-espacio-iniciativas-de-exito-de-infarma-barcelona-2023-da-a-conocer-doce-proyectos-innovadores-impulsados-por-colegios-de-farmaceuticos-de-espana\/","og_locale":"ca_ES","og_type":"article","og_title":"El espacio \u201cIniciativas de \u00e9xito\u201d de Infarma Barcelona 2023 da a conocer doce proyectos innovadores impulsados por Colegios de Farmac\u00e9uticos de Espa\u00f1a - Col\u00b7legi de Farmac\u00e8utics de Barcelona","og_description":"\u00a0 Los Colegios Oficiales de Farmac\u00e9uticos de Alicante, Asturias, Andaluc\u00eda, Cantabria, Galicia, Guip\u00fazcoa, Lleida, Murcia, Palencia, Tarragona y Valencia presentaron sus iniciativas con el objetivo de contribuir a hacer crecer el valor de la oficina de farmacia La adherencia a los tratamientos y promover un buen uso de los medicamentos, [&hellip;]","og_url":"https:\/\/novaorg.cofb.net\/2023\/03\/27\/el-espacio-iniciativas-de-exito-de-infarma-barcelona-2023-da-a-conocer-doce-proyectos-innovadores-impulsados-por-colegios-de-farmaceuticos-de-espana\/","og_site_name":"Col\u00b7legi de Farmac\u00e8utics de Barcelona","article_publisher":"https:\/\/www.facebook.com\/farmaceuticsbcn\/","article_published_time":"2023-03-27T17:52:00+00:00","article_modified_time":"2024-02-26T10:35:20+00:00","og_image":[{"width":1919,"height":991,"url":"https:\/\/novaorg.cofb.net\/wp-content\/uploads\/2023\/03\/3059b4de-ad7e-4e50-a885-5a62ea3d84a1-DYy2fX.jpeg","type":"image\/jpeg"}],"author":"wpAdminCofbOrg","twitter_card":"summary_large_image","twitter_creator":"@farmaceuticsbcn","twitter_site":"@farmaceuticsbcn","twitter_misc":{"Escrit per":"wpAdminCofbOrg","Temps estimat de lectura":"9 minuts"},"schema":{"@context":"https:\/\/schema.org","@graph":[{"@type":"Article","@id":"https:\/\/novaorg.cofb.net\/2023\/03\/27\/el-espacio-iniciativas-de-exito-de-infarma-barcelona-2023-da-a-conocer-doce-proyectos-innovadores-impulsados-por-colegios-de-farmaceuticos-de-espana\/#article","isPartOf":{"@id":"https:\/\/novaorg.cofb.net\/2023\/03\/27\/el-espacio-iniciativas-de-exito-de-infarma-barcelona-2023-da-a-conocer-doce-proyectos-innovadores-impulsados-por-colegios-de-farmaceuticos-de-espana\/"},"author":{"name":"wpAdminCofbOrg","@id":"https:\/\/www.cofb.org\/#\/schema\/person\/22ed7eea88da74b0fa4d3154ad87ffcb"},"headline":"El espacio \u201cIniciativas de \u00e9xito\u201d de Infarma Barcelona 2023 da a conocer doce proyectos innovadores impulsados por Colegios de Farmac\u00e9uticos de Espa\u00f1a","datePublished":"2023-03-27T17:52:00+00:00","dateModified":"2024-02-26T10:35:20+00:00","mainEntityOfPage":{"@id":"https:\/\/novaorg.cofb.net\/2023\/03\/27\/el-espacio-iniciativas-de-exito-de-infarma-barcelona-2023-da-a-conocer-doce-proyectos-innovadores-impulsados-por-colegios-de-farmaceuticos-de-espana\/"},"wordCount":1913,"publisher":{"@id":"https:\/\/www.cofb.org\/#organization"},"image":{"@id":"https:\/\/novaorg.cofb.net\/2023\/03\/27\/el-espacio-iniciativas-de-exito-de-infarma-barcelona-2023-da-a-conocer-doce-proyectos-innovadores-impulsados-por-colegios-de-farmaceuticos-de-espana\/#primaryimage"},"thumbnailUrl":"https:\/\/www.cofb.org\/wp-content\/uploads\/2023\/03\/3059b4de-ad7e-4e50-a885-5a62ea3d84a1-DYy2fX.jpeg","articleSection":["Notes de premsa"],"inLanguage":"ca"},{"@type":"WebPage","@id":"https:\/\/novaorg.cofb.net\/2023\/03\/27\/el-espacio-iniciativas-de-exito-de-infarma-barcelona-2023-da-a-conocer-doce-proyectos-innovadores-impulsados-por-colegios-de-farmaceuticos-de-espana\/","url":"https:\/\/novaorg.cofb.net\/2023\/03\/27\/el-espacio-iniciativas-de-exito-de-infarma-barcelona-2023-da-a-conocer-doce-proyectos-innovadores-impulsados-por-colegios-de-farmaceuticos-de-espana\/","name":"El espacio \u201cIniciativas de \u00e9xito\u201d de Infarma Barcelona 2023 da a conocer doce proyectos innovadores impulsados por Colegios de Farmac\u00e9uticos de Espa\u00f1a - Col\u00b7legi de Farmac\u00e8utics de Barcelona","isPartOf":{"@id":"https:\/\/www.cofb.org\/#website"},"primaryImageOfPage":{"@id":"https:\/\/novaorg.cofb.net\/2023\/03\/27\/el-espacio-iniciativas-de-exito-de-infarma-barcelona-2023-da-a-conocer-doce-proyectos-innovadores-impulsados-por-colegios-de-farmaceuticos-de-espana\/#primaryimage"},"image":{"@id":"https:\/\/novaorg.cofb.net\/2023\/03\/27\/el-espacio-iniciativas-de-exito-de-infarma-barcelona-2023-da-a-conocer-doce-proyectos-innovadores-impulsados-por-colegios-de-farmaceuticos-de-espana\/#primaryimage"},"thumbnailUrl":"https:\/\/www.cofb.org\/wp-content\/uploads\/2023\/03\/3059b4de-ad7e-4e50-a885-5a62ea3d84a1-DYy2fX.jpeg","datePublished":"2023-03-27T17:52:00+00:00","dateModified":"2024-02-26T10:35:20+00:00","breadcrumb":{"@id":"https:\/\/novaorg.cofb.net\/2023\/03\/27\/el-espacio-iniciativas-de-exito-de-infarma-barcelona-2023-da-a-conocer-doce-proyectos-innovadores-impulsados-por-colegios-de-farmaceuticos-de-espana\/#breadcrumb"},"inLanguage":"ca","potentialAction":[{"@type":"ReadAction","target":["https:\/\/novaorg.cofb.net\/2023\/03\/27\/el-espacio-iniciativas-de-exito-de-infarma-barcelona-2023-da-a-conocer-doce-proyectos-innovadores-impulsados-por-colegios-de-farmaceuticos-de-espana\/"]}]},{"@type":"ImageObject","inLanguage":"ca","@id":"https:\/\/novaorg.cofb.net\/2023\/03\/27\/el-espacio-iniciativas-de-exito-de-infarma-barcelona-2023-da-a-conocer-doce-proyectos-innovadores-impulsados-por-colegios-de-farmaceuticos-de-espana\/#primaryimage","url":"https:\/\/www.cofb.org\/wp-content\/uploads\/2023\/03\/3059b4de-ad7e-4e50-a885-5a62ea3d84a1-DYy2fX.jpeg","contentUrl":"https:\/\/www.cofb.org\/wp-content\/uploads\/2023\/03\/3059b4de-ad7e-4e50-a885-5a62ea3d84a1-DYy2fX.jpeg","width":1919,"height":991},{"@type":"BreadcrumbList","@id":"https:\/\/novaorg.cofb.net\/2023\/03\/27\/el-espacio-iniciativas-de-exito-de-infarma-barcelona-2023-da-a-conocer-doce-proyectos-innovadores-impulsados-por-colegios-de-farmaceuticos-de-espana\/#breadcrumb","itemListElement":[{"@type":"ListItem","position":1,"name":"Inici","item":"https:\/\/novaorg.cofb.net\/"},{"@type":"ListItem","position":2,"name":"El espacio \u201cIniciativas de \u00e9xito\u201d de Infarma Barcelona 2023 da a conocer doce proyectos innovadores impulsados por Colegios de Farmac\u00e9uticos de Espa\u00f1a"}]},{"@type":"WebSite","@id":"https:\/\/www.cofb.org\/#website","url":"https:\/\/www.cofb.org\/","name":"Col\u00b7legi de Farmac\u00e8utics de Barcelona","description":"","publisher":{"@id":"https:\/\/www.cofb.org\/#organization"},"potentialAction":[{"@type":"SearchAction","target":{"@type":"EntryPoint","urlTemplate":"https:\/\/www.cofb.org\/?s={search_term_string}"},"query-input":"required name=search_term_string"}],"inLanguage":"ca"},{"@type":"Organization","@id":"https:\/\/www.cofb.org\/#organization","name":"Col\u00b7legi de Farmac\u00e8utics de Barcelona","url":"https:\/\/www.cofb.org\/","logo":{"@type":"ImageObject","inLanguage":"ca","@id":"https:\/\/www.cofb.org\/#\/schema\/logo\/image\/","url":"https:\/\/www.cofb.org\/wp-content\/uploads\/2023\/11\/cropped-Logotip-COFB.png","contentUrl":"https:\/\/www.cofb.org\/wp-content\/uploads\/2023\/11\/cropped-Logotip-COFB.png","width":500,"height":105,"caption":"Col\u00b7legi de Farmac\u00e8utics de Barcelona"},"image":{"@id":"https:\/\/www.cofb.org\/#\/schema\/logo\/image\/"},"sameAs":["https:\/\/www.facebook.com\/farmaceuticsbcn\/","https:\/\/twitter.com\/farmaceuticsbcn","https:\/\/www.instagram.com\/farmaceuticsbcn\/","https:\/\/www.linkedin.com\/company\/farmaceuticsbcn\/"]},{"@type":"Person","@id":"https:\/\/www.cofb.org\/#\/schema\/person\/22ed7eea88da74b0fa4d3154ad87ffcb","name":"wpAdminCofbOrg","image":{"@type":"ImageObject","inLanguage":"ca","@id":"https:\/\/www.cofb.org\/#\/schema\/person\/image\/","url":"https:\/\/secure.gravatar.com\/avatar\/1721b20b3b8ca882c3b56ec6c978c594fff670e40c0718e9190eaeeb76aae7d8?s=96&d=mm&r=g","contentUrl":"https:\/\/secure.gravatar.com\/avatar\/1721b20b3b8ca882c3b56ec6c978c594fff670e40c0718e9190eaeeb76aae7d8?s=96&d=mm&r=g","caption":"wpAdminCofbOrg"},"sameAs":["http:\/\/192.168.64.122\/wordpress"],"url":"https:\/\/www.cofb.org\/ca\/author\/wpadmincofborg\/"}]}},"uagb_featured_image_src":{"full":["https:\/\/www.cofb.org\/wp-content\/uploads\/2023\/03\/3059b4de-ad7e-4e50-a885-5a62ea3d84a1-DYy2fX.jpeg",1919,991,false],"thumbnail":["https:\/\/www.cofb.org\/wp-content\/uploads\/2023\/03\/3059b4de-ad7e-4e50-a885-5a62ea3d84a1-DYy2fX-150x150.jpeg",150,150,true],"medium":["https:\/\/www.cofb.org\/wp-content\/uploads\/2023\/03\/3059b4de-ad7e-4e50-a885-5a62ea3d84a1-DYy2fX-300x155.jpeg",300,155,true],"medium_large":["https:\/\/www.cofb.org\/wp-content\/uploads\/2023\/03\/3059b4de-ad7e-4e50-a885-5a62ea3d84a1-DYy2fX-768x397.jpeg",768,397,true],"large":["https:\/\/www.cofb.org\/wp-content\/uploads\/2023\/03\/3059b4de-ad7e-4e50-a885-5a62ea3d84a1-DYy2fX-1024x529.jpeg",1024,529,true],"1536x1536":["https:\/\/www.cofb.org\/wp-content\/uploads\/2023\/03\/3059b4de-ad7e-4e50-a885-5a62ea3d84a1-DYy2fX-1536x793.jpeg",1536,793,true],"2048x2048":["https:\/\/www.cofb.org\/wp-content\/uploads\/2023\/03\/3059b4de-ad7e-4e50-a885-5a62ea3d84a1-DYy2fX.jpeg",1919,991,false],"trp-custom-language-flag":["https:\/\/www.cofb.org\/wp-content\/uploads\/2023\/03\/3059b4de-ad7e-4e50-a885-5a62ea3d84a1-DYy2fX-18x9.jpeg",18,9,true]},"uagb_author_info":{"display_name":"wpAdminCofbOrg","author_link":"https:\/\/www.cofb.org\/ca\/author\/wpadmincofborg\/"},"uagb_comment_info":0,"uagb_excerpt":"\u00a0 Los Colegios Oficiales de Farmac\u00e9uticos de Alicante, Asturias, Andaluc\u00eda, Cantabria, Galicia, Guip\u00fazcoa, Lleida, Murcia, Palencia, Tarragona y Valencia presentaron sus iniciativas con el objetivo de contribuir a hacer crecer el valor de la oficina de farmacia La adherencia a los tratamientos y promover un buen uso de los medicamentos, [&hellip;]","_links":{"self":[{"href":"https:\/\/www.cofb.org\/ca\/wp-json\/wp\/v2\/posts\/76924","targetHints":{"allow":["GET"]}}],"collection":[{"href":"https:\/\/www.cofb.org\/ca\/wp-json\/wp\/v2\/posts"}],"about":[{"href":"https:\/\/www.cofb.org\/ca\/wp-json\/wp\/v2\/types\/post"}],"author":[{"embeddable":true,"href":"https:\/\/www.cofb.org\/ca\/wp-json\/wp\/v2\/users\/1"}],"replies":[{"embeddable":true,"href":"https:\/\/www.cofb.org\/ca\/wp-json\/wp\/v2\/comments?post=76924"}],"version-history":[{"count":1,"href":"https:\/\/www.cofb.org\/ca\/wp-json\/wp\/v2\/posts\/76924\/revisions"}],"predecessor-version":[{"id":77696,"href":"https:\/\/www.cofb.org\/ca\/wp-json\/wp\/v2\/posts\/76924\/revisions\/77696"}],"wp:featuredmedia":[{"embeddable":true,"href":"https:\/\/www.cofb.org\/ca\/wp-json\/wp\/v2\/media\/76925"}],"wp:attachment":[{"href":"https:\/\/www.cofb.org\/ca\/wp-json\/wp\/v2\/media?parent=76924"}],"wp:term":[{"taxonomy":"category","embeddable":true,"href":"https:\/\/www.cofb.org\/ca\/wp-json\/wp\/v2\/categories?post=76924"},{"taxonomy":"post_tag","embeddable":true,"href":"https:\/\/www.cofb.org\/ca\/wp-json\/wp\/v2\/tags?post=76924"}],"curies":[{"name":"wp","href":"https:\/\/api.w.org\/{rel}","templated":true}]}}