{"id":76906,"date":"2023-10-06T13:57:00","date_gmt":"2023-10-06T13:57:00","guid":{"rendered":"https:\/\/novaorg.cofb.net\/2023\/10\/06\/prop-de-500-persones-celebren-els-125-anys-del-collegi-de-farmaceutics-de-barcelona-al-palau-de-la-musica-catalana-2\/"},"modified":"2024-02-27T08:47:22","modified_gmt":"2024-02-27T08:47:22","slug":"prop-de-500-persones-celebren-els-125-anys-del-collegi-de-farmaceutics-de-barcelona-al-palau-de-la-musica-catalana-2","status":"publish","type":"post","link":"https:\/\/www.cofb.org\/ca\/2023\/10\/06\/prop-de-500-persones-celebren-els-125-anys-del-collegi-de-farmaceutics-de-barcelona-al-palau-de-la-musica-catalana-2\/","title":{"rendered":"Prop de 500 persones celebren els 125 anys del Col\u00b7legi de Farmac\u00e8utics de Barcelona al Palau de la M\u00fasica Catalana"},"content":{"rendered":"<p>\u00a0<\/p>\n<ul>\n<li>El president del COFB, Jordi Casas, va posar en valor l\u2019evoluci\u00f3 de la professi\u00f3 farmac\u00e8utica al llarg dels darrers 125 anys, posant sempre al capdavant el comprom\u00eds amb la salut dels pacients<\/li>\n<li>L\u2019acte va esdevenir l\u2019escenari idoni per a la presentaci\u00f3 i projecci\u00f3 del v\u00eddeo commemoratiu, elaborat amb motiu del 125\u00e8 aniversari, sota el t\u00edtol \u201cLa f\u00f3rmula magistral dels nostres 125 anys\u201d<\/li>\n<li>Com ja \u00e9s tradici\u00f3, el Col\u00b7legi va retre homenatge als farmac\u00e8utics i farmac\u00e8utiques que complien 50 i 75 anys de col\u00b7legiaci\u00f3 i va lliurar els diplomes de les beques i premis als seus autors<\/li>\n<\/ul>\n<p><img decoding=\"async\" alt=\"\" src=\"https:\/\/www.cofb.org\/documents\/10136\/1091470\/COFB_125%C3%A8+ANIVERSARI_06102023_1.jpg\/02ad771d-b5b5-45e6-ac71-7544f4c900ce?t=1696593641348\"><\/p>\n<p><em>Barcelona, 6 d\u2019octubre de 2023<\/em>. El <strong>Col\u00b7legi de Farmac\u00e8utics de Barcelona (COFB)<\/strong> ha celebrat el seu <strong>125\u00e8 aniversari <\/strong>a una edici\u00f3 especial de la <strong>Diada del Farmac\u00e8utic<\/strong>, que va tenir lloc ahir, 5 d\u2019octubre, al <strong>Palau de la M\u00fasica Catalana<\/strong>. L\u2019acte va comptar amb l\u2019assist\u00e8ncia de prop de <strong>500 persones, entre les quals es trobaven diferents autoritats de l\u2019\u00e0mbit sanitari i de la farm\u00e0cia, aix\u00ed com representants d\u2019entitats<\/strong> amb una estreta relaci\u00f3 amb el COFB. \u00a0<\/p>\n<p><u><strong>125 anys posant al capdavant el comprom\u00eds amb la salut dels pacients<\/strong><\/u><\/p>\n<p>El president de COFB, Jordi Casas, durant el seu discurs va fer un breu rep\u00e0s del <strong>significat dels 125 anys d\u2019hist\u00f2ria<\/strong> per a la instituci\u00f3. \u201cEn aquests <strong>125 anys<\/strong>, la professi\u00f3 ha evolucionat per adaptar-se als canvis econ\u00f2mics i socials, sempre <strong>posant al capdavant el nostre comprom\u00eds amb la salut dels pacients. I el Col\u00b7legi ha estat testimoni d&#8217;aquesta evoluci\u00f3 i promotor del desenvolupament dels diferents \u00e0mbits de la professi\u00f3\u201d.<\/strong><\/p>\n<p>Casas tamb\u00e9 va posar en valor que \u201cla <strong>farm\u00e0cia comunit\u00e0ria <\/strong>ha viscut una important transformaci\u00f3 cap a una funci\u00f3 cada vegada<strong> m\u00e9s assistencial<\/strong>, aprofitant la <strong>capil\u00b7laritat <\/strong>i <strong>accessibilitat de la xarxa de farm\u00e0cies <\/strong>en termes de <strong>proximitat i confian\u00e7a al ciutad\u00e0<\/strong>\u201d. En aquest sentit, va afegir que en els darrers anys s\u2019ha treballat per desplegar l<strong>\u2019atenci\u00f3 farmac\u00e8utica comunit\u00e0ria <\/strong>al Sistema p\u00fablic de Salut \u201cen <strong>tres grans l\u00ednies estrat\u00e8giques: la promoci\u00f3 de la salut i prevenci\u00f3 de la malaltia, l\u2019accessibilitat i coordinaci\u00f3 assistencial, i l\u2019atenci\u00f3 i el seguiment farmacoterap\u00e8utic\u201d.<\/strong><\/p>\n<p>Aix\u00ed mateix, el president del COFB va fer menci\u00f3 a la <strong>transformaci\u00f3 digital <\/strong>de la professi\u00f3 en aquests darrers anys, que \u201cha perm\u00e8s que evolucionem cap a all\u00f2 que hem anomenat farm\u00e0cia lliure de papers\u201d; la <strong>gesti\u00f3 de la pand\u00e8mia de la COVID-19<\/strong> per part dels professionals farmac\u00e8utics; la vessant social \u201cper contribuir a la millora del nostre entorn\u201d; la <strong>promoci\u00f3 de la sostenibilitat<\/strong> del sector en un moment d\u2019emerg\u00e8ncia clim\u00e0tica i, en darrer lloc, l\u2019aposta per <strong>la recerca<\/strong>, el <strong>desenvolupament tecnol\u00f2gic i la innovaci\u00f3.<\/strong><\/p>\n<p><u><strong>\u201cLa f\u00f3rmula magistral dels nostres 125 anys\u201d<\/strong><\/u><\/p>\n<p>L\u2019acte va esdevenir l\u2019escenari idoni per a la <strong>presentaci\u00f3 i projecci\u00f3 del v\u00eddeo commemoratiu<\/strong>, elaborat <strong>amb motiu del 125\u00e8 aniversari<\/strong>, sota el<strong> t\u00edtol <a href=\"https:\/\/vimeo.com\/871098438?share=copy\" target=\"_blank\" rel=\"noopener\">\u201cLa f\u00f3rmula magistral dels nostres 125 anys\u201d<\/a><\/strong>. El v\u00eddeo revela a l\u2019espectador quins s\u00f3n els tres ingredients que formen aquesta f\u00f3rmula magistral del Col\u00b7legi: l\u2019<strong>expertesa en el medicament, l\u2019evoluci\u00f3 i adaptaci\u00f3 als nous temps i la proximitat a la ciutadania.<\/strong><\/p>\n<p>Alhora, el v\u00eddeo recull l\u2019evoluci\u00f3 del Col\u00b7legi, els valors d\u2019aquest i els moments que han marcat els \u00faltims 25 anys amb els testimonis de Joan Duran (president del COFB del 1994 al 2008), \u00a0Jordi de Dalmases (president del 2008 al 2020) i Jordi Casas, l\u2019actual president.<\/p>\n<p><u><strong>Homenatge a farmac\u00e8utics\/ques amb 50 i 75 anys de col\u00b7legiaci\u00f3<\/strong><\/u><\/p>\n<p>En el marc de la Diada del Farmac\u00e8utic, el Col\u00b7legi tamb\u00e9 va retre homenatge a <strong>53 farmac\u00e8utics i farmac\u00e8utiques <\/strong>que complien <strong>50 anys de col\u00b7legiaci\u00f3<\/strong>, amb l\u2019entrega d\u2019una ins\u00edgnia d\u2019or com a mostra de reconeixement per la seva <strong>vocaci\u00f3, comprom\u00eds i professionalitat<\/strong>. Aquest any, a m\u00e9s, es va fer entrega de la <strong>ins\u00edgnia d\u2019or i brillants <\/strong>al farmac\u00e8utic <strong>Alfons de Mena<\/strong> pels<strong> <\/strong><strong>75 anys de col\u00b7legiaci\u00f3.<\/strong> Aix\u00ed mateix, es van lliurar els <strong>diplomes de les beques i premis<\/strong> pels treballs i projectes d\u2019investigaci\u00f3 desenvolupats.<\/p>\n<p><u><strong>Actuaci\u00f3 musical \u201cHimnes del cor\u201d al Palau de la M\u00fasica<\/strong><\/u><\/p>\n<p>Per tancar l\u2019acte commemoratiu, la <strong>Simf\u00f2nica de Cobla i Corda de Catalunya<\/strong>, sota la direcci\u00f3 de <strong>Francesc Cass\u00fa,<\/strong> va oferir l\u2019<strong>actuaci\u00f3 musical \u201cHimnes del cor\u201d<\/strong>, que va comptar amb la participaci\u00f3 de <strong>Beth, Manu Guix, La Pau, Joan Garrido i la Polif\u00f2nica de Puig-reig<\/strong> com a artistes convidats.<\/p>\n<p>\u00a0El president del COFB, Jordi Casas, va posar en valor l\u2019evoluci\u00f3 de la professi\u00f3 farmac\u00e8utica al llarg dels darrers 125 anys, posant sempre al capdavant el comprom\u00eds amb la salut dels pacients<br \/>\n\tL\u2019acte va esdevenir l\u2019escenari idoni per a la presentaci\u00f3 i projecci\u00f3 del v\u00eddeo commemoratiu, elaborat amb motiu del 125\u00e8 aniversari, sota el t\u00edtol \u201cLa f\u00f3rmula magistral dels nostres 125 anys\u201d<br \/>\n\tCom ja \u00e9s tradici\u00f3, el Col\u00b7legi va retre homenatge als farmac\u00e8utics i farmac\u00e8utiques que complien 50 i 75 anys de col\u00b7legiaci\u00f3 i va lliurar els diplomes de les beques i premis als seus autors<\/p>\n<p>Barcelona, 6 d\u2019octubre de 2023. El Col\u00b7legi de Farmac\u00e8utics de Barcelona (COFB) ha celebrat el seu 125\u00e8 aniversari a una edici\u00f3 especial de la Diada del Farmac\u00e8utic, que va tenir lloc ahir, 5 d\u2019octubre, al Palau de la M\u00fasica Catalana. L\u2019acte va comptar amb l\u2019assist\u00e8ncia de prop de 500 persones, entre les quals es trobaven diferents autoritats de l\u2019\u00e0mbit sanitari i de la farm\u00e0cia, aix\u00ed com representants d\u2019entitats amb una estreta relaci\u00f3 amb el COFB. \u00a0<\/p>\n<p>125 anys posant al capdavant el comprom\u00eds amb la salut dels pacients<\/p>\n<p>El president de COFB, Jordi Casas, durant el seu discurs va fer un breu rep\u00e0s del significat dels 125 anys d\u2019hist\u00f2ria per a la instituci\u00f3. \u201cEn aquests 125 anys, la professi\u00f3 ha evolucionat per adaptar-se als canvis econ\u00f2mics i socials, sempre posant al capdavant el nostre comprom\u00eds amb la salut dels pacients. I el Col\u00b7legi ha estat testimoni d&#8217;aquesta evoluci\u00f3 i promotor del desenvolupament dels diferents \u00e0mbits de la professi\u00f3\u201d.<\/p>\n<p>Casas tamb\u00e9 va posar en valor que \u201cla farm\u00e0cia comunit\u00e0ria ha viscut una important transformaci\u00f3 cap a una funci\u00f3 cada vegada m\u00e9s assistencial, aprofitant la capil\u00b7laritat i accessibilitat de la xarxa de farm\u00e0cies en termes de proximitat i confian\u00e7a al ciutad\u00e0\u201d. En aquest sentit, va afegir que en els darrers anys s\u2019ha treballat per desplegar l\u2019atenci\u00f3 farmac\u00e8utica comunit\u00e0ria al Sistema p\u00fablic de Salut \u201cen tres grans l\u00ednies estrat\u00e8giques: la promoci\u00f3 de la salut i prevenci\u00f3 de la malaltia, l\u2019accessibilitat i coordinaci\u00f3 assistencial, i l\u2019atenci\u00f3 i el seguiment farmacoterap\u00e8utic\u201d.<\/p>\n<p>Aix\u00ed mateix, el president del COFB va fer menci\u00f3 a la transformaci\u00f3 digital de la professi\u00f3 en aquests darrers anys, que \u201cha perm\u00e8s que evolucionem cap a all\u00f2 que hem anomenat farm\u00e0cia lliure de papers\u201d; la gesti\u00f3 de la pand\u00e8mia de la COVID-19 per part dels professionals farmac\u00e8utics; la vessant social \u201cper contribuir a la millora del nostre entorn\u201d; la promoci\u00f3 de la sostenibilitat del sector en un moment d\u2019emerg\u00e8ncia clim\u00e0tica i, en darrer lloc, l\u2019aposta per la recerca, el desenvolupament tecnol\u00f2gic i la innovaci\u00f3.<\/p>\n<p>\u201cLa f\u00f3rmula magistral dels nostres 125 anys\u201d<\/p>\n<p>L\u2019acte va esdevenir l\u2019escenari idoni per a la presentaci\u00f3 i projecci\u00f3 del v\u00eddeo commemoratiu, elaborat amb motiu del 125\u00e8 aniversari, sota el t\u00edtol \u201cLa f\u00f3rmula magistral dels nostres 125 anys\u201d. El v\u00eddeo revela a l\u2019espectador quins s\u00f3n els tres ingredients que formen aquesta f\u00f3rmula magistral del Col\u00b7legi: l\u2019expertesa en el medicament, l\u2019evoluci\u00f3 i adaptaci\u00f3 als nous temps i la proximitat a la ciutadania.<\/p>\n<p>Alhora, el v\u00eddeo recull l\u2019evoluci\u00f3 del Col\u00b7legi, els valors d\u2019aquest i els moments que han marcat els \u00faltims 25 anys amb els testimonis de Joan Duran (president del COFB del 1994 al 2008), \u00a0Jordi de Dalmases (president del 2008 al 2020) i Jordi Casas, l\u2019actual president.<\/p>\n<p>Homenatge a farmac\u00e8utics\/ques amb 50 i 75 anys de col\u00b7legiaci\u00f3<\/p>\n<p>En el marc de la Diada del Farmac\u00e8utic, el Col\u00b7legi tamb\u00e9 va retre homenatge a 53 farmac\u00e8utics i farmac\u00e8utiques que complien 50 anys de col\u00b7legiaci\u00f3, amb l\u2019entrega d\u2019una ins\u00edgnia d\u2019or com a mostra de reconeixement per la seva vocaci\u00f3, comprom\u00eds i professionalitat. Aquest any, a m\u00e9s, es va fer entrega de la ins\u00edgnia d\u2019or i brillants al farmac\u00e8utic Alfons de Mena pels 75 anys de col\u00b7legiaci\u00f3. Aix\u00ed mateix, es van lliurar els diplomes de les beques i premis pels treballs i projectes d\u2019investigaci\u00f3 desenvolupats.<\/p>\n<p>Actuaci\u00f3 musical \u201cHimnes del cor\u201d al Palau de la M\u00fasica<\/p>\n<p>Per tancar l\u2019acte commemoratiu, la Simf\u00f2nica de Cobla i Corda de Catalunya, sota la direcci\u00f3 de Francesc Cass\u00fa, va oferir l\u2019actuaci\u00f3 musical \u201cHimnes del cor\u201d, que va comptar amb la participaci\u00f3 de Beth, Manu Guix, La Pau, Joan Garrido i la Polif\u00f2nica de Puig-reig com a artistes convidats.\u00a0\u00a0COFB.ORG<\/p>\n","protected":false},"excerpt":{"rendered":"<p>\u00a0 El president del COFB, Jordi Casas, va posar en valor l\u2019evoluci\u00f3 de la professi\u00f3 farmac\u00e8utica al llarg dels darrers 125 anys, posant sempre al capdavant el comprom\u00eds amb la salut dels pacients L\u2019acte va esdevenir l\u2019escenari idoni per a la presentaci\u00f3 i projecci\u00f3 del v\u00eddeo commemoratiu, elaborat amb motiu [&hellip;]<\/p>\n","protected":false},"author":1,"featured_media":76849,"comment_status":"closed","ping_status":"","sticky":false,"template":"","format":"aside","meta":{"_uag_custom_page_level_css":"","site-sidebar-layout":"default","site-content-layout":"","ast-site-content-layout":"default","site-content-style":"default","site-sidebar-style":"default","ast-global-header-display":"","ast-banner-title-visibility":"","ast-main-header-display":"","ast-hfb-above-header-display":"","ast-hfb-below-header-display":"","ast-hfb-mobile-header-display":"","site-post-title":"","ast-breadcrumbs-content":"","ast-featured-img":"disabled","footer-sml-layout":"","theme-transparent-header-meta":"","adv-header-id-meta":"","stick-header-meta":"","header-above-stick-meta":"","header-main-stick-meta":"","header-below-stick-meta":"","astra-migrate-meta-layouts":"set","ast-page-background-enabled":"default","ast-page-background-meta":{"desktop":{"background-color":"var(--ast-global-color-4)","background-image":"","background-repeat":"repeat","background-position":"center center","background-size":"auto","background-attachment":"scroll","background-type":"","background-media":"","overlay-type":"","overlay-color":"","overlay-opacity":"","overlay-gradient":""},"tablet":{"background-color":"","background-image":"","background-repeat":"repeat","background-position":"center center","background-size":"auto","background-attachment":"scroll","background-type":"","background-media":"","overlay-type":"","overlay-color":"","overlay-opacity":"","overlay-gradient":""},"mobile":{"background-color":"","background-image":"","background-repeat":"repeat","background-position":"center center","background-size":"auto","background-attachment":"scroll","background-type":"","background-media":"","overlay-type":"","overlay-color":"","overlay-opacity":"","overlay-gradient":""}},"ast-content-background-meta":{"desktop":{"background-color":"var(--ast-global-color-5)","background-image":"","background-repeat":"repeat","background-position":"center center","background-size":"auto","background-attachment":"scroll","background-type":"","background-media":"","overlay-type":"","overlay-color":"","overlay-opacity":"","overlay-gradient":""},"tablet":{"background-color":"var(--ast-global-color-5)","background-image":"","background-repeat":"repeat","background-position":"center center","background-size":"auto","background-attachment":"scroll","background-type":"","background-media":"","overlay-type":"","overlay-color":"","overlay-opacity":"","overlay-gradient":""},"mobile":{"background-color":"var(--ast-global-color-5)","background-image":"","background-repeat":"repeat","background-position":"center center","background-size":"auto","background-attachment":"scroll","background-type":"","background-media":"","overlay-type":"","overlay-color":"","overlay-opacity":"","overlay-gradient":""}},"footnotes":""},"categories":[1060],"tags":[],"class_list":["post-76906","post","type-post","status-publish","format-aside","has-post-thumbnail","hentry","category-notes-premsa","post_format-post-format-aside"],"yoast_head":"<!-- This site is optimized with the Yoast SEO plugin v22.4 - https:\/\/yoast.com\/wordpress\/plugins\/seo\/ -->\n<title>Prop de 500 persones celebren els 125 anys del Col\u00b7legi de Farmac\u00e8utics de Barcelona al Palau de la M\u00fasica Catalana - Col\u00b7legi de Farmac\u00e8utics de Barcelona<\/title>\n<meta name=\"robots\" content=\"index, follow, max-snippet:-1, max-image-preview:large, max-video-preview:-1\" \/>\n<link rel=\"canonical\" href=\"https:\/\/novaorg.cofb.net\/2023\/10\/06\/prop-de-500-persones-celebren-els-125-anys-del-collegi-de-farmaceutics-de-barcelona-al-palau-de-la-musica-catalana-2\/\" \/>\n<meta property=\"og:locale\" content=\"ca_ES\" \/>\n<meta property=\"og:type\" content=\"article\" \/>\n<meta property=\"og:title\" content=\"Prop de 500 persones celebren els 125 anys del Col\u00b7legi de Farmac\u00e8utics de Barcelona al Palau de la M\u00fasica Catalana - Col\u00b7legi de Farmac\u00e8utics de Barcelona\" \/>\n<meta property=\"og:description\" content=\"\u00a0 El president del COFB, Jordi Casas, va posar en valor l\u2019evoluci\u00f3 de la professi\u00f3 farmac\u00e8utica al llarg dels darrers 125 anys, posant sempre al capdavant el comprom\u00eds amb la salut dels pacients L\u2019acte va esdevenir l\u2019escenari idoni per a la presentaci\u00f3 i projecci\u00f3 del v\u00eddeo commemoratiu, elaborat amb motiu [&hellip;]\" \/>\n<meta property=\"og:url\" content=\"https:\/\/novaorg.cofb.net\/2023\/10\/06\/prop-de-500-persones-celebren-els-125-anys-del-collegi-de-farmaceutics-de-barcelona-al-palau-de-la-musica-catalana-2\/\" \/>\n<meta property=\"og:site_name\" content=\"Col\u00b7legi de Farmac\u00e8utics de Barcelona\" \/>\n<meta property=\"article:publisher\" content=\"https:\/\/www.facebook.com\/farmaceuticsbcn\/\" \/>\n<meta property=\"article:published_time\" content=\"2023-10-06T13:57:00+00:00\" \/>\n<meta property=\"article:modified_time\" content=\"2024-02-27T08:47:22+00:00\" \/>\n<meta property=\"og:image\" content=\"https:\/\/novaorg.cofb.net\/wp-content\/uploads\/2024\/02\/02ad771d-b5b5-45e6-ac71-7544f4c900ce-Pr95I1.jpeg\" \/>\n\t<meta property=\"og:image:width\" content=\"1772\" \/>\n\t<meta property=\"og:image:height\" content=\"1182\" \/>\n\t<meta property=\"og:image:type\" content=\"image\/jpeg\" \/>\n<meta name=\"author\" content=\"wpAdminCofbOrg\" \/>\n<meta name=\"twitter:card\" content=\"summary_large_image\" \/>\n<meta name=\"twitter:creator\" content=\"@farmaceuticsbcn\" \/>\n<meta name=\"twitter:site\" content=\"@farmaceuticsbcn\" \/>\n<meta name=\"twitter:label1\" content=\"Escrit per\" \/>\n\t<meta name=\"twitter:data1\" content=\"wpAdminCofbOrg\" \/>\n\t<meta name=\"twitter:label2\" content=\"Temps estimat de lectura\" \/>\n\t<meta name=\"twitter:data2\" content=\"8 minuts\" \/>\n<script type=\"application\/ld+json\" class=\"yoast-schema-graph\">{\"@context\":\"https:\/\/schema.org\",\"@graph\":[{\"@type\":\"Article\",\"@id\":\"https:\/\/novaorg.cofb.net\/2023\/10\/06\/prop-de-500-persones-celebren-els-125-anys-del-collegi-de-farmaceutics-de-barcelona-al-palau-de-la-musica-catalana-2\/#article\",\"isPartOf\":{\"@id\":\"https:\/\/novaorg.cofb.net\/2023\/10\/06\/prop-de-500-persones-celebren-els-125-anys-del-collegi-de-farmaceutics-de-barcelona-al-palau-de-la-musica-catalana-2\/\"},\"author\":{\"name\":\"wpAdminCofbOrg\",\"@id\":\"https:\/\/www.cofb.org\/#\/schema\/person\/22ed7eea88da74b0fa4d3154ad87ffcb\"},\"headline\":\"Prop de 500 persones celebren els 125 anys del Col\u00b7legi de Farmac\u00e8utics de Barcelona al Palau de la M\u00fasica Catalana\",\"datePublished\":\"2023-10-06T13:57:00+00:00\",\"dateModified\":\"2024-02-27T08:47:22+00:00\",\"mainEntityOfPage\":{\"@id\":\"https:\/\/novaorg.cofb.net\/2023\/10\/06\/prop-de-500-persones-celebren-els-125-anys-del-collegi-de-farmaceutics-de-barcelona-al-palau-de-la-musica-catalana-2\/\"},\"wordCount\":1557,\"publisher\":{\"@id\":\"https:\/\/www.cofb.org\/#organization\"},\"image\":{\"@id\":\"https:\/\/novaorg.cofb.net\/2023\/10\/06\/prop-de-500-persones-celebren-els-125-anys-del-collegi-de-farmaceutics-de-barcelona-al-palau-de-la-musica-catalana-2\/#primaryimage\"},\"thumbnailUrl\":\"https:\/\/www.cofb.org\/wp-content\/uploads\/2024\/02\/02ad771d-b5b5-45e6-ac71-7544f4c900ce-Pr95I1.jpeg\",\"articleSection\":[\"Notes de premsa\"],\"inLanguage\":\"ca\"},{\"@type\":\"WebPage\",\"@id\":\"https:\/\/novaorg.cofb.net\/2023\/10\/06\/prop-de-500-persones-celebren-els-125-anys-del-collegi-de-farmaceutics-de-barcelona-al-palau-de-la-musica-catalana-2\/\",\"url\":\"https:\/\/novaorg.cofb.net\/2023\/10\/06\/prop-de-500-persones-celebren-els-125-anys-del-collegi-de-farmaceutics-de-barcelona-al-palau-de-la-musica-catalana-2\/\",\"name\":\"Prop de 500 persones celebren els 125 anys del Col\u00b7legi de Farmac\u00e8utics de Barcelona al Palau de la M\u00fasica Catalana - Col\u00b7legi de Farmac\u00e8utics de Barcelona\",\"isPartOf\":{\"@id\":\"https:\/\/www.cofb.org\/#website\"},\"primaryImageOfPage\":{\"@id\":\"https:\/\/novaorg.cofb.net\/2023\/10\/06\/prop-de-500-persones-celebren-els-125-anys-del-collegi-de-farmaceutics-de-barcelona-al-palau-de-la-musica-catalana-2\/#primaryimage\"},\"image\":{\"@id\":\"https:\/\/novaorg.cofb.net\/2023\/10\/06\/prop-de-500-persones-celebren-els-125-anys-del-collegi-de-farmaceutics-de-barcelona-al-palau-de-la-musica-catalana-2\/#primaryimage\"},\"thumbnailUrl\":\"https:\/\/www.cofb.org\/wp-content\/uploads\/2024\/02\/02ad771d-b5b5-45e6-ac71-7544f4c900ce-Pr95I1.jpeg\",\"datePublished\":\"2023-10-06T13:57:00+00:00\",\"dateModified\":\"2024-02-27T08:47:22+00:00\",\"breadcrumb\":{\"@id\":\"https:\/\/novaorg.cofb.net\/2023\/10\/06\/prop-de-500-persones-celebren-els-125-anys-del-collegi-de-farmaceutics-de-barcelona-al-palau-de-la-musica-catalana-2\/#breadcrumb\"},\"inLanguage\":\"ca\",\"potentialAction\":[{\"@type\":\"ReadAction\",\"target\":[\"https:\/\/novaorg.cofb.net\/2023\/10\/06\/prop-de-500-persones-celebren-els-125-anys-del-collegi-de-farmaceutics-de-barcelona-al-palau-de-la-musica-catalana-2\/\"]}]},{\"@type\":\"ImageObject\",\"inLanguage\":\"ca\",\"@id\":\"https:\/\/novaorg.cofb.net\/2023\/10\/06\/prop-de-500-persones-celebren-els-125-anys-del-collegi-de-farmaceutics-de-barcelona-al-palau-de-la-musica-catalana-2\/#primaryimage\",\"url\":\"https:\/\/www.cofb.org\/wp-content\/uploads\/2024\/02\/02ad771d-b5b5-45e6-ac71-7544f4c900ce-Pr95I1.jpeg\",\"contentUrl\":\"https:\/\/www.cofb.org\/wp-content\/uploads\/2024\/02\/02ad771d-b5b5-45e6-ac71-7544f4c900ce-Pr95I1.jpeg\",\"width\":1772,\"height\":1182},{\"@type\":\"BreadcrumbList\",\"@id\":\"https:\/\/novaorg.cofb.net\/2023\/10\/06\/prop-de-500-persones-celebren-els-125-anys-del-collegi-de-farmaceutics-de-barcelona-al-palau-de-la-musica-catalana-2\/#breadcrumb\",\"itemListElement\":[{\"@type\":\"ListItem\",\"position\":1,\"name\":\"Inici\",\"item\":\"https:\/\/novaorg.cofb.net\/\"},{\"@type\":\"ListItem\",\"position\":2,\"name\":\"Prop de 500 persones celebren els 125 anys del Col\u00b7legi de Farmac\u00e8utics de Barcelona al Palau de la M\u00fasica Catalana\"}]},{\"@type\":\"WebSite\",\"@id\":\"https:\/\/www.cofb.org\/#website\",\"url\":\"https:\/\/www.cofb.org\/\",\"name\":\"Col\u00b7legi de Farmac\u00e8utics de Barcelona\",\"description\":\"\",\"publisher\":{\"@id\":\"https:\/\/www.cofb.org\/#organization\"},\"potentialAction\":[{\"@type\":\"SearchAction\",\"target\":{\"@type\":\"EntryPoint\",\"urlTemplate\":\"https:\/\/www.cofb.org\/?s={search_term_string}\"},\"query-input\":\"required name=search_term_string\"}],\"inLanguage\":\"ca\"},{\"@type\":\"Organization\",\"@id\":\"https:\/\/www.cofb.org\/#organization\",\"name\":\"Col\u00b7legi de Farmac\u00e8utics de Barcelona\",\"url\":\"https:\/\/www.cofb.org\/\",\"logo\":{\"@type\":\"ImageObject\",\"inLanguage\":\"ca\",\"@id\":\"https:\/\/www.cofb.org\/#\/schema\/logo\/image\/\",\"url\":\"https:\/\/www.cofb.org\/wp-content\/uploads\/2023\/11\/cropped-Logotip-COFB.png\",\"contentUrl\":\"https:\/\/www.cofb.org\/wp-content\/uploads\/2023\/11\/cropped-Logotip-COFB.png\",\"width\":500,\"height\":105,\"caption\":\"Col\u00b7legi de Farmac\u00e8utics de Barcelona\"},\"image\":{\"@id\":\"https:\/\/www.cofb.org\/#\/schema\/logo\/image\/\"},\"sameAs\":[\"https:\/\/www.facebook.com\/farmaceuticsbcn\/\",\"https:\/\/twitter.com\/farmaceuticsbcn\",\"https:\/\/www.instagram.com\/farmaceuticsbcn\/\",\"https:\/\/www.linkedin.com\/company\/farmaceuticsbcn\/\"]},{\"@type\":\"Person\",\"@id\":\"https:\/\/www.cofb.org\/#\/schema\/person\/22ed7eea88da74b0fa4d3154ad87ffcb\",\"name\":\"wpAdminCofbOrg\",\"image\":{\"@type\":\"ImageObject\",\"inLanguage\":\"ca\",\"@id\":\"https:\/\/www.cofb.org\/#\/schema\/person\/image\/\",\"url\":\"https:\/\/secure.gravatar.com\/avatar\/1721b20b3b8ca882c3b56ec6c978c594fff670e40c0718e9190eaeeb76aae7d8?s=96&d=mm&r=g\",\"contentUrl\":\"https:\/\/secure.gravatar.com\/avatar\/1721b20b3b8ca882c3b56ec6c978c594fff670e40c0718e9190eaeeb76aae7d8?s=96&d=mm&r=g\",\"caption\":\"wpAdminCofbOrg\"},\"sameAs\":[\"http:\/\/192.168.64.122\/wordpress\"],\"url\":\"https:\/\/www.cofb.org\/ca\/author\/wpadmincofborg\/\"}]}<\/script>\n<!-- \/ Yoast SEO plugin. -->","yoast_head_json":{"title":"Prop de 500 persones celebren els 125 anys del Col\u00b7legi de Farmac\u00e8utics de Barcelona al Palau de la M\u00fasica Catalana - Col\u00b7legi de Farmac\u00e8utics de Barcelona","robots":{"index":"index","follow":"follow","max-snippet":"max-snippet:-1","max-image-preview":"max-image-preview:large","max-video-preview":"max-video-preview:-1"},"canonical":"https:\/\/novaorg.cofb.net\/2023\/10\/06\/prop-de-500-persones-celebren-els-125-anys-del-collegi-de-farmaceutics-de-barcelona-al-palau-de-la-musica-catalana-2\/","og_locale":"ca_ES","og_type":"article","og_title":"Prop de 500 persones celebren els 125 anys del Col\u00b7legi de Farmac\u00e8utics de Barcelona al Palau de la M\u00fasica Catalana - Col\u00b7legi de Farmac\u00e8utics de Barcelona","og_description":"\u00a0 El president del COFB, Jordi Casas, va posar en valor l\u2019evoluci\u00f3 de la professi\u00f3 farmac\u00e8utica al llarg dels darrers 125 anys, posant sempre al capdavant el comprom\u00eds amb la salut dels pacients L\u2019acte va esdevenir l\u2019escenari idoni per a la presentaci\u00f3 i projecci\u00f3 del v\u00eddeo commemoratiu, elaborat amb motiu [&hellip;]","og_url":"https:\/\/novaorg.cofb.net\/2023\/10\/06\/prop-de-500-persones-celebren-els-125-anys-del-collegi-de-farmaceutics-de-barcelona-al-palau-de-la-musica-catalana-2\/","og_site_name":"Col\u00b7legi de Farmac\u00e8utics de Barcelona","article_publisher":"https:\/\/www.facebook.com\/farmaceuticsbcn\/","article_published_time":"2023-10-06T13:57:00+00:00","article_modified_time":"2024-02-27T08:47:22+00:00","og_image":[{"width":1772,"height":1182,"url":"https:\/\/novaorg.cofb.net\/wp-content\/uploads\/2024\/02\/02ad771d-b5b5-45e6-ac71-7544f4c900ce-Pr95I1.jpeg","type":"image\/jpeg"}],"author":"wpAdminCofbOrg","twitter_card":"summary_large_image","twitter_creator":"@farmaceuticsbcn","twitter_site":"@farmaceuticsbcn","twitter_misc":{"Escrit per":"wpAdminCofbOrg","Temps estimat de lectura":"8 minuts"},"schema":{"@context":"https:\/\/schema.org","@graph":[{"@type":"Article","@id":"https:\/\/novaorg.cofb.net\/2023\/10\/06\/prop-de-500-persones-celebren-els-125-anys-del-collegi-de-farmaceutics-de-barcelona-al-palau-de-la-musica-catalana-2\/#article","isPartOf":{"@id":"https:\/\/novaorg.cofb.net\/2023\/10\/06\/prop-de-500-persones-celebren-els-125-anys-del-collegi-de-farmaceutics-de-barcelona-al-palau-de-la-musica-catalana-2\/"},"author":{"name":"wpAdminCofbOrg","@id":"https:\/\/www.cofb.org\/#\/schema\/person\/22ed7eea88da74b0fa4d3154ad87ffcb"},"headline":"Prop de 500 persones celebren els 125 anys del Col\u00b7legi de Farmac\u00e8utics de Barcelona al Palau de la M\u00fasica Catalana","datePublished":"2023-10-06T13:57:00+00:00","dateModified":"2024-02-27T08:47:22+00:00","mainEntityOfPage":{"@id":"https:\/\/novaorg.cofb.net\/2023\/10\/06\/prop-de-500-persones-celebren-els-125-anys-del-collegi-de-farmaceutics-de-barcelona-al-palau-de-la-musica-catalana-2\/"},"wordCount":1557,"publisher":{"@id":"https:\/\/www.cofb.org\/#organization"},"image":{"@id":"https:\/\/novaorg.cofb.net\/2023\/10\/06\/prop-de-500-persones-celebren-els-125-anys-del-collegi-de-farmaceutics-de-barcelona-al-palau-de-la-musica-catalana-2\/#primaryimage"},"thumbnailUrl":"https:\/\/www.cofb.org\/wp-content\/uploads\/2024\/02\/02ad771d-b5b5-45e6-ac71-7544f4c900ce-Pr95I1.jpeg","articleSection":["Notes de premsa"],"inLanguage":"ca"},{"@type":"WebPage","@id":"https:\/\/novaorg.cofb.net\/2023\/10\/06\/prop-de-500-persones-celebren-els-125-anys-del-collegi-de-farmaceutics-de-barcelona-al-palau-de-la-musica-catalana-2\/","url":"https:\/\/novaorg.cofb.net\/2023\/10\/06\/prop-de-500-persones-celebren-els-125-anys-del-collegi-de-farmaceutics-de-barcelona-al-palau-de-la-musica-catalana-2\/","name":"Prop de 500 persones celebren els 125 anys del Col\u00b7legi de Farmac\u00e8utics de Barcelona al Palau de la M\u00fasica Catalana - Col\u00b7legi de Farmac\u00e8utics de Barcelona","isPartOf":{"@id":"https:\/\/www.cofb.org\/#website"},"primaryImageOfPage":{"@id":"https:\/\/novaorg.cofb.net\/2023\/10\/06\/prop-de-500-persones-celebren-els-125-anys-del-collegi-de-farmaceutics-de-barcelona-al-palau-de-la-musica-catalana-2\/#primaryimage"},"image":{"@id":"https:\/\/novaorg.cofb.net\/2023\/10\/06\/prop-de-500-persones-celebren-els-125-anys-del-collegi-de-farmaceutics-de-barcelona-al-palau-de-la-musica-catalana-2\/#primaryimage"},"thumbnailUrl":"https:\/\/www.cofb.org\/wp-content\/uploads\/2024\/02\/02ad771d-b5b5-45e6-ac71-7544f4c900ce-Pr95I1.jpeg","datePublished":"2023-10-06T13:57:00+00:00","dateModified":"2024-02-27T08:47:22+00:00","breadcrumb":{"@id":"https:\/\/novaorg.cofb.net\/2023\/10\/06\/prop-de-500-persones-celebren-els-125-anys-del-collegi-de-farmaceutics-de-barcelona-al-palau-de-la-musica-catalana-2\/#breadcrumb"},"inLanguage":"ca","potentialAction":[{"@type":"ReadAction","target":["https:\/\/novaorg.cofb.net\/2023\/10\/06\/prop-de-500-persones-celebren-els-125-anys-del-collegi-de-farmaceutics-de-barcelona-al-palau-de-la-musica-catalana-2\/"]}]},{"@type":"ImageObject","inLanguage":"ca","@id":"https:\/\/novaorg.cofb.net\/2023\/10\/06\/prop-de-500-persones-celebren-els-125-anys-del-collegi-de-farmaceutics-de-barcelona-al-palau-de-la-musica-catalana-2\/#primaryimage","url":"https:\/\/www.cofb.org\/wp-content\/uploads\/2024\/02\/02ad771d-b5b5-45e6-ac71-7544f4c900ce-Pr95I1.jpeg","contentUrl":"https:\/\/www.cofb.org\/wp-content\/uploads\/2024\/02\/02ad771d-b5b5-45e6-ac71-7544f4c900ce-Pr95I1.jpeg","width":1772,"height":1182},{"@type":"BreadcrumbList","@id":"https:\/\/novaorg.cofb.net\/2023\/10\/06\/prop-de-500-persones-celebren-els-125-anys-del-collegi-de-farmaceutics-de-barcelona-al-palau-de-la-musica-catalana-2\/#breadcrumb","itemListElement":[{"@type":"ListItem","position":1,"name":"Inici","item":"https:\/\/novaorg.cofb.net\/"},{"@type":"ListItem","position":2,"name":"Prop de 500 persones celebren els 125 anys del Col\u00b7legi de Farmac\u00e8utics de Barcelona al Palau de la M\u00fasica Catalana"}]},{"@type":"WebSite","@id":"https:\/\/www.cofb.org\/#website","url":"https:\/\/www.cofb.org\/","name":"Col\u00b7legi de Farmac\u00e8utics de Barcelona","description":"","publisher":{"@id":"https:\/\/www.cofb.org\/#organization"},"potentialAction":[{"@type":"SearchAction","target":{"@type":"EntryPoint","urlTemplate":"https:\/\/www.cofb.org\/?s={search_term_string}"},"query-input":"required name=search_term_string"}],"inLanguage":"ca"},{"@type":"Organization","@id":"https:\/\/www.cofb.org\/#organization","name":"Col\u00b7legi de Farmac\u00e8utics de Barcelona","url":"https:\/\/www.cofb.org\/","logo":{"@type":"ImageObject","inLanguage":"ca","@id":"https:\/\/www.cofb.org\/#\/schema\/logo\/image\/","url":"https:\/\/www.cofb.org\/wp-content\/uploads\/2023\/11\/cropped-Logotip-COFB.png","contentUrl":"https:\/\/www.cofb.org\/wp-content\/uploads\/2023\/11\/cropped-Logotip-COFB.png","width":500,"height":105,"caption":"Col\u00b7legi de Farmac\u00e8utics de Barcelona"},"image":{"@id":"https:\/\/www.cofb.org\/#\/schema\/logo\/image\/"},"sameAs":["https:\/\/www.facebook.com\/farmaceuticsbcn\/","https:\/\/twitter.com\/farmaceuticsbcn","https:\/\/www.instagram.com\/farmaceuticsbcn\/","https:\/\/www.linkedin.com\/company\/farmaceuticsbcn\/"]},{"@type":"Person","@id":"https:\/\/www.cofb.org\/#\/schema\/person\/22ed7eea88da74b0fa4d3154ad87ffcb","name":"wpAdminCofbOrg","image":{"@type":"ImageObject","inLanguage":"ca","@id":"https:\/\/www.cofb.org\/#\/schema\/person\/image\/","url":"https:\/\/secure.gravatar.com\/avatar\/1721b20b3b8ca882c3b56ec6c978c594fff670e40c0718e9190eaeeb76aae7d8?s=96&d=mm&r=g","contentUrl":"https:\/\/secure.gravatar.com\/avatar\/1721b20b3b8ca882c3b56ec6c978c594fff670e40c0718e9190eaeeb76aae7d8?s=96&d=mm&r=g","caption":"wpAdminCofbOrg"},"sameAs":["http:\/\/192.168.64.122\/wordpress"],"url":"https:\/\/www.cofb.org\/ca\/author\/wpadmincofborg\/"}]}},"uagb_featured_image_src":{"full":["https:\/\/www.cofb.org\/wp-content\/uploads\/2024\/02\/02ad771d-b5b5-45e6-ac71-7544f4c900ce-Pr95I1.jpeg",1772,1182,false],"thumbnail":["https:\/\/www.cofb.org\/wp-content\/uploads\/2024\/02\/02ad771d-b5b5-45e6-ac71-7544f4c900ce-Pr95I1-150x150.jpeg",150,150,true],"medium":["https:\/\/www.cofb.org\/wp-content\/uploads\/2024\/02\/02ad771d-b5b5-45e6-ac71-7544f4c900ce-Pr95I1-300x200.jpeg",300,200,true],"medium_large":["https:\/\/www.cofb.org\/wp-content\/uploads\/2024\/02\/02ad771d-b5b5-45e6-ac71-7544f4c900ce-Pr95I1-768x512.jpeg",768,512,true],"large":["https:\/\/www.cofb.org\/wp-content\/uploads\/2024\/02\/02ad771d-b5b5-45e6-ac71-7544f4c900ce-Pr95I1-1024x683.jpeg",1024,683,true],"1536x1536":["https:\/\/www.cofb.org\/wp-content\/uploads\/2024\/02\/02ad771d-b5b5-45e6-ac71-7544f4c900ce-Pr95I1-1536x1025.jpeg",1536,1025,true],"2048x2048":["https:\/\/www.cofb.org\/wp-content\/uploads\/2024\/02\/02ad771d-b5b5-45e6-ac71-7544f4c900ce-Pr95I1.jpeg",1772,1182,false],"trp-custom-language-flag":["https:\/\/www.cofb.org\/wp-content\/uploads\/2024\/02\/02ad771d-b5b5-45e6-ac71-7544f4c900ce-Pr95I1-18x12.jpeg",18,12,true]},"uagb_author_info":{"display_name":"wpAdminCofbOrg","author_link":"https:\/\/www.cofb.org\/ca\/author\/wpadmincofborg\/"},"uagb_comment_info":0,"uagb_excerpt":"\u00a0 El president del COFB, Jordi Casas, va posar en valor l\u2019evoluci\u00f3 de la professi\u00f3 farmac\u00e8utica al llarg dels darrers 125 anys, posant sempre al capdavant el comprom\u00eds amb la salut dels pacients L\u2019acte va esdevenir l\u2019escenari idoni per a la presentaci\u00f3 i projecci\u00f3 del v\u00eddeo commemoratiu, elaborat amb motiu [&hellip;]","_links":{"self":[{"href":"https:\/\/www.cofb.org\/ca\/wp-json\/wp\/v2\/posts\/76906","targetHints":{"allow":["GET"]}}],"collection":[{"href":"https:\/\/www.cofb.org\/ca\/wp-json\/wp\/v2\/posts"}],"about":[{"href":"https:\/\/www.cofb.org\/ca\/wp-json\/wp\/v2\/types\/post"}],"author":[{"embeddable":true,"href":"https:\/\/www.cofb.org\/ca\/wp-json\/wp\/v2\/users\/1"}],"replies":[{"embeddable":true,"href":"https:\/\/www.cofb.org\/ca\/wp-json\/wp\/v2\/comments?post=76906"}],"version-history":[{"count":1,"href":"https:\/\/www.cofb.org\/ca\/wp-json\/wp\/v2\/posts\/76906\/revisions"}],"predecessor-version":[{"id":77685,"href":"https:\/\/www.cofb.org\/ca\/wp-json\/wp\/v2\/posts\/76906\/revisions\/77685"}],"wp:featuredmedia":[{"embeddable":true,"href":"https:\/\/www.cofb.org\/ca\/wp-json\/wp\/v2\/media\/76849"}],"wp:attachment":[{"href":"https:\/\/www.cofb.org\/ca\/wp-json\/wp\/v2\/media?parent=76906"}],"wp:term":[{"taxonomy":"category","embeddable":true,"href":"https:\/\/www.cofb.org\/ca\/wp-json\/wp\/v2\/categories?post=76906"},{"taxonomy":"post_tag","embeddable":true,"href":"https:\/\/www.cofb.org\/ca\/wp-json\/wp\/v2\/tags?post=76906"}],"curies":[{"name":"wp","href":"https:\/\/api.w.org\/{rel}","templated":true}]}}