{"id":76898,"date":"2024-02-22T10:34:00","date_gmt":"2024-02-22T10:34:00","guid":{"rendered":"https:\/\/novaorg.cofb.net\/2024\/02\/22\/infarma-madrid-2024-presentara-24-iniciatives-dexit-de-la-farmacia-per-millorar-la-gestio-i-latencio-dels-pacients\/"},"modified":"2024-02-26T10:03:35","modified_gmt":"2024-02-26T10:03:35","slug":"infarma-madrid-2024-presentara-24-iniciatives-dexit-de-la-farmacia-per-millorar-la-gestio-i-latencio-dels-pacients","status":"publish","type":"post","link":"https:\/\/www.cofb.org\/ca\/2024\/02\/22\/infarma-madrid-2024-presentara-24-iniciatives-dexit-de-la-farmacia-per-millorar-la-gestio-i-latencio-dels-pacients\/","title":{"rendered":"\u2018Infarma Madrid 2024\u2019 presentar\u00e0 24 iniciatives d&#8217;\u00e8xit de la farm\u00e0cia per millorar la gesti\u00f3 i l&#8217;atenci\u00f3 dels pacients"},"content":{"rendered":"<p>\u00a0<\/p>\n<ul>\n<li>S\u00f3n experi\u00e8ncies reals que han contribu\u00eft a refor\u00e7ar el valor sanitari i social del farmac\u00e8utic i que s&#8217;analitzaran amb els seus impulsors amb la finalitat que puguin replicar-se en altres farm\u00e0cies<\/li>\n<li>L&#8217;aplicaci\u00f3 de noves tecnologies com la intel\u00b7lig\u00e8ncia artificial, la implantaci\u00f3 de serveis farmac\u00e8utics de prevenci\u00f3 o educaci\u00f3 per a la salut o l&#8217;\u00fas de les xarxes socials, entre les propostes que s&#8217;exposaran el 21 de mar\u00e7<\/li>\n<\/ul>\n<p><img decoding=\"async\" alt=\"\" src=\"https:\/\/www.cofb.org\/documents\/10136\/1091470\/COFB_Iniciatives+d%27%C3%A8xit+2024_22022024_2.jpg\/61fb678b-475d-4565-8012-c313a9d32faa?t=1708601576681\"><\/p>\n<p><em>Barcelona, 22 de febrer de 2024.-<\/em>\u00a0<strong>Infarma Madrid 2024<\/strong> acollir\u00e0 les<strong> Iniciatives d&#8217;\u00e8xit de la farm\u00e0cia<\/strong>, un espai on es presentar\u00e0 una selecci\u00f3 dels <strong>millors projectes i experi\u00e8ncies desenvolupades pels farmac\u00e8utics de la farm\u00e0cia comunit\u00e0ria a Espanya<\/strong> per potenciar la cura i la salut dels ciutadans i refor\u00e7ar la gesti\u00f3 de les oficines de farm\u00e0cia.<\/p>\n<p>L&#8217;aplicaci\u00f3 de la<strong> intel\u00b7lig\u00e8ncia artificial <\/strong>per optimitzar la gesti\u00f3 de medicaments i millorar l&#8217;adher\u00e8ncia terap\u00e8utica o l&#8217;\u00fas de la<strong> impressi\u00f3 3D<\/strong> en l&#8217;elaboraci\u00f3 de comprimits; el control i seguiment de malalties cr\u00f2niques com la diabetis, la <strong>hipercolesterol\u00e8mia <\/strong>o la <strong>hipertensi\u00f3 <\/strong>a trav\u00e9s de l&#8217;\u00fas dels <strong>probi\u00f2tics <\/strong>i la <strong>crononutrici\u00f3<\/strong>; l&#8217;abordatge de malalties de <strong>salut mental<\/strong> mitjan\u00e7ant farmacoter\u00e0pia i psicoter\u00e0pia, o els passos necessaris per implantar un <strong>servei farmac\u00e8utic assistencial <\/strong>per mesurar, per exemple, la s\u00edndrome metab\u00f2lica o escometre la robotitzaci\u00f3 de la farm\u00e0cia seran alguns dels casos pr\u00e0ctics exposats dins del <strong>Congr\u00e9s Europeu de Farm\u00e0cia<\/strong> i <strong>Sal\u00f3 de Medicaments i Parafarm\u00e0cia<\/strong>, que organitzen els <strong>col\u00b7legis oficials de farmac\u00e8utics de Madrid i Barcelona<\/strong>, en col\u00b7laboraci\u00f3 amb <strong>CloserStill<\/strong>, en el recinte firal d\u2019<strong>IFEMA Madrid <\/strong>del <strong>19 al 21 de mar\u00e7.<\/strong><\/p>\n<p>\u201cIniciatives d&#8217;\u00e8xit ens ofereix l&#8217;oportunitat de con\u00e8ixer propostes professionals i experi\u00e8ncies de gesti\u00f3 o col\u00b7laboraci\u00f3 impulsades per farmac\u00e8utics que han decidit innovar en les diferents \u00e0rees de gesti\u00f3 o de la farm\u00e0cia assistencial amb projectes \u00fatils, que poden ser aplicables per altres farmac\u00e8utics en benefici dels pacients\u201d, explica <strong>Jos\u00e9 Manuel Becerra<\/strong>, director del Congr\u00e9s i vocal de Titulars d&#8217;Oficina de Farm\u00e0cia del Colegio Oficial de Farmac\u00e9uticos de Madrid.<\/p>\n<p>En total, s&#8217;han seleccionat <strong>24 iniciatives<\/strong> centrades en el desenvolupament de la farm\u00e0cia assistencial i la gesti\u00f3 de l&#8217;oficina de farm\u00e0cia, xifra que suposa gaireb\u00e9 doblar els treballs presentats en l&#8217;edici\u00f3 anterior d\u2019Infarma.<\/p>\n<p>Entre les<strong> exposicions previstes<\/strong>, hi haur\u00e0 espai per a nous projectes de prevenci\u00f3 i cribratge de malalties com l\u2019ictus o l&#8217;MPOC des de la farm\u00e0cia comunit\u00e0ria, educaci\u00f3 per a la salut en municipis rurals de Castella i Lle\u00f3 i guies de comunicaci\u00f3 en casos d&#8217;atenci\u00f3 a la poblaci\u00f3 immigrant marroquina o d&#8217;\u00fas de xarxes socials, podcast i m\u00e0rqueting digital, entre altres.<\/p>\n<p>Les <a href=\"https:\/\/www.infarma.es\/iniciativas-de-exito-2024\/\" target=\"_blank\" rel=\"noopener\">propostes seleccionades<\/a> es presentaran al llarg del mat\u00ed del 21 de mar\u00e7 a l&#8217;espai congressual d&#8217;<strong>\u00c0gora Sanit\u00e0ria<\/strong>, on els impulsors de les iniciatives les exposaran i analitzaran al costat dels farmac\u00e8utics assistents, amb la fi primordial que puguin ser aprofitades per ells en les seves pr\u00f2pies farm\u00e0cies.<\/p>\n<p><a href=\"https:\/\/www.infarma.es\/iniciativas-de-exito-2024\/\" target=\"_blank\" rel=\"noopener\">Infarma Madrid 2024<\/a> acollir\u00e0 a prop de 3.500 congressistes, m\u00e9s de 34.000 professionals del m\u00f3n de la farm\u00e0cia i 300 expositors durant tres dies, del 19 al 21 de mar\u00e7, en els pavellons 1, 3 i 5 de IFEMA Madrid.<\/p>\n<p>\u00a0S\u00f3n experi\u00e8ncies reals que han contribu\u00eft a refor\u00e7ar el valor sanitari i social del farmac\u00e8utic i que s&#8217;analitzaran amb els seus impulsors amb la finalitat que puguin replicar-se en altres farm\u00e0cies<br \/>\n\tL&#8217;aplicaci\u00f3 de noves tecnologies com la intel\u00b7lig\u00e8ncia artificial, la implantaci\u00f3 de serveis farmac\u00e8utics de prevenci\u00f3 o educaci\u00f3 per a la salut o l&#8217;\u00fas de les xarxes socials, entre les propostes que s&#8217;exposaran el 21 de mar\u00e7<\/p>\n<p>Barcelona, 22 de febrer de 2024.-\u00a0Infarma Madrid 2024 acollir\u00e0 les Iniciatives d&#8217;\u00e8xit de la farm\u00e0cia, un espai on es presentar\u00e0 una selecci\u00f3 dels millors projectes i experi\u00e8ncies desenvolupades pels farmac\u00e8utics de la farm\u00e0cia comunit\u00e0ria a Espanya per potenciar la cura i la salut dels ciutadans i refor\u00e7ar la gesti\u00f3 de les oficines de farm\u00e0cia.<\/p>\n<p>L&#8217;aplicaci\u00f3 de la intel\u00b7lig\u00e8ncia artificial per optimitzar la gesti\u00f3 de medicaments i millorar l&#8217;adher\u00e8ncia terap\u00e8utica o l&#8217;\u00fas de la impressi\u00f3 3D en l&#8217;elaboraci\u00f3 de comprimits; el control i seguiment de malalties cr\u00f2niques com la diabetis, la hipercolesterol\u00e8mia o la hipertensi\u00f3 a trav\u00e9s de l&#8217;\u00fas dels probi\u00f2tics i la crononutrici\u00f3; l&#8217;abordatge de malalties de salut mental mitjan\u00e7ant farmacoter\u00e0pia i psicoter\u00e0pia, o els passos necessaris per implantar un servei farmac\u00e8utic assistencial per mesurar, per exemple, la s\u00edndrome metab\u00f2lica o escometre la robotitzaci\u00f3 de la farm\u00e0cia seran alguns dels casos pr\u00e0ctics exposats dins del Congr\u00e9s Europeu de Farm\u00e0cia i Sal\u00f3 de Medicaments i Parafarm\u00e0cia, que organitzen els col\u00b7legis oficials de farmac\u00e8utics de Madrid i Barcelona, en col\u00b7laboraci\u00f3 amb CloserStill, en el recinte firal d\u2019IFEMA Madrid del 19 al 21 de mar\u00e7.<\/p>\n<p>\u201cIniciatives d&#8217;\u00e8xit ens ofereix l&#8217;oportunitat de con\u00e8ixer propostes professionals i experi\u00e8ncies de gesti\u00f3 o col\u00b7laboraci\u00f3 impulsades per farmac\u00e8utics que han decidit innovar en les diferents \u00e0rees de gesti\u00f3 o de la farm\u00e0cia assistencial amb projectes \u00fatils, que poden ser aplicables per altres farmac\u00e8utics en benefici dels pacients\u201d, explica Jos\u00e9 Manuel Becerra, director del Congr\u00e9s i vocal de Titulars d&#8217;Oficina de Farm\u00e0cia del Colegio Oficial de Farmac\u00e9uticos de Madrid.<\/p>\n<p>En total, s&#8217;han seleccionat 24 iniciatives centrades en el desenvolupament de la farm\u00e0cia assistencial i la gesti\u00f3 de l&#8217;oficina de farm\u00e0cia, xifra que suposa gaireb\u00e9 doblar els treballs presentats en l&#8217;edici\u00f3 anterior d\u2019Infarma.<\/p>\n<p>Entre les exposicions previstes, hi haur\u00e0 espai per a nous projectes de prevenci\u00f3 i cribratge de malalties com l\u2019ictus o l&#8217;MPOC des de la farm\u00e0cia comunit\u00e0ria, educaci\u00f3 per a la salut en municipis rurals de Castella i Lle\u00f3 i guies de comunicaci\u00f3 en casos d&#8217;atenci\u00f3 a la poblaci\u00f3 immigrant marroquina o d&#8217;\u00fas de xarxes socials, podcast i m\u00e0rqueting digital, entre altres.<\/p>\n<p>Les propostes seleccionades es presentaran al llarg del mat\u00ed del 21 de mar\u00e7 a l&#8217;espai congressual d&#8217;\u00c0gora Sanit\u00e0ria, on els impulsors de les iniciatives les exposaran i analitzaran al costat dels farmac\u00e8utics assistents, amb la fi primordial que puguin ser aprofitades per ells en les seves pr\u00f2pies farm\u00e0cies.<\/p>\n<p>Infarma Madrid 2024 acollir\u00e0 a prop de 3.500 congressistes, m\u00e9s de 34.000 professionals del m\u00f3n de la farm\u00e0cia i 300 expositors durant tres dies, del 19 al 21 de mar\u00e7, en els pavellons 1, 3 i 5 de IFEMA Madrid.\u00a0\u00a0COFB.ORG<\/p>\n","protected":false},"excerpt":{"rendered":"<p>\u00a0 S\u00f3n experi\u00e8ncies reals que han contribu\u00eft a refor\u00e7ar el valor sanitari i social del farmac\u00e8utic i que s&#8217;analitzaran amb els seus impulsors amb la finalitat que puguin replicar-se en altres farm\u00e0cies L&#8217;aplicaci\u00f3 de noves tecnologies com la intel\u00b7lig\u00e8ncia artificial, la implantaci\u00f3 de serveis farmac\u00e8utics de prevenci\u00f3 o educaci\u00f3 per [&hellip;]<\/p>\n","protected":false},"author":1,"featured_media":76809,"comment_status":"closed","ping_status":"","sticky":false,"template":"","format":"aside","meta":{"_uag_custom_page_level_css":"","site-sidebar-layout":"default","site-content-layout":"","ast-site-content-layout":"default","site-content-style":"default","site-sidebar-style":"default","ast-global-header-display":"","ast-banner-title-visibility":"","ast-main-header-display":"","ast-hfb-above-header-display":"","ast-hfb-below-header-display":"","ast-hfb-mobile-header-display":"","site-post-title":"","ast-breadcrumbs-content":"","ast-featured-img":"disabled","footer-sml-layout":"","theme-transparent-header-meta":"","adv-header-id-meta":"","stick-header-meta":"","header-above-stick-meta":"","header-main-stick-meta":"","header-below-stick-meta":"","astra-migrate-meta-layouts":"set","ast-page-background-enabled":"default","ast-page-background-meta":{"desktop":{"background-color":"var(--ast-global-color-4)","background-image":"","background-repeat":"repeat","background-position":"center center","background-size":"auto","background-attachment":"scroll","background-type":"","background-media":"","overlay-type":"","overlay-color":"","overlay-opacity":"","overlay-gradient":""},"tablet":{"background-color":"","background-image":"","background-repeat":"repeat","background-position":"center center","background-size":"auto","background-attachment":"scroll","background-type":"","background-media":"","overlay-type":"","overlay-color":"","overlay-opacity":"","overlay-gradient":""},"mobile":{"background-color":"","background-image":"","background-repeat":"repeat","background-position":"center center","background-size":"auto","background-attachment":"scroll","background-type":"","background-media":"","overlay-type":"","overlay-color":"","overlay-opacity":"","overlay-gradient":""}},"ast-content-background-meta":{"desktop":{"background-color":"var(--ast-global-color-5)","background-image":"","background-repeat":"repeat","background-position":"center center","background-size":"auto","background-attachment":"scroll","background-type":"","background-media":"","overlay-type":"","overlay-color":"","overlay-opacity":"","overlay-gradient":""},"tablet":{"background-color":"var(--ast-global-color-5)","background-image":"","background-repeat":"repeat","background-position":"center center","background-size":"auto","background-attachment":"scroll","background-type":"","background-media":"","overlay-type":"","overlay-color":"","overlay-opacity":"","overlay-gradient":""},"mobile":{"background-color":"var(--ast-global-color-5)","background-image":"","background-repeat":"repeat","background-position":"center center","background-size":"auto","background-attachment":"scroll","background-type":"","background-media":"","overlay-type":"","overlay-color":"","overlay-opacity":"","overlay-gradient":""}},"footnotes":""},"categories":[1060],"tags":[],"class_list":["post-76898","post","type-post","status-publish","format-aside","has-post-thumbnail","hentry","category-notes-premsa","post_format-post-format-aside"],"yoast_head":"<!-- This site is optimized with the Yoast SEO plugin v22.4 - https:\/\/yoast.com\/wordpress\/plugins\/seo\/ -->\n<title>\u2018Infarma Madrid 2024\u2019 presentar\u00e0 24 iniciatives d&#039;\u00e8xit de la farm\u00e0cia per millorar la gesti\u00f3 i l&#039;atenci\u00f3 dels pacients - Col\u00b7legi de Farmac\u00e8utics de Barcelona<\/title>\n<meta name=\"robots\" content=\"index, follow, max-snippet:-1, max-image-preview:large, max-video-preview:-1\" \/>\n<link rel=\"canonical\" href=\"https:\/\/novaorg.cofb.net\/2024\/02\/22\/infarma-madrid-2024-presentara-24-iniciatives-dexit-de-la-farmacia-per-millorar-la-gestio-i-latencio-dels-pacients\/\" \/>\n<meta property=\"og:locale\" content=\"ca_ES\" \/>\n<meta property=\"og:type\" content=\"article\" \/>\n<meta property=\"og:title\" content=\"\u2018Infarma Madrid 2024\u2019 presentar\u00e0 24 iniciatives d&#039;\u00e8xit de la farm\u00e0cia per millorar la gesti\u00f3 i l&#039;atenci\u00f3 dels pacients - Col\u00b7legi de Farmac\u00e8utics de Barcelona\" \/>\n<meta property=\"og:description\" content=\"\u00a0 S\u00f3n experi\u00e8ncies reals que han contribu\u00eft a refor\u00e7ar el valor sanitari i social del farmac\u00e8utic i que s&#8217;analitzaran amb els seus impulsors amb la finalitat que puguin replicar-se en altres farm\u00e0cies L&#8217;aplicaci\u00f3 de noves tecnologies com la intel\u00b7lig\u00e8ncia artificial, la implantaci\u00f3 de serveis farmac\u00e8utics de prevenci\u00f3 o educaci\u00f3 per [&hellip;]\" \/>\n<meta property=\"og:url\" content=\"https:\/\/novaorg.cofb.net\/2024\/02\/22\/infarma-madrid-2024-presentara-24-iniciatives-dexit-de-la-farmacia-per-millorar-la-gestio-i-latencio-dels-pacients\/\" \/>\n<meta property=\"og:site_name\" content=\"Col\u00b7legi de Farmac\u00e8utics de Barcelona\" \/>\n<meta property=\"article:publisher\" content=\"https:\/\/www.facebook.com\/farmaceuticsbcn\/\" \/>\n<meta property=\"article:published_time\" content=\"2024-02-22T10:34:00+00:00\" \/>\n<meta property=\"article:modified_time\" content=\"2024-02-26T10:03:35+00:00\" \/>\n<meta property=\"og:image\" content=\"https:\/\/novaorg.cofb.net\/wp-content\/uploads\/2024\/02\/61fb678b-475d-4565-8012-c313a9d32faa-PhCNiH.jpeg\" \/>\n\t<meta property=\"og:image:width\" content=\"1181\" \/>\n\t<meta property=\"og:image:height\" content=\"500\" \/>\n\t<meta property=\"og:image:type\" content=\"image\/jpeg\" \/>\n<meta name=\"author\" content=\"wpAdminCofbOrg\" \/>\n<meta name=\"twitter:card\" content=\"summary_large_image\" \/>\n<meta name=\"twitter:creator\" content=\"@farmaceuticsbcn\" \/>\n<meta name=\"twitter:site\" content=\"@farmaceuticsbcn\" \/>\n<meta name=\"twitter:label1\" content=\"Escrit per\" \/>\n\t<meta name=\"twitter:data1\" content=\"wpAdminCofbOrg\" \/>\n\t<meta name=\"twitter:label2\" content=\"Temps estimat de lectura\" \/>\n\t<meta name=\"twitter:data2\" content=\"6 minuts\" \/>\n<script type=\"application\/ld+json\" class=\"yoast-schema-graph\">{\"@context\":\"https:\/\/schema.org\",\"@graph\":[{\"@type\":\"Article\",\"@id\":\"https:\/\/novaorg.cofb.net\/2024\/02\/22\/infarma-madrid-2024-presentara-24-iniciatives-dexit-de-la-farmacia-per-millorar-la-gestio-i-latencio-dels-pacients\/#article\",\"isPartOf\":{\"@id\":\"https:\/\/novaorg.cofb.net\/2024\/02\/22\/infarma-madrid-2024-presentara-24-iniciatives-dexit-de-la-farmacia-per-millorar-la-gestio-i-latencio-dels-pacients\/\"},\"author\":{\"name\":\"wpAdminCofbOrg\",\"@id\":\"https:\/\/www.cofb.org\/#\/schema\/person\/22ed7eea88da74b0fa4d3154ad87ffcb\"},\"headline\":\"\u2018Infarma Madrid 2024\u2019 presentar\u00e0 24 iniciatives d&#8217;\u00e8xit de la farm\u00e0cia per millorar la gesti\u00f3 i l&#8217;atenci\u00f3 dels pacients\",\"datePublished\":\"2024-02-22T10:34:00+00:00\",\"dateModified\":\"2024-02-26T10:03:35+00:00\",\"mainEntityOfPage\":{\"@id\":\"https:\/\/novaorg.cofb.net\/2024\/02\/22\/infarma-madrid-2024-presentara-24-iniciatives-dexit-de-la-farmacia-per-millorar-la-gestio-i-latencio-dels-pacients\/\"},\"wordCount\":1157,\"publisher\":{\"@id\":\"https:\/\/www.cofb.org\/#organization\"},\"image\":{\"@id\":\"https:\/\/novaorg.cofb.net\/2024\/02\/22\/infarma-madrid-2024-presentara-24-iniciatives-dexit-de-la-farmacia-per-millorar-la-gestio-i-latencio-dels-pacients\/#primaryimage\"},\"thumbnailUrl\":\"https:\/\/www.cofb.org\/wp-content\/uploads\/2024\/02\/61fb678b-475d-4565-8012-c313a9d32faa-PhCNiH.jpeg\",\"articleSection\":[\"Notes de premsa\"],\"inLanguage\":\"ca\"},{\"@type\":\"WebPage\",\"@id\":\"https:\/\/novaorg.cofb.net\/2024\/02\/22\/infarma-madrid-2024-presentara-24-iniciatives-dexit-de-la-farmacia-per-millorar-la-gestio-i-latencio-dels-pacients\/\",\"url\":\"https:\/\/novaorg.cofb.net\/2024\/02\/22\/infarma-madrid-2024-presentara-24-iniciatives-dexit-de-la-farmacia-per-millorar-la-gestio-i-latencio-dels-pacients\/\",\"name\":\"\u2018Infarma Madrid 2024\u2019 presentar\u00e0 24 iniciatives d'\u00e8xit de la farm\u00e0cia per millorar la gesti\u00f3 i l'atenci\u00f3 dels pacients - Col\u00b7legi de Farmac\u00e8utics de Barcelona\",\"isPartOf\":{\"@id\":\"https:\/\/www.cofb.org\/#website\"},\"primaryImageOfPage\":{\"@id\":\"https:\/\/novaorg.cofb.net\/2024\/02\/22\/infarma-madrid-2024-presentara-24-iniciatives-dexit-de-la-farmacia-per-millorar-la-gestio-i-latencio-dels-pacients\/#primaryimage\"},\"image\":{\"@id\":\"https:\/\/novaorg.cofb.net\/2024\/02\/22\/infarma-madrid-2024-presentara-24-iniciatives-dexit-de-la-farmacia-per-millorar-la-gestio-i-latencio-dels-pacients\/#primaryimage\"},\"thumbnailUrl\":\"https:\/\/www.cofb.org\/wp-content\/uploads\/2024\/02\/61fb678b-475d-4565-8012-c313a9d32faa-PhCNiH.jpeg\",\"datePublished\":\"2024-02-22T10:34:00+00:00\",\"dateModified\":\"2024-02-26T10:03:35+00:00\",\"breadcrumb\":{\"@id\":\"https:\/\/novaorg.cofb.net\/2024\/02\/22\/infarma-madrid-2024-presentara-24-iniciatives-dexit-de-la-farmacia-per-millorar-la-gestio-i-latencio-dels-pacients\/#breadcrumb\"},\"inLanguage\":\"ca\",\"potentialAction\":[{\"@type\":\"ReadAction\",\"target\":[\"https:\/\/novaorg.cofb.net\/2024\/02\/22\/infarma-madrid-2024-presentara-24-iniciatives-dexit-de-la-farmacia-per-millorar-la-gestio-i-latencio-dels-pacients\/\"]}]},{\"@type\":\"ImageObject\",\"inLanguage\":\"ca\",\"@id\":\"https:\/\/novaorg.cofb.net\/2024\/02\/22\/infarma-madrid-2024-presentara-24-iniciatives-dexit-de-la-farmacia-per-millorar-la-gestio-i-latencio-dels-pacients\/#primaryimage\",\"url\":\"https:\/\/www.cofb.org\/wp-content\/uploads\/2024\/02\/61fb678b-475d-4565-8012-c313a9d32faa-PhCNiH.jpeg\",\"contentUrl\":\"https:\/\/www.cofb.org\/wp-content\/uploads\/2024\/02\/61fb678b-475d-4565-8012-c313a9d32faa-PhCNiH.jpeg\",\"width\":1181,\"height\":500},{\"@type\":\"BreadcrumbList\",\"@id\":\"https:\/\/novaorg.cofb.net\/2024\/02\/22\/infarma-madrid-2024-presentara-24-iniciatives-dexit-de-la-farmacia-per-millorar-la-gestio-i-latencio-dels-pacients\/#breadcrumb\",\"itemListElement\":[{\"@type\":\"ListItem\",\"position\":1,\"name\":\"Inici\",\"item\":\"https:\/\/novaorg.cofb.net\/\"},{\"@type\":\"ListItem\",\"position\":2,\"name\":\"\u2018Infarma Madrid 2024\u2019 presentar\u00e0 24 iniciatives d&#8217;\u00e8xit de la farm\u00e0cia per millorar la gesti\u00f3 i l&#8217;atenci\u00f3 dels pacients\"}]},{\"@type\":\"WebSite\",\"@id\":\"https:\/\/www.cofb.org\/#website\",\"url\":\"https:\/\/www.cofb.org\/\",\"name\":\"Col\u00b7legi de Farmac\u00e8utics de Barcelona\",\"description\":\"\",\"publisher\":{\"@id\":\"https:\/\/www.cofb.org\/#organization\"},\"potentialAction\":[{\"@type\":\"SearchAction\",\"target\":{\"@type\":\"EntryPoint\",\"urlTemplate\":\"https:\/\/www.cofb.org\/?s={search_term_string}\"},\"query-input\":\"required name=search_term_string\"}],\"inLanguage\":\"ca\"},{\"@type\":\"Organization\",\"@id\":\"https:\/\/www.cofb.org\/#organization\",\"name\":\"Col\u00b7legi de Farmac\u00e8utics de Barcelona\",\"url\":\"https:\/\/www.cofb.org\/\",\"logo\":{\"@type\":\"ImageObject\",\"inLanguage\":\"ca\",\"@id\":\"https:\/\/www.cofb.org\/#\/schema\/logo\/image\/\",\"url\":\"https:\/\/www.cofb.org\/wp-content\/uploads\/2023\/11\/cropped-Logotip-COFB.png\",\"contentUrl\":\"https:\/\/www.cofb.org\/wp-content\/uploads\/2023\/11\/cropped-Logotip-COFB.png\",\"width\":500,\"height\":105,\"caption\":\"Col\u00b7legi de Farmac\u00e8utics de Barcelona\"},\"image\":{\"@id\":\"https:\/\/www.cofb.org\/#\/schema\/logo\/image\/\"},\"sameAs\":[\"https:\/\/www.facebook.com\/farmaceuticsbcn\/\",\"https:\/\/twitter.com\/farmaceuticsbcn\",\"https:\/\/www.instagram.com\/farmaceuticsbcn\/\",\"https:\/\/www.linkedin.com\/company\/farmaceuticsbcn\/\"]},{\"@type\":\"Person\",\"@id\":\"https:\/\/www.cofb.org\/#\/schema\/person\/22ed7eea88da74b0fa4d3154ad87ffcb\",\"name\":\"wpAdminCofbOrg\",\"image\":{\"@type\":\"ImageObject\",\"inLanguage\":\"ca\",\"@id\":\"https:\/\/www.cofb.org\/#\/schema\/person\/image\/\",\"url\":\"https:\/\/secure.gravatar.com\/avatar\/1721b20b3b8ca882c3b56ec6c978c594fff670e40c0718e9190eaeeb76aae7d8?s=96&d=mm&r=g\",\"contentUrl\":\"https:\/\/secure.gravatar.com\/avatar\/1721b20b3b8ca882c3b56ec6c978c594fff670e40c0718e9190eaeeb76aae7d8?s=96&d=mm&r=g\",\"caption\":\"wpAdminCofbOrg\"},\"sameAs\":[\"http:\/\/192.168.64.122\/wordpress\"],\"url\":\"https:\/\/www.cofb.org\/ca\/author\/wpadmincofborg\/\"}]}<\/script>\n<!-- \/ Yoast SEO plugin. -->","yoast_head_json":{"title":"\u2018Infarma Madrid 2024\u2019 presentar\u00e0 24 iniciatives d'\u00e8xit de la farm\u00e0cia per millorar la gesti\u00f3 i l'atenci\u00f3 dels pacients - Col\u00b7legi de Farmac\u00e8utics de Barcelona","robots":{"index":"index","follow":"follow","max-snippet":"max-snippet:-1","max-image-preview":"max-image-preview:large","max-video-preview":"max-video-preview:-1"},"canonical":"https:\/\/novaorg.cofb.net\/2024\/02\/22\/infarma-madrid-2024-presentara-24-iniciatives-dexit-de-la-farmacia-per-millorar-la-gestio-i-latencio-dels-pacients\/","og_locale":"ca_ES","og_type":"article","og_title":"\u2018Infarma Madrid 2024\u2019 presentar\u00e0 24 iniciatives d'\u00e8xit de la farm\u00e0cia per millorar la gesti\u00f3 i l'atenci\u00f3 dels pacients - Col\u00b7legi de Farmac\u00e8utics de Barcelona","og_description":"\u00a0 S\u00f3n experi\u00e8ncies reals que han contribu\u00eft a refor\u00e7ar el valor sanitari i social del farmac\u00e8utic i que s&#8217;analitzaran amb els seus impulsors amb la finalitat que puguin replicar-se en altres farm\u00e0cies L&#8217;aplicaci\u00f3 de noves tecnologies com la intel\u00b7lig\u00e8ncia artificial, la implantaci\u00f3 de serveis farmac\u00e8utics de prevenci\u00f3 o educaci\u00f3 per [&hellip;]","og_url":"https:\/\/novaorg.cofb.net\/2024\/02\/22\/infarma-madrid-2024-presentara-24-iniciatives-dexit-de-la-farmacia-per-millorar-la-gestio-i-latencio-dels-pacients\/","og_site_name":"Col\u00b7legi de Farmac\u00e8utics de Barcelona","article_publisher":"https:\/\/www.facebook.com\/farmaceuticsbcn\/","article_published_time":"2024-02-22T10:34:00+00:00","article_modified_time":"2024-02-26T10:03:35+00:00","og_image":[{"width":1181,"height":500,"url":"https:\/\/novaorg.cofb.net\/wp-content\/uploads\/2024\/02\/61fb678b-475d-4565-8012-c313a9d32faa-PhCNiH.jpeg","type":"image\/jpeg"}],"author":"wpAdminCofbOrg","twitter_card":"summary_large_image","twitter_creator":"@farmaceuticsbcn","twitter_site":"@farmaceuticsbcn","twitter_misc":{"Escrit per":"wpAdminCofbOrg","Temps estimat de lectura":"6 minuts"},"schema":{"@context":"https:\/\/schema.org","@graph":[{"@type":"Article","@id":"https:\/\/novaorg.cofb.net\/2024\/02\/22\/infarma-madrid-2024-presentara-24-iniciatives-dexit-de-la-farmacia-per-millorar-la-gestio-i-latencio-dels-pacients\/#article","isPartOf":{"@id":"https:\/\/novaorg.cofb.net\/2024\/02\/22\/infarma-madrid-2024-presentara-24-iniciatives-dexit-de-la-farmacia-per-millorar-la-gestio-i-latencio-dels-pacients\/"},"author":{"name":"wpAdminCofbOrg","@id":"https:\/\/www.cofb.org\/#\/schema\/person\/22ed7eea88da74b0fa4d3154ad87ffcb"},"headline":"\u2018Infarma Madrid 2024\u2019 presentar\u00e0 24 iniciatives d&#8217;\u00e8xit de la farm\u00e0cia per millorar la gesti\u00f3 i l&#8217;atenci\u00f3 dels pacients","datePublished":"2024-02-22T10:34:00+00:00","dateModified":"2024-02-26T10:03:35+00:00","mainEntityOfPage":{"@id":"https:\/\/novaorg.cofb.net\/2024\/02\/22\/infarma-madrid-2024-presentara-24-iniciatives-dexit-de-la-farmacia-per-millorar-la-gestio-i-latencio-dels-pacients\/"},"wordCount":1157,"publisher":{"@id":"https:\/\/www.cofb.org\/#organization"},"image":{"@id":"https:\/\/novaorg.cofb.net\/2024\/02\/22\/infarma-madrid-2024-presentara-24-iniciatives-dexit-de-la-farmacia-per-millorar-la-gestio-i-latencio-dels-pacients\/#primaryimage"},"thumbnailUrl":"https:\/\/www.cofb.org\/wp-content\/uploads\/2024\/02\/61fb678b-475d-4565-8012-c313a9d32faa-PhCNiH.jpeg","articleSection":["Notes de premsa"],"inLanguage":"ca"},{"@type":"WebPage","@id":"https:\/\/novaorg.cofb.net\/2024\/02\/22\/infarma-madrid-2024-presentara-24-iniciatives-dexit-de-la-farmacia-per-millorar-la-gestio-i-latencio-dels-pacients\/","url":"https:\/\/novaorg.cofb.net\/2024\/02\/22\/infarma-madrid-2024-presentara-24-iniciatives-dexit-de-la-farmacia-per-millorar-la-gestio-i-latencio-dels-pacients\/","name":"\u2018Infarma Madrid 2024\u2019 presentar\u00e0 24 iniciatives d'\u00e8xit de la farm\u00e0cia per millorar la gesti\u00f3 i l'atenci\u00f3 dels pacients - Col\u00b7legi de Farmac\u00e8utics de Barcelona","isPartOf":{"@id":"https:\/\/www.cofb.org\/#website"},"primaryImageOfPage":{"@id":"https:\/\/novaorg.cofb.net\/2024\/02\/22\/infarma-madrid-2024-presentara-24-iniciatives-dexit-de-la-farmacia-per-millorar-la-gestio-i-latencio-dels-pacients\/#primaryimage"},"image":{"@id":"https:\/\/novaorg.cofb.net\/2024\/02\/22\/infarma-madrid-2024-presentara-24-iniciatives-dexit-de-la-farmacia-per-millorar-la-gestio-i-latencio-dels-pacients\/#primaryimage"},"thumbnailUrl":"https:\/\/www.cofb.org\/wp-content\/uploads\/2024\/02\/61fb678b-475d-4565-8012-c313a9d32faa-PhCNiH.jpeg","datePublished":"2024-02-22T10:34:00+00:00","dateModified":"2024-02-26T10:03:35+00:00","breadcrumb":{"@id":"https:\/\/novaorg.cofb.net\/2024\/02\/22\/infarma-madrid-2024-presentara-24-iniciatives-dexit-de-la-farmacia-per-millorar-la-gestio-i-latencio-dels-pacients\/#breadcrumb"},"inLanguage":"ca","potentialAction":[{"@type":"ReadAction","target":["https:\/\/novaorg.cofb.net\/2024\/02\/22\/infarma-madrid-2024-presentara-24-iniciatives-dexit-de-la-farmacia-per-millorar-la-gestio-i-latencio-dels-pacients\/"]}]},{"@type":"ImageObject","inLanguage":"ca","@id":"https:\/\/novaorg.cofb.net\/2024\/02\/22\/infarma-madrid-2024-presentara-24-iniciatives-dexit-de-la-farmacia-per-millorar-la-gestio-i-latencio-dels-pacients\/#primaryimage","url":"https:\/\/www.cofb.org\/wp-content\/uploads\/2024\/02\/61fb678b-475d-4565-8012-c313a9d32faa-PhCNiH.jpeg","contentUrl":"https:\/\/www.cofb.org\/wp-content\/uploads\/2024\/02\/61fb678b-475d-4565-8012-c313a9d32faa-PhCNiH.jpeg","width":1181,"height":500},{"@type":"BreadcrumbList","@id":"https:\/\/novaorg.cofb.net\/2024\/02\/22\/infarma-madrid-2024-presentara-24-iniciatives-dexit-de-la-farmacia-per-millorar-la-gestio-i-latencio-dels-pacients\/#breadcrumb","itemListElement":[{"@type":"ListItem","position":1,"name":"Inici","item":"https:\/\/novaorg.cofb.net\/"},{"@type":"ListItem","position":2,"name":"\u2018Infarma Madrid 2024\u2019 presentar\u00e0 24 iniciatives d&#8217;\u00e8xit de la farm\u00e0cia per millorar la gesti\u00f3 i l&#8217;atenci\u00f3 dels pacients"}]},{"@type":"WebSite","@id":"https:\/\/www.cofb.org\/#website","url":"https:\/\/www.cofb.org\/","name":"Col\u00b7legi de Farmac\u00e8utics de Barcelona","description":"","publisher":{"@id":"https:\/\/www.cofb.org\/#organization"},"potentialAction":[{"@type":"SearchAction","target":{"@type":"EntryPoint","urlTemplate":"https:\/\/www.cofb.org\/?s={search_term_string}"},"query-input":"required name=search_term_string"}],"inLanguage":"ca"},{"@type":"Organization","@id":"https:\/\/www.cofb.org\/#organization","name":"Col\u00b7legi de Farmac\u00e8utics de Barcelona","url":"https:\/\/www.cofb.org\/","logo":{"@type":"ImageObject","inLanguage":"ca","@id":"https:\/\/www.cofb.org\/#\/schema\/logo\/image\/","url":"https:\/\/www.cofb.org\/wp-content\/uploads\/2023\/11\/cropped-Logotip-COFB.png","contentUrl":"https:\/\/www.cofb.org\/wp-content\/uploads\/2023\/11\/cropped-Logotip-COFB.png","width":500,"height":105,"caption":"Col\u00b7legi de Farmac\u00e8utics de Barcelona"},"image":{"@id":"https:\/\/www.cofb.org\/#\/schema\/logo\/image\/"},"sameAs":["https:\/\/www.facebook.com\/farmaceuticsbcn\/","https:\/\/twitter.com\/farmaceuticsbcn","https:\/\/www.instagram.com\/farmaceuticsbcn\/","https:\/\/www.linkedin.com\/company\/farmaceuticsbcn\/"]},{"@type":"Person","@id":"https:\/\/www.cofb.org\/#\/schema\/person\/22ed7eea88da74b0fa4d3154ad87ffcb","name":"wpAdminCofbOrg","image":{"@type":"ImageObject","inLanguage":"ca","@id":"https:\/\/www.cofb.org\/#\/schema\/person\/image\/","url":"https:\/\/secure.gravatar.com\/avatar\/1721b20b3b8ca882c3b56ec6c978c594fff670e40c0718e9190eaeeb76aae7d8?s=96&d=mm&r=g","contentUrl":"https:\/\/secure.gravatar.com\/avatar\/1721b20b3b8ca882c3b56ec6c978c594fff670e40c0718e9190eaeeb76aae7d8?s=96&d=mm&r=g","caption":"wpAdminCofbOrg"},"sameAs":["http:\/\/192.168.64.122\/wordpress"],"url":"https:\/\/www.cofb.org\/ca\/author\/wpadmincofborg\/"}]}},"uagb_featured_image_src":{"full":["https:\/\/www.cofb.org\/wp-content\/uploads\/2024\/02\/61fb678b-475d-4565-8012-c313a9d32faa-PhCNiH.jpeg",1181,500,false],"thumbnail":["https:\/\/www.cofb.org\/wp-content\/uploads\/2024\/02\/61fb678b-475d-4565-8012-c313a9d32faa-PhCNiH-150x150.jpeg",150,150,true],"medium":["https:\/\/www.cofb.org\/wp-content\/uploads\/2024\/02\/61fb678b-475d-4565-8012-c313a9d32faa-PhCNiH-300x127.jpeg",300,127,true],"medium_large":["https:\/\/www.cofb.org\/wp-content\/uploads\/2024\/02\/61fb678b-475d-4565-8012-c313a9d32faa-PhCNiH-768x325.jpeg",768,325,true],"large":["https:\/\/www.cofb.org\/wp-content\/uploads\/2024\/02\/61fb678b-475d-4565-8012-c313a9d32faa-PhCNiH-1024x434.jpeg",1024,434,true],"1536x1536":["https:\/\/www.cofb.org\/wp-content\/uploads\/2024\/02\/61fb678b-475d-4565-8012-c313a9d32faa-PhCNiH.jpeg",1181,500,false],"2048x2048":["https:\/\/www.cofb.org\/wp-content\/uploads\/2024\/02\/61fb678b-475d-4565-8012-c313a9d32faa-PhCNiH.jpeg",1181,500,false],"trp-custom-language-flag":["https:\/\/www.cofb.org\/wp-content\/uploads\/2024\/02\/61fb678b-475d-4565-8012-c313a9d32faa-PhCNiH-18x8.jpeg",18,8,true]},"uagb_author_info":{"display_name":"wpAdminCofbOrg","author_link":"https:\/\/www.cofb.org\/ca\/author\/wpadmincofborg\/"},"uagb_comment_info":0,"uagb_excerpt":"\u00a0 S\u00f3n experi\u00e8ncies reals que han contribu\u00eft a refor\u00e7ar el valor sanitari i social del farmac\u00e8utic i que s&#8217;analitzaran amb els seus impulsors amb la finalitat que puguin replicar-se en altres farm\u00e0cies L&#8217;aplicaci\u00f3 de noves tecnologies com la intel\u00b7lig\u00e8ncia artificial, la implantaci\u00f3 de serveis farmac\u00e8utics de prevenci\u00f3 o educaci\u00f3 per [&hellip;]","_links":{"self":[{"href":"https:\/\/www.cofb.org\/ca\/wp-json\/wp\/v2\/posts\/76898","targetHints":{"allow":["GET"]}}],"collection":[{"href":"https:\/\/www.cofb.org\/ca\/wp-json\/wp\/v2\/posts"}],"about":[{"href":"https:\/\/www.cofb.org\/ca\/wp-json\/wp\/v2\/types\/post"}],"author":[{"embeddable":true,"href":"https:\/\/www.cofb.org\/ca\/wp-json\/wp\/v2\/users\/1"}],"replies":[{"embeddable":true,"href":"https:\/\/www.cofb.org\/ca\/wp-json\/wp\/v2\/comments?post=76898"}],"version-history":[{"count":1,"href":"https:\/\/www.cofb.org\/ca\/wp-json\/wp\/v2\/posts\/76898\/revisions"}],"predecessor-version":[{"id":77667,"href":"https:\/\/www.cofb.org\/ca\/wp-json\/wp\/v2\/posts\/76898\/revisions\/77667"}],"wp:featuredmedia":[{"embeddable":true,"href":"https:\/\/www.cofb.org\/ca\/wp-json\/wp\/v2\/media\/76809"}],"wp:attachment":[{"href":"https:\/\/www.cofb.org\/ca\/wp-json\/wp\/v2\/media?parent=76898"}],"wp:term":[{"taxonomy":"category","embeddable":true,"href":"https:\/\/www.cofb.org\/ca\/wp-json\/wp\/v2\/categories?post=76898"},{"taxonomy":"post_tag","embeddable":true,"href":"https:\/\/www.cofb.org\/ca\/wp-json\/wp\/v2\/tags?post=76898"}],"curies":[{"name":"wp","href":"https:\/\/api.w.org\/{rel}","templated":true}]}}