{"id":7460,"date":"2014-07-02T12:41:44","date_gmt":"2014-07-02T11:41:44","guid":{"rendered":"http:\/\/blog.cofb.cat\/?p=7460"},"modified":"2014-07-02T12:41:44","modified_gmt":"2014-07-02T11:41:44","slug":"aquest-estiu-apren-a-refredar-la-calor","status":"publish","type":"post","link":"https:\/\/www.cofb.org\/ca\/2014\/07\/02\/aquest-estiu-apren-a-refredar-la-calor\/","title":{"rendered":"Aquest estiu apr\u00e8n a refredar la calor"},"content":{"rendered":"<p><a href=\"http:\/\/blog.cofb.cat\/wp-content\/uploads\/2014\/07\/Dibujo.jpg\"><img fetchpriority=\"high\" decoding=\"async\" class=\"wp-image-7467 alignright\" alt=\"Dibujo\" src=\"http:\/\/blog.cofb.cat\/wp-content\/uploads\/2014\/07\/Dibujo.jpg\" width=\"191\" height=\"271\" \/><\/a>Quan les temperatures s\u00f3n altes es poden produir p\u00e8rdues de l\u00edquids i sals minerals necessaris per l\u2019organisme, fet que pot agreujar una malaltia cr\u00f2nica o b\u00e9 causar deshidrataci\u00f3 i esgotament. Per evitar que es donin aquestes situacions el Departament de Salut ha tornat a posar en marxa el <strong>pla d\u2019actuaci\u00f3 per prevenir els efectes de l\u2019onada de calor sobre la salut (POCS)<\/strong> en el qual participen diverses entitats i organismes, entre d\u2019altres el Consell de Col\u00b7legis Farmac\u00e8utics de Catalunya.<\/p>\n<p>Els principals s\u00edmptomes que ajuden a detectar el cop de calor s\u00f3n la temperatura molt alta, mal de cap, n\u00e0usees, set intensa, convulsions i somnol\u00e8ncia o p\u00e8rdua del coneixement. Davant d&#8217;aquests s\u00edmptomes, cal traslladar la persona a un lloc m\u00e9s fresc, donar-li aigua, mullar-la, ventar-la i avisar urgentment els serveis emerg\u00e8ncies (061).<\/p>\n<p>Per tal de conscienciar sobre les precaucions que s&#8217;han de tenir en compte, el Departament ha editat \u00a0un<span style=\"text-decoration: underline;\"> <a href=\"http:\/\/www14.gencat.cat\/gencat_video\/AppJava\/detall.do?id=9970111408061813\" target=\"_blank\" rel=\"noopener\">v\u00eddeo<\/a><\/span> i un cartell (veure imatge) divulgatius. Alguns dels consells que recullen apareixen al seg\u00fcent requadre.<\/p>\n<p><b><div class=\"box shadow\"><span style=\"color: #008080;\">Qu\u00e8 s\u2019ha de fer per minimitzar els efectes negatius?<\/span><\/b><\/p>\n<p><strong>Si la persona es troba a casa, <\/strong>el m\u00e9s important \u00e9s tractar de<strong> controlar la temperatura<\/strong> tancant persianes, obrint finestres per la nit o utilitzant algun tipus de climatitzaci\u00f3, com per exemple ventiladors.<\/p>\n<p><strong>Al carrer s\u2019ha d\u2019anar amb compte d\u2019evitar el sol directe<\/strong>. Algunes recomanacions s\u00f3n portar gorra o barret, utilitzar roba lleugera i beure aigua. D\u2019altra banda, tamb\u00e9 s\u2019hauria de limitar l\u2019activitat f\u00edsica durant les hores de m\u00e9s calor.<\/p>\n<p>Per \u00faltim, cal <strong>tenir especial cura d\u2019aquelles persones que tenen\u00a0 m\u00e9s risc de patir els efectes de l\u2019onada de calor<\/strong>, entre elles persones m\u00e9s grans de 75 anys, nadons, persones \u00a0malaltes o b\u00e9 que prenen medicaci\u00f3 especial, i individus que realitzen una activitat f\u00edsica intensa.<b><\/div><\/b><\/p>\n<p><i>Per ampliar la informaci\u00f3 sobre aquest pla d\u2019actuaci\u00f3, que es desenvolupa anualment des del 2004, podeu consultar els seg\u00fcents enlla\u00e7os del Canal Salut de la Generalitat:<\/i><\/p>\n<ul>\n<li><span style=\"text-decoration: underline;\"><strong><a href=\"http:\/\/www20.gencat.cat\/portal\/site\/canalsalut\/menuitem.860e901bf7168d2c8bd97260b0c0e1a0\/?vgnextoid=380c9952e35fc210VgnVCM1000008d0c1e0aRCRD&amp;vgnextchannel=380c9952e35fc210VgnVCM1000008d0c1e0aRCRD&amp;vgnextfmt=default\" target=\"_blank\" rel=\"noopener\">Consells per combatre l\u2019onada de calor<\/a><\/strong><\/span><\/li>\n<li><span style=\"text-decoration: underline;\"><strong><a href=\"http:\/\/www20.gencat.cat\/portal\/site\/canalsalut\/menuitem.af261f715269a25d48af8968b0c0e1a0\/?vgnextoid=4778b088013da210VgnVCM1000008d0c1e0aRCRD&amp;vgnextchannel=4778b088013da210VgnVCM1000008d0c1e0aRCRD&amp;vgnextfmt=default#div_06\" target=\"_blank\" rel=\"noopener\">POCS: documentaci\u00f3, material divulgatiu i enlla\u00e7os relacionats\u00a0<\/a><\/strong><\/span><\/li>\n<\/ul>\n","protected":false},"excerpt":{"rendered":"<p>Quan les temperatures s\u00f3n altes es poden produir p\u00e8rdues de l\u00edquids i sals minerals necessaris per l\u2019organisme, fet que pot agreujar una malaltia cr\u00f2nica o b\u00e9 causar deshidrataci\u00f3 i esgotament. Per evitar que es donin aquestes situacions el Departament de Salut ha tornat a posar en marxa el pla d\u2019actuaci\u00f3 [&hellip;]<\/p>\n","protected":false},"author":1,"featured_media":7477,"comment_status":"open","ping_status":"open","sticky":false,"template":"","format":"standard","meta":{"_uag_custom_page_level_css":"","site-sidebar-layout":"default","site-content-layout":"","ast-site-content-layout":"default","site-content-style":"default","site-sidebar-style":"default","ast-global-header-display":"","ast-banner-title-visibility":"","ast-main-header-display":"","ast-hfb-above-header-display":"","ast-hfb-below-header-display":"","ast-hfb-mobile-header-display":"","site-post-title":"","ast-breadcrumbs-content":"","ast-featured-img":"disabled","footer-sml-layout":"","theme-transparent-header-meta":"","adv-header-id-meta":"","stick-header-meta":"","header-above-stick-meta":"","header-main-stick-meta":"","header-below-stick-meta":"","astra-migrate-meta-layouts":"default","ast-page-background-enabled":"default","ast-page-background-meta":{"desktop":{"background-color":"var(--ast-global-color-4)","background-image":"","background-repeat":"repeat","background-position":"center center","background-size":"auto","background-attachment":"scroll","background-type":"","background-media":"","overlay-type":"","overlay-color":"","overlay-opacity":"","overlay-gradient":""},"tablet":{"background-color":"","background-image":"","background-repeat":"repeat","background-position":"center center","background-size":"auto","background-attachment":"scroll","background-type":"","background-media":"","overlay-type":"","overlay-color":"","overlay-opacity":"","overlay-gradient":""},"mobile":{"background-color":"","background-image":"","background-repeat":"repeat","background-position":"center center","background-size":"auto","background-attachment":"scroll","background-type":"","background-media":"","overlay-type":"","overlay-color":"","overlay-opacity":"","overlay-gradient":""}},"ast-content-background-meta":{"desktop":{"background-color":"var(--ast-global-color-5)","background-image":"","background-repeat":"repeat","background-position":"center center","background-size":"auto","background-attachment":"scroll","background-type":"","background-media":"","overlay-type":"","overlay-color":"","overlay-opacity":"","overlay-gradient":""},"tablet":{"background-color":"var(--ast-global-color-5)","background-image":"","background-repeat":"repeat","background-position":"center center","background-size":"auto","background-attachment":"scroll","background-type":"","background-media":"","overlay-type":"","overlay-color":"","overlay-opacity":"","overlay-gradient":""},"mobile":{"background-color":"var(--ast-global-color-5)","background-image":"","background-repeat":"repeat","background-position":"center center","background-size":"auto","background-attachment":"scroll","background-type":"","background-media":"","overlay-type":"","overlay-color":"","overlay-opacity":"","overlay-gradient":""}},"footnotes":""},"categories":[47],"tags":[2159,2160,789],"class_list":["post-7460","post","type-post","status-publish","format-standard","has-post-thumbnail","hentry","category-recomanacions-del-farmaceutic","tag-calor","tag-estiu","tag-recomanacions"],"yoast_head":"<!-- This site is optimized with the Yoast SEO plugin v22.4 - https:\/\/yoast.com\/wordpress\/plugins\/seo\/ -->\n<title>Aquest estiu apr\u00e8n a refredar la calor - Col\u00b7legi de Farmac\u00e8utics de Barcelona<\/title>\n<meta name=\"robots\" content=\"index, follow, max-snippet:-1, max-image-preview:large, max-video-preview:-1\" \/>\n<link rel=\"canonical\" href=\"https:\/\/novaorg.cofb.net\/2014\/07\/02\/aquest-estiu-apren-a-refredar-la-calor\/\" \/>\n<meta property=\"og:locale\" content=\"ca_ES\" \/>\n<meta property=\"og:type\" content=\"article\" \/>\n<meta property=\"og:title\" content=\"Aquest estiu apr\u00e8n a refredar la calor - Col\u00b7legi de Farmac\u00e8utics de Barcelona\" \/>\n<meta property=\"og:description\" content=\"Quan les temperatures s\u00f3n altes es poden produir p\u00e8rdues de l\u00edquids i sals minerals necessaris per l\u2019organisme, fet que pot agreujar una malaltia cr\u00f2nica o b\u00e9 causar deshidrataci\u00f3 i esgotament. Per evitar que es donin aquestes situacions el Departament de Salut ha tornat a posar en marxa el pla d\u2019actuaci\u00f3 [&hellip;]\" \/>\n<meta property=\"og:url\" content=\"https:\/\/novaorg.cofb.net\/2014\/07\/02\/aquest-estiu-apren-a-refredar-la-calor\/\" \/>\n<meta property=\"og:site_name\" content=\"Col\u00b7legi de Farmac\u00e8utics de Barcelona\" \/>\n<meta property=\"article:publisher\" content=\"https:\/\/www.facebook.com\/farmaceuticsbcn\/\" \/>\n<meta property=\"article:published_time\" content=\"2014-07-02T11:41:44+00:00\" \/>\n<meta name=\"author\" content=\"wpAdminCofbOrg\" \/>\n<meta name=\"twitter:card\" content=\"summary_large_image\" \/>\n<meta name=\"twitter:creator\" content=\"@farmaceuticsbcn\" \/>\n<meta name=\"twitter:site\" content=\"@farmaceuticsbcn\" \/>\n<meta name=\"twitter:label1\" content=\"Escrit per\" \/>\n\t<meta name=\"twitter:data1\" content=\"wpAdminCofbOrg\" \/>\n\t<meta name=\"twitter:label2\" content=\"Temps estimat de lectura\" \/>\n\t<meta name=\"twitter:data2\" content=\"2 minuts\" \/>\n<script type=\"application\/ld+json\" class=\"yoast-schema-graph\">{\"@context\":\"https:\/\/schema.org\",\"@graph\":[{\"@type\":\"Article\",\"@id\":\"https:\/\/novaorg.cofb.net\/2014\/07\/02\/aquest-estiu-apren-a-refredar-la-calor\/#article\",\"isPartOf\":{\"@id\":\"https:\/\/novaorg.cofb.net\/2014\/07\/02\/aquest-estiu-apren-a-refredar-la-calor\/\"},\"author\":{\"name\":\"wpAdminCofbOrg\",\"@id\":\"https:\/\/www.cofb.org\/#\/schema\/person\/22ed7eea88da74b0fa4d3154ad87ffcb\"},\"headline\":\"Aquest estiu apr\u00e8n a refredar la calor\",\"datePublished\":\"2014-07-02T11:41:44+00:00\",\"dateModified\":\"2014-07-02T11:41:44+00:00\",\"mainEntityOfPage\":{\"@id\":\"https:\/\/novaorg.cofb.net\/2014\/07\/02\/aquest-estiu-apren-a-refredar-la-calor\/\"},\"wordCount\":380,\"commentCount\":0,\"publisher\":{\"@id\":\"https:\/\/www.cofb.org\/#organization\"},\"image\":{\"@id\":\"https:\/\/novaorg.cofb.net\/2014\/07\/02\/aquest-estiu-apren-a-refredar-la-calor\/#primaryimage\"},\"thumbnailUrl\":\"\",\"keywords\":[\"calor\",\"estiu\",\"Recomanacions\"],\"articleSection\":[\"Recomanacions del farmac\u00e8utic\"],\"inLanguage\":\"ca\",\"potentialAction\":[{\"@type\":\"CommentAction\",\"name\":\"Comment\",\"target\":[\"https:\/\/novaorg.cofb.net\/2014\/07\/02\/aquest-estiu-apren-a-refredar-la-calor\/#respond\"]}]},{\"@type\":\"WebPage\",\"@id\":\"https:\/\/novaorg.cofb.net\/2014\/07\/02\/aquest-estiu-apren-a-refredar-la-calor\/\",\"url\":\"https:\/\/novaorg.cofb.net\/2014\/07\/02\/aquest-estiu-apren-a-refredar-la-calor\/\",\"name\":\"Aquest estiu apr\u00e8n a refredar la calor - Col\u00b7legi de Farmac\u00e8utics de Barcelona\",\"isPartOf\":{\"@id\":\"https:\/\/www.cofb.org\/#website\"},\"primaryImageOfPage\":{\"@id\":\"https:\/\/novaorg.cofb.net\/2014\/07\/02\/aquest-estiu-apren-a-refredar-la-calor\/#primaryimage\"},\"image\":{\"@id\":\"https:\/\/novaorg.cofb.net\/2014\/07\/02\/aquest-estiu-apren-a-refredar-la-calor\/#primaryimage\"},\"thumbnailUrl\":\"\",\"datePublished\":\"2014-07-02T11:41:44+00:00\",\"dateModified\":\"2014-07-02T11:41:44+00:00\",\"breadcrumb\":{\"@id\":\"https:\/\/novaorg.cofb.net\/2014\/07\/02\/aquest-estiu-apren-a-refredar-la-calor\/#breadcrumb\"},\"inLanguage\":\"ca\",\"potentialAction\":[{\"@type\":\"ReadAction\",\"target\":[\"https:\/\/novaorg.cofb.net\/2014\/07\/02\/aquest-estiu-apren-a-refredar-la-calor\/\"]}]},{\"@type\":\"ImageObject\",\"inLanguage\":\"ca\",\"@id\":\"https:\/\/novaorg.cofb.net\/2014\/07\/02\/aquest-estiu-apren-a-refredar-la-calor\/#primaryimage\",\"url\":\"\",\"contentUrl\":\"\"},{\"@type\":\"BreadcrumbList\",\"@id\":\"https:\/\/novaorg.cofb.net\/2014\/07\/02\/aquest-estiu-apren-a-refredar-la-calor\/#breadcrumb\",\"itemListElement\":[{\"@type\":\"ListItem\",\"position\":1,\"name\":\"Inici\",\"item\":\"https:\/\/novaorg.cofb.net\/\"},{\"@type\":\"ListItem\",\"position\":2,\"name\":\"Aquest estiu apr\u00e8n a refredar la calor\"}]},{\"@type\":\"WebSite\",\"@id\":\"https:\/\/www.cofb.org\/#website\",\"url\":\"https:\/\/www.cofb.org\/\",\"name\":\"Col\u00b7legi de Farmac\u00e8utics de Barcelona\",\"description\":\"\",\"publisher\":{\"@id\":\"https:\/\/www.cofb.org\/#organization\"},\"potentialAction\":[{\"@type\":\"SearchAction\",\"target\":{\"@type\":\"EntryPoint\",\"urlTemplate\":\"https:\/\/www.cofb.org\/?s={search_term_string}\"},\"query-input\":\"required name=search_term_string\"}],\"inLanguage\":\"ca\"},{\"@type\":\"Organization\",\"@id\":\"https:\/\/www.cofb.org\/#organization\",\"name\":\"Col\u00b7legi de Farmac\u00e8utics de Barcelona\",\"url\":\"https:\/\/www.cofb.org\/\",\"logo\":{\"@type\":\"ImageObject\",\"inLanguage\":\"ca\",\"@id\":\"https:\/\/www.cofb.org\/#\/schema\/logo\/image\/\",\"url\":\"https:\/\/www.cofb.org\/wp-content\/uploads\/2023\/11\/cropped-Logotip-COFB.png\",\"contentUrl\":\"https:\/\/www.cofb.org\/wp-content\/uploads\/2023\/11\/cropped-Logotip-COFB.png\",\"width\":500,\"height\":105,\"caption\":\"Col\u00b7legi de Farmac\u00e8utics de Barcelona\"},\"image\":{\"@id\":\"https:\/\/www.cofb.org\/#\/schema\/logo\/image\/\"},\"sameAs\":[\"https:\/\/www.facebook.com\/farmaceuticsbcn\/\",\"https:\/\/twitter.com\/farmaceuticsbcn\",\"https:\/\/www.instagram.com\/farmaceuticsbcn\/\",\"https:\/\/www.linkedin.com\/company\/farmaceuticsbcn\/\"]},{\"@type\":\"Person\",\"@id\":\"https:\/\/www.cofb.org\/#\/schema\/person\/22ed7eea88da74b0fa4d3154ad87ffcb\",\"name\":\"wpAdminCofbOrg\",\"image\":{\"@type\":\"ImageObject\",\"inLanguage\":\"ca\",\"@id\":\"https:\/\/www.cofb.org\/#\/schema\/person\/image\/\",\"url\":\"https:\/\/secure.gravatar.com\/avatar\/1721b20b3b8ca882c3b56ec6c978c594fff670e40c0718e9190eaeeb76aae7d8?s=96&d=mm&r=g\",\"contentUrl\":\"https:\/\/secure.gravatar.com\/avatar\/1721b20b3b8ca882c3b56ec6c978c594fff670e40c0718e9190eaeeb76aae7d8?s=96&d=mm&r=g\",\"caption\":\"wpAdminCofbOrg\"},\"sameAs\":[\"http:\/\/192.168.64.122\/wordpress\"],\"url\":\"https:\/\/www.cofb.org\/ca\/author\/wpadmincofborg\/\"}]}<\/script>\n<!-- \/ Yoast SEO plugin. -->","yoast_head_json":{"title":"Aquest estiu apr\u00e8n a refredar la calor - Col\u00b7legi de Farmac\u00e8utics de Barcelona","robots":{"index":"index","follow":"follow","max-snippet":"max-snippet:-1","max-image-preview":"max-image-preview:large","max-video-preview":"max-video-preview:-1"},"canonical":"https:\/\/novaorg.cofb.net\/2014\/07\/02\/aquest-estiu-apren-a-refredar-la-calor\/","og_locale":"ca_ES","og_type":"article","og_title":"Aquest estiu apr\u00e8n a refredar la calor - Col\u00b7legi de Farmac\u00e8utics de Barcelona","og_description":"Quan les temperatures s\u00f3n altes es poden produir p\u00e8rdues de l\u00edquids i sals minerals necessaris per l\u2019organisme, fet que pot agreujar una malaltia cr\u00f2nica o b\u00e9 causar deshidrataci\u00f3 i esgotament. Per evitar que es donin aquestes situacions el Departament de Salut ha tornat a posar en marxa el pla d\u2019actuaci\u00f3 [&hellip;]","og_url":"https:\/\/novaorg.cofb.net\/2014\/07\/02\/aquest-estiu-apren-a-refredar-la-calor\/","og_site_name":"Col\u00b7legi de Farmac\u00e8utics de Barcelona","article_publisher":"https:\/\/www.facebook.com\/farmaceuticsbcn\/","article_published_time":"2014-07-02T11:41:44+00:00","author":"wpAdminCofbOrg","twitter_card":"summary_large_image","twitter_creator":"@farmaceuticsbcn","twitter_site":"@farmaceuticsbcn","twitter_misc":{"Escrit per":"wpAdminCofbOrg","Temps estimat de lectura":"2 minuts"},"schema":{"@context":"https:\/\/schema.org","@graph":[{"@type":"Article","@id":"https:\/\/novaorg.cofb.net\/2014\/07\/02\/aquest-estiu-apren-a-refredar-la-calor\/#article","isPartOf":{"@id":"https:\/\/novaorg.cofb.net\/2014\/07\/02\/aquest-estiu-apren-a-refredar-la-calor\/"},"author":{"name":"wpAdminCofbOrg","@id":"https:\/\/www.cofb.org\/#\/schema\/person\/22ed7eea88da74b0fa4d3154ad87ffcb"},"headline":"Aquest estiu apr\u00e8n a refredar la calor","datePublished":"2014-07-02T11:41:44+00:00","dateModified":"2014-07-02T11:41:44+00:00","mainEntityOfPage":{"@id":"https:\/\/novaorg.cofb.net\/2014\/07\/02\/aquest-estiu-apren-a-refredar-la-calor\/"},"wordCount":380,"commentCount":0,"publisher":{"@id":"https:\/\/www.cofb.org\/#organization"},"image":{"@id":"https:\/\/novaorg.cofb.net\/2014\/07\/02\/aquest-estiu-apren-a-refredar-la-calor\/#primaryimage"},"thumbnailUrl":"","keywords":["calor","estiu","Recomanacions"],"articleSection":["Recomanacions del farmac\u00e8utic"],"inLanguage":"ca","potentialAction":[{"@type":"CommentAction","name":"Comment","target":["https:\/\/novaorg.cofb.net\/2014\/07\/02\/aquest-estiu-apren-a-refredar-la-calor\/#respond"]}]},{"@type":"WebPage","@id":"https:\/\/novaorg.cofb.net\/2014\/07\/02\/aquest-estiu-apren-a-refredar-la-calor\/","url":"https:\/\/novaorg.cofb.net\/2014\/07\/02\/aquest-estiu-apren-a-refredar-la-calor\/","name":"Aquest estiu apr\u00e8n a refredar la calor - Col\u00b7legi de Farmac\u00e8utics de Barcelona","isPartOf":{"@id":"https:\/\/www.cofb.org\/#website"},"primaryImageOfPage":{"@id":"https:\/\/novaorg.cofb.net\/2014\/07\/02\/aquest-estiu-apren-a-refredar-la-calor\/#primaryimage"},"image":{"@id":"https:\/\/novaorg.cofb.net\/2014\/07\/02\/aquest-estiu-apren-a-refredar-la-calor\/#primaryimage"},"thumbnailUrl":"","datePublished":"2014-07-02T11:41:44+00:00","dateModified":"2014-07-02T11:41:44+00:00","breadcrumb":{"@id":"https:\/\/novaorg.cofb.net\/2014\/07\/02\/aquest-estiu-apren-a-refredar-la-calor\/#breadcrumb"},"inLanguage":"ca","potentialAction":[{"@type":"ReadAction","target":["https:\/\/novaorg.cofb.net\/2014\/07\/02\/aquest-estiu-apren-a-refredar-la-calor\/"]}]},{"@type":"ImageObject","inLanguage":"ca","@id":"https:\/\/novaorg.cofb.net\/2014\/07\/02\/aquest-estiu-apren-a-refredar-la-calor\/#primaryimage","url":"","contentUrl":""},{"@type":"BreadcrumbList","@id":"https:\/\/novaorg.cofb.net\/2014\/07\/02\/aquest-estiu-apren-a-refredar-la-calor\/#breadcrumb","itemListElement":[{"@type":"ListItem","position":1,"name":"Inici","item":"https:\/\/novaorg.cofb.net\/"},{"@type":"ListItem","position":2,"name":"Aquest estiu apr\u00e8n a refredar la calor"}]},{"@type":"WebSite","@id":"https:\/\/www.cofb.org\/#website","url":"https:\/\/www.cofb.org\/","name":"Col\u00b7legi de Farmac\u00e8utics de Barcelona","description":"","publisher":{"@id":"https:\/\/www.cofb.org\/#organization"},"potentialAction":[{"@type":"SearchAction","target":{"@type":"EntryPoint","urlTemplate":"https:\/\/www.cofb.org\/?s={search_term_string}"},"query-input":"required name=search_term_string"}],"inLanguage":"ca"},{"@type":"Organization","@id":"https:\/\/www.cofb.org\/#organization","name":"Col\u00b7legi de Farmac\u00e8utics de Barcelona","url":"https:\/\/www.cofb.org\/","logo":{"@type":"ImageObject","inLanguage":"ca","@id":"https:\/\/www.cofb.org\/#\/schema\/logo\/image\/","url":"https:\/\/www.cofb.org\/wp-content\/uploads\/2023\/11\/cropped-Logotip-COFB.png","contentUrl":"https:\/\/www.cofb.org\/wp-content\/uploads\/2023\/11\/cropped-Logotip-COFB.png","width":500,"height":105,"caption":"Col\u00b7legi de Farmac\u00e8utics de Barcelona"},"image":{"@id":"https:\/\/www.cofb.org\/#\/schema\/logo\/image\/"},"sameAs":["https:\/\/www.facebook.com\/farmaceuticsbcn\/","https:\/\/twitter.com\/farmaceuticsbcn","https:\/\/www.instagram.com\/farmaceuticsbcn\/","https:\/\/www.linkedin.com\/company\/farmaceuticsbcn\/"]},{"@type":"Person","@id":"https:\/\/www.cofb.org\/#\/schema\/person\/22ed7eea88da74b0fa4d3154ad87ffcb","name":"wpAdminCofbOrg","image":{"@type":"ImageObject","inLanguage":"ca","@id":"https:\/\/www.cofb.org\/#\/schema\/person\/image\/","url":"https:\/\/secure.gravatar.com\/avatar\/1721b20b3b8ca882c3b56ec6c978c594fff670e40c0718e9190eaeeb76aae7d8?s=96&d=mm&r=g","contentUrl":"https:\/\/secure.gravatar.com\/avatar\/1721b20b3b8ca882c3b56ec6c978c594fff670e40c0718e9190eaeeb76aae7d8?s=96&d=mm&r=g","caption":"wpAdminCofbOrg"},"sameAs":["http:\/\/192.168.64.122\/wordpress"],"url":"https:\/\/www.cofb.org\/ca\/author\/wpadmincofborg\/"}]}},"uagb_featured_image_src":{"full":false,"thumbnail":false,"medium":false,"medium_large":false,"large":false,"1536x1536":false,"2048x2048":false,"trp-custom-language-flag":false},"uagb_author_info":{"display_name":"wpAdminCofbOrg","author_link":"https:\/\/www.cofb.org\/ca\/author\/wpadmincofborg\/"},"uagb_comment_info":0,"uagb_excerpt":"Quan les temperatures s\u00f3n altes es poden produir p\u00e8rdues de l\u00edquids i sals minerals necessaris per l\u2019organisme, fet que pot agreujar una malaltia cr\u00f2nica o b\u00e9 causar deshidrataci\u00f3 i esgotament. Per evitar que es donin aquestes situacions el Departament de Salut ha tornat a posar en marxa el pla d\u2019actuaci\u00f3 [&hellip;]","_links":{"self":[{"href":"https:\/\/www.cofb.org\/ca\/wp-json\/wp\/v2\/posts\/7460","targetHints":{"allow":["GET"]}}],"collection":[{"href":"https:\/\/www.cofb.org\/ca\/wp-json\/wp\/v2\/posts"}],"about":[{"href":"https:\/\/www.cofb.org\/ca\/wp-json\/wp\/v2\/types\/post"}],"author":[{"embeddable":true,"href":"https:\/\/www.cofb.org\/ca\/wp-json\/wp\/v2\/users\/1"}],"replies":[{"embeddable":true,"href":"https:\/\/www.cofb.org\/ca\/wp-json\/wp\/v2\/comments?post=7460"}],"version-history":[{"count":0,"href":"https:\/\/www.cofb.org\/ca\/wp-json\/wp\/v2\/posts\/7460\/revisions"}],"wp:featuredmedia":[{"embeddable":true,"href":"https:\/\/www.cofb.org\/ca\/wp-json\/"}],"wp:attachment":[{"href":"https:\/\/www.cofb.org\/ca\/wp-json\/wp\/v2\/media?parent=7460"}],"wp:term":[{"taxonomy":"category","embeddable":true,"href":"https:\/\/www.cofb.org\/ca\/wp-json\/wp\/v2\/categories?post=7460"},{"taxonomy":"post_tag","embeddable":true,"href":"https:\/\/www.cofb.org\/ca\/wp-json\/wp\/v2\/tags?post=7460"}],"curies":[{"name":"wp","href":"https:\/\/api.w.org\/{rel}","templated":true}]}}