{"id":70055,"date":"2023-11-10T14:14:14","date_gmt":"2023-11-10T12:14:14","guid":{"rendered":"https:\/\/blog.cofb.cat\/?p=67585"},"modified":"2023-11-29T12:00:30","modified_gmt":"2023-11-29T12:00:30","slug":"farmaceutics-i-farmaceutiques-de-diferents-ambits-de-la-professio-es-formen-en-el-maneig-del-pacient-trasplantat","status":"publish","type":"post","link":"https:\/\/www.cofb.org\/ca\/2023\/11\/10\/farmaceutics-i-farmaceutiques-de-diferents-ambits-de-la-professio-es-formen-en-el-maneig-del-pacient-trasplantat\/","title":{"rendered":"Farmac\u00e8utics i farmac\u00e8utiques de diferents \u00e0mbits de la professi\u00f3 es formen en el maneig del pacient trasplantat"},"content":{"rendered":"\n<p>El <strong>Col\u00b7legi de Farmac\u00e8utics de Barcelona (COFB)<\/strong> va organitzar, juntament amb la<strong> <a href=\"https:\/\/www.scfarmclin.org\/\" target=\"_blank\" rel=\"noreferrer noopener\">Societat Catalana de Farm\u00e0cia Cl\u00ednica<\/a><\/strong>, la formaci\u00f3 <strong>\u201cManeig del pacient trasplantat\u201d<\/strong> amb el patrocini de <strong><a href=\"https:\/\/www.chiesi.es\/\" target=\"_blank\" rel=\"noreferrer noopener\">Chiesi<\/a><\/strong>. Membres del grup de treball <strong><a href=\"https:\/\/gruposdetrabajo.sefh.es\/farmatrasplante\/\" target=\"_blank\" rel=\"noreferrer noopener\">FarmaTrasplante <\/a>de la Sociedad Espa\u00f1ola de Farmacia Hospitalaria van impartir tres sessions formatives<\/strong>, que van tenir lloc els dies 10, 17 i 24 d\u2019octubre, dirigides als <strong>farmac\u00e8utics i farmac\u00e8utiques de farm\u00e0cia comunit\u00e0ria, d\u2019hospital i d\u2019atenci\u00f3 prim\u00e0ria<\/strong>. Els <strong>vocals del COFB Laura Gom\u00e0<\/strong>; d\u2019Hospital, <strong>David Conde<\/strong>; i d\u2019Atenci\u00f3 Prim\u00e0ria,<strong> Roser Vall\u00e8s<\/strong>, van coordinar les sessions.<\/p>\n\n\n\n<figure class=\"wp-block-image size-large\"><a href=\"https:\/\/blog.cofb.cat\/wp-content\/uploads\/2023\/11\/COFB_Maneig-pacient-trasplantat_08112023_0.1-scaled.jpg\" target=\"_blank\" rel=\"noopener\"><img decoding=\"async\" src=\"https:\/\/blog.cofb.cat\/wp-content\/uploads\/2023\/11\/COFB_Maneig-pacient-trasplantat_08112023_0.1-1024x576.jpg\" alt=\"\" class=\"wp-image-67670\" title=\"La secret\u00e0ria del COFB, Aina Surroca, presentant la formaci\u00f3 sobre el maneig del pacient trasplantat. \"\/><\/a><figcaption class=\"wp-element-caption\">La secret\u00e0ria del COFB, Aina Surroca, presentant la formaci\u00f3 sobre el maneig del pacient trasplantat. <\/figcaption><\/figure>\n\n\n\n<p>Els <strong>objectius<\/strong> de la formaci\u00f3 van ser con\u00e8ixer <strong>les caracter\u00edstiques dels diferents tipus de trasplantaments d\u2019\u00f2rgans s\u00f2lids (TOS)<\/strong>, aprofundir en el <strong>seguiment farmacoterap\u00e8utic<\/strong> dels <strong>tractaments immunosupressors<\/strong>, revisar el <strong>maneig de les comorbiditats i s\u00edmptomes menors<\/strong> en pacients trasplantats, <strong>entendre la problem\u00e0tica vinculada a l\u2019adher\u00e8ncia terap\u00e8utica<\/strong> <strong>i promoure els h\u00e0bits de vida saludables i la millora de la qualitat de vida.<\/strong><\/p>\n\n\n\n<p>La secret\u00e0ria del COFB, <strong>Aina Surroca<\/strong>, en representaci\u00f3 dels coordinadors del curs, va presentar la formaci\u00f3, \u201cque ha tingut molt bona acceptaci\u00f3\u201d. Surroca va posar en valor que, per una banda, el <strong>curs s\u2019abordi des dels diferents nivells assistencials <\/strong>i, per altra banda,<strong> la col\u00b7laboraci\u00f3 de farmac\u00e8utics de diferents \u00e0mbits en el maneig del pacient trasplantat.<\/strong><\/p>\n\n\n\n<h2 class=\"wp-block-heading\"><strong>Trasplantaments d\u2019\u00f2rgans s\u00f2lids (TOS): situaci\u00f3 a Espanya, paper del farmac\u00e8utic, adher\u00e8ncia terap\u00e8utica i promoci\u00f3 d\u2019estils de vida<\/strong><\/h2>\n\n\n\n<p>La farmac\u00e8utica del Servei de Farm\u00e0cia de l\u2019Hospital Universitario Marqu\u00e9s de Valdecilla, <strong>Ana Sangrador<\/strong>, va introduir el <strong>paper del farmac\u00e8utic en el TOS en coordinaci\u00f3 entre nivells assistencials, <\/strong>durant el primer dia formatiu<strong>. <\/strong>A partir d\u2019un cas real de trasplantament pulmonar, Sangrador va plantejar la seg\u00fcent q\u00fcesti\u00f3:<strong> \u201cCreieu que un pacient amb un trasplantament \u00e9s capa\u00e7 de prendre tota la quantitat de medicaments de manera correcta i sense cap ajuda d\u2019un farmac\u00e8utic\/a? Nosaltres pensem que no\u201d<\/strong>. <\/p>\n\n\n\n<figure class=\"wp-block-image size-large\"><a href=\"https:\/\/blog.cofb.cat\/wp-content\/uploads\/2023\/11\/COFB_Maneig-pacient-trasplantat_08112023_2-scaled.jpg\" target=\"_blank\" rel=\"noopener\"><img decoding=\"async\" src=\"https:\/\/blog.cofb.cat\/wp-content\/uploads\/2023\/11\/COFB_Maneig-pacient-trasplantat_08112023_2-1024x576.jpg\" alt=\" Ana Sangrador a punt d'iniciar la seva exposici\u00f3. \" class=\"wp-image-67594\" title=\" Ana Sangrador a punt d'iniciar la seva exposici\u00f3. \"\/><\/a><figcaption class=\"wp-element-caption\"> Ana Sangrador a punt d&#8217;iniciar la seva exposici\u00f3. <\/figcaption><\/figure>\n\n\n\n<p>Al llarg de la seva pon\u00e8ncia, la farmac\u00e8utica va compartir <strong>vuit solucions,<\/strong> que poden aportar els farmac\u00e8utics hospitalaris, per contribuir en aquest problema. <strong>Informar sobre medicaments i h\u00e0bits de vida saludables, la coordinaci\u00f3 entre nivells assistencials, fer enquestes d\u2019adher\u00e8ncia o la salut digital<\/strong>, s\u00f3n algunes de les solucions que va proposar Sangrador.<\/p>\n\n\n\n<p>Seguidament, va intervenir la farmac\u00e8utica adjunta de l\u2019Hospital Universitario 12 de Octubre, <strong>Siria Pablos<\/strong>, que va explicar <strong>quina \u00e9s la situaci\u00f3 del trasplantament d\u2019\u00f2rgan s\u00f2lid a l\u2019Estat<\/strong>. Segons dades de \u201cGlobal Observatory on Donation and Transplantation\u201d, <strong>\u201cEspanya va ser l\u00edder en donacions d\u2019\u00f2rgans per a trasplantaments l\u2019any 2022\u201d. <\/strong><\/p>\n\n\n\n<figure class=\"wp-block-image size-large\"><a href=\"https:\/\/blog.cofb.cat\/wp-content\/uploads\/2023\/11\/COFB_Maneig-pacient-trasplantat_08112023_3-scaled.jpg\" target=\"_blank\" rel=\"noopener\"><img decoding=\"async\" src=\"https:\/\/blog.cofb.cat\/wp-content\/uploads\/2023\/11\/COFB_Maneig-pacient-trasplantat_08112023_3-1024x576.jpg\" alt=\" Siria Pablos en un moment de la seva intervenci\u00f3. \" class=\"wp-image-67595\" title=\" Siria Pablos en un moment de la seva intervenci\u00f3. \"\/><\/a><figcaption class=\"wp-element-caption\"> Siria Pablos en un moment de la seva intervenci\u00f3. <\/figcaption><\/figure>\n\n\n\n<p>En aquest sentit, la farmac\u00e8utica va oferir m\u00e9s detalls de <strong>l\u2019activitat a Espanya pel que fa a donacions i trasplantaments<\/strong>, aix\u00ed com les <strong>caracter\u00edstiques dels donants i receptors<\/strong> i del <strong>programa de donaci\u00f3 i trasplantament promogut per l\u2019Organizaci\u00f3n Nacional de Trasplante (ONT)<\/strong>.<\/p>\n\n\n\n<p>Per tancar el primer dia de formaci\u00f3, <strong>Mar Gomis-Pastor<\/strong>, PhD, farmac\u00e8utica especialista en farm\u00e0cia hospital\u00e0ria, farmac\u00e8utica cl\u00ednica de l\u2019equip de trasplantament card\u00edac i directora d\u2019Impuls Digital de l\u2019Hospital de la Sant Creu i Sant Pau, va parlar sobre l\u2019<strong>adher\u00e8ncia terap\u00e8utica i la promoci\u00f3 d\u2019estils de vida en el pacient TOS<\/strong>, a partir d\u2019un cas cl\u00ednic; i tamb\u00e9 sobre <strong>la multimorbiditat, la complexitat terap\u00e8utica i la necessitat de prioritzaci\u00f3 dels pacients TOS.<\/strong> <\/p>\n\n\n\n<figure class=\"wp-block-image size-large\"><a href=\"https:\/\/blog.cofb.cat\/wp-content\/uploads\/2023\/11\/COFB_Maneig-pacient-trasplantat_08112023_4-scaled.jpg\" target=\"_blank\" rel=\"noopener\"><img decoding=\"async\" src=\"https:\/\/blog.cofb.cat\/wp-content\/uploads\/2023\/11\/COFB_Maneig-pacient-trasplantat_08112023_4-1024x576.jpg\" alt=\" Mar Gomis-Pastor durant la seva presentaci\u00f3. \" class=\"wp-image-67596\" title=\" Mar Gomis-Pastor durant la seva presentaci\u00f3. \"\/><\/a><figcaption class=\"wp-element-caption\"> Mar Gomis-Pastor durant la seva presentaci\u00f3. <\/figcaption><\/figure>\n\n\n\n<p><strong>\u201cAquests pacients s\u00f3n candidats a prioritzaci\u00f3 i a estrat\u00e8gies multidisciplin\u00e0ries per optimitzar factors associats amb la superviv\u00e8ncia incloent els farmac\u00e8utics d\u2019oficina de farm\u00e0cia\u201d <\/strong>va assegurar. En relaci\u00f3 amb els farmac\u00e8utics comunitaris, Gomis-Pastor va comentar que <strong>\u201cpoden adquirir les habilitats necess\u00e0ries per oferir suport farmacoterap\u00e8utic a les persones trasplantades\u201d.<\/strong><\/p>\n\n\n\n<h2 class=\"wp-block-heading\"><strong>F\u00e0rmacs immunosupressors i medicaci\u00f3 concomitant<\/strong><\/h2>\n\n\n\n<p>En la segona sessi\u00f3 formativa, <strong>Sara Ib\u00e1\u00f1ez<\/strong>, farmac\u00e8utica adjunta de l\u2019Hospital General Universitario Gregorio Mara\u00f1\u00f3n, va centrar-se en els <strong>immunosupressors i els esquemes de tractament<\/strong>, que formen part del primer grup terap\u00e8utic. Per comen\u00e7ar, la farmac\u00e8utica va explicar que <strong>\u201cla immunosupressi\u00f3 \u00e9s una supressi\u00f3 o disminuci\u00f3 de les reaccions immunit\u00e0ries, a causa de l\u2019administraci\u00f3 deliberada de f\u00e0rmacs immunosupressors a pacients que han rebut un \u00f2rgan trasplantat amb l\u2019objectiu d\u2019evitar el rebuig\u201d<\/strong>. <\/p>\n\n\n\n<figure class=\"wp-block-image size-large\"><a href=\"https:\/\/blog.cofb.cat\/wp-content\/uploads\/2023\/11\/COFB_Maneig-pacient-trasplantat_08112023_5.jpg\" target=\"_blank\" rel=\"noopener\"><img decoding=\"async\" src=\"https:\/\/blog.cofb.cat\/wp-content\/uploads\/2023\/11\/COFB_Maneig-pacient-trasplantat_08112023_5-1024x643.jpg\" alt=\" Sara Ib\u00e1\u00f1ez en la seva exposici\u00f3 sobre les generalitats de la immunosupressi\u00f3. \" class=\"wp-image-67599\" title=\" Sara Ib\u00e1\u00f1ez en la seva exposici\u00f3 sobre les generalitats de la immunosupressi\u00f3. \"\/><\/a><figcaption class=\"wp-element-caption\"> Sara Ib\u00e1\u00f1ez en la seva exposici\u00f3 sobre les generalitats de la immunosupressi\u00f3. <\/figcaption><\/figure>\n\n\n\n<p>Seguidament, Ib\u00e1\u00f1ez va classificar en <strong>tres grans grups els f\u00e0rmacs immunosupressors<\/strong> segons si interfereixen en: la transmissi\u00f3 de l\u2019est\u00edmul al nucli cel\u00b7lular, la divisi\u00f3 cel\u00b7lular o sobre l\u2019acci\u00f3 de l\u2019antigen en el receptor del limf\u00f2cit T.<\/p>\n\n\n\n<p>Per la seva banda, <strong>Xandra Garc\u00eda<\/strong>, farmac\u00e8utica adjunta de l\u2019Hospital General Universitario Gregorio Mara\u00f1\u00f3n, va fer refer\u00e8ncia a les <strong>generalitats de la cin\u00e8tica dels immunosupressors<\/strong>, que s\u00f3n <strong>\u201cf\u00e0rmacs amb una alta variabilitat interindividual i amb un estret marge terap\u00e8utic\u201d<\/strong>. <\/p>\n\n\n\n<figure class=\"wp-block-image size-large\"><a href=\"https:\/\/blog.cofb.cat\/wp-content\/uploads\/2023\/11\/COFB_Maneig-pacient-trasplantat_08112023_6-scaled.jpg\" target=\"_blank\" rel=\"noopener\"><img decoding=\"async\" src=\"https:\/\/blog.cofb.cat\/wp-content\/uploads\/2023\/11\/COFB_Maneig-pacient-trasplantat_08112023_6-1024x568.jpg\" alt=\" Xandra Garc\u00eda en un moment del segon dia de formaci\u00f3. \" class=\"wp-image-67600\" title=\" Xandra Garc\u00eda en un moment del segon dia de formaci\u00f3. \"\/><\/a><figcaption class=\"wp-element-caption\"> Xandra Garc\u00eda en un moment del segon dia de formaci\u00f3. <\/figcaption><\/figure>\n\n\n\n<p>Tamb\u00e9 va exposar les <strong>bases de la cin\u00e8tica dels f\u00e0rmacs immunosupressors<\/strong>; les <strong>interaccions<\/strong> d\u2019aquests, que \u201cpresenten alts nivells d\u2019interacci\u00f3\u201d i poden afectar en el metabolisme i transport, l\u2019absorci\u00f3 i la distribuci\u00f3; i els <strong>efectes adversos<\/strong>.<\/p>\n\n\n\n<p>Sobre el segon grup terap\u00e8utic, la <strong>medicaci\u00f3 concomitant per protocol en el receptor de trasplantament d\u2019\u00f2rgan s\u00f2lid<\/strong>, en va parlar la farmac\u00e8utica adjunta de l\u2019Hospital Puerta de Hierro i especialitzada en atenci\u00f3 al pacient trasplantat pulmonar, <strong>Raquel Sanabrias<\/strong>. <\/p>\n\n\n\n<figure class=\"wp-block-image size-large\"><a href=\"https:\/\/blog.cofb.cat\/wp-content\/uploads\/2023\/11\/COFB_Maneig-pacient-trasplantat_08112023_7-scaled.jpg\" target=\"_blank\" rel=\"noopener\"><img decoding=\"async\" src=\"https:\/\/blog.cofb.cat\/wp-content\/uploads\/2023\/11\/COFB_Maneig-pacient-trasplantat_08112023_7-1024x576.jpg\" alt=\" Raquel Sanabrias en un instant de la seva presentaci\u00f3. \" class=\"wp-image-67601\" title=\" Raquel Sanabrias en un instant de la seva presentaci\u00f3. \"\/><\/a><figcaption class=\"wp-element-caption\"> Raquel Sanabrias en un instant de la seva presentaci\u00f3. <\/figcaption><\/figure>\n\n\n\n<p>La farmac\u00e8utica va compartir els <strong>esquemes de tractament en TOS<\/strong> i, seguidament, va fer refer\u00e8ncia a les <strong>profilaxis antiinfeccioses<\/strong> (infeccions oportunistes), les <strong>profilaxis d\u2019osteoporosis<\/strong> i els <strong>suplements electrol\u00edtics<\/strong>.&nbsp;<\/p>\n\n\n\n<h2 class=\"wp-block-heading\"><strong>Prevenci\u00f3 de les infeccions m\u00e9s freq\u00fcents en el TOS<\/strong><\/h2>\n\n\n\n<p><strong>\u201cL\u2019\u00e8xit d\u2019un trasplantament es basa en trobar l\u2019equilibri perfecte entre la pres\u00e8ncia de rebuig, per una banda, i l\u2019aparici\u00f3 d\u2019infeccions i\/o neopl\u00e0sies, per altra banda\u201d<\/strong>, va especificar <strong>Susana Clemente<\/strong>, farmac\u00e8utica adjunta de l\u2019Hospital Universitari Vall d\u2019Hebr\u00f3n durant la tercera sessi\u00f3 formativa. <\/p>\n\n\n\n<figure class=\"wp-block-image size-large\"><a href=\"https:\/\/blog.cofb.cat\/wp-content\/uploads\/2023\/11\/COFB_Maneig-pacient-trasplantat_08112023_8-scaled.jpg\" target=\"_blank\" rel=\"noopener\"><img decoding=\"async\" src=\"https:\/\/blog.cofb.cat\/wp-content\/uploads\/2023\/11\/COFB_Maneig-pacient-trasplantat_08112023_8-1024x576.jpg\" alt=\"Susana Clemente durant la seva exposici\u00f3.\" class=\"wp-image-67603\" title=\" Susana Clemente durant la seva exposici\u00f3.\"\/><\/a><figcaption class=\"wp-element-caption\"> Susana Clemente durant la seva exposici\u00f3.<\/figcaption><\/figure>\n\n\n\n<p>En relaci\u00f3 amb la <strong>prevenci\u00f3 de les infeccions m\u00e9s freq\u00fcents en el TOS<\/strong> va destacar la import\u00e0ncia d\u2019una bona avaluaci\u00f3 pretrasplantament i va detallar els riscs d\u2019infecci\u00f3.<\/p>\n\n\n\n<h2 class=\"wp-block-heading\"><strong>Maneig de les comorbiditats: insufici\u00e8ncia renal, hipertensi\u00f3, diabetis mellitus i s\u00edmptomes menors<\/strong><\/h2>\n\n\n\n<p>Finalment, <strong>Anna de Dios<\/strong>, farmac\u00e8utica adjunta de l\u2019\u00e0rea de Cardiologia i Trasplantament Card\u00edac i coordinadora de Salut M\u00f2bil del Servei de Farm\u00e0cia de l\u2019Hospital de la Santa Creu i Sant Pau, i <strong>Gemma Arrufat<\/strong>, farmac\u00e8utica adjunta de l\u2019Hospital Universitari Son Espases, van abordar el <strong>maneig de les comorbiditats en insufici\u00e8ncia renal<\/strong>, <strong>hipertensi\u00f3, diabetis mellitus i s\u00edmptomes menors<\/strong>.<\/p>\n\n\n\n<figure class=\"wp-block-image size-large\"><a href=\"https:\/\/blog.cofb.cat\/wp-content\/uploads\/2023\/11\/COFB_Maneig-pacient-trasplantat_08112023_9-scaled.jpg\" target=\"_blank\" rel=\"noopener\"><img decoding=\"async\" src=\"https:\/\/blog.cofb.cat\/wp-content\/uploads\/2023\/11\/COFB_Maneig-pacient-trasplantat_08112023_9-1024x576.jpg\" alt=\" Anna de Dios en un moment de la seva pon\u00e8ncia. \" class=\"wp-image-67604\" title=\" Anna de Dios en un moment de la seva pon\u00e8ncia. \"\/><\/a><figcaption class=\"wp-element-caption\"> Anna de Dios en un moment de la seva pon\u00e8ncia. <\/figcaption><\/figure>\n\n\n\n<p>\u201cEl <strong>trasplantament d\u2019intest\u00ed<\/strong> \u00e9s el que est\u00e0 m\u00e9s associat a tenir un <strong>major risc de presentar insufici\u00e8ncia renal\u201d<\/strong>, <strong>seguit del trasplantament de fetge, pulm\u00f3 i cor <\/strong>i sent els inhibidors de la calcineurina, la fam\u00edlia d\u2019immunosupressors que probablement causaran insufici\u00e8ncia renal, segons Anna de Dios. Pel que fa al <strong>maneig de la hipertensi\u00f3<\/strong>, Anna de Dios va comentar que <strong>la pressi\u00f3 alta augmenta tant el risc cardiovascular com la prevalen\u00e7a de rebuig de l\u2019\u00f2rgan i, per tant, augmenta la mortalitat<\/strong>.<\/p>\n\n\n\n<p>En relaci\u00f3 amb el <strong>maneig de la diabetis mellitus<\/strong>, Gemma Arrufat va assegurar que \u201c\u00e9s una de les complicacions m\u00e9s freq\u00fcents posteriorment al trasplantament d\u2019un \u00f2rgan s\u00f2lid\u201d. Alhora, va recalcar la <strong>import\u00e0ncia de la prevenci\u00f3 i el tractament de la prediabetis i de la diabetis mellitus posttrasplantament<\/strong>, ja que <strong>\u201cs\u00f3n importants per a reduir el risc cardiovascular i millorar la superviv\u00e8ncia despr\u00e9s del trasplantament<\/strong>\u201d.<\/p>\n\n\n\n<figure class=\"wp-block-image size-large\"><a href=\"https:\/\/blog.cofb.cat\/wp-content\/uploads\/2023\/11\/COFB_Maneig-pacient-trasplantat_08112023_10-scaled.jpg\" target=\"_blank\" rel=\"noopener\"><img decoding=\"async\" src=\"https:\/\/blog.cofb.cat\/wp-content\/uploads\/2023\/11\/COFB_Maneig-pacient-trasplantat_08112023_10-1024x576.jpg\" alt=\"Gemma Arrufat impartint la darrera part de la formaci\u00f3 sobre el maneig de la diabetis mellitus i els s\u00edmptomes menors. \" class=\"wp-image-67605\" title=\"Gemma Arrufat impartint la darrera part de la formaci\u00f3 sobre el maneig de la diabetis mellitus i els s\u00edmptomes menors. \"\/><\/a><figcaption class=\"wp-element-caption\">Gemma Arrufat impartint la darrera part de la formaci\u00f3 sobre el maneig de la diabetis mellitus i els s\u00edmptomes menors. <\/figcaption><\/figure>\n\n\n\n<p>Per acabar, la farmac\u00e8utica va tractar el <strong>maneig dels s\u00edmptomes menors en el pacient trasplantat<\/strong> en l\u2019<strong>aparell respiratori <\/strong>(esternuts, secreci\u00f3 nasal, congesti\u00f3, refredat com\u00fa), el <strong>sistema nervi\u00f3s central<\/strong> (dolor muscular o articular, cefalea, insomni), <strong>l\u2019aparell digestiu<\/strong> (estrenyiment, diarrea, \u00e0cid g\u00e0stric) i <strong>altres s\u00edmptomes com les infeccions urin\u00e0ries, vaginals o la irritaci\u00f3 de la pell.<\/strong><\/p>\n\n\n\n<p><strong>\u201cHi ha medicaments efica\u00e7os i segurs per al tractament de s\u00edmptomes menors en pacients trasplantats que es poden recomanar des de la farm\u00e0cia comunit\u00e0ria\u201d<\/strong>, segons va indicar Arrufat. Finalment, va emfatitzar que davant <strong>\u201csignes i s\u00edmptomes d\u2019alarma, el pacient ha de posar-se en contacte amb el seu referent de trasplantament\u201d<\/strong>.<\/p>\n\n\n\n<p class=\"has-text-align-right\"><strong>Activitat organitzada conjuntament amb:<\/strong><\/p>\n\n\n\n<figure class=\"wp-block-image alignright size-thumbnail\"><a href=\"https:\/\/www.scfarmclin.org\/\" target=\"_blank\" rel=\"noopener\"><img decoding=\"async\" src=\"https:\/\/blog.cofb.cat\/wp-content\/uploads\/2023\/11\/Societat-Catalana-de-Farmacia-Clinica-SCFC_logo_transparent-150x97.png\" alt=\"\" class=\"wp-image-67587\"\/><\/a><\/figure>\n\n\n\n<p><\/p>\n\n\n\n<p><\/p>\n\n\n\n<p><\/p>\n\n\n\n<p><\/p>\n\n\n\n<p class=\"has-text-align-right\"><strong>Amb el patrocini de:<\/strong><\/p>\n\n\n\n<figure class=\"wp-block-image alignright size-thumbnail\"><a href=\"https:\/\/www.chiesi.es\/\" target=\"_blank\" rel=\"noopener\"><img decoding=\"async\" src=\"https:\/\/blog.cofb.cat\/wp-content\/uploads\/2023\/11\/CHIESI-2023_fons-transparent-150x38.png\" alt=\"\" class=\"wp-image-67586\"\/><\/a><\/figure>\n\n\n\n<p><\/p>\n\n\n\n<p><strong>Altres publicacions d\u2019inter\u00e8s:<\/strong><\/p>\n\n\n\n<ul class=\"wp-block-list\">\n<li><a href=\"https:\/\/blog.cofb.cat\/blog\/2023\/06\/16\/professionals-de-la-farmacia-hospitalaria-es-formen-en-la-gestio-i-lacces-als-medicaments-mhda\/\" target=\"_blank\" rel=\"noreferrer noopener\">Professionals de la farm\u00e0cia hospital\u00e0ria es formen en la gesti\u00f3 i l\u2019acc\u00e9s als medicaments MHDA (Juny 2023)<\/a><\/li>\n\n\n\n<li><a href=\"https:\/\/blog.cofb.cat\/blog\/2023\/04\/03\/el-cofb-organitza-la-tercera-edicio-de-la-formacio-els-matins-proa\/\" target=\"_blank\" rel=\"noreferrer noopener\">El COFB organitza la tercera edici\u00f3 de la formaci\u00f3 \u201cEls matins PROA\u201d (Abril 2023)<\/a><\/li>\n\n\n\n<li><a href=\"https:\/\/blog.cofb.cat\/blog\/2023\/03\/22\/farmaceutics-comunitaris-sactualitzen-al-cofb-en-el-maneig-de-dispositius-dadministracio-dinsulines\/\" target=\"_blank\" rel=\"noreferrer noopener\">Farmac\u00e8utics comunitaris s\u2019actualitzen al COFB en el maneig de dispositius d\u2019administraci\u00f3 d\u2019insulines (Mar\u00e7 2023)<\/a><\/li>\n<\/ul>\n","protected":false},"excerpt":{"rendered":"<p>El Col\u00b7legi de Farmac\u00e8utics de Barcelona (COFB) va organitzar, juntament amb la Societat Catalana de Farm\u00e0cia Cl\u00ednica, la formaci\u00f3 \u201cManeig del pacient trasplantat\u201d amb el patrocini de Chiesi. Membres del grup de treball FarmaTrasplante de la Sociedad Espa\u00f1ola de Farmacia Hospitalaria van impartir tres sessions formatives, que van tenir lloc [&hellip;]<\/p>\n","protected":false},"author":1,"featured_media":70068,"comment_status":"open","ping_status":"open","sticky":false,"template":"","format":"standard","meta":{"_uag_custom_page_level_css":"","site-sidebar-layout":"default","site-content-layout":"","ast-site-content-layout":"default","site-content-style":"default","site-sidebar-style":"default","ast-global-header-display":"","ast-banner-title-visibility":"","ast-main-header-display":"","ast-hfb-above-header-display":"","ast-hfb-below-header-display":"","ast-hfb-mobile-header-display":"","site-post-title":"","ast-breadcrumbs-content":"","ast-featured-img":"disabled","footer-sml-layout":"","theme-transparent-header-meta":"","adv-header-id-meta":"","stick-header-meta":"","header-above-stick-meta":"","header-main-stick-meta":"","header-below-stick-meta":"","astra-migrate-meta-layouts":"set","ast-page-background-enabled":"default","ast-page-background-meta":{"desktop":{"background-color":"var(--ast-global-color-4)","background-image":"","background-repeat":"repeat","background-position":"center center","background-size":"auto","background-attachment":"scroll","background-type":"","background-media":"","overlay-type":"","overlay-color":"","overlay-opacity":"","overlay-gradient":""},"tablet":{"background-color":"","background-image":"","background-repeat":"repeat","background-position":"center center","background-size":"auto","background-attachment":"scroll","background-type":"","background-media":"","overlay-type":"","overlay-color":"","overlay-opacity":"","overlay-gradient":""},"mobile":{"background-color":"","background-image":"","background-repeat":"repeat","background-position":"center center","background-size":"auto","background-attachment":"scroll","background-type":"","background-media":"","overlay-type":"","overlay-color":"","overlay-opacity":"","overlay-gradient":""}},"ast-content-background-meta":{"desktop":{"background-color":"var(--ast-global-color-5)","background-image":"","background-repeat":"repeat","background-position":"center center","background-size":"auto","background-attachment":"scroll","background-type":"","background-media":"","overlay-type":"","overlay-color":"","overlay-opacity":"","overlay-gradient":""},"tablet":{"background-color":"var(--ast-global-color-5)","background-image":"","background-repeat":"repeat","background-position":"center center","background-size":"auto","background-attachment":"scroll","background-type":"","background-media":"","overlay-type":"","overlay-color":"","overlay-opacity":"","overlay-gradient":""},"mobile":{"background-color":"var(--ast-global-color-5)","background-image":"","background-repeat":"repeat","background-position":"center center","background-size":"auto","background-attachment":"scroll","background-type":"","background-media":"","overlay-type":"","overlay-color":"","overlay-opacity":"","overlay-gradient":""}},"footnotes":""},"categories":[23,57],"tags":[4803,938,18,19,4804,4805,53,171,69,480,54,4806,70,481,71,4807,76,4478,4808,4809],"class_list":["post-70055","post","type-post","status-publish","format-standard","has-post-thumbnail","hentry","category-destacats","category-mon-collegial","tag-adherencia-terapeutica","tag-atencio-primaria","tag-cofb","tag-collegi-de-farmaceutics-de-barcelona","tag-comorbiditats","tag-donants","tag-farmaceutics","tag-farmaceutiques","tag-farmacia-comunitaria","tag-farmacia-hospitalaria","tag-farmacs","tag-farmacs-immunosupressors","tag-formacio","tag-hospitals","tag-infeccions","tag-medicacio-concomitant","tag-oficina-de-farmacia","tag-tos","tag-trasplantament-organs-solids","tag-trasplantaments-dorgans-solids"],"yoast_head":"<!-- This site is optimized with the Yoast SEO plugin v22.4 - https:\/\/yoast.com\/wordpress\/plugins\/seo\/ -->\n<title>Farmac\u00e8utics i farmac\u00e8utiques de diferents \u00e0mbits de la professi\u00f3 es formen en el maneig del pacient trasplantat - Col\u00b7legi de Farmac\u00e8utics de Barcelona<\/title>\n<meta name=\"description\" content=\"El COFB va organitzar, juntament amb la Societat Catalana de Farm\u00e0cia Cl\u00ednica, la formaci\u00f3 \u201cManeig del pacient trasplantat\u201d.\" \/>\n<meta name=\"robots\" content=\"index, follow, max-snippet:-1, max-image-preview:large, max-video-preview:-1\" \/>\n<link rel=\"canonical\" href=\"https:\/\/novaorg.cofb.net\/2023\/11\/10\/farmaceutics-i-farmaceutiques-de-diferents-ambits-de-la-professio-es-formen-en-el-maneig-del-pacient-trasplantat\/\" \/>\n<meta property=\"og:locale\" content=\"ca_ES\" \/>\n<meta property=\"og:type\" content=\"article\" \/>\n<meta property=\"og:title\" content=\"Farmac\u00e8utics i farmac\u00e8utiques de diferents \u00e0mbits de la professi\u00f3 es formen en el maneig del pacient trasplantat - Col\u00b7legi de Farmac\u00e8utics de Barcelona\" \/>\n<meta property=\"og:description\" content=\"El COFB va organitzar, juntament amb la Societat Catalana de Farm\u00e0cia Cl\u00ednica, la formaci\u00f3 \u201cManeig del pacient trasplantat\u201d.\" \/>\n<meta property=\"og:url\" content=\"https:\/\/novaorg.cofb.net\/2023\/11\/10\/farmaceutics-i-farmaceutiques-de-diferents-ambits-de-la-professio-es-formen-en-el-maneig-del-pacient-trasplantat\/\" \/>\n<meta property=\"og:site_name\" content=\"Col\u00b7legi de Farmac\u00e8utics de Barcelona\" \/>\n<meta property=\"article:publisher\" content=\"https:\/\/www.facebook.com\/farmaceuticsbcn\/\" \/>\n<meta property=\"article:published_time\" content=\"2023-11-10T12:14:14+00:00\" \/>\n<meta property=\"article:modified_time\" content=\"2023-11-29T12:00:30+00:00\" \/>\n<meta property=\"og:image\" content=\"https:\/\/novaorg.cofb.net\/wp-content\/uploads\/2023\/11\/COFB_Maneig-pacient-trasplantat_08112023_0.1-1024x576-1.jpg\" \/>\n\t<meta property=\"og:image:width\" content=\"1024\" \/>\n\t<meta property=\"og:image:height\" content=\"576\" \/>\n\t<meta property=\"og:image:type\" content=\"image\/jpeg\" \/>\n<meta name=\"author\" content=\"wpAdminCofbOrg\" \/>\n<meta name=\"twitter:card\" content=\"summary_large_image\" \/>\n<meta name=\"twitter:creator\" content=\"@farmaceuticsbcn\" \/>\n<meta name=\"twitter:site\" content=\"@farmaceuticsbcn\" \/>\n<meta name=\"twitter:label1\" content=\"Escrit per\" \/>\n\t<meta name=\"twitter:data1\" content=\"wpAdminCofbOrg\" \/>\n\t<meta name=\"twitter:label2\" content=\"Temps estimat de lectura\" \/>\n\t<meta name=\"twitter:data2\" content=\"9 minuts\" \/>\n<script type=\"application\/ld+json\" class=\"yoast-schema-graph\">{\"@context\":\"https:\/\/schema.org\",\"@graph\":[{\"@type\":\"Article\",\"@id\":\"https:\/\/novaorg.cofb.net\/2023\/11\/10\/farmaceutics-i-farmaceutiques-de-diferents-ambits-de-la-professio-es-formen-en-el-maneig-del-pacient-trasplantat\/#article\",\"isPartOf\":{\"@id\":\"https:\/\/novaorg.cofb.net\/2023\/11\/10\/farmaceutics-i-farmaceutiques-de-diferents-ambits-de-la-professio-es-formen-en-el-maneig-del-pacient-trasplantat\/\"},\"author\":{\"name\":\"wpAdminCofbOrg\",\"@id\":\"https:\/\/www.cofb.org\/#\/schema\/person\/22ed7eea88da74b0fa4d3154ad87ffcb\"},\"headline\":\"Farmac\u00e8utics i farmac\u00e8utiques de diferents \u00e0mbits de la professi\u00f3 es formen en el maneig del pacient trasplantat\",\"datePublished\":\"2023-11-10T12:14:14+00:00\",\"dateModified\":\"2023-11-29T12:00:30+00:00\",\"mainEntityOfPage\":{\"@id\":\"https:\/\/novaorg.cofb.net\/2023\/11\/10\/farmaceutics-i-farmaceutiques-de-diferents-ambits-de-la-professio-es-formen-en-el-maneig-del-pacient-trasplantat\/\"},\"wordCount\":1594,\"commentCount\":0,\"publisher\":{\"@id\":\"https:\/\/www.cofb.org\/#organization\"},\"image\":{\"@id\":\"https:\/\/novaorg.cofb.net\/2023\/11\/10\/farmaceutics-i-farmaceutiques-de-diferents-ambits-de-la-professio-es-formen-en-el-maneig-del-pacient-trasplantat\/#primaryimage\"},\"thumbnailUrl\":\"https:\/\/www.cofb.org\/wp-content\/uploads\/2023\/11\/COFB_Maneig-pacient-trasplantat_08112023_0.1-1024x576-1.jpg\",\"keywords\":[\"adher\u00e8ncia terap\u00e8utica\",\"Atenci\u00f3 prim\u00e0ria\",\"COFB\",\"Col\u00b7legi de Farmac\u00e8utics de Barcelona\",\"comorbiditats\",\"donants\",\"farmac\u00e8utics\",\"farmac\u00e8utiques\",\"farm\u00e0cia comunit\u00e0ria\",\"farm\u00e0cia hospital\u00e0ria\",\"f\u00e0rmacs\",\"f\u00e0rmacs immunosupressors\",\"Formaci\u00f3\",\"Hospitals\",\"infeccions\",\"medicaci\u00f3 concomitant\",\"Oficina de farm\u00e0cia\",\"tos\",\"Trasplantament \u00f2rgans s\u00f2lids\",\"Trasplantaments d&#039;\u00d2rgans S\u00f2lids\"],\"articleSection\":[\"Destacats\",\"M\u00f3n col\u00b7legial\"],\"inLanguage\":\"ca\",\"potentialAction\":[{\"@type\":\"CommentAction\",\"name\":\"Comment\",\"target\":[\"https:\/\/novaorg.cofb.net\/2023\/11\/10\/farmaceutics-i-farmaceutiques-de-diferents-ambits-de-la-professio-es-formen-en-el-maneig-del-pacient-trasplantat\/#respond\"]}]},{\"@type\":\"WebPage\",\"@id\":\"https:\/\/novaorg.cofb.net\/2023\/11\/10\/farmaceutics-i-farmaceutiques-de-diferents-ambits-de-la-professio-es-formen-en-el-maneig-del-pacient-trasplantat\/\",\"url\":\"https:\/\/novaorg.cofb.net\/2023\/11\/10\/farmaceutics-i-farmaceutiques-de-diferents-ambits-de-la-professio-es-formen-en-el-maneig-del-pacient-trasplantat\/\",\"name\":\"Farmac\u00e8utics i farmac\u00e8utiques de diferents \u00e0mbits de la professi\u00f3 es formen en el maneig del pacient trasplantat - Col\u00b7legi de Farmac\u00e8utics de Barcelona\",\"isPartOf\":{\"@id\":\"https:\/\/www.cofb.org\/#website\"},\"primaryImageOfPage\":{\"@id\":\"https:\/\/novaorg.cofb.net\/2023\/11\/10\/farmaceutics-i-farmaceutiques-de-diferents-ambits-de-la-professio-es-formen-en-el-maneig-del-pacient-trasplantat\/#primaryimage\"},\"image\":{\"@id\":\"https:\/\/novaorg.cofb.net\/2023\/11\/10\/farmaceutics-i-farmaceutiques-de-diferents-ambits-de-la-professio-es-formen-en-el-maneig-del-pacient-trasplantat\/#primaryimage\"},\"thumbnailUrl\":\"https:\/\/www.cofb.org\/wp-content\/uploads\/2023\/11\/COFB_Maneig-pacient-trasplantat_08112023_0.1-1024x576-1.jpg\",\"datePublished\":\"2023-11-10T12:14:14+00:00\",\"dateModified\":\"2023-11-29T12:00:30+00:00\",\"description\":\"El COFB va organitzar, juntament amb la Societat Catalana de Farm\u00e0cia Cl\u00ednica, la formaci\u00f3 \u201cManeig del pacient trasplantat\u201d.\",\"breadcrumb\":{\"@id\":\"https:\/\/novaorg.cofb.net\/2023\/11\/10\/farmaceutics-i-farmaceutiques-de-diferents-ambits-de-la-professio-es-formen-en-el-maneig-del-pacient-trasplantat\/#breadcrumb\"},\"inLanguage\":\"ca\",\"potentialAction\":[{\"@type\":\"ReadAction\",\"target\":[\"https:\/\/novaorg.cofb.net\/2023\/11\/10\/farmaceutics-i-farmaceutiques-de-diferents-ambits-de-la-professio-es-formen-en-el-maneig-del-pacient-trasplantat\/\"]}]},{\"@type\":\"ImageObject\",\"inLanguage\":\"ca\",\"@id\":\"https:\/\/novaorg.cofb.net\/2023\/11\/10\/farmaceutics-i-farmaceutiques-de-diferents-ambits-de-la-professio-es-formen-en-el-maneig-del-pacient-trasplantat\/#primaryimage\",\"url\":\"https:\/\/www.cofb.org\/wp-content\/uploads\/2023\/11\/COFB_Maneig-pacient-trasplantat_08112023_0.1-1024x576-1.jpg\",\"contentUrl\":\"https:\/\/www.cofb.org\/wp-content\/uploads\/2023\/11\/COFB_Maneig-pacient-trasplantat_08112023_0.1-1024x576-1.jpg\",\"width\":1024,\"height\":576},{\"@type\":\"BreadcrumbList\",\"@id\":\"https:\/\/novaorg.cofb.net\/2023\/11\/10\/farmaceutics-i-farmaceutiques-de-diferents-ambits-de-la-professio-es-formen-en-el-maneig-del-pacient-trasplantat\/#breadcrumb\",\"itemListElement\":[{\"@type\":\"ListItem\",\"position\":1,\"name\":\"Inici\",\"item\":\"https:\/\/novaorg.cofb.net\/\"},{\"@type\":\"ListItem\",\"position\":2,\"name\":\"Farmac\u00e8utics i farmac\u00e8utiques de diferents \u00e0mbits de la professi\u00f3 es formen en el maneig del pacient trasplantat\"}]},{\"@type\":\"WebSite\",\"@id\":\"https:\/\/www.cofb.org\/#website\",\"url\":\"https:\/\/www.cofb.org\/\",\"name\":\"Col\u00b7legi de Farmac\u00e8utics de Barcelona\",\"description\":\"\",\"publisher\":{\"@id\":\"https:\/\/www.cofb.org\/#organization\"},\"potentialAction\":[{\"@type\":\"SearchAction\",\"target\":{\"@type\":\"EntryPoint\",\"urlTemplate\":\"https:\/\/www.cofb.org\/?s={search_term_string}\"},\"query-input\":\"required name=search_term_string\"}],\"inLanguage\":\"ca\"},{\"@type\":\"Organization\",\"@id\":\"https:\/\/www.cofb.org\/#organization\",\"name\":\"Col\u00b7legi de Farmac\u00e8utics de Barcelona\",\"url\":\"https:\/\/www.cofb.org\/\",\"logo\":{\"@type\":\"ImageObject\",\"inLanguage\":\"ca\",\"@id\":\"https:\/\/www.cofb.org\/#\/schema\/logo\/image\/\",\"url\":\"https:\/\/www.cofb.org\/wp-content\/uploads\/2023\/11\/cropped-Logotip-COFB.png\",\"contentUrl\":\"https:\/\/www.cofb.org\/wp-content\/uploads\/2023\/11\/cropped-Logotip-COFB.png\",\"width\":500,\"height\":105,\"caption\":\"Col\u00b7legi de Farmac\u00e8utics de Barcelona\"},\"image\":{\"@id\":\"https:\/\/www.cofb.org\/#\/schema\/logo\/image\/\"},\"sameAs\":[\"https:\/\/www.facebook.com\/farmaceuticsbcn\/\",\"https:\/\/twitter.com\/farmaceuticsbcn\",\"https:\/\/www.instagram.com\/farmaceuticsbcn\/\",\"https:\/\/www.linkedin.com\/company\/farmaceuticsbcn\/\"]},{\"@type\":\"Person\",\"@id\":\"https:\/\/www.cofb.org\/#\/schema\/person\/22ed7eea88da74b0fa4d3154ad87ffcb\",\"name\":\"wpAdminCofbOrg\",\"image\":{\"@type\":\"ImageObject\",\"inLanguage\":\"ca\",\"@id\":\"https:\/\/www.cofb.org\/#\/schema\/person\/image\/\",\"url\":\"https:\/\/secure.gravatar.com\/avatar\/1721b20b3b8ca882c3b56ec6c978c594fff670e40c0718e9190eaeeb76aae7d8?s=96&d=mm&r=g\",\"contentUrl\":\"https:\/\/secure.gravatar.com\/avatar\/1721b20b3b8ca882c3b56ec6c978c594fff670e40c0718e9190eaeeb76aae7d8?s=96&d=mm&r=g\",\"caption\":\"wpAdminCofbOrg\"},\"sameAs\":[\"http:\/\/192.168.64.122\/wordpress\"],\"url\":\"https:\/\/www.cofb.org\/ca\/author\/wpadmincofborg\/\"}]}<\/script>\n<!-- \/ Yoast SEO plugin. -->","yoast_head_json":{"title":"Farmac\u00e8utics i farmac\u00e8utiques de diferents \u00e0mbits de la professi\u00f3 es formen en el maneig del pacient trasplantat - Col\u00b7legi de Farmac\u00e8utics de Barcelona","description":"El COFB va organitzar, juntament amb la Societat Catalana de Farm\u00e0cia Cl\u00ednica, la formaci\u00f3 \u201cManeig del pacient trasplantat\u201d.","robots":{"index":"index","follow":"follow","max-snippet":"max-snippet:-1","max-image-preview":"max-image-preview:large","max-video-preview":"max-video-preview:-1"},"canonical":"https:\/\/novaorg.cofb.net\/2023\/11\/10\/farmaceutics-i-farmaceutiques-de-diferents-ambits-de-la-professio-es-formen-en-el-maneig-del-pacient-trasplantat\/","og_locale":"ca_ES","og_type":"article","og_title":"Farmac\u00e8utics i farmac\u00e8utiques de diferents \u00e0mbits de la professi\u00f3 es formen en el maneig del pacient trasplantat - Col\u00b7legi de Farmac\u00e8utics de Barcelona","og_description":"El COFB va organitzar, juntament amb la Societat Catalana de Farm\u00e0cia Cl\u00ednica, la formaci\u00f3 \u201cManeig del pacient trasplantat\u201d.","og_url":"https:\/\/novaorg.cofb.net\/2023\/11\/10\/farmaceutics-i-farmaceutiques-de-diferents-ambits-de-la-professio-es-formen-en-el-maneig-del-pacient-trasplantat\/","og_site_name":"Col\u00b7legi de Farmac\u00e8utics de Barcelona","article_publisher":"https:\/\/www.facebook.com\/farmaceuticsbcn\/","article_published_time":"2023-11-10T12:14:14+00:00","article_modified_time":"2023-11-29T12:00:30+00:00","og_image":[{"width":1024,"height":576,"url":"https:\/\/novaorg.cofb.net\/wp-content\/uploads\/2023\/11\/COFB_Maneig-pacient-trasplantat_08112023_0.1-1024x576-1.jpg","type":"image\/jpeg"}],"author":"wpAdminCofbOrg","twitter_card":"summary_large_image","twitter_creator":"@farmaceuticsbcn","twitter_site":"@farmaceuticsbcn","twitter_misc":{"Escrit per":"wpAdminCofbOrg","Temps estimat de lectura":"9 minuts"},"schema":{"@context":"https:\/\/schema.org","@graph":[{"@type":"Article","@id":"https:\/\/novaorg.cofb.net\/2023\/11\/10\/farmaceutics-i-farmaceutiques-de-diferents-ambits-de-la-professio-es-formen-en-el-maneig-del-pacient-trasplantat\/#article","isPartOf":{"@id":"https:\/\/novaorg.cofb.net\/2023\/11\/10\/farmaceutics-i-farmaceutiques-de-diferents-ambits-de-la-professio-es-formen-en-el-maneig-del-pacient-trasplantat\/"},"author":{"name":"wpAdminCofbOrg","@id":"https:\/\/www.cofb.org\/#\/schema\/person\/22ed7eea88da74b0fa4d3154ad87ffcb"},"headline":"Farmac\u00e8utics i farmac\u00e8utiques de diferents \u00e0mbits de la professi\u00f3 es formen en el maneig del pacient trasplantat","datePublished":"2023-11-10T12:14:14+00:00","dateModified":"2023-11-29T12:00:30+00:00","mainEntityOfPage":{"@id":"https:\/\/novaorg.cofb.net\/2023\/11\/10\/farmaceutics-i-farmaceutiques-de-diferents-ambits-de-la-professio-es-formen-en-el-maneig-del-pacient-trasplantat\/"},"wordCount":1594,"commentCount":0,"publisher":{"@id":"https:\/\/www.cofb.org\/#organization"},"image":{"@id":"https:\/\/novaorg.cofb.net\/2023\/11\/10\/farmaceutics-i-farmaceutiques-de-diferents-ambits-de-la-professio-es-formen-en-el-maneig-del-pacient-trasplantat\/#primaryimage"},"thumbnailUrl":"https:\/\/www.cofb.org\/wp-content\/uploads\/2023\/11\/COFB_Maneig-pacient-trasplantat_08112023_0.1-1024x576-1.jpg","keywords":["adher\u00e8ncia terap\u00e8utica","Atenci\u00f3 prim\u00e0ria","COFB","Col\u00b7legi de Farmac\u00e8utics de Barcelona","comorbiditats","donants","farmac\u00e8utics","farmac\u00e8utiques","farm\u00e0cia comunit\u00e0ria","farm\u00e0cia hospital\u00e0ria","f\u00e0rmacs","f\u00e0rmacs immunosupressors","Formaci\u00f3","Hospitals","infeccions","medicaci\u00f3 concomitant","Oficina de farm\u00e0cia","tos","Trasplantament \u00f2rgans s\u00f2lids","Trasplantaments d&#039;\u00d2rgans S\u00f2lids"],"articleSection":["Destacats","M\u00f3n col\u00b7legial"],"inLanguage":"ca","potentialAction":[{"@type":"CommentAction","name":"Comment","target":["https:\/\/novaorg.cofb.net\/2023\/11\/10\/farmaceutics-i-farmaceutiques-de-diferents-ambits-de-la-professio-es-formen-en-el-maneig-del-pacient-trasplantat\/#respond"]}]},{"@type":"WebPage","@id":"https:\/\/novaorg.cofb.net\/2023\/11\/10\/farmaceutics-i-farmaceutiques-de-diferents-ambits-de-la-professio-es-formen-en-el-maneig-del-pacient-trasplantat\/","url":"https:\/\/novaorg.cofb.net\/2023\/11\/10\/farmaceutics-i-farmaceutiques-de-diferents-ambits-de-la-professio-es-formen-en-el-maneig-del-pacient-trasplantat\/","name":"Farmac\u00e8utics i farmac\u00e8utiques de diferents \u00e0mbits de la professi\u00f3 es formen en el maneig del pacient trasplantat - Col\u00b7legi de Farmac\u00e8utics de Barcelona","isPartOf":{"@id":"https:\/\/www.cofb.org\/#website"},"primaryImageOfPage":{"@id":"https:\/\/novaorg.cofb.net\/2023\/11\/10\/farmaceutics-i-farmaceutiques-de-diferents-ambits-de-la-professio-es-formen-en-el-maneig-del-pacient-trasplantat\/#primaryimage"},"image":{"@id":"https:\/\/novaorg.cofb.net\/2023\/11\/10\/farmaceutics-i-farmaceutiques-de-diferents-ambits-de-la-professio-es-formen-en-el-maneig-del-pacient-trasplantat\/#primaryimage"},"thumbnailUrl":"https:\/\/www.cofb.org\/wp-content\/uploads\/2023\/11\/COFB_Maneig-pacient-trasplantat_08112023_0.1-1024x576-1.jpg","datePublished":"2023-11-10T12:14:14+00:00","dateModified":"2023-11-29T12:00:30+00:00","description":"El COFB va organitzar, juntament amb la Societat Catalana de Farm\u00e0cia Cl\u00ednica, la formaci\u00f3 \u201cManeig del pacient trasplantat\u201d.","breadcrumb":{"@id":"https:\/\/novaorg.cofb.net\/2023\/11\/10\/farmaceutics-i-farmaceutiques-de-diferents-ambits-de-la-professio-es-formen-en-el-maneig-del-pacient-trasplantat\/#breadcrumb"},"inLanguage":"ca","potentialAction":[{"@type":"ReadAction","target":["https:\/\/novaorg.cofb.net\/2023\/11\/10\/farmaceutics-i-farmaceutiques-de-diferents-ambits-de-la-professio-es-formen-en-el-maneig-del-pacient-trasplantat\/"]}]},{"@type":"ImageObject","inLanguage":"ca","@id":"https:\/\/novaorg.cofb.net\/2023\/11\/10\/farmaceutics-i-farmaceutiques-de-diferents-ambits-de-la-professio-es-formen-en-el-maneig-del-pacient-trasplantat\/#primaryimage","url":"https:\/\/www.cofb.org\/wp-content\/uploads\/2023\/11\/COFB_Maneig-pacient-trasplantat_08112023_0.1-1024x576-1.jpg","contentUrl":"https:\/\/www.cofb.org\/wp-content\/uploads\/2023\/11\/COFB_Maneig-pacient-trasplantat_08112023_0.1-1024x576-1.jpg","width":1024,"height":576},{"@type":"BreadcrumbList","@id":"https:\/\/novaorg.cofb.net\/2023\/11\/10\/farmaceutics-i-farmaceutiques-de-diferents-ambits-de-la-professio-es-formen-en-el-maneig-del-pacient-trasplantat\/#breadcrumb","itemListElement":[{"@type":"ListItem","position":1,"name":"Inici","item":"https:\/\/novaorg.cofb.net\/"},{"@type":"ListItem","position":2,"name":"Farmac\u00e8utics i farmac\u00e8utiques de diferents \u00e0mbits de la professi\u00f3 es formen en el maneig del pacient trasplantat"}]},{"@type":"WebSite","@id":"https:\/\/www.cofb.org\/#website","url":"https:\/\/www.cofb.org\/","name":"Col\u00b7legi de Farmac\u00e8utics de Barcelona","description":"","publisher":{"@id":"https:\/\/www.cofb.org\/#organization"},"potentialAction":[{"@type":"SearchAction","target":{"@type":"EntryPoint","urlTemplate":"https:\/\/www.cofb.org\/?s={search_term_string}"},"query-input":"required name=search_term_string"}],"inLanguage":"ca"},{"@type":"Organization","@id":"https:\/\/www.cofb.org\/#organization","name":"Col\u00b7legi de Farmac\u00e8utics de Barcelona","url":"https:\/\/www.cofb.org\/","logo":{"@type":"ImageObject","inLanguage":"ca","@id":"https:\/\/www.cofb.org\/#\/schema\/logo\/image\/","url":"https:\/\/www.cofb.org\/wp-content\/uploads\/2023\/11\/cropped-Logotip-COFB.png","contentUrl":"https:\/\/www.cofb.org\/wp-content\/uploads\/2023\/11\/cropped-Logotip-COFB.png","width":500,"height":105,"caption":"Col\u00b7legi de Farmac\u00e8utics de Barcelona"},"image":{"@id":"https:\/\/www.cofb.org\/#\/schema\/logo\/image\/"},"sameAs":["https:\/\/www.facebook.com\/farmaceuticsbcn\/","https:\/\/twitter.com\/farmaceuticsbcn","https:\/\/www.instagram.com\/farmaceuticsbcn\/","https:\/\/www.linkedin.com\/company\/farmaceuticsbcn\/"]},{"@type":"Person","@id":"https:\/\/www.cofb.org\/#\/schema\/person\/22ed7eea88da74b0fa4d3154ad87ffcb","name":"wpAdminCofbOrg","image":{"@type":"ImageObject","inLanguage":"ca","@id":"https:\/\/www.cofb.org\/#\/schema\/person\/image\/","url":"https:\/\/secure.gravatar.com\/avatar\/1721b20b3b8ca882c3b56ec6c978c594fff670e40c0718e9190eaeeb76aae7d8?s=96&d=mm&r=g","contentUrl":"https:\/\/secure.gravatar.com\/avatar\/1721b20b3b8ca882c3b56ec6c978c594fff670e40c0718e9190eaeeb76aae7d8?s=96&d=mm&r=g","caption":"wpAdminCofbOrg"},"sameAs":["http:\/\/192.168.64.122\/wordpress"],"url":"https:\/\/www.cofb.org\/ca\/author\/wpadmincofborg\/"}]}},"uagb_featured_image_src":{"full":["https:\/\/www.cofb.org\/wp-content\/uploads\/2023\/11\/COFB_Maneig-pacient-trasplantat_08112023_0.1-1024x576-1.jpg",1024,576,false],"thumbnail":["https:\/\/www.cofb.org\/wp-content\/uploads\/2023\/11\/COFB_Maneig-pacient-trasplantat_08112023_0.1-1024x576-1-150x150.jpg",150,150,true],"medium":["https:\/\/www.cofb.org\/wp-content\/uploads\/2023\/11\/COFB_Maneig-pacient-trasplantat_08112023_0.1-1024x576-1-300x169.jpg",300,169,true],"medium_large":["https:\/\/www.cofb.org\/wp-content\/uploads\/2023\/11\/COFB_Maneig-pacient-trasplantat_08112023_0.1-1024x576-1-768x432.jpg",768,432,true],"large":["https:\/\/www.cofb.org\/wp-content\/uploads\/2023\/11\/COFB_Maneig-pacient-trasplantat_08112023_0.1-1024x576-1.jpg",1024,576,false],"1536x1536":["https:\/\/www.cofb.org\/wp-content\/uploads\/2023\/11\/COFB_Maneig-pacient-trasplantat_08112023_0.1-1024x576-1.jpg",1024,576,false],"2048x2048":["https:\/\/www.cofb.org\/wp-content\/uploads\/2023\/11\/COFB_Maneig-pacient-trasplantat_08112023_0.1-1024x576-1.jpg",1024,576,false],"trp-custom-language-flag":["https:\/\/www.cofb.org\/wp-content\/uploads\/2023\/11\/COFB_Maneig-pacient-trasplantat_08112023_0.1-1024x576-1-18x10.jpg",18,10,true]},"uagb_author_info":{"display_name":"wpAdminCofbOrg","author_link":"https:\/\/www.cofb.org\/ca\/author\/wpadmincofborg\/"},"uagb_comment_info":0,"uagb_excerpt":"El Col\u00b7legi de Farmac\u00e8utics de Barcelona (COFB) va organitzar, juntament amb la Societat Catalana de Farm\u00e0cia Cl\u00ednica, la formaci\u00f3 \u201cManeig del pacient trasplantat\u201d amb el patrocini de Chiesi. Membres del grup de treball FarmaTrasplante de la Sociedad Espa\u00f1ola de Farmacia Hospitalaria van impartir tres sessions formatives, que van tenir lloc [&hellip;]","_links":{"self":[{"href":"https:\/\/www.cofb.org\/ca\/wp-json\/wp\/v2\/posts\/70055","targetHints":{"allow":["GET"]}}],"collection":[{"href":"https:\/\/www.cofb.org\/ca\/wp-json\/wp\/v2\/posts"}],"about":[{"href":"https:\/\/www.cofb.org\/ca\/wp-json\/wp\/v2\/types\/post"}],"author":[{"embeddable":true,"href":"https:\/\/www.cofb.org\/ca\/wp-json\/wp\/v2\/users\/1"}],"replies":[{"embeddable":true,"href":"https:\/\/www.cofb.org\/ca\/wp-json\/wp\/v2\/comments?post=70055"}],"version-history":[{"count":1,"href":"https:\/\/www.cofb.org\/ca\/wp-json\/wp\/v2\/posts\/70055\/revisions"}],"predecessor-version":[{"id":70069,"href":"https:\/\/www.cofb.org\/ca\/wp-json\/wp\/v2\/posts\/70055\/revisions\/70069"}],"wp:featuredmedia":[{"embeddable":true,"href":"https:\/\/www.cofb.org\/ca\/wp-json\/wp\/v2\/media\/70068"}],"wp:attachment":[{"href":"https:\/\/www.cofb.org\/ca\/wp-json\/wp\/v2\/media?parent=70055"}],"wp:term":[{"taxonomy":"category","embeddable":true,"href":"https:\/\/www.cofb.org\/ca\/wp-json\/wp\/v2\/categories?post=70055"},{"taxonomy":"post_tag","embeddable":true,"href":"https:\/\/www.cofb.org\/ca\/wp-json\/wp\/v2\/tags?post=70055"}],"curies":[{"name":"wp","href":"https:\/\/api.w.org\/{rel}","templated":true}]}}