{"id":70054,"date":"2023-11-06T15:47:02","date_gmt":"2023-11-06T13:47:02","guid":{"rendered":"https:\/\/blog.cofb.cat\/?p=67533"},"modified":"2023-11-29T12:01:52","modified_gmt":"2023-11-29T12:01:52","slug":"acompanyament-en-lalimentacio-infantil-des-de-la-farmacia-comunitaria","status":"publish","type":"post","link":"https:\/\/www.cofb.org\/ca\/2023\/11\/06\/acompanyament-en-lalimentacio-infantil-des-de-la-farmacia-comunitaria\/","title":{"rendered":"Acompanyament en l\u2019alimentaci\u00f3 infantil des de la farm\u00e0cia comunit\u00e0ria"},"content":{"rendered":"\n<p>El <strong>Col\u00b7legi de Farmac\u00e8utics de Barcelona (COFB)<\/strong> va organitzar la formaci\u00f3 <strong>\u201cAcompanyament en l\u2019alimentaci\u00f3 infantil: lact\u00e0ncia materna, llets infantils i alimentaci\u00f3 complement\u00e0ria\u201d<\/strong> amb el <strong>patrocini de <a href=\"https:\/\/www.ordesalab.com\/\" target=\"_blank\" rel=\"noreferrer noopener\">Laboratorios Ordesa<\/a> i <a href=\"https:\/\/www.mambaby.com\/es-us\" target=\"_blank\" rel=\"noreferrer noopener\">MAM<\/a>. <\/strong>La formaci\u00f3, que va tenir lloc els dies 16, 18 i 23 d\u2019octubre, es va adre\u00e7ar <strong>a farmac\u00e8utics\/ques comunitaris, t\u00e8cnic\/ques de i auxiliars de farm\u00e0cia i parafarm\u00e0cia<\/strong> i va ser coordinada per la vocal d\u2019Alimentaci\u00f3 i Nutrici\u00f3 del COFB, <strong>Anna Bach-Faig<\/strong>.<\/p>\n\n\n\n<figure class=\"wp-block-image size-large\"><a href=\"https:\/\/blog.cofb.cat\/wp-content\/uploads\/2023\/11\/COFB_Alimentacio-infantil_03112023_1.jpg\" target=\"_blank\" rel=\"noopener\"><img decoding=\"async\" src=\"https:\/\/blog.cofb.cat\/wp-content\/uploads\/2023\/11\/COFB_Alimentacio-infantil_03112023_1-1024x556.jpg\" alt=\"Anna Bach-Faig presentant la formaci\u00f3 sobre acompanyament en l'alimentaci\u00f3 infantil.\" class=\"wp-image-67548\" title=\"Anna Bach-Faig presentant la formaci\u00f3 sobre acompanyament en l'alimentaci\u00f3 infantil\"\/><\/a><figcaption class=\"wp-element-caption\">Anna Bach-Faig presentant la formaci\u00f3 sobre acompanyament en l&#8217;alimentaci\u00f3 infantil.<\/figcaption><\/figure>\n\n\n\n<p>Els <strong>objectius <\/strong>de les sessions formatives van ser <strong>resoldre les principals consultes pedi\u00e0triques<\/strong> en relaci\u00f3 amb <strong>l\u2019alimentaci\u00f3 i la nutrici\u00f3<\/strong>; donar <strong>consell i fer acompanyament nutricional a la mare<\/strong> en l\u2019elecci\u00f3 del tipus de <strong>lact\u00e0ncia i en situacions especials<\/strong>; aconsellar per fer una correcta <strong>extracci\u00f3 de llet materna<\/strong> i con\u00e8ixer les <strong>condicions de conservaci\u00f3<\/strong>; con\u00e8ixer les <strong>caracter\u00edstiques de les llets infantils<\/strong>; saber <strong>com i quan introduir nous aliments<\/strong>; i orientar en els <strong>aven\u00e7os en nutrients funcionals<\/strong> i la <strong>complementaci\u00f3 nutricional<\/strong>.<\/p>\n\n\n\n<p>La <strong>vocal d\u2019Alimentaci\u00f3 i Nutrici\u00f3 del COFB<\/strong> va presentar la formaci\u00f3, a trav\u00e9s de la qual es pret\u00e9n <strong>\u201cacompanyar en els primers anys de vida dels nounats i durant el per\u00edode de creixement, que \u00e9s clau\u201d<\/strong>. Alhora tamb\u00e9 ajudar a resoldre dubtes i situacions que plantegen les mares i els pares a la farm\u00e0cia, va comentar <strong>Bach-Faig.<\/strong><\/p>\n\n\n\n<h2 class=\"wp-block-heading\"><strong>Suport a la lact\u00e0ncia materna des de la farm\u00e0cia comunit\u00e0ria<\/strong><\/h2>\n\n\n\n<p>El primer dia de formaci\u00f3 es va centrar en<strong> com donar suport a la lact\u00e0ncia materna des de la farm\u00e0cia comunit\u00e0ria <\/strong>mitjan\u00e7ant una sessi\u00f3 <strong>teoricopr\u00e0ctica<\/strong>. La llevadora i responsable de la Unitat de la Dona del Centre M\u00e8dic Cl\u00ednicum de Barcelona, <strong>Eugenia Bardina<\/strong>, va iniciar la sessi\u00f3 explicant els <strong>motius pels quals les mares s\u2019extreuen la llet materna<\/strong>, com obtenir-la de <strong>forma manual<\/strong> i de <strong>forma mec\u00e0nica<\/strong>, com emmagatzemar-la i conservar-la correctament i les complicacions que es poden desencadenar de la lact\u00e0ncia.<\/p>\n\n\n\n<figure class=\"wp-block-image size-large is-resized\"><a href=\"https:\/\/blog.cofb.cat\/wp-content\/uploads\/2023\/11\/COFB_Alimentacio-infantil_03112023_3-scaled.jpg\" target=\"_blank\" rel=\"noopener\"><img decoding=\"async\" src=\"https:\/\/blog.cofb.cat\/wp-content\/uploads\/2023\/11\/COFB_Alimentacio-infantil_03112023_3-1024x576.jpg\" alt=\"Eugenia Bardina en un moment de la seva exposici\u00f3 sobre extracci\u00f3 de llet materna.\" class=\"wp-image-67550\" style=\"width:838px;height:471px\" title=\"Eugenia Bardina en un moment de la seva exposici\u00f3 sobre extracci\u00f3 de llet materna.\"\/><\/a><figcaption class=\"wp-element-caption\">Eugenia Bardina en un moment de la seva exposici\u00f3 sobre extracci\u00f3 de llet materna.<\/figcaption><\/figure>\n\n\n\n<p>Seguidament, l\u2019auxiliar d\u2019infermeria, especialista en lact\u00e0ncia i delegada de visita m\u00e8dica de MAM, <strong>Gemma Enrich<\/strong>, va oferir un <strong>taller pr\u00e0ctic<\/strong> de <strong>dispositius d\u2019extracci\u00f3 i complements per a la lact\u00e0ncia materna <\/strong>com els tirallets (manual, el\u00e8ctric o 2 en 1) que, <strong>\u201csegons el moment, \u00e9s m\u00e9s recomanable un o un altre\u201d.<\/strong> <\/p>\n\n\n\n<figure class=\"wp-block-image size-large is-resized\"><a href=\"https:\/\/blog.cofb.cat\/wp-content\/uploads\/2023\/11\/COFB_Alimentacio-infantil_03112023_2-scaled.jpg\" target=\"_blank\" rel=\"noopener\"><img decoding=\"async\" src=\"https:\/\/blog.cofb.cat\/wp-content\/uploads\/2023\/11\/COFB_Alimentacio-infantil_03112023_2-1024x576.jpg\" alt=\" Gemma Enrich oferint el taller pr\u00e0ctic.\" class=\"wp-image-67549\" style=\"width:840px;height:472px\" title=\" Gemma Enrich oferint el taller pr\u00e0ctic.\"\/><\/a><figcaption class=\"wp-element-caption\"> Gemma Enrich oferint el taller pr\u00e0ctic.<\/figcaption><\/figure>\n\n\n\n<p>Enrich va mostrar <strong>les mugroneres i altres productes com: els discs absorbents, envasos de conservaci\u00f3, diferents biberons, tetines i complements per a les llets de f\u00f3rmula.<\/strong><\/p>\n\n\n\n<p>Per tancar la primera sessi\u00f3, la farmac\u00e8utica nutricionista, dietista i coordinadora del grup de treball de lact\u00e0ncia del Col\u00b7legi de Farmac\u00e8utics de Tarragona (COFT), <strong>Roser Olivella<\/strong>, va parlar sobre el <strong>suport durant la lact\u00e0ncia materna que es pot oferir des de la farm\u00e0cia comunit\u00e0ria<\/strong>. Per fer-ho, Olivella va exposar que l\u2019Organitzaci\u00f3 Mundial de la Salut (OMS) <strong>\u201crecomana la lact\u00e0ncia materna exclusiva des del primer dia i fins als sis mesos i, despr\u00e9s, introduir alimentaci\u00f3 complement\u00e0ria a la llet fins als dos anys\u201d<\/strong>. <\/p>\n\n\n\n<figure class=\"wp-block-image size-large\"><a href=\"https:\/\/blog.cofb.cat\/wp-content\/uploads\/2023\/11\/COFB_Alimentacio-infantil_03112023_4-scaled.jpg\" target=\"_blank\" rel=\"noopener\"><img decoding=\"async\" src=\"https:\/\/blog.cofb.cat\/wp-content\/uploads\/2023\/11\/COFB_Alimentacio-infantil_03112023_4-1024x576.jpg\" alt=\" Roser Olivella parlant sobre el suport de la lact\u00e0ncia materna des de la farm\u00e0cia. \" class=\"wp-image-67551\" title=\" Roser Olivella parlant sobre el suport de la lact\u00e0ncia materna des de la farm\u00e0cia. \"\/><\/a><figcaption class=\"wp-element-caption\"> Roser Olivella parlant sobre el suport de la lact\u00e0ncia materna des de la farm\u00e0cia. <\/figcaption><\/figure>\n\n\n\n<p>Tamb\u00e9 va explicar qu\u00e8 \u00e9s la lact\u00e0ncia materna exclusiva, els beneficis per a la mare i el beb\u00e8, l\u2019anatomia de la mama, la fisiologia de l\u2019alletament i la composici\u00f3 de la llet. Per tancar la seva exposici\u00f3, va compartir alguns dels falsos mites entorn la lact\u00e0ncia materna.<\/p>\n\n\n\n<h2 class=\"wp-block-heading\"><strong>Suport a la lact\u00e0ncia amb llet de f\u00f3rmula des de la farm\u00e0cia comunit\u00e0ria<\/strong><\/h2>\n\n\n\n<p>\u201cHi ha mares i fam\u00edlies que,<strong> tot i que volen donar llet materna al beb\u00e8, no poden<\/strong> i tamb\u00e9 hem d\u2019<strong>oferir suport a aquestes fam\u00edlies des de la farm\u00e0cia comunit\u00e0ria<\/strong>\u201d, amb aquestes paraules la responsable d\u2019infermeria de l&#8217;ABS Embarcaciones de Tres Cantos, Madrid i membre de la SEMAP, <strong>Raquel Garc\u00eda-Florez<\/strong>, va comen\u00e7ar la segona sessi\u00f3 de formaci\u00f3. Garc\u00eda-Florez va apuntar que tot i que <strong>l\u2019OMS i UNICEF aconsellen la lact\u00e0ncia materna exclusiva durant els primers sis mesos, no sempre \u00e9s possible<\/strong>. En aquest sentit, va fer refer\u00e8ncia algunes de les <strong>causes maternes (infeccioses per VIH, virus de la leuc\u00e8mia c\u00e8l\u00b7lules T, f\u00e0rmacs i drogues)<\/strong> i les <strong>causes dels nounats (galactos\u00e8mia o d\u00e8ficit cong\u00e8nit de lactasa)<\/strong> per les quals no \u00e9s possible la lact\u00e0ncia materna. Tamb\u00e9 va comentar que pot ser per <strong>\u201cfalta de suport i d\u2019informaci\u00f3 en els primers dies de postpart, per decisi\u00f3 pr\u00f2pia o perqu\u00e8 no s\u2019ha pogut instaurar la lact\u00e0ncia materna de manera efica\u00e7\u201d.<\/strong><\/p>\n\n\n\n<figure class=\"wp-block-image size-large\"><a href=\"https:\/\/blog.cofb.cat\/wp-content\/uploads\/2023\/11\/COFB_Alimentacio-infantil_03112023_5-scaled.jpg\" target=\"_blank\" rel=\"noopener\"><img decoding=\"async\" src=\"https:\/\/blog.cofb.cat\/wp-content\/uploads\/2023\/11\/COFB_Alimentacio-infantil_03112023_5-1024x576.jpg\" alt=\"Raquel Garc\u00eda-Florez en el segon dia de formaci\u00f3 sobre alimentaci\u00f3 infantil. \" class=\"wp-image-67563\" title=\" Raquel Garc\u00eda-Florez en el segon dia de formaci\u00f3 sobre alimentaci\u00f3 infantil. \"\/><\/a><figcaption class=\"wp-element-caption\"> Raquel Garc\u00eda-Florez en el segon dia de formaci\u00f3 sobre alimentaci\u00f3 infantil. <\/figcaption><\/figure>\n\n\n\n<p>Raquel Garc\u00eda-Florez va revelar que <strong>els farmac\u00e8utics comunitaris<\/strong>, com a professionals sanitaris, han <strong>\u201cd\u2019orientar i assessorar els pares en lact\u00e0ncia materna, composici\u00f3 i \u00fas adequat de f\u00f3rmules, aix\u00ed com en preparar el biber\u00f3 i les condicions \u00f2ptimes de conservaci\u00f3\u201d.<\/strong><\/p>\n\n\n\n<p>Pel que fa al <strong>suport a la lact\u00e0ncia amb llets infantils<\/strong>, la doctora en farm\u00e0cia, Scientific Marketing Manager de la l\u00ednia pedi\u00e0trica de Laboratoris Ordesa i professora col\u00b7laboradora de la Universitat Oberta de Catalunya, <strong>Alicia Santamar\u00eda<\/strong>, va especificar les <strong>caracter\u00edstiques que busquem en llets infantils <\/strong>destinades a l\u2019alimentaci\u00f3 del lactant sa per \u201c<strong>aconseguir el correcte desenvolupament i maduraci\u00f3 del lactant, reproduint els efectes beneficiosos de la llet materna, pel que fa a la funci\u00f3 visual i SNC, el sistema digestiu, el creixement i la immunitat<\/strong>\u201d. <\/p>\n\n\n\n<figure class=\"wp-block-image size-large\"><a href=\"https:\/\/blog.cofb.cat\/wp-content\/uploads\/2023\/11\/COFB_Alimentacio-infantil_03112023_6-scaled.jpg\" target=\"_blank\" rel=\"noopener\"><img decoding=\"async\" src=\"https:\/\/blog.cofb.cat\/wp-content\/uploads\/2023\/11\/COFB_Alimentacio-infantil_03112023_6-1024x576.jpg\" alt=\"Alicia Santamar\u00eda durant la seva intervenci\u00f3 sobre el suport a la lact\u00e0ncia amb llets infantils. \" class=\"wp-image-67564\" title=\"Alicia Santamar\u00eda durant la seva intervenci\u00f3 sobre el suport a la lact\u00e0ncia amb llets infantils. \"\/><\/a><figcaption class=\"wp-element-caption\">Alicia Santamar\u00eda durant la seva intervenci\u00f3 sobre el suport a la lact\u00e0ncia amb llets infantils. <\/figcaption><\/figure>\n\n\n\n<p>Durant la seva exposici\u00f3, va profunditzar en la composici\u00f3 i els trets distintius entre la llet materna i les infantils respecte a la composici\u00f3.<\/p>\n\n\n\n<p>En la darrera part de la sessi\u00f3, l\u2019auxiliar d\u2019infermeria i delegada de visita m\u00e8dica de MAM i especialista en lact\u00e0ncia, <strong>Gemma Enrich<\/strong>, va mostrar diferents formats de <strong>biberons<\/strong>, segons \u201cel beb\u00e8 i la necessitat\u201d. En aquesta l\u00ednia, va presentar <strong>biberons convencionals, antic\u00f2lics, de vidre, gots d\u2019aprenentatge<\/strong>, entre d\u2019altres.<\/p>\n\n\n\n<h2 class=\"wp-block-heading\"><strong>Suport a l\u2019alimentaci\u00f3 complement\u00e0ria des de la farm\u00e0cia comunit\u00e0ria<\/strong><\/h2>\n\n\n\n<p>A l\u2019\u00faltim dia de formaci\u00f3 es va abordar com donar suport als pares i mares des de la farm\u00e0cia comunit\u00e0ria, pel que fa a l\u2019alimentaci\u00f3 complement\u00e0ria. La catedr\u00e0tica de pediatria de la Universidad de Santiago de Compostela i coordinadora del comit\u00e8 de Nutrici\u00f3 i Lact\u00e0ncia Materna de l\u2019Asociaci\u00f3n Espa\u00f1ola de Pediatr\u00eda, <strong>Rosaura Leia<\/strong>, va compartir quina \u00e9s la situaci\u00f3 actual de l&#8217;alimentaci\u00f3 complement\u00e0ria i les recomanacions nutricionals als primers anys de vida (0-3 anys). <\/p>\n\n\n\n<figure class=\"wp-block-image size-large\"><a href=\"https:\/\/blog.cofb.cat\/wp-content\/uploads\/2023\/11\/COFB_Alimentacio-infantil_03112023_8-scaled.jpg\" target=\"_blank\" rel=\"noopener\"><img decoding=\"async\" src=\"https:\/\/blog.cofb.cat\/wp-content\/uploads\/2023\/11\/COFB_Alimentacio-infantil_03112023_8-1024x576.jpg\" alt=\" Rosaura Leia de pediatria en un moment de la seva exposici\u00f3. \" class=\"wp-image-67569\" title=\" Rosaura Leia de pediatria en un moment de la seva exposici\u00f3. \"\/><\/a><figcaption class=\"wp-element-caption\"> Rosaura Leia de pediatria en un moment de la seva exposici\u00f3. <\/figcaption><\/figure>\n\n\n\n<p>Leia va assegurar que <strong>\u201ctot s\u2019inicia en els primers anys de vida i, en aquests moments, l\u2019obesitat \u00e9s la gran pand\u00e8mia\u201d<\/strong>; en relaci\u00f3 amb aix\u00f2, va dir que \u201cels canvis que porten a l\u2019obesitat i malalties metab\u00f2liques de l\u2019adult tenen, majorit\u00e0riament, <strong>el seu origen en per\u00edodes cr\u00edtics del creixement i desenvolupament: embar\u00e0s, inf\u00e0ncia i adolesc\u00e8ncia\u201d<\/strong>. Per aix\u00f2, va indicar que <strong>l\u2019alimentaci\u00f3, en el primer any de vida, \u201cha de satisfer les demandes metab\u00f2liques i de creixement\u201d.<\/strong><\/p>\n\n\n\n<p>En segon lloc, va intervenir la dietista i nutricionista, psicopedagoga i llicenciada en ci\u00e8ncia i tecnologia dels aliments, <strong>Merc\u00e8 Gonzalo<\/strong>, que va exposar les <strong>diferents eines educatives per afavorir una alimentaci\u00f3 equilibrada<\/strong>. <\/p>\n\n\n\n<figure class=\"wp-block-image size-large\"><a href=\"https:\/\/blog.cofb.cat\/wp-content\/uploads\/2023\/11\/COFB_Alimentacio-infantil_03112023_9.jpg\" target=\"_blank\" rel=\"noopener\"><img decoding=\"async\" src=\"https:\/\/blog.cofb.cat\/wp-content\/uploads\/2023\/11\/COFB_Alimentacio-infantil_03112023_9-1024x576.jpg\" alt=\" Merc\u00e8 Gonzalo presentant la seva part formativa sobre les eines educatives per afavorir l'alimentaci\u00f3 infantil equilibrada. \" class=\"wp-image-67570\" title=\" Merc\u00e8 Gonzalo presentant la seva part formativa sobre les eines educatives per afavorir l'alimentaci\u00f3 infantil equilibrada. \"\/><\/a><figcaption class=\"wp-element-caption\"> Merc\u00e8 Gonzalo presentant la seva part formativa sobre les eines educatives per afavorir l&#8217;alimentaci\u00f3 infantil equilibrada. <\/figcaption><\/figure>\n\n\n\n<p>Per fer-ho, va fer refer\u00e8ncia a les <strong>diferents casu\u00edstiques en qu\u00e8 es troben els pares, les eines que hi ha a l\u2019abast i els factors que influeixen en les eleccions aliment\u00e0ries<\/strong> (biol\u00f2gics, psicol\u00f2gics, socials, educatius, econ\u00f2mics, f\u00edsics o culturals).<\/p>\n\n\n\n<figure class=\"wp-block-image size-large\"><a href=\"https:\/\/blog.cofb.cat\/wp-content\/uploads\/2023\/11\/COFB_Alimentacio-infantil_03112023_10-scaled.jpg\" target=\"_blank\" rel=\"noopener\"><img decoding=\"async\" src=\"https:\/\/blog.cofb.cat\/wp-content\/uploads\/2023\/11\/COFB_Alimentacio-infantil_03112023_10-1024x576.jpg\" alt=\"Diego Sarasketa en la darrera sessi\u00f3 de formaci\u00f3 en alimentaci\u00f3 infantil. \" class=\"wp-image-67571\" title=\"Diego Sarasketa en la darrera sessi\u00f3 de formaci\u00f3 en alimentaci\u00f3 infantil. \"\/><\/a><figcaption class=\"wp-element-caption\">Diego Sarasketa en la darrera sessi\u00f3 de formaci\u00f3 en alimentaci\u00f3 infantil. <\/figcaption><\/figure>\n\n\n\n<p>Finalment, el farmac\u00e8utic comunitari, <strong>Diego Sarasketa<\/strong>, va abordar els <strong>complements alimentaris en la inf\u00e0ncia,<\/strong> que es poden trobar a la farm\u00e0cia, pel que fa als <strong>aliments simbi\u00f2tics<\/strong> (prebi\u00f2tics i probi\u00f2tics), <strong>segons la patologia<\/strong>, per a la <strong>immunitat o per a la conciliaci\u00f3 del son o l\u2019insomni<\/strong>.<\/p>\n\n\n\n<p class=\"has-text-align-right\"><strong>Amb el patrocini de:<\/strong><\/p>\n\n\n\n<div class=\"wp-block-columns is-layout-flex wp-container-core-columns-is-layout-28f84493 wp-block-columns-is-layout-flex\">\n<div class=\"wp-block-column is-layout-flow wp-block-column-is-layout-flow\" style=\"flex-basis:25%\"><\/div>\n\n\n\n<div class=\"wp-block-column is-layout-flow wp-block-column-is-layout-flow\" style=\"flex-basis:50%\">\n<figure class=\"wp-block-image alignright size-large is-resized\"><a href=\"https:\/\/www.ordesalab.com\/\" target=\"_blank\" rel=\"noopener\"><img decoding=\"async\" src=\"https:\/\/blog.cofb.cat\/wp-content\/uploads\/2023\/11\/ORDESA_POLLET_80anys_2023_logo_transparent-1024x356.png\" alt=\"\" class=\"wp-image-67538\" style=\"width:196px;height:68px\"\/><\/a><\/figure>\n<\/div>\n\n\n\n<div class=\"wp-block-column is-layout-flow wp-block-column-is-layout-flow\" style=\"flex-basis:25%\">\n<figure class=\"wp-block-image aligncenter size-large is-resized\"><a href=\"https:\/\/www.mambaby.com\/es-us\" target=\"_blank\" rel=\"noopener\"><img decoding=\"async\" src=\"https:\/\/blog.cofb.cat\/wp-content\/uploads\/2023\/11\/MAM_fons-transparent-1024x1024.png\" alt=\"\" class=\"wp-image-67539\" style=\"width:82px;height:82px\"\/><\/a><\/figure>\n<\/div>\n<\/div>\n\n\n\n<p><strong>Altres publicacions d\u2019inter\u00e8s:<\/strong><\/p>\n\n\n\n<ul class=\"wp-block-list\">\n<li><a href=\"https:\/\/blog.cofb.cat\/blog\/2023\/07\/19\/farmaserveis-incorpora-un-nou-servei-de-consell-professional-en-lactancia-materna-alletafarma\/\" target=\"_blank\" rel=\"noreferrer noopener\">Farmaserveis incorpora un nou servei de consell professional en lact\u00e0ncia materna: Alletafarma (Juliol 2023)<\/a><\/li>\n\n\n\n<li><a href=\"https:\/\/blog.cofb.cat\/blog\/2018\/03\/13\/ciencia-i-evidencia-dels-probiotics-en-la-infancia\/\" target=\"_blank\" rel=\"noreferrer noopener\">Ci\u00e8ncia i evid\u00e8ncia dels probi\u00f2tics en la inf\u00e0ncia (Mar\u00e7 2018)<\/a><\/li>\n\n\n\n<li><a href=\"https:\/\/blog.cofb.cat\/blog\/2015\/12\/09\/agora-sanitaria-formacio-per-ajudar-a-reduir-labandonament-precoc-de-la-lactancia-materna-a-causa-del-dolor-i-la-mastitis\/\" target=\"_blank\" rel=\"noreferrer noopener\">\u00c0gora Sanit\u00e0ria: formaci\u00f3 per ajudar a reduir l\u2019abandonament preco\u00e7 de la lact\u00e0ncia materna a causa del dolor i la mastitis (Desembre 2015)<\/a><\/li>\n<\/ul>\n\n\n\n<p><\/p>\n","protected":false},"excerpt":{"rendered":"<p>El Col\u00b7legi de Farmac\u00e8utics de Barcelona (COFB) va organitzar la formaci\u00f3 \u201cAcompanyament en l\u2019alimentaci\u00f3 infantil: lact\u00e0ncia materna, llets infantils i alimentaci\u00f3 complement\u00e0ria\u201d amb el patrocini de Laboratorios Ordesa i MAM. La formaci\u00f3, que va tenir lloc els dies 16, 18 i 23 d\u2019octubre, es va adre\u00e7ar a farmac\u00e8utics\/ques comunitaris, t\u00e8cnic\/ques [&hellip;]<\/p>\n","protected":false},"author":1,"featured_media":70072,"comment_status":"open","ping_status":"open","sticky":false,"template":"","format":"standard","meta":{"_uag_custom_page_level_css":"","site-sidebar-layout":"default","site-content-layout":"","ast-site-content-layout":"default","site-content-style":"default","site-sidebar-style":"default","ast-global-header-display":"","ast-banner-title-visibility":"","ast-main-header-display":"","ast-hfb-above-header-display":"","ast-hfb-below-header-display":"","ast-hfb-mobile-header-display":"","site-post-title":"","ast-breadcrumbs-content":"","ast-featured-img":"disabled","footer-sml-layout":"","theme-transparent-header-meta":"","adv-header-id-meta":"","stick-header-meta":"","header-above-stick-meta":"","header-main-stick-meta":"","header-below-stick-meta":"","astra-migrate-meta-layouts":"set","ast-page-background-enabled":"default","ast-page-background-meta":{"desktop":{"background-color":"var(--ast-global-color-4)","background-image":"","background-repeat":"repeat","background-position":"center center","background-size":"auto","background-attachment":"scroll","background-type":"","background-media":"","overlay-type":"","overlay-color":"","overlay-opacity":"","overlay-gradient":""},"tablet":{"background-color":"","background-image":"","background-repeat":"repeat","background-position":"center center","background-size":"auto","background-attachment":"scroll","background-type":"","background-media":"","overlay-type":"","overlay-color":"","overlay-opacity":"","overlay-gradient":""},"mobile":{"background-color":"","background-image":"","background-repeat":"repeat","background-position":"center center","background-size":"auto","background-attachment":"scroll","background-type":"","background-media":"","overlay-type":"","overlay-color":"","overlay-opacity":"","overlay-gradient":""}},"ast-content-background-meta":{"desktop":{"background-color":"var(--ast-global-color-5)","background-image":"","background-repeat":"repeat","background-position":"center center","background-size":"auto","background-attachment":"scroll","background-type":"","background-media":"","overlay-type":"","overlay-color":"","overlay-opacity":"","overlay-gradient":""},"tablet":{"background-color":"var(--ast-global-color-5)","background-image":"","background-repeat":"repeat","background-position":"center center","background-size":"auto","background-attachment":"scroll","background-type":"","background-media":"","overlay-type":"","overlay-color":"","overlay-opacity":"","overlay-gradient":""},"mobile":{"background-color":"var(--ast-global-color-5)","background-image":"","background-repeat":"repeat","background-position":"center center","background-size":"auto","background-attachment":"scroll","background-type":"","background-media":"","overlay-type":"","overlay-color":"","overlay-opacity":"","overlay-gradient":""}},"footnotes":""},"categories":[23,57],"tags":[4799,36,3312,2967,560,64,18,19,3194,53,68,69,70,607,351,3930,4800,4801,2968,2969,76,4802,3364],"class_list":["post-70054","post","type-post","status-publish","format-standard","has-post-thumbnail","hentry","category-destacats","category-mon-collegial","tag-acompanyament-nutricional","tag-alimentacio","tag-alimentacio-equilibrada","tag-alimentacio-infantil","tag-alimentacio-saludable","tag-atencio-farmaceutica","tag-cofb","tag-collegi-de-farmaceutics-de-barcelona","tag-complements-alimentaris","tag-farmaceutics","tag-farmacia","tag-farmacia-comunitaria","tag-formacio","tag-infancia","tag-lactancia","tag-lactancia-materna","tag-lactant","tag-llet-de-formula","tag-llet-infantil","tag-llet-materna","tag-oficina-de-farmacia","tag-suport","tag-vocal-dalimentacio-i-nutricio-del-cofb"],"yoast_head":"<!-- This site is optimized with the Yoast SEO plugin v22.4 - https:\/\/yoast.com\/wordpress\/plugins\/seo\/ -->\n<title>Acompanyament en l\u2019alimentaci\u00f3 infantil des de la farm\u00e0cia comunit\u00e0ria - Col\u00b7legi de Farmac\u00e8utics de Barcelona<\/title>\n<meta name=\"description\" content=\"El COFB va organitzar la formaci\u00f3 \u201cAcompanyament en l\u2019alimentaci\u00f3 infantil: lact\u00e0ncia materna, llets infantils i alimentaci\u00f3 complement\u00e0ria\u201d.\" \/>\n<meta name=\"robots\" content=\"index, follow, max-snippet:-1, max-image-preview:large, max-video-preview:-1\" \/>\n<link rel=\"canonical\" href=\"https:\/\/novaorg.cofb.net\/2023\/11\/06\/acompanyament-en-lalimentacio-infantil-des-de-la-farmacia-comunitaria\/\" \/>\n<meta property=\"og:locale\" content=\"ca_ES\" \/>\n<meta property=\"og:type\" content=\"article\" \/>\n<meta property=\"og:title\" content=\"Acompanyament en l\u2019alimentaci\u00f3 infantil des de la farm\u00e0cia comunit\u00e0ria - Col\u00b7legi de Farmac\u00e8utics de Barcelona\" \/>\n<meta property=\"og:description\" content=\"El COFB va organitzar la formaci\u00f3 \u201cAcompanyament en l\u2019alimentaci\u00f3 infantil: lact\u00e0ncia materna, llets infantils i alimentaci\u00f3 complement\u00e0ria\u201d.\" \/>\n<meta property=\"og:url\" content=\"https:\/\/novaorg.cofb.net\/2023\/11\/06\/acompanyament-en-lalimentacio-infantil-des-de-la-farmacia-comunitaria\/\" \/>\n<meta property=\"og:site_name\" content=\"Col\u00b7legi de Farmac\u00e8utics de Barcelona\" \/>\n<meta property=\"article:publisher\" content=\"https:\/\/www.facebook.com\/farmaceuticsbcn\/\" \/>\n<meta property=\"article:published_time\" content=\"2023-11-06T13:47:02+00:00\" \/>\n<meta property=\"article:modified_time\" content=\"2023-11-29T12:01:52+00:00\" \/>\n<meta property=\"og:image\" content=\"https:\/\/novaorg.cofb.net\/wp-content\/uploads\/2023\/11\/COFB_Alimentacio-infantil_03112023_1-1024x556-1.jpg\" \/>\n\t<meta property=\"og:image:width\" content=\"1024\" \/>\n\t<meta property=\"og:image:height\" content=\"556\" \/>\n\t<meta property=\"og:image:type\" content=\"image\/jpeg\" \/>\n<meta name=\"author\" content=\"wpAdminCofbOrg\" \/>\n<meta name=\"twitter:card\" content=\"summary_large_image\" \/>\n<meta name=\"twitter:creator\" content=\"@farmaceuticsbcn\" \/>\n<meta name=\"twitter:site\" content=\"@farmaceuticsbcn\" \/>\n<meta name=\"twitter:label1\" content=\"Escrit per\" \/>\n\t<meta name=\"twitter:data1\" content=\"wpAdminCofbOrg\" \/>\n\t<meta name=\"twitter:label2\" content=\"Temps estimat de lectura\" \/>\n\t<meta name=\"twitter:data2\" content=\"8 minuts\" \/>\n<script type=\"application\/ld+json\" class=\"yoast-schema-graph\">{\"@context\":\"https:\/\/schema.org\",\"@graph\":[{\"@type\":\"Article\",\"@id\":\"https:\/\/novaorg.cofb.net\/2023\/11\/06\/acompanyament-en-lalimentacio-infantil-des-de-la-farmacia-comunitaria\/#article\",\"isPartOf\":{\"@id\":\"https:\/\/novaorg.cofb.net\/2023\/11\/06\/acompanyament-en-lalimentacio-infantil-des-de-la-farmacia-comunitaria\/\"},\"author\":{\"name\":\"wpAdminCofbOrg\",\"@id\":\"https:\/\/www.cofb.org\/#\/schema\/person\/22ed7eea88da74b0fa4d3154ad87ffcb\"},\"headline\":\"Acompanyament en l\u2019alimentaci\u00f3 infantil des de la farm\u00e0cia comunit\u00e0ria\",\"datePublished\":\"2023-11-06T13:47:02+00:00\",\"dateModified\":\"2023-11-29T12:01:52+00:00\",\"mainEntityOfPage\":{\"@id\":\"https:\/\/novaorg.cofb.net\/2023\/11\/06\/acompanyament-en-lalimentacio-infantil-des-de-la-farmacia-comunitaria\/\"},\"wordCount\":1492,\"commentCount\":0,\"publisher\":{\"@id\":\"https:\/\/www.cofb.org\/#organization\"},\"image\":{\"@id\":\"https:\/\/novaorg.cofb.net\/2023\/11\/06\/acompanyament-en-lalimentacio-infantil-des-de-la-farmacia-comunitaria\/#primaryimage\"},\"thumbnailUrl\":\"https:\/\/www.cofb.org\/wp-content\/uploads\/2023\/11\/COFB_Alimentacio-infantil_03112023_1-1024x556-1.jpg\",\"keywords\":[\"acompanyament nutricional\",\"alimentaci\u00f3\",\"alimentaci\u00f3 equilibrada\",\"alimentaci\u00f3 infantil\",\"alimentaci\u00f3 saludable\",\"Atenci\u00f3 farmac\u00e8utica\",\"COFB\",\"Col\u00b7legi de Farmac\u00e8utics de Barcelona\",\"complements alimentaris\",\"farmac\u00e8utics\",\"Farm\u00e0cia\",\"farm\u00e0cia comunit\u00e0ria\",\"Formaci\u00f3\",\"inf\u00e0ncia\",\"lact\u00e0ncia\",\"lact\u00e0ncia materna\",\"lactant\",\"llet de f\u00f3rmula\",\"llet infantil\",\"llet materna\",\"Oficina de farm\u00e0cia\",\"suport\",\"Vocal d'Alimentaci\u00f3 i Nutrici\u00f3 del COFB\"],\"articleSection\":[\"Destacats\",\"M\u00f3n col\u00b7legial\"],\"inLanguage\":\"ca\",\"potentialAction\":[{\"@type\":\"CommentAction\",\"name\":\"Comment\",\"target\":[\"https:\/\/novaorg.cofb.net\/2023\/11\/06\/acompanyament-en-lalimentacio-infantil-des-de-la-farmacia-comunitaria\/#respond\"]}]},{\"@type\":\"WebPage\",\"@id\":\"https:\/\/novaorg.cofb.net\/2023\/11\/06\/acompanyament-en-lalimentacio-infantil-des-de-la-farmacia-comunitaria\/\",\"url\":\"https:\/\/novaorg.cofb.net\/2023\/11\/06\/acompanyament-en-lalimentacio-infantil-des-de-la-farmacia-comunitaria\/\",\"name\":\"Acompanyament en l\u2019alimentaci\u00f3 infantil des de la farm\u00e0cia comunit\u00e0ria - Col\u00b7legi de Farmac\u00e8utics de Barcelona\",\"isPartOf\":{\"@id\":\"https:\/\/www.cofb.org\/#website\"},\"primaryImageOfPage\":{\"@id\":\"https:\/\/novaorg.cofb.net\/2023\/11\/06\/acompanyament-en-lalimentacio-infantil-des-de-la-farmacia-comunitaria\/#primaryimage\"},\"image\":{\"@id\":\"https:\/\/novaorg.cofb.net\/2023\/11\/06\/acompanyament-en-lalimentacio-infantil-des-de-la-farmacia-comunitaria\/#primaryimage\"},\"thumbnailUrl\":\"https:\/\/www.cofb.org\/wp-content\/uploads\/2023\/11\/COFB_Alimentacio-infantil_03112023_1-1024x556-1.jpg\",\"datePublished\":\"2023-11-06T13:47:02+00:00\",\"dateModified\":\"2023-11-29T12:01:52+00:00\",\"description\":\"El COFB va organitzar la formaci\u00f3 \u201cAcompanyament en l\u2019alimentaci\u00f3 infantil: lact\u00e0ncia materna, llets infantils i alimentaci\u00f3 complement\u00e0ria\u201d.\",\"breadcrumb\":{\"@id\":\"https:\/\/novaorg.cofb.net\/2023\/11\/06\/acompanyament-en-lalimentacio-infantil-des-de-la-farmacia-comunitaria\/#breadcrumb\"},\"inLanguage\":\"ca\",\"potentialAction\":[{\"@type\":\"ReadAction\",\"target\":[\"https:\/\/novaorg.cofb.net\/2023\/11\/06\/acompanyament-en-lalimentacio-infantil-des-de-la-farmacia-comunitaria\/\"]}]},{\"@type\":\"ImageObject\",\"inLanguage\":\"ca\",\"@id\":\"https:\/\/novaorg.cofb.net\/2023\/11\/06\/acompanyament-en-lalimentacio-infantil-des-de-la-farmacia-comunitaria\/#primaryimage\",\"url\":\"https:\/\/www.cofb.org\/wp-content\/uploads\/2023\/11\/COFB_Alimentacio-infantil_03112023_1-1024x556-1.jpg\",\"contentUrl\":\"https:\/\/www.cofb.org\/wp-content\/uploads\/2023\/11\/COFB_Alimentacio-infantil_03112023_1-1024x556-1.jpg\",\"width\":1024,\"height\":556},{\"@type\":\"BreadcrumbList\",\"@id\":\"https:\/\/novaorg.cofb.net\/2023\/11\/06\/acompanyament-en-lalimentacio-infantil-des-de-la-farmacia-comunitaria\/#breadcrumb\",\"itemListElement\":[{\"@type\":\"ListItem\",\"position\":1,\"name\":\"Inici\",\"item\":\"https:\/\/novaorg.cofb.net\/\"},{\"@type\":\"ListItem\",\"position\":2,\"name\":\"Acompanyament en l\u2019alimentaci\u00f3 infantil des de la farm\u00e0cia comunit\u00e0ria\"}]},{\"@type\":\"WebSite\",\"@id\":\"https:\/\/www.cofb.org\/#website\",\"url\":\"https:\/\/www.cofb.org\/\",\"name\":\"Col\u00b7legi de Farmac\u00e8utics de Barcelona\",\"description\":\"\",\"publisher\":{\"@id\":\"https:\/\/www.cofb.org\/#organization\"},\"potentialAction\":[{\"@type\":\"SearchAction\",\"target\":{\"@type\":\"EntryPoint\",\"urlTemplate\":\"https:\/\/www.cofb.org\/?s={search_term_string}\"},\"query-input\":\"required name=search_term_string\"}],\"inLanguage\":\"ca\"},{\"@type\":\"Organization\",\"@id\":\"https:\/\/www.cofb.org\/#organization\",\"name\":\"Col\u00b7legi de Farmac\u00e8utics de Barcelona\",\"url\":\"https:\/\/www.cofb.org\/\",\"logo\":{\"@type\":\"ImageObject\",\"inLanguage\":\"ca\",\"@id\":\"https:\/\/www.cofb.org\/#\/schema\/logo\/image\/\",\"url\":\"https:\/\/www.cofb.org\/wp-content\/uploads\/2023\/11\/cropped-Logotip-COFB.png\",\"contentUrl\":\"https:\/\/www.cofb.org\/wp-content\/uploads\/2023\/11\/cropped-Logotip-COFB.png\",\"width\":500,\"height\":105,\"caption\":\"Col\u00b7legi de Farmac\u00e8utics de Barcelona\"},\"image\":{\"@id\":\"https:\/\/www.cofb.org\/#\/schema\/logo\/image\/\"},\"sameAs\":[\"https:\/\/www.facebook.com\/farmaceuticsbcn\/\",\"https:\/\/twitter.com\/farmaceuticsbcn\",\"https:\/\/www.instagram.com\/farmaceuticsbcn\/\",\"https:\/\/www.linkedin.com\/company\/farmaceuticsbcn\/\"]},{\"@type\":\"Person\",\"@id\":\"https:\/\/www.cofb.org\/#\/schema\/person\/22ed7eea88da74b0fa4d3154ad87ffcb\",\"name\":\"wpAdminCofbOrg\",\"image\":{\"@type\":\"ImageObject\",\"inLanguage\":\"ca\",\"@id\":\"https:\/\/www.cofb.org\/#\/schema\/person\/image\/\",\"url\":\"https:\/\/secure.gravatar.com\/avatar\/1721b20b3b8ca882c3b56ec6c978c594fff670e40c0718e9190eaeeb76aae7d8?s=96&d=mm&r=g\",\"contentUrl\":\"https:\/\/secure.gravatar.com\/avatar\/1721b20b3b8ca882c3b56ec6c978c594fff670e40c0718e9190eaeeb76aae7d8?s=96&d=mm&r=g\",\"caption\":\"wpAdminCofbOrg\"},\"sameAs\":[\"http:\/\/192.168.64.122\/wordpress\"],\"url\":\"https:\/\/www.cofb.org\/ca\/author\/wpadmincofborg\/\"}]}<\/script>\n<!-- \/ Yoast SEO plugin. -->","yoast_head_json":{"title":"Acompanyament en l\u2019alimentaci\u00f3 infantil des de la farm\u00e0cia comunit\u00e0ria - Col\u00b7legi de Farmac\u00e8utics de Barcelona","description":"El COFB va organitzar la formaci\u00f3 \u201cAcompanyament en l\u2019alimentaci\u00f3 infantil: lact\u00e0ncia materna, llets infantils i alimentaci\u00f3 complement\u00e0ria\u201d.","robots":{"index":"index","follow":"follow","max-snippet":"max-snippet:-1","max-image-preview":"max-image-preview:large","max-video-preview":"max-video-preview:-1"},"canonical":"https:\/\/novaorg.cofb.net\/2023\/11\/06\/acompanyament-en-lalimentacio-infantil-des-de-la-farmacia-comunitaria\/","og_locale":"ca_ES","og_type":"article","og_title":"Acompanyament en l\u2019alimentaci\u00f3 infantil des de la farm\u00e0cia comunit\u00e0ria - Col\u00b7legi de Farmac\u00e8utics de Barcelona","og_description":"El COFB va organitzar la formaci\u00f3 \u201cAcompanyament en l\u2019alimentaci\u00f3 infantil: lact\u00e0ncia materna, llets infantils i alimentaci\u00f3 complement\u00e0ria\u201d.","og_url":"https:\/\/novaorg.cofb.net\/2023\/11\/06\/acompanyament-en-lalimentacio-infantil-des-de-la-farmacia-comunitaria\/","og_site_name":"Col\u00b7legi de Farmac\u00e8utics de Barcelona","article_publisher":"https:\/\/www.facebook.com\/farmaceuticsbcn\/","article_published_time":"2023-11-06T13:47:02+00:00","article_modified_time":"2023-11-29T12:01:52+00:00","og_image":[{"width":1024,"height":556,"url":"https:\/\/novaorg.cofb.net\/wp-content\/uploads\/2023\/11\/COFB_Alimentacio-infantil_03112023_1-1024x556-1.jpg","type":"image\/jpeg"}],"author":"wpAdminCofbOrg","twitter_card":"summary_large_image","twitter_creator":"@farmaceuticsbcn","twitter_site":"@farmaceuticsbcn","twitter_misc":{"Escrit per":"wpAdminCofbOrg","Temps estimat de lectura":"8 minuts"},"schema":{"@context":"https:\/\/schema.org","@graph":[{"@type":"Article","@id":"https:\/\/novaorg.cofb.net\/2023\/11\/06\/acompanyament-en-lalimentacio-infantil-des-de-la-farmacia-comunitaria\/#article","isPartOf":{"@id":"https:\/\/novaorg.cofb.net\/2023\/11\/06\/acompanyament-en-lalimentacio-infantil-des-de-la-farmacia-comunitaria\/"},"author":{"name":"wpAdminCofbOrg","@id":"https:\/\/www.cofb.org\/#\/schema\/person\/22ed7eea88da74b0fa4d3154ad87ffcb"},"headline":"Acompanyament en l\u2019alimentaci\u00f3 infantil des de la farm\u00e0cia comunit\u00e0ria","datePublished":"2023-11-06T13:47:02+00:00","dateModified":"2023-11-29T12:01:52+00:00","mainEntityOfPage":{"@id":"https:\/\/novaorg.cofb.net\/2023\/11\/06\/acompanyament-en-lalimentacio-infantil-des-de-la-farmacia-comunitaria\/"},"wordCount":1492,"commentCount":0,"publisher":{"@id":"https:\/\/www.cofb.org\/#organization"},"image":{"@id":"https:\/\/novaorg.cofb.net\/2023\/11\/06\/acompanyament-en-lalimentacio-infantil-des-de-la-farmacia-comunitaria\/#primaryimage"},"thumbnailUrl":"https:\/\/www.cofb.org\/wp-content\/uploads\/2023\/11\/COFB_Alimentacio-infantil_03112023_1-1024x556-1.jpg","keywords":["acompanyament nutricional","alimentaci\u00f3","alimentaci\u00f3 equilibrada","alimentaci\u00f3 infantil","alimentaci\u00f3 saludable","Atenci\u00f3 farmac\u00e8utica","COFB","Col\u00b7legi de Farmac\u00e8utics de Barcelona","complements alimentaris","farmac\u00e8utics","Farm\u00e0cia","farm\u00e0cia comunit\u00e0ria","Formaci\u00f3","inf\u00e0ncia","lact\u00e0ncia","lact\u00e0ncia materna","lactant","llet de f\u00f3rmula","llet infantil","llet materna","Oficina de farm\u00e0cia","suport","Vocal d'Alimentaci\u00f3 i Nutrici\u00f3 del COFB"],"articleSection":["Destacats","M\u00f3n col\u00b7legial"],"inLanguage":"ca","potentialAction":[{"@type":"CommentAction","name":"Comment","target":["https:\/\/novaorg.cofb.net\/2023\/11\/06\/acompanyament-en-lalimentacio-infantil-des-de-la-farmacia-comunitaria\/#respond"]}]},{"@type":"WebPage","@id":"https:\/\/novaorg.cofb.net\/2023\/11\/06\/acompanyament-en-lalimentacio-infantil-des-de-la-farmacia-comunitaria\/","url":"https:\/\/novaorg.cofb.net\/2023\/11\/06\/acompanyament-en-lalimentacio-infantil-des-de-la-farmacia-comunitaria\/","name":"Acompanyament en l\u2019alimentaci\u00f3 infantil des de la farm\u00e0cia comunit\u00e0ria - Col\u00b7legi de Farmac\u00e8utics de Barcelona","isPartOf":{"@id":"https:\/\/www.cofb.org\/#website"},"primaryImageOfPage":{"@id":"https:\/\/novaorg.cofb.net\/2023\/11\/06\/acompanyament-en-lalimentacio-infantil-des-de-la-farmacia-comunitaria\/#primaryimage"},"image":{"@id":"https:\/\/novaorg.cofb.net\/2023\/11\/06\/acompanyament-en-lalimentacio-infantil-des-de-la-farmacia-comunitaria\/#primaryimage"},"thumbnailUrl":"https:\/\/www.cofb.org\/wp-content\/uploads\/2023\/11\/COFB_Alimentacio-infantil_03112023_1-1024x556-1.jpg","datePublished":"2023-11-06T13:47:02+00:00","dateModified":"2023-11-29T12:01:52+00:00","description":"El COFB va organitzar la formaci\u00f3 \u201cAcompanyament en l\u2019alimentaci\u00f3 infantil: lact\u00e0ncia materna, llets infantils i alimentaci\u00f3 complement\u00e0ria\u201d.","breadcrumb":{"@id":"https:\/\/novaorg.cofb.net\/2023\/11\/06\/acompanyament-en-lalimentacio-infantil-des-de-la-farmacia-comunitaria\/#breadcrumb"},"inLanguage":"ca","potentialAction":[{"@type":"ReadAction","target":["https:\/\/novaorg.cofb.net\/2023\/11\/06\/acompanyament-en-lalimentacio-infantil-des-de-la-farmacia-comunitaria\/"]}]},{"@type":"ImageObject","inLanguage":"ca","@id":"https:\/\/novaorg.cofb.net\/2023\/11\/06\/acompanyament-en-lalimentacio-infantil-des-de-la-farmacia-comunitaria\/#primaryimage","url":"https:\/\/www.cofb.org\/wp-content\/uploads\/2023\/11\/COFB_Alimentacio-infantil_03112023_1-1024x556-1.jpg","contentUrl":"https:\/\/www.cofb.org\/wp-content\/uploads\/2023\/11\/COFB_Alimentacio-infantil_03112023_1-1024x556-1.jpg","width":1024,"height":556},{"@type":"BreadcrumbList","@id":"https:\/\/novaorg.cofb.net\/2023\/11\/06\/acompanyament-en-lalimentacio-infantil-des-de-la-farmacia-comunitaria\/#breadcrumb","itemListElement":[{"@type":"ListItem","position":1,"name":"Inici","item":"https:\/\/novaorg.cofb.net\/"},{"@type":"ListItem","position":2,"name":"Acompanyament en l\u2019alimentaci\u00f3 infantil des de la farm\u00e0cia comunit\u00e0ria"}]},{"@type":"WebSite","@id":"https:\/\/www.cofb.org\/#website","url":"https:\/\/www.cofb.org\/","name":"Col\u00b7legi de Farmac\u00e8utics de Barcelona","description":"","publisher":{"@id":"https:\/\/www.cofb.org\/#organization"},"potentialAction":[{"@type":"SearchAction","target":{"@type":"EntryPoint","urlTemplate":"https:\/\/www.cofb.org\/?s={search_term_string}"},"query-input":"required name=search_term_string"}],"inLanguage":"ca"},{"@type":"Organization","@id":"https:\/\/www.cofb.org\/#organization","name":"Col\u00b7legi de Farmac\u00e8utics de Barcelona","url":"https:\/\/www.cofb.org\/","logo":{"@type":"ImageObject","inLanguage":"ca","@id":"https:\/\/www.cofb.org\/#\/schema\/logo\/image\/","url":"https:\/\/www.cofb.org\/wp-content\/uploads\/2023\/11\/cropped-Logotip-COFB.png","contentUrl":"https:\/\/www.cofb.org\/wp-content\/uploads\/2023\/11\/cropped-Logotip-COFB.png","width":500,"height":105,"caption":"Col\u00b7legi de Farmac\u00e8utics de Barcelona"},"image":{"@id":"https:\/\/www.cofb.org\/#\/schema\/logo\/image\/"},"sameAs":["https:\/\/www.facebook.com\/farmaceuticsbcn\/","https:\/\/twitter.com\/farmaceuticsbcn","https:\/\/www.instagram.com\/farmaceuticsbcn\/","https:\/\/www.linkedin.com\/company\/farmaceuticsbcn\/"]},{"@type":"Person","@id":"https:\/\/www.cofb.org\/#\/schema\/person\/22ed7eea88da74b0fa4d3154ad87ffcb","name":"wpAdminCofbOrg","image":{"@type":"ImageObject","inLanguage":"ca","@id":"https:\/\/www.cofb.org\/#\/schema\/person\/image\/","url":"https:\/\/secure.gravatar.com\/avatar\/1721b20b3b8ca882c3b56ec6c978c594fff670e40c0718e9190eaeeb76aae7d8?s=96&d=mm&r=g","contentUrl":"https:\/\/secure.gravatar.com\/avatar\/1721b20b3b8ca882c3b56ec6c978c594fff670e40c0718e9190eaeeb76aae7d8?s=96&d=mm&r=g","caption":"wpAdminCofbOrg"},"sameAs":["http:\/\/192.168.64.122\/wordpress"],"url":"https:\/\/www.cofb.org\/ca\/author\/wpadmincofborg\/"}]}},"uagb_featured_image_src":{"full":["https:\/\/www.cofb.org\/wp-content\/uploads\/2023\/11\/COFB_Alimentacio-infantil_03112023_1-1024x556-1.jpg",1024,556,false],"thumbnail":["https:\/\/www.cofb.org\/wp-content\/uploads\/2023\/11\/COFB_Alimentacio-infantil_03112023_1-1024x556-1-150x150.jpg",150,150,true],"medium":["https:\/\/www.cofb.org\/wp-content\/uploads\/2023\/11\/COFB_Alimentacio-infantil_03112023_1-1024x556-1-300x163.jpg",300,163,true],"medium_large":["https:\/\/www.cofb.org\/wp-content\/uploads\/2023\/11\/COFB_Alimentacio-infantil_03112023_1-1024x556-1-768x417.jpg",768,417,true],"large":["https:\/\/www.cofb.org\/wp-content\/uploads\/2023\/11\/COFB_Alimentacio-infantil_03112023_1-1024x556-1.jpg",1024,556,false],"1536x1536":["https:\/\/www.cofb.org\/wp-content\/uploads\/2023\/11\/COFB_Alimentacio-infantil_03112023_1-1024x556-1.jpg",1024,556,false],"2048x2048":["https:\/\/www.cofb.org\/wp-content\/uploads\/2023\/11\/COFB_Alimentacio-infantil_03112023_1-1024x556-1.jpg",1024,556,false],"trp-custom-language-flag":["https:\/\/www.cofb.org\/wp-content\/uploads\/2023\/11\/COFB_Alimentacio-infantil_03112023_1-1024x556-1-18x10.jpg",18,10,true]},"uagb_author_info":{"display_name":"wpAdminCofbOrg","author_link":"https:\/\/www.cofb.org\/ca\/author\/wpadmincofborg\/"},"uagb_comment_info":0,"uagb_excerpt":"El Col\u00b7legi de Farmac\u00e8utics de Barcelona (COFB) va organitzar la formaci\u00f3 \u201cAcompanyament en l\u2019alimentaci\u00f3 infantil: lact\u00e0ncia materna, llets infantils i alimentaci\u00f3 complement\u00e0ria\u201d amb el patrocini de Laboratorios Ordesa i MAM. La formaci\u00f3, que va tenir lloc els dies 16, 18 i 23 d\u2019octubre, es va adre\u00e7ar a farmac\u00e8utics\/ques comunitaris, t\u00e8cnic\/ques [&hellip;]","_links":{"self":[{"href":"https:\/\/www.cofb.org\/ca\/wp-json\/wp\/v2\/posts\/70054","targetHints":{"allow":["GET"]}}],"collection":[{"href":"https:\/\/www.cofb.org\/ca\/wp-json\/wp\/v2\/posts"}],"about":[{"href":"https:\/\/www.cofb.org\/ca\/wp-json\/wp\/v2\/types\/post"}],"author":[{"embeddable":true,"href":"https:\/\/www.cofb.org\/ca\/wp-json\/wp\/v2\/users\/1"}],"replies":[{"embeddable":true,"href":"https:\/\/www.cofb.org\/ca\/wp-json\/wp\/v2\/comments?post=70054"}],"version-history":[{"count":1,"href":"https:\/\/www.cofb.org\/ca\/wp-json\/wp\/v2\/posts\/70054\/revisions"}],"predecessor-version":[{"id":70073,"href":"https:\/\/www.cofb.org\/ca\/wp-json\/wp\/v2\/posts\/70054\/revisions\/70073"}],"wp:featuredmedia":[{"embeddable":true,"href":"https:\/\/www.cofb.org\/ca\/wp-json\/wp\/v2\/media\/70072"}],"wp:attachment":[{"href":"https:\/\/www.cofb.org\/ca\/wp-json\/wp\/v2\/media?parent=70054"}],"wp:term":[{"taxonomy":"category","embeddable":true,"href":"https:\/\/www.cofb.org\/ca\/wp-json\/wp\/v2\/categories?post=70054"},{"taxonomy":"post_tag","embeddable":true,"href":"https:\/\/www.cofb.org\/ca\/wp-json\/wp\/v2\/tags?post=70054"}],"curies":[{"name":"wp","href":"https:\/\/api.w.org\/{rel}","templated":true}]}}