{"id":70053,"date":"2023-11-03T13:41:49","date_gmt":"2023-11-03T11:41:49","guid":{"rendered":"https:\/\/blog.cofb.cat\/?p=67515"},"modified":"2023-11-29T12:09:12","modified_gmt":"2023-11-29T12:09:12","slug":"nova-edicio-de-la-formacio-la-perforacio-del-lobul-de-lorella-a-la-farmacia","status":"publish","type":"post","link":"https:\/\/www.cofb.org\/ca\/2023\/11\/03\/nova-edicio-de-la-formacio-la-perforacio-del-lobul-de-lorella-a-la-farmacia\/","title":{"rendered":"Nova edici\u00f3 de la formaci\u00f3 \u201cLa perforaci\u00f3 del l\u00f2bul de l\u2019orella a la farm\u00e0cia\u201d"},"content":{"rendered":"\n<p>El passat 20 d\u2019octubre, el Col\u00b7legi de Farmac\u00e8utics de Barcelona (COFB) va organitzar una nova edici\u00f3 de la formaci\u00f3 <strong>\u201cLa perforaci\u00f3 del l\u00f2bul de l\u2019orella a la farm\u00e0cia\u201d<\/strong>, amb el <strong>patrocini de <a href=\"https:\/\/www.prim.es\/\" target=\"_blank\" rel=\"noreferrer noopener\">PRIM<\/a><\/strong>. El seminari va anar a c\u00e0rrec de la farmac\u00e8utica i responsable de negoci de PRIM, <strong>Gema Garrig\u00f3s<\/strong>.  <\/p>\n\n\n\n<figure class=\"wp-block-image size-large\"><a href=\"https:\/\/blog.cofb.cat\/wp-content\/uploads\/2023\/11\/COFB_Lobul-Orella_20102023_2.jpg\" target=\"_blank\" rel=\"noopener\"><img decoding=\"async\" src=\"https:\/\/blog.cofb.cat\/wp-content\/uploads\/2023\/11\/COFB_Lobul-Orella_20102023_2-1024x513.jpg\" alt=\"La farmac\u00e8utica, Gema Garrig\u00f3s, en un moment de la formaci\u00f3. \" class=\"wp-image-67546\" title=\"La farmac\u00e8utica, Gema Garrig\u00f3s, en un moment de la formaci\u00f3. \"\/><\/a><figcaption class=\"wp-element-caption\">La farmac\u00e8utica, Gema Garrig\u00f3s, en un moment de la formaci\u00f3. <\/figcaption><\/figure>\n\n\n\n<p>Els <strong>objectius <\/strong>de la formaci\u00f3 es van centrar en la <strong>perforaci\u00f3 del l\u00f2bul de l\u2019orella<\/strong>, l<strong>&#8216;aplicaci\u00f3 de les mesures higi\u00e8niques i sanit\u00e0ries<\/strong> posteriors per prevenir riscos tant del pacient com del personal,  les <strong>cures posteriors <\/strong>a fer per prevenir reaccions adverses i la <strong>identificaci\u00f3 dels possibles riscos associats<\/strong> que t\u00e9 el pacient.<\/p>\n\n\n\n<p>La sessi\u00f3, adre\u00e7ada a farmac\u00e8utics comunitaris, t\u00e8cnics i auxiliars en farm\u00e0cia i parafarm\u00e0cia, va ser presentada i coordinada per<strong> Marta Alcalde<\/strong>, vocal de Dermofarm\u00e0cia i Productes Sanitaris del COFB. Tamb\u00e9 va ser l&#8217;encarregada d&#8217;iniciar la formaci\u00f3 abordant les<strong> q\u00fcestions legislatives a tenir presents<\/strong> en la realitzaci\u00f3 d&#8217;aquesta activitat.<\/p>\n\n\n\n<h2 class=\"wp-block-heading\"><strong>Q\u00fcestions legislatives a tenir en compte<\/strong><\/h2>\n\n\n\n<p><span class=\"has-inline-color has-black-color\">La vocal de Dermofarm\u00e0cia va recordar que <strong>cada autonomia t\u00e9 la seva pr\u00f2pia legislaci\u00f3<\/strong> respecte a  les compet\u00e8ncies sanit\u00e0ries i \u201c<strong>a Catalunya ens regim per la llei decret 90\/2008<\/strong> del Diari Oficial de la Generalitat de Catalunya amb la qual es <strong>regulen totes les pr\u00e0ctiques de tatuatge, p\u00edrcings i pigmentaci\u00f3<\/strong>, aix\u00ed com quins s\u00f3n els <strong>requisits t\u00e8cnics que han de tenir els locals <\/strong>que la realitzen\u201d.<\/span><\/p>\n\n\n\n<figure class=\"wp-block-image size-large\"><a href=\"https:\/\/blog.cofb.cat\/wp-content\/uploads\/2023\/11\/COFB_Lobul-Orella_20102023_0.jpg\" target=\"_blank\" rel=\"noopener\"><img decoding=\"async\" src=\"https:\/\/blog.cofb.cat\/wp-content\/uploads\/2023\/11\/COFB_Lobul-Orella_20102023_0-1024x558.jpg\" alt=\"Marta Alcalde durant la seva intervenci\u00f3 sobre la legislaci\u00f3 que empara aquest servei.\" class=\"wp-image-67552\" title=\"Marta Alcalde durant la seva intervenci\u00f3. \"\/><\/a><figcaption class=\"wp-element-caption\">Marta Alcalde durant la seva intervenci\u00f3 sobre la legislaci\u00f3 que empara aquest servei.<\/figcaption><\/figure>\n\n\n\n<p>Alcalde va exposar la <strong>difer\u00e8ncia entre p\u00edrcing i perforaci\u00f3<\/strong> del l\u00f2bul de l\u2019orella explicant que el p\u00edrcing \u00e9s el procediment de decoraci\u00f3 del cos hum\u00e0 que consisteix en la perforaci\u00f3 de qualsevol part del cos amb la finalitat de prendre en la mateixa objectes de metall o d\u2019altres materials. D\u2019aquesta definici\u00f3 s\u2019exclou la perforaci\u00f3 del l\u00f2bul de l&#8217;orella que es realitza amb sistemes de clavat i cordat de forma autom\u00e0tica, amb material est\u00e8ril i d\u2019un sol \u00fas. <strong>La perforaci\u00f3 del l\u00f2bul de l&#8217;orella com que no \u00e9s considerada un p\u00edrcing, \u00e9s una pr\u00e0ctica que queda circumscrita a la farm\u00e0cia<\/strong> <strong>sempre que nom\u00e9s es porti a terme la al l\u00f2bul<\/strong>, mai al cart\u00edlag.<\/p>\n\n\n\n<h2 class=\"wp-block-heading\"><strong>Materials i preparaci\u00f3 per a la perforaci\u00f3 del l\u00f2bul de l\u2019orella<\/strong><\/h2>\n\n\n\n<p><span class=\"has-inline-color has-black-color\">Ja en el torn de la farmac\u00e8utica Gema Garrig\u00f3s <strong>va posar en valor el servei de perforaci\u00f3 del l\u00f2bul d\u2019orella dins la farm\u00e0cia comunit\u00e0ria<\/strong> i la import\u00e0ncia de disposar de les mesures adequades, l\u2019espai adient i un sistema certificat i exclusiu de farm\u00e0cia. A continuaci\u00f3, va comentar com actualment la perforaci\u00f3 del l\u00f2bul d\u2019orella \u00e9s tend\u00e8ncia i <strong>\u00e9s un servei molt sol\u00b7licitat<\/strong> a les farm\u00e0cies. &#8220;Es tracta d\u2019un fenomen din\u00e0mic, socialment acceptat&#8221; i del que va destacar que <strong>el seu p\u00fablic ha canviat<\/strong>, <strong>&#8220;si abans la demanda eren nadons, ara ha canviat. El 75% de la demanda d&#8217;una perforaci\u00f3 s\u00f3n persones grans, a partir de 14-15 anys&#8221; <\/strong>va indicar.<\/span><\/p>\n\n\n\n<p><span class=\"has-inline-color has-black-color\">Tot i que a la farm\u00e0cia nom\u00e9s es pot perforar el l\u00f2bul<\/span>,  <span class=\"has-inline-color has-black-color\">Garrig\u00f3s tamb\u00e9<strong> va repassar l\u2019anatomia i fisiologia de l\u2019orella<\/strong> i va esmentar els tipus de p\u00edrcings m\u00e9s comuns: <em>tragus, anti tragus, caracola, snug, daith, rook, <\/em>industrial <em>i helix<\/em>.<\/span><\/p>\n\n\n\n<p>Aix\u00ed mateix, la farmac\u00e8utica <strong>va parlar sobre els materials dels quals es fan \u00fas a l\u2019hora de fer perforacions<\/strong>. Va detallar  els que s\u00f3n m\u00e9s necessaris com, per exemple, l\u2019instrument de perforaci\u00f3, els casetes est\u00e8rils, un marcador d\u2019\u00fas t\u00f2pic, les arracades hipoal\u00b7l\u00e8rgiques i les arracades de perforaci\u00f3.<\/p>\n\n\n\n<figure class=\"wp-block-image size-large\"><a href=\"https:\/\/blog.cofb.cat\/wp-content\/uploads\/2023\/11\/COFB_Lobul-Orella_20102023_1.jpg\" target=\"_blank\" rel=\"noopener\"><img decoding=\"async\" src=\"https:\/\/blog.cofb.cat\/wp-content\/uploads\/2023\/11\/COFB_Lobul-Orella_20102023_1-1024x513.jpg\" alt=\"Les assistents  en un moment de la part pr\u00e0ctica de la formaci\u00f3.\" class=\"wp-image-67553\" title=\"Les assistents  en un moment de la part pr\u00e0ctica de la formaci\u00f3.\"\/><\/a><figcaption class=\"wp-element-caption\">Les assistents  en un moment de la part pr\u00e0ctica de la formaci\u00f3.<\/figcaption><\/figure>\n\n\n\n<p>A continuaci\u00f3 va explicar la<strong> preparaci\u00f3 pr\u00e8via per dur a terme la perforaci\u00f3<\/strong><span class=\"has-inline-color has-black-color\">. Va destacar aspectes com informar el client del procediment i de les possibles complicacions, l\u2019autoritzaci\u00f3 necess\u00e0ria quan es realitza a nadons o menors d\u2019edat, l&#8217;estudi del model i l\u2019arracada que vol el client, aconseguir que aquest estigui c\u00f2mode i tenir preparats els materials necessaris per a la perforaci\u00f3, comprovant l\u2019estat del l\u00f2bul per si t\u00e9 alguna cicatriu o protuber\u00e0ncia. <\/span>Despr\u00e9s de l&#8217;exposici\u00f3 te\u00f2rica pr\u00e8via a la perforaci\u00f3, <strong>va mostrar de manera pr\u00e0ctica com executar-la a trav\u00e9s de tres passos: netejar, marcar i perforar<\/strong>.<\/p>\n\n\n\n<p>En aquesta part pr\u00e0ctica va oferir <strong>consells sobre la cura posterior i va alertar de les possibles complicacions<\/strong> que poden sorgir un cop feta la perforaci\u00f3 com infeccions, reaccions al\u00b7l\u00e8rgiques i hemorr\u00e0gies entre d\u2019altres. La farmac\u00e8utica va posar \u00e8mfasi en seguir correctament les pautes higi\u00e8nic-sanit\u00e0ries perqu\u00e8 no apareguin aquest tipus de complicacions.<\/p>\n\n\n\n<p class=\"has-text-align-right\"><strong>Amb el patrocini de:<\/strong><\/p>\n\n\n\n<figure class=\"wp-block-image alignright\"><a href=\"https:\/\/www.prim.es\/\" target=\"_blank\" rel=\"noreferrer noopener\"><img decoding=\"async\" src=\"https:\/\/blog.cofb.cat\/wp-content\/uploads\/2023\/04\/PRIM_logo_transparent-150x71.png\" alt=\"\" class=\"wp-image-66696\"\/><\/a><\/figure>\n\n\n\n<p><\/p>\n\n\n\n<p><\/p>\n\n\n\n<p><\/p>\n\n\n\n<p><strong>Altres publicacions d\u2019inter\u00e8s:<\/strong><\/p>\n\n\n\n<ul class=\"wp-block-list\">\n<li><a href=\"https:\/\/blog.cofb.cat\/blog\/2023\/04\/28\/aspectes-practics-sobre-la-perforacio-del-lobul-de-lorella-a-loficina-de-farmacia\/\" target=\"_blank\" rel=\"noreferrer noopener\">Aspectes pr\u00e0ctics sobre la perforaci\u00f3 del l\u00f2bul de l&#8217;orella a l&#8217;oficina de farm\u00e0cia (Abril 2023)<\/a><\/li>\n\n\n\n<li><a href=\"https:\/\/blog.cofb.cat\/blog\/2022\/05\/02\/la-perforacio-del-lobul-de-lorella-en-lambit-de-loficina-de-farmacia\/\" target=\"_blank\" rel=\"noreferrer noopener\">La perforaci\u00f3 del l\u00f2bul de l\u2019orella en l\u2019\u00e0mbit de l\u2019oficina de farm\u00e0cia (Maig 2022)<\/a><\/li>\n\n\n\n<li><a href=\"https:\/\/blog.cofb.cat\/blog\/2021\/03\/01\/farmaceutics-tecnics-auxiliars-aprofundeixen-aspectes-practics-perforacio-lobul-lorella\/\" target=\"_blank\" rel=\"noreferrer noopener\">Farmac\u00e8utics, t\u00e8cnics i auxiliars aprofundeixen en els aspectes pr\u00e0ctics de la perforaci\u00f3 del l\u00f2bul de l\u2019orella (Mar\u00e7 2021)<\/a><\/li>\n<\/ul>\n\n\n\n<p><\/p>\n","protected":false},"excerpt":{"rendered":"<p>El passat 20 d\u2019octubre, el Col\u00b7legi de Farmac\u00e8utics de Barcelona (COFB) va organitzar una nova edici\u00f3 de la formaci\u00f3 \u201cLa perforaci\u00f3 del l\u00f2bul de l\u2019orella a la farm\u00e0cia\u201d, amb el patrocini de PRIM. El seminari va anar a c\u00e0rrec de la farmac\u00e8utica i responsable de negoci de PRIM, Gema Garrig\u00f3s. [&hellip;]<\/p>\n","protected":false},"author":1,"featured_media":70079,"comment_status":"open","ping_status":"open","sticky":false,"template":"","format":"standard","meta":{"_uag_custom_page_level_css":"","site-sidebar-layout":"default","site-content-layout":"","ast-site-content-layout":"default","site-content-style":"default","site-sidebar-style":"default","ast-global-header-display":"","ast-banner-title-visibility":"","ast-main-header-display":"","ast-hfb-above-header-display":"","ast-hfb-below-header-display":"","ast-hfb-mobile-header-display":"","site-post-title":"","ast-breadcrumbs-content":"","ast-featured-img":"disabled","footer-sml-layout":"","theme-transparent-header-meta":"","adv-header-id-meta":"","stick-header-meta":"","header-above-stick-meta":"","header-main-stick-meta":"","header-below-stick-meta":"","astra-migrate-meta-layouts":"set","ast-page-background-enabled":"default","ast-page-background-meta":{"desktop":{"background-color":"var(--ast-global-color-4)","background-image":"","background-repeat":"repeat","background-position":"center center","background-size":"auto","background-attachment":"scroll","background-type":"","background-media":"","overlay-type":"","overlay-color":"","overlay-opacity":"","overlay-gradient":""},"tablet":{"background-color":"","background-image":"","background-repeat":"repeat","background-position":"center center","background-size":"auto","background-attachment":"scroll","background-type":"","background-media":"","overlay-type":"","overlay-color":"","overlay-opacity":"","overlay-gradient":""},"mobile":{"background-color":"","background-image":"","background-repeat":"repeat","background-position":"center center","background-size":"auto","background-attachment":"scroll","background-type":"","background-media":"","overlay-type":"","overlay-color":"","overlay-opacity":"","overlay-gradient":""}},"ast-content-background-meta":{"desktop":{"background-color":"var(--ast-global-color-5)","background-image":"","background-repeat":"repeat","background-position":"center center","background-size":"auto","background-attachment":"scroll","background-type":"","background-media":"","overlay-type":"","overlay-color":"","overlay-opacity":"","overlay-gradient":""},"tablet":{"background-color":"var(--ast-global-color-5)","background-image":"","background-repeat":"repeat","background-position":"center center","background-size":"auto","background-attachment":"scroll","background-type":"","background-media":"","overlay-type":"","overlay-color":"","overlay-opacity":"","overlay-gradient":""},"mobile":{"background-color":"var(--ast-global-color-5)","background-image":"","background-repeat":"repeat","background-position":"center center","background-size":"auto","background-attachment":"scroll","background-type":"","background-media":"","overlay-type":"","overlay-color":"","overlay-opacity":"","overlay-gradient":""}},"footnotes":""},"categories":[23,57],"tags":[64,18,19,81,24,68,69,70,339,680,2567,76,340,704],"class_list":["post-70053","post","type-post","status-publish","format-standard","has-post-thumbnail","hentry","category-destacats","category-mon-collegial","tag-atencio-farmaceutica","tag-cofb","tag-collegi-de-farmaceutics-de-barcelona","tag-dermofarmacia","tag-farmaceutics-comunitaris","tag-farmacia","tag-farmacia-comunitaria","tag-formacio","tag-legislacio","tag-lobul-orella","tag-materials-sanitaris","tag-oficina-de-farmacia","tag-perforacio","tag-seminari"],"yoast_head":"<!-- This site is optimized with the Yoast SEO plugin v22.4 - https:\/\/yoast.com\/wordpress\/plugins\/seo\/ -->\n<title>Nova edici\u00f3 de la formaci\u00f3 \u201cLa perforaci\u00f3 del l\u00f2bul de l\u2019orella a la farm\u00e0cia\u201d - Col\u00b7legi de Farmac\u00e8utics de Barcelona<\/title>\n<meta name=\"description\" content=\"El passat 20 d\u2019octubre, el COFB va organitzar una nova edici\u00f3 de la formaci\u00f3 \u201cLa perforaci\u00f3 del l\u00f2bul de l\u2019orella a la farm\u00e0cia\u201d.\" \/>\n<meta name=\"robots\" content=\"index, follow, max-snippet:-1, max-image-preview:large, max-video-preview:-1\" \/>\n<link rel=\"canonical\" href=\"https:\/\/novaorg.cofb.net\/2023\/11\/03\/nova-edicio-de-la-formacio-la-perforacio-del-lobul-de-lorella-a-la-farmacia\/\" \/>\n<meta property=\"og:locale\" content=\"ca_ES\" \/>\n<meta property=\"og:type\" content=\"article\" \/>\n<meta property=\"og:title\" content=\"Nova edici\u00f3 de la formaci\u00f3 \u201cLa perforaci\u00f3 del l\u00f2bul de l\u2019orella a la farm\u00e0cia\u201d - Col\u00b7legi de Farmac\u00e8utics de Barcelona\" \/>\n<meta property=\"og:description\" content=\"El passat 20 d\u2019octubre, el COFB va organitzar una nova edici\u00f3 de la formaci\u00f3 \u201cLa perforaci\u00f3 del l\u00f2bul de l\u2019orella a la farm\u00e0cia\u201d.\" \/>\n<meta property=\"og:url\" content=\"https:\/\/novaorg.cofb.net\/2023\/11\/03\/nova-edicio-de-la-formacio-la-perforacio-del-lobul-de-lorella-a-la-farmacia\/\" \/>\n<meta property=\"og:site_name\" content=\"Col\u00b7legi de Farmac\u00e8utics de Barcelona\" \/>\n<meta property=\"article:publisher\" content=\"https:\/\/www.facebook.com\/farmaceuticsbcn\/\" \/>\n<meta property=\"article:published_time\" content=\"2023-11-03T11:41:49+00:00\" \/>\n<meta property=\"article:modified_time\" content=\"2023-11-29T12:09:12+00:00\" \/>\n<meta property=\"og:image\" content=\"https:\/\/novaorg.cofb.net\/wp-content\/uploads\/2023\/11\/COFB_Lobul-Orella_20102023_2-1024x513-1.jpg\" \/>\n\t<meta property=\"og:image:width\" content=\"1024\" \/>\n\t<meta property=\"og:image:height\" content=\"513\" \/>\n\t<meta property=\"og:image:type\" content=\"image\/jpeg\" \/>\n<meta name=\"author\" content=\"wpAdminCofbOrg\" \/>\n<meta name=\"twitter:card\" content=\"summary_large_image\" \/>\n<meta name=\"twitter:creator\" content=\"@farmaceuticsbcn\" \/>\n<meta name=\"twitter:site\" content=\"@farmaceuticsbcn\" \/>\n<meta name=\"twitter:label1\" content=\"Escrit per\" \/>\n\t<meta name=\"twitter:data1\" content=\"wpAdminCofbOrg\" \/>\n\t<meta name=\"twitter:label2\" content=\"Temps estimat de lectura\" \/>\n\t<meta name=\"twitter:data2\" content=\"5 minuts\" \/>\n<script type=\"application\/ld+json\" class=\"yoast-schema-graph\">{\"@context\":\"https:\/\/schema.org\",\"@graph\":[{\"@type\":\"Article\",\"@id\":\"https:\/\/novaorg.cofb.net\/2023\/11\/03\/nova-edicio-de-la-formacio-la-perforacio-del-lobul-de-lorella-a-la-farmacia\/#article\",\"isPartOf\":{\"@id\":\"https:\/\/novaorg.cofb.net\/2023\/11\/03\/nova-edicio-de-la-formacio-la-perforacio-del-lobul-de-lorella-a-la-farmacia\/\"},\"author\":{\"name\":\"wpAdminCofbOrg\",\"@id\":\"https:\/\/www.cofb.org\/#\/schema\/person\/22ed7eea88da74b0fa4d3154ad87ffcb\"},\"headline\":\"Nova edici\u00f3 de la formaci\u00f3 \u201cLa perforaci\u00f3 del l\u00f2bul de l\u2019orella a la farm\u00e0cia\u201d\",\"datePublished\":\"2023-11-03T11:41:49+00:00\",\"dateModified\":\"2023-11-29T12:09:12+00:00\",\"mainEntityOfPage\":{\"@id\":\"https:\/\/novaorg.cofb.net\/2023\/11\/03\/nova-edicio-de-la-formacio-la-perforacio-del-lobul-de-lorella-a-la-farmacia\/\"},\"wordCount\":926,\"commentCount\":0,\"publisher\":{\"@id\":\"https:\/\/www.cofb.org\/#organization\"},\"image\":{\"@id\":\"https:\/\/novaorg.cofb.net\/2023\/11\/03\/nova-edicio-de-la-formacio-la-perforacio-del-lobul-de-lorella-a-la-farmacia\/#primaryimage\"},\"thumbnailUrl\":\"https:\/\/www.cofb.org\/wp-content\/uploads\/2023\/11\/COFB_Lobul-Orella_20102023_2-1024x513-1.jpg\",\"keywords\":[\"Atenci\u00f3 farmac\u00e8utica\",\"COFB\",\"Col\u00b7legi de Farmac\u00e8utics de Barcelona\",\"Dermofarm\u00e0cia\",\"farmac\u00e8utics comunitaris\",\"Farm\u00e0cia\",\"farm\u00e0cia comunit\u00e0ria\",\"Formaci\u00f3\",\"legislaci\u00f3\",\"l\u00f2bul orella\",\"materials sanitaris\",\"Oficina de farm\u00e0cia\",\"perforaci\u00f3\",\"Seminari\"],\"articleSection\":[\"Destacats\",\"M\u00f3n col\u00b7legial\"],\"inLanguage\":\"ca\",\"potentialAction\":[{\"@type\":\"CommentAction\",\"name\":\"Comment\",\"target\":[\"https:\/\/novaorg.cofb.net\/2023\/11\/03\/nova-edicio-de-la-formacio-la-perforacio-del-lobul-de-lorella-a-la-farmacia\/#respond\"]}]},{\"@type\":\"WebPage\",\"@id\":\"https:\/\/novaorg.cofb.net\/2023\/11\/03\/nova-edicio-de-la-formacio-la-perforacio-del-lobul-de-lorella-a-la-farmacia\/\",\"url\":\"https:\/\/novaorg.cofb.net\/2023\/11\/03\/nova-edicio-de-la-formacio-la-perforacio-del-lobul-de-lorella-a-la-farmacia\/\",\"name\":\"Nova edici\u00f3 de la formaci\u00f3 \u201cLa perforaci\u00f3 del l\u00f2bul de l\u2019orella a la farm\u00e0cia\u201d - Col\u00b7legi de Farmac\u00e8utics de Barcelona\",\"isPartOf\":{\"@id\":\"https:\/\/www.cofb.org\/#website\"},\"primaryImageOfPage\":{\"@id\":\"https:\/\/novaorg.cofb.net\/2023\/11\/03\/nova-edicio-de-la-formacio-la-perforacio-del-lobul-de-lorella-a-la-farmacia\/#primaryimage\"},\"image\":{\"@id\":\"https:\/\/novaorg.cofb.net\/2023\/11\/03\/nova-edicio-de-la-formacio-la-perforacio-del-lobul-de-lorella-a-la-farmacia\/#primaryimage\"},\"thumbnailUrl\":\"https:\/\/www.cofb.org\/wp-content\/uploads\/2023\/11\/COFB_Lobul-Orella_20102023_2-1024x513-1.jpg\",\"datePublished\":\"2023-11-03T11:41:49+00:00\",\"dateModified\":\"2023-11-29T12:09:12+00:00\",\"description\":\"El passat 20 d\u2019octubre, el COFB va organitzar una nova edici\u00f3 de la formaci\u00f3 \u201cLa perforaci\u00f3 del l\u00f2bul de l\u2019orella a la farm\u00e0cia\u201d.\",\"breadcrumb\":{\"@id\":\"https:\/\/novaorg.cofb.net\/2023\/11\/03\/nova-edicio-de-la-formacio-la-perforacio-del-lobul-de-lorella-a-la-farmacia\/#breadcrumb\"},\"inLanguage\":\"ca\",\"potentialAction\":[{\"@type\":\"ReadAction\",\"target\":[\"https:\/\/novaorg.cofb.net\/2023\/11\/03\/nova-edicio-de-la-formacio-la-perforacio-del-lobul-de-lorella-a-la-farmacia\/\"]}]},{\"@type\":\"ImageObject\",\"inLanguage\":\"ca\",\"@id\":\"https:\/\/novaorg.cofb.net\/2023\/11\/03\/nova-edicio-de-la-formacio-la-perforacio-del-lobul-de-lorella-a-la-farmacia\/#primaryimage\",\"url\":\"https:\/\/www.cofb.org\/wp-content\/uploads\/2023\/11\/COFB_Lobul-Orella_20102023_2-1024x513-1.jpg\",\"contentUrl\":\"https:\/\/www.cofb.org\/wp-content\/uploads\/2023\/11\/COFB_Lobul-Orella_20102023_2-1024x513-1.jpg\",\"width\":1024,\"height\":513},{\"@type\":\"BreadcrumbList\",\"@id\":\"https:\/\/novaorg.cofb.net\/2023\/11\/03\/nova-edicio-de-la-formacio-la-perforacio-del-lobul-de-lorella-a-la-farmacia\/#breadcrumb\",\"itemListElement\":[{\"@type\":\"ListItem\",\"position\":1,\"name\":\"Inici\",\"item\":\"https:\/\/novaorg.cofb.net\/\"},{\"@type\":\"ListItem\",\"position\":2,\"name\":\"Nova edici\u00f3 de la formaci\u00f3 \u201cLa perforaci\u00f3 del l\u00f2bul de l\u2019orella a la farm\u00e0cia\u201d\"}]},{\"@type\":\"WebSite\",\"@id\":\"https:\/\/www.cofb.org\/#website\",\"url\":\"https:\/\/www.cofb.org\/\",\"name\":\"Col\u00b7legi de Farmac\u00e8utics de Barcelona\",\"description\":\"\",\"publisher\":{\"@id\":\"https:\/\/www.cofb.org\/#organization\"},\"potentialAction\":[{\"@type\":\"SearchAction\",\"target\":{\"@type\":\"EntryPoint\",\"urlTemplate\":\"https:\/\/www.cofb.org\/?s={search_term_string}\"},\"query-input\":\"required name=search_term_string\"}],\"inLanguage\":\"ca\"},{\"@type\":\"Organization\",\"@id\":\"https:\/\/www.cofb.org\/#organization\",\"name\":\"Col\u00b7legi de Farmac\u00e8utics de Barcelona\",\"url\":\"https:\/\/www.cofb.org\/\",\"logo\":{\"@type\":\"ImageObject\",\"inLanguage\":\"ca\",\"@id\":\"https:\/\/www.cofb.org\/#\/schema\/logo\/image\/\",\"url\":\"https:\/\/www.cofb.org\/wp-content\/uploads\/2023\/11\/cropped-Logotip-COFB.png\",\"contentUrl\":\"https:\/\/www.cofb.org\/wp-content\/uploads\/2023\/11\/cropped-Logotip-COFB.png\",\"width\":500,\"height\":105,\"caption\":\"Col\u00b7legi de Farmac\u00e8utics de Barcelona\"},\"image\":{\"@id\":\"https:\/\/www.cofb.org\/#\/schema\/logo\/image\/\"},\"sameAs\":[\"https:\/\/www.facebook.com\/farmaceuticsbcn\/\",\"https:\/\/twitter.com\/farmaceuticsbcn\",\"https:\/\/www.instagram.com\/farmaceuticsbcn\/\",\"https:\/\/www.linkedin.com\/company\/farmaceuticsbcn\/\"]},{\"@type\":\"Person\",\"@id\":\"https:\/\/www.cofb.org\/#\/schema\/person\/22ed7eea88da74b0fa4d3154ad87ffcb\",\"name\":\"wpAdminCofbOrg\",\"image\":{\"@type\":\"ImageObject\",\"inLanguage\":\"ca\",\"@id\":\"https:\/\/www.cofb.org\/#\/schema\/person\/image\/\",\"url\":\"https:\/\/secure.gravatar.com\/avatar\/1721b20b3b8ca882c3b56ec6c978c594fff670e40c0718e9190eaeeb76aae7d8?s=96&d=mm&r=g\",\"contentUrl\":\"https:\/\/secure.gravatar.com\/avatar\/1721b20b3b8ca882c3b56ec6c978c594fff670e40c0718e9190eaeeb76aae7d8?s=96&d=mm&r=g\",\"caption\":\"wpAdminCofbOrg\"},\"sameAs\":[\"http:\/\/192.168.64.122\/wordpress\"],\"url\":\"https:\/\/www.cofb.org\/ca\/author\/wpadmincofborg\/\"}]}<\/script>\n<!-- \/ Yoast SEO plugin. -->","yoast_head_json":{"title":"Nova edici\u00f3 de la formaci\u00f3 \u201cLa perforaci\u00f3 del l\u00f2bul de l\u2019orella a la farm\u00e0cia\u201d - Col\u00b7legi de Farmac\u00e8utics de Barcelona","description":"El passat 20 d\u2019octubre, el COFB va organitzar una nova edici\u00f3 de la formaci\u00f3 \u201cLa perforaci\u00f3 del l\u00f2bul de l\u2019orella a la farm\u00e0cia\u201d.","robots":{"index":"index","follow":"follow","max-snippet":"max-snippet:-1","max-image-preview":"max-image-preview:large","max-video-preview":"max-video-preview:-1"},"canonical":"https:\/\/novaorg.cofb.net\/2023\/11\/03\/nova-edicio-de-la-formacio-la-perforacio-del-lobul-de-lorella-a-la-farmacia\/","og_locale":"ca_ES","og_type":"article","og_title":"Nova edici\u00f3 de la formaci\u00f3 \u201cLa perforaci\u00f3 del l\u00f2bul de l\u2019orella a la farm\u00e0cia\u201d - Col\u00b7legi de Farmac\u00e8utics de Barcelona","og_description":"El passat 20 d\u2019octubre, el COFB va organitzar una nova edici\u00f3 de la formaci\u00f3 \u201cLa perforaci\u00f3 del l\u00f2bul de l\u2019orella a la farm\u00e0cia\u201d.","og_url":"https:\/\/novaorg.cofb.net\/2023\/11\/03\/nova-edicio-de-la-formacio-la-perforacio-del-lobul-de-lorella-a-la-farmacia\/","og_site_name":"Col\u00b7legi de Farmac\u00e8utics de Barcelona","article_publisher":"https:\/\/www.facebook.com\/farmaceuticsbcn\/","article_published_time":"2023-11-03T11:41:49+00:00","article_modified_time":"2023-11-29T12:09:12+00:00","og_image":[{"width":1024,"height":513,"url":"https:\/\/novaorg.cofb.net\/wp-content\/uploads\/2023\/11\/COFB_Lobul-Orella_20102023_2-1024x513-1.jpg","type":"image\/jpeg"}],"author":"wpAdminCofbOrg","twitter_card":"summary_large_image","twitter_creator":"@farmaceuticsbcn","twitter_site":"@farmaceuticsbcn","twitter_misc":{"Escrit per":"wpAdminCofbOrg","Temps estimat de lectura":"5 minuts"},"schema":{"@context":"https:\/\/schema.org","@graph":[{"@type":"Article","@id":"https:\/\/novaorg.cofb.net\/2023\/11\/03\/nova-edicio-de-la-formacio-la-perforacio-del-lobul-de-lorella-a-la-farmacia\/#article","isPartOf":{"@id":"https:\/\/novaorg.cofb.net\/2023\/11\/03\/nova-edicio-de-la-formacio-la-perforacio-del-lobul-de-lorella-a-la-farmacia\/"},"author":{"name":"wpAdminCofbOrg","@id":"https:\/\/www.cofb.org\/#\/schema\/person\/22ed7eea88da74b0fa4d3154ad87ffcb"},"headline":"Nova edici\u00f3 de la formaci\u00f3 \u201cLa perforaci\u00f3 del l\u00f2bul de l\u2019orella a la farm\u00e0cia\u201d","datePublished":"2023-11-03T11:41:49+00:00","dateModified":"2023-11-29T12:09:12+00:00","mainEntityOfPage":{"@id":"https:\/\/novaorg.cofb.net\/2023\/11\/03\/nova-edicio-de-la-formacio-la-perforacio-del-lobul-de-lorella-a-la-farmacia\/"},"wordCount":926,"commentCount":0,"publisher":{"@id":"https:\/\/www.cofb.org\/#organization"},"image":{"@id":"https:\/\/novaorg.cofb.net\/2023\/11\/03\/nova-edicio-de-la-formacio-la-perforacio-del-lobul-de-lorella-a-la-farmacia\/#primaryimage"},"thumbnailUrl":"https:\/\/www.cofb.org\/wp-content\/uploads\/2023\/11\/COFB_Lobul-Orella_20102023_2-1024x513-1.jpg","keywords":["Atenci\u00f3 farmac\u00e8utica","COFB","Col\u00b7legi de Farmac\u00e8utics de Barcelona","Dermofarm\u00e0cia","farmac\u00e8utics comunitaris","Farm\u00e0cia","farm\u00e0cia comunit\u00e0ria","Formaci\u00f3","legislaci\u00f3","l\u00f2bul orella","materials sanitaris","Oficina de farm\u00e0cia","perforaci\u00f3","Seminari"],"articleSection":["Destacats","M\u00f3n col\u00b7legial"],"inLanguage":"ca","potentialAction":[{"@type":"CommentAction","name":"Comment","target":["https:\/\/novaorg.cofb.net\/2023\/11\/03\/nova-edicio-de-la-formacio-la-perforacio-del-lobul-de-lorella-a-la-farmacia\/#respond"]}]},{"@type":"WebPage","@id":"https:\/\/novaorg.cofb.net\/2023\/11\/03\/nova-edicio-de-la-formacio-la-perforacio-del-lobul-de-lorella-a-la-farmacia\/","url":"https:\/\/novaorg.cofb.net\/2023\/11\/03\/nova-edicio-de-la-formacio-la-perforacio-del-lobul-de-lorella-a-la-farmacia\/","name":"Nova edici\u00f3 de la formaci\u00f3 \u201cLa perforaci\u00f3 del l\u00f2bul de l\u2019orella a la farm\u00e0cia\u201d - Col\u00b7legi de Farmac\u00e8utics de Barcelona","isPartOf":{"@id":"https:\/\/www.cofb.org\/#website"},"primaryImageOfPage":{"@id":"https:\/\/novaorg.cofb.net\/2023\/11\/03\/nova-edicio-de-la-formacio-la-perforacio-del-lobul-de-lorella-a-la-farmacia\/#primaryimage"},"image":{"@id":"https:\/\/novaorg.cofb.net\/2023\/11\/03\/nova-edicio-de-la-formacio-la-perforacio-del-lobul-de-lorella-a-la-farmacia\/#primaryimage"},"thumbnailUrl":"https:\/\/www.cofb.org\/wp-content\/uploads\/2023\/11\/COFB_Lobul-Orella_20102023_2-1024x513-1.jpg","datePublished":"2023-11-03T11:41:49+00:00","dateModified":"2023-11-29T12:09:12+00:00","description":"El passat 20 d\u2019octubre, el COFB va organitzar una nova edici\u00f3 de la formaci\u00f3 \u201cLa perforaci\u00f3 del l\u00f2bul de l\u2019orella a la farm\u00e0cia\u201d.","breadcrumb":{"@id":"https:\/\/novaorg.cofb.net\/2023\/11\/03\/nova-edicio-de-la-formacio-la-perforacio-del-lobul-de-lorella-a-la-farmacia\/#breadcrumb"},"inLanguage":"ca","potentialAction":[{"@type":"ReadAction","target":["https:\/\/novaorg.cofb.net\/2023\/11\/03\/nova-edicio-de-la-formacio-la-perforacio-del-lobul-de-lorella-a-la-farmacia\/"]}]},{"@type":"ImageObject","inLanguage":"ca","@id":"https:\/\/novaorg.cofb.net\/2023\/11\/03\/nova-edicio-de-la-formacio-la-perforacio-del-lobul-de-lorella-a-la-farmacia\/#primaryimage","url":"https:\/\/www.cofb.org\/wp-content\/uploads\/2023\/11\/COFB_Lobul-Orella_20102023_2-1024x513-1.jpg","contentUrl":"https:\/\/www.cofb.org\/wp-content\/uploads\/2023\/11\/COFB_Lobul-Orella_20102023_2-1024x513-1.jpg","width":1024,"height":513},{"@type":"BreadcrumbList","@id":"https:\/\/novaorg.cofb.net\/2023\/11\/03\/nova-edicio-de-la-formacio-la-perforacio-del-lobul-de-lorella-a-la-farmacia\/#breadcrumb","itemListElement":[{"@type":"ListItem","position":1,"name":"Inici","item":"https:\/\/novaorg.cofb.net\/"},{"@type":"ListItem","position":2,"name":"Nova edici\u00f3 de la formaci\u00f3 \u201cLa perforaci\u00f3 del l\u00f2bul de l\u2019orella a la farm\u00e0cia\u201d"}]},{"@type":"WebSite","@id":"https:\/\/www.cofb.org\/#website","url":"https:\/\/www.cofb.org\/","name":"Col\u00b7legi de Farmac\u00e8utics de Barcelona","description":"","publisher":{"@id":"https:\/\/www.cofb.org\/#organization"},"potentialAction":[{"@type":"SearchAction","target":{"@type":"EntryPoint","urlTemplate":"https:\/\/www.cofb.org\/?s={search_term_string}"},"query-input":"required name=search_term_string"}],"inLanguage":"ca"},{"@type":"Organization","@id":"https:\/\/www.cofb.org\/#organization","name":"Col\u00b7legi de Farmac\u00e8utics de Barcelona","url":"https:\/\/www.cofb.org\/","logo":{"@type":"ImageObject","inLanguage":"ca","@id":"https:\/\/www.cofb.org\/#\/schema\/logo\/image\/","url":"https:\/\/www.cofb.org\/wp-content\/uploads\/2023\/11\/cropped-Logotip-COFB.png","contentUrl":"https:\/\/www.cofb.org\/wp-content\/uploads\/2023\/11\/cropped-Logotip-COFB.png","width":500,"height":105,"caption":"Col\u00b7legi de Farmac\u00e8utics de Barcelona"},"image":{"@id":"https:\/\/www.cofb.org\/#\/schema\/logo\/image\/"},"sameAs":["https:\/\/www.facebook.com\/farmaceuticsbcn\/","https:\/\/twitter.com\/farmaceuticsbcn","https:\/\/www.instagram.com\/farmaceuticsbcn\/","https:\/\/www.linkedin.com\/company\/farmaceuticsbcn\/"]},{"@type":"Person","@id":"https:\/\/www.cofb.org\/#\/schema\/person\/22ed7eea88da74b0fa4d3154ad87ffcb","name":"wpAdminCofbOrg","image":{"@type":"ImageObject","inLanguage":"ca","@id":"https:\/\/www.cofb.org\/#\/schema\/person\/image\/","url":"https:\/\/secure.gravatar.com\/avatar\/1721b20b3b8ca882c3b56ec6c978c594fff670e40c0718e9190eaeeb76aae7d8?s=96&d=mm&r=g","contentUrl":"https:\/\/secure.gravatar.com\/avatar\/1721b20b3b8ca882c3b56ec6c978c594fff670e40c0718e9190eaeeb76aae7d8?s=96&d=mm&r=g","caption":"wpAdminCofbOrg"},"sameAs":["http:\/\/192.168.64.122\/wordpress"],"url":"https:\/\/www.cofb.org\/ca\/author\/wpadmincofborg\/"}]}},"uagb_featured_image_src":{"full":["https:\/\/www.cofb.org\/wp-content\/uploads\/2023\/11\/COFB_Lobul-Orella_20102023_2-1024x513-1.jpg",1024,513,false],"thumbnail":["https:\/\/www.cofb.org\/wp-content\/uploads\/2023\/11\/COFB_Lobul-Orella_20102023_2-1024x513-1-150x150.jpg",150,150,true],"medium":["https:\/\/www.cofb.org\/wp-content\/uploads\/2023\/11\/COFB_Lobul-Orella_20102023_2-1024x513-1-300x150.jpg",300,150,true],"medium_large":["https:\/\/www.cofb.org\/wp-content\/uploads\/2023\/11\/COFB_Lobul-Orella_20102023_2-1024x513-1-768x385.jpg",768,385,true],"large":["https:\/\/www.cofb.org\/wp-content\/uploads\/2023\/11\/COFB_Lobul-Orella_20102023_2-1024x513-1.jpg",1024,513,false],"1536x1536":["https:\/\/www.cofb.org\/wp-content\/uploads\/2023\/11\/COFB_Lobul-Orella_20102023_2-1024x513-1.jpg",1024,513,false],"2048x2048":["https:\/\/www.cofb.org\/wp-content\/uploads\/2023\/11\/COFB_Lobul-Orella_20102023_2-1024x513-1.jpg",1024,513,false],"trp-custom-language-flag":["https:\/\/www.cofb.org\/wp-content\/uploads\/2023\/11\/COFB_Lobul-Orella_20102023_2-1024x513-1-18x9.jpg",18,9,true]},"uagb_author_info":{"display_name":"wpAdminCofbOrg","author_link":"https:\/\/www.cofb.org\/ca\/author\/wpadmincofborg\/"},"uagb_comment_info":0,"uagb_excerpt":"El passat 20 d\u2019octubre, el Col\u00b7legi de Farmac\u00e8utics de Barcelona (COFB) va organitzar una nova edici\u00f3 de la formaci\u00f3 \u201cLa perforaci\u00f3 del l\u00f2bul de l\u2019orella a la farm\u00e0cia\u201d, amb el patrocini de PRIM. El seminari va anar a c\u00e0rrec de la farmac\u00e8utica i responsable de negoci de PRIM, Gema Garrig\u00f3s. [&hellip;]","_links":{"self":[{"href":"https:\/\/www.cofb.org\/ca\/wp-json\/wp\/v2\/posts\/70053","targetHints":{"allow":["GET"]}}],"collection":[{"href":"https:\/\/www.cofb.org\/ca\/wp-json\/wp\/v2\/posts"}],"about":[{"href":"https:\/\/www.cofb.org\/ca\/wp-json\/wp\/v2\/types\/post"}],"author":[{"embeddable":true,"href":"https:\/\/www.cofb.org\/ca\/wp-json\/wp\/v2\/users\/1"}],"replies":[{"embeddable":true,"href":"https:\/\/www.cofb.org\/ca\/wp-json\/wp\/v2\/comments?post=70053"}],"version-history":[{"count":1,"href":"https:\/\/www.cofb.org\/ca\/wp-json\/wp\/v2\/posts\/70053\/revisions"}],"predecessor-version":[{"id":70080,"href":"https:\/\/www.cofb.org\/ca\/wp-json\/wp\/v2\/posts\/70053\/revisions\/70080"}],"wp:featuredmedia":[{"embeddable":true,"href":"https:\/\/www.cofb.org\/ca\/wp-json\/wp\/v2\/media\/70079"}],"wp:attachment":[{"href":"https:\/\/www.cofb.org\/ca\/wp-json\/wp\/v2\/media?parent=70053"}],"wp:term":[{"taxonomy":"category","embeddable":true,"href":"https:\/\/www.cofb.org\/ca\/wp-json\/wp\/v2\/categories?post=70053"},{"taxonomy":"post_tag","embeddable":true,"href":"https:\/\/www.cofb.org\/ca\/wp-json\/wp\/v2\/tags?post=70053"}],"curies":[{"name":"wp","href":"https:\/\/api.w.org\/{rel}","templated":true}]}}