{"id":70033,"date":"2023-07-20T12:35:00","date_gmt":"2023-07-20T10:35:00","guid":{"rendered":"https:\/\/blog.cofb.cat\/?p=67235"},"modified":"2023-11-29T12:39:14","modified_gmt":"2023-11-29T12:39:14","slug":"terapia-personalitzada-car-t-en-vam-parlar-dels-seus-avencos-a-la-darrera-tertulia-dactualitat","status":"publish","type":"post","link":"https:\/\/www.cofb.org\/ca\/2023\/07\/20\/terapia-personalitzada-car-t-en-vam-parlar-dels-seus-avencos-a-la-darrera-tertulia-dactualitat\/","title":{"rendered":"Ter\u00e0pia personalitzada CAR-T: en vam parlar dels seus aven\u00e7os a la darrera tert\u00falia d&#8217;actualitat"},"content":{"rendered":"\n<p>El passat 17 de maig, el <strong>Col\u00b7legi de Farmac\u00e8utics de Barcelona (COFB)<\/strong> va organitzar la tert\u00falia d\u2019actualitat \u201c<strong>CAR-T i ter\u00e0pia personalitzada<\/strong>\u201d, la darrera del <strong>Programa de Formaci\u00f3 Continuada 2022-2023<\/strong>. La sessi\u00f3 va anar a c\u00e0rrec de <strong>Luis Gerardo Rodr\u00edguez-Lobato<\/strong>, MD i PhD, especialista de la Unitat d\u2019Amilo\u00efdosi i Mieloma del Departament d\u2019Hematologia de l\u2019Hospital Cl\u00ednic de Barcelona i investigador acreditat de l\u2019Institut d\u2019Investigacions Biom\u00e8diques (IDIBAPS). El vocal d\u2019Oficina de Farm\u00e0cia del COFB, <strong>Guillermo Bagar\u00eda<\/strong>, va moderar la formaci\u00f3.<\/p>\n\n\n\n<figure class=\"wp-block-image size-large\"><a href=\"https:\/\/blog.cofb.cat\/wp-content\/uploads\/2023\/07\/COFB_CAR-T_17052023_2-scaled.jpg\" target=\"_blank\" rel=\"noopener\"><img decoding=\"async\" src=\"https:\/\/blog.cofb.cat\/wp-content\/uploads\/2023\/07\/COFB_CAR-T_17052023_2-1024x576.jpg\" alt=\"El vocal d'Oficina de Farm\u00e0cia del COFB durant la seva intervenci\u00f3.\" class=\"wp-image-67240\" title=\"El vocal d'Oficina de Farm\u00e0cia del COFB durant la seva intervenci\u00f3.\"\/><\/a><figcaption class=\"wp-element-caption\">El vocal d&#8217;Oficina de Farm\u00e0cia del COFB durant la seva intervenci\u00f3.<\/figcaption><\/figure>\n\n\n\n<p>Els <strong>objectius<\/strong> de la tert\u00falia, segons va explicar Bagar\u00eda, van ser <strong>aproximar els aven\u00e7os en relaci\u00f3 amb la ter\u00e0pia CAR-T<\/strong> i tenir coneixement d\u2019aquells que lideren aquesta ter\u00e0pia, que \u201c\u00e9s molt nova i encoratjadora per tots els resultats que hem vist en els nostres pacients\u201d.<\/p>\n\n\n\n<p>El doctor <strong>Luis Gerardo Rodr\u00edguez-Lobato<\/strong> va iniciar la tert\u00falia d\u2019actualitat fent un rep\u00e0s dels diferents <strong>tractaments<\/strong> que existeixen per fer front a les <strong>neopl\u00e0sies malignes<\/strong>. Concretament, va fer refer\u00e8ncia a la <strong>quimioter\u00e0pia<\/strong>, als <strong>f\u00e0rmacs inhibidors espec\u00edfics<\/strong>, la <strong>ter\u00e0pia epigen\u00e8tica<\/strong>, la <strong>radioter\u00e0pia<\/strong>, la <strong>cirurgia<\/strong> i la<strong> immunoter\u00e0pia<\/strong>.<\/p>\n\n\n\n<h2 class=\"wp-block-heading\"><strong>La immunoter\u00e0pia antitumoral&nbsp;&nbsp;&nbsp;&nbsp;&nbsp;&nbsp;&nbsp;&nbsp;&nbsp;&nbsp;&nbsp;&nbsp;&nbsp;&nbsp;&nbsp;<\/strong><\/h2>\n\n\n\n<p>Entre els tractaments que va descriure, el doctor es va centrar en la <strong>immunoter\u00e0pia antitumoral<\/strong>. En primer lloc, va explicar que la humanitat ha utilitzat la immunoter\u00e0pia antitumoral des d\u2019abans del s. XX, fent menci\u00f3 al cirurgi\u00e0 <strong>William B. Coley <\/strong>com a un dels precursors. En segon lloc, va detallar les diferents <strong>estrat\u00e8gies actuals,<\/strong> pel que fa als tractaments amb immunoter\u00e0pia com l\u2019<strong>administraci\u00f3 de Rituximab<\/strong> i de <strong>Cytokine<\/strong> i el <strong>transplantament al\u00b7log\u00e8nic de c\u00e8l\u00b7lules mare<\/strong>. Tamb\u00e9 va compartir algunes de les <strong>t\u00e8cniques m\u00e9s noves<\/strong> com els <strong>limf\u00f2cits que infiltren tumors<\/strong>, els <strong>anticossos biespec\u00edfics<\/strong> i la <strong>ter\u00e0pia CAR-T.<\/strong><\/p>\n\n\n\n<h2 class=\"wp-block-heading\"><strong>La ter\u00e0pia CAR-T: concepte, pros i contres i caracter\u00edstiques dels limf\u00f2cits T<\/strong><\/h2>\n\n\n\n<p>\u201cEs treballa amb la <strong>ter\u00e0pia CAR-T<\/strong> des dels anys vuitanta i els doctors <strong>Zelig Eshhar<\/strong> i <strong>Gideon Gross<\/strong> s\u00f3n els principals <strong>investigadors<\/strong> que van tenir la idea de generar la <strong>prote\u00efna quim\u00e8rica<\/strong>, <strong>CAR<\/strong>\u201d, segons va indicar el doctor. Mitjan\u00e7ant una infografia, va exemplificar <strong>qu\u00e8 \u00e9s la prote\u00efna quim\u00e8rica CAR<\/strong>: \u201cuna prote\u00efna que <strong>s\u2019uneix espec\u00edficament a una diana<\/strong>, que nosaltres dirigim&nbsp;de la <strong>c\u00e8l\u00b7lula tumoral<\/strong>. Despr\u00e9s, un seguit de <strong>prote\u00efnes creuen la membrana cel\u00b7lular del limf\u00f2cit T<\/strong>, entren a l\u2019intracel\u00b7lular i a uns dominis d\u2019estimulaci\u00f3 perqu\u00e8 el <strong>limf\u00f2cit T detecti la c\u00e8l\u00b7lula tumoral maligna<\/strong>, s\u2019activi i s\u2019expandeixi <strong>per destruir la c\u00e8l\u00b7lula tumoral<\/strong>\u201d.<\/p>\n\n\n\n<figure class=\"wp-block-image size-large is-resized\"><a href=\"https:\/\/blog.cofb.cat\/wp-content\/uploads\/2023\/07\/COFB_CAR-T_17052023_1-scaled.jpg\" target=\"_blank\" rel=\"noopener\"><img decoding=\"async\" src=\"https:\/\/blog.cofb.cat\/wp-content\/uploads\/2023\/07\/COFB_CAR-T_17052023_1-1024x576.jpg\" alt=\"El Dr. Rodr\u00edguez-Lobato en un moment de la tert\u00falia d'actualitat. \" class=\"wp-image-67239\" style=\"width:840px;height:472px\" title=\"El Dr. Rodr\u00edguez-Lobato en un moment de la tert\u00falia d'actualitat. \"\/><\/a><figcaption class=\"wp-element-caption\">El Dr. Rodr\u00edguez-Lobato en un moment de la tert\u00falia d&#8217;actualitat. <\/figcaption><\/figure>\n\n\n\n<p>\u201cEls <strong>anticossos monoclonals<\/strong> tenen determinades <strong>caracter\u00edstiques positives<\/strong>, ja que s\u00f3n molt <strong>espec\u00edfics<\/strong>, els podem <strong>dirigir<\/strong> cap a les mol\u00e8cules que vulguem i s\u00f3n <strong>independents del complex d&#8217;histocompatibilitat principal (MHC)<\/strong>\u201d, va comentar Luis Gerardo. Pel que fa a les <strong>caracter\u00edstiques negatives<\/strong> d\u2019aquests, va dir que \u201ctenen <strong>baixa pot\u00e8ncia<\/strong> i <strong>no persisteixen<\/strong>\u201d. En canvi, respecte a les <strong>caracter\u00edstiques dels limf\u00f2cits T,<\/strong> el doctor va assegurar que \u201ctenen certes peculiaritats amb molta import\u00e0ncia: s\u00f3n molt <strong>potents<\/strong>, poden <strong>persistir molts anys<\/strong>, per\u00f2 <strong>no els podem dirigir<\/strong> cap a una <strong>diana espec\u00edfica<\/strong>\u201d.<\/p>\n\n\n\n<p><strong>L\u2019objectiu<\/strong> dels investigadors va ser buscar els <strong>beneficis que els anticossos monoclonals i els limf\u00f2cits T <\/strong>oferien en immunologia, segons Rodr\u00edguez-Lobato. \u201cPer fer-ho, van <strong>crear una prote\u00efna quim\u00e8rica (limf\u00f2cit T i CAR), <\/strong>que \u00e9s la uni\u00f3 d\u2019un antic\u00f2s monoclonal i el receptor del limf\u00f2cit T, amb tots els <strong>beneficis d\u2019aquestes dues branques de la immunologia<\/strong>\u201d, va indicar.<\/p>\n\n\n\n<h3 class=\"wp-block-heading\"><strong>Quin \u00e9s el mecanisme d\u2019acci\u00f3 de la c\u00e8l\u00b7lula CAR-T?<\/strong><\/h3>\n\n\n\n<p>Seguidament, l\u2019especialista de la Unitat d\u2019Amilo\u00efdosi i Mieloma del Departament d\u2019Hematologia va especificar quin \u00e9s el <strong>mecanisme d\u2019acci\u00f3 de la c\u00e8l\u00b7lula CAR-T<\/strong>. \u201cEl que volem fer \u00e9s <strong>crear un limf\u00f2cit T<\/strong> que vagi dirigit exclusivament a les c\u00e8l\u00b7lules que expressen aquests ant\u00edgens. Per fer-ho, constru\u00efm un virus, que en el seu interior contingui el material gen\u00e8tic per al CAR, i fem que infecti el limf\u00f2cit T. D\u2019aquesta manera, el material gen\u00e8tic del CAR s\u2019integra en el DNA del limf\u00f2cit T i, utilitzant la maquin\u00e0ria del limf\u00f2cit T per produir prote\u00efnes, produir\u00e0 el CAR i s\u2019expressar\u00e0. Amb aix\u00f2, el limf\u00f2cit T detectar\u00e0 la c\u00e8l\u00b7lula tumoral i la destruir\u00e0\u201d, va detallar.<\/p>\n\n\n\n<figure class=\"wp-block-image size-large\"><a href=\"https:\/\/blog.cofb.cat\/wp-content\/uploads\/2023\/07\/COFB_CAR-T_17052023_3-scaled.jpg\" target=\"_blank\" rel=\"noopener\"><img decoding=\"async\" src=\"https:\/\/blog.cofb.cat\/wp-content\/uploads\/2023\/07\/COFB_CAR-T_17052023_3-1024x576.jpg\" alt=\"\" class=\"wp-image-67241\"\/><\/a><\/figure>\n\n\n\n<p>Segons el doctor, aquesta ter\u00e0pia ha estat una gran revoluci\u00f3 perqu\u00e8 <strong>combina<\/strong> la <strong>immunoter\u00e0pia<\/strong>, la <strong>ter\u00e0pia cel\u00b7lular<\/strong>, la <strong>g\u00e8nica<\/strong> i la <strong>dirigida<\/strong>. Tamb\u00e9 va exposar quina ha estat l\u2019evoluci\u00f3 de la ter\u00e0pia CAR-T, que \u201c<strong>t\u00e9 possibilitats il\u00b7limitades<\/strong>\u201d, fent refer\u00e8ncia a la ter\u00e0pia de primera generaci\u00f3, segona, tercera i quarta (que de moment nom\u00e9s es treballa en el laboratori).<\/p>\n\n\n\n<h3 class=\"wp-block-heading\"><strong>Malalties hematol\u00f2giques<\/strong><\/h3>\n\n\n\n<p>El ponent va mencionar les <strong>cinc malalties hematol\u00f2giques<\/strong> &#8220;amb molt mal pron\u00f2stic&#8221; \u2013 la <strong>leuc\u00e8mia limfobl\u00e0stica aguda B, el limfoma de c\u00e8l\u00b7lules grans B, el limfoma fol\u00b7licular, el limfoma de c\u00e8l\u00b7lules del mantell i el mieloma m\u00faltiple<\/strong> \u2013 amb les quals ja s\u2019ha iniciat la ter\u00e0pia CAR-T. Tamb\u00e9 va mostrar alguns gr\u00e0fics amb el pron\u00f2stic de superviv\u00e8ncia d\u2019aquestes malalties, que mostren com la ter\u00e0pia CAR-T els ha millorat.<\/p>\n\n\n\n<p>Pel que fa als <strong>tractaments espec\u00edfics<\/strong>, Luis Gerardo va compartir els <strong>medicaments<\/strong>, segons cada patologia i aprovats per la EMA i la FDA, i la cronologia de com han anat evolucionat, els gr\u00e0fics del creixement d\u2019aquesta ter\u00e0pia i l\u2019escenari global dels assajos cl\u00ednics que s\u2019estan duent a terme.<\/p>\n\n\n\n<p>En la darrera part de la tert\u00falia d\u2019actualitat, el doctor va comentar els <strong>diversos inconvenients de la ter\u00e0pia personalitzada amb CAR-T<\/strong>, la <strong>toxicitat<\/strong> que comporta, el procediment per a <strong>l\u2019administraci\u00f3<\/strong> d\u2019aquest tractament i el <strong>dif\u00edcil acc\u00e9s<\/strong> d\u2019aquest, ja que \u201ct\u00e9 un <strong>cost molt elevat\u201d<\/strong>. En aquest sentit, va indicar que una soluci\u00f3 \u00e9s que l\u2019hospital fabriqui els seus propis CAR-T, com a exemple va exposar el cas de <strong>l\u2019Hospital Cl\u00ednic<\/strong>, el <strong>primer hospital de la Uni\u00f3 Europea<\/strong> en <strong>desenvolupar CAR-T per al mieloma m\u00faltiple<\/strong>.<\/p>\n\n\n\n<p><\/p>\n\n\n\n<p><strong>Altres publicacions d\u2019inter\u00e8s:<\/strong><\/p>\n\n\n\n<ul class=\"wp-block-list\">\n<li><a href=\"https:\/\/blog.cofb.cat\/blog\/2023\/04\/26\/els-avencos-de-la-farmacogenetica-tema-central-de-la-darrera-tertulia-dactualitat\/\" target=\"_blank\" rel=\"noreferrer noopener\">Els aven\u00e7os de la farmacogen\u00e8tica, tema central de la darrera tert\u00falia d\u2019actualitat (Abril 2023)<\/a><\/li>\n\n\n\n<li><a href=\"https:\/\/blog.cofb.cat\/blog\/2023\/02\/24\/quines-son-les-tendencies-actuals-en-addiccions-en-vam-parlar-a-una-nova-tertulia-dactualitat\/\" target=\"_blank\" rel=\"noreferrer noopener\">Quines s\u00f3n les tend\u00e8ncies actuals en addiccions? En vam parlar a una nova tert\u00falia d\u2019actualitat (Febrer 2023)<\/a><\/li>\n\n\n\n<li><a href=\"https:\/\/blog.cofb.cat\/blog\/2022\/07\/12\/com-seran-els-farmacs-del-futur-nova-tertulia-dactualitat-al-cofb\/\" target=\"_blank\" rel=\"noreferrer noopener\">Com seran els f\u00e0rmacs del futur? Nova tert\u00falia d\u2019actualitat al COFB (Juliol 2022)<\/a><\/li>\n<\/ul>\n\n\n\n<p><\/p>\n","protected":false},"excerpt":{"rendered":"<p>El passat 17 de maig, el Col\u00b7legi de Farmac\u00e8utics de Barcelona (COFB) va organitzar la tert\u00falia d\u2019actualitat \u201cCAR-T i ter\u00e0pia personalitzada\u201d, la darrera del Programa de Formaci\u00f3 Continuada 2022-2023. La sessi\u00f3 va anar a c\u00e0rrec de Luis Gerardo Rodr\u00edguez-Lobato, MD i PhD, especialista de la Unitat d\u2019Amilo\u00efdosi i Mieloma del [&hellip;]<\/p>\n","protected":false},"author":1,"featured_media":70109,"comment_status":"open","ping_status":"open","sticky":false,"template":"","format":"standard","meta":{"_uag_custom_page_level_css":"","site-sidebar-layout":"default","site-content-layout":"","ast-site-content-layout":"default","site-content-style":"default","site-sidebar-style":"default","ast-global-header-display":"","ast-banner-title-visibility":"","ast-main-header-display":"","ast-hfb-above-header-display":"","ast-hfb-below-header-display":"","ast-hfb-mobile-header-display":"","site-post-title":"","ast-breadcrumbs-content":"","ast-featured-img":"disabled","footer-sml-layout":"","theme-transparent-header-meta":"","adv-header-id-meta":"","stick-header-meta":"","header-above-stick-meta":"","header-main-stick-meta":"","header-below-stick-meta":"","astra-migrate-meta-layouts":"set","ast-page-background-enabled":"default","ast-page-background-meta":{"desktop":{"background-color":"var(--ast-global-color-4)","background-image":"","background-repeat":"repeat","background-position":"center center","background-size":"auto","background-attachment":"scroll","background-type":"","background-media":"","overlay-type":"","overlay-color":"","overlay-opacity":"","overlay-gradient":""},"tablet":{"background-color":"","background-image":"","background-repeat":"repeat","background-position":"center center","background-size":"auto","background-attachment":"scroll","background-type":"","background-media":"","overlay-type":"","overlay-color":"","overlay-opacity":"","overlay-gradient":""},"mobile":{"background-color":"","background-image":"","background-repeat":"repeat","background-position":"center center","background-size":"auto","background-attachment":"scroll","background-type":"","background-media":"","overlay-type":"","overlay-color":"","overlay-opacity":"","overlay-gradient":""}},"ast-content-background-meta":{"desktop":{"background-color":"var(--ast-global-color-5)","background-image":"","background-repeat":"repeat","background-position":"center center","background-size":"auto","background-attachment":"scroll","background-type":"","background-media":"","overlay-type":"","overlay-color":"","overlay-opacity":"","overlay-gradient":""},"tablet":{"background-color":"var(--ast-global-color-5)","background-image":"","background-repeat":"repeat","background-position":"center center","background-size":"auto","background-attachment":"scroll","background-type":"","background-media":"","overlay-type":"","overlay-color":"","overlay-opacity":"","overlay-gradient":""},"mobile":{"background-color":"var(--ast-global-color-5)","background-image":"","background-repeat":"repeat","background-position":"center center","background-size":"auto","background-attachment":"scroll","background-type":"","background-media":"","overlay-type":"","overlay-color":"","overlay-opacity":"","overlay-gradient":""}},"footnotes":""},"categories":[23,57],"tags":[847,18,19,53,68,70,515,1039,4713,4714,637,752,3094],"class_list":["post-70033","post","type-post","status-publish","format-standard","has-post-thumbnail","hentry","category-destacats","category-mon-collegial","tag-anticossos-monoclonals","tag-cofb","tag-collegi-de-farmaceutics-de-barcelona","tag-farmaceutics","tag-farmacia","tag-formacio","tag-immunoterapia","tag-leucemia","tag-limfoma","tag-limfoma-de-cellules-mantell","tag-programa-de-formacio-continuada","tag-terapia","tag-tractaments"],"yoast_head":"<!-- This site is optimized with the Yoast SEO plugin v22.4 - https:\/\/yoast.com\/wordpress\/plugins\/seo\/ -->\n<title>Ter\u00e0pia personalitzada CAR-T: en vam parlar dels seus aven\u00e7os a la darrera tert\u00falia d&#039;actualitat - Col\u00b7legi de Farmac\u00e8utics de Barcelona<\/title>\n<meta name=\"description\" content=\"El passat 17 de maig, el Col\u00b7legi de Farmac\u00e8utics de Barcelona (COFB) va organitzar la tert\u00falia \u201cCAR-T i ter\u00e0pia personalitzada\u201d.\" \/>\n<meta name=\"robots\" content=\"index, follow, max-snippet:-1, max-image-preview:large, max-video-preview:-1\" \/>\n<link rel=\"canonical\" href=\"https:\/\/novaorg.cofb.net\/2023\/07\/20\/terapia-personalitzada-car-t-en-vam-parlar-dels-seus-avencos-a-la-darrera-tertulia-dactualitat\/\" \/>\n<meta property=\"og:locale\" content=\"ca_ES\" \/>\n<meta property=\"og:type\" content=\"article\" \/>\n<meta property=\"og:title\" content=\"Ter\u00e0pia personalitzada CAR-T: en vam parlar dels seus aven\u00e7os a la darrera tert\u00falia d&#039;actualitat - Col\u00b7legi de Farmac\u00e8utics de Barcelona\" \/>\n<meta property=\"og:description\" content=\"El passat 17 de maig, el Col\u00b7legi de Farmac\u00e8utics de Barcelona (COFB) va organitzar la tert\u00falia \u201cCAR-T i ter\u00e0pia personalitzada\u201d.\" \/>\n<meta property=\"og:url\" content=\"https:\/\/novaorg.cofb.net\/2023\/07\/20\/terapia-personalitzada-car-t-en-vam-parlar-dels-seus-avencos-a-la-darrera-tertulia-dactualitat\/\" \/>\n<meta property=\"og:site_name\" content=\"Col\u00b7legi de Farmac\u00e8utics de Barcelona\" \/>\n<meta property=\"article:publisher\" content=\"https:\/\/www.facebook.com\/farmaceuticsbcn\/\" \/>\n<meta property=\"article:published_time\" content=\"2023-07-20T10:35:00+00:00\" \/>\n<meta property=\"article:modified_time\" content=\"2023-11-29T12:39:14+00:00\" \/>\n<meta property=\"og:image\" content=\"https:\/\/novaorg.cofb.net\/wp-content\/uploads\/2023\/07\/COFB_CAR-T_17052023_2-1024x576-1.jpg\" \/>\n\t<meta property=\"og:image:width\" content=\"1024\" \/>\n\t<meta property=\"og:image:height\" content=\"576\" \/>\n\t<meta property=\"og:image:type\" content=\"image\/jpeg\" \/>\n<meta name=\"author\" content=\"wpAdminCofbOrg\" \/>\n<meta name=\"twitter:card\" content=\"summary_large_image\" \/>\n<meta name=\"twitter:creator\" content=\"@farmaceuticsbcn\" \/>\n<meta name=\"twitter:site\" content=\"@farmaceuticsbcn\" \/>\n<meta name=\"twitter:label1\" content=\"Escrit per\" \/>\n\t<meta name=\"twitter:data1\" content=\"wpAdminCofbOrg\" \/>\n\t<meta name=\"twitter:label2\" content=\"Temps estimat de lectura\" \/>\n\t<meta name=\"twitter:data2\" content=\"5 minuts\" \/>\n<script type=\"application\/ld+json\" class=\"yoast-schema-graph\">{\"@context\":\"https:\/\/schema.org\",\"@graph\":[{\"@type\":\"Article\",\"@id\":\"https:\/\/novaorg.cofb.net\/2023\/07\/20\/terapia-personalitzada-car-t-en-vam-parlar-dels-seus-avencos-a-la-darrera-tertulia-dactualitat\/#article\",\"isPartOf\":{\"@id\":\"https:\/\/novaorg.cofb.net\/2023\/07\/20\/terapia-personalitzada-car-t-en-vam-parlar-dels-seus-avencos-a-la-darrera-tertulia-dactualitat\/\"},\"author\":{\"name\":\"wpAdminCofbOrg\",\"@id\":\"https:\/\/www.cofb.org\/#\/schema\/person\/22ed7eea88da74b0fa4d3154ad87ffcb\"},\"headline\":\"Ter\u00e0pia personalitzada CAR-T: en vam parlar dels seus aven\u00e7os a la darrera tert\u00falia d&#8217;actualitat\",\"datePublished\":\"2023-07-20T10:35:00+00:00\",\"dateModified\":\"2023-11-29T12:39:14+00:00\",\"mainEntityOfPage\":{\"@id\":\"https:\/\/novaorg.cofb.net\/2023\/07\/20\/terapia-personalitzada-car-t-en-vam-parlar-dels-seus-avencos-a-la-darrera-tertulia-dactualitat\/\"},\"wordCount\":1200,\"commentCount\":0,\"publisher\":{\"@id\":\"https:\/\/www.cofb.org\/#organization\"},\"image\":{\"@id\":\"https:\/\/novaorg.cofb.net\/2023\/07\/20\/terapia-personalitzada-car-t-en-vam-parlar-dels-seus-avencos-a-la-darrera-tertulia-dactualitat\/#primaryimage\"},\"thumbnailUrl\":\"https:\/\/www.cofb.org\/wp-content\/uploads\/2023\/07\/COFB_CAR-T_17052023_2-1024x576-1.jpg\",\"keywords\":[\"anticossos monoclonals\",\"COFB\",\"Col\u00b7legi de Farmac\u00e8utics de Barcelona\",\"farmac\u00e8utics\",\"Farm\u00e0cia\",\"Formaci\u00f3\",\"immunoter\u00e0pia\",\"Leuc\u00e8mia\",\"limfoma\",\"limfoma de c\u00e8l\u00b7lules mantell\",\"programa de formaci\u00f3 continuada\",\"ter\u00e0pia\",\"tractaments\"],\"articleSection\":[\"Destacats\",\"M\u00f3n col\u00b7legial\"],\"inLanguage\":\"ca\",\"potentialAction\":[{\"@type\":\"CommentAction\",\"name\":\"Comment\",\"target\":[\"https:\/\/novaorg.cofb.net\/2023\/07\/20\/terapia-personalitzada-car-t-en-vam-parlar-dels-seus-avencos-a-la-darrera-tertulia-dactualitat\/#respond\"]}]},{\"@type\":\"WebPage\",\"@id\":\"https:\/\/novaorg.cofb.net\/2023\/07\/20\/terapia-personalitzada-car-t-en-vam-parlar-dels-seus-avencos-a-la-darrera-tertulia-dactualitat\/\",\"url\":\"https:\/\/novaorg.cofb.net\/2023\/07\/20\/terapia-personalitzada-car-t-en-vam-parlar-dels-seus-avencos-a-la-darrera-tertulia-dactualitat\/\",\"name\":\"Ter\u00e0pia personalitzada CAR-T: en vam parlar dels seus aven\u00e7os a la darrera tert\u00falia d'actualitat - Col\u00b7legi de Farmac\u00e8utics de Barcelona\",\"isPartOf\":{\"@id\":\"https:\/\/www.cofb.org\/#website\"},\"primaryImageOfPage\":{\"@id\":\"https:\/\/novaorg.cofb.net\/2023\/07\/20\/terapia-personalitzada-car-t-en-vam-parlar-dels-seus-avencos-a-la-darrera-tertulia-dactualitat\/#primaryimage\"},\"image\":{\"@id\":\"https:\/\/novaorg.cofb.net\/2023\/07\/20\/terapia-personalitzada-car-t-en-vam-parlar-dels-seus-avencos-a-la-darrera-tertulia-dactualitat\/#primaryimage\"},\"thumbnailUrl\":\"https:\/\/www.cofb.org\/wp-content\/uploads\/2023\/07\/COFB_CAR-T_17052023_2-1024x576-1.jpg\",\"datePublished\":\"2023-07-20T10:35:00+00:00\",\"dateModified\":\"2023-11-29T12:39:14+00:00\",\"description\":\"El passat 17 de maig, el Col\u00b7legi de Farmac\u00e8utics de Barcelona (COFB) va organitzar la tert\u00falia \u201cCAR-T i ter\u00e0pia personalitzada\u201d.\",\"breadcrumb\":{\"@id\":\"https:\/\/novaorg.cofb.net\/2023\/07\/20\/terapia-personalitzada-car-t-en-vam-parlar-dels-seus-avencos-a-la-darrera-tertulia-dactualitat\/#breadcrumb\"},\"inLanguage\":\"ca\",\"potentialAction\":[{\"@type\":\"ReadAction\",\"target\":[\"https:\/\/novaorg.cofb.net\/2023\/07\/20\/terapia-personalitzada-car-t-en-vam-parlar-dels-seus-avencos-a-la-darrera-tertulia-dactualitat\/\"]}]},{\"@type\":\"ImageObject\",\"inLanguage\":\"ca\",\"@id\":\"https:\/\/novaorg.cofb.net\/2023\/07\/20\/terapia-personalitzada-car-t-en-vam-parlar-dels-seus-avencos-a-la-darrera-tertulia-dactualitat\/#primaryimage\",\"url\":\"https:\/\/www.cofb.org\/wp-content\/uploads\/2023\/07\/COFB_CAR-T_17052023_2-1024x576-1.jpg\",\"contentUrl\":\"https:\/\/www.cofb.org\/wp-content\/uploads\/2023\/07\/COFB_CAR-T_17052023_2-1024x576-1.jpg\",\"width\":1024,\"height\":576},{\"@type\":\"BreadcrumbList\",\"@id\":\"https:\/\/novaorg.cofb.net\/2023\/07\/20\/terapia-personalitzada-car-t-en-vam-parlar-dels-seus-avencos-a-la-darrera-tertulia-dactualitat\/#breadcrumb\",\"itemListElement\":[{\"@type\":\"ListItem\",\"position\":1,\"name\":\"Inici\",\"item\":\"https:\/\/novaorg.cofb.net\/\"},{\"@type\":\"ListItem\",\"position\":2,\"name\":\"Ter\u00e0pia personalitzada CAR-T: en vam parlar dels seus aven\u00e7os a la darrera tert\u00falia d&#8217;actualitat\"}]},{\"@type\":\"WebSite\",\"@id\":\"https:\/\/www.cofb.org\/#website\",\"url\":\"https:\/\/www.cofb.org\/\",\"name\":\"Col\u00b7legi de Farmac\u00e8utics de Barcelona\",\"description\":\"\",\"publisher\":{\"@id\":\"https:\/\/www.cofb.org\/#organization\"},\"potentialAction\":[{\"@type\":\"SearchAction\",\"target\":{\"@type\":\"EntryPoint\",\"urlTemplate\":\"https:\/\/www.cofb.org\/?s={search_term_string}\"},\"query-input\":\"required name=search_term_string\"}],\"inLanguage\":\"ca\"},{\"@type\":\"Organization\",\"@id\":\"https:\/\/www.cofb.org\/#organization\",\"name\":\"Col\u00b7legi de Farmac\u00e8utics de Barcelona\",\"url\":\"https:\/\/www.cofb.org\/\",\"logo\":{\"@type\":\"ImageObject\",\"inLanguage\":\"ca\",\"@id\":\"https:\/\/www.cofb.org\/#\/schema\/logo\/image\/\",\"url\":\"https:\/\/www.cofb.org\/wp-content\/uploads\/2023\/11\/cropped-Logotip-COFB.png\",\"contentUrl\":\"https:\/\/www.cofb.org\/wp-content\/uploads\/2023\/11\/cropped-Logotip-COFB.png\",\"width\":500,\"height\":105,\"caption\":\"Col\u00b7legi de Farmac\u00e8utics de Barcelona\"},\"image\":{\"@id\":\"https:\/\/www.cofb.org\/#\/schema\/logo\/image\/\"},\"sameAs\":[\"https:\/\/www.facebook.com\/farmaceuticsbcn\/\",\"https:\/\/twitter.com\/farmaceuticsbcn\",\"https:\/\/www.instagram.com\/farmaceuticsbcn\/\",\"https:\/\/www.linkedin.com\/company\/farmaceuticsbcn\/\"]},{\"@type\":\"Person\",\"@id\":\"https:\/\/www.cofb.org\/#\/schema\/person\/22ed7eea88da74b0fa4d3154ad87ffcb\",\"name\":\"wpAdminCofbOrg\",\"image\":{\"@type\":\"ImageObject\",\"inLanguage\":\"ca\",\"@id\":\"https:\/\/www.cofb.org\/#\/schema\/person\/image\/\",\"url\":\"https:\/\/secure.gravatar.com\/avatar\/1721b20b3b8ca882c3b56ec6c978c594fff670e40c0718e9190eaeeb76aae7d8?s=96&d=mm&r=g\",\"contentUrl\":\"https:\/\/secure.gravatar.com\/avatar\/1721b20b3b8ca882c3b56ec6c978c594fff670e40c0718e9190eaeeb76aae7d8?s=96&d=mm&r=g\",\"caption\":\"wpAdminCofbOrg\"},\"sameAs\":[\"http:\/\/192.168.64.122\/wordpress\"],\"url\":\"https:\/\/www.cofb.org\/ca\/author\/wpadmincofborg\/\"}]}<\/script>\n<!-- \/ Yoast SEO plugin. -->","yoast_head_json":{"title":"Ter\u00e0pia personalitzada CAR-T: en vam parlar dels seus aven\u00e7os a la darrera tert\u00falia d'actualitat - Col\u00b7legi de Farmac\u00e8utics de Barcelona","description":"El passat 17 de maig, el Col\u00b7legi de Farmac\u00e8utics de Barcelona (COFB) va organitzar la tert\u00falia \u201cCAR-T i ter\u00e0pia personalitzada\u201d.","robots":{"index":"index","follow":"follow","max-snippet":"max-snippet:-1","max-image-preview":"max-image-preview:large","max-video-preview":"max-video-preview:-1"},"canonical":"https:\/\/novaorg.cofb.net\/2023\/07\/20\/terapia-personalitzada-car-t-en-vam-parlar-dels-seus-avencos-a-la-darrera-tertulia-dactualitat\/","og_locale":"ca_ES","og_type":"article","og_title":"Ter\u00e0pia personalitzada CAR-T: en vam parlar dels seus aven\u00e7os a la darrera tert\u00falia d'actualitat - Col\u00b7legi de Farmac\u00e8utics de Barcelona","og_description":"El passat 17 de maig, el Col\u00b7legi de Farmac\u00e8utics de Barcelona (COFB) va organitzar la tert\u00falia \u201cCAR-T i ter\u00e0pia personalitzada\u201d.","og_url":"https:\/\/novaorg.cofb.net\/2023\/07\/20\/terapia-personalitzada-car-t-en-vam-parlar-dels-seus-avencos-a-la-darrera-tertulia-dactualitat\/","og_site_name":"Col\u00b7legi de Farmac\u00e8utics de Barcelona","article_publisher":"https:\/\/www.facebook.com\/farmaceuticsbcn\/","article_published_time":"2023-07-20T10:35:00+00:00","article_modified_time":"2023-11-29T12:39:14+00:00","og_image":[{"width":1024,"height":576,"url":"https:\/\/novaorg.cofb.net\/wp-content\/uploads\/2023\/07\/COFB_CAR-T_17052023_2-1024x576-1.jpg","type":"image\/jpeg"}],"author":"wpAdminCofbOrg","twitter_card":"summary_large_image","twitter_creator":"@farmaceuticsbcn","twitter_site":"@farmaceuticsbcn","twitter_misc":{"Escrit per":"wpAdminCofbOrg","Temps estimat de lectura":"5 minuts"},"schema":{"@context":"https:\/\/schema.org","@graph":[{"@type":"Article","@id":"https:\/\/novaorg.cofb.net\/2023\/07\/20\/terapia-personalitzada-car-t-en-vam-parlar-dels-seus-avencos-a-la-darrera-tertulia-dactualitat\/#article","isPartOf":{"@id":"https:\/\/novaorg.cofb.net\/2023\/07\/20\/terapia-personalitzada-car-t-en-vam-parlar-dels-seus-avencos-a-la-darrera-tertulia-dactualitat\/"},"author":{"name":"wpAdminCofbOrg","@id":"https:\/\/www.cofb.org\/#\/schema\/person\/22ed7eea88da74b0fa4d3154ad87ffcb"},"headline":"Ter\u00e0pia personalitzada CAR-T: en vam parlar dels seus aven\u00e7os a la darrera tert\u00falia d&#8217;actualitat","datePublished":"2023-07-20T10:35:00+00:00","dateModified":"2023-11-29T12:39:14+00:00","mainEntityOfPage":{"@id":"https:\/\/novaorg.cofb.net\/2023\/07\/20\/terapia-personalitzada-car-t-en-vam-parlar-dels-seus-avencos-a-la-darrera-tertulia-dactualitat\/"},"wordCount":1200,"commentCount":0,"publisher":{"@id":"https:\/\/www.cofb.org\/#organization"},"image":{"@id":"https:\/\/novaorg.cofb.net\/2023\/07\/20\/terapia-personalitzada-car-t-en-vam-parlar-dels-seus-avencos-a-la-darrera-tertulia-dactualitat\/#primaryimage"},"thumbnailUrl":"https:\/\/www.cofb.org\/wp-content\/uploads\/2023\/07\/COFB_CAR-T_17052023_2-1024x576-1.jpg","keywords":["anticossos monoclonals","COFB","Col\u00b7legi de Farmac\u00e8utics de Barcelona","farmac\u00e8utics","Farm\u00e0cia","Formaci\u00f3","immunoter\u00e0pia","Leuc\u00e8mia","limfoma","limfoma de c\u00e8l\u00b7lules mantell","programa de formaci\u00f3 continuada","ter\u00e0pia","tractaments"],"articleSection":["Destacats","M\u00f3n col\u00b7legial"],"inLanguage":"ca","potentialAction":[{"@type":"CommentAction","name":"Comment","target":["https:\/\/novaorg.cofb.net\/2023\/07\/20\/terapia-personalitzada-car-t-en-vam-parlar-dels-seus-avencos-a-la-darrera-tertulia-dactualitat\/#respond"]}]},{"@type":"WebPage","@id":"https:\/\/novaorg.cofb.net\/2023\/07\/20\/terapia-personalitzada-car-t-en-vam-parlar-dels-seus-avencos-a-la-darrera-tertulia-dactualitat\/","url":"https:\/\/novaorg.cofb.net\/2023\/07\/20\/terapia-personalitzada-car-t-en-vam-parlar-dels-seus-avencos-a-la-darrera-tertulia-dactualitat\/","name":"Ter\u00e0pia personalitzada CAR-T: en vam parlar dels seus aven\u00e7os a la darrera tert\u00falia d'actualitat - Col\u00b7legi de Farmac\u00e8utics de Barcelona","isPartOf":{"@id":"https:\/\/www.cofb.org\/#website"},"primaryImageOfPage":{"@id":"https:\/\/novaorg.cofb.net\/2023\/07\/20\/terapia-personalitzada-car-t-en-vam-parlar-dels-seus-avencos-a-la-darrera-tertulia-dactualitat\/#primaryimage"},"image":{"@id":"https:\/\/novaorg.cofb.net\/2023\/07\/20\/terapia-personalitzada-car-t-en-vam-parlar-dels-seus-avencos-a-la-darrera-tertulia-dactualitat\/#primaryimage"},"thumbnailUrl":"https:\/\/www.cofb.org\/wp-content\/uploads\/2023\/07\/COFB_CAR-T_17052023_2-1024x576-1.jpg","datePublished":"2023-07-20T10:35:00+00:00","dateModified":"2023-11-29T12:39:14+00:00","description":"El passat 17 de maig, el Col\u00b7legi de Farmac\u00e8utics de Barcelona (COFB) va organitzar la tert\u00falia \u201cCAR-T i ter\u00e0pia personalitzada\u201d.","breadcrumb":{"@id":"https:\/\/novaorg.cofb.net\/2023\/07\/20\/terapia-personalitzada-car-t-en-vam-parlar-dels-seus-avencos-a-la-darrera-tertulia-dactualitat\/#breadcrumb"},"inLanguage":"ca","potentialAction":[{"@type":"ReadAction","target":["https:\/\/novaorg.cofb.net\/2023\/07\/20\/terapia-personalitzada-car-t-en-vam-parlar-dels-seus-avencos-a-la-darrera-tertulia-dactualitat\/"]}]},{"@type":"ImageObject","inLanguage":"ca","@id":"https:\/\/novaorg.cofb.net\/2023\/07\/20\/terapia-personalitzada-car-t-en-vam-parlar-dels-seus-avencos-a-la-darrera-tertulia-dactualitat\/#primaryimage","url":"https:\/\/www.cofb.org\/wp-content\/uploads\/2023\/07\/COFB_CAR-T_17052023_2-1024x576-1.jpg","contentUrl":"https:\/\/www.cofb.org\/wp-content\/uploads\/2023\/07\/COFB_CAR-T_17052023_2-1024x576-1.jpg","width":1024,"height":576},{"@type":"BreadcrumbList","@id":"https:\/\/novaorg.cofb.net\/2023\/07\/20\/terapia-personalitzada-car-t-en-vam-parlar-dels-seus-avencos-a-la-darrera-tertulia-dactualitat\/#breadcrumb","itemListElement":[{"@type":"ListItem","position":1,"name":"Inici","item":"https:\/\/novaorg.cofb.net\/"},{"@type":"ListItem","position":2,"name":"Ter\u00e0pia personalitzada CAR-T: en vam parlar dels seus aven\u00e7os a la darrera tert\u00falia d&#8217;actualitat"}]},{"@type":"WebSite","@id":"https:\/\/www.cofb.org\/#website","url":"https:\/\/www.cofb.org\/","name":"Col\u00b7legi de Farmac\u00e8utics de Barcelona","description":"","publisher":{"@id":"https:\/\/www.cofb.org\/#organization"},"potentialAction":[{"@type":"SearchAction","target":{"@type":"EntryPoint","urlTemplate":"https:\/\/www.cofb.org\/?s={search_term_string}"},"query-input":"required name=search_term_string"}],"inLanguage":"ca"},{"@type":"Organization","@id":"https:\/\/www.cofb.org\/#organization","name":"Col\u00b7legi de Farmac\u00e8utics de Barcelona","url":"https:\/\/www.cofb.org\/","logo":{"@type":"ImageObject","inLanguage":"ca","@id":"https:\/\/www.cofb.org\/#\/schema\/logo\/image\/","url":"https:\/\/www.cofb.org\/wp-content\/uploads\/2023\/11\/cropped-Logotip-COFB.png","contentUrl":"https:\/\/www.cofb.org\/wp-content\/uploads\/2023\/11\/cropped-Logotip-COFB.png","width":500,"height":105,"caption":"Col\u00b7legi de Farmac\u00e8utics de Barcelona"},"image":{"@id":"https:\/\/www.cofb.org\/#\/schema\/logo\/image\/"},"sameAs":["https:\/\/www.facebook.com\/farmaceuticsbcn\/","https:\/\/twitter.com\/farmaceuticsbcn","https:\/\/www.instagram.com\/farmaceuticsbcn\/","https:\/\/www.linkedin.com\/company\/farmaceuticsbcn\/"]},{"@type":"Person","@id":"https:\/\/www.cofb.org\/#\/schema\/person\/22ed7eea88da74b0fa4d3154ad87ffcb","name":"wpAdminCofbOrg","image":{"@type":"ImageObject","inLanguage":"ca","@id":"https:\/\/www.cofb.org\/#\/schema\/person\/image\/","url":"https:\/\/secure.gravatar.com\/avatar\/1721b20b3b8ca882c3b56ec6c978c594fff670e40c0718e9190eaeeb76aae7d8?s=96&d=mm&r=g","contentUrl":"https:\/\/secure.gravatar.com\/avatar\/1721b20b3b8ca882c3b56ec6c978c594fff670e40c0718e9190eaeeb76aae7d8?s=96&d=mm&r=g","caption":"wpAdminCofbOrg"},"sameAs":["http:\/\/192.168.64.122\/wordpress"],"url":"https:\/\/www.cofb.org\/ca\/author\/wpadmincofborg\/"}]}},"uagb_featured_image_src":{"full":["https:\/\/www.cofb.org\/wp-content\/uploads\/2023\/07\/COFB_CAR-T_17052023_2-1024x576-1.jpg",1024,576,false],"thumbnail":["https:\/\/www.cofb.org\/wp-content\/uploads\/2023\/07\/COFB_CAR-T_17052023_2-1024x576-1-150x150.jpg",150,150,true],"medium":["https:\/\/www.cofb.org\/wp-content\/uploads\/2023\/07\/COFB_CAR-T_17052023_2-1024x576-1-300x169.jpg",300,169,true],"medium_large":["https:\/\/www.cofb.org\/wp-content\/uploads\/2023\/07\/COFB_CAR-T_17052023_2-1024x576-1-768x432.jpg",768,432,true],"large":["https:\/\/www.cofb.org\/wp-content\/uploads\/2023\/07\/COFB_CAR-T_17052023_2-1024x576-1.jpg",1024,576,false],"1536x1536":["https:\/\/www.cofb.org\/wp-content\/uploads\/2023\/07\/COFB_CAR-T_17052023_2-1024x576-1.jpg",1024,576,false],"2048x2048":["https:\/\/www.cofb.org\/wp-content\/uploads\/2023\/07\/COFB_CAR-T_17052023_2-1024x576-1.jpg",1024,576,false],"trp-custom-language-flag":["https:\/\/www.cofb.org\/wp-content\/uploads\/2023\/07\/COFB_CAR-T_17052023_2-1024x576-1-18x10.jpg",18,10,true]},"uagb_author_info":{"display_name":"wpAdminCofbOrg","author_link":"https:\/\/www.cofb.org\/ca\/author\/wpadmincofborg\/"},"uagb_comment_info":0,"uagb_excerpt":"El passat 17 de maig, el Col\u00b7legi de Farmac\u00e8utics de Barcelona (COFB) va organitzar la tert\u00falia d\u2019actualitat \u201cCAR-T i ter\u00e0pia personalitzada\u201d, la darrera del Programa de Formaci\u00f3 Continuada 2022-2023. La sessi\u00f3 va anar a c\u00e0rrec de Luis Gerardo Rodr\u00edguez-Lobato, MD i PhD, especialista de la Unitat d\u2019Amilo\u00efdosi i Mieloma del [&hellip;]","_links":{"self":[{"href":"https:\/\/www.cofb.org\/ca\/wp-json\/wp\/v2\/posts\/70033","targetHints":{"allow":["GET"]}}],"collection":[{"href":"https:\/\/www.cofb.org\/ca\/wp-json\/wp\/v2\/posts"}],"about":[{"href":"https:\/\/www.cofb.org\/ca\/wp-json\/wp\/v2\/types\/post"}],"author":[{"embeddable":true,"href":"https:\/\/www.cofb.org\/ca\/wp-json\/wp\/v2\/users\/1"}],"replies":[{"embeddable":true,"href":"https:\/\/www.cofb.org\/ca\/wp-json\/wp\/v2\/comments?post=70033"}],"version-history":[{"count":1,"href":"https:\/\/www.cofb.org\/ca\/wp-json\/wp\/v2\/posts\/70033\/revisions"}],"predecessor-version":[{"id":70110,"href":"https:\/\/www.cofb.org\/ca\/wp-json\/wp\/v2\/posts\/70033\/revisions\/70110"}],"wp:featuredmedia":[{"embeddable":true,"href":"https:\/\/www.cofb.org\/ca\/wp-json\/wp\/v2\/media\/70109"}],"wp:attachment":[{"href":"https:\/\/www.cofb.org\/ca\/wp-json\/wp\/v2\/media?parent=70033"}],"wp:term":[{"taxonomy":"category","embeddable":true,"href":"https:\/\/www.cofb.org\/ca\/wp-json\/wp\/v2\/categories?post=70033"},{"taxonomy":"post_tag","embeddable":true,"href":"https:\/\/www.cofb.org\/ca\/wp-json\/wp\/v2\/tags?post=70033"}],"curies":[{"name":"wp","href":"https:\/\/api.w.org\/{rel}","templated":true}]}}