{"id":68820,"date":"2013-10-30T09:00:54","date_gmt":"2013-10-30T08:00:54","guid":{"rendered":"http:\/\/blog.cofb.cat\/?p=3830"},"modified":"2013-10-30T09:00:54","modified_gmt":"2013-10-30T08:00:54","slug":"com-optimitzar-el-tractament-de-la-psoriasi","status":"publish","type":"post","link":"https:\/\/www.cofb.org\/ca\/2013\/10\/30\/com-optimitzar-el-tractament-de-la-psoriasi\/","title":{"rendered":"Com optimitzar el tractament de la psoriasi"},"content":{"rendered":"\n<p>El Col\u00b7legi, juntament amb la Societat Catalana de Farm\u00e0cia Cl\u00ednica (SCFC), va organitzar el 17 d&#8217;octubre una confer\u00e8ncia sobre com\u00a0optimitzar els recursos farmac\u00e8utics en el tractament de la psoriasi, una malaltia cr\u00f2nica\u00a0inflamat\u00f2ria, de car\u00e0cter gen\u00e8tic, de base immunol\u00f2gica i amb una alta prevalen\u00e7a en la poblaci\u00f3 general.<\/p>\n<p>L&#8217;acte, patrocinat per <span style=\"text-decoration: underline;\">Janssen<\/span> i coordinat per\u00a0<strong>Tom\u00e0s Casas\u00edn<\/strong>, vocal d\u2019Hospitals del COFB, i\u00a0<strong>Julio Mart\u00ednez<\/strong>, president de la SCFC, va tenir com a objectiu aprofundir en el coneixement de les bases de la malaltia i dels tractaments, \u00a0saber les eines que el dermat\u00f2leg t\u00e9 a disposici\u00f3 per optimitzar el tractament biol\u00f2gic i compartir experi\u00e8ncies cl\u00edniques que ajudin a con\u00e8ixer estrat\u00e8gies que resultin cost-efectives.<\/p>\n<p>El contingut anava adre\u00e7at a farmac\u00e8utics d\u2019hospitals, de centres d\u2019atenci\u00f3 prim\u00e0ria i de l\u2019administraci\u00f3 sanit\u00e0ria, i l&#8217;equip docent que se&#8217;n va encarregar va ser el seg\u00fcent:<\/p>\n<div><strong>Xavier Bordas<\/strong>, dermat\u00f2leg de l&#8217;Hospital Universitari de Bellvitge (L\u2019Hospitalet de Llobregat)<\/div>\n<div><strong>Jose Manuel Carrasco<\/strong>, dermat\u00f2leg de l&#8217;Hospital Germans Trias i Pujol (Badalona)<\/div>\n<div><strong>Concepci\u00f3n Mart\u00ednez<\/strong>, farmac\u00e8utica de l&#8217;Hospital La Princesa (Madrid)<\/div>\n<div><strong>Pere Ventanyol<\/strong>, farmac\u00e8utic de l&#8217; Hospital Universitari Son Espases (Palma de Mallorca)<\/div>\n<div><\/div>\n<h6 style=\"text-align: right;\"><\/h6>\n<h6 style=\"text-align: right;\"><span style=\"color: #c0c0c0;\"><span style=\"color: #999999;\">Amb el patrocini de:<\/span>\u00a0<a href=\"http:\/\/blog.cofb.cat\/wp-content\/uploads\/2013\/10\/JANSSEN1.jpg\"><img decoding=\"async\" class=\"alignright  wp-image-3967\" alt=\"JANSSEN1\" src=\"http:\/\/blog.cofb.cat\/wp-content\/uploads\/2013\/10\/JANSSEN1.jpg\" width=\"142\" height=\"70\" \/><\/a><\/span><\/h6>\n<div style=\"text-align: right;\"><\/div>\n<div><\/div>\n<div><\/div>\n","protected":false},"excerpt":{"rendered":"<p>El Col\u00b7legi, juntament amb la Societat Catalana de Farm\u00e0cia Cl\u00ednica (SCFC), va organitzar el 17 d&#8217;octubre una confer\u00e8ncia sobre com\u00a0optimitzar els recursos farmac\u00e8utics en el tractament de la psoriasi, una malaltia cr\u00f2nica\u00a0inflamat\u00f2ria, de car\u00e0cter gen\u00e8tic, de base immunol\u00f2gica i amb una alta prevalen\u00e7a en la poblaci\u00f3 general. L&#8217;acte, patrocinat per [&hellip;]<\/p>\n","protected":false},"author":1,"featured_media":3835,"comment_status":"open","ping_status":"open","sticky":false,"template":"","format":"standard","meta":{"_uag_custom_page_level_css":"","site-sidebar-layout":"default","site-content-layout":"","ast-site-content-layout":"default","site-content-style":"default","site-sidebar-style":"default","ast-global-header-display":"","ast-banner-title-visibility":"","ast-main-header-display":"","ast-hfb-above-header-display":"","ast-hfb-below-header-display":"","ast-hfb-mobile-header-display":"","site-post-title":"","ast-breadcrumbs-content":"","ast-featured-img":"disabled","footer-sml-layout":"","theme-transparent-header-meta":"","adv-header-id-meta":"","stick-header-meta":"","header-above-stick-meta":"","header-main-stick-meta":"","header-below-stick-meta":"","astra-migrate-meta-layouts":"default","ast-page-background-enabled":"default","ast-page-background-meta":{"desktop":{"background-color":"var(--ast-global-color-4)","background-image":"","background-repeat":"repeat","background-position":"center center","background-size":"auto","background-attachment":"scroll","background-type":"","background-media":"","overlay-type":"","overlay-color":"","overlay-opacity":"","overlay-gradient":""},"tablet":{"background-color":"","background-image":"","background-repeat":"repeat","background-position":"center center","background-size":"auto","background-attachment":"scroll","background-type":"","background-media":"","overlay-type":"","overlay-color":"","overlay-opacity":"","overlay-gradient":""},"mobile":{"background-color":"","background-image":"","background-repeat":"repeat","background-position":"center center","background-size":"auto","background-attachment":"scroll","background-type":"","background-media":"","overlay-type":"","overlay-color":"","overlay-opacity":"","overlay-gradient":""}},"ast-content-background-meta":{"desktop":{"background-color":"var(--ast-global-color-5)","background-image":"","background-repeat":"repeat","background-position":"center center","background-size":"auto","background-attachment":"scroll","background-type":"","background-media":"","overlay-type":"","overlay-color":"","overlay-opacity":"","overlay-gradient":""},"tablet":{"background-color":"var(--ast-global-color-5)","background-image":"","background-repeat":"repeat","background-position":"center center","background-size":"auto","background-attachment":"scroll","background-type":"","background-media":"","overlay-type":"","overlay-color":"","overlay-opacity":"","overlay-gradient":""},"mobile":{"background-color":"var(--ast-global-color-5)","background-image":"","background-repeat":"repeat","background-position":"center center","background-size":"auto","background-attachment":"scroll","background-type":"","background-media":"","overlay-type":"","overlay-color":"","overlay-opacity":"","overlay-gradient":""}},"footnotes":""},"categories":[57],"tags":[70],"class_list":["post-68820","post","type-post","status-publish","format-standard","has-post-thumbnail","hentry","category-mon-collegial","tag-formacio"],"yoast_head":"<!-- This site is optimized with the Yoast SEO plugin v22.4 - https:\/\/yoast.com\/wordpress\/plugins\/seo\/ -->\n<title>Com optimitzar el tractament de la psoriasi - Col\u00b7legi de Farmac\u00e8utics de Barcelona<\/title>\n<meta name=\"robots\" content=\"index, follow, max-snippet:-1, max-image-preview:large, max-video-preview:-1\" \/>\n<link rel=\"canonical\" href=\"https:\/\/novaorg.cofb.net\/2013\/10\/30\/com-optimitzar-el-tractament-de-la-psoriasi\/\" \/>\n<meta property=\"og:locale\" content=\"ca_ES\" \/>\n<meta property=\"og:type\" content=\"article\" \/>\n<meta property=\"og:title\" content=\"Com optimitzar el tractament de la psoriasi - Col\u00b7legi de Farmac\u00e8utics de Barcelona\" \/>\n<meta property=\"og:description\" content=\"El Col\u00b7legi, juntament amb la Societat Catalana de Farm\u00e0cia Cl\u00ednica (SCFC), va organitzar el 17 d&#8217;octubre una confer\u00e8ncia sobre com\u00a0optimitzar els recursos farmac\u00e8utics en el tractament de la psoriasi, una malaltia cr\u00f2nica\u00a0inflamat\u00f2ria, de car\u00e0cter gen\u00e8tic, de base immunol\u00f2gica i amb una alta prevalen\u00e7a en la poblaci\u00f3 general. L&#8217;acte, patrocinat per [&hellip;]\" \/>\n<meta property=\"og:url\" content=\"https:\/\/novaorg.cofb.net\/2013\/10\/30\/com-optimitzar-el-tractament-de-la-psoriasi\/\" \/>\n<meta property=\"og:site_name\" content=\"Col\u00b7legi de Farmac\u00e8utics de Barcelona\" \/>\n<meta property=\"article:publisher\" content=\"https:\/\/www.facebook.com\/farmaceuticsbcn\/\" \/>\n<meta property=\"article:published_time\" content=\"2013-10-30T08:00:54+00:00\" \/>\n<meta name=\"author\" content=\"wpAdminCofbOrg\" \/>\n<meta name=\"twitter:card\" content=\"summary_large_image\" \/>\n<meta name=\"twitter:creator\" content=\"@farmaceuticsbcn\" \/>\n<meta name=\"twitter:site\" content=\"@farmaceuticsbcn\" \/>\n<meta name=\"twitter:label1\" content=\"Escrit per\" \/>\n\t<meta name=\"twitter:data1\" content=\"wpAdminCofbOrg\" \/>\n\t<meta name=\"twitter:label2\" content=\"Temps estimat de lectura\" \/>\n\t<meta name=\"twitter:data2\" content=\"1 minut\" \/>\n<script type=\"application\/ld+json\" class=\"yoast-schema-graph\">{\"@context\":\"https:\/\/schema.org\",\"@graph\":[{\"@type\":\"Article\",\"@id\":\"https:\/\/novaorg.cofb.net\/2013\/10\/30\/com-optimitzar-el-tractament-de-la-psoriasi\/#article\",\"isPartOf\":{\"@id\":\"https:\/\/novaorg.cofb.net\/2013\/10\/30\/com-optimitzar-el-tractament-de-la-psoriasi\/\"},\"author\":{\"name\":\"wpAdminCofbOrg\",\"@id\":\"https:\/\/www.cofb.org\/#\/schema\/person\/22ed7eea88da74b0fa4d3154ad87ffcb\"},\"headline\":\"Com optimitzar el tractament de la psoriasi\",\"datePublished\":\"2013-10-30T08:00:54+00:00\",\"dateModified\":\"2013-10-30T08:00:54+00:00\",\"mainEntityOfPage\":{\"@id\":\"https:\/\/novaorg.cofb.net\/2013\/10\/30\/com-optimitzar-el-tractament-de-la-psoriasi\/\"},\"wordCount\":238,\"commentCount\":0,\"publisher\":{\"@id\":\"https:\/\/www.cofb.org\/#organization\"},\"image\":{\"@id\":\"https:\/\/novaorg.cofb.net\/2013\/10\/30\/com-optimitzar-el-tractament-de-la-psoriasi\/#primaryimage\"},\"thumbnailUrl\":\"\",\"keywords\":[\"Formaci\u00f3\"],\"articleSection\":[\"M\u00f3n col\u00b7legial\"],\"inLanguage\":\"ca\",\"potentialAction\":[{\"@type\":\"CommentAction\",\"name\":\"Comment\",\"target\":[\"https:\/\/novaorg.cofb.net\/2013\/10\/30\/com-optimitzar-el-tractament-de-la-psoriasi\/#respond\"]}]},{\"@type\":\"WebPage\",\"@id\":\"https:\/\/novaorg.cofb.net\/2013\/10\/30\/com-optimitzar-el-tractament-de-la-psoriasi\/\",\"url\":\"https:\/\/novaorg.cofb.net\/2013\/10\/30\/com-optimitzar-el-tractament-de-la-psoriasi\/\",\"name\":\"Com optimitzar el tractament de la psoriasi - Col\u00b7legi de Farmac\u00e8utics de Barcelona\",\"isPartOf\":{\"@id\":\"https:\/\/www.cofb.org\/#website\"},\"primaryImageOfPage\":{\"@id\":\"https:\/\/novaorg.cofb.net\/2013\/10\/30\/com-optimitzar-el-tractament-de-la-psoriasi\/#primaryimage\"},\"image\":{\"@id\":\"https:\/\/novaorg.cofb.net\/2013\/10\/30\/com-optimitzar-el-tractament-de-la-psoriasi\/#primaryimage\"},\"thumbnailUrl\":\"\",\"datePublished\":\"2013-10-30T08:00:54+00:00\",\"dateModified\":\"2013-10-30T08:00:54+00:00\",\"breadcrumb\":{\"@id\":\"https:\/\/novaorg.cofb.net\/2013\/10\/30\/com-optimitzar-el-tractament-de-la-psoriasi\/#breadcrumb\"},\"inLanguage\":\"ca\",\"potentialAction\":[{\"@type\":\"ReadAction\",\"target\":[\"https:\/\/novaorg.cofb.net\/2013\/10\/30\/com-optimitzar-el-tractament-de-la-psoriasi\/\"]}]},{\"@type\":\"ImageObject\",\"inLanguage\":\"ca\",\"@id\":\"https:\/\/novaorg.cofb.net\/2013\/10\/30\/com-optimitzar-el-tractament-de-la-psoriasi\/#primaryimage\",\"url\":\"\",\"contentUrl\":\"\"},{\"@type\":\"BreadcrumbList\",\"@id\":\"https:\/\/novaorg.cofb.net\/2013\/10\/30\/com-optimitzar-el-tractament-de-la-psoriasi\/#breadcrumb\",\"itemListElement\":[{\"@type\":\"ListItem\",\"position\":1,\"name\":\"Inici\",\"item\":\"https:\/\/novaorg.cofb.net\/\"},{\"@type\":\"ListItem\",\"position\":2,\"name\":\"Com optimitzar el tractament de la psoriasi\"}]},{\"@type\":\"WebSite\",\"@id\":\"https:\/\/www.cofb.org\/#website\",\"url\":\"https:\/\/www.cofb.org\/\",\"name\":\"Col\u00b7legi de Farmac\u00e8utics de Barcelona\",\"description\":\"\",\"publisher\":{\"@id\":\"https:\/\/www.cofb.org\/#organization\"},\"potentialAction\":[{\"@type\":\"SearchAction\",\"target\":{\"@type\":\"EntryPoint\",\"urlTemplate\":\"https:\/\/www.cofb.org\/?s={search_term_string}\"},\"query-input\":\"required name=search_term_string\"}],\"inLanguage\":\"ca\"},{\"@type\":\"Organization\",\"@id\":\"https:\/\/www.cofb.org\/#organization\",\"name\":\"Col\u00b7legi de Farmac\u00e8utics de Barcelona\",\"url\":\"https:\/\/www.cofb.org\/\",\"logo\":{\"@type\":\"ImageObject\",\"inLanguage\":\"ca\",\"@id\":\"https:\/\/www.cofb.org\/#\/schema\/logo\/image\/\",\"url\":\"https:\/\/www.cofb.org\/wp-content\/uploads\/2023\/11\/cropped-Logotip-COFB.png\",\"contentUrl\":\"https:\/\/www.cofb.org\/wp-content\/uploads\/2023\/11\/cropped-Logotip-COFB.png\",\"width\":500,\"height\":105,\"caption\":\"Col\u00b7legi de Farmac\u00e8utics de Barcelona\"},\"image\":{\"@id\":\"https:\/\/www.cofb.org\/#\/schema\/logo\/image\/\"},\"sameAs\":[\"https:\/\/www.facebook.com\/farmaceuticsbcn\/\",\"https:\/\/twitter.com\/farmaceuticsbcn\",\"https:\/\/www.instagram.com\/farmaceuticsbcn\/\",\"https:\/\/www.linkedin.com\/company\/farmaceuticsbcn\/\"]},{\"@type\":\"Person\",\"@id\":\"https:\/\/www.cofb.org\/#\/schema\/person\/22ed7eea88da74b0fa4d3154ad87ffcb\",\"name\":\"wpAdminCofbOrg\",\"image\":{\"@type\":\"ImageObject\",\"inLanguage\":\"ca\",\"@id\":\"https:\/\/www.cofb.org\/#\/schema\/person\/image\/\",\"url\":\"https:\/\/secure.gravatar.com\/avatar\/1721b20b3b8ca882c3b56ec6c978c594fff670e40c0718e9190eaeeb76aae7d8?s=96&d=mm&r=g\",\"contentUrl\":\"https:\/\/secure.gravatar.com\/avatar\/1721b20b3b8ca882c3b56ec6c978c594fff670e40c0718e9190eaeeb76aae7d8?s=96&d=mm&r=g\",\"caption\":\"wpAdminCofbOrg\"},\"sameAs\":[\"http:\/\/192.168.64.122\/wordpress\"],\"url\":\"https:\/\/www.cofb.org\/ca\/author\/wpadmincofborg\/\"}]}<\/script>\n<!-- \/ Yoast SEO plugin. -->","yoast_head_json":{"title":"Com optimitzar el tractament de la psoriasi - Col\u00b7legi de Farmac\u00e8utics de Barcelona","robots":{"index":"index","follow":"follow","max-snippet":"max-snippet:-1","max-image-preview":"max-image-preview:large","max-video-preview":"max-video-preview:-1"},"canonical":"https:\/\/novaorg.cofb.net\/2013\/10\/30\/com-optimitzar-el-tractament-de-la-psoriasi\/","og_locale":"ca_ES","og_type":"article","og_title":"Com optimitzar el tractament de la psoriasi - Col\u00b7legi de Farmac\u00e8utics de Barcelona","og_description":"El Col\u00b7legi, juntament amb la Societat Catalana de Farm\u00e0cia Cl\u00ednica (SCFC), va organitzar el 17 d&#8217;octubre una confer\u00e8ncia sobre com\u00a0optimitzar els recursos farmac\u00e8utics en el tractament de la psoriasi, una malaltia cr\u00f2nica\u00a0inflamat\u00f2ria, de car\u00e0cter gen\u00e8tic, de base immunol\u00f2gica i amb una alta prevalen\u00e7a en la poblaci\u00f3 general. L&#8217;acte, patrocinat per [&hellip;]","og_url":"https:\/\/novaorg.cofb.net\/2013\/10\/30\/com-optimitzar-el-tractament-de-la-psoriasi\/","og_site_name":"Col\u00b7legi de Farmac\u00e8utics de Barcelona","article_publisher":"https:\/\/www.facebook.com\/farmaceuticsbcn\/","article_published_time":"2013-10-30T08:00:54+00:00","author":"wpAdminCofbOrg","twitter_card":"summary_large_image","twitter_creator":"@farmaceuticsbcn","twitter_site":"@farmaceuticsbcn","twitter_misc":{"Escrit per":"wpAdminCofbOrg","Temps estimat de lectura":"1 minut"},"schema":{"@context":"https:\/\/schema.org","@graph":[{"@type":"Article","@id":"https:\/\/novaorg.cofb.net\/2013\/10\/30\/com-optimitzar-el-tractament-de-la-psoriasi\/#article","isPartOf":{"@id":"https:\/\/novaorg.cofb.net\/2013\/10\/30\/com-optimitzar-el-tractament-de-la-psoriasi\/"},"author":{"name":"wpAdminCofbOrg","@id":"https:\/\/www.cofb.org\/#\/schema\/person\/22ed7eea88da74b0fa4d3154ad87ffcb"},"headline":"Com optimitzar el tractament de la psoriasi","datePublished":"2013-10-30T08:00:54+00:00","dateModified":"2013-10-30T08:00:54+00:00","mainEntityOfPage":{"@id":"https:\/\/novaorg.cofb.net\/2013\/10\/30\/com-optimitzar-el-tractament-de-la-psoriasi\/"},"wordCount":238,"commentCount":0,"publisher":{"@id":"https:\/\/www.cofb.org\/#organization"},"image":{"@id":"https:\/\/novaorg.cofb.net\/2013\/10\/30\/com-optimitzar-el-tractament-de-la-psoriasi\/#primaryimage"},"thumbnailUrl":"","keywords":["Formaci\u00f3"],"articleSection":["M\u00f3n col\u00b7legial"],"inLanguage":"ca","potentialAction":[{"@type":"CommentAction","name":"Comment","target":["https:\/\/novaorg.cofb.net\/2013\/10\/30\/com-optimitzar-el-tractament-de-la-psoriasi\/#respond"]}]},{"@type":"WebPage","@id":"https:\/\/novaorg.cofb.net\/2013\/10\/30\/com-optimitzar-el-tractament-de-la-psoriasi\/","url":"https:\/\/novaorg.cofb.net\/2013\/10\/30\/com-optimitzar-el-tractament-de-la-psoriasi\/","name":"Com optimitzar el tractament de la psoriasi - Col\u00b7legi de Farmac\u00e8utics de Barcelona","isPartOf":{"@id":"https:\/\/www.cofb.org\/#website"},"primaryImageOfPage":{"@id":"https:\/\/novaorg.cofb.net\/2013\/10\/30\/com-optimitzar-el-tractament-de-la-psoriasi\/#primaryimage"},"image":{"@id":"https:\/\/novaorg.cofb.net\/2013\/10\/30\/com-optimitzar-el-tractament-de-la-psoriasi\/#primaryimage"},"thumbnailUrl":"","datePublished":"2013-10-30T08:00:54+00:00","dateModified":"2013-10-30T08:00:54+00:00","breadcrumb":{"@id":"https:\/\/novaorg.cofb.net\/2013\/10\/30\/com-optimitzar-el-tractament-de-la-psoriasi\/#breadcrumb"},"inLanguage":"ca","potentialAction":[{"@type":"ReadAction","target":["https:\/\/novaorg.cofb.net\/2013\/10\/30\/com-optimitzar-el-tractament-de-la-psoriasi\/"]}]},{"@type":"ImageObject","inLanguage":"ca","@id":"https:\/\/novaorg.cofb.net\/2013\/10\/30\/com-optimitzar-el-tractament-de-la-psoriasi\/#primaryimage","url":"","contentUrl":""},{"@type":"BreadcrumbList","@id":"https:\/\/novaorg.cofb.net\/2013\/10\/30\/com-optimitzar-el-tractament-de-la-psoriasi\/#breadcrumb","itemListElement":[{"@type":"ListItem","position":1,"name":"Inici","item":"https:\/\/novaorg.cofb.net\/"},{"@type":"ListItem","position":2,"name":"Com optimitzar el tractament de la psoriasi"}]},{"@type":"WebSite","@id":"https:\/\/www.cofb.org\/#website","url":"https:\/\/www.cofb.org\/","name":"Col\u00b7legi de Farmac\u00e8utics de Barcelona","description":"","publisher":{"@id":"https:\/\/www.cofb.org\/#organization"},"potentialAction":[{"@type":"SearchAction","target":{"@type":"EntryPoint","urlTemplate":"https:\/\/www.cofb.org\/?s={search_term_string}"},"query-input":"required name=search_term_string"}],"inLanguage":"ca"},{"@type":"Organization","@id":"https:\/\/www.cofb.org\/#organization","name":"Col\u00b7legi de Farmac\u00e8utics de Barcelona","url":"https:\/\/www.cofb.org\/","logo":{"@type":"ImageObject","inLanguage":"ca","@id":"https:\/\/www.cofb.org\/#\/schema\/logo\/image\/","url":"https:\/\/www.cofb.org\/wp-content\/uploads\/2023\/11\/cropped-Logotip-COFB.png","contentUrl":"https:\/\/www.cofb.org\/wp-content\/uploads\/2023\/11\/cropped-Logotip-COFB.png","width":500,"height":105,"caption":"Col\u00b7legi de Farmac\u00e8utics de Barcelona"},"image":{"@id":"https:\/\/www.cofb.org\/#\/schema\/logo\/image\/"},"sameAs":["https:\/\/www.facebook.com\/farmaceuticsbcn\/","https:\/\/twitter.com\/farmaceuticsbcn","https:\/\/www.instagram.com\/farmaceuticsbcn\/","https:\/\/www.linkedin.com\/company\/farmaceuticsbcn\/"]},{"@type":"Person","@id":"https:\/\/www.cofb.org\/#\/schema\/person\/22ed7eea88da74b0fa4d3154ad87ffcb","name":"wpAdminCofbOrg","image":{"@type":"ImageObject","inLanguage":"ca","@id":"https:\/\/www.cofb.org\/#\/schema\/person\/image\/","url":"https:\/\/secure.gravatar.com\/avatar\/1721b20b3b8ca882c3b56ec6c978c594fff670e40c0718e9190eaeeb76aae7d8?s=96&d=mm&r=g","contentUrl":"https:\/\/secure.gravatar.com\/avatar\/1721b20b3b8ca882c3b56ec6c978c594fff670e40c0718e9190eaeeb76aae7d8?s=96&d=mm&r=g","caption":"wpAdminCofbOrg"},"sameAs":["http:\/\/192.168.64.122\/wordpress"],"url":"https:\/\/www.cofb.org\/ca\/author\/wpadmincofborg\/"}]}},"uagb_featured_image_src":{"full":false,"thumbnail":false,"medium":false,"medium_large":false,"large":false,"1536x1536":false,"2048x2048":false,"trp-custom-language-flag":false},"uagb_author_info":{"display_name":"wpAdminCofbOrg","author_link":"https:\/\/www.cofb.org\/ca\/author\/wpadmincofborg\/"},"uagb_comment_info":0,"uagb_excerpt":"El Col\u00b7legi, juntament amb la Societat Catalana de Farm\u00e0cia Cl\u00ednica (SCFC), va organitzar el 17 d&#8217;octubre una confer\u00e8ncia sobre com\u00a0optimitzar els recursos farmac\u00e8utics en el tractament de la psoriasi, una malaltia cr\u00f2nica\u00a0inflamat\u00f2ria, de car\u00e0cter gen\u00e8tic, de base immunol\u00f2gica i amb una alta prevalen\u00e7a en la poblaci\u00f3 general. L&#8217;acte, patrocinat per [&hellip;]","_links":{"self":[{"href":"https:\/\/www.cofb.org\/ca\/wp-json\/wp\/v2\/posts\/68820","targetHints":{"allow":["GET"]}}],"collection":[{"href":"https:\/\/www.cofb.org\/ca\/wp-json\/wp\/v2\/posts"}],"about":[{"href":"https:\/\/www.cofb.org\/ca\/wp-json\/wp\/v2\/types\/post"}],"author":[{"embeddable":true,"href":"https:\/\/www.cofb.org\/ca\/wp-json\/wp\/v2\/users\/1"}],"replies":[{"embeddable":true,"href":"https:\/\/www.cofb.org\/ca\/wp-json\/wp\/v2\/comments?post=68820"}],"version-history":[{"count":0,"href":"https:\/\/www.cofb.org\/ca\/wp-json\/wp\/v2\/posts\/68820\/revisions"}],"wp:featuredmedia":[{"embeddable":true,"href":"https:\/\/www.cofb.org\/ca\/wp-json\/"}],"wp:attachment":[{"href":"https:\/\/www.cofb.org\/ca\/wp-json\/wp\/v2\/media?parent=68820"}],"wp:term":[{"taxonomy":"category","embeddable":true,"href":"https:\/\/www.cofb.org\/ca\/wp-json\/wp\/v2\/categories?post=68820"},{"taxonomy":"post_tag","embeddable":true,"href":"https:\/\/www.cofb.org\/ca\/wp-json\/wp\/v2\/tags?post=68820"}],"curies":[{"name":"wp","href":"https:\/\/api.w.org\/{rel}","templated":true}]}}