{"id":6684,"date":"2014-06-05T11:36:39","date_gmt":"2014-06-05T10:36:39","guid":{"rendered":"http:\/\/blog.cofb.cat\/?p=6684"},"modified":"2014-06-05T11:36:39","modified_gmt":"2014-06-05T10:36:39","slug":"gestionar-sense-perdre-la-identitat-del-farmaceutic-clausura-del-master-en-gestio","status":"publish","type":"post","link":"https:\/\/www.cofb.org\/ca\/2014\/06\/05\/gestionar-sense-perdre-la-identitat-del-farmaceutic-clausura-del-master-en-gestio\/","title":{"rendered":"Gestionar sense perdre la identitat del farmac\u00e8utic: clausura del M\u00e0ster en Gesti\u00f3"},"content":{"rendered":"<p style=\"text-align: center;\"><a href=\"http:\/\/blog.cofb.cat\/wp-content\/uploads\/2014\/05\/cofb.140515-341.jpg\"><img fetchpriority=\"high\" decoding=\"async\" class=\" wp-image-6693 aligncenter\" alt=\"cofb.140515-34\" src=\"http:\/\/blog.cofb.cat\/wp-content\/uploads\/2014\/05\/cofb.140515-341.jpg\" width=\"476\" height=\"318\" \/><\/a><\/p>\n<p>La 9a edici\u00f3 del M\u00e0ster en Gesti\u00f3 de l\u2019Oficina de Farm\u00e0cia (MGOF) va finalitzar el 15 de maig amb el lliurament dels diplomes als alumnes. Durant l\u2019acte, Francesc Pla, vicepresident del Col\u00b7legi, els va felicitar per seguir aquesta formaci\u00f3 i \u201cmillorar en la gesti\u00f3 empresarial de l\u2019oficina de farm\u00e0cia\u201d. Alhora, va destacar la import\u00e0ncia de no oblidar mai \u201cl\u2019ess\u00e8ncia professional del farmac\u00e8utic\u201d. \u201cAix\u00f2 \u00e9s el que ens d\u00f3na valor\u201d, va afegir.<\/p>\n<p><span style=\"color: #808080;\"><b><i>\u201cHem de ser conscients i potenciar el nostre valor com a professionals i tamb\u00e9 el nostre valor com a xarxa\u201d. Francesc Pla, vicepresident del COFB.<\/i><\/b><\/span><\/p>\n<p><a href=\"http:\/\/blog.cofb.cat\/wp-content\/uploads\/2014\/05\/cofb.140515-01.jpg\"><img decoding=\"async\" class=\"alignright  wp-image-6690\" alt=\"cofb.140515-01\" src=\"http:\/\/blog.cofb.cat\/wp-content\/uploads\/2014\/05\/cofb.140515-01.jpg\" width=\"298\" height=\"199\" \/><\/a>Aquesta \u00faltima edici\u00f3 del M\u00e0ster ha incl\u00f2s tres m\u00f2duls: M\u00e0rqueting, Finances i Gesti\u00f3 de Persones. Els exercicis, casos i altres recursos del MGOF tenen com a objectiu que els coneixements <strong>adquirits es puguin aplicar r\u00e0pidament i fer-se canvis en la gesti\u00f3 de la farm\u00e0cia de manera immediata i en la direcci\u00f3 adequada.<\/strong><\/p>\n<p><span style=\"color: #888888;\">Els alumnes que han cursat el MGOF aquest any l\u2019han atorgat una<strong>\u00a0valoraci\u00f3 mitjana de 9 sobre 10.<\/strong><\/span><\/p>\n<div class=\"box shadow\"><strong>HEM PREGUNTAT A UN DELS ALUMNES LA SEVA OPINI\u00d3 SOBRE EL MGOF<\/strong><br \/>\n<a href=\"http:\/\/blog.cofb.cat\/wp-content\/uploads\/2014\/05\/lluiscasamada.jpg\"><img decoding=\"async\" class=\"wp-image-6688 alignleft\" alt=\"lluiscasamada\" src=\"http:\/\/blog.cofb.cat\/wp-content\/uploads\/2014\/05\/lluiscasamada.jpg\" width=\"121\" height=\"130\" \/><\/a>Llu\u00eds Casamada: &#8220;En el MGOF hi ha hagut sessions molt interessants i molt aplicables a la farm\u00e0cia, especialment les impartides per farmac\u00e8utics d\u2019oficines de farm\u00e0cia que despunten per algun motiu. Un altre punt fort d\u2019aquest M\u00e0ster han sigut els companys: tot i venir de farm\u00e0cies i poblacions molt diferents, ens hem complementat molt b\u00e9 i hem fet un gran grup de treball. Con\u00e8ixer gent amb tantes ganes de treballar, sempre anima a tirar endavant&#8221;. <\/div>\n","protected":false},"excerpt":{"rendered":"<p>La 9a edici\u00f3 del M\u00e0ster en Gesti\u00f3 de l\u2019Oficina de Farm\u00e0cia (MGOF) va finalitzar el 15 de maig amb el lliurament dels diplomes als alumnes. Durant l\u2019acte, Francesc Pla, vicepresident del Col\u00b7legi, els va felicitar per seguir aquesta formaci\u00f3 i \u201cmillorar en la gesti\u00f3 empresarial de l\u2019oficina de farm\u00e0cia\u201d. Alhora, [&hellip;]<\/p>\n","protected":false},"author":1,"featured_media":6693,"comment_status":"open","ping_status":"open","sticky":false,"template":"","format":"standard","meta":{"_uag_custom_page_level_css":"","site-sidebar-layout":"default","site-content-layout":"","ast-site-content-layout":"default","site-content-style":"default","site-sidebar-style":"default","ast-global-header-display":"","ast-banner-title-visibility":"","ast-main-header-display":"","ast-hfb-above-header-display":"","ast-hfb-below-header-display":"","ast-hfb-mobile-header-display":"","site-post-title":"","ast-breadcrumbs-content":"","ast-featured-img":"disabled","footer-sml-layout":"","theme-transparent-header-meta":"","adv-header-id-meta":"","stick-header-meta":"","header-above-stick-meta":"","header-main-stick-meta":"","header-below-stick-meta":"","astra-migrate-meta-layouts":"default","ast-page-background-enabled":"default","ast-page-background-meta":{"desktop":{"background-color":"var(--ast-global-color-4)","background-image":"","background-repeat":"repeat","background-position":"center center","background-size":"auto","background-attachment":"scroll","background-type":"","background-media":"","overlay-type":"","overlay-color":"","overlay-opacity":"","overlay-gradient":""},"tablet":{"background-color":"","background-image":"","background-repeat":"repeat","background-position":"center center","background-size":"auto","background-attachment":"scroll","background-type":"","background-media":"","overlay-type":"","overlay-color":"","overlay-opacity":"","overlay-gradient":""},"mobile":{"background-color":"","background-image":"","background-repeat":"repeat","background-position":"center center","background-size":"auto","background-attachment":"scroll","background-type":"","background-media":"","overlay-type":"","overlay-color":"","overlay-opacity":"","overlay-gradient":""}},"ast-content-background-meta":{"desktop":{"background-color":"var(--ast-global-color-5)","background-image":"","background-repeat":"repeat","background-position":"center center","background-size":"auto","background-attachment":"scroll","background-type":"","background-media":"","overlay-type":"","overlay-color":"","overlay-opacity":"","overlay-gradient":""},"tablet":{"background-color":"var(--ast-global-color-5)","background-image":"","background-repeat":"repeat","background-position":"center center","background-size":"auto","background-attachment":"scroll","background-type":"","background-media":"","overlay-type":"","overlay-color":"","overlay-opacity":"","overlay-gradient":""},"mobile":{"background-color":"var(--ast-global-color-5)","background-image":"","background-repeat":"repeat","background-position":"center center","background-size":"auto","background-attachment":"scroll","background-type":"","background-media":"","overlay-type":"","overlay-color":"","overlay-opacity":"","overlay-gradient":""}},"footnotes":""},"categories":[23,57],"tags":[70,76],"class_list":["post-6684","post","type-post","status-publish","format-standard","has-post-thumbnail","hentry","category-destacats","category-mon-collegial","tag-formacio","tag-oficina-de-farmacia"],"yoast_head":"<!-- This site is optimized with the Yoast SEO plugin v22.4 - https:\/\/yoast.com\/wordpress\/plugins\/seo\/ -->\n<title>Gestionar sense perdre la identitat del farmac\u00e8utic: clausura del M\u00e0ster en Gesti\u00f3 - Col\u00b7legi de Farmac\u00e8utics de Barcelona<\/title>\n<meta name=\"robots\" content=\"index, follow, max-snippet:-1, max-image-preview:large, max-video-preview:-1\" \/>\n<link rel=\"canonical\" href=\"https:\/\/novaorg.cofb.net\/2014\/06\/05\/gestionar-sense-perdre-la-identitat-del-farmaceutic-clausura-del-master-en-gestio\/\" \/>\n<meta property=\"og:locale\" content=\"ca_ES\" \/>\n<meta property=\"og:type\" content=\"article\" \/>\n<meta property=\"og:title\" content=\"Gestionar sense perdre la identitat del farmac\u00e8utic: clausura del M\u00e0ster en Gesti\u00f3 - Col\u00b7legi de Farmac\u00e8utics de Barcelona\" \/>\n<meta property=\"og:description\" content=\"La 9a edici\u00f3 del M\u00e0ster en Gesti\u00f3 de l\u2019Oficina de Farm\u00e0cia (MGOF) va finalitzar el 15 de maig amb el lliurament dels diplomes als alumnes. Durant l\u2019acte, Francesc Pla, vicepresident del Col\u00b7legi, els va felicitar per seguir aquesta formaci\u00f3 i \u201cmillorar en la gesti\u00f3 empresarial de l\u2019oficina de farm\u00e0cia\u201d. Alhora, [&hellip;]\" \/>\n<meta property=\"og:url\" content=\"https:\/\/novaorg.cofb.net\/2014\/06\/05\/gestionar-sense-perdre-la-identitat-del-farmaceutic-clausura-del-master-en-gestio\/\" \/>\n<meta property=\"og:site_name\" content=\"Col\u00b7legi de Farmac\u00e8utics de Barcelona\" \/>\n<meta property=\"article:publisher\" content=\"https:\/\/www.facebook.com\/farmaceuticsbcn\/\" \/>\n<meta property=\"article:published_time\" content=\"2014-06-05T10:36:39+00:00\" \/>\n<meta name=\"author\" content=\"wpAdminCofbOrg\" \/>\n<meta name=\"twitter:card\" content=\"summary_large_image\" \/>\n<meta name=\"twitter:creator\" content=\"@farmaceuticsbcn\" \/>\n<meta name=\"twitter:site\" content=\"@farmaceuticsbcn\" \/>\n<meta name=\"twitter:label1\" content=\"Escrit per\" \/>\n\t<meta name=\"twitter:data1\" content=\"wpAdminCofbOrg\" \/>\n\t<meta name=\"twitter:label2\" content=\"Temps estimat de lectura\" \/>\n\t<meta name=\"twitter:data2\" content=\"1 minut\" \/>\n<script type=\"application\/ld+json\" class=\"yoast-schema-graph\">{\"@context\":\"https:\/\/schema.org\",\"@graph\":[{\"@type\":\"Article\",\"@id\":\"https:\/\/novaorg.cofb.net\/2014\/06\/05\/gestionar-sense-perdre-la-identitat-del-farmaceutic-clausura-del-master-en-gestio\/#article\",\"isPartOf\":{\"@id\":\"https:\/\/novaorg.cofb.net\/2014\/06\/05\/gestionar-sense-perdre-la-identitat-del-farmaceutic-clausura-del-master-en-gestio\/\"},\"author\":{\"name\":\"wpAdminCofbOrg\",\"@id\":\"https:\/\/www.cofb.org\/#\/schema\/person\/22ed7eea88da74b0fa4d3154ad87ffcb\"},\"headline\":\"Gestionar sense perdre la identitat del farmac\u00e8utic: clausura del M\u00e0ster en Gesti\u00f3\",\"datePublished\":\"2014-06-05T10:36:39+00:00\",\"dateModified\":\"2014-06-05T10:36:39+00:00\",\"mainEntityOfPage\":{\"@id\":\"https:\/\/novaorg.cofb.net\/2014\/06\/05\/gestionar-sense-perdre-la-identitat-del-farmaceutic-clausura-del-master-en-gestio\/\"},\"wordCount\":295,\"commentCount\":0,\"publisher\":{\"@id\":\"https:\/\/www.cofb.org\/#organization\"},\"image\":{\"@id\":\"https:\/\/novaorg.cofb.net\/2014\/06\/05\/gestionar-sense-perdre-la-identitat-del-farmaceutic-clausura-del-master-en-gestio\/#primaryimage\"},\"thumbnailUrl\":\"\",\"keywords\":[\"Formaci\u00f3\",\"Oficina de farm\u00e0cia\"],\"articleSection\":[\"Destacats\",\"M\u00f3n col\u00b7legial\"],\"inLanguage\":\"ca\",\"potentialAction\":[{\"@type\":\"CommentAction\",\"name\":\"Comment\",\"target\":[\"https:\/\/novaorg.cofb.net\/2014\/06\/05\/gestionar-sense-perdre-la-identitat-del-farmaceutic-clausura-del-master-en-gestio\/#respond\"]}]},{\"@type\":\"WebPage\",\"@id\":\"https:\/\/novaorg.cofb.net\/2014\/06\/05\/gestionar-sense-perdre-la-identitat-del-farmaceutic-clausura-del-master-en-gestio\/\",\"url\":\"https:\/\/novaorg.cofb.net\/2014\/06\/05\/gestionar-sense-perdre-la-identitat-del-farmaceutic-clausura-del-master-en-gestio\/\",\"name\":\"Gestionar sense perdre la identitat del farmac\u00e8utic: clausura del M\u00e0ster en Gesti\u00f3 - Col\u00b7legi de Farmac\u00e8utics de Barcelona\",\"isPartOf\":{\"@id\":\"https:\/\/www.cofb.org\/#website\"},\"primaryImageOfPage\":{\"@id\":\"https:\/\/novaorg.cofb.net\/2014\/06\/05\/gestionar-sense-perdre-la-identitat-del-farmaceutic-clausura-del-master-en-gestio\/#primaryimage\"},\"image\":{\"@id\":\"https:\/\/novaorg.cofb.net\/2014\/06\/05\/gestionar-sense-perdre-la-identitat-del-farmaceutic-clausura-del-master-en-gestio\/#primaryimage\"},\"thumbnailUrl\":\"\",\"datePublished\":\"2014-06-05T10:36:39+00:00\",\"dateModified\":\"2014-06-05T10:36:39+00:00\",\"breadcrumb\":{\"@id\":\"https:\/\/novaorg.cofb.net\/2014\/06\/05\/gestionar-sense-perdre-la-identitat-del-farmaceutic-clausura-del-master-en-gestio\/#breadcrumb\"},\"inLanguage\":\"ca\",\"potentialAction\":[{\"@type\":\"ReadAction\",\"target\":[\"https:\/\/novaorg.cofb.net\/2014\/06\/05\/gestionar-sense-perdre-la-identitat-del-farmaceutic-clausura-del-master-en-gestio\/\"]}]},{\"@type\":\"ImageObject\",\"inLanguage\":\"ca\",\"@id\":\"https:\/\/novaorg.cofb.net\/2014\/06\/05\/gestionar-sense-perdre-la-identitat-del-farmaceutic-clausura-del-master-en-gestio\/#primaryimage\",\"url\":\"\",\"contentUrl\":\"\"},{\"@type\":\"BreadcrumbList\",\"@id\":\"https:\/\/novaorg.cofb.net\/2014\/06\/05\/gestionar-sense-perdre-la-identitat-del-farmaceutic-clausura-del-master-en-gestio\/#breadcrumb\",\"itemListElement\":[{\"@type\":\"ListItem\",\"position\":1,\"name\":\"Inici\",\"item\":\"https:\/\/novaorg.cofb.net\/\"},{\"@type\":\"ListItem\",\"position\":2,\"name\":\"Gestionar sense perdre la identitat del farmac\u00e8utic: clausura del M\u00e0ster en Gesti\u00f3\"}]},{\"@type\":\"WebSite\",\"@id\":\"https:\/\/www.cofb.org\/#website\",\"url\":\"https:\/\/www.cofb.org\/\",\"name\":\"Col\u00b7legi de Farmac\u00e8utics de Barcelona\",\"description\":\"\",\"publisher\":{\"@id\":\"https:\/\/www.cofb.org\/#organization\"},\"potentialAction\":[{\"@type\":\"SearchAction\",\"target\":{\"@type\":\"EntryPoint\",\"urlTemplate\":\"https:\/\/www.cofb.org\/?s={search_term_string}\"},\"query-input\":\"required name=search_term_string\"}],\"inLanguage\":\"ca\"},{\"@type\":\"Organization\",\"@id\":\"https:\/\/www.cofb.org\/#organization\",\"name\":\"Col\u00b7legi de Farmac\u00e8utics de Barcelona\",\"url\":\"https:\/\/www.cofb.org\/\",\"logo\":{\"@type\":\"ImageObject\",\"inLanguage\":\"ca\",\"@id\":\"https:\/\/www.cofb.org\/#\/schema\/logo\/image\/\",\"url\":\"https:\/\/www.cofb.org\/wp-content\/uploads\/2023\/11\/cropped-Logotip-COFB.png\",\"contentUrl\":\"https:\/\/www.cofb.org\/wp-content\/uploads\/2023\/11\/cropped-Logotip-COFB.png\",\"width\":500,\"height\":105,\"caption\":\"Col\u00b7legi de Farmac\u00e8utics de Barcelona\"},\"image\":{\"@id\":\"https:\/\/www.cofb.org\/#\/schema\/logo\/image\/\"},\"sameAs\":[\"https:\/\/www.facebook.com\/farmaceuticsbcn\/\",\"https:\/\/twitter.com\/farmaceuticsbcn\",\"https:\/\/www.instagram.com\/farmaceuticsbcn\/\",\"https:\/\/www.linkedin.com\/company\/farmaceuticsbcn\/\"]},{\"@type\":\"Person\",\"@id\":\"https:\/\/www.cofb.org\/#\/schema\/person\/22ed7eea88da74b0fa4d3154ad87ffcb\",\"name\":\"wpAdminCofbOrg\",\"image\":{\"@type\":\"ImageObject\",\"inLanguage\":\"ca\",\"@id\":\"https:\/\/www.cofb.org\/#\/schema\/person\/image\/\",\"url\":\"https:\/\/secure.gravatar.com\/avatar\/1721b20b3b8ca882c3b56ec6c978c594fff670e40c0718e9190eaeeb76aae7d8?s=96&d=mm&r=g\",\"contentUrl\":\"https:\/\/secure.gravatar.com\/avatar\/1721b20b3b8ca882c3b56ec6c978c594fff670e40c0718e9190eaeeb76aae7d8?s=96&d=mm&r=g\",\"caption\":\"wpAdminCofbOrg\"},\"sameAs\":[\"http:\/\/192.168.64.122\/wordpress\"],\"url\":\"https:\/\/www.cofb.org\/ca\/author\/wpadmincofborg\/\"}]}<\/script>\n<!-- \/ Yoast SEO plugin. -->","yoast_head_json":{"title":"Gestionar sense perdre la identitat del farmac\u00e8utic: clausura del M\u00e0ster en Gesti\u00f3 - Col\u00b7legi de Farmac\u00e8utics de Barcelona","robots":{"index":"index","follow":"follow","max-snippet":"max-snippet:-1","max-image-preview":"max-image-preview:large","max-video-preview":"max-video-preview:-1"},"canonical":"https:\/\/novaorg.cofb.net\/2014\/06\/05\/gestionar-sense-perdre-la-identitat-del-farmaceutic-clausura-del-master-en-gestio\/","og_locale":"ca_ES","og_type":"article","og_title":"Gestionar sense perdre la identitat del farmac\u00e8utic: clausura del M\u00e0ster en Gesti\u00f3 - Col\u00b7legi de Farmac\u00e8utics de Barcelona","og_description":"La 9a edici\u00f3 del M\u00e0ster en Gesti\u00f3 de l\u2019Oficina de Farm\u00e0cia (MGOF) va finalitzar el 15 de maig amb el lliurament dels diplomes als alumnes. Durant l\u2019acte, Francesc Pla, vicepresident del Col\u00b7legi, els va felicitar per seguir aquesta formaci\u00f3 i \u201cmillorar en la gesti\u00f3 empresarial de l\u2019oficina de farm\u00e0cia\u201d. Alhora, [&hellip;]","og_url":"https:\/\/novaorg.cofb.net\/2014\/06\/05\/gestionar-sense-perdre-la-identitat-del-farmaceutic-clausura-del-master-en-gestio\/","og_site_name":"Col\u00b7legi de Farmac\u00e8utics de Barcelona","article_publisher":"https:\/\/www.facebook.com\/farmaceuticsbcn\/","article_published_time":"2014-06-05T10:36:39+00:00","author":"wpAdminCofbOrg","twitter_card":"summary_large_image","twitter_creator":"@farmaceuticsbcn","twitter_site":"@farmaceuticsbcn","twitter_misc":{"Escrit per":"wpAdminCofbOrg","Temps estimat de lectura":"1 minut"},"schema":{"@context":"https:\/\/schema.org","@graph":[{"@type":"Article","@id":"https:\/\/novaorg.cofb.net\/2014\/06\/05\/gestionar-sense-perdre-la-identitat-del-farmaceutic-clausura-del-master-en-gestio\/#article","isPartOf":{"@id":"https:\/\/novaorg.cofb.net\/2014\/06\/05\/gestionar-sense-perdre-la-identitat-del-farmaceutic-clausura-del-master-en-gestio\/"},"author":{"name":"wpAdminCofbOrg","@id":"https:\/\/www.cofb.org\/#\/schema\/person\/22ed7eea88da74b0fa4d3154ad87ffcb"},"headline":"Gestionar sense perdre la identitat del farmac\u00e8utic: clausura del M\u00e0ster en Gesti\u00f3","datePublished":"2014-06-05T10:36:39+00:00","dateModified":"2014-06-05T10:36:39+00:00","mainEntityOfPage":{"@id":"https:\/\/novaorg.cofb.net\/2014\/06\/05\/gestionar-sense-perdre-la-identitat-del-farmaceutic-clausura-del-master-en-gestio\/"},"wordCount":295,"commentCount":0,"publisher":{"@id":"https:\/\/www.cofb.org\/#organization"},"image":{"@id":"https:\/\/novaorg.cofb.net\/2014\/06\/05\/gestionar-sense-perdre-la-identitat-del-farmaceutic-clausura-del-master-en-gestio\/#primaryimage"},"thumbnailUrl":"","keywords":["Formaci\u00f3","Oficina de farm\u00e0cia"],"articleSection":["Destacats","M\u00f3n col\u00b7legial"],"inLanguage":"ca","potentialAction":[{"@type":"CommentAction","name":"Comment","target":["https:\/\/novaorg.cofb.net\/2014\/06\/05\/gestionar-sense-perdre-la-identitat-del-farmaceutic-clausura-del-master-en-gestio\/#respond"]}]},{"@type":"WebPage","@id":"https:\/\/novaorg.cofb.net\/2014\/06\/05\/gestionar-sense-perdre-la-identitat-del-farmaceutic-clausura-del-master-en-gestio\/","url":"https:\/\/novaorg.cofb.net\/2014\/06\/05\/gestionar-sense-perdre-la-identitat-del-farmaceutic-clausura-del-master-en-gestio\/","name":"Gestionar sense perdre la identitat del farmac\u00e8utic: clausura del M\u00e0ster en Gesti\u00f3 - Col\u00b7legi de Farmac\u00e8utics de Barcelona","isPartOf":{"@id":"https:\/\/www.cofb.org\/#website"},"primaryImageOfPage":{"@id":"https:\/\/novaorg.cofb.net\/2014\/06\/05\/gestionar-sense-perdre-la-identitat-del-farmaceutic-clausura-del-master-en-gestio\/#primaryimage"},"image":{"@id":"https:\/\/novaorg.cofb.net\/2014\/06\/05\/gestionar-sense-perdre-la-identitat-del-farmaceutic-clausura-del-master-en-gestio\/#primaryimage"},"thumbnailUrl":"","datePublished":"2014-06-05T10:36:39+00:00","dateModified":"2014-06-05T10:36:39+00:00","breadcrumb":{"@id":"https:\/\/novaorg.cofb.net\/2014\/06\/05\/gestionar-sense-perdre-la-identitat-del-farmaceutic-clausura-del-master-en-gestio\/#breadcrumb"},"inLanguage":"ca","potentialAction":[{"@type":"ReadAction","target":["https:\/\/novaorg.cofb.net\/2014\/06\/05\/gestionar-sense-perdre-la-identitat-del-farmaceutic-clausura-del-master-en-gestio\/"]}]},{"@type":"ImageObject","inLanguage":"ca","@id":"https:\/\/novaorg.cofb.net\/2014\/06\/05\/gestionar-sense-perdre-la-identitat-del-farmaceutic-clausura-del-master-en-gestio\/#primaryimage","url":"","contentUrl":""},{"@type":"BreadcrumbList","@id":"https:\/\/novaorg.cofb.net\/2014\/06\/05\/gestionar-sense-perdre-la-identitat-del-farmaceutic-clausura-del-master-en-gestio\/#breadcrumb","itemListElement":[{"@type":"ListItem","position":1,"name":"Inici","item":"https:\/\/novaorg.cofb.net\/"},{"@type":"ListItem","position":2,"name":"Gestionar sense perdre la identitat del farmac\u00e8utic: clausura del M\u00e0ster en Gesti\u00f3"}]},{"@type":"WebSite","@id":"https:\/\/www.cofb.org\/#website","url":"https:\/\/www.cofb.org\/","name":"Col\u00b7legi de Farmac\u00e8utics de Barcelona","description":"","publisher":{"@id":"https:\/\/www.cofb.org\/#organization"},"potentialAction":[{"@type":"SearchAction","target":{"@type":"EntryPoint","urlTemplate":"https:\/\/www.cofb.org\/?s={search_term_string}"},"query-input":"required name=search_term_string"}],"inLanguage":"ca"},{"@type":"Organization","@id":"https:\/\/www.cofb.org\/#organization","name":"Col\u00b7legi de Farmac\u00e8utics de Barcelona","url":"https:\/\/www.cofb.org\/","logo":{"@type":"ImageObject","inLanguage":"ca","@id":"https:\/\/www.cofb.org\/#\/schema\/logo\/image\/","url":"https:\/\/www.cofb.org\/wp-content\/uploads\/2023\/11\/cropped-Logotip-COFB.png","contentUrl":"https:\/\/www.cofb.org\/wp-content\/uploads\/2023\/11\/cropped-Logotip-COFB.png","width":500,"height":105,"caption":"Col\u00b7legi de Farmac\u00e8utics de Barcelona"},"image":{"@id":"https:\/\/www.cofb.org\/#\/schema\/logo\/image\/"},"sameAs":["https:\/\/www.facebook.com\/farmaceuticsbcn\/","https:\/\/twitter.com\/farmaceuticsbcn","https:\/\/www.instagram.com\/farmaceuticsbcn\/","https:\/\/www.linkedin.com\/company\/farmaceuticsbcn\/"]},{"@type":"Person","@id":"https:\/\/www.cofb.org\/#\/schema\/person\/22ed7eea88da74b0fa4d3154ad87ffcb","name":"wpAdminCofbOrg","image":{"@type":"ImageObject","inLanguage":"ca","@id":"https:\/\/www.cofb.org\/#\/schema\/person\/image\/","url":"https:\/\/secure.gravatar.com\/avatar\/1721b20b3b8ca882c3b56ec6c978c594fff670e40c0718e9190eaeeb76aae7d8?s=96&d=mm&r=g","contentUrl":"https:\/\/secure.gravatar.com\/avatar\/1721b20b3b8ca882c3b56ec6c978c594fff670e40c0718e9190eaeeb76aae7d8?s=96&d=mm&r=g","caption":"wpAdminCofbOrg"},"sameAs":["http:\/\/192.168.64.122\/wordpress"],"url":"https:\/\/www.cofb.org\/ca\/author\/wpadmincofborg\/"}]}},"uagb_featured_image_src":{"full":false,"thumbnail":false,"medium":false,"medium_large":false,"large":false,"1536x1536":false,"2048x2048":false,"trp-custom-language-flag":false},"uagb_author_info":{"display_name":"wpAdminCofbOrg","author_link":"https:\/\/www.cofb.org\/ca\/author\/wpadmincofborg\/"},"uagb_comment_info":0,"uagb_excerpt":"La 9a edici\u00f3 del M\u00e0ster en Gesti\u00f3 de l\u2019Oficina de Farm\u00e0cia (MGOF) va finalitzar el 15 de maig amb el lliurament dels diplomes als alumnes. Durant l\u2019acte, Francesc Pla, vicepresident del Col\u00b7legi, els va felicitar per seguir aquesta formaci\u00f3 i \u201cmillorar en la gesti\u00f3 empresarial de l\u2019oficina de farm\u00e0cia\u201d. Alhora, [&hellip;]","_links":{"self":[{"href":"https:\/\/www.cofb.org\/ca\/wp-json\/wp\/v2\/posts\/6684","targetHints":{"allow":["GET"]}}],"collection":[{"href":"https:\/\/www.cofb.org\/ca\/wp-json\/wp\/v2\/posts"}],"about":[{"href":"https:\/\/www.cofb.org\/ca\/wp-json\/wp\/v2\/types\/post"}],"author":[{"embeddable":true,"href":"https:\/\/www.cofb.org\/ca\/wp-json\/wp\/v2\/users\/1"}],"replies":[{"embeddable":true,"href":"https:\/\/www.cofb.org\/ca\/wp-json\/wp\/v2\/comments?post=6684"}],"version-history":[{"count":0,"href":"https:\/\/www.cofb.org\/ca\/wp-json\/wp\/v2\/posts\/6684\/revisions"}],"wp:featuredmedia":[{"embeddable":true,"href":"https:\/\/www.cofb.org\/ca\/wp-json\/"}],"wp:attachment":[{"href":"https:\/\/www.cofb.org\/ca\/wp-json\/wp\/v2\/media?parent=6684"}],"wp:term":[{"taxonomy":"category","embeddable":true,"href":"https:\/\/www.cofb.org\/ca\/wp-json\/wp\/v2\/categories?post=6684"},{"taxonomy":"post_tag","embeddable":true,"href":"https:\/\/www.cofb.org\/ca\/wp-json\/wp\/v2\/tags?post=6684"}],"curies":[{"name":"wp","href":"https:\/\/api.w.org\/{rel}","templated":true}]}}