{"id":66755,"date":"2023-04-21T12:18:14","date_gmt":"2023-04-21T10:18:14","guid":{"rendered":"https:\/\/blog.cofb.cat\/?p=66755"},"modified":"2023-07-27T08:51:30","modified_gmt":"2023-07-27T08:51:30","slug":"agora-sanitaria-i-nestle-health-science-impulsen-una-campanya-de-sensibilitzacio-deteccio-i-acompanyament-de-persones-que-viuen-amb-disfagia-2","status":"publish","type":"post","link":"https:\/\/www.cofb.org\/ca\/2023\/04\/21\/agora-sanitaria-i-nestle-health-science-impulsen-una-campanya-de-sensibilitzacio-deteccio-i-acompanyament-de-persones-que-viuen-amb-disfagia-2\/","title":{"rendered":"\u00c0gora Sanit\u00e0ria i Nestl\u00e9 Health Science impulsen una campanya de sensibilitzaci\u00f3, detecci\u00f3 i acompanyament de persones que viuen amb disf\u00e0gia"},"content":{"rendered":"\n<p>Es calcula que m\u00e9s de dos milions de persones a Espanya pateixen disf\u00e0gia i que, aproximadament, el 90% de la poblaci\u00f3 que pateix aquest trastorn, no est\u00e0 ni diagnosticada, ni correctament tractada. Tenint en compte aquest escenari, <strong>\u00c0gora Sanit\u00e0ria<\/strong>, el portal de formaci\u00f3 online dels Col\u00b7legis de Farmac\u00e8utics de Barcelona i Madrid, i <strong>Nestl\u00e9 Health Science <\/strong>impulsen una <strong>campanya d&#8217;educaci\u00f3 sanit\u00e0ria<\/strong> a les <strong>farm\u00e0cies comunit\u00e0ries per sensibilitzar, detectar i acompanyar a les persones que viuen amb disf\u00e0gia.<\/strong><\/p>\n\n\n\n<figure class=\"wp-block-image size-full\"><img decoding=\"async\" src=\"https:\/\/blog.cofb.cat\/wp-content\/uploads\/2023\/04\/COFB_DISFAGIA_20042023.png\" alt=\"\" class=\"wp-image-66770\"\/><\/figure>\n\n\n\n<h2 class=\"wp-block-heading\"><strong>Webinar de presentaci\u00f3 i formaci\u00f3 el 25 d&#8217;abril<\/strong><\/h2>\n\n\n\n<p>Per adherir-se a la campanya, que est\u00e0 oberta a farm\u00e0cies comunit\u00e0ries de tota Espanya, s&#8217;ha organitzat el pr\u00f2xim dimarts 25 d&#8217;abril, a les 14 h, un webinar de presentaci\u00f3 i formaci\u00f3. <strong>Les inscripcions es poden realitzar a trav\u00e9s d&#8217;<a href=\"https:\/\/www.agorasanitaria.com\/le-cuesta-tragar\/\" target=\"_blank\" rel=\"noreferrer noopener\">agorasanitaria.com<\/a> <\/strong>i, durant la sessi\u00f3, es comptar\u00e0 amb un equip de quatre expertes: <strong>Anna Bach-Faig<\/strong>, vocal d&#8217;Alimentaci\u00f3 i Nutrici\u00f3 del COF de Barcelona; <strong>Helena Bascu\u00f1ana<\/strong>, directora del Servei de Medicina F\u00edsica i Rehabilitaci\u00f3 de l&#8217;Hospital Sant Pau de Barcelona; <strong>Rosana Ashbaugh<\/strong>, infermera de la Unitat de Nutrici\u00f3 Cl\u00ednica i Diet\u00e8tica de l&#8217;Hospital Universitari Pr\u00edncep d&#8217;Ast\u00faries d&#8217;Alcal\u00e1 de Henares; i <strong>Anna Par\u00e9<\/strong>, farmac\u00e8utica comunit\u00e0ria i nutricionista.<\/p>\n\n\n\n<p>M\u00e9s concretament, en el webinar s&#8217;abordaran tots els aspectes a tenir en compte per poder participar en la iniciativa: coneixements generals de la disf\u00e0gia, el perfil del pacient, les estrat\u00e8gies de suport nutricional, els h\u00e0bits higi\u00e8nic-diet\u00e8tics i la presa de medicaments.<\/p>\n\n\n\n<p>La campanya s&#8217;iniciar\u00e0 a partir del <strong>15 de maig<\/strong> en les <strong>farm\u00e0cies comunit\u00e0ries adherides<\/strong>, que comptaran amb un <strong>kit de material de suport compost<\/strong>, entre altres, per un p\u00f2ster, un fullet\u00f3 amb consells per al pacient, i una presentaci\u00f3 per dur a terme sessions d&#8217;educaci\u00f3 sanit\u00e0ria a pacients i\/o persones cuidadores.<\/p>\n\n\n\n<h2 class=\"wp-block-heading\"><strong>Quins s\u00f3n els objectius de la campanya?<\/strong><\/h2>\n\n\n\n<p>Amb la campanya es vol aconseguir sis grans objectius. En primer lloc, <strong>donar a con\u00e8ixer<\/strong> a pacients i cuidadors <strong>l&#8217;exist\u00e8ncia dels problemes en la degluci\u00f3 i la seva import\u00e0ncia per a la salut i la qualitat de vida dels pacients.<\/strong> En segon lloc, <strong>visibilitzar signes i s\u00edmptomes de la disf\u00e0gia <\/strong>que permetin detectar possibles casos. Una altra de les finalitats \u00e9s comprendre <strong>la import\u00e0ncia d&#8217;un bon seguiment de les mesures diet\u00e8tiques<\/strong> i els <strong>h\u00e0bits d&#8217;higiene<\/strong> di\u00e0ria dels pacients. Aix\u00ed mateix, amb la campanya tamb\u00e9 es vol assegurar <strong>l&#8217;aportaci\u00f3 nutricional <\/strong>adequada per evitar casos de desnutrici\u00f3; con\u00e8ixer les estrat\u00e8gies d&#8217;adaptaci\u00f3 de la textura dels aliments i la <strong>viscositat dels l\u00edquids<\/strong>; i, finalment, <strong>millorar la presa de medicaci\u00f3 <\/strong>en persones amb disf\u00e0gia.<\/p>\n\n\n\n<h2 class=\"wp-block-heading\"><strong>Sobre \u00c0gora de Nutrici\u00f3 i Salut<\/strong><\/h2>\n\n\n\n<p>La campanya s&#8217;emmarca en l&#8217;\u00e0rea formativa \u00c0gora de Nutrici\u00f3 i Salut, posada en marxa el 2019 per \u00c0gora Sanit\u00e0ria i Nestl\u00e9 Health Science. L&#8217;objectiu d&#8217;aquest portal \u00e9s posar a l&#8217;abast dels farmac\u00e8utics i de la resta de professionals de l&#8217;oficina de farm\u00e0cia un conjunt de recursos en l\u00ednia que contribueixin a la millora i professionalitzaci\u00f3 del consell farmac\u00e8utic, en un \u00e0mbit de tanta rellev\u00e0ncia com \u00e9s la nutrici\u00f3 en adults i persones grans.<\/p>\n\n\n\n<h2 class=\"wp-block-heading\"><strong>Calendari de la campanya<\/strong><\/h2>\n\n\n\n<ul class=\"wp-block-list\">\n<li><strong>Fins al 25 d&#8217;abril:<\/strong> adhesi\u00f3 a la campanya, inscripci\u00f3 al webinar i sol\u00b7licitud dels materials.<\/li>\n\n\n\n<li><strong>25 d&#8217;abril:<\/strong> webinar de presentaci\u00f3 i formaci\u00f3 dels farmac\u00e8utics.<\/li>\n\n\n\n<li><strong>A partir del 8 de maig:<\/strong> distribuci\u00f3 dels materials a les farm\u00e0cies comunit\u00e0ries.<\/li>\n\n\n\n<li><strong>15 de maig:<\/strong> inici de la campanya.<\/li>\n<\/ul>\n\n\n\n<p><\/p>\n","protected":false},"excerpt":{"rendered":"<p>Es calcula que m\u00e9s de dos milions de persones a Espanya pateixen disf\u00e0gia i que, aproximadament, el 90% de la poblaci\u00f3 que pateix aquest trastorn, no est\u00e0 ni diagnosticada, ni correctament tractada. Tenint en compte aquest escenari, \u00c0gora Sanit\u00e0ria, el portal de formaci\u00f3 online dels Col\u00b7legis de Farmac\u00e8utics de Barcelona [&hellip;]<\/p>\n","protected":false},"author":1,"featured_media":67690,"comment_status":"open","ping_status":"open","sticky":false,"template":"","format":"standard","meta":{"_uag_custom_page_level_css":"","site-sidebar-layout":"default","site-content-layout":"","ast-site-content-layout":"default","site-content-style":"default","site-sidebar-style":"default","ast-global-header-display":"","ast-banner-title-visibility":"","ast-main-header-display":"","ast-hfb-above-header-display":"","ast-hfb-below-header-display":"","ast-hfb-mobile-header-display":"","site-post-title":"","ast-breadcrumbs-content":"","ast-featured-img":"disabled","footer-sml-layout":"","theme-transparent-header-meta":"","adv-header-id-meta":"","stick-header-meta":"","header-above-stick-meta":"","header-main-stick-meta":"","header-below-stick-meta":"","astra-migrate-meta-layouts":"default","ast-page-background-enabled":"default","ast-page-background-meta":{"desktop":{"background-color":"var(--ast-global-color-4)","background-image":"","background-repeat":"repeat","background-position":"center center","background-size":"auto","background-attachment":"scroll","background-type":"","background-media":"","overlay-type":"","overlay-color":"","overlay-opacity":"","overlay-gradient":""},"tablet":{"background-color":"","background-image":"","background-repeat":"repeat","background-position":"center center","background-size":"auto","background-attachment":"scroll","background-type":"","background-media":"","overlay-type":"","overlay-color":"","overlay-opacity":"","overlay-gradient":""},"mobile":{"background-color":"","background-image":"","background-repeat":"repeat","background-position":"center center","background-size":"auto","background-attachment":"scroll","background-type":"","background-media":"","overlay-type":"","overlay-color":"","overlay-opacity":"","overlay-gradient":""}},"ast-content-background-meta":{"desktop":{"background-color":"var(--ast-global-color-5)","background-image":"","background-repeat":"repeat","background-position":"center center","background-size":"auto","background-attachment":"scroll","background-type":"","background-media":"","overlay-type":"","overlay-color":"","overlay-opacity":"","overlay-gradient":""},"tablet":{"background-color":"var(--ast-global-color-5)","background-image":"","background-repeat":"repeat","background-position":"center center","background-size":"auto","background-attachment":"scroll","background-type":"","background-media":"","overlay-type":"","overlay-color":"","overlay-opacity":"","overlay-gradient":""},"mobile":{"background-color":"var(--ast-global-color-5)","background-image":"","background-repeat":"repeat","background-position":"center center","background-size":"auto","background-attachment":"scroll","background-type":"","background-media":"","overlay-type":"","overlay-color":"","overlay-opacity":"","overlay-gradient":""}},"footnotes":""},"categories":[23,57],"tags":[330,331,109,332,18,110,19,183,333,25,26,70,334,335,336,46,117,337,338],"class_list":["post-66755","post","type-post","status-publish","format-standard","has-post-thumbnail","hentry","category-destacats","category-mon-collegial","tag-agora","tag-agora-de-nutricio-i-salut","tag-agora-sanitaria","tag-campanya-deducacio-sanitaria","tag-cofb","tag-cofm","tag-collegi-de-farmaceutics-de-barcelona","tag-colegio-de-farmaceuticos-de-madrid","tag-disfagia","tag-farmacies","tag-farmacies-comunitaries","tag-formacio","tag-formacio-online","tag-medicacio","tag-nestle-health-science","tag-nutricio","tag-salut","tag-webinar","tag-webinar-en-directe"],"yoast_head":"<!-- This site is optimized with the Yoast SEO plugin v22.4 - https:\/\/yoast.com\/wordpress\/plugins\/seo\/ -->\n<title>\u00c0gora Sanit\u00e0ria i Nestl\u00e9 Health Science impulsen una campanya de sensibilitzaci\u00f3, detecci\u00f3 i acompanyament de persones que viuen amb disf\u00e0gia - Col\u00b7legi de Farmac\u00e8utics de Barcelona<\/title>\n<meta name=\"description\" content=\"\u00c0gora Sanit\u00e0ria i Nestl\u00e9 Health Science impulsen una campanya d&#039;educaci\u00f3 sanit\u00e0ria a les farm\u00e0cies comunit\u00e0ries per sensibilitzar, detectar i acompanyar a les persones que viuen amb disf\u00e0gia.\" \/>\n<meta name=\"robots\" content=\"index, follow, max-snippet:-1, max-image-preview:large, max-video-preview:-1\" \/>\n<link rel=\"canonical\" href=\"https:\/\/novaorg.cofb.net\/2023\/04\/21\/agora-sanitaria-i-nestle-health-science-impulsen-una-campanya-de-sensibilitzacio-deteccio-i-acompanyament-de-persones-que-viuen-amb-disfagia-2\/\" \/>\n<meta property=\"og:locale\" content=\"ca_ES\" \/>\n<meta property=\"og:type\" content=\"article\" \/>\n<meta property=\"og:title\" content=\"\u00c0gora Sanit\u00e0ria i Nestl\u00e9 Health Science impulsen una campanya de sensibilitzaci\u00f3, detecci\u00f3 i acompanyament de persones que viuen amb disf\u00e0gia - Col\u00b7legi de Farmac\u00e8utics de Barcelona\" \/>\n<meta property=\"og:description\" content=\"\u00c0gora Sanit\u00e0ria i Nestl\u00e9 Health Science impulsen una campanya d&#039;educaci\u00f3 sanit\u00e0ria a les farm\u00e0cies comunit\u00e0ries per sensibilitzar, detectar i acompanyar a les persones que viuen amb disf\u00e0gia.\" \/>\n<meta property=\"og:url\" content=\"https:\/\/novaorg.cofb.net\/2023\/04\/21\/agora-sanitaria-i-nestle-health-science-impulsen-una-campanya-de-sensibilitzacio-deteccio-i-acompanyament-de-persones-que-viuen-amb-disfagia-2\/\" \/>\n<meta property=\"og:site_name\" content=\"Col\u00b7legi de Farmac\u00e8utics de Barcelona\" \/>\n<meta property=\"article:publisher\" content=\"https:\/\/www.facebook.com\/farmaceuticsbcn\/\" \/>\n<meta property=\"article:published_time\" content=\"2023-04-21T10:18:14+00:00\" \/>\n<meta property=\"article:modified_time\" content=\"2023-07-27T08:51:30+00:00\" \/>\n<meta property=\"og:image\" content=\"https:\/\/novaorg.cofb.net\/wp-content\/uploads\/2023\/07\/COFB_DISFAGIA_20042023.png\" \/>\n\t<meta property=\"og:image:width\" content=\"680\" \/>\n\t<meta property=\"og:image:height\" content=\"453\" \/>\n\t<meta property=\"og:image:type\" content=\"image\/png\" \/>\n<meta name=\"author\" content=\"wpAdminCofbOrg\" \/>\n<meta name=\"twitter:card\" content=\"summary_large_image\" \/>\n<meta name=\"twitter:creator\" content=\"@farmaceuticsbcn\" \/>\n<meta name=\"twitter:site\" content=\"@farmaceuticsbcn\" \/>\n<meta name=\"twitter:label1\" content=\"Escrit per\" \/>\n\t<meta name=\"twitter:data1\" content=\"wpAdminCofbOrg\" \/>\n\t<meta name=\"twitter:label2\" content=\"Temps estimat de lectura\" \/>\n\t<meta name=\"twitter:data2\" content=\"3 minuts\" \/>\n<script type=\"application\/ld+json\" class=\"yoast-schema-graph\">{\"@context\":\"https:\/\/schema.org\",\"@graph\":[{\"@type\":\"Article\",\"@id\":\"https:\/\/novaorg.cofb.net\/2023\/04\/21\/agora-sanitaria-i-nestle-health-science-impulsen-una-campanya-de-sensibilitzacio-deteccio-i-acompanyament-de-persones-que-viuen-amb-disfagia-2\/#article\",\"isPartOf\":{\"@id\":\"https:\/\/novaorg.cofb.net\/2023\/04\/21\/agora-sanitaria-i-nestle-health-science-impulsen-una-campanya-de-sensibilitzacio-deteccio-i-acompanyament-de-persones-que-viuen-amb-disfagia-2\/\"},\"author\":{\"name\":\"wpAdminCofbOrg\",\"@id\":\"https:\/\/www.cofb.org\/#\/schema\/person\/22ed7eea88da74b0fa4d3154ad87ffcb\"},\"headline\":\"\u00c0gora Sanit\u00e0ria i Nestl\u00e9 Health Science impulsen una campanya de sensibilitzaci\u00f3, detecci\u00f3 i acompanyament de persones que viuen amb disf\u00e0gia\",\"datePublished\":\"2023-04-21T10:18:14+00:00\",\"dateModified\":\"2023-07-27T08:51:30+00:00\",\"mainEntityOfPage\":{\"@id\":\"https:\/\/novaorg.cofb.net\/2023\/04\/21\/agora-sanitaria-i-nestle-health-science-impulsen-una-campanya-de-sensibilitzacio-deteccio-i-acompanyament-de-persones-que-viuen-amb-disfagia-2\/\"},\"wordCount\":629,\"commentCount\":0,\"publisher\":{\"@id\":\"https:\/\/www.cofb.org\/#organization\"},\"image\":{\"@id\":\"https:\/\/novaorg.cofb.net\/2023\/04\/21\/agora-sanitaria-i-nestle-health-science-impulsen-una-campanya-de-sensibilitzacio-deteccio-i-acompanyament-de-persones-que-viuen-amb-disfagia-2\/#primaryimage\"},\"thumbnailUrl\":\"https:\/\/www.cofb.org\/wp-content\/uploads\/2023\/07\/COFB_DISFAGIA_20042023.png\",\"keywords\":[\"\u00c0gora\",\"\u00c0gora de Nutrici\u00f3 i Salut\",\"\u00c1gora Sanitaria\",\"campanya d'educaci\u00f3 sanit\u00e0ria\",\"COFB\",\"COFM\",\"Col\u00b7legi de Farmac\u00e8utics de Barcelona\",\"Colegio de Farmac\u00e9uticos de Madrid\",\"disf\u00e0gia\",\"farm\u00e0cies\",\"farm\u00e0cies comunit\u00e0ries\",\"Formaci\u00f3\",\"formaci\u00f3 online\",\"medicaci\u00f3\",\"Nestl\u00e9 Health Science\",\"Nutrici\u00f3\",\"salut\",\"webinar\",\"webinar en directe\"],\"articleSection\":[\"Destacats\",\"M\u00f3n col\u00b7legial\"],\"inLanguage\":\"ca\",\"potentialAction\":[{\"@type\":\"CommentAction\",\"name\":\"Comment\",\"target\":[\"https:\/\/novaorg.cofb.net\/2023\/04\/21\/agora-sanitaria-i-nestle-health-science-impulsen-una-campanya-de-sensibilitzacio-deteccio-i-acompanyament-de-persones-que-viuen-amb-disfagia-2\/#respond\"]}]},{\"@type\":\"WebPage\",\"@id\":\"https:\/\/novaorg.cofb.net\/2023\/04\/21\/agora-sanitaria-i-nestle-health-science-impulsen-una-campanya-de-sensibilitzacio-deteccio-i-acompanyament-de-persones-que-viuen-amb-disfagia-2\/\",\"url\":\"https:\/\/novaorg.cofb.net\/2023\/04\/21\/agora-sanitaria-i-nestle-health-science-impulsen-una-campanya-de-sensibilitzacio-deteccio-i-acompanyament-de-persones-que-viuen-amb-disfagia-2\/\",\"name\":\"\u00c0gora Sanit\u00e0ria i Nestl\u00e9 Health Science impulsen una campanya de sensibilitzaci\u00f3, detecci\u00f3 i acompanyament de persones que viuen amb disf\u00e0gia - Col\u00b7legi de Farmac\u00e8utics de Barcelona\",\"isPartOf\":{\"@id\":\"https:\/\/www.cofb.org\/#website\"},\"primaryImageOfPage\":{\"@id\":\"https:\/\/novaorg.cofb.net\/2023\/04\/21\/agora-sanitaria-i-nestle-health-science-impulsen-una-campanya-de-sensibilitzacio-deteccio-i-acompanyament-de-persones-que-viuen-amb-disfagia-2\/#primaryimage\"},\"image\":{\"@id\":\"https:\/\/novaorg.cofb.net\/2023\/04\/21\/agora-sanitaria-i-nestle-health-science-impulsen-una-campanya-de-sensibilitzacio-deteccio-i-acompanyament-de-persones-que-viuen-amb-disfagia-2\/#primaryimage\"},\"thumbnailUrl\":\"https:\/\/www.cofb.org\/wp-content\/uploads\/2023\/07\/COFB_DISFAGIA_20042023.png\",\"datePublished\":\"2023-04-21T10:18:14+00:00\",\"dateModified\":\"2023-07-27T08:51:30+00:00\",\"description\":\"\u00c0gora Sanit\u00e0ria i Nestl\u00e9 Health Science impulsen una campanya d'educaci\u00f3 sanit\u00e0ria a les farm\u00e0cies comunit\u00e0ries per sensibilitzar, detectar i acompanyar a les persones que viuen amb disf\u00e0gia.\",\"breadcrumb\":{\"@id\":\"https:\/\/novaorg.cofb.net\/2023\/04\/21\/agora-sanitaria-i-nestle-health-science-impulsen-una-campanya-de-sensibilitzacio-deteccio-i-acompanyament-de-persones-que-viuen-amb-disfagia-2\/#breadcrumb\"},\"inLanguage\":\"ca\",\"potentialAction\":[{\"@type\":\"ReadAction\",\"target\":[\"https:\/\/novaorg.cofb.net\/2023\/04\/21\/agora-sanitaria-i-nestle-health-science-impulsen-una-campanya-de-sensibilitzacio-deteccio-i-acompanyament-de-persones-que-viuen-amb-disfagia-2\/\"]}]},{\"@type\":\"ImageObject\",\"inLanguage\":\"ca\",\"@id\":\"https:\/\/novaorg.cofb.net\/2023\/04\/21\/agora-sanitaria-i-nestle-health-science-impulsen-una-campanya-de-sensibilitzacio-deteccio-i-acompanyament-de-persones-que-viuen-amb-disfagia-2\/#primaryimage\",\"url\":\"https:\/\/www.cofb.org\/wp-content\/uploads\/2023\/07\/COFB_DISFAGIA_20042023.png\",\"contentUrl\":\"https:\/\/www.cofb.org\/wp-content\/uploads\/2023\/07\/COFB_DISFAGIA_20042023.png\",\"width\":680,\"height\":453},{\"@type\":\"BreadcrumbList\",\"@id\":\"https:\/\/novaorg.cofb.net\/2023\/04\/21\/agora-sanitaria-i-nestle-health-science-impulsen-una-campanya-de-sensibilitzacio-deteccio-i-acompanyament-de-persones-que-viuen-amb-disfagia-2\/#breadcrumb\",\"itemListElement\":[{\"@type\":\"ListItem\",\"position\":1,\"name\":\"Inici\",\"item\":\"https:\/\/novaorg.cofb.net\/\"},{\"@type\":\"ListItem\",\"position\":2,\"name\":\"\u00c0gora Sanit\u00e0ria i Nestl\u00e9 Health Science impulsen una campanya de sensibilitzaci\u00f3, detecci\u00f3 i acompanyament de persones que viuen amb disf\u00e0gia\"}]},{\"@type\":\"WebSite\",\"@id\":\"https:\/\/www.cofb.org\/#website\",\"url\":\"https:\/\/www.cofb.org\/\",\"name\":\"Col\u00b7legi de Farmac\u00e8utics de Barcelona\",\"description\":\"\",\"publisher\":{\"@id\":\"https:\/\/www.cofb.org\/#organization\"},\"potentialAction\":[{\"@type\":\"SearchAction\",\"target\":{\"@type\":\"EntryPoint\",\"urlTemplate\":\"https:\/\/www.cofb.org\/?s={search_term_string}\"},\"query-input\":\"required name=search_term_string\"}],\"inLanguage\":\"ca\"},{\"@type\":\"Organization\",\"@id\":\"https:\/\/www.cofb.org\/#organization\",\"name\":\"Col\u00b7legi de Farmac\u00e8utics de Barcelona\",\"url\":\"https:\/\/www.cofb.org\/\",\"logo\":{\"@type\":\"ImageObject\",\"inLanguage\":\"ca\",\"@id\":\"https:\/\/www.cofb.org\/#\/schema\/logo\/image\/\",\"url\":\"https:\/\/www.cofb.org\/wp-content\/uploads\/2023\/11\/cropped-Logotip-COFB.png\",\"contentUrl\":\"https:\/\/www.cofb.org\/wp-content\/uploads\/2023\/11\/cropped-Logotip-COFB.png\",\"width\":500,\"height\":105,\"caption\":\"Col\u00b7legi de Farmac\u00e8utics de Barcelona\"},\"image\":{\"@id\":\"https:\/\/www.cofb.org\/#\/schema\/logo\/image\/\"},\"sameAs\":[\"https:\/\/www.facebook.com\/farmaceuticsbcn\/\",\"https:\/\/twitter.com\/farmaceuticsbcn\",\"https:\/\/www.instagram.com\/farmaceuticsbcn\/\",\"https:\/\/www.linkedin.com\/company\/farmaceuticsbcn\/\"]},{\"@type\":\"Person\",\"@id\":\"https:\/\/www.cofb.org\/#\/schema\/person\/22ed7eea88da74b0fa4d3154ad87ffcb\",\"name\":\"wpAdminCofbOrg\",\"image\":{\"@type\":\"ImageObject\",\"inLanguage\":\"ca\",\"@id\":\"https:\/\/www.cofb.org\/#\/schema\/person\/image\/\",\"url\":\"https:\/\/secure.gravatar.com\/avatar\/1721b20b3b8ca882c3b56ec6c978c594fff670e40c0718e9190eaeeb76aae7d8?s=96&d=mm&r=g\",\"contentUrl\":\"https:\/\/secure.gravatar.com\/avatar\/1721b20b3b8ca882c3b56ec6c978c594fff670e40c0718e9190eaeeb76aae7d8?s=96&d=mm&r=g\",\"caption\":\"wpAdminCofbOrg\"},\"sameAs\":[\"http:\/\/192.168.64.122\/wordpress\"],\"url\":\"https:\/\/www.cofb.org\/ca\/author\/wpadmincofborg\/\"}]}<\/script>\n<!-- \/ Yoast SEO plugin. -->","yoast_head_json":{"title":"\u00c0gora Sanit\u00e0ria i Nestl\u00e9 Health Science impulsen una campanya de sensibilitzaci\u00f3, detecci\u00f3 i acompanyament de persones que viuen amb disf\u00e0gia - Col\u00b7legi de Farmac\u00e8utics de Barcelona","description":"\u00c0gora Sanit\u00e0ria i Nestl\u00e9 Health Science impulsen una campanya d'educaci\u00f3 sanit\u00e0ria a les farm\u00e0cies comunit\u00e0ries per sensibilitzar, detectar i acompanyar a les persones que viuen amb disf\u00e0gia.","robots":{"index":"index","follow":"follow","max-snippet":"max-snippet:-1","max-image-preview":"max-image-preview:large","max-video-preview":"max-video-preview:-1"},"canonical":"https:\/\/novaorg.cofb.net\/2023\/04\/21\/agora-sanitaria-i-nestle-health-science-impulsen-una-campanya-de-sensibilitzacio-deteccio-i-acompanyament-de-persones-que-viuen-amb-disfagia-2\/","og_locale":"ca_ES","og_type":"article","og_title":"\u00c0gora Sanit\u00e0ria i Nestl\u00e9 Health Science impulsen una campanya de sensibilitzaci\u00f3, detecci\u00f3 i acompanyament de persones que viuen amb disf\u00e0gia - Col\u00b7legi de Farmac\u00e8utics de Barcelona","og_description":"\u00c0gora Sanit\u00e0ria i Nestl\u00e9 Health Science impulsen una campanya d'educaci\u00f3 sanit\u00e0ria a les farm\u00e0cies comunit\u00e0ries per sensibilitzar, detectar i acompanyar a les persones que viuen amb disf\u00e0gia.","og_url":"https:\/\/novaorg.cofb.net\/2023\/04\/21\/agora-sanitaria-i-nestle-health-science-impulsen-una-campanya-de-sensibilitzacio-deteccio-i-acompanyament-de-persones-que-viuen-amb-disfagia-2\/","og_site_name":"Col\u00b7legi de Farmac\u00e8utics de Barcelona","article_publisher":"https:\/\/www.facebook.com\/farmaceuticsbcn\/","article_published_time":"2023-04-21T10:18:14+00:00","article_modified_time":"2023-07-27T08:51:30+00:00","og_image":[{"width":680,"height":453,"url":"https:\/\/novaorg.cofb.net\/wp-content\/uploads\/2023\/07\/COFB_DISFAGIA_20042023.png","type":"image\/png"}],"author":"wpAdminCofbOrg","twitter_card":"summary_large_image","twitter_creator":"@farmaceuticsbcn","twitter_site":"@farmaceuticsbcn","twitter_misc":{"Escrit per":"wpAdminCofbOrg","Temps estimat de lectura":"3 minuts"},"schema":{"@context":"https:\/\/schema.org","@graph":[{"@type":"Article","@id":"https:\/\/novaorg.cofb.net\/2023\/04\/21\/agora-sanitaria-i-nestle-health-science-impulsen-una-campanya-de-sensibilitzacio-deteccio-i-acompanyament-de-persones-que-viuen-amb-disfagia-2\/#article","isPartOf":{"@id":"https:\/\/novaorg.cofb.net\/2023\/04\/21\/agora-sanitaria-i-nestle-health-science-impulsen-una-campanya-de-sensibilitzacio-deteccio-i-acompanyament-de-persones-que-viuen-amb-disfagia-2\/"},"author":{"name":"wpAdminCofbOrg","@id":"https:\/\/www.cofb.org\/#\/schema\/person\/22ed7eea88da74b0fa4d3154ad87ffcb"},"headline":"\u00c0gora Sanit\u00e0ria i Nestl\u00e9 Health Science impulsen una campanya de sensibilitzaci\u00f3, detecci\u00f3 i acompanyament de persones que viuen amb disf\u00e0gia","datePublished":"2023-04-21T10:18:14+00:00","dateModified":"2023-07-27T08:51:30+00:00","mainEntityOfPage":{"@id":"https:\/\/novaorg.cofb.net\/2023\/04\/21\/agora-sanitaria-i-nestle-health-science-impulsen-una-campanya-de-sensibilitzacio-deteccio-i-acompanyament-de-persones-que-viuen-amb-disfagia-2\/"},"wordCount":629,"commentCount":0,"publisher":{"@id":"https:\/\/www.cofb.org\/#organization"},"image":{"@id":"https:\/\/novaorg.cofb.net\/2023\/04\/21\/agora-sanitaria-i-nestle-health-science-impulsen-una-campanya-de-sensibilitzacio-deteccio-i-acompanyament-de-persones-que-viuen-amb-disfagia-2\/#primaryimage"},"thumbnailUrl":"https:\/\/www.cofb.org\/wp-content\/uploads\/2023\/07\/COFB_DISFAGIA_20042023.png","keywords":["\u00c0gora","\u00c0gora de Nutrici\u00f3 i Salut","\u00c1gora Sanitaria","campanya d'educaci\u00f3 sanit\u00e0ria","COFB","COFM","Col\u00b7legi de Farmac\u00e8utics de Barcelona","Colegio de Farmac\u00e9uticos de Madrid","disf\u00e0gia","farm\u00e0cies","farm\u00e0cies comunit\u00e0ries","Formaci\u00f3","formaci\u00f3 online","medicaci\u00f3","Nestl\u00e9 Health Science","Nutrici\u00f3","salut","webinar","webinar en directe"],"articleSection":["Destacats","M\u00f3n col\u00b7legial"],"inLanguage":"ca","potentialAction":[{"@type":"CommentAction","name":"Comment","target":["https:\/\/novaorg.cofb.net\/2023\/04\/21\/agora-sanitaria-i-nestle-health-science-impulsen-una-campanya-de-sensibilitzacio-deteccio-i-acompanyament-de-persones-que-viuen-amb-disfagia-2\/#respond"]}]},{"@type":"WebPage","@id":"https:\/\/novaorg.cofb.net\/2023\/04\/21\/agora-sanitaria-i-nestle-health-science-impulsen-una-campanya-de-sensibilitzacio-deteccio-i-acompanyament-de-persones-que-viuen-amb-disfagia-2\/","url":"https:\/\/novaorg.cofb.net\/2023\/04\/21\/agora-sanitaria-i-nestle-health-science-impulsen-una-campanya-de-sensibilitzacio-deteccio-i-acompanyament-de-persones-que-viuen-amb-disfagia-2\/","name":"\u00c0gora Sanit\u00e0ria i Nestl\u00e9 Health Science impulsen una campanya de sensibilitzaci\u00f3, detecci\u00f3 i acompanyament de persones que viuen amb disf\u00e0gia - Col\u00b7legi de Farmac\u00e8utics de Barcelona","isPartOf":{"@id":"https:\/\/www.cofb.org\/#website"},"primaryImageOfPage":{"@id":"https:\/\/novaorg.cofb.net\/2023\/04\/21\/agora-sanitaria-i-nestle-health-science-impulsen-una-campanya-de-sensibilitzacio-deteccio-i-acompanyament-de-persones-que-viuen-amb-disfagia-2\/#primaryimage"},"image":{"@id":"https:\/\/novaorg.cofb.net\/2023\/04\/21\/agora-sanitaria-i-nestle-health-science-impulsen-una-campanya-de-sensibilitzacio-deteccio-i-acompanyament-de-persones-que-viuen-amb-disfagia-2\/#primaryimage"},"thumbnailUrl":"https:\/\/www.cofb.org\/wp-content\/uploads\/2023\/07\/COFB_DISFAGIA_20042023.png","datePublished":"2023-04-21T10:18:14+00:00","dateModified":"2023-07-27T08:51:30+00:00","description":"\u00c0gora Sanit\u00e0ria i Nestl\u00e9 Health Science impulsen una campanya d'educaci\u00f3 sanit\u00e0ria a les farm\u00e0cies comunit\u00e0ries per sensibilitzar, detectar i acompanyar a les persones que viuen amb disf\u00e0gia.","breadcrumb":{"@id":"https:\/\/novaorg.cofb.net\/2023\/04\/21\/agora-sanitaria-i-nestle-health-science-impulsen-una-campanya-de-sensibilitzacio-deteccio-i-acompanyament-de-persones-que-viuen-amb-disfagia-2\/#breadcrumb"},"inLanguage":"ca","potentialAction":[{"@type":"ReadAction","target":["https:\/\/novaorg.cofb.net\/2023\/04\/21\/agora-sanitaria-i-nestle-health-science-impulsen-una-campanya-de-sensibilitzacio-deteccio-i-acompanyament-de-persones-que-viuen-amb-disfagia-2\/"]}]},{"@type":"ImageObject","inLanguage":"ca","@id":"https:\/\/novaorg.cofb.net\/2023\/04\/21\/agora-sanitaria-i-nestle-health-science-impulsen-una-campanya-de-sensibilitzacio-deteccio-i-acompanyament-de-persones-que-viuen-amb-disfagia-2\/#primaryimage","url":"https:\/\/www.cofb.org\/wp-content\/uploads\/2023\/07\/COFB_DISFAGIA_20042023.png","contentUrl":"https:\/\/www.cofb.org\/wp-content\/uploads\/2023\/07\/COFB_DISFAGIA_20042023.png","width":680,"height":453},{"@type":"BreadcrumbList","@id":"https:\/\/novaorg.cofb.net\/2023\/04\/21\/agora-sanitaria-i-nestle-health-science-impulsen-una-campanya-de-sensibilitzacio-deteccio-i-acompanyament-de-persones-que-viuen-amb-disfagia-2\/#breadcrumb","itemListElement":[{"@type":"ListItem","position":1,"name":"Inici","item":"https:\/\/novaorg.cofb.net\/"},{"@type":"ListItem","position":2,"name":"\u00c0gora Sanit\u00e0ria i Nestl\u00e9 Health Science impulsen una campanya de sensibilitzaci\u00f3, detecci\u00f3 i acompanyament de persones que viuen amb disf\u00e0gia"}]},{"@type":"WebSite","@id":"https:\/\/www.cofb.org\/#website","url":"https:\/\/www.cofb.org\/","name":"Col\u00b7legi de Farmac\u00e8utics de Barcelona","description":"","publisher":{"@id":"https:\/\/www.cofb.org\/#organization"},"potentialAction":[{"@type":"SearchAction","target":{"@type":"EntryPoint","urlTemplate":"https:\/\/www.cofb.org\/?s={search_term_string}"},"query-input":"required name=search_term_string"}],"inLanguage":"ca"},{"@type":"Organization","@id":"https:\/\/www.cofb.org\/#organization","name":"Col\u00b7legi de Farmac\u00e8utics de Barcelona","url":"https:\/\/www.cofb.org\/","logo":{"@type":"ImageObject","inLanguage":"ca","@id":"https:\/\/www.cofb.org\/#\/schema\/logo\/image\/","url":"https:\/\/www.cofb.org\/wp-content\/uploads\/2023\/11\/cropped-Logotip-COFB.png","contentUrl":"https:\/\/www.cofb.org\/wp-content\/uploads\/2023\/11\/cropped-Logotip-COFB.png","width":500,"height":105,"caption":"Col\u00b7legi de Farmac\u00e8utics de Barcelona"},"image":{"@id":"https:\/\/www.cofb.org\/#\/schema\/logo\/image\/"},"sameAs":["https:\/\/www.facebook.com\/farmaceuticsbcn\/","https:\/\/twitter.com\/farmaceuticsbcn","https:\/\/www.instagram.com\/farmaceuticsbcn\/","https:\/\/www.linkedin.com\/company\/farmaceuticsbcn\/"]},{"@type":"Person","@id":"https:\/\/www.cofb.org\/#\/schema\/person\/22ed7eea88da74b0fa4d3154ad87ffcb","name":"wpAdminCofbOrg","image":{"@type":"ImageObject","inLanguage":"ca","@id":"https:\/\/www.cofb.org\/#\/schema\/person\/image\/","url":"https:\/\/secure.gravatar.com\/avatar\/1721b20b3b8ca882c3b56ec6c978c594fff670e40c0718e9190eaeeb76aae7d8?s=96&d=mm&r=g","contentUrl":"https:\/\/secure.gravatar.com\/avatar\/1721b20b3b8ca882c3b56ec6c978c594fff670e40c0718e9190eaeeb76aae7d8?s=96&d=mm&r=g","caption":"wpAdminCofbOrg"},"sameAs":["http:\/\/192.168.64.122\/wordpress"],"url":"https:\/\/www.cofb.org\/ca\/author\/wpadmincofborg\/"}]}},"uagb_featured_image_src":{"full":["https:\/\/www.cofb.org\/wp-content\/uploads\/2023\/07\/COFB_DISFAGIA_20042023.png",680,453,false],"thumbnail":["https:\/\/www.cofb.org\/wp-content\/uploads\/2023\/07\/COFB_DISFAGIA_20042023-150x150.png",150,150,true],"medium":["https:\/\/www.cofb.org\/wp-content\/uploads\/2023\/07\/COFB_DISFAGIA_20042023-300x200.png",300,200,true],"medium_large":["https:\/\/www.cofb.org\/wp-content\/uploads\/2023\/07\/COFB_DISFAGIA_20042023.png",680,453,false],"large":["https:\/\/www.cofb.org\/wp-content\/uploads\/2023\/07\/COFB_DISFAGIA_20042023.png",680,453,false],"1536x1536":["https:\/\/www.cofb.org\/wp-content\/uploads\/2023\/07\/COFB_DISFAGIA_20042023.png",680,453,false],"2048x2048":["https:\/\/www.cofb.org\/wp-content\/uploads\/2023\/07\/COFB_DISFAGIA_20042023.png",680,453,false],"trp-custom-language-flag":["https:\/\/www.cofb.org\/wp-content\/uploads\/2023\/07\/COFB_DISFAGIA_20042023.png",18,12,false]},"uagb_author_info":{"display_name":"wpAdminCofbOrg","author_link":"https:\/\/www.cofb.org\/ca\/author\/wpadmincofborg\/"},"uagb_comment_info":0,"uagb_excerpt":"Es calcula que m\u00e9s de dos milions de persones a Espanya pateixen disf\u00e0gia i que, aproximadament, el 90% de la poblaci\u00f3 que pateix aquest trastorn, no est\u00e0 ni diagnosticada, ni correctament tractada. Tenint en compte aquest escenari, \u00c0gora Sanit\u00e0ria, el portal de formaci\u00f3 online dels Col\u00b7legis de Farmac\u00e8utics de Barcelona [&hellip;]","_links":{"self":[{"href":"https:\/\/www.cofb.org\/ca\/wp-json\/wp\/v2\/posts\/66755","targetHints":{"allow":["GET"]}}],"collection":[{"href":"https:\/\/www.cofb.org\/ca\/wp-json\/wp\/v2\/posts"}],"about":[{"href":"https:\/\/www.cofb.org\/ca\/wp-json\/wp\/v2\/types\/post"}],"author":[{"embeddable":true,"href":"https:\/\/www.cofb.org\/ca\/wp-json\/wp\/v2\/users\/1"}],"replies":[{"embeddable":true,"href":"https:\/\/www.cofb.org\/ca\/wp-json\/wp\/v2\/comments?post=66755"}],"version-history":[{"count":2,"href":"https:\/\/www.cofb.org\/ca\/wp-json\/wp\/v2\/posts\/66755\/revisions"}],"predecessor-version":[{"id":67692,"href":"https:\/\/www.cofb.org\/ca\/wp-json\/wp\/v2\/posts\/66755\/revisions\/67692"}],"wp:featuredmedia":[{"embeddable":true,"href":"https:\/\/www.cofb.org\/ca\/wp-json\/wp\/v2\/media\/67690"}],"wp:attachment":[{"href":"https:\/\/www.cofb.org\/ca\/wp-json\/wp\/v2\/media?parent=66755"}],"wp:term":[{"taxonomy":"category","embeddable":true,"href":"https:\/\/www.cofb.org\/ca\/wp-json\/wp\/v2\/categories?post=66755"},{"taxonomy":"post_tag","embeddable":true,"href":"https:\/\/www.cofb.org\/ca\/wp-json\/wp\/v2\/tags?post=66755"}],"curies":[{"name":"wp","href":"https:\/\/api.w.org\/{rel}","templated":true}]}}