{"id":66571,"date":"2023-04-03T17:50:43","date_gmt":"2023-04-03T15:50:43","guid":{"rendered":"https:\/\/blog.cofb.cat\/?p=66571"},"modified":"2023-10-06T11:59:15","modified_gmt":"2023-10-06T11:59:15","slug":"el-cofb-organitza-la-tercera-edicio-de-la-formacio-els-matins-proa","status":"publish","type":"post","link":"https:\/\/www.cofb.org\/ca\/2023\/04\/03\/el-cofb-organitza-la-tercera-edicio-de-la-formacio-els-matins-proa\/","title":{"rendered":"El COFB organitza la tercera edici\u00f3 de la formaci\u00f3 \u201cEls matins PROA\u201d"},"content":{"rendered":"\n<p><strong>El Col\u00b7legi de Farmac\u00e8utics de Barcelona (COFB) conjuntament amb la Societat Catalana de Farm\u00e0cia Cl\u00ednica (SCFC) van organitzar la tercera edici\u00f3 de la formaci\u00f3 continuada \u201cEls matins PROA\u201d, amb la col\u00b7laboraci\u00f3 de <a href=\"https:\/\/menarini.es\/\" target=\"_blank\" rel=\"noreferrer noopener\">Menarini<\/a><\/strong>. La formaci\u00f3, adre\u00e7ada a <strong>farmac\u00e8utics d\u2019hospitals i d\u2019atenci\u00f3 prim\u00e0ria<\/strong>, va ser coordinada pel vocal d\u2019Hospitals del COFB, <strong>David Conde<\/strong>, i per la farmac\u00e8utica adjunta de l\u2019Hospital de la Santa Creu i Sant Pau i presidenta de la Societat Catalana de Farm\u00e0cia Cl\u00ednica, <strong>Edurne Fern\u00e1ndez de Gamarra<\/strong>.<\/p>\n\n\n\n<p>Els <strong>objectius<\/strong> de la formaci\u00f3, de cinc sessions de durada i en format webinar, van ser <strong>revisar les noves guies i recomanacions publicades<\/strong> al voltant dels <strong>programes d\u2019optimitzaci\u00f3 d\u2019antimicrobians (PROA)<\/strong>, traslladar les <strong>recomanacions a accions pr\u00e0ctiques<\/strong> i <strong>compartir experi\u00e8ncies de pr\u00e0ctiques de reals <\/strong>portades a terme al territori.<\/p>\n\n\n\n<h2 class=\"wp-block-heading\"><strong>Quins temes es van abordar en aquesta edici\u00f3 dels &#8220;Matins PROA&#8221;?<\/strong><\/h2>\n\n\n\n<p>En la <strong>primera sessi\u00f3<\/strong> de cicle de formatiu, que va tenir lloc el dijous 23 de febrer, els coordinadors van presentar el curs i van donar pas al cap de l\u2019\u00c0rea del Medicament del Parc de Salut Mar, <strong>Santi Grau<\/strong>, i a la cap del Servei de Malalties Infeccioses de l\u2019Hospital Universitari M\u00fatua Terrassa, <strong>Esther Calbo<\/strong>, que van abordar els <strong>programes d\u2019optimitzaci\u00f3 d\u2019antimicrobians (PROA) i els documents de consens<\/strong>.<\/p>\n\n\n\n<div class=\"wp-block-columns is-layout-flex wp-container-core-columns-is-layout-28f84493 wp-block-columns-is-layout-flex\">\n<div class=\"wp-block-column is-layout-flow wp-block-column-is-layout-flow\">\n<figure class=\"wp-block-image size-large\"><a href=\"https:\/\/blog.cofb.cat\/wp-content\/uploads\/2023\/03\/COFB_MATINS-PROA_30032023_4.jpg\" target=\"_blank\" rel=\"noopener\"><img decoding=\"async\" src=\"https:\/\/blog.cofb.cat\/wp-content\/uploads\/2023\/03\/COFB_MATINS-PROA_30032023_4-1024x575.jpg\" alt=\"\" class=\"wp-image-66648\"\/><\/a><\/figure>\n<\/div>\n\n\n\n<div class=\"wp-block-column is-layout-flow wp-block-column-is-layout-flow\">\n<figure class=\"wp-block-image size-full\"><a href=\"https:\/\/blog.cofb.cat\/wp-content\/uploads\/2023\/03\/COFB_MATINS-PROA_30032023_3.jpg\" target=\"_blank\" rel=\"noopener\"><img decoding=\"async\" src=\"https:\/\/blog.cofb.cat\/wp-content\/uploads\/2023\/03\/COFB_MATINS-PROA_30032023_3.jpg\" alt=\"\" class=\"wp-image-66647\"\/><\/a><\/figure>\n<\/div>\n<\/div>\n\n\n\n<p>El dijous 9 de mar\u00e7, es va celebrar la <strong>segona jornada <\/strong>formativa sobre els <strong>PROA i les urg\u00e8ncies<\/strong>. En aquesta sessi\u00f3, moderada per <strong>Aurora Fern\u00e1ndez<\/strong>, farmac\u00e8utica adjunta del Servei de Farm\u00e0cia de l\u2019Hospital Materno-Infantil de la Vall d\u2019Hebron, va participar-hi <strong>Gemma Garreta<\/strong>, farmac\u00e8utica adjunta del Servei de Farm\u00e0cia de l\u2019Hospital Universitari M\u00fatua de Terrassa.<\/p>\n\n\n\n<div class=\"wp-block-columns is-layout-flex wp-container-core-columns-is-layout-28f84493 wp-block-columns-is-layout-flex\">\n<div class=\"wp-block-column is-layout-flow wp-block-column-is-layout-flow\">\n<figure class=\"wp-block-image size-full\"><a href=\"https:\/\/blog.cofb.cat\/wp-content\/uploads\/2023\/03\/COFB_MATINS-PROA_30032023_6.jpg\" target=\"_blank\" rel=\"noopener\"><img decoding=\"async\" src=\"https:\/\/blog.cofb.cat\/wp-content\/uploads\/2023\/03\/COFB_MATINS-PROA_30032023_6.jpg\" alt=\"\" class=\"wp-image-66649\"\/><\/a><\/figure>\n<\/div>\n\n\n\n<div class=\"wp-block-column is-layout-flow wp-block-column-is-layout-flow\">\n<figure class=\"wp-block-image size-full\"><a href=\"https:\/\/blog.cofb.cat\/wp-content\/uploads\/2023\/03\/COFB_MATINS-PROA_30032023_1.jpg\" target=\"_blank\" rel=\"noopener\"><img decoding=\"async\" src=\"https:\/\/blog.cofb.cat\/wp-content\/uploads\/2023\/03\/COFB_MATINS-PROA_30032023_1.jpg\" alt=\"\" class=\"wp-image-66650\"\/><\/a><\/figure>\n<\/div>\n<\/div>\n\n\n\n<p>Els <strong>PROA i els sociosanitaris<\/strong> es van tractar en la <strong>tercera sessi\u00f3<\/strong> de la formaci\u00f3 continuada, el 16 de mar\u00e7, que va moderar el <strong>vocal d\u2019Hospitals del COFB<\/strong>. En aquest cas, van intervenir-hi el cap del Servei de Malalties Infeccioses de l\u2019Hospital del Mar, <strong>Juan Pablo Horcajada<\/strong>, i la responsable del Servei de Farm\u00e0cia del Centre F\u00f2rum de l\u2019Hospital del Mar, <strong>M\u00f2nica Marin<\/strong>.<\/p>\n\n\n\n<figure class=\"wp-block-image size-full\"><img decoding=\"async\" src=\"https:\/\/blog.cofb.cat\/wp-content\/uploads\/2023\/04\/COFB_MATINS-PROA_30032023_12.jpg\" alt=\"\" class=\"wp-image-66683\"\/><\/figure>\n\n\n\n<p>La <strong>quarta sessi\u00f3<\/strong>, celebrada el 23 de mar\u00e7, va centrar-se en els <strong>PROA i els antibiogrames i els criteris Eucast<\/strong>. En aquest cas, va tornar a moderar <strong>Aurora Fern\u00e1ndez<\/strong> i va comptar amb l\u2019exposici\u00f3 de la cap cl\u00ednic de Bacteriologia i Micologia del Servei de Microbiologia de l\u2019Hospital Universitari Vall d\u2019Hebron, <strong>Nieves Larrosa.<\/strong><\/p>\n\n\n\n<div class=\"wp-block-columns is-layout-flex wp-container-core-columns-is-layout-28f84493 wp-block-columns-is-layout-flex\">\n<div class=\"wp-block-column is-layout-flow wp-block-column-is-layout-flow\">\n<figure class=\"wp-block-image size-full\"><a href=\"https:\/\/blog.cofb.cat\/wp-content\/uploads\/2023\/03\/COFB_MATINS-PROA_30032023_9.jpg\" target=\"_blank\" rel=\"noopener\"><img decoding=\"async\" src=\"https:\/\/blog.cofb.cat\/wp-content\/uploads\/2023\/03\/COFB_MATINS-PROA_30032023_9.jpg\" alt=\"\" class=\"wp-image-66653\"\/><\/a><\/figure>\n<\/div>\n\n\n\n<div class=\"wp-block-column is-layout-flow wp-block-column-is-layout-flow\">\n<figure class=\"wp-block-image size-full\"><a href=\"https:\/\/blog.cofb.cat\/wp-content\/uploads\/2023\/03\/COFB_MATINS-PROA_30032023_10.jpg\" target=\"_blank\" rel=\"noopener\"><img decoding=\"async\" src=\"https:\/\/blog.cofb.cat\/wp-content\/uploads\/2023\/03\/COFB_MATINS-PROA_30032023_10.jpg\" alt=\"\" class=\"wp-image-66654\"\/><\/a><\/figure>\n<\/div>\n<\/div>\n\n\n\n<p>Finalment, en la <strong>darrera sessi\u00f3<\/strong>, que va tenir lloc el 30 de mar\u00e7, la farmac\u00e8utica hospital\u00e0ria del Servei de Farm\u00e0cia de l\u2019Hospital Cl\u00ednic de Barcelona, <strong>Melisa Barrantes<\/strong>, va parlar sobre els <strong>PROA i la farmacovigil\u00e0ncia<\/strong>, en una jornada que va moderar <strong>Edurne Fern\u00e1ndez de Gamarra<\/strong>.<\/p>\n\n\n\n<div class=\"wp-block-columns is-layout-flex wp-container-core-columns-is-layout-28f84493 wp-block-columns-is-layout-flex\">\n<div class=\"wp-block-column is-layout-flow wp-block-column-is-layout-flow\">\n<figure class=\"wp-block-image size-full\"><a href=\"https:\/\/blog.cofb.cat\/wp-content\/uploads\/2023\/03\/COFB_MATINS-PROA_30032023_11.jpg\" target=\"_blank\" rel=\"noopener\"><img decoding=\"async\" src=\"https:\/\/blog.cofb.cat\/wp-content\/uploads\/2023\/03\/COFB_MATINS-PROA_30032023_11.jpg\" alt=\"\" class=\"wp-image-66656\"\/><\/a><\/figure>\n<\/div>\n\n\n\n<div class=\"wp-block-column is-layout-flow wp-block-column-is-layout-flow\">\n<figure class=\"wp-block-image size-full\"><a href=\"https:\/\/blog.cofb.cat\/wp-content\/uploads\/2023\/03\/COFB_MATINS-PROA_30032023_2.jpg\" target=\"_blank\" rel=\"noopener\"><img decoding=\"async\" src=\"https:\/\/blog.cofb.cat\/wp-content\/uploads\/2023\/03\/COFB_MATINS-PROA_30032023_2.jpg\" alt=\"\" class=\"wp-image-66655\"\/><\/a><\/figure>\n<\/div>\n<\/div>\n\n\n\n<div class=\"wp-block-columns is-layout-flex wp-container-core-columns-is-layout-28f84493 wp-block-columns-is-layout-flex\">\n<div class=\"wp-block-column is-layout-flow wp-block-column-is-layout-flow\"><\/div>\n\n\n\n<div class=\"wp-block-column is-layout-flow wp-block-column-is-layout-flow\"><\/div>\n\n\n\n<div class=\"wp-block-column is-layout-flow wp-block-column-is-layout-flow\">\n<p class=\"has-text-align-right\"><strong>Activitat organitzada conjuntament amb:<\/strong><\/p>\n\n\n\n<figure class=\"wp-block-image alignright size-thumbnail\"><a href=\"https:\/\/www.scfarmclin.org\/\" target=\"_blank\" rel=\"noopener\"><img decoding=\"async\" src=\"https:\/\/blog.cofb.cat\/wp-content\/uploads\/2022\/06\/Societat-Catalana-de-Farmacia-Clinica-SCFC_logo_transparent-150x97.png\" alt=\"\" class=\"wp-image-63695\"\/><\/a><\/figure>\n<\/div>\n<\/div>\n\n\n\n<div class=\"wp-block-columns is-layout-flex wp-container-core-columns-is-layout-28f84493 wp-block-columns-is-layout-flex\">\n<div class=\"wp-block-column is-layout-flow wp-block-column-is-layout-flow\"><\/div>\n\n\n\n<div class=\"wp-block-column is-layout-flow wp-block-column-is-layout-flow\"><\/div>\n\n\n\n<div class=\"wp-block-column is-layout-flow wp-block-column-is-layout-flow\">\n<p class=\"has-text-align-right\"><strong>Amb la col\u00b7laboraci\u00f3 de:<\/strong><\/p>\n\n\n\n<p> <figure class=\"wp-block-image alignright size-thumbnail\"><a rel=\"noopener\" href=\"https:\/\/menarini.es\/\" target=\"_blank\"><img decoding=\"async\" class=\"wp-image-66579\" src=\"https:\/\/blog.cofb.cat\/wp-content\/uploads\/2023\/03\/MENARINI-Grupo_logo_transparent-150x44.png\" alt=\"\"><\/a><\/figure> <\/p>\n<\/div>\n<\/div>\n\n\n\n<p class=\"has-text-align-right\"><\/p>\n","protected":false},"excerpt":{"rendered":"<p>El Col\u00b7legi de Farmac\u00e8utics de Barcelona (COFB) conjuntament amb la Societat Catalana de Farm\u00e0cia Cl\u00ednica (SCFC) van organitzar la tercera edici\u00f3 de la formaci\u00f3 continuada \u201cEls matins PROA\u201d, amb la col\u00b7laboraci\u00f3 de Menarini. La formaci\u00f3, adre\u00e7ada a farmac\u00e8utics d\u2019hospitals i d\u2019atenci\u00f3 prim\u00e0ria, va ser coordinada pel vocal d\u2019Hospitals del COFB, [&hellip;]<\/p>\n","protected":false},"author":1,"featured_media":67704,"comment_status":"open","ping_status":"open","sticky":false,"template":"","format":"standard","meta":{"_uag_custom_page_level_css":"","site-sidebar-layout":"default","site-content-layout":"","ast-site-content-layout":"default","site-content-style":"default","site-sidebar-style":"default","ast-global-header-display":"","ast-banner-title-visibility":"","ast-main-header-display":"","ast-hfb-above-header-display":"","ast-hfb-below-header-display":"","ast-hfb-mobile-header-display":"","site-post-title":"","ast-breadcrumbs-content":"","ast-featured-img":"disabled","footer-sml-layout":"","theme-transparent-header-meta":"","adv-header-id-meta":"","stick-header-meta":"","header-above-stick-meta":"","header-main-stick-meta":"","header-below-stick-meta":"","astra-migrate-meta-layouts":"default","ast-page-background-enabled":"default","ast-page-background-meta":{"desktop":{"background-color":"var(--ast-global-color-4)","background-image":"","background-repeat":"repeat","background-position":"center center","background-size":"auto","background-attachment":"scroll","background-type":"","background-media":"","overlay-type":"","overlay-color":"","overlay-opacity":"","overlay-gradient":""},"tablet":{"background-color":"","background-image":"","background-repeat":"repeat","background-position":"center center","background-size":"auto","background-attachment":"scroll","background-type":"","background-media":"","overlay-type":"","overlay-color":"","overlay-opacity":"","overlay-gradient":""},"mobile":{"background-color":"","background-image":"","background-repeat":"repeat","background-position":"center center","background-size":"auto","background-attachment":"scroll","background-type":"","background-media":"","overlay-type":"","overlay-color":"","overlay-opacity":"","overlay-gradient":""}},"ast-content-background-meta":{"desktop":{"background-color":"var(--ast-global-color-5)","background-image":"","background-repeat":"repeat","background-position":"center center","background-size":"auto","background-attachment":"scroll","background-type":"","background-media":"","overlay-type":"","overlay-color":"","overlay-opacity":"","overlay-gradient":""},"tablet":{"background-color":"var(--ast-global-color-5)","background-image":"","background-repeat":"repeat","background-position":"center center","background-size":"auto","background-attachment":"scroll","background-type":"","background-media":"","overlay-type":"","overlay-color":"","overlay-opacity":"","overlay-gradient":""},"mobile":{"background-color":"var(--ast-global-color-5)","background-image":"","background-repeat":"repeat","background-position":"center center","background-size":"auto","background-attachment":"scroll","background-type":"","background-media":"","overlay-type":"","overlay-color":"","overlay-opacity":"","overlay-gradient":""}},"footnotes":""},"categories":[23,57],"tags":[277,278,18,19,279,280,281,282,70,283,284,285,286,129,287],"class_list":["post-66571","post","type-post","status-publish","format-standard","has-post-thumbnail","hentry","category-destacats","category-mon-collegial","tag-antibiogrames","tag-antimicrobians","tag-cofb","tag-collegi-de-farmaceutics-de-barcelona","tag-criteris-eucast","tag-documents-de-consens","tag-els-matins-proa","tag-farmacovigilancia","tag-formacio","tag-proa","tag-programa-per-optimitzar-lus-dels-antibiotics","tag-scfc","tag-societat-catalana-de-farmacia-clinica","tag-societat-catalana-de-farmacia-clinica-scfc","tag-urgencies"],"yoast_head":"<!-- This site is optimized with the Yoast SEO plugin v22.4 - https:\/\/yoast.com\/wordpress\/plugins\/seo\/ -->\n<title>El COFB organitza la tercera edici\u00f3 de la formaci\u00f3 \u201cEls matins PROA\u201d - Col\u00b7legi de Farmac\u00e8utics de Barcelona<\/title>\n<meta name=\"description\" content=\"El COFB conjuntament amb la Societat Catalana de Farm\u00e0cia Cl\u00ednica (SCFC) van organitzar la formaci\u00f3 continuada \u201cEls matins PROA III edici\u00f3\u201d\" \/>\n<meta name=\"robots\" content=\"index, follow, max-snippet:-1, max-image-preview:large, max-video-preview:-1\" \/>\n<link rel=\"canonical\" href=\"https:\/\/novaorg.cofb.net\/2023\/04\/03\/el-cofb-organitza-la-tercera-edicio-de-la-formacio-els-matins-proa\/\" \/>\n<meta property=\"og:locale\" content=\"ca_ES\" \/>\n<meta property=\"og:type\" content=\"article\" \/>\n<meta property=\"og:title\" content=\"El COFB organitza la tercera edici\u00f3 de la formaci\u00f3 \u201cEls matins PROA\u201d - Col\u00b7legi de Farmac\u00e8utics de Barcelona\" \/>\n<meta property=\"og:description\" content=\"El COFB conjuntament amb la Societat Catalana de Farm\u00e0cia Cl\u00ednica (SCFC) van organitzar la formaci\u00f3 continuada \u201cEls matins PROA III edici\u00f3\u201d\" \/>\n<meta property=\"og:url\" content=\"https:\/\/novaorg.cofb.net\/2023\/04\/03\/el-cofb-organitza-la-tercera-edicio-de-la-formacio-els-matins-proa\/\" \/>\n<meta property=\"og:site_name\" content=\"Col\u00b7legi de Farmac\u00e8utics de Barcelona\" \/>\n<meta property=\"article:publisher\" content=\"https:\/\/www.facebook.com\/farmaceuticsbcn\/\" \/>\n<meta property=\"article:published_time\" content=\"2023-04-03T15:50:43+00:00\" \/>\n<meta property=\"article:modified_time\" content=\"2023-10-06T11:59:15+00:00\" \/>\n<meta property=\"og:image\" content=\"https:\/\/novaorg.cofb.net\/wp-content\/uploads\/2023\/07\/PROA_antimicrobians_original_edited_2-150x75-1.jpg\" \/>\n\t<meta property=\"og:image:width\" content=\"150\" \/>\n\t<meta property=\"og:image:height\" content=\"75\" \/>\n\t<meta property=\"og:image:type\" content=\"image\/jpeg\" \/>\n<meta name=\"author\" content=\"wpAdminCofbOrg\" \/>\n<meta name=\"twitter:card\" content=\"summary_large_image\" \/>\n<meta name=\"twitter:creator\" content=\"@farmaceuticsbcn\" \/>\n<meta name=\"twitter:site\" content=\"@farmaceuticsbcn\" \/>\n<meta name=\"twitter:label1\" content=\"Escrit per\" \/>\n\t<meta name=\"twitter:data1\" content=\"wpAdminCofbOrg\" \/>\n\t<meta name=\"twitter:label2\" content=\"Temps estimat de lectura\" \/>\n\t<meta name=\"twitter:data2\" content=\"5 minuts\" \/>\n<script type=\"application\/ld+json\" class=\"yoast-schema-graph\">{\"@context\":\"https:\/\/schema.org\",\"@graph\":[{\"@type\":\"Article\",\"@id\":\"https:\/\/novaorg.cofb.net\/2023\/04\/03\/el-cofb-organitza-la-tercera-edicio-de-la-formacio-els-matins-proa\/#article\",\"isPartOf\":{\"@id\":\"https:\/\/novaorg.cofb.net\/2023\/04\/03\/el-cofb-organitza-la-tercera-edicio-de-la-formacio-els-matins-proa\/\"},\"author\":{\"name\":\"wpAdminCofbOrg\",\"@id\":\"https:\/\/www.cofb.org\/#\/schema\/person\/22ed7eea88da74b0fa4d3154ad87ffcb\"},\"headline\":\"El COFB organitza la tercera edici\u00f3 de la formaci\u00f3 \u201cEls matins PROA\u201d\",\"datePublished\":\"2023-04-03T15:50:43+00:00\",\"dateModified\":\"2023-10-06T11:59:15+00:00\",\"mainEntityOfPage\":{\"@id\":\"https:\/\/novaorg.cofb.net\/2023\/04\/03\/el-cofb-organitza-la-tercera-edicio-de-la-formacio-els-matins-proa\/\"},\"wordCount\":492,\"commentCount\":0,\"publisher\":{\"@id\":\"https:\/\/www.cofb.org\/#organization\"},\"image\":{\"@id\":\"https:\/\/novaorg.cofb.net\/2023\/04\/03\/el-cofb-organitza-la-tercera-edicio-de-la-formacio-els-matins-proa\/#primaryimage\"},\"thumbnailUrl\":\"https:\/\/www.cofb.org\/wp-content\/uploads\/2023\/07\/PROA_antimicrobians_original_edited_2-150x75-1.jpg\",\"keywords\":[\"antibiogrames\",\"antimicrobians\",\"COFB\",\"Col\u00b7legi de Farmac\u00e8utics de Barcelona\",\"criteris Eucast\",\"documents de consens\",\"Els Matins PROA\",\"Farmacovigil\u00e0ncia\",\"Formaci\u00f3\",\"PROA\",\"Programa per optimitzar l'\u00fas dels antibi\u00f2tics\",\"SCFC\",\"Societat Catalana de Farm\u00e0cia Cl\u00ednica\",\"Societat Catalana de Farm\u00e0cia Cl\u00ednica (SCFC)\",\"urgencies\"],\"articleSection\":[\"Destacats\",\"M\u00f3n col\u00b7legial\"],\"inLanguage\":\"ca\",\"potentialAction\":[{\"@type\":\"CommentAction\",\"name\":\"Comment\",\"target\":[\"https:\/\/novaorg.cofb.net\/2023\/04\/03\/el-cofb-organitza-la-tercera-edicio-de-la-formacio-els-matins-proa\/#respond\"]}]},{\"@type\":\"WebPage\",\"@id\":\"https:\/\/novaorg.cofb.net\/2023\/04\/03\/el-cofb-organitza-la-tercera-edicio-de-la-formacio-els-matins-proa\/\",\"url\":\"https:\/\/novaorg.cofb.net\/2023\/04\/03\/el-cofb-organitza-la-tercera-edicio-de-la-formacio-els-matins-proa\/\",\"name\":\"El COFB organitza la tercera edici\u00f3 de la formaci\u00f3 \u201cEls matins PROA\u201d - Col\u00b7legi de Farmac\u00e8utics de Barcelona\",\"isPartOf\":{\"@id\":\"https:\/\/www.cofb.org\/#website\"},\"primaryImageOfPage\":{\"@id\":\"https:\/\/novaorg.cofb.net\/2023\/04\/03\/el-cofb-organitza-la-tercera-edicio-de-la-formacio-els-matins-proa\/#primaryimage\"},\"image\":{\"@id\":\"https:\/\/novaorg.cofb.net\/2023\/04\/03\/el-cofb-organitza-la-tercera-edicio-de-la-formacio-els-matins-proa\/#primaryimage\"},\"thumbnailUrl\":\"https:\/\/www.cofb.org\/wp-content\/uploads\/2023\/07\/PROA_antimicrobians_original_edited_2-150x75-1.jpg\",\"datePublished\":\"2023-04-03T15:50:43+00:00\",\"dateModified\":\"2023-10-06T11:59:15+00:00\",\"description\":\"El COFB conjuntament amb la Societat Catalana de Farm\u00e0cia Cl\u00ednica (SCFC) van organitzar la formaci\u00f3 continuada \u201cEls matins PROA III edici\u00f3\u201d\",\"breadcrumb\":{\"@id\":\"https:\/\/novaorg.cofb.net\/2023\/04\/03\/el-cofb-organitza-la-tercera-edicio-de-la-formacio-els-matins-proa\/#breadcrumb\"},\"inLanguage\":\"ca\",\"potentialAction\":[{\"@type\":\"ReadAction\",\"target\":[\"https:\/\/novaorg.cofb.net\/2023\/04\/03\/el-cofb-organitza-la-tercera-edicio-de-la-formacio-els-matins-proa\/\"]}]},{\"@type\":\"ImageObject\",\"inLanguage\":\"ca\",\"@id\":\"https:\/\/novaorg.cofb.net\/2023\/04\/03\/el-cofb-organitza-la-tercera-edicio-de-la-formacio-els-matins-proa\/#primaryimage\",\"url\":\"https:\/\/www.cofb.org\/wp-content\/uploads\/2023\/07\/PROA_antimicrobians_original_edited_2-150x75-1.jpg\",\"contentUrl\":\"https:\/\/www.cofb.org\/wp-content\/uploads\/2023\/07\/PROA_antimicrobians_original_edited_2-150x75-1.jpg\",\"width\":150,\"height\":75},{\"@type\":\"BreadcrumbList\",\"@id\":\"https:\/\/novaorg.cofb.net\/2023\/04\/03\/el-cofb-organitza-la-tercera-edicio-de-la-formacio-els-matins-proa\/#breadcrumb\",\"itemListElement\":[{\"@type\":\"ListItem\",\"position\":1,\"name\":\"Inici\",\"item\":\"https:\/\/novaorg.cofb.net\/\"},{\"@type\":\"ListItem\",\"position\":2,\"name\":\"El COFB organitza la tercera edici\u00f3 de la formaci\u00f3 \u201cEls matins PROA\u201d\"}]},{\"@type\":\"WebSite\",\"@id\":\"https:\/\/www.cofb.org\/#website\",\"url\":\"https:\/\/www.cofb.org\/\",\"name\":\"Col\u00b7legi de Farmac\u00e8utics de Barcelona\",\"description\":\"\",\"publisher\":{\"@id\":\"https:\/\/www.cofb.org\/#organization\"},\"potentialAction\":[{\"@type\":\"SearchAction\",\"target\":{\"@type\":\"EntryPoint\",\"urlTemplate\":\"https:\/\/www.cofb.org\/?s={search_term_string}\"},\"query-input\":\"required name=search_term_string\"}],\"inLanguage\":\"ca\"},{\"@type\":\"Organization\",\"@id\":\"https:\/\/www.cofb.org\/#organization\",\"name\":\"Col\u00b7legi de Farmac\u00e8utics de Barcelona\",\"url\":\"https:\/\/www.cofb.org\/\",\"logo\":{\"@type\":\"ImageObject\",\"inLanguage\":\"ca\",\"@id\":\"https:\/\/www.cofb.org\/#\/schema\/logo\/image\/\",\"url\":\"https:\/\/www.cofb.org\/wp-content\/uploads\/2023\/11\/cropped-Logotip-COFB.png\",\"contentUrl\":\"https:\/\/www.cofb.org\/wp-content\/uploads\/2023\/11\/cropped-Logotip-COFB.png\",\"width\":500,\"height\":105,\"caption\":\"Col\u00b7legi de Farmac\u00e8utics de Barcelona\"},\"image\":{\"@id\":\"https:\/\/www.cofb.org\/#\/schema\/logo\/image\/\"},\"sameAs\":[\"https:\/\/www.facebook.com\/farmaceuticsbcn\/\",\"https:\/\/twitter.com\/farmaceuticsbcn\",\"https:\/\/www.instagram.com\/farmaceuticsbcn\/\",\"https:\/\/www.linkedin.com\/company\/farmaceuticsbcn\/\"]},{\"@type\":\"Person\",\"@id\":\"https:\/\/www.cofb.org\/#\/schema\/person\/22ed7eea88da74b0fa4d3154ad87ffcb\",\"name\":\"wpAdminCofbOrg\",\"image\":{\"@type\":\"ImageObject\",\"inLanguage\":\"ca\",\"@id\":\"https:\/\/www.cofb.org\/#\/schema\/person\/image\/\",\"url\":\"https:\/\/secure.gravatar.com\/avatar\/1721b20b3b8ca882c3b56ec6c978c594fff670e40c0718e9190eaeeb76aae7d8?s=96&d=mm&r=g\",\"contentUrl\":\"https:\/\/secure.gravatar.com\/avatar\/1721b20b3b8ca882c3b56ec6c978c594fff670e40c0718e9190eaeeb76aae7d8?s=96&d=mm&r=g\",\"caption\":\"wpAdminCofbOrg\"},\"sameAs\":[\"http:\/\/192.168.64.122\/wordpress\"],\"url\":\"https:\/\/www.cofb.org\/ca\/author\/wpadmincofborg\/\"}]}<\/script>\n<!-- \/ Yoast SEO plugin. -->","yoast_head_json":{"title":"El COFB organitza la tercera edici\u00f3 de la formaci\u00f3 \u201cEls matins PROA\u201d - Col\u00b7legi de Farmac\u00e8utics de Barcelona","description":"El COFB conjuntament amb la Societat Catalana de Farm\u00e0cia Cl\u00ednica (SCFC) van organitzar la formaci\u00f3 continuada \u201cEls matins PROA III edici\u00f3\u201d","robots":{"index":"index","follow":"follow","max-snippet":"max-snippet:-1","max-image-preview":"max-image-preview:large","max-video-preview":"max-video-preview:-1"},"canonical":"https:\/\/novaorg.cofb.net\/2023\/04\/03\/el-cofb-organitza-la-tercera-edicio-de-la-formacio-els-matins-proa\/","og_locale":"ca_ES","og_type":"article","og_title":"El COFB organitza la tercera edici\u00f3 de la formaci\u00f3 \u201cEls matins PROA\u201d - Col\u00b7legi de Farmac\u00e8utics de Barcelona","og_description":"El COFB conjuntament amb la Societat Catalana de Farm\u00e0cia Cl\u00ednica (SCFC) van organitzar la formaci\u00f3 continuada \u201cEls matins PROA III edici\u00f3\u201d","og_url":"https:\/\/novaorg.cofb.net\/2023\/04\/03\/el-cofb-organitza-la-tercera-edicio-de-la-formacio-els-matins-proa\/","og_site_name":"Col\u00b7legi de Farmac\u00e8utics de Barcelona","article_publisher":"https:\/\/www.facebook.com\/farmaceuticsbcn\/","article_published_time":"2023-04-03T15:50:43+00:00","article_modified_time":"2023-10-06T11:59:15+00:00","og_image":[{"width":150,"height":75,"url":"https:\/\/novaorg.cofb.net\/wp-content\/uploads\/2023\/07\/PROA_antimicrobians_original_edited_2-150x75-1.jpg","type":"image\/jpeg"}],"author":"wpAdminCofbOrg","twitter_card":"summary_large_image","twitter_creator":"@farmaceuticsbcn","twitter_site":"@farmaceuticsbcn","twitter_misc":{"Escrit per":"wpAdminCofbOrg","Temps estimat de lectura":"5 minuts"},"schema":{"@context":"https:\/\/schema.org","@graph":[{"@type":"Article","@id":"https:\/\/novaorg.cofb.net\/2023\/04\/03\/el-cofb-organitza-la-tercera-edicio-de-la-formacio-els-matins-proa\/#article","isPartOf":{"@id":"https:\/\/novaorg.cofb.net\/2023\/04\/03\/el-cofb-organitza-la-tercera-edicio-de-la-formacio-els-matins-proa\/"},"author":{"name":"wpAdminCofbOrg","@id":"https:\/\/www.cofb.org\/#\/schema\/person\/22ed7eea88da74b0fa4d3154ad87ffcb"},"headline":"El COFB organitza la tercera edici\u00f3 de la formaci\u00f3 \u201cEls matins PROA\u201d","datePublished":"2023-04-03T15:50:43+00:00","dateModified":"2023-10-06T11:59:15+00:00","mainEntityOfPage":{"@id":"https:\/\/novaorg.cofb.net\/2023\/04\/03\/el-cofb-organitza-la-tercera-edicio-de-la-formacio-els-matins-proa\/"},"wordCount":492,"commentCount":0,"publisher":{"@id":"https:\/\/www.cofb.org\/#organization"},"image":{"@id":"https:\/\/novaorg.cofb.net\/2023\/04\/03\/el-cofb-organitza-la-tercera-edicio-de-la-formacio-els-matins-proa\/#primaryimage"},"thumbnailUrl":"https:\/\/www.cofb.org\/wp-content\/uploads\/2023\/07\/PROA_antimicrobians_original_edited_2-150x75-1.jpg","keywords":["antibiogrames","antimicrobians","COFB","Col\u00b7legi de Farmac\u00e8utics de Barcelona","criteris Eucast","documents de consens","Els Matins PROA","Farmacovigil\u00e0ncia","Formaci\u00f3","PROA","Programa per optimitzar l'\u00fas dels antibi\u00f2tics","SCFC","Societat Catalana de Farm\u00e0cia Cl\u00ednica","Societat Catalana de Farm\u00e0cia Cl\u00ednica (SCFC)","urgencies"],"articleSection":["Destacats","M\u00f3n col\u00b7legial"],"inLanguage":"ca","potentialAction":[{"@type":"CommentAction","name":"Comment","target":["https:\/\/novaorg.cofb.net\/2023\/04\/03\/el-cofb-organitza-la-tercera-edicio-de-la-formacio-els-matins-proa\/#respond"]}]},{"@type":"WebPage","@id":"https:\/\/novaorg.cofb.net\/2023\/04\/03\/el-cofb-organitza-la-tercera-edicio-de-la-formacio-els-matins-proa\/","url":"https:\/\/novaorg.cofb.net\/2023\/04\/03\/el-cofb-organitza-la-tercera-edicio-de-la-formacio-els-matins-proa\/","name":"El COFB organitza la tercera edici\u00f3 de la formaci\u00f3 \u201cEls matins PROA\u201d - Col\u00b7legi de Farmac\u00e8utics de Barcelona","isPartOf":{"@id":"https:\/\/www.cofb.org\/#website"},"primaryImageOfPage":{"@id":"https:\/\/novaorg.cofb.net\/2023\/04\/03\/el-cofb-organitza-la-tercera-edicio-de-la-formacio-els-matins-proa\/#primaryimage"},"image":{"@id":"https:\/\/novaorg.cofb.net\/2023\/04\/03\/el-cofb-organitza-la-tercera-edicio-de-la-formacio-els-matins-proa\/#primaryimage"},"thumbnailUrl":"https:\/\/www.cofb.org\/wp-content\/uploads\/2023\/07\/PROA_antimicrobians_original_edited_2-150x75-1.jpg","datePublished":"2023-04-03T15:50:43+00:00","dateModified":"2023-10-06T11:59:15+00:00","description":"El COFB conjuntament amb la Societat Catalana de Farm\u00e0cia Cl\u00ednica (SCFC) van organitzar la formaci\u00f3 continuada \u201cEls matins PROA III edici\u00f3\u201d","breadcrumb":{"@id":"https:\/\/novaorg.cofb.net\/2023\/04\/03\/el-cofb-organitza-la-tercera-edicio-de-la-formacio-els-matins-proa\/#breadcrumb"},"inLanguage":"ca","potentialAction":[{"@type":"ReadAction","target":["https:\/\/novaorg.cofb.net\/2023\/04\/03\/el-cofb-organitza-la-tercera-edicio-de-la-formacio-els-matins-proa\/"]}]},{"@type":"ImageObject","inLanguage":"ca","@id":"https:\/\/novaorg.cofb.net\/2023\/04\/03\/el-cofb-organitza-la-tercera-edicio-de-la-formacio-els-matins-proa\/#primaryimage","url":"https:\/\/www.cofb.org\/wp-content\/uploads\/2023\/07\/PROA_antimicrobians_original_edited_2-150x75-1.jpg","contentUrl":"https:\/\/www.cofb.org\/wp-content\/uploads\/2023\/07\/PROA_antimicrobians_original_edited_2-150x75-1.jpg","width":150,"height":75},{"@type":"BreadcrumbList","@id":"https:\/\/novaorg.cofb.net\/2023\/04\/03\/el-cofb-organitza-la-tercera-edicio-de-la-formacio-els-matins-proa\/#breadcrumb","itemListElement":[{"@type":"ListItem","position":1,"name":"Inici","item":"https:\/\/novaorg.cofb.net\/"},{"@type":"ListItem","position":2,"name":"El COFB organitza la tercera edici\u00f3 de la formaci\u00f3 \u201cEls matins PROA\u201d"}]},{"@type":"WebSite","@id":"https:\/\/www.cofb.org\/#website","url":"https:\/\/www.cofb.org\/","name":"Col\u00b7legi de Farmac\u00e8utics de Barcelona","description":"","publisher":{"@id":"https:\/\/www.cofb.org\/#organization"},"potentialAction":[{"@type":"SearchAction","target":{"@type":"EntryPoint","urlTemplate":"https:\/\/www.cofb.org\/?s={search_term_string}"},"query-input":"required name=search_term_string"}],"inLanguage":"ca"},{"@type":"Organization","@id":"https:\/\/www.cofb.org\/#organization","name":"Col\u00b7legi de Farmac\u00e8utics de Barcelona","url":"https:\/\/www.cofb.org\/","logo":{"@type":"ImageObject","inLanguage":"ca","@id":"https:\/\/www.cofb.org\/#\/schema\/logo\/image\/","url":"https:\/\/www.cofb.org\/wp-content\/uploads\/2023\/11\/cropped-Logotip-COFB.png","contentUrl":"https:\/\/www.cofb.org\/wp-content\/uploads\/2023\/11\/cropped-Logotip-COFB.png","width":500,"height":105,"caption":"Col\u00b7legi de Farmac\u00e8utics de Barcelona"},"image":{"@id":"https:\/\/www.cofb.org\/#\/schema\/logo\/image\/"},"sameAs":["https:\/\/www.facebook.com\/farmaceuticsbcn\/","https:\/\/twitter.com\/farmaceuticsbcn","https:\/\/www.instagram.com\/farmaceuticsbcn\/","https:\/\/www.linkedin.com\/company\/farmaceuticsbcn\/"]},{"@type":"Person","@id":"https:\/\/www.cofb.org\/#\/schema\/person\/22ed7eea88da74b0fa4d3154ad87ffcb","name":"wpAdminCofbOrg","image":{"@type":"ImageObject","inLanguage":"ca","@id":"https:\/\/www.cofb.org\/#\/schema\/person\/image\/","url":"https:\/\/secure.gravatar.com\/avatar\/1721b20b3b8ca882c3b56ec6c978c594fff670e40c0718e9190eaeeb76aae7d8?s=96&d=mm&r=g","contentUrl":"https:\/\/secure.gravatar.com\/avatar\/1721b20b3b8ca882c3b56ec6c978c594fff670e40c0718e9190eaeeb76aae7d8?s=96&d=mm&r=g","caption":"wpAdminCofbOrg"},"sameAs":["http:\/\/192.168.64.122\/wordpress"],"url":"https:\/\/www.cofb.org\/ca\/author\/wpadmincofborg\/"}]}},"uagb_featured_image_src":{"full":["https:\/\/www.cofb.org\/wp-content\/uploads\/2023\/07\/PROA_antimicrobians_original_edited_2-150x75-1.jpg",150,75,false],"thumbnail":["https:\/\/www.cofb.org\/wp-content\/uploads\/2023\/07\/PROA_antimicrobians_original_edited_2-150x75-1.jpg",150,75,false],"medium":["https:\/\/www.cofb.org\/wp-content\/uploads\/2023\/07\/PROA_antimicrobians_original_edited_2-150x75-1.jpg",150,75,false],"medium_large":["https:\/\/www.cofb.org\/wp-content\/uploads\/2023\/07\/PROA_antimicrobians_original_edited_2-150x75-1.jpg",150,75,false],"large":["https:\/\/www.cofb.org\/wp-content\/uploads\/2023\/07\/PROA_antimicrobians_original_edited_2-150x75-1.jpg",150,75,false],"1536x1536":["https:\/\/www.cofb.org\/wp-content\/uploads\/2023\/07\/PROA_antimicrobians_original_edited_2-150x75-1.jpg",150,75,false],"2048x2048":["https:\/\/www.cofb.org\/wp-content\/uploads\/2023\/07\/PROA_antimicrobians_original_edited_2-150x75-1.jpg",150,75,false],"trp-custom-language-flag":["https:\/\/www.cofb.org\/wp-content\/uploads\/2023\/07\/PROA_antimicrobians_original_edited_2-150x75-1.jpg",18,9,false]},"uagb_author_info":{"display_name":"wpAdminCofbOrg","author_link":"https:\/\/www.cofb.org\/ca\/author\/wpadmincofborg\/"},"uagb_comment_info":0,"uagb_excerpt":"El Col\u00b7legi de Farmac\u00e8utics de Barcelona (COFB) conjuntament amb la Societat Catalana de Farm\u00e0cia Cl\u00ednica (SCFC) van organitzar la tercera edici\u00f3 de la formaci\u00f3 continuada \u201cEls matins PROA\u201d, amb la col\u00b7laboraci\u00f3 de Menarini. La formaci\u00f3, adre\u00e7ada a farmac\u00e8utics d\u2019hospitals i d\u2019atenci\u00f3 prim\u00e0ria, va ser coordinada pel vocal d\u2019Hospitals del COFB, [&hellip;]","_links":{"self":[{"href":"https:\/\/www.cofb.org\/ca\/wp-json\/wp\/v2\/posts\/66571","targetHints":{"allow":["GET"]}}],"collection":[{"href":"https:\/\/www.cofb.org\/ca\/wp-json\/wp\/v2\/posts"}],"about":[{"href":"https:\/\/www.cofb.org\/ca\/wp-json\/wp\/v2\/types\/post"}],"author":[{"embeddable":true,"href":"https:\/\/www.cofb.org\/ca\/wp-json\/wp\/v2\/users\/1"}],"replies":[{"embeddable":true,"href":"https:\/\/www.cofb.org\/ca\/wp-json\/wp\/v2\/comments?post=66571"}],"version-history":[{"count":3,"href":"https:\/\/www.cofb.org\/ca\/wp-json\/wp\/v2\/posts\/66571\/revisions"}],"predecessor-version":[{"id":68952,"href":"https:\/\/www.cofb.org\/ca\/wp-json\/wp\/v2\/posts\/66571\/revisions\/68952"}],"wp:featuredmedia":[{"embeddable":true,"href":"https:\/\/www.cofb.org\/ca\/wp-json\/wp\/v2\/media\/67704"}],"wp:attachment":[{"href":"https:\/\/www.cofb.org\/ca\/wp-json\/wp\/v2\/media?parent=66571"}],"wp:term":[{"taxonomy":"category","embeddable":true,"href":"https:\/\/www.cofb.org\/ca\/wp-json\/wp\/v2\/categories?post=66571"},{"taxonomy":"post_tag","embeddable":true,"href":"https:\/\/www.cofb.org\/ca\/wp-json\/wp\/v2\/tags?post=66571"}],"curies":[{"name":"wp","href":"https:\/\/api.w.org\/{rel}","templated":true}]}}