{"id":66526,"date":"2023-04-05T17:23:29","date_gmt":"2023-04-05T15:23:29","guid":{"rendered":"https:\/\/blog.cofb.cat\/?p=66526"},"modified":"2023-07-27T08:53:51","modified_gmt":"2023-07-27T08:53:51","slug":"nova-tertulia-dactualitat-sobre-les-its-i-com-abordar-les-des-de-la-farmacia-comunitaria","status":"publish","type":"post","link":"https:\/\/www.cofb.org\/ca\/2023\/04\/05\/nova-tertulia-dactualitat-sobre-les-its-i-com-abordar-les-des-de-la-farmacia-comunitaria\/","title":{"rendered":"Nova tert\u00falia d\u2019actualitat sobre les ITS i com abordar-les des de la farm\u00e0cia comunit\u00e0ria"},"content":{"rendered":"\n<p>El passat 22 de mar\u00e7, va tenir lloc una <strong>nova tert\u00falia d\u2019actualitat<\/strong>, <strong>\u201cInfeccions de transmissi\u00f3 sexual (ITS)\u201d<\/strong>, en el <strong>Col\u00b7legi de Farmac\u00e8utics de Barcelona (COFB)<\/strong>. La tert\u00falia va ser impartida per <strong>Rosa Maria Mansilla<\/strong>, cap de l\u2019\u00c0rea de Prevenci\u00f3, Atenci\u00f3 i Control de les ITS i el VIH de l\u2019Ag\u00e8ncia de Salut P\u00fablica de Catalunya, i per <strong>Sara Nuri Salvador<\/strong>, farmac\u00e8utica comunit\u00e0ria. La vocal de Salut P\u00fablica del COFB, <strong>N\u00faria Oliva<\/strong>, va moderar la sessi\u00f3. <\/p>\n\n\n\n<figure class=\"wp-block-image size-large\"><a href=\"https:\/\/blog.cofb.cat\/wp-content\/uploads\/2023\/03\/COFB_ITS_27032023_1-scaled.jpg\" target=\"_blank\" rel=\"noopener\"><img decoding=\"async\" src=\"https:\/\/blog.cofb.cat\/wp-content\/uploads\/2023\/03\/COFB_ITS_27032023_1-1024x576.jpg\" alt=\"\" class=\"wp-image-66537\"\/><\/a><\/figure>\n\n\n\n<p>Els <strong>objectius<\/strong> de la tert\u00falia d\u2019actualitat van ser abordar les <strong>infeccions de transmissi\u00f3 sexual<\/strong> des d\u2019un punt de vista de <strong>salut p\u00fablica<\/strong>; con\u00e8ixer les <strong>estrat\u00e8gies de control i de tractament<\/strong> de cada patologia; fomentar la <strong>comunicaci\u00f3<\/strong>, la <strong>coordinaci\u00f3<\/strong> i la <strong>col\u00b7laboraci\u00f3 entre professionals<\/strong>; saber com fer un <strong>seguiment farmacoterap\u00e8utic<\/strong> adient; i proporcionar <strong>recomanacions de salut indicades<\/strong> per prevenir cada ITS.<\/p>\n\n\n\n<h2 class=\"wp-block-heading\"><strong>Objectius a assolir del VIH i les ITS<\/strong><\/h2>\n\n\n\n<p><strong>Rosa Maria Mansilla<\/strong> va iniciar la tert\u00falia explicant quina \u00e9s <strong>la situaci\u00f3 epidemiol\u00f2gica del VIH i altres ITS a Catalunya<\/strong> des de la visi\u00f3 de <strong>salut p\u00fablica<\/strong>. \u201cEl problema de les ITS \u00e9s un <strong>problema mundial<\/strong>\u201d, va assegurar Mansilla, de fet l\u2019ONUSIDA t\u00e9 com a \u201cobjectiu de salut p\u00fablica <strong>eliminar el VIH i altres ITS l\u2019any 2030<\/strong>\u201d. Per fer-ho, &#8220;van plantejar per a l\u2019any <strong>2020<\/strong> assolir els <strong>objectius del 90-90-90<\/strong>, que vol dir: que el <strong>90% de les persones amb VIH estiguin diagnosticades<\/strong>; que d\u2019aquestes, el <strong>90% rebin tractament<\/strong>; i d\u2019aquestes, el<strong> 90% tinguin una c\u00e0rrega viral indetectable<\/strong>\u201d, va detallar Rosa Maria. Catalunya ha superat aquestes xifres, ja que es troba en el 93-90-97 i l\u2019objectiu, per a <strong>l\u2019any 2025, \u00e9s aconseguir un 95-95-95<\/strong>.<\/p>\n\n\n\n<figure class=\"wp-block-image size-large\"><a href=\"https:\/\/blog.cofb.cat\/wp-content\/uploads\/2023\/03\/COFB_ITS_27032023_2-scaled.jpg\" target=\"_blank\" rel=\"noopener\"><img decoding=\"async\" src=\"https:\/\/blog.cofb.cat\/wp-content\/uploads\/2023\/03\/COFB_ITS_27032023_2-1024x576.jpg\" alt=\"D'esquerra a dreta: Sara Nuri Salvador, N\u00faria Oliva i Rosa Maria Mansilla.\" class=\"wp-image-66538\" title=\" D'esquerra a dreta: Sara Nuri Salvador, N\u00faria Oliva i Rosa Maria Mansilla.\"\/><\/a><figcaption class=\"wp-element-caption\"> D&#8217;esquerra a dreta: Sara Nuri Salvador, N\u00faria Oliva i Rosa Maria Mansilla.<\/figcaption><\/figure>\n\n\n\n<h2 class=\"wp-block-heading\"><strong>Les infeccions de transmissi\u00f3 sexual en xifres <\/strong><\/h2>\n\n\n\n<p>La cap de l\u2019\u00c0rea de Prevenci\u00f3, Atenci\u00f3 i Control de les ITS i el VIH de l\u2019Ag\u00e8ncia de Salut P\u00fablica de Catalunya va compartir les <strong>xifres de la situaci\u00f3 epidemiol\u00f2gica a Catalunya de l\u2019any 2019<\/strong>, que mostraven que el <strong>50% de les malalties de declaraci\u00f3 obligat\u00f2ria eren infeccions de transmissi\u00f3 sexual<\/strong>. Per tant, \u201c\u00e9s una alerta que obliga a <strong>planificar<\/strong> i a tenir <strong>previsi\u00f3 d\u2019abordatge<\/strong> tant <strong>preventiu<\/strong>, com de <strong>control<\/strong>, com <strong>d\u2019estigma<\/strong>\u201d, va assegurar Mansilla.<\/p>\n\n\n\n<figure class=\"wp-block-image size-large\"><a href=\"https:\/\/blog.cofb.cat\/wp-content\/uploads\/2023\/03\/COFB_ITS_27032023_3-scaled.jpg\" target=\"_blank\" rel=\"noopener\"><img decoding=\"async\" src=\"https:\/\/blog.cofb.cat\/wp-content\/uploads\/2023\/03\/COFB_ITS_27032023_3-1024x576.jpg\" alt=\"Masilla en un moment de la seva intervenci\u00f3. \" class=\"wp-image-66539\" title=\"Masilla en un moment de la seva intervenci\u00f3. \"\/><\/a><figcaption class=\"wp-element-caption\">Masilla en un moment de la seva intervenci\u00f3. <\/figcaption><\/figure>\n\n\n\n<p>Segons va exposar Rosa Maria, la taxa per cada 100.000 hab. de <strong>casos d\u2019ITS declarats a Catalunya l\u2019any 2021<\/strong> s\u00f3n: <strong>infecci\u00f3 genital per clam\u00eddia (140,2)<\/strong>, <strong>gonoc\u00f2ccia (86,2)<\/strong>, <strong>s\u00edfilis infecciosa (25,7)<\/strong> i <strong>limfogranuloma veneri (4,6)<\/strong>. Pel que fa a la taxa de <strong>persones diagnosticades amb VIH a Catalunya<\/strong>, s\u2019estima que hi ha aproximadament <strong>33.365 persones positives<\/strong> i un <strong>7% ho desconeix<\/strong>.<\/p>\n\n\n\n<h2 class=\"wp-block-heading\"><strong>El paper del farmac\u00e8utic a les ITS<\/strong><\/h2>\n\n\n\n<p>Sobre el <strong>paper del farmac\u00e8utic<\/strong> <strong>a l\u2019oficina de farm\u00e0cia en l\u2019abordatge de les ITS en va parlar la farmac\u00e8utica comunit\u00e0ria<\/strong>, <strong>Sara Nuri Salvador<\/strong>, que va comentar que \u201c\u00e9s essencial per afrontar els <strong>problemes que afecten la salut sexual dels ciutadans <\/strong>col\u00b7laborant a l\u2019atenuaci\u00f3 i resoluci\u00f3 del problema sociosanitari que representen les ITS&#8221;. Segons Salvador, des de la farm\u00e0cia <strong>es pot actuar en tres nivells<\/strong>: en primer lloc, en la <strong>dispensaci\u00f3<\/strong>; en segon lloc, en <strong>l\u2019educaci\u00f3 sanit\u00e0ria<\/strong>; i, en tercer lloc, en la <strong>detecci\u00f3 preco\u00e7 de les ITS<\/strong>.<\/p>\n\n\n\n<p>La farmac\u00e8utica comunit\u00e0ria va posar en relleu que \u201cel farmac\u00e8utic ha de <strong>prestar especial atenci\u00f3 a persones de grup de risc<\/strong>: &#8220;consumidors de drogues, injectables, treballadors sexuals, homes homosexuals i adolescents amb pr\u00e0ctica de risc, al consum de medicaments enfront de la disfunci\u00f3 er\u00e8ctil i les noies que sol\u00b7liciten la p\u00edndola de l\u2019endem\u00e0\u201d.<\/p>\n\n\n\n<figure class=\"wp-block-image size-large is-resized\"><a href=\"https:\/\/blog.cofb.cat\/wp-content\/uploads\/2023\/03\/COFB_ITS_27032023_4-scaled.jpg\" target=\"_blank\" rel=\"noopener\"><img fetchpriority=\"high\" decoding=\"async\" src=\"https:\/\/blog.cofb.cat\/wp-content\/uploads\/2023\/03\/COFB_ITS_27032023_4-1024x576.jpg\" alt=\"Sara Nuri Salvador durant la seva exposici\u00f3.\" class=\"wp-image-66535\" width=\"840\" height=\"472\" title=\" Sara Nuri Salvador durant la seva exposici\u00f3.\"\/><\/a><figcaption class=\"wp-element-caption\"> Sara Nuri Salvador durant la seva exposici\u00f3.<\/figcaption><\/figure>\n\n\n\n<p>Sobre la <strong>prova de detecci\u00f3 de VIH<\/strong>, la farmac\u00e8utica va explicar que, en l\u2019actualitat, \u201ca moltes farm\u00e0cies comunit\u00e0ries de Catalunya es realitza el <strong>Programa de detecci\u00f3 preco\u00e7 del VIH amb test r\u00e0pid<\/strong>. Un tractament preco\u00e7 que permetr\u00e0 un <strong>millor pron\u00f2stic en l\u2019evoluci\u00f3 de la infecci\u00f3 <\/strong>i, alhora, permetr\u00e0 prendre mesures per evitar la transmissi\u00f3 a altres persones\u201d. I va afegir que la farm\u00e0cia \u00e9s un lloc \u201caccessible, an\u00f2nim i r\u00e0pid en l\u2019obtenci\u00f3 del resultat\u201d. Salvador va ensenyar gr\u00e0fics que mostraven que la prova es du a terme en major percentatge a homes que a dones i que normalment, tenen entre 30 i 40 anys.<\/p>\n\n\n\n<p>Per finalitzar la seva intervenci\u00f3, la ponent va reafirmar que les \u201c<strong>ITS s\u00f3n un problema de salut p\u00fablica per l\u2019elevada incid\u00e8ncia <\/strong>que tenen i el <strong>farmac\u00e8utic<\/strong>, per la seva <strong>proximitat i confian\u00e7a<\/strong>, pot ajudar a <strong>promoure una bona salut sexual proporcionant recomanacions<\/strong>, fent un bon <strong>seguiment socioterap\u00e8utic<\/strong> i <strong>participant en moltes activitats preventives<\/strong> com pics i detecci\u00f3 VIH\u201d.<\/p>\n","protected":false},"excerpt":{"rendered":"<p>El passat 22 de mar\u00e7, va tenir lloc una nova tert\u00falia d\u2019actualitat, \u201cInfeccions de transmissi\u00f3 sexual (ITS)\u201d, en el Col\u00b7legi de Farmac\u00e8utics de Barcelona (COFB). La tert\u00falia va ser impartida per Rosa Maria Mansilla, cap de l\u2019\u00c0rea de Prevenci\u00f3, Atenci\u00f3 i Control de les ITS i el VIH de l\u2019Ag\u00e8ncia [&hellip;]<\/p>\n","protected":false},"author":1,"featured_media":67701,"comment_status":"open","ping_status":"open","sticky":false,"template":"","format":"standard","meta":{"_uag_custom_page_level_css":"","site-sidebar-layout":"default","site-content-layout":"","ast-site-content-layout":"default","site-content-style":"default","site-sidebar-style":"default","ast-global-header-display":"","ast-banner-title-visibility":"","ast-main-header-display":"","ast-hfb-above-header-display":"","ast-hfb-below-header-display":"","ast-hfb-mobile-header-display":"","site-post-title":"","ast-breadcrumbs-content":"","ast-featured-img":"disabled","footer-sml-layout":"","theme-transparent-header-meta":"","adv-header-id-meta":"","stick-header-meta":"","header-above-stick-meta":"","header-main-stick-meta":"","header-below-stick-meta":"","astra-migrate-meta-layouts":"default","ast-page-background-enabled":"default","ast-page-background-meta":{"desktop":{"background-color":"var(--ast-global-color-4)","background-image":"","background-repeat":"repeat","background-position":"center center","background-size":"auto","background-attachment":"scroll","background-type":"","background-media":"","overlay-type":"","overlay-color":"","overlay-opacity":"","overlay-gradient":""},"tablet":{"background-color":"","background-image":"","background-repeat":"repeat","background-position":"center center","background-size":"auto","background-attachment":"scroll","background-type":"","background-media":"","overlay-type":"","overlay-color":"","overlay-opacity":"","overlay-gradient":""},"mobile":{"background-color":"","background-image":"","background-repeat":"repeat","background-position":"center center","background-size":"auto","background-attachment":"scroll","background-type":"","background-media":"","overlay-type":"","overlay-color":"","overlay-opacity":"","overlay-gradient":""}},"ast-content-background-meta":{"desktop":{"background-color":"var(--ast-global-color-5)","background-image":"","background-repeat":"repeat","background-position":"center center","background-size":"auto","background-attachment":"scroll","background-type":"","background-media":"","overlay-type":"","overlay-color":"","overlay-opacity":"","overlay-gradient":""},"tablet":{"background-color":"var(--ast-global-color-5)","background-image":"","background-repeat":"repeat","background-position":"center center","background-size":"auto","background-attachment":"scroll","background-type":"","background-media":"","overlay-type":"","overlay-color":"","overlay-opacity":"","overlay-gradient":""},"mobile":{"background-color":"var(--ast-global-color-5)","background-image":"","background-repeat":"repeat","background-position":"center center","background-size":"auto","background-attachment":"scroll","background-type":"","background-media":"","overlay-type":"","overlay-color":"","overlay-opacity":"","overlay-gradient":""}},"footnotes":""},"categories":[23,57],"tags":[64,18,19,254,255,53,68,69,70,256,257,258,259,260,261,76,262,263,264,265,266,96,267,139,140,63,232],"class_list":["post-66526","post","type-post","status-publish","format-standard","has-post-thumbnail","hentry","category-destacats","category-mon-collegial","tag-atencio-farmaceutica","tag-cofb","tag-collegi-de-farmaceutics-de-barcelona","tag-control","tag-deteccio-precoc","tag-farmaceutics","tag-farmacia","tag-farmacia-comunitaria","tag-formacio","tag-infeccio","tag-infeccio-vih","tag-infeccions-de-transmissio-sexual","tag-its","tag-objectius-de-desenvolupament-sostenible","tag-ods","tag-oficina-de-farmacia","tag-oficines-de-farmacia","tag-paper-dels-farmaceutics","tag-prevencio","tag-programa-de-deteccio-precoc-del-cih-amb-test-rapid","tag-programa-de-deteccio-precoc-del-vih","tag-salut-publica","tag-seguiment-farmacoterapeutic","tag-tertulia-actualitat","tag-tertulia-dactualitat","tag-tractament","tag-vih"],"yoast_head":"<!-- This site is optimized with the Yoast SEO plugin v22.4 - https:\/\/yoast.com\/wordpress\/plugins\/seo\/ -->\n<title>Nova tert\u00falia d\u2019actualitat sobre les ITS i com abordar-les des de la farm\u00e0cia comunit\u00e0ria - Col\u00b7legi de Farmac\u00e8utics de Barcelona<\/title>\n<meta name=\"description\" content=\"El passat 22 de mar\u00e7, va tenir lloc una nova tert\u00falia d\u2019actualitat, \u201cInfeccions de transmissi\u00f3 sexual (ITS)\u201d, en el COFB\" \/>\n<meta name=\"robots\" content=\"index, follow, max-snippet:-1, max-image-preview:large, max-video-preview:-1\" \/>\n<link rel=\"canonical\" href=\"https:\/\/novaorg.cofb.net\/2023\/04\/05\/nova-tertulia-dactualitat-sobre-les-its-i-com-abordar-les-des-de-la-farmacia-comunitaria\/\" \/>\n<meta property=\"og:locale\" content=\"ca_ES\" \/>\n<meta property=\"og:type\" content=\"article\" \/>\n<meta property=\"og:title\" content=\"Nova tert\u00falia d\u2019actualitat sobre les ITS i com abordar-les des de la farm\u00e0cia comunit\u00e0ria - Col\u00b7legi de Farmac\u00e8utics de Barcelona\" \/>\n<meta property=\"og:description\" content=\"El passat 22 de mar\u00e7, va tenir lloc una nova tert\u00falia d\u2019actualitat, \u201cInfeccions de transmissi\u00f3 sexual (ITS)\u201d, en el COFB\" \/>\n<meta property=\"og:url\" content=\"https:\/\/novaorg.cofb.net\/2023\/04\/05\/nova-tertulia-dactualitat-sobre-les-its-i-com-abordar-les-des-de-la-farmacia-comunitaria\/\" \/>\n<meta property=\"og:site_name\" content=\"Col\u00b7legi de Farmac\u00e8utics de Barcelona\" \/>\n<meta property=\"article:publisher\" content=\"https:\/\/www.facebook.com\/farmaceuticsbcn\/\" \/>\n<meta property=\"article:published_time\" content=\"2023-04-05T15:23:29+00:00\" \/>\n<meta property=\"article:modified_time\" content=\"2023-07-27T08:53:51+00:00\" \/>\n<meta property=\"og:image\" content=\"https:\/\/novaorg.cofb.net\/wp-content\/uploads\/2023\/07\/COFB_ITS_27032023_1-scaled-1.jpg\" \/>\n\t<meta property=\"og:image:width\" content=\"2560\" \/>\n\t<meta property=\"og:image:height\" content=\"1440\" \/>\n\t<meta property=\"og:image:type\" content=\"image\/jpeg\" \/>\n<meta name=\"author\" content=\"wpAdminCofbOrg\" \/>\n<meta name=\"twitter:card\" content=\"summary_large_image\" \/>\n<meta name=\"twitter:creator\" content=\"@farmaceuticsbcn\" \/>\n<meta name=\"twitter:site\" content=\"@farmaceuticsbcn\" \/>\n<meta name=\"twitter:label1\" content=\"Escrit per\" \/>\n\t<meta name=\"twitter:data1\" content=\"wpAdminCofbOrg\" \/>\n\t<meta name=\"twitter:label2\" content=\"Temps estimat de lectura\" \/>\n\t<meta name=\"twitter:data2\" content=\"5 minuts\" \/>\n<script type=\"application\/ld+json\" class=\"yoast-schema-graph\">{\"@context\":\"https:\/\/schema.org\",\"@graph\":[{\"@type\":\"Article\",\"@id\":\"https:\/\/novaorg.cofb.net\/2023\/04\/05\/nova-tertulia-dactualitat-sobre-les-its-i-com-abordar-les-des-de-la-farmacia-comunitaria\/#article\",\"isPartOf\":{\"@id\":\"https:\/\/novaorg.cofb.net\/2023\/04\/05\/nova-tertulia-dactualitat-sobre-les-its-i-com-abordar-les-des-de-la-farmacia-comunitaria\/\"},\"author\":{\"name\":\"wpAdminCofbOrg\",\"@id\":\"https:\/\/www.cofb.org\/#\/schema\/person\/22ed7eea88da74b0fa4d3154ad87ffcb\"},\"headline\":\"Nova tert\u00falia d\u2019actualitat sobre les ITS i com abordar-les des de la farm\u00e0cia comunit\u00e0ria\",\"datePublished\":\"2023-04-05T15:23:29+00:00\",\"dateModified\":\"2023-07-27T08:53:51+00:00\",\"mainEntityOfPage\":{\"@id\":\"https:\/\/novaorg.cofb.net\/2023\/04\/05\/nova-tertulia-dactualitat-sobre-les-its-i-com-abordar-les-des-de-la-farmacia-comunitaria\/\"},\"wordCount\":837,\"commentCount\":0,\"publisher\":{\"@id\":\"https:\/\/www.cofb.org\/#organization\"},\"image\":{\"@id\":\"https:\/\/novaorg.cofb.net\/2023\/04\/05\/nova-tertulia-dactualitat-sobre-les-its-i-com-abordar-les-des-de-la-farmacia-comunitaria\/#primaryimage\"},\"thumbnailUrl\":\"https:\/\/www.cofb.org\/wp-content\/uploads\/2023\/07\/COFB_ITS_27032023_1-scaled-1.jpg\",\"keywords\":[\"Atenci\u00f3 farmac\u00e8utica\",\"COFB\",\"Col\u00b7legi de Farmac\u00e8utics de Barcelona\",\"control\",\"detecci\u00f3 preco\u00e7\",\"farmac\u00e8utics\",\"Farm\u00e0cia\",\"farm\u00e0cia comunit\u00e0ria\",\"Formaci\u00f3\",\"infecci\u00f3\",\"infecci\u00f3 VIH\",\"infeccions de transmissi\u00f3 sexual\",\"ITS\",\"Objectius de Desenvolupament Sostenible\",\"ODS\",\"Oficina de farm\u00e0cia\",\"oficines de farm\u00e0cia\",\"paper dels farmac\u00e8utics\",\"prevenci\u00f3\",\"Programa de Detecci\u00f3 Preco\u00e7 del CIH amb test r\u00e0pid\",\"Programa de Detecci\u00f3 Preco\u00e7 del VIH\",\"Salut p\u00fablica\",\"seguiment farmacoterap\u00e8utic\",\"tert\u00falia actualitat\",\"tert\u00falia d'actualitat\",\"tractament\",\"VIH\"],\"articleSection\":[\"Destacats\",\"M\u00f3n col\u00b7legial\"],\"inLanguage\":\"ca\",\"potentialAction\":[{\"@type\":\"CommentAction\",\"name\":\"Comment\",\"target\":[\"https:\/\/novaorg.cofb.net\/2023\/04\/05\/nova-tertulia-dactualitat-sobre-les-its-i-com-abordar-les-des-de-la-farmacia-comunitaria\/#respond\"]}]},{\"@type\":\"WebPage\",\"@id\":\"https:\/\/novaorg.cofb.net\/2023\/04\/05\/nova-tertulia-dactualitat-sobre-les-its-i-com-abordar-les-des-de-la-farmacia-comunitaria\/\",\"url\":\"https:\/\/novaorg.cofb.net\/2023\/04\/05\/nova-tertulia-dactualitat-sobre-les-its-i-com-abordar-les-des-de-la-farmacia-comunitaria\/\",\"name\":\"Nova tert\u00falia d\u2019actualitat sobre les ITS i com abordar-les des de la farm\u00e0cia comunit\u00e0ria - Col\u00b7legi de Farmac\u00e8utics de Barcelona\",\"isPartOf\":{\"@id\":\"https:\/\/www.cofb.org\/#website\"},\"primaryImageOfPage\":{\"@id\":\"https:\/\/novaorg.cofb.net\/2023\/04\/05\/nova-tertulia-dactualitat-sobre-les-its-i-com-abordar-les-des-de-la-farmacia-comunitaria\/#primaryimage\"},\"image\":{\"@id\":\"https:\/\/novaorg.cofb.net\/2023\/04\/05\/nova-tertulia-dactualitat-sobre-les-its-i-com-abordar-les-des-de-la-farmacia-comunitaria\/#primaryimage\"},\"thumbnailUrl\":\"https:\/\/www.cofb.org\/wp-content\/uploads\/2023\/07\/COFB_ITS_27032023_1-scaled-1.jpg\",\"datePublished\":\"2023-04-05T15:23:29+00:00\",\"dateModified\":\"2023-07-27T08:53:51+00:00\",\"description\":\"El passat 22 de mar\u00e7, va tenir lloc una nova tert\u00falia d\u2019actualitat, \u201cInfeccions de transmissi\u00f3 sexual (ITS)\u201d, en el COFB\",\"breadcrumb\":{\"@id\":\"https:\/\/novaorg.cofb.net\/2023\/04\/05\/nova-tertulia-dactualitat-sobre-les-its-i-com-abordar-les-des-de-la-farmacia-comunitaria\/#breadcrumb\"},\"inLanguage\":\"ca\",\"potentialAction\":[{\"@type\":\"ReadAction\",\"target\":[\"https:\/\/novaorg.cofb.net\/2023\/04\/05\/nova-tertulia-dactualitat-sobre-les-its-i-com-abordar-les-des-de-la-farmacia-comunitaria\/\"]}]},{\"@type\":\"ImageObject\",\"inLanguage\":\"ca\",\"@id\":\"https:\/\/novaorg.cofb.net\/2023\/04\/05\/nova-tertulia-dactualitat-sobre-les-its-i-com-abordar-les-des-de-la-farmacia-comunitaria\/#primaryimage\",\"url\":\"https:\/\/www.cofb.org\/wp-content\/uploads\/2023\/07\/COFB_ITS_27032023_1-scaled-1.jpg\",\"contentUrl\":\"https:\/\/www.cofb.org\/wp-content\/uploads\/2023\/07\/COFB_ITS_27032023_1-scaled-1.jpg\",\"width\":2560,\"height\":1440},{\"@type\":\"BreadcrumbList\",\"@id\":\"https:\/\/novaorg.cofb.net\/2023\/04\/05\/nova-tertulia-dactualitat-sobre-les-its-i-com-abordar-les-des-de-la-farmacia-comunitaria\/#breadcrumb\",\"itemListElement\":[{\"@type\":\"ListItem\",\"position\":1,\"name\":\"Inici\",\"item\":\"https:\/\/novaorg.cofb.net\/\"},{\"@type\":\"ListItem\",\"position\":2,\"name\":\"Nova tert\u00falia d\u2019actualitat sobre les ITS i com abordar-les des de la farm\u00e0cia comunit\u00e0ria\"}]},{\"@type\":\"WebSite\",\"@id\":\"https:\/\/www.cofb.org\/#website\",\"url\":\"https:\/\/www.cofb.org\/\",\"name\":\"Col\u00b7legi de Farmac\u00e8utics de Barcelona\",\"description\":\"\",\"publisher\":{\"@id\":\"https:\/\/www.cofb.org\/#organization\"},\"potentialAction\":[{\"@type\":\"SearchAction\",\"target\":{\"@type\":\"EntryPoint\",\"urlTemplate\":\"https:\/\/www.cofb.org\/?s={search_term_string}\"},\"query-input\":\"required name=search_term_string\"}],\"inLanguage\":\"ca\"},{\"@type\":\"Organization\",\"@id\":\"https:\/\/www.cofb.org\/#organization\",\"name\":\"Col\u00b7legi de Farmac\u00e8utics de Barcelona\",\"url\":\"https:\/\/www.cofb.org\/\",\"logo\":{\"@type\":\"ImageObject\",\"inLanguage\":\"ca\",\"@id\":\"https:\/\/www.cofb.org\/#\/schema\/logo\/image\/\",\"url\":\"https:\/\/www.cofb.org\/wp-content\/uploads\/2023\/11\/cropped-Logotip-COFB.png\",\"contentUrl\":\"https:\/\/www.cofb.org\/wp-content\/uploads\/2023\/11\/cropped-Logotip-COFB.png\",\"width\":500,\"height\":105,\"caption\":\"Col\u00b7legi de Farmac\u00e8utics de Barcelona\"},\"image\":{\"@id\":\"https:\/\/www.cofb.org\/#\/schema\/logo\/image\/\"},\"sameAs\":[\"https:\/\/www.facebook.com\/farmaceuticsbcn\/\",\"https:\/\/twitter.com\/farmaceuticsbcn\",\"https:\/\/www.instagram.com\/farmaceuticsbcn\/\",\"https:\/\/www.linkedin.com\/company\/farmaceuticsbcn\/\"]},{\"@type\":\"Person\",\"@id\":\"https:\/\/www.cofb.org\/#\/schema\/person\/22ed7eea88da74b0fa4d3154ad87ffcb\",\"name\":\"wpAdminCofbOrg\",\"image\":{\"@type\":\"ImageObject\",\"inLanguage\":\"ca\",\"@id\":\"https:\/\/www.cofb.org\/#\/schema\/person\/image\/\",\"url\":\"https:\/\/secure.gravatar.com\/avatar\/1721b20b3b8ca882c3b56ec6c978c594fff670e40c0718e9190eaeeb76aae7d8?s=96&d=mm&r=g\",\"contentUrl\":\"https:\/\/secure.gravatar.com\/avatar\/1721b20b3b8ca882c3b56ec6c978c594fff670e40c0718e9190eaeeb76aae7d8?s=96&d=mm&r=g\",\"caption\":\"wpAdminCofbOrg\"},\"sameAs\":[\"http:\/\/192.168.64.122\/wordpress\"],\"url\":\"https:\/\/www.cofb.org\/ca\/author\/wpadmincofborg\/\"}]}<\/script>\n<!-- \/ Yoast SEO plugin. -->","yoast_head_json":{"title":"Nova tert\u00falia d\u2019actualitat sobre les ITS i com abordar-les des de la farm\u00e0cia comunit\u00e0ria - Col\u00b7legi de Farmac\u00e8utics de Barcelona","description":"El passat 22 de mar\u00e7, va tenir lloc una nova tert\u00falia d\u2019actualitat, \u201cInfeccions de transmissi\u00f3 sexual (ITS)\u201d, en el COFB","robots":{"index":"index","follow":"follow","max-snippet":"max-snippet:-1","max-image-preview":"max-image-preview:large","max-video-preview":"max-video-preview:-1"},"canonical":"https:\/\/novaorg.cofb.net\/2023\/04\/05\/nova-tertulia-dactualitat-sobre-les-its-i-com-abordar-les-des-de-la-farmacia-comunitaria\/","og_locale":"ca_ES","og_type":"article","og_title":"Nova tert\u00falia d\u2019actualitat sobre les ITS i com abordar-les des de la farm\u00e0cia comunit\u00e0ria - Col\u00b7legi de Farmac\u00e8utics de Barcelona","og_description":"El passat 22 de mar\u00e7, va tenir lloc una nova tert\u00falia d\u2019actualitat, \u201cInfeccions de transmissi\u00f3 sexual (ITS)\u201d, en el COFB","og_url":"https:\/\/novaorg.cofb.net\/2023\/04\/05\/nova-tertulia-dactualitat-sobre-les-its-i-com-abordar-les-des-de-la-farmacia-comunitaria\/","og_site_name":"Col\u00b7legi de Farmac\u00e8utics de Barcelona","article_publisher":"https:\/\/www.facebook.com\/farmaceuticsbcn\/","article_published_time":"2023-04-05T15:23:29+00:00","article_modified_time":"2023-07-27T08:53:51+00:00","og_image":[{"width":2560,"height":1440,"url":"https:\/\/novaorg.cofb.net\/wp-content\/uploads\/2023\/07\/COFB_ITS_27032023_1-scaled-1.jpg","type":"image\/jpeg"}],"author":"wpAdminCofbOrg","twitter_card":"summary_large_image","twitter_creator":"@farmaceuticsbcn","twitter_site":"@farmaceuticsbcn","twitter_misc":{"Escrit per":"wpAdminCofbOrg","Temps estimat de lectura":"5 minuts"},"schema":{"@context":"https:\/\/schema.org","@graph":[{"@type":"Article","@id":"https:\/\/novaorg.cofb.net\/2023\/04\/05\/nova-tertulia-dactualitat-sobre-les-its-i-com-abordar-les-des-de-la-farmacia-comunitaria\/#article","isPartOf":{"@id":"https:\/\/novaorg.cofb.net\/2023\/04\/05\/nova-tertulia-dactualitat-sobre-les-its-i-com-abordar-les-des-de-la-farmacia-comunitaria\/"},"author":{"name":"wpAdminCofbOrg","@id":"https:\/\/www.cofb.org\/#\/schema\/person\/22ed7eea88da74b0fa4d3154ad87ffcb"},"headline":"Nova tert\u00falia d\u2019actualitat sobre les ITS i com abordar-les des de la farm\u00e0cia comunit\u00e0ria","datePublished":"2023-04-05T15:23:29+00:00","dateModified":"2023-07-27T08:53:51+00:00","mainEntityOfPage":{"@id":"https:\/\/novaorg.cofb.net\/2023\/04\/05\/nova-tertulia-dactualitat-sobre-les-its-i-com-abordar-les-des-de-la-farmacia-comunitaria\/"},"wordCount":837,"commentCount":0,"publisher":{"@id":"https:\/\/www.cofb.org\/#organization"},"image":{"@id":"https:\/\/novaorg.cofb.net\/2023\/04\/05\/nova-tertulia-dactualitat-sobre-les-its-i-com-abordar-les-des-de-la-farmacia-comunitaria\/#primaryimage"},"thumbnailUrl":"https:\/\/www.cofb.org\/wp-content\/uploads\/2023\/07\/COFB_ITS_27032023_1-scaled-1.jpg","keywords":["Atenci\u00f3 farmac\u00e8utica","COFB","Col\u00b7legi de Farmac\u00e8utics de Barcelona","control","detecci\u00f3 preco\u00e7","farmac\u00e8utics","Farm\u00e0cia","farm\u00e0cia comunit\u00e0ria","Formaci\u00f3","infecci\u00f3","infecci\u00f3 VIH","infeccions de transmissi\u00f3 sexual","ITS","Objectius de Desenvolupament Sostenible","ODS","Oficina de farm\u00e0cia","oficines de farm\u00e0cia","paper dels farmac\u00e8utics","prevenci\u00f3","Programa de Detecci\u00f3 Preco\u00e7 del CIH amb test r\u00e0pid","Programa de Detecci\u00f3 Preco\u00e7 del VIH","Salut p\u00fablica","seguiment farmacoterap\u00e8utic","tert\u00falia actualitat","tert\u00falia d'actualitat","tractament","VIH"],"articleSection":["Destacats","M\u00f3n col\u00b7legial"],"inLanguage":"ca","potentialAction":[{"@type":"CommentAction","name":"Comment","target":["https:\/\/novaorg.cofb.net\/2023\/04\/05\/nova-tertulia-dactualitat-sobre-les-its-i-com-abordar-les-des-de-la-farmacia-comunitaria\/#respond"]}]},{"@type":"WebPage","@id":"https:\/\/novaorg.cofb.net\/2023\/04\/05\/nova-tertulia-dactualitat-sobre-les-its-i-com-abordar-les-des-de-la-farmacia-comunitaria\/","url":"https:\/\/novaorg.cofb.net\/2023\/04\/05\/nova-tertulia-dactualitat-sobre-les-its-i-com-abordar-les-des-de-la-farmacia-comunitaria\/","name":"Nova tert\u00falia d\u2019actualitat sobre les ITS i com abordar-les des de la farm\u00e0cia comunit\u00e0ria - Col\u00b7legi de Farmac\u00e8utics de Barcelona","isPartOf":{"@id":"https:\/\/www.cofb.org\/#website"},"primaryImageOfPage":{"@id":"https:\/\/novaorg.cofb.net\/2023\/04\/05\/nova-tertulia-dactualitat-sobre-les-its-i-com-abordar-les-des-de-la-farmacia-comunitaria\/#primaryimage"},"image":{"@id":"https:\/\/novaorg.cofb.net\/2023\/04\/05\/nova-tertulia-dactualitat-sobre-les-its-i-com-abordar-les-des-de-la-farmacia-comunitaria\/#primaryimage"},"thumbnailUrl":"https:\/\/www.cofb.org\/wp-content\/uploads\/2023\/07\/COFB_ITS_27032023_1-scaled-1.jpg","datePublished":"2023-04-05T15:23:29+00:00","dateModified":"2023-07-27T08:53:51+00:00","description":"El passat 22 de mar\u00e7, va tenir lloc una nova tert\u00falia d\u2019actualitat, \u201cInfeccions de transmissi\u00f3 sexual (ITS)\u201d, en el COFB","breadcrumb":{"@id":"https:\/\/novaorg.cofb.net\/2023\/04\/05\/nova-tertulia-dactualitat-sobre-les-its-i-com-abordar-les-des-de-la-farmacia-comunitaria\/#breadcrumb"},"inLanguage":"ca","potentialAction":[{"@type":"ReadAction","target":["https:\/\/novaorg.cofb.net\/2023\/04\/05\/nova-tertulia-dactualitat-sobre-les-its-i-com-abordar-les-des-de-la-farmacia-comunitaria\/"]}]},{"@type":"ImageObject","inLanguage":"ca","@id":"https:\/\/novaorg.cofb.net\/2023\/04\/05\/nova-tertulia-dactualitat-sobre-les-its-i-com-abordar-les-des-de-la-farmacia-comunitaria\/#primaryimage","url":"https:\/\/www.cofb.org\/wp-content\/uploads\/2023\/07\/COFB_ITS_27032023_1-scaled-1.jpg","contentUrl":"https:\/\/www.cofb.org\/wp-content\/uploads\/2023\/07\/COFB_ITS_27032023_1-scaled-1.jpg","width":2560,"height":1440},{"@type":"BreadcrumbList","@id":"https:\/\/novaorg.cofb.net\/2023\/04\/05\/nova-tertulia-dactualitat-sobre-les-its-i-com-abordar-les-des-de-la-farmacia-comunitaria\/#breadcrumb","itemListElement":[{"@type":"ListItem","position":1,"name":"Inici","item":"https:\/\/novaorg.cofb.net\/"},{"@type":"ListItem","position":2,"name":"Nova tert\u00falia d\u2019actualitat sobre les ITS i com abordar-les des de la farm\u00e0cia comunit\u00e0ria"}]},{"@type":"WebSite","@id":"https:\/\/www.cofb.org\/#website","url":"https:\/\/www.cofb.org\/","name":"Col\u00b7legi de Farmac\u00e8utics de Barcelona","description":"","publisher":{"@id":"https:\/\/www.cofb.org\/#organization"},"potentialAction":[{"@type":"SearchAction","target":{"@type":"EntryPoint","urlTemplate":"https:\/\/www.cofb.org\/?s={search_term_string}"},"query-input":"required name=search_term_string"}],"inLanguage":"ca"},{"@type":"Organization","@id":"https:\/\/www.cofb.org\/#organization","name":"Col\u00b7legi de Farmac\u00e8utics de Barcelona","url":"https:\/\/www.cofb.org\/","logo":{"@type":"ImageObject","inLanguage":"ca","@id":"https:\/\/www.cofb.org\/#\/schema\/logo\/image\/","url":"https:\/\/www.cofb.org\/wp-content\/uploads\/2023\/11\/cropped-Logotip-COFB.png","contentUrl":"https:\/\/www.cofb.org\/wp-content\/uploads\/2023\/11\/cropped-Logotip-COFB.png","width":500,"height":105,"caption":"Col\u00b7legi de Farmac\u00e8utics de Barcelona"},"image":{"@id":"https:\/\/www.cofb.org\/#\/schema\/logo\/image\/"},"sameAs":["https:\/\/www.facebook.com\/farmaceuticsbcn\/","https:\/\/twitter.com\/farmaceuticsbcn","https:\/\/www.instagram.com\/farmaceuticsbcn\/","https:\/\/www.linkedin.com\/company\/farmaceuticsbcn\/"]},{"@type":"Person","@id":"https:\/\/www.cofb.org\/#\/schema\/person\/22ed7eea88da74b0fa4d3154ad87ffcb","name":"wpAdminCofbOrg","image":{"@type":"ImageObject","inLanguage":"ca","@id":"https:\/\/www.cofb.org\/#\/schema\/person\/image\/","url":"https:\/\/secure.gravatar.com\/avatar\/1721b20b3b8ca882c3b56ec6c978c594fff670e40c0718e9190eaeeb76aae7d8?s=96&d=mm&r=g","contentUrl":"https:\/\/secure.gravatar.com\/avatar\/1721b20b3b8ca882c3b56ec6c978c594fff670e40c0718e9190eaeeb76aae7d8?s=96&d=mm&r=g","caption":"wpAdminCofbOrg"},"sameAs":["http:\/\/192.168.64.122\/wordpress"],"url":"https:\/\/www.cofb.org\/ca\/author\/wpadmincofborg\/"}]}},"uagb_featured_image_src":{"full":["https:\/\/www.cofb.org\/wp-content\/uploads\/2023\/07\/COFB_ITS_27032023_1-scaled-1.jpg",2560,1440,false],"thumbnail":["https:\/\/www.cofb.org\/wp-content\/uploads\/2023\/07\/COFB_ITS_27032023_1-scaled-1-150x150.jpg",150,150,true],"medium":["https:\/\/www.cofb.org\/wp-content\/uploads\/2023\/07\/COFB_ITS_27032023_1-scaled-1-300x169.jpg",300,169,true],"medium_large":["https:\/\/www.cofb.org\/wp-content\/uploads\/2023\/07\/COFB_ITS_27032023_1-scaled-1-768x432.jpg",768,432,true],"large":["https:\/\/www.cofb.org\/wp-content\/uploads\/2023\/07\/COFB_ITS_27032023_1-scaled-1-1024x576.jpg",1024,576,true],"1536x1536":["https:\/\/www.cofb.org\/wp-content\/uploads\/2023\/07\/COFB_ITS_27032023_1-scaled-1-1536x864.jpg",1536,864,true],"2048x2048":["https:\/\/www.cofb.org\/wp-content\/uploads\/2023\/07\/COFB_ITS_27032023_1-scaled-1-2048x1152.jpg",2048,1152,true],"trp-custom-language-flag":["https:\/\/www.cofb.org\/wp-content\/uploads\/2023\/07\/COFB_ITS_27032023_1-scaled-1.jpg",18,10,false]},"uagb_author_info":{"display_name":"wpAdminCofbOrg","author_link":"https:\/\/www.cofb.org\/ca\/author\/wpadmincofborg\/"},"uagb_comment_info":0,"uagb_excerpt":"El passat 22 de mar\u00e7, va tenir lloc una nova tert\u00falia d\u2019actualitat, \u201cInfeccions de transmissi\u00f3 sexual (ITS)\u201d, en el Col\u00b7legi de Farmac\u00e8utics de Barcelona (COFB). La tert\u00falia va ser impartida per Rosa Maria Mansilla, cap de l\u2019\u00c0rea de Prevenci\u00f3, Atenci\u00f3 i Control de les ITS i el VIH de l\u2019Ag\u00e8ncia [&hellip;]","_links":{"self":[{"href":"https:\/\/www.cofb.org\/ca\/wp-json\/wp\/v2\/posts\/66526","targetHints":{"allow":["GET"]}}],"collection":[{"href":"https:\/\/www.cofb.org\/ca\/wp-json\/wp\/v2\/posts"}],"about":[{"href":"https:\/\/www.cofb.org\/ca\/wp-json\/wp\/v2\/types\/post"}],"author":[{"embeddable":true,"href":"https:\/\/www.cofb.org\/ca\/wp-json\/wp\/v2\/users\/1"}],"replies":[{"embeddable":true,"href":"https:\/\/www.cofb.org\/ca\/wp-json\/wp\/v2\/comments?post=66526"}],"version-history":[{"count":2,"href":"https:\/\/www.cofb.org\/ca\/wp-json\/wp\/v2\/posts\/66526\/revisions"}],"predecessor-version":[{"id":67703,"href":"https:\/\/www.cofb.org\/ca\/wp-json\/wp\/v2\/posts\/66526\/revisions\/67703"}],"wp:featuredmedia":[{"embeddable":true,"href":"https:\/\/www.cofb.org\/ca\/wp-json\/wp\/v2\/media\/67701"}],"wp:attachment":[{"href":"https:\/\/www.cofb.org\/ca\/wp-json\/wp\/v2\/media?parent=66526"}],"wp:term":[{"taxonomy":"category","embeddable":true,"href":"https:\/\/www.cofb.org\/ca\/wp-json\/wp\/v2\/categories?post=66526"},{"taxonomy":"post_tag","embeddable":true,"href":"https:\/\/www.cofb.org\/ca\/wp-json\/wp\/v2\/tags?post=66526"}],"curies":[{"name":"wp","href":"https:\/\/api.w.org\/{rel}","templated":true}]}}