{"id":66521,"date":"2023-03-15T13:37:00","date_gmt":"2023-03-15T11:37:00","guid":{"rendered":"https:\/\/blog.cofb.cat\/?p=66521"},"modified":"2024-07-01T16:13:19","modified_gmt":"2024-07-01T16:13:19","slug":"infarma-solidario-recapta-mes-de-28-300e-per-lluitar-contra-la-pobresa-farmaceutica","status":"publish","type":"post","link":"https:\/\/www.cofb.org\/ca\/2023\/03\/15\/infarma-solidario-recapta-mes-de-28-300e-per-lluitar-contra-la-pobresa-farmaceutica\/","title":{"rendered":"Infarma Solidario recapta m\u00e9s de 28.300\u20ac per lluitar contra la pobresa farmac\u00e8utica"},"content":{"rendered":"\n<p><a href=\"https:\/\/blog.cofb.cat\/blog\/2023\/03\/01\/infarma-solidario-organitza-un-concert-benefic-que-recaptara-fons-per-lluitar-contra-la-pobresa-farmaceutica\/\" target=\"_blank\" rel=\"noreferrer noopener\">Infarma Solidario<\/a> <strong>ha recaptat 28.368\u20ac, que s&#8217;han destinat a sis entitats sense \u00e0nim de lucre<\/strong> que lluiten contra la <strong>pobresa farmac\u00e8utica<\/strong>. Els fons d&#8217;aquesta <strong>activitat ben\u00e8fica extracongressual<\/strong>, organitzada pels Col\u00b7legis de Farmac\u00e8utics de Barcelona i Madrid, i Interalia, s&#8217;han aconseguit <strong>a trav\u00e9s de dues vies<\/strong>: per una banda, <strong>la venda d&#8217;entrades per al concert ben\u00e8fic<\/strong> que va tenir lloc el 14 de mar\u00e7 amb el grup musical Hotel Cochambre; d&#8217;altra banda, <strong>les donacions realitzades per col\u00b7laboradors<\/strong> que han <strong>contribu\u00eft a la causa solid\u00e0ria<\/strong>.<\/p>\n\n\n\n<p>Concretament, aquesta edici\u00f3, en la categoria <strong>or<\/strong>, s&#8217;ha comptat amb la col\u00b7laboraci\u00f3 del<strong> Consell General de Col\u00b7legis Farmac\u00e8utics<\/strong>; a la categoria <strong>plata<\/strong>, els laboratoris <strong>Ferrer i Reig Jofre<\/strong>; i en la categoria <strong>bronze<\/strong>, <strong>Arquia Banca, Cofares i Farmaconsulting<\/strong>.<\/p>\n\n\n\n<figure class=\"wp-block-image size-large\"><a href=\"https:\/\/blog.cofb.cat\/wp-content\/uploads\/2023\/03\/COFB_INFARMASOLIDARIO_24032023.jpg\" target=\"_blank\" rel=\"noopener\"><img decoding=\"async\" src=\"https:\/\/blog.cofb.cat\/wp-content\/uploads\/2023\/03\/COFB_INFARMASOLIDARIO_24032023-1024x683.jpg\" alt=\"\" class=\"wp-image-66524\"\/><\/a><\/figure>\n\n\n\n<h2 class=\"wp-block-heading\"><strong>A quines entitats sense \u00e0nim de lucre s&#8217;hi ha destinat la recaptaci\u00f3 solid\u00e0ria?<\/strong><\/h2>\n\n\n\n<p><strong>L&#8217;import recaptat<\/strong> s&#8217;ha destinat \u00edntegrament a les seg\u00fcents entitats sense \u00e0nim de lucre, escollides mitjan\u00e7ant una convocat\u00f2ria p\u00fablica: <strong>Asociaci\u00f3n Espa\u00f1ola Contra el C\u00e1ncer, Farmamundi, Banco Farmac\u00e9utico, Cruz Roja, Fundaci\u00f3n Nuestros Peque\u00f1os Hermanos y Fundaci\u00f3 Oncolliga<\/strong>.<\/p>\n\n\n\n<p>Totes elles duen a terme <strong>projectes per lluitar contra la pobresa farmac\u00e8utica<\/strong>. Amb aix\u00f2, s&#8217;ajudar\u00e0 pacients en situaci\u00f3 de vulnerabilitat que no es poden permetre assumir el cost d&#8217;un tractament prescrit, ja sigui un medicament i\/o un producte sanitari.<\/p>\n\n\n<div class=\"destacat-blog\">\n\n\n<h2 class=\"wp-block-heading\"><strong>Quina \u00e9s la finalitat d&#8217;Infarma Solidario?<\/strong><\/h2>\n\n\n\n<p><strong>Des del 2016<\/strong>, Infarma Solidario ha organitzat diferents activitats ben\u00e8fiques extracongressuals per <strong>conscienciar sobre la<\/strong> <strong>necessitat de<\/strong> <strong>dedicar esfor\u00e7os al comprom\u00eds social<\/strong>, divulgar l&#8217;acci\u00f3 social i solid\u00e0ria dels diferents agents del sector farmac\u00e8utic, i organitzar activitats amb la finalitat de <strong>recaptar fons solidaris<\/strong>, destinats \u00edntegrament al <strong>finan\u00e7ament de projectes d&#8217;\u00e0mbit humanitari i social.<\/strong><\/p><\/div>\n","protected":false},"excerpt":{"rendered":"<p>Infarma Solidario ha recaptat 28.368\u20ac, que s&#8217;han destinat a sis entitats sense \u00e0nim de lucre que lluiten contra la pobresa farmac\u00e8utica. Els fons d&#8217;aquesta activitat ben\u00e8fica extracongressual, organitzada pels Col\u00b7legis de Farmac\u00e8utics de Barcelona i Madrid, i Interalia, s&#8217;han aconseguit a trav\u00e9s de dues vies: per una banda, la venda [&hellip;]<\/p>\n","protected":false},"author":1,"featured_media":67715,"comment_status":"open","ping_status":"open","sticky":false,"template":"","format":"standard","meta":{"_uag_custom_page_level_css":"","site-sidebar-layout":"default","site-content-layout":"","ast-site-content-layout":"default","site-content-style":"default","site-sidebar-style":"default","ast-global-header-display":"","ast-banner-title-visibility":"","ast-main-header-display":"","ast-hfb-above-header-display":"","ast-hfb-below-header-display":"","ast-hfb-mobile-header-display":"","site-post-title":"","ast-breadcrumbs-content":"","ast-featured-img":"disabled","footer-sml-layout":"","theme-transparent-header-meta":"","adv-header-id-meta":"","stick-header-meta":"","header-above-stick-meta":"","header-main-stick-meta":"","header-below-stick-meta":"","astra-migrate-meta-layouts":"set","ast-page-background-enabled":"default","ast-page-background-meta":{"desktop":{"background-color":"var(--ast-global-color-4)","background-image":"","background-repeat":"repeat","background-position":"center center","background-size":"auto","background-attachment":"scroll","background-type":"","background-media":"","overlay-type":"","overlay-color":"","overlay-opacity":"","overlay-gradient":""},"tablet":{"background-color":"","background-image":"","background-repeat":"repeat","background-position":"center center","background-size":"auto","background-attachment":"scroll","background-type":"","background-media":"","overlay-type":"","overlay-color":"","overlay-opacity":"","overlay-gradient":""},"mobile":{"background-color":"","background-image":"","background-repeat":"repeat","background-position":"center center","background-size":"auto","background-attachment":"scroll","background-type":"","background-media":"","overlay-type":"","overlay-color":"","overlay-opacity":"","overlay-gradient":""}},"ast-content-background-meta":{"desktop":{"background-color":"var(--ast-global-color-5)","background-image":"","background-repeat":"repeat","background-position":"center center","background-size":"auto","background-attachment":"scroll","background-type":"","background-media":"","overlay-type":"","overlay-color":"","overlay-opacity":"","overlay-gradient":""},"tablet":{"background-color":"var(--ast-global-color-5)","background-image":"","background-repeat":"repeat","background-position":"center center","background-size":"auto","background-attachment":"scroll","background-type":"","background-media":"","overlay-type":"","overlay-color":"","overlay-opacity":"","overlay-gradient":""},"mobile":{"background-color":"var(--ast-global-color-5)","background-image":"","background-repeat":"repeat","background-position":"center center","background-size":"auto","background-attachment":"scroll","background-type":"","background-media":"","overlay-type":"","overlay-color":"","overlay-opacity":"","overlay-gradient":""}},"footnotes":""},"categories":[23,2165],"tags":[18,19,183,160,234,53,68,235,28,236,115,45,59,166,237],"class_list":["post-66521","post","type-post","status-publish","format-standard","has-post-thumbnail","hentry","category-destacats","category-infarma","tag-cofb","tag-collegi-de-farmaceutics-de-barcelona","tag-colegio-de-farmaceuticos-de-madrid","tag-compromis-social","tag-concert-benefic","tag-farmaceutics","tag-farmacia","tag-farmamundi","tag-infarma","tag-infarma-solidario","tag-interalia","tag-medicaments","tag-pacients","tag-pobresa-farmaceutica","tag-productes-sanitaris"],"yoast_head":"<!-- This site is optimized with the Yoast SEO plugin v22.4 - https:\/\/yoast.com\/wordpress\/plugins\/seo\/ -->\n<title>Infarma Solidario recapta m\u00e9s de 28.300\u20ac per lluitar contra la pobresa farmac\u00e8utica - Col\u00b7legi de Farmac\u00e8utics de Barcelona<\/title>\n<meta name=\"description\" content=\"Infarma Solidario ha recaptat 28.368\u20ac, que s&#039;han destinat a sis entitats sense \u00e0nim de lucre que lluiten contra la pobresa farmac\u00e8utica.\" \/>\n<meta name=\"robots\" content=\"index, follow, max-snippet:-1, max-image-preview:large, max-video-preview:-1\" \/>\n<link rel=\"canonical\" href=\"https:\/\/www.cofb.org\/ca\/2023\/03\/15\/infarma-solidario-recapta-mes-de-28-300e-per-lluitar-contra-la-pobresa-farmaceutica\/\" \/>\n<meta property=\"og:locale\" content=\"ca_ES\" \/>\n<meta property=\"og:type\" content=\"article\" \/>\n<meta property=\"og:title\" content=\"Infarma Solidario recapta m\u00e9s de 28.300\u20ac per lluitar contra la pobresa farmac\u00e8utica - Col\u00b7legi de Farmac\u00e8utics de Barcelona\" \/>\n<meta property=\"og:description\" content=\"Infarma Solidario ha recaptat 28.368\u20ac, que s&#039;han destinat a sis entitats sense \u00e0nim de lucre que lluiten contra la pobresa farmac\u00e8utica.\" \/>\n<meta property=\"og:url\" content=\"https:\/\/www.cofb.org\/ca\/2023\/03\/15\/infarma-solidario-recapta-mes-de-28-300e-per-lluitar-contra-la-pobresa-farmaceutica\/\" \/>\n<meta property=\"og:site_name\" content=\"Col\u00b7legi de Farmac\u00e8utics de Barcelona\" \/>\n<meta property=\"article:publisher\" content=\"https:\/\/www.facebook.com\/farmaceuticsbcn\/\" \/>\n<meta property=\"article:published_time\" content=\"2023-03-15T11:37:00+00:00\" \/>\n<meta property=\"article:modified_time\" content=\"2024-07-01T16:13:19+00:00\" \/>\n<meta property=\"og:image\" content=\"https:\/\/www.cofb.org\/wp-content\/uploads\/2023\/07\/COFB_INFARMASOLIDARIO_24032023.jpg\" \/>\n\t<meta property=\"og:image:width\" content=\"2362\" \/>\n\t<meta property=\"og:image:height\" content=\"1575\" \/>\n\t<meta property=\"og:image:type\" content=\"image\/jpeg\" \/>\n<meta name=\"author\" content=\"wpAdminCofbOrg\" \/>\n<meta name=\"twitter:card\" content=\"summary_large_image\" \/>\n<meta name=\"twitter:creator\" content=\"@farmaceuticsbcn\" \/>\n<meta name=\"twitter:site\" content=\"@farmaceuticsbcn\" \/>\n<meta name=\"twitter:label1\" content=\"Escrit per\" \/>\n\t<meta name=\"twitter:data1\" content=\"wpAdminCofbOrg\" \/>\n\t<meta name=\"twitter:label2\" content=\"Temps estimat de lectura\" \/>\n\t<meta name=\"twitter:data2\" content=\"2 minuts\" \/>\n<script type=\"application\/ld+json\" class=\"yoast-schema-graph\">{\"@context\":\"https:\/\/schema.org\",\"@graph\":[{\"@type\":\"Article\",\"@id\":\"https:\/\/www.cofb.org\/2023\/03\/15\/infarma-solidario-recapta-mes-de-28-300e-per-lluitar-contra-la-pobresa-farmaceutica\/#article\",\"isPartOf\":{\"@id\":\"https:\/\/www.cofb.org\/2023\/03\/15\/infarma-solidario-recapta-mes-de-28-300e-per-lluitar-contra-la-pobresa-farmaceutica\/\"},\"author\":{\"name\":\"wpAdminCofbOrg\",\"@id\":\"https:\/\/www.cofb.org\/#\/schema\/person\/22ed7eea88da74b0fa4d3154ad87ffcb\"},\"headline\":\"Infarma Solidario recapta m\u00e9s de 28.300\u20ac per lluitar contra la pobresa farmac\u00e8utica\",\"datePublished\":\"2023-03-15T11:37:00+00:00\",\"dateModified\":\"2024-07-01T16:13:19+00:00\",\"mainEntityOfPage\":{\"@id\":\"https:\/\/www.cofb.org\/2023\/03\/15\/infarma-solidario-recapta-mes-de-28-300e-per-lluitar-contra-la-pobresa-farmaceutica\/\"},\"wordCount\":322,\"commentCount\":0,\"publisher\":{\"@id\":\"https:\/\/www.cofb.org\/#organization\"},\"image\":{\"@id\":\"https:\/\/www.cofb.org\/2023\/03\/15\/infarma-solidario-recapta-mes-de-28-300e-per-lluitar-contra-la-pobresa-farmaceutica\/#primaryimage\"},\"thumbnailUrl\":\"https:\/\/www.cofb.org\/wp-content\/uploads\/2023\/07\/COFB_INFARMASOLIDARIO_24032023.jpg\",\"keywords\":[\"COFB\",\"Col\u00b7legi de Farmac\u00e8utics de Barcelona\",\"Colegio de Farmac\u00e9uticos de Madrid\",\"comprom\u00eds social\",\"concert ben\u00e8fic\",\"farmac\u00e8utics\",\"Farm\u00e0cia\",\"Farmamundi\",\"Infarma\",\"Infarma Solidario\",\"Interalia\",\"medicaments\",\"pacients\",\"pobresa farmac\u00e8utica\",\"productes sanitaris\"],\"articleSection\":[\"Destacats\",\"Infarma\"],\"inLanguage\":\"ca\",\"potentialAction\":[{\"@type\":\"CommentAction\",\"name\":\"Comment\",\"target\":[\"https:\/\/www.cofb.org\/2023\/03\/15\/infarma-solidario-recapta-mes-de-28-300e-per-lluitar-contra-la-pobresa-farmaceutica\/#respond\"]}]},{\"@type\":\"WebPage\",\"@id\":\"https:\/\/www.cofb.org\/2023\/03\/15\/infarma-solidario-recapta-mes-de-28-300e-per-lluitar-contra-la-pobresa-farmaceutica\/\",\"url\":\"https:\/\/www.cofb.org\/2023\/03\/15\/infarma-solidario-recapta-mes-de-28-300e-per-lluitar-contra-la-pobresa-farmaceutica\/\",\"name\":\"Infarma Solidario recapta m\u00e9s de 28.300\u20ac per lluitar contra la pobresa farmac\u00e8utica - Col\u00b7legi de Farmac\u00e8utics de Barcelona\",\"isPartOf\":{\"@id\":\"https:\/\/www.cofb.org\/#website\"},\"primaryImageOfPage\":{\"@id\":\"https:\/\/www.cofb.org\/2023\/03\/15\/infarma-solidario-recapta-mes-de-28-300e-per-lluitar-contra-la-pobresa-farmaceutica\/#primaryimage\"},\"image\":{\"@id\":\"https:\/\/www.cofb.org\/2023\/03\/15\/infarma-solidario-recapta-mes-de-28-300e-per-lluitar-contra-la-pobresa-farmaceutica\/#primaryimage\"},\"thumbnailUrl\":\"https:\/\/www.cofb.org\/wp-content\/uploads\/2023\/07\/COFB_INFARMASOLIDARIO_24032023.jpg\",\"datePublished\":\"2023-03-15T11:37:00+00:00\",\"dateModified\":\"2024-07-01T16:13:19+00:00\",\"description\":\"Infarma Solidario ha recaptat 28.368\u20ac, que s'han destinat a sis entitats sense \u00e0nim de lucre que lluiten contra la pobresa farmac\u00e8utica.\",\"breadcrumb\":{\"@id\":\"https:\/\/www.cofb.org\/2023\/03\/15\/infarma-solidario-recapta-mes-de-28-300e-per-lluitar-contra-la-pobresa-farmaceutica\/#breadcrumb\"},\"inLanguage\":\"ca\",\"potentialAction\":[{\"@type\":\"ReadAction\",\"target\":[\"https:\/\/www.cofb.org\/2023\/03\/15\/infarma-solidario-recapta-mes-de-28-300e-per-lluitar-contra-la-pobresa-farmaceutica\/\"]}]},{\"@type\":\"ImageObject\",\"inLanguage\":\"ca\",\"@id\":\"https:\/\/www.cofb.org\/2023\/03\/15\/infarma-solidario-recapta-mes-de-28-300e-per-lluitar-contra-la-pobresa-farmaceutica\/#primaryimage\",\"url\":\"https:\/\/www.cofb.org\/wp-content\/uploads\/2023\/07\/COFB_INFARMASOLIDARIO_24032023.jpg\",\"contentUrl\":\"https:\/\/www.cofb.org\/wp-content\/uploads\/2023\/07\/COFB_INFARMASOLIDARIO_24032023.jpg\",\"width\":2362,\"height\":1575},{\"@type\":\"BreadcrumbList\",\"@id\":\"https:\/\/www.cofb.org\/2023\/03\/15\/infarma-solidario-recapta-mes-de-28-300e-per-lluitar-contra-la-pobresa-farmaceutica\/#breadcrumb\",\"itemListElement\":[{\"@type\":\"ListItem\",\"position\":1,\"name\":\"Inici\",\"item\":\"https:\/\/novaorg.cofb.net\/\"},{\"@type\":\"ListItem\",\"position\":2,\"name\":\"Infarma Solidario recapta m\u00e9s de 28.300\u20ac per lluitar contra la pobresa farmac\u00e8utica\"}]},{\"@type\":\"WebSite\",\"@id\":\"https:\/\/www.cofb.org\/#website\",\"url\":\"https:\/\/www.cofb.org\/\",\"name\":\"Col\u00b7legi de Farmac\u00e8utics de Barcelona\",\"description\":\"\",\"publisher\":{\"@id\":\"https:\/\/www.cofb.org\/#organization\"},\"potentialAction\":[{\"@type\":\"SearchAction\",\"target\":{\"@type\":\"EntryPoint\",\"urlTemplate\":\"https:\/\/www.cofb.org\/?s={search_term_string}\"},\"query-input\":\"required name=search_term_string\"}],\"inLanguage\":\"ca\"},{\"@type\":\"Organization\",\"@id\":\"https:\/\/www.cofb.org\/#organization\",\"name\":\"Col\u00b7legi de Farmac\u00e8utics de Barcelona\",\"url\":\"https:\/\/www.cofb.org\/\",\"logo\":{\"@type\":\"ImageObject\",\"inLanguage\":\"ca\",\"@id\":\"https:\/\/www.cofb.org\/#\/schema\/logo\/image\/\",\"url\":\"https:\/\/www.cofb.org\/wp-content\/uploads\/2023\/11\/cropped-Logotip-COFB.png\",\"contentUrl\":\"https:\/\/www.cofb.org\/wp-content\/uploads\/2023\/11\/cropped-Logotip-COFB.png\",\"width\":500,\"height\":105,\"caption\":\"Col\u00b7legi de Farmac\u00e8utics de Barcelona\"},\"image\":{\"@id\":\"https:\/\/www.cofb.org\/#\/schema\/logo\/image\/\"},\"sameAs\":[\"https:\/\/www.facebook.com\/farmaceuticsbcn\/\",\"https:\/\/twitter.com\/farmaceuticsbcn\",\"https:\/\/www.instagram.com\/farmaceuticsbcn\/\",\"https:\/\/www.linkedin.com\/company\/farmaceuticsbcn\/\"]},{\"@type\":\"Person\",\"@id\":\"https:\/\/www.cofb.org\/#\/schema\/person\/22ed7eea88da74b0fa4d3154ad87ffcb\",\"name\":\"wpAdminCofbOrg\",\"image\":{\"@type\":\"ImageObject\",\"inLanguage\":\"ca\",\"@id\":\"https:\/\/www.cofb.org\/#\/schema\/person\/image\/\",\"url\":\"https:\/\/secure.gravatar.com\/avatar\/1721b20b3b8ca882c3b56ec6c978c594fff670e40c0718e9190eaeeb76aae7d8?s=96&d=mm&r=g\",\"contentUrl\":\"https:\/\/secure.gravatar.com\/avatar\/1721b20b3b8ca882c3b56ec6c978c594fff670e40c0718e9190eaeeb76aae7d8?s=96&d=mm&r=g\",\"caption\":\"wpAdminCofbOrg\"},\"sameAs\":[\"http:\/\/192.168.64.122\/wordpress\"],\"url\":\"https:\/\/www.cofb.org\/ca\/author\/wpadmincofborg\/\"}]}<\/script>\n<!-- \/ Yoast SEO plugin. -->","yoast_head_json":{"title":"Infarma Solidario recapta m\u00e9s de 28.300\u20ac per lluitar contra la pobresa farmac\u00e8utica - Col\u00b7legi de Farmac\u00e8utics de Barcelona","description":"Infarma Solidario ha recaptat 28.368\u20ac, que s'han destinat a sis entitats sense \u00e0nim de lucre que lluiten contra la pobresa farmac\u00e8utica.","robots":{"index":"index","follow":"follow","max-snippet":"max-snippet:-1","max-image-preview":"max-image-preview:large","max-video-preview":"max-video-preview:-1"},"canonical":"https:\/\/www.cofb.org\/ca\/2023\/03\/15\/infarma-solidario-recapta-mes-de-28-300e-per-lluitar-contra-la-pobresa-farmaceutica\/","og_locale":"ca_ES","og_type":"article","og_title":"Infarma Solidario recapta m\u00e9s de 28.300\u20ac per lluitar contra la pobresa farmac\u00e8utica - Col\u00b7legi de Farmac\u00e8utics de Barcelona","og_description":"Infarma Solidario ha recaptat 28.368\u20ac, que s'han destinat a sis entitats sense \u00e0nim de lucre que lluiten contra la pobresa farmac\u00e8utica.","og_url":"https:\/\/www.cofb.org\/ca\/2023\/03\/15\/infarma-solidario-recapta-mes-de-28-300e-per-lluitar-contra-la-pobresa-farmaceutica\/","og_site_name":"Col\u00b7legi de Farmac\u00e8utics de Barcelona","article_publisher":"https:\/\/www.facebook.com\/farmaceuticsbcn\/","article_published_time":"2023-03-15T11:37:00+00:00","article_modified_time":"2024-07-01T16:13:19+00:00","og_image":[{"width":2362,"height":1575,"url":"https:\/\/www.cofb.org\/wp-content\/uploads\/2023\/07\/COFB_INFARMASOLIDARIO_24032023.jpg","type":"image\/jpeg"}],"author":"wpAdminCofbOrg","twitter_card":"summary_large_image","twitter_creator":"@farmaceuticsbcn","twitter_site":"@farmaceuticsbcn","twitter_misc":{"Escrit per":"wpAdminCofbOrg","Temps estimat de lectura":"2 minuts"},"schema":{"@context":"https:\/\/schema.org","@graph":[{"@type":"Article","@id":"https:\/\/www.cofb.org\/2023\/03\/15\/infarma-solidario-recapta-mes-de-28-300e-per-lluitar-contra-la-pobresa-farmaceutica\/#article","isPartOf":{"@id":"https:\/\/www.cofb.org\/2023\/03\/15\/infarma-solidario-recapta-mes-de-28-300e-per-lluitar-contra-la-pobresa-farmaceutica\/"},"author":{"name":"wpAdminCofbOrg","@id":"https:\/\/www.cofb.org\/#\/schema\/person\/22ed7eea88da74b0fa4d3154ad87ffcb"},"headline":"Infarma Solidario recapta m\u00e9s de 28.300\u20ac per lluitar contra la pobresa farmac\u00e8utica","datePublished":"2023-03-15T11:37:00+00:00","dateModified":"2024-07-01T16:13:19+00:00","mainEntityOfPage":{"@id":"https:\/\/www.cofb.org\/2023\/03\/15\/infarma-solidario-recapta-mes-de-28-300e-per-lluitar-contra-la-pobresa-farmaceutica\/"},"wordCount":322,"commentCount":0,"publisher":{"@id":"https:\/\/www.cofb.org\/#organization"},"image":{"@id":"https:\/\/www.cofb.org\/2023\/03\/15\/infarma-solidario-recapta-mes-de-28-300e-per-lluitar-contra-la-pobresa-farmaceutica\/#primaryimage"},"thumbnailUrl":"https:\/\/www.cofb.org\/wp-content\/uploads\/2023\/07\/COFB_INFARMASOLIDARIO_24032023.jpg","keywords":["COFB","Col\u00b7legi de Farmac\u00e8utics de Barcelona","Colegio de Farmac\u00e9uticos de Madrid","comprom\u00eds social","concert ben\u00e8fic","farmac\u00e8utics","Farm\u00e0cia","Farmamundi","Infarma","Infarma Solidario","Interalia","medicaments","pacients","pobresa farmac\u00e8utica","productes sanitaris"],"articleSection":["Destacats","Infarma"],"inLanguage":"ca","potentialAction":[{"@type":"CommentAction","name":"Comment","target":["https:\/\/www.cofb.org\/2023\/03\/15\/infarma-solidario-recapta-mes-de-28-300e-per-lluitar-contra-la-pobresa-farmaceutica\/#respond"]}]},{"@type":"WebPage","@id":"https:\/\/www.cofb.org\/2023\/03\/15\/infarma-solidario-recapta-mes-de-28-300e-per-lluitar-contra-la-pobresa-farmaceutica\/","url":"https:\/\/www.cofb.org\/2023\/03\/15\/infarma-solidario-recapta-mes-de-28-300e-per-lluitar-contra-la-pobresa-farmaceutica\/","name":"Infarma Solidario recapta m\u00e9s de 28.300\u20ac per lluitar contra la pobresa farmac\u00e8utica - Col\u00b7legi de Farmac\u00e8utics de Barcelona","isPartOf":{"@id":"https:\/\/www.cofb.org\/#website"},"primaryImageOfPage":{"@id":"https:\/\/www.cofb.org\/2023\/03\/15\/infarma-solidario-recapta-mes-de-28-300e-per-lluitar-contra-la-pobresa-farmaceutica\/#primaryimage"},"image":{"@id":"https:\/\/www.cofb.org\/2023\/03\/15\/infarma-solidario-recapta-mes-de-28-300e-per-lluitar-contra-la-pobresa-farmaceutica\/#primaryimage"},"thumbnailUrl":"https:\/\/www.cofb.org\/wp-content\/uploads\/2023\/07\/COFB_INFARMASOLIDARIO_24032023.jpg","datePublished":"2023-03-15T11:37:00+00:00","dateModified":"2024-07-01T16:13:19+00:00","description":"Infarma Solidario ha recaptat 28.368\u20ac, que s'han destinat a sis entitats sense \u00e0nim de lucre que lluiten contra la pobresa farmac\u00e8utica.","breadcrumb":{"@id":"https:\/\/www.cofb.org\/2023\/03\/15\/infarma-solidario-recapta-mes-de-28-300e-per-lluitar-contra-la-pobresa-farmaceutica\/#breadcrumb"},"inLanguage":"ca","potentialAction":[{"@type":"ReadAction","target":["https:\/\/www.cofb.org\/2023\/03\/15\/infarma-solidario-recapta-mes-de-28-300e-per-lluitar-contra-la-pobresa-farmaceutica\/"]}]},{"@type":"ImageObject","inLanguage":"ca","@id":"https:\/\/www.cofb.org\/2023\/03\/15\/infarma-solidario-recapta-mes-de-28-300e-per-lluitar-contra-la-pobresa-farmaceutica\/#primaryimage","url":"https:\/\/www.cofb.org\/wp-content\/uploads\/2023\/07\/COFB_INFARMASOLIDARIO_24032023.jpg","contentUrl":"https:\/\/www.cofb.org\/wp-content\/uploads\/2023\/07\/COFB_INFARMASOLIDARIO_24032023.jpg","width":2362,"height":1575},{"@type":"BreadcrumbList","@id":"https:\/\/www.cofb.org\/2023\/03\/15\/infarma-solidario-recapta-mes-de-28-300e-per-lluitar-contra-la-pobresa-farmaceutica\/#breadcrumb","itemListElement":[{"@type":"ListItem","position":1,"name":"Inici","item":"https:\/\/novaorg.cofb.net\/"},{"@type":"ListItem","position":2,"name":"Infarma Solidario recapta m\u00e9s de 28.300\u20ac per lluitar contra la pobresa farmac\u00e8utica"}]},{"@type":"WebSite","@id":"https:\/\/www.cofb.org\/#website","url":"https:\/\/www.cofb.org\/","name":"Col\u00b7legi de Farmac\u00e8utics de Barcelona","description":"","publisher":{"@id":"https:\/\/www.cofb.org\/#organization"},"potentialAction":[{"@type":"SearchAction","target":{"@type":"EntryPoint","urlTemplate":"https:\/\/www.cofb.org\/?s={search_term_string}"},"query-input":"required name=search_term_string"}],"inLanguage":"ca"},{"@type":"Organization","@id":"https:\/\/www.cofb.org\/#organization","name":"Col\u00b7legi de Farmac\u00e8utics de Barcelona","url":"https:\/\/www.cofb.org\/","logo":{"@type":"ImageObject","inLanguage":"ca","@id":"https:\/\/www.cofb.org\/#\/schema\/logo\/image\/","url":"https:\/\/www.cofb.org\/wp-content\/uploads\/2023\/11\/cropped-Logotip-COFB.png","contentUrl":"https:\/\/www.cofb.org\/wp-content\/uploads\/2023\/11\/cropped-Logotip-COFB.png","width":500,"height":105,"caption":"Col\u00b7legi de Farmac\u00e8utics de Barcelona"},"image":{"@id":"https:\/\/www.cofb.org\/#\/schema\/logo\/image\/"},"sameAs":["https:\/\/www.facebook.com\/farmaceuticsbcn\/","https:\/\/twitter.com\/farmaceuticsbcn","https:\/\/www.instagram.com\/farmaceuticsbcn\/","https:\/\/www.linkedin.com\/company\/farmaceuticsbcn\/"]},{"@type":"Person","@id":"https:\/\/www.cofb.org\/#\/schema\/person\/22ed7eea88da74b0fa4d3154ad87ffcb","name":"wpAdminCofbOrg","image":{"@type":"ImageObject","inLanguage":"ca","@id":"https:\/\/www.cofb.org\/#\/schema\/person\/image\/","url":"https:\/\/secure.gravatar.com\/avatar\/1721b20b3b8ca882c3b56ec6c978c594fff670e40c0718e9190eaeeb76aae7d8?s=96&d=mm&r=g","contentUrl":"https:\/\/secure.gravatar.com\/avatar\/1721b20b3b8ca882c3b56ec6c978c594fff670e40c0718e9190eaeeb76aae7d8?s=96&d=mm&r=g","caption":"wpAdminCofbOrg"},"sameAs":["http:\/\/192.168.64.122\/wordpress"],"url":"https:\/\/www.cofb.org\/ca\/author\/wpadmincofborg\/"}]}},"uagb_featured_image_src":{"full":["https:\/\/www.cofb.org\/wp-content\/uploads\/2023\/07\/COFB_INFARMASOLIDARIO_24032023.jpg",2362,1575,false],"thumbnail":["https:\/\/www.cofb.org\/wp-content\/uploads\/2023\/07\/COFB_INFARMASOLIDARIO_24032023-150x150.jpg",150,150,true],"medium":["https:\/\/www.cofb.org\/wp-content\/uploads\/2023\/07\/COFB_INFARMASOLIDARIO_24032023-300x200.jpg",300,200,true],"medium_large":["https:\/\/www.cofb.org\/wp-content\/uploads\/2023\/07\/COFB_INFARMASOLIDARIO_24032023-768x512.jpg",768,512,true],"large":["https:\/\/www.cofb.org\/wp-content\/uploads\/2023\/07\/COFB_INFARMASOLIDARIO_24032023-1024x683.jpg",1024,683,true],"1536x1536":["https:\/\/www.cofb.org\/wp-content\/uploads\/2023\/07\/COFB_INFARMASOLIDARIO_24032023-1536x1024.jpg",1536,1024,true],"2048x2048":["https:\/\/www.cofb.org\/wp-content\/uploads\/2023\/07\/COFB_INFARMASOLIDARIO_24032023-2048x1366.jpg",2048,1366,true],"trp-custom-language-flag":["https:\/\/www.cofb.org\/wp-content\/uploads\/2023\/07\/COFB_INFARMASOLIDARIO_24032023.jpg",18,12,false]},"uagb_author_info":{"display_name":"wpAdminCofbOrg","author_link":"https:\/\/www.cofb.org\/ca\/author\/wpadmincofborg\/"},"uagb_comment_info":0,"uagb_excerpt":"Infarma Solidario ha recaptat 28.368\u20ac, que s&#8217;han destinat a sis entitats sense \u00e0nim de lucre que lluiten contra la pobresa farmac\u00e8utica. Els fons d&#8217;aquesta activitat ben\u00e8fica extracongressual, organitzada pels Col\u00b7legis de Farmac\u00e8utics de Barcelona i Madrid, i Interalia, s&#8217;han aconseguit a trav\u00e9s de dues vies: per una banda, la venda [&hellip;]","_links":{"self":[{"href":"https:\/\/www.cofb.org\/ca\/wp-json\/wp\/v2\/posts\/66521","targetHints":{"allow":["GET"]}}],"collection":[{"href":"https:\/\/www.cofb.org\/ca\/wp-json\/wp\/v2\/posts"}],"about":[{"href":"https:\/\/www.cofb.org\/ca\/wp-json\/wp\/v2\/types\/post"}],"author":[{"embeddable":true,"href":"https:\/\/www.cofb.org\/ca\/wp-json\/wp\/v2\/users\/1"}],"replies":[{"embeddable":true,"href":"https:\/\/www.cofb.org\/ca\/wp-json\/wp\/v2\/comments?post=66521"}],"version-history":[{"count":3,"href":"https:\/\/www.cofb.org\/ca\/wp-json\/wp\/v2\/posts\/66521\/revisions"}],"predecessor-version":[{"id":78637,"href":"https:\/\/www.cofb.org\/ca\/wp-json\/wp\/v2\/posts\/66521\/revisions\/78637"}],"wp:featuredmedia":[{"embeddable":true,"href":"https:\/\/www.cofb.org\/ca\/wp-json\/wp\/v2\/media\/67715"}],"wp:attachment":[{"href":"https:\/\/www.cofb.org\/ca\/wp-json\/wp\/v2\/media?parent=66521"}],"wp:term":[{"taxonomy":"category","embeddable":true,"href":"https:\/\/www.cofb.org\/ca\/wp-json\/wp\/v2\/categories?post=66521"},{"taxonomy":"post_tag","embeddable":true,"href":"https:\/\/www.cofb.org\/ca\/wp-json\/wp\/v2\/tags?post=66521"}],"curies":[{"name":"wp","href":"https:\/\/api.w.org\/{rel}","templated":true}]}}