{"id":66508,"date":"2023-03-29T17:51:06","date_gmt":"2023-03-29T15:51:06","guid":{"rendered":"https:\/\/blog.cofb.cat\/?p=66508"},"modified":"2023-10-06T12:01:27","modified_gmt":"2023-10-06T12:01:27","slug":"actualitzacio-farmacoterapeutica-en-medicaments-hospitalaris-de-dispensacio-ambulatoria-mhda","status":"publish","type":"post","link":"https:\/\/www.cofb.org\/ca\/2023\/03\/29\/actualitzacio-farmacoterapeutica-en-medicaments-hospitalaris-de-dispensacio-ambulatoria-mhda\/","title":{"rendered":"Actualitzaci\u00f3 farmacoterap\u00e8utica en medicaments hospitalaris de dispensaci\u00f3 ambulat\u00f2ria (MHDA)"},"content":{"rendered":"\n<p>El <strong>Col\u00b7legi de Farmac\u00e8utics de Barcelona (COFB)<\/strong> va organitzar la nova formaci\u00f3 <strong>\u201cActualitzaci\u00f3 farmacoterap\u00e8utica en medicaments hospitalaris de dispensaci\u00f3 ambulat\u00f2ria (MHDA)\u201d<\/strong>, amb el patrocini d&#8217;<a href=\"https:\/\/abbviecare.es\/?gclid=CjwKCAjwoIqhBhAGEiwArXT7K9Rf64bEcXCGLyC--5NMbMf-1sXJImRlC6AXLo833nMMT-BPBeugfRoC2VsQAvD_BwE\" target=\"_blank\" rel=\"noreferrer noopener\"><strong>AbbVie<\/strong><\/a>, <strong><a href=\"https:\/\/www.gilead.es\/\" target=\"_blank\" rel=\"noreferrer noopener\">Gilead<\/a><\/strong>, <strong><a href=\"https:\/\/www.janssen.com\/spain\/\" target=\"_blank\" rel=\"noreferrer noopener\">Janssen<\/a><\/strong> i <a href=\"https:\/\/www.sandozfarma.es\/\" target=\"_blank\" rel=\"noreferrer noopener\"><strong>Sandoz<\/strong><\/a>. El curs, dividit en setze sessions entre gener i mar\u00e7, va ser dirigit per <strong>Santiago Grau<\/strong>, cap de l\u2019\u00c0rea del Medicament del Parc de Salut Mar, i per <strong>Olivia Fern\u00e1ndez<\/strong>, cap del Servei de Farm\u00e0cia de l\u2019Hospital del Mar.<\/p>\n\n\n\n<figure class=\"wp-block-image size-large\"><a href=\"https:\/\/blog.cofb.cat\/wp-content\/uploads\/2023\/03\/COFB_MHDA_17012023_8.jpg\" target=\"_blank\" rel=\"noopener\"><img decoding=\"async\" src=\"https:\/\/blog.cofb.cat\/wp-content\/uploads\/2023\/03\/COFB_MHDA_17012023_8-1024x576.jpg\" alt=\"La secret\u00e0ria del COFB, Aina Surroca, en un moment de la presentaci\u00f3 junt amb una de les directores del curs, Olivia Fern\u00e1ndez, acompanyada del docent Hernando Knobel.\" class=\"wp-image-66603\" title=\"La secret\u00e0ria del COFB, Aina Surroca, en un moment de la presentaci\u00f3 junt amb una de les directores del curs, Olivia Fern\u00e1ndez, acompanyada del docent Hernando Knobel.\"\/><\/a><figcaption class=\"wp-element-caption\">La secret\u00e0ria del COFB, Aina Surroca, en un moment de la presentaci\u00f3 junt amb una de les directores del curs, Olivia Fern\u00e1ndez, acompanyada del docent Hernando Knobel.<\/figcaption><\/figure>\n\n\n\n<p>Els <strong>objectius<\/strong> del curs, que va comptar amb m\u00e9s de <strong>220 inscripcions<\/strong>, van ser <strong>formar als farmac\u00e8utics <\/strong>sobre els aspectes rellevants dels <strong>medicaments d\u2019\u00fas hospitalari<\/strong> per tenir una visi\u00f3 global del tractament farmacol\u00f2gic dels pacients, <strong>aprofundir en els tractaments d\u2019elecci\u00f3 per a les diferents patologies<\/strong>, en el coneixement de les guies de pr\u00e0ctica cl\u00ednica i en els problemes relacionats amb la medicaci\u00f3 (PRM), tant interaccions com reaccions adverses.<\/p>\n\n\n\n<h2 class=\"wp-block-heading\"><strong>Els MHDA en les diferents patologies<\/strong><\/h2>\n\n\n\n<p>En les sessions formatives es va abordar <strong>tot el que el farmac\u00e8utic ha de saber sobre els MHDA per fer una<\/strong> <strong>correcta atenci\u00f3 farmac\u00e8utica<\/strong>, ja que molts pacients, que reben medicaments dispensats pels Serveis de Farm\u00e0cia Hospital\u00e0ria, presenten pluripatologia i prenen altres medicaments dispensats des de la farm\u00e0cia comunit\u00e0ria. D\u2019aquesta manera el farmac\u00e8utic comunitari va con\u00e8ixer les <strong>noves ter\u00e0pies<\/strong> per fer un <strong>correcte seguiment farmacoterap\u00e8utic i contribuir en millorar l\u2019adher\u00e8ncia, <\/strong>a trav\u00e9s de pon\u00e8ncies a c\u00e0rrec de <strong>professionals de l\u2019Hospital del Mar del consorci Parc de Salut Mar.<\/strong><\/p>\n\n\n\n<h3 class=\"wp-block-heading\"><strong>VIH i malalties reum\u00e0tiques<\/strong><\/h3>\n\n\n\n<p>Les dues primeres sessions del curs es van centrar en els tractaments per al <strong>virus d\u2019immunodefici\u00e8ncia humana (VIH)<\/strong> i van comptar amb les intervencions del cap de Secci\u00f3 del Servei de Malalties Infeccioses, <strong>Hernando Knobel<\/strong>, i de la farmac\u00e8utica del Servei de Farm\u00e0cia, <strong>Marta de Antonio Cusc\u00f3<\/strong>.<\/p>\n\n\n\n<figure class=\"wp-block-image size-large\"><a href=\"https:\/\/blog.cofb.cat\/wp-content\/uploads\/2023\/03\/COFB_MHDA_17012023_2.jpg\" target=\"_blank\" rel=\"noopener\"><img decoding=\"async\" src=\"https:\/\/blog.cofb.cat\/wp-content\/uploads\/2023\/03\/COFB_MHDA_17012023_2-1024x576.jpg\" alt=\"Primera fila, d\u2019esquerra a dreta: Hernando Knobel i Marta de Antonio Cusc\u00f3. Segona fila, d\u2019esquerra a dreta: Carolina P\u00e9rez i Jordi Momfort. \" class=\"wp-image-66589\" title=\"Primera fila, d\u2019esquerra a dreta: Hernando Knobel i Marta de Antonio Cusc\u00f3. Segona fila, d\u2019esquerra a dreta: Carolina P\u00e9rez i Jordi Momfort. \"\/><\/a><figcaption class=\"wp-element-caption\">Primera fila, d\u2019esquerra a dreta: Hernando Knobel i Marta de Antonio Cusc\u00f3. Segona fila, d\u2019esquerra a dreta: Carolina P\u00e9rez i Jordi Momfort. <\/figcaption><\/figure>\n\n\n\n<p>En les dues sessions posteriors, es van abordar quins s\u00f3n els medicaments hospitalaris de dispensaci\u00f3 ambulat\u00f2ria pel que fa a les <strong>malalties reum\u00e0tiques<\/strong>, concretament es va tractar, en primer lloc, l&#8217;<strong>espondiloartropaties<\/strong> i l\u2019<strong>artritis psori\u00e0sica <\/strong>amb les pon\u00e8ncies del cap del Servei de Reumatologia, <strong>Jordi Momfort<\/strong>, i la farmac\u00e8utica, <strong>N\u00faria Carballo<\/strong>; i, en segon lloc, en una sessi\u00f3 posterior, la metgessa adjunta a la secci\u00f3 de reumatologia, <strong>Carolina P\u00e9rez<\/strong>, i Carballo, van parlar sobre l\u2019<strong>artritis reumatoide<\/strong>.<\/p>\n\n\n\n<h3 class=\"wp-block-heading\"><strong>Dermatologia i malalties neurol\u00f2giques<\/strong><\/h3>\n\n\n\n<p>En <strong>dermatologia<\/strong>, es van tractar dues patologies: la <strong>psoriasi<\/strong> i la <strong>dermatitis at\u00f2pica<\/strong>. Sobre la psoriasi van intervenir la metgessa adjunta a la secci\u00f3 de dermatologia, <strong>Marta Ferran<\/strong>, i la farmac\u00e8utica del Servei de Farm\u00e0cia, <strong>Elena Colominas<\/strong>. La farmac\u00e8utica tamb\u00e9 va participar en la sessi\u00f3 posterior sobre dermatitis at\u00f2pica amb la dermat\u00f2loga, <strong>Laia Curto.<\/strong><\/p>\n\n\n\n<figure class=\"wp-block-image size-large\"><a href=\"https:\/\/blog.cofb.cat\/wp-content\/uploads\/2023\/03\/COFB_MHDA_17012023_3.jpg\" target=\"_blank\" rel=\"noopener\"><img decoding=\"async\" src=\"https:\/\/blog.cofb.cat\/wp-content\/uploads\/2023\/03\/COFB_MHDA_17012023_3-1024x576.jpg\" alt=\"\" class=\"wp-image-66590\"\/><\/a><figcaption class=\"wp-element-caption\"> Primera fila, d\u2019esquerra a dreta: Marta Ferran i Laia Curto. Segona fila, d\u2019esquerra a dreta: Elisa Cuadrado i Elvira Munteis.  <\/figcaption><\/figure>\n\n\n\n<p>Pel que fa al tractament amb MHDA en <strong>malalties neurol\u00f2giques<\/strong>, per una banda, la neur\u00f2loga responsable de la Unitat de Cefalees, <strong>Elisa Cuadrado<\/strong>, i la farmac\u00e8utica del Servei de Farm\u00e0cia, <strong>Marta de Antonio Cusc\u00f3<\/strong>, es van centrar en la <strong>migranya<\/strong>; i, per altra banda, la metgessa adjunta a la secci\u00f3 de neurologia i neurofisiologia, <strong>Elvira Munteis<\/strong>, juntament amb <strong>Cusc\u00f3<\/strong>, van abordar el tractament per a <strong>l\u2019esclerosi m\u00faltiple<\/strong> i <strong>l\u2019ELA.<\/strong><\/p>\n\n\n\n<h3 class=\"wp-block-heading\"><strong>Malalties respirat\u00f2ries i malalties digestives<\/strong><\/h3>\n\n\n\n<p>Dues de les sessions del mes de febrer van ser sobre les <strong>malalties respirat\u00f2ries<\/strong>, concretament, la primera, sobre <strong>l\u2019asma<\/strong> que va anar a c\u00e0rrec de la metgessa adjunta a la secci\u00f3 de pneumologia, <strong>M\u00aa Pilar Aus\u00edn<\/strong>, i la farmac\u00e8utica del Servei de Farm\u00e0cia, <strong>M\u00aa Eugenia Navarrete<\/strong>. La farmac\u00e8utica tamb\u00e9 va intervenir en la sessi\u00f3 posterior sobre la <strong>fibrosi pulmonar<\/strong>, que va comptar amb la metgessa adjunta a la secci\u00f3 de pneumologia, <strong>Eva Balcells<\/strong>.<\/p>\n\n\n\n<figure class=\"wp-block-image size-large\"><a href=\"https:\/\/blog.cofb.cat\/wp-content\/uploads\/2023\/03\/COFB_MHDA_17012023_4.jpg\" target=\"_blank\" rel=\"noopener\"><img decoding=\"async\" src=\"https:\/\/blog.cofb.cat\/wp-content\/uploads\/2023\/03\/COFB_MHDA_17012023_4-1024x576.jpg\" alt=\"Primera fila, d\u2019esquerra a dreta: M\u00aa Pilar Aus\u00edn i Eva Balcells. Segona fila, d\u2019esquerra a dreta: Lucia M\u00e1rquez i Montse Garcia.\" class=\"wp-image-66591\" title=\"  Primera fila, d\u2019esquerra a dreta: M\u00aa Pilar Aus\u00edn i Eva Balcells. Segona fila, d\u2019esquerra a dreta: Lucia M\u00e1rquez i Montse Garcia.\"\/><\/a><figcaption class=\"wp-element-caption\">  Primera fila, d\u2019esquerra a dreta: M\u00aa Pilar Aus\u00edn i Eva Balcells. Segona fila, d\u2019esquerra a dreta: Lucia M\u00e1rquez i Montse Garcia.<\/figcaption><\/figure>\n\n\n\n<p>Sobre la malaltia de <strong>Crohn <\/strong>i la <strong>colitis ulcerosa<\/strong> van fer una pon\u00e8ncia la cap de secci\u00f3 de Gastroenterologia i responsable de la Unitat de Malaltia Inflamat\u00f2ria Intestinal, <strong>Lucia M\u00e1rquez<\/strong>, i, de nou, <strong>Elena Colominas<\/strong>. En una segona jornada, tamb\u00e9 sobre <strong>patologies digestives<\/strong>, la cap de secci\u00f3 d\u2019Hepatologia, <strong>Montse Garc\u00eda<\/strong>, i <strong>Colominas <\/strong>van comentar quins s\u00f3n el MHDA per a <strong>l\u2019hepatitis B i C<\/strong>.<\/p>\n\n\n\n<h3 class=\"wp-block-heading\"><strong>Malalties nefrol\u00f2giques i hormona del creixement<\/strong><\/h3>\n\n\n\n<p>La metgessa adjunta del Servei de Nefrologia, <strong>Laia Sans<\/strong>, i la farmac\u00e8utica, <strong>Elena Colominas<\/strong>, van aprofundir en els tractaments per a les <strong>malalties nefrol\u00f2giques<\/strong>.<\/p>\n\n\n\n<figure class=\"wp-block-image size-full is-resized\"><a href=\"https:\/\/www.cofb.org\/wp-content\/uploads\/2023\/10\/collage.jpg\" target=\"_blank\" rel=\"noopener\"><img fetchpriority=\"high\" decoding=\"async\" src=\"https:\/\/www.cofb.org\/wp-content\/uploads\/2023\/10\/collage.jpg\" alt=\"\" class=\"wp-image-68953\" style=\"width:840px;height:472px\" width=\"840\" height=\"472\" title=\"   Primera fila, d\u2019esquerra a dreta: Laia Sans i Elena Colominas. Segona fila, d\u2019esquerra a dreta: Sandra Ortigosa i N\u00faria Carballo. \" srcset=\"https:\/\/www.cofb.org\/wp-content\/uploads\/2023\/10\/collage.jpg 1024w, https:\/\/www.cofb.org\/wp-content\/uploads\/2023\/10\/collage-300x169.jpg 300w, https:\/\/www.cofb.org\/wp-content\/uploads\/2023\/10\/collage-768x432.jpg 768w, https:\/\/www.cofb.org\/wp-content\/uploads\/2023\/10\/collage-18x10.jpg 18w\" sizes=\"(max-width: 840px) 100vw, 840px\" \/><\/a><figcaption class=\"wp-element-caption\">   Primera fila, d\u2019esquerra a dreta: Laia Sans i Elena Colominas. Segona fila, d\u2019esquerra a dreta: Sandra Ortigosa i N\u00faria Carballo. <\/figcaption><\/figure>\n\n\n\n<p>En una altra sessi\u00f3, celebrada a principis de mar\u00e7, <strong>Sandra Ortigosa<\/strong>, metgessa adjunta d\u2019hospitalitzaci\u00f3, urg\u00e8ncies i endocrinologia de la secci\u00f3 de pediatria i <strong>Nuria Carballo<\/strong>, farmac\u00e8utica del Servei de Farm\u00e0cia, van realitzar la sessi\u00f3 sobre els MHDA en l\u2019<strong>hormona de creixement<\/strong>.<\/p>\n\n\n\n<h3 class=\"wp-block-heading\"><strong>Hipercolesterol\u00e8mia i tractament oncol\u00f2gic \u2013 hematol\u00f2gic oral<\/strong><\/h3>\n\n\n\n<p>La segona setmana de mar\u00e7, es van dur a terme les dues darreres sessions. La primera sobre la <strong>hipercolesterol\u00e8mia<\/strong> en qu\u00e8 va intervenir el responsable de la Unitat de L\u00edpids, <strong>Juan Pedro Botet<\/strong>, i la farmac\u00e8utica, <strong>M\u00aa Eugenia Navarrete<\/strong>.<\/p>\n\n\n\n<figure class=\"wp-block-image size-large\"><a href=\"https:\/\/blog.cofb.cat\/wp-content\/uploads\/2023\/03\/COFB_MHDA_17012023_6.jpg\" target=\"_blank\" rel=\"noopener\"><img decoding=\"async\" src=\"https:\/\/blog.cofb.cat\/wp-content\/uploads\/2023\/03\/COFB_MHDA_17012023_6-1024x576.jpg\" alt=\"Primera fila, d\u2019esquerra a dreta: Juan Pedro Botet i M\u00aa Eugenia Navarrete. Segona fila: X\u00e8nia Fern\u00e1ndez.  \" class=\"wp-image-66593\" title=\"    Primera fila, d\u2019esquerra a dreta: Juan Pedro Botet i M\u00aa Eugenia Navarrete. Segona fila: X\u00e8nia Fern\u00e1ndez.  \"\/><\/a><figcaption class=\"wp-element-caption\">    Primera fila, d\u2019esquerra a dreta: Juan Pedro Botet i M\u00aa Eugenia Navarrete. Segona fila: X\u00e8nia Fern\u00e1ndez.  <\/figcaption><\/figure>\n\n\n\n<p>La segona, i \u00faltima sessi\u00f3 del curs, va anar a c\u00e0rrec de la farmac\u00e8utica del Servei de Farm\u00e0cia, <strong>X\u00e8nia Fern\u00e1ndez<\/strong>, que va centrar-se en el <strong>tractament Oncol\u00f2gic-Hematol\u00f2gic Oral<\/strong>.&nbsp;<\/p>\n\n\n<div class=\"destacat-blog\">\n\n\n<h2 class=\"wp-block-heading\"><strong>Valoraci\u00f3 dels directors de la formaci\u00f3 en MHDA<\/strong><\/h2>\n\n\n\n<p>Els directors del curs <strong>Santiago Grau<\/strong>, cap de l\u2019\u00c0rea del Medicament del Parc de Salut Mar, i <strong>Olivia Fern\u00e1ndez<\/strong>, cap del Servei de Farm\u00e0cia de l\u2019Hospital del Mar, van <strong>valorar molt satisfact\u00f2riament<\/strong> la formaci\u00f3, ja que es va \u201ctransmetre de forma intel\u00b7ligible la <strong>informaci\u00f3 essencial sobre les diverses s\u00edndromes i tractaments<\/strong> en els quals la MHDA est\u00e0 implicada\u201d.<\/p>\n\n\n\n<figure class=\"wp-block-image size-large\"><a href=\"https:\/\/blog.cofb.cat\/wp-content\/uploads\/2023\/03\/COFB_MHDA_17012023_7-scaled.jpg\" target=\"_blank\" rel=\"noopener\"><img decoding=\"async\" src=\"https:\/\/blog.cofb.cat\/wp-content\/uploads\/2023\/03\/COFB_MHDA_17012023_7-1024x576.jpg\" alt=\"Santiago Grau presentant una de les sessions de la formaci\u00f3 \u201cActualitzaci\u00f3 farmacoterap\u00e8utica en MHDA&quot;.\" class=\"wp-image-66595\" title=\"Santiago Grau presentant una de les sessions de la formaci\u00f3 \u201cActualitzaci\u00f3 farmacoterap\u00e8utica en MHDA&quot;.\"\/><\/a><figcaption class=\"wp-element-caption\">Santiago Grau presentant una de les sessions de la formaci\u00f3 \u201cActualitzaci\u00f3 farmacoterap\u00e8utica en MHDA&#8221;.<\/figcaption><\/figure>\n\n\n\n<p>Pel que fa al <em>feed back <\/em>dels participants<em>, <\/em>els directors van comentar que \u201cens ha donat a con\u00e8ixer que <strong>els farmac\u00e8utics comunitaris estan interessats en assumir un major grau d&#8217;implicaci\u00f3 en el seguiment de la medicaci\u00f3 extrahospital\u00e0ria, <\/strong>per tal d&#8217;evitar interaccions i efectes adversos. D&#8217;aquesta manera, aquests professionals els podrien detectar i transmetre als farmac\u00e8utics hospitalaris\u201d. Finalment, van valorar molt positivament la inclusi\u00f3 de diversos casos cl\u00ednics durant les diferents sessions, que van donar lloc a \u201cuna <strong>elevada participaci\u00f3 per part dels assistents&#8221;.<\/strong><\/p><\/div>\n\n\n\n<p><\/p>\n\n\n\n<p class=\"has-text-align-right\"><strong>Amb el patrocini de:<\/strong><\/p>\n\n\n\n<div class=\"wp-block-columns is-layout-flex wp-container-core-columns-is-layout-28f84493 wp-block-columns-is-layout-flex\">\n<div class=\"wp-block-column is-layout-flow wp-block-column-is-layout-flow\"><\/div>\n\n\n\n<div class=\"wp-block-column is-layout-flow wp-block-column-is-layout-flow\">\n<figure class=\"wp-block-image alignright size-thumbnail\"><a href=\"https:\/\/abbviecare.es\/?gclid=CjwKCAjwoIqhBhAGEiwArXT7K9Rf64bEcXCGLyC--5NMbMf-1sXJImRlC6AXLo833nMMT-BPBeugfRoC2VsQAvD_BwE\" target=\"_blank\" rel=\"noopener\"><img decoding=\"async\" src=\"https:\/\/blog.cofb.cat\/wp-content\/uploads\/2023\/03\/ABBVIE_fons-transparent-150x28.png\" alt=\"\" class=\"wp-image-66559\"\/><\/a><\/figure>\n<\/div>\n\n\n\n<div class=\"wp-block-column is-layout-flow wp-block-column-is-layout-flow\">\n<figure class=\"wp-block-image alignright size-thumbnail\"><a href=\"https:\/\/www.gilead.es\/\" target=\"_blank\" rel=\"noopener\"><img decoding=\"async\" src=\"https:\/\/blog.cofb.cat\/wp-content\/uploads\/2023\/03\/GILEAD_logo_transparent-150x65.png\" alt=\"\" class=\"wp-image-66560\"\/><\/a><\/figure>\n<\/div>\n<\/div>\n\n\n\n<div class=\"wp-block-columns is-layout-flex wp-container-core-columns-is-layout-28f84493 wp-block-columns-is-layout-flex\">\n<div class=\"wp-block-column is-layout-flow wp-block-column-is-layout-flow\"><\/div>\n\n\n\n<div class=\"wp-block-column is-layout-flow wp-block-column-is-layout-flow\">\n<figure class=\"wp-block-image alignright size-thumbnail\"><a href=\"https:\/\/www.janssen.com\/spain\/\" target=\"_blank\" rel=\"noopener\"><img decoding=\"async\" src=\"https:\/\/blog.cofb.cat\/wp-content\/uploads\/2023\/03\/JANSSEN_logo_transparent-150x73.png\" alt=\"\" class=\"wp-image-66561\"\/><\/a><\/figure>\n<\/div>\n\n\n\n<div class=\"wp-block-column is-layout-flow wp-block-column-is-layout-flow\">\n<figure class=\"wp-block-image alignright size-thumbnail is-resized\"><a href=\"https:\/\/www.sandozfarma.es\/\" target=\"_blank\" rel=\"noopener\"><img decoding=\"async\" src=\"https:\/\/blog.cofb.cat\/wp-content\/uploads\/2023\/03\/SANDOZ_2022_logo_transparent-150x21.png\" alt=\"\" class=\"wp-image-66562\" style=\"width:200px;height:28px\" width=\"200\" height=\"28\"\/><\/a><\/figure>\n<\/div>\n<\/div>\n\n\n\n<p><\/p>\n","protected":false},"excerpt":{"rendered":"<p>El Col\u00b7legi de Farmac\u00e8utics de Barcelona (COFB) va organitzar la nova formaci\u00f3 \u201cActualitzaci\u00f3 farmacoterap\u00e8utica en medicaments hospitalaris de dispensaci\u00f3 ambulat\u00f2ria (MHDA)\u201d, amb el patrocini d&#8217;AbbVie, Gilead, Janssen i Sandoz. El curs, dividit en setze sessions entre gener i mar\u00e7, va ser dirigit per Santiago Grau, cap de l\u2019\u00c0rea del Medicament [&hellip;]<\/p>\n","protected":false},"author":1,"featured_media":67708,"comment_status":"open","ping_status":"open","sticky":false,"template":"","format":"standard","meta":{"_uag_custom_page_level_css":"","site-sidebar-layout":"default","site-content-layout":"","ast-site-content-layout":"default","site-content-style":"default","site-sidebar-style":"default","ast-global-header-display":"","ast-banner-title-visibility":"","ast-main-header-display":"","ast-hfb-above-header-display":"","ast-hfb-below-header-display":"","ast-hfb-mobile-header-display":"","site-post-title":"","ast-breadcrumbs-content":"","ast-featured-img":"disabled","footer-sml-layout":"","theme-transparent-header-meta":"","adv-header-id-meta":"","stick-header-meta":"","header-above-stick-meta":"","header-main-stick-meta":"","header-below-stick-meta":"","astra-migrate-meta-layouts":"default","ast-page-background-enabled":"default","ast-page-background-meta":{"desktop":{"background-color":"var(--ast-global-color-4)","background-image":"","background-repeat":"repeat","background-position":"center center","background-size":"auto","background-attachment":"scroll","background-type":"","background-media":"","overlay-type":"","overlay-color":"","overlay-opacity":"","overlay-gradient":""},"tablet":{"background-color":"","background-image":"","background-repeat":"repeat","background-position":"center center","background-size":"auto","background-attachment":"scroll","background-type":"","background-media":"","overlay-type":"","overlay-color":"","overlay-opacity":"","overlay-gradient":""},"mobile":{"background-color":"","background-image":"","background-repeat":"repeat","background-position":"center center","background-size":"auto","background-attachment":"scroll","background-type":"","background-media":"","overlay-type":"","overlay-color":"","overlay-opacity":"","overlay-gradient":""}},"ast-content-background-meta":{"desktop":{"background-color":"var(--ast-global-color-5)","background-image":"","background-repeat":"repeat","background-position":"center center","background-size":"auto","background-attachment":"scroll","background-type":"","background-media":"","overlay-type":"","overlay-color":"","overlay-opacity":"","overlay-gradient":""},"tablet":{"background-color":"var(--ast-global-color-5)","background-image":"","background-repeat":"repeat","background-position":"center center","background-size":"auto","background-attachment":"scroll","background-type":"","background-media":"","overlay-type":"","overlay-color":"","overlay-opacity":"","overlay-gradient":""},"mobile":{"background-color":"var(--ast-global-color-5)","background-image":"","background-repeat":"repeat","background-position":"center center","background-size":"auto","background-attachment":"scroll","background-type":"","background-media":"","overlay-type":"","overlay-color":"","overlay-opacity":"","overlay-gradient":""}},"footnotes":""},"categories":[23,57],"tags":[208,209,210,211,64,18,19,212,213,79,214,215,216,53,122,68,69,217,70,218,219,220,221,222,223,224,225,226,227,45,228,229,230,76,231,232,233],"class_list":["post-66508","post","type-post","status-publish","format-standard","has-post-thumbnail","hentry","category-destacats","category-mon-collegial","tag-artritis","tag-artritis-psoriasica","tag-artritis-reumatoide","tag-asma","tag-atencio-farmaceutica","tag-cofb","tag-collegi-de-farmaceutics-de-barcelona","tag-colitis-ulcerosa","tag-dermatitis-atopica","tag-dermatologia","tag-ela","tag-esclerosi-multiple","tag-espondiloartropaties","tag-farmaceutics","tag-farmaceutics-hospitalaris","tag-farmacia","tag-farmacia-comunitaria","tag-fibrosi-pulmonar","tag-formacio","tag-hepatitis","tag-hipercolesterolemia","tag-hormona-de-creixement","tag-hospital-del-mar","tag-malaltia-de-crohn","tag-malalties-digestives","tag-malalties-nefrologiques","tag-malalties-neurologiques","tag-malalties-respiratories","tag-malalties-reumatiques","tag-medicaments","tag-medicaments-hospitalaris-de-dispensacio-ambulatoria","tag-mhda","tag-migranya","tag-oficina-de-farmacia","tag-psoriasi","tag-vih","tag-virus-dimmunodeficiencia-humana"],"yoast_head":"<!-- This site is optimized with the Yoast SEO plugin v22.4 - https:\/\/yoast.com\/wordpress\/plugins\/seo\/ -->\n<title>Actualitzaci\u00f3 farmacoterap\u00e8utica en medicaments hospitalaris de dispensaci\u00f3 ambulat\u00f2ria (MHDA) - Col\u00b7legi de Farmac\u00e8utics de Barcelona<\/title>\n<meta name=\"description\" content=\"El COFB va organitzar una formaci\u00f3 \u201cActualitzaci\u00f3 farmacoterap\u00e8utica en medicaments hospitalaris de dispensaci\u00f3 ambulat\u00f2ria (MHDA)\u201d\" \/>\n<meta name=\"robots\" content=\"index, follow, max-snippet:-1, max-image-preview:large, max-video-preview:-1\" \/>\n<link rel=\"canonical\" href=\"https:\/\/novaorg.cofb.net\/2023\/03\/29\/actualitzacio-farmacoterapeutica-en-medicaments-hospitalaris-de-dispensacio-ambulatoria-mhda\/\" \/>\n<meta property=\"og:locale\" content=\"ca_ES\" \/>\n<meta property=\"og:type\" content=\"article\" \/>\n<meta property=\"og:title\" content=\"Actualitzaci\u00f3 farmacoterap\u00e8utica en medicaments hospitalaris de dispensaci\u00f3 ambulat\u00f2ria (MHDA) - Col\u00b7legi de Farmac\u00e8utics de Barcelona\" \/>\n<meta property=\"og:description\" content=\"El COFB va organitzar una formaci\u00f3 \u201cActualitzaci\u00f3 farmacoterap\u00e8utica en medicaments hospitalaris de dispensaci\u00f3 ambulat\u00f2ria (MHDA)\u201d\" \/>\n<meta property=\"og:url\" content=\"https:\/\/novaorg.cofb.net\/2023\/03\/29\/actualitzacio-farmacoterapeutica-en-medicaments-hospitalaris-de-dispensacio-ambulatoria-mhda\/\" \/>\n<meta property=\"og:site_name\" content=\"Col\u00b7legi de Farmac\u00e8utics de Barcelona\" \/>\n<meta property=\"article:publisher\" content=\"https:\/\/www.facebook.com\/farmaceuticsbcn\/\" \/>\n<meta property=\"article:published_time\" content=\"2023-03-29T15:51:06+00:00\" \/>\n<meta property=\"article:modified_time\" content=\"2023-10-06T12:01:27+00:00\" \/>\n<meta property=\"og:image\" content=\"https:\/\/novaorg.cofb.net\/wp-content\/uploads\/2023\/07\/COFB_MHDA_17012023_8.jpg\" \/>\n\t<meta property=\"og:image:width\" content=\"2250\" \/>\n\t<meta property=\"og:image:height\" content=\"1266\" \/>\n\t<meta property=\"og:image:type\" content=\"image\/jpeg\" \/>\n<meta name=\"author\" content=\"wpAdminCofbOrg\" \/>\n<meta name=\"twitter:card\" content=\"summary_large_image\" \/>\n<meta name=\"twitter:creator\" content=\"@farmaceuticsbcn\" \/>\n<meta name=\"twitter:site\" content=\"@farmaceuticsbcn\" \/>\n<meta name=\"twitter:label1\" content=\"Escrit per\" \/>\n\t<meta name=\"twitter:data1\" content=\"wpAdminCofbOrg\" \/>\n\t<meta name=\"twitter:label2\" content=\"Temps estimat de lectura\" \/>\n\t<meta name=\"twitter:data2\" content=\"8 minuts\" \/>\n<script type=\"application\/ld+json\" class=\"yoast-schema-graph\">{\"@context\":\"https:\/\/schema.org\",\"@graph\":[{\"@type\":\"Article\",\"@id\":\"https:\/\/novaorg.cofb.net\/2023\/03\/29\/actualitzacio-farmacoterapeutica-en-medicaments-hospitalaris-de-dispensacio-ambulatoria-mhda\/#article\",\"isPartOf\":{\"@id\":\"https:\/\/novaorg.cofb.net\/2023\/03\/29\/actualitzacio-farmacoterapeutica-en-medicaments-hospitalaris-de-dispensacio-ambulatoria-mhda\/\"},\"author\":{\"name\":\"wpAdminCofbOrg\",\"@id\":\"https:\/\/www.cofb.org\/#\/schema\/person\/22ed7eea88da74b0fa4d3154ad87ffcb\"},\"headline\":\"Actualitzaci\u00f3 farmacoterap\u00e8utica en medicaments hospitalaris de dispensaci\u00f3 ambulat\u00f2ria (MHDA)\",\"datePublished\":\"2023-03-29T15:51:06+00:00\",\"dateModified\":\"2023-10-06T12:01:27+00:00\",\"mainEntityOfPage\":{\"@id\":\"https:\/\/novaorg.cofb.net\/2023\/03\/29\/actualitzacio-farmacoterapeutica-en-medicaments-hospitalaris-de-dispensacio-ambulatoria-mhda\/\"},\"wordCount\":1205,\"commentCount\":0,\"publisher\":{\"@id\":\"https:\/\/www.cofb.org\/#organization\"},\"image\":{\"@id\":\"https:\/\/novaorg.cofb.net\/2023\/03\/29\/actualitzacio-farmacoterapeutica-en-medicaments-hospitalaris-de-dispensacio-ambulatoria-mhda\/#primaryimage\"},\"thumbnailUrl\":\"https:\/\/www.cofb.org\/wp-content\/uploads\/2023\/07\/COFB_MHDA_17012023_8.jpg\",\"keywords\":[\"artritis\",\"artritis psori\u00e0sica\",\"artritis reumatoide\",\"asma\",\"Atenci\u00f3 farmac\u00e8utica\",\"COFB\",\"Col\u00b7legi de Farmac\u00e8utics de Barcelona\",\"colitis ulcerosa\",\"dermatitis at\u00f2pica\",\"dermatologia\",\"ELA\",\"esclerosi m\u00faltiple\",\"Espondiloartropaties\",\"farmac\u00e8utics\",\"farmac\u00e8utics hospitalaris\",\"Farm\u00e0cia\",\"farm\u00e0cia comunit\u00e0ria\",\"fibrosi pulmonar\",\"Formaci\u00f3\",\"hepatitis\",\"hipercolesterol\u00e8mia\",\"hormona de creixement\",\"Hospital del Mar\",\"malaltia de crohn\",\"malalties digestives\",\"malalties nefrol\u00f2giques\",\"malalties neurol\u00f2giques\",\"malalties respirat\u00f2ries\",\"Malalties reum\u00e0tiques\",\"medicaments\",\"Medicaments Hospitalaris de Dispensaci\u00f3 Ambulat\u00f2ria\",\"MHDA\",\"migranya\",\"Oficina de farm\u00e0cia\",\"psoriasi\",\"VIH\",\"Virus d&#039;immunodefici\u00e8ncia Humana\"],\"articleSection\":[\"Destacats\",\"M\u00f3n col\u00b7legial\"],\"inLanguage\":\"ca\",\"potentialAction\":[{\"@type\":\"CommentAction\",\"name\":\"Comment\",\"target\":[\"https:\/\/novaorg.cofb.net\/2023\/03\/29\/actualitzacio-farmacoterapeutica-en-medicaments-hospitalaris-de-dispensacio-ambulatoria-mhda\/#respond\"]}]},{\"@type\":\"WebPage\",\"@id\":\"https:\/\/novaorg.cofb.net\/2023\/03\/29\/actualitzacio-farmacoterapeutica-en-medicaments-hospitalaris-de-dispensacio-ambulatoria-mhda\/\",\"url\":\"https:\/\/novaorg.cofb.net\/2023\/03\/29\/actualitzacio-farmacoterapeutica-en-medicaments-hospitalaris-de-dispensacio-ambulatoria-mhda\/\",\"name\":\"Actualitzaci\u00f3 farmacoterap\u00e8utica en medicaments hospitalaris de dispensaci\u00f3 ambulat\u00f2ria (MHDA) - Col\u00b7legi de Farmac\u00e8utics de Barcelona\",\"isPartOf\":{\"@id\":\"https:\/\/www.cofb.org\/#website\"},\"primaryImageOfPage\":{\"@id\":\"https:\/\/novaorg.cofb.net\/2023\/03\/29\/actualitzacio-farmacoterapeutica-en-medicaments-hospitalaris-de-dispensacio-ambulatoria-mhda\/#primaryimage\"},\"image\":{\"@id\":\"https:\/\/novaorg.cofb.net\/2023\/03\/29\/actualitzacio-farmacoterapeutica-en-medicaments-hospitalaris-de-dispensacio-ambulatoria-mhda\/#primaryimage\"},\"thumbnailUrl\":\"https:\/\/www.cofb.org\/wp-content\/uploads\/2023\/07\/COFB_MHDA_17012023_8.jpg\",\"datePublished\":\"2023-03-29T15:51:06+00:00\",\"dateModified\":\"2023-10-06T12:01:27+00:00\",\"description\":\"El COFB va organitzar una formaci\u00f3 \u201cActualitzaci\u00f3 farmacoterap\u00e8utica en medicaments hospitalaris de dispensaci\u00f3 ambulat\u00f2ria (MHDA)\u201d\",\"breadcrumb\":{\"@id\":\"https:\/\/novaorg.cofb.net\/2023\/03\/29\/actualitzacio-farmacoterapeutica-en-medicaments-hospitalaris-de-dispensacio-ambulatoria-mhda\/#breadcrumb\"},\"inLanguage\":\"ca\",\"potentialAction\":[{\"@type\":\"ReadAction\",\"target\":[\"https:\/\/novaorg.cofb.net\/2023\/03\/29\/actualitzacio-farmacoterapeutica-en-medicaments-hospitalaris-de-dispensacio-ambulatoria-mhda\/\"]}]},{\"@type\":\"ImageObject\",\"inLanguage\":\"ca\",\"@id\":\"https:\/\/novaorg.cofb.net\/2023\/03\/29\/actualitzacio-farmacoterapeutica-en-medicaments-hospitalaris-de-dispensacio-ambulatoria-mhda\/#primaryimage\",\"url\":\"https:\/\/www.cofb.org\/wp-content\/uploads\/2023\/07\/COFB_MHDA_17012023_8.jpg\",\"contentUrl\":\"https:\/\/www.cofb.org\/wp-content\/uploads\/2023\/07\/COFB_MHDA_17012023_8.jpg\",\"width\":2250,\"height\":1266},{\"@type\":\"BreadcrumbList\",\"@id\":\"https:\/\/novaorg.cofb.net\/2023\/03\/29\/actualitzacio-farmacoterapeutica-en-medicaments-hospitalaris-de-dispensacio-ambulatoria-mhda\/#breadcrumb\",\"itemListElement\":[{\"@type\":\"ListItem\",\"position\":1,\"name\":\"Inici\",\"item\":\"https:\/\/novaorg.cofb.net\/\"},{\"@type\":\"ListItem\",\"position\":2,\"name\":\"Actualitzaci\u00f3 farmacoterap\u00e8utica en medicaments hospitalaris de dispensaci\u00f3 ambulat\u00f2ria (MHDA)\"}]},{\"@type\":\"WebSite\",\"@id\":\"https:\/\/www.cofb.org\/#website\",\"url\":\"https:\/\/www.cofb.org\/\",\"name\":\"Col\u00b7legi de Farmac\u00e8utics de Barcelona\",\"description\":\"\",\"publisher\":{\"@id\":\"https:\/\/www.cofb.org\/#organization\"},\"potentialAction\":[{\"@type\":\"SearchAction\",\"target\":{\"@type\":\"EntryPoint\",\"urlTemplate\":\"https:\/\/www.cofb.org\/?s={search_term_string}\"},\"query-input\":\"required name=search_term_string\"}],\"inLanguage\":\"ca\"},{\"@type\":\"Organization\",\"@id\":\"https:\/\/www.cofb.org\/#organization\",\"name\":\"Col\u00b7legi de Farmac\u00e8utics de Barcelona\",\"url\":\"https:\/\/www.cofb.org\/\",\"logo\":{\"@type\":\"ImageObject\",\"inLanguage\":\"ca\",\"@id\":\"https:\/\/www.cofb.org\/#\/schema\/logo\/image\/\",\"url\":\"https:\/\/www.cofb.org\/wp-content\/uploads\/2023\/11\/cropped-Logotip-COFB.png\",\"contentUrl\":\"https:\/\/www.cofb.org\/wp-content\/uploads\/2023\/11\/cropped-Logotip-COFB.png\",\"width\":500,\"height\":105,\"caption\":\"Col\u00b7legi de Farmac\u00e8utics de Barcelona\"},\"image\":{\"@id\":\"https:\/\/www.cofb.org\/#\/schema\/logo\/image\/\"},\"sameAs\":[\"https:\/\/www.facebook.com\/farmaceuticsbcn\/\",\"https:\/\/twitter.com\/farmaceuticsbcn\",\"https:\/\/www.instagram.com\/farmaceuticsbcn\/\",\"https:\/\/www.linkedin.com\/company\/farmaceuticsbcn\/\"]},{\"@type\":\"Person\",\"@id\":\"https:\/\/www.cofb.org\/#\/schema\/person\/22ed7eea88da74b0fa4d3154ad87ffcb\",\"name\":\"wpAdminCofbOrg\",\"image\":{\"@type\":\"ImageObject\",\"inLanguage\":\"ca\",\"@id\":\"https:\/\/www.cofb.org\/#\/schema\/person\/image\/\",\"url\":\"https:\/\/secure.gravatar.com\/avatar\/1721b20b3b8ca882c3b56ec6c978c594fff670e40c0718e9190eaeeb76aae7d8?s=96&d=mm&r=g\",\"contentUrl\":\"https:\/\/secure.gravatar.com\/avatar\/1721b20b3b8ca882c3b56ec6c978c594fff670e40c0718e9190eaeeb76aae7d8?s=96&d=mm&r=g\",\"caption\":\"wpAdminCofbOrg\"},\"sameAs\":[\"http:\/\/192.168.64.122\/wordpress\"],\"url\":\"https:\/\/www.cofb.org\/ca\/author\/wpadmincofborg\/\"}]}<\/script>\n<!-- \/ Yoast SEO plugin. -->","yoast_head_json":{"title":"Actualitzaci\u00f3 farmacoterap\u00e8utica en medicaments hospitalaris de dispensaci\u00f3 ambulat\u00f2ria (MHDA) - Col\u00b7legi de Farmac\u00e8utics de Barcelona","description":"El COFB va organitzar una formaci\u00f3 \u201cActualitzaci\u00f3 farmacoterap\u00e8utica en medicaments hospitalaris de dispensaci\u00f3 ambulat\u00f2ria (MHDA)\u201d","robots":{"index":"index","follow":"follow","max-snippet":"max-snippet:-1","max-image-preview":"max-image-preview:large","max-video-preview":"max-video-preview:-1"},"canonical":"https:\/\/novaorg.cofb.net\/2023\/03\/29\/actualitzacio-farmacoterapeutica-en-medicaments-hospitalaris-de-dispensacio-ambulatoria-mhda\/","og_locale":"ca_ES","og_type":"article","og_title":"Actualitzaci\u00f3 farmacoterap\u00e8utica en medicaments hospitalaris de dispensaci\u00f3 ambulat\u00f2ria (MHDA) - Col\u00b7legi de Farmac\u00e8utics de Barcelona","og_description":"El COFB va organitzar una formaci\u00f3 \u201cActualitzaci\u00f3 farmacoterap\u00e8utica en medicaments hospitalaris de dispensaci\u00f3 ambulat\u00f2ria (MHDA)\u201d","og_url":"https:\/\/novaorg.cofb.net\/2023\/03\/29\/actualitzacio-farmacoterapeutica-en-medicaments-hospitalaris-de-dispensacio-ambulatoria-mhda\/","og_site_name":"Col\u00b7legi de Farmac\u00e8utics de Barcelona","article_publisher":"https:\/\/www.facebook.com\/farmaceuticsbcn\/","article_published_time":"2023-03-29T15:51:06+00:00","article_modified_time":"2023-10-06T12:01:27+00:00","og_image":[{"width":2250,"height":1266,"url":"https:\/\/novaorg.cofb.net\/wp-content\/uploads\/2023\/07\/COFB_MHDA_17012023_8.jpg","type":"image\/jpeg"}],"author":"wpAdminCofbOrg","twitter_card":"summary_large_image","twitter_creator":"@farmaceuticsbcn","twitter_site":"@farmaceuticsbcn","twitter_misc":{"Escrit per":"wpAdminCofbOrg","Temps estimat de lectura":"8 minuts"},"schema":{"@context":"https:\/\/schema.org","@graph":[{"@type":"Article","@id":"https:\/\/novaorg.cofb.net\/2023\/03\/29\/actualitzacio-farmacoterapeutica-en-medicaments-hospitalaris-de-dispensacio-ambulatoria-mhda\/#article","isPartOf":{"@id":"https:\/\/novaorg.cofb.net\/2023\/03\/29\/actualitzacio-farmacoterapeutica-en-medicaments-hospitalaris-de-dispensacio-ambulatoria-mhda\/"},"author":{"name":"wpAdminCofbOrg","@id":"https:\/\/www.cofb.org\/#\/schema\/person\/22ed7eea88da74b0fa4d3154ad87ffcb"},"headline":"Actualitzaci\u00f3 farmacoterap\u00e8utica en medicaments hospitalaris de dispensaci\u00f3 ambulat\u00f2ria (MHDA)","datePublished":"2023-03-29T15:51:06+00:00","dateModified":"2023-10-06T12:01:27+00:00","mainEntityOfPage":{"@id":"https:\/\/novaorg.cofb.net\/2023\/03\/29\/actualitzacio-farmacoterapeutica-en-medicaments-hospitalaris-de-dispensacio-ambulatoria-mhda\/"},"wordCount":1205,"commentCount":0,"publisher":{"@id":"https:\/\/www.cofb.org\/#organization"},"image":{"@id":"https:\/\/novaorg.cofb.net\/2023\/03\/29\/actualitzacio-farmacoterapeutica-en-medicaments-hospitalaris-de-dispensacio-ambulatoria-mhda\/#primaryimage"},"thumbnailUrl":"https:\/\/www.cofb.org\/wp-content\/uploads\/2023\/07\/COFB_MHDA_17012023_8.jpg","keywords":["artritis","artritis psori\u00e0sica","artritis reumatoide","asma","Atenci\u00f3 farmac\u00e8utica","COFB","Col\u00b7legi de Farmac\u00e8utics de Barcelona","colitis ulcerosa","dermatitis at\u00f2pica","dermatologia","ELA","esclerosi m\u00faltiple","Espondiloartropaties","farmac\u00e8utics","farmac\u00e8utics hospitalaris","Farm\u00e0cia","farm\u00e0cia comunit\u00e0ria","fibrosi pulmonar","Formaci\u00f3","hepatitis","hipercolesterol\u00e8mia","hormona de creixement","Hospital del Mar","malaltia de crohn","malalties digestives","malalties nefrol\u00f2giques","malalties neurol\u00f2giques","malalties respirat\u00f2ries","Malalties reum\u00e0tiques","medicaments","Medicaments Hospitalaris de Dispensaci\u00f3 Ambulat\u00f2ria","MHDA","migranya","Oficina de farm\u00e0cia","psoriasi","VIH","Virus d&#039;immunodefici\u00e8ncia Humana"],"articleSection":["Destacats","M\u00f3n col\u00b7legial"],"inLanguage":"ca","potentialAction":[{"@type":"CommentAction","name":"Comment","target":["https:\/\/novaorg.cofb.net\/2023\/03\/29\/actualitzacio-farmacoterapeutica-en-medicaments-hospitalaris-de-dispensacio-ambulatoria-mhda\/#respond"]}]},{"@type":"WebPage","@id":"https:\/\/novaorg.cofb.net\/2023\/03\/29\/actualitzacio-farmacoterapeutica-en-medicaments-hospitalaris-de-dispensacio-ambulatoria-mhda\/","url":"https:\/\/novaorg.cofb.net\/2023\/03\/29\/actualitzacio-farmacoterapeutica-en-medicaments-hospitalaris-de-dispensacio-ambulatoria-mhda\/","name":"Actualitzaci\u00f3 farmacoterap\u00e8utica en medicaments hospitalaris de dispensaci\u00f3 ambulat\u00f2ria (MHDA) - Col\u00b7legi de Farmac\u00e8utics de Barcelona","isPartOf":{"@id":"https:\/\/www.cofb.org\/#website"},"primaryImageOfPage":{"@id":"https:\/\/novaorg.cofb.net\/2023\/03\/29\/actualitzacio-farmacoterapeutica-en-medicaments-hospitalaris-de-dispensacio-ambulatoria-mhda\/#primaryimage"},"image":{"@id":"https:\/\/novaorg.cofb.net\/2023\/03\/29\/actualitzacio-farmacoterapeutica-en-medicaments-hospitalaris-de-dispensacio-ambulatoria-mhda\/#primaryimage"},"thumbnailUrl":"https:\/\/www.cofb.org\/wp-content\/uploads\/2023\/07\/COFB_MHDA_17012023_8.jpg","datePublished":"2023-03-29T15:51:06+00:00","dateModified":"2023-10-06T12:01:27+00:00","description":"El COFB va organitzar una formaci\u00f3 \u201cActualitzaci\u00f3 farmacoterap\u00e8utica en medicaments hospitalaris de dispensaci\u00f3 ambulat\u00f2ria (MHDA)\u201d","breadcrumb":{"@id":"https:\/\/novaorg.cofb.net\/2023\/03\/29\/actualitzacio-farmacoterapeutica-en-medicaments-hospitalaris-de-dispensacio-ambulatoria-mhda\/#breadcrumb"},"inLanguage":"ca","potentialAction":[{"@type":"ReadAction","target":["https:\/\/novaorg.cofb.net\/2023\/03\/29\/actualitzacio-farmacoterapeutica-en-medicaments-hospitalaris-de-dispensacio-ambulatoria-mhda\/"]}]},{"@type":"ImageObject","inLanguage":"ca","@id":"https:\/\/novaorg.cofb.net\/2023\/03\/29\/actualitzacio-farmacoterapeutica-en-medicaments-hospitalaris-de-dispensacio-ambulatoria-mhda\/#primaryimage","url":"https:\/\/www.cofb.org\/wp-content\/uploads\/2023\/07\/COFB_MHDA_17012023_8.jpg","contentUrl":"https:\/\/www.cofb.org\/wp-content\/uploads\/2023\/07\/COFB_MHDA_17012023_8.jpg","width":2250,"height":1266},{"@type":"BreadcrumbList","@id":"https:\/\/novaorg.cofb.net\/2023\/03\/29\/actualitzacio-farmacoterapeutica-en-medicaments-hospitalaris-de-dispensacio-ambulatoria-mhda\/#breadcrumb","itemListElement":[{"@type":"ListItem","position":1,"name":"Inici","item":"https:\/\/novaorg.cofb.net\/"},{"@type":"ListItem","position":2,"name":"Actualitzaci\u00f3 farmacoterap\u00e8utica en medicaments hospitalaris de dispensaci\u00f3 ambulat\u00f2ria (MHDA)"}]},{"@type":"WebSite","@id":"https:\/\/www.cofb.org\/#website","url":"https:\/\/www.cofb.org\/","name":"Col\u00b7legi de Farmac\u00e8utics de Barcelona","description":"","publisher":{"@id":"https:\/\/www.cofb.org\/#organization"},"potentialAction":[{"@type":"SearchAction","target":{"@type":"EntryPoint","urlTemplate":"https:\/\/www.cofb.org\/?s={search_term_string}"},"query-input":"required name=search_term_string"}],"inLanguage":"ca"},{"@type":"Organization","@id":"https:\/\/www.cofb.org\/#organization","name":"Col\u00b7legi de Farmac\u00e8utics de Barcelona","url":"https:\/\/www.cofb.org\/","logo":{"@type":"ImageObject","inLanguage":"ca","@id":"https:\/\/www.cofb.org\/#\/schema\/logo\/image\/","url":"https:\/\/www.cofb.org\/wp-content\/uploads\/2023\/11\/cropped-Logotip-COFB.png","contentUrl":"https:\/\/www.cofb.org\/wp-content\/uploads\/2023\/11\/cropped-Logotip-COFB.png","width":500,"height":105,"caption":"Col\u00b7legi de Farmac\u00e8utics de Barcelona"},"image":{"@id":"https:\/\/www.cofb.org\/#\/schema\/logo\/image\/"},"sameAs":["https:\/\/www.facebook.com\/farmaceuticsbcn\/","https:\/\/twitter.com\/farmaceuticsbcn","https:\/\/www.instagram.com\/farmaceuticsbcn\/","https:\/\/www.linkedin.com\/company\/farmaceuticsbcn\/"]},{"@type":"Person","@id":"https:\/\/www.cofb.org\/#\/schema\/person\/22ed7eea88da74b0fa4d3154ad87ffcb","name":"wpAdminCofbOrg","image":{"@type":"ImageObject","inLanguage":"ca","@id":"https:\/\/www.cofb.org\/#\/schema\/person\/image\/","url":"https:\/\/secure.gravatar.com\/avatar\/1721b20b3b8ca882c3b56ec6c978c594fff670e40c0718e9190eaeeb76aae7d8?s=96&d=mm&r=g","contentUrl":"https:\/\/secure.gravatar.com\/avatar\/1721b20b3b8ca882c3b56ec6c978c594fff670e40c0718e9190eaeeb76aae7d8?s=96&d=mm&r=g","caption":"wpAdminCofbOrg"},"sameAs":["http:\/\/192.168.64.122\/wordpress"],"url":"https:\/\/www.cofb.org\/ca\/author\/wpadmincofborg\/"}]}},"uagb_featured_image_src":{"full":["https:\/\/www.cofb.org\/wp-content\/uploads\/2023\/07\/COFB_MHDA_17012023_8.jpg",2250,1266,false],"thumbnail":["https:\/\/www.cofb.org\/wp-content\/uploads\/2023\/07\/COFB_MHDA_17012023_8-150x150.jpg",150,150,true],"medium":["https:\/\/www.cofb.org\/wp-content\/uploads\/2023\/07\/COFB_MHDA_17012023_8-300x169.jpg",300,169,true],"medium_large":["https:\/\/www.cofb.org\/wp-content\/uploads\/2023\/07\/COFB_MHDA_17012023_8-768x432.jpg",768,432,true],"large":["https:\/\/www.cofb.org\/wp-content\/uploads\/2023\/07\/COFB_MHDA_17012023_8-1024x576.jpg",1024,576,true],"1536x1536":["https:\/\/www.cofb.org\/wp-content\/uploads\/2023\/07\/COFB_MHDA_17012023_8-1536x864.jpg",1536,864,true],"2048x2048":["https:\/\/www.cofb.org\/wp-content\/uploads\/2023\/07\/COFB_MHDA_17012023_8-2048x1152.jpg",2048,1152,true],"trp-custom-language-flag":["https:\/\/www.cofb.org\/wp-content\/uploads\/2023\/07\/COFB_MHDA_17012023_8.jpg",18,10,false]},"uagb_author_info":{"display_name":"wpAdminCofbOrg","author_link":"https:\/\/www.cofb.org\/ca\/author\/wpadmincofborg\/"},"uagb_comment_info":0,"uagb_excerpt":"El Col\u00b7legi de Farmac\u00e8utics de Barcelona (COFB) va organitzar la nova formaci\u00f3 \u201cActualitzaci\u00f3 farmacoterap\u00e8utica en medicaments hospitalaris de dispensaci\u00f3 ambulat\u00f2ria (MHDA)\u201d, amb el patrocini d&#8217;AbbVie, Gilead, Janssen i Sandoz. El curs, dividit en setze sessions entre gener i mar\u00e7, va ser dirigit per Santiago Grau, cap de l\u2019\u00c0rea del Medicament [&hellip;]","_links":{"self":[{"href":"https:\/\/www.cofb.org\/ca\/wp-json\/wp\/v2\/posts\/66508","targetHints":{"allow":["GET"]}}],"collection":[{"href":"https:\/\/www.cofb.org\/ca\/wp-json\/wp\/v2\/posts"}],"about":[{"href":"https:\/\/www.cofb.org\/ca\/wp-json\/wp\/v2\/types\/post"}],"author":[{"embeddable":true,"href":"https:\/\/www.cofb.org\/ca\/wp-json\/wp\/v2\/users\/1"}],"replies":[{"embeddable":true,"href":"https:\/\/www.cofb.org\/ca\/wp-json\/wp\/v2\/comments?post=66508"}],"version-history":[{"count":3,"href":"https:\/\/www.cofb.org\/ca\/wp-json\/wp\/v2\/posts\/66508\/revisions"}],"predecessor-version":[{"id":68954,"href":"https:\/\/www.cofb.org\/ca\/wp-json\/wp\/v2\/posts\/66508\/revisions\/68954"}],"wp:featuredmedia":[{"embeddable":true,"href":"https:\/\/www.cofb.org\/ca\/wp-json\/wp\/v2\/media\/67708"}],"wp:attachment":[{"href":"https:\/\/www.cofb.org\/ca\/wp-json\/wp\/v2\/media?parent=66508"}],"wp:term":[{"taxonomy":"category","embeddable":true,"href":"https:\/\/www.cofb.org\/ca\/wp-json\/wp\/v2\/categories?post=66508"},{"taxonomy":"post_tag","embeddable":true,"href":"https:\/\/www.cofb.org\/ca\/wp-json\/wp\/v2\/tags?post=66508"}],"curies":[{"name":"wp","href":"https:\/\/api.w.org\/{rel}","templated":true}]}}