{"id":66482,"date":"2023-03-22T18:02:52","date_gmt":"2023-03-22T16:02:52","guid":{"rendered":"https:\/\/blog.cofb.cat\/?p=66482"},"modified":"2023-10-09T10:18:25","modified_gmt":"2023-10-09T10:18:25","slug":"farmaceutics-comunitaris-sactualitzen-al-cofb-en-el-maneig-de-dispositius-dadministracio-dinsulines","status":"publish","type":"post","link":"https:\/\/www.cofb.org\/ca\/2023\/03\/22\/farmaceutics-comunitaris-sactualitzen-al-cofb-en-el-maneig-de-dispositius-dadministracio-dinsulines\/","title":{"rendered":"Farmac\u00e8utics comunitaris s&#8217;actualitzen al COFB en el maneig de dispositius d&#8217;administraci\u00f3 d&#8217;insulines"},"content":{"rendered":"\n<p>El passat 1 de mar\u00e7, el <strong>Col\u00b7legi de Farmac\u00e8utics de Barcelona (COFB)<\/strong> va organitzar el <strong>&#8220;Taller d&#8217;insulines i dispositius d&#8217;administraci\u00f3\u201d<\/strong>, amb el patrocini de <strong><a href=\"https:\/\/www.novonordisk.es\/\" target=\"_blank\" rel=\"noreferrer noopener\">Novo Nordisk<\/a><\/strong>. La farmac\u00e8utica comunit\u00e0ria, experta en atenci\u00f3 farmac\u00e8utica i farm\u00e0cia assistencial, a m\u00e9s de fundadora de Farmaval, <strong>Cristina Lucas<\/strong>, va impartir el taller dirigit a farmac\u00e8utics comunitaris.<\/p>\n\n\n\n<figure class=\"wp-block-image size-large\"><a href=\"https:\/\/blog.cofb.cat\/wp-content\/uploads\/2023\/03\/COFB_TALLER-INSULINES_21032023_2-scaled.jpg\" target=\"_blank\" rel=\"noopener\"><img decoding=\"async\" src=\"https:\/\/blog.cofb.cat\/wp-content\/uploads\/2023\/03\/COFB_TALLER-INSULINES_21032023_2-1024x576.jpg\" alt=\"L'experta en atenci\u00f3 farmac\u00e8utica durant la seva intervenci\u00f3.\" class=\"wp-image-66494\" title=\"L'experta en atenci\u00f3 farmac\u00e8utica durant la seva intervenci\u00f3.\"\/><\/a><figcaption class=\"wp-element-caption\">L&#8217;experta en atenci\u00f3 farmac\u00e8utica durant la seva intervenci\u00f3.<\/figcaption><\/figure>\n\n\n\n<p>Els <strong>objectius<\/strong> del curs van ser obtenir <strong>una visi\u00f3 actualitzada de les insulines<\/strong> disponibles i del <strong>maneig dels diferents dispositius<\/strong>, con\u00e8ixer les <strong>caracter\u00edstiques<\/strong> dels <strong>dispositius<\/strong>, com funcionen i com fer-ne un \u00fas correcte, i saber <strong>intervenir adequadament<\/strong> i donant <strong>valor en cada dispensaci\u00f3<\/strong>.<\/p>\n\n\n\n<p><strong>Cristina Lucas<\/strong> va iniciar el taller fent un breu rep\u00e0s de les <strong>generalitats de les insulines<\/strong>. Va exposar <strong>qu\u00e8 \u00e9s la diabetis<\/strong>, \u201cuna <strong>malaltia metab\u00f2lica cr\u00f2nica que implica un augment de glucosa en sang<\/strong> (gluc\u00e8mia). <strong>S\u2019hi veu implicada una hormona, la insulina<\/strong>, que la segrega les c\u00e8l\u00b7lules beta del p\u00e0ncrees. B\u00e0sicament, el que fa la insulina \u00e9s ajudar al fet que el sucre entri la a la c\u00e8l\u00b7lula i es pugui utilitzar a nivell energ\u00e8tic i evitar que tinguem aquests nivells alts d\u2019insulina\u201d.<\/p>\n\n\n\n<p>La farmac\u00e8utica va comentar que aquesta \u201c<strong>patologia \u00e9s complicada<\/strong>\u201d i que per controlar-la<strong> hi ha 42 variables que afecten la diabetis<\/strong>, \u201cun pacient diab\u00e8tic dep\u00e8n d\u2019uns quants <strong>par\u00e0metres que afectaran en els seus nivells de gluc\u00e8mia<\/strong>: l\u2019exercici f\u00edsic, els canvis diet\u00e8tics, els viatges, les malalties, l\u2019estr\u00e8s, la temperatura corporal, la ingesta d\u2019alcohol, el tabac, els f\u00e0rmacs, situacions cl\u00edniques puntuals, entre altres&#8221;.<\/p>\n\n\n\n<h2 class=\"wp-block-heading\"><strong>Classificaci\u00f3, conservaci\u00f3 i tipologies de plomes<\/strong><\/h2>\n\n\n\n<p>Pel que fa a la classificaci\u00f3 d&#8217;insulines, Lucas va explicar que hi ha tres grans criteris, segons: <strong>l\u2019estructura<\/strong>, humana o an\u00e0legs; la <strong>farmacocin\u00e8tica<\/strong>, r\u00e0pida, interm\u00e8dia, perllongada o barreges; i els <strong>sistemes d\u2019administraci\u00f3<\/strong>, vials, cartutx, smart pen, plomes, bomba infusi\u00f3, etc. Sobre la <strong>conservaci\u00f3 dels dispositius d\u2019administraci\u00f3 d\u2019insulines<\/strong>, la farmac\u00e8utica va recomanar conservar les <strong>no encetades<\/strong> a la nevera (2 \u00b0C i 8 \u00b0C), l<strong>es encetades<\/strong> a temperatura ambient fins a 28 \u00b0C i fins a un m\u00e0xim de 4-8 setmanes segons la fitxa t\u00e8cnica i va aconsellar no congelar-les.<\/p>\n\n\n\n<figure class=\"wp-block-image size-large\"><a href=\"https:\/\/blog.cofb.cat\/wp-content\/uploads\/2023\/03\/COFB_TALLER-INSULINES_21032023_3-scaled.jpg\" target=\"_blank\" rel=\"noopener\"><img decoding=\"async\" src=\"https:\/\/blog.cofb.cat\/wp-content\/uploads\/2023\/03\/COFB_TALLER-INSULINES_21032023_3-1024x576.jpg\" alt=\"\" class=\"wp-image-66495\"\/><\/a><\/figure>\n\n\n\n<p>En refer\u00e8ncia a la <strong>classificaci\u00f3 dels dispositius d\u2019insulina<\/strong>, l\u2019experta en farm\u00e0cia assistencial va diferenciar entre les <strong>plomes d\u2019un sol \u00fas <\/strong>, les <strong>plomes amb cartutx <\/strong>. Tamb\u00e9 va repassar <strong>altres dispositius<\/strong> com els cartux; el Pumcart, per bomba d\u2019insulina; o el pegat de monitoratge de glic\u00e8mia. Durant la formaci\u00f3, tots els assistents van comptar amb un <strong>lot complet d\u2019insulines<\/strong>, amb el qual van fer les pr\u00e0ctiques.<\/p>\n\n\n\n<h2 class=\"wp-block-heading\"><strong>Intervenci\u00f3 des de la farm\u00e0cia comunit\u00e0ria<\/strong><\/h2>\n\n\n\n<p>Sobre la intervenci\u00f3 i atenci\u00f3 al pacient des de la farm\u00e0cia comunit\u00e0ria, Lucas va detallar quins pacients acudiran: \u201cens podem trobar amb pacient amb <strong>diabetis tipus 1<\/strong>; <strong>diab\u00e8tics amb un diagn\u00f2stic d\u2019hemoglobina aplicada per sobre de nou<\/strong>; <strong>pacients amb alt frac\u00e0s terap\u00e8utic amb altres antidiab\u00e8tics<\/strong>, que ja han fet l\u2019escalat de doble o triple ter\u00e0pia i, tot i aix\u00f2, no es controlen el sucre; pacients amb diabetis per<strong> embar\u00e0s<\/strong>; <strong>diabetis estacional<\/strong>; <strong>descompensacions hipergluc\u00e8miques agudes<\/strong>, sobretot en el tipus 2 que estan mal controlats; <strong>pacients amb altres malalties intercurrents<\/strong>, en qu\u00e8 el pacient no \u00e9s diab\u00e8tic, per\u00f2 a causa d\u2019altres patologies que t\u00e9, acaba descontrolant-se el nivell del sucre i tamb\u00e9 per determinats f\u00e0rmacs, hi ha pacients que amb <strong>radioter\u00e0pia i amb segons quins tractaments oncol\u00f2gics<\/strong> tamb\u00e9 arriben a veure\u2019s descompensats durant un temps els nivells de sucre&#8221;.<\/p>\n\n\n\n<figure class=\"wp-block-image size-large\"><a href=\"https:\/\/blog.cofb.cat\/wp-content\/uploads\/2023\/03\/COFB_TALLER-INSULINES_21032023_5.jpg\" target=\"_blank\" rel=\"noopener\"><img decoding=\"async\" src=\"https:\/\/blog.cofb.cat\/wp-content\/uploads\/2023\/03\/COFB_TALLER-INSULINES_21032023_5-1024x576.jpg\" alt=\"\" class=\"wp-image-66496\"\/><\/a><\/figure>\n\n\n\n<p>Finalment, Lucas va compartir alguns aspectes que cal tenir en compte en les <strong>dispensacions des de l\u2019oficina de farm\u00e0cia <\/strong>com saber des de quan es punxa el pacient, si utilitza ploma, si tenen lipohiperdistr\u00f2fies o lipoatr\u00f2fies, les agulles, el glucag\u00f3, la conservaci\u00f3 i l\u2019hemoglobina glicada.<\/p>\n\n\n\n<div class=\"wp-block-columns is-layout-flex wp-container-core-columns-is-layout-28f84493 wp-block-columns-is-layout-flex\">\n<div class=\"wp-block-column is-layout-flow wp-block-column-is-layout-flow\"><\/div>\n\n\n\n<div class=\"wp-block-column is-layout-flow wp-block-column-is-layout-flow\"><\/div>\n\n\n\n<div class=\"wp-block-column is-layout-flow wp-block-column-is-layout-flow\">\n<p class=\"has-text-align-right\"><strong>Amb el patrocini de:<\/strong><\/p>\n\n\n\n<p> <figure class=\"wp-block-image alignright size-thumbnail\"><a rel=\"noopener\" href=\"https:\/\/www.novonordisk.es\/\" target=\"_blank\"><img decoding=\"async\" class=\"wp-image-66485\" src=\"https:\/\/blog.cofb.cat\/wp-content\/uploads\/2023\/03\/NOVO-NORDISK_logo_transparent-150x109.png\" alt=\"\"><\/a><\/figure> <\/p>\n<\/div>\n<\/div>\n\n\n\n<p><\/p>\n","protected":false},"excerpt":{"rendered":"<p>El passat 1 de mar\u00e7, el Col\u00b7legi de Farmac\u00e8utics de Barcelona (COFB) va organitzar el &#8220;Taller d&#8217;insulines i dispositius d&#8217;administraci\u00f3\u201d, amb el patrocini de Novo Nordisk. La farmac\u00e8utica comunit\u00e0ria, experta en atenci\u00f3 farmac\u00e8utica i farm\u00e0cia assistencial, a m\u00e9s de fundadora de Farmaval, Cristina Lucas, va impartir el taller dirigit a [&hellip;]<\/p>\n","protected":false},"author":1,"featured_media":67710,"comment_status":"open","ping_status":"open","sticky":false,"template":"","format":"standard","meta":{"_uag_custom_page_level_css":"","site-sidebar-layout":"default","site-content-layout":"","ast-site-content-layout":"default","site-content-style":"default","site-sidebar-style":"default","ast-global-header-display":"","ast-banner-title-visibility":"","ast-main-header-display":"","ast-hfb-above-header-display":"","ast-hfb-below-header-display":"","ast-hfb-mobile-header-display":"","site-post-title":"","ast-breadcrumbs-content":"","ast-featured-img":"disabled","footer-sml-layout":"","theme-transparent-header-meta":"","adv-header-id-meta":"","stick-header-meta":"","header-above-stick-meta":"","header-main-stick-meta":"","header-below-stick-meta":"","astra-migrate-meta-layouts":"default","ast-page-background-enabled":"default","ast-page-background-meta":{"desktop":{"background-color":"var(--ast-global-color-4)","background-image":"","background-repeat":"repeat","background-position":"center center","background-size":"auto","background-attachment":"scroll","background-type":"","background-media":"","overlay-type":"","overlay-color":"","overlay-opacity":"","overlay-gradient":""},"tablet":{"background-color":"","background-image":"","background-repeat":"repeat","background-position":"center center","background-size":"auto","background-attachment":"scroll","background-type":"","background-media":"","overlay-type":"","overlay-color":"","overlay-opacity":"","overlay-gradient":""},"mobile":{"background-color":"","background-image":"","background-repeat":"repeat","background-position":"center center","background-size":"auto","background-attachment":"scroll","background-type":"","background-media":"","overlay-type":"","overlay-color":"","overlay-opacity":"","overlay-gradient":""}},"ast-content-background-meta":{"desktop":{"background-color":"var(--ast-global-color-5)","background-image":"","background-repeat":"repeat","background-position":"center center","background-size":"auto","background-attachment":"scroll","background-type":"","background-media":"","overlay-type":"","overlay-color":"","overlay-opacity":"","overlay-gradient":""},"tablet":{"background-color":"var(--ast-global-color-5)","background-image":"","background-repeat":"repeat","background-position":"center center","background-size":"auto","background-attachment":"scroll","background-type":"","background-media":"","overlay-type":"","overlay-color":"","overlay-opacity":"","overlay-gradient":""},"mobile":{"background-color":"var(--ast-global-color-5)","background-image":"","background-repeat":"repeat","background-position":"center center","background-size":"auto","background-attachment":"scroll","background-type":"","background-media":"","overlay-type":"","overlay-color":"","overlay-opacity":"","overlay-gradient":""}},"footnotes":""},"categories":[23,57],"tags":[64,18,19,197,198,199,53,68,113,69,70,200,201,202,203,76,204,205,206,207],"class_list":["post-66482","post","type-post","status-publish","format-standard","has-post-thumbnail","hentry","category-destacats","category-mon-collegial","tag-atencio-farmaceutica","tag-cofb","tag-collegi-de-farmaceutics-de-barcelona","tag-diabetis","tag-dispensacio-oficina-de-farmacia","tag-dispositius-dadministracio","tag-farmaceutics","tag-farmacia","tag-farmacia-assistencial","tag-farmacia-comunitaria","tag-formacio","tag-glucemia","tag-glucosa","tag-insulines","tag-maneig-dels-dispositius","tag-oficina-de-farmacia","tag-plomes","tag-sistemes-dadministracio","tag-taller","tag-taller-insulines"],"yoast_head":"<!-- This site is optimized with the Yoast SEO plugin v22.4 - https:\/\/yoast.com\/wordpress\/plugins\/seo\/ -->\n<title>Farmac\u00e8utics comunitaris s&#039;actualitzen al COFB en el maneig de dispositius d&#039;administraci\u00f3 d&#039;insulines - Col\u00b7legi de Farmac\u00e8utics de Barcelona<\/title>\n<meta name=\"description\" content=\"El COFB va organitzar el &quot;Taller d&#039;insulines i dispositius d&#039;administraci\u00f3\u201d, amb el patrocini de Novo Nordisk\" \/>\n<meta name=\"robots\" content=\"index, follow, max-snippet:-1, max-image-preview:large, max-video-preview:-1\" \/>\n<link rel=\"canonical\" href=\"https:\/\/novaorg.cofb.net\/2023\/03\/22\/farmaceutics-comunitaris-sactualitzen-al-cofb-en-el-maneig-de-dispositius-dadministracio-dinsulines\/\" \/>\n<meta property=\"og:locale\" content=\"ca_ES\" \/>\n<meta property=\"og:type\" content=\"article\" \/>\n<meta property=\"og:title\" content=\"Farmac\u00e8utics comunitaris s&#039;actualitzen al COFB en el maneig de dispositius d&#039;administraci\u00f3 d&#039;insulines - Col\u00b7legi de Farmac\u00e8utics de Barcelona\" \/>\n<meta property=\"og:description\" content=\"El COFB va organitzar el &quot;Taller d&#039;insulines i dispositius d&#039;administraci\u00f3\u201d, amb el patrocini de Novo Nordisk\" \/>\n<meta property=\"og:url\" content=\"https:\/\/novaorg.cofb.net\/2023\/03\/22\/farmaceutics-comunitaris-sactualitzen-al-cofb-en-el-maneig-de-dispositius-dadministracio-dinsulines\/\" \/>\n<meta property=\"og:site_name\" content=\"Col\u00b7legi de Farmac\u00e8utics de Barcelona\" \/>\n<meta property=\"article:publisher\" content=\"https:\/\/www.facebook.com\/farmaceuticsbcn\/\" \/>\n<meta property=\"article:published_time\" content=\"2023-03-22T16:02:52+00:00\" \/>\n<meta property=\"article:modified_time\" content=\"2023-10-09T10:18:25+00:00\" \/>\n<meta property=\"og:image\" content=\"https:\/\/novaorg.cofb.net\/wp-content\/uploads\/2023\/07\/COFB_TALLER-INSULINES_21032023_2-scaled-1.jpg\" \/>\n\t<meta property=\"og:image:width\" content=\"2560\" \/>\n\t<meta property=\"og:image:height\" content=\"1440\" \/>\n\t<meta property=\"og:image:type\" content=\"image\/jpeg\" \/>\n<meta name=\"author\" content=\"wpAdminCofbOrg\" \/>\n<meta name=\"twitter:card\" content=\"summary_large_image\" \/>\n<meta name=\"twitter:creator\" content=\"@farmaceuticsbcn\" \/>\n<meta name=\"twitter:site\" content=\"@farmaceuticsbcn\" \/>\n<meta name=\"twitter:label1\" content=\"Escrit per\" \/>\n\t<meta name=\"twitter:data1\" content=\"wpAdminCofbOrg\" \/>\n\t<meta name=\"twitter:label2\" content=\"Temps estimat de lectura\" \/>\n\t<meta name=\"twitter:data2\" content=\"4 minuts\" \/>\n<script type=\"application\/ld+json\" class=\"yoast-schema-graph\">{\"@context\":\"https:\/\/schema.org\",\"@graph\":[{\"@type\":\"Article\",\"@id\":\"https:\/\/novaorg.cofb.net\/2023\/03\/22\/farmaceutics-comunitaris-sactualitzen-al-cofb-en-el-maneig-de-dispositius-dadministracio-dinsulines\/#article\",\"isPartOf\":{\"@id\":\"https:\/\/novaorg.cofb.net\/2023\/03\/22\/farmaceutics-comunitaris-sactualitzen-al-cofb-en-el-maneig-de-dispositius-dadministracio-dinsulines\/\"},\"author\":{\"name\":\"wpAdminCofbOrg\",\"@id\":\"https:\/\/www.cofb.org\/#\/schema\/person\/22ed7eea88da74b0fa4d3154ad87ffcb\"},\"headline\":\"Farmac\u00e8utics comunitaris s&#8217;actualitzen al COFB en el maneig de dispositius d&#8217;administraci\u00f3 d&#8217;insulines\",\"datePublished\":\"2023-03-22T16:02:52+00:00\",\"dateModified\":\"2023-10-09T10:18:25+00:00\",\"mainEntityOfPage\":{\"@id\":\"https:\/\/novaorg.cofb.net\/2023\/03\/22\/farmaceutics-comunitaris-sactualitzen-al-cofb-en-el-maneig-de-dispositius-dadministracio-dinsulines\/\"},\"wordCount\":694,\"commentCount\":0,\"publisher\":{\"@id\":\"https:\/\/www.cofb.org\/#organization\"},\"image\":{\"@id\":\"https:\/\/novaorg.cofb.net\/2023\/03\/22\/farmaceutics-comunitaris-sactualitzen-al-cofb-en-el-maneig-de-dispositius-dadministracio-dinsulines\/#primaryimage\"},\"thumbnailUrl\":\"https:\/\/www.cofb.org\/wp-content\/uploads\/2023\/07\/COFB_TALLER-INSULINES_21032023_2-scaled-1.jpg\",\"keywords\":[\"Atenci\u00f3 farmac\u00e8utica\",\"COFB\",\"Col\u00b7legi de Farmac\u00e8utics de Barcelona\",\"diabetis\",\"dispensaci\u00f3 oficina de farm\u00e0cia\",\"dispositius d&#039;administraci\u00f3\",\"farmac\u00e8utics\",\"Farm\u00e0cia\",\"farm\u00e0cia assistencial\",\"farm\u00e0cia comunit\u00e0ria\",\"Formaci\u00f3\",\"gluc\u00e8mia\",\"glucosa\",\"insulines\",\"maneig dels dispositius\",\"Oficina de farm\u00e0cia\",\"plomes\",\"sistemes d&#039;administraci\u00f3\",\"taller\",\"taller insulines\"],\"articleSection\":[\"Destacats\",\"M\u00f3n col\u00b7legial\"],\"inLanguage\":\"ca\",\"potentialAction\":[{\"@type\":\"CommentAction\",\"name\":\"Comment\",\"target\":[\"https:\/\/novaorg.cofb.net\/2023\/03\/22\/farmaceutics-comunitaris-sactualitzen-al-cofb-en-el-maneig-de-dispositius-dadministracio-dinsulines\/#respond\"]}]},{\"@type\":\"WebPage\",\"@id\":\"https:\/\/novaorg.cofb.net\/2023\/03\/22\/farmaceutics-comunitaris-sactualitzen-al-cofb-en-el-maneig-de-dispositius-dadministracio-dinsulines\/\",\"url\":\"https:\/\/novaorg.cofb.net\/2023\/03\/22\/farmaceutics-comunitaris-sactualitzen-al-cofb-en-el-maneig-de-dispositius-dadministracio-dinsulines\/\",\"name\":\"Farmac\u00e8utics comunitaris s'actualitzen al COFB en el maneig de dispositius d'administraci\u00f3 d'insulines - Col\u00b7legi de Farmac\u00e8utics de Barcelona\",\"isPartOf\":{\"@id\":\"https:\/\/www.cofb.org\/#website\"},\"primaryImageOfPage\":{\"@id\":\"https:\/\/novaorg.cofb.net\/2023\/03\/22\/farmaceutics-comunitaris-sactualitzen-al-cofb-en-el-maneig-de-dispositius-dadministracio-dinsulines\/#primaryimage\"},\"image\":{\"@id\":\"https:\/\/novaorg.cofb.net\/2023\/03\/22\/farmaceutics-comunitaris-sactualitzen-al-cofb-en-el-maneig-de-dispositius-dadministracio-dinsulines\/#primaryimage\"},\"thumbnailUrl\":\"https:\/\/www.cofb.org\/wp-content\/uploads\/2023\/07\/COFB_TALLER-INSULINES_21032023_2-scaled-1.jpg\",\"datePublished\":\"2023-03-22T16:02:52+00:00\",\"dateModified\":\"2023-10-09T10:18:25+00:00\",\"description\":\"El COFB va organitzar el \\\"Taller d'insulines i dispositius d'administraci\u00f3\u201d, amb el patrocini de Novo Nordisk\",\"breadcrumb\":{\"@id\":\"https:\/\/novaorg.cofb.net\/2023\/03\/22\/farmaceutics-comunitaris-sactualitzen-al-cofb-en-el-maneig-de-dispositius-dadministracio-dinsulines\/#breadcrumb\"},\"inLanguage\":\"ca\",\"potentialAction\":[{\"@type\":\"ReadAction\",\"target\":[\"https:\/\/novaorg.cofb.net\/2023\/03\/22\/farmaceutics-comunitaris-sactualitzen-al-cofb-en-el-maneig-de-dispositius-dadministracio-dinsulines\/\"]}]},{\"@type\":\"ImageObject\",\"inLanguage\":\"ca\",\"@id\":\"https:\/\/novaorg.cofb.net\/2023\/03\/22\/farmaceutics-comunitaris-sactualitzen-al-cofb-en-el-maneig-de-dispositius-dadministracio-dinsulines\/#primaryimage\",\"url\":\"https:\/\/www.cofb.org\/wp-content\/uploads\/2023\/07\/COFB_TALLER-INSULINES_21032023_2-scaled-1.jpg\",\"contentUrl\":\"https:\/\/www.cofb.org\/wp-content\/uploads\/2023\/07\/COFB_TALLER-INSULINES_21032023_2-scaled-1.jpg\",\"width\":2560,\"height\":1440},{\"@type\":\"BreadcrumbList\",\"@id\":\"https:\/\/novaorg.cofb.net\/2023\/03\/22\/farmaceutics-comunitaris-sactualitzen-al-cofb-en-el-maneig-de-dispositius-dadministracio-dinsulines\/#breadcrumb\",\"itemListElement\":[{\"@type\":\"ListItem\",\"position\":1,\"name\":\"Inici\",\"item\":\"https:\/\/novaorg.cofb.net\/\"},{\"@type\":\"ListItem\",\"position\":2,\"name\":\"Farmac\u00e8utics comunitaris s&#8217;actualitzen al COFB en el maneig de dispositius d&#8217;administraci\u00f3 d&#8217;insulines\"}]},{\"@type\":\"WebSite\",\"@id\":\"https:\/\/www.cofb.org\/#website\",\"url\":\"https:\/\/www.cofb.org\/\",\"name\":\"Col\u00b7legi de Farmac\u00e8utics de Barcelona\",\"description\":\"\",\"publisher\":{\"@id\":\"https:\/\/www.cofb.org\/#organization\"},\"potentialAction\":[{\"@type\":\"SearchAction\",\"target\":{\"@type\":\"EntryPoint\",\"urlTemplate\":\"https:\/\/www.cofb.org\/?s={search_term_string}\"},\"query-input\":\"required name=search_term_string\"}],\"inLanguage\":\"ca\"},{\"@type\":\"Organization\",\"@id\":\"https:\/\/www.cofb.org\/#organization\",\"name\":\"Col\u00b7legi de Farmac\u00e8utics de Barcelona\",\"url\":\"https:\/\/www.cofb.org\/\",\"logo\":{\"@type\":\"ImageObject\",\"inLanguage\":\"ca\",\"@id\":\"https:\/\/www.cofb.org\/#\/schema\/logo\/image\/\",\"url\":\"https:\/\/www.cofb.org\/wp-content\/uploads\/2023\/11\/cropped-Logotip-COFB.png\",\"contentUrl\":\"https:\/\/www.cofb.org\/wp-content\/uploads\/2023\/11\/cropped-Logotip-COFB.png\",\"width\":500,\"height\":105,\"caption\":\"Col\u00b7legi de Farmac\u00e8utics de Barcelona\"},\"image\":{\"@id\":\"https:\/\/www.cofb.org\/#\/schema\/logo\/image\/\"},\"sameAs\":[\"https:\/\/www.facebook.com\/farmaceuticsbcn\/\",\"https:\/\/twitter.com\/farmaceuticsbcn\",\"https:\/\/www.instagram.com\/farmaceuticsbcn\/\",\"https:\/\/www.linkedin.com\/company\/farmaceuticsbcn\/\"]},{\"@type\":\"Person\",\"@id\":\"https:\/\/www.cofb.org\/#\/schema\/person\/22ed7eea88da74b0fa4d3154ad87ffcb\",\"name\":\"wpAdminCofbOrg\",\"image\":{\"@type\":\"ImageObject\",\"inLanguage\":\"ca\",\"@id\":\"https:\/\/www.cofb.org\/#\/schema\/person\/image\/\",\"url\":\"https:\/\/secure.gravatar.com\/avatar\/1721b20b3b8ca882c3b56ec6c978c594fff670e40c0718e9190eaeeb76aae7d8?s=96&d=mm&r=g\",\"contentUrl\":\"https:\/\/secure.gravatar.com\/avatar\/1721b20b3b8ca882c3b56ec6c978c594fff670e40c0718e9190eaeeb76aae7d8?s=96&d=mm&r=g\",\"caption\":\"wpAdminCofbOrg\"},\"sameAs\":[\"http:\/\/192.168.64.122\/wordpress\"],\"url\":\"https:\/\/www.cofb.org\/ca\/author\/wpadmincofborg\/\"}]}<\/script>\n<!-- \/ Yoast SEO plugin. -->","yoast_head_json":{"title":"Farmac\u00e8utics comunitaris s'actualitzen al COFB en el maneig de dispositius d'administraci\u00f3 d'insulines - Col\u00b7legi de Farmac\u00e8utics de Barcelona","description":"El COFB va organitzar el \"Taller d'insulines i dispositius d'administraci\u00f3\u201d, amb el patrocini de Novo Nordisk","robots":{"index":"index","follow":"follow","max-snippet":"max-snippet:-1","max-image-preview":"max-image-preview:large","max-video-preview":"max-video-preview:-1"},"canonical":"https:\/\/novaorg.cofb.net\/2023\/03\/22\/farmaceutics-comunitaris-sactualitzen-al-cofb-en-el-maneig-de-dispositius-dadministracio-dinsulines\/","og_locale":"ca_ES","og_type":"article","og_title":"Farmac\u00e8utics comunitaris s'actualitzen al COFB en el maneig de dispositius d'administraci\u00f3 d'insulines - Col\u00b7legi de Farmac\u00e8utics de Barcelona","og_description":"El COFB va organitzar el \"Taller d'insulines i dispositius d'administraci\u00f3\u201d, amb el patrocini de Novo Nordisk","og_url":"https:\/\/novaorg.cofb.net\/2023\/03\/22\/farmaceutics-comunitaris-sactualitzen-al-cofb-en-el-maneig-de-dispositius-dadministracio-dinsulines\/","og_site_name":"Col\u00b7legi de Farmac\u00e8utics de Barcelona","article_publisher":"https:\/\/www.facebook.com\/farmaceuticsbcn\/","article_published_time":"2023-03-22T16:02:52+00:00","article_modified_time":"2023-10-09T10:18:25+00:00","og_image":[{"width":2560,"height":1440,"url":"https:\/\/novaorg.cofb.net\/wp-content\/uploads\/2023\/07\/COFB_TALLER-INSULINES_21032023_2-scaled-1.jpg","type":"image\/jpeg"}],"author":"wpAdminCofbOrg","twitter_card":"summary_large_image","twitter_creator":"@farmaceuticsbcn","twitter_site":"@farmaceuticsbcn","twitter_misc":{"Escrit per":"wpAdminCofbOrg","Temps estimat de lectura":"4 minuts"},"schema":{"@context":"https:\/\/schema.org","@graph":[{"@type":"Article","@id":"https:\/\/novaorg.cofb.net\/2023\/03\/22\/farmaceutics-comunitaris-sactualitzen-al-cofb-en-el-maneig-de-dispositius-dadministracio-dinsulines\/#article","isPartOf":{"@id":"https:\/\/novaorg.cofb.net\/2023\/03\/22\/farmaceutics-comunitaris-sactualitzen-al-cofb-en-el-maneig-de-dispositius-dadministracio-dinsulines\/"},"author":{"name":"wpAdminCofbOrg","@id":"https:\/\/www.cofb.org\/#\/schema\/person\/22ed7eea88da74b0fa4d3154ad87ffcb"},"headline":"Farmac\u00e8utics comunitaris s&#8217;actualitzen al COFB en el maneig de dispositius d&#8217;administraci\u00f3 d&#8217;insulines","datePublished":"2023-03-22T16:02:52+00:00","dateModified":"2023-10-09T10:18:25+00:00","mainEntityOfPage":{"@id":"https:\/\/novaorg.cofb.net\/2023\/03\/22\/farmaceutics-comunitaris-sactualitzen-al-cofb-en-el-maneig-de-dispositius-dadministracio-dinsulines\/"},"wordCount":694,"commentCount":0,"publisher":{"@id":"https:\/\/www.cofb.org\/#organization"},"image":{"@id":"https:\/\/novaorg.cofb.net\/2023\/03\/22\/farmaceutics-comunitaris-sactualitzen-al-cofb-en-el-maneig-de-dispositius-dadministracio-dinsulines\/#primaryimage"},"thumbnailUrl":"https:\/\/www.cofb.org\/wp-content\/uploads\/2023\/07\/COFB_TALLER-INSULINES_21032023_2-scaled-1.jpg","keywords":["Atenci\u00f3 farmac\u00e8utica","COFB","Col\u00b7legi de Farmac\u00e8utics de Barcelona","diabetis","dispensaci\u00f3 oficina de farm\u00e0cia","dispositius d&#039;administraci\u00f3","farmac\u00e8utics","Farm\u00e0cia","farm\u00e0cia assistencial","farm\u00e0cia comunit\u00e0ria","Formaci\u00f3","gluc\u00e8mia","glucosa","insulines","maneig dels dispositius","Oficina de farm\u00e0cia","plomes","sistemes d&#039;administraci\u00f3","taller","taller insulines"],"articleSection":["Destacats","M\u00f3n col\u00b7legial"],"inLanguage":"ca","potentialAction":[{"@type":"CommentAction","name":"Comment","target":["https:\/\/novaorg.cofb.net\/2023\/03\/22\/farmaceutics-comunitaris-sactualitzen-al-cofb-en-el-maneig-de-dispositius-dadministracio-dinsulines\/#respond"]}]},{"@type":"WebPage","@id":"https:\/\/novaorg.cofb.net\/2023\/03\/22\/farmaceutics-comunitaris-sactualitzen-al-cofb-en-el-maneig-de-dispositius-dadministracio-dinsulines\/","url":"https:\/\/novaorg.cofb.net\/2023\/03\/22\/farmaceutics-comunitaris-sactualitzen-al-cofb-en-el-maneig-de-dispositius-dadministracio-dinsulines\/","name":"Farmac\u00e8utics comunitaris s'actualitzen al COFB en el maneig de dispositius d'administraci\u00f3 d'insulines - Col\u00b7legi de Farmac\u00e8utics de Barcelona","isPartOf":{"@id":"https:\/\/www.cofb.org\/#website"},"primaryImageOfPage":{"@id":"https:\/\/novaorg.cofb.net\/2023\/03\/22\/farmaceutics-comunitaris-sactualitzen-al-cofb-en-el-maneig-de-dispositius-dadministracio-dinsulines\/#primaryimage"},"image":{"@id":"https:\/\/novaorg.cofb.net\/2023\/03\/22\/farmaceutics-comunitaris-sactualitzen-al-cofb-en-el-maneig-de-dispositius-dadministracio-dinsulines\/#primaryimage"},"thumbnailUrl":"https:\/\/www.cofb.org\/wp-content\/uploads\/2023\/07\/COFB_TALLER-INSULINES_21032023_2-scaled-1.jpg","datePublished":"2023-03-22T16:02:52+00:00","dateModified":"2023-10-09T10:18:25+00:00","description":"El COFB va organitzar el \"Taller d'insulines i dispositius d'administraci\u00f3\u201d, amb el patrocini de Novo Nordisk","breadcrumb":{"@id":"https:\/\/novaorg.cofb.net\/2023\/03\/22\/farmaceutics-comunitaris-sactualitzen-al-cofb-en-el-maneig-de-dispositius-dadministracio-dinsulines\/#breadcrumb"},"inLanguage":"ca","potentialAction":[{"@type":"ReadAction","target":["https:\/\/novaorg.cofb.net\/2023\/03\/22\/farmaceutics-comunitaris-sactualitzen-al-cofb-en-el-maneig-de-dispositius-dadministracio-dinsulines\/"]}]},{"@type":"ImageObject","inLanguage":"ca","@id":"https:\/\/novaorg.cofb.net\/2023\/03\/22\/farmaceutics-comunitaris-sactualitzen-al-cofb-en-el-maneig-de-dispositius-dadministracio-dinsulines\/#primaryimage","url":"https:\/\/www.cofb.org\/wp-content\/uploads\/2023\/07\/COFB_TALLER-INSULINES_21032023_2-scaled-1.jpg","contentUrl":"https:\/\/www.cofb.org\/wp-content\/uploads\/2023\/07\/COFB_TALLER-INSULINES_21032023_2-scaled-1.jpg","width":2560,"height":1440},{"@type":"BreadcrumbList","@id":"https:\/\/novaorg.cofb.net\/2023\/03\/22\/farmaceutics-comunitaris-sactualitzen-al-cofb-en-el-maneig-de-dispositius-dadministracio-dinsulines\/#breadcrumb","itemListElement":[{"@type":"ListItem","position":1,"name":"Inici","item":"https:\/\/novaorg.cofb.net\/"},{"@type":"ListItem","position":2,"name":"Farmac\u00e8utics comunitaris s&#8217;actualitzen al COFB en el maneig de dispositius d&#8217;administraci\u00f3 d&#8217;insulines"}]},{"@type":"WebSite","@id":"https:\/\/www.cofb.org\/#website","url":"https:\/\/www.cofb.org\/","name":"Col\u00b7legi de Farmac\u00e8utics de Barcelona","description":"","publisher":{"@id":"https:\/\/www.cofb.org\/#organization"},"potentialAction":[{"@type":"SearchAction","target":{"@type":"EntryPoint","urlTemplate":"https:\/\/www.cofb.org\/?s={search_term_string}"},"query-input":"required name=search_term_string"}],"inLanguage":"ca"},{"@type":"Organization","@id":"https:\/\/www.cofb.org\/#organization","name":"Col\u00b7legi de Farmac\u00e8utics de Barcelona","url":"https:\/\/www.cofb.org\/","logo":{"@type":"ImageObject","inLanguage":"ca","@id":"https:\/\/www.cofb.org\/#\/schema\/logo\/image\/","url":"https:\/\/www.cofb.org\/wp-content\/uploads\/2023\/11\/cropped-Logotip-COFB.png","contentUrl":"https:\/\/www.cofb.org\/wp-content\/uploads\/2023\/11\/cropped-Logotip-COFB.png","width":500,"height":105,"caption":"Col\u00b7legi de Farmac\u00e8utics de Barcelona"},"image":{"@id":"https:\/\/www.cofb.org\/#\/schema\/logo\/image\/"},"sameAs":["https:\/\/www.facebook.com\/farmaceuticsbcn\/","https:\/\/twitter.com\/farmaceuticsbcn","https:\/\/www.instagram.com\/farmaceuticsbcn\/","https:\/\/www.linkedin.com\/company\/farmaceuticsbcn\/"]},{"@type":"Person","@id":"https:\/\/www.cofb.org\/#\/schema\/person\/22ed7eea88da74b0fa4d3154ad87ffcb","name":"wpAdminCofbOrg","image":{"@type":"ImageObject","inLanguage":"ca","@id":"https:\/\/www.cofb.org\/#\/schema\/person\/image\/","url":"https:\/\/secure.gravatar.com\/avatar\/1721b20b3b8ca882c3b56ec6c978c594fff670e40c0718e9190eaeeb76aae7d8?s=96&d=mm&r=g","contentUrl":"https:\/\/secure.gravatar.com\/avatar\/1721b20b3b8ca882c3b56ec6c978c594fff670e40c0718e9190eaeeb76aae7d8?s=96&d=mm&r=g","caption":"wpAdminCofbOrg"},"sameAs":["http:\/\/192.168.64.122\/wordpress"],"url":"https:\/\/www.cofb.org\/ca\/author\/wpadmincofborg\/"}]}},"uagb_featured_image_src":{"full":["https:\/\/www.cofb.org\/wp-content\/uploads\/2023\/07\/COFB_TALLER-INSULINES_21032023_2-scaled-1.jpg",2560,1440,false],"thumbnail":["https:\/\/www.cofb.org\/wp-content\/uploads\/2023\/07\/COFB_TALLER-INSULINES_21032023_2-scaled-1-150x150.jpg",150,150,true],"medium":["https:\/\/www.cofb.org\/wp-content\/uploads\/2023\/07\/COFB_TALLER-INSULINES_21032023_2-scaled-1-300x169.jpg",300,169,true],"medium_large":["https:\/\/www.cofb.org\/wp-content\/uploads\/2023\/07\/COFB_TALLER-INSULINES_21032023_2-scaled-1-768x432.jpg",768,432,true],"large":["https:\/\/www.cofb.org\/wp-content\/uploads\/2023\/07\/COFB_TALLER-INSULINES_21032023_2-scaled-1-1024x576.jpg",1024,576,true],"1536x1536":["https:\/\/www.cofb.org\/wp-content\/uploads\/2023\/07\/COFB_TALLER-INSULINES_21032023_2-scaled-1-1536x864.jpg",1536,864,true],"2048x2048":["https:\/\/www.cofb.org\/wp-content\/uploads\/2023\/07\/COFB_TALLER-INSULINES_21032023_2-scaled-1-2048x1152.jpg",2048,1152,true],"trp-custom-language-flag":["https:\/\/www.cofb.org\/wp-content\/uploads\/2023\/07\/COFB_TALLER-INSULINES_21032023_2-scaled-1.jpg",18,10,false]},"uagb_author_info":{"display_name":"wpAdminCofbOrg","author_link":"https:\/\/www.cofb.org\/ca\/author\/wpadmincofborg\/"},"uagb_comment_info":0,"uagb_excerpt":"El passat 1 de mar\u00e7, el Col\u00b7legi de Farmac\u00e8utics de Barcelona (COFB) va organitzar el &#8220;Taller d&#8217;insulines i dispositius d&#8217;administraci\u00f3\u201d, amb el patrocini de Novo Nordisk. La farmac\u00e8utica comunit\u00e0ria, experta en atenci\u00f3 farmac\u00e8utica i farm\u00e0cia assistencial, a m\u00e9s de fundadora de Farmaval, Cristina Lucas, va impartir el taller dirigit a [&hellip;]","_links":{"self":[{"href":"https:\/\/www.cofb.org\/ca\/wp-json\/wp\/v2\/posts\/66482","targetHints":{"allow":["GET"]}}],"collection":[{"href":"https:\/\/www.cofb.org\/ca\/wp-json\/wp\/v2\/posts"}],"about":[{"href":"https:\/\/www.cofb.org\/ca\/wp-json\/wp\/v2\/types\/post"}],"author":[{"embeddable":true,"href":"https:\/\/www.cofb.org\/ca\/wp-json\/wp\/v2\/users\/1"}],"replies":[{"embeddable":true,"href":"https:\/\/www.cofb.org\/ca\/wp-json\/wp\/v2\/comments?post=66482"}],"version-history":[{"count":2,"href":"https:\/\/www.cofb.org\/ca\/wp-json\/wp\/v2\/posts\/66482\/revisions"}],"predecessor-version":[{"id":68959,"href":"https:\/\/www.cofb.org\/ca\/wp-json\/wp\/v2\/posts\/66482\/revisions\/68959"}],"wp:featuredmedia":[{"embeddable":true,"href":"https:\/\/www.cofb.org\/ca\/wp-json\/wp\/v2\/media\/67710"}],"wp:attachment":[{"href":"https:\/\/www.cofb.org\/ca\/wp-json\/wp\/v2\/media?parent=66482"}],"wp:term":[{"taxonomy":"category","embeddable":true,"href":"https:\/\/www.cofb.org\/ca\/wp-json\/wp\/v2\/categories?post=66482"},{"taxonomy":"post_tag","embeddable":true,"href":"https:\/\/www.cofb.org\/ca\/wp-json\/wp\/v2\/tags?post=66482"}],"curies":[{"name":"wp","href":"https:\/\/api.w.org\/{rel}","templated":true}]}}