{"id":66351,"date":"2023-02-27T19:30:54","date_gmt":"2023-02-27T17:30:54","guid":{"rendered":"https:\/\/blog.cofb.cat\/?p=66351"},"modified":"2023-07-27T09:01:54","modified_gmt":"2023-07-27T09:01:54","slug":"cosmetica-solida-i-com-desenvolupar-aquesta-categoria-a-loficina-de-farmacia","status":"publish","type":"post","link":"https:\/\/www.cofb.org\/ca\/2023\/02\/27\/cosmetica-solida-i-com-desenvolupar-aquesta-categoria-a-loficina-de-farmacia\/","title":{"rendered":"Cosm\u00e8tica s\u00f2lida i com desenvolupar aquesta categoria a l\u2019oficina de farm\u00e0cia"},"content":{"rendered":"\n<p>El passat 15 de febrer, el <strong>Col\u00b7legi de Farmac\u00e8utics de Barcelona (COFB)<\/strong> va organitzar el <strong>F\u00f2rum Dermoexpert \u201cCosm\u00e8tica s\u00f2lida. Com desenvolupar aquesta nova categoria a la farmacia?\u201d<\/strong>, amb el patrocini de <strong><a href=\"https:\/\/www.klorane.com\/es-es\" target=\"_blank\" rel=\"noreferrer noopener\">Klorane<\/a>. <\/strong>Les ponents participants van ser la farmac\u00e8utica i <em>product manager<\/em> capil\u00b7lar de Laboratorios Klorane, <strong>Cristina Castillo<\/strong>; la farmac\u00e8utica i formadora de Pierre Fabre Academy, <strong>Aida Calero<\/strong>; i la farmac\u00e8utica, <strong>Laia Artigas<\/strong>. La vocal de Dermofarm\u00e0cia i Productes Sanitaris del COFB, <strong>Marta Alcalde<\/strong>, va moderar la sessi\u00f3.<\/p>\n\n\n\n<figure class=\"wp-block-image size-large\"><a href=\"https:\/\/blog.cofb.cat\/wp-content\/uploads\/2023\/02\/COFB_COSMETICA-SOLIDA_27022023_2_edited-scaled.jpg\" target=\"_blank\" rel=\"noopener\"><img decoding=\"async\" src=\"https:\/\/blog.cofb.cat\/wp-content\/uploads\/2023\/02\/COFB_COSMETICA-SOLIDA_27022023_2_edited-1024x557.jpg\" alt=\"Les tres ponents i la moderadora del F\u00f2rum Dermoexpert sobre la cosm\u00e8tica s\u00f2lida a l'oficina de farm\u00e0cia.\" class=\"wp-image-66367\" title=\"Les tres ponents i la moderadora del F\u00f2rum Dermoexpert sobre la cosm\u00e8tica s\u00f2lida a l'oficina de farm\u00e0cia.\"\/><\/a><figcaption class=\"wp-element-caption\">Les tres ponents i la moderadora del F\u00f2rum Dermoexpert sobre la cosm\u00e8tica s\u00f2lida a l&#8217;oficina de farm\u00e0cia.<\/figcaption><\/figure>\n\n\n\n<p>Els <strong>objectius <\/strong>de la sessi\u00f3 van ser con\u00e8ixer <strong>qu\u00e8 \u00e9s la cosm\u00e8tica s\u00f2lida<\/strong>, les <strong>caracter\u00edstiques<\/strong> i <strong>formulacions<\/strong>, els <strong>beneficis<\/strong> que aporta, saber si \u00e9s igual d\u2019<strong>efectiva<\/strong> que la cosm\u00e8tica tradicional i com es pot <strong>desenvolupar a la farm\u00e0cia<\/strong>.<\/p>\n\n\n\n<p>La vocal de Dermofarm\u00e0cia i Productes Sanitaris del COFB, <strong>Marta Alcalde<\/strong>, va presentar la jornada explicant que la <strong>cosm\u00e8tica s\u00f2lida<\/strong> \u00e9s una \u201c<strong>nova tend\u00e8ncia<\/strong> en el<strong> m\u00f3n del <em>beauty<\/em><\/strong> i de quina manera molts laboratoris i empreses estan utilitzant aquests productes per introduir-los al mercat\u201d.<\/p>\n\n\n\n<h2 class=\"wp-block-heading\"><strong>Caracter\u00edstiques de la cosm\u00e8tica s\u00f2lida<\/strong><\/h2>\n\n\n\n<p>La farmac\u00e8utica, <strong>Cristina Castillo<\/strong>, va descriure la <strong>cosm\u00e8tica s\u00f2lida<\/strong> com tots aquells \u201ccosm\u00e8tics que s\u2019elaboren <strong>sense aigua<\/strong> o amb un <strong>percentatge molt baix<\/strong>\u201d. Castillo va especificar quins s\u00f3n els <strong>beneficis<\/strong> que ofereix la cosm\u00e8tica s\u00f2lida o <em>waterless<\/em> (sense aigua) que s\u00f3n: \u201cpreservar l\u2019aigua, assolir l\u2019objectiu zero residus, una millor experi\u00e8ncia del consumidor i una compra intel\u00b7ligent\u201d.<\/p>\n\n\n\n<p>Seguidament, la farmac\u00e8utica i formadora de Pierre Fabre Academy, <strong>Aida Calero<\/strong>, va destacar el \u201c<strong>comprom\u00eds <em>waterless<\/em><\/strong><em>\u201d <\/em>que proporciona la cosm\u00e8tica s\u00f2lida, ja que \u201cdes de la fabricaci\u00f3 fins a la utilitzaci\u00f3 es pot estalviar des d\u2019un 80% d\u2019aigua fins a un 98%. <\/p>\n\n\n\n<figure class=\"wp-block-image size-large is-resized\"><a href=\"https:\/\/blog.cofb.cat\/wp-content\/uploads\/2023\/02\/COFB_COSMETICA-SOLIDA_27022023_4_edited-scaled.jpg\" target=\"_blank\" rel=\"noopener\"><img fetchpriority=\"high\" decoding=\"async\" src=\"https:\/\/blog.cofb.cat\/wp-content\/uploads\/2023\/02\/COFB_COSMETICA-SOLIDA_27022023_4_edited-1024x512.jpg\" alt=\" La farmac\u00e8utica i formadora de Pierre Fabre Academy, Aida Calero, durant la seva intervenci\u00f3. \" class=\"wp-image-66369\" width=\"840\" height=\"420\" title=\" La farmac\u00e8utica i formadora de Pierre Fabre Academy, Aida Calero, durant la seva intervenci\u00f3. \"\/><\/a><figcaption class=\"wp-element-caption\"> La farmac\u00e8utica i formadora de Pierre Fabre Academy, Aida Calero, durant la seva intervenci\u00f3. <\/figcaption><\/figure>\n\n\n\n<p>Pel que fa a la <strong>formulaci\u00f3<\/strong>, Calero va especificar que els productes s\u00f3n \u201c<strong>biodegradables<\/strong> i que tots els ingredients es degradaran amb el temps per una acci\u00f3 biol\u00f2gica i, d\u2019aquesta manera, aconseguim <strong>preservar l\u2019aigua<\/strong>\u201d. Va afegir que \u201camb la cosm\u00e8tica s\u00f2lida podem obtenir una major <strong>concentraci\u00f3 d\u2019actius<\/strong>, que es tradueix en una <strong>major efic\u00e0cia<\/strong>, i <strong>f\u00f3rmules m\u00e9s minimalistes<\/strong>\u201d.<\/p>\n\n\n\n<p>La cosm\u00e8tica s\u00f2lida tamb\u00e9 destaca per l\u2019<strong>embalatge<\/strong>, ja que \u201c\u00e9s <strong>100% reciclable<\/strong>\u201d, va assegurar la farmac\u00e8utica. A m\u00e9s a m\u00e9s, tamb\u00e9 va posar en valor el <strong>format de presentaci\u00f3 <\/strong>que ocupa menys que el de cosm\u00e8tica l\u00edquida i, per tant, es \u201c<strong>redueix l\u2019empremta en el seu transport<\/strong>\u201d.<\/p>\n\n\n\n<h2 class=\"wp-block-heading\"><strong>La cosm\u00e8tica s\u00f2lida a la farm\u00e0cia comunit\u00e0ria<\/strong><\/h2>\n\n\n\n<p>La farmac\u00e8utica, Laia Artigas va compartir l&#8217;enfoc de la seva oficina de farm\u00e0cia a l&#8217;hora d&#8217;abordar aquesta categoria. &#8220;Valorem molt l\u2019<strong>exposici\u00f3 dels productes<\/strong>&#8221; i  va destacar que \u00e9s molt important \u201cla <strong>visibilitat<\/strong> del producte i l\u2019embalatge, la <strong>sensorialitat<\/strong> i la <strong>cosmeticitat<\/strong>, en el sentit de gaudir l\u2019experi\u00e8ncia, les caracter\u00edstiques de <strong>naturalitat, sostenibilitat i biodegradabilitat<\/strong>, el <strong>format viatge<\/strong>&#8220;. <\/p>\n\n\n\n<figure class=\"wp-block-image size-large\"><a href=\"https:\/\/blog.cofb.cat\/wp-content\/uploads\/2023\/02\/COFB_COSMETICA-SOLIDA_27022023_5_edited-scaled.jpg\" target=\"_blank\" rel=\"noopener\"><img decoding=\"async\" src=\"https:\/\/blog.cofb.cat\/wp-content\/uploads\/2023\/02\/COFB_COSMETICA-SOLIDA_27022023_5_edited-1024x512.jpg\" alt=\"La farmac\u00e8utica, Laia Artigas, detallant la seva experi\u00e8ncia des de la farm\u00e0cia comunit\u00e0ria.\" class=\"wp-image-66370\" title=\"La farmac\u00e8utica, Laia Artigas, detallant la seva experi\u00e8ncia des de la farm\u00e0cia comunit\u00e0ria.\"\/><\/a><figcaption class=\"wp-element-caption\">La farmac\u00e8utica, Laia Artigas, detallant la seva experi\u00e8ncia des de la farm\u00e0cia comunit\u00e0ria.<\/figcaption><\/figure>\n\n\n\n<p>Artigas va recalcar que \u00e9s rellevant <strong>detectar les necessitats i coneixement dels clients<\/strong>. En el seu cas, un 90% dels seus clients s\u00f3n turistes estrangers i que aquest perfil de client s\u00f3n \u201c<strong>vanguardistes<\/strong> i <strong>responsables amb el medi ambient<\/strong>\u201d.<\/p>\n\n\n\n<figure class=\"wp-block-image size-large\"><a href=\"https:\/\/blog.cofb.cat\/wp-content\/uploads\/2023\/02\/COFB_COSMETICA-SOLIDA_27022023_3_edited-scaled.jpg\" target=\"_blank\" rel=\"noopener\"><img decoding=\"async\" src=\"https:\/\/blog.cofb.cat\/wp-content\/uploads\/2023\/02\/COFB_COSMETICA-SOLIDA_27022023_3_edited-1024x512.jpg\" alt=\"La farmac\u00e8utica, Cristina Castillo, durant la seva exposici\u00f3. \" class=\"wp-image-66368\" title=\"La farmac\u00e8utica, Cristina Castillo, durant la seva exposici\u00f3. \"\/><\/a><figcaption class=\"wp-element-caption\">La farmac\u00e8utica, Cristina Castillo, durant la seva exposici\u00f3. <\/figcaption><\/figure>\n\n\n\n<p>Finalment, la <em>product manager<\/em> capil\u00b7lar, <strong>Cristina Castillo,<\/strong> va intervenir de nou per abordar el <strong>desenvolupament de la cosm\u00e8tica s\u00f2lida en l\u2019oficina de farm\u00e0cia<\/strong>. Castillo va posar \u00e8mfasi en la import\u00e0ncia de la <strong>selecci\u00f3 de productes<\/strong>, la <strong>visibilitat<\/strong>, d\u2019<strong>atraure el consumidor<\/strong> i de <strong>formar a l\u2019equip<\/strong>.<\/p>\n\n\n\n<p class=\"has-text-align-right\"><strong>Amb el patrocini de:<\/strong><\/p>\n\n\n\n<figure class=\"wp-block-image alignright size-thumbnail\"><a href=\"https:\/\/www.klorane.com\/es-es\" target=\"_blank\" rel=\"noreferrer noopener\"><img decoding=\"async\" src=\"https:\/\/blog.cofb.cat\/wp-content\/uploads\/2023\/02\/KLORANE_alma_botanica_logo_transparent-150x60.png\" alt=\"\" class=\"wp-image-66356\"\/><\/a><\/figure>\n\n\n\n<p><\/p>\n\n\n\n<p><\/p>\n","protected":false},"excerpt":{"rendered":"<p>El passat 15 de febrer, el Col\u00b7legi de Farmac\u00e8utics de Barcelona (COFB) va organitzar el F\u00f2rum Dermoexpert \u201cCosm\u00e8tica s\u00f2lida. Com desenvolupar aquesta nova categoria a la farmacia?\u201d, amb el patrocini de Klorane. Les ponents participants van ser la farmac\u00e8utica i product manager capil\u00b7lar de Laboratorios Klorane, Cristina Castillo; la farmac\u00e8utica [&hellip;]<\/p>\n","protected":false},"author":1,"featured_media":67735,"comment_status":"open","ping_status":"open","sticky":false,"template":"","format":"standard","meta":{"_uag_custom_page_level_css":"","site-sidebar-layout":"default","site-content-layout":"","ast-site-content-layout":"default","site-content-style":"default","site-sidebar-style":"default","ast-global-header-display":"","ast-banner-title-visibility":"","ast-main-header-display":"","ast-hfb-above-header-display":"","ast-hfb-below-header-display":"","ast-hfb-mobile-header-display":"","site-post-title":"","ast-breadcrumbs-content":"","ast-featured-img":"disabled","footer-sml-layout":"","theme-transparent-header-meta":"","adv-header-id-meta":"","stick-header-meta":"","header-above-stick-meta":"","header-main-stick-meta":"","header-below-stick-meta":"","astra-migrate-meta-layouts":"default","ast-page-background-enabled":"default","ast-page-background-meta":{"desktop":{"background-color":"var(--ast-global-color-4)","background-image":"","background-repeat":"repeat","background-position":"center center","background-size":"auto","background-attachment":"scroll","background-type":"","background-media":"","overlay-type":"","overlay-color":"","overlay-opacity":"","overlay-gradient":""},"tablet":{"background-color":"","background-image":"","background-repeat":"repeat","background-position":"center center","background-size":"auto","background-attachment":"scroll","background-type":"","background-media":"","overlay-type":"","overlay-color":"","overlay-opacity":"","overlay-gradient":""},"mobile":{"background-color":"","background-image":"","background-repeat":"repeat","background-position":"center center","background-size":"auto","background-attachment":"scroll","background-type":"","background-media":"","overlay-type":"","overlay-color":"","overlay-opacity":"","overlay-gradient":""}},"ast-content-background-meta":{"desktop":{"background-color":"var(--ast-global-color-5)","background-image":"","background-repeat":"repeat","background-position":"center center","background-size":"auto","background-attachment":"scroll","background-type":"","background-media":"","overlay-type":"","overlay-color":"","overlay-opacity":"","overlay-gradient":""},"tablet":{"background-color":"var(--ast-global-color-5)","background-image":"","background-repeat":"repeat","background-position":"center center","background-size":"auto","background-attachment":"scroll","background-type":"","background-media":"","overlay-type":"","overlay-color":"","overlay-opacity":"","overlay-gradient":""},"mobile":{"background-color":"var(--ast-global-color-5)","background-image":"","background-repeat":"repeat","background-position":"center center","background-size":"auto","background-attachment":"scroll","background-type":"","background-media":"","overlay-type":"","overlay-color":"","overlay-opacity":"","overlay-gradient":""}},"footnotes":""},"categories":[23,57],"tags":[64,18,19,153,53,68,69,70,154,155,76,156],"class_list":["post-66351","post","type-post","status-publish","format-standard","has-post-thumbnail","hentry","category-destacats","category-mon-collegial","tag-atencio-farmaceutica","tag-cofb","tag-collegi-de-farmaceutics-de-barcelona","tag-cosmetica","tag-farmaceutics","tag-farmacia","tag-farmacia-comunitaria","tag-formacio","tag-formulacio","tag-forum-dermoexpert","tag-oficina-de-farmacia","tag-xampu"],"yoast_head":"<!-- This site is optimized with the Yoast SEO plugin v22.4 - https:\/\/yoast.com\/wordpress\/plugins\/seo\/ -->\n<title>Cosm\u00e8tica s\u00f2lida i com desenvolupar aquesta categoria a l\u2019oficina de farm\u00e0cia - Col\u00b7legi de Farmac\u00e8utics de Barcelona<\/title>\n<meta name=\"description\" content=\"El COFB va organitzar el F\u00f2rum Dermoexpert \u201cCosm\u00e8tica s\u00f2lida. Com desenvolupar aquesta nova categoria a la farmacia?\u201d\" \/>\n<meta name=\"robots\" content=\"index, follow, max-snippet:-1, max-image-preview:large, max-video-preview:-1\" \/>\n<link rel=\"canonical\" href=\"https:\/\/novaorg.cofb.net\/2023\/02\/27\/cosmetica-solida-i-com-desenvolupar-aquesta-categoria-a-loficina-de-farmacia\/\" \/>\n<meta property=\"og:locale\" content=\"ca_ES\" \/>\n<meta property=\"og:type\" content=\"article\" \/>\n<meta property=\"og:title\" content=\"Cosm\u00e8tica s\u00f2lida i com desenvolupar aquesta categoria a l\u2019oficina de farm\u00e0cia - Col\u00b7legi de Farmac\u00e8utics de Barcelona\" \/>\n<meta property=\"og:description\" content=\"El COFB va organitzar el F\u00f2rum Dermoexpert \u201cCosm\u00e8tica s\u00f2lida. Com desenvolupar aquesta nova categoria a la farmacia?\u201d\" \/>\n<meta property=\"og:url\" content=\"https:\/\/novaorg.cofb.net\/2023\/02\/27\/cosmetica-solida-i-com-desenvolupar-aquesta-categoria-a-loficina-de-farmacia\/\" \/>\n<meta property=\"og:site_name\" content=\"Col\u00b7legi de Farmac\u00e8utics de Barcelona\" \/>\n<meta property=\"article:publisher\" content=\"https:\/\/www.facebook.com\/farmaceuticsbcn\/\" \/>\n<meta property=\"article:published_time\" content=\"2023-02-27T17:30:54+00:00\" \/>\n<meta property=\"article:modified_time\" content=\"2023-07-27T09:01:54+00:00\" \/>\n<meta property=\"og:image\" content=\"https:\/\/novaorg.cofb.net\/wp-content\/uploads\/2023\/07\/COFB_COSMETICA-SOLIDA_27022023_2_edited-scaled-1.jpg\" \/>\n\t<meta property=\"og:image:width\" content=\"2560\" \/>\n\t<meta property=\"og:image:height\" content=\"1392\" \/>\n\t<meta property=\"og:image:type\" content=\"image\/jpeg\" \/>\n<meta name=\"author\" content=\"wpAdminCofbOrg\" \/>\n<meta name=\"twitter:card\" content=\"summary_large_image\" \/>\n<meta name=\"twitter:creator\" content=\"@farmaceuticsbcn\" \/>\n<meta name=\"twitter:site\" content=\"@farmaceuticsbcn\" \/>\n<meta name=\"twitter:label1\" content=\"Escrit per\" \/>\n\t<meta name=\"twitter:data1\" content=\"wpAdminCofbOrg\" \/>\n\t<meta name=\"twitter:label2\" content=\"Temps estimat de lectura\" \/>\n\t<meta name=\"twitter:data2\" content=\"4 minuts\" \/>\n<script type=\"application\/ld+json\" class=\"yoast-schema-graph\">{\"@context\":\"https:\/\/schema.org\",\"@graph\":[{\"@type\":\"Article\",\"@id\":\"https:\/\/novaorg.cofb.net\/2023\/02\/27\/cosmetica-solida-i-com-desenvolupar-aquesta-categoria-a-loficina-de-farmacia\/#article\",\"isPartOf\":{\"@id\":\"https:\/\/novaorg.cofb.net\/2023\/02\/27\/cosmetica-solida-i-com-desenvolupar-aquesta-categoria-a-loficina-de-farmacia\/\"},\"author\":{\"name\":\"wpAdminCofbOrg\",\"@id\":\"https:\/\/www.cofb.org\/#\/schema\/person\/22ed7eea88da74b0fa4d3154ad87ffcb\"},\"headline\":\"Cosm\u00e8tica s\u00f2lida i com desenvolupar aquesta categoria a l\u2019oficina de farm\u00e0cia\",\"datePublished\":\"2023-02-27T17:30:54+00:00\",\"dateModified\":\"2023-07-27T09:01:54+00:00\",\"mainEntityOfPage\":{\"@id\":\"https:\/\/novaorg.cofb.net\/2023\/02\/27\/cosmetica-solida-i-com-desenvolupar-aquesta-categoria-a-loficina-de-farmacia\/\"},\"wordCount\":681,\"commentCount\":0,\"publisher\":{\"@id\":\"https:\/\/www.cofb.org\/#organization\"},\"image\":{\"@id\":\"https:\/\/novaorg.cofb.net\/2023\/02\/27\/cosmetica-solida-i-com-desenvolupar-aquesta-categoria-a-loficina-de-farmacia\/#primaryimage\"},\"thumbnailUrl\":\"https:\/\/www.cofb.org\/wp-content\/uploads\/2023\/07\/COFB_COSMETICA-SOLIDA_27022023_2_edited-scaled-1.jpg\",\"keywords\":[\"Atenci\u00f3 farmac\u00e8utica\",\"COFB\",\"Col\u00b7legi de Farmac\u00e8utics de Barcelona\",\"cosm\u00e8tica\",\"farmac\u00e8utics\",\"Farm\u00e0cia\",\"farm\u00e0cia comunit\u00e0ria\",\"Formaci\u00f3\",\"formulaci\u00f3\",\"f\u00f2rum dermoexpert\",\"Oficina de farm\u00e0cia\",\"xamp\u00fa\"],\"articleSection\":[\"Destacats\",\"M\u00f3n col\u00b7legial\"],\"inLanguage\":\"ca\",\"potentialAction\":[{\"@type\":\"CommentAction\",\"name\":\"Comment\",\"target\":[\"https:\/\/novaorg.cofb.net\/2023\/02\/27\/cosmetica-solida-i-com-desenvolupar-aquesta-categoria-a-loficina-de-farmacia\/#respond\"]}]},{\"@type\":\"WebPage\",\"@id\":\"https:\/\/novaorg.cofb.net\/2023\/02\/27\/cosmetica-solida-i-com-desenvolupar-aquesta-categoria-a-loficina-de-farmacia\/\",\"url\":\"https:\/\/novaorg.cofb.net\/2023\/02\/27\/cosmetica-solida-i-com-desenvolupar-aquesta-categoria-a-loficina-de-farmacia\/\",\"name\":\"Cosm\u00e8tica s\u00f2lida i com desenvolupar aquesta categoria a l\u2019oficina de farm\u00e0cia - Col\u00b7legi de Farmac\u00e8utics de Barcelona\",\"isPartOf\":{\"@id\":\"https:\/\/www.cofb.org\/#website\"},\"primaryImageOfPage\":{\"@id\":\"https:\/\/novaorg.cofb.net\/2023\/02\/27\/cosmetica-solida-i-com-desenvolupar-aquesta-categoria-a-loficina-de-farmacia\/#primaryimage\"},\"image\":{\"@id\":\"https:\/\/novaorg.cofb.net\/2023\/02\/27\/cosmetica-solida-i-com-desenvolupar-aquesta-categoria-a-loficina-de-farmacia\/#primaryimage\"},\"thumbnailUrl\":\"https:\/\/www.cofb.org\/wp-content\/uploads\/2023\/07\/COFB_COSMETICA-SOLIDA_27022023_2_edited-scaled-1.jpg\",\"datePublished\":\"2023-02-27T17:30:54+00:00\",\"dateModified\":\"2023-07-27T09:01:54+00:00\",\"description\":\"El COFB va organitzar el F\u00f2rum Dermoexpert \u201cCosm\u00e8tica s\u00f2lida. Com desenvolupar aquesta nova categoria a la farmacia?\u201d\",\"breadcrumb\":{\"@id\":\"https:\/\/novaorg.cofb.net\/2023\/02\/27\/cosmetica-solida-i-com-desenvolupar-aquesta-categoria-a-loficina-de-farmacia\/#breadcrumb\"},\"inLanguage\":\"ca\",\"potentialAction\":[{\"@type\":\"ReadAction\",\"target\":[\"https:\/\/novaorg.cofb.net\/2023\/02\/27\/cosmetica-solida-i-com-desenvolupar-aquesta-categoria-a-loficina-de-farmacia\/\"]}]},{\"@type\":\"ImageObject\",\"inLanguage\":\"ca\",\"@id\":\"https:\/\/novaorg.cofb.net\/2023\/02\/27\/cosmetica-solida-i-com-desenvolupar-aquesta-categoria-a-loficina-de-farmacia\/#primaryimage\",\"url\":\"https:\/\/www.cofb.org\/wp-content\/uploads\/2023\/07\/COFB_COSMETICA-SOLIDA_27022023_2_edited-scaled-1.jpg\",\"contentUrl\":\"https:\/\/www.cofb.org\/wp-content\/uploads\/2023\/07\/COFB_COSMETICA-SOLIDA_27022023_2_edited-scaled-1.jpg\",\"width\":2560,\"height\":1392},{\"@type\":\"BreadcrumbList\",\"@id\":\"https:\/\/novaorg.cofb.net\/2023\/02\/27\/cosmetica-solida-i-com-desenvolupar-aquesta-categoria-a-loficina-de-farmacia\/#breadcrumb\",\"itemListElement\":[{\"@type\":\"ListItem\",\"position\":1,\"name\":\"Inici\",\"item\":\"https:\/\/novaorg.cofb.net\/\"},{\"@type\":\"ListItem\",\"position\":2,\"name\":\"Cosm\u00e8tica s\u00f2lida i com desenvolupar aquesta categoria a l\u2019oficina de farm\u00e0cia\"}]},{\"@type\":\"WebSite\",\"@id\":\"https:\/\/www.cofb.org\/#website\",\"url\":\"https:\/\/www.cofb.org\/\",\"name\":\"Col\u00b7legi de Farmac\u00e8utics de Barcelona\",\"description\":\"\",\"publisher\":{\"@id\":\"https:\/\/www.cofb.org\/#organization\"},\"potentialAction\":[{\"@type\":\"SearchAction\",\"target\":{\"@type\":\"EntryPoint\",\"urlTemplate\":\"https:\/\/www.cofb.org\/?s={search_term_string}\"},\"query-input\":\"required name=search_term_string\"}],\"inLanguage\":\"ca\"},{\"@type\":\"Organization\",\"@id\":\"https:\/\/www.cofb.org\/#organization\",\"name\":\"Col\u00b7legi de Farmac\u00e8utics de Barcelona\",\"url\":\"https:\/\/www.cofb.org\/\",\"logo\":{\"@type\":\"ImageObject\",\"inLanguage\":\"ca\",\"@id\":\"https:\/\/www.cofb.org\/#\/schema\/logo\/image\/\",\"url\":\"https:\/\/www.cofb.org\/wp-content\/uploads\/2023\/11\/cropped-Logotip-COFB.png\",\"contentUrl\":\"https:\/\/www.cofb.org\/wp-content\/uploads\/2023\/11\/cropped-Logotip-COFB.png\",\"width\":500,\"height\":105,\"caption\":\"Col\u00b7legi de Farmac\u00e8utics de Barcelona\"},\"image\":{\"@id\":\"https:\/\/www.cofb.org\/#\/schema\/logo\/image\/\"},\"sameAs\":[\"https:\/\/www.facebook.com\/farmaceuticsbcn\/\",\"https:\/\/twitter.com\/farmaceuticsbcn\",\"https:\/\/www.instagram.com\/farmaceuticsbcn\/\",\"https:\/\/www.linkedin.com\/company\/farmaceuticsbcn\/\"]},{\"@type\":\"Person\",\"@id\":\"https:\/\/www.cofb.org\/#\/schema\/person\/22ed7eea88da74b0fa4d3154ad87ffcb\",\"name\":\"wpAdminCofbOrg\",\"image\":{\"@type\":\"ImageObject\",\"inLanguage\":\"ca\",\"@id\":\"https:\/\/www.cofb.org\/#\/schema\/person\/image\/\",\"url\":\"https:\/\/secure.gravatar.com\/avatar\/1721b20b3b8ca882c3b56ec6c978c594fff670e40c0718e9190eaeeb76aae7d8?s=96&d=mm&r=g\",\"contentUrl\":\"https:\/\/secure.gravatar.com\/avatar\/1721b20b3b8ca882c3b56ec6c978c594fff670e40c0718e9190eaeeb76aae7d8?s=96&d=mm&r=g\",\"caption\":\"wpAdminCofbOrg\"},\"sameAs\":[\"http:\/\/192.168.64.122\/wordpress\"],\"url\":\"https:\/\/www.cofb.org\/ca\/author\/wpadmincofborg\/\"}]}<\/script>\n<!-- \/ Yoast SEO plugin. -->","yoast_head_json":{"title":"Cosm\u00e8tica s\u00f2lida i com desenvolupar aquesta categoria a l\u2019oficina de farm\u00e0cia - Col\u00b7legi de Farmac\u00e8utics de Barcelona","description":"El COFB va organitzar el F\u00f2rum Dermoexpert \u201cCosm\u00e8tica s\u00f2lida. Com desenvolupar aquesta nova categoria a la farmacia?\u201d","robots":{"index":"index","follow":"follow","max-snippet":"max-snippet:-1","max-image-preview":"max-image-preview:large","max-video-preview":"max-video-preview:-1"},"canonical":"https:\/\/novaorg.cofb.net\/2023\/02\/27\/cosmetica-solida-i-com-desenvolupar-aquesta-categoria-a-loficina-de-farmacia\/","og_locale":"ca_ES","og_type":"article","og_title":"Cosm\u00e8tica s\u00f2lida i com desenvolupar aquesta categoria a l\u2019oficina de farm\u00e0cia - Col\u00b7legi de Farmac\u00e8utics de Barcelona","og_description":"El COFB va organitzar el F\u00f2rum Dermoexpert \u201cCosm\u00e8tica s\u00f2lida. Com desenvolupar aquesta nova categoria a la farmacia?\u201d","og_url":"https:\/\/novaorg.cofb.net\/2023\/02\/27\/cosmetica-solida-i-com-desenvolupar-aquesta-categoria-a-loficina-de-farmacia\/","og_site_name":"Col\u00b7legi de Farmac\u00e8utics de Barcelona","article_publisher":"https:\/\/www.facebook.com\/farmaceuticsbcn\/","article_published_time":"2023-02-27T17:30:54+00:00","article_modified_time":"2023-07-27T09:01:54+00:00","og_image":[{"width":2560,"height":1392,"url":"https:\/\/novaorg.cofb.net\/wp-content\/uploads\/2023\/07\/COFB_COSMETICA-SOLIDA_27022023_2_edited-scaled-1.jpg","type":"image\/jpeg"}],"author":"wpAdminCofbOrg","twitter_card":"summary_large_image","twitter_creator":"@farmaceuticsbcn","twitter_site":"@farmaceuticsbcn","twitter_misc":{"Escrit per":"wpAdminCofbOrg","Temps estimat de lectura":"4 minuts"},"schema":{"@context":"https:\/\/schema.org","@graph":[{"@type":"Article","@id":"https:\/\/novaorg.cofb.net\/2023\/02\/27\/cosmetica-solida-i-com-desenvolupar-aquesta-categoria-a-loficina-de-farmacia\/#article","isPartOf":{"@id":"https:\/\/novaorg.cofb.net\/2023\/02\/27\/cosmetica-solida-i-com-desenvolupar-aquesta-categoria-a-loficina-de-farmacia\/"},"author":{"name":"wpAdminCofbOrg","@id":"https:\/\/www.cofb.org\/#\/schema\/person\/22ed7eea88da74b0fa4d3154ad87ffcb"},"headline":"Cosm\u00e8tica s\u00f2lida i com desenvolupar aquesta categoria a l\u2019oficina de farm\u00e0cia","datePublished":"2023-02-27T17:30:54+00:00","dateModified":"2023-07-27T09:01:54+00:00","mainEntityOfPage":{"@id":"https:\/\/novaorg.cofb.net\/2023\/02\/27\/cosmetica-solida-i-com-desenvolupar-aquesta-categoria-a-loficina-de-farmacia\/"},"wordCount":681,"commentCount":0,"publisher":{"@id":"https:\/\/www.cofb.org\/#organization"},"image":{"@id":"https:\/\/novaorg.cofb.net\/2023\/02\/27\/cosmetica-solida-i-com-desenvolupar-aquesta-categoria-a-loficina-de-farmacia\/#primaryimage"},"thumbnailUrl":"https:\/\/www.cofb.org\/wp-content\/uploads\/2023\/07\/COFB_COSMETICA-SOLIDA_27022023_2_edited-scaled-1.jpg","keywords":["Atenci\u00f3 farmac\u00e8utica","COFB","Col\u00b7legi de Farmac\u00e8utics de Barcelona","cosm\u00e8tica","farmac\u00e8utics","Farm\u00e0cia","farm\u00e0cia comunit\u00e0ria","Formaci\u00f3","formulaci\u00f3","f\u00f2rum dermoexpert","Oficina de farm\u00e0cia","xamp\u00fa"],"articleSection":["Destacats","M\u00f3n col\u00b7legial"],"inLanguage":"ca","potentialAction":[{"@type":"CommentAction","name":"Comment","target":["https:\/\/novaorg.cofb.net\/2023\/02\/27\/cosmetica-solida-i-com-desenvolupar-aquesta-categoria-a-loficina-de-farmacia\/#respond"]}]},{"@type":"WebPage","@id":"https:\/\/novaorg.cofb.net\/2023\/02\/27\/cosmetica-solida-i-com-desenvolupar-aquesta-categoria-a-loficina-de-farmacia\/","url":"https:\/\/novaorg.cofb.net\/2023\/02\/27\/cosmetica-solida-i-com-desenvolupar-aquesta-categoria-a-loficina-de-farmacia\/","name":"Cosm\u00e8tica s\u00f2lida i com desenvolupar aquesta categoria a l\u2019oficina de farm\u00e0cia - Col\u00b7legi de Farmac\u00e8utics de Barcelona","isPartOf":{"@id":"https:\/\/www.cofb.org\/#website"},"primaryImageOfPage":{"@id":"https:\/\/novaorg.cofb.net\/2023\/02\/27\/cosmetica-solida-i-com-desenvolupar-aquesta-categoria-a-loficina-de-farmacia\/#primaryimage"},"image":{"@id":"https:\/\/novaorg.cofb.net\/2023\/02\/27\/cosmetica-solida-i-com-desenvolupar-aquesta-categoria-a-loficina-de-farmacia\/#primaryimage"},"thumbnailUrl":"https:\/\/www.cofb.org\/wp-content\/uploads\/2023\/07\/COFB_COSMETICA-SOLIDA_27022023_2_edited-scaled-1.jpg","datePublished":"2023-02-27T17:30:54+00:00","dateModified":"2023-07-27T09:01:54+00:00","description":"El COFB va organitzar el F\u00f2rum Dermoexpert \u201cCosm\u00e8tica s\u00f2lida. Com desenvolupar aquesta nova categoria a la farmacia?\u201d","breadcrumb":{"@id":"https:\/\/novaorg.cofb.net\/2023\/02\/27\/cosmetica-solida-i-com-desenvolupar-aquesta-categoria-a-loficina-de-farmacia\/#breadcrumb"},"inLanguage":"ca","potentialAction":[{"@type":"ReadAction","target":["https:\/\/novaorg.cofb.net\/2023\/02\/27\/cosmetica-solida-i-com-desenvolupar-aquesta-categoria-a-loficina-de-farmacia\/"]}]},{"@type":"ImageObject","inLanguage":"ca","@id":"https:\/\/novaorg.cofb.net\/2023\/02\/27\/cosmetica-solida-i-com-desenvolupar-aquesta-categoria-a-loficina-de-farmacia\/#primaryimage","url":"https:\/\/www.cofb.org\/wp-content\/uploads\/2023\/07\/COFB_COSMETICA-SOLIDA_27022023_2_edited-scaled-1.jpg","contentUrl":"https:\/\/www.cofb.org\/wp-content\/uploads\/2023\/07\/COFB_COSMETICA-SOLIDA_27022023_2_edited-scaled-1.jpg","width":2560,"height":1392},{"@type":"BreadcrumbList","@id":"https:\/\/novaorg.cofb.net\/2023\/02\/27\/cosmetica-solida-i-com-desenvolupar-aquesta-categoria-a-loficina-de-farmacia\/#breadcrumb","itemListElement":[{"@type":"ListItem","position":1,"name":"Inici","item":"https:\/\/novaorg.cofb.net\/"},{"@type":"ListItem","position":2,"name":"Cosm\u00e8tica s\u00f2lida i com desenvolupar aquesta categoria a l\u2019oficina de farm\u00e0cia"}]},{"@type":"WebSite","@id":"https:\/\/www.cofb.org\/#website","url":"https:\/\/www.cofb.org\/","name":"Col\u00b7legi de Farmac\u00e8utics de Barcelona","description":"","publisher":{"@id":"https:\/\/www.cofb.org\/#organization"},"potentialAction":[{"@type":"SearchAction","target":{"@type":"EntryPoint","urlTemplate":"https:\/\/www.cofb.org\/?s={search_term_string}"},"query-input":"required name=search_term_string"}],"inLanguage":"ca"},{"@type":"Organization","@id":"https:\/\/www.cofb.org\/#organization","name":"Col\u00b7legi de Farmac\u00e8utics de Barcelona","url":"https:\/\/www.cofb.org\/","logo":{"@type":"ImageObject","inLanguage":"ca","@id":"https:\/\/www.cofb.org\/#\/schema\/logo\/image\/","url":"https:\/\/www.cofb.org\/wp-content\/uploads\/2023\/11\/cropped-Logotip-COFB.png","contentUrl":"https:\/\/www.cofb.org\/wp-content\/uploads\/2023\/11\/cropped-Logotip-COFB.png","width":500,"height":105,"caption":"Col\u00b7legi de Farmac\u00e8utics de Barcelona"},"image":{"@id":"https:\/\/www.cofb.org\/#\/schema\/logo\/image\/"},"sameAs":["https:\/\/www.facebook.com\/farmaceuticsbcn\/","https:\/\/twitter.com\/farmaceuticsbcn","https:\/\/www.instagram.com\/farmaceuticsbcn\/","https:\/\/www.linkedin.com\/company\/farmaceuticsbcn\/"]},{"@type":"Person","@id":"https:\/\/www.cofb.org\/#\/schema\/person\/22ed7eea88da74b0fa4d3154ad87ffcb","name":"wpAdminCofbOrg","image":{"@type":"ImageObject","inLanguage":"ca","@id":"https:\/\/www.cofb.org\/#\/schema\/person\/image\/","url":"https:\/\/secure.gravatar.com\/avatar\/1721b20b3b8ca882c3b56ec6c978c594fff670e40c0718e9190eaeeb76aae7d8?s=96&d=mm&r=g","contentUrl":"https:\/\/secure.gravatar.com\/avatar\/1721b20b3b8ca882c3b56ec6c978c594fff670e40c0718e9190eaeeb76aae7d8?s=96&d=mm&r=g","caption":"wpAdminCofbOrg"},"sameAs":["http:\/\/192.168.64.122\/wordpress"],"url":"https:\/\/www.cofb.org\/ca\/author\/wpadmincofborg\/"}]}},"uagb_featured_image_src":{"full":["https:\/\/www.cofb.org\/wp-content\/uploads\/2023\/07\/COFB_COSMETICA-SOLIDA_27022023_2_edited-scaled-1.jpg",2560,1392,false],"thumbnail":["https:\/\/www.cofb.org\/wp-content\/uploads\/2023\/07\/COFB_COSMETICA-SOLIDA_27022023_2_edited-scaled-1-150x150.jpg",150,150,true],"medium":["https:\/\/www.cofb.org\/wp-content\/uploads\/2023\/07\/COFB_COSMETICA-SOLIDA_27022023_2_edited-scaled-1-300x163.jpg",300,163,true],"medium_large":["https:\/\/www.cofb.org\/wp-content\/uploads\/2023\/07\/COFB_COSMETICA-SOLIDA_27022023_2_edited-scaled-1-768x418.jpg",768,418,true],"large":["https:\/\/www.cofb.org\/wp-content\/uploads\/2023\/07\/COFB_COSMETICA-SOLIDA_27022023_2_edited-scaled-1-1024x557.jpg",1024,557,true],"1536x1536":["https:\/\/www.cofb.org\/wp-content\/uploads\/2023\/07\/COFB_COSMETICA-SOLIDA_27022023_2_edited-scaled-1-1536x835.jpg",1536,835,true],"2048x2048":["https:\/\/www.cofb.org\/wp-content\/uploads\/2023\/07\/COFB_COSMETICA-SOLIDA_27022023_2_edited-scaled-1-2048x1114.jpg",2048,1114,true],"trp-custom-language-flag":["https:\/\/www.cofb.org\/wp-content\/uploads\/2023\/07\/COFB_COSMETICA-SOLIDA_27022023_2_edited-scaled-1.jpg",18,10,false]},"uagb_author_info":{"display_name":"wpAdminCofbOrg","author_link":"https:\/\/www.cofb.org\/ca\/author\/wpadmincofborg\/"},"uagb_comment_info":0,"uagb_excerpt":"El passat 15 de febrer, el Col\u00b7legi de Farmac\u00e8utics de Barcelona (COFB) va organitzar el F\u00f2rum Dermoexpert \u201cCosm\u00e8tica s\u00f2lida. Com desenvolupar aquesta nova categoria a la farmacia?\u201d, amb el patrocini de Klorane. Les ponents participants van ser la farmac\u00e8utica i product manager capil\u00b7lar de Laboratorios Klorane, Cristina Castillo; la farmac\u00e8utica [&hellip;]","_links":{"self":[{"href":"https:\/\/www.cofb.org\/ca\/wp-json\/wp\/v2\/posts\/66351","targetHints":{"allow":["GET"]}}],"collection":[{"href":"https:\/\/www.cofb.org\/ca\/wp-json\/wp\/v2\/posts"}],"about":[{"href":"https:\/\/www.cofb.org\/ca\/wp-json\/wp\/v2\/types\/post"}],"author":[{"embeddable":true,"href":"https:\/\/www.cofb.org\/ca\/wp-json\/wp\/v2\/users\/1"}],"replies":[{"embeddable":true,"href":"https:\/\/www.cofb.org\/ca\/wp-json\/wp\/v2\/comments?post=66351"}],"version-history":[{"count":2,"href":"https:\/\/www.cofb.org\/ca\/wp-json\/wp\/v2\/posts\/66351\/revisions"}],"predecessor-version":[{"id":67736,"href":"https:\/\/www.cofb.org\/ca\/wp-json\/wp\/v2\/posts\/66351\/revisions\/67736"}],"wp:featuredmedia":[{"embeddable":true,"href":"https:\/\/www.cofb.org\/ca\/wp-json\/wp\/v2\/media\/67735"}],"wp:attachment":[{"href":"https:\/\/www.cofb.org\/ca\/wp-json\/wp\/v2\/media?parent=66351"}],"wp:term":[{"taxonomy":"category","embeddable":true,"href":"https:\/\/www.cofb.org\/ca\/wp-json\/wp\/v2\/categories?post=66351"},{"taxonomy":"post_tag","embeddable":true,"href":"https:\/\/www.cofb.org\/ca\/wp-json\/wp\/v2\/tags?post=66351"}],"curies":[{"name":"wp","href":"https:\/\/api.w.org\/{rel}","templated":true}]}}