{"id":66202,"date":"2023-02-17T15:58:51","date_gmt":"2023-02-17T13:58:51","guid":{"rendered":"https:\/\/blog.cofb.cat\/?p=66202"},"modified":"2023-07-27T09:04:06","modified_gmt":"2023-07-27T09:04:06","slug":"novetats-al-panorama-actual-del-tractament-de-la-dependencia-al-tabac","status":"publish","type":"post","link":"https:\/\/www.cofb.org\/ca\/2023\/02\/17\/novetats-al-panorama-actual-del-tractament-de-la-dependencia-al-tabac\/","title":{"rendered":"Novetats al panorama actual del tractament de la depend\u00e8ncia al tabac"},"content":{"rendered":"\n<p>El passat 8 de febrer, el <strong>Col\u00b7legi de Farmac\u00e8utics de Barcelona (COFB)<\/strong> va organitzar la confer\u00e8ncia <strong>\u201cNoves incorporacions al panorama actual del tractament de la depend\u00e8ncia al tabac\u201d<\/strong>, amb el patrocini d&#8217;<strong><a href=\"https:\/\/aflofarm.es\/\" target=\"_blank\" rel=\"noreferrer noopener\">Aflofarm<\/a><\/strong>. La confer\u00e8ncia va anar a c\u00e0rrec de l\u2019especialista en pneumologia i director del Programa d&#8217;Alta Complexitat en Tractament del Tabaquisme del Servei de Pneumologia de l&#8217;Hospital Cl\u00ednic de Barcelona, el <strong>Dr. Jacobo Sellares<\/strong>, i del farmac\u00e8utic comunitari i membre del grup de treball de tabac del COFB, <strong>Manel Cirici<\/strong>. El vocal d\u2019Oficina de Farm\u00e0cia del COFB, <strong>Guillermo Bagar\u00eda<\/strong>, va moderar la sessi\u00f3.<\/p>\n\n\n\n<figure class=\"wp-block-image size-large\"><a href=\"https:\/\/blog.cofb.cat\/wp-content\/uploads\/2023\/02\/COFB_TRACTAMENT-TABAC_08022023_2.jpg\" target=\"_blank\" rel=\"noopener\"><img decoding=\"async\" src=\"https:\/\/blog.cofb.cat\/wp-content\/uploads\/2023\/02\/COFB_TRACTAMENT-TABAC_08022023_2-1024x512.jpg\" alt=\"Els ponents de la confer\u00e8ncia \u201cNoves incorporacions al panorama actual del tractament de la depend\u00e8ncia al tabac\u201d. \" class=\"wp-image-66268\" title=\"Els ponents de la confer\u00e8ncia \u201cNoves incorporacions al panorama actual del tractament de la depend\u00e8ncia al tabac\u201d. \"\/><\/a><figcaption class=\"wp-element-caption\">Els ponents de la confer\u00e8ncia \u201cNoves incorporacions al panorama actual del tractament de la depend\u00e8ncia al tabac\u201d. <\/figcaption><\/figure>\n\n\n\n<p>Els <strong>objectius<\/strong> de la sessi\u00f3 van ser <strong>revisar el panorama actual dels tractaments disponibles<\/strong> de la depend\u00e8ncia al tabac i sobre les possibilitats i beneficis de la implantaci\u00f3 del <strong>Programa de Cessaci\u00f3 Tab\u00e0quica <\/strong>a trav\u00e9s de <strong>Farmaserveis. <\/strong>En comen\u00e7ar,<strong> Guillermo Bagar\u00eda<\/strong> va comentar que la xerrada s&#8217;emmarca \u201cen un context canviant, en el qual tenim <strong>l\u2019arsenal terap\u00e8utic contra el tabaquisme<\/strong>\u201d, i va clarificar que fa refer\u00e8ncia a \u201carsenal terap\u00e8utic&#8221; perqu\u00e8 &#8220;es tracta d\u2019una veritable <strong>guerra contra el tabaquisme<\/strong>, que estem plantejant en totes les societats desenvolupades, ja que <strong>\u00e9s un problema de salut de primer ordre<\/strong>\u201d. &nbsp;<\/p>\n\n\n\n<h2 class=\"wp-block-heading\"><strong>Tractament farmacol\u00f2gic del tabaquisme<\/strong><\/h2>\n\n\n\n<p>El vocal d\u2019Oficina de Farm\u00e0cia va comen\u00e7ar la sessi\u00f3 explicant que, &#8220;en l\u2019actualitat, tenim un <strong>abordatge del tabaquisme<\/strong> amb <strong>tractaments<\/strong> <strong>substitutius de la nicotina<\/strong> amb i sense aquesta subst\u00e0ncia&#8221;. En aquest context trobem la <strong>citisina (Todacitan)<\/strong>, en &#8220;un escenari que ha canviat les darreres setmanes&#8221;. Guillermo Bagar\u00eda va comentar que fins ara \u201cla citisina es comercialitzava amb recepta m\u00e8dica, per\u00f2 no estava finan\u00e7ada pel Sistema Nacional de Salut. Des de l\u20191 de febrer de 2023, la <strong>citisina s\u2019ha incorporat a les prestacions farmac\u00e8utiques del Sistema Nacional de Salut<\/strong> i ha passat a ser un <strong>medicament finan\u00e7at<\/strong>&#8220;.<\/p>\n\n\n\n<p>El <strong>Dr. Jacobo Sellares<\/strong>, director del Programa d&#8217;Alta Complexitat en Tractament del Tabaquisme del Servei de Pneumologia de l&#8217;Hospital Cl\u00ednic de Barcelona, va fer una <strong>breu introducci\u00f3<\/strong> sobre el <strong>tabaquisme<\/strong>, que es tracta \u201cd\u2019una<strong> malaltia<\/strong> perqu\u00e8 no \u00e9s una opci\u00f3 personal i, a m\u00e9s a m\u00e9s, \u00e9s una <strong>malaltia cr\u00f2nica, addictiva i recidivant<\/strong>\u201d. El doctor va destacar la import\u00e0ncia de deixar de fumar perqu\u00e8 el tabac &#8220;\u00e9s la <strong>principal causa de morbi-mortalitat<\/strong> <strong>prevenible<\/strong> i <strong>curable<\/strong> a l\u2019occident, sent les principals causes de mort pel tabac <strong>les malalties cardiovasculars, les respirat\u00f2ries i les oncol\u00f2giques<\/strong>\u201d i va afegir que \u201cles <strong>probabilitats de deixar de fumar es multipliquen per quatre<\/strong> quan es demana <strong>ajuda m\u00e8dica o farmac\u00e8utica<\/strong>\u201d.<\/p>\n\n\n\n<figure class=\"wp-block-image size-large\"><a href=\"https:\/\/blog.cofb.cat\/wp-content\/uploads\/2023\/02\/COFB_TRACTAMENT-TABAC_08022023_3.jpg\" target=\"_blank\" rel=\"noopener\"><img decoding=\"async\" src=\"https:\/\/blog.cofb.cat\/wp-content\/uploads\/2023\/02\/COFB_TRACTAMENT-TABAC_08022023_3-1024x513.jpg\" alt=\"El doctor Jacobo Sellares en un moment de la seva pon\u00e8ncia junt amb el vocal d'Oficina de Farm\u00e0cia, Guillermo Bagar\u00eda. \" class=\"wp-image-66269\" title=\"El doctor Jacobo Sellares en un moment de la seva pon\u00e8ncia junt amb el vocal d'Oficina de Farm\u00e0cia, Guillermo Bagar\u00eda. \"\/><\/a><figcaption class=\"wp-element-caption\">El doctor Jacobo Sellares en un moment de la seva pon\u00e8ncia junt amb el vocal d&#8217;Oficina de Farm\u00e0cia, Guillermo Bagar\u00eda. <\/figcaption><\/figure>\n\n\n\n<p>Sobre els tractaments disponibles pel tractament del tabaquisme, el Dr. Sellares va presentar esquem\u00e0ticament les <strong>opcions farmacol\u00f2giques<\/strong>, amb nicotina i sense nicotina, i les no farmacol\u00f2giques. Fen especial \u00e8mfasi al <strong>tractament farmacol\u00f2gic sense nicotina<\/strong>, mitjan\u00e7ant la <strong>citisina<\/strong> <strong>(Todacitan)<\/strong>, \u201cun <strong>alcaloide vegetal<\/strong> amb una <strong>estructura qu\u00edmica similar a la nicotina<\/strong>\u201d, que t\u00e9 per objectiu final \u201c<strong>l\u2019abandonament permanent de l\u2019h\u00e0bit de fumar<\/strong>\u201d. Durant la seva pon\u00e8ncia, el doctor va detallar quins s\u00f3n els <strong>mecanismes d\u2019acci\u00f3<\/strong> de la citisina, la <strong>farmacocin\u00e8tica<\/strong>, <strong>l\u2019evid\u00e8ncia cient\u00edfica<\/strong>. Tamb\u00e9 va exposar els diferents <strong>estudis realitzats <\/strong>en qu\u00e8 es demostrava<strong> l\u2019efic\u00e0cia cl\u00ednica<\/strong> i el protocol assistencial cl\u00ednic-psicol\u00f2gic per al tractament.<\/p>\n\n\n\n<h2 class=\"wp-block-heading\"><strong>Eines per abordar el tabaquisme des de l\u2019oficina de farm\u00e0cia<\/strong><\/h2>\n\n\n\n<p>Seguidament, el farmac\u00e8utic comunitari i membre del grup de treball de tabac del COFB, <strong>Manel Cirici<\/strong>, va descriure quina ha estat la seva <strong>experi\u00e8ncia<\/strong> en la <strong>implementaci\u00f3 del servei de cessaci\u00f3 tab\u00e0quica a la farm\u00e0cia comunit\u00e0ria<\/strong>. Cirici va explicar que el pacient que visita la farm\u00e0cia comunit\u00e0ria per deixar de fumar, acostuma a ser o b\u00e9 &#8220;un pacient sa, que voreja els cinquanta anys, i vol deixar-ho despr\u00e9s de 30 anys o una persona que \u00e9s mare o pare recent\u201d.<\/p>\n\n\n\n<h3 class=\"wp-block-heading\"><strong>Programa de Cessaci\u00f3 Tab\u00e0quica <\/strong><\/h3>\n\n\n\n<p>El farmac\u00e8utic va detallar quina \u00e9s la metodologia que segueix el <strong><a href=\"https:\/\/www.cofb.org\/que-oferim\/ciutadans\/serveis-professionals\/programa-cessacio-tabaquica\" target=\"_blank\" rel=\"noreferrer noopener\">Programa de Cessacci\u00f3 Tab\u00e0quica<\/a><\/strong>, en qu\u00e8 el farmac\u00e8utic fa un <strong>seguiment <\/strong>de pacient que vol deixar de fumar, <strong>l\u2019acompanya <\/strong>i <strong>l\u2019aconsella <\/strong>durant el proc\u00e9s. <\/p>\n\n\n\n<figure class=\"wp-block-image size-large\"><a href=\"https:\/\/blog.cofb.cat\/wp-content\/uploads\/2023\/02\/COFB_TRACTAMENT-TABAC_08022023_4-scaled.jpg\" target=\"_blank\" rel=\"noopener\"><img decoding=\"async\" src=\"https:\/\/blog.cofb.cat\/wp-content\/uploads\/2023\/02\/COFB_TRACTAMENT-TABAC_08022023_4-1024x512.jpg\" alt=\" El farmac\u00e8utic comunitari i membre del grup de treball de tabac del COFB, Manel Cirici, durant la seva intervenci\u00f3. \" class=\"wp-image-66270\" title=\" El farmac\u00e8utic comunitari i membre del grup de treball de tabac del COFB, Manel Cirici, durant la seva intervenci\u00f3. \"\/><\/a><figcaption class=\"wp-element-caption\"> El farmac\u00e8utic comunitari i membre del grup de treball de tabac del COFB, Manel Cirici, durant la seva intervenci\u00f3. <\/figcaption><\/figure>\n\n\n\n<p>En la <strong>primera visita<\/strong> es registra el pacient, s\u2019omple la fitxa de primera visita, es fa el test de Fagerstr\u00f6m i el de Richmond i es posen deures per \u201ccomen\u00e7ar a treballar la depend\u00e8ncia psicol\u00f2gica al tabac per introduir i enfortir nous pensaments i nous h\u00e0bits\u201d. En les <strong>visites posteriors<\/strong>, de seguiment, es duen a terme controls de pressi\u00f3 i pes, es comprova si s\u2019han fet els deures i s\u2019estableix si s\u2019escau la Ter\u00e0pia Substitutiva de Nicotina.<\/p>\n\n\n\n<p>Finalment, Cirici va compartir dues <strong>guies d\u2019intervenci\u00f3 per al farmac\u00e8utic comunitari<\/strong>: la <em>Guia d\u2019intervenci\u00f3 farmac\u00e8utica per a l\u2019abordatge des de la farm\u00e0cia comunit\u00e0ria<\/em> i el <em>Rol del Farmac\u00e9utico comunitario como agente de salud en la cesaci\u00f3n tab\u00e1quica<\/em>.<\/p>\n\n\n\n<p class=\"has-text-align-right\"> <strong>Amb el patrocini de:<\/strong><\/p>\n\n\n\n<figure class=\"wp-block-image alignright size-thumbnail\"><a href=\"https:\/\/aflofarm.es\/\" target=\"_blank\" rel=\"noopener\"><img decoding=\"async\" src=\"https:\/\/blog.cofb.cat\/wp-content\/uploads\/2023\/02\/AFLOFARM_logo_transparent-150x45.png\" alt=\"\" class=\"wp-image-66260\"\/><\/a><\/figure>\n\n\n\n<p> <\/p>\n","protected":false},"excerpt":{"rendered":"<p>El passat 8 de febrer, el Col\u00b7legi de Farmac\u00e8utics de Barcelona (COFB) va organitzar la confer\u00e8ncia \u201cNoves incorporacions al panorama actual del tractament de la depend\u00e8ncia al tabac\u201d, amb el patrocini d&#8217;Aflofarm. La confer\u00e8ncia va anar a c\u00e0rrec de l\u2019especialista en pneumologia i director del Programa d&#8217;Alta Complexitat en Tractament [&hellip;]<\/p>\n","protected":false},"author":1,"featured_media":67741,"comment_status":"open","ping_status":"open","sticky":false,"template":"","format":"standard","meta":{"_uag_custom_page_level_css":"","site-sidebar-layout":"default","site-content-layout":"","ast-site-content-layout":"default","site-content-style":"default","site-sidebar-style":"default","ast-global-header-display":"","ast-banner-title-visibility":"","ast-main-header-display":"","ast-hfb-above-header-display":"","ast-hfb-below-header-display":"","ast-hfb-mobile-header-display":"","site-post-title":"","ast-breadcrumbs-content":"","ast-featured-img":"disabled","footer-sml-layout":"","theme-transparent-header-meta":"","adv-header-id-meta":"","stick-header-meta":"","header-above-stick-meta":"","header-main-stick-meta":"","header-below-stick-meta":"","astra-migrate-meta-layouts":"default","ast-page-background-enabled":"default","ast-page-background-meta":{"desktop":{"background-color":"var(--ast-global-color-4)","background-image":"","background-repeat":"repeat","background-position":"center center","background-size":"auto","background-attachment":"scroll","background-type":"","background-media":"","overlay-type":"","overlay-color":"","overlay-opacity":"","overlay-gradient":""},"tablet":{"background-color":"","background-image":"","background-repeat":"repeat","background-position":"center center","background-size":"auto","background-attachment":"scroll","background-type":"","background-media":"","overlay-type":"","overlay-color":"","overlay-opacity":"","overlay-gradient":""},"mobile":{"background-color":"","background-image":"","background-repeat":"repeat","background-position":"center center","background-size":"auto","background-attachment":"scroll","background-type":"","background-media":"","overlay-type":"","overlay-color":"","overlay-opacity":"","overlay-gradient":""}},"ast-content-background-meta":{"desktop":{"background-color":"var(--ast-global-color-5)","background-image":"","background-repeat":"repeat","background-position":"center center","background-size":"auto","background-attachment":"scroll","background-type":"","background-media":"","overlay-type":"","overlay-color":"","overlay-opacity":"","overlay-gradient":""},"tablet":{"background-color":"var(--ast-global-color-5)","background-image":"","background-repeat":"repeat","background-position":"center center","background-size":"auto","background-attachment":"scroll","background-type":"","background-media":"","overlay-type":"","overlay-color":"","overlay-opacity":"","overlay-gradient":""},"mobile":{"background-color":"var(--ast-global-color-5)","background-image":"","background-repeat":"repeat","background-position":"center center","background-size":"auto","background-attachment":"scroll","background-type":"","background-media":"","overlay-type":"","overlay-color":"","overlay-opacity":"","overlay-gradient":""}},"footnotes":""},"categories":[23,57],"tags":[18,19,130,131,69,132,133,134,44,135,76,136,137,138,139,140,141,63,78],"class_list":["post-66202","post","type-post","status-publish","format-standard","has-post-thumbnail","hentry","category-destacats","category-mon-collegial","tag-cofb","tag-collegi-de-farmaceutics-de-barcelona","tag-dependencia","tag-energy-control","tag-farmacia-comunitaria","tag-farmaserveis","tag-intervencio-en-tabaquisme","tag-intervencio-farmaceutica","tag-malaltia","tag-malaltia-cronica","tag-oficina-de-farmacia","tag-programa-de-cessacio-tabaquica","tag-tabac","tag-tabaquisme","tag-tertulia-actualitat","tag-tertulia-dactualitat","tag-tertulies-dactualitat","tag-tractament","tag-tractament-farmacologic"],"yoast_head":"<!-- This site is optimized with the Yoast SEO plugin v22.4 - https:\/\/yoast.com\/wordpress\/plugins\/seo\/ -->\n<title>Novetats al panorama actual del tractament de la depend\u00e8ncia al tabac - Col\u00b7legi de Farmac\u00e8utics de Barcelona<\/title>\n<meta name=\"description\" content=\"El COFB va organitzar la confer\u00e8ncia \u201cNoves incorporacions al panorama actual del tractament de la depend\u00e8ncia al tabac\u201d\" \/>\n<meta name=\"robots\" content=\"index, follow, max-snippet:-1, max-image-preview:large, max-video-preview:-1\" \/>\n<link rel=\"canonical\" href=\"https:\/\/novaorg.cofb.net\/2023\/02\/17\/novetats-al-panorama-actual-del-tractament-de-la-dependencia-al-tabac\/\" \/>\n<meta property=\"og:locale\" content=\"ca_ES\" \/>\n<meta property=\"og:type\" content=\"article\" \/>\n<meta property=\"og:title\" content=\"Novetats al panorama actual del tractament de la depend\u00e8ncia al tabac - Col\u00b7legi de Farmac\u00e8utics de Barcelona\" \/>\n<meta property=\"og:description\" content=\"El COFB va organitzar la confer\u00e8ncia \u201cNoves incorporacions al panorama actual del tractament de la depend\u00e8ncia al tabac\u201d\" \/>\n<meta property=\"og:url\" content=\"https:\/\/novaorg.cofb.net\/2023\/02\/17\/novetats-al-panorama-actual-del-tractament-de-la-dependencia-al-tabac\/\" \/>\n<meta property=\"og:site_name\" content=\"Col\u00b7legi de Farmac\u00e8utics de Barcelona\" \/>\n<meta property=\"article:publisher\" content=\"https:\/\/www.facebook.com\/farmaceuticsbcn\/\" \/>\n<meta property=\"article:published_time\" content=\"2023-02-17T13:58:51+00:00\" \/>\n<meta property=\"article:modified_time\" content=\"2023-07-27T09:04:06+00:00\" \/>\n<meta property=\"og:image\" content=\"https:\/\/novaorg.cofb.net\/wp-content\/uploads\/2023\/07\/COFB_TRACTAMENT-TABAC_08022023_2.jpg\" \/>\n\t<meta property=\"og:image:width\" content=\"2064\" \/>\n\t<meta property=\"og:image:height\" content=\"1032\" \/>\n\t<meta property=\"og:image:type\" content=\"image\/jpeg\" \/>\n<meta name=\"author\" content=\"wpAdminCofbOrg\" \/>\n<meta name=\"twitter:card\" content=\"summary_large_image\" \/>\n<meta name=\"twitter:creator\" content=\"@farmaceuticsbcn\" \/>\n<meta name=\"twitter:site\" content=\"@farmaceuticsbcn\" \/>\n<meta name=\"twitter:label1\" content=\"Escrit per\" \/>\n\t<meta name=\"twitter:data1\" content=\"wpAdminCofbOrg\" \/>\n\t<meta name=\"twitter:label2\" content=\"Temps estimat de lectura\" \/>\n\t<meta name=\"twitter:data2\" content=\"5 minuts\" \/>\n<script type=\"application\/ld+json\" class=\"yoast-schema-graph\">{\"@context\":\"https:\/\/schema.org\",\"@graph\":[{\"@type\":\"Article\",\"@id\":\"https:\/\/novaorg.cofb.net\/2023\/02\/17\/novetats-al-panorama-actual-del-tractament-de-la-dependencia-al-tabac\/#article\",\"isPartOf\":{\"@id\":\"https:\/\/novaorg.cofb.net\/2023\/02\/17\/novetats-al-panorama-actual-del-tractament-de-la-dependencia-al-tabac\/\"},\"author\":{\"name\":\"wpAdminCofbOrg\",\"@id\":\"https:\/\/www.cofb.org\/#\/schema\/person\/22ed7eea88da74b0fa4d3154ad87ffcb\"},\"headline\":\"Novetats al panorama actual del tractament de la depend\u00e8ncia al tabac\",\"datePublished\":\"2023-02-17T13:58:51+00:00\",\"dateModified\":\"2023-07-27T09:04:06+00:00\",\"mainEntityOfPage\":{\"@id\":\"https:\/\/novaorg.cofb.net\/2023\/02\/17\/novetats-al-panorama-actual-del-tractament-de-la-dependencia-al-tabac\/\"},\"wordCount\":934,\"commentCount\":0,\"publisher\":{\"@id\":\"https:\/\/www.cofb.org\/#organization\"},\"image\":{\"@id\":\"https:\/\/novaorg.cofb.net\/2023\/02\/17\/novetats-al-panorama-actual-del-tractament-de-la-dependencia-al-tabac\/#primaryimage\"},\"thumbnailUrl\":\"https:\/\/www.cofb.org\/wp-content\/uploads\/2023\/07\/COFB_TRACTAMENT-TABAC_08022023_2.jpg\",\"keywords\":[\"COFB\",\"Col\u00b7legi de Farmac\u00e8utics de Barcelona\",\"depend\u00e8ncia\",\"Energy Control\",\"farm\u00e0cia comunit\u00e0ria\",\"Farmaserveis\",\"intervenci\u00f3 en tabaquisme\",\"intervenci\u00f3 farmac\u00e8utica\",\"malaltia\",\"malaltia cr\u00f2nica\",\"Oficina de farm\u00e0cia\",\"Programa de cessaci\u00f3 tab\u00e0quica\",\"tabac\",\"tabaquisme\",\"tert\u00falia actualitat\",\"tert\u00falia d'actualitat\",\"tert\u00falies d'actualitat\",\"tractament\",\"tractament farmacol\u00f2gic\"],\"articleSection\":[\"Destacats\",\"M\u00f3n col\u00b7legial\"],\"inLanguage\":\"ca\",\"potentialAction\":[{\"@type\":\"CommentAction\",\"name\":\"Comment\",\"target\":[\"https:\/\/novaorg.cofb.net\/2023\/02\/17\/novetats-al-panorama-actual-del-tractament-de-la-dependencia-al-tabac\/#respond\"]}]},{\"@type\":\"WebPage\",\"@id\":\"https:\/\/novaorg.cofb.net\/2023\/02\/17\/novetats-al-panorama-actual-del-tractament-de-la-dependencia-al-tabac\/\",\"url\":\"https:\/\/novaorg.cofb.net\/2023\/02\/17\/novetats-al-panorama-actual-del-tractament-de-la-dependencia-al-tabac\/\",\"name\":\"Novetats al panorama actual del tractament de la depend\u00e8ncia al tabac - Col\u00b7legi de Farmac\u00e8utics de Barcelona\",\"isPartOf\":{\"@id\":\"https:\/\/www.cofb.org\/#website\"},\"primaryImageOfPage\":{\"@id\":\"https:\/\/novaorg.cofb.net\/2023\/02\/17\/novetats-al-panorama-actual-del-tractament-de-la-dependencia-al-tabac\/#primaryimage\"},\"image\":{\"@id\":\"https:\/\/novaorg.cofb.net\/2023\/02\/17\/novetats-al-panorama-actual-del-tractament-de-la-dependencia-al-tabac\/#primaryimage\"},\"thumbnailUrl\":\"https:\/\/www.cofb.org\/wp-content\/uploads\/2023\/07\/COFB_TRACTAMENT-TABAC_08022023_2.jpg\",\"datePublished\":\"2023-02-17T13:58:51+00:00\",\"dateModified\":\"2023-07-27T09:04:06+00:00\",\"description\":\"El COFB va organitzar la confer\u00e8ncia \u201cNoves incorporacions al panorama actual del tractament de la depend\u00e8ncia al tabac\u201d\",\"breadcrumb\":{\"@id\":\"https:\/\/novaorg.cofb.net\/2023\/02\/17\/novetats-al-panorama-actual-del-tractament-de-la-dependencia-al-tabac\/#breadcrumb\"},\"inLanguage\":\"ca\",\"potentialAction\":[{\"@type\":\"ReadAction\",\"target\":[\"https:\/\/novaorg.cofb.net\/2023\/02\/17\/novetats-al-panorama-actual-del-tractament-de-la-dependencia-al-tabac\/\"]}]},{\"@type\":\"ImageObject\",\"inLanguage\":\"ca\",\"@id\":\"https:\/\/novaorg.cofb.net\/2023\/02\/17\/novetats-al-panorama-actual-del-tractament-de-la-dependencia-al-tabac\/#primaryimage\",\"url\":\"https:\/\/www.cofb.org\/wp-content\/uploads\/2023\/07\/COFB_TRACTAMENT-TABAC_08022023_2.jpg\",\"contentUrl\":\"https:\/\/www.cofb.org\/wp-content\/uploads\/2023\/07\/COFB_TRACTAMENT-TABAC_08022023_2.jpg\",\"width\":2064,\"height\":1032},{\"@type\":\"BreadcrumbList\",\"@id\":\"https:\/\/novaorg.cofb.net\/2023\/02\/17\/novetats-al-panorama-actual-del-tractament-de-la-dependencia-al-tabac\/#breadcrumb\",\"itemListElement\":[{\"@type\":\"ListItem\",\"position\":1,\"name\":\"Inici\",\"item\":\"https:\/\/novaorg.cofb.net\/\"},{\"@type\":\"ListItem\",\"position\":2,\"name\":\"Novetats al panorama actual del tractament de la depend\u00e8ncia al tabac\"}]},{\"@type\":\"WebSite\",\"@id\":\"https:\/\/www.cofb.org\/#website\",\"url\":\"https:\/\/www.cofb.org\/\",\"name\":\"Col\u00b7legi de Farmac\u00e8utics de Barcelona\",\"description\":\"\",\"publisher\":{\"@id\":\"https:\/\/www.cofb.org\/#organization\"},\"potentialAction\":[{\"@type\":\"SearchAction\",\"target\":{\"@type\":\"EntryPoint\",\"urlTemplate\":\"https:\/\/www.cofb.org\/?s={search_term_string}\"},\"query-input\":\"required name=search_term_string\"}],\"inLanguage\":\"ca\"},{\"@type\":\"Organization\",\"@id\":\"https:\/\/www.cofb.org\/#organization\",\"name\":\"Col\u00b7legi de Farmac\u00e8utics de Barcelona\",\"url\":\"https:\/\/www.cofb.org\/\",\"logo\":{\"@type\":\"ImageObject\",\"inLanguage\":\"ca\",\"@id\":\"https:\/\/www.cofb.org\/#\/schema\/logo\/image\/\",\"url\":\"https:\/\/www.cofb.org\/wp-content\/uploads\/2023\/11\/cropped-Logotip-COFB.png\",\"contentUrl\":\"https:\/\/www.cofb.org\/wp-content\/uploads\/2023\/11\/cropped-Logotip-COFB.png\",\"width\":500,\"height\":105,\"caption\":\"Col\u00b7legi de Farmac\u00e8utics de Barcelona\"},\"image\":{\"@id\":\"https:\/\/www.cofb.org\/#\/schema\/logo\/image\/\"},\"sameAs\":[\"https:\/\/www.facebook.com\/farmaceuticsbcn\/\",\"https:\/\/twitter.com\/farmaceuticsbcn\",\"https:\/\/www.instagram.com\/farmaceuticsbcn\/\",\"https:\/\/www.linkedin.com\/company\/farmaceuticsbcn\/\"]},{\"@type\":\"Person\",\"@id\":\"https:\/\/www.cofb.org\/#\/schema\/person\/22ed7eea88da74b0fa4d3154ad87ffcb\",\"name\":\"wpAdminCofbOrg\",\"image\":{\"@type\":\"ImageObject\",\"inLanguage\":\"ca\",\"@id\":\"https:\/\/www.cofb.org\/#\/schema\/person\/image\/\",\"url\":\"https:\/\/secure.gravatar.com\/avatar\/1721b20b3b8ca882c3b56ec6c978c594fff670e40c0718e9190eaeeb76aae7d8?s=96&d=mm&r=g\",\"contentUrl\":\"https:\/\/secure.gravatar.com\/avatar\/1721b20b3b8ca882c3b56ec6c978c594fff670e40c0718e9190eaeeb76aae7d8?s=96&d=mm&r=g\",\"caption\":\"wpAdminCofbOrg\"},\"sameAs\":[\"http:\/\/192.168.64.122\/wordpress\"],\"url\":\"https:\/\/www.cofb.org\/ca\/author\/wpadmincofborg\/\"}]}<\/script>\n<!-- \/ Yoast SEO plugin. -->","yoast_head_json":{"title":"Novetats al panorama actual del tractament de la depend\u00e8ncia al tabac - Col\u00b7legi de Farmac\u00e8utics de Barcelona","description":"El COFB va organitzar la confer\u00e8ncia \u201cNoves incorporacions al panorama actual del tractament de la depend\u00e8ncia al tabac\u201d","robots":{"index":"index","follow":"follow","max-snippet":"max-snippet:-1","max-image-preview":"max-image-preview:large","max-video-preview":"max-video-preview:-1"},"canonical":"https:\/\/novaorg.cofb.net\/2023\/02\/17\/novetats-al-panorama-actual-del-tractament-de-la-dependencia-al-tabac\/","og_locale":"ca_ES","og_type":"article","og_title":"Novetats al panorama actual del tractament de la depend\u00e8ncia al tabac - Col\u00b7legi de Farmac\u00e8utics de Barcelona","og_description":"El COFB va organitzar la confer\u00e8ncia \u201cNoves incorporacions al panorama actual del tractament de la depend\u00e8ncia al tabac\u201d","og_url":"https:\/\/novaorg.cofb.net\/2023\/02\/17\/novetats-al-panorama-actual-del-tractament-de-la-dependencia-al-tabac\/","og_site_name":"Col\u00b7legi de Farmac\u00e8utics de Barcelona","article_publisher":"https:\/\/www.facebook.com\/farmaceuticsbcn\/","article_published_time":"2023-02-17T13:58:51+00:00","article_modified_time":"2023-07-27T09:04:06+00:00","og_image":[{"width":2064,"height":1032,"url":"https:\/\/novaorg.cofb.net\/wp-content\/uploads\/2023\/07\/COFB_TRACTAMENT-TABAC_08022023_2.jpg","type":"image\/jpeg"}],"author":"wpAdminCofbOrg","twitter_card":"summary_large_image","twitter_creator":"@farmaceuticsbcn","twitter_site":"@farmaceuticsbcn","twitter_misc":{"Escrit per":"wpAdminCofbOrg","Temps estimat de lectura":"5 minuts"},"schema":{"@context":"https:\/\/schema.org","@graph":[{"@type":"Article","@id":"https:\/\/novaorg.cofb.net\/2023\/02\/17\/novetats-al-panorama-actual-del-tractament-de-la-dependencia-al-tabac\/#article","isPartOf":{"@id":"https:\/\/novaorg.cofb.net\/2023\/02\/17\/novetats-al-panorama-actual-del-tractament-de-la-dependencia-al-tabac\/"},"author":{"name":"wpAdminCofbOrg","@id":"https:\/\/www.cofb.org\/#\/schema\/person\/22ed7eea88da74b0fa4d3154ad87ffcb"},"headline":"Novetats al panorama actual del tractament de la depend\u00e8ncia al tabac","datePublished":"2023-02-17T13:58:51+00:00","dateModified":"2023-07-27T09:04:06+00:00","mainEntityOfPage":{"@id":"https:\/\/novaorg.cofb.net\/2023\/02\/17\/novetats-al-panorama-actual-del-tractament-de-la-dependencia-al-tabac\/"},"wordCount":934,"commentCount":0,"publisher":{"@id":"https:\/\/www.cofb.org\/#organization"},"image":{"@id":"https:\/\/novaorg.cofb.net\/2023\/02\/17\/novetats-al-panorama-actual-del-tractament-de-la-dependencia-al-tabac\/#primaryimage"},"thumbnailUrl":"https:\/\/www.cofb.org\/wp-content\/uploads\/2023\/07\/COFB_TRACTAMENT-TABAC_08022023_2.jpg","keywords":["COFB","Col\u00b7legi de Farmac\u00e8utics de Barcelona","depend\u00e8ncia","Energy Control","farm\u00e0cia comunit\u00e0ria","Farmaserveis","intervenci\u00f3 en tabaquisme","intervenci\u00f3 farmac\u00e8utica","malaltia","malaltia cr\u00f2nica","Oficina de farm\u00e0cia","Programa de cessaci\u00f3 tab\u00e0quica","tabac","tabaquisme","tert\u00falia actualitat","tert\u00falia d'actualitat","tert\u00falies d'actualitat","tractament","tractament farmacol\u00f2gic"],"articleSection":["Destacats","M\u00f3n col\u00b7legial"],"inLanguage":"ca","potentialAction":[{"@type":"CommentAction","name":"Comment","target":["https:\/\/novaorg.cofb.net\/2023\/02\/17\/novetats-al-panorama-actual-del-tractament-de-la-dependencia-al-tabac\/#respond"]}]},{"@type":"WebPage","@id":"https:\/\/novaorg.cofb.net\/2023\/02\/17\/novetats-al-panorama-actual-del-tractament-de-la-dependencia-al-tabac\/","url":"https:\/\/novaorg.cofb.net\/2023\/02\/17\/novetats-al-panorama-actual-del-tractament-de-la-dependencia-al-tabac\/","name":"Novetats al panorama actual del tractament de la depend\u00e8ncia al tabac - Col\u00b7legi de Farmac\u00e8utics de Barcelona","isPartOf":{"@id":"https:\/\/www.cofb.org\/#website"},"primaryImageOfPage":{"@id":"https:\/\/novaorg.cofb.net\/2023\/02\/17\/novetats-al-panorama-actual-del-tractament-de-la-dependencia-al-tabac\/#primaryimage"},"image":{"@id":"https:\/\/novaorg.cofb.net\/2023\/02\/17\/novetats-al-panorama-actual-del-tractament-de-la-dependencia-al-tabac\/#primaryimage"},"thumbnailUrl":"https:\/\/www.cofb.org\/wp-content\/uploads\/2023\/07\/COFB_TRACTAMENT-TABAC_08022023_2.jpg","datePublished":"2023-02-17T13:58:51+00:00","dateModified":"2023-07-27T09:04:06+00:00","description":"El COFB va organitzar la confer\u00e8ncia \u201cNoves incorporacions al panorama actual del tractament de la depend\u00e8ncia al tabac\u201d","breadcrumb":{"@id":"https:\/\/novaorg.cofb.net\/2023\/02\/17\/novetats-al-panorama-actual-del-tractament-de-la-dependencia-al-tabac\/#breadcrumb"},"inLanguage":"ca","potentialAction":[{"@type":"ReadAction","target":["https:\/\/novaorg.cofb.net\/2023\/02\/17\/novetats-al-panorama-actual-del-tractament-de-la-dependencia-al-tabac\/"]}]},{"@type":"ImageObject","inLanguage":"ca","@id":"https:\/\/novaorg.cofb.net\/2023\/02\/17\/novetats-al-panorama-actual-del-tractament-de-la-dependencia-al-tabac\/#primaryimage","url":"https:\/\/www.cofb.org\/wp-content\/uploads\/2023\/07\/COFB_TRACTAMENT-TABAC_08022023_2.jpg","contentUrl":"https:\/\/www.cofb.org\/wp-content\/uploads\/2023\/07\/COFB_TRACTAMENT-TABAC_08022023_2.jpg","width":2064,"height":1032},{"@type":"BreadcrumbList","@id":"https:\/\/novaorg.cofb.net\/2023\/02\/17\/novetats-al-panorama-actual-del-tractament-de-la-dependencia-al-tabac\/#breadcrumb","itemListElement":[{"@type":"ListItem","position":1,"name":"Inici","item":"https:\/\/novaorg.cofb.net\/"},{"@type":"ListItem","position":2,"name":"Novetats al panorama actual del tractament de la depend\u00e8ncia al tabac"}]},{"@type":"WebSite","@id":"https:\/\/www.cofb.org\/#website","url":"https:\/\/www.cofb.org\/","name":"Col\u00b7legi de Farmac\u00e8utics de Barcelona","description":"","publisher":{"@id":"https:\/\/www.cofb.org\/#organization"},"potentialAction":[{"@type":"SearchAction","target":{"@type":"EntryPoint","urlTemplate":"https:\/\/www.cofb.org\/?s={search_term_string}"},"query-input":"required name=search_term_string"}],"inLanguage":"ca"},{"@type":"Organization","@id":"https:\/\/www.cofb.org\/#organization","name":"Col\u00b7legi de Farmac\u00e8utics de Barcelona","url":"https:\/\/www.cofb.org\/","logo":{"@type":"ImageObject","inLanguage":"ca","@id":"https:\/\/www.cofb.org\/#\/schema\/logo\/image\/","url":"https:\/\/www.cofb.org\/wp-content\/uploads\/2023\/11\/cropped-Logotip-COFB.png","contentUrl":"https:\/\/www.cofb.org\/wp-content\/uploads\/2023\/11\/cropped-Logotip-COFB.png","width":500,"height":105,"caption":"Col\u00b7legi de Farmac\u00e8utics de Barcelona"},"image":{"@id":"https:\/\/www.cofb.org\/#\/schema\/logo\/image\/"},"sameAs":["https:\/\/www.facebook.com\/farmaceuticsbcn\/","https:\/\/twitter.com\/farmaceuticsbcn","https:\/\/www.instagram.com\/farmaceuticsbcn\/","https:\/\/www.linkedin.com\/company\/farmaceuticsbcn\/"]},{"@type":"Person","@id":"https:\/\/www.cofb.org\/#\/schema\/person\/22ed7eea88da74b0fa4d3154ad87ffcb","name":"wpAdminCofbOrg","image":{"@type":"ImageObject","inLanguage":"ca","@id":"https:\/\/www.cofb.org\/#\/schema\/person\/image\/","url":"https:\/\/secure.gravatar.com\/avatar\/1721b20b3b8ca882c3b56ec6c978c594fff670e40c0718e9190eaeeb76aae7d8?s=96&d=mm&r=g","contentUrl":"https:\/\/secure.gravatar.com\/avatar\/1721b20b3b8ca882c3b56ec6c978c594fff670e40c0718e9190eaeeb76aae7d8?s=96&d=mm&r=g","caption":"wpAdminCofbOrg"},"sameAs":["http:\/\/192.168.64.122\/wordpress"],"url":"https:\/\/www.cofb.org\/ca\/author\/wpadmincofborg\/"}]}},"uagb_featured_image_src":{"full":["https:\/\/www.cofb.org\/wp-content\/uploads\/2023\/07\/COFB_TRACTAMENT-TABAC_08022023_2.jpg",2064,1032,false],"thumbnail":["https:\/\/www.cofb.org\/wp-content\/uploads\/2023\/07\/COFB_TRACTAMENT-TABAC_08022023_2-150x150.jpg",150,150,true],"medium":["https:\/\/www.cofb.org\/wp-content\/uploads\/2023\/07\/COFB_TRACTAMENT-TABAC_08022023_2-300x150.jpg",300,150,true],"medium_large":["https:\/\/www.cofb.org\/wp-content\/uploads\/2023\/07\/COFB_TRACTAMENT-TABAC_08022023_2-768x384.jpg",768,384,true],"large":["https:\/\/www.cofb.org\/wp-content\/uploads\/2023\/07\/COFB_TRACTAMENT-TABAC_08022023_2-1024x512.jpg",1024,512,true],"1536x1536":["https:\/\/www.cofb.org\/wp-content\/uploads\/2023\/07\/COFB_TRACTAMENT-TABAC_08022023_2-1536x768.jpg",1536,768,true],"2048x2048":["https:\/\/www.cofb.org\/wp-content\/uploads\/2023\/07\/COFB_TRACTAMENT-TABAC_08022023_2-2048x1024.jpg",2048,1024,true],"trp-custom-language-flag":["https:\/\/www.cofb.org\/wp-content\/uploads\/2023\/07\/COFB_TRACTAMENT-TABAC_08022023_2.jpg",18,9,false]},"uagb_author_info":{"display_name":"wpAdminCofbOrg","author_link":"https:\/\/www.cofb.org\/ca\/author\/wpadmincofborg\/"},"uagb_comment_info":0,"uagb_excerpt":"El passat 8 de febrer, el Col\u00b7legi de Farmac\u00e8utics de Barcelona (COFB) va organitzar la confer\u00e8ncia \u201cNoves incorporacions al panorama actual del tractament de la depend\u00e8ncia al tabac\u201d, amb el patrocini d&#8217;Aflofarm. La confer\u00e8ncia va anar a c\u00e0rrec de l\u2019especialista en pneumologia i director del Programa d&#8217;Alta Complexitat en Tractament [&hellip;]","_links":{"self":[{"href":"https:\/\/www.cofb.org\/ca\/wp-json\/wp\/v2\/posts\/66202","targetHints":{"allow":["GET"]}}],"collection":[{"href":"https:\/\/www.cofb.org\/ca\/wp-json\/wp\/v2\/posts"}],"about":[{"href":"https:\/\/www.cofb.org\/ca\/wp-json\/wp\/v2\/types\/post"}],"author":[{"embeddable":true,"href":"https:\/\/www.cofb.org\/ca\/wp-json\/wp\/v2\/users\/1"}],"replies":[{"embeddable":true,"href":"https:\/\/www.cofb.org\/ca\/wp-json\/wp\/v2\/comments?post=66202"}],"version-history":[{"count":1,"href":"https:\/\/www.cofb.org\/ca\/wp-json\/wp\/v2\/posts\/66202\/revisions"}],"predecessor-version":[{"id":67742,"href":"https:\/\/www.cofb.org\/ca\/wp-json\/wp\/v2\/posts\/66202\/revisions\/67742"}],"wp:featuredmedia":[{"embeddable":true,"href":"https:\/\/www.cofb.org\/ca\/wp-json\/wp\/v2\/media\/67741"}],"wp:attachment":[{"href":"https:\/\/www.cofb.org\/ca\/wp-json\/wp\/v2\/media?parent=66202"}],"wp:term":[{"taxonomy":"category","embeddable":true,"href":"https:\/\/www.cofb.org\/ca\/wp-json\/wp\/v2\/categories?post=66202"},{"taxonomy":"post_tag","embeddable":true,"href":"https:\/\/www.cofb.org\/ca\/wp-json\/wp\/v2\/tags?post=66202"}],"curies":[{"name":"wp","href":"https:\/\/api.w.org\/{rel}","templated":true}]}}